{"id":335528,"date":"2022-04-30T16:51:10","date_gmt":"2022-04-30T13:51:10","guid":{"rendered":"https:\/\/moldovacrestina.md\/centre-de-refugiati-moldova-polonia-belaya-tserkov-azilul-de-batrani-din-susleni\/"},"modified":"2024-08-23T07:58:31","modified_gmt":"2024-08-23T04:58:31","slug":"centre-de-refugiati-moldova-polonia-belaya-tserkov-azilul-de-batrani-din-susleni","status":"publish","type":"post","link":"https:\/\/moldovacrestina.md\/ru\/centre-de-refugiati-moldova-polonia-belaya-tserkov-azilul-de-batrani-din-susleni\/","title":{"rendered":"Centre de refugia\u021bi Moldova, Polonia, Belaya Tserkov; Azilul de b\u0103tr\u00e2ni din Susleni"},"content":{"rendered":"<p>\u00cen edi\u021bia de ast\u0103zi a buletinului de misiune afla\u021bi cum continu\u0103 ajutorarea refugia\u021bilor din Ucraina \u00een Repubica Moldova, Polonia \u0219i <!--more--> ora\u0219ul Belaya Tserkov, Ucraina. De asemenea, despre evanghelizarea bisericii baptiste din Susleni la azilul de b\u0103tr\u00e2ni.  <\/p>\n<p>\u0426\u0435\u0440\u043a\u0432\u0430 &#8220;\u0421\u043b\u043e\u0432\u043e \u0406\u0441\u0442\u0438\u043d\u0438&#8221; \u0411\u0435\u043b\u043e\u0435 \u0426\u0435\u0440\u043a\u043e\u0432\u044c, \u0423\u043a\u0440\u0430\u0438\u043d\u0430: <a href=\"https:\/\/www.facebook.com\/istinnoeslovo2010\" target=\"_blank\" rel=\"nofollow noopener\">https:\/\/www.facebook.com\/istinnoeslovo2010<\/a><br \/>\n+ 380 63 230 8690<br \/>\nslovoinstinyu@gmail.com <\/p>\n<p>\u0423\u043a\u0440\u0430\u0438\u043d\u0441\u043a\u0430\u044f \u0426\u0435\u0440\u043a\u043e\u0432\u044c \u0432 \u041a\u0438\u0448\u0438\u043d\u0435\u0432\u0435: <a href=\"https:\/\/tinyurl.com\/UkrainskayatserkoviKishinev\" target=\"_blank\" rel=\"nofollow noopener\">https:\/\/tinyurl.com\/UkrainskayatserkoviKishinev<\/a><br \/>\nTelegram:  <a href=\"https:\/\/t.me\/ukrainianchurchmoldova\" target=\"_blank\" rel=\"nofollow noopener\">https:\/\/t.me\/ukrainianchurchmoldova<\/a> <\/p>\n<p>Call-Centru Ajutor Cre\u0219tin pentru Refugia\u021bi: +37378605080<br \/>\nWeb: www.acr.md<\/p>\n<p>Pentru materiale de studiu biblic \u00een ucrainean\u0103, rom\u00e2n\u0103 \u0219i alte limbi, apela\u021bi la:<br \/>\nMOLDOVA: Ruslan Mazur +37378080886<br \/>\nROM NIA: Gigel Olariu +40722436143<br \/>\n<a href=\"https:\/\/shop.eurasiaprecept.org\/\" target=\"_blank\" rel=\"nofollow noopener\">https:\/\/shop.eurasiaprecept.org\/<\/a> <\/p>\n<p>Nevoile de implicare \u021bin de transport, lucruri de prim\u0103 necesitate, produse alimentare \u0219i predarea studiului biblic.<br \/>\nPute\u021bi transfera banii pe Paynet la adresa: <a href=\"https:\/\/paynet.md\/qr\/731863\" target=\"_blank\" rel=\"nofollow noopener\">https:\/\/paynet.md\/qr\/731863<\/a><\/p>\n<p>Rechizite bancare pentru transfer \u00een MDL (lei moldovene\u0219ti)<br \/>\nBeneficiar: CULT RELIGIOS PCCRBCEB &#8220;BUNA VESTIRE A MINTUITORULUI&#8221;<br \/>\nCod IDNO: 1010620001050<br \/>\nBanca beneficiar\u0103: Banca Comerciala \u201dEximBank\u201d S.A.<br \/>\nCodul b\u0103ncii: EXMMMD 22<br \/>\nIBAN: MD24EX000002251600470MD2<\/p>\n<p>Rechizite bancare pentru transfer \u00een EUR (euro)<br \/>\nBeneficiar: CULT RELIGIOS PCCRBCEB &#8220;BUNA VESTIRE A MINTUITORULUI&#8221;<br \/>\nBanca beneficiar\u0103: Banca Comerciala \u201dEximBank\u201d S.A., CHISINAU, MOLDOVA<br \/>\nCodul b\u0103ncii beneficiare: EXMMMD 22<br \/>\nBanca intermediar\u0103: BANCA INTESA SANPAOLO SPA, MILANO, ITALY<br \/>\nCodul b\u0103ncii intermediare: BCITITMM<br \/>\nIBAN: MD26EX200002251600470EU2<\/p>\n<p>Rechizite bancare pentru transfer \u00een USD (dolari)<br \/>\nBeneficiar: CULT RELIGIOS PCCRBCEB &#8220;BUNA VESTIRE A MINTUITORULUI&#8221;<br \/>\nBanca beneficiar\u0103: Banca Comerciala \u201dEximBank\u201d S.A., CHISINAU, MOLDOVA<br \/>\nCodul b\u0103ncii beneficiare: EXMMMD 22<br \/>\nBanca intermediar\u0103: THE BANK OF NEW YORK MELLON., NEW YORK, USA<br \/>\nCodul b\u0103ncii intermediare: IRVTUS3N<br \/>\nIBAN: MD22EX200002251600470US2<\/p>\n<p>\u00cen transfer v\u0103 rug\u0103m s\u0103 men\u021biona\u021bi destina\u021bia banilor.<\/p>\n<p>Pentru \u00eentreb\u0103ri \u00een leg\u0103tur\u0103 cu lucrarea printre refugia\u021bi, v\u0103 rug\u0103m s\u0103 ne scrie\u021bi la adresa de email: contact@moldovacrestina.md <\/p>\n<p>V\u0103 invit\u0103m s\u0103 studiem \u00eempreun\u0103 cursul \u201d\u00centr-o zi m\u0103 voi c\u0103s\u0103tori\u201d. Studiul acesta \u00eel pred\u0103 Vasile \u0219i Anastasia Filat (ZOOM) \u00een fiecare zi de miercuri la orele 19:00. Manualul de studiu poate fi procurat la adresa: <a href=\"https:\/\/shop.eurasiaprecept.org\/produs\/intr-o-zi-ma-voi-casatori\/\" target=\"_blank\" rel=\"nofollow noopener\">https:\/\/shop.eurasiaprecept.org\/produs\/intr-o-zi-ma-voi-casatori\/<\/a><br \/>\n\u00cen format PDF: <a href=\"https:\/\/shop.eurasiaprecept.org\/produs\/intr-o-zi-ma-voi-casatori-pdf\/\" target=\"_blank\" rel=\"nofollow noopener\">https:\/\/shop.eurasiaprecept.org\/produs\/intr-o-zi-ma-voi-casatori-pdf\/<\/a><\/p>\n<p>Alege\u021bi una din grupele unde se completeaz\u0103 \u00eempreun\u0103 manualul \u0219i contacta\u021bi pe liderul de grup pentru detalii:<br \/>\n<a href=\"https:\/\/moldovacrestina.md\/studiaza-biblia-online\/\" target=\"_blank\" rel=\"nofollow noopener\">https:\/\/moldovacrestina.md\/studiaza-biblia-online\/<\/a><\/p>\n<p>Urm\u0103ri\u021bi-ne pe Facebook: <a href=\"https:\/\/www.facebook.com\/moldovacrestina\" target=\"_blank\" rel=\"nofollow noopener\">https:\/\/www.facebook.com\/moldovacrestina<\/a><br \/>\nSite: <a href=\"https:\/\/www.moldovacrestina.md\/\" target=\"_blank\" rel=\"nofollow noopener\">https:\/\/www.moldovacrestina.md\/<\/a><br \/>\nTelegram: <a href=\"https:\/\/t.me\/moldovacrestina\" target=\"_blank\" rel=\"nofollow noopener\">https:\/\/t.me\/moldovacrestina<\/a><\/p>\n<p>Pentru discu\u021bii personale cu pastorul Vasile Filat, v\u0103 invit\u0103m la<br \/>\nBISERICA BUNAVESTIREA DIN CHI\u0218IN\u0102U<br \/>\nStr. Cioc\u00e2rliei 2\/8, Chi\u0219in\u0103u, Republica Moldova<br \/>\nServicii Divine:<br \/>\nDuminic\u0103, 14:00 &#8211; 16:00<br \/>\nJoi, 19:30 &#8211; ora de rug\u0103ciune<\/p>\n<p>#buletindemisiune #moldovacrestina<\/p>\n","protected":false},"excerpt":{"rendered":"<p>\u00cen edi\u021bia de ast\u0103zi a buletinului de misiune afla\u021bi cum continu\u0103 ajutorarea refugia\u021bilor din Ucraina \u00een Repubica Moldova, Polonia \u0219i<\/p>\n","protected":false},"author":154,"featured_media":335539,"comment_status":"closed","ping_status":"closed","sticky":false,"template":"","format":"standard","meta":{"_acf_changed":false,"inline_featured_image":false,"_monsterinsights_skip_tracking":false,"_monsterinsights_sitenote_active":false,"_monsterinsights_sitenote_note":"","_monsterinsights_sitenote_category":0,"_genesis_hide_title":false,"_genesis_hide_breadcrumbs":false,"_genesis_hide_singular_image":false,"_genesis_hide_footer_widgets":false,"_genesis_custom_body_class":"","_genesis_custom_post_class":"","_genesis_layout":"","ep_exclude_from_search":false,"_jetpack_memberships_contains_paid_content":false,"footnotes":""},"categories":[23555],"tags":[],"class_list":{"0":"post-335528","1":"post","2":"type-post","3":"status-publish","4":"format-standard","5":"has-post-thumbnail","7":"category-mctv","8":"entry"},"acf":[],"yoast_head":"<!-- This site is optimized with the Yoast SEO Premium plugin v26.5 (Yoast SEO v27.4) - https:\/\/yoast.com\/product\/yoast-seo-premium-wordpress\/ -->\n<title>Centre de refugia\u021bi Moldova, Polonia, Belaya Tserkov; Azilul de b\u0103tr\u00e2ni din Susleni &#8226; Moldova Cre\u0219tin\u0103<\/title>\n<meta name=\"robots\" content=\"index, follow, max-snippet:-1, max-image-preview:large, max-video-preview:-1\" \/>\n<link rel=\"canonical\" href=\"https:\/\/moldovacrestina.md\/ru\/centre-de-refugiati-moldova-polonia-belaya-tserkov-azilul-de-batrani-din-susleni\/\" \/>\n<meta property=\"og:locale\" content=\"ru_RU\" \/>\n<meta property=\"og:type\" content=\"article\" \/>\n<meta property=\"og:title\" content=\"Centre de refugia\u021bi Moldova, Polonia, Belaya Tserkov; Azilul de b\u0103tr\u00e2ni din Susleni\" \/>\n<meta property=\"og:description\" content=\"\u00cen edi\u021bia de ast\u0103zi a buletinului de misiune afla\u021bi cum continu\u0103 ajutorarea refugia\u021bilor din Ucraina \u00een Repubica Moldova, Polonia \u0219i\" \/>\n<meta property=\"og:url\" content=\"https:\/\/moldovacrestina.md\/ru\/centre-de-refugiati-moldova-polonia-belaya-tserkov-azilul-de-batrani-din-susleni\/\" \/>\n<meta property=\"og:site_name\" content=\"Moldova Cre\u0219tin\u0103\" \/>\n<meta property=\"article:publisher\" content=\"https:\/\/www.facebook.com\/moldovacrestina\/\" \/>\n<meta property=\"article:published_time\" content=\"2022-04-30T13:51:10+00:00\" \/>\n<meta property=\"article:modified_time\" content=\"2024-08-23T04:58:31+00:00\" \/>\n<meta property=\"og:image\" content=\"https:\/\/cdn.moldovacrestina.md\/2022\/05\/cedb178f-vjbp91fhfts.jpg\" \/>\n\t<meta property=\"og:image:width\" content=\"1\" \/>\n\t<meta property=\"og:image:height\" content=\"1\" \/>\n\t<meta property=\"og:image:type\" content=\"image\/jpeg\" \/>\n<meta name=\"author\" content=\"Moldova Cre\u0219tin\u0103\" \/>\n<meta name=\"twitter:card\" content=\"summary_large_image\" \/>\n<meta name=\"twitter:creator\" content=\"@moldovacrestina\" \/>\n<meta name=\"twitter:site\" content=\"@moldovacrestina\" \/>\n<meta name=\"twitter:label1\" content=\"\u041d\u0430\u043f\u0438\u0441\u0430\u043d\u043e \u0430\u0432\u0442\u043e\u0440\u043e\u043c\" \/>\n\t<meta name=\"twitter:data1\" content=\"Moldova Cre\u0219tin\u0103\" \/>\n\t<meta name=\"twitter:label2\" content=\"\u041f\u0440\u0438\u043c\u0435\u0440\u043d\u043e\u0435 \u0432\u0440\u0435\u043c\u044f \u0434\u043b\u044f \u0447\u0442\u0435\u043d\u0438\u044f\" \/>\n\t<meta name=\"twitter:data2\" content=\"2 \u043c\u0438\u043d\u0443\u0442\u044b\" \/>\n<script type=\"application\/ld+json\" class=\"yoast-schema-graph\">{\"@context\":\"https:\\\/\\\/schema.org\",\"@graph\":[{\"@type\":\"Article\",\"@id\":\"https:\\\/\\\/moldovacrestina.md\\\/ru\\\/centre-de-refugiati-moldova-polonia-belaya-tserkov-azilul-de-batrani-din-susleni\\\/#article\",\"isPartOf\":{\"@id\":\"https:\\\/\\\/moldovacrestina.md\\\/ru\\\/centre-de-refugiati-moldova-polonia-belaya-tserkov-azilul-de-batrani-din-susleni\\\/\"},\"author\":{\"name\":\"Moldova Cre\u0219tin\u0103\",\"@id\":\"https:\\\/\\\/moldovacrestina.md\\\/ru\\\/#\\\/schema\\\/person\\\/2c1229137b9158f7d3ac74b6ce4db55b\"},\"headline\":\"Centre de refugia\u021bi Moldova, Polonia, Belaya Tserkov; Azilul de b\u0103tr\u00e2ni din Susleni\",\"datePublished\":\"2022-04-30T13:51:10+00:00\",\"dateModified\":\"2024-08-23T04:58:31+00:00\",\"mainEntityOfPage\":{\"@id\":\"https:\\\/\\\/moldovacrestina.md\\\/ru\\\/centre-de-refugiati-moldova-polonia-belaya-tserkov-azilul-de-batrani-din-susleni\\\/\"},\"wordCount\":474,\"image\":{\"@id\":\"https:\\\/\\\/moldovacrestina.md\\\/ru\\\/centre-de-refugiati-moldova-polonia-belaya-tserkov-azilul-de-batrani-din-susleni\\\/#primaryimage\"},\"thumbnailUrl\":\"https:\\\/\\\/cdn.moldovacrestina.md\\\/2022\\\/05\\\/cedb178f-vjbp91fhfts.jpg\",\"articleSection\":[\"MCTV\"],\"inLanguage\":\"ru-RU\"},{\"@type\":\"WebPage\",\"@id\":\"https:\\\/\\\/moldovacrestina.md\\\/ru\\\/centre-de-refugiati-moldova-polonia-belaya-tserkov-azilul-de-batrani-din-susleni\\\/\",\"url\":\"https:\\\/\\\/moldovacrestina.md\\\/ru\\\/centre-de-refugiati-moldova-polonia-belaya-tserkov-azilul-de-batrani-din-susleni\\\/\",\"name\":\"Centre de refugia\u021bi Moldova, Polonia, Belaya Tserkov; Azilul de b\u0103tr\u00e2ni din Susleni &#8226; Moldova Cre\u0219tin\u0103\",\"isPartOf\":{\"@id\":\"https:\\\/\\\/moldovacrestina.md\\\/ru\\\/#website\"},\"primaryImageOfPage\":{\"@id\":\"https:\\\/\\\/moldovacrestina.md\\\/ru\\\/centre-de-refugiati-moldova-polonia-belaya-tserkov-azilul-de-batrani-din-susleni\\\/#primaryimage\"},\"image\":{\"@id\":\"https:\\\/\\\/moldovacrestina.md\\\/ru\\\/centre-de-refugiati-moldova-polonia-belaya-tserkov-azilul-de-batrani-din-susleni\\\/#primaryimage\"},\"thumbnailUrl\":\"https:\\\/\\\/cdn.moldovacrestina.md\\\/2022\\\/05\\\/cedb178f-vjbp91fhfts.jpg\",\"datePublished\":\"2022-04-30T13:51:10+00:00\",\"dateModified\":\"2024-08-23T04:58:31+00:00\",\"author\":{\"@id\":\"https:\\\/\\\/moldovacrestina.md\\\/ru\\\/#\\\/schema\\\/person\\\/2c1229137b9158f7d3ac74b6ce4db55b\"},\"breadcrumb\":{\"@id\":\"https:\\\/\\\/moldovacrestina.md\\\/ru\\\/centre-de-refugiati-moldova-polonia-belaya-tserkov-azilul-de-batrani-din-susleni\\\/#breadcrumb\"},\"inLanguage\":\"ru-RU\",\"potentialAction\":[{\"@type\":\"ReadAction\",\"target\":[\"https:\\\/\\\/moldovacrestina.md\\\/ru\\\/centre-de-refugiati-moldova-polonia-belaya-tserkov-azilul-de-batrani-din-susleni\\\/\"]}]},{\"@type\":\"ImageObject\",\"inLanguage\":\"ru-RU\",\"@id\":\"https:\\\/\\\/moldovacrestina.md\\\/ru\\\/centre-de-refugiati-moldova-polonia-belaya-tserkov-azilul-de-batrani-din-susleni\\\/#primaryimage\",\"url\":\"https:\\\/\\\/cdn.moldovacrestina.md\\\/2022\\\/05\\\/cedb178f-vjbp91fhfts.jpg\",\"contentUrl\":\"https:\\\/\\\/cdn.moldovacrestina.md\\\/2022\\\/05\\\/cedb178f-vjbp91fhfts.jpg\"},{\"@type\":\"BreadcrumbList\",\"@id\":\"https:\\\/\\\/moldovacrestina.md\\\/ru\\\/centre-de-refugiati-moldova-polonia-belaya-tserkov-azilul-de-batrani-din-susleni\\\/#breadcrumb\",\"itemListElement\":[{\"@type\":\"ListItem\",\"position\":1,\"name\":\"Prima pagin\u0103\",\"item\":\"https:\\\/\\\/moldovacrestina.md\\\/ru\\\/\"},{\"@type\":\"ListItem\",\"position\":2,\"name\":\"MCTV\",\"item\":\"https:\\\/\\\/moldovacrestina.md\\\/mctv\\\/\"},{\"@type\":\"ListItem\",\"position\":3,\"name\":\"Centre de refugia\u021bi Moldova, Polonia, Belaya Tserkov; Azilul de b\u0103tr\u00e2ni din Susleni\"}]},{\"@type\":\"WebSite\",\"@id\":\"https:\\\/\\\/moldovacrestina.md\\\/ru\\\/#website\",\"url\":\"https:\\\/\\\/moldovacrestina.md\\\/ru\\\/\",\"name\":\"Moldova Cre\u0219tin\u0103\",\"description\":\"R\u0103spunsuri relevante \u0219i actuale din Biblie\",\"potentialAction\":[{\"@type\":\"SearchAction\",\"target\":{\"@type\":\"EntryPoint\",\"urlTemplate\":\"https:\\\/\\\/moldovacrestina.md\\\/ru\\\/?s={search_term_string}\"},\"query-input\":{\"@type\":\"PropertyValueSpecification\",\"valueRequired\":true,\"valueName\":\"search_term_string\"}}],\"inLanguage\":\"ru-RU\"},{\"@type\":\"Person\",\"@id\":\"https:\\\/\\\/moldovacrestina.md\\\/ru\\\/#\\\/schema\\\/person\\\/2c1229137b9158f7d3ac74b6ce4db55b\",\"name\":\"Moldova Cre\u0219tin\u0103\",\"image\":{\"@type\":\"ImageObject\",\"inLanguage\":\"ru-RU\",\"@id\":\"https:\\\/\\\/secure.gravatar.com\\\/avatar\\\/7ee4a23b83cf7f880340161f8b5b00737ec379bc519884a0d2c05abcf15bd586?s=96&d=mm&r=g\",\"url\":\"https:\\\/\\\/secure.gravatar.com\\\/avatar\\\/7ee4a23b83cf7f880340161f8b5b00737ec379bc519884a0d2c05abcf15bd586?s=96&d=mm&r=g\",\"contentUrl\":\"https:\\\/\\\/secure.gravatar.com\\\/avatar\\\/7ee4a23b83cf7f880340161f8b5b00737ec379bc519884a0d2c05abcf15bd586?s=96&d=mm&r=g\",\"caption\":\"Moldova Cre\u0219tin\u0103\"},\"url\":\"https:\\\/\\\/moldovacrestina.md\\\/ru\\\/author\\\/moldovacrestinatv\\\/\"}]}<\/script>\n<!-- \/ Yoast SEO Premium plugin. -->","yoast_head_json":{"title":"Centre de refugia\u021bi Moldova, Polonia, Belaya Tserkov; Azilul de b\u0103tr\u00e2ni din Susleni &#8226; Moldova Cre\u0219tin\u0103","robots":{"index":"index","follow":"follow","max-snippet":"max-snippet:-1","max-image-preview":"max-image-preview:large","max-video-preview":"max-video-preview:-1"},"canonical":"https:\/\/moldovacrestina.md\/ru\/centre-de-refugiati-moldova-polonia-belaya-tserkov-azilul-de-batrani-din-susleni\/","og_locale":"ru_RU","og_type":"article","og_title":"Centre de refugia\u021bi Moldova, Polonia, Belaya Tserkov; Azilul de b\u0103tr\u00e2ni din Susleni","og_description":"\u00cen edi\u021bia de ast\u0103zi a buletinului de misiune afla\u021bi cum continu\u0103 ajutorarea refugia\u021bilor din Ucraina \u00een Repubica Moldova, Polonia \u0219i","og_url":"https:\/\/moldovacrestina.md\/ru\/centre-de-refugiati-moldova-polonia-belaya-tserkov-azilul-de-batrani-din-susleni\/","og_site_name":"Moldova Cre\u0219tin\u0103","article_publisher":"https:\/\/www.facebook.com\/moldovacrestina\/","article_published_time":"2022-04-30T13:51:10+00:00","article_modified_time":"2024-08-23T04:58:31+00:00","og_image":[{"url":"https:\/\/cdn.moldovacrestina.md\/2022\/05\/cedb178f-vjbp91fhfts.jpg","width":1,"height":1,"type":"image\/jpeg"}],"author":"Moldova Cre\u0219tin\u0103","twitter_card":"summary_large_image","twitter_creator":"@moldovacrestina","twitter_site":"@moldovacrestina","twitter_misc":{"\u041d\u0430\u043f\u0438\u0441\u0430\u043d\u043e \u0430\u0432\u0442\u043e\u0440\u043e\u043c":"Moldova Cre\u0219tin\u0103","\u041f\u0440\u0438\u043c\u0435\u0440\u043d\u043e\u0435 \u0432\u0440\u0435\u043c\u044f \u0434\u043b\u044f \u0447\u0442\u0435\u043d\u0438\u044f":"2 \u043c\u0438\u043d\u0443\u0442\u044b"},"schema":{"@context":"https:\/\/schema.org","@graph":[{"@type":"Article","@id":"https:\/\/moldovacrestina.md\/ru\/centre-de-refugiati-moldova-polonia-belaya-tserkov-azilul-de-batrani-din-susleni\/#article","isPartOf":{"@id":"https:\/\/moldovacrestina.md\/ru\/centre-de-refugiati-moldova-polonia-belaya-tserkov-azilul-de-batrani-din-susleni\/"},"author":{"name":"Moldova Cre\u0219tin\u0103","@id":"https:\/\/moldovacrestina.md\/ru\/#\/schema\/person\/2c1229137b9158f7d3ac74b6ce4db55b"},"headline":"Centre de refugia\u021bi Moldova, Polonia, Belaya Tserkov; Azilul de b\u0103tr\u00e2ni din Susleni","datePublished":"2022-04-30T13:51:10+00:00","dateModified":"2024-08-23T04:58:31+00:00","mainEntityOfPage":{"@id":"https:\/\/moldovacrestina.md\/ru\/centre-de-refugiati-moldova-polonia-belaya-tserkov-azilul-de-batrani-din-susleni\/"},"wordCount":474,"image":{"@id":"https:\/\/moldovacrestina.md\/ru\/centre-de-refugiati-moldova-polonia-belaya-tserkov-azilul-de-batrani-din-susleni\/#primaryimage"},"thumbnailUrl":"https:\/\/cdn.moldovacrestina.md\/2022\/05\/cedb178f-vjbp91fhfts.jpg","articleSection":["MCTV"],"inLanguage":"ru-RU"},{"@type":"WebPage","@id":"https:\/\/moldovacrestina.md\/ru\/centre-de-refugiati-moldova-polonia-belaya-tserkov-azilul-de-batrani-din-susleni\/","url":"https:\/\/moldovacrestina.md\/ru\/centre-de-refugiati-moldova-polonia-belaya-tserkov-azilul-de-batrani-din-susleni\/","name":"Centre de refugia\u021bi Moldova, Polonia, Belaya Tserkov; Azilul de b\u0103tr\u00e2ni din Susleni &#8226; Moldova Cre\u0219tin\u0103","isPartOf":{"@id":"https:\/\/moldovacrestina.md\/ru\/#website"},"primaryImageOfPage":{"@id":"https:\/\/moldovacrestina.md\/ru\/centre-de-refugiati-moldova-polonia-belaya-tserkov-azilul-de-batrani-din-susleni\/#primaryimage"},"image":{"@id":"https:\/\/moldovacrestina.md\/ru\/centre-de-refugiati-moldova-polonia-belaya-tserkov-azilul-de-batrani-din-susleni\/#primaryimage"},"thumbnailUrl":"https:\/\/cdn.moldovacrestina.md\/2022\/05\/cedb178f-vjbp91fhfts.jpg","datePublished":"2022-04-30T13:51:10+00:00","dateModified":"2024-08-23T04:58:31+00:00","author":{"@id":"https:\/\/moldovacrestina.md\/ru\/#\/schema\/person\/2c1229137b9158f7d3ac74b6ce4db55b"},"breadcrumb":{"@id":"https:\/\/moldovacrestina.md\/ru\/centre-de-refugiati-moldova-polonia-belaya-tserkov-azilul-de-batrani-din-susleni\/#breadcrumb"},"inLanguage":"ru-RU","potentialAction":[{"@type":"ReadAction","target":["https:\/\/moldovacrestina.md\/ru\/centre-de-refugiati-moldova-polonia-belaya-tserkov-azilul-de-batrani-din-susleni\/"]}]},{"@type":"ImageObject","inLanguage":"ru-RU","@id":"https:\/\/moldovacrestina.md\/ru\/centre-de-refugiati-moldova-polonia-belaya-tserkov-azilul-de-batrani-din-susleni\/#primaryimage","url":"https:\/\/cdn.moldovacrestina.md\/2022\/05\/cedb178f-vjbp91fhfts.jpg","contentUrl":"https:\/\/cdn.moldovacrestina.md\/2022\/05\/cedb178f-vjbp91fhfts.jpg"},{"@type":"BreadcrumbList","@id":"https:\/\/moldovacrestina.md\/ru\/centre-de-refugiati-moldova-polonia-belaya-tserkov-azilul-de-batrani-din-susleni\/#breadcrumb","itemListElement":[{"@type":"ListItem","position":1,"name":"Prima pagin\u0103","item":"https:\/\/moldovacrestina.md\/ru\/"},{"@type":"ListItem","position":2,"name":"MCTV","item":"https:\/\/moldovacrestina.md\/mctv\/"},{"@type":"ListItem","position":3,"name":"Centre de refugia\u021bi Moldova, Polonia, Belaya Tserkov; Azilul de b\u0103tr\u00e2ni din Susleni"}]},{"@type":"WebSite","@id":"https:\/\/moldovacrestina.md\/ru\/#website","url":"https:\/\/moldovacrestina.md\/ru\/","name":"Moldova Cre\u0219tin\u0103","description":"R\u0103spunsuri relevante \u0219i actuale din Biblie","potentialAction":[{"@type":"SearchAction","target":{"@type":"EntryPoint","urlTemplate":"https:\/\/moldovacrestina.md\/ru\/?s={search_term_string}"},"query-input":{"@type":"PropertyValueSpecification","valueRequired":true,"valueName":"search_term_string"}}],"inLanguage":"ru-RU"},{"@type":"Person","@id":"https:\/\/moldovacrestina.md\/ru\/#\/schema\/person\/2c1229137b9158f7d3ac74b6ce4db55b","name":"Moldova Cre\u0219tin\u0103","image":{"@type":"ImageObject","inLanguage":"ru-RU","@id":"https:\/\/secure.gravatar.com\/avatar\/7ee4a23b83cf7f880340161f8b5b00737ec379bc519884a0d2c05abcf15bd586?s=96&d=mm&r=g","url":"https:\/\/secure.gravatar.com\/avatar\/7ee4a23b83cf7f880340161f8b5b00737ec379bc519884a0d2c05abcf15bd586?s=96&d=mm&r=g","contentUrl":"https:\/\/secure.gravatar.com\/avatar\/7ee4a23b83cf7f880340161f8b5b00737ec379bc519884a0d2c05abcf15bd586?s=96&d=mm&r=g","caption":"Moldova Cre\u0219tin\u0103"},"url":"https:\/\/moldovacrestina.md\/ru\/author\/moldovacrestinatv\/"}]}},"jetpack_featured_media_url":"https:\/\/cdn.moldovacrestina.md\/2022\/05\/cedb178f-vjbp91fhfts.jpg","video_meta":{"_ayvpp_video":"vjBp91FhFts","_ayvpp_video_id":"VVVlVzNIelJUQTdYTnVxNXdfSlJYMG93LnZqQnA5MUZoRnRz","_ayvpp_published":"2022-04-30T16:51:10Z","_ayvpp_author":"Moldova Cre\u0219tin\u0103 TV","_ayvpp_channel":"UCeW3HzRTA7XNuq5w_JRX0ow","_ayvpp_thumbs":{"default":"https:\/\/i.ytimg.com\/vi\/vjBp91FhFts\/default.jpg","medium":"https:\/\/i.ytimg.com\/vi\/vjBp91FhFts\/mqdefault.jpg","high":"https:\/\/i.ytimg.com\/vi\/vjBp91FhFts\/hqdefault.jpg","standard":"","maxres":""},"_ayvpp_auto_play":"0","_ayvpp_related_show":"","_ayvpp_playlist_name":""},"featured_image":"https:\/\/cdn.moldovacrestina.md\/2022\/05\/cedb178f-vjbp91fhfts.jpg","wpml":{"language_code":"ru","locale":"ru_RU","text_direction":false,"display_name":"\u0420\u0443\u0441\u0441\u043a\u0438\u0439","native_name":"Rus\u0103","different_language":false},"jetpack-related-posts":[{"id":364595,"url":"https:\/\/moldovacrestina.md\/trebuie-sa-te-botezi-din-nou-daca-ai-cazut-de-la-credinta-raspuns-biblic\/","url_meta":{"origin":335528,"position":0},"title":"Trebuie s\u0103 te botezi din nou dac\u0103 ai c\u0103zut de la credin\u021b\u0103? | R\u0103spuns biblic","author":"Moldova Cre\u0219tin\u0103","date":"30.01.2026","format":false,"excerpt":"\u00cen acest video r\u0103spundem la \u00eentreb\u0103ri importante pentru via\u021ba cre\u0219tin\u0103: trebuie s\u0103 te botezi din nou dac\u0103 ai c\u0103zut de la credin\u021b\u0103? Mai este valabil primul botez? Ce spune Biblia despre restaurare, poc\u0103in\u021b\u0103 \u0219i sfin\u021bire? Analiz\u0103m Scripturile pentru a \u00een\u021belege voia lui Dumnezeu \u0219i pa\u0219ii practici pentru a tr\u0103i o\u2026","rel":"","context":"<span class=\"jp-relatedposts-post-author\">Moldova Cre\u0219tin\u0103<\/span>","block_context":{"text":"MCTV","link":"https:\/\/moldovacrestina.md\/mctv\/"},"img":{"alt_text":"","src":"https:\/\/i0.wp.com\/cdn.moldovacrestina.md\/2026\/01\/d2fdc6c8-jdstkuhefm4.jpg?resize=350%2C200&ssl=1","width":350,"height":200,"srcset":"https:\/\/i0.wp.com\/cdn.moldovacrestina.md\/2026\/01\/d2fdc6c8-jdstkuhefm4.jpg?resize=350%2C200&ssl=1 1x, https:\/\/i0.wp.com\/cdn.moldovacrestina.md\/2026\/01\/d2fdc6c8-jdstkuhefm4.jpg?resize=525%2C300&ssl=1 1.5x, https:\/\/i0.wp.com\/cdn.moldovacrestina.md\/2026\/01\/d2fdc6c8-jdstkuhefm4.jpg?resize=700%2C400&ssl=1 2x, https:\/\/i0.wp.com\/cdn.moldovacrestina.md\/2026\/01\/d2fdc6c8-jdstkuhefm4.jpg?resize=1050%2C600&ssl=1 3x"},"classes":[]},{"id":365331,"url":"https:\/\/moldovacrestina.md\/lotul-moldovei-top-7-la-europenele-itf-taekwondo-3-medalii-de-aur-si-o-cupa-speciala\/","url_meta":{"origin":335528,"position":1},"title":"Lotul Moldovei, TOP 7 la Europenele ITF Taekwondo: 3 medalii de aur \u0219i o cup\u0103 special\u0103","author":"Moldova Cre\u0219tin\u0103","date":"28.04.2026","format":false,"excerpt":"Moldova s-a clasat pe locul 7 din 31 de \u021b\u0103ri la Campionatul European de Taekwondo ITF. Lotul a c\u00e2\u0219tigat 3 medalii de aur \u0219i multiple medalii la probe individuale \u0219i pe echipe, iar Filip Petrachii a primit trofeul pentru cel mai bun senior masculin. \ud83d\udcd6 Ai nevoie de \u00eendrumare spiritual\u0103\u2026","rel":"","context":"<span class=\"jp-relatedposts-post-author\">Moldova Cre\u0219tin\u0103<\/span>","block_context":{"text":"MCTV","link":"https:\/\/moldovacrestina.md\/mctv\/"},"img":{"alt_text":"","src":"https:\/\/i0.wp.com\/cdn.moldovacrestina.md\/2026\/04\/ffb0c2a7-uu19uatk5q0.jpg?resize=350%2C200&ssl=1","width":350,"height":200,"srcset":"https:\/\/i0.wp.com\/cdn.moldovacrestina.md\/2026\/04\/ffb0c2a7-uu19uatk5q0.jpg?resize=350%2C200&ssl=1 1x, https:\/\/i0.wp.com\/cdn.moldovacrestina.md\/2026\/04\/ffb0c2a7-uu19uatk5q0.jpg?resize=525%2C300&ssl=1 1.5x, https:\/\/i0.wp.com\/cdn.moldovacrestina.md\/2026\/04\/ffb0c2a7-uu19uatk5q0.jpg?resize=700%2C400&ssl=1 2x, https:\/\/i0.wp.com\/cdn.moldovacrestina.md\/2026\/04\/ffb0c2a7-uu19uatk5q0.jpg?resize=1050%2C600&ssl=1 3x"},"classes":[]},{"id":363973,"url":"https:\/\/moldovacrestina.md\/de-ce-dumnezeu-a-dus-pe-israel-in-egipt-pentru-430-ani-intelegerea-prorociilor\/","url_meta":{"origin":335528,"position":2},"title":"De ce Dumnezeu a dus pe Israel \u00een Egipt pentru 430 ani? | \u00cen\u021belegerea prorociilor","author":"Moldova Cre\u0219tin\u0103","date":"07.11.2025","format":false,"excerpt":"De ce a dus Dumnezeu poporul Israel \u00een Egipt timp de 430 de ani? A fost o pedeaps\u0103? O consecin\u021b\u0103 a p\u0103catului? Sau parte din planul Lui? \u00cen acest video descoperi: - r\u0103spunsul biblic din Geneza - ce promisiune a f\u0103cut Dumnezeu lui Avraam privind Egiptul, Dumnezeu nu \u00eent\u00e2rzie. El\u2026","rel":"","context":"<span class=\"jp-relatedposts-post-author\">Moldova Cre\u0219tin\u0103<\/span>","block_context":{"text":"MCTV","link":"https:\/\/moldovacrestina.md\/mctv\/"},"img":{"alt_text":"","src":"https:\/\/i0.wp.com\/cdn.moldovacrestina.md\/2025\/11\/3b265097-qkww9kab3ym.jpg?resize=350%2C200&ssl=1","width":350,"height":200,"srcset":"https:\/\/i0.wp.com\/cdn.moldovacrestina.md\/2025\/11\/3b265097-qkww9kab3ym.jpg?resize=350%2C200&ssl=1 1x, https:\/\/i0.wp.com\/cdn.moldovacrestina.md\/2025\/11\/3b265097-qkww9kab3ym.jpg?resize=525%2C300&ssl=1 1.5x, https:\/\/i0.wp.com\/cdn.moldovacrestina.md\/2025\/11\/3b265097-qkww9kab3ym.jpg?resize=700%2C400&ssl=1 2x, https:\/\/i0.wp.com\/cdn.moldovacrestina.md\/2025\/11\/3b265097-qkww9kab3ym.jpg?resize=1050%2C600&ssl=1 3x"},"classes":[]},{"id":365343,"url":"https:\/\/moldovacrestina.md\/esti-sufocat-la-locul-de-munca-nu-pleca-pana-nu-faci-aceasta-pastor-vasile-filat\/","url_meta":{"origin":335528,"position":3},"title":"E\u0219ti sufocat la locul de munc\u0103? Nu pleca p\u00e2n\u0103 nu faci aceasta | Pastor Vasile Filat","author":"Moldova Cre\u0219tin\u0103","date":"30.04.2026","format":false,"excerpt":"Te sim\u021bi sufocat(\u0103) la locul de munc\u0103, e\u0219ti ap\u0103sat(\u0103) de manager \u0219i tr\u0103ie\u0219ti cu frica de \u201ece vor zice oamenii\u201d dac\u0103 demisionezi? \u00cen acest video vorbim despre cum s\u0103 iei o decizie \u00een\u021beleapt\u0103 c\u00e2nd lucrezi \u00eentr-un business de familie, cum s\u0103 pui limite clare f\u0103r\u0103 vinov\u0103\u021bie \u0219i cum s\u0103 cau\u021bi\u2026","rel":"","context":"<span class=\"jp-relatedposts-post-author\">Moldova Cre\u0219tin\u0103<\/span>","block_context":{"text":"MCTV","link":"https:\/\/moldovacrestina.md\/mctv\/"},"img":{"alt_text":"","src":"https:\/\/i0.wp.com\/cdn.moldovacrestina.md\/2026\/04\/cf31591f-fmzy1i2ztmq.jpg?resize=350%2C200&ssl=1","width":350,"height":200,"srcset":"https:\/\/i0.wp.com\/cdn.moldovacrestina.md\/2026\/04\/cf31591f-fmzy1i2ztmq.jpg?resize=350%2C200&ssl=1 1x, https:\/\/i0.wp.com\/cdn.moldovacrestina.md\/2026\/04\/cf31591f-fmzy1i2ztmq.jpg?resize=525%2C300&ssl=1 1.5x, https:\/\/i0.wp.com\/cdn.moldovacrestina.md\/2026\/04\/cf31591f-fmzy1i2ztmq.jpg?resize=700%2C400&ssl=1 2x, https:\/\/i0.wp.com\/cdn.moldovacrestina.md\/2026\/04\/cf31591f-fmzy1i2ztmq.jpg?resize=1050%2C600&ssl=1 3x"},"classes":[]},{"id":363225,"url":"https:\/\/moldovacrestina.md\/copilul-pierdut-din-step-soci-a-fost-gasit-mort-in-canalizare-sa-ne-rugam-pentru-parinti\/","url_meta":{"origin":335528,"position":4},"title":"Copilul pierdut din Step-Soci a fost g\u0103sit mort \u00een canalizare. S\u0103 ne rug\u0103m pentru p\u0103rin\u021bi.","author":"Moldova Cre\u0219tin\u0103","date":"16.07.2025","format":false,"excerpt":"Durere \u0219i tragedie \u00een Step-Soci. Copilul c\u0103utat cu disperare a fost g\u0103sit f\u0103r\u0103 via\u021b\u0103 \u00eentr-un canal de canalizare. O veste care ne \u00eentristeaz\u0103 profund \u0219i ne cheam\u0103 la rug\u0103ciune pentru p\u0103rin\u021bi \u0219i pentru comunitate. Copilul nu mai este printre noi, dar p\u0103rin\u021bii au nevoie de sprijin, de compasiune \u0219i de\u2026","rel":"","context":"<span class=\"jp-relatedposts-post-author\">Moldova Cre\u0219tin\u0103<\/span>","block_context":{"text":"MCTV","link":"https:\/\/moldovacrestina.md\/mctv\/"},"img":{"alt_text":"","src":"https:\/\/i0.wp.com\/cdn.moldovacrestina.md\/2025\/07\/cb5ec347-rl88d65dnlw.jpg?resize=350%2C200&ssl=1","width":350,"height":200,"srcset":"https:\/\/i0.wp.com\/cdn.moldovacrestina.md\/2025\/07\/cb5ec347-rl88d65dnlw.jpg?resize=350%2C200&ssl=1 1x, https:\/\/i0.wp.com\/cdn.moldovacrestina.md\/2025\/07\/cb5ec347-rl88d65dnlw.jpg?resize=525%2C300&ssl=1 1.5x, https:\/\/i0.wp.com\/cdn.moldovacrestina.md\/2025\/07\/cb5ec347-rl88d65dnlw.jpg?resize=700%2C400&ssl=1 2x, https:\/\/i0.wp.com\/cdn.moldovacrestina.md\/2025\/07\/cb5ec347-rl88d65dnlw.jpg?resize=1050%2C600&ssl=1 3x"},"classes":[]}],"jetpack_sharing_enabled":true,"_links":{"self":[{"href":"https:\/\/moldovacrestina.md\/ru\/wp-json\/wp\/v2\/posts\/335528","targetHints":{"allow":["GET"]}}],"collection":[{"href":"https:\/\/moldovacrestina.md\/ru\/wp-json\/wp\/v2\/posts"}],"about":[{"href":"https:\/\/moldovacrestina.md\/ru\/wp-json\/wp\/v2\/types\/post"}],"author":[{"embeddable":true,"href":"https:\/\/moldovacrestina.md\/ru\/wp-json\/wp\/v2\/users\/154"}],"replies":[{"embeddable":true,"href":"https:\/\/moldovacrestina.md\/ru\/wp-json\/wp\/v2\/comments?post=335528"}],"version-history":[{"count":0,"href":"https:\/\/moldovacrestina.md\/ru\/wp-json\/wp\/v2\/posts\/335528\/revisions"}],"wp:featuredmedia":[{"embeddable":true,"href":"https:\/\/moldovacrestina.md\/ru\/wp-json\/wp\/v2\/media\/335539"}],"wp:attachment":[{"href":"https:\/\/moldovacrestina.md\/ru\/wp-json\/wp\/v2\/media?parent=335528"}],"wp:term":[{"taxonomy":"category","embeddable":true,"href":"https:\/\/moldovacrestina.md\/ru\/wp-json\/wp\/v2\/categories?post=335528"},{"taxonomy":"post_tag","embeddable":true,"href":"https:\/\/moldovacrestina.md\/ru\/wp-json\/wp\/v2\/tags?post=335528"}],"curies":[{"name":"wp","href":"https:\/\/api.w.org\/{rel}","templated":true}]}}