{"id":332321,"date":"2022-01-03T04:33:13","date_gmt":"2022-01-03T02:33:13","guid":{"rendered":"https:\/\/moldovacrestina.md\/cum-sa-protejezi-copilul-de-expunerea-la-imagini-necenzurate-pastor-vasile-filat\/"},"modified":"2024-08-23T08:03:05","modified_gmt":"2024-08-23T05:03:05","slug":"cum-sa-protejezi-copilul-de-expunerea-la-imagini-necenzurate-pastor-vasile-filat","status":"publish","type":"post","link":"https:\/\/moldovacrestina.md\/ru\/cum-sa-protejezi-copilul-de-expunerea-la-imagini-necenzurate-pastor-vasile-filat\/","title":{"rendered":"Cum s\u0103 protejezi copilul de expunerea la imagini necenzurate?  | Pastor Vasile Filat"},"content":{"rendered":"<p>Cum s\u0103 protejezi copilul de expunerea la imagini necenzurate? Ce s\u0103 faci dac\u0103 adolescentul deja a fost expus la astfel <!--more--> de imagini de o alt\u0103 persoan\u0103? Ce ar trebui s\u0103 fac\u0103 p\u0103rin\u021bii \u00een astfel de situa\u021bie? <\/p>\n<p>Pentru \u00eenscriere la sesiuni la \u0218coala Timotei \u0219i Institut de studiu inductiv: <a href=\"https:\/\/eurasiaprecept.org\/\" target=\"_blank\" rel=\"nofollow noopener\">https:\/\/eurasiaprecept.org\/<\/a><\/p>\n<p>Cursul \u201dCe spune Biblia despre sexualitate?\u201d &#8211; <a href=\"https:\/\/shop.eurasiaprecept.org\/produs\/ce-spune-biblia-despre-sexualitate\/\" target=\"_blank\" rel=\"nofollow noopener\">https:\/\/shop.eurasiaprecept.org\/produs\/ce-spune-biblia-despre-sexualitate\/<\/a><\/p>\n<p>Te invit s\u0103 studiem \u00eempreun\u0103 epistola 2 Corinteni. Studiul acesta \u00eel predau online (ZOOM) \u00een fiecare zi de miercuri la orele 20:00. Manualul dup\u0103 care studiem poate fi procurat la adresa: <a href=\"https:\/\/shop.eurasiaprecept.org\/produs\/2-corinteni-precept-moldova\/\" target=\"_blank\" rel=\"nofollow noopener\">https:\/\/shop.eurasiaprecept.org\/produs\/2-corinteni-precept-moldova\/<\/a><br \/>\n\u00cen format PDF: <a href=\"https:\/\/shop.eurasiaprecept.org\/produs\/2-corinteni\/\" target=\"_blank\" rel=\"nofollow noopener\">https:\/\/shop.eurasiaprecept.org\/produs\/2-corinteni\/<\/a><\/p>\n<p>Alege de la link-ul de mai jos unul din grupele unde se completeaz\u0103 \u00eempreun\u0103 manualul \u0219i contacteaz\u0103 pe liderul de grup pentru detalii:<br \/>\n<a href=\"https:\/\/moldovacrestina.md\/studiaza-biblia-online\/\" target=\"_blank\" rel=\"nofollow noopener\">https:\/\/moldovacrestina.md\/studiaza-biblia-online\/<\/a><\/p>\n<p>Dac\u0103 dori\u021bi s\u0103 oferi\u021bi o contribu\u021bie financiar\u0103 \u0219i s\u0103 lua\u021bi parte \u00eempreun\u0103 cu noi la aceast\u0103 lucrare, accesa\u021bi link-ul: <a href=\"https:\/\/moldovacrestina.md\/doneaza\/\" target=\"_blank\" rel=\"nofollow noopener\">https:\/\/moldovacrestina.md\/doneaza\/<\/a><\/p>\n<p>Contacta\u021bi-ne la adresa de mail: contact@moldovacrestina.md<br \/>\nUrm\u0103ri\u021bi-ne pe Facebook: <a href=\"https:\/\/www.facebook.com\/moldovacrestina\" target=\"_blank\" rel=\"nofollow noopener\">https:\/\/www.facebook.com\/moldovacrestina<\/a><br \/>\nSite: <a href=\"https:\/\/www.moldovacrestina.md\/\" target=\"_blank\" rel=\"nofollow noopener\">https:\/\/www.moldovacrestina.md\/<\/a><br \/>\nIntr\u0103 \u0219i pe telegram: <a href=\"https:\/\/t.me\/moldovacrestina\" target=\"_blank\" rel=\"nofollow noopener\">https:\/\/t.me\/moldovacrestina<\/a><\/p>\n<p>Pentru discu\u021bii personale cu pastorul Vasile Filat  v\u0103 invit\u0103m la<br \/>\nBISERICA BUNAVESTIREA DIN CHI\u0218IN\u0102U<br \/>\nStr. Cioc\u00e2rliei 2\/8, Chi\u0219in\u0103u, Rep.Moldova<br \/>\nServicii Divine:<br \/>\n                        Duminic\u0103, 14:00 &#8211; 16:00<br \/>\n                        Joi, 19:30 &#8211; ora de rug\u0103ciune<br \/>\nComanda\u021bi manuale de studiu biblic la info@precept.md<br \/>\n Alte informa\u021bii la: +373(69)966779<\/p>\n<p>#VasileFilat #MoldovaCrestina #adolescen\u021bi<\/p>\n","protected":false},"excerpt":{"rendered":"<p>Cum s\u0103 protejezi copilul de expunerea la imagini necenzurate? Ce s\u0103 faci dac\u0103 adolescentul deja a fost expus la astfel<\/p>\n","protected":false},"author":154,"featured_media":332322,"comment_status":"closed","ping_status":"closed","sticky":false,"template":"","format":"standard","meta":{"_acf_changed":false,"inline_featured_image":false,"_monsterinsights_skip_tracking":false,"_monsterinsights_sitenote_active":false,"_monsterinsights_sitenote_note":"","_monsterinsights_sitenote_category":0,"_genesis_hide_title":false,"_genesis_hide_breadcrumbs":false,"_genesis_hide_singular_image":false,"_genesis_hide_footer_widgets":false,"_genesis_custom_body_class":"","_genesis_custom_post_class":"","_genesis_layout":"","ep_exclude_from_search":false,"_jetpack_memberships_contains_paid_content":false,"footnotes":""},"categories":[23555],"tags":[],"class_list":{"0":"post-332321","1":"post","2":"type-post","3":"status-publish","4":"format-standard","5":"has-post-thumbnail","7":"category-mctv","8":"entry"},"acf":[],"yoast_head":"<!-- This site is optimized with the Yoast SEO Premium plugin v26.5 (Yoast SEO v27.4) - https:\/\/yoast.com\/product\/yoast-seo-premium-wordpress\/ -->\n<title>Cum s\u0103 protejezi copilul de expunerea la imagini necenzurate? | Pastor Vasile Filat &#8226; Moldova Cre\u0219tin\u0103<\/title>\n<meta name=\"robots\" content=\"index, follow, max-snippet:-1, max-image-preview:large, max-video-preview:-1\" \/>\n<link rel=\"canonical\" href=\"https:\/\/moldovacrestina.md\/ru\/cum-sa-protejezi-copilul-de-expunerea-la-imagini-necenzurate-pastor-vasile-filat\/\" \/>\n<meta property=\"og:locale\" content=\"ru_RU\" \/>\n<meta property=\"og:type\" content=\"article\" \/>\n<meta property=\"og:title\" content=\"Cum s\u0103 protejezi copilul de expunerea la imagini necenzurate? | Pastor Vasile Filat\" \/>\n<meta property=\"og:description\" content=\"Cum s\u0103 protejezi copilul de expunerea la imagini necenzurate? Ce s\u0103 faci dac\u0103 adolescentul deja a fost expus la astfel\" \/>\n<meta property=\"og:url\" content=\"https:\/\/moldovacrestina.md\/ru\/cum-sa-protejezi-copilul-de-expunerea-la-imagini-necenzurate-pastor-vasile-filat\/\" \/>\n<meta property=\"og:site_name\" content=\"Moldova Cre\u0219tin\u0103\" \/>\n<meta property=\"article:publisher\" content=\"https:\/\/www.facebook.com\/moldovacrestina\/\" \/>\n<meta property=\"article:published_time\" content=\"2022-01-03T02:33:13+00:00\" \/>\n<meta property=\"article:modified_time\" content=\"2024-08-23T05:03:05+00:00\" \/>\n<meta property=\"og:image\" content=\"https:\/\/cdn.moldovacrestina.md\/2022\/01\/6d3600fa-wweaonfymse.jpg\" \/>\n\t<meta property=\"og:image:width\" content=\"1\" \/>\n\t<meta property=\"og:image:height\" content=\"1\" \/>\n\t<meta property=\"og:image:type\" content=\"image\/jpeg\" \/>\n<meta name=\"author\" content=\"Moldova Cre\u0219tin\u0103\" \/>\n<meta name=\"twitter:card\" content=\"summary_large_image\" \/>\n<meta name=\"twitter:creator\" content=\"@moldovacrestina\" \/>\n<meta name=\"twitter:site\" content=\"@moldovacrestina\" \/>\n<meta name=\"twitter:label1\" content=\"\u041d\u0430\u043f\u0438\u0441\u0430\u043d\u043e \u0430\u0432\u0442\u043e\u0440\u043e\u043c\" \/>\n\t<meta name=\"twitter:data1\" content=\"Moldova Cre\u0219tin\u0103\" \/>\n\t<meta name=\"twitter:label2\" content=\"\u041f\u0440\u0438\u043c\u0435\u0440\u043d\u043e\u0435 \u0432\u0440\u0435\u043c\u044f \u0434\u043b\u044f \u0447\u0442\u0435\u043d\u0438\u044f\" \/>\n\t<meta name=\"twitter:data2\" content=\"1 \u043c\u0438\u043d\u0443\u0442\u0430\" \/>\n<script type=\"application\/ld+json\" class=\"yoast-schema-graph\">{\"@context\":\"https:\\\/\\\/schema.org\",\"@graph\":[{\"@type\":\"Article\",\"@id\":\"https:\\\/\\\/moldovacrestina.md\\\/ru\\\/cum-sa-protejezi-copilul-de-expunerea-la-imagini-necenzurate-pastor-vasile-filat\\\/#article\",\"isPartOf\":{\"@id\":\"https:\\\/\\\/moldovacrestina.md\\\/ru\\\/cum-sa-protejezi-copilul-de-expunerea-la-imagini-necenzurate-pastor-vasile-filat\\\/\"},\"author\":{\"name\":\"Moldova Cre\u0219tin\u0103\",\"@id\":\"https:\\\/\\\/moldovacrestina.md\\\/ru\\\/#\\\/schema\\\/person\\\/2c1229137b9158f7d3ac74b6ce4db55b\"},\"headline\":\"Cum s\u0103 protejezi copilul de expunerea la imagini necenzurate? | Pastor Vasile Filat\",\"datePublished\":\"2022-01-03T02:33:13+00:00\",\"dateModified\":\"2024-08-23T05:03:05+00:00\",\"mainEntityOfPage\":{\"@id\":\"https:\\\/\\\/moldovacrestina.md\\\/ru\\\/cum-sa-protejezi-copilul-de-expunerea-la-imagini-necenzurate-pastor-vasile-filat\\\/\"},\"wordCount\":264,\"image\":{\"@id\":\"https:\\\/\\\/moldovacrestina.md\\\/ru\\\/cum-sa-protejezi-copilul-de-expunerea-la-imagini-necenzurate-pastor-vasile-filat\\\/#primaryimage\"},\"thumbnailUrl\":\"https:\\\/\\\/cdn.moldovacrestina.md\\\/2022\\\/01\\\/6d3600fa-wweaonfymse.jpg\",\"articleSection\":[\"MCTV\"],\"inLanguage\":\"ru-RU\"},{\"@type\":\"WebPage\",\"@id\":\"https:\\\/\\\/moldovacrestina.md\\\/ru\\\/cum-sa-protejezi-copilul-de-expunerea-la-imagini-necenzurate-pastor-vasile-filat\\\/\",\"url\":\"https:\\\/\\\/moldovacrestina.md\\\/ru\\\/cum-sa-protejezi-copilul-de-expunerea-la-imagini-necenzurate-pastor-vasile-filat\\\/\",\"name\":\"Cum s\u0103 protejezi copilul de expunerea la imagini necenzurate? | Pastor Vasile Filat &#8226; Moldova Cre\u0219tin\u0103\",\"isPartOf\":{\"@id\":\"https:\\\/\\\/moldovacrestina.md\\\/ru\\\/#website\"},\"primaryImageOfPage\":{\"@id\":\"https:\\\/\\\/moldovacrestina.md\\\/ru\\\/cum-sa-protejezi-copilul-de-expunerea-la-imagini-necenzurate-pastor-vasile-filat\\\/#primaryimage\"},\"image\":{\"@id\":\"https:\\\/\\\/moldovacrestina.md\\\/ru\\\/cum-sa-protejezi-copilul-de-expunerea-la-imagini-necenzurate-pastor-vasile-filat\\\/#primaryimage\"},\"thumbnailUrl\":\"https:\\\/\\\/cdn.moldovacrestina.md\\\/2022\\\/01\\\/6d3600fa-wweaonfymse.jpg\",\"datePublished\":\"2022-01-03T02:33:13+00:00\",\"dateModified\":\"2024-08-23T05:03:05+00:00\",\"author\":{\"@id\":\"https:\\\/\\\/moldovacrestina.md\\\/ru\\\/#\\\/schema\\\/person\\\/2c1229137b9158f7d3ac74b6ce4db55b\"},\"breadcrumb\":{\"@id\":\"https:\\\/\\\/moldovacrestina.md\\\/ru\\\/cum-sa-protejezi-copilul-de-expunerea-la-imagini-necenzurate-pastor-vasile-filat\\\/#breadcrumb\"},\"inLanguage\":\"ru-RU\",\"potentialAction\":[{\"@type\":\"ReadAction\",\"target\":[\"https:\\\/\\\/moldovacrestina.md\\\/ru\\\/cum-sa-protejezi-copilul-de-expunerea-la-imagini-necenzurate-pastor-vasile-filat\\\/\"]}]},{\"@type\":\"ImageObject\",\"inLanguage\":\"ru-RU\",\"@id\":\"https:\\\/\\\/moldovacrestina.md\\\/ru\\\/cum-sa-protejezi-copilul-de-expunerea-la-imagini-necenzurate-pastor-vasile-filat\\\/#primaryimage\",\"url\":\"https:\\\/\\\/cdn.moldovacrestina.md\\\/2022\\\/01\\\/6d3600fa-wweaonfymse.jpg\",\"contentUrl\":\"https:\\\/\\\/cdn.moldovacrestina.md\\\/2022\\\/01\\\/6d3600fa-wweaonfymse.jpg\"},{\"@type\":\"BreadcrumbList\",\"@id\":\"https:\\\/\\\/moldovacrestina.md\\\/ru\\\/cum-sa-protejezi-copilul-de-expunerea-la-imagini-necenzurate-pastor-vasile-filat\\\/#breadcrumb\",\"itemListElement\":[{\"@type\":\"ListItem\",\"position\":1,\"name\":\"Prima pagin\u0103\",\"item\":\"https:\\\/\\\/moldovacrestina.md\\\/ru\\\/\"},{\"@type\":\"ListItem\",\"position\":2,\"name\":\"MCTV\",\"item\":\"https:\\\/\\\/moldovacrestina.md\\\/mctv\\\/\"},{\"@type\":\"ListItem\",\"position\":3,\"name\":\"Cum s\u0103 protejezi copilul de expunerea la imagini necenzurate? | Pastor Vasile Filat\"}]},{\"@type\":\"WebSite\",\"@id\":\"https:\\\/\\\/moldovacrestina.md\\\/ru\\\/#website\",\"url\":\"https:\\\/\\\/moldovacrestina.md\\\/ru\\\/\",\"name\":\"Moldova Cre\u0219tin\u0103\",\"description\":\"R\u0103spunsuri relevante \u0219i actuale din Biblie\",\"potentialAction\":[{\"@type\":\"SearchAction\",\"target\":{\"@type\":\"EntryPoint\",\"urlTemplate\":\"https:\\\/\\\/moldovacrestina.md\\\/ru\\\/?s={search_term_string}\"},\"query-input\":{\"@type\":\"PropertyValueSpecification\",\"valueRequired\":true,\"valueName\":\"search_term_string\"}}],\"inLanguage\":\"ru-RU\"},{\"@type\":\"Person\",\"@id\":\"https:\\\/\\\/moldovacrestina.md\\\/ru\\\/#\\\/schema\\\/person\\\/2c1229137b9158f7d3ac74b6ce4db55b\",\"name\":\"Moldova Cre\u0219tin\u0103\",\"image\":{\"@type\":\"ImageObject\",\"inLanguage\":\"ru-RU\",\"@id\":\"https:\\\/\\\/secure.gravatar.com\\\/avatar\\\/7ee4a23b83cf7f880340161f8b5b00737ec379bc519884a0d2c05abcf15bd586?s=96&d=mm&r=g\",\"url\":\"https:\\\/\\\/secure.gravatar.com\\\/avatar\\\/7ee4a23b83cf7f880340161f8b5b00737ec379bc519884a0d2c05abcf15bd586?s=96&d=mm&r=g\",\"contentUrl\":\"https:\\\/\\\/secure.gravatar.com\\\/avatar\\\/7ee4a23b83cf7f880340161f8b5b00737ec379bc519884a0d2c05abcf15bd586?s=96&d=mm&r=g\",\"caption\":\"Moldova Cre\u0219tin\u0103\"},\"url\":\"https:\\\/\\\/moldovacrestina.md\\\/ru\\\/author\\\/moldovacrestinatv\\\/\"}]}<\/script>\n<!-- \/ Yoast SEO Premium plugin. -->","yoast_head_json":{"title":"Cum s\u0103 protejezi copilul de expunerea la imagini necenzurate? | Pastor Vasile Filat &#8226; Moldova Cre\u0219tin\u0103","robots":{"index":"index","follow":"follow","max-snippet":"max-snippet:-1","max-image-preview":"max-image-preview:large","max-video-preview":"max-video-preview:-1"},"canonical":"https:\/\/moldovacrestina.md\/ru\/cum-sa-protejezi-copilul-de-expunerea-la-imagini-necenzurate-pastor-vasile-filat\/","og_locale":"ru_RU","og_type":"article","og_title":"Cum s\u0103 protejezi copilul de expunerea la imagini necenzurate? | Pastor Vasile Filat","og_description":"Cum s\u0103 protejezi copilul de expunerea la imagini necenzurate? Ce s\u0103 faci dac\u0103 adolescentul deja a fost expus la astfel","og_url":"https:\/\/moldovacrestina.md\/ru\/cum-sa-protejezi-copilul-de-expunerea-la-imagini-necenzurate-pastor-vasile-filat\/","og_site_name":"Moldova Cre\u0219tin\u0103","article_publisher":"https:\/\/www.facebook.com\/moldovacrestina\/","article_published_time":"2022-01-03T02:33:13+00:00","article_modified_time":"2024-08-23T05:03:05+00:00","og_image":[{"url":"https:\/\/cdn.moldovacrestina.md\/2022\/01\/6d3600fa-wweaonfymse.jpg","width":1,"height":1,"type":"image\/jpeg"}],"author":"Moldova Cre\u0219tin\u0103","twitter_card":"summary_large_image","twitter_creator":"@moldovacrestina","twitter_site":"@moldovacrestina","twitter_misc":{"\u041d\u0430\u043f\u0438\u0441\u0430\u043d\u043e \u0430\u0432\u0442\u043e\u0440\u043e\u043c":"Moldova Cre\u0219tin\u0103","\u041f\u0440\u0438\u043c\u0435\u0440\u043d\u043e\u0435 \u0432\u0440\u0435\u043c\u044f \u0434\u043b\u044f \u0447\u0442\u0435\u043d\u0438\u044f":"1 \u043c\u0438\u043d\u0443\u0442\u0430"},"schema":{"@context":"https:\/\/schema.org","@graph":[{"@type":"Article","@id":"https:\/\/moldovacrestina.md\/ru\/cum-sa-protejezi-copilul-de-expunerea-la-imagini-necenzurate-pastor-vasile-filat\/#article","isPartOf":{"@id":"https:\/\/moldovacrestina.md\/ru\/cum-sa-protejezi-copilul-de-expunerea-la-imagini-necenzurate-pastor-vasile-filat\/"},"author":{"name":"Moldova Cre\u0219tin\u0103","@id":"https:\/\/moldovacrestina.md\/ru\/#\/schema\/person\/2c1229137b9158f7d3ac74b6ce4db55b"},"headline":"Cum s\u0103 protejezi copilul de expunerea la imagini necenzurate? | Pastor Vasile Filat","datePublished":"2022-01-03T02:33:13+00:00","dateModified":"2024-08-23T05:03:05+00:00","mainEntityOfPage":{"@id":"https:\/\/moldovacrestina.md\/ru\/cum-sa-protejezi-copilul-de-expunerea-la-imagini-necenzurate-pastor-vasile-filat\/"},"wordCount":264,"image":{"@id":"https:\/\/moldovacrestina.md\/ru\/cum-sa-protejezi-copilul-de-expunerea-la-imagini-necenzurate-pastor-vasile-filat\/#primaryimage"},"thumbnailUrl":"https:\/\/cdn.moldovacrestina.md\/2022\/01\/6d3600fa-wweaonfymse.jpg","articleSection":["MCTV"],"inLanguage":"ru-RU"},{"@type":"WebPage","@id":"https:\/\/moldovacrestina.md\/ru\/cum-sa-protejezi-copilul-de-expunerea-la-imagini-necenzurate-pastor-vasile-filat\/","url":"https:\/\/moldovacrestina.md\/ru\/cum-sa-protejezi-copilul-de-expunerea-la-imagini-necenzurate-pastor-vasile-filat\/","name":"Cum s\u0103 protejezi copilul de expunerea la imagini necenzurate? | Pastor Vasile Filat &#8226; Moldova Cre\u0219tin\u0103","isPartOf":{"@id":"https:\/\/moldovacrestina.md\/ru\/#website"},"primaryImageOfPage":{"@id":"https:\/\/moldovacrestina.md\/ru\/cum-sa-protejezi-copilul-de-expunerea-la-imagini-necenzurate-pastor-vasile-filat\/#primaryimage"},"image":{"@id":"https:\/\/moldovacrestina.md\/ru\/cum-sa-protejezi-copilul-de-expunerea-la-imagini-necenzurate-pastor-vasile-filat\/#primaryimage"},"thumbnailUrl":"https:\/\/cdn.moldovacrestina.md\/2022\/01\/6d3600fa-wweaonfymse.jpg","datePublished":"2022-01-03T02:33:13+00:00","dateModified":"2024-08-23T05:03:05+00:00","author":{"@id":"https:\/\/moldovacrestina.md\/ru\/#\/schema\/person\/2c1229137b9158f7d3ac74b6ce4db55b"},"breadcrumb":{"@id":"https:\/\/moldovacrestina.md\/ru\/cum-sa-protejezi-copilul-de-expunerea-la-imagini-necenzurate-pastor-vasile-filat\/#breadcrumb"},"inLanguage":"ru-RU","potentialAction":[{"@type":"ReadAction","target":["https:\/\/moldovacrestina.md\/ru\/cum-sa-protejezi-copilul-de-expunerea-la-imagini-necenzurate-pastor-vasile-filat\/"]}]},{"@type":"ImageObject","inLanguage":"ru-RU","@id":"https:\/\/moldovacrestina.md\/ru\/cum-sa-protejezi-copilul-de-expunerea-la-imagini-necenzurate-pastor-vasile-filat\/#primaryimage","url":"https:\/\/cdn.moldovacrestina.md\/2022\/01\/6d3600fa-wweaonfymse.jpg","contentUrl":"https:\/\/cdn.moldovacrestina.md\/2022\/01\/6d3600fa-wweaonfymse.jpg"},{"@type":"BreadcrumbList","@id":"https:\/\/moldovacrestina.md\/ru\/cum-sa-protejezi-copilul-de-expunerea-la-imagini-necenzurate-pastor-vasile-filat\/#breadcrumb","itemListElement":[{"@type":"ListItem","position":1,"name":"Prima pagin\u0103","item":"https:\/\/moldovacrestina.md\/ru\/"},{"@type":"ListItem","position":2,"name":"MCTV","item":"https:\/\/moldovacrestina.md\/mctv\/"},{"@type":"ListItem","position":3,"name":"Cum s\u0103 protejezi copilul de expunerea la imagini necenzurate? | Pastor Vasile Filat"}]},{"@type":"WebSite","@id":"https:\/\/moldovacrestina.md\/ru\/#website","url":"https:\/\/moldovacrestina.md\/ru\/","name":"Moldova Cre\u0219tin\u0103","description":"R\u0103spunsuri relevante \u0219i actuale din Biblie","potentialAction":[{"@type":"SearchAction","target":{"@type":"EntryPoint","urlTemplate":"https:\/\/moldovacrestina.md\/ru\/?s={search_term_string}"},"query-input":{"@type":"PropertyValueSpecification","valueRequired":true,"valueName":"search_term_string"}}],"inLanguage":"ru-RU"},{"@type":"Person","@id":"https:\/\/moldovacrestina.md\/ru\/#\/schema\/person\/2c1229137b9158f7d3ac74b6ce4db55b","name":"Moldova Cre\u0219tin\u0103","image":{"@type":"ImageObject","inLanguage":"ru-RU","@id":"https:\/\/secure.gravatar.com\/avatar\/7ee4a23b83cf7f880340161f8b5b00737ec379bc519884a0d2c05abcf15bd586?s=96&d=mm&r=g","url":"https:\/\/secure.gravatar.com\/avatar\/7ee4a23b83cf7f880340161f8b5b00737ec379bc519884a0d2c05abcf15bd586?s=96&d=mm&r=g","contentUrl":"https:\/\/secure.gravatar.com\/avatar\/7ee4a23b83cf7f880340161f8b5b00737ec379bc519884a0d2c05abcf15bd586?s=96&d=mm&r=g","caption":"Moldova Cre\u0219tin\u0103"},"url":"https:\/\/moldovacrestina.md\/ru\/author\/moldovacrestinatv\/"}]}},"jetpack_featured_media_url":"https:\/\/cdn.moldovacrestina.md\/2022\/01\/6d3600fa-wweaonfymse.jpg","video_meta":{"_ayvpp_video":"WWEAoNFymsE","_ayvpp_video_id":"VVVlVzNIelJUQTdYTnVxNXdfSlJYMG93LldXRUFvTkZ5bXNF","_ayvpp_published":"2022-01-03T04:33:13Z","_ayvpp_author":"Moldova Cre\u0219tin\u0103 TV","_ayvpp_channel":"UCeW3HzRTA7XNuq5w_JRX0ow","_ayvpp_thumbs":{"default":"https:\/\/i.ytimg.com\/vi\/WWEAoNFymsE\/default.jpg","medium":"https:\/\/i.ytimg.com\/vi\/WWEAoNFymsE\/mqdefault.jpg","high":"https:\/\/i.ytimg.com\/vi\/WWEAoNFymsE\/hqdefault.jpg","standard":"https:\/\/i.ytimg.com\/vi\/WWEAoNFymsE\/sddefault.jpg","maxres":"https:\/\/i.ytimg.com\/vi\/WWEAoNFymsE\/maxresdefault.jpg"},"_ayvpp_auto_play":"0","_ayvpp_related_show":"","_ayvpp_playlist_name":"Pastor Vasile Filat"},"featured_image":"https:\/\/cdn.moldovacrestina.md\/2022\/01\/6d3600fa-wweaonfymse.jpg","wpml":{"language_code":"ru","locale":"ru_RU","text_direction":false,"display_name":"\u0420\u0443\u0441\u0441\u043a\u0438\u0439","native_name":"Rus\u0103","different_language":false},"jetpack-related-posts":[{"id":364175,"url":"https:\/\/moldovacrestina.md\/este-liturghia-o-jertfa-ce-spune-biblia-pastor-vasile-filat\/","url_meta":{"origin":332321,"position":0},"title":"Este liturghia o jertf\u0103? Ce spune Biblia? | Pastor Vasile Filat","author":"Moldova Cre\u0219tin\u0103","date":"10.12.2025","format":false,"excerpt":"Ce spune Biblia despre jertfa adus\u0103 la sf\u00e2nta liturghie? Pastorul Vasile Filat explic\u0103, prin texte clare din Scriptur\u0103, dac\u0103 liturghia este o jertf\u0103 repetat\u0103 sau o comemorare a jertfei lui Hristos. Afl\u0103 ce \u00eenseamn\u0103, de fapt, Cina Domnului \u0219i ce spune Biblia despre suficien\u021ba jertfei de pe Golgota. Subiecte abordate\u2026","rel":"","context":"<span class=\"jp-relatedposts-post-author\">Moldova Cre\u0219tin\u0103<\/span>","block_context":{"text":"MCTV","link":"https:\/\/moldovacrestina.md\/mctv\/"},"img":{"alt_text":"","src":"https:\/\/i0.wp.com\/cdn.moldovacrestina.md\/2025\/12\/0f8e955d-h2mhpwxffr0.jpg?resize=350%2C200&ssl=1","width":350,"height":200,"srcset":"https:\/\/i0.wp.com\/cdn.moldovacrestina.md\/2025\/12\/0f8e955d-h2mhpwxffr0.jpg?resize=350%2C200&ssl=1 1x, https:\/\/i0.wp.com\/cdn.moldovacrestina.md\/2025\/12\/0f8e955d-h2mhpwxffr0.jpg?resize=525%2C300&ssl=1 1.5x, https:\/\/i0.wp.com\/cdn.moldovacrestina.md\/2025\/12\/0f8e955d-h2mhpwxffr0.jpg?resize=700%2C400&ssl=1 2x, https:\/\/i0.wp.com\/cdn.moldovacrestina.md\/2025\/12\/0f8e955d-h2mhpwxffr0.jpg?resize=1050%2C600&ssl=1 3x"},"classes":[]},{"id":363774,"url":"https:\/\/moldovacrestina.md\/cum-sa-scapi-de-condamnarea-trecutului-pastor-vasile-filat\/","url_meta":{"origin":332321,"position":1},"title":"Cum s\u0103 scapi de condamnarea trecutului? | Pastor Vasile Filat","author":"Moldova Cre\u0219tin\u0103","date":"13.10.2025","format":false,"excerpt":"Trecutul poate deveni o povar\u0103 grea atunci c\u00e2nd vinov\u0103\u021bia \u0219i ru\u0219inea nu sunt aduse la crucea lui Hristos. \u00cen acest video, pastorul Vasile Filat explic\u0103 de ce diavolul folose\u0219te trecutul pentru a-i \u021bine pe oameni \u00een robie \u0219i cum putem ajuta o persoan\u0103 drag\u0103 s\u0103 \u00een\u021beleag\u0103 iertarea deplin\u0103 oferit\u0103 de\u2026","rel":"","context":"<span class=\"jp-relatedposts-post-author\">Moldova Cre\u0219tin\u0103<\/span>","block_context":{"text":"MCTV","link":"https:\/\/moldovacrestina.md\/mctv\/"},"img":{"alt_text":"","src":"https:\/\/i0.wp.com\/cdn.moldovacrestina.md\/2025\/10\/cc29ac75-7h8dnxslyjg.jpg?resize=350%2C200&ssl=1","width":350,"height":200,"srcset":"https:\/\/i0.wp.com\/cdn.moldovacrestina.md\/2025\/10\/cc29ac75-7h8dnxslyjg.jpg?resize=350%2C200&ssl=1 1x, https:\/\/i0.wp.com\/cdn.moldovacrestina.md\/2025\/10\/cc29ac75-7h8dnxslyjg.jpg?resize=525%2C300&ssl=1 1.5x, https:\/\/i0.wp.com\/cdn.moldovacrestina.md\/2025\/10\/cc29ac75-7h8dnxslyjg.jpg?resize=700%2C400&ssl=1 2x, https:\/\/i0.wp.com\/cdn.moldovacrestina.md\/2025\/10\/cc29ac75-7h8dnxslyjg.jpg?resize=1050%2C600&ssl=1 3x"},"classes":[]},{"id":364411,"url":"https:\/\/moldovacrestina.md\/cand-frica-de-666-distruge-credinta-cum-ajung-unii-sa-creada-orice-aud-pastor-vasile-filat\/","url_meta":{"origin":332321,"position":2},"title":"C\u00e2nd frica de 666 distruge credin\u021ba. Cum ajung unii s\u0103 cread\u0103 orice aud? | Pastor Vasile Filat","author":"Moldova Cre\u0219tin\u0103","date":"08.01.2026","format":false,"excerpt":"O doamn\u0103 tr\u0103ie\u0219te o fric\u0103 profund\u0103 legat\u0103 de num\u0103rul 666, botez \u0219i Sf\u00e2nta Treime. Dup\u0103 ce a fost botezat\u0103, i s-a spus c\u0103 botezul nu a fost valid. A fost botezat\u0103 din nou. Apoi i s-a spus c\u0103 Sf\u00e2nta Treime nu este biblic\u0103 \u0219i c\u0103 ar fi legat\u0103 de semnul\u2026","rel":"","context":"<span class=\"jp-relatedposts-post-author\">Moldova Cre\u0219tin\u0103<\/span>","block_context":{"text":"MCTV","link":"https:\/\/moldovacrestina.md\/mctv\/"},"img":{"alt_text":"","src":"https:\/\/i0.wp.com\/cdn.moldovacrestina.md\/2026\/01\/eb5fead2-bo_92anogg.jpg?resize=350%2C200&ssl=1","width":350,"height":200,"srcset":"https:\/\/i0.wp.com\/cdn.moldovacrestina.md\/2026\/01\/eb5fead2-bo_92anogg.jpg?resize=350%2C200&ssl=1 1x, https:\/\/i0.wp.com\/cdn.moldovacrestina.md\/2026\/01\/eb5fead2-bo_92anogg.jpg?resize=525%2C300&ssl=1 1.5x, https:\/\/i0.wp.com\/cdn.moldovacrestina.md\/2026\/01\/eb5fead2-bo_92anogg.jpg?resize=700%2C400&ssl=1 2x, https:\/\/i0.wp.com\/cdn.moldovacrestina.md\/2026\/01\/eb5fead2-bo_92anogg.jpg?resize=1050%2C600&ssl=1 3x"},"classes":[]},{"id":363497,"url":"https:\/\/moldovacrestina.md\/poate-purta-voal-femeia-divortata-la-a-doua-cununie-religioasa\/","url_meta":{"origin":332321,"position":3},"title":"Poate purta voal femeia divor\u021bat\u0103 la a doua cununie religioas\u0103?","author":"Moldova Cre\u0219tin\u0103","date":"26.08.2025","format":false,"excerpt":"Ce simbolizeaz\u0103 voalul miresei \u00een Biblie? Este potrivit ca o femeie cre\u0219tin\u0103 s\u0103 poarte voal atunci c\u00e2nd intr\u0103 \u00eentr-o a doua c\u0103s\u0103torie, dup\u0103 un divor\u021b? \u00cen acest video r\u0103spundem din perspectiva Scripturii, explic\u00e2nd semnifica\u021bia voalului \u00een cultura biblic\u0103 \u0219i cum s\u0103 \u00een\u021belegem rolul lui ast\u0103zi. Vei descoperi: - ce spune\u2026","rel":"","context":"<span class=\"jp-relatedposts-post-author\">Moldova Cre\u0219tin\u0103<\/span>","block_context":{"text":"MCTV","link":"https:\/\/moldovacrestina.md\/mctv\/"},"img":{"alt_text":"","src":"https:\/\/i0.wp.com\/cdn.moldovacrestina.md\/2025\/08\/551a508d-mio-v3idjve.jpg?resize=350%2C200&ssl=1","width":350,"height":200,"srcset":"https:\/\/i0.wp.com\/cdn.moldovacrestina.md\/2025\/08\/551a508d-mio-v3idjve.jpg?resize=350%2C200&ssl=1 1x, https:\/\/i0.wp.com\/cdn.moldovacrestina.md\/2025\/08\/551a508d-mio-v3idjve.jpg?resize=525%2C300&ssl=1 1.5x, https:\/\/i0.wp.com\/cdn.moldovacrestina.md\/2025\/08\/551a508d-mio-v3idjve.jpg?resize=700%2C400&ssl=1 2x, https:\/\/i0.wp.com\/cdn.moldovacrestina.md\/2025\/08\/551a508d-mio-v3idjve.jpg?resize=1050%2C600&ssl=1 3x"},"classes":[]},{"id":363755,"url":"https:\/\/moldovacrestina.md\/este-pacat-divortul-daca-ambii-soti-il-doresc-pastor-vasile-filat\/","url_meta":{"origin":332321,"position":4},"title":"Este p\u0103cat divor\u021bul dac\u0103 ambii so\u021bi \u00eel doresc? | Pastor Vasile Filat","author":"Moldova Cre\u0219tin\u0103","date":"12.10.2025","format":false,"excerpt":"Mul\u021bi oameni cred c\u0103 dac\u0103 ambii so\u021bi sunt de acord cu desp\u0103r\u021birea, divor\u021bul nu mai este p\u0103cat. Dar ce spune Biblia? \u00cen acest video, pastorul Vasile Filat explic\u0103, pe baza textelor din Matei 19, Maleahi 2 \u0219i Evrei 13:4, c\u0103 Dumnezeu a instituit c\u0103s\u0103toria \u0219i El singur are autoritatea de\u2026","rel":"","context":"<span class=\"jp-relatedposts-post-author\">Moldova Cre\u0219tin\u0103<\/span>","block_context":{"text":"MCTV","link":"https:\/\/moldovacrestina.md\/mctv\/"},"img":{"alt_text":"","src":"https:\/\/i0.wp.com\/cdn.moldovacrestina.md\/2025\/10\/fa6abd08-qnfeu_9zdi4.jpg?resize=350%2C200&ssl=1","width":350,"height":200,"srcset":"https:\/\/i0.wp.com\/cdn.moldovacrestina.md\/2025\/10\/fa6abd08-qnfeu_9zdi4.jpg?resize=350%2C200&ssl=1 1x, https:\/\/i0.wp.com\/cdn.moldovacrestina.md\/2025\/10\/fa6abd08-qnfeu_9zdi4.jpg?resize=525%2C300&ssl=1 1.5x, https:\/\/i0.wp.com\/cdn.moldovacrestina.md\/2025\/10\/fa6abd08-qnfeu_9zdi4.jpg?resize=700%2C400&ssl=1 2x, https:\/\/i0.wp.com\/cdn.moldovacrestina.md\/2025\/10\/fa6abd08-qnfeu_9zdi4.jpg?resize=1050%2C600&ssl=1 3x"},"classes":[]},{"id":364595,"url":"https:\/\/moldovacrestina.md\/trebuie-sa-te-botezi-din-nou-daca-ai-cazut-de-la-credinta-raspuns-biblic\/","url_meta":{"origin":332321,"position":5},"title":"Trebuie s\u0103 te botezi din nou dac\u0103 ai c\u0103zut de la credin\u021b\u0103? | R\u0103spuns biblic","author":"Moldova Cre\u0219tin\u0103","date":"30.01.2026","format":false,"excerpt":"\u00cen acest video r\u0103spundem la \u00eentreb\u0103ri importante pentru via\u021ba cre\u0219tin\u0103: trebuie s\u0103 te botezi din nou dac\u0103 ai c\u0103zut de la credin\u021b\u0103? Mai este valabil primul botez? Ce spune Biblia despre restaurare, poc\u0103in\u021b\u0103 \u0219i sfin\u021bire? Analiz\u0103m Scripturile pentru a \u00een\u021belege voia lui Dumnezeu \u0219i pa\u0219ii practici pentru a tr\u0103i o\u2026","rel":"","context":"<span class=\"jp-relatedposts-post-author\">Moldova Cre\u0219tin\u0103<\/span>","block_context":{"text":"MCTV","link":"https:\/\/moldovacrestina.md\/mctv\/"},"img":{"alt_text":"","src":"https:\/\/i0.wp.com\/cdn.moldovacrestina.md\/2026\/01\/d2fdc6c8-jdstkuhefm4.jpg?resize=350%2C200&ssl=1","width":350,"height":200,"srcset":"https:\/\/i0.wp.com\/cdn.moldovacrestina.md\/2026\/01\/d2fdc6c8-jdstkuhefm4.jpg?resize=350%2C200&ssl=1 1x, https:\/\/i0.wp.com\/cdn.moldovacrestina.md\/2026\/01\/d2fdc6c8-jdstkuhefm4.jpg?resize=525%2C300&ssl=1 1.5x, https:\/\/i0.wp.com\/cdn.moldovacrestina.md\/2026\/01\/d2fdc6c8-jdstkuhefm4.jpg?resize=700%2C400&ssl=1 2x, https:\/\/i0.wp.com\/cdn.moldovacrestina.md\/2026\/01\/d2fdc6c8-jdstkuhefm4.jpg?resize=1050%2C600&ssl=1 3x"},"classes":[]}],"jetpack_sharing_enabled":true,"_links":{"self":[{"href":"https:\/\/moldovacrestina.md\/ru\/wp-json\/wp\/v2\/posts\/332321","targetHints":{"allow":["GET"]}}],"collection":[{"href":"https:\/\/moldovacrestina.md\/ru\/wp-json\/wp\/v2\/posts"}],"about":[{"href":"https:\/\/moldovacrestina.md\/ru\/wp-json\/wp\/v2\/types\/post"}],"author":[{"embeddable":true,"href":"https:\/\/moldovacrestina.md\/ru\/wp-json\/wp\/v2\/users\/154"}],"replies":[{"embeddable":true,"href":"https:\/\/moldovacrestina.md\/ru\/wp-json\/wp\/v2\/comments?post=332321"}],"version-history":[{"count":0,"href":"https:\/\/moldovacrestina.md\/ru\/wp-json\/wp\/v2\/posts\/332321\/revisions"}],"wp:featuredmedia":[{"embeddable":true,"href":"https:\/\/moldovacrestina.md\/ru\/wp-json\/wp\/v2\/media\/332322"}],"wp:attachment":[{"href":"https:\/\/moldovacrestina.md\/ru\/wp-json\/wp\/v2\/media?parent=332321"}],"wp:term":[{"taxonomy":"category","embeddable":true,"href":"https:\/\/moldovacrestina.md\/ru\/wp-json\/wp\/v2\/categories?post=332321"},{"taxonomy":"post_tag","embeddable":true,"href":"https:\/\/moldovacrestina.md\/ru\/wp-json\/wp\/v2\/tags?post=332321"}],"curies":[{"name":"wp","href":"https:\/\/api.w.org\/{rel}","templated":true}]}}