{"id":331606,"date":"2021-12-08T14:15:09","date_gmt":"2021-12-08T12:15:09","guid":{"rendered":"https:\/\/moldovacrestina.md\/cine-este-aproapele-tau-pastor-vasile-filat\/"},"modified":"2024-08-23T08:04:04","modified_gmt":"2024-08-23T05:04:04","slug":"cine-este-aproapele-tau-pastor-vasile-filat","status":"publish","type":"post","link":"https:\/\/moldovacrestina.md\/ru\/cine-este-aproapele-tau-pastor-vasile-filat\/","title":{"rendered":"Cine este aproapele t\u0103u? | Pastor Vasile Filat"},"content":{"rendered":"<p>Cine este aproapele t\u0103u? Pe cine s\u0103 slujesc \u00eent\u00e2i? Fa\u021b\u0103 de cine s\u0103-mi ar\u0103t mil\u0103? <\/p>\n<p>Te invit s\u0103 studiem \u00eempreun\u0103 <!--more--> cartea 2 Samuel \u0219i 1 Cronici. Studiul acesta \u00eel predau online (ZOOM) \u00een fiecare zi de miercuri la orele 20:00. Manualul dup\u0103 care studiem poate fi procurat la adresa:<br \/>\n<a href=\"https:\/\/shop.eurasiaprecept.org\/produs\/2-samuel-si-1-cronici\/\" target=\"_blank\" rel=\"nofollow noopener\">https:\/\/shop.eurasiaprecept.org\/produs\/2-samuel-si-1-cronici\/<\/a><br \/>\n\u00cen format PDF: <a href=\"https:\/\/shop.eurasiaprecept.org\/produs\/2-samuel-1-cronici-pdf\/\" target=\"_blank\" rel=\"nofollow noopener\">https:\/\/shop.eurasiaprecept.org\/produs\/2-samuel-1-cronici-pdf\/<\/a><\/p>\n<p>Alege de la link-ul de mai jos unul din grupele unde se completeaz\u0103 \u00eempreun\u0103 manualul \u0219i contacteaz\u0103 pe liderul de grup pentru detalii:<br \/>\n<a href=\"https:\/\/moldovacrestina.md\/studiaza-biblia-online\/\" target=\"_blank\" rel=\"nofollow noopener\">https:\/\/moldovacrestina.md\/studiaza-biblia-online\/<\/a><\/p>\n<p>Dac\u0103 dori\u021bi s\u0103 oferi\u021bi o contribu\u021bie financiar\u0103 \u0219i s\u0103 lua\u021bi parte \u00eempreun\u0103 cu noi la aceast\u0103 lucrare, accesa\u021bi link-ul: <a href=\"https:\/\/moldovacrestina.md\/doneaza\/\" target=\"_blank\" rel=\"nofollow noopener\">https:\/\/moldovacrestina.md\/doneaza\/<\/a><\/p>\n<p>Contacta\u021bi-ne la adresa de mail: contact@moldovacrestina.md<br \/>\nUrm\u0103ri\u021bi-ne pe Facebook: <a href=\"https:\/\/www.facebook.com\/moldovacrestina\" target=\"_blank\" rel=\"nofollow noopener\">https:\/\/www.facebook.com\/moldovacrestina<\/a><br \/>\nSite: <a href=\"https:\/\/www.moldovacrestina.md\/\" target=\"_blank\" rel=\"nofollow noopener\">https:\/\/www.moldovacrestina.md\/<\/a><br \/>\nIntr\u0103 \u0219i pe telegram: <a href=\"https:\/\/t.me\/moldovacrestina\" target=\"_blank\" rel=\"nofollow noopener\">https:\/\/t.me\/moldovacrestina<\/a><\/p>\n<p>Pentru discu\u021bii personale cu pastorul Vasile Filat  v\u0103 invit\u0103m la<br \/>\nBISERICA BUNAVESTIREA DIN CHI\u0218IN\u0102U<br \/>\nStr. Cioc\u00e2rliei 2\/8, Chi\u0219in\u0103u, Rep.Moldova<br \/>\nServicii Divine:<br \/>\n                        Duminic\u0103, 14:00 &#8211; 16:00<br \/>\n                        Joi, 19:30 &#8211; ora de rug\u0103ciune<br \/>\nComanda\u021bi manuale de studiu biblic la info@precept.md<br \/>\n Alte informa\u021bii la: +373(69)966779<\/p>\n<p>#VasileFilat #MoldovaCrestina<\/p>\n","protected":false},"excerpt":{"rendered":"<p>Cine este aproapele t\u0103u? Pe cine s\u0103 slujesc \u00eent\u00e2i? Fa\u021b\u0103 de cine s\u0103-mi ar\u0103t mil\u0103? Te invit s\u0103 studiem \u00eempreun\u0103<\/p>\n","protected":false},"author":154,"featured_media":331607,"comment_status":"closed","ping_status":"closed","sticky":false,"template":"","format":"standard","meta":{"_acf_changed":false,"inline_featured_image":false,"_monsterinsights_skip_tracking":false,"_monsterinsights_sitenote_active":false,"_monsterinsights_sitenote_note":"","_monsterinsights_sitenote_category":0,"_genesis_hide_title":false,"_genesis_hide_breadcrumbs":false,"_genesis_hide_singular_image":false,"_genesis_hide_footer_widgets":false,"_genesis_custom_body_class":"","_genesis_custom_post_class":"","_genesis_layout":"","ep_exclude_from_search":false,"_jetpack_memberships_contains_paid_content":false,"footnotes":""},"categories":[23555],"tags":[],"class_list":{"0":"post-331606","1":"post","2":"type-post","3":"status-publish","4":"format-standard","5":"has-post-thumbnail","7":"category-mctv","8":"entry"},"acf":[],"yoast_head":"<!-- This site is optimized with the Yoast SEO Premium plugin v26.5 (Yoast SEO v27.4) - https:\/\/yoast.com\/product\/yoast-seo-premium-wordpress\/ -->\n<title>Cine este aproapele t\u0103u? | Pastor Vasile Filat &#8226; Moldova Cre\u0219tin\u0103<\/title>\n<meta name=\"robots\" content=\"index, follow, max-snippet:-1, max-image-preview:large, max-video-preview:-1\" \/>\n<link rel=\"canonical\" href=\"https:\/\/moldovacrestina.md\/ru\/cine-este-aproapele-tau-pastor-vasile-filat\/\" \/>\n<meta property=\"og:locale\" content=\"ru_RU\" \/>\n<meta property=\"og:type\" content=\"article\" \/>\n<meta property=\"og:title\" content=\"Cine este aproapele t\u0103u? | Pastor Vasile Filat\" \/>\n<meta property=\"og:description\" content=\"Cine este aproapele t\u0103u? Pe cine s\u0103 slujesc \u00eent\u00e2i? Fa\u021b\u0103 de cine s\u0103-mi ar\u0103t mil\u0103? Te invit s\u0103 studiem \u00eempreun\u0103\" \/>\n<meta property=\"og:url\" content=\"https:\/\/moldovacrestina.md\/ru\/cine-este-aproapele-tau-pastor-vasile-filat\/\" \/>\n<meta property=\"og:site_name\" content=\"Moldova Cre\u0219tin\u0103\" \/>\n<meta property=\"article:publisher\" content=\"https:\/\/www.facebook.com\/moldovacrestina\/\" \/>\n<meta property=\"article:published_time\" content=\"2021-12-08T12:15:09+00:00\" \/>\n<meta property=\"article:modified_time\" content=\"2024-08-23T05:04:04+00:00\" \/>\n<meta property=\"og:image\" content=\"https:\/\/cdn.moldovacrestina.md\/2021\/12\/004255f8-dodmhapbiia.jpg\" \/>\n\t<meta property=\"og:image:width\" content=\"1\" \/>\n\t<meta property=\"og:image:height\" content=\"1\" \/>\n\t<meta property=\"og:image:type\" content=\"image\/jpeg\" \/>\n<meta name=\"author\" content=\"Moldova Cre\u0219tin\u0103\" \/>\n<meta name=\"twitter:card\" content=\"summary_large_image\" \/>\n<meta name=\"twitter:creator\" content=\"@moldovacrestina\" \/>\n<meta name=\"twitter:site\" content=\"@moldovacrestina\" \/>\n<meta name=\"twitter:label1\" content=\"\u041d\u0430\u043f\u0438\u0441\u0430\u043d\u043e \u0430\u0432\u0442\u043e\u0440\u043e\u043c\" \/>\n\t<meta name=\"twitter:data1\" content=\"Moldova Cre\u0219tin\u0103\" \/>\n\t<meta name=\"twitter:label2\" content=\"\u041f\u0440\u0438\u043c\u0435\u0440\u043d\u043e\u0435 \u0432\u0440\u0435\u043c\u044f \u0434\u043b\u044f \u0447\u0442\u0435\u043d\u0438\u044f\" \/>\n\t<meta name=\"twitter:data2\" content=\"1 \u043c\u0438\u043d\u0443\u0442\u0430\" \/>\n<script type=\"application\/ld+json\" class=\"yoast-schema-graph\">{\"@context\":\"https:\\\/\\\/schema.org\",\"@graph\":[{\"@type\":\"Article\",\"@id\":\"https:\\\/\\\/moldovacrestina.md\\\/ru\\\/cine-este-aproapele-tau-pastor-vasile-filat\\\/#article\",\"isPartOf\":{\"@id\":\"https:\\\/\\\/moldovacrestina.md\\\/ru\\\/cine-este-aproapele-tau-pastor-vasile-filat\\\/\"},\"author\":{\"name\":\"Moldova Cre\u0219tin\u0103\",\"@id\":\"https:\\\/\\\/moldovacrestina.md\\\/ru\\\/#\\\/schema\\\/person\\\/2c1229137b9158f7d3ac74b6ce4db55b\"},\"headline\":\"Cine este aproapele t\u0103u? | Pastor Vasile Filat\",\"datePublished\":\"2021-12-08T12:15:09+00:00\",\"dateModified\":\"2024-08-23T05:04:04+00:00\",\"mainEntityOfPage\":{\"@id\":\"https:\\\/\\\/moldovacrestina.md\\\/ru\\\/cine-este-aproapele-tau-pastor-vasile-filat\\\/\"},\"wordCount\":214,\"image\":{\"@id\":\"https:\\\/\\\/moldovacrestina.md\\\/ru\\\/cine-este-aproapele-tau-pastor-vasile-filat\\\/#primaryimage\"},\"thumbnailUrl\":\"https:\\\/\\\/cdn.moldovacrestina.md\\\/2021\\\/12\\\/004255f8-dodmhapbiia.jpg\",\"articleSection\":[\"MCTV\"],\"inLanguage\":\"ru-RU\"},{\"@type\":\"WebPage\",\"@id\":\"https:\\\/\\\/moldovacrestina.md\\\/ru\\\/cine-este-aproapele-tau-pastor-vasile-filat\\\/\",\"url\":\"https:\\\/\\\/moldovacrestina.md\\\/ru\\\/cine-este-aproapele-tau-pastor-vasile-filat\\\/\",\"name\":\"Cine este aproapele t\u0103u? | Pastor Vasile Filat &#8226; Moldova Cre\u0219tin\u0103\",\"isPartOf\":{\"@id\":\"https:\\\/\\\/moldovacrestina.md\\\/ru\\\/#website\"},\"primaryImageOfPage\":{\"@id\":\"https:\\\/\\\/moldovacrestina.md\\\/ru\\\/cine-este-aproapele-tau-pastor-vasile-filat\\\/#primaryimage\"},\"image\":{\"@id\":\"https:\\\/\\\/moldovacrestina.md\\\/ru\\\/cine-este-aproapele-tau-pastor-vasile-filat\\\/#primaryimage\"},\"thumbnailUrl\":\"https:\\\/\\\/cdn.moldovacrestina.md\\\/2021\\\/12\\\/004255f8-dodmhapbiia.jpg\",\"datePublished\":\"2021-12-08T12:15:09+00:00\",\"dateModified\":\"2024-08-23T05:04:04+00:00\",\"author\":{\"@id\":\"https:\\\/\\\/moldovacrestina.md\\\/ru\\\/#\\\/schema\\\/person\\\/2c1229137b9158f7d3ac74b6ce4db55b\"},\"breadcrumb\":{\"@id\":\"https:\\\/\\\/moldovacrestina.md\\\/ru\\\/cine-este-aproapele-tau-pastor-vasile-filat\\\/#breadcrumb\"},\"inLanguage\":\"ru-RU\",\"potentialAction\":[{\"@type\":\"ReadAction\",\"target\":[\"https:\\\/\\\/moldovacrestina.md\\\/ru\\\/cine-este-aproapele-tau-pastor-vasile-filat\\\/\"]}]},{\"@type\":\"ImageObject\",\"inLanguage\":\"ru-RU\",\"@id\":\"https:\\\/\\\/moldovacrestina.md\\\/ru\\\/cine-este-aproapele-tau-pastor-vasile-filat\\\/#primaryimage\",\"url\":\"https:\\\/\\\/cdn.moldovacrestina.md\\\/2021\\\/12\\\/004255f8-dodmhapbiia.jpg\",\"contentUrl\":\"https:\\\/\\\/cdn.moldovacrestina.md\\\/2021\\\/12\\\/004255f8-dodmhapbiia.jpg\"},{\"@type\":\"BreadcrumbList\",\"@id\":\"https:\\\/\\\/moldovacrestina.md\\\/ru\\\/cine-este-aproapele-tau-pastor-vasile-filat\\\/#breadcrumb\",\"itemListElement\":[{\"@type\":\"ListItem\",\"position\":1,\"name\":\"Prima pagin\u0103\",\"item\":\"https:\\\/\\\/moldovacrestina.md\\\/ru\\\/\"},{\"@type\":\"ListItem\",\"position\":2,\"name\":\"MCTV\",\"item\":\"https:\\\/\\\/moldovacrestina.md\\\/mctv\\\/\"},{\"@type\":\"ListItem\",\"position\":3,\"name\":\"Cine este aproapele t\u0103u? | Pastor Vasile Filat\"}]},{\"@type\":\"WebSite\",\"@id\":\"https:\\\/\\\/moldovacrestina.md\\\/ru\\\/#website\",\"url\":\"https:\\\/\\\/moldovacrestina.md\\\/ru\\\/\",\"name\":\"Moldova Cre\u0219tin\u0103\",\"description\":\"R\u0103spunsuri relevante \u0219i actuale din Biblie\",\"potentialAction\":[{\"@type\":\"SearchAction\",\"target\":{\"@type\":\"EntryPoint\",\"urlTemplate\":\"https:\\\/\\\/moldovacrestina.md\\\/ru\\\/?s={search_term_string}\"},\"query-input\":{\"@type\":\"PropertyValueSpecification\",\"valueRequired\":true,\"valueName\":\"search_term_string\"}}],\"inLanguage\":\"ru-RU\"},{\"@type\":\"Person\",\"@id\":\"https:\\\/\\\/moldovacrestina.md\\\/ru\\\/#\\\/schema\\\/person\\\/2c1229137b9158f7d3ac74b6ce4db55b\",\"name\":\"Moldova Cre\u0219tin\u0103\",\"image\":{\"@type\":\"ImageObject\",\"inLanguage\":\"ru-RU\",\"@id\":\"https:\\\/\\\/secure.gravatar.com\\\/avatar\\\/7ee4a23b83cf7f880340161f8b5b00737ec379bc519884a0d2c05abcf15bd586?s=96&d=mm&r=g\",\"url\":\"https:\\\/\\\/secure.gravatar.com\\\/avatar\\\/7ee4a23b83cf7f880340161f8b5b00737ec379bc519884a0d2c05abcf15bd586?s=96&d=mm&r=g\",\"contentUrl\":\"https:\\\/\\\/secure.gravatar.com\\\/avatar\\\/7ee4a23b83cf7f880340161f8b5b00737ec379bc519884a0d2c05abcf15bd586?s=96&d=mm&r=g\",\"caption\":\"Moldova Cre\u0219tin\u0103\"},\"url\":\"https:\\\/\\\/moldovacrestina.md\\\/ru\\\/author\\\/moldovacrestinatv\\\/\"}]}<\/script>\n<!-- \/ Yoast SEO Premium plugin. -->","yoast_head_json":{"title":"Cine este aproapele t\u0103u? | Pastor Vasile Filat &#8226; Moldova Cre\u0219tin\u0103","robots":{"index":"index","follow":"follow","max-snippet":"max-snippet:-1","max-image-preview":"max-image-preview:large","max-video-preview":"max-video-preview:-1"},"canonical":"https:\/\/moldovacrestina.md\/ru\/cine-este-aproapele-tau-pastor-vasile-filat\/","og_locale":"ru_RU","og_type":"article","og_title":"Cine este aproapele t\u0103u? | Pastor Vasile Filat","og_description":"Cine este aproapele t\u0103u? Pe cine s\u0103 slujesc \u00eent\u00e2i? Fa\u021b\u0103 de cine s\u0103-mi ar\u0103t mil\u0103? Te invit s\u0103 studiem \u00eempreun\u0103","og_url":"https:\/\/moldovacrestina.md\/ru\/cine-este-aproapele-tau-pastor-vasile-filat\/","og_site_name":"Moldova Cre\u0219tin\u0103","article_publisher":"https:\/\/www.facebook.com\/moldovacrestina\/","article_published_time":"2021-12-08T12:15:09+00:00","article_modified_time":"2024-08-23T05:04:04+00:00","og_image":[{"url":"https:\/\/cdn.moldovacrestina.md\/2021\/12\/004255f8-dodmhapbiia.jpg","width":1,"height":1,"type":"image\/jpeg"}],"author":"Moldova Cre\u0219tin\u0103","twitter_card":"summary_large_image","twitter_creator":"@moldovacrestina","twitter_site":"@moldovacrestina","twitter_misc":{"\u041d\u0430\u043f\u0438\u0441\u0430\u043d\u043e \u0430\u0432\u0442\u043e\u0440\u043e\u043c":"Moldova Cre\u0219tin\u0103","\u041f\u0440\u0438\u043c\u0435\u0440\u043d\u043e\u0435 \u0432\u0440\u0435\u043c\u044f \u0434\u043b\u044f \u0447\u0442\u0435\u043d\u0438\u044f":"1 \u043c\u0438\u043d\u0443\u0442\u0430"},"schema":{"@context":"https:\/\/schema.org","@graph":[{"@type":"Article","@id":"https:\/\/moldovacrestina.md\/ru\/cine-este-aproapele-tau-pastor-vasile-filat\/#article","isPartOf":{"@id":"https:\/\/moldovacrestina.md\/ru\/cine-este-aproapele-tau-pastor-vasile-filat\/"},"author":{"name":"Moldova Cre\u0219tin\u0103","@id":"https:\/\/moldovacrestina.md\/ru\/#\/schema\/person\/2c1229137b9158f7d3ac74b6ce4db55b"},"headline":"Cine este aproapele t\u0103u? | Pastor Vasile Filat","datePublished":"2021-12-08T12:15:09+00:00","dateModified":"2024-08-23T05:04:04+00:00","mainEntityOfPage":{"@id":"https:\/\/moldovacrestina.md\/ru\/cine-este-aproapele-tau-pastor-vasile-filat\/"},"wordCount":214,"image":{"@id":"https:\/\/moldovacrestina.md\/ru\/cine-este-aproapele-tau-pastor-vasile-filat\/#primaryimage"},"thumbnailUrl":"https:\/\/cdn.moldovacrestina.md\/2021\/12\/004255f8-dodmhapbiia.jpg","articleSection":["MCTV"],"inLanguage":"ru-RU"},{"@type":"WebPage","@id":"https:\/\/moldovacrestina.md\/ru\/cine-este-aproapele-tau-pastor-vasile-filat\/","url":"https:\/\/moldovacrestina.md\/ru\/cine-este-aproapele-tau-pastor-vasile-filat\/","name":"Cine este aproapele t\u0103u? | Pastor Vasile Filat &#8226; Moldova Cre\u0219tin\u0103","isPartOf":{"@id":"https:\/\/moldovacrestina.md\/ru\/#website"},"primaryImageOfPage":{"@id":"https:\/\/moldovacrestina.md\/ru\/cine-este-aproapele-tau-pastor-vasile-filat\/#primaryimage"},"image":{"@id":"https:\/\/moldovacrestina.md\/ru\/cine-este-aproapele-tau-pastor-vasile-filat\/#primaryimage"},"thumbnailUrl":"https:\/\/cdn.moldovacrestina.md\/2021\/12\/004255f8-dodmhapbiia.jpg","datePublished":"2021-12-08T12:15:09+00:00","dateModified":"2024-08-23T05:04:04+00:00","author":{"@id":"https:\/\/moldovacrestina.md\/ru\/#\/schema\/person\/2c1229137b9158f7d3ac74b6ce4db55b"},"breadcrumb":{"@id":"https:\/\/moldovacrestina.md\/ru\/cine-este-aproapele-tau-pastor-vasile-filat\/#breadcrumb"},"inLanguage":"ru-RU","potentialAction":[{"@type":"ReadAction","target":["https:\/\/moldovacrestina.md\/ru\/cine-este-aproapele-tau-pastor-vasile-filat\/"]}]},{"@type":"ImageObject","inLanguage":"ru-RU","@id":"https:\/\/moldovacrestina.md\/ru\/cine-este-aproapele-tau-pastor-vasile-filat\/#primaryimage","url":"https:\/\/cdn.moldovacrestina.md\/2021\/12\/004255f8-dodmhapbiia.jpg","contentUrl":"https:\/\/cdn.moldovacrestina.md\/2021\/12\/004255f8-dodmhapbiia.jpg"},{"@type":"BreadcrumbList","@id":"https:\/\/moldovacrestina.md\/ru\/cine-este-aproapele-tau-pastor-vasile-filat\/#breadcrumb","itemListElement":[{"@type":"ListItem","position":1,"name":"Prima pagin\u0103","item":"https:\/\/moldovacrestina.md\/ru\/"},{"@type":"ListItem","position":2,"name":"MCTV","item":"https:\/\/moldovacrestina.md\/mctv\/"},{"@type":"ListItem","position":3,"name":"Cine este aproapele t\u0103u? | Pastor Vasile Filat"}]},{"@type":"WebSite","@id":"https:\/\/moldovacrestina.md\/ru\/#website","url":"https:\/\/moldovacrestina.md\/ru\/","name":"Moldova Cre\u0219tin\u0103","description":"R\u0103spunsuri relevante \u0219i actuale din Biblie","potentialAction":[{"@type":"SearchAction","target":{"@type":"EntryPoint","urlTemplate":"https:\/\/moldovacrestina.md\/ru\/?s={search_term_string}"},"query-input":{"@type":"PropertyValueSpecification","valueRequired":true,"valueName":"search_term_string"}}],"inLanguage":"ru-RU"},{"@type":"Person","@id":"https:\/\/moldovacrestina.md\/ru\/#\/schema\/person\/2c1229137b9158f7d3ac74b6ce4db55b","name":"Moldova Cre\u0219tin\u0103","image":{"@type":"ImageObject","inLanguage":"ru-RU","@id":"https:\/\/secure.gravatar.com\/avatar\/7ee4a23b83cf7f880340161f8b5b00737ec379bc519884a0d2c05abcf15bd586?s=96&d=mm&r=g","url":"https:\/\/secure.gravatar.com\/avatar\/7ee4a23b83cf7f880340161f8b5b00737ec379bc519884a0d2c05abcf15bd586?s=96&d=mm&r=g","contentUrl":"https:\/\/secure.gravatar.com\/avatar\/7ee4a23b83cf7f880340161f8b5b00737ec379bc519884a0d2c05abcf15bd586?s=96&d=mm&r=g","caption":"Moldova Cre\u0219tin\u0103"},"url":"https:\/\/moldovacrestina.md\/ru\/author\/moldovacrestinatv\/"}]}},"jetpack_featured_media_url":"https:\/\/cdn.moldovacrestina.md\/2021\/12\/004255f8-dodmhapbiia.jpg","video_meta":{"_ayvpp_video":"dodmhAPbiIA","_ayvpp_video_id":"VVVlVzNIelJUQTdYTnVxNXdfSlJYMG93LmRvZG1oQVBiaUlB","_ayvpp_published":"2021-12-08T14:15:09Z","_ayvpp_author":"Moldova Cre\u0219tin\u0103 TV","_ayvpp_channel":"UCeW3HzRTA7XNuq5w_JRX0ow","_ayvpp_thumbs":{"default":"https:\/\/i.ytimg.com\/vi\/dodmhAPbiIA\/default.jpg","medium":"https:\/\/i.ytimg.com\/vi\/dodmhAPbiIA\/mqdefault.jpg","high":"https:\/\/i.ytimg.com\/vi\/dodmhAPbiIA\/hqdefault.jpg","standard":"https:\/\/i.ytimg.com\/vi\/dodmhAPbiIA\/sddefault.jpg","maxres":"https:\/\/i.ytimg.com\/vi\/dodmhAPbiIA\/maxresdefault.jpg"},"_ayvpp_auto_play":"0","_ayvpp_related_show":"","_ayvpp_playlist_name":"Pastor Vasile Filat"},"featured_image":"https:\/\/cdn.moldovacrestina.md\/2021\/12\/004255f8-dodmhapbiia.jpg","wpml":{"language_code":"ru","locale":"ru_RU","text_direction":false,"display_name":"\u0420\u0443\u0441\u0441\u043a\u0438\u0439","native_name":"Rus\u0103","different_language":false},"jetpack-related-posts":[{"id":362254,"url":"https:\/\/moldovacrestina.md\/cine-este-oprit-la-baptisti-sa-ia-parte-la-sfanta-impartasanie-cina-domnului\/","url_meta":{"origin":331606,"position":0},"title":"Cine este oprit la bapti\u0219ti s\u0103 ia parte la Sf\u00e2nta \u00cemp\u0103rt\u0103\u0219anie (Cina Domnului)?","author":"Moldova Cre\u0219tin\u0103","date":"05.03.2025","format":false,"excerpt":"Nu to\u021bi bapti\u0219tii particip\u0103 la Cina Domnului. Descoper\u0103 \u00een video cine nu are voie s\u0103 ia parte la Sf\u00e2nta \u00cemp\u0103rt\u0103\u0219anie. \u2753Pune o \u00eentrebare: https:\/\/moldovacrestina.md\/ask-the-pastor sau la email contact@moldovacrestina.md \ud83c\udf81 Devino membru \u0219i sus\u021bine lucrarea Moldova Cre\u0219tin\u0103: https:\/\/www.youtube.com\/@Moldova_Crestina\/join \ud83d\udecdCupon special: moldovacrestina15 \u2014 15% reducere la toate manualele disponibile pe site-ul https:\/\/shop.eurasiaprecept.org\u201d\u2026","rel":"","context":"<span class=\"jp-relatedposts-post-author\">Moldova Cre\u0219tin\u0103<\/span>","block_context":{"text":"MCTV","link":"https:\/\/moldovacrestina.md\/mctv\/"},"img":{"alt_text":"","src":"https:\/\/i0.wp.com\/cdn.moldovacrestina.md\/2025\/03\/541cd8af-ulgayvhg9fs.jpg?resize=350%2C200&ssl=1","width":350,"height":200,"srcset":"https:\/\/i0.wp.com\/cdn.moldovacrestina.md\/2025\/03\/541cd8af-ulgayvhg9fs.jpg?resize=350%2C200&ssl=1 1x, https:\/\/i0.wp.com\/cdn.moldovacrestina.md\/2025\/03\/541cd8af-ulgayvhg9fs.jpg?resize=525%2C300&ssl=1 1.5x, https:\/\/i0.wp.com\/cdn.moldovacrestina.md\/2025\/03\/541cd8af-ulgayvhg9fs.jpg?resize=700%2C400&ssl=1 2x, https:\/\/i0.wp.com\/cdn.moldovacrestina.md\/2025\/03\/541cd8af-ulgayvhg9fs.jpg?resize=1050%2C600&ssl=1 3x"},"classes":[]},{"id":362616,"url":"https:\/\/moldovacrestina.md\/este-potrivit-sa-stam-izolati-si-sa-vestim-evanghelia-doar-pe-facebook\/","url_meta":{"origin":331606,"position":1},"title":"Este potrivit s\u0103 st\u0103m izola\u021bi \u0219i s\u0103 vestim Evanghelia doar pe Facebook?","author":"Moldova Cre\u0219tin\u0103","date":"15.04.2025","format":false,"excerpt":"Facebook-ul, ca \u0219i instrument de evanghelizare, e bun, dar e de ajuns? Afl\u0103 cum s\u0103 ie\u0219i din izolare \u0219i s\u0103 tr\u0103ie\u0219ti Evanghelia \u00een lume! \u2753Pune o \u00eentrebare: https:\/\/moldovacrestina.md\/ask-the-pastor sau la email contact@moldovacrestina.md \ud83c\udf81 Devino membru \u0219i sus\u021bine lucrarea Moldova Cre\u0219tin\u0103: https:\/\/www.youtube.com\/@Moldova_Crestina\/join \ud83d\udecdCupon special: moldovacrestina15 \u2014 15% reducere la toate manualele\u2026","rel":"","context":"<span class=\"jp-relatedposts-post-author\">Moldova Cre\u0219tin\u0103<\/span>","block_context":{"text":"MCTV","link":"https:\/\/moldovacrestina.md\/mctv\/"},"img":{"alt_text":"","src":"https:\/\/i0.wp.com\/cdn.moldovacrestina.md\/2025\/04\/6d37f025-ts5udvjzbqk.jpg?resize=350%2C200&ssl=1","width":350,"height":200,"srcset":"https:\/\/i0.wp.com\/cdn.moldovacrestina.md\/2025\/04\/6d37f025-ts5udvjzbqk.jpg?resize=350%2C200&ssl=1 1x, https:\/\/i0.wp.com\/cdn.moldovacrestina.md\/2025\/04\/6d37f025-ts5udvjzbqk.jpg?resize=525%2C300&ssl=1 1.5x, https:\/\/i0.wp.com\/cdn.moldovacrestina.md\/2025\/04\/6d37f025-ts5udvjzbqk.jpg?resize=700%2C400&ssl=1 2x, https:\/\/i0.wp.com\/cdn.moldovacrestina.md\/2025\/04\/6d37f025-ts5udvjzbqk.jpg?resize=1050%2C600&ssl=1 3x"},"classes":[]},{"id":363755,"url":"https:\/\/moldovacrestina.md\/este-pacat-divortul-daca-ambii-soti-il-doresc-pastor-vasile-filat\/","url_meta":{"origin":331606,"position":2},"title":"Este p\u0103cat divor\u021bul dac\u0103 ambii so\u021bi \u00eel doresc? | Pastor Vasile Filat","author":"Moldova Cre\u0219tin\u0103","date":"12.10.2025","format":false,"excerpt":"Mul\u021bi oameni cred c\u0103 dac\u0103 ambii so\u021bi sunt de acord cu desp\u0103r\u021birea, divor\u021bul nu mai este p\u0103cat. Dar ce spune Biblia? \u00cen acest video, pastorul Vasile Filat explic\u0103, pe baza textelor din Matei 19, Maleahi 2 \u0219i Evrei 13:4, c\u0103 Dumnezeu a instituit c\u0103s\u0103toria \u0219i El singur are autoritatea de\u2026","rel":"","context":"<span class=\"jp-relatedposts-post-author\">Moldova Cre\u0219tin\u0103<\/span>","block_context":{"text":"MCTV","link":"https:\/\/moldovacrestina.md\/mctv\/"},"img":{"alt_text":"","src":"https:\/\/i0.wp.com\/cdn.moldovacrestina.md\/2025\/10\/fa6abd08-qnfeu_9zdi4.jpg?resize=350%2C200&ssl=1","width":350,"height":200,"srcset":"https:\/\/i0.wp.com\/cdn.moldovacrestina.md\/2025\/10\/fa6abd08-qnfeu_9zdi4.jpg?resize=350%2C200&ssl=1 1x, https:\/\/i0.wp.com\/cdn.moldovacrestina.md\/2025\/10\/fa6abd08-qnfeu_9zdi4.jpg?resize=525%2C300&ssl=1 1.5x, https:\/\/i0.wp.com\/cdn.moldovacrestina.md\/2025\/10\/fa6abd08-qnfeu_9zdi4.jpg?resize=700%2C400&ssl=1 2x, https:\/\/i0.wp.com\/cdn.moldovacrestina.md\/2025\/10\/fa6abd08-qnfeu_9zdi4.jpg?resize=1050%2C600&ssl=1 3x"},"classes":[]},{"id":364411,"url":"https:\/\/moldovacrestina.md\/cand-frica-de-666-distruge-credinta-cum-ajung-unii-sa-creada-orice-aud-pastor-vasile-filat\/","url_meta":{"origin":331606,"position":3},"title":"C\u00e2nd frica de 666 distruge credin\u021ba. Cum ajung unii s\u0103 cread\u0103 orice aud? | Pastor Vasile Filat","author":"Moldova Cre\u0219tin\u0103","date":"08.01.2026","format":false,"excerpt":"O doamn\u0103 tr\u0103ie\u0219te o fric\u0103 profund\u0103 legat\u0103 de num\u0103rul 666, botez \u0219i Sf\u00e2nta Treime. Dup\u0103 ce a fost botezat\u0103, i s-a spus c\u0103 botezul nu a fost valid. A fost botezat\u0103 din nou. Apoi i s-a spus c\u0103 Sf\u00e2nta Treime nu este biblic\u0103 \u0219i c\u0103 ar fi legat\u0103 de semnul\u2026","rel":"","context":"<span class=\"jp-relatedposts-post-author\">Moldova Cre\u0219tin\u0103<\/span>","block_context":{"text":"MCTV","link":"https:\/\/moldovacrestina.md\/mctv\/"},"img":{"alt_text":"","src":"https:\/\/i0.wp.com\/cdn.moldovacrestina.md\/2026\/01\/eb5fead2-bo_92anogg.jpg?resize=350%2C200&ssl=1","width":350,"height":200,"srcset":"https:\/\/i0.wp.com\/cdn.moldovacrestina.md\/2026\/01\/eb5fead2-bo_92anogg.jpg?resize=350%2C200&ssl=1 1x, https:\/\/i0.wp.com\/cdn.moldovacrestina.md\/2026\/01\/eb5fead2-bo_92anogg.jpg?resize=525%2C300&ssl=1 1.5x, https:\/\/i0.wp.com\/cdn.moldovacrestina.md\/2026\/01\/eb5fead2-bo_92anogg.jpg?resize=700%2C400&ssl=1 2x, https:\/\/i0.wp.com\/cdn.moldovacrestina.md\/2026\/01\/eb5fead2-bo_92anogg.jpg?resize=1050%2C600&ssl=1 3x"},"classes":[]},{"id":362929,"url":"https:\/\/moldovacrestina.md\/cu-cine-va-face-antihristul-legamant-trainic-pentru-o-saptamana-intelegerea-prorociilor\/","url_meta":{"origin":331606,"position":4},"title":"Cu cine va face Antihristul leg\u0103m\u00e2nt trainic pentru o s\u0103pt\u0103m\u00e2n\u0103? | \u00cen\u021belegerea prorociilor","author":"Moldova Cre\u0219tin\u0103","date":"18.06.2025","format":false,"excerpt":"Daniel 9:27 vorbe\u0219te despre un leg\u0103m\u00e2nt pe care \u00eel va \u00eencheia Antihristul. \u00cen\u021belegerea acestui aspect este foarte important \u00een \u00een\u021belegerea evenimentelor profetice. Afl\u0103 cu cine \u00eel va face Antihristul \u0219i ce va declan\u0219a acest pact. \u2753Pune o \u00eentrebare: https:\/\/moldovacrestina.md\/ask-the-pastor sau la email contact@moldovacrestina.md \ud83c\udf81 Devino membru \u0219i sus\u021bine lucrarea Moldova\u2026","rel":"","context":"<span class=\"jp-relatedposts-post-author\">Moldova Cre\u0219tin\u0103<\/span>","block_context":{"text":"MCTV","link":"https:\/\/moldovacrestina.md\/mctv\/"},"img":{"alt_text":"","src":"https:\/\/i0.wp.com\/cdn.moldovacrestina.md\/2025\/06\/9cee6ac3-xqky9r1tr5u.jpg?resize=350%2C200&ssl=1","width":350,"height":200,"srcset":"https:\/\/i0.wp.com\/cdn.moldovacrestina.md\/2025\/06\/9cee6ac3-xqky9r1tr5u.jpg?resize=350%2C200&ssl=1 1x, https:\/\/i0.wp.com\/cdn.moldovacrestina.md\/2025\/06\/9cee6ac3-xqky9r1tr5u.jpg?resize=525%2C300&ssl=1 1.5x, https:\/\/i0.wp.com\/cdn.moldovacrestina.md\/2025\/06\/9cee6ac3-xqky9r1tr5u.jpg?resize=700%2C400&ssl=1 2x, https:\/\/i0.wp.com\/cdn.moldovacrestina.md\/2025\/06\/9cee6ac3-xqky9r1tr5u.jpg?resize=1050%2C600&ssl=1 3x"},"classes":[]},{"id":363515,"url":"https:\/\/moldovacrestina.md\/ce-inseamna-sa-nu-te-impotrivesti-raului-predica-din-matei-5-38-48-pastor-vasile-filat\/","url_meta":{"origin":331606,"position":5},"title":"Ce \u00eenseamn\u0103 s\u0103 nu te \u00eempotrive\u0219ti r\u0103ului | Predica din Matei 5:38-48 | Pastor Vasile Filat","author":"Moldova Cre\u0219tin\u0103","date":"08.09.2025","format":false,"excerpt":"Ce a vrut, de fapt, Domnul Isus s\u0103 ne \u00eenve\u021be atunci c\u00e2nd a spus: \u201eDac\u0103 te love\u0219te cineva peste obrazul drept, \u00eentoarce-i \u0219i pe cel\u0103lalt\u201d? Oare trebuie s\u0103 \u00eencuraj\u0103m r\u0103ul, s\u0103-i l\u0103s\u0103m pe cei nedrep\u021bi s\u0103 fac\u0103 ce vor, f\u0103r\u0103 limite? Cum mai putem tr\u0103i \u00eentr-o societate unde r\u0103ul nu\u2026","rel":"","context":"<span class=\"jp-relatedposts-post-author\">Moldova Cre\u0219tin\u0103<\/span>","block_context":{"text":"MCTV","link":"https:\/\/moldovacrestina.md\/mctv\/"},"img":{"alt_text":"","src":"https:\/\/i0.wp.com\/cdn.moldovacrestina.md\/2025\/09\/26e179e4-w6qnyms5oiw.jpg?resize=350%2C200&ssl=1","width":350,"height":200,"srcset":"https:\/\/i0.wp.com\/cdn.moldovacrestina.md\/2025\/09\/26e179e4-w6qnyms5oiw.jpg?resize=350%2C200&ssl=1 1x, https:\/\/i0.wp.com\/cdn.moldovacrestina.md\/2025\/09\/26e179e4-w6qnyms5oiw.jpg?resize=525%2C300&ssl=1 1.5x, https:\/\/i0.wp.com\/cdn.moldovacrestina.md\/2025\/09\/26e179e4-w6qnyms5oiw.jpg?resize=700%2C400&ssl=1 2x, https:\/\/i0.wp.com\/cdn.moldovacrestina.md\/2025\/09\/26e179e4-w6qnyms5oiw.jpg?resize=1050%2C600&ssl=1 3x"},"classes":[]}],"jetpack_sharing_enabled":true,"_links":{"self":[{"href":"https:\/\/moldovacrestina.md\/ru\/wp-json\/wp\/v2\/posts\/331606","targetHints":{"allow":["GET"]}}],"collection":[{"href":"https:\/\/moldovacrestina.md\/ru\/wp-json\/wp\/v2\/posts"}],"about":[{"href":"https:\/\/moldovacrestina.md\/ru\/wp-json\/wp\/v2\/types\/post"}],"author":[{"embeddable":true,"href":"https:\/\/moldovacrestina.md\/ru\/wp-json\/wp\/v2\/users\/154"}],"replies":[{"embeddable":true,"href":"https:\/\/moldovacrestina.md\/ru\/wp-json\/wp\/v2\/comments?post=331606"}],"version-history":[{"count":0,"href":"https:\/\/moldovacrestina.md\/ru\/wp-json\/wp\/v2\/posts\/331606\/revisions"}],"wp:featuredmedia":[{"embeddable":true,"href":"https:\/\/moldovacrestina.md\/ru\/wp-json\/wp\/v2\/media\/331607"}],"wp:attachment":[{"href":"https:\/\/moldovacrestina.md\/ru\/wp-json\/wp\/v2\/media?parent=331606"}],"wp:term":[{"taxonomy":"category","embeddable":true,"href":"https:\/\/moldovacrestina.md\/ru\/wp-json\/wp\/v2\/categories?post=331606"},{"taxonomy":"post_tag","embeddable":true,"href":"https:\/\/moldovacrestina.md\/ru\/wp-json\/wp\/v2\/tags?post=331606"}],"curies":[{"name":"wp","href":"https:\/\/api.w.org\/{rel}","templated":true}]}}