{"id":331114,"date":"2021-11-07T15:35:58","date_gmt":"2021-11-07T13:35:58","guid":{"rendered":"https:\/\/moldovacrestina.md\/ce-sa-credem-despre-moartea-clinica-pastor-vasile-filat\/"},"modified":"2024-08-23T08:05:09","modified_gmt":"2024-08-23T05:05:09","slug":"ce-sa-credem-despre-moartea-clinica-pastor-vasile-filat","status":"publish","type":"post","link":"https:\/\/moldovacrestina.md\/ru\/ce-sa-credem-despre-moartea-clinica-pastor-vasile-filat\/","title":{"rendered":"Ce s\u0103 credem despre moartea clinic\u0103? | Pastor Vasile Filat"},"content":{"rendered":"<p>Ce s\u0103 credem despre moartea clinic\u0103? Mul\u021bi oameni din \u00eentreaga lume care au experimentat moartea clinic\u0103, spune experien\u021bele lor. Care <!--more--> ar trebui s\u0103 fie atitudinea cre\u0219tinului despre aceste experien\u021be? Se reg\u0103sesc ele \u00een Sf\u00e2nta Scriptur\u0103?<br \/>\nV\u0103 invit s\u0103 asculta\u021bi r\u0103spunsul la aceste \u00eentreb\u0103ri \u00een acest video. <\/p>\n<p>Te invit s\u0103 studiem \u00eempreun\u0103 cartea 1 Corinteni. Studiul acesta \u00eel predau online (ZOOM) \u00een fiecare zi de miercuri la orele 20:00. Manualul dup\u0103 care studiem poate fi procurat la adresa:<br \/>\n<a href=\"https:\/\/shop.eurasiaprecept.org\/produs\/1-corinteni-partea-2\/\" target=\"_blank\" rel=\"nofollow noopener\">https:\/\/shop.eurasiaprecept.org\/produs\/1-corinteni-partea-2\/<\/a><br \/>\n\u00cen format PDF: <a href=\"https:\/\/shop.eurasiaprecept.org\/produs\/1-corinteni-partea-ii\/\" target=\"_blank\" rel=\"nofollow noopener\">https:\/\/shop.eurasiaprecept.org\/produs\/1-corinteni-partea-ii\/<\/a><\/p>\n<p>Alege de la link-ul de mai jos unul din grupele unde se completeaz\u0103 \u00eempreun\u0103 manualul \u0219i contacteaz\u0103 pe liderul de grup pentru detalii:<br \/>\n<a href=\"https:\/\/moldovacrestina.md\/studiaza-biblia-online\/\" target=\"_blank\" rel=\"nofollow noopener\">https:\/\/moldovacrestina.md\/studiaza-biblia-online\/<\/a><\/p>\n<p>Dac\u0103 dori\u021bi s\u0103 oferi\u021bi o contribu\u021bie financiar\u0103 \u0219i s\u0103 lua\u021bi parte \u00eempreun\u0103 cu noi la aceast\u0103 lucrare, accesa\u021bi link-ul: <a href=\"https:\/\/moldovacrestina.md\/doneaza\/\" target=\"_blank\" rel=\"nofollow noopener\">https:\/\/moldovacrestina.md\/doneaza\/<\/a><\/p>\n<p>Contacta\u021bi-ne la adresa de mail: contact@moldovacrestina.md<br \/>\nUrm\u0103ri\u021bi-ne pe Facebook: <a href=\"https:\/\/www.facebook.com\/moldovacrestina\" target=\"_blank\" rel=\"nofollow noopener\">https:\/\/www.facebook.com\/moldovacrestina<\/a><br \/>\nSite: <a href=\"https:\/\/www.moldovacrestina.md\/\" target=\"_blank\" rel=\"nofollow noopener\">https:\/\/www.moldovacrestina.md\/<\/a><br \/>\nIntr\u0103 \u0219i pe telegram: <a href=\"https:\/\/t.me\/moldovacrestina\" target=\"_blank\" rel=\"nofollow noopener\">https:\/\/t.me\/moldovacrestina<\/a><\/p>\n<p>Pentru discu\u021bii personale cu pastorul Vasile Filat  v\u0103 invit\u0103m la<br \/>\nBISERICA BUNAVESTIREA DIN CHI\u0218IN\u0102U<br \/>\nStr. Cioc\u00e2rliei 2\/8, Chi\u0219in\u0103u, Rep.Moldova<br \/>\nServicii Divine:<br \/>\n                        Duminic\u0103, 14:00 &#8211; 16:00<br \/>\n                        Joi, 19:30 &#8211; ora de rug\u0103ciune<br \/>\nComanda\u021bi manuale de studiu biblic la info@precept.md<br \/>\n Alte informa\u021bii la: +373(69)966779<\/p>\n<p>#VasileFilat #MoldovaCrestina #moartea_clinic\u0103<\/p>\n","protected":false},"excerpt":{"rendered":"<p>Ce s\u0103 credem despre moartea clinic\u0103? Mul\u021bi oameni din \u00eentreaga lume care au experimentat moartea clinic\u0103, spune experien\u021bele lor. Care<\/p>\n","protected":false},"author":154,"featured_media":331115,"comment_status":"closed","ping_status":"closed","sticky":false,"template":"","format":"standard","meta":{"_acf_changed":false,"inline_featured_image":false,"_monsterinsights_skip_tracking":false,"_monsterinsights_sitenote_active":false,"_monsterinsights_sitenote_note":"","_monsterinsights_sitenote_category":0,"_genesis_hide_title":false,"_genesis_hide_breadcrumbs":false,"_genesis_hide_singular_image":false,"_genesis_hide_footer_widgets":false,"_genesis_custom_body_class":"","_genesis_custom_post_class":"","_genesis_layout":"","ep_exclude_from_search":false,"_jetpack_memberships_contains_paid_content":false,"footnotes":""},"categories":[23555],"tags":[],"class_list":{"0":"post-331114","1":"post","2":"type-post","3":"status-publish","4":"format-standard","5":"has-post-thumbnail","7":"category-mctv","8":"entry"},"acf":[],"yoast_head":"<!-- This site is optimized with the Yoast SEO Premium plugin v26.5 (Yoast SEO v27.4) - https:\/\/yoast.com\/product\/yoast-seo-premium-wordpress\/ -->\n<title>Ce s\u0103 credem despre moartea clinic\u0103? | Pastor Vasile Filat &#8226; Moldova Cre\u0219tin\u0103<\/title>\n<meta name=\"robots\" content=\"index, follow, max-snippet:-1, max-image-preview:large, max-video-preview:-1\" \/>\n<link rel=\"canonical\" href=\"https:\/\/moldovacrestina.md\/ru\/ce-sa-credem-despre-moartea-clinica-pastor-vasile-filat\/\" \/>\n<meta property=\"og:locale\" content=\"ru_RU\" \/>\n<meta property=\"og:type\" content=\"article\" \/>\n<meta property=\"og:title\" content=\"Ce s\u0103 credem despre moartea clinic\u0103? | Pastor Vasile Filat\" \/>\n<meta property=\"og:description\" content=\"Ce s\u0103 credem despre moartea clinic\u0103? Mul\u021bi oameni din \u00eentreaga lume care au experimentat moartea clinic\u0103, spune experien\u021bele lor. Care\" \/>\n<meta property=\"og:url\" content=\"https:\/\/moldovacrestina.md\/ru\/ce-sa-credem-despre-moartea-clinica-pastor-vasile-filat\/\" \/>\n<meta property=\"og:site_name\" content=\"Moldova Cre\u0219tin\u0103\" \/>\n<meta property=\"article:publisher\" content=\"https:\/\/www.facebook.com\/moldovacrestina\/\" \/>\n<meta property=\"article:published_time\" content=\"2021-11-07T13:35:58+00:00\" \/>\n<meta property=\"article:modified_time\" content=\"2024-08-23T05:05:09+00:00\" \/>\n<meta property=\"og:image\" content=\"https:\/\/cdn.moldovacrestina.md\/2021\/11\/a99de716-w-pxhyakz18.jpg\" \/>\n\t<meta property=\"og:image:width\" content=\"1\" \/>\n\t<meta property=\"og:image:height\" content=\"1\" \/>\n\t<meta property=\"og:image:type\" content=\"image\/jpeg\" \/>\n<meta name=\"author\" content=\"Moldova Cre\u0219tin\u0103\" \/>\n<meta name=\"twitter:card\" content=\"summary_large_image\" \/>\n<meta name=\"twitter:creator\" content=\"@moldovacrestina\" \/>\n<meta name=\"twitter:site\" content=\"@moldovacrestina\" \/>\n<meta name=\"twitter:label1\" content=\"\u041d\u0430\u043f\u0438\u0441\u0430\u043d\u043e \u0430\u0432\u0442\u043e\u0440\u043e\u043c\" \/>\n\t<meta name=\"twitter:data1\" content=\"Moldova Cre\u0219tin\u0103\" \/>\n\t<meta name=\"twitter:label2\" content=\"\u041f\u0440\u0438\u043c\u0435\u0440\u043d\u043e\u0435 \u0432\u0440\u0435\u043c\u044f \u0434\u043b\u044f \u0447\u0442\u0435\u043d\u0438\u044f\" \/>\n\t<meta name=\"twitter:data2\" content=\"1 \u043c\u0438\u043d\u0443\u0442\u0430\" \/>\n<script type=\"application\/ld+json\" class=\"yoast-schema-graph\">{\"@context\":\"https:\\\/\\\/schema.org\",\"@graph\":[{\"@type\":\"Article\",\"@id\":\"https:\\\/\\\/moldovacrestina.md\\\/ru\\\/ce-sa-credem-despre-moartea-clinica-pastor-vasile-filat\\\/#article\",\"isPartOf\":{\"@id\":\"https:\\\/\\\/moldovacrestina.md\\\/ru\\\/ce-sa-credem-despre-moartea-clinica-pastor-vasile-filat\\\/\"},\"author\":{\"name\":\"Moldova Cre\u0219tin\u0103\",\"@id\":\"https:\\\/\\\/moldovacrestina.md\\\/ru\\\/#\\\/schema\\\/person\\\/2c1229137b9158f7d3ac74b6ce4db55b\"},\"headline\":\"Ce s\u0103 credem despre moartea clinic\u0103? | Pastor Vasile Filat\",\"datePublished\":\"2021-11-07T13:35:58+00:00\",\"dateModified\":\"2024-08-23T05:05:09+00:00\",\"mainEntityOfPage\":{\"@id\":\"https:\\\/\\\/moldovacrestina.md\\\/ru\\\/ce-sa-credem-despre-moartea-clinica-pastor-vasile-filat\\\/\"},\"wordCount\":249,\"image\":{\"@id\":\"https:\\\/\\\/moldovacrestina.md\\\/ru\\\/ce-sa-credem-despre-moartea-clinica-pastor-vasile-filat\\\/#primaryimage\"},\"thumbnailUrl\":\"https:\\\/\\\/cdn.moldovacrestina.md\\\/2021\\\/11\\\/a99de716-w-pxhyakz18.jpg\",\"articleSection\":[\"MCTV\"],\"inLanguage\":\"ru-RU\"},{\"@type\":\"WebPage\",\"@id\":\"https:\\\/\\\/moldovacrestina.md\\\/ru\\\/ce-sa-credem-despre-moartea-clinica-pastor-vasile-filat\\\/\",\"url\":\"https:\\\/\\\/moldovacrestina.md\\\/ru\\\/ce-sa-credem-despre-moartea-clinica-pastor-vasile-filat\\\/\",\"name\":\"Ce s\u0103 credem despre moartea clinic\u0103? | Pastor Vasile Filat &#8226; Moldova Cre\u0219tin\u0103\",\"isPartOf\":{\"@id\":\"https:\\\/\\\/moldovacrestina.md\\\/ru\\\/#website\"},\"primaryImageOfPage\":{\"@id\":\"https:\\\/\\\/moldovacrestina.md\\\/ru\\\/ce-sa-credem-despre-moartea-clinica-pastor-vasile-filat\\\/#primaryimage\"},\"image\":{\"@id\":\"https:\\\/\\\/moldovacrestina.md\\\/ru\\\/ce-sa-credem-despre-moartea-clinica-pastor-vasile-filat\\\/#primaryimage\"},\"thumbnailUrl\":\"https:\\\/\\\/cdn.moldovacrestina.md\\\/2021\\\/11\\\/a99de716-w-pxhyakz18.jpg\",\"datePublished\":\"2021-11-07T13:35:58+00:00\",\"dateModified\":\"2024-08-23T05:05:09+00:00\",\"author\":{\"@id\":\"https:\\\/\\\/moldovacrestina.md\\\/ru\\\/#\\\/schema\\\/person\\\/2c1229137b9158f7d3ac74b6ce4db55b\"},\"breadcrumb\":{\"@id\":\"https:\\\/\\\/moldovacrestina.md\\\/ru\\\/ce-sa-credem-despre-moartea-clinica-pastor-vasile-filat\\\/#breadcrumb\"},\"inLanguage\":\"ru-RU\",\"potentialAction\":[{\"@type\":\"ReadAction\",\"target\":[\"https:\\\/\\\/moldovacrestina.md\\\/ru\\\/ce-sa-credem-despre-moartea-clinica-pastor-vasile-filat\\\/\"]}]},{\"@type\":\"ImageObject\",\"inLanguage\":\"ru-RU\",\"@id\":\"https:\\\/\\\/moldovacrestina.md\\\/ru\\\/ce-sa-credem-despre-moartea-clinica-pastor-vasile-filat\\\/#primaryimage\",\"url\":\"https:\\\/\\\/cdn.moldovacrestina.md\\\/2021\\\/11\\\/a99de716-w-pxhyakz18.jpg\",\"contentUrl\":\"https:\\\/\\\/cdn.moldovacrestina.md\\\/2021\\\/11\\\/a99de716-w-pxhyakz18.jpg\"},{\"@type\":\"BreadcrumbList\",\"@id\":\"https:\\\/\\\/moldovacrestina.md\\\/ru\\\/ce-sa-credem-despre-moartea-clinica-pastor-vasile-filat\\\/#breadcrumb\",\"itemListElement\":[{\"@type\":\"ListItem\",\"position\":1,\"name\":\"Prima pagin\u0103\",\"item\":\"https:\\\/\\\/moldovacrestina.md\\\/ru\\\/\"},{\"@type\":\"ListItem\",\"position\":2,\"name\":\"MCTV\",\"item\":\"https:\\\/\\\/moldovacrestina.md\\\/mctv\\\/\"},{\"@type\":\"ListItem\",\"position\":3,\"name\":\"Ce s\u0103 credem despre moartea clinic\u0103? | Pastor Vasile Filat\"}]},{\"@type\":\"WebSite\",\"@id\":\"https:\\\/\\\/moldovacrestina.md\\\/ru\\\/#website\",\"url\":\"https:\\\/\\\/moldovacrestina.md\\\/ru\\\/\",\"name\":\"Moldova Cre\u0219tin\u0103\",\"description\":\"R\u0103spunsuri relevante \u0219i actuale din Biblie\",\"potentialAction\":[{\"@type\":\"SearchAction\",\"target\":{\"@type\":\"EntryPoint\",\"urlTemplate\":\"https:\\\/\\\/moldovacrestina.md\\\/ru\\\/?s={search_term_string}\"},\"query-input\":{\"@type\":\"PropertyValueSpecification\",\"valueRequired\":true,\"valueName\":\"search_term_string\"}}],\"inLanguage\":\"ru-RU\"},{\"@type\":\"Person\",\"@id\":\"https:\\\/\\\/moldovacrestina.md\\\/ru\\\/#\\\/schema\\\/person\\\/2c1229137b9158f7d3ac74b6ce4db55b\",\"name\":\"Moldova Cre\u0219tin\u0103\",\"image\":{\"@type\":\"ImageObject\",\"inLanguage\":\"ru-RU\",\"@id\":\"https:\\\/\\\/secure.gravatar.com\\\/avatar\\\/7ee4a23b83cf7f880340161f8b5b00737ec379bc519884a0d2c05abcf15bd586?s=96&d=mm&r=g\",\"url\":\"https:\\\/\\\/secure.gravatar.com\\\/avatar\\\/7ee4a23b83cf7f880340161f8b5b00737ec379bc519884a0d2c05abcf15bd586?s=96&d=mm&r=g\",\"contentUrl\":\"https:\\\/\\\/secure.gravatar.com\\\/avatar\\\/7ee4a23b83cf7f880340161f8b5b00737ec379bc519884a0d2c05abcf15bd586?s=96&d=mm&r=g\",\"caption\":\"Moldova Cre\u0219tin\u0103\"},\"url\":\"https:\\\/\\\/moldovacrestina.md\\\/ru\\\/author\\\/moldovacrestinatv\\\/\"}]}<\/script>\n<!-- \/ Yoast SEO Premium plugin. -->","yoast_head_json":{"title":"Ce s\u0103 credem despre moartea clinic\u0103? | Pastor Vasile Filat &#8226; Moldova Cre\u0219tin\u0103","robots":{"index":"index","follow":"follow","max-snippet":"max-snippet:-1","max-image-preview":"max-image-preview:large","max-video-preview":"max-video-preview:-1"},"canonical":"https:\/\/moldovacrestina.md\/ru\/ce-sa-credem-despre-moartea-clinica-pastor-vasile-filat\/","og_locale":"ru_RU","og_type":"article","og_title":"Ce s\u0103 credem despre moartea clinic\u0103? | Pastor Vasile Filat","og_description":"Ce s\u0103 credem despre moartea clinic\u0103? Mul\u021bi oameni din \u00eentreaga lume care au experimentat moartea clinic\u0103, spune experien\u021bele lor. Care","og_url":"https:\/\/moldovacrestina.md\/ru\/ce-sa-credem-despre-moartea-clinica-pastor-vasile-filat\/","og_site_name":"Moldova Cre\u0219tin\u0103","article_publisher":"https:\/\/www.facebook.com\/moldovacrestina\/","article_published_time":"2021-11-07T13:35:58+00:00","article_modified_time":"2024-08-23T05:05:09+00:00","og_image":[{"url":"https:\/\/cdn.moldovacrestina.md\/2021\/11\/a99de716-w-pxhyakz18.jpg","width":1,"height":1,"type":"image\/jpeg"}],"author":"Moldova Cre\u0219tin\u0103","twitter_card":"summary_large_image","twitter_creator":"@moldovacrestina","twitter_site":"@moldovacrestina","twitter_misc":{"\u041d\u0430\u043f\u0438\u0441\u0430\u043d\u043e \u0430\u0432\u0442\u043e\u0440\u043e\u043c":"Moldova Cre\u0219tin\u0103","\u041f\u0440\u0438\u043c\u0435\u0440\u043d\u043e\u0435 \u0432\u0440\u0435\u043c\u044f \u0434\u043b\u044f \u0447\u0442\u0435\u043d\u0438\u044f":"1 \u043c\u0438\u043d\u0443\u0442\u0430"},"schema":{"@context":"https:\/\/schema.org","@graph":[{"@type":"Article","@id":"https:\/\/moldovacrestina.md\/ru\/ce-sa-credem-despre-moartea-clinica-pastor-vasile-filat\/#article","isPartOf":{"@id":"https:\/\/moldovacrestina.md\/ru\/ce-sa-credem-despre-moartea-clinica-pastor-vasile-filat\/"},"author":{"name":"Moldova Cre\u0219tin\u0103","@id":"https:\/\/moldovacrestina.md\/ru\/#\/schema\/person\/2c1229137b9158f7d3ac74b6ce4db55b"},"headline":"Ce s\u0103 credem despre moartea clinic\u0103? | Pastor Vasile Filat","datePublished":"2021-11-07T13:35:58+00:00","dateModified":"2024-08-23T05:05:09+00:00","mainEntityOfPage":{"@id":"https:\/\/moldovacrestina.md\/ru\/ce-sa-credem-despre-moartea-clinica-pastor-vasile-filat\/"},"wordCount":249,"image":{"@id":"https:\/\/moldovacrestina.md\/ru\/ce-sa-credem-despre-moartea-clinica-pastor-vasile-filat\/#primaryimage"},"thumbnailUrl":"https:\/\/cdn.moldovacrestina.md\/2021\/11\/a99de716-w-pxhyakz18.jpg","articleSection":["MCTV"],"inLanguage":"ru-RU"},{"@type":"WebPage","@id":"https:\/\/moldovacrestina.md\/ru\/ce-sa-credem-despre-moartea-clinica-pastor-vasile-filat\/","url":"https:\/\/moldovacrestina.md\/ru\/ce-sa-credem-despre-moartea-clinica-pastor-vasile-filat\/","name":"Ce s\u0103 credem despre moartea clinic\u0103? | Pastor Vasile Filat &#8226; Moldova Cre\u0219tin\u0103","isPartOf":{"@id":"https:\/\/moldovacrestina.md\/ru\/#website"},"primaryImageOfPage":{"@id":"https:\/\/moldovacrestina.md\/ru\/ce-sa-credem-despre-moartea-clinica-pastor-vasile-filat\/#primaryimage"},"image":{"@id":"https:\/\/moldovacrestina.md\/ru\/ce-sa-credem-despre-moartea-clinica-pastor-vasile-filat\/#primaryimage"},"thumbnailUrl":"https:\/\/cdn.moldovacrestina.md\/2021\/11\/a99de716-w-pxhyakz18.jpg","datePublished":"2021-11-07T13:35:58+00:00","dateModified":"2024-08-23T05:05:09+00:00","author":{"@id":"https:\/\/moldovacrestina.md\/ru\/#\/schema\/person\/2c1229137b9158f7d3ac74b6ce4db55b"},"breadcrumb":{"@id":"https:\/\/moldovacrestina.md\/ru\/ce-sa-credem-despre-moartea-clinica-pastor-vasile-filat\/#breadcrumb"},"inLanguage":"ru-RU","potentialAction":[{"@type":"ReadAction","target":["https:\/\/moldovacrestina.md\/ru\/ce-sa-credem-despre-moartea-clinica-pastor-vasile-filat\/"]}]},{"@type":"ImageObject","inLanguage":"ru-RU","@id":"https:\/\/moldovacrestina.md\/ru\/ce-sa-credem-despre-moartea-clinica-pastor-vasile-filat\/#primaryimage","url":"https:\/\/cdn.moldovacrestina.md\/2021\/11\/a99de716-w-pxhyakz18.jpg","contentUrl":"https:\/\/cdn.moldovacrestina.md\/2021\/11\/a99de716-w-pxhyakz18.jpg"},{"@type":"BreadcrumbList","@id":"https:\/\/moldovacrestina.md\/ru\/ce-sa-credem-despre-moartea-clinica-pastor-vasile-filat\/#breadcrumb","itemListElement":[{"@type":"ListItem","position":1,"name":"Prima pagin\u0103","item":"https:\/\/moldovacrestina.md\/ru\/"},{"@type":"ListItem","position":2,"name":"MCTV","item":"https:\/\/moldovacrestina.md\/mctv\/"},{"@type":"ListItem","position":3,"name":"Ce s\u0103 credem despre moartea clinic\u0103? | Pastor Vasile Filat"}]},{"@type":"WebSite","@id":"https:\/\/moldovacrestina.md\/ru\/#website","url":"https:\/\/moldovacrestina.md\/ru\/","name":"Moldova Cre\u0219tin\u0103","description":"R\u0103spunsuri relevante \u0219i actuale din Biblie","potentialAction":[{"@type":"SearchAction","target":{"@type":"EntryPoint","urlTemplate":"https:\/\/moldovacrestina.md\/ru\/?s={search_term_string}"},"query-input":{"@type":"PropertyValueSpecification","valueRequired":true,"valueName":"search_term_string"}}],"inLanguage":"ru-RU"},{"@type":"Person","@id":"https:\/\/moldovacrestina.md\/ru\/#\/schema\/person\/2c1229137b9158f7d3ac74b6ce4db55b","name":"Moldova Cre\u0219tin\u0103","image":{"@type":"ImageObject","inLanguage":"ru-RU","@id":"https:\/\/secure.gravatar.com\/avatar\/7ee4a23b83cf7f880340161f8b5b00737ec379bc519884a0d2c05abcf15bd586?s=96&d=mm&r=g","url":"https:\/\/secure.gravatar.com\/avatar\/7ee4a23b83cf7f880340161f8b5b00737ec379bc519884a0d2c05abcf15bd586?s=96&d=mm&r=g","contentUrl":"https:\/\/secure.gravatar.com\/avatar\/7ee4a23b83cf7f880340161f8b5b00737ec379bc519884a0d2c05abcf15bd586?s=96&d=mm&r=g","caption":"Moldova Cre\u0219tin\u0103"},"url":"https:\/\/moldovacrestina.md\/ru\/author\/moldovacrestinatv\/"}]}},"jetpack_featured_media_url":"https:\/\/cdn.moldovacrestina.md\/2021\/11\/a99de716-w-pxhyakz18.jpg","video_meta":{"_ayvpp_video":"W-PXhyAkz18","_ayvpp_video_id":"VVVlVzNIelJUQTdYTnVxNXdfSlJYMG93LlctUFhoeUFrejE4","_ayvpp_published":"2021-11-07T15:35:58Z","_ayvpp_author":"Moldova Cre\u0219tin\u0103 TV","_ayvpp_channel":"UCeW3HzRTA7XNuq5w_JRX0ow","_ayvpp_thumbs":{"default":"https:\/\/i.ytimg.com\/vi\/W-PXhyAkz18\/default.jpg","medium":"https:\/\/i.ytimg.com\/vi\/W-PXhyAkz18\/mqdefault.jpg","high":"https:\/\/i.ytimg.com\/vi\/W-PXhyAkz18\/hqdefault.jpg","standard":"https:\/\/i.ytimg.com\/vi\/W-PXhyAkz18\/sddefault.jpg","maxres":"https:\/\/i.ytimg.com\/vi\/W-PXhyAkz18\/maxresdefault.jpg"},"_ayvpp_auto_play":"0","_ayvpp_related_show":"","_ayvpp_playlist_name":"Pastor Vasile Filat"},"featured_image":"https:\/\/cdn.moldovacrestina.md\/2021\/11\/a99de716-w-pxhyakz18.jpg","wpml":{"language_code":"ru","locale":"ru_RU","text_direction":false,"display_name":"\u0420\u0443\u0441\u0441\u043a\u0438\u0439","native_name":"Rus\u0103","different_language":false},"jetpack-related-posts":[{"id":364062,"url":"https:\/\/moldovacrestina.md\/pot-sa-ma-casatoresc-cu-un-barbat-divortat-o-discutie-live-cu-pastorul-vasile-filat\/","url_meta":{"origin":331114,"position":0},"title":"Pot s\u0103 m\u0103 c\u0103s\u0103toresc cu un b\u0103rbat divor\u021bat? | O discu\u021bie LIVE cu pastorul Vasile Filat","author":"Moldova Cre\u0219tin\u0103","date":"20.11.2025","format":false,"excerpt":"\u00cen acest LIVE, Vitalie Marian discut\u0103 \u00eempreun\u0103 cu pastorul Vasile Filat despre unul dintre cele mai delicate \u0219i dureroase subiecte din familiile de ast\u0103zi: divor\u021bul. De ce ajung cre\u0219tinii \u00een pragul desp\u0103r\u021birii? Ce spune Biblia despre divor\u021b \u0219i care sunt situa\u021biile \u00een care Scriptura permite sau nu permite ruptura? Cum\u2026","rel":"","context":"<span class=\"jp-relatedposts-post-author\">Moldova Cre\u0219tin\u0103<\/span>","block_context":{"text":"MCTV","link":"https:\/\/moldovacrestina.md\/mctv\/"},"img":{"alt_text":"","src":"https:\/\/i0.wp.com\/cdn.moldovacrestina.md\/2025\/11\/bf956ca7-rdsow82qb4u.jpg?resize=350%2C200&ssl=1","width":350,"height":200,"srcset":"https:\/\/i0.wp.com\/cdn.moldovacrestina.md\/2025\/11\/bf956ca7-rdsow82qb4u.jpg?resize=350%2C200&ssl=1 1x, https:\/\/i0.wp.com\/cdn.moldovacrestina.md\/2025\/11\/bf956ca7-rdsow82qb4u.jpg?resize=525%2C300&ssl=1 1.5x, https:\/\/i0.wp.com\/cdn.moldovacrestina.md\/2025\/11\/bf956ca7-rdsow82qb4u.jpg?resize=700%2C400&ssl=1 2x, https:\/\/i0.wp.com\/cdn.moldovacrestina.md\/2025\/11\/bf956ca7-rdsow82qb4u.jpg?resize=1050%2C600&ssl=1 3x"},"classes":[]},{"id":363999,"url":"https:\/\/moldovacrestina.md\/ar-mai-exista-pastori-daca-nimeni-nu-ar-mai-dona-bani-pastor-vasile-filat\/","url_meta":{"origin":331114,"position":1},"title":"Ar mai exista pastori dac\u0103 nimeni nu ar mai dona bani? | Pastor Vasile Filat","author":"Moldova Cre\u0219tin\u0103","date":"11.11.2025","format":false,"excerpt":"Mul\u021bi cred c\u0103 pastorii \u0219i preo\u021bii slujesc doar pentru bani. \u00centrebarea este: \u201eOare ar mai exista pastori sau preo\u021bi dac\u0103 nimeni nu ar dona nici un ban?\u201d \u00cen acest video vei afla: - ce spune Biblia despre sus\u021binerea material\u0103 a celor care predic\u0103, - de ce Dumnezeu a r\u00e2nduit ca\u2026","rel":"","context":"<span class=\"jp-relatedposts-post-author\">Moldova Cre\u0219tin\u0103<\/span>","block_context":{"text":"MCTV","link":"https:\/\/moldovacrestina.md\/mctv\/"},"img":{"alt_text":"","src":"https:\/\/i0.wp.com\/cdn.moldovacrestina.md\/2025\/11\/56bdfef1-ktvxu5hzxbu.jpg?resize=350%2C200&ssl=1","width":350,"height":200,"srcset":"https:\/\/i0.wp.com\/cdn.moldovacrestina.md\/2025\/11\/56bdfef1-ktvxu5hzxbu.jpg?resize=350%2C200&ssl=1 1x, https:\/\/i0.wp.com\/cdn.moldovacrestina.md\/2025\/11\/56bdfef1-ktvxu5hzxbu.jpg?resize=525%2C300&ssl=1 1.5x, https:\/\/i0.wp.com\/cdn.moldovacrestina.md\/2025\/11\/56bdfef1-ktvxu5hzxbu.jpg?resize=700%2C400&ssl=1 2x, https:\/\/i0.wp.com\/cdn.moldovacrestina.md\/2025\/11\/56bdfef1-ktvxu5hzxbu.jpg?resize=1050%2C600&ssl=1 3x"},"classes":[]},{"id":364175,"url":"https:\/\/moldovacrestina.md\/este-liturghia-o-jertfa-ce-spune-biblia-pastor-vasile-filat\/","url_meta":{"origin":331114,"position":2},"title":"Este liturghia o jertf\u0103? Ce spune Biblia? | Pastor Vasile Filat","author":"Moldova Cre\u0219tin\u0103","date":"10.12.2025","format":false,"excerpt":"Ce spune Biblia despre jertfa adus\u0103 la sf\u00e2nta liturghie? Pastorul Vasile Filat explic\u0103, prin texte clare din Scriptur\u0103, dac\u0103 liturghia este o jertf\u0103 repetat\u0103 sau o comemorare a jertfei lui Hristos. Afl\u0103 ce \u00eenseamn\u0103, de fapt, Cina Domnului \u0219i ce spune Biblia despre suficien\u021ba jertfei de pe Golgota. Subiecte abordate\u2026","rel":"","context":"<span class=\"jp-relatedposts-post-author\">Moldova Cre\u0219tin\u0103<\/span>","block_context":{"text":"MCTV","link":"https:\/\/moldovacrestina.md\/mctv\/"},"img":{"alt_text":"","src":"https:\/\/i0.wp.com\/cdn.moldovacrestina.md\/2025\/12\/0f8e955d-h2mhpwxffr0.jpg?resize=350%2C200&ssl=1","width":350,"height":200,"srcset":"https:\/\/i0.wp.com\/cdn.moldovacrestina.md\/2025\/12\/0f8e955d-h2mhpwxffr0.jpg?resize=350%2C200&ssl=1 1x, https:\/\/i0.wp.com\/cdn.moldovacrestina.md\/2025\/12\/0f8e955d-h2mhpwxffr0.jpg?resize=525%2C300&ssl=1 1.5x, https:\/\/i0.wp.com\/cdn.moldovacrestina.md\/2025\/12\/0f8e955d-h2mhpwxffr0.jpg?resize=700%2C400&ssl=1 2x, https:\/\/i0.wp.com\/cdn.moldovacrestina.md\/2025\/12\/0f8e955d-h2mhpwxffr0.jpg?resize=1050%2C600&ssl=1 3x"},"classes":[]},{"id":363979,"url":"https:\/\/moldovacrestina.md\/ce-inseamna-plod-fara-chip-persoana-din-momentul-conceperii-pastor-vasile-filat\/","url_meta":{"origin":331114,"position":3},"title":"Ce \u00eenseamn\u0103 \u201eplod f\u0103r\u0103 chip\u201d? Persoan\u0103 din momentul conceperii  | Pastor Vasile Filat","author":"Moldova Cre\u0219tin\u0103","date":"08.11.2025","format":false,"excerpt":"Ce \u00eenseamn\u0103 \u201eplod f\u0103r\u0103 chip\u201d din Psalmul 139? Biblia spune clar c\u0103 Dumnezeu ne vede \u0219i ne cunoa\u0219te \u00eenc\u0103 din momentul conceperii, chiar \u00eenainte ca trupul s\u0103 fie format. \u00cen acest video vei afla: - c\u00e2nd devenim persoane \u00eenaintea lui Dumnezeu, - ce spune Scriptura despre copilul nen\u0103scut, - de\u2026","rel":"","context":"<span class=\"jp-relatedposts-post-author\">Moldova Cre\u0219tin\u0103<\/span>","block_context":{"text":"MCTV","link":"https:\/\/moldovacrestina.md\/mctv\/"},"img":{"alt_text":"","src":"https:\/\/i0.wp.com\/cdn.moldovacrestina.md\/2025\/11\/be46dcdc-0eeknvw5_4e.jpg?resize=350%2C200&ssl=1","width":350,"height":200,"srcset":"https:\/\/i0.wp.com\/cdn.moldovacrestina.md\/2025\/11\/be46dcdc-0eeknvw5_4e.jpg?resize=350%2C200&ssl=1 1x, https:\/\/i0.wp.com\/cdn.moldovacrestina.md\/2025\/11\/be46dcdc-0eeknvw5_4e.jpg?resize=525%2C300&ssl=1 1.5x, https:\/\/i0.wp.com\/cdn.moldovacrestina.md\/2025\/11\/be46dcdc-0eeknvw5_4e.jpg?resize=700%2C400&ssl=1 2x, https:\/\/i0.wp.com\/cdn.moldovacrestina.md\/2025\/11\/be46dcdc-0eeknvw5_4e.jpg?resize=1050%2C600&ssl=1 3x"},"classes":[]},{"id":363232,"url":"https:\/\/moldovacrestina.md\/preotul-batut-in-grinauti-si-profesorul-din-falesti-care-si-a-impuscat-sotia-si-s-a-sinucis\/","url_meta":{"origin":331114,"position":4},"title":"Preotul b\u0103tut \u00een Grin\u0103u\u021bi \u0219i profesorul din F\u0103le\u0219ti care \u0219i-a \u00eempu\u0219cat so\u021bia \u0219i s-a sinucis","author":"Moldova Cre\u0219tin\u0103","date":"17.07.2025","format":false,"excerpt":"Ce leg\u0103tur\u0103 au un profesor cu diplom\u0103 care nu \u0219i-a putut st\u0103p\u00e2ni m\u00e2nia, un preot izgonit, fete care se bat \u00eentr-o \u0219coal\u0103, \u0219i o femeie ars\u0103 cu benzin\u0103 de propriul so\u021b? \u00cen acest video, pastorul Vasile Filat comenteaz\u0103 patru evenimente tragice din Moldova \u0219i arat\u0103 ce spune Biblia despre violen\u021b\u0103,\u2026","rel":"","context":"<span class=\"jp-relatedposts-post-author\">Moldova Cre\u0219tin\u0103<\/span>","block_context":{"text":"MCTV","link":"https:\/\/moldovacrestina.md\/mctv\/"},"img":{"alt_text":"","src":"https:\/\/i0.wp.com\/cdn.moldovacrestina.md\/2025\/07\/b616344c-qcoztaviglw.jpg?resize=350%2C200&ssl=1","width":350,"height":200,"srcset":"https:\/\/i0.wp.com\/cdn.moldovacrestina.md\/2025\/07\/b616344c-qcoztaviglw.jpg?resize=350%2C200&ssl=1 1x, https:\/\/i0.wp.com\/cdn.moldovacrestina.md\/2025\/07\/b616344c-qcoztaviglw.jpg?resize=525%2C300&ssl=1 1.5x, https:\/\/i0.wp.com\/cdn.moldovacrestina.md\/2025\/07\/b616344c-qcoztaviglw.jpg?resize=700%2C400&ssl=1 2x, https:\/\/i0.wp.com\/cdn.moldovacrestina.md\/2025\/07\/b616344c-qcoztaviglw.jpg?resize=1050%2C600&ssl=1 3x"},"classes":[]},{"id":363933,"url":"https:\/\/moldovacrestina.md\/cand-pacatul-te-reduce-la-tacere-asculta-asta-inainte-sa-renunti\/","url_meta":{"origin":331114,"position":5},"title":"C\u00e2nd p\u0103catul te reduce la t\u0103cere \u2013 ascult\u0103 asta \u00eenainte s\u0103 renun\u021bi","author":"Moldova Cre\u0219tin\u0103","date":"02.11.2025","format":false,"excerpt":"Ai fost cre\u0219tin, dar ai c\u0103zut \u00een p\u0103cat \u0219i ai pierdut \u00eendr\u0103zneala de a vorbi despre credin\u021b\u0103? Sim\u021bi ru\u0219ine, vinov\u0103\u021bie, team\u0103? \u00cen acest video, Pastorul Vasile Filat explic\u0103 biblic \u0219i practic ce s\u0103 faci c\u00e2nd ai p\u0103c\u0103tuit \u0219i cum s\u0103 revii la o rela\u021bie vie cu Dumnezeu \u0219i la slujire\u2026","rel":"","context":"<span class=\"jp-relatedposts-post-author\">Moldova Cre\u0219tin\u0103<\/span>","block_context":{"text":"MCTV","link":"https:\/\/moldovacrestina.md\/mctv\/"},"img":{"alt_text":"","src":"https:\/\/i0.wp.com\/cdn.moldovacrestina.md\/2025\/11\/585b12ed-hytl58awy6g.jpg?resize=350%2C200&ssl=1","width":350,"height":200,"srcset":"https:\/\/i0.wp.com\/cdn.moldovacrestina.md\/2025\/11\/585b12ed-hytl58awy6g.jpg?resize=350%2C200&ssl=1 1x, https:\/\/i0.wp.com\/cdn.moldovacrestina.md\/2025\/11\/585b12ed-hytl58awy6g.jpg?resize=525%2C300&ssl=1 1.5x, https:\/\/i0.wp.com\/cdn.moldovacrestina.md\/2025\/11\/585b12ed-hytl58awy6g.jpg?resize=700%2C400&ssl=1 2x, https:\/\/i0.wp.com\/cdn.moldovacrestina.md\/2025\/11\/585b12ed-hytl58awy6g.jpg?resize=1050%2C600&ssl=1 3x"},"classes":[]}],"jetpack_sharing_enabled":true,"_links":{"self":[{"href":"https:\/\/moldovacrestina.md\/ru\/wp-json\/wp\/v2\/posts\/331114","targetHints":{"allow":["GET"]}}],"collection":[{"href":"https:\/\/moldovacrestina.md\/ru\/wp-json\/wp\/v2\/posts"}],"about":[{"href":"https:\/\/moldovacrestina.md\/ru\/wp-json\/wp\/v2\/types\/post"}],"author":[{"embeddable":true,"href":"https:\/\/moldovacrestina.md\/ru\/wp-json\/wp\/v2\/users\/154"}],"replies":[{"embeddable":true,"href":"https:\/\/moldovacrestina.md\/ru\/wp-json\/wp\/v2\/comments?post=331114"}],"version-history":[{"count":0,"href":"https:\/\/moldovacrestina.md\/ru\/wp-json\/wp\/v2\/posts\/331114\/revisions"}],"wp:featuredmedia":[{"embeddable":true,"href":"https:\/\/moldovacrestina.md\/ru\/wp-json\/wp\/v2\/media\/331115"}],"wp:attachment":[{"href":"https:\/\/moldovacrestina.md\/ru\/wp-json\/wp\/v2\/media?parent=331114"}],"wp:term":[{"taxonomy":"category","embeddable":true,"href":"https:\/\/moldovacrestina.md\/ru\/wp-json\/wp\/v2\/categories?post=331114"},{"taxonomy":"post_tag","embeddable":true,"href":"https:\/\/moldovacrestina.md\/ru\/wp-json\/wp\/v2\/tags?post=331114"}],"curies":[{"name":"wp","href":"https:\/\/api.w.org\/{rel}","templated":true}]}}