{"id":249581,"date":"2019-07-04T21:45:01","date_gmt":"2019-07-04T18:45:01","guid":{"rendered":"https:\/\/moldovacrestina.md\/la-chisinau-s-a-desfasurat-cea-de-a-ii-a-sesiune-a-scolii-timotei\/"},"modified":"2024-08-23T08:25:37","modified_gmt":"2024-08-23T05:25:37","slug":"la-chisinau-s-a-desfasurat-cea-de-a-ii-a-sesiune-a-scolii-timotei","status":"publish","type":"post","link":"https:\/\/moldovacrestina.md\/ru\/la-chisinau-s-a-desfasurat-cea-de-a-ii-a-sesiune-a-scolii-timotei\/","title":{"rendered":"La Chi\u0219in\u0103u s-a desf\u0103\u0219urat cea de-a II-a sesiune a \u0218colii Timotei"},"content":{"rendered":"<p>Misiunea PRECEPT MINISTRIES din Republica Moldova a desf\u0103\u0219urat, cea de-a II-a sesiune a \u0218colii TIMOTEI, \u00een perioada 24 iunie \u2013 <!--more--> 6 iulie. Adolescen\u021bi \u0219i tineri au ales s\u0103-\u0219i pun\u0103 timpul la dispozi\u021bia lui Dumnezeu \u0219i s\u0103 studieze din Cuv\u00e2ntul S\u0103u, ca mai apoi s\u0103 fie \u00een stare s\u0103 transmit\u0103 \u0219i altora.<\/p>\n","protected":false},"excerpt":{"rendered":"<p>Misiunea PRECEPT MINISTRIES din Republica Moldova a desf\u0103\u0219urat, cea de-a II-a sesiune a \u0218colii TIMOTEI, \u00een perioada 24 iunie \u2013<\/p>\n","protected":false},"author":197,"featured_media":249582,"comment_status":"closed","ping_status":"closed","sticky":false,"template":"","format":"standard","meta":{"_acf_changed":false,"inline_featured_image":false,"_monsterinsights_skip_tracking":false,"_monsterinsights_sitenote_active":false,"_monsterinsights_sitenote_note":"","_monsterinsights_sitenote_category":0,"_genesis_hide_title":false,"_genesis_hide_breadcrumbs":false,"_genesis_hide_singular_image":false,"_genesis_hide_footer_widgets":false,"_genesis_custom_body_class":"","_genesis_custom_post_class":"","_genesis_layout":"","ep_exclude_from_search":false,"_jetpack_memberships_contains_paid_content":false,"footnotes":""},"categories":[23775],"tags":[],"class_list":{"0":"post-249581","1":"post","2":"type-post","3":"status-publish","4":"format-standard","5":"has-post-thumbnail","7":"category-stiri","8":"entry"},"acf":[],"yoast_head":"<!-- This site is optimized with the Yoast SEO Premium plugin v26.5 (Yoast SEO v27.4) - https:\/\/yoast.com\/product\/yoast-seo-premium-wordpress\/ -->\n<title>La Chi\u0219in\u0103u s-a desf\u0103\u0219urat cea de-a II-a sesiune a \u0218colii Timotei &#8226; Moldova Cre\u0219tin\u0103<\/title>\n<meta name=\"robots\" content=\"index, follow, max-snippet:-1, max-image-preview:large, max-video-preview:-1\" \/>\n<link rel=\"canonical\" href=\"https:\/\/moldovacrestina.md\/ru\/la-chisinau-s-a-desfasurat-cea-de-a-ii-a-sesiune-a-scolii-timotei\/\" \/>\n<meta property=\"og:locale\" content=\"ru_RU\" \/>\n<meta property=\"og:type\" content=\"article\" \/>\n<meta property=\"og:title\" content=\"La Chi\u0219in\u0103u s-a desf\u0103\u0219urat cea de-a II-a sesiune a \u0218colii Timotei\" \/>\n<meta property=\"og:description\" content=\"Misiunea PRECEPT MINISTRIES din Republica Moldova a desf\u0103\u0219urat, cea de-a II-a sesiune a \u0218colii TIMOTEI, \u00een perioada 24 iunie \u2013\" \/>\n<meta property=\"og:url\" content=\"https:\/\/moldovacrestina.md\/ru\/la-chisinau-s-a-desfasurat-cea-de-a-ii-a-sesiune-a-scolii-timotei\/\" \/>\n<meta property=\"og:site_name\" content=\"Moldova Cre\u0219tin\u0103\" \/>\n<meta property=\"article:publisher\" content=\"https:\/\/www.facebook.com\/moldovacrestina\/\" \/>\n<meta property=\"article:published_time\" content=\"2019-07-04T18:45:01+00:00\" \/>\n<meta property=\"article:modified_time\" content=\"2024-08-23T05:25:37+00:00\" \/>\n<meta property=\"og:image\" content=\"https:\/\/cdn.moldovacrestina.md\/2019\/07\/a89a5703-qopc4mclg_8.jpg\" \/>\n\t<meta property=\"og:image:width\" content=\"1280\" \/>\n\t<meta property=\"og:image:height\" content=\"720\" \/>\n\t<meta property=\"og:image:type\" content=\"image\/jpeg\" \/>\n<meta name=\"author\" content=\"Moldova Cre\u0219tin\u0103 TV\" \/>\n<meta name=\"twitter:card\" content=\"summary_large_image\" \/>\n<meta name=\"twitter:creator\" content=\"@moldovacrestina\" \/>\n<meta name=\"twitter:site\" content=\"@moldovacrestina\" \/>\n<meta name=\"twitter:label1\" content=\"\u041d\u0430\u043f\u0438\u0441\u0430\u043d\u043e \u0430\u0432\u0442\u043e\u0440\u043e\u043c\" \/>\n\t<meta name=\"twitter:data1\" content=\"Moldova Cre\u0219tin\u0103 TV\" \/>\n<script type=\"application\/ld+json\" class=\"yoast-schema-graph\">{\"@context\":\"https:\\\/\\\/schema.org\",\"@graph\":[{\"@type\":\"Article\",\"@id\":\"https:\\\/\\\/moldovacrestina.md\\\/ru\\\/la-chisinau-s-a-desfasurat-cea-de-a-ii-a-sesiune-a-scolii-timotei\\\/#article\",\"isPartOf\":{\"@id\":\"https:\\\/\\\/moldovacrestina.md\\\/ru\\\/la-chisinau-s-a-desfasurat-cea-de-a-ii-a-sesiune-a-scolii-timotei\\\/\"},\"author\":{\"name\":\"Moldova Cre\u0219tin\u0103 TV\",\"@id\":\"https:\\\/\\\/moldovacrestina.md\\\/ru\\\/#\\\/schema\\\/person\\\/080ed838fb30573f0080bb7fdef6c3b7\"},\"headline\":\"La Chi\u0219in\u0103u s-a desf\u0103\u0219urat cea de-a II-a sesiune a \u0218colii Timotei\",\"datePublished\":\"2019-07-04T18:45:01+00:00\",\"dateModified\":\"2024-08-23T05:25:37+00:00\",\"mainEntityOfPage\":{\"@id\":\"https:\\\/\\\/moldovacrestina.md\\\/ru\\\/la-chisinau-s-a-desfasurat-cea-de-a-ii-a-sesiune-a-scolii-timotei\\\/\"},\"wordCount\":69,\"image\":{\"@id\":\"https:\\\/\\\/moldovacrestina.md\\\/ru\\\/la-chisinau-s-a-desfasurat-cea-de-a-ii-a-sesiune-a-scolii-timotei\\\/#primaryimage\"},\"thumbnailUrl\":\"https:\\\/\\\/cdn.moldovacrestina.md\\\/2019\\\/07\\\/a89a5703-qopc4mclg_8.jpg\",\"articleSection\":[\"\u0218tiri\"],\"inLanguage\":\"ru-RU\"},{\"@type\":\"WebPage\",\"@id\":\"https:\\\/\\\/moldovacrestina.md\\\/ru\\\/la-chisinau-s-a-desfasurat-cea-de-a-ii-a-sesiune-a-scolii-timotei\\\/\",\"url\":\"https:\\\/\\\/moldovacrestina.md\\\/ru\\\/la-chisinau-s-a-desfasurat-cea-de-a-ii-a-sesiune-a-scolii-timotei\\\/\",\"name\":\"La Chi\u0219in\u0103u s-a desf\u0103\u0219urat cea de-a II-a sesiune a \u0218colii Timotei &#8226; Moldova Cre\u0219tin\u0103\",\"isPartOf\":{\"@id\":\"https:\\\/\\\/moldovacrestina.md\\\/ru\\\/#website\"},\"primaryImageOfPage\":{\"@id\":\"https:\\\/\\\/moldovacrestina.md\\\/ru\\\/la-chisinau-s-a-desfasurat-cea-de-a-ii-a-sesiune-a-scolii-timotei\\\/#primaryimage\"},\"image\":{\"@id\":\"https:\\\/\\\/moldovacrestina.md\\\/ru\\\/la-chisinau-s-a-desfasurat-cea-de-a-ii-a-sesiune-a-scolii-timotei\\\/#primaryimage\"},\"thumbnailUrl\":\"https:\\\/\\\/cdn.moldovacrestina.md\\\/2019\\\/07\\\/a89a5703-qopc4mclg_8.jpg\",\"datePublished\":\"2019-07-04T18:45:01+00:00\",\"dateModified\":\"2024-08-23T05:25:37+00:00\",\"author\":{\"@id\":\"https:\\\/\\\/moldovacrestina.md\\\/ru\\\/#\\\/schema\\\/person\\\/080ed838fb30573f0080bb7fdef6c3b7\"},\"breadcrumb\":{\"@id\":\"https:\\\/\\\/moldovacrestina.md\\\/ru\\\/la-chisinau-s-a-desfasurat-cea-de-a-ii-a-sesiune-a-scolii-timotei\\\/#breadcrumb\"},\"inLanguage\":\"ru-RU\",\"potentialAction\":[{\"@type\":\"ReadAction\",\"target\":[\"https:\\\/\\\/moldovacrestina.md\\\/ru\\\/la-chisinau-s-a-desfasurat-cea-de-a-ii-a-sesiune-a-scolii-timotei\\\/\"]}]},{\"@type\":\"ImageObject\",\"inLanguage\":\"ru-RU\",\"@id\":\"https:\\\/\\\/moldovacrestina.md\\\/ru\\\/la-chisinau-s-a-desfasurat-cea-de-a-ii-a-sesiune-a-scolii-timotei\\\/#primaryimage\",\"url\":\"https:\\\/\\\/cdn.moldovacrestina.md\\\/2019\\\/07\\\/a89a5703-qopc4mclg_8.jpg\",\"contentUrl\":\"https:\\\/\\\/cdn.moldovacrestina.md\\\/2019\\\/07\\\/a89a5703-qopc4mclg_8.jpg\",\"width\":1280,\"height\":720},{\"@type\":\"BreadcrumbList\",\"@id\":\"https:\\\/\\\/moldovacrestina.md\\\/ru\\\/la-chisinau-s-a-desfasurat-cea-de-a-ii-a-sesiune-a-scolii-timotei\\\/#breadcrumb\",\"itemListElement\":[{\"@type\":\"ListItem\",\"position\":1,\"name\":\"Prima pagin\u0103\",\"item\":\"https:\\\/\\\/moldovacrestina.md\\\/ru\\\/\"},{\"@type\":\"ListItem\",\"position\":2,\"name\":\"\u0218tiri\",\"item\":\"https:\\\/\\\/moldovacrestina.md\\\/stiri\\\/\"},{\"@type\":\"ListItem\",\"position\":3,\"name\":\"La Chi\u0219in\u0103u s-a desf\u0103\u0219urat cea de-a II-a sesiune a \u0218colii Timotei\"}]},{\"@type\":\"WebSite\",\"@id\":\"https:\\\/\\\/moldovacrestina.md\\\/ru\\\/#website\",\"url\":\"https:\\\/\\\/moldovacrestina.md\\\/ru\\\/\",\"name\":\"Moldova Cre\u0219tin\u0103\",\"description\":\"R\u0103spunsuri relevante \u0219i actuale din Biblie\",\"potentialAction\":[{\"@type\":\"SearchAction\",\"target\":{\"@type\":\"EntryPoint\",\"urlTemplate\":\"https:\\\/\\\/moldovacrestina.md\\\/ru\\\/?s={search_term_string}\"},\"query-input\":{\"@type\":\"PropertyValueSpecification\",\"valueRequired\":true,\"valueName\":\"search_term_string\"}}],\"inLanguage\":\"ru-RU\"},{\"@type\":\"Person\",\"@id\":\"https:\\\/\\\/moldovacrestina.md\\\/ru\\\/#\\\/schema\\\/person\\\/080ed838fb30573f0080bb7fdef6c3b7\",\"name\":\"Moldova Cre\u0219tin\u0103 TV\",\"image\":{\"@type\":\"ImageObject\",\"inLanguage\":\"ru-RU\",\"@id\":\"https:\\\/\\\/secure.gravatar.com\\\/avatar\\\/69bf59bfd4093343a98f30ea43c3456788e9b40e6cf0645debf15f26df402854?s=96&d=mm&r=g\",\"url\":\"https:\\\/\\\/secure.gravatar.com\\\/avatar\\\/69bf59bfd4093343a98f30ea43c3456788e9b40e6cf0645debf15f26df402854?s=96&d=mm&r=g\",\"contentUrl\":\"https:\\\/\\\/secure.gravatar.com\\\/avatar\\\/69bf59bfd4093343a98f30ea43c3456788e9b40e6cf0645debf15f26df402854?s=96&d=mm&r=g\",\"caption\":\"Moldova Cre\u0219tin\u0103 TV\"},\"sameAs\":[\"https:\\\/\\\/www.youtube.com\\\/user\\\/MoldovaCrestinaTV\"],\"url\":\"https:\\\/\\\/moldovacrestina.md\\\/ru\\\/author\\\/mctv\\\/\"}]}<\/script>\n<!-- \/ Yoast SEO Premium plugin. -->","yoast_head_json":{"title":"La Chi\u0219in\u0103u s-a desf\u0103\u0219urat cea de-a II-a sesiune a \u0218colii Timotei &#8226; Moldova Cre\u0219tin\u0103","robots":{"index":"index","follow":"follow","max-snippet":"max-snippet:-1","max-image-preview":"max-image-preview:large","max-video-preview":"max-video-preview:-1"},"canonical":"https:\/\/moldovacrestina.md\/ru\/la-chisinau-s-a-desfasurat-cea-de-a-ii-a-sesiune-a-scolii-timotei\/","og_locale":"ru_RU","og_type":"article","og_title":"La Chi\u0219in\u0103u s-a desf\u0103\u0219urat cea de-a II-a sesiune a \u0218colii Timotei","og_description":"Misiunea PRECEPT MINISTRIES din Republica Moldova a desf\u0103\u0219urat, cea de-a II-a sesiune a \u0218colii TIMOTEI, \u00een perioada 24 iunie \u2013","og_url":"https:\/\/moldovacrestina.md\/ru\/la-chisinau-s-a-desfasurat-cea-de-a-ii-a-sesiune-a-scolii-timotei\/","og_site_name":"Moldova Cre\u0219tin\u0103","article_publisher":"https:\/\/www.facebook.com\/moldovacrestina\/","article_published_time":"2019-07-04T18:45:01+00:00","article_modified_time":"2024-08-23T05:25:37+00:00","og_image":[{"width":1280,"height":720,"url":"https:\/\/cdn.moldovacrestina.md\/2019\/07\/a89a5703-qopc4mclg_8.jpg","type":"image\/jpeg"}],"author":"Moldova Cre\u0219tin\u0103 TV","twitter_card":"summary_large_image","twitter_creator":"@moldovacrestina","twitter_site":"@moldovacrestina","twitter_misc":{"\u041d\u0430\u043f\u0438\u0441\u0430\u043d\u043e \u0430\u0432\u0442\u043e\u0440\u043e\u043c":"Moldova Cre\u0219tin\u0103 TV"},"schema":{"@context":"https:\/\/schema.org","@graph":[{"@type":"Article","@id":"https:\/\/moldovacrestina.md\/ru\/la-chisinau-s-a-desfasurat-cea-de-a-ii-a-sesiune-a-scolii-timotei\/#article","isPartOf":{"@id":"https:\/\/moldovacrestina.md\/ru\/la-chisinau-s-a-desfasurat-cea-de-a-ii-a-sesiune-a-scolii-timotei\/"},"author":{"name":"Moldova Cre\u0219tin\u0103 TV","@id":"https:\/\/moldovacrestina.md\/ru\/#\/schema\/person\/080ed838fb30573f0080bb7fdef6c3b7"},"headline":"La Chi\u0219in\u0103u s-a desf\u0103\u0219urat cea de-a II-a sesiune a \u0218colii Timotei","datePublished":"2019-07-04T18:45:01+00:00","dateModified":"2024-08-23T05:25:37+00:00","mainEntityOfPage":{"@id":"https:\/\/moldovacrestina.md\/ru\/la-chisinau-s-a-desfasurat-cea-de-a-ii-a-sesiune-a-scolii-timotei\/"},"wordCount":69,"image":{"@id":"https:\/\/moldovacrestina.md\/ru\/la-chisinau-s-a-desfasurat-cea-de-a-ii-a-sesiune-a-scolii-timotei\/#primaryimage"},"thumbnailUrl":"https:\/\/cdn.moldovacrestina.md\/2019\/07\/a89a5703-qopc4mclg_8.jpg","articleSection":["\u0218tiri"],"inLanguage":"ru-RU"},{"@type":"WebPage","@id":"https:\/\/moldovacrestina.md\/ru\/la-chisinau-s-a-desfasurat-cea-de-a-ii-a-sesiune-a-scolii-timotei\/","url":"https:\/\/moldovacrestina.md\/ru\/la-chisinau-s-a-desfasurat-cea-de-a-ii-a-sesiune-a-scolii-timotei\/","name":"La Chi\u0219in\u0103u s-a desf\u0103\u0219urat cea de-a II-a sesiune a \u0218colii Timotei &#8226; Moldova Cre\u0219tin\u0103","isPartOf":{"@id":"https:\/\/moldovacrestina.md\/ru\/#website"},"primaryImageOfPage":{"@id":"https:\/\/moldovacrestina.md\/ru\/la-chisinau-s-a-desfasurat-cea-de-a-ii-a-sesiune-a-scolii-timotei\/#primaryimage"},"image":{"@id":"https:\/\/moldovacrestina.md\/ru\/la-chisinau-s-a-desfasurat-cea-de-a-ii-a-sesiune-a-scolii-timotei\/#primaryimage"},"thumbnailUrl":"https:\/\/cdn.moldovacrestina.md\/2019\/07\/a89a5703-qopc4mclg_8.jpg","datePublished":"2019-07-04T18:45:01+00:00","dateModified":"2024-08-23T05:25:37+00:00","author":{"@id":"https:\/\/moldovacrestina.md\/ru\/#\/schema\/person\/080ed838fb30573f0080bb7fdef6c3b7"},"breadcrumb":{"@id":"https:\/\/moldovacrestina.md\/ru\/la-chisinau-s-a-desfasurat-cea-de-a-ii-a-sesiune-a-scolii-timotei\/#breadcrumb"},"inLanguage":"ru-RU","potentialAction":[{"@type":"ReadAction","target":["https:\/\/moldovacrestina.md\/ru\/la-chisinau-s-a-desfasurat-cea-de-a-ii-a-sesiune-a-scolii-timotei\/"]}]},{"@type":"ImageObject","inLanguage":"ru-RU","@id":"https:\/\/moldovacrestina.md\/ru\/la-chisinau-s-a-desfasurat-cea-de-a-ii-a-sesiune-a-scolii-timotei\/#primaryimage","url":"https:\/\/cdn.moldovacrestina.md\/2019\/07\/a89a5703-qopc4mclg_8.jpg","contentUrl":"https:\/\/cdn.moldovacrestina.md\/2019\/07\/a89a5703-qopc4mclg_8.jpg","width":1280,"height":720},{"@type":"BreadcrumbList","@id":"https:\/\/moldovacrestina.md\/ru\/la-chisinau-s-a-desfasurat-cea-de-a-ii-a-sesiune-a-scolii-timotei\/#breadcrumb","itemListElement":[{"@type":"ListItem","position":1,"name":"Prima pagin\u0103","item":"https:\/\/moldovacrestina.md\/ru\/"},{"@type":"ListItem","position":2,"name":"\u0218tiri","item":"https:\/\/moldovacrestina.md\/stiri\/"},{"@type":"ListItem","position":3,"name":"La Chi\u0219in\u0103u s-a desf\u0103\u0219urat cea de-a II-a sesiune a \u0218colii Timotei"}]},{"@type":"WebSite","@id":"https:\/\/moldovacrestina.md\/ru\/#website","url":"https:\/\/moldovacrestina.md\/ru\/","name":"Moldova Cre\u0219tin\u0103","description":"R\u0103spunsuri relevante \u0219i actuale din Biblie","potentialAction":[{"@type":"SearchAction","target":{"@type":"EntryPoint","urlTemplate":"https:\/\/moldovacrestina.md\/ru\/?s={search_term_string}"},"query-input":{"@type":"PropertyValueSpecification","valueRequired":true,"valueName":"search_term_string"}}],"inLanguage":"ru-RU"},{"@type":"Person","@id":"https:\/\/moldovacrestina.md\/ru\/#\/schema\/person\/080ed838fb30573f0080bb7fdef6c3b7","name":"Moldova Cre\u0219tin\u0103 TV","image":{"@type":"ImageObject","inLanguage":"ru-RU","@id":"https:\/\/secure.gravatar.com\/avatar\/69bf59bfd4093343a98f30ea43c3456788e9b40e6cf0645debf15f26df402854?s=96&d=mm&r=g","url":"https:\/\/secure.gravatar.com\/avatar\/69bf59bfd4093343a98f30ea43c3456788e9b40e6cf0645debf15f26df402854?s=96&d=mm&r=g","contentUrl":"https:\/\/secure.gravatar.com\/avatar\/69bf59bfd4093343a98f30ea43c3456788e9b40e6cf0645debf15f26df402854?s=96&d=mm&r=g","caption":"Moldova Cre\u0219tin\u0103 TV"},"sameAs":["https:\/\/www.youtube.com\/user\/MoldovaCrestinaTV"],"url":"https:\/\/moldovacrestina.md\/ru\/author\/mctv\/"}]}},"jetpack_featured_media_url":"https:\/\/cdn.moldovacrestina.md\/2019\/07\/a89a5703-qopc4mclg_8.jpg","video_meta":{"_ayvpp_video":"qOPC4MclG_8","_ayvpp_video_id":"UEx4bmxURmppWGJUQUphYjQ5Yi0xazhZVVJmUnhXbW15eS5DQTIzMEQyQTJBNDA4ODdF","_ayvpp_published":"2019-07-04T21:45:01.000Z","_ayvpp_author":"Moldova Cre\u0219tin\u0103 TV","_ayvpp_channel":"UCeW3HzRTA7XNuq5w_JRX0ow","_ayvpp_thumbs":{"default":"https:\/\/i.ytimg.com\/vi\/qOPC4MclG_8\/default.jpg","medium":"https:\/\/i.ytimg.com\/vi\/qOPC4MclG_8\/mqdefault.jpg","high":"https:\/\/i.ytimg.com\/vi\/qOPC4MclG_8\/hqdefault.jpg","standard":"https:\/\/i.ytimg.com\/vi\/qOPC4MclG_8\/sddefault.jpg","maxres":"https:\/\/i.ytimg.com\/vi\/qOPC4MclG_8\/maxresdefault.jpg"},"_ayvpp_auto_play":"0","_ayvpp_related_show":"","_ayvpp_playlist_name":""},"featured_image":"https:\/\/cdn.moldovacrestina.md\/2019\/07\/a89a5703-qopc4mclg_8.jpg","wpml":{"language_code":"ru","locale":"ru_RU","text_direction":false,"display_name":"\u0420\u0443\u0441\u0441\u043a\u0438\u0439","native_name":"Rus\u0103","different_language":false},"jetpack-related-posts":[{"id":363310,"url":"https:\/\/moldovacrestina.md\/nici-la-moartea-parintilor-nu-va-oferi-mancare-cuiva\/","url_meta":{"origin":249581,"position":0},"title":"Nici la moartea p\u0103rin\u021bilor nu va oferi m\u00e2ncare cuiva\u2026","author":"Moldova Cre\u0219tin\u0103","date":"25.07.2025","format":false,"excerpt":"\u00ceNTREBARE: Pace, frate! Am \u0219i eu o nedumerire. M\u0103 contraziceam cu tata: \u00een caz de o \u00eenmorm\u00e2ntare, eu am zis c\u0103 nu a\u0219 da nici m\u0103car pr\u0103jituri \u0219i nici suc. Am zis doar ap\u0103, ca s\u0103 nu \u00eei fie cuiva sete. Tata mi-a zis s\u0103 vorbesc cu un predicator poc\u0103it\u2026","rel":"","context":"<span class=\"jp-relatedposts-post-author\">Moldova Cre\u0219tin\u0103<\/span>","block_context":{"text":"MCTV","link":"https:\/\/moldovacrestina.md\/mctv\/"},"img":{"alt_text":"","src":"https:\/\/i0.wp.com\/cdn.moldovacrestina.md\/2025\/07\/ba7ab153-h1zvfmsmux8.jpg?resize=350%2C200&ssl=1","width":350,"height":200,"srcset":"https:\/\/i0.wp.com\/cdn.moldovacrestina.md\/2025\/07\/ba7ab153-h1zvfmsmux8.jpg?resize=350%2C200&ssl=1 1x, https:\/\/i0.wp.com\/cdn.moldovacrestina.md\/2025\/07\/ba7ab153-h1zvfmsmux8.jpg?resize=525%2C300&ssl=1 1.5x, https:\/\/i0.wp.com\/cdn.moldovacrestina.md\/2025\/07\/ba7ab153-h1zvfmsmux8.jpg?resize=700%2C400&ssl=1 2x, https:\/\/i0.wp.com\/cdn.moldovacrestina.md\/2025\/07\/ba7ab153-h1zvfmsmux8.jpg?resize=1050%2C600&ssl=1 3x"},"classes":[]},{"id":364595,"url":"https:\/\/moldovacrestina.md\/trebuie-sa-te-botezi-din-nou-daca-ai-cazut-de-la-credinta-raspuns-biblic\/","url_meta":{"origin":249581,"position":1},"title":"Trebuie s\u0103 te botezi din nou dac\u0103 ai c\u0103zut de la credin\u021b\u0103? | R\u0103spuns biblic","author":"Moldova Cre\u0219tin\u0103","date":"30.01.2026","format":false,"excerpt":"\u00cen acest video r\u0103spundem la \u00eentreb\u0103ri importante pentru via\u021ba cre\u0219tin\u0103: trebuie s\u0103 te botezi din nou dac\u0103 ai c\u0103zut de la credin\u021b\u0103? Mai este valabil primul botez? Ce spune Biblia despre restaurare, poc\u0103in\u021b\u0103 \u0219i sfin\u021bire? Analiz\u0103m Scripturile pentru a \u00een\u021belege voia lui Dumnezeu \u0219i pa\u0219ii practici pentru a tr\u0103i o\u2026","rel":"","context":"<span class=\"jp-relatedposts-post-author\">Moldova Cre\u0219tin\u0103<\/span>","block_context":{"text":"MCTV","link":"https:\/\/moldovacrestina.md\/mctv\/"},"img":{"alt_text":"","src":"https:\/\/i0.wp.com\/cdn.moldovacrestina.md\/2026\/01\/d2fdc6c8-jdstkuhefm4.jpg?resize=350%2C200&ssl=1","width":350,"height":200,"srcset":"https:\/\/i0.wp.com\/cdn.moldovacrestina.md\/2026\/01\/d2fdc6c8-jdstkuhefm4.jpg?resize=350%2C200&ssl=1 1x, https:\/\/i0.wp.com\/cdn.moldovacrestina.md\/2026\/01\/d2fdc6c8-jdstkuhefm4.jpg?resize=525%2C300&ssl=1 1.5x, https:\/\/i0.wp.com\/cdn.moldovacrestina.md\/2026\/01\/d2fdc6c8-jdstkuhefm4.jpg?resize=700%2C400&ssl=1 2x, https:\/\/i0.wp.com\/cdn.moldovacrestina.md\/2026\/01\/d2fdc6c8-jdstkuhefm4.jpg?resize=1050%2C600&ssl=1 3x"},"classes":[]},{"id":365337,"url":"https:\/\/moldovacrestina.md\/cum-sa-te-bucuri-de-avere-fara-sa-cazi-in-lux-si-risipa-pastor-vasile-filat\/","url_meta":{"origin":249581,"position":2},"title":"Cum s\u0103 te bucuri de avere f\u0103r\u0103 s\u0103 cazi \u00een lux \u0219i risip\u0103? | Pastor Vasile Filat","author":"Moldova Cre\u0219tin\u0103","date":"29.04.2026","format":false,"excerpt":"Biblia nu condamn\u0103 bog\u0103\u021bia, ci inima care se leag\u0103 de ea. \u00cen acest mesaj, Pastorul Vasile Filat explic\u0103 din Scriptur\u0103 cum \u00eei \u00eenva\u021b\u0103 Dumnezeu pe boga\u021bii veacului acestuia s\u0103 fie genero\u0219i, s\u0103 fac\u0103 bine \u0219i, \u00een acela\u0219i timp, s\u0103 se bucure de ceea ce El le-a dat \u2014 f\u0103r\u0103 a\u2026","rel":"","context":"<span class=\"jp-relatedposts-post-author\">Moldova Cre\u0219tin\u0103<\/span>","block_context":{"text":"MCTV","link":"https:\/\/moldovacrestina.md\/mctv\/"},"img":{"alt_text":"","src":"https:\/\/i0.wp.com\/cdn.moldovacrestina.md\/2026\/04\/75dfc91a-305_ass0atm.jpg?resize=350%2C200&ssl=1","width":350,"height":200,"srcset":"https:\/\/i0.wp.com\/cdn.moldovacrestina.md\/2026\/04\/75dfc91a-305_ass0atm.jpg?resize=350%2C200&ssl=1 1x, https:\/\/i0.wp.com\/cdn.moldovacrestina.md\/2026\/04\/75dfc91a-305_ass0atm.jpg?resize=525%2C300&ssl=1 1.5x, https:\/\/i0.wp.com\/cdn.moldovacrestina.md\/2026\/04\/75dfc91a-305_ass0atm.jpg?resize=700%2C400&ssl=1 2x, https:\/\/i0.wp.com\/cdn.moldovacrestina.md\/2026\/04\/75dfc91a-305_ass0atm.jpg?resize=1050%2C600&ssl=1 3x"},"classes":[]},{"id":364411,"url":"https:\/\/moldovacrestina.md\/cand-frica-de-666-distruge-credinta-cum-ajung-unii-sa-creada-orice-aud-pastor-vasile-filat\/","url_meta":{"origin":249581,"position":3},"title":"C\u00e2nd frica de 666 distruge credin\u021ba. Cum ajung unii s\u0103 cread\u0103 orice aud? | Pastor Vasile Filat","author":"Moldova Cre\u0219tin\u0103","date":"08.01.2026","format":false,"excerpt":"O doamn\u0103 tr\u0103ie\u0219te o fric\u0103 profund\u0103 legat\u0103 de num\u0103rul 666, botez \u0219i Sf\u00e2nta Treime. Dup\u0103 ce a fost botezat\u0103, i s-a spus c\u0103 botezul nu a fost valid. A fost botezat\u0103 din nou. Apoi i s-a spus c\u0103 Sf\u00e2nta Treime nu este biblic\u0103 \u0219i c\u0103 ar fi legat\u0103 de semnul\u2026","rel":"","context":"<span class=\"jp-relatedposts-post-author\">Moldova Cre\u0219tin\u0103<\/span>","block_context":{"text":"MCTV","link":"https:\/\/moldovacrestina.md\/mctv\/"},"img":{"alt_text":"","src":"https:\/\/i0.wp.com\/cdn.moldovacrestina.md\/2026\/01\/eb5fead2-bo_92anogg.jpg?resize=350%2C200&ssl=1","width":350,"height":200,"srcset":"https:\/\/i0.wp.com\/cdn.moldovacrestina.md\/2026\/01\/eb5fead2-bo_92anogg.jpg?resize=350%2C200&ssl=1 1x, https:\/\/i0.wp.com\/cdn.moldovacrestina.md\/2026\/01\/eb5fead2-bo_92anogg.jpg?resize=525%2C300&ssl=1 1.5x, https:\/\/i0.wp.com\/cdn.moldovacrestina.md\/2026\/01\/eb5fead2-bo_92anogg.jpg?resize=700%2C400&ssl=1 2x, https:\/\/i0.wp.com\/cdn.moldovacrestina.md\/2026\/01\/eb5fead2-bo_92anogg.jpg?resize=1050%2C600&ssl=1 3x"},"classes":[]},{"id":363232,"url":"https:\/\/moldovacrestina.md\/preotul-batut-in-grinauti-si-profesorul-din-falesti-care-si-a-impuscat-sotia-si-s-a-sinucis\/","url_meta":{"origin":249581,"position":4},"title":"Preotul b\u0103tut \u00een Grin\u0103u\u021bi \u0219i profesorul din F\u0103le\u0219ti care \u0219i-a \u00eempu\u0219cat so\u021bia \u0219i s-a sinucis","author":"Moldova Cre\u0219tin\u0103","date":"17.07.2025","format":false,"excerpt":"Ce leg\u0103tur\u0103 au un profesor cu diplom\u0103 care nu \u0219i-a putut st\u0103p\u00e2ni m\u00e2nia, un preot izgonit, fete care se bat \u00eentr-o \u0219coal\u0103, \u0219i o femeie ars\u0103 cu benzin\u0103 de propriul so\u021b? \u00cen acest video, pastorul Vasile Filat comenteaz\u0103 patru evenimente tragice din Moldova \u0219i arat\u0103 ce spune Biblia despre violen\u021b\u0103,\u2026","rel":"","context":"<span class=\"jp-relatedposts-post-author\">Moldova Cre\u0219tin\u0103<\/span>","block_context":{"text":"MCTV","link":"https:\/\/moldovacrestina.md\/mctv\/"},"img":{"alt_text":"","src":"https:\/\/i0.wp.com\/cdn.moldovacrestina.md\/2025\/07\/b616344c-qcoztaviglw.jpg?resize=350%2C200&ssl=1","width":350,"height":200,"srcset":"https:\/\/i0.wp.com\/cdn.moldovacrestina.md\/2025\/07\/b616344c-qcoztaviglw.jpg?resize=350%2C200&ssl=1 1x, https:\/\/i0.wp.com\/cdn.moldovacrestina.md\/2025\/07\/b616344c-qcoztaviglw.jpg?resize=525%2C300&ssl=1 1.5x, https:\/\/i0.wp.com\/cdn.moldovacrestina.md\/2025\/07\/b616344c-qcoztaviglw.jpg?resize=700%2C400&ssl=1 2x, https:\/\/i0.wp.com\/cdn.moldovacrestina.md\/2025\/07\/b616344c-qcoztaviglw.jpg?resize=1050%2C600&ssl=1 3x"},"classes":[]}],"jetpack_sharing_enabled":true,"_links":{"self":[{"href":"https:\/\/moldovacrestina.md\/ru\/wp-json\/wp\/v2\/posts\/249581","targetHints":{"allow":["GET"]}}],"collection":[{"href":"https:\/\/moldovacrestina.md\/ru\/wp-json\/wp\/v2\/posts"}],"about":[{"href":"https:\/\/moldovacrestina.md\/ru\/wp-json\/wp\/v2\/types\/post"}],"author":[{"embeddable":true,"href":"https:\/\/moldovacrestina.md\/ru\/wp-json\/wp\/v2\/users\/197"}],"replies":[{"embeddable":true,"href":"https:\/\/moldovacrestina.md\/ru\/wp-json\/wp\/v2\/comments?post=249581"}],"version-history":[{"count":0,"href":"https:\/\/moldovacrestina.md\/ru\/wp-json\/wp\/v2\/posts\/249581\/revisions"}],"wp:featuredmedia":[{"embeddable":true,"href":"https:\/\/moldovacrestina.md\/ru\/wp-json\/wp\/v2\/media\/249582"}],"wp:attachment":[{"href":"https:\/\/moldovacrestina.md\/ru\/wp-json\/wp\/v2\/media?parent=249581"}],"wp:term":[{"taxonomy":"category","embeddable":true,"href":"https:\/\/moldovacrestina.md\/ru\/wp-json\/wp\/v2\/categories?post=249581"},{"taxonomy":"post_tag","embeddable":true,"href":"https:\/\/moldovacrestina.md\/ru\/wp-json\/wp\/v2\/tags?post=249581"}],"curies":[{"name":"wp","href":"https:\/\/api.w.org\/{rel}","templated":true}]}}