{"id":204516,"date":"2016-08-11T11:54:23","date_gmt":"2016-08-11T08:54:23","guid":{"rendered":"https:\/\/moldovacrestina.md\/valeriu-ghiletchi-a-decis-sa-candideze-la-alegerile-prezidentiale\/"},"modified":"2016-08-11T11:54:23","modified_gmt":"2016-08-11T08:54:23","slug":"valeriu-ghiletchi-a-decis-sa-candideze-la-alegerile-prezidentiale","status":"publish","type":"post","link":"https:\/\/moldovacrestina.md\/ru\/valeriu-ghiletchi-a-decis-sa-candideze-la-alegerile-prezidentiale\/","title":{"rendered":"Valeriu GHILE\u021aCHI a decis s\u0103 candideze la alegerile preziden\u021biale"},"content":{"rendered":"<p>Deputatul independent, Valeriu GHILE\u021aCHI, \u0219i-a anun\u021bat ast\u0103zi oficial inten\u021bia de a candida la alegerile preziden\u021biale din aceast\u0103 toamn\u0103<\/p>\n<p>Predici download | <!--more--> Predici audio | Predici video | Predici mp3 | Predici crestine | Predici baptiste | Adev\u0103rul despre Adev\u0103r | Predici download Vasile Filat | Predici audio Vasile Filat| Predici video Vasile Filat | Predici mp3 Vasile Filat | Predici crestine Vasile Filat | Predici baptiste Vasile Filat | MCTV | Moldova Crestina | Predici Moldova Crestina | Pentru mai multe detalii: www.moldovacrestina.md<\/p>\n","protected":false},"excerpt":{"rendered":"<p>Deputatul independent, Valeriu GHILE\u021aCHI, \u0219i-a anun\u021bat ast\u0103zi oficial inten\u021bia de a candida la alegerile preziden\u021biale din aceast\u0103 toamn\u0103 Predici download |<\/p>\n","protected":false},"author":197,"featured_media":0,"comment_status":"closed","ping_status":"closed","sticky":false,"template":"","format":"standard","meta":{"_acf_changed":false,"inline_featured_image":false,"_monsterinsights_skip_tracking":false,"_monsterinsights_sitenote_active":false,"_monsterinsights_sitenote_note":"","_monsterinsights_sitenote_category":0,"_genesis_hide_title":false,"_genesis_hide_breadcrumbs":false,"_genesis_hide_singular_image":false,"_genesis_hide_footer_widgets":false,"_genesis_custom_body_class":"","_genesis_custom_post_class":"","_genesis_layout":"","ep_exclude_from_search":false,"_jetpack_memberships_contains_paid_content":false,"footnotes":""},"categories":[23775],"tags":[],"class_list":{"0":"post-204516","1":"post","2":"type-post","3":"status-publish","4":"format-standard","6":"category-stiri","7":"entry"},"acf":[],"yoast_head":"<!-- This site is optimized with the Yoast SEO Premium plugin v26.5 (Yoast SEO v27.4) - https:\/\/yoast.com\/product\/yoast-seo-premium-wordpress\/ -->\n<title>Valeriu GHILE\u021aCHI a decis s\u0103 candideze la alegerile preziden\u021biale &#8226; Moldova Cre\u0219tin\u0103<\/title>\n<meta name=\"robots\" content=\"index, follow, max-snippet:-1, max-image-preview:large, max-video-preview:-1\" \/>\n<link rel=\"canonical\" href=\"https:\/\/moldovacrestina.md\/ru\/valeriu-ghiletchi-a-decis-sa-candideze-la-alegerile-prezidentiale\/\" \/>\n<meta property=\"og:locale\" content=\"ru_RU\" \/>\n<meta property=\"og:type\" content=\"article\" \/>\n<meta property=\"og:title\" content=\"Valeriu GHILE\u021aCHI a decis s\u0103 candideze la alegerile preziden\u021biale\" \/>\n<meta property=\"og:description\" content=\"Deputatul independent, Valeriu GHILE\u021aCHI, \u0219i-a anun\u021bat ast\u0103zi oficial inten\u021bia de a candida la alegerile preziden\u021biale din aceast\u0103 toamn\u0103 Predici download |\" \/>\n<meta property=\"og:url\" content=\"https:\/\/moldovacrestina.md\/ru\/valeriu-ghiletchi-a-decis-sa-candideze-la-alegerile-prezidentiale\/\" \/>\n<meta property=\"og:site_name\" content=\"Moldova Cre\u0219tin\u0103\" \/>\n<meta property=\"article:publisher\" content=\"https:\/\/www.facebook.com\/moldovacrestina\/\" \/>\n<meta property=\"article:published_time\" content=\"2016-08-11T08:54:23+00:00\" \/>\n<meta name=\"author\" content=\"Moldova Cre\u0219tin\u0103 TV\" \/>\n<meta name=\"twitter:card\" content=\"summary_large_image\" \/>\n<meta name=\"twitter:creator\" content=\"@moldovacrestina\" \/>\n<meta name=\"twitter:site\" content=\"@moldovacrestina\" \/>\n<meta name=\"twitter:label1\" content=\"\u041d\u0430\u043f\u0438\u0441\u0430\u043d\u043e \u0430\u0432\u0442\u043e\u0440\u043e\u043c\" \/>\n\t<meta name=\"twitter:data1\" content=\"Moldova Cre\u0219tin\u0103 TV\" \/>\n<script type=\"application\/ld+json\" class=\"yoast-schema-graph\">{\"@context\":\"https:\\\/\\\/schema.org\",\"@graph\":[{\"@type\":\"Article\",\"@id\":\"https:\\\/\\\/moldovacrestina.md\\\/ru\\\/valeriu-ghiletchi-a-decis-sa-candideze-la-alegerile-prezidentiale\\\/#article\",\"isPartOf\":{\"@id\":\"https:\\\/\\\/moldovacrestina.md\\\/ru\\\/valeriu-ghiletchi-a-decis-sa-candideze-la-alegerile-prezidentiale\\\/\"},\"author\":{\"name\":\"Moldova Cre\u0219tin\u0103 TV\",\"@id\":\"https:\\\/\\\/moldovacrestina.md\\\/ru\\\/#\\\/schema\\\/person\\\/080ed838fb30573f0080bb7fdef6c3b7\"},\"headline\":\"Valeriu GHILE\u021aCHI a decis s\u0103 candideze la alegerile preziden\u021biale\",\"datePublished\":\"2016-08-11T08:54:23+00:00\",\"mainEntityOfPage\":{\"@id\":\"https:\\\/\\\/moldovacrestina.md\\\/ru\\\/valeriu-ghiletchi-a-decis-sa-candideze-la-alegerile-prezidentiale\\\/\"},\"wordCount\":88,\"articleSection\":[\"\u0218tiri\"],\"inLanguage\":\"ru-RU\"},{\"@type\":\"WebPage\",\"@id\":\"https:\\\/\\\/moldovacrestina.md\\\/ru\\\/valeriu-ghiletchi-a-decis-sa-candideze-la-alegerile-prezidentiale\\\/\",\"url\":\"https:\\\/\\\/moldovacrestina.md\\\/ru\\\/valeriu-ghiletchi-a-decis-sa-candideze-la-alegerile-prezidentiale\\\/\",\"name\":\"Valeriu GHILE\u021aCHI a decis s\u0103 candideze la alegerile preziden\u021biale &#8226; Moldova Cre\u0219tin\u0103\",\"isPartOf\":{\"@id\":\"https:\\\/\\\/moldovacrestina.md\\\/ru\\\/#website\"},\"datePublished\":\"2016-08-11T08:54:23+00:00\",\"author\":{\"@id\":\"https:\\\/\\\/moldovacrestina.md\\\/ru\\\/#\\\/schema\\\/person\\\/080ed838fb30573f0080bb7fdef6c3b7\"},\"breadcrumb\":{\"@id\":\"https:\\\/\\\/moldovacrestina.md\\\/ru\\\/valeriu-ghiletchi-a-decis-sa-candideze-la-alegerile-prezidentiale\\\/#breadcrumb\"},\"inLanguage\":\"ru-RU\",\"potentialAction\":[{\"@type\":\"ReadAction\",\"target\":[\"https:\\\/\\\/moldovacrestina.md\\\/ru\\\/valeriu-ghiletchi-a-decis-sa-candideze-la-alegerile-prezidentiale\\\/\"]}]},{\"@type\":\"BreadcrumbList\",\"@id\":\"https:\\\/\\\/moldovacrestina.md\\\/ru\\\/valeriu-ghiletchi-a-decis-sa-candideze-la-alegerile-prezidentiale\\\/#breadcrumb\",\"itemListElement\":[{\"@type\":\"ListItem\",\"position\":1,\"name\":\"Prima pagin\u0103\",\"item\":\"https:\\\/\\\/moldovacrestina.md\\\/ru\\\/\"},{\"@type\":\"ListItem\",\"position\":2,\"name\":\"\u0218tiri\",\"item\":\"https:\\\/\\\/moldovacrestina.md\\\/stiri\\\/\"},{\"@type\":\"ListItem\",\"position\":3,\"name\":\"Valeriu GHILE\u021aCHI a decis s\u0103 candideze la alegerile preziden\u021biale\"}]},{\"@type\":\"WebSite\",\"@id\":\"https:\\\/\\\/moldovacrestina.md\\\/ru\\\/#website\",\"url\":\"https:\\\/\\\/moldovacrestina.md\\\/ru\\\/\",\"name\":\"Moldova Cre\u0219tin\u0103\",\"description\":\"R\u0103spunsuri relevante \u0219i actuale din Biblie\",\"potentialAction\":[{\"@type\":\"SearchAction\",\"target\":{\"@type\":\"EntryPoint\",\"urlTemplate\":\"https:\\\/\\\/moldovacrestina.md\\\/ru\\\/?s={search_term_string}\"},\"query-input\":{\"@type\":\"PropertyValueSpecification\",\"valueRequired\":true,\"valueName\":\"search_term_string\"}}],\"inLanguage\":\"ru-RU\"},{\"@type\":\"Person\",\"@id\":\"https:\\\/\\\/moldovacrestina.md\\\/ru\\\/#\\\/schema\\\/person\\\/080ed838fb30573f0080bb7fdef6c3b7\",\"name\":\"Moldova Cre\u0219tin\u0103 TV\",\"image\":{\"@type\":\"ImageObject\",\"inLanguage\":\"ru-RU\",\"@id\":\"https:\\\/\\\/secure.gravatar.com\\\/avatar\\\/69bf59bfd4093343a98f30ea43c3456788e9b40e6cf0645debf15f26df402854?s=96&d=mm&r=g\",\"url\":\"https:\\\/\\\/secure.gravatar.com\\\/avatar\\\/69bf59bfd4093343a98f30ea43c3456788e9b40e6cf0645debf15f26df402854?s=96&d=mm&r=g\",\"contentUrl\":\"https:\\\/\\\/secure.gravatar.com\\\/avatar\\\/69bf59bfd4093343a98f30ea43c3456788e9b40e6cf0645debf15f26df402854?s=96&d=mm&r=g\",\"caption\":\"Moldova Cre\u0219tin\u0103 TV\"},\"sameAs\":[\"https:\\\/\\\/www.youtube.com\\\/user\\\/MoldovaCrestinaTV\"],\"url\":\"https:\\\/\\\/moldovacrestina.md\\\/ru\\\/author\\\/mctv\\\/\"}]}<\/script>\n<!-- \/ Yoast SEO Premium plugin. -->","yoast_head_json":{"title":"Valeriu GHILE\u021aCHI a decis s\u0103 candideze la alegerile preziden\u021biale &#8226; Moldova Cre\u0219tin\u0103","robots":{"index":"index","follow":"follow","max-snippet":"max-snippet:-1","max-image-preview":"max-image-preview:large","max-video-preview":"max-video-preview:-1"},"canonical":"https:\/\/moldovacrestina.md\/ru\/valeriu-ghiletchi-a-decis-sa-candideze-la-alegerile-prezidentiale\/","og_locale":"ru_RU","og_type":"article","og_title":"Valeriu GHILE\u021aCHI a decis s\u0103 candideze la alegerile preziden\u021biale","og_description":"Deputatul independent, Valeriu GHILE\u021aCHI, \u0219i-a anun\u021bat ast\u0103zi oficial inten\u021bia de a candida la alegerile preziden\u021biale din aceast\u0103 toamn\u0103 Predici download |","og_url":"https:\/\/moldovacrestina.md\/ru\/valeriu-ghiletchi-a-decis-sa-candideze-la-alegerile-prezidentiale\/","og_site_name":"Moldova Cre\u0219tin\u0103","article_publisher":"https:\/\/www.facebook.com\/moldovacrestina\/","article_published_time":"2016-08-11T08:54:23+00:00","author":"Moldova Cre\u0219tin\u0103 TV","twitter_card":"summary_large_image","twitter_creator":"@moldovacrestina","twitter_site":"@moldovacrestina","twitter_misc":{"\u041d\u0430\u043f\u0438\u0441\u0430\u043d\u043e \u0430\u0432\u0442\u043e\u0440\u043e\u043c":"Moldova Cre\u0219tin\u0103 TV"},"schema":{"@context":"https:\/\/schema.org","@graph":[{"@type":"Article","@id":"https:\/\/moldovacrestina.md\/ru\/valeriu-ghiletchi-a-decis-sa-candideze-la-alegerile-prezidentiale\/#article","isPartOf":{"@id":"https:\/\/moldovacrestina.md\/ru\/valeriu-ghiletchi-a-decis-sa-candideze-la-alegerile-prezidentiale\/"},"author":{"name":"Moldova Cre\u0219tin\u0103 TV","@id":"https:\/\/moldovacrestina.md\/ru\/#\/schema\/person\/080ed838fb30573f0080bb7fdef6c3b7"},"headline":"Valeriu GHILE\u021aCHI a decis s\u0103 candideze la alegerile preziden\u021biale","datePublished":"2016-08-11T08:54:23+00:00","mainEntityOfPage":{"@id":"https:\/\/moldovacrestina.md\/ru\/valeriu-ghiletchi-a-decis-sa-candideze-la-alegerile-prezidentiale\/"},"wordCount":88,"articleSection":["\u0218tiri"],"inLanguage":"ru-RU"},{"@type":"WebPage","@id":"https:\/\/moldovacrestina.md\/ru\/valeriu-ghiletchi-a-decis-sa-candideze-la-alegerile-prezidentiale\/","url":"https:\/\/moldovacrestina.md\/ru\/valeriu-ghiletchi-a-decis-sa-candideze-la-alegerile-prezidentiale\/","name":"Valeriu GHILE\u021aCHI a decis s\u0103 candideze la alegerile preziden\u021biale &#8226; Moldova Cre\u0219tin\u0103","isPartOf":{"@id":"https:\/\/moldovacrestina.md\/ru\/#website"},"datePublished":"2016-08-11T08:54:23+00:00","author":{"@id":"https:\/\/moldovacrestina.md\/ru\/#\/schema\/person\/080ed838fb30573f0080bb7fdef6c3b7"},"breadcrumb":{"@id":"https:\/\/moldovacrestina.md\/ru\/valeriu-ghiletchi-a-decis-sa-candideze-la-alegerile-prezidentiale\/#breadcrumb"},"inLanguage":"ru-RU","potentialAction":[{"@type":"ReadAction","target":["https:\/\/moldovacrestina.md\/ru\/valeriu-ghiletchi-a-decis-sa-candideze-la-alegerile-prezidentiale\/"]}]},{"@type":"BreadcrumbList","@id":"https:\/\/moldovacrestina.md\/ru\/valeriu-ghiletchi-a-decis-sa-candideze-la-alegerile-prezidentiale\/#breadcrumb","itemListElement":[{"@type":"ListItem","position":1,"name":"Prima pagin\u0103","item":"https:\/\/moldovacrestina.md\/ru\/"},{"@type":"ListItem","position":2,"name":"\u0218tiri","item":"https:\/\/moldovacrestina.md\/stiri\/"},{"@type":"ListItem","position":3,"name":"Valeriu GHILE\u021aCHI a decis s\u0103 candideze la alegerile preziden\u021biale"}]},{"@type":"WebSite","@id":"https:\/\/moldovacrestina.md\/ru\/#website","url":"https:\/\/moldovacrestina.md\/ru\/","name":"Moldova Cre\u0219tin\u0103","description":"R\u0103spunsuri relevante \u0219i actuale din Biblie","potentialAction":[{"@type":"SearchAction","target":{"@type":"EntryPoint","urlTemplate":"https:\/\/moldovacrestina.md\/ru\/?s={search_term_string}"},"query-input":{"@type":"PropertyValueSpecification","valueRequired":true,"valueName":"search_term_string"}}],"inLanguage":"ru-RU"},{"@type":"Person","@id":"https:\/\/moldovacrestina.md\/ru\/#\/schema\/person\/080ed838fb30573f0080bb7fdef6c3b7","name":"Moldova Cre\u0219tin\u0103 TV","image":{"@type":"ImageObject","inLanguage":"ru-RU","@id":"https:\/\/secure.gravatar.com\/avatar\/69bf59bfd4093343a98f30ea43c3456788e9b40e6cf0645debf15f26df402854?s=96&d=mm&r=g","url":"https:\/\/secure.gravatar.com\/avatar\/69bf59bfd4093343a98f30ea43c3456788e9b40e6cf0645debf15f26df402854?s=96&d=mm&r=g","contentUrl":"https:\/\/secure.gravatar.com\/avatar\/69bf59bfd4093343a98f30ea43c3456788e9b40e6cf0645debf15f26df402854?s=96&d=mm&r=g","caption":"Moldova Cre\u0219tin\u0103 TV"},"sameAs":["https:\/\/www.youtube.com\/user\/MoldovaCrestinaTV"],"url":"https:\/\/moldovacrestina.md\/ru\/author\/mctv\/"}]}},"jetpack_featured_media_url":"","video_meta":false,"featured_image":false,"wpml":{"language_code":"ru","locale":"ru_RU","text_direction":false,"display_name":"\u0420\u0443\u0441\u0441\u043a\u0438\u0439","native_name":"Rus\u0103","different_language":false},"jetpack-related-posts":[{"id":362917,"url":"https:\/\/moldovacrestina.md\/partid-lgbtq-in-moldova-cateva-ganduri-despre-pride-2025-la-chisinau\/","url_meta":{"origin":204516,"position":0},"title":"Partid LGBTQ \u00een Moldova? C\u00e2teva g\u00e2nduri despre Pride 2025 la Chi\u0219in\u0103u.","author":"Moldova Cre\u0219tin\u0103","date":"15.06.2025","format":false,"excerpt":"\ud83d\udecdCupon special: moldovacrestina15 \u2014 15% reducere la toate manualele disponibile pe site-ul https:\/\/shop.eurasiaprecept.org\u201d \u2753Pune\u021bi o \u00eentrebare: target=\"_blank\" rel=\"nofollow\"https:\/\/bit.ly\/3fN2se7 \u271d\ufe0f\ufe0f Vrei s\u0103 devii ucenicul lui Hristos? https:\/\/bit.ly\/3EcX4KO \ud83d\udcda Studiaz\u0103 Biblia online cu Vasile Filat https:\/\/bit.ly\/3OjfLA1 sau alege-\u021bi un alt grup de studiu https:\/\/bit.ly\/3UqHbpJ \ud83c\udf81 Doneaz\u0103 https:\/\/bit.ly\/3NQJdx5 - Contactele noastre - \u260e\ufe0f\u2026","rel":"","context":"<span class=\"jp-relatedposts-post-author\">Moldova Cre\u0219tin\u0103<\/span>","block_context":{"text":"MCTV","link":"https:\/\/moldovacrestina.md\/mctv\/"},"img":{"alt_text":"","src":"https:\/\/i0.wp.com\/cdn.moldovacrestina.md\/2025\/06\/59fd8843-lmy0sc4w1u4.jpg?resize=350%2C200&ssl=1","width":350,"height":200},"classes":[]},{"id":362654,"url":"https:\/\/moldovacrestina.md\/papa-francisc-a-murit-ce-a-lasat-in-urma-ce-urmeaza-pentru-sufletul-lui\/","url_meta":{"origin":204516,"position":1},"title":"Papa Francisc a murit. Ce a l\u0103sat \u00een urm\u0103? Ce urmeaz\u0103 pentru sufletul lui?","author":"Moldova Cre\u0219tin\u0103","date":"21.04.2025","format":false,"excerpt":"\ud83d\udecdCupon special: moldovacrestina15 \u2014 15% reducere la toate manualele disponibile pe site-ul https:\/\/shop.eurasiaprecept.org\u201d \u2753Pune\u021bi o \u00eentrebare: <a href=\"https:\/\/bit.ly\/3fN2se7\" target=\"_blank\" rel=\"nofollow\">https:\/\/bit.ly\/3fN2se7 \u271d\ufe0f\ufe0f Vrei s\u0103 devii ucenicul lui Hristos? https:\/\/bit.ly\/3EcX4KO \ud83d\udcda Studiaz\u0103 Biblia online cu Vasile Filat https:\/\/bit.ly\/3OjfLA1 sau alege-\u021bi un alt grup de studiu https:\/\/bit.ly\/3UqHbpJ \ud83c\udf81 Doneaz\u0103 https:\/\/bit.ly\/3NQJdx5 - Contactele noastre\u2026","rel":"","context":"<span class=\"jp-relatedposts-post-author\">Moldova Cre\u0219tin\u0103<\/span>","block_context":{"text":"MCTV","link":"https:\/\/moldovacrestina.md\/mctv\/"},"img":{"alt_text":"","src":"https:\/\/i0.wp.com\/cdn.moldovacrestina.md\/2025\/04\/8c1cc41d-ous_lr5g3sk.jpg?resize=350%2C200&ssl=1","width":350,"height":200,"srcset":"https:\/\/i0.wp.com\/cdn.moldovacrestina.md\/2025\/04\/8c1cc41d-ous_lr5g3sk.jpg?resize=350%2C200&ssl=1 1x, https:\/\/i0.wp.com\/cdn.moldovacrestina.md\/2025\/04\/8c1cc41d-ous_lr5g3sk.jpg?resize=525%2C300&ssl=1 1.5x, https:\/\/i0.wp.com\/cdn.moldovacrestina.md\/2025\/04\/8c1cc41d-ous_lr5g3sk.jpg?resize=700%2C400&ssl=1 2x, https:\/\/i0.wp.com\/cdn.moldovacrestina.md\/2025\/04\/8c1cc41d-ous_lr5g3sk.jpg?resize=1050%2C600&ssl=1 3x"},"classes":[]},{"id":361602,"url":"https:\/\/moldovacrestina.md\/este-adevarat-ca-proorocul-ieremia-a-invatat-ca-este-corect-pentru-femei-sa-peteasca-barbatii-vasile-filat\/","url_meta":{"origin":204516,"position":2},"title":"Este adev\u0103rat ca proorocul Ieremia a \u00eenv\u0103\u021bat ca este corect pentru femei s\u0103 pe\u021beasc\u0103 b\u0103rba\u021bii? &#8211; Vasile Filat","author":"\u0412\u0430\u0441\u0438\u043b\u0435 \u0424\u0438\u043b\u0430\u0442","date":"14.12.2024","format":false,"excerpt":"\u00cen Ieremia 31:22 este spus c\u0103 \u201dfemeia va pe\u021bi pe b\u0103rbat\u201d. Cum este interpretat corect acest text din Scriptur\u0103? Este corect pentu o fat\u0103 s\u0103 curteze un b\u0103iat? Afl\u0103 \u00een acest video. \u2753Pune\u021bi o \u00eentrebare: https:\/\/bit.ly\/3fN2se7 \u271d\ufe0f\ufe0f Vrei s\u0103 devii ucenicul lui Hristos? https:\/\/bit.ly\/3EcX4KO \ud83d\udcda Studiaz\u0103 Biblia online cu Vasile\u2026","rel":"","context":"<span class=\"jp-relatedposts-post-author\">\u0412\u0430\u0441\u0438\u043b\u0435 \u0424\u0438\u043b\u0430\u0442<\/span>","block_context":{"text":"Doctrine","link":"https:\/\/moldovacrestina.md\/doctrine\/"},"img":{"alt_text":"","src":"https:\/\/i0.wp.com\/cdn.moldovacrestina.md\/2024\/12\/6c42d64e-screenshot-2024-12-14-at-22.48.11.png?resize=350%2C200&ssl=1","width":350,"height":200,"srcset":"https:\/\/i0.wp.com\/cdn.moldovacrestina.md\/2024\/12\/6c42d64e-screenshot-2024-12-14-at-22.48.11.png?resize=350%2C200&ssl=1 1x, https:\/\/i0.wp.com\/cdn.moldovacrestina.md\/2024\/12\/6c42d64e-screenshot-2024-12-14-at-22.48.11.png?resize=525%2C300&ssl=1 1.5x, https:\/\/i0.wp.com\/cdn.moldovacrestina.md\/2024\/12\/6c42d64e-screenshot-2024-12-14-at-22.48.11.png?resize=700%2C400&ssl=1 2x, https:\/\/i0.wp.com\/cdn.moldovacrestina.md\/2024\/12\/6c42d64e-screenshot-2024-12-14-at-22.48.11.png?resize=1050%2C600&ssl=1 3x, https:\/\/i0.wp.com\/cdn.moldovacrestina.md\/2024\/12\/6c42d64e-screenshot-2024-12-14-at-22.48.11.png?resize=1400%2C800&ssl=1 4x"},"classes":[]},{"id":363755,"url":"https:\/\/moldovacrestina.md\/este-pacat-divortul-daca-ambii-soti-il-doresc-pastor-vasile-filat\/","url_meta":{"origin":204516,"position":3},"title":"Este p\u0103cat divor\u021bul dac\u0103 ambii so\u021bi \u00eel doresc? | Pastor Vasile Filat","author":"Moldova Cre\u0219tin\u0103","date":"12.10.2025","format":false,"excerpt":"Mul\u021bi oameni cred c\u0103 dac\u0103 ambii so\u021bi sunt de acord cu desp\u0103r\u021birea, divor\u021bul nu mai este p\u0103cat. Dar ce spune Biblia? \u00cen acest video, pastorul Vasile Filat explic\u0103, pe baza textelor din Matei 19, Maleahi 2 \u0219i Evrei 13:4, c\u0103 Dumnezeu a instituit c\u0103s\u0103toria \u0219i El singur are autoritatea de\u2026","rel":"","context":"<span class=\"jp-relatedposts-post-author\">Moldova Cre\u0219tin\u0103<\/span>","block_context":{"text":"MCTV","link":"https:\/\/moldovacrestina.md\/mctv\/"},"img":{"alt_text":"","src":"https:\/\/i0.wp.com\/cdn.moldovacrestina.md\/2025\/10\/fa6abd08-qnfeu_9zdi4.jpg?resize=350%2C200&ssl=1","width":350,"height":200,"srcset":"https:\/\/i0.wp.com\/cdn.moldovacrestina.md\/2025\/10\/fa6abd08-qnfeu_9zdi4.jpg?resize=350%2C200&ssl=1 1x, https:\/\/i0.wp.com\/cdn.moldovacrestina.md\/2025\/10\/fa6abd08-qnfeu_9zdi4.jpg?resize=525%2C300&ssl=1 1.5x, https:\/\/i0.wp.com\/cdn.moldovacrestina.md\/2025\/10\/fa6abd08-qnfeu_9zdi4.jpg?resize=700%2C400&ssl=1 2x, https:\/\/i0.wp.com\/cdn.moldovacrestina.md\/2025\/10\/fa6abd08-qnfeu_9zdi4.jpg?resize=1050%2C600&ssl=1 3x"},"classes":[]},{"id":362037,"url":"https:\/\/moldovacrestina.md\/sotul-te-provoaca-la-manie-zilnic-sfatul-aceasta-te-va-ajuta-sa-raspunzi-bland-si-intelept\/","url_meta":{"origin":204516,"position":4},"title":"SO\u021aUL TE PROVOAC\u0102 LA M\u00c2NIE ZILNIC. Sfatul aceasta te va ajuta s\u0103 r\u0103spunzi bl\u00e2nd \u0219i \u00een\u021belept.","author":"Moldova Cre\u0219tin\u0103","date":"12.02.2025","format":false,"excerpt":"C\u00e2nd e\u0219ti provocat\u0103 zilnic, r\u0103spunsul t\u0103u face diferen\u021ba. Afl\u0103 cum s\u0103 reac\u021bionezi cu pace \u0219i \u00een\u021belepciune, chiar \u00een momente dificile. \ud83d\udc49 Devino membru \u0219i sus\u021bine lucrarea Moldova Cre\u0219tin\u0103: https:\/\/www.youtube.com\/channel\/UCeW3HzRTA7XNuq5w_JRX0ow\/join \ud83d\udecdCupon special: moldovacrestina15 \u2014 15% reducere la toate manualele disponibile pe site-ul https:\/\/shop.eurasiaprecept.org\u201d \u2753Pune\u021bi o \u00eentrebare: https:\/\/bit.ly\/3fN2se7 \u271d\ufe0f\ufe0f Vrei s\u0103 devii\u2026","rel":"","context":"<span class=\"jp-relatedposts-post-author\">Moldova Cre\u0219tin\u0103<\/span>","block_context":{"text":"MCTV","link":"https:\/\/moldovacrestina.md\/mctv\/"},"img":{"alt_text":"","src":"https:\/\/i0.wp.com\/cdn.moldovacrestina.md\/2025\/02\/7614b623-xakfmd03tl0.jpg?resize=350%2C200&ssl=1","width":350,"height":200,"srcset":"https:\/\/i0.wp.com\/cdn.moldovacrestina.md\/2025\/02\/7614b623-xakfmd03tl0.jpg?resize=350%2C200&ssl=1 1x, https:\/\/i0.wp.com\/cdn.moldovacrestina.md\/2025\/02\/7614b623-xakfmd03tl0.jpg?resize=525%2C300&ssl=1 1.5x, https:\/\/i0.wp.com\/cdn.moldovacrestina.md\/2025\/02\/7614b623-xakfmd03tl0.jpg?resize=700%2C400&ssl=1 2x, https:\/\/i0.wp.com\/cdn.moldovacrestina.md\/2025\/02\/7614b623-xakfmd03tl0.jpg?resize=1050%2C600&ssl=1 3x"},"classes":[]},{"id":361529,"url":"https:\/\/moldovacrestina.md\/arderea-lumanarilor-pentru-morti-si-vii-vasile-filat\/","url_meta":{"origin":204516,"position":5},"title":"Arderea lum\u00e2n\u0103rilor pentru mor\u021bi \u0219i vii &#8211; Vasile Filat","author":"\u0412\u0430\u0441\u0438\u043b\u0435 \u0424\u0438\u043b\u0430\u0442","date":"04.12.2024","format":false,"excerpt":"\u00ceNTREBAREA: V\u0103 rog frumos s\u0103 realiza\u021bi un video despre arderea lum\u00e2n\u0103rilor \u0219i s\u0103 ne l\u0103muri\u021bi \u00een privin\u021ba acestui subiect. \u00cen biserica ortodox\u0103 se aprind lum\u00e2n\u0103ri pentru cei vii \u00eentr-o parte \u0219i pentru cei mor\u021bi \u00een alta, dar nu \u00een\u021beleg sensul acestei practici. Mul\u021bumesc anticipat! Afl\u0103 R\u0102SPUNSUL \u00een acest video. Cadou\u2026","rel":"","context":"<span class=\"jp-relatedposts-post-author\">\u0412\u0430\u0441\u0438\u043b\u0435 \u0424\u0438\u043b\u0430\u0442<\/span>","block_context":{"text":"Doctrine","link":"https:\/\/moldovacrestina.md\/doctrine\/"},"img":{"alt_text":"","src":"https:\/\/i0.wp.com\/cdn.moldovacrestina.md\/2024\/12\/53cccadf-screenshot-2024-12-04-at-23.38.17.png?resize=350%2C200&ssl=1","width":350,"height":200,"srcset":"https:\/\/i0.wp.com\/cdn.moldovacrestina.md\/2024\/12\/53cccadf-screenshot-2024-12-04-at-23.38.17.png?resize=350%2C200&ssl=1 1x, https:\/\/i0.wp.com\/cdn.moldovacrestina.md\/2024\/12\/53cccadf-screenshot-2024-12-04-at-23.38.17.png?resize=525%2C300&ssl=1 1.5x, https:\/\/i0.wp.com\/cdn.moldovacrestina.md\/2024\/12\/53cccadf-screenshot-2024-12-04-at-23.38.17.png?resize=700%2C400&ssl=1 2x, https:\/\/i0.wp.com\/cdn.moldovacrestina.md\/2024\/12\/53cccadf-screenshot-2024-12-04-at-23.38.17.png?resize=1050%2C600&ssl=1 3x, https:\/\/i0.wp.com\/cdn.moldovacrestina.md\/2024\/12\/53cccadf-screenshot-2024-12-04-at-23.38.17.png?resize=1400%2C800&ssl=1 4x"},"classes":[]}],"jetpack_sharing_enabled":true,"_links":{"self":[{"href":"https:\/\/moldovacrestina.md\/ru\/wp-json\/wp\/v2\/posts\/204516","targetHints":{"allow":["GET"]}}],"collection":[{"href":"https:\/\/moldovacrestina.md\/ru\/wp-json\/wp\/v2\/posts"}],"about":[{"href":"https:\/\/moldovacrestina.md\/ru\/wp-json\/wp\/v2\/types\/post"}],"author":[{"embeddable":true,"href":"https:\/\/moldovacrestina.md\/ru\/wp-json\/wp\/v2\/users\/197"}],"replies":[{"embeddable":true,"href":"https:\/\/moldovacrestina.md\/ru\/wp-json\/wp\/v2\/comments?post=204516"}],"version-history":[{"count":0,"href":"https:\/\/moldovacrestina.md\/ru\/wp-json\/wp\/v2\/posts\/204516\/revisions"}],"wp:attachment":[{"href":"https:\/\/moldovacrestina.md\/ru\/wp-json\/wp\/v2\/media?parent=204516"}],"wp:term":[{"taxonomy":"category","embeddable":true,"href":"https:\/\/moldovacrestina.md\/ru\/wp-json\/wp\/v2\/categories?post=204516"},{"taxonomy":"post_tag","embeddable":true,"href":"https:\/\/moldovacrestina.md\/ru\/wp-json\/wp\/v2\/tags?post=204516"}],"curies":[{"name":"wp","href":"https:\/\/api.w.org\/{rel}","templated":true}]}}