{"id":81261,"date":"2013-09-09T16:42:46","date_gmt":"2013-09-09T14:42:46","guid":{"rendered":"https:\/\/moldovacrestina.md\/prier-a-dieu-ou-a-jesus-christ"},"modified":"2017-05-03T18:44:23","modified_gmt":"2017-05-03T16:44:23","slug":"prier-a-dieu-ou-a-jesus-christ","status":"publish","type":"post","link":"https:\/\/moldovacrestina.md\/fr\/prier-a-dieu-ou-a-jesus-christ\/","title":{"rendered":"A qui devons-nous pri\u00e8re: \u00e0 Dieu le P\u00e8re, ou J\u00e9sus-Christ ?"},"content":{"rendered":"<p>Question :<\/p>\n<blockquote class=\"td_quote_box td_box_center\"><p><em>Je voudrais savoir,\u00a0\u00e0 qui\u00a0nous devrions nous\u00a0adresser,\u00a0quand nous prions:\u00a0\u00e0\u00a0Seigneur J\u00e9sus\u00a0Christ,\u00a0qui est mort pour\u00a0nous, les p\u00e9cheurs,\u00a0ou\u00a0\u00e0\u00a0Dieu,\u00a0qui est le\u00a0Cr\u00e9ateur de tout ?\u00a0Je sais que\u00a0J\u00e9sus a dit que\u00a0personne ne\u00a0vient au P\u00e8re\u00a0que par Lui.\u00a0Je vous remercie !<\/em><\/p><\/blockquote>\n<p><img decoding=\"async\" class=\"aligncenter size-full img-resp\" src=\"https:\/\/cdn.moldovacrestina.md\/2017\/12\/prier.jpg\" alt=\"\" \/><\/p>\n<p>J\u00e9sus-Christ\u00a0nous a enseign\u00e9 \u00e0\u00a0prier le P\u00e8re\u00a0en Son nom (le nom du Sauveur).\u00a0Il a dit:<\/p>\n<blockquote class=\"td_quote_box td_box_center\"><p>Croyez-moi, je suis dans le P\u00e8re, et le P\u00e8re est en moi; croyez du moins \u00e0 cause de ces \u0153uvres.\u00a0En v\u00e9rit\u00e9, en v\u00e9rit\u00e9, je vous le dis, celui qui croit en moi fera aussi les \u0153uvres que je fais, et il en fera de plus grandes, parce que je m&#8217;en vais au P\u00e8re;\u00a0et tout ce que vous\u00a0<strong>demanderez en mon nom,<\/strong>\u00a0je le ferai, afin que le P\u00e8re soit glorifi\u00e9 dans le Fils.\u00a0Si vous\u00a0<strong>demandez quelque chose en mon nom,<\/strong>\u00a0je le ferai. (Jean 14:11 &#8211; 14)<\/p><\/blockquote>\n<p>Puis,\u00a0dans\u00a0le chapitre suivant\u00a0dans\u00a0l&#8217;Evangile de Jean,\u00a0J\u00e9sus dit :<\/p>\n<blockquote class=\"td_quote_box td_box_center\"><p>Ce n&#8217;est pas vous qui m&#8217;avez choisi; mais moi, je vous ai choisis, et je vous ai \u00e9tablis, afin que vous alliez, et que vous portiez du fruit, et que votre fruit demeure, afin que<strong>\u00a0<\/strong><strong>ce que vous demanderez au P\u00e8re en mon nom,<\/strong>\u00a0il vous le donne. (Jean 15:16)<\/p><\/blockquote>\n<p>Et aussi, dans le chapitre 16, le Saveur dit\u00a0la m\u00eame v\u00e9rit\u00e9:<\/p>\n<blockquote class=\"td_quote_box td_box_center\"><p>Vous donc aussi, vous \u00eates maintenant dans la tristesse; mais je vous reverrai, et votre c\u0153ur se r\u00e9jouira, et nul ne vous ravira votre joie.\u00a0En ce jour-l\u00e0, vous ne m&#8217;interrogerez plus sur rien. En v\u00e9rit\u00e9, en v\u00e9rit\u00e9, je vous le dis, ce que vous<strong> demanderez au P\u00e8re, il vous le donnera en mon nom<\/strong>.\u00a0Jusqu&#8217;\u00e0 pr\u00e9sent vous n&#8217;avez rien demand\u00e9 en mon nom. Demandez, et vous recevrez, afin que votre joie soit parfaite. \u00a0(Jean 16:22-24)<\/p><\/blockquote>\n<p>L&#8217;ap\u00f4tre Paul a\u00a0enseign\u00e9 les\u00a0chr\u00e9tiens\u00a0de prier\u00a0au P\u00e8re\u00a0au nom de\u00a0J\u00e9sus-Christ. Il a\u00a0\u00e9crit aux\u00a0Eph\u00e9siens:<\/p>\n<blockquote class=\"td_quote_box td_box_center\"><p>Rendez continuellement gr\u00e2ces pour toutes choses \u00e0 Dieu le P\u00e8re, au nom de notre Seigneur J\u00e9sus Christ (Eph\u00e9siens 5:20)<\/p><\/blockquote>\n<p>Il a dit\u00a0la m\u00eame chose\u00a0dans l&#8217;\u00e9p\u00eetre\u00a0aux Colossiens:<\/p>\n<blockquote class=\"td_quote_box td_box_center\"><p>Et quoi que vous fassiez, en parole ou en \u0153uvre, faites tout au nom du Seigneur J\u00e9sus, en\u00a0<strong>rendant par lui des actions de gr\u00e2ces \u00e0 Dieu le P\u00e8re<\/strong>. (Colossiens 3:17)<\/p><\/blockquote>\n<p>Priez\u00a0toujours\u00a0Dieu le P\u00e8re,\u00a0au nom\u00a0de J\u00e9sus-Christ.\u00a0Mais n&#8217;oubliez pas que\u00a0vous\u00a0devez d&#8217;abord \u00e9tablir\u00a0une relation avec Dieu\u00a0et cela est possible\u00a0seulement\u00a0en conclurent\u00a0dans\u00a0la Nouvelle Alliance.\u00a0Prenez la d\u00e9cision de\u00a0devenir\u00a0un disciple\u00a0de J\u00e9sus\u00a0et\u00a0selon\u00a0son commandement,\u00a0soyez baptis\u00e9 par\u00a0foi. Et\u00a0puis,\u00a0attachez-vous \u00e0\u00a0l&#8217;\u00c9glise et vivez selon les enseignements\u00a0du Seigneur qui sont\u00a0\u00e9crit\u00a0dans le Nouveau\u00a0Testament.<br \/>\nEtudiez les\u00a0\u00c9critures\u00a0et vivez\u00a0dans la justice\u00a0par le Saint Esprit.\u00a0Seulement alors,\u00a0vos pri\u00e8res\u00a0seront entendues\u00a0devant Dieu et\u00a0tout ce que vous\u00a0demanderez au P\u00e8re\u00a0au nom de\u00a0J\u00e9sus-Christ,\u00a0vous recevrez. Que Dieu vous aide !<\/p>\n<p>L&#8217;article a \u00e9t\u00e9 traduit par Diana Ta\u0219ca.<\/p>\n","protected":false},"excerpt":{"rendered":"<p>Question : Je voudrais savoir,\u00a0\u00e0 qui\u00a0nous devrions nous\u00a0adresser,\u00a0quand nous prions:\u00a0\u00e0\u00a0Seigneur J\u00e9sus\u00a0Christ,\u00a0qui est mort pour\u00a0nous, les p\u00e9cheurs,\u00a0ou\u00a0\u00e0\u00a0Dieu,\u00a0qui est le\u00a0Cr\u00e9ateur de tout ?\u00a0Je sais que\u00a0J\u00e9sus a dit que\u00a0personne ne\u00a0vient au P\u00e8re\u00a0que par Lui.\u00a0Je vous remercie ! J\u00e9sus-Christ\u00a0nous a enseign\u00e9 \u00e0\u00a0prier le P\u00e8re\u00a0en Son nom (le nom du Sauveur).\u00a0Il a dit: Croyez-moi, je suis dans le P\u00e8re, et [&hellip;]<\/p>\n","protected":false},"author":46,"featured_media":81267,"comment_status":"closed","ping_status":"closed","sticky":false,"template":"","format":"standard","meta":{"_acf_changed":false,"inline_featured_image":false,"_monsterinsights_skip_tracking":false,"_monsterinsights_sitenote_active":false,"_monsterinsights_sitenote_note":"","_monsterinsights_sitenote_category":0,"_genesis_hide_title":false,"_genesis_hide_breadcrumbs":false,"_genesis_hide_singular_image":false,"_genesis_hide_footer_widgets":false,"_genesis_custom_body_class":"","_genesis_custom_post_class":"","_genesis_layout":"","ep_exclude_from_search":false,"_jetpack_memberships_contains_paid_content":false,"footnotes":""},"categories":[29840],"tags":[19550,19552,19554,19555,19556,19557],"class_list":{"0":"post-81261","1":"post","2":"type-post","3":"status-publish","4":"format-standard","5":"has-post-thumbnail","7":"category-reponses-de-la-bible","8":"tag-prier","9":"tag-demanderez-au-pere","10":"tag-au-nom-de-jesus-christ","11":"tag-priez-au-nom-de-jesus-christ","12":"tag-etablir-une-relation-avec-dieu","13":"tag-prier-au-pere","14":"entry"},"acf":[],"yoast_head":"<!-- This site is optimized with the Yoast SEO Premium plugin v26.5 (Yoast SEO v27.4) - https:\/\/yoast.com\/product\/yoast-seo-premium-wordpress\/ -->\n<title>A qui nous devrions nous adresser nos pri\u00e8res: \u00e0 Dieu ou au J\u00e9sus Christ?<\/title>\n<meta name=\"description\" content=\"Priez toujours Dieu le P\u00e8re, au nom de J\u00e9sus-Christ. Mais n&#039;oubliez pas que vous devez d&#039;abord \u00e9tablir une relation avec Dieu.\" \/>\n<meta name=\"robots\" content=\"index, follow, max-snippet:-1, max-image-preview:large, max-video-preview:-1\" \/>\n<link rel=\"canonical\" href=\"https:\/\/moldovacrestina.md\/fr\/prier-a-dieu-ou-a-jesus-christ\/\" \/>\n<meta property=\"og:locale\" content=\"fr_FR\" \/>\n<meta property=\"og:type\" content=\"article\" \/>\n<meta property=\"og:title\" content=\"A qui devons-nous pri\u00e8re: \u00e0 Dieu le P\u00e8re, ou J\u00e9sus-Christ ?\" \/>\n<meta property=\"og:description\" content=\"Priez toujours Dieu le P\u00e8re, au nom de J\u00e9sus-Christ. Mais n&#039;oubliez pas que vous devez d&#039;abord \u00e9tablir une relation avec Dieu.\" \/>\n<meta property=\"og:url\" content=\"https:\/\/moldovacrestina.md\/fr\/prier-a-dieu-ou-a-jesus-christ\/\" \/>\n<meta property=\"og:site_name\" content=\"Moldova Cre\u0219tin\u0103\" \/>\n<meta property=\"article:publisher\" content=\"https:\/\/www.facebook.com\/moldovacrestina\/\" \/>\n<meta property=\"article:published_time\" content=\"2013-09-09T14:42:46+00:00\" \/>\n<meta property=\"article:modified_time\" content=\"2017-05-03T16:44:23+00:00\" \/>\n<meta property=\"og:image\" content=\"https:\/\/cdn.moldovacrestina.md\/2017\/12\/prier.jpg\" \/>\n\t<meta property=\"og:image:width\" content=\"720\" \/>\n\t<meta property=\"og:image:height\" content=\"480\" \/>\n\t<meta property=\"og:image:type\" content=\"image\/jpeg\" \/>\n<meta name=\"author\" content=\"Vasile Filat\" \/>\n<meta name=\"twitter:card\" content=\"summary_large_image\" \/>\n<meta name=\"twitter:creator\" content=\"@moldovacrestina\" \/>\n<meta name=\"twitter:site\" content=\"@moldovacrestina\" \/>\n<meta name=\"twitter:label1\" content=\"\u00c9crit par\" \/>\n\t<meta name=\"twitter:data1\" content=\"Vasile Filat\" \/>\n\t<meta name=\"twitter:label2\" content=\"Dur\u00e9e de lecture estim\u00e9e\" \/>\n\t<meta name=\"twitter:data2\" content=\"3 minutes\" \/>\n<script type=\"application\/ld+json\" class=\"yoast-schema-graph\">{\"@context\":\"https:\\\/\\\/schema.org\",\"@graph\":[{\"@type\":\"Article\",\"@id\":\"https:\\\/\\\/moldovacrestina.md\\\/fr\\\/prier-a-dieu-ou-a-jesus-christ\\\/#article\",\"isPartOf\":{\"@id\":\"https:\\\/\\\/moldovacrestina.md\\\/fr\\\/prier-a-dieu-ou-a-jesus-christ\\\/\"},\"author\":{\"name\":\"Vasile Filat\",\"@id\":\"https:\\\/\\\/moldovacrestina.md\\\/fr\\\/#\\\/schema\\\/person\\\/04b204bbb582cc832c3d2424f5d27dc0\"},\"headline\":\"A qui devons-nous pri\u00e8re: \u00e0 Dieu le P\u00e8re, ou J\u00e9sus-Christ ?\",\"datePublished\":\"2013-09-09T14:42:46+00:00\",\"dateModified\":\"2017-05-03T16:44:23+00:00\",\"mainEntityOfPage\":{\"@id\":\"https:\\\/\\\/moldovacrestina.md\\\/fr\\\/prier-a-dieu-ou-a-jesus-christ\\\/\"},\"wordCount\":555,\"image\":{\"@id\":\"https:\\\/\\\/moldovacrestina.md\\\/fr\\\/prier-a-dieu-ou-a-jesus-christ\\\/#primaryimage\"},\"thumbnailUrl\":\"https:\\\/\\\/moldovacrestina.md\\\/wp-content\\\/uploads\\\/2017\\\/12\\\/prier.jpg\",\"keywords\":[\"prier\",\"demanderez au P\u00e8re\",\"au nom de J\u00e9sus-Christ\",\"Priez au nom de J\u00e9sus-Christ\",\"\u00e9tablir une relation avec Dieu\",\"prier au P\u00e8re\"],\"articleSection\":[\"R\u00e9ponses de la Bible\"],\"inLanguage\":\"fr-FR\"},{\"@type\":\"WebPage\",\"@id\":\"https:\\\/\\\/moldovacrestina.md\\\/fr\\\/prier-a-dieu-ou-a-jesus-christ\\\/\",\"url\":\"https:\\\/\\\/moldovacrestina.md\\\/fr\\\/prier-a-dieu-ou-a-jesus-christ\\\/\",\"name\":\"A qui nous devrions nous adresser nos pri\u00e8res: \u00e0 Dieu ou au J\u00e9sus Christ?\",\"isPartOf\":{\"@id\":\"https:\\\/\\\/moldovacrestina.md\\\/fr\\\/#website\"},\"primaryImageOfPage\":{\"@id\":\"https:\\\/\\\/moldovacrestina.md\\\/fr\\\/prier-a-dieu-ou-a-jesus-christ\\\/#primaryimage\"},\"image\":{\"@id\":\"https:\\\/\\\/moldovacrestina.md\\\/fr\\\/prier-a-dieu-ou-a-jesus-christ\\\/#primaryimage\"},\"thumbnailUrl\":\"https:\\\/\\\/moldovacrestina.md\\\/wp-content\\\/uploads\\\/2017\\\/12\\\/prier.jpg\",\"datePublished\":\"2013-09-09T14:42:46+00:00\",\"dateModified\":\"2017-05-03T16:44:23+00:00\",\"author\":{\"@id\":\"https:\\\/\\\/moldovacrestina.md\\\/fr\\\/#\\\/schema\\\/person\\\/04b204bbb582cc832c3d2424f5d27dc0\"},\"description\":\"Priez toujours Dieu le P\u00e8re, au nom de J\u00e9sus-Christ. Mais n'oubliez pas que vous devez d'abord \u00e9tablir une relation avec Dieu.\",\"breadcrumb\":{\"@id\":\"https:\\\/\\\/moldovacrestina.md\\\/fr\\\/prier-a-dieu-ou-a-jesus-christ\\\/#breadcrumb\"},\"inLanguage\":\"fr-FR\",\"potentialAction\":[{\"@type\":\"ReadAction\",\"target\":[\"https:\\\/\\\/moldovacrestina.md\\\/fr\\\/prier-a-dieu-ou-a-jesus-christ\\\/\"]}]},{\"@type\":\"ImageObject\",\"inLanguage\":\"fr-FR\",\"@id\":\"https:\\\/\\\/moldovacrestina.md\\\/fr\\\/prier-a-dieu-ou-a-jesus-christ\\\/#primaryimage\",\"url\":\"https:\\\/\\\/moldovacrestina.md\\\/wp-content\\\/uploads\\\/2017\\\/12\\\/prier.jpg\",\"contentUrl\":\"https:\\\/\\\/moldovacrestina.md\\\/wp-content\\\/uploads\\\/2017\\\/12\\\/prier.jpg\",\"width\":720,\"height\":480},{\"@type\":\"BreadcrumbList\",\"@id\":\"https:\\\/\\\/moldovacrestina.md\\\/fr\\\/prier-a-dieu-ou-a-jesus-christ\\\/#breadcrumb\",\"itemListElement\":[{\"@type\":\"ListItem\",\"position\":1,\"name\":\"Prima pagin\u0103\",\"item\":\"https:\\\/\\\/moldovacrestina.md\\\/fr\\\/\"},{\"@type\":\"ListItem\",\"position\":2,\"name\":\"R\u00e9ponses de la Bible\",\"item\":\"https:\\\/\\\/moldovacrestina.md\\\/fr\\\/reponses-de-la-bible\\\/\"},{\"@type\":\"ListItem\",\"position\":3,\"name\":\"A qui devons-nous pri\u00e8re: \u00e0 Dieu le P\u00e8re, ou J\u00e9sus-Christ ?\"}]},{\"@type\":\"WebSite\",\"@id\":\"https:\\\/\\\/moldovacrestina.md\\\/fr\\\/#website\",\"url\":\"https:\\\/\\\/moldovacrestina.md\\\/fr\\\/\",\"name\":\"Moldova Cre\u0219tin\u0103\",\"description\":\"R\u0103spunsuri relevante \u0219i actuale din Biblie\",\"potentialAction\":[{\"@type\":\"SearchAction\",\"target\":{\"@type\":\"EntryPoint\",\"urlTemplate\":\"https:\\\/\\\/moldovacrestina.md\\\/fr\\\/?s={search_term_string}\"},\"query-input\":{\"@type\":\"PropertyValueSpecification\",\"valueRequired\":true,\"valueName\":\"search_term_string\"}}],\"inLanguage\":\"fr-FR\"},{\"@type\":\"Person\",\"@id\":\"https:\\\/\\\/moldovacrestina.md\\\/fr\\\/#\\\/schema\\\/person\\\/04b204bbb582cc832c3d2424f5d27dc0\",\"name\":\"Vasile Filat\",\"image\":{\"@type\":\"ImageObject\",\"inLanguage\":\"fr-FR\",\"@id\":\"https:\\\/\\\/secure.gravatar.com\\\/avatar\\\/2e02d082d139dd6eb634318c9cf2c3a8281db62f24f87a134adb4f2020e77ab3?s=96&d=mm&r=g\",\"url\":\"https:\\\/\\\/secure.gravatar.com\\\/avatar\\\/2e02d082d139dd6eb634318c9cf2c3a8281db62f24f87a134adb4f2020e77ab3?s=96&d=mm&r=g\",\"contentUrl\":\"https:\\\/\\\/secure.gravatar.com\\\/avatar\\\/2e02d082d139dd6eb634318c9cf2c3a8281db62f24f87a134adb4f2020e77ab3?s=96&d=mm&r=g\",\"caption\":\"Vasile Filat\"},\"description\":\"P\u0103storesc\u00a0Biserica Bunavestire din Chi\u0219in\u0103u, predau Cuv\u00e2ntul lui Dumnezeu la\u00a0Institutul de Studiu Biblic Inductiv din Eurasia\u00a0\u0219i conduc\u00a0Asocia\u021bia \\\"\u00cenv\u0103\u021b\u0103tur\u0103 din Cuv\u00e2nt - Precept Ministries\\\" din Moldova. \u00cempreun\u0103 cu so\u021bia mea\u00a0Anastasia, avem trei copii. Din Aprilie 2007 am oferit r\u0103spunsuri din Biblie pe acest site la \u00eentreb\u0103ri adresate de cititori. Mai mult despre mine citi\u021bi\u00a0aici.\",\"url\":\"https:\\\/\\\/moldovacrestina.md\\\/fr\\\/author\\\/vasile-filat\\\/\"}]}<\/script>\n<!-- \/ Yoast SEO Premium plugin. -->","yoast_head_json":{"title":"A qui nous devrions nous adresser nos pri\u00e8res: \u00e0 Dieu ou au J\u00e9sus Christ?","description":"Priez toujours Dieu le P\u00e8re, au nom de J\u00e9sus-Christ. Mais n'oubliez pas que vous devez d'abord \u00e9tablir une relation avec Dieu.","robots":{"index":"index","follow":"follow","max-snippet":"max-snippet:-1","max-image-preview":"max-image-preview:large","max-video-preview":"max-video-preview:-1"},"canonical":"https:\/\/moldovacrestina.md\/fr\/prier-a-dieu-ou-a-jesus-christ\/","og_locale":"fr_FR","og_type":"article","og_title":"A qui devons-nous pri\u00e8re: \u00e0 Dieu le P\u00e8re, ou J\u00e9sus-Christ ?","og_description":"Priez toujours Dieu le P\u00e8re, au nom de J\u00e9sus-Christ. Mais n'oubliez pas que vous devez d'abord \u00e9tablir une relation avec Dieu.","og_url":"https:\/\/moldovacrestina.md\/fr\/prier-a-dieu-ou-a-jesus-christ\/","og_site_name":"Moldova Cre\u0219tin\u0103","article_publisher":"https:\/\/www.facebook.com\/moldovacrestina\/","article_published_time":"2013-09-09T14:42:46+00:00","article_modified_time":"2017-05-03T16:44:23+00:00","og_image":[{"width":720,"height":480,"url":"https:\/\/cdn.moldovacrestina.md\/2017\/12\/prier.jpg","type":"image\/jpeg"}],"author":"Vasile Filat","twitter_card":"summary_large_image","twitter_creator":"@moldovacrestina","twitter_site":"@moldovacrestina","twitter_misc":{"\u00c9crit par":"Vasile Filat","Dur\u00e9e de lecture estim\u00e9e":"3 minutes"},"schema":{"@context":"https:\/\/schema.org","@graph":[{"@type":"Article","@id":"https:\/\/moldovacrestina.md\/fr\/prier-a-dieu-ou-a-jesus-christ\/#article","isPartOf":{"@id":"https:\/\/moldovacrestina.md\/fr\/prier-a-dieu-ou-a-jesus-christ\/"},"author":{"name":"Vasile Filat","@id":"https:\/\/moldovacrestina.md\/fr\/#\/schema\/person\/04b204bbb582cc832c3d2424f5d27dc0"},"headline":"A qui devons-nous pri\u00e8re: \u00e0 Dieu le P\u00e8re, ou J\u00e9sus-Christ ?","datePublished":"2013-09-09T14:42:46+00:00","dateModified":"2017-05-03T16:44:23+00:00","mainEntityOfPage":{"@id":"https:\/\/moldovacrestina.md\/fr\/prier-a-dieu-ou-a-jesus-christ\/"},"wordCount":555,"image":{"@id":"https:\/\/moldovacrestina.md\/fr\/prier-a-dieu-ou-a-jesus-christ\/#primaryimage"},"thumbnailUrl":"https:\/\/moldovacrestina.md\/wp-content\/uploads\/2017\/12\/prier.jpg","keywords":["prier","demanderez au P\u00e8re","au nom de J\u00e9sus-Christ","Priez au nom de J\u00e9sus-Christ","\u00e9tablir une relation avec Dieu","prier au P\u00e8re"],"articleSection":["R\u00e9ponses de la Bible"],"inLanguage":"fr-FR"},{"@type":"WebPage","@id":"https:\/\/moldovacrestina.md\/fr\/prier-a-dieu-ou-a-jesus-christ\/","url":"https:\/\/moldovacrestina.md\/fr\/prier-a-dieu-ou-a-jesus-christ\/","name":"A qui nous devrions nous adresser nos pri\u00e8res: \u00e0 Dieu ou au J\u00e9sus Christ?","isPartOf":{"@id":"https:\/\/moldovacrestina.md\/fr\/#website"},"primaryImageOfPage":{"@id":"https:\/\/moldovacrestina.md\/fr\/prier-a-dieu-ou-a-jesus-christ\/#primaryimage"},"image":{"@id":"https:\/\/moldovacrestina.md\/fr\/prier-a-dieu-ou-a-jesus-christ\/#primaryimage"},"thumbnailUrl":"https:\/\/moldovacrestina.md\/wp-content\/uploads\/2017\/12\/prier.jpg","datePublished":"2013-09-09T14:42:46+00:00","dateModified":"2017-05-03T16:44:23+00:00","author":{"@id":"https:\/\/moldovacrestina.md\/fr\/#\/schema\/person\/04b204bbb582cc832c3d2424f5d27dc0"},"description":"Priez toujours Dieu le P\u00e8re, au nom de J\u00e9sus-Christ. Mais n'oubliez pas que vous devez d'abord \u00e9tablir une relation avec Dieu.","breadcrumb":{"@id":"https:\/\/moldovacrestina.md\/fr\/prier-a-dieu-ou-a-jesus-christ\/#breadcrumb"},"inLanguage":"fr-FR","potentialAction":[{"@type":"ReadAction","target":["https:\/\/moldovacrestina.md\/fr\/prier-a-dieu-ou-a-jesus-christ\/"]}]},{"@type":"ImageObject","inLanguage":"fr-FR","@id":"https:\/\/moldovacrestina.md\/fr\/prier-a-dieu-ou-a-jesus-christ\/#primaryimage","url":"https:\/\/moldovacrestina.md\/wp-content\/uploads\/2017\/12\/prier.jpg","contentUrl":"https:\/\/moldovacrestina.md\/wp-content\/uploads\/2017\/12\/prier.jpg","width":720,"height":480},{"@type":"BreadcrumbList","@id":"https:\/\/moldovacrestina.md\/fr\/prier-a-dieu-ou-a-jesus-christ\/#breadcrumb","itemListElement":[{"@type":"ListItem","position":1,"name":"Prima pagin\u0103","item":"https:\/\/moldovacrestina.md\/fr\/"},{"@type":"ListItem","position":2,"name":"R\u00e9ponses de la Bible","item":"https:\/\/moldovacrestina.md\/fr\/reponses-de-la-bible\/"},{"@type":"ListItem","position":3,"name":"A qui devons-nous pri\u00e8re: \u00e0 Dieu le P\u00e8re, ou J\u00e9sus-Christ ?"}]},{"@type":"WebSite","@id":"https:\/\/moldovacrestina.md\/fr\/#website","url":"https:\/\/moldovacrestina.md\/fr\/","name":"Moldova Cre\u0219tin\u0103","description":"R\u0103spunsuri relevante \u0219i actuale din Biblie","potentialAction":[{"@type":"SearchAction","target":{"@type":"EntryPoint","urlTemplate":"https:\/\/moldovacrestina.md\/fr\/?s={search_term_string}"},"query-input":{"@type":"PropertyValueSpecification","valueRequired":true,"valueName":"search_term_string"}}],"inLanguage":"fr-FR"},{"@type":"Person","@id":"https:\/\/moldovacrestina.md\/fr\/#\/schema\/person\/04b204bbb582cc832c3d2424f5d27dc0","name":"Vasile Filat","image":{"@type":"ImageObject","inLanguage":"fr-FR","@id":"https:\/\/secure.gravatar.com\/avatar\/2e02d082d139dd6eb634318c9cf2c3a8281db62f24f87a134adb4f2020e77ab3?s=96&d=mm&r=g","url":"https:\/\/secure.gravatar.com\/avatar\/2e02d082d139dd6eb634318c9cf2c3a8281db62f24f87a134adb4f2020e77ab3?s=96&d=mm&r=g","contentUrl":"https:\/\/secure.gravatar.com\/avatar\/2e02d082d139dd6eb634318c9cf2c3a8281db62f24f87a134adb4f2020e77ab3?s=96&d=mm&r=g","caption":"Vasile Filat"},"description":"P\u0103storesc\u00a0Biserica Bunavestire din Chi\u0219in\u0103u, predau Cuv\u00e2ntul lui Dumnezeu la\u00a0Institutul de Studiu Biblic Inductiv din Eurasia\u00a0\u0219i conduc\u00a0Asocia\u021bia \"\u00cenv\u0103\u021b\u0103tur\u0103 din Cuv\u00e2nt - Precept Ministries\" din Moldova. \u00cempreun\u0103 cu so\u021bia mea\u00a0Anastasia, avem trei copii. Din Aprilie 2007 am oferit r\u0103spunsuri din Biblie pe acest site la \u00eentreb\u0103ri adresate de cititori. Mai mult despre mine citi\u021bi\u00a0aici.","url":"https:\/\/moldovacrestina.md\/fr\/author\/vasile-filat\/"}]}},"jetpack_featured_media_url":"https:\/\/moldovacrestina.md\/wp-content\/uploads\/2017\/12\/prier.jpg","video_meta":false,"featured_image":"https:\/\/moldovacrestina.md\/wp-content\/uploads\/2017\/12\/prier.jpg","wpml":{"language_code":"fr","locale":"fr_FR","text_direction":false,"display_name":"Fran\u00e7ais","native_name":"Francez\u0103","different_language":false},"jetpack-related-posts":[{"id":363051,"url":"https:\/\/moldovacrestina.md\/nu-va-strangeti-comori-pe-pamant\/","url_meta":{"origin":81261,"position":0},"title":"Nu v\u0103 str\u00e2nge\u0163i comori pe p\u0103m\u00e2nt","author":"Vasile Filat","date":"30 juin 2025","format":false,"excerpt":"Nu v\u0103 str\u00e2nge\u0163i comori pe p\u0103m\u00e2nt, unde le m\u0103n\u00e2nc\u0103 moliile \u0219i rugina \u0219i unde le sap\u0103 \u0219i le fur\u0103 ho\u0163ii; ci str\u00e2nge\u0163i-v\u0103 comori \u00een cer, unde nu le m\u0103n\u00e2nc\u0103 moliile \u0219i rugina \u0219i unde ho\u0163ii nu le sap\u0103, nici nu le fur\u0103. Pentru c\u0103 unde este comoara voastr\u0103, acolo va\u2026","rel":"","context":"<span class=\"jp-relatedposts-post-author\">Vasile Filat<\/span>","block_context":{"text":"MCTV","link":"https:\/\/moldovacrestina.md\/mctv\/"},"img":{"alt_text":"","src":"https:\/\/i0.wp.com\/cdn.moldovacrestina.md\/2025\/06\/37bfde08-jhxbg90vu-c.jpg?resize=350%2C200&ssl=1","width":350,"height":200,"srcset":"https:\/\/i0.wp.com\/cdn.moldovacrestina.md\/2025\/06\/37bfde08-jhxbg90vu-c.jpg?resize=350%2C200&ssl=1 1x, https:\/\/i0.wp.com\/cdn.moldovacrestina.md\/2025\/06\/37bfde08-jhxbg90vu-c.jpg?resize=525%2C300&ssl=1 1.5x, https:\/\/i0.wp.com\/cdn.moldovacrestina.md\/2025\/06\/37bfde08-jhxbg90vu-c.jpg?resize=700%2C400&ssl=1 2x, https:\/\/i0.wp.com\/cdn.moldovacrestina.md\/2025\/06\/37bfde08-jhxbg90vu-c.jpg?resize=1050%2C600&ssl=1 3x"},"classes":[]},{"id":361261,"url":"https:\/\/moldovacrestina.md\/probleme-necazuri-si-ciori-care-se-tin-dupa-tine-vasile-filat\/","url_meta":{"origin":81261,"position":1},"title":"Probleme, necazuri \u0219i ciori care se \u021bin dup\u0103 tine\u2026 &#8211; Vasile Filat","author":"Vasile Filat","date":"1 novembre 2024","format":false,"excerpt":"\u00ceNTREBAREA: P\u0103rinte, de mul\u021bi ani m\u0103 confrunt numai cu necazuri \u0219i probleme. Nu doar asta, dar \u00een fiecare zi sunt \u0219i ciori care se \u021bin dup\u0103 mine \u0219i simt c\u0103 nimic nu m\u0103 mai mul\u021bume\u0219te. Vreau s\u0103 \u0219tiu care ar fi problema? Simt c\u0103 nu mai pot. Mul\u021bumesc din suflet.\u2026","rel":"","context":"<span class=\"jp-relatedposts-post-author\">Vasile Filat<\/span>","block_context":{"text":"Doctrine","link":"https:\/\/moldovacrestina.md\/doctrine\/"},"img":{"alt_text":"","src":"https:\/\/i0.wp.com\/cdn.moldovacrestina.md\/2024\/11\/56a16de6-screenshot-2024-11-01-at-09.20.42.png?resize=350%2C200&ssl=1","width":350,"height":200,"srcset":"https:\/\/i0.wp.com\/cdn.moldovacrestina.md\/2024\/11\/56a16de6-screenshot-2024-11-01-at-09.20.42.png?resize=350%2C200&ssl=1 1x, https:\/\/i0.wp.com\/cdn.moldovacrestina.md\/2024\/11\/56a16de6-screenshot-2024-11-01-at-09.20.42.png?resize=525%2C300&ssl=1 1.5x, https:\/\/i0.wp.com\/cdn.moldovacrestina.md\/2024\/11\/56a16de6-screenshot-2024-11-01-at-09.20.42.png?resize=700%2C400&ssl=1 2x, https:\/\/i0.wp.com\/cdn.moldovacrestina.md\/2024\/11\/56a16de6-screenshot-2024-11-01-at-09.20.42.png?resize=1050%2C600&ssl=1 3x, https:\/\/i0.wp.com\/cdn.moldovacrestina.md\/2024\/11\/56a16de6-screenshot-2024-11-01-at-09.20.42.png?resize=1400%2C800&ssl=1 4x"},"classes":[]},{"id":365337,"url":"https:\/\/moldovacrestina.md\/cum-sa-te-bucuri-de-avere-fara-sa-cazi-in-lux-si-risipa-pastor-vasile-filat\/","url_meta":{"origin":81261,"position":2},"title":"Cum s\u0103 te bucuri de avere f\u0103r\u0103 s\u0103 cazi \u00een lux \u0219i risip\u0103? | Pastor Vasile Filat","author":"Moldova Cre\u0219tin\u0103","date":"29 avril 2026","format":false,"excerpt":"Biblia nu condamn\u0103 bog\u0103\u021bia, ci inima care se leag\u0103 de ea. \u00cen acest mesaj, Pastorul Vasile Filat explic\u0103 din Scriptur\u0103 cum \u00eei \u00eenva\u021b\u0103 Dumnezeu pe boga\u021bii veacului acestuia s\u0103 fie genero\u0219i, s\u0103 fac\u0103 bine \u0219i, \u00een acela\u0219i timp, s\u0103 se bucure de ceea ce El le-a dat \u2014 f\u0103r\u0103 a\u2026","rel":"","context":"<span class=\"jp-relatedposts-post-author\">Moldova Cre\u0219tin\u0103<\/span>","block_context":{"text":"MCTV","link":"https:\/\/moldovacrestina.md\/mctv\/"},"img":{"alt_text":"","src":"https:\/\/i0.wp.com\/cdn.moldovacrestina.md\/2026\/04\/75dfc91a-305_ass0atm.jpg?resize=350%2C200&ssl=1","width":350,"height":200,"srcset":"https:\/\/i0.wp.com\/cdn.moldovacrestina.md\/2026\/04\/75dfc91a-305_ass0atm.jpg?resize=350%2C200&ssl=1 1x, https:\/\/i0.wp.com\/cdn.moldovacrestina.md\/2026\/04\/75dfc91a-305_ass0atm.jpg?resize=525%2C300&ssl=1 1.5x, https:\/\/i0.wp.com\/cdn.moldovacrestina.md\/2026\/04\/75dfc91a-305_ass0atm.jpg?resize=700%2C400&ssl=1 2x, https:\/\/i0.wp.com\/cdn.moldovacrestina.md\/2026\/04\/75dfc91a-305_ass0atm.jpg?resize=1050%2C600&ssl=1 3x"},"classes":[]},{"id":363943,"url":"https:\/\/moldovacrestina.md\/nu-mai-zadarnici-harul-lui-dumnezeu-foloseste-ti-potentialul-deplin-in-hristos-vasile-filat\/","url_meta":{"origin":81261,"position":3},"title":"NU mai z\u0103d\u0103rnici harul lui Dumnezeu! Folose\u0219te-\u021bi poten\u021bialul deplin \u00een Hristos | Vasile Filat","author":"Moldova Cre\u0219tin\u0103","date":"3 novembre 2025","format":false,"excerpt":"Ai primit har de la Dumnezeu, dar poate c\u0103 nu \u00eel folose\u0219ti. \u00cen aceast\u0103 predic\u0103 vei \u00een\u021belege cum s\u0103-\u021bi descoperi \u0219i s\u0103-\u021bi activezi poten\u021bialul deplin \u00een Hristos. Vei vedea cum Moise \u0219i Petru au trecut de fric\u0103, ezitare \u0219i e\u0219ec pentru a valorifica harul primit \u0219i a tr\u0103i planul lui\u2026","rel":"","context":"<span class=\"jp-relatedposts-post-author\">Moldova Cre\u0219tin\u0103<\/span>","block_context":{"text":"MCTV","link":"https:\/\/moldovacrestina.md\/mctv\/"},"img":{"alt_text":"","src":"https:\/\/i0.wp.com\/cdn.moldovacrestina.md\/2025\/11\/24fdd8f4-psbs4khrvy0.jpg?resize=350%2C200&ssl=1","width":350,"height":200,"srcset":"https:\/\/i0.wp.com\/cdn.moldovacrestina.md\/2025\/11\/24fdd8f4-psbs4khrvy0.jpg?resize=350%2C200&ssl=1 1x, https:\/\/i0.wp.com\/cdn.moldovacrestina.md\/2025\/11\/24fdd8f4-psbs4khrvy0.jpg?resize=525%2C300&ssl=1 1.5x, https:\/\/i0.wp.com\/cdn.moldovacrestina.md\/2025\/11\/24fdd8f4-psbs4khrvy0.jpg?resize=700%2C400&ssl=1 2x, https:\/\/i0.wp.com\/cdn.moldovacrestina.md\/2025\/11\/24fdd8f4-psbs4khrvy0.jpg?resize=1050%2C600&ssl=1 3x"},"classes":[]},{"id":363310,"url":"https:\/\/moldovacrestina.md\/nici-la-moartea-parintilor-nu-va-oferi-mancare-cuiva\/","url_meta":{"origin":81261,"position":4},"title":"Nici la moartea p\u0103rin\u021bilor nu va oferi m\u00e2ncare cuiva\u2026","author":"Moldova Cre\u0219tin\u0103","date":"25 juillet 2025","format":false,"excerpt":"\u00ceNTREBARE: Pace, frate! Am \u0219i eu o nedumerire. M\u0103 contraziceam cu tata: \u00een caz de o \u00eenmorm\u00e2ntare, eu am zis c\u0103 nu a\u0219 da nici m\u0103car pr\u0103jituri \u0219i nici suc. Am zis doar ap\u0103, ca s\u0103 nu \u00eei fie cuiva sete. Tata mi-a zis s\u0103 vorbesc cu un predicator poc\u0103it\u2026","rel":"","context":"<span class=\"jp-relatedposts-post-author\">Moldova Cre\u0219tin\u0103<\/span>","block_context":{"text":"MCTV","link":"https:\/\/moldovacrestina.md\/mctv\/"},"img":{"alt_text":"","src":"https:\/\/i0.wp.com\/cdn.moldovacrestina.md\/2025\/07\/ba7ab153-h1zvfmsmux8.jpg?resize=350%2C200&ssl=1","width":350,"height":200,"srcset":"https:\/\/i0.wp.com\/cdn.moldovacrestina.md\/2025\/07\/ba7ab153-h1zvfmsmux8.jpg?resize=350%2C200&ssl=1 1x, https:\/\/i0.wp.com\/cdn.moldovacrestina.md\/2025\/07\/ba7ab153-h1zvfmsmux8.jpg?resize=525%2C300&ssl=1 1.5x, https:\/\/i0.wp.com\/cdn.moldovacrestina.md\/2025\/07\/ba7ab153-h1zvfmsmux8.jpg?resize=700%2C400&ssl=1 2x, https:\/\/i0.wp.com\/cdn.moldovacrestina.md\/2025\/07\/ba7ab153-h1zvfmsmux8.jpg?resize=1050%2C600&ssl=1 3x"},"classes":[]}],"jetpack_sharing_enabled":true,"_links":{"self":[{"href":"https:\/\/moldovacrestina.md\/fr\/wp-json\/wp\/v2\/posts\/81261","targetHints":{"allow":["GET"]}}],"collection":[{"href":"https:\/\/moldovacrestina.md\/fr\/wp-json\/wp\/v2\/posts"}],"about":[{"href":"https:\/\/moldovacrestina.md\/fr\/wp-json\/wp\/v2\/types\/post"}],"author":[{"embeddable":true,"href":"https:\/\/moldovacrestina.md\/fr\/wp-json\/wp\/v2\/users\/46"}],"replies":[{"embeddable":true,"href":"https:\/\/moldovacrestina.md\/fr\/wp-json\/wp\/v2\/comments?post=81261"}],"version-history":[{"count":0,"href":"https:\/\/moldovacrestina.md\/fr\/wp-json\/wp\/v2\/posts\/81261\/revisions"}],"wp:featuredmedia":[{"embeddable":true,"href":"https:\/\/moldovacrestina.md\/fr\/wp-json\/wp\/v2\/media\/81267"}],"wp:attachment":[{"href":"https:\/\/moldovacrestina.md\/fr\/wp-json\/wp\/v2\/media?parent=81261"}],"wp:term":[{"taxonomy":"category","embeddable":true,"href":"https:\/\/moldovacrestina.md\/fr\/wp-json\/wp\/v2\/categories?post=81261"},{"taxonomy":"post_tag","embeddable":true,"href":"https:\/\/moldovacrestina.md\/fr\/wp-json\/wp\/v2\/tags?post=81261"}],"curies":[{"name":"wp","href":"https:\/\/api.w.org\/{rel}","templated":true}]}}