{"id":81005,"date":"2011-08-03T04:45:02","date_gmt":"2011-08-03T02:45:02","guid":{"rendered":"https:\/\/moldovacrestina.md\/quand-dieu-ncoute-til-pas-les-prires"},"modified":"2017-05-03T18:47:03","modified_gmt":"2017-05-03T16:47:03","slug":"quand-dieu-ncoute-til-pas-les-prires","status":"publish","type":"post","link":"https:\/\/moldovacrestina.md\/fr\/quand-dieu-ncoute-til-pas-les-prires\/","title":{"rendered":"Quand Dieu n\u2019\u00e9coute t\u2019il pas les pri\u00e8res?"},"content":{"rendered":"<p><img loading=\"lazy\" decoding=\"async\" class=\"alignnone size-full wp-image-90239\" src=\"https:\/\/cdn.moldovacrestina.md\/2011\/08\/396025507.jpg\" alt=\"\" width=\"759\" height=\"520\" \/><\/p>\n<p>Question:<\/p>\n<blockquote class=\"td_quote_box td_box_center\"><p><em>Quand je prie, il me semble que mes pri\u00e8res ne traversent pas le plafond. C\u2019est comme <\/em><em>lorsque<\/em><em> je r\u00e9cite un po\u00e8me ou je parle avec moi<\/em><em>&#8211;<\/em><em>m\u00eame. Mes pri\u00e8res sont comme un fardeau. Je ne peux pas interc\u00e9der pour les autres, et si je prie trois fois par jour<\/em><em>,<\/em><em> je demande les m\u00eames choses. Je n\u2019ai pas de paix quand je prie; c\u2019est comme <\/em><em>si <\/em><em>Dieu ne m\u2019\u00e9cout<\/em><em>ait<\/em><em> pas. Je ne sais <\/em><em>pas <\/em><em>comment \u00e9couter la voix de Dieu quand je prie et comment me laiss\u00e9 condui<\/em><em>re<\/em><em> par le Saint Esprit. <\/em><em>I<\/em><em>l me semble que je ne fai<\/em><em>s<\/em> <em>rien de<\/em><em> bien. Je <\/em><em>suis<\/em><em> nerv<\/em><em>euse<\/em><em> et je ne sais pas si c\u2019est <\/em><em>\u00e0<\/em><em> cause <\/em><em>d<\/em><em>e <\/em><em>cela<\/em><em> que mes pri\u00e8res ne fonctionnent pas ou si cet \u00e9tat de nervosit\u00e9 est caus\u00e9 par mon \u00e9chec <\/em><em>dans la<\/em><em> pri\u00e8re. J\u2019ai besoin d\u2019un conseil pratique.<\/em><\/p><\/blockquote>\n<p>Je vais pr\u00e9senter dans cet article quelques motifs majeurs pour lesquels les pri\u00e8res de l\u2019homme ne sont pas \u00e9cout\u00e9es par Dieu. Lisez avec attention, et analysez votre vie de pri\u00e8re dans la lumi\u00e8re de ces v\u00e9rit\u00e9s. Dieu n\u2019\u00e9coute pas les pri\u00e8res quand\u2026<\/p>\n<h2><strong>Quand tu prie<\/strong><strong>s<\/strong><strong> pour \u00eatre remarqu\u00e9 par tout le monde<\/strong><\/h2>\n<p>Le Seigneur J\u00e9sus a dit:<\/p>\n<blockquote class=\"td_quote_box td_box_center\"><p><em>Quand vous priez, n\u2019imitez pas ces hypocrites qui aiment \u00e0 faire leurs pri\u00e8res debout dans les synagogues et \u00e0 l\u2019angle des rues: ils tiennent \u00e0 \u00eatre remarqu\u00e9s par tout le monde. Vraiment, je vous l\u2019assure: leur r\u00e9compense, ils l\u2019ont d\u2019ores et d\u00e9j\u00e0 re\u00e7ue. Mais toi, quand tu veux prier, va dans ta pi\u00e8ce la plus retir\u00e9e, verrouille ta porte et adresse ta pri\u00e8re \u00e0 ton P\u00e8re qui est l\u00e0 dans le lieu secret. Et ton P\u00e8re, qui voit dans ce lieu secret, te le rendra. (Matthieu 6:5-6)<\/em><\/p><\/blockquote>\n<p>M\u00eame si de nos jours il y a peu de gens qui veulent se faire un bon nom par sa religiosit\u00e9, certains essayent pourtant de faire cela. Ne soyez pas comme eux, car Dieu dit que tu n\u2019auras d\u2019autre r\u00e9compense except\u00e9 les paroles des hommes. S\u2019il n\u2019y a pas d\u2019autre r\u00e9compense, cela signifie que tu ne recevras pas de r\u00e9ponse \u00e0 tes pri\u00e8res.<\/p>\n<h2><strong>Quand tu prie<\/strong><strong>s<\/strong><strong> avec des r\u00e9p\u00e9t<\/strong><strong>ant toujours les m\u00eames choses<\/strong><\/h2>\n<p>Le Sauveur a dit encore :<\/p>\n<p><em>Dans vos pri\u00e8res, ne rab\u00e2chez pas des tas de paroles, \u00e0 la mani\u00e8re des pa\u00efens; ils s\u2019imaginent qu\u2019\u00e0 force de paroles Dieu les entendra. Ne les imitez pas, car votre P\u00e8re sait ce qu\u2019il vous faut, avant que vous le lui demandiez. (Matthieu 6:7-8)<\/em><\/p>\n<p>La pri\u00e8re \u201cNotre P\u00e8re\u201d a \u00e9t\u00e9 donn\u00e9e comme un exemple, un mod\u00e8le, mais certains ne r\u00e9alisent pas le sens de cette pri\u00e8re et ils prient cette pri\u00e8re m\u00e9caniquement, en la transformant dans un marmonage, bafouillage qu\u2019ils r\u00e9p\u00e8tent le matin, le midi, le soir et la nuit, en face de bougies allum\u00e9es, sans r\u00e9aliser au moins une fois quel est le vrai sens de cette pri\u00e8re pour apprendre d\u2019elle. De la m\u00eame mani\u00e8re ils proc\u00e8dent avec d\u2019autres pri\u00e8res comme la pri\u00e8re envers la m\u00e8re de J\u00e9sus, de Nektarios, d\u2019Anton, etc. (ce sont des pri\u00e8res orthodoxes)<\/p>\n<h2><strong>Quand vous priez sans <\/strong><strong>la <\/strong><strong>foi<\/strong><\/h2>\n<p>Au commencement de l\u2019Epitre de Jacques il est \u00e9crit:<\/p>\n<blockquote class=\"td_quote_box td_box_center\"><p><em>Si l\u2019un de vous manque de sagesse, qu\u2019il la demande \u00e0 Dieu qui la lui donnera, car il donne \u00e0 tous g\u00e9n\u00e9reusement et sans faire de reproche. Il faut cependant qu\u2019il la demande avec foi, sans douter, car celui qui doute ressemble aux vagues de la mer agit\u00e9es et soulev\u00e9es par le vent. Qu\u2019un tel homme ne s\u2019imagine pas obtenir quoi que ce soit du Seigneur. Son c\u0153ur est partag\u00e9, il est inconstant dans toutes ses entreprises. (Jacques 1:5-8)<\/em><\/p><\/blockquote>\n<p>Le texte biblique fait r\u00e9f\u00e9rence \u00e0 la pri\u00e8re pour la sagesse, mais le principe est valable pour tout besoin. Dieu ne r\u00e9pond pas quand les hommes prient sans foi.<\/p>\n<h2><strong>Quand tu prie<\/strong><strong>s<\/strong><strong> avec de mauvais motifs<\/strong><\/h2>\n<p>Dans la m\u00eame \u00e9pitre il est \u00e9crit aussi:<\/p>\n<blockquote class=\"td_quote_box td_box_center\"><p><em>D\u2019o\u00f9 proviennent les conflits et les querelles entre vous? N\u2019est-ce pas des d\u00e9sirs \u00e9go\u00efstes qui combattent sans cesse en vous?\u00a0 Vous convoitez beaucoup de choses, mais vos d\u00e9sirs restent insatisfaits. Vous \u00eates meurtriers, vous vous consumez en jalousie, et vous ne pouvez rien obtenir. Vous bataillez et vous vous disputez. Vous n\u2019avez pas ce que vous d\u00e9sirez parce que vous ne demandez pas \u00e0 Dieu. Ou bien, quand vous demandez, vous ne recevez pas, car vous demandez avec de mauvais motifs: vous voulez que l\u2019objet de vos demandes serve \u00e0 votre propre plaisir. (Jacques 4:1-3)<\/em><\/p><\/blockquote>\n<p>Quand les hommes, ayant des motifs \u00e9go\u00efstes, demandent \u00e0 l\u2019Empreur C\u00e9leste des choses pour leurs propres plaisirs, ils ne re\u00e7oivent pas de r\u00e9ponse \u00e0 leurs pri\u00e8res parce que Dieu ne veux pas le mal pour eux et ne leur donne pas ces choses qui vont leur causer dommages. Quand un enfant malade demande des choses qui vont lui causer des dommages, un bon parent ne lui donne pas les choses demand\u00e9es, uniquement pour le fait qu\u2019il aime son enfant et ne veux pas de mal pour lui.<\/p>\n<h2><strong>Quand nous ne confessons pas nos p\u00e9ch\u00e9s<\/strong><\/h2>\n<p>Dans le dernier chapitre de l\u2019Epitre de Jacques il est \u00e9crit:<\/p>\n<blockquote class=\"td_quote_box td_box_center\"><p><em>L\u2019un de vous passe-t-il par la souffrance? Qu\u2019il prie. Un autre est-il dans la joie? Qu\u2019il chante des cantiques. L\u2019un de vous est-il malade? Qu\u2019il appelle les responsables de l\u2019Eglise, qui prieront pour lui, apr\u00e8s lui avoir fait une onction d\u2019huile au nom du Seigneur. La pri\u00e8re faite avec foi sauvera le malade et le Seigneur le rel\u00e8vera. S\u2019il a commis quelque p\u00e9ch\u00e9, il lui sera pardonn\u00e9. Confessez vos p\u00e9ch\u00e9s les uns aux autres et priez les uns pour les autres, afin que vous soyez gu\u00e9ris. Quand un juste prie, sa pri\u00e8re a une grande efficacit\u00e9. Elie \u00e9tait un homme tout \u00e0 fait semblable \u00e0 nous. Il pria avec insistance pour qu\u2019il ne pleuve pas et, pendant trois ans et demi, il ne tomba pas de pluie sur le sol. Puis il pria de nouveau et le ciel redonna la pluie, et la terre produisit ses r\u00e9coltes. (Jacques 5:13-18)<\/em><\/p><\/blockquote>\n<p>Si tu n\u2019es pas transparent devant Dieu et devant les hommes, si tu caches tes p\u00e9ch\u00e9s que tu as fait et tu ne veux pas le reconnaitre en vue de te repentir \u2013 n\u2019attends pas que tes pri\u00e8res soient \u00e9cout\u00e9es.<\/p>\n<h2><strong>Quand tu n\u2019es pas fid\u00e8le \u00e0 l\u2019alliance que tu a<\/strong><strong>s<\/strong><strong> fait<\/strong><\/h2>\n<p>Le mariage est une alliance conclue devant Dieu qui dit:<\/p>\n<blockquote class=\"td_quote_box td_box_center\"><p><em>Vous de m\u00eame, maris, vivez chacun avec votre femme en faisant preuve de discernement: elles ont une nature plus d\u00e9licate. Traitez-les avec respect: elles doivent recevoir avec vous la vie que Dieu accorde dans sa gr\u00e2ce. Agissez ainsi afin que rien ne vienne faire obstacle \u00e0 vos pri\u00e8res. (1 Pierre 3:7)<\/em><\/p><\/blockquote>\n<p>Si vous ne vous comportez pas correctement avec votre \u00e9pouse ou \u00e9poux, comme Dieu vous demande de faire, n\u2019attendez pas la r\u00e9ponse de Dieu \u00e0 vos pri\u00e8res.<\/p>\n<h2><strong>Quand nous ne vivons pas en ob\u00e9issance <\/strong><strong>\u00e0<\/strong><strong> la Parole de Dieu<\/strong><\/h2>\n<p>Avant sa crucifixion, J\u00e9sus, a dit \u00e0 ses disciples:<\/p>\n<blockquote class=\"td_quote_box td_box_center\"><p><em>Mais si vous demeurez en moi, et que mes paroles demeurent en vous, demandez ce que vous voudrez, vous l\u2019obtiendrez. (Jean 15:7)<\/em><\/p><\/blockquote>\n<p>Le vrai chr\u00e9tien reste en J\u00e9sus parce que le Saint Esprit habite en lui. Cette personne prend plaisir \u00e0 faire la volont\u00e9 de Dieu et sa pri\u00e8re apportera des miracles, car tout ce qu\u2019il va demander dans la pri\u00e8re, sera conforme \u00e0 la volont\u00e9 de Dieu et en harmonie avec la Bible.<\/p>\n<p>Qu\u2019est-ce que vous voulez faire et changer pour que vos pri\u00e8res soient entendues par Dieu?<\/p>\n<p><em>L\u2019article a \u00e9t\u00e9 traduit par Irina Batin.<\/em><\/p>\n","protected":false},"excerpt":{"rendered":"<p>Question: Quand je prie, il me semble que mes pri\u00e8res ne traversent pas le plafond. C\u2019est comme lorsque je r\u00e9cite un po\u00e8me ou je parle avec moi&#8211;m\u00eame. Mes pri\u00e8res sont comme un fardeau. Je ne peux pas interc\u00e9der pour les autres, et si je prie trois fois par jour, je demande les m\u00eames choses. Je [&hellip;]<\/p>\n","protected":false},"author":46,"featured_media":0,"comment_status":"closed","ping_status":"closed","sticky":false,"template":"","format":"standard","meta":{"_acf_changed":false,"inline_featured_image":false,"_monsterinsights_skip_tracking":false,"_monsterinsights_sitenote_active":false,"_monsterinsights_sitenote_note":"","_monsterinsights_sitenote_category":0,"_genesis_hide_title":false,"_genesis_hide_breadcrumbs":false,"_genesis_hide_singular_image":false,"_genesis_hide_footer_widgets":false,"_genesis_custom_body_class":"","_genesis_custom_post_class":"","_genesis_layout":"","ep_exclude_from_search":false,"_jetpack_memberships_contains_paid_content":false,"footnotes":""},"categories":[29840],"tags":[10449,19442,19443,19444,24482],"class_list":{"0":"post-81005","1":"post","2":"type-post","3":"status-publish","4":"format-standard","6":"category-reponses-de-la-bible","7":"tag-foi","8":"tag-interceder","9":"tag-prieres","10":"tag-reponse-a-vos-prieres","11":"tag-pries","12":"entry"},"acf":[],"yoast_head":"<!-- This site is optimized with the Yoast SEO Premium plugin v26.5 (Yoast SEO v27.4) - https:\/\/yoast.com\/product\/yoast-seo-premium-wordpress\/ -->\n<title>Quoi faire quand tes pri\u00e8res sont comme un fardeau?<\/title>\n<meta name=\"description\" content=\"Cet article pr\u00e9sente quelques motifs majeurs pour lesquels les pri\u00e8res de l\u2019homme ne sont pas \u00e9cout\u00e9es par Dieu.\" \/>\n<meta name=\"robots\" content=\"index, follow, max-snippet:-1, max-image-preview:large, max-video-preview:-1\" \/>\n<link rel=\"canonical\" href=\"https:\/\/moldovacrestina.md\/fr\/quand-dieu-ncoute-til-pas-les-prires\/\" \/>\n<meta property=\"og:locale\" content=\"fr_FR\" \/>\n<meta property=\"og:type\" content=\"article\" \/>\n<meta property=\"og:title\" content=\"Quand Dieu n\u2019\u00e9coute t\u2019il pas les pri\u00e8res?\" \/>\n<meta property=\"og:description\" content=\"Cet article pr\u00e9sente quelques motifs majeurs pour lesquels les pri\u00e8res de l\u2019homme ne sont pas \u00e9cout\u00e9es par Dieu.\" \/>\n<meta property=\"og:url\" content=\"https:\/\/moldovacrestina.md\/fr\/quand-dieu-ncoute-til-pas-les-prires\/\" \/>\n<meta property=\"og:site_name\" content=\"Moldova Cre\u0219tin\u0103\" \/>\n<meta property=\"article:publisher\" content=\"https:\/\/www.facebook.com\/moldovacrestina\/\" \/>\n<meta property=\"article:published_time\" content=\"2011-08-03T02:45:02+00:00\" \/>\n<meta property=\"article:modified_time\" content=\"2017-05-03T16:47:03+00:00\" \/>\n<meta property=\"og:image\" content=\"https:\/\/cdn.moldovacrestina.md\/2011\/08\/396025507.jpg\" \/>\n<meta name=\"author\" content=\"Vasile Filat\" \/>\n<meta name=\"twitter:card\" content=\"summary_large_image\" \/>\n<meta name=\"twitter:creator\" content=\"@moldovacrestina\" \/>\n<meta name=\"twitter:site\" content=\"@moldovacrestina\" \/>\n<meta name=\"twitter:label1\" content=\"\u00c9crit par\" \/>\n\t<meta name=\"twitter:data1\" content=\"Vasile Filat\" \/>\n\t<meta name=\"twitter:label2\" content=\"Dur\u00e9e de lecture estim\u00e9e\" \/>\n\t<meta name=\"twitter:data2\" content=\"7 minutes\" \/>\n<script type=\"application\/ld+json\" class=\"yoast-schema-graph\">{\"@context\":\"https:\\\/\\\/schema.org\",\"@graph\":[{\"@type\":\"Article\",\"@id\":\"https:\\\/\\\/moldovacrestina.md\\\/fr\\\/quand-dieu-ncoute-til-pas-les-prires\\\/#article\",\"isPartOf\":{\"@id\":\"https:\\\/\\\/moldovacrestina.md\\\/fr\\\/quand-dieu-ncoute-til-pas-les-prires\\\/\"},\"author\":{\"name\":\"Vasile Filat\",\"@id\":\"https:\\\/\\\/moldovacrestina.md\\\/fr\\\/#\\\/schema\\\/person\\\/04b204bbb582cc832c3d2424f5d27dc0\"},\"headline\":\"Quand Dieu n\u2019\u00e9coute t\u2019il pas les pri\u00e8res?\",\"datePublished\":\"2011-08-03T02:45:02+00:00\",\"dateModified\":\"2017-05-03T16:47:03+00:00\",\"mainEntityOfPage\":{\"@id\":\"https:\\\/\\\/moldovacrestina.md\\\/fr\\\/quand-dieu-ncoute-til-pas-les-prires\\\/\"},\"wordCount\":1406,\"image\":{\"@id\":\"https:\\\/\\\/moldovacrestina.md\\\/fr\\\/quand-dieu-ncoute-til-pas-les-prires\\\/#primaryimage\"},\"thumbnailUrl\":\"https:\\\/\\\/cdn.moldovacrestina.md\\\/2011\\\/08\\\/396025507.jpg\",\"keywords\":[\"foi\",\"interc\u00e9der\",\"pri\u00e8res\",\"r\u00e9ponse \u00e0 vos pri\u00e8res\",\"pries\"],\"articleSection\":[\"R\u00e9ponses de la Bible\"],\"inLanguage\":\"fr-FR\"},{\"@type\":\"WebPage\",\"@id\":\"https:\\\/\\\/moldovacrestina.md\\\/fr\\\/quand-dieu-ncoute-til-pas-les-prires\\\/\",\"url\":\"https:\\\/\\\/moldovacrestina.md\\\/fr\\\/quand-dieu-ncoute-til-pas-les-prires\\\/\",\"name\":\"Quoi faire quand tes pri\u00e8res sont comme un fardeau?\",\"isPartOf\":{\"@id\":\"https:\\\/\\\/moldovacrestina.md\\\/fr\\\/#website\"},\"primaryImageOfPage\":{\"@id\":\"https:\\\/\\\/moldovacrestina.md\\\/fr\\\/quand-dieu-ncoute-til-pas-les-prires\\\/#primaryimage\"},\"image\":{\"@id\":\"https:\\\/\\\/moldovacrestina.md\\\/fr\\\/quand-dieu-ncoute-til-pas-les-prires\\\/#primaryimage\"},\"thumbnailUrl\":\"https:\\\/\\\/cdn.moldovacrestina.md\\\/2011\\\/08\\\/396025507.jpg\",\"datePublished\":\"2011-08-03T02:45:02+00:00\",\"dateModified\":\"2017-05-03T16:47:03+00:00\",\"author\":{\"@id\":\"https:\\\/\\\/moldovacrestina.md\\\/fr\\\/#\\\/schema\\\/person\\\/04b204bbb582cc832c3d2424f5d27dc0\"},\"description\":\"Cet article pr\u00e9sente quelques motifs majeurs pour lesquels les pri\u00e8res de l\u2019homme ne sont pas \u00e9cout\u00e9es par Dieu.\",\"breadcrumb\":{\"@id\":\"https:\\\/\\\/moldovacrestina.md\\\/fr\\\/quand-dieu-ncoute-til-pas-les-prires\\\/#breadcrumb\"},\"inLanguage\":\"fr-FR\",\"potentialAction\":[{\"@type\":\"ReadAction\",\"target\":[\"https:\\\/\\\/moldovacrestina.md\\\/fr\\\/quand-dieu-ncoute-til-pas-les-prires\\\/\"]}]},{\"@type\":\"ImageObject\",\"inLanguage\":\"fr-FR\",\"@id\":\"https:\\\/\\\/moldovacrestina.md\\\/fr\\\/quand-dieu-ncoute-til-pas-les-prires\\\/#primaryimage\",\"url\":\"https:\\\/\\\/cdn.moldovacrestina.md\\\/2011\\\/08\\\/396025507.jpg\",\"contentUrl\":\"https:\\\/\\\/cdn.moldovacrestina.md\\\/2011\\\/08\\\/396025507.jpg\"},{\"@type\":\"BreadcrumbList\",\"@id\":\"https:\\\/\\\/moldovacrestina.md\\\/fr\\\/quand-dieu-ncoute-til-pas-les-prires\\\/#breadcrumb\",\"itemListElement\":[{\"@type\":\"ListItem\",\"position\":1,\"name\":\"Prima pagin\u0103\",\"item\":\"https:\\\/\\\/moldovacrestina.md\\\/fr\\\/\"},{\"@type\":\"ListItem\",\"position\":2,\"name\":\"R\u00e9ponses de la Bible\",\"item\":\"https:\\\/\\\/moldovacrestina.md\\\/fr\\\/reponses-de-la-bible\\\/\"},{\"@type\":\"ListItem\",\"position\":3,\"name\":\"Quand Dieu n\u2019\u00e9coute t\u2019il pas les pri\u00e8res?\"}]},{\"@type\":\"WebSite\",\"@id\":\"https:\\\/\\\/moldovacrestina.md\\\/fr\\\/#website\",\"url\":\"https:\\\/\\\/moldovacrestina.md\\\/fr\\\/\",\"name\":\"Moldova Cre\u0219tin\u0103\",\"description\":\"R\u0103spunsuri relevante \u0219i actuale din Biblie\",\"potentialAction\":[{\"@type\":\"SearchAction\",\"target\":{\"@type\":\"EntryPoint\",\"urlTemplate\":\"https:\\\/\\\/moldovacrestina.md\\\/fr\\\/?s={search_term_string}\"},\"query-input\":{\"@type\":\"PropertyValueSpecification\",\"valueRequired\":true,\"valueName\":\"search_term_string\"}}],\"inLanguage\":\"fr-FR\"},{\"@type\":\"Person\",\"@id\":\"https:\\\/\\\/moldovacrestina.md\\\/fr\\\/#\\\/schema\\\/person\\\/04b204bbb582cc832c3d2424f5d27dc0\",\"name\":\"Vasile Filat\",\"image\":{\"@type\":\"ImageObject\",\"inLanguage\":\"fr-FR\",\"@id\":\"https:\\\/\\\/secure.gravatar.com\\\/avatar\\\/2e02d082d139dd6eb634318c9cf2c3a8281db62f24f87a134adb4f2020e77ab3?s=96&d=mm&r=g\",\"url\":\"https:\\\/\\\/secure.gravatar.com\\\/avatar\\\/2e02d082d139dd6eb634318c9cf2c3a8281db62f24f87a134adb4f2020e77ab3?s=96&d=mm&r=g\",\"contentUrl\":\"https:\\\/\\\/secure.gravatar.com\\\/avatar\\\/2e02d082d139dd6eb634318c9cf2c3a8281db62f24f87a134adb4f2020e77ab3?s=96&d=mm&r=g\",\"caption\":\"Vasile Filat\"},\"description\":\"P\u0103storesc\u00a0Biserica Bunavestire din Chi\u0219in\u0103u, predau Cuv\u00e2ntul lui Dumnezeu la\u00a0Institutul de Studiu Biblic Inductiv din Eurasia\u00a0\u0219i conduc\u00a0Asocia\u021bia \\\"\u00cenv\u0103\u021b\u0103tur\u0103 din Cuv\u00e2nt - Precept Ministries\\\" din Moldova. \u00cempreun\u0103 cu so\u021bia mea\u00a0Anastasia, avem trei copii. Din Aprilie 2007 am oferit r\u0103spunsuri din Biblie pe acest site la \u00eentreb\u0103ri adresate de cititori. Mai mult despre mine citi\u021bi\u00a0aici.\",\"url\":\"https:\\\/\\\/moldovacrestina.md\\\/fr\\\/author\\\/vasile-filat\\\/\"}]}<\/script>\n<!-- \/ Yoast SEO Premium plugin. -->","yoast_head_json":{"title":"Quoi faire quand tes pri\u00e8res sont comme un fardeau?","description":"Cet article pr\u00e9sente quelques motifs majeurs pour lesquels les pri\u00e8res de l\u2019homme ne sont pas \u00e9cout\u00e9es par Dieu.","robots":{"index":"index","follow":"follow","max-snippet":"max-snippet:-1","max-image-preview":"max-image-preview:large","max-video-preview":"max-video-preview:-1"},"canonical":"https:\/\/moldovacrestina.md\/fr\/quand-dieu-ncoute-til-pas-les-prires\/","og_locale":"fr_FR","og_type":"article","og_title":"Quand Dieu n\u2019\u00e9coute t\u2019il pas les pri\u00e8res?","og_description":"Cet article pr\u00e9sente quelques motifs majeurs pour lesquels les pri\u00e8res de l\u2019homme ne sont pas \u00e9cout\u00e9es par Dieu.","og_url":"https:\/\/moldovacrestina.md\/fr\/quand-dieu-ncoute-til-pas-les-prires\/","og_site_name":"Moldova Cre\u0219tin\u0103","article_publisher":"https:\/\/www.facebook.com\/moldovacrestina\/","article_published_time":"2011-08-03T02:45:02+00:00","article_modified_time":"2017-05-03T16:47:03+00:00","og_image":[{"url":"https:\/\/cdn.moldovacrestina.md\/2011\/08\/396025507.jpg","type":"","width":"","height":""}],"author":"Vasile Filat","twitter_card":"summary_large_image","twitter_creator":"@moldovacrestina","twitter_site":"@moldovacrestina","twitter_misc":{"\u00c9crit par":"Vasile Filat","Dur\u00e9e de lecture estim\u00e9e":"7 minutes"},"schema":{"@context":"https:\/\/schema.org","@graph":[{"@type":"Article","@id":"https:\/\/moldovacrestina.md\/fr\/quand-dieu-ncoute-til-pas-les-prires\/#article","isPartOf":{"@id":"https:\/\/moldovacrestina.md\/fr\/quand-dieu-ncoute-til-pas-les-prires\/"},"author":{"name":"Vasile Filat","@id":"https:\/\/moldovacrestina.md\/fr\/#\/schema\/person\/04b204bbb582cc832c3d2424f5d27dc0"},"headline":"Quand Dieu n\u2019\u00e9coute t\u2019il pas les pri\u00e8res?","datePublished":"2011-08-03T02:45:02+00:00","dateModified":"2017-05-03T16:47:03+00:00","mainEntityOfPage":{"@id":"https:\/\/moldovacrestina.md\/fr\/quand-dieu-ncoute-til-pas-les-prires\/"},"wordCount":1406,"image":{"@id":"https:\/\/moldovacrestina.md\/fr\/quand-dieu-ncoute-til-pas-les-prires\/#primaryimage"},"thumbnailUrl":"https:\/\/cdn.moldovacrestina.md\/2011\/08\/396025507.jpg","keywords":["foi","interc\u00e9der","pri\u00e8res","r\u00e9ponse \u00e0 vos pri\u00e8res","pries"],"articleSection":["R\u00e9ponses de la Bible"],"inLanguage":"fr-FR"},{"@type":"WebPage","@id":"https:\/\/moldovacrestina.md\/fr\/quand-dieu-ncoute-til-pas-les-prires\/","url":"https:\/\/moldovacrestina.md\/fr\/quand-dieu-ncoute-til-pas-les-prires\/","name":"Quoi faire quand tes pri\u00e8res sont comme un fardeau?","isPartOf":{"@id":"https:\/\/moldovacrestina.md\/fr\/#website"},"primaryImageOfPage":{"@id":"https:\/\/moldovacrestina.md\/fr\/quand-dieu-ncoute-til-pas-les-prires\/#primaryimage"},"image":{"@id":"https:\/\/moldovacrestina.md\/fr\/quand-dieu-ncoute-til-pas-les-prires\/#primaryimage"},"thumbnailUrl":"https:\/\/cdn.moldovacrestina.md\/2011\/08\/396025507.jpg","datePublished":"2011-08-03T02:45:02+00:00","dateModified":"2017-05-03T16:47:03+00:00","author":{"@id":"https:\/\/moldovacrestina.md\/fr\/#\/schema\/person\/04b204bbb582cc832c3d2424f5d27dc0"},"description":"Cet article pr\u00e9sente quelques motifs majeurs pour lesquels les pri\u00e8res de l\u2019homme ne sont pas \u00e9cout\u00e9es par Dieu.","breadcrumb":{"@id":"https:\/\/moldovacrestina.md\/fr\/quand-dieu-ncoute-til-pas-les-prires\/#breadcrumb"},"inLanguage":"fr-FR","potentialAction":[{"@type":"ReadAction","target":["https:\/\/moldovacrestina.md\/fr\/quand-dieu-ncoute-til-pas-les-prires\/"]}]},{"@type":"ImageObject","inLanguage":"fr-FR","@id":"https:\/\/moldovacrestina.md\/fr\/quand-dieu-ncoute-til-pas-les-prires\/#primaryimage","url":"https:\/\/cdn.moldovacrestina.md\/2011\/08\/396025507.jpg","contentUrl":"https:\/\/cdn.moldovacrestina.md\/2011\/08\/396025507.jpg"},{"@type":"BreadcrumbList","@id":"https:\/\/moldovacrestina.md\/fr\/quand-dieu-ncoute-til-pas-les-prires\/#breadcrumb","itemListElement":[{"@type":"ListItem","position":1,"name":"Prima pagin\u0103","item":"https:\/\/moldovacrestina.md\/fr\/"},{"@type":"ListItem","position":2,"name":"R\u00e9ponses de la Bible","item":"https:\/\/moldovacrestina.md\/fr\/reponses-de-la-bible\/"},{"@type":"ListItem","position":3,"name":"Quand Dieu n\u2019\u00e9coute t\u2019il pas les pri\u00e8res?"}]},{"@type":"WebSite","@id":"https:\/\/moldovacrestina.md\/fr\/#website","url":"https:\/\/moldovacrestina.md\/fr\/","name":"Moldova Cre\u0219tin\u0103","description":"R\u0103spunsuri relevante \u0219i actuale din Biblie","potentialAction":[{"@type":"SearchAction","target":{"@type":"EntryPoint","urlTemplate":"https:\/\/moldovacrestina.md\/fr\/?s={search_term_string}"},"query-input":{"@type":"PropertyValueSpecification","valueRequired":true,"valueName":"search_term_string"}}],"inLanguage":"fr-FR"},{"@type":"Person","@id":"https:\/\/moldovacrestina.md\/fr\/#\/schema\/person\/04b204bbb582cc832c3d2424f5d27dc0","name":"Vasile Filat","image":{"@type":"ImageObject","inLanguage":"fr-FR","@id":"https:\/\/secure.gravatar.com\/avatar\/2e02d082d139dd6eb634318c9cf2c3a8281db62f24f87a134adb4f2020e77ab3?s=96&d=mm&r=g","url":"https:\/\/secure.gravatar.com\/avatar\/2e02d082d139dd6eb634318c9cf2c3a8281db62f24f87a134adb4f2020e77ab3?s=96&d=mm&r=g","contentUrl":"https:\/\/secure.gravatar.com\/avatar\/2e02d082d139dd6eb634318c9cf2c3a8281db62f24f87a134adb4f2020e77ab3?s=96&d=mm&r=g","caption":"Vasile Filat"},"description":"P\u0103storesc\u00a0Biserica Bunavestire din Chi\u0219in\u0103u, predau Cuv\u00e2ntul lui Dumnezeu la\u00a0Institutul de Studiu Biblic Inductiv din Eurasia\u00a0\u0219i conduc\u00a0Asocia\u021bia \"\u00cenv\u0103\u021b\u0103tur\u0103 din Cuv\u00e2nt - Precept Ministries\" din Moldova. \u00cempreun\u0103 cu so\u021bia mea\u00a0Anastasia, avem trei copii. Din Aprilie 2007 am oferit r\u0103spunsuri din Biblie pe acest site la \u00eentreb\u0103ri adresate de cititori. Mai mult despre mine citi\u021bi\u00a0aici.","url":"https:\/\/moldovacrestina.md\/fr\/author\/vasile-filat\/"}]}},"jetpack_featured_media_url":"","video_meta":false,"featured_image":false,"wpml":{"language_code":"fr","locale":"fr_FR","text_direction":false,"display_name":"Fran\u00e7ais","native_name":"Francez\u0103","different_language":false},"jetpack-related-posts":[{"id":363225,"url":"https:\/\/moldovacrestina.md\/copilul-pierdut-din-step-soci-a-fost-gasit-mort-in-canalizare-sa-ne-rugam-pentru-parinti\/","url_meta":{"origin":81005,"position":0},"title":"Copilul pierdut din Step-Soci a fost g\u0103sit mort \u00een canalizare. S\u0103 ne rug\u0103m pentru p\u0103rin\u021bi.","author":"Moldova Cre\u0219tin\u0103","date":"16 juillet 2025","format":false,"excerpt":"Durere \u0219i tragedie \u00een Step-Soci. Copilul c\u0103utat cu disperare a fost g\u0103sit f\u0103r\u0103 via\u021b\u0103 \u00eentr-un canal de canalizare. O veste care ne \u00eentristeaz\u0103 profund \u0219i ne cheam\u0103 la rug\u0103ciune pentru p\u0103rin\u021bi \u0219i pentru comunitate. Copilul nu mai este printre noi, dar p\u0103rin\u021bii au nevoie de sprijin, de compasiune \u0219i de\u2026","rel":"","context":"<span class=\"jp-relatedposts-post-author\">Moldova Cre\u0219tin\u0103<\/span>","block_context":{"text":"MCTV","link":"https:\/\/moldovacrestina.md\/mctv\/"},"img":{"alt_text":"","src":"https:\/\/i0.wp.com\/cdn.moldovacrestina.md\/2025\/07\/cb5ec347-rl88d65dnlw.jpg?resize=350%2C200&ssl=1","width":350,"height":200,"srcset":"https:\/\/i0.wp.com\/cdn.moldovacrestina.md\/2025\/07\/cb5ec347-rl88d65dnlw.jpg?resize=350%2C200&ssl=1 1x, https:\/\/i0.wp.com\/cdn.moldovacrestina.md\/2025\/07\/cb5ec347-rl88d65dnlw.jpg?resize=525%2C300&ssl=1 1.5x, https:\/\/i0.wp.com\/cdn.moldovacrestina.md\/2025\/07\/cb5ec347-rl88d65dnlw.jpg?resize=700%2C400&ssl=1 2x, https:\/\/i0.wp.com\/cdn.moldovacrestina.md\/2025\/07\/cb5ec347-rl88d65dnlw.jpg?resize=1050%2C600&ssl=1 3x"},"classes":[]},{"id":365343,"url":"https:\/\/moldovacrestina.md\/esti-sufocat-la-locul-de-munca-nu-pleca-pana-nu-faci-aceasta-pastor-vasile-filat\/","url_meta":{"origin":81005,"position":1},"title":"E\u0219ti sufocat la locul de munc\u0103? Nu pleca p\u00e2n\u0103 nu faci aceasta | Pastor Vasile Filat","author":"Moldova Cre\u0219tin\u0103","date":"30 avril 2026","format":false,"excerpt":"Te sim\u021bi sufocat(\u0103) la locul de munc\u0103, e\u0219ti ap\u0103sat(\u0103) de manager \u0219i tr\u0103ie\u0219ti cu frica de \u201ece vor zice oamenii\u201d dac\u0103 demisionezi? \u00cen acest video vorbim despre cum s\u0103 iei o decizie \u00een\u021beleapt\u0103 c\u00e2nd lucrezi \u00eentr-un business de familie, cum s\u0103 pui limite clare f\u0103r\u0103 vinov\u0103\u021bie \u0219i cum s\u0103 cau\u021bi\u2026","rel":"","context":"<span class=\"jp-relatedposts-post-author\">Moldova Cre\u0219tin\u0103<\/span>","block_context":{"text":"MCTV","link":"https:\/\/moldovacrestina.md\/mctv\/"},"img":{"alt_text":"","src":"https:\/\/i0.wp.com\/cdn.moldovacrestina.md\/2026\/04\/cf31591f-fmzy1i2ztmq.jpg?resize=350%2C200&ssl=1","width":350,"height":200,"srcset":"https:\/\/i0.wp.com\/cdn.moldovacrestina.md\/2026\/04\/cf31591f-fmzy1i2ztmq.jpg?resize=350%2C200&ssl=1 1x, https:\/\/i0.wp.com\/cdn.moldovacrestina.md\/2026\/04\/cf31591f-fmzy1i2ztmq.jpg?resize=525%2C300&ssl=1 1.5x, https:\/\/i0.wp.com\/cdn.moldovacrestina.md\/2026\/04\/cf31591f-fmzy1i2ztmq.jpg?resize=700%2C400&ssl=1 2x, https:\/\/i0.wp.com\/cdn.moldovacrestina.md\/2026\/04\/cf31591f-fmzy1i2ztmq.jpg?resize=1050%2C600&ssl=1 3x"},"classes":[]},{"id":363933,"url":"https:\/\/moldovacrestina.md\/cand-pacatul-te-reduce-la-tacere-asculta-asta-inainte-sa-renunti\/","url_meta":{"origin":81005,"position":2},"title":"C\u00e2nd p\u0103catul te reduce la t\u0103cere \u2013 ascult\u0103 asta \u00eenainte s\u0103 renun\u021bi","author":"Moldova Cre\u0219tin\u0103","date":"2 novembre 2025","format":false,"excerpt":"Ai fost cre\u0219tin, dar ai c\u0103zut \u00een p\u0103cat \u0219i ai pierdut \u00eendr\u0103zneala de a vorbi despre credin\u021b\u0103? Sim\u021bi ru\u0219ine, vinov\u0103\u021bie, team\u0103? \u00cen acest video, Pastorul Vasile Filat explic\u0103 biblic \u0219i practic ce s\u0103 faci c\u00e2nd ai p\u0103c\u0103tuit \u0219i cum s\u0103 revii la o rela\u021bie vie cu Dumnezeu \u0219i la slujire\u2026","rel":"","context":"<span class=\"jp-relatedposts-post-author\">Moldova Cre\u0219tin\u0103<\/span>","block_context":{"text":"MCTV","link":"https:\/\/moldovacrestina.md\/mctv\/"},"img":{"alt_text":"","src":"https:\/\/i0.wp.com\/cdn.moldovacrestina.md\/2025\/11\/585b12ed-hytl58awy6g.jpg?resize=350%2C200&ssl=1","width":350,"height":200,"srcset":"https:\/\/i0.wp.com\/cdn.moldovacrestina.md\/2025\/11\/585b12ed-hytl58awy6g.jpg?resize=350%2C200&ssl=1 1x, https:\/\/i0.wp.com\/cdn.moldovacrestina.md\/2025\/11\/585b12ed-hytl58awy6g.jpg?resize=525%2C300&ssl=1 1.5x, https:\/\/i0.wp.com\/cdn.moldovacrestina.md\/2025\/11\/585b12ed-hytl58awy6g.jpg?resize=700%2C400&ssl=1 2x, https:\/\/i0.wp.com\/cdn.moldovacrestina.md\/2025\/11\/585b12ed-hytl58awy6g.jpg?resize=1050%2C600&ssl=1 3x"},"classes":[]},{"id":365240,"url":"https:\/\/moldovacrestina.md\/nu-e-un-eveniment-mare-e-ceva-mai-simplu-oameni\/","url_meta":{"origin":81005,"position":3},"title":"Nu e un eveniment mare. E ceva mai simplu: oameni.","author":"Moldova Cre\u0219tin\u0103","date":"17 avril 2026","format":false,"excerpt":"La c\u00e2\u021biva kilometri de Chi\u0219in\u0103u, \u00een satul Bardar, o familie porne\u0219te \u00een fiecare weekend la drum pentru o misiune simpl\u0103, dar profund\u0103: oameni \u0219i copii. Vezi cum prinde via\u021b\u0103 Clubul copiilor din Bardar \u2014 un loc sigur unde cei mici \u00eenva\u021b\u0103 lec\u021bii pentru via\u021b\u0103, despre curaj, respect, prietenie \u0219i credin\u021b\u0103.\u2026","rel":"","context":"<span class=\"jp-relatedposts-post-author\">Moldova Cre\u0219tin\u0103<\/span>","block_context":{"text":"MCTV","link":"https:\/\/moldovacrestina.md\/mctv\/"},"img":{"alt_text":"","src":"https:\/\/i0.wp.com\/cdn.moldovacrestina.md\/2026\/04\/9986b949-g-_9romql9k.jpg?resize=350%2C200&ssl=1","width":350,"height":200,"srcset":"https:\/\/i0.wp.com\/cdn.moldovacrestina.md\/2026\/04\/9986b949-g-_9romql9k.jpg?resize=350%2C200&ssl=1 1x, https:\/\/i0.wp.com\/cdn.moldovacrestina.md\/2026\/04\/9986b949-g-_9romql9k.jpg?resize=525%2C300&ssl=1 1.5x, https:\/\/i0.wp.com\/cdn.moldovacrestina.md\/2026\/04\/9986b949-g-_9romql9k.jpg?resize=700%2C400&ssl=1 2x, https:\/\/i0.wp.com\/cdn.moldovacrestina.md\/2026\/04\/9986b949-g-_9romql9k.jpg?resize=1050%2C600&ssl=1 3x"},"classes":[]},{"id":363943,"url":"https:\/\/moldovacrestina.md\/nu-mai-zadarnici-harul-lui-dumnezeu-foloseste-ti-potentialul-deplin-in-hristos-vasile-filat\/","url_meta":{"origin":81005,"position":4},"title":"NU mai z\u0103d\u0103rnici harul lui Dumnezeu! Folose\u0219te-\u021bi poten\u021bialul deplin \u00een Hristos | Vasile Filat","author":"Moldova Cre\u0219tin\u0103","date":"3 novembre 2025","format":false,"excerpt":"Ai primit har de la Dumnezeu, dar poate c\u0103 nu \u00eel folose\u0219ti. \u00cen aceast\u0103 predic\u0103 vei \u00een\u021belege cum s\u0103-\u021bi descoperi \u0219i s\u0103-\u021bi activezi poten\u021bialul deplin \u00een Hristos. Vei vedea cum Moise \u0219i Petru au trecut de fric\u0103, ezitare \u0219i e\u0219ec pentru a valorifica harul primit \u0219i a tr\u0103i planul lui\u2026","rel":"","context":"<span class=\"jp-relatedposts-post-author\">Moldova Cre\u0219tin\u0103<\/span>","block_context":{"text":"MCTV","link":"https:\/\/moldovacrestina.md\/mctv\/"},"img":{"alt_text":"","src":"https:\/\/i0.wp.com\/cdn.moldovacrestina.md\/2025\/11\/24fdd8f4-psbs4khrvy0.jpg?resize=350%2C200&ssl=1","width":350,"height":200,"srcset":"https:\/\/i0.wp.com\/cdn.moldovacrestina.md\/2025\/11\/24fdd8f4-psbs4khrvy0.jpg?resize=350%2C200&ssl=1 1x, https:\/\/i0.wp.com\/cdn.moldovacrestina.md\/2025\/11\/24fdd8f4-psbs4khrvy0.jpg?resize=525%2C300&ssl=1 1.5x, https:\/\/i0.wp.com\/cdn.moldovacrestina.md\/2025\/11\/24fdd8f4-psbs4khrvy0.jpg?resize=700%2C400&ssl=1 2x, https:\/\/i0.wp.com\/cdn.moldovacrestina.md\/2025\/11\/24fdd8f4-psbs4khrvy0.jpg?resize=1050%2C600&ssl=1 3x"},"classes":[]}],"jetpack_sharing_enabled":true,"_links":{"self":[{"href":"https:\/\/moldovacrestina.md\/fr\/wp-json\/wp\/v2\/posts\/81005","targetHints":{"allow":["GET"]}}],"collection":[{"href":"https:\/\/moldovacrestina.md\/fr\/wp-json\/wp\/v2\/posts"}],"about":[{"href":"https:\/\/moldovacrestina.md\/fr\/wp-json\/wp\/v2\/types\/post"}],"author":[{"embeddable":true,"href":"https:\/\/moldovacrestina.md\/fr\/wp-json\/wp\/v2\/users\/46"}],"replies":[{"embeddable":true,"href":"https:\/\/moldovacrestina.md\/fr\/wp-json\/wp\/v2\/comments?post=81005"}],"version-history":[{"count":0,"href":"https:\/\/moldovacrestina.md\/fr\/wp-json\/wp\/v2\/posts\/81005\/revisions"}],"wp:attachment":[{"href":"https:\/\/moldovacrestina.md\/fr\/wp-json\/wp\/v2\/media?parent=81005"}],"wp:term":[{"taxonomy":"category","embeddable":true,"href":"https:\/\/moldovacrestina.md\/fr\/wp-json\/wp\/v2\/categories?post=81005"},{"taxonomy":"post_tag","embeddable":true,"href":"https:\/\/moldovacrestina.md\/fr\/wp-json\/wp\/v2\/tags?post=81005"}],"curies":[{"name":"wp","href":"https:\/\/api.w.org\/{rel}","templated":true}]}}