{"id":80953,"date":"2011-07-04T19:21:54","date_gmt":"2011-07-04T17:21:54","guid":{"rendered":"https:\/\/moldovacrestina.md\/dans-un-jardin-denfants-en-sude-on-parle-aux-enfants-des-girafes-homosexuelles-et-de-lgalit-entre-les-filles-et-les-garons"},"modified":"2016-04-21T15:43:51","modified_gmt":"2016-04-21T13:43:51","slug":"dans-un-jardin-denfants-en-sude-on-parle-aux-enfants-des-girafes-homosexuelles-et-de-lgalit-entre-les-filles-et-les-garons","status":"publish","type":"post","link":"https:\/\/moldovacrestina.md\/fr\/dans-un-jardin-denfants-en-sude-on-parle-aux-enfants-des-girafes-homosexuelles-et-de-lgalit-entre-les-filles-et-les-garons\/","title":{"rendered":"Dans un jardin d\u2019enfants en Su\u00e8de, on parle aux enfants des girafes-homosexuelles et de l\u2019\u00e9galit\u00e9 entre les filles et les gar\u00e7ons"},"content":{"rendered":"<p style=\"text-align: justify\">\n<p>par FELICIA ROTARU le 29 IUIN 2011<\/p>\n<\/p>\n<p>Un jardin d\u2019enfants o\u00f9 le blanc est noir et le noir est devenu blanc, les enfants acqui\u00e8rent ces choses durant la p\u00e9riode allant de un an \u00e0 6 ans. L\u2019administration d\u2019un jardin a d\u00e9cid\u00e9 \u201cd\u2019annuler\u201d le mot \u201chan\u201d (gar\u00e7on en su\u00e9dois) et \u201chon\u201d (fille en su\u00e9dois), ainsi, tous les enfants sont nomm\u00e9s \u201chen\u201d. M\u00eame si ce terme n\u2019existe dans aucun dictionnaire su\u00e9dois, il est devenu un jargon dans la communaut\u00e9 LGBT (lesbiennes, homosexuels, bisexuels, transsexuels).<\/p>\n<p>Pour les enfants \u201cne pas faire des st\u00e9r\u00e9otypes de genre\u201d, ils jouent ensemble et ils sont exhort\u00e9s \u00e0\u00a0 s\u2019appeler \u201camis\u201d. Les \u201camis\u201d partagent\u00a0 ensemble les jouets concernant la cuisine, aussi bien que celles qui concernent la construction. En plus, les enfants ont aussi des livres, o\u00f9 la majorit\u00e9 des personnages sont soit seuls, soit elles forment des couples de m\u00eame genre. Ainsi, un couple de girafes de m\u00eame sexe est tr\u00e8s d\u00e9sol\u00e9 parce qu\u2019ils ne peut pas avoir d\u2019enfant, jusqu\u2019\u00e0 ce qu\u2019ils trouvent un \u0153uf de crocodile, qu\u2019ils ont adopt\u00e9.<\/p>\n<p>La directrice de l\u2019institut, Mme Raylin, affirme que le but est de cr\u00e9er dans le jardin d\u2019enfants un entourage favorable pour les homosexuels et les lesbiennes, c\u2019est pourquoi toutes les activit\u00e9s sont destin\u00e9es \u00e0 enseigner aux enfants\u00a0 \u00e0 ne pas faire de diff\u00e9rence bas\u00e9e sur le genre. En plus, la directrice\u00a0 affirme que cela s\u2019inscrit\u00a0 sur la base d\u2019un programme, car, en jardin d\u2019enfants il est bienvenu d\u2019engager des p\u00e9dagogues homosexuels.<\/p>\n<p>Certains parents montrent leurs m\u00e9contentements, car ils consid\u00e8rent qu\u2019on est all\u00e9 trop loin. Cependant, le jardin d\u2019enfants a un nombre croissant d\u2019enfants qui s\u2019inscrivent, tandis qu\u2019une seule famille a retir\u00e9 son enfant de l\u00e0.<\/p>\n<p>Le pr\u00e9dicateur chr\u00e9tien qui est aussi l\u2019auteur du projet \u201cAnti-porno\u201d, Armen Ghahramanyan est indign\u00e9 de ce que se passe: \u201cJe suis choqu\u00e9. Cela est l\u2019intervention d\u2019une structure gouvernementale dans les valeurs morales de la famille. C\u2019est une transgression du droit de la famille, mais, quand tu essayes de dire cela, tu es nomm\u00e9 homophobe. Une telle propagande doit \u00eatre stopp\u00e9e \u2013 car c\u2019est un chemin vers l\u2019auto-destruction.\u201d<\/p>\n<p>Pendant plusieurs d\u00e9cennies, La Su\u00e8de a promu et propag\u00e9 l\u2019\u00e9galit\u00e9 entre les genres, mais on n\u2019a pas pass\u00e9 beaucoup de temps depuis sur le sujet depuis, et on a permis aux familles de m\u00eame sexe d\u2019adopter des enfants. L\u2019\u00e9tat alloue des fonds pour faire des recherches en cas de probl\u00e8me d\u2019identification du genre.<\/p>\n<p>Avec r\u00e9f\u00e9rence au: Novosti Hristianskovo Mira<\/p><\/p>\n","protected":false},"excerpt":{"rendered":"<p>par FELICIA ROTARU le 29 IUIN 2011 Un jardin d\u2019enfants o\u00f9 le blanc est noir et le noir est devenu blanc, les enfants acqui\u00e8rent ces choses durant la p\u00e9riode allant de un an \u00e0 6 ans. L\u2019administration d\u2019un jardin a d\u00e9cid\u00e9 \u201cd\u2019annuler\u201d le mot \u201chan\u201d (gar\u00e7on en su\u00e9dois) et \u201chon\u201d (fille en su\u00e9dois), ainsi, tous [&hellip;]<\/p>\n","protected":false},"author":46,"featured_media":0,"comment_status":"closed","ping_status":"closed","sticky":false,"template":"","format":"standard","meta":{"_acf_changed":false,"inline_featured_image":false,"_monsterinsights_skip_tracking":false,"_monsterinsights_sitenote_active":false,"_monsterinsights_sitenote_note":"","_monsterinsights_sitenote_category":0,"_genesis_hide_title":false,"_genesis_hide_breadcrumbs":false,"_genesis_hide_singular_image":false,"_genesis_hide_footer_widgets":false,"_genesis_custom_body_class":"","_genesis_custom_post_class":"","_genesis_layout":"","ep_exclude_from_search":false,"_jetpack_memberships_contains_paid_content":false,"footnotes":""},"categories":[138],"tags":[19307,19414,19415,19417,19419,19420],"class_list":{"0":"post-80953","1":"post","2":"type-post","3":"status-publish","4":"format-standard","6":"category-societe","7":"tag-homosexuels","8":"tag-communaute-lgbt","9":"tag-egalite-de-genre","10":"tag-girafes-de-meme-sexe","11":"tag-jardin-denfants","12":"tag-stereotypes-de-genre","13":"entry"},"acf":[],"yoast_head":"<!-- This site is optimized with the Yoast SEO Premium plugin v26.5 (Yoast SEO v27.4) - https:\/\/yoast.com\/product\/yoast-seo-premium-wordpress\/ -->\n<title>Cr\u00e9er dans le jardin d\u2019enfants un entourage favorable pour les homosexuels<\/title>\n<meta name=\"description\" content=\"Dans un jardin d&#039;enfants en Su\u00e8de les enfants sont enseign\u00e9 de l&#039;\u00e9galit\u00e9 et on promoive le ph\u00e9nom\u00e8ne d&#039;homosexualit\u00e9 parmi eux.\" \/>\n<meta name=\"robots\" content=\"index, follow, max-snippet:-1, max-image-preview:large, max-video-preview:-1\" \/>\n<link rel=\"canonical\" href=\"https:\/\/moldovacrestina.md\/fr\/dans-un-jardin-denfants-en-sude-on-parle-aux-enfants-des-girafes-homosexuelles-et-de-lgalit-entre-les-filles-et-les-garons\/\" \/>\n<meta property=\"og:locale\" content=\"fr_FR\" \/>\n<meta property=\"og:type\" content=\"article\" \/>\n<meta property=\"og:title\" content=\"Dans un jardin d\u2019enfants en Su\u00e8de, on parle aux enfants des girafes-homosexuelles et de l\u2019\u00e9galit\u00e9 entre les filles et les gar\u00e7ons\" \/>\n<meta property=\"og:description\" content=\"Dans un jardin d&#039;enfants en Su\u00e8de les enfants sont enseign\u00e9 de l&#039;\u00e9galit\u00e9 et on promoive le ph\u00e9nom\u00e8ne d&#039;homosexualit\u00e9 parmi eux.\" \/>\n<meta property=\"og:url\" content=\"https:\/\/moldovacrestina.md\/fr\/dans-un-jardin-denfants-en-sude-on-parle-aux-enfants-des-girafes-homosexuelles-et-de-lgalit-entre-les-filles-et-les-garons\/\" \/>\n<meta property=\"og:site_name\" content=\"Moldova Cre\u0219tin\u0103\" \/>\n<meta property=\"article:publisher\" content=\"https:\/\/www.facebook.com\/moldovacrestina\/\" \/>\n<meta property=\"article:published_time\" content=\"2011-07-04T17:21:54+00:00\" \/>\n<meta property=\"article:modified_time\" content=\"2016-04-21T13:43:51+00:00\" \/>\n<meta name=\"author\" content=\"Vasile Filat\" \/>\n<meta name=\"twitter:card\" content=\"summary_large_image\" \/>\n<meta name=\"twitter:creator\" content=\"@moldovacrestina\" \/>\n<meta name=\"twitter:site\" content=\"@moldovacrestina\" \/>\n<meta name=\"twitter:label1\" content=\"\u00c9crit par\" \/>\n\t<meta name=\"twitter:data1\" content=\"Vasile Filat\" \/>\n\t<meta name=\"twitter:label2\" content=\"Dur\u00e9e de lecture estim\u00e9e\" \/>\n\t<meta name=\"twitter:data2\" content=\"2 minutes\" \/>\n<script type=\"application\/ld+json\" class=\"yoast-schema-graph\">{\"@context\":\"https:\\\/\\\/schema.org\",\"@graph\":[{\"@type\":\"Article\",\"@id\":\"https:\\\/\\\/moldovacrestina.md\\\/fr\\\/dans-un-jardin-denfants-en-sude-on-parle-aux-enfants-des-girafes-homosexuelles-et-de-lgalit-entre-les-filles-et-les-garons\\\/#article\",\"isPartOf\":{\"@id\":\"https:\\\/\\\/moldovacrestina.md\\\/fr\\\/dans-un-jardin-denfants-en-sude-on-parle-aux-enfants-des-girafes-homosexuelles-et-de-lgalit-entre-les-filles-et-les-garons\\\/\"},\"author\":{\"name\":\"Vasile Filat\",\"@id\":\"https:\\\/\\\/moldovacrestina.md\\\/fr\\\/#\\\/schema\\\/person\\\/04b204bbb582cc832c3d2424f5d27dc0\"},\"headline\":\"Dans un jardin d\u2019enfants en Su\u00e8de, on parle aux enfants des girafes-homosexuelles et de l\u2019\u00e9galit\u00e9 entre les filles et les gar\u00e7ons\",\"datePublished\":\"2011-07-04T17:21:54+00:00\",\"dateModified\":\"2016-04-21T13:43:51+00:00\",\"mainEntityOfPage\":{\"@id\":\"https:\\\/\\\/moldovacrestina.md\\\/fr\\\/dans-un-jardin-denfants-en-sude-on-parle-aux-enfants-des-girafes-homosexuelles-et-de-lgalit-entre-les-filles-et-les-garons\\\/\"},\"wordCount\":486,\"keywords\":[\"Homosexuels\",\"communaut\u00e9 LGBT\",\"\u00e9galit\u00e9 de genre\",\"girafes de m\u00eame sexe\",\"jardin d&#8242;enfants\",\"st\u00e9r\u00e9otypes de genre\"],\"articleSection\":[\"Soci\u00e9t\u00e9\"],\"inLanguage\":\"fr-FR\"},{\"@type\":\"WebPage\",\"@id\":\"https:\\\/\\\/moldovacrestina.md\\\/fr\\\/dans-un-jardin-denfants-en-sude-on-parle-aux-enfants-des-girafes-homosexuelles-et-de-lgalit-entre-les-filles-et-les-garons\\\/\",\"url\":\"https:\\\/\\\/moldovacrestina.md\\\/fr\\\/dans-un-jardin-denfants-en-sude-on-parle-aux-enfants-des-girafes-homosexuelles-et-de-lgalit-entre-les-filles-et-les-garons\\\/\",\"name\":\"Cr\u00e9er dans le jardin d\u2019enfants un entourage favorable pour les homosexuels\",\"isPartOf\":{\"@id\":\"https:\\\/\\\/moldovacrestina.md\\\/fr\\\/#website\"},\"datePublished\":\"2011-07-04T17:21:54+00:00\",\"dateModified\":\"2016-04-21T13:43:51+00:00\",\"author\":{\"@id\":\"https:\\\/\\\/moldovacrestina.md\\\/fr\\\/#\\\/schema\\\/person\\\/04b204bbb582cc832c3d2424f5d27dc0\"},\"description\":\"Dans un jardin d'enfants en Su\u00e8de les enfants sont enseign\u00e9 de l'\u00e9galit\u00e9 et on promoive le ph\u00e9nom\u00e8ne d'homosexualit\u00e9 parmi eux.\",\"breadcrumb\":{\"@id\":\"https:\\\/\\\/moldovacrestina.md\\\/fr\\\/dans-un-jardin-denfants-en-sude-on-parle-aux-enfants-des-girafes-homosexuelles-et-de-lgalit-entre-les-filles-et-les-garons\\\/#breadcrumb\"},\"inLanguage\":\"fr-FR\",\"potentialAction\":[{\"@type\":\"ReadAction\",\"target\":[\"https:\\\/\\\/moldovacrestina.md\\\/fr\\\/dans-un-jardin-denfants-en-sude-on-parle-aux-enfants-des-girafes-homosexuelles-et-de-lgalit-entre-les-filles-et-les-garons\\\/\"]}]},{\"@type\":\"BreadcrumbList\",\"@id\":\"https:\\\/\\\/moldovacrestina.md\\\/fr\\\/dans-un-jardin-denfants-en-sude-on-parle-aux-enfants-des-girafes-homosexuelles-et-de-lgalit-entre-les-filles-et-les-garons\\\/#breadcrumb\",\"itemListElement\":[{\"@type\":\"ListItem\",\"position\":1,\"name\":\"Prima pagin\u0103\",\"item\":\"https:\\\/\\\/moldovacrestina.md\\\/fr\\\/\"},{\"@type\":\"ListItem\",\"position\":2,\"name\":\"Soci\u00e9t\u00e9\",\"item\":\"https:\\\/\\\/moldovacrestina.md\\\/fr\\\/\\\/societe\\\/\"},{\"@type\":\"ListItem\",\"position\":3,\"name\":\"Dans un jardin d\u2019enfants en Su\u00e8de, on parle aux enfants des girafes-homosexuelles et de l\u2019\u00e9galit\u00e9 entre les filles et les gar\u00e7ons\"}]},{\"@type\":\"WebSite\",\"@id\":\"https:\\\/\\\/moldovacrestina.md\\\/fr\\\/#website\",\"url\":\"https:\\\/\\\/moldovacrestina.md\\\/fr\\\/\",\"name\":\"Moldova Cre\u0219tin\u0103\",\"description\":\"R\u0103spunsuri relevante \u0219i actuale din Biblie\",\"potentialAction\":[{\"@type\":\"SearchAction\",\"target\":{\"@type\":\"EntryPoint\",\"urlTemplate\":\"https:\\\/\\\/moldovacrestina.md\\\/fr\\\/?s={search_term_string}\"},\"query-input\":{\"@type\":\"PropertyValueSpecification\",\"valueRequired\":true,\"valueName\":\"search_term_string\"}}],\"inLanguage\":\"fr-FR\"},{\"@type\":\"Person\",\"@id\":\"https:\\\/\\\/moldovacrestina.md\\\/fr\\\/#\\\/schema\\\/person\\\/04b204bbb582cc832c3d2424f5d27dc0\",\"name\":\"Vasile Filat\",\"image\":{\"@type\":\"ImageObject\",\"inLanguage\":\"fr-FR\",\"@id\":\"https:\\\/\\\/secure.gravatar.com\\\/avatar\\\/2e02d082d139dd6eb634318c9cf2c3a8281db62f24f87a134adb4f2020e77ab3?s=96&d=mm&r=g\",\"url\":\"https:\\\/\\\/secure.gravatar.com\\\/avatar\\\/2e02d082d139dd6eb634318c9cf2c3a8281db62f24f87a134adb4f2020e77ab3?s=96&d=mm&r=g\",\"contentUrl\":\"https:\\\/\\\/secure.gravatar.com\\\/avatar\\\/2e02d082d139dd6eb634318c9cf2c3a8281db62f24f87a134adb4f2020e77ab3?s=96&d=mm&r=g\",\"caption\":\"Vasile Filat\"},\"description\":\"P\u0103storesc\u00a0Biserica Bunavestire din Chi\u0219in\u0103u, predau Cuv\u00e2ntul lui Dumnezeu la\u00a0Institutul de Studiu Biblic Inductiv din Eurasia\u00a0\u0219i conduc\u00a0Asocia\u021bia \\\"\u00cenv\u0103\u021b\u0103tur\u0103 din Cuv\u00e2nt - Precept Ministries\\\" din Moldova. \u00cempreun\u0103 cu so\u021bia mea\u00a0Anastasia, avem trei copii. Din Aprilie 2007 am oferit r\u0103spunsuri din Biblie pe acest site la \u00eentreb\u0103ri adresate de cititori. Mai mult despre mine citi\u021bi\u00a0aici.\",\"url\":\"https:\\\/\\\/moldovacrestina.md\\\/fr\\\/author\\\/vasile-filat\\\/\"}]}<\/script>\n<!-- \/ Yoast SEO Premium plugin. -->","yoast_head_json":{"title":"Cr\u00e9er dans le jardin d\u2019enfants un entourage favorable pour les homosexuels","description":"Dans un jardin d'enfants en Su\u00e8de les enfants sont enseign\u00e9 de l'\u00e9galit\u00e9 et on promoive le ph\u00e9nom\u00e8ne d'homosexualit\u00e9 parmi eux.","robots":{"index":"index","follow":"follow","max-snippet":"max-snippet:-1","max-image-preview":"max-image-preview:large","max-video-preview":"max-video-preview:-1"},"canonical":"https:\/\/moldovacrestina.md\/fr\/dans-un-jardin-denfants-en-sude-on-parle-aux-enfants-des-girafes-homosexuelles-et-de-lgalit-entre-les-filles-et-les-garons\/","og_locale":"fr_FR","og_type":"article","og_title":"Dans un jardin d\u2019enfants en Su\u00e8de, on parle aux enfants des girafes-homosexuelles et de l\u2019\u00e9galit\u00e9 entre les filles et les gar\u00e7ons","og_description":"Dans un jardin d'enfants en Su\u00e8de les enfants sont enseign\u00e9 de l'\u00e9galit\u00e9 et on promoive le ph\u00e9nom\u00e8ne d'homosexualit\u00e9 parmi eux.","og_url":"https:\/\/moldovacrestina.md\/fr\/dans-un-jardin-denfants-en-sude-on-parle-aux-enfants-des-girafes-homosexuelles-et-de-lgalit-entre-les-filles-et-les-garons\/","og_site_name":"Moldova Cre\u0219tin\u0103","article_publisher":"https:\/\/www.facebook.com\/moldovacrestina\/","article_published_time":"2011-07-04T17:21:54+00:00","article_modified_time":"2016-04-21T13:43:51+00:00","author":"Vasile Filat","twitter_card":"summary_large_image","twitter_creator":"@moldovacrestina","twitter_site":"@moldovacrestina","twitter_misc":{"\u00c9crit par":"Vasile Filat","Dur\u00e9e de lecture estim\u00e9e":"2 minutes"},"schema":{"@context":"https:\/\/schema.org","@graph":[{"@type":"Article","@id":"https:\/\/moldovacrestina.md\/fr\/dans-un-jardin-denfants-en-sude-on-parle-aux-enfants-des-girafes-homosexuelles-et-de-lgalit-entre-les-filles-et-les-garons\/#article","isPartOf":{"@id":"https:\/\/moldovacrestina.md\/fr\/dans-un-jardin-denfants-en-sude-on-parle-aux-enfants-des-girafes-homosexuelles-et-de-lgalit-entre-les-filles-et-les-garons\/"},"author":{"name":"Vasile Filat","@id":"https:\/\/moldovacrestina.md\/fr\/#\/schema\/person\/04b204bbb582cc832c3d2424f5d27dc0"},"headline":"Dans un jardin d\u2019enfants en Su\u00e8de, on parle aux enfants des girafes-homosexuelles et de l\u2019\u00e9galit\u00e9 entre les filles et les gar\u00e7ons","datePublished":"2011-07-04T17:21:54+00:00","dateModified":"2016-04-21T13:43:51+00:00","mainEntityOfPage":{"@id":"https:\/\/moldovacrestina.md\/fr\/dans-un-jardin-denfants-en-sude-on-parle-aux-enfants-des-girafes-homosexuelles-et-de-lgalit-entre-les-filles-et-les-garons\/"},"wordCount":486,"keywords":["Homosexuels","communaut\u00e9 LGBT","\u00e9galit\u00e9 de genre","girafes de m\u00eame sexe","jardin d&#8242;enfants","st\u00e9r\u00e9otypes de genre"],"articleSection":["Soci\u00e9t\u00e9"],"inLanguage":"fr-FR"},{"@type":"WebPage","@id":"https:\/\/moldovacrestina.md\/fr\/dans-un-jardin-denfants-en-sude-on-parle-aux-enfants-des-girafes-homosexuelles-et-de-lgalit-entre-les-filles-et-les-garons\/","url":"https:\/\/moldovacrestina.md\/fr\/dans-un-jardin-denfants-en-sude-on-parle-aux-enfants-des-girafes-homosexuelles-et-de-lgalit-entre-les-filles-et-les-garons\/","name":"Cr\u00e9er dans le jardin d\u2019enfants un entourage favorable pour les homosexuels","isPartOf":{"@id":"https:\/\/moldovacrestina.md\/fr\/#website"},"datePublished":"2011-07-04T17:21:54+00:00","dateModified":"2016-04-21T13:43:51+00:00","author":{"@id":"https:\/\/moldovacrestina.md\/fr\/#\/schema\/person\/04b204bbb582cc832c3d2424f5d27dc0"},"description":"Dans un jardin d'enfants en Su\u00e8de les enfants sont enseign\u00e9 de l'\u00e9galit\u00e9 et on promoive le ph\u00e9nom\u00e8ne d'homosexualit\u00e9 parmi eux.","breadcrumb":{"@id":"https:\/\/moldovacrestina.md\/fr\/dans-un-jardin-denfants-en-sude-on-parle-aux-enfants-des-girafes-homosexuelles-et-de-lgalit-entre-les-filles-et-les-garons\/#breadcrumb"},"inLanguage":"fr-FR","potentialAction":[{"@type":"ReadAction","target":["https:\/\/moldovacrestina.md\/fr\/dans-un-jardin-denfants-en-sude-on-parle-aux-enfants-des-girafes-homosexuelles-et-de-lgalit-entre-les-filles-et-les-garons\/"]}]},{"@type":"BreadcrumbList","@id":"https:\/\/moldovacrestina.md\/fr\/dans-un-jardin-denfants-en-sude-on-parle-aux-enfants-des-girafes-homosexuelles-et-de-lgalit-entre-les-filles-et-les-garons\/#breadcrumb","itemListElement":[{"@type":"ListItem","position":1,"name":"Prima pagin\u0103","item":"https:\/\/moldovacrestina.md\/fr\/"},{"@type":"ListItem","position":2,"name":"Soci\u00e9t\u00e9","item":"https:\/\/moldovacrestina.md\/fr\/\/societe\/"},{"@type":"ListItem","position":3,"name":"Dans un jardin d\u2019enfants en Su\u00e8de, on parle aux enfants des girafes-homosexuelles et de l\u2019\u00e9galit\u00e9 entre les filles et les gar\u00e7ons"}]},{"@type":"WebSite","@id":"https:\/\/moldovacrestina.md\/fr\/#website","url":"https:\/\/moldovacrestina.md\/fr\/","name":"Moldova Cre\u0219tin\u0103","description":"R\u0103spunsuri relevante \u0219i actuale din Biblie","potentialAction":[{"@type":"SearchAction","target":{"@type":"EntryPoint","urlTemplate":"https:\/\/moldovacrestina.md\/fr\/?s={search_term_string}"},"query-input":{"@type":"PropertyValueSpecification","valueRequired":true,"valueName":"search_term_string"}}],"inLanguage":"fr-FR"},{"@type":"Person","@id":"https:\/\/moldovacrestina.md\/fr\/#\/schema\/person\/04b204bbb582cc832c3d2424f5d27dc0","name":"Vasile Filat","image":{"@type":"ImageObject","inLanguage":"fr-FR","@id":"https:\/\/secure.gravatar.com\/avatar\/2e02d082d139dd6eb634318c9cf2c3a8281db62f24f87a134adb4f2020e77ab3?s=96&d=mm&r=g","url":"https:\/\/secure.gravatar.com\/avatar\/2e02d082d139dd6eb634318c9cf2c3a8281db62f24f87a134adb4f2020e77ab3?s=96&d=mm&r=g","contentUrl":"https:\/\/secure.gravatar.com\/avatar\/2e02d082d139dd6eb634318c9cf2c3a8281db62f24f87a134adb4f2020e77ab3?s=96&d=mm&r=g","caption":"Vasile Filat"},"description":"P\u0103storesc\u00a0Biserica Bunavestire din Chi\u0219in\u0103u, predau Cuv\u00e2ntul lui Dumnezeu la\u00a0Institutul de Studiu Biblic Inductiv din Eurasia\u00a0\u0219i conduc\u00a0Asocia\u021bia \"\u00cenv\u0103\u021b\u0103tur\u0103 din Cuv\u00e2nt - Precept Ministries\" din Moldova. \u00cempreun\u0103 cu so\u021bia mea\u00a0Anastasia, avem trei copii. Din Aprilie 2007 am oferit r\u0103spunsuri din Biblie pe acest site la \u00eentreb\u0103ri adresate de cititori. Mai mult despre mine citi\u021bi\u00a0aici.","url":"https:\/\/moldovacrestina.md\/fr\/author\/vasile-filat\/"}]}},"jetpack_featured_media_url":"","video_meta":false,"featured_image":false,"wpml":{"language_code":"fr","locale":"fr_FR","text_direction":false,"display_name":"Fran\u00e7ais","native_name":"Francez\u0103","different_language":false},"jetpack-related-posts":[{"id":363310,"url":"https:\/\/moldovacrestina.md\/nici-la-moartea-parintilor-nu-va-oferi-mancare-cuiva\/","url_meta":{"origin":80953,"position":0},"title":"Nici la moartea p\u0103rin\u021bilor nu va oferi m\u00e2ncare cuiva\u2026","author":"Moldova Cre\u0219tin\u0103","date":"25 juillet 2025","format":false,"excerpt":"\u00ceNTREBARE: Pace, frate! Am \u0219i eu o nedumerire. M\u0103 contraziceam cu tata: \u00een caz de o \u00eenmorm\u00e2ntare, eu am zis c\u0103 nu a\u0219 da nici m\u0103car pr\u0103jituri \u0219i nici suc. Am zis doar ap\u0103, ca s\u0103 nu \u00eei fie cuiva sete. Tata mi-a zis s\u0103 vorbesc cu un predicator poc\u0103it\u2026","rel":"","context":"<span class=\"jp-relatedposts-post-author\">Moldova Cre\u0219tin\u0103<\/span>","block_context":{"text":"MCTV","link":"https:\/\/moldovacrestina.md\/mctv\/"},"img":{"alt_text":"","src":"https:\/\/i0.wp.com\/cdn.moldovacrestina.md\/2025\/07\/ba7ab153-h1zvfmsmux8.jpg?resize=350%2C200&ssl=1","width":350,"height":200,"srcset":"https:\/\/i0.wp.com\/cdn.moldovacrestina.md\/2025\/07\/ba7ab153-h1zvfmsmux8.jpg?resize=350%2C200&ssl=1 1x, https:\/\/i0.wp.com\/cdn.moldovacrestina.md\/2025\/07\/ba7ab153-h1zvfmsmux8.jpg?resize=525%2C300&ssl=1 1.5x, https:\/\/i0.wp.com\/cdn.moldovacrestina.md\/2025\/07\/ba7ab153-h1zvfmsmux8.jpg?resize=700%2C400&ssl=1 2x, https:\/\/i0.wp.com\/cdn.moldovacrestina.md\/2025\/07\/ba7ab153-h1zvfmsmux8.jpg?resize=1050%2C600&ssl=1 3x"},"classes":[]},{"id":361261,"url":"https:\/\/moldovacrestina.md\/probleme-necazuri-si-ciori-care-se-tin-dupa-tine-vasile-filat\/","url_meta":{"origin":80953,"position":1},"title":"Probleme, necazuri \u0219i ciori care se \u021bin dup\u0103 tine\u2026 &#8211; Vasile Filat","author":"Vasile Filat","date":"1 novembre 2024","format":false,"excerpt":"\u00ceNTREBAREA: P\u0103rinte, de mul\u021bi ani m\u0103 confrunt numai cu necazuri \u0219i probleme. Nu doar asta, dar \u00een fiecare zi sunt \u0219i ciori care se \u021bin dup\u0103 mine \u0219i simt c\u0103 nimic nu m\u0103 mai mul\u021bume\u0219te. Vreau s\u0103 \u0219tiu care ar fi problema? Simt c\u0103 nu mai pot. Mul\u021bumesc din suflet.\u2026","rel":"","context":"<span class=\"jp-relatedposts-post-author\">Vasile Filat<\/span>","block_context":{"text":"Doctrine","link":"https:\/\/moldovacrestina.md\/doctrine\/"},"img":{"alt_text":"","src":"https:\/\/i0.wp.com\/cdn.moldovacrestina.md\/2024\/11\/56a16de6-screenshot-2024-11-01-at-09.20.42.png?resize=350%2C200&ssl=1","width":350,"height":200,"srcset":"https:\/\/i0.wp.com\/cdn.moldovacrestina.md\/2024\/11\/56a16de6-screenshot-2024-11-01-at-09.20.42.png?resize=350%2C200&ssl=1 1x, https:\/\/i0.wp.com\/cdn.moldovacrestina.md\/2024\/11\/56a16de6-screenshot-2024-11-01-at-09.20.42.png?resize=525%2C300&ssl=1 1.5x, https:\/\/i0.wp.com\/cdn.moldovacrestina.md\/2024\/11\/56a16de6-screenshot-2024-11-01-at-09.20.42.png?resize=700%2C400&ssl=1 2x, https:\/\/i0.wp.com\/cdn.moldovacrestina.md\/2024\/11\/56a16de6-screenshot-2024-11-01-at-09.20.42.png?resize=1050%2C600&ssl=1 3x, https:\/\/i0.wp.com\/cdn.moldovacrestina.md\/2024\/11\/56a16de6-screenshot-2024-11-01-at-09.20.42.png?resize=1400%2C800&ssl=1 4x"},"classes":[]},{"id":365343,"url":"https:\/\/moldovacrestina.md\/esti-sufocat-la-locul-de-munca-nu-pleca-pana-nu-faci-aceasta-pastor-vasile-filat\/","url_meta":{"origin":80953,"position":2},"title":"E\u0219ti sufocat la locul de munc\u0103? Nu pleca p\u00e2n\u0103 nu faci aceasta | Pastor Vasile Filat","author":"Moldova Cre\u0219tin\u0103","date":"30 avril 2026","format":false,"excerpt":"Te sim\u021bi sufocat(\u0103) la locul de munc\u0103, e\u0219ti ap\u0103sat(\u0103) de manager \u0219i tr\u0103ie\u0219ti cu frica de \u201ece vor zice oamenii\u201d dac\u0103 demisionezi? \u00cen acest video vorbim despre cum s\u0103 iei o decizie \u00een\u021beleapt\u0103 c\u00e2nd lucrezi \u00eentr-un business de familie, cum s\u0103 pui limite clare f\u0103r\u0103 vinov\u0103\u021bie \u0219i cum s\u0103 cau\u021bi\u2026","rel":"","context":"<span class=\"jp-relatedposts-post-author\">Moldova Cre\u0219tin\u0103<\/span>","block_context":{"text":"MCTV","link":"https:\/\/moldovacrestina.md\/mctv\/"},"img":{"alt_text":"","src":"https:\/\/i0.wp.com\/cdn.moldovacrestina.md\/2026\/04\/cf31591f-fmzy1i2ztmq.jpg?resize=350%2C200&ssl=1","width":350,"height":200,"srcset":"https:\/\/i0.wp.com\/cdn.moldovacrestina.md\/2026\/04\/cf31591f-fmzy1i2ztmq.jpg?resize=350%2C200&ssl=1 1x, https:\/\/i0.wp.com\/cdn.moldovacrestina.md\/2026\/04\/cf31591f-fmzy1i2ztmq.jpg?resize=525%2C300&ssl=1 1.5x, https:\/\/i0.wp.com\/cdn.moldovacrestina.md\/2026\/04\/cf31591f-fmzy1i2ztmq.jpg?resize=700%2C400&ssl=1 2x, https:\/\/i0.wp.com\/cdn.moldovacrestina.md\/2026\/04\/cf31591f-fmzy1i2ztmq.jpg?resize=1050%2C600&ssl=1 3x"},"classes":[]},{"id":362585,"url":"https:\/\/moldovacrestina.md\/cum-sa-cresti-un-barbat-adevarat-dintr-un-fiu-cand-tatal-l-a-parasit\/","url_meta":{"origin":80953,"position":3},"title":"Cum s\u0103 cre\u0219ti un b\u0103rbat adev\u0103rat dintr-un fiu c\u00e2nd tat\u0103l l-a p\u0103r\u0103sit?","author":"Moldova Cre\u0219tin\u0103","date":"10 avril 2025","format":false,"excerpt":"Absen\u021ba tat\u0103lui nu \u00eenseamn\u0103 e\u0219ecul fiului. Descoper\u0103 cum o mam\u0103 credincioas\u0103 poate cre\u0219te un b\u0103rbat puternic \u00een Hristos. \u00censcrie-te azi la Conferin\u021ba Biblic\u0103 \u201cCinstirea P\u0103rin\u021bilor\u201d (17-18 mai, 2025, Tab\u0103ra \u201dTor\u021ba Credin\u021bei\u201d, Horje\u0219ti) https:\/\/forms.gle\/ykjAE3Eq3UMbmcxB6 Manuale de studiu biblic pentru copii \u0219i adul\u021bi https:\/\/shop.eurasiaprecept.org \ud83d\udecdCupon special: moldovacrestina15 \u2014 15% reducere la toate\u2026","rel":"","context":"<span class=\"jp-relatedposts-post-author\">Moldova Cre\u0219tin\u0103<\/span>","block_context":{"text":"MCTV","link":"https:\/\/moldovacrestina.md\/mctv\/"},"img":{"alt_text":"","src":"https:\/\/i0.wp.com\/cdn.moldovacrestina.md\/2025\/04\/fb3dc256-vd-uksnqfq4.jpg?resize=350%2C200&ssl=1","width":350,"height":200,"srcset":"https:\/\/i0.wp.com\/cdn.moldovacrestina.md\/2025\/04\/fb3dc256-vd-uksnqfq4.jpg?resize=350%2C200&ssl=1 1x, https:\/\/i0.wp.com\/cdn.moldovacrestina.md\/2025\/04\/fb3dc256-vd-uksnqfq4.jpg?resize=525%2C300&ssl=1 1.5x, https:\/\/i0.wp.com\/cdn.moldovacrestina.md\/2025\/04\/fb3dc256-vd-uksnqfq4.jpg?resize=700%2C400&ssl=1 2x, https:\/\/i0.wp.com\/cdn.moldovacrestina.md\/2025\/04\/fb3dc256-vd-uksnqfq4.jpg?resize=1050%2C600&ssl=1 3x"},"classes":[]},{"id":365240,"url":"https:\/\/moldovacrestina.md\/nu-e-un-eveniment-mare-e-ceva-mai-simplu-oameni\/","url_meta":{"origin":80953,"position":4},"title":"Nu e un eveniment mare. E ceva mai simplu: oameni.","author":"Moldova Cre\u0219tin\u0103","date":"17 avril 2026","format":false,"excerpt":"La c\u00e2\u021biva kilometri de Chi\u0219in\u0103u, \u00een satul Bardar, o familie porne\u0219te \u00een fiecare weekend la drum pentru o misiune simpl\u0103, dar profund\u0103: oameni \u0219i copii. Vezi cum prinde via\u021b\u0103 Clubul copiilor din Bardar \u2014 un loc sigur unde cei mici \u00eenva\u021b\u0103 lec\u021bii pentru via\u021b\u0103, despre curaj, respect, prietenie \u0219i credin\u021b\u0103.\u2026","rel":"","context":"<span class=\"jp-relatedposts-post-author\">Moldova Cre\u0219tin\u0103<\/span>","block_context":{"text":"MCTV","link":"https:\/\/moldovacrestina.md\/mctv\/"},"img":{"alt_text":"","src":"https:\/\/i0.wp.com\/cdn.moldovacrestina.md\/2026\/04\/9986b949-g-_9romql9k.jpg?resize=350%2C200&ssl=1","width":350,"height":200,"srcset":"https:\/\/i0.wp.com\/cdn.moldovacrestina.md\/2026\/04\/9986b949-g-_9romql9k.jpg?resize=350%2C200&ssl=1 1x, https:\/\/i0.wp.com\/cdn.moldovacrestina.md\/2026\/04\/9986b949-g-_9romql9k.jpg?resize=525%2C300&ssl=1 1.5x, https:\/\/i0.wp.com\/cdn.moldovacrestina.md\/2026\/04\/9986b949-g-_9romql9k.jpg?resize=700%2C400&ssl=1 2x, https:\/\/i0.wp.com\/cdn.moldovacrestina.md\/2026\/04\/9986b949-g-_9romql9k.jpg?resize=1050%2C600&ssl=1 3x"},"classes":[]}],"jetpack_sharing_enabled":true,"_links":{"self":[{"href":"https:\/\/moldovacrestina.md\/fr\/wp-json\/wp\/v2\/posts\/80953","targetHints":{"allow":["GET"]}}],"collection":[{"href":"https:\/\/moldovacrestina.md\/fr\/wp-json\/wp\/v2\/posts"}],"about":[{"href":"https:\/\/moldovacrestina.md\/fr\/wp-json\/wp\/v2\/types\/post"}],"author":[{"embeddable":true,"href":"https:\/\/moldovacrestina.md\/fr\/wp-json\/wp\/v2\/users\/46"}],"replies":[{"embeddable":true,"href":"https:\/\/moldovacrestina.md\/fr\/wp-json\/wp\/v2\/comments?post=80953"}],"version-history":[{"count":0,"href":"https:\/\/moldovacrestina.md\/fr\/wp-json\/wp\/v2\/posts\/80953\/revisions"}],"wp:attachment":[{"href":"https:\/\/moldovacrestina.md\/fr\/wp-json\/wp\/v2\/media?parent=80953"}],"wp:term":[{"taxonomy":"category","embeddable":true,"href":"https:\/\/moldovacrestina.md\/fr\/wp-json\/wp\/v2\/categories?post=80953"},{"taxonomy":"post_tag","embeddable":true,"href":"https:\/\/moldovacrestina.md\/fr\/wp-json\/wp\/v2\/tags?post=80953"}],"curies":[{"name":"wp","href":"https:\/\/api.w.org\/{rel}","templated":true}]}}