{"id":80877,"date":"2011-05-02T13:15:02","date_gmt":"2011-05-02T11:15:02","guid":{"rendered":"https:\/\/moldovacrestina.md\/la-session-%e2%80%9cl%e2%80%99histoire-du-peuple-israel%e2%80%9d-13-22-juillet-2011"},"modified":"2011-05-02T13:15:02","modified_gmt":"2011-05-02T11:15:02","slug":"la-session-l-histoire-du-peuple-israel-13-22-juillet-2011","status":"publish","type":"post","link":"https:\/\/moldovacrestina.md\/fr\/la-session-l-histoire-du-peuple-israel-13-22-juillet-2011\/","title":{"rendered":"La Session \u201cL\u2019histoire du peuple Isra\u00ebl\u201d (13-22 juillet 2011)"},"content":{"rendered":"<p style=\"text-align: justify\">\n<p>Par cette annonce je viens de communiquer aux \u00e9tudiants de l\u2019Institut des Etudes Bibliques du Moldova que dans la p\u00e9riode 13-22 juillet aura lieu la session \u201cL\u2019histoire du peuple Isra\u00ebl\u201d que nous passons habituellement pendent le camp. Nu ne sommes pas d\u00e9termin\u00e9 en ce qui concerne le local, mai je reviendrai avec de d\u00e9tails. Si vous connaissez des camps disponibles de nous offrir l\u2019espace n\u00e9cessaire et h\u00e9bergement pour cette p\u00e9riode, je vous en prie de nous annoncer.<\/p><\/p>\n","protected":false},"excerpt":{"rendered":"<p>Par cette annonce je viens de communiquer aux \u00e9tudiants de l\u2019Institut des Etudes Bibliques du Moldova que dans la p\u00e9riode 13-22 juillet aura lieu la session \u201cL\u2019histoire du peuple Isra\u00ebl\u201d que nous passons habituellement pendent le camp. Nu ne sommes pas d\u00e9termin\u00e9 en ce qui concerne le local, mai je reviendrai avec de d\u00e9tails. Si [&hellip;]<\/p>\n","protected":false},"author":46,"featured_media":0,"comment_status":"closed","ping_status":"closed","sticky":false,"template":"","format":"standard","meta":{"_acf_changed":false,"inline_featured_image":false,"_monsterinsights_skip_tracking":false,"_monsterinsights_sitenote_active":false,"_monsterinsights_sitenote_note":"","_monsterinsights_sitenote_category":0,"_genesis_hide_title":false,"_genesis_hide_breadcrumbs":false,"_genesis_hide_singular_image":false,"_genesis_hide_footer_widgets":false,"_genesis_custom_body_class":"","_genesis_custom_post_class":"","_genesis_layout":"","ep_exclude_from_search":false,"_jetpack_memberships_contains_paid_content":false,"footnotes":""},"categories":[138],"tags":[8845,10619,19323,329,9056,10723,19325,622,9182,10757,19596,1101,9268,11149,19712,2524,9504,12190,19793,3107,9558,12212,24646,4151,9648,12251,4842,9668,12765,7353,9683,14267,7797,9726,14649,7934,9847,14723,8074,9922,15693,8304,10083,15704,8482,10248,17253,8548,10372,18950,8834,10427,19275],"class_list":{"0":"post-80877","1":"post","2":"type-post","3":"status-publish","4":"format-standard","6":"category-societe","7":"tag-p","8":"tag-le","9":"tag-communiquer","10":"tag-da","11":"tag-rai","12":"tag-b","13":"tag-etudiants","14":"tag-oi","15":"tag-t","16":"tag-un","17":"tag-si","18":"tag-co","19":"tag-pl","20":"tag-dans","21":"tag-lie","22":"tag-mo","23":"tag-mol","24":"tag-sion","25":"tag-son","26":"tag-3107","27":"tag-institu","28":"tag-ura","29":"tag-tit","30":"tag-st","31":"tag-ion","32":"tag-cer","33":"tag-ins","34":"tag-ta","35":"tag-periode","36":"tag-aur","37":"tag-do","38":"tag-mai","39":"tag-men","40":"tag-j","41":"tag-ou","42":"tag-moldova","43":"tag-r","44":"tag-ue","45":"tag-camp","46":"tag-o","47":"tag-institut","48":"tag-camps","49":"tag-ca","50":"tag-la","51":"tag-om","52":"tag-po","53":"tag-nou","54":"tag-pace","55":"tag-pr","56":"tag-i","57":"tag-te","58":"tag-l","59":"tag-session","60":"entry"},"acf":[],"yoast_head":"<!-- This site is optimized with the Yoast SEO Premium plugin v26.5 (Yoast SEO v27.4) - https:\/\/yoast.com\/product\/yoast-seo-premium-wordpress\/ -->\n<title>La Session \u201cL\u2019histoire du peuple Isra\u00ebl\u201d (13-22 juillet 2011)<\/title>\n<meta name=\"description\" content=\"Par cette annonce je viens de communiquer aux &eacute;tudiants de l&rsquo;Institut des Etudes Bibliques du Moldova que dans la p&eacute;riode 13-22 juillet aura lieu la session\" \/>\n<meta name=\"robots\" content=\"index, follow, max-snippet:-1, max-image-preview:large, max-video-preview:-1\" \/>\n<link rel=\"canonical\" href=\"https:\/\/moldovacrestina.md\/fr\/la-session-l-histoire-du-peuple-israel-13-22-juillet-2011\/\" \/>\n<meta property=\"og:locale\" content=\"fr_FR\" \/>\n<meta property=\"og:type\" content=\"article\" \/>\n<meta property=\"og:title\" content=\"La Session \u201cL\u2019histoire du peuple Isra\u00ebl\u201d (13-22 juillet 2011)\" \/>\n<meta property=\"og:description\" content=\"Par cette annonce je viens de communiquer aux &eacute;tudiants de l&rsquo;Institut des Etudes Bibliques du Moldova que dans la p&eacute;riode 13-22 juillet aura lieu la session\" \/>\n<meta property=\"og:url\" content=\"https:\/\/moldovacrestina.md\/fr\/la-session-l-histoire-du-peuple-israel-13-22-juillet-2011\/\" \/>\n<meta property=\"og:site_name\" content=\"Moldova Cre\u0219tin\u0103\" \/>\n<meta property=\"article:publisher\" content=\"https:\/\/www.facebook.com\/moldovacrestina\/\" \/>\n<meta property=\"article:published_time\" content=\"2011-05-02T11:15:02+00:00\" \/>\n<meta name=\"author\" content=\"Vasile Filat\" \/>\n<meta name=\"twitter:card\" content=\"summary_large_image\" \/>\n<meta name=\"twitter:creator\" content=\"@moldovacrestina\" \/>\n<meta name=\"twitter:site\" content=\"@moldovacrestina\" \/>\n<meta name=\"twitter:label1\" content=\"\u00c9crit par\" \/>\n\t<meta name=\"twitter:data1\" content=\"Vasile Filat\" \/>\n<script type=\"application\/ld+json\" class=\"yoast-schema-graph\">{\"@context\":\"https:\\\/\\\/schema.org\",\"@graph\":[{\"@type\":\"Article\",\"@id\":\"https:\\\/\\\/moldovacrestina.md\\\/fr\\\/la-session-l-histoire-du-peuple-israel-13-22-juillet-2011\\\/#article\",\"isPartOf\":{\"@id\":\"https:\\\/\\\/moldovacrestina.md\\\/fr\\\/la-session-l-histoire-du-peuple-israel-13-22-juillet-2011\\\/\"},\"author\":{\"name\":\"Vasile Filat\",\"@id\":\"https:\\\/\\\/moldovacrestina.md\\\/fr\\\/#\\\/schema\\\/person\\\/04b204bbb582cc832c3d2424f5d27dc0\"},\"headline\":\"La Session \u201cL\u2019histoire du peuple Isra\u00ebl\u201d (13-22 juillet 2011)\",\"datePublished\":\"2011-05-02T11:15:02+00:00\",\"mainEntityOfPage\":{\"@id\":\"https:\\\/\\\/moldovacrestina.md\\\/fr\\\/la-session-l-histoire-du-peuple-israel-13-22-juillet-2011\\\/\"},\"wordCount\":97,\"keywords\":[\"P\",\"le\",\"communiquer\",\"da\",\"rai\",\"b\",\"\u00e9tudiants\",\"oi\",\"t\",\"un\",\"si\",\"co\",\"PL\",\"dans\",\"lie\",\"mo\",\"mol\",\"Sion\",\"son\",\"13\",\"institu\",\"ura\",\"tit\",\"st\",\"ion\",\"cer\",\"ins\",\"ta\",\"p\u00e9riode\",\"aur\",\"Do\",\"MAI\",\"Men\",\"j\",\"ou\",\"moldova\",\"r\",\"UE\",\"Camp\",\"o\",\"institut\",\"Camps\",\"ca\",\"la\",\"om\",\"Po\",\"nou\",\"pace\",\"pr\",\"I\",\"Te\",\"l\",\"Session\"],\"articleSection\":[\"Soci\u00e9t\u00e9\"],\"inLanguage\":\"fr-FR\"},{\"@type\":\"WebPage\",\"@id\":\"https:\\\/\\\/moldovacrestina.md\\\/fr\\\/la-session-l-histoire-du-peuple-israel-13-22-juillet-2011\\\/\",\"url\":\"https:\\\/\\\/moldovacrestina.md\\\/fr\\\/la-session-l-histoire-du-peuple-israel-13-22-juillet-2011\\\/\",\"name\":\"La Session \u201cL\u2019histoire du peuple Isra\u00ebl\u201d (13-22 juillet 2011)\",\"isPartOf\":{\"@id\":\"https:\\\/\\\/moldovacrestina.md\\\/fr\\\/#website\"},\"datePublished\":\"2011-05-02T11:15:02+00:00\",\"author\":{\"@id\":\"https:\\\/\\\/moldovacrestina.md\\\/fr\\\/#\\\/schema\\\/person\\\/04b204bbb582cc832c3d2424f5d27dc0\"},\"description\":\"Par cette annonce je viens de communiquer aux &eacute;tudiants de l&rsquo;Institut des Etudes Bibliques du Moldova que dans la p&eacute;riode 13-22 juillet aura lieu la session\",\"breadcrumb\":{\"@id\":\"https:\\\/\\\/moldovacrestina.md\\\/fr\\\/la-session-l-histoire-du-peuple-israel-13-22-juillet-2011\\\/#breadcrumb\"},\"inLanguage\":\"fr-FR\",\"potentialAction\":[{\"@type\":\"ReadAction\",\"target\":[\"https:\\\/\\\/moldovacrestina.md\\\/fr\\\/la-session-l-histoire-du-peuple-israel-13-22-juillet-2011\\\/\"]}]},{\"@type\":\"BreadcrumbList\",\"@id\":\"https:\\\/\\\/moldovacrestina.md\\\/fr\\\/la-session-l-histoire-du-peuple-israel-13-22-juillet-2011\\\/#breadcrumb\",\"itemListElement\":[{\"@type\":\"ListItem\",\"position\":1,\"name\":\"Prima pagin\u0103\",\"item\":\"https:\\\/\\\/moldovacrestina.md\\\/fr\\\/\"},{\"@type\":\"ListItem\",\"position\":2,\"name\":\"Soci\u00e9t\u00e9\",\"item\":\"https:\\\/\\\/moldovacrestina.md\\\/fr\\\/\\\/societe\\\/\"},{\"@type\":\"ListItem\",\"position\":3,\"name\":\"La Session \u201cL\u2019histoire du peuple Isra\u00ebl\u201d (13-22 juillet 2011)\"}]},{\"@type\":\"WebSite\",\"@id\":\"https:\\\/\\\/moldovacrestina.md\\\/fr\\\/#website\",\"url\":\"https:\\\/\\\/moldovacrestina.md\\\/fr\\\/\",\"name\":\"Moldova Cre\u0219tin\u0103\",\"description\":\"R\u0103spunsuri relevante \u0219i actuale din Biblie\",\"potentialAction\":[{\"@type\":\"SearchAction\",\"target\":{\"@type\":\"EntryPoint\",\"urlTemplate\":\"https:\\\/\\\/moldovacrestina.md\\\/fr\\\/?s={search_term_string}\"},\"query-input\":{\"@type\":\"PropertyValueSpecification\",\"valueRequired\":true,\"valueName\":\"search_term_string\"}}],\"inLanguage\":\"fr-FR\"},{\"@type\":\"Person\",\"@id\":\"https:\\\/\\\/moldovacrestina.md\\\/fr\\\/#\\\/schema\\\/person\\\/04b204bbb582cc832c3d2424f5d27dc0\",\"name\":\"Vasile Filat\",\"image\":{\"@type\":\"ImageObject\",\"inLanguage\":\"fr-FR\",\"@id\":\"https:\\\/\\\/secure.gravatar.com\\\/avatar\\\/2e02d082d139dd6eb634318c9cf2c3a8281db62f24f87a134adb4f2020e77ab3?s=96&d=mm&r=g\",\"url\":\"https:\\\/\\\/secure.gravatar.com\\\/avatar\\\/2e02d082d139dd6eb634318c9cf2c3a8281db62f24f87a134adb4f2020e77ab3?s=96&d=mm&r=g\",\"contentUrl\":\"https:\\\/\\\/secure.gravatar.com\\\/avatar\\\/2e02d082d139dd6eb634318c9cf2c3a8281db62f24f87a134adb4f2020e77ab3?s=96&d=mm&r=g\",\"caption\":\"Vasile Filat\"},\"description\":\"P\u0103storesc\u00a0Biserica Bunavestire din Chi\u0219in\u0103u, predau Cuv\u00e2ntul lui Dumnezeu la\u00a0Institutul de Studiu Biblic Inductiv din Eurasia\u00a0\u0219i conduc\u00a0Asocia\u021bia \\\"\u00cenv\u0103\u021b\u0103tur\u0103 din Cuv\u00e2nt - Precept Ministries\\\" din Moldova. \u00cempreun\u0103 cu so\u021bia mea\u00a0Anastasia, avem trei copii. Din Aprilie 2007 am oferit r\u0103spunsuri din Biblie pe acest site la \u00eentreb\u0103ri adresate de cititori. Mai mult despre mine citi\u021bi\u00a0aici.\",\"url\":\"https:\\\/\\\/moldovacrestina.md\\\/fr\\\/author\\\/vasile-filat\\\/\"}]}<\/script>\n<!-- \/ Yoast SEO Premium plugin. -->","yoast_head_json":{"title":"La Session \u201cL\u2019histoire du peuple Isra\u00ebl\u201d (13-22 juillet 2011)","description":"Par cette annonce je viens de communiquer aux &eacute;tudiants de l&rsquo;Institut des Etudes Bibliques du Moldova que dans la p&eacute;riode 13-22 juillet aura lieu la session","robots":{"index":"index","follow":"follow","max-snippet":"max-snippet:-1","max-image-preview":"max-image-preview:large","max-video-preview":"max-video-preview:-1"},"canonical":"https:\/\/moldovacrestina.md\/fr\/la-session-l-histoire-du-peuple-israel-13-22-juillet-2011\/","og_locale":"fr_FR","og_type":"article","og_title":"La Session \u201cL\u2019histoire du peuple Isra\u00ebl\u201d (13-22 juillet 2011)","og_description":"Par cette annonce je viens de communiquer aux &eacute;tudiants de l&rsquo;Institut des Etudes Bibliques du Moldova que dans la p&eacute;riode 13-22 juillet aura lieu la session","og_url":"https:\/\/moldovacrestina.md\/fr\/la-session-l-histoire-du-peuple-israel-13-22-juillet-2011\/","og_site_name":"Moldova Cre\u0219tin\u0103","article_publisher":"https:\/\/www.facebook.com\/moldovacrestina\/","article_published_time":"2011-05-02T11:15:02+00:00","author":"Vasile Filat","twitter_card":"summary_large_image","twitter_creator":"@moldovacrestina","twitter_site":"@moldovacrestina","twitter_misc":{"\u00c9crit par":"Vasile Filat"},"schema":{"@context":"https:\/\/schema.org","@graph":[{"@type":"Article","@id":"https:\/\/moldovacrestina.md\/fr\/la-session-l-histoire-du-peuple-israel-13-22-juillet-2011\/#article","isPartOf":{"@id":"https:\/\/moldovacrestina.md\/fr\/la-session-l-histoire-du-peuple-israel-13-22-juillet-2011\/"},"author":{"name":"Vasile Filat","@id":"https:\/\/moldovacrestina.md\/fr\/#\/schema\/person\/04b204bbb582cc832c3d2424f5d27dc0"},"headline":"La Session \u201cL\u2019histoire du peuple Isra\u00ebl\u201d (13-22 juillet 2011)","datePublished":"2011-05-02T11:15:02+00:00","mainEntityOfPage":{"@id":"https:\/\/moldovacrestina.md\/fr\/la-session-l-histoire-du-peuple-israel-13-22-juillet-2011\/"},"wordCount":97,"keywords":["P","le","communiquer","da","rai","b","\u00e9tudiants","oi","t","un","si","co","PL","dans","lie","mo","mol","Sion","son","13","institu","ura","tit","st","ion","cer","ins","ta","p\u00e9riode","aur","Do","MAI","Men","j","ou","moldova","r","UE","Camp","o","institut","Camps","ca","la","om","Po","nou","pace","pr","I","Te","l","Session"],"articleSection":["Soci\u00e9t\u00e9"],"inLanguage":"fr-FR"},{"@type":"WebPage","@id":"https:\/\/moldovacrestina.md\/fr\/la-session-l-histoire-du-peuple-israel-13-22-juillet-2011\/","url":"https:\/\/moldovacrestina.md\/fr\/la-session-l-histoire-du-peuple-israel-13-22-juillet-2011\/","name":"La Session \u201cL\u2019histoire du peuple Isra\u00ebl\u201d (13-22 juillet 2011)","isPartOf":{"@id":"https:\/\/moldovacrestina.md\/fr\/#website"},"datePublished":"2011-05-02T11:15:02+00:00","author":{"@id":"https:\/\/moldovacrestina.md\/fr\/#\/schema\/person\/04b204bbb582cc832c3d2424f5d27dc0"},"description":"Par cette annonce je viens de communiquer aux &eacute;tudiants de l&rsquo;Institut des Etudes Bibliques du Moldova que dans la p&eacute;riode 13-22 juillet aura lieu la session","breadcrumb":{"@id":"https:\/\/moldovacrestina.md\/fr\/la-session-l-histoire-du-peuple-israel-13-22-juillet-2011\/#breadcrumb"},"inLanguage":"fr-FR","potentialAction":[{"@type":"ReadAction","target":["https:\/\/moldovacrestina.md\/fr\/la-session-l-histoire-du-peuple-israel-13-22-juillet-2011\/"]}]},{"@type":"BreadcrumbList","@id":"https:\/\/moldovacrestina.md\/fr\/la-session-l-histoire-du-peuple-israel-13-22-juillet-2011\/#breadcrumb","itemListElement":[{"@type":"ListItem","position":1,"name":"Prima pagin\u0103","item":"https:\/\/moldovacrestina.md\/fr\/"},{"@type":"ListItem","position":2,"name":"Soci\u00e9t\u00e9","item":"https:\/\/moldovacrestina.md\/fr\/\/societe\/"},{"@type":"ListItem","position":3,"name":"La Session \u201cL\u2019histoire du peuple Isra\u00ebl\u201d (13-22 juillet 2011)"}]},{"@type":"WebSite","@id":"https:\/\/moldovacrestina.md\/fr\/#website","url":"https:\/\/moldovacrestina.md\/fr\/","name":"Moldova Cre\u0219tin\u0103","description":"R\u0103spunsuri relevante \u0219i actuale din Biblie","potentialAction":[{"@type":"SearchAction","target":{"@type":"EntryPoint","urlTemplate":"https:\/\/moldovacrestina.md\/fr\/?s={search_term_string}"},"query-input":{"@type":"PropertyValueSpecification","valueRequired":true,"valueName":"search_term_string"}}],"inLanguage":"fr-FR"},{"@type":"Person","@id":"https:\/\/moldovacrestina.md\/fr\/#\/schema\/person\/04b204bbb582cc832c3d2424f5d27dc0","name":"Vasile Filat","image":{"@type":"ImageObject","inLanguage":"fr-FR","@id":"https:\/\/secure.gravatar.com\/avatar\/2e02d082d139dd6eb634318c9cf2c3a8281db62f24f87a134adb4f2020e77ab3?s=96&d=mm&r=g","url":"https:\/\/secure.gravatar.com\/avatar\/2e02d082d139dd6eb634318c9cf2c3a8281db62f24f87a134adb4f2020e77ab3?s=96&d=mm&r=g","contentUrl":"https:\/\/secure.gravatar.com\/avatar\/2e02d082d139dd6eb634318c9cf2c3a8281db62f24f87a134adb4f2020e77ab3?s=96&d=mm&r=g","caption":"Vasile Filat"},"description":"P\u0103storesc\u00a0Biserica Bunavestire din Chi\u0219in\u0103u, predau Cuv\u00e2ntul lui Dumnezeu la\u00a0Institutul de Studiu Biblic Inductiv din Eurasia\u00a0\u0219i conduc\u00a0Asocia\u021bia \"\u00cenv\u0103\u021b\u0103tur\u0103 din Cuv\u00e2nt - Precept Ministries\" din Moldova. \u00cempreun\u0103 cu so\u021bia mea\u00a0Anastasia, avem trei copii. Din Aprilie 2007 am oferit r\u0103spunsuri din Biblie pe acest site la \u00eentreb\u0103ri adresate de cititori. Mai mult despre mine citi\u021bi\u00a0aici.","url":"https:\/\/moldovacrestina.md\/fr\/author\/vasile-filat\/"}]}},"jetpack_featured_media_url":"","video_meta":false,"featured_image":false,"wpml":{"language_code":"fr","locale":"fr_FR","text_direction":false,"display_name":"Fran\u00e7ais","native_name":"Francez\u0103","different_language":false},"jetpack-related-posts":[{"id":365337,"url":"https:\/\/moldovacrestina.md\/cum-sa-te-bucuri-de-avere-fara-sa-cazi-in-lux-si-risipa-pastor-vasile-filat\/","url_meta":{"origin":80877,"position":0},"title":"Cum s\u0103 te bucuri de avere f\u0103r\u0103 s\u0103 cazi \u00een lux \u0219i risip\u0103? | Pastor Vasile Filat","author":"Moldova Cre\u0219tin\u0103","date":"29 avril 2026","format":false,"excerpt":"Biblia nu condamn\u0103 bog\u0103\u021bia, ci inima care se leag\u0103 de ea. \u00cen acest mesaj, Pastorul Vasile Filat explic\u0103 din Scriptur\u0103 cum \u00eei \u00eenva\u021b\u0103 Dumnezeu pe boga\u021bii veacului acestuia s\u0103 fie genero\u0219i, s\u0103 fac\u0103 bine \u0219i, \u00een acela\u0219i timp, s\u0103 se bucure de ceea ce El le-a dat \u2014 f\u0103r\u0103 a\u2026","rel":"","context":"<span class=\"jp-relatedposts-post-author\">Moldova Cre\u0219tin\u0103<\/span>","block_context":{"text":"MCTV","link":"https:\/\/moldovacrestina.md\/mctv\/"},"img":{"alt_text":"","src":"https:\/\/i0.wp.com\/cdn.moldovacrestina.md\/2026\/04\/75dfc91a-305_ass0atm.jpg?resize=350%2C200&ssl=1","width":350,"height":200,"srcset":"https:\/\/i0.wp.com\/cdn.moldovacrestina.md\/2026\/04\/75dfc91a-305_ass0atm.jpg?resize=350%2C200&ssl=1 1x, https:\/\/i0.wp.com\/cdn.moldovacrestina.md\/2026\/04\/75dfc91a-305_ass0atm.jpg?resize=525%2C300&ssl=1 1.5x, https:\/\/i0.wp.com\/cdn.moldovacrestina.md\/2026\/04\/75dfc91a-305_ass0atm.jpg?resize=700%2C400&ssl=1 2x, https:\/\/i0.wp.com\/cdn.moldovacrestina.md\/2026\/04\/75dfc91a-305_ass0atm.jpg?resize=1050%2C600&ssl=1 3x"},"classes":[]},{"id":365331,"url":"https:\/\/moldovacrestina.md\/lotul-moldovei-top-7-la-europenele-itf-taekwondo-3-medalii-de-aur-si-o-cupa-speciala\/","url_meta":{"origin":80877,"position":1},"title":"Lotul Moldovei, TOP 7 la Europenele ITF Taekwondo: 3 medalii de aur \u0219i o cup\u0103 special\u0103","author":"Moldova Cre\u0219tin\u0103","date":"28 avril 2026","format":false,"excerpt":"Moldova s-a clasat pe locul 7 din 31 de \u021b\u0103ri la Campionatul European de Taekwondo ITF. Lotul a c\u00e2\u0219tigat 3 medalii de aur \u0219i multiple medalii la probe individuale \u0219i pe echipe, iar Filip Petrachii a primit trofeul pentru cel mai bun senior masculin. \ud83d\udcd6 Ai nevoie de \u00eendrumare spiritual\u0103\u2026","rel":"","context":"<span class=\"jp-relatedposts-post-author\">Moldova Cre\u0219tin\u0103<\/span>","block_context":{"text":"MCTV","link":"https:\/\/moldovacrestina.md\/mctv\/"},"img":{"alt_text":"","src":"https:\/\/i0.wp.com\/cdn.moldovacrestina.md\/2026\/04\/ffb0c2a7-uu19uatk5q0.jpg?resize=350%2C200&ssl=1","width":350,"height":200,"srcset":"https:\/\/i0.wp.com\/cdn.moldovacrestina.md\/2026\/04\/ffb0c2a7-uu19uatk5q0.jpg?resize=350%2C200&ssl=1 1x, https:\/\/i0.wp.com\/cdn.moldovacrestina.md\/2026\/04\/ffb0c2a7-uu19uatk5q0.jpg?resize=525%2C300&ssl=1 1.5x, https:\/\/i0.wp.com\/cdn.moldovacrestina.md\/2026\/04\/ffb0c2a7-uu19uatk5q0.jpg?resize=700%2C400&ssl=1 2x, https:\/\/i0.wp.com\/cdn.moldovacrestina.md\/2026\/04\/ffb0c2a7-uu19uatk5q0.jpg?resize=1050%2C600&ssl=1 3x"},"classes":[]},{"id":365343,"url":"https:\/\/moldovacrestina.md\/esti-sufocat-la-locul-de-munca-nu-pleca-pana-nu-faci-aceasta-pastor-vasile-filat\/","url_meta":{"origin":80877,"position":2},"title":"E\u0219ti sufocat la locul de munc\u0103? Nu pleca p\u00e2n\u0103 nu faci aceasta | Pastor Vasile Filat","author":"Moldova Cre\u0219tin\u0103","date":"30 avril 2026","format":false,"excerpt":"Te sim\u021bi sufocat(\u0103) la locul de munc\u0103, e\u0219ti ap\u0103sat(\u0103) de manager \u0219i tr\u0103ie\u0219ti cu frica de \u201ece vor zice oamenii\u201d dac\u0103 demisionezi? \u00cen acest video vorbim despre cum s\u0103 iei o decizie \u00een\u021beleapt\u0103 c\u00e2nd lucrezi \u00eentr-un business de familie, cum s\u0103 pui limite clare f\u0103r\u0103 vinov\u0103\u021bie \u0219i cum s\u0103 cau\u021bi\u2026","rel":"","context":"<span class=\"jp-relatedposts-post-author\">Moldova Cre\u0219tin\u0103<\/span>","block_context":{"text":"MCTV","link":"https:\/\/moldovacrestina.md\/mctv\/"},"img":{"alt_text":"","src":"https:\/\/i0.wp.com\/cdn.moldovacrestina.md\/2026\/04\/cf31591f-fmzy1i2ztmq.jpg?resize=350%2C200&ssl=1","width":350,"height":200,"srcset":"https:\/\/i0.wp.com\/cdn.moldovacrestina.md\/2026\/04\/cf31591f-fmzy1i2ztmq.jpg?resize=350%2C200&ssl=1 1x, https:\/\/i0.wp.com\/cdn.moldovacrestina.md\/2026\/04\/cf31591f-fmzy1i2ztmq.jpg?resize=525%2C300&ssl=1 1.5x, https:\/\/i0.wp.com\/cdn.moldovacrestina.md\/2026\/04\/cf31591f-fmzy1i2ztmq.jpg?resize=700%2C400&ssl=1 2x, https:\/\/i0.wp.com\/cdn.moldovacrestina.md\/2026\/04\/cf31591f-fmzy1i2ztmq.jpg?resize=1050%2C600&ssl=1 3x"},"classes":[]},{"id":362355,"url":"https:\/\/moldovacrestina.md\/andrian-lascu-copilarie-rebela-credinta-in-dumnezeu-sansa-de-a-fi-parinte-campion-la-futsal\/","url_meta":{"origin":80877,"position":3},"title":"Andrian La\u0219cu: Copil\u0103rie rebel\u0103, credin\u021ba \u00een Dumnezeu, \u0219ansa de a fi p\u0103rinte, campion la futsal.","author":"Moldova Cre\u0219tin\u0103","date":"16 mars 2025","format":false,"excerpt":"Andrian La\u0219cu de\u021bine dou\u0103 titluri de campion al Rom\u00e2niei \u0219i a fost ales \u00een dou\u0103 r\u00e2nduri cel mai bun juc\u0103tor de futsal al anului \u00een Republica Moldova. Conform Federa\u021biei Moldovene\u0219ti de Fotbal el se num\u0103r\u0103 printre cei mai valoro\u0219i juc\u0103tori din Liga 1 rom\u00e2neasc\u0103 de fotbal de sal\u0103. Afla\u021bi din\u2026","rel":"","context":"<span class=\"jp-relatedposts-post-author\">Moldova Cre\u0219tin\u0103<\/span>","block_context":{"text":"MCTV","link":"https:\/\/moldovacrestina.md\/mctv\/"},"img":{"alt_text":"","src":"https:\/\/i0.wp.com\/cdn.moldovacrestina.md\/2025\/03\/a1a5e5b7-vb0e2k6ablc.jpg?resize=350%2C200&ssl=1","width":350,"height":200,"srcset":"https:\/\/i0.wp.com\/cdn.moldovacrestina.md\/2025\/03\/a1a5e5b7-vb0e2k6ablc.jpg?resize=350%2C200&ssl=1 1x, https:\/\/i0.wp.com\/cdn.moldovacrestina.md\/2025\/03\/a1a5e5b7-vb0e2k6ablc.jpg?resize=525%2C300&ssl=1 1.5x, https:\/\/i0.wp.com\/cdn.moldovacrestina.md\/2025\/03\/a1a5e5b7-vb0e2k6ablc.jpg?resize=700%2C400&ssl=1 2x, https:\/\/i0.wp.com\/cdn.moldovacrestina.md\/2025\/03\/a1a5e5b7-vb0e2k6ablc.jpg?resize=1050%2C600&ssl=1 3x"},"classes":[]},{"id":365240,"url":"https:\/\/moldovacrestina.md\/nu-e-un-eveniment-mare-e-ceva-mai-simplu-oameni\/","url_meta":{"origin":80877,"position":4},"title":"Nu e un eveniment mare. E ceva mai simplu: oameni.","author":"Moldova Cre\u0219tin\u0103","date":"17 avril 2026","format":false,"excerpt":"La c\u00e2\u021biva kilometri de Chi\u0219in\u0103u, \u00een satul Bardar, o familie porne\u0219te \u00een fiecare weekend la drum pentru o misiune simpl\u0103, dar profund\u0103: oameni \u0219i copii. Vezi cum prinde via\u021b\u0103 Clubul copiilor din Bardar \u2014 un loc sigur unde cei mici \u00eenva\u021b\u0103 lec\u021bii pentru via\u021b\u0103, despre curaj, respect, prietenie \u0219i credin\u021b\u0103.\u2026","rel":"","context":"<span class=\"jp-relatedposts-post-author\">Moldova Cre\u0219tin\u0103<\/span>","block_context":{"text":"MCTV","link":"https:\/\/moldovacrestina.md\/mctv\/"},"img":{"alt_text":"","src":"https:\/\/i0.wp.com\/cdn.moldovacrestina.md\/2026\/04\/9986b949-g-_9romql9k.jpg?resize=350%2C200&ssl=1","width":350,"height":200,"srcset":"https:\/\/i0.wp.com\/cdn.moldovacrestina.md\/2026\/04\/9986b949-g-_9romql9k.jpg?resize=350%2C200&ssl=1 1x, https:\/\/i0.wp.com\/cdn.moldovacrestina.md\/2026\/04\/9986b949-g-_9romql9k.jpg?resize=525%2C300&ssl=1 1.5x, https:\/\/i0.wp.com\/cdn.moldovacrestina.md\/2026\/04\/9986b949-g-_9romql9k.jpg?resize=700%2C400&ssl=1 2x, https:\/\/i0.wp.com\/cdn.moldovacrestina.md\/2026\/04\/9986b949-g-_9romql9k.jpg?resize=1050%2C600&ssl=1 3x"},"classes":[]}],"jetpack_sharing_enabled":true,"_links":{"self":[{"href":"https:\/\/moldovacrestina.md\/fr\/wp-json\/wp\/v2\/posts\/80877","targetHints":{"allow":["GET"]}}],"collection":[{"href":"https:\/\/moldovacrestina.md\/fr\/wp-json\/wp\/v2\/posts"}],"about":[{"href":"https:\/\/moldovacrestina.md\/fr\/wp-json\/wp\/v2\/types\/post"}],"author":[{"embeddable":true,"href":"https:\/\/moldovacrestina.md\/fr\/wp-json\/wp\/v2\/users\/46"}],"replies":[{"embeddable":true,"href":"https:\/\/moldovacrestina.md\/fr\/wp-json\/wp\/v2\/comments?post=80877"}],"version-history":[{"count":0,"href":"https:\/\/moldovacrestina.md\/fr\/wp-json\/wp\/v2\/posts\/80877\/revisions"}],"wp:attachment":[{"href":"https:\/\/moldovacrestina.md\/fr\/wp-json\/wp\/v2\/media?parent=80877"}],"wp:term":[{"taxonomy":"category","embeddable":true,"href":"https:\/\/moldovacrestina.md\/fr\/wp-json\/wp\/v2\/categories?post=80877"},{"taxonomy":"post_tag","embeddable":true,"href":"https:\/\/moldovacrestina.md\/fr\/wp-json\/wp\/v2\/tags?post=80877"}],"curies":[{"name":"wp","href":"https:\/\/api.w.org\/{rel}","templated":true}]}}