{"id":80678,"date":"2010-12-21T18:43:26","date_gmt":"2010-12-21T16:43:26","guid":{"rendered":"https:\/\/moldovacrestina.md\/persecutarea-predicatiror-de-catre-homosexuali-in-anglia"},"modified":"2010-12-21T18:43:26","modified_gmt":"2010-12-21T16:43:26","slug":"persecutarea-predicatiror-de-catre-homosexuali-in-anglia","status":"publish","type":"post","link":"https:\/\/moldovacrestina.md\/fr\/persecutarea-predicatiror-de-catre-homosexuali-in-anglia\/","title":{"rendered":"Sur la violation du droit de l\u2019auteur (copyright)"},"content":{"rendered":"<p style=\"text-align: justify\">\n<p>Question :<\/p>\n<blockquote class=\"td_quote_box td_box_center\">\n<p>Je sais que la Bible nous commande de respecter les lois \u00e9tablies par l\u2019\u00e9tat (Romains 13 :1-2) et la seule exception est lorsque l\u2019\u00e9tat nous demande de faire quelque chose \u00e0 l\u2019encontre des commandements de Dieu (Actes 5 :29). Ainsi, j\u2019ai conclu que c\u2019est un p\u00e9ch\u00e9 de violer le droit de l\u2019auteur, ph\u00e9nom\u00e8ne tr\u00e8s r\u00e9pandu de nos jours dans notre pays et pas seulement dans le notre. Ma question est la suivante : si, en ce qui concerne le t\u00e9l\u00e9chargement de copie de mat\u00e9riel sans avoir ce droit c\u2019est clairement une transgression de la loi, qu\u2019est-ce qu\u2019on peut dire sur la lecture ou le regard de certains mat\u00e9riaux sur diff\u00e9rents cites (par exemple You Tube) o\u00f9 nous ne pouvons pas \u00eatre s\u00fbres que la personne qui a post\u00e9 le mat\u00e9riel respectif a le droit de le faire, est-ce que par l\u00e0 nous violons la loi ?<\/p>\n<\/blockquote>\n<p>\u00c0 mon avis, la responsabilit\u00e9 pour le placement des mat\u00e9riaux incombe aux personnes qui les placent et, si je ne me trompe pas, m\u00eame dans le r\u00e8glement des cites comme You Tube, Viddler, Vimeo, etc. il est \u00e9crit que le cite ne porte pas la responsabilit\u00e9 envers la l\u00e9galit\u00e9 des mat\u00e9riaux plac\u00e9s, mais toute la responsabilit\u00e9 est assum\u00e9e par ceux qui placent (upload) les mat\u00e9riaux. Quel est l\u2019avis des juristes qui visitent notre cite ? Qu\u2019est-ce que la loi dit en ce sens ?<\/p>\n<p><em>L\u2019article a \u00e9t\u00e9 traduit par Batin Irina.<\/em><\/p><\/p>\n","protected":false},"excerpt":{"rendered":"<p>Question : Je sais que la Bible nous commande de respecter les lois \u00e9tablies par l\u2019\u00e9tat (Romains 13 :1-2) et la seule exception est lorsque l\u2019\u00e9tat nous demande de faire quelque chose \u00e0 l\u2019encontre des commandements de Dieu (Actes 5 :29). Ainsi, j\u2019ai conclu que c\u2019est un p\u00e9ch\u00e9 de violer le droit de l\u2019auteur, ph\u00e9nom\u00e8ne [&hellip;]<\/p>\n","protected":false},"author":46,"featured_media":0,"comment_status":"closed","ping_status":"closed","sticky":false,"template":"","format":"standard","meta":{"_acf_changed":false,"inline_featured_image":false,"_monsterinsights_skip_tracking":false,"_monsterinsights_sitenote_active":false,"_monsterinsights_sitenote_note":"","_monsterinsights_sitenote_category":0,"_genesis_hide_title":false,"_genesis_hide_breadcrumbs":false,"_genesis_hide_singular_image":false,"_genesis_hide_footer_widgets":false,"_genesis_custom_body_class":"","_genesis_custom_post_class":"","_genesis_layout":"","ep_exclude_from_search":false,"_jetpack_memberships_contains_paid_content":false,"footnotes":""},"categories":[138],"tags":[11196,19315],"class_list":{"0":"post-80678","1":"post","2":"type-post","3":"status-publish","4":"format-standard","6":"category-societe","7":"tag-copyright","8":"tag-etat","9":"entry"},"acf":[],"yoast_head":"<!-- This site is optimized with the Yoast SEO Premium plugin v26.5 (Yoast SEO v27.4) - https:\/\/yoast.com\/product\/yoast-seo-premium-wordpress\/ -->\n<title>Sur la violation du droit de l\u2019auteur (copyright)<\/title>\n<meta name=\"description\" content=\"Quelques apects sur le droit d&#039;auteur et un d\u00e9mande d&#039;aide aux juristes d&#039;\u00e9crire sur ce th\u00e8me.\" \/>\n<meta name=\"robots\" content=\"index, follow, max-snippet:-1, max-image-preview:large, max-video-preview:-1\" \/>\n<link rel=\"canonical\" href=\"https:\/\/moldovacrestina.md\/fr\/persecutarea-predicatiror-de-catre-homosexuali-in-anglia\/\" \/>\n<meta property=\"og:locale\" content=\"fr_FR\" \/>\n<meta property=\"og:type\" content=\"article\" \/>\n<meta property=\"og:title\" content=\"Sur la violation du droit de l\u2019auteur (copyright)\" \/>\n<meta property=\"og:description\" content=\"Quelques apects sur le droit d&#039;auteur et un d\u00e9mande d&#039;aide aux juristes d&#039;\u00e9crire sur ce th\u00e8me.\" \/>\n<meta property=\"og:url\" content=\"https:\/\/moldovacrestina.md\/fr\/persecutarea-predicatiror-de-catre-homosexuali-in-anglia\/\" \/>\n<meta property=\"og:site_name\" content=\"Moldova Cre\u0219tin\u0103\" \/>\n<meta property=\"article:publisher\" content=\"https:\/\/www.facebook.com\/moldovacrestina\/\" \/>\n<meta property=\"article:published_time\" content=\"2010-12-21T16:43:26+00:00\" \/>\n<meta name=\"author\" content=\"Vasile Filat\" \/>\n<meta name=\"twitter:card\" content=\"summary_large_image\" \/>\n<meta name=\"twitter:creator\" content=\"@moldovacrestina\" \/>\n<meta name=\"twitter:site\" content=\"@moldovacrestina\" \/>\n<meta name=\"twitter:label1\" content=\"\u00c9crit par\" \/>\n\t<meta name=\"twitter:data1\" content=\"Vasile Filat\" \/>\n\t<meta name=\"twitter:label2\" content=\"Dur\u00e9e de lecture estim\u00e9e\" \/>\n\t<meta name=\"twitter:data2\" content=\"1 minute\" \/>\n<script type=\"application\/ld+json\" class=\"yoast-schema-graph\">{\"@context\":\"https:\\\/\\\/schema.org\",\"@graph\":[{\"@type\":\"Article\",\"@id\":\"https:\\\/\\\/moldovacrestina.md\\\/fr\\\/persecutarea-predicatiror-de-catre-homosexuali-in-anglia\\\/#article\",\"isPartOf\":{\"@id\":\"https:\\\/\\\/moldovacrestina.md\\\/fr\\\/persecutarea-predicatiror-de-catre-homosexuali-in-anglia\\\/\"},\"author\":{\"name\":\"Vasile Filat\",\"@id\":\"https:\\\/\\\/moldovacrestina.md\\\/fr\\\/#\\\/schema\\\/person\\\/04b204bbb582cc832c3d2424f5d27dc0\"},\"headline\":\"Sur la violation du droit de l\u2019auteur (copyright)\",\"datePublished\":\"2010-12-21T16:43:26+00:00\",\"mainEntityOfPage\":{\"@id\":\"https:\\\/\\\/moldovacrestina.md\\\/fr\\\/persecutarea-predicatiror-de-catre-homosexuali-in-anglia\\\/\"},\"wordCount\":270,\"keywords\":[\"copyright\",\"\u00e9tat\"],\"articleSection\":[\"Soci\u00e9t\u00e9\"],\"inLanguage\":\"fr-FR\"},{\"@type\":\"WebPage\",\"@id\":\"https:\\\/\\\/moldovacrestina.md\\\/fr\\\/persecutarea-predicatiror-de-catre-homosexuali-in-anglia\\\/\",\"url\":\"https:\\\/\\\/moldovacrestina.md\\\/fr\\\/persecutarea-predicatiror-de-catre-homosexuali-in-anglia\\\/\",\"name\":\"Sur la violation du droit de l\u2019auteur (copyright)\",\"isPartOf\":{\"@id\":\"https:\\\/\\\/moldovacrestina.md\\\/fr\\\/#website\"},\"datePublished\":\"2010-12-21T16:43:26+00:00\",\"author\":{\"@id\":\"https:\\\/\\\/moldovacrestina.md\\\/fr\\\/#\\\/schema\\\/person\\\/04b204bbb582cc832c3d2424f5d27dc0\"},\"description\":\"Quelques apects sur le droit d'auteur et un d\u00e9mande d'aide aux juristes d'\u00e9crire sur ce th\u00e8me.\",\"breadcrumb\":{\"@id\":\"https:\\\/\\\/moldovacrestina.md\\\/fr\\\/persecutarea-predicatiror-de-catre-homosexuali-in-anglia\\\/#breadcrumb\"},\"inLanguage\":\"fr-FR\",\"potentialAction\":[{\"@type\":\"ReadAction\",\"target\":[\"https:\\\/\\\/moldovacrestina.md\\\/fr\\\/persecutarea-predicatiror-de-catre-homosexuali-in-anglia\\\/\"]}]},{\"@type\":\"BreadcrumbList\",\"@id\":\"https:\\\/\\\/moldovacrestina.md\\\/fr\\\/persecutarea-predicatiror-de-catre-homosexuali-in-anglia\\\/#breadcrumb\",\"itemListElement\":[{\"@type\":\"ListItem\",\"position\":1,\"name\":\"Prima pagin\u0103\",\"item\":\"https:\\\/\\\/moldovacrestina.md\\\/fr\\\/\"},{\"@type\":\"ListItem\",\"position\":2,\"name\":\"Soci\u00e9t\u00e9\",\"item\":\"https:\\\/\\\/moldovacrestina.md\\\/fr\\\/\\\/societe\\\/\"},{\"@type\":\"ListItem\",\"position\":3,\"name\":\"Sur la violation du droit de l\u2019auteur (copyright)\"}]},{\"@type\":\"WebSite\",\"@id\":\"https:\\\/\\\/moldovacrestina.md\\\/fr\\\/#website\",\"url\":\"https:\\\/\\\/moldovacrestina.md\\\/fr\\\/\",\"name\":\"Moldova Cre\u0219tin\u0103\",\"description\":\"R\u0103spunsuri relevante \u0219i actuale din Biblie\",\"potentialAction\":[{\"@type\":\"SearchAction\",\"target\":{\"@type\":\"EntryPoint\",\"urlTemplate\":\"https:\\\/\\\/moldovacrestina.md\\\/fr\\\/?s={search_term_string}\"},\"query-input\":{\"@type\":\"PropertyValueSpecification\",\"valueRequired\":true,\"valueName\":\"search_term_string\"}}],\"inLanguage\":\"fr-FR\"},{\"@type\":\"Person\",\"@id\":\"https:\\\/\\\/moldovacrestina.md\\\/fr\\\/#\\\/schema\\\/person\\\/04b204bbb582cc832c3d2424f5d27dc0\",\"name\":\"Vasile Filat\",\"image\":{\"@type\":\"ImageObject\",\"inLanguage\":\"fr-FR\",\"@id\":\"https:\\\/\\\/secure.gravatar.com\\\/avatar\\\/2e02d082d139dd6eb634318c9cf2c3a8281db62f24f87a134adb4f2020e77ab3?s=96&d=mm&r=g\",\"url\":\"https:\\\/\\\/secure.gravatar.com\\\/avatar\\\/2e02d082d139dd6eb634318c9cf2c3a8281db62f24f87a134adb4f2020e77ab3?s=96&d=mm&r=g\",\"contentUrl\":\"https:\\\/\\\/secure.gravatar.com\\\/avatar\\\/2e02d082d139dd6eb634318c9cf2c3a8281db62f24f87a134adb4f2020e77ab3?s=96&d=mm&r=g\",\"caption\":\"Vasile Filat\"},\"description\":\"P\u0103storesc\u00a0Biserica Bunavestire din Chi\u0219in\u0103u, predau Cuv\u00e2ntul lui Dumnezeu la\u00a0Institutul de Studiu Biblic Inductiv din Eurasia\u00a0\u0219i conduc\u00a0Asocia\u021bia \\\"\u00cenv\u0103\u021b\u0103tur\u0103 din Cuv\u00e2nt - Precept Ministries\\\" din Moldova. \u00cempreun\u0103 cu so\u021bia mea\u00a0Anastasia, avem trei copii. Din Aprilie 2007 am oferit r\u0103spunsuri din Biblie pe acest site la \u00eentreb\u0103ri adresate de cititori. Mai mult despre mine citi\u021bi\u00a0aici.\",\"url\":\"https:\\\/\\\/moldovacrestina.md\\\/fr\\\/author\\\/vasile-filat\\\/\"}]}<\/script>\n<!-- \/ Yoast SEO Premium plugin. -->","yoast_head_json":{"title":"Sur la violation du droit de l\u2019auteur (copyright)","description":"Quelques apects sur le droit d'auteur et un d\u00e9mande d'aide aux juristes d'\u00e9crire sur ce th\u00e8me.","robots":{"index":"index","follow":"follow","max-snippet":"max-snippet:-1","max-image-preview":"max-image-preview:large","max-video-preview":"max-video-preview:-1"},"canonical":"https:\/\/moldovacrestina.md\/fr\/persecutarea-predicatiror-de-catre-homosexuali-in-anglia\/","og_locale":"fr_FR","og_type":"article","og_title":"Sur la violation du droit de l\u2019auteur (copyright)","og_description":"Quelques apects sur le droit d'auteur et un d\u00e9mande d'aide aux juristes d'\u00e9crire sur ce th\u00e8me.","og_url":"https:\/\/moldovacrestina.md\/fr\/persecutarea-predicatiror-de-catre-homosexuali-in-anglia\/","og_site_name":"Moldova Cre\u0219tin\u0103","article_publisher":"https:\/\/www.facebook.com\/moldovacrestina\/","article_published_time":"2010-12-21T16:43:26+00:00","author":"Vasile Filat","twitter_card":"summary_large_image","twitter_creator":"@moldovacrestina","twitter_site":"@moldovacrestina","twitter_misc":{"\u00c9crit par":"Vasile Filat","Dur\u00e9e de lecture estim\u00e9e":"1 minute"},"schema":{"@context":"https:\/\/schema.org","@graph":[{"@type":"Article","@id":"https:\/\/moldovacrestina.md\/fr\/persecutarea-predicatiror-de-catre-homosexuali-in-anglia\/#article","isPartOf":{"@id":"https:\/\/moldovacrestina.md\/fr\/persecutarea-predicatiror-de-catre-homosexuali-in-anglia\/"},"author":{"name":"Vasile Filat","@id":"https:\/\/moldovacrestina.md\/fr\/#\/schema\/person\/04b204bbb582cc832c3d2424f5d27dc0"},"headline":"Sur la violation du droit de l\u2019auteur (copyright)","datePublished":"2010-12-21T16:43:26+00:00","mainEntityOfPage":{"@id":"https:\/\/moldovacrestina.md\/fr\/persecutarea-predicatiror-de-catre-homosexuali-in-anglia\/"},"wordCount":270,"keywords":["copyright","\u00e9tat"],"articleSection":["Soci\u00e9t\u00e9"],"inLanguage":"fr-FR"},{"@type":"WebPage","@id":"https:\/\/moldovacrestina.md\/fr\/persecutarea-predicatiror-de-catre-homosexuali-in-anglia\/","url":"https:\/\/moldovacrestina.md\/fr\/persecutarea-predicatiror-de-catre-homosexuali-in-anglia\/","name":"Sur la violation du droit de l\u2019auteur (copyright)","isPartOf":{"@id":"https:\/\/moldovacrestina.md\/fr\/#website"},"datePublished":"2010-12-21T16:43:26+00:00","author":{"@id":"https:\/\/moldovacrestina.md\/fr\/#\/schema\/person\/04b204bbb582cc832c3d2424f5d27dc0"},"description":"Quelques apects sur le droit d'auteur et un d\u00e9mande d'aide aux juristes d'\u00e9crire sur ce th\u00e8me.","breadcrumb":{"@id":"https:\/\/moldovacrestina.md\/fr\/persecutarea-predicatiror-de-catre-homosexuali-in-anglia\/#breadcrumb"},"inLanguage":"fr-FR","potentialAction":[{"@type":"ReadAction","target":["https:\/\/moldovacrestina.md\/fr\/persecutarea-predicatiror-de-catre-homosexuali-in-anglia\/"]}]},{"@type":"BreadcrumbList","@id":"https:\/\/moldovacrestina.md\/fr\/persecutarea-predicatiror-de-catre-homosexuali-in-anglia\/#breadcrumb","itemListElement":[{"@type":"ListItem","position":1,"name":"Prima pagin\u0103","item":"https:\/\/moldovacrestina.md\/fr\/"},{"@type":"ListItem","position":2,"name":"Soci\u00e9t\u00e9","item":"https:\/\/moldovacrestina.md\/fr\/\/societe\/"},{"@type":"ListItem","position":3,"name":"Sur la violation du droit de l\u2019auteur (copyright)"}]},{"@type":"WebSite","@id":"https:\/\/moldovacrestina.md\/fr\/#website","url":"https:\/\/moldovacrestina.md\/fr\/","name":"Moldova Cre\u0219tin\u0103","description":"R\u0103spunsuri relevante \u0219i actuale din Biblie","potentialAction":[{"@type":"SearchAction","target":{"@type":"EntryPoint","urlTemplate":"https:\/\/moldovacrestina.md\/fr\/?s={search_term_string}"},"query-input":{"@type":"PropertyValueSpecification","valueRequired":true,"valueName":"search_term_string"}}],"inLanguage":"fr-FR"},{"@type":"Person","@id":"https:\/\/moldovacrestina.md\/fr\/#\/schema\/person\/04b204bbb582cc832c3d2424f5d27dc0","name":"Vasile Filat","image":{"@type":"ImageObject","inLanguage":"fr-FR","@id":"https:\/\/secure.gravatar.com\/avatar\/2e02d082d139dd6eb634318c9cf2c3a8281db62f24f87a134adb4f2020e77ab3?s=96&d=mm&r=g","url":"https:\/\/secure.gravatar.com\/avatar\/2e02d082d139dd6eb634318c9cf2c3a8281db62f24f87a134adb4f2020e77ab3?s=96&d=mm&r=g","contentUrl":"https:\/\/secure.gravatar.com\/avatar\/2e02d082d139dd6eb634318c9cf2c3a8281db62f24f87a134adb4f2020e77ab3?s=96&d=mm&r=g","caption":"Vasile Filat"},"description":"P\u0103storesc\u00a0Biserica Bunavestire din Chi\u0219in\u0103u, predau Cuv\u00e2ntul lui Dumnezeu la\u00a0Institutul de Studiu Biblic Inductiv din Eurasia\u00a0\u0219i conduc\u00a0Asocia\u021bia \"\u00cenv\u0103\u021b\u0103tur\u0103 din Cuv\u00e2nt - Precept Ministries\" din Moldova. \u00cempreun\u0103 cu so\u021bia mea\u00a0Anastasia, avem trei copii. Din Aprilie 2007 am oferit r\u0103spunsuri din Biblie pe acest site la \u00eentreb\u0103ri adresate de cititori. Mai mult despre mine citi\u021bi\u00a0aici.","url":"https:\/\/moldovacrestina.md\/fr\/author\/vasile-filat\/"}]}},"jetpack_featured_media_url":"","video_meta":false,"featured_image":false,"wpml":{"language_code":"fr","locale":"fr_FR","text_direction":false,"display_name":"Fran\u00e7ais","native_name":"Francez\u0103","different_language":false},"jetpack-related-posts":[{"id":365343,"url":"https:\/\/moldovacrestina.md\/esti-sufocat-la-locul-de-munca-nu-pleca-pana-nu-faci-aceasta-pastor-vasile-filat\/","url_meta":{"origin":80678,"position":0},"title":"E\u0219ti sufocat la locul de munc\u0103? Nu pleca p\u00e2n\u0103 nu faci aceasta | Pastor Vasile Filat","author":"Moldova Cre\u0219tin\u0103","date":"30 avril 2026","format":false,"excerpt":"Te sim\u021bi sufocat(\u0103) la locul de munc\u0103, e\u0219ti ap\u0103sat(\u0103) de manager \u0219i tr\u0103ie\u0219ti cu frica de \u201ece vor zice oamenii\u201d dac\u0103 demisionezi? \u00cen acest video vorbim despre cum s\u0103 iei o decizie \u00een\u021beleapt\u0103 c\u00e2nd lucrezi \u00eentr-un business de familie, cum s\u0103 pui limite clare f\u0103r\u0103 vinov\u0103\u021bie \u0219i cum s\u0103 cau\u021bi\u2026","rel":"","context":"<span class=\"jp-relatedposts-post-author\">Moldova Cre\u0219tin\u0103<\/span>","block_context":{"text":"MCTV","link":"https:\/\/moldovacrestina.md\/mctv\/"},"img":{"alt_text":"","src":"https:\/\/i0.wp.com\/cdn.moldovacrestina.md\/2026\/04\/cf31591f-fmzy1i2ztmq.jpg?resize=350%2C200&ssl=1","width":350,"height":200,"srcset":"https:\/\/i0.wp.com\/cdn.moldovacrestina.md\/2026\/04\/cf31591f-fmzy1i2ztmq.jpg?resize=350%2C200&ssl=1 1x, https:\/\/i0.wp.com\/cdn.moldovacrestina.md\/2026\/04\/cf31591f-fmzy1i2ztmq.jpg?resize=525%2C300&ssl=1 1.5x, https:\/\/i0.wp.com\/cdn.moldovacrestina.md\/2026\/04\/cf31591f-fmzy1i2ztmq.jpg?resize=700%2C400&ssl=1 2x, https:\/\/i0.wp.com\/cdn.moldovacrestina.md\/2026\/04\/cf31591f-fmzy1i2ztmq.jpg?resize=1050%2C600&ssl=1 3x"},"classes":[]},{"id":362955,"url":"https:\/\/moldovacrestina.md\/de-ce-femeia-din-soroca-a-aruncat-in-fantana-bebelusul-avortat\/","url_meta":{"origin":80678,"position":1},"title":"De ce femeia din Soroca a aruncat \u00een f\u00e2nt\u0103n\u0103 bebelu\u0219ul avortat?","author":"Moldova Cre\u0219tin\u0103","date":"23 juin 2025","format":false,"excerpt":"Nu este doar o tragedie social\u0103, ci o dram\u0103 spiritual\u0103 profund\u0103. Ce se afl\u0103 \u00een spatele unui astfel de gest \u0219i ce spune Biblia despre valoarea vie\u021bii? \u0218tirea preluat\u0103 de pe canalul ProTV https:\/\/protv.md\/ \u00cenregistreaz\u0103-te acum la Summer English Academy 5-12 iulie https:\/\/bit.ly\/3TmxXvF Aplic\u0103 promo codul VasileFilat10 pentru o reducere\u2026","rel":"","context":"<span class=\"jp-relatedposts-post-author\">Moldova Cre\u0219tin\u0103<\/span>","block_context":{"text":"MCTV","link":"https:\/\/moldovacrestina.md\/mctv\/"},"img":{"alt_text":"","src":"https:\/\/i0.wp.com\/cdn.moldovacrestina.md\/2025\/06\/bc398eb7-9wldzuigdbq.jpg?resize=350%2C200&ssl=1","width":350,"height":200,"srcset":"https:\/\/i0.wp.com\/cdn.moldovacrestina.md\/2025\/06\/bc398eb7-9wldzuigdbq.jpg?resize=350%2C200&ssl=1 1x, https:\/\/i0.wp.com\/cdn.moldovacrestina.md\/2025\/06\/bc398eb7-9wldzuigdbq.jpg?resize=525%2C300&ssl=1 1.5x, https:\/\/i0.wp.com\/cdn.moldovacrestina.md\/2025\/06\/bc398eb7-9wldzuigdbq.jpg?resize=700%2C400&ssl=1 2x, https:\/\/i0.wp.com\/cdn.moldovacrestina.md\/2025\/06\/bc398eb7-9wldzuigdbq.jpg?resize=1050%2C600&ssl=1 3x"},"classes":[]},{"id":363140,"url":"https:\/\/moldovacrestina.md\/de-ce-cartera-lui-enoh-a-fost-exclusa-din-bible\/","url_meta":{"origin":80678,"position":2},"title":"De ce cartera lui ENOH a fost exclus\u0103 din Bible?","author":"Moldova Cre\u0219tin\u0103","date":"7 juillet 2025","format":false,"excerpt":"Cartea lui Enoh a fost cunoscut\u0103 de primii cre\u0219tini, dar totu\u0219i a fost l\u0103sat\u0103 \u00een afara Scripturii. Este cartea lui Enoh inspirat\u0103 sau doar o scriere religioas\u0103 veche? Descoper\u0103 de ce nu a fost inclus\u0103 \u00een canonul biblic. \u2753Pune o \u00eentrebare: https:\/\/moldovacrestina.md\/ask-the-pastor sau la email contact@moldovacrestina.md \ud83c\udf81 Devino membru \u0219i\u2026","rel":"","context":"<span class=\"jp-relatedposts-post-author\">Moldova Cre\u0219tin\u0103<\/span>","block_context":{"text":"MCTV","link":"https:\/\/moldovacrestina.md\/mctv\/"},"img":{"alt_text":"","src":"https:\/\/i0.wp.com\/cdn.moldovacrestina.md\/2025\/07\/9bcc5a04-hfi3d3ej7qu.jpg?resize=350%2C200&ssl=1","width":350,"height":200,"srcset":"https:\/\/i0.wp.com\/cdn.moldovacrestina.md\/2025\/07\/9bcc5a04-hfi3d3ej7qu.jpg?resize=350%2C200&ssl=1 1x, https:\/\/i0.wp.com\/cdn.moldovacrestina.md\/2025\/07\/9bcc5a04-hfi3d3ej7qu.jpg?resize=525%2C300&ssl=1 1.5x, https:\/\/i0.wp.com\/cdn.moldovacrestina.md\/2025\/07\/9bcc5a04-hfi3d3ej7qu.jpg?resize=700%2C400&ssl=1 2x, https:\/\/i0.wp.com\/cdn.moldovacrestina.md\/2025\/07\/9bcc5a04-hfi3d3ej7qu.jpg?resize=1050%2C600&ssl=1 3x"},"classes":[]},{"id":365337,"url":"https:\/\/moldovacrestina.md\/cum-sa-te-bucuri-de-avere-fara-sa-cazi-in-lux-si-risipa-pastor-vasile-filat\/","url_meta":{"origin":80678,"position":3},"title":"Cum s\u0103 te bucuri de avere f\u0103r\u0103 s\u0103 cazi \u00een lux \u0219i risip\u0103? | Pastor Vasile Filat","author":"Moldova Cre\u0219tin\u0103","date":"29 avril 2026","format":false,"excerpt":"Biblia nu condamn\u0103 bog\u0103\u021bia, ci inima care se leag\u0103 de ea. \u00cen acest mesaj, Pastorul Vasile Filat explic\u0103 din Scriptur\u0103 cum \u00eei \u00eenva\u021b\u0103 Dumnezeu pe boga\u021bii veacului acestuia s\u0103 fie genero\u0219i, s\u0103 fac\u0103 bine \u0219i, \u00een acela\u0219i timp, s\u0103 se bucure de ceea ce El le-a dat \u2014 f\u0103r\u0103 a\u2026","rel":"","context":"<span class=\"jp-relatedposts-post-author\">Moldova Cre\u0219tin\u0103<\/span>","block_context":{"text":"MCTV","link":"https:\/\/moldovacrestina.md\/mctv\/"},"img":{"alt_text":"","src":"https:\/\/i0.wp.com\/cdn.moldovacrestina.md\/2026\/04\/75dfc91a-305_ass0atm.jpg?resize=350%2C200&ssl=1","width":350,"height":200,"srcset":"https:\/\/i0.wp.com\/cdn.moldovacrestina.md\/2026\/04\/75dfc91a-305_ass0atm.jpg?resize=350%2C200&ssl=1 1x, https:\/\/i0.wp.com\/cdn.moldovacrestina.md\/2026\/04\/75dfc91a-305_ass0atm.jpg?resize=525%2C300&ssl=1 1.5x, https:\/\/i0.wp.com\/cdn.moldovacrestina.md\/2026\/04\/75dfc91a-305_ass0atm.jpg?resize=700%2C400&ssl=1 2x, https:\/\/i0.wp.com\/cdn.moldovacrestina.md\/2026\/04\/75dfc91a-305_ass0atm.jpg?resize=1050%2C600&ssl=1 3x"},"classes":[]},{"id":363755,"url":"https:\/\/moldovacrestina.md\/este-pacat-divortul-daca-ambii-soti-il-doresc-pastor-vasile-filat\/","url_meta":{"origin":80678,"position":4},"title":"Este p\u0103cat divor\u021bul dac\u0103 ambii so\u021bi \u00eel doresc? | Pastor Vasile Filat","author":"Moldova Cre\u0219tin\u0103","date":"12 octobre 2025","format":false,"excerpt":"Mul\u021bi oameni cred c\u0103 dac\u0103 ambii so\u021bi sunt de acord cu desp\u0103r\u021birea, divor\u021bul nu mai este p\u0103cat. Dar ce spune Biblia? \u00cen acest video, pastorul Vasile Filat explic\u0103, pe baza textelor din Matei 19, Maleahi 2 \u0219i Evrei 13:4, c\u0103 Dumnezeu a instituit c\u0103s\u0103toria \u0219i El singur are autoritatea de\u2026","rel":"","context":"<span class=\"jp-relatedposts-post-author\">Moldova Cre\u0219tin\u0103<\/span>","block_context":{"text":"MCTV","link":"https:\/\/moldovacrestina.md\/mctv\/"},"img":{"alt_text":"","src":"https:\/\/i0.wp.com\/cdn.moldovacrestina.md\/2025\/10\/fa6abd08-qnfeu_9zdi4.jpg?resize=350%2C200&ssl=1","width":350,"height":200,"srcset":"https:\/\/i0.wp.com\/cdn.moldovacrestina.md\/2025\/10\/fa6abd08-qnfeu_9zdi4.jpg?resize=350%2C200&ssl=1 1x, https:\/\/i0.wp.com\/cdn.moldovacrestina.md\/2025\/10\/fa6abd08-qnfeu_9zdi4.jpg?resize=525%2C300&ssl=1 1.5x, https:\/\/i0.wp.com\/cdn.moldovacrestina.md\/2025\/10\/fa6abd08-qnfeu_9zdi4.jpg?resize=700%2C400&ssl=1 2x, https:\/\/i0.wp.com\/cdn.moldovacrestina.md\/2025\/10\/fa6abd08-qnfeu_9zdi4.jpg?resize=1050%2C600&ssl=1 3x"},"classes":[]}],"jetpack_sharing_enabled":true,"_links":{"self":[{"href":"https:\/\/moldovacrestina.md\/fr\/wp-json\/wp\/v2\/posts\/80678","targetHints":{"allow":["GET"]}}],"collection":[{"href":"https:\/\/moldovacrestina.md\/fr\/wp-json\/wp\/v2\/posts"}],"about":[{"href":"https:\/\/moldovacrestina.md\/fr\/wp-json\/wp\/v2\/types\/post"}],"author":[{"embeddable":true,"href":"https:\/\/moldovacrestina.md\/fr\/wp-json\/wp\/v2\/users\/46"}],"replies":[{"embeddable":true,"href":"https:\/\/moldovacrestina.md\/fr\/wp-json\/wp\/v2\/comments?post=80678"}],"version-history":[{"count":0,"href":"https:\/\/moldovacrestina.md\/fr\/wp-json\/wp\/v2\/posts\/80678\/revisions"}],"wp:attachment":[{"href":"https:\/\/moldovacrestina.md\/fr\/wp-json\/wp\/v2\/media?parent=80678"}],"wp:term":[{"taxonomy":"category","embeddable":true,"href":"https:\/\/moldovacrestina.md\/fr\/wp-json\/wp\/v2\/categories?post=80678"},{"taxonomy":"post_tag","embeddable":true,"href":"https:\/\/moldovacrestina.md\/fr\/wp-json\/wp\/v2\/tags?post=80678"}],"curies":[{"name":"wp","href":"https:\/\/api.w.org\/{rel}","templated":true}]}}