{"id":66379,"date":"2012-08-09T11:34:44","date_gmt":"2012-08-09T09:34:44","guid":{"rendered":"https:\/\/moldovacrestina.md\/le-mariage-doit-etre-officie"},"modified":"2017-05-03T18:42:27","modified_gmt":"2017-05-03T16:42:27","slug":"le-mariage-doit-etre-officie","status":"publish","type":"post","link":"https:\/\/moldovacrestina.md\/fr\/le-mariage-doit-etre-officie\/","title":{"rendered":"Le mariage doit \u00eatre offici\u00e9"},"content":{"rendered":"<p><img decoding=\"async\" class=\"aligncenter size-full img-resp\" src=\"https:\/\/cdn.moldovacrestina.md\/2017\/12\/casat.civila.jpg\" alt=\"\" \/>Question\u00a0:<\/p>\n<blockquote class=\"td_quote_box td_box_center\"><p><em>Notre situation est la suivante\u00a0: nous sommes mari\u00e9s officiellement, mais nous n\u2019avons pas fait le mariage religieux. Nous avons une petite fille avec un probl\u00e8me de la naissance. Je voudrais savoir s\u2019il y a une relation entre le probl\u00e8me de notre fille et le fait que nous n\u2019avons pas fait le mariage religieux\u00a0? Devons-nous faire maintenant le mariage religieux, apr\u00e8s quelques ann\u00e9es du mariage civil\u00a0? Quelle est la proc\u00e9dure du mariage aux baptistes?<\/em><\/p><\/blockquote>\n<h2><strong>Le mariage est valide<\/strong><\/h2>\n<p>Si vous n\u2019avez pas eu des relations sexuelles avant votre enregistrement civil (je suppose que la situation \u00e9tait comme ca), vous n\u2019avez aucune raison pour vous sentir coupables pour adult\u00e8re, parce que vous n\u2019avez pas commis ce p\u00e9ch\u00e9.\u00a0M\u00eame si vous n\u2019avez pas fait le mariage religieux, votre mariage est valide et accept\u00e9 par Dieu, tout comme les mariages d\u2019autres religions, aux personnes qui ne connaissent pas Dieu, sont accept\u00e9es devant Lui.<\/p>\n<h2><strong>Le p\u00e9ch\u00e9 des parents affecte les enfants<\/strong><\/h2>\n<p>Mais si vous avez eu des relations sexuels avant du mariage, le probl\u00e8me du votre fille peut \u00eatre une cons\u00e9quence de ce p\u00e9ch\u00e9. Mais, les raisons peuvent \u00eatre diff\u00e9rentes. Voila ce que la Bible nous parle en ce sens:<\/p>\n<blockquote class=\"td_quote_box td_box_center\"><p>J\u00e9sus vit, en passant, un homme aveugle de naissance. Ses disciples lui firent cette question: Rabbi, qui a p\u00e9ch\u00e9, cet homme ou ses parents, pour qu\u2019il soit n\u00e9 aveugle? J\u00e9sus r\u00e9pondit: Ce n\u2019est pas que lui ou ses parents aient p\u00e9ch\u00e9; mais c\u2019est afin que les \u0153uvres de Dieu soient manifest\u00e9es en lui. (Jean 9:1-3)<\/p><\/blockquote>\n<p>Quand le Seigneur J\u00e9sus a dit que ce n\u2019est pas lui ou ses parents aient p\u00e9ch\u00e9, il n\u2019a pas voulu affirmer que ses gens n\u2019ont jamais p\u00e9ch\u00e9, parce que dans ce cas Il contredira une v\u00e9rit\u00e9 fondamentale de l\u2019Ecriture qui dit que tous ont p\u00e9ch\u00e9 et sont priv\u00e9s de la gloire de Dieu. Aussi, J\u00e9sus n\u2019a pas voulu dire que le p\u00e9ch\u00e9 ne peut pas \u00eatre une cause pour une maladie, parce que c\u2019est aussi un enseignement tr\u00e8s clair tout au long de la Bible. Le Saveur a dit seulement que dans ce cas sp\u00e9cifique, le raison de la maladie du cet aveugle de naissance c\u2019est afin que les \u0153uvres de Dieu soient manifest\u00e9es en lui, comment dit L\u2019Ecriture ci-dessous:<\/p>\n<blockquote class=\"td_quote_box td_box_center\"><p>Apr\u00e8s avoir dit cela, il cracha \u00e0 terre, et fit de la boue avec sa salive. Puis il appliqua cette boue sur les yeux de l\u2019aveugle, et lui dit: Va, et lave-toi au r\u00e9servoir de Silo\u00e9 (nom qui signifie envoy\u00e9). Il y alla, se lava, et s\u2019en retourna voyant clair. (Jean 9:6-7)<\/p><\/blockquote>\n<p>Maintenant, jugez vous-m\u00eames, mettez les choses ensemble et voyez quelle peut \u00eatre les raisons de la maladie de votre fille.<\/p>\n<h2><strong>Le mariage religieux est n\u00e9cessaire<\/strong><\/h2>\n<p>M\u00eame si votre mariage est valide, Dieu a eu des raisons pour \u00eatre attrist\u00e9 par votre moyen de proc\u00e9der et pour le fait que vous n\u2019avez pas demander Sa b\u00e9n\u00e9diction, en concluant dans votre alliance, car Il est L\u2019Auteur du mariage qui vous a apport\u00e9 un \u00e0 autre et qui vous a li\u00e9 en ensemble. C\u2019est pour quoi c\u2019est beau et tr\u00e8s n\u00e9cessaire que vous fassiez le mariage religieux prochainement.<\/p>\n<h2><strong>Comment fait-on le mariage religieux?<\/strong><\/h2>\n<p>Vous devez aller voir un pr\u00eatre. Dites lui votre situation et demandez lui de vous b\u00e9nir dans le mariage religieux. Vous devez choisir un jour sp\u00e9cial. Ou vous inviterez la famille, les amis et les personnes qui vous sont tr\u00e8s proches avec qui vous voulez partager cette importante f\u00eate. Ce n\u2019est pas n\u00e9cessaire d\u2019acheter et de porter une robe de mari\u00e9e. Pendant la c\u00e9r\u00e9monie, le pr\u00eatre pr\u00eachera et priera pour vous, en demandant la b\u00e9n\u00e9diction de Dieu pour votre mariage.<\/p>\n<p>Si vous habitez en Chisinau, R\u00e9publique de Moldavie et si vous voulez m\u2019inviter, je serai heureux de venir pour officier votre mariage.<\/p>\n<p><em>L\u2019article a \u00e9t\u00e9 traduit par Diana Ta\u0219ca.<\/em><\/p>\n","protected":false},"excerpt":{"rendered":"<p>Question\u00a0: Notre situation est la suivante\u00a0: nous sommes mari\u00e9s officiellement, mais nous n\u2019avons pas fait le mariage religieux. Nous avons une petite fille avec un probl\u00e8me de la naissance. Je voudrais savoir s\u2019il y a une relation entre le probl\u00e8me de notre fille et le fait que nous n\u2019avons pas fait le mariage religieux\u00a0? Devons-nous [&hellip;]<\/p>\n","protected":false},"author":46,"featured_media":66383,"comment_status":"closed","ping_status":"closed","sticky":false,"template":"","format":"standard","meta":{"_acf_changed":false,"inline_featured_image":false,"_monsterinsights_skip_tracking":false,"_monsterinsights_sitenote_active":false,"_monsterinsights_sitenote_note":"","_monsterinsights_sitenote_category":0,"_genesis_hide_title":false,"_genesis_hide_breadcrumbs":false,"_genesis_hide_singular_image":false,"_genesis_hide_footer_widgets":false,"_genesis_custom_body_class":"","_genesis_custom_post_class":"","_genesis_layout":"","ep_exclude_from_search":false,"_jetpack_memberships_contains_paid_content":false,"footnotes":""},"categories":[29840],"tags":[13130,13225,13226,13227],"class_list":{"0":"post-66379","1":"post","2":"type-post","3":"status-publish","4":"format-standard","5":"has-post-thumbnail","7":"category-reponses-de-la-bible","8":"tag-mariage-religieux","9":"tag-civil","10":"tag-consequence","11":"tag-peche","12":"entry"},"acf":[],"yoast_head":"<!-- This site is optimized with the Yoast SEO Premium plugin v26.5 (Yoast SEO v27.4) - https:\/\/yoast.com\/product\/yoast-seo-premium-wordpress\/ -->\n<title>Le mariage religieux est n\u00e9cessaire<\/title>\n<meta name=\"description\" content=\"Question\u00a0:Notre situation est la suivante\u00a0: nous sommes mari\u00e9s officiellement, mais nous n\u2019avons pas fait le mariage religieux. Nous avons une petite fille avec un\" \/>\n<meta name=\"robots\" content=\"index, follow, max-snippet:-1, max-image-preview:large, max-video-preview:-1\" \/>\n<link rel=\"canonical\" href=\"https:\/\/moldovacrestina.md\/fr\/le-mariage-doit-etre-officie\/\" \/>\n<meta property=\"og:locale\" content=\"fr_FR\" \/>\n<meta property=\"og:type\" content=\"article\" \/>\n<meta property=\"og:title\" content=\"Le mariage doit \u00eatre offici\u00e9\" \/>\n<meta property=\"og:description\" content=\"Question\u00a0:Notre situation est la suivante\u00a0: nous sommes mari\u00e9s officiellement, mais nous n\u2019avons pas fait le mariage religieux. Nous avons une petite fille avec un\" \/>\n<meta property=\"og:url\" content=\"https:\/\/moldovacrestina.md\/fr\/le-mariage-doit-etre-officie\/\" \/>\n<meta property=\"og:site_name\" content=\"Moldova Cre\u0219tin\u0103\" \/>\n<meta property=\"article:publisher\" content=\"https:\/\/www.facebook.com\/moldovacrestina\/\" \/>\n<meta property=\"article:published_time\" content=\"2012-08-09T09:34:44+00:00\" \/>\n<meta property=\"article:modified_time\" content=\"2017-05-03T16:42:27+00:00\" \/>\n<meta property=\"og:image\" content=\"https:\/\/cdn.moldovacrestina.md\/2017\/12\/casat.civila.jpg\" \/>\n\t<meta property=\"og:image:width\" content=\"500\" \/>\n\t<meta property=\"og:image:height\" content=\"376\" \/>\n\t<meta property=\"og:image:type\" content=\"image\/jpeg\" \/>\n<meta name=\"author\" content=\"Vasile Filat\" \/>\n<meta name=\"twitter:card\" content=\"summary_large_image\" \/>\n<meta name=\"twitter:creator\" content=\"@moldovacrestina\" \/>\n<meta name=\"twitter:site\" content=\"@moldovacrestina\" \/>\n<meta name=\"twitter:label1\" content=\"\u00c9crit par\" \/>\n\t<meta name=\"twitter:data1\" content=\"Vasile Filat\" \/>\n\t<meta name=\"twitter:label2\" content=\"Dur\u00e9e de lecture estim\u00e9e\" \/>\n\t<meta name=\"twitter:data2\" content=\"4 minutes\" \/>\n<script type=\"application\/ld+json\" class=\"yoast-schema-graph\">{\"@context\":\"https:\\\/\\\/schema.org\",\"@graph\":[{\"@type\":\"Article\",\"@id\":\"https:\\\/\\\/moldovacrestina.md\\\/fr\\\/le-mariage-doit-etre-officie\\\/#article\",\"isPartOf\":{\"@id\":\"https:\\\/\\\/moldovacrestina.md\\\/fr\\\/le-mariage-doit-etre-officie\\\/\"},\"author\":{\"name\":\"Vasile Filat\",\"@id\":\"https:\\\/\\\/moldovacrestina.md\\\/fr\\\/#\\\/schema\\\/person\\\/04b204bbb582cc832c3d2424f5d27dc0\"},\"headline\":\"Le mariage doit \u00eatre offici\u00e9\",\"datePublished\":\"2012-08-09T09:34:44+00:00\",\"dateModified\":\"2017-05-03T16:42:27+00:00\",\"mainEntityOfPage\":{\"@id\":\"https:\\\/\\\/moldovacrestina.md\\\/fr\\\/le-mariage-doit-etre-officie\\\/\"},\"wordCount\":721,\"image\":{\"@id\":\"https:\\\/\\\/moldovacrestina.md\\\/fr\\\/le-mariage-doit-etre-officie\\\/#primaryimage\"},\"thumbnailUrl\":\"https:\\\/\\\/moldovacrestina.md\\\/wp-content\\\/uploads\\\/2017\\\/12\\\/casat.civila.jpg\",\"keywords\":[\"mariage religieux\",\"civil\",\"cons\u00e9quence\",\"p\u00e9ch\u00e9\"],\"articleSection\":[\"R\u00e9ponses de la Bible\"],\"inLanguage\":\"fr-FR\"},{\"@type\":\"WebPage\",\"@id\":\"https:\\\/\\\/moldovacrestina.md\\\/fr\\\/le-mariage-doit-etre-officie\\\/\",\"url\":\"https:\\\/\\\/moldovacrestina.md\\\/fr\\\/le-mariage-doit-etre-officie\\\/\",\"name\":\"Le mariage religieux est n\u00e9cessaire\",\"isPartOf\":{\"@id\":\"https:\\\/\\\/moldovacrestina.md\\\/fr\\\/#website\"},\"primaryImageOfPage\":{\"@id\":\"https:\\\/\\\/moldovacrestina.md\\\/fr\\\/le-mariage-doit-etre-officie\\\/#primaryimage\"},\"image\":{\"@id\":\"https:\\\/\\\/moldovacrestina.md\\\/fr\\\/le-mariage-doit-etre-officie\\\/#primaryimage\"},\"thumbnailUrl\":\"https:\\\/\\\/moldovacrestina.md\\\/wp-content\\\/uploads\\\/2017\\\/12\\\/casat.civila.jpg\",\"datePublished\":\"2012-08-09T09:34:44+00:00\",\"dateModified\":\"2017-05-03T16:42:27+00:00\",\"author\":{\"@id\":\"https:\\\/\\\/moldovacrestina.md\\\/fr\\\/#\\\/schema\\\/person\\\/04b204bbb582cc832c3d2424f5d27dc0\"},\"description\":\"Question\u00a0:Notre situation est la suivante\u00a0: nous sommes mari\u00e9s officiellement, mais nous n\u2019avons pas fait le mariage religieux. Nous avons une petite fille avec un\",\"breadcrumb\":{\"@id\":\"https:\\\/\\\/moldovacrestina.md\\\/fr\\\/le-mariage-doit-etre-officie\\\/#breadcrumb\"},\"inLanguage\":\"fr-FR\",\"potentialAction\":[{\"@type\":\"ReadAction\",\"target\":[\"https:\\\/\\\/moldovacrestina.md\\\/fr\\\/le-mariage-doit-etre-officie\\\/\"]}]},{\"@type\":\"ImageObject\",\"inLanguage\":\"fr-FR\",\"@id\":\"https:\\\/\\\/moldovacrestina.md\\\/fr\\\/le-mariage-doit-etre-officie\\\/#primaryimage\",\"url\":\"https:\\\/\\\/moldovacrestina.md\\\/wp-content\\\/uploads\\\/2017\\\/12\\\/casat.civila.jpg\",\"contentUrl\":\"https:\\\/\\\/moldovacrestina.md\\\/wp-content\\\/uploads\\\/2017\\\/12\\\/casat.civila.jpg\",\"width\":500,\"height\":376},{\"@type\":\"BreadcrumbList\",\"@id\":\"https:\\\/\\\/moldovacrestina.md\\\/fr\\\/le-mariage-doit-etre-officie\\\/#breadcrumb\",\"itemListElement\":[{\"@type\":\"ListItem\",\"position\":1,\"name\":\"Prima pagin\u0103\",\"item\":\"https:\\\/\\\/moldovacrestina.md\\\/fr\\\/\"},{\"@type\":\"ListItem\",\"position\":2,\"name\":\"R\u00e9ponses de la Bible\",\"item\":\"https:\\\/\\\/moldovacrestina.md\\\/fr\\\/reponses-de-la-bible\\\/\"},{\"@type\":\"ListItem\",\"position\":3,\"name\":\"Le mariage doit \u00eatre offici\u00e9\"}]},{\"@type\":\"WebSite\",\"@id\":\"https:\\\/\\\/moldovacrestina.md\\\/fr\\\/#website\",\"url\":\"https:\\\/\\\/moldovacrestina.md\\\/fr\\\/\",\"name\":\"Moldova Cre\u0219tin\u0103\",\"description\":\"R\u0103spunsuri relevante \u0219i actuale din Biblie\",\"potentialAction\":[{\"@type\":\"SearchAction\",\"target\":{\"@type\":\"EntryPoint\",\"urlTemplate\":\"https:\\\/\\\/moldovacrestina.md\\\/fr\\\/?s={search_term_string}\"},\"query-input\":{\"@type\":\"PropertyValueSpecification\",\"valueRequired\":true,\"valueName\":\"search_term_string\"}}],\"inLanguage\":\"fr-FR\"},{\"@type\":\"Person\",\"@id\":\"https:\\\/\\\/moldovacrestina.md\\\/fr\\\/#\\\/schema\\\/person\\\/04b204bbb582cc832c3d2424f5d27dc0\",\"name\":\"Vasile Filat\",\"image\":{\"@type\":\"ImageObject\",\"inLanguage\":\"fr-FR\",\"@id\":\"https:\\\/\\\/secure.gravatar.com\\\/avatar\\\/2e02d082d139dd6eb634318c9cf2c3a8281db62f24f87a134adb4f2020e77ab3?s=96&d=mm&r=g\",\"url\":\"https:\\\/\\\/secure.gravatar.com\\\/avatar\\\/2e02d082d139dd6eb634318c9cf2c3a8281db62f24f87a134adb4f2020e77ab3?s=96&d=mm&r=g\",\"contentUrl\":\"https:\\\/\\\/secure.gravatar.com\\\/avatar\\\/2e02d082d139dd6eb634318c9cf2c3a8281db62f24f87a134adb4f2020e77ab3?s=96&d=mm&r=g\",\"caption\":\"Vasile Filat\"},\"description\":\"P\u0103storesc\u00a0Biserica Bunavestire din Chi\u0219in\u0103u, predau Cuv\u00e2ntul lui Dumnezeu la\u00a0Institutul de Studiu Biblic Inductiv din Eurasia\u00a0\u0219i conduc\u00a0Asocia\u021bia \\\"\u00cenv\u0103\u021b\u0103tur\u0103 din Cuv\u00e2nt - Precept Ministries\\\" din Moldova. \u00cempreun\u0103 cu so\u021bia mea\u00a0Anastasia, avem trei copii. Din Aprilie 2007 am oferit r\u0103spunsuri din Biblie pe acest site la \u00eentreb\u0103ri adresate de cititori. Mai mult despre mine citi\u021bi\u00a0aici.\",\"url\":\"https:\\\/\\\/moldovacrestina.md\\\/fr\\\/author\\\/vasile-filat\\\/\"}]}<\/script>\n<!-- \/ Yoast SEO Premium plugin. -->","yoast_head_json":{"title":"Le mariage religieux est n\u00e9cessaire","description":"Question\u00a0:Notre situation est la suivante\u00a0: nous sommes mari\u00e9s officiellement, mais nous n\u2019avons pas fait le mariage religieux. Nous avons une petite fille avec un","robots":{"index":"index","follow":"follow","max-snippet":"max-snippet:-1","max-image-preview":"max-image-preview:large","max-video-preview":"max-video-preview:-1"},"canonical":"https:\/\/moldovacrestina.md\/fr\/le-mariage-doit-etre-officie\/","og_locale":"fr_FR","og_type":"article","og_title":"Le mariage doit \u00eatre offici\u00e9","og_description":"Question\u00a0:Notre situation est la suivante\u00a0: nous sommes mari\u00e9s officiellement, mais nous n\u2019avons pas fait le mariage religieux. Nous avons une petite fille avec un","og_url":"https:\/\/moldovacrestina.md\/fr\/le-mariage-doit-etre-officie\/","og_site_name":"Moldova Cre\u0219tin\u0103","article_publisher":"https:\/\/www.facebook.com\/moldovacrestina\/","article_published_time":"2012-08-09T09:34:44+00:00","article_modified_time":"2017-05-03T16:42:27+00:00","og_image":[{"width":500,"height":376,"url":"https:\/\/cdn.moldovacrestina.md\/2017\/12\/casat.civila.jpg","type":"image\/jpeg"}],"author":"Vasile Filat","twitter_card":"summary_large_image","twitter_creator":"@moldovacrestina","twitter_site":"@moldovacrestina","twitter_misc":{"\u00c9crit par":"Vasile Filat","Dur\u00e9e de lecture estim\u00e9e":"4 minutes"},"schema":{"@context":"https:\/\/schema.org","@graph":[{"@type":"Article","@id":"https:\/\/moldovacrestina.md\/fr\/le-mariage-doit-etre-officie\/#article","isPartOf":{"@id":"https:\/\/moldovacrestina.md\/fr\/le-mariage-doit-etre-officie\/"},"author":{"name":"Vasile Filat","@id":"https:\/\/moldovacrestina.md\/fr\/#\/schema\/person\/04b204bbb582cc832c3d2424f5d27dc0"},"headline":"Le mariage doit \u00eatre offici\u00e9","datePublished":"2012-08-09T09:34:44+00:00","dateModified":"2017-05-03T16:42:27+00:00","mainEntityOfPage":{"@id":"https:\/\/moldovacrestina.md\/fr\/le-mariage-doit-etre-officie\/"},"wordCount":721,"image":{"@id":"https:\/\/moldovacrestina.md\/fr\/le-mariage-doit-etre-officie\/#primaryimage"},"thumbnailUrl":"https:\/\/moldovacrestina.md\/wp-content\/uploads\/2017\/12\/casat.civila.jpg","keywords":["mariage religieux","civil","cons\u00e9quence","p\u00e9ch\u00e9"],"articleSection":["R\u00e9ponses de la Bible"],"inLanguage":"fr-FR"},{"@type":"WebPage","@id":"https:\/\/moldovacrestina.md\/fr\/le-mariage-doit-etre-officie\/","url":"https:\/\/moldovacrestina.md\/fr\/le-mariage-doit-etre-officie\/","name":"Le mariage religieux est n\u00e9cessaire","isPartOf":{"@id":"https:\/\/moldovacrestina.md\/fr\/#website"},"primaryImageOfPage":{"@id":"https:\/\/moldovacrestina.md\/fr\/le-mariage-doit-etre-officie\/#primaryimage"},"image":{"@id":"https:\/\/moldovacrestina.md\/fr\/le-mariage-doit-etre-officie\/#primaryimage"},"thumbnailUrl":"https:\/\/moldovacrestina.md\/wp-content\/uploads\/2017\/12\/casat.civila.jpg","datePublished":"2012-08-09T09:34:44+00:00","dateModified":"2017-05-03T16:42:27+00:00","author":{"@id":"https:\/\/moldovacrestina.md\/fr\/#\/schema\/person\/04b204bbb582cc832c3d2424f5d27dc0"},"description":"Question\u00a0:Notre situation est la suivante\u00a0: nous sommes mari\u00e9s officiellement, mais nous n\u2019avons pas fait le mariage religieux. Nous avons une petite fille avec un","breadcrumb":{"@id":"https:\/\/moldovacrestina.md\/fr\/le-mariage-doit-etre-officie\/#breadcrumb"},"inLanguage":"fr-FR","potentialAction":[{"@type":"ReadAction","target":["https:\/\/moldovacrestina.md\/fr\/le-mariage-doit-etre-officie\/"]}]},{"@type":"ImageObject","inLanguage":"fr-FR","@id":"https:\/\/moldovacrestina.md\/fr\/le-mariage-doit-etre-officie\/#primaryimage","url":"https:\/\/moldovacrestina.md\/wp-content\/uploads\/2017\/12\/casat.civila.jpg","contentUrl":"https:\/\/moldovacrestina.md\/wp-content\/uploads\/2017\/12\/casat.civila.jpg","width":500,"height":376},{"@type":"BreadcrumbList","@id":"https:\/\/moldovacrestina.md\/fr\/le-mariage-doit-etre-officie\/#breadcrumb","itemListElement":[{"@type":"ListItem","position":1,"name":"Prima pagin\u0103","item":"https:\/\/moldovacrestina.md\/fr\/"},{"@type":"ListItem","position":2,"name":"R\u00e9ponses de la Bible","item":"https:\/\/moldovacrestina.md\/fr\/reponses-de-la-bible\/"},{"@type":"ListItem","position":3,"name":"Le mariage doit \u00eatre offici\u00e9"}]},{"@type":"WebSite","@id":"https:\/\/moldovacrestina.md\/fr\/#website","url":"https:\/\/moldovacrestina.md\/fr\/","name":"Moldova Cre\u0219tin\u0103","description":"R\u0103spunsuri relevante \u0219i actuale din Biblie","potentialAction":[{"@type":"SearchAction","target":{"@type":"EntryPoint","urlTemplate":"https:\/\/moldovacrestina.md\/fr\/?s={search_term_string}"},"query-input":{"@type":"PropertyValueSpecification","valueRequired":true,"valueName":"search_term_string"}}],"inLanguage":"fr-FR"},{"@type":"Person","@id":"https:\/\/moldovacrestina.md\/fr\/#\/schema\/person\/04b204bbb582cc832c3d2424f5d27dc0","name":"Vasile Filat","image":{"@type":"ImageObject","inLanguage":"fr-FR","@id":"https:\/\/secure.gravatar.com\/avatar\/2e02d082d139dd6eb634318c9cf2c3a8281db62f24f87a134adb4f2020e77ab3?s=96&d=mm&r=g","url":"https:\/\/secure.gravatar.com\/avatar\/2e02d082d139dd6eb634318c9cf2c3a8281db62f24f87a134adb4f2020e77ab3?s=96&d=mm&r=g","contentUrl":"https:\/\/secure.gravatar.com\/avatar\/2e02d082d139dd6eb634318c9cf2c3a8281db62f24f87a134adb4f2020e77ab3?s=96&d=mm&r=g","caption":"Vasile Filat"},"description":"P\u0103storesc\u00a0Biserica Bunavestire din Chi\u0219in\u0103u, predau Cuv\u00e2ntul lui Dumnezeu la\u00a0Institutul de Studiu Biblic Inductiv din Eurasia\u00a0\u0219i conduc\u00a0Asocia\u021bia \"\u00cenv\u0103\u021b\u0103tur\u0103 din Cuv\u00e2nt - Precept Ministries\" din Moldova. \u00cempreun\u0103 cu so\u021bia mea\u00a0Anastasia, avem trei copii. Din Aprilie 2007 am oferit r\u0103spunsuri din Biblie pe acest site la \u00eentreb\u0103ri adresate de cititori. Mai mult despre mine citi\u021bi\u00a0aici.","url":"https:\/\/moldovacrestina.md\/fr\/author\/vasile-filat\/"}]}},"jetpack_featured_media_url":"https:\/\/moldovacrestina.md\/wp-content\/uploads\/2017\/12\/casat.civila.jpg","video_meta":false,"featured_image":"https:\/\/moldovacrestina.md\/wp-content\/uploads\/2017\/12\/casat.civila.jpg","wpml":{"language_code":"fr","locale":"fr_FR","text_direction":false,"display_name":"Fran\u00e7ais","native_name":"Francez\u0103","different_language":false},"jetpack-related-posts":[{"id":363051,"url":"https:\/\/moldovacrestina.md\/nu-va-strangeti-comori-pe-pamant\/","url_meta":{"origin":66379,"position":0},"title":"Nu v\u0103 str\u00e2nge\u0163i comori pe p\u0103m\u00e2nt","author":"Vasile Filat","date":"30 juin 2025","format":false,"excerpt":"Nu v\u0103 str\u00e2nge\u0163i comori pe p\u0103m\u00e2nt, unde le m\u0103n\u00e2nc\u0103 moliile \u0219i rugina \u0219i unde le sap\u0103 \u0219i le fur\u0103 ho\u0163ii; ci str\u00e2nge\u0163i-v\u0103 comori \u00een cer, unde nu le m\u0103n\u00e2nc\u0103 moliile \u0219i rugina \u0219i unde ho\u0163ii nu le sap\u0103, nici nu le fur\u0103. Pentru c\u0103 unde este comoara voastr\u0103, acolo va\u2026","rel":"","context":"<span class=\"jp-relatedposts-post-author\">Vasile Filat<\/span>","block_context":{"text":"MCTV","link":"https:\/\/moldovacrestina.md\/mctv\/"},"img":{"alt_text":"","src":"https:\/\/i0.wp.com\/cdn.moldovacrestina.md\/2025\/06\/37bfde08-jhxbg90vu-c.jpg?resize=350%2C200&ssl=1","width":350,"height":200,"srcset":"https:\/\/i0.wp.com\/cdn.moldovacrestina.md\/2025\/06\/37bfde08-jhxbg90vu-c.jpg?resize=350%2C200&ssl=1 1x, https:\/\/i0.wp.com\/cdn.moldovacrestina.md\/2025\/06\/37bfde08-jhxbg90vu-c.jpg?resize=525%2C300&ssl=1 1.5x, https:\/\/i0.wp.com\/cdn.moldovacrestina.md\/2025\/06\/37bfde08-jhxbg90vu-c.jpg?resize=700%2C400&ssl=1 2x, https:\/\/i0.wp.com\/cdn.moldovacrestina.md\/2025\/06\/37bfde08-jhxbg90vu-c.jpg?resize=1050%2C600&ssl=1 3x"},"classes":[]},{"id":361261,"url":"https:\/\/moldovacrestina.md\/probleme-necazuri-si-ciori-care-se-tin-dupa-tine-vasile-filat\/","url_meta":{"origin":66379,"position":1},"title":"Probleme, necazuri \u0219i ciori care se \u021bin dup\u0103 tine\u2026 &#8211; Vasile Filat","author":"Vasile Filat","date":"1 novembre 2024","format":false,"excerpt":"\u00ceNTREBAREA: P\u0103rinte, de mul\u021bi ani m\u0103 confrunt numai cu necazuri \u0219i probleme. Nu doar asta, dar \u00een fiecare zi sunt \u0219i ciori care se \u021bin dup\u0103 mine \u0219i simt c\u0103 nimic nu m\u0103 mai mul\u021bume\u0219te. Vreau s\u0103 \u0219tiu care ar fi problema? Simt c\u0103 nu mai pot. Mul\u021bumesc din suflet.\u2026","rel":"","context":"<span class=\"jp-relatedposts-post-author\">Vasile Filat<\/span>","block_context":{"text":"Doctrine","link":"https:\/\/moldovacrestina.md\/doctrine\/"},"img":{"alt_text":"","src":"https:\/\/i0.wp.com\/cdn.moldovacrestina.md\/2024\/11\/56a16de6-screenshot-2024-11-01-at-09.20.42.png?resize=350%2C200&ssl=1","width":350,"height":200,"srcset":"https:\/\/i0.wp.com\/cdn.moldovacrestina.md\/2024\/11\/56a16de6-screenshot-2024-11-01-at-09.20.42.png?resize=350%2C200&ssl=1 1x, https:\/\/i0.wp.com\/cdn.moldovacrestina.md\/2024\/11\/56a16de6-screenshot-2024-11-01-at-09.20.42.png?resize=525%2C300&ssl=1 1.5x, https:\/\/i0.wp.com\/cdn.moldovacrestina.md\/2024\/11\/56a16de6-screenshot-2024-11-01-at-09.20.42.png?resize=700%2C400&ssl=1 2x, https:\/\/i0.wp.com\/cdn.moldovacrestina.md\/2024\/11\/56a16de6-screenshot-2024-11-01-at-09.20.42.png?resize=1050%2C600&ssl=1 3x, https:\/\/i0.wp.com\/cdn.moldovacrestina.md\/2024\/11\/56a16de6-screenshot-2024-11-01-at-09.20.42.png?resize=1400%2C800&ssl=1 4x"},"classes":[]},{"id":363310,"url":"https:\/\/moldovacrestina.md\/nici-la-moartea-parintilor-nu-va-oferi-mancare-cuiva\/","url_meta":{"origin":66379,"position":2},"title":"Nici la moartea p\u0103rin\u021bilor nu va oferi m\u00e2ncare cuiva\u2026","author":"Moldova Cre\u0219tin\u0103","date":"25 juillet 2025","format":false,"excerpt":"\u00ceNTREBARE: Pace, frate! Am \u0219i eu o nedumerire. M\u0103 contraziceam cu tata: \u00een caz de o \u00eenmorm\u00e2ntare, eu am zis c\u0103 nu a\u0219 da nici m\u0103car pr\u0103jituri \u0219i nici suc. Am zis doar ap\u0103, ca s\u0103 nu \u00eei fie cuiva sete. Tata mi-a zis s\u0103 vorbesc cu un predicator poc\u0103it\u2026","rel":"","context":"<span class=\"jp-relatedposts-post-author\">Moldova Cre\u0219tin\u0103<\/span>","block_context":{"text":"MCTV","link":"https:\/\/moldovacrestina.md\/mctv\/"},"img":{"alt_text":"","src":"https:\/\/i0.wp.com\/cdn.moldovacrestina.md\/2025\/07\/ba7ab153-h1zvfmsmux8.jpg?resize=350%2C200&ssl=1","width":350,"height":200,"srcset":"https:\/\/i0.wp.com\/cdn.moldovacrestina.md\/2025\/07\/ba7ab153-h1zvfmsmux8.jpg?resize=350%2C200&ssl=1 1x, https:\/\/i0.wp.com\/cdn.moldovacrestina.md\/2025\/07\/ba7ab153-h1zvfmsmux8.jpg?resize=525%2C300&ssl=1 1.5x, https:\/\/i0.wp.com\/cdn.moldovacrestina.md\/2025\/07\/ba7ab153-h1zvfmsmux8.jpg?resize=700%2C400&ssl=1 2x, https:\/\/i0.wp.com\/cdn.moldovacrestina.md\/2025\/07\/ba7ab153-h1zvfmsmux8.jpg?resize=1050%2C600&ssl=1 3x"},"classes":[]},{"id":102084,"url":"https:\/\/moldovacrestina.md\/ru\/video-kak-postupat-khristianinu-spor\/","url_meta":{"origin":66379,"position":3},"title":"(\u0412\u0418\u0414\u0415\u041e) \u041a\u0430\u043a \u043f\u043e\u0441\u0442\u0443\u043f\u0430\u0442\u044c \u0445\u0440\u0438\u0441\u0442\u0438\u0430\u043d\u0438\u043d\u0443-\u0441\u043f\u043e\u0440\u0442\u0441\u043c\u0435\u043d\u0443 \u0438\u043b\u0438 \u0442\u0440\u0435\u043d\u0435\u0440\u0443, \u043a\u043e\u0433\u0434\u0430 \u0441\u043e\u0440\u0435\u0432\u043d\u043e\u0432\u0430\u043d\u0438\u044f \u043f\u0440\u043e\u0445\u043e\u0434\u044f\u0442 \u0432 \u0432\u043e\u0441\u043a\u0440\u0435\u0441\u0435\u043d\u044c\u0435?","author":"Vasile Filat","date":"17 ao\u00fbt 2016","format":false,"excerpt":"\u00a0 \u041f\u0440\u043e\u0432\u0435\u0434\u0438\u0442\u0435 \u043f\u043e\u043a\u043b\u043e\u043d\u0435\u043d\u0438\u0435 \u0442\u0430\u043c \u0441 \u043a\u043e\u043c\u0430\u043d\u0434\u043e\u0439. \u041f\u043e\u0434\u0443\u043c\u0430\u0439\u0442\u0435 \u043e \u0442\u043e\u043c, \u0447\u0442\u043e\u0431\u044b \u043f\u0440\u043e\u0432\u0435\u0441\u0442\u0438 \u0441\u043b\u0443\u0436\u0435\u043d\u0438\u0435 \u0442\u0430\u043c, \u0433\u0434\u0435 \u0432\u044b \u043d\u0430\u0445\u043e\u0434\u0438\u0442\u0435\u0441\u044c \u043f\u0435\u0440\u0435\u0434 \u0441\u043e\u0440\u0435\u0432\u043d\u043e\u0432\u0430\u043d\u0438\u044f\u043c\u0438, \u043f\u0435\u0440\u0435\u0434 \u0442\u0440\u0435\u043d\u0438\u0440\u043e\u0432\u043a\u043e\u0439. \u041f\u043e\u0434\u0443\u043c\u0430\u0439\u0442\u0435 \u043e \u0442\u043e\u043c, \u0447\u0442\u043e \u0443 \u0432\u0430\u0441 \u0435\u0441\u0442\u044c \u043f\u0440\u0435\u043a\u0440\u0430\u0441\u043d\u0430\u044f \u0432\u043e\u0437\u043c\u043e\u0436\u043d\u043e\u0441\u0442\u044c \u043f\u0440\u043e\u043f\u043e\u0432\u0435\u0434\u043e\u0432\u0430\u0442\u044c \u0415\u0432\u0430\u043d\u0433\u0435\u043b\u0438\u0435. \u00a0 [fbvideo link=\"https:\/\/www.facebook.com\/pastor.vasile.filat\/videos\/1759336784345002\/\" width=\"668\" height=\"430.40\" onlyvideo=\"1\"]","rel":"","context":"<span class=\"jp-relatedposts-post-author\">Vasile Filat<\/span>","block_context":{"text":"\u041e\u0442\u0432\u0435\u0442\u044b \u0438\u0437 \u0411\u0438\u0431\u043b\u0438\u0438","link":"https:\/\/moldovacrestina.md\/ru\/otvety-iz-biblii-ru\/"},"img":{"alt_text":"","src":"","width":0,"height":0},"classes":[]},{"id":362642,"url":"https:\/\/moldovacrestina.md\/patru-probleme-rezolvate-in-joia-patimilor\/","url_meta":{"origin":66379,"position":4},"title":"Patru probleme rezolvate \u00een Joia Patimilor","author":"Moldova Cre\u0219tin\u0103","date":"18 avril 2025","format":false,"excerpt":"\u00cen Joia Patimilor, Domnul Isus a rezolvat patru dintre cele mai grele probleme ale omenirii. Descoper\u0103 cum aceast\u0103 zi \u00ee\u021bi poate schimba via\u021ba! \u2753Pune o \u00eentrebare: https:\/\/moldovacrestina.md\/ask-the-pastor sau la email contact@moldovacrestina.md \ud83c\udf81 Devino membru \u0219i sus\u021bine lucrarea Moldova Cre\u0219tin\u0103: https:\/\/www.youtube.com\/@Moldova_Crestina\/join \ud83d\udecdCupon special: moldovacrestina15 \u2014 15% reducere la toate manualele disponibile\u2026","rel":"","context":"<span class=\"jp-relatedposts-post-author\">Moldova Cre\u0219tin\u0103<\/span>","block_context":{"text":"MCTV","link":"https:\/\/moldovacrestina.md\/mctv\/"},"img":{"alt_text":"","src":"https:\/\/i0.wp.com\/cdn.moldovacrestina.md\/2025\/04\/2ca5e4b3-0wdqmagza4w.jpg?resize=350%2C200&ssl=1","width":350,"height":200,"srcset":"https:\/\/i0.wp.com\/cdn.moldovacrestina.md\/2025\/04\/2ca5e4b3-0wdqmagza4w.jpg?resize=350%2C200&ssl=1 1x, https:\/\/i0.wp.com\/cdn.moldovacrestina.md\/2025\/04\/2ca5e4b3-0wdqmagza4w.jpg?resize=525%2C300&ssl=1 1.5x, https:\/\/i0.wp.com\/cdn.moldovacrestina.md\/2025\/04\/2ca5e4b3-0wdqmagza4w.jpg?resize=700%2C400&ssl=1 2x, https:\/\/i0.wp.com\/cdn.moldovacrestina.md\/2025\/04\/2ca5e4b3-0wdqmagza4w.jpg?resize=1050%2C600&ssl=1 3x"},"classes":[]},{"id":363768,"url":"https:\/\/moldovacrestina.md\/clarificari-cu-privire-la-video-de-la-conflictele-dintr-o-biserica-si-predicile-mele\/","url_meta":{"origin":66379,"position":5},"title":"Clarific\u0103ri cu privire la video de la  conflictele dintr-o biseric\u0103 \u0219i predicile mele","author":"Moldova Cre\u0219tin\u0103","date":"13 octobre 2025","format":false,"excerpt":"y-live","rel":"","context":"<span class=\"jp-relatedposts-post-author\">Moldova Cre\u0219tin\u0103<\/span>","block_context":{"text":"MCTV","link":"https:\/\/moldovacrestina.md\/mctv\/"},"img":{"alt_text":"","src":"https:\/\/i0.wp.com\/cdn.moldovacrestina.md\/2025\/10\/0383a360-3eytttxdsw4.jpg?resize=350%2C200&ssl=1","width":350,"height":200},"classes":[]}],"jetpack_sharing_enabled":true,"_links":{"self":[{"href":"https:\/\/moldovacrestina.md\/fr\/wp-json\/wp\/v2\/posts\/66379","targetHints":{"allow":["GET"]}}],"collection":[{"href":"https:\/\/moldovacrestina.md\/fr\/wp-json\/wp\/v2\/posts"}],"about":[{"href":"https:\/\/moldovacrestina.md\/fr\/wp-json\/wp\/v2\/types\/post"}],"author":[{"embeddable":true,"href":"https:\/\/moldovacrestina.md\/fr\/wp-json\/wp\/v2\/users\/46"}],"replies":[{"embeddable":true,"href":"https:\/\/moldovacrestina.md\/fr\/wp-json\/wp\/v2\/comments?post=66379"}],"version-history":[{"count":0,"href":"https:\/\/moldovacrestina.md\/fr\/wp-json\/wp\/v2\/posts\/66379\/revisions"}],"wp:featuredmedia":[{"embeddable":true,"href":"https:\/\/moldovacrestina.md\/fr\/wp-json\/wp\/v2\/media\/66383"}],"wp:attachment":[{"href":"https:\/\/moldovacrestina.md\/fr\/wp-json\/wp\/v2\/media?parent=66379"}],"wp:term":[{"taxonomy":"category","embeddable":true,"href":"https:\/\/moldovacrestina.md\/fr\/wp-json\/wp\/v2\/categories?post=66379"},{"taxonomy":"post_tag","embeddable":true,"href":"https:\/\/moldovacrestina.md\/fr\/wp-json\/wp\/v2\/tags?post=66379"}],"curies":[{"name":"wp","href":"https:\/\/api.w.org\/{rel}","templated":true}]}}