{"id":66346,"date":"2012-12-20T08:51:57","date_gmt":"2012-12-20T06:51:57","guid":{"rendered":"https:\/\/moldovacrestina.md\/choix-des-pasteurs-et-diacres-par-vote-eglise"},"modified":"2017-05-03T18:44:47","modified_gmt":"2017-05-03T16:44:47","slug":"choix-des-pasteurs-et-diacres-par-vote-eglise","status":"publish","type":"post","link":"https:\/\/moldovacrestina.md\/fr\/choix-des-pasteurs-et-diacres-par-vote-eglise\/","title":{"rendered":"Est-ce biblique le choix des pasteurs et diacres par le vote de l\u2019\u00e9glise?"},"content":{"rendered":"<p style=\"text-align: justify\">\n<p>\u00a0<\/p>\n<p><img decoding=\"async\" class=\"aligncenter size-full img-resp\" alt=\"Ordinarea pastorului Andrie\u0219 T\" src=\"http:\/\/moldovacrestina.net\/french\/wp-content\/uploads\/2012\/12\/Ordinarea-pastorului-Andrie%C8%99-T.jpg\"><\/p>\n<p>Question:<\/p>\n<blockquote class=\"td_quote_box td_box_center\">\n<p>Quel est votre avis concernant le choix des pasteurs et des diacres par le vote des membres de l\u2019\u00e9glise respective? Est-ce correcte du point de vue biblique?<\/p>\n<\/blockquote>\n<p>Les ap\u00f4tres ont \u00e9t\u00e9 \u00e9lus et appel\u00e9s \u00e0 ce service divin par le Seigneur J\u00e9sus Christ. Pour la premi\u00e8re fois que\u00a0 l\u2019\u00e9glise a particip\u00e9 au choix des ministres de l\u2019\u00e9glise, c\u2019\u00e9tait sur le choix des diacres de l\u2019\u00e9glise de J\u00e9rusalem. L\u2019\u00e9v\u00e9nement est rapport\u00e9 avec d\u00e9tails dans le livre Actes de la Bible, voici le passage :<\/p>\n<blockquote class=\"td_quote_box td_box_center\">\n<p>En ce temps-l\u00e0, le nombre des disciples augmentant, les Hell\u00e9nistes murmur\u00e8rent contre les H\u00e9breux, parce que leurs veuves \u00e9taient n\u00e9glig\u00e9es dans la distribution qui se faisait chaque jour. Les douze convoqu\u00e8rent la multitude des disciples, et dirent : Il n\u2019est pas convenable que nous laissions la parole de Dieu pour servir aux tables. C\u2019est pourquoi, fr\u00e8res, choisissez parmi vous sept hommes, de qui l\u2019on rende un bon t\u00e9moignage, qui soient pleins d\u2019Esprit-Saint et de sagesse, et que nous chargerons de cet emploi. Et nous, nous continuerons \u00e0 nous appliquer \u00e0 la pri\u00e8re et au minist\u00e8re de la parole. Cette proposition plut \u00e0 toute l\u2019assembl\u00e9e. Ils \u00e9lurent Etienne, homme plein de foi et d\u2019Esprit-Saint, Philippe, Prochore, Nicanor, Timon, Parm\u00e9nas, et Nicolas, pros\u00e9lyte d\u2019Antioche. Ils les pr\u00e9sent\u00e8rent aux ap\u00f4tres, qui, apr\u00e8s avoir pri\u00e9, leur impos\u00e8rent les mains. (Actes 6:1-6)<\/p>\n<\/blockquote>\n<p>La croissance de l\u2019\u00e9glise a cr\u00e9\u00e9 le besoin pour l\u2019\u00e9tablissement des nouveaux serviteurs et puisqu\u2019ils devront servir \u00e0 toute l\u2019assembl\u00e9e chr\u00e9tienne, l\u2019ap\u00f4tre Paul a impliqu\u00e9 tout l\u2019assembl\u00e9e, en leur donnant la possibilit\u00e9 de choisir les personnes pour cette fonction. Les ap\u00f4tres ont pris l\u2019initiative d\u2019investir en fonction des ministres nouveaux, on \u00e9tablit et pr\u00e9sent\u00e9 \u00e0 l\u2019\u00e9glise les crit\u00e8res \u00e0 remplir. Puis, toute l\u2019assembl\u00e9e a \u00e9lu les personnes respectives en conformit\u00e9 avec ces crit\u00e8res et ils ont \u00e9t\u00e9 pr\u00e9sent\u00e9s aux ap\u00f4tres. Puis les ap\u00f4tres ont pri\u00e9 et ont approuv\u00e9 leur choix et la preuve de l\u2019approbation est le fait qu\u2019ils leur impos\u00e8rent les mains.<\/p>\n<p>A travers les v\u00e9rit\u00e9s de ce texte on doit comprendre les autres textes de la Bible\u00a0qui parlent sur le choix des ap\u00f4tres. Dans l\u2019\u00e9pitre \u00e0 Tite l\u2019ap\u00f4tre Paul dit :<\/p>\n<blockquote class=\"td_quote_box td_box_center\">\n<p>Je t\u2019ai laiss\u00e9 en Cr\u00e8te, afin que tu mettes en ordre ce qui reste \u00e0 r\u00e9gler, et que, selon mes instructions, tu \u00e9tablisses des anciens dans chaque ville, (Tite 1:5)<\/p>\n<\/blockquote>\n<p>Le fait que Tite devait \u00e9tablir des anciens dans chaque ville ne signifie pas qu\u2019il devait exclure la participation de l\u2019enti\u00e8re assembl\u00e9e chr\u00e9tienne \u00e0 cette proc\u00e9dure. Certainement pas. Tite, \u00e0 l\u2019instruction de Paul, avait l\u2019obligation d\u2019initier la proc\u00e9dure de choix des anciens, d\u2019\u00e9tablir les crit\u00e8res et de suivre la conformit\u00e9 de la proc\u00e9dure avec ces crit\u00e8res \u00e9tablis et de choisir seulement les personnes qui r\u00e9pondent \u00e0 tous les crit\u00e8res et qui seront \u00e9lu par l\u2019\u00e9glise.<\/p>\n<p>Il est possible que l\u2019assembl\u00e9e choisisse des hommes qui ne r\u00e9pondent pas aux crit\u00e8res. En parlant du danger des derniers temps, l\u2019ap\u00f4tre Paul a \u00e9crit :<\/p>\n<blockquote class=\"td_quote_box td_box_center\">\n<p>Je t\u2019en conjure devant Dieu et devant J\u00e9sus-Christ, qui doit juger les vivants et les morts, et au nom de son apparition et de son royaume, pr\u00eache la parole, insiste en toute occasion, favorable ou non, reprends, censure, exhorte, avec toute douceur et en instruisant. Car il viendra un temps o\u00f9 les hommes ne supporteront pas la saine doctrine; mais, ayant la d\u00e9mangeaison d\u2019entendre des choses agr\u00e9ables, ils se donneront une foule de docteurs selon leurs propres d\u00e9sirs, d\u00e9tourneront l\u2019oreille de la v\u00e9rit\u00e9, et se tourneront vers les fables. Mais toi, sois sobre en toutes choses, supporte les souffrances, fais l\u2019oeuvre d\u2019un \u00e9vang\u00e9liste, remplis bien ton minist\u00e8re. (2 Timoth\u00e9e 4:1-5)<\/p>\n<\/blockquote>\n<p>Juste le fait que les hommes ont la tendance de choisir les personnes qui leur veulent du bien, l\u2019ap\u00f4tre Paul a dit au Timoth\u00e9e d\u2019\u00eatre sobre et de ne pas accepter quelque chose comme \u00e7a. Dans la premi\u00e8re \u00e9pitre \u00e0 Timoth\u00e9e l\u2019ap\u00f4tre Paul a \u00e9crit ainsi:<\/p>\n<blockquote class=\"td_quote_box td_box_center\">\n<p>N\u2019impose les mains \u00e0 personne avec pr\u00e9cipitation, et ne participe pas aux p\u00e9ch\u00e9s d\u2019autrui; toi-m\u00eame, conserve-toi pur. (1 Timoth\u00e9e 5:22)<\/p>\n<\/blockquote>\n<p>Donc, si l\u2019assembl\u00e9e choisisse en qualit\u00e9 des serviteurs qui ne remplit pas les conditions demand\u00e9s par Dieu dans les Saints Ecritures, les serviteurs de l\u2019\u00e9glise sont avertis de ne pas les proposer en tant que candidat comme serviteurs, de ne pas leurs imposer les mains, parce qu\u2019ils participeraient ainsi aux p\u00e9ch\u00e9s et menaceraient l\u2019\u00e9glise locale.<\/p>\n<p>Dans la proc\u00e9dure de choix, nous avons vu que l\u2019initiative vient des serviteurs, mais toute l\u2019assembl\u00e9e choisissent en conformit\u00e9 avec les crit\u00e8res \u00e9tablies par Dieu dans les Ecriture. Puis, les serviteurs qui existent dans l\u2019\u00e9glise ont la responsabilit\u00e9 de v\u00e9rifier si les candidats propos\u00e9s par l\u2019\u00e9glise correspondent aux crit\u00e8res bibliques et puis ils leur imposent les mains.<\/p>\n<p><em>L\u2019article a \u00e9t\u00e9 traduit par Irina Batin.<\/em><\/p><\/p>\n","protected":false},"excerpt":{"rendered":"<p>\u00a0 Question: Quel est votre avis concernant le choix des pasteurs et des diacres par le vote des membres de l\u2019\u00e9glise respective? Est-ce correcte du point de vue biblique? Les ap\u00f4tres ont \u00e9t\u00e9 \u00e9lus et appel\u00e9s \u00e0 ce service divin par le Seigneur J\u00e9sus Christ. Pour la premi\u00e8re fois que\u00a0 l\u2019\u00e9glise a particip\u00e9 au choix [&hellip;]<\/p>\n","protected":false},"author":46,"featured_media":66348,"comment_status":"closed","ping_status":"closed","sticky":false,"template":"","format":"standard","meta":{"_acf_changed":false,"inline_featured_image":false,"_monsterinsights_skip_tracking":false,"_monsterinsights_sitenote_active":false,"_monsterinsights_sitenote_note":"","_monsterinsights_sitenote_category":0,"_genesis_hide_title":false,"_genesis_hide_breadcrumbs":false,"_genesis_hide_singular_image":false,"_genesis_hide_footer_widgets":false,"_genesis_custom_body_class":"","_genesis_custom_post_class":"","_genesis_layout":"","ep_exclude_from_search":false,"_jetpack_memberships_contains_paid_content":false,"footnotes":""},"categories":[29840],"tags":[13212,13213],"class_list":{"0":"post-66346","1":"post","2":"type-post","3":"status-publish","4":"format-standard","5":"has-post-thumbnail","7":"category-reponses-de-la-bible","8":"tag-etablir-des-anciens","9":"tag-imposer-les-mains","10":"entry"},"acf":[],"yoast_head":"<!-- This site is optimized with the Yoast SEO Premium plugin v26.5 (Yoast SEO v27.4) - https:\/\/yoast.com\/product\/yoast-seo-premium-wordpress\/ -->\n<title>La proc\u00e9dure de choix des serviteurs par vote dans l\u2019\u00e9glise<\/title>\n<meta name=\"description\" content=\"Lisez dans cet article sur la proc\u00e9dure de choix des serviteurs dans l&#039;\u00e9glise. Lisez s&#039;il est biblique qu&#039;ils soit elu par le vote de l&#039;\u00e9glise.\" \/>\n<meta name=\"robots\" content=\"index, follow, max-snippet:-1, max-image-preview:large, max-video-preview:-1\" \/>\n<link rel=\"canonical\" href=\"https:\/\/moldovacrestina.md\/fr\/choix-des-pasteurs-et-diacres-par-vote-eglise\/\" \/>\n<meta property=\"og:locale\" content=\"fr_FR\" \/>\n<meta property=\"og:type\" content=\"article\" \/>\n<meta property=\"og:title\" content=\"Est-ce biblique le choix des pasteurs et diacres par le vote de l\u2019\u00e9glise?\" \/>\n<meta property=\"og:description\" content=\"Lisez dans cet article sur la proc\u00e9dure de choix des serviteurs dans l&#039;\u00e9glise. Lisez s&#039;il est biblique qu&#039;ils soit elu par le vote de l&#039;\u00e9glise.\" \/>\n<meta property=\"og:url\" content=\"https:\/\/moldovacrestina.md\/fr\/choix-des-pasteurs-et-diacres-par-vote-eglise\/\" \/>\n<meta property=\"og:site_name\" content=\"Moldova Cre\u0219tin\u0103\" \/>\n<meta property=\"article:publisher\" content=\"https:\/\/www.facebook.com\/moldovacrestina\/\" \/>\n<meta property=\"article:published_time\" content=\"2012-12-20T06:51:57+00:00\" \/>\n<meta property=\"article:modified_time\" content=\"2017-05-03T16:44:47+00:00\" \/>\n<meta property=\"og:image\" content=\"https:\/\/cdn.moldovacrestina.md\/2017\/12\/Ordinarea-pastorului-Andrie%C8%99-T.jpg\" \/>\n\t<meta property=\"og:image:width\" content=\"640\" \/>\n\t<meta property=\"og:image:height\" content=\"480\" \/>\n\t<meta property=\"og:image:type\" content=\"image\/jpeg\" \/>\n<meta name=\"author\" content=\"Vasile Filat\" \/>\n<meta name=\"twitter:card\" content=\"summary_large_image\" \/>\n<meta name=\"twitter:creator\" content=\"@moldovacrestina\" \/>\n<meta name=\"twitter:site\" content=\"@moldovacrestina\" \/>\n<meta name=\"twitter:label1\" content=\"\u00c9crit par\" \/>\n\t<meta name=\"twitter:data1\" content=\"Vasile Filat\" \/>\n\t<meta name=\"twitter:label2\" content=\"Dur\u00e9e de lecture estim\u00e9e\" \/>\n\t<meta name=\"twitter:data2\" content=\"5 minutes\" \/>\n<script type=\"application\/ld+json\" class=\"yoast-schema-graph\">{\"@context\":\"https:\\\/\\\/schema.org\",\"@graph\":[{\"@type\":\"Article\",\"@id\":\"https:\\\/\\\/moldovacrestina.md\\\/fr\\\/choix-des-pasteurs-et-diacres-par-vote-eglise\\\/#article\",\"isPartOf\":{\"@id\":\"https:\\\/\\\/moldovacrestina.md\\\/fr\\\/choix-des-pasteurs-et-diacres-par-vote-eglise\\\/\"},\"author\":{\"name\":\"Vasile Filat\",\"@id\":\"https:\\\/\\\/moldovacrestina.md\\\/fr\\\/#\\\/schema\\\/person\\\/04b204bbb582cc832c3d2424f5d27dc0\"},\"headline\":\"Est-ce biblique le choix des pasteurs et diacres par le vote de l\u2019\u00e9glise?\",\"datePublished\":\"2012-12-20T06:51:57+00:00\",\"dateModified\":\"2017-05-03T16:44:47+00:00\",\"mainEntityOfPage\":{\"@id\":\"https:\\\/\\\/moldovacrestina.md\\\/fr\\\/choix-des-pasteurs-et-diacres-par-vote-eglise\\\/\"},\"wordCount\":918,\"image\":{\"@id\":\"https:\\\/\\\/moldovacrestina.md\\\/fr\\\/choix-des-pasteurs-et-diacres-par-vote-eglise\\\/#primaryimage\"},\"thumbnailUrl\":\"https:\\\/\\\/moldovacrestina.md\\\/wp-content\\\/uploads\\\/2017\\\/12\\\/Ordinarea-pastorului-Andrie%C8%99-T.jpg\",\"keywords\":[\"\u00e9tablir des anciens\",\"imposer les mains\"],\"articleSection\":[\"R\u00e9ponses de la Bible\"],\"inLanguage\":\"fr-FR\"},{\"@type\":\"WebPage\",\"@id\":\"https:\\\/\\\/moldovacrestina.md\\\/fr\\\/choix-des-pasteurs-et-diacres-par-vote-eglise\\\/\",\"url\":\"https:\\\/\\\/moldovacrestina.md\\\/fr\\\/choix-des-pasteurs-et-diacres-par-vote-eglise\\\/\",\"name\":\"La proc\u00e9dure de choix des serviteurs par vote dans l\u2019\u00e9glise\",\"isPartOf\":{\"@id\":\"https:\\\/\\\/moldovacrestina.md\\\/fr\\\/#website\"},\"primaryImageOfPage\":{\"@id\":\"https:\\\/\\\/moldovacrestina.md\\\/fr\\\/choix-des-pasteurs-et-diacres-par-vote-eglise\\\/#primaryimage\"},\"image\":{\"@id\":\"https:\\\/\\\/moldovacrestina.md\\\/fr\\\/choix-des-pasteurs-et-diacres-par-vote-eglise\\\/#primaryimage\"},\"thumbnailUrl\":\"https:\\\/\\\/moldovacrestina.md\\\/wp-content\\\/uploads\\\/2017\\\/12\\\/Ordinarea-pastorului-Andrie%C8%99-T.jpg\",\"datePublished\":\"2012-12-20T06:51:57+00:00\",\"dateModified\":\"2017-05-03T16:44:47+00:00\",\"author\":{\"@id\":\"https:\\\/\\\/moldovacrestina.md\\\/fr\\\/#\\\/schema\\\/person\\\/04b204bbb582cc832c3d2424f5d27dc0\"},\"description\":\"Lisez dans cet article sur la proc\u00e9dure de choix des serviteurs dans l'\u00e9glise. Lisez s'il est biblique qu'ils soit elu par le vote de l'\u00e9glise.\",\"breadcrumb\":{\"@id\":\"https:\\\/\\\/moldovacrestina.md\\\/fr\\\/choix-des-pasteurs-et-diacres-par-vote-eglise\\\/#breadcrumb\"},\"inLanguage\":\"fr-FR\",\"potentialAction\":[{\"@type\":\"ReadAction\",\"target\":[\"https:\\\/\\\/moldovacrestina.md\\\/fr\\\/choix-des-pasteurs-et-diacres-par-vote-eglise\\\/\"]}]},{\"@type\":\"ImageObject\",\"inLanguage\":\"fr-FR\",\"@id\":\"https:\\\/\\\/moldovacrestina.md\\\/fr\\\/choix-des-pasteurs-et-diacres-par-vote-eglise\\\/#primaryimage\",\"url\":\"https:\\\/\\\/moldovacrestina.md\\\/wp-content\\\/uploads\\\/2017\\\/12\\\/Ordinarea-pastorului-Andrie%C8%99-T.jpg\",\"contentUrl\":\"https:\\\/\\\/moldovacrestina.md\\\/wp-content\\\/uploads\\\/2017\\\/12\\\/Ordinarea-pastorului-Andrie%C8%99-T.jpg\",\"width\":640,\"height\":480},{\"@type\":\"BreadcrumbList\",\"@id\":\"https:\\\/\\\/moldovacrestina.md\\\/fr\\\/choix-des-pasteurs-et-diacres-par-vote-eglise\\\/#breadcrumb\",\"itemListElement\":[{\"@type\":\"ListItem\",\"position\":1,\"name\":\"Prima pagin\u0103\",\"item\":\"https:\\\/\\\/moldovacrestina.md\\\/fr\\\/\"},{\"@type\":\"ListItem\",\"position\":2,\"name\":\"R\u00e9ponses de la Bible\",\"item\":\"https:\\\/\\\/moldovacrestina.md\\\/fr\\\/reponses-de-la-bible\\\/\"},{\"@type\":\"ListItem\",\"position\":3,\"name\":\"Est-ce biblique le choix des pasteurs et diacres par le vote de l\u2019\u00e9glise?\"}]},{\"@type\":\"WebSite\",\"@id\":\"https:\\\/\\\/moldovacrestina.md\\\/fr\\\/#website\",\"url\":\"https:\\\/\\\/moldovacrestina.md\\\/fr\\\/\",\"name\":\"Moldova Cre\u0219tin\u0103\",\"description\":\"R\u0103spunsuri relevante \u0219i actuale din Biblie\",\"potentialAction\":[{\"@type\":\"SearchAction\",\"target\":{\"@type\":\"EntryPoint\",\"urlTemplate\":\"https:\\\/\\\/moldovacrestina.md\\\/fr\\\/?s={search_term_string}\"},\"query-input\":{\"@type\":\"PropertyValueSpecification\",\"valueRequired\":true,\"valueName\":\"search_term_string\"}}],\"inLanguage\":\"fr-FR\"},{\"@type\":\"Person\",\"@id\":\"https:\\\/\\\/moldovacrestina.md\\\/fr\\\/#\\\/schema\\\/person\\\/04b204bbb582cc832c3d2424f5d27dc0\",\"name\":\"Vasile Filat\",\"image\":{\"@type\":\"ImageObject\",\"inLanguage\":\"fr-FR\",\"@id\":\"https:\\\/\\\/secure.gravatar.com\\\/avatar\\\/2e02d082d139dd6eb634318c9cf2c3a8281db62f24f87a134adb4f2020e77ab3?s=96&d=mm&r=g\",\"url\":\"https:\\\/\\\/secure.gravatar.com\\\/avatar\\\/2e02d082d139dd6eb634318c9cf2c3a8281db62f24f87a134adb4f2020e77ab3?s=96&d=mm&r=g\",\"contentUrl\":\"https:\\\/\\\/secure.gravatar.com\\\/avatar\\\/2e02d082d139dd6eb634318c9cf2c3a8281db62f24f87a134adb4f2020e77ab3?s=96&d=mm&r=g\",\"caption\":\"Vasile Filat\"},\"description\":\"P\u0103storesc\u00a0Biserica Bunavestire din Chi\u0219in\u0103u, predau Cuv\u00e2ntul lui Dumnezeu la\u00a0Institutul de Studiu Biblic Inductiv din Eurasia\u00a0\u0219i conduc\u00a0Asocia\u021bia \\\"\u00cenv\u0103\u021b\u0103tur\u0103 din Cuv\u00e2nt - Precept Ministries\\\" din Moldova. \u00cempreun\u0103 cu so\u021bia mea\u00a0Anastasia, avem trei copii. Din Aprilie 2007 am oferit r\u0103spunsuri din Biblie pe acest site la \u00eentreb\u0103ri adresate de cititori. Mai mult despre mine citi\u021bi\u00a0aici.\",\"url\":\"https:\\\/\\\/moldovacrestina.md\\\/fr\\\/author\\\/vasile-filat\\\/\"}]}<\/script>\n<!-- \/ Yoast SEO Premium plugin. -->","yoast_head_json":{"title":"La proc\u00e9dure de choix des serviteurs par vote dans l\u2019\u00e9glise","description":"Lisez dans cet article sur la proc\u00e9dure de choix des serviteurs dans l'\u00e9glise. Lisez s'il est biblique qu'ils soit elu par le vote de l'\u00e9glise.","robots":{"index":"index","follow":"follow","max-snippet":"max-snippet:-1","max-image-preview":"max-image-preview:large","max-video-preview":"max-video-preview:-1"},"canonical":"https:\/\/moldovacrestina.md\/fr\/choix-des-pasteurs-et-diacres-par-vote-eglise\/","og_locale":"fr_FR","og_type":"article","og_title":"Est-ce biblique le choix des pasteurs et diacres par le vote de l\u2019\u00e9glise?","og_description":"Lisez dans cet article sur la proc\u00e9dure de choix des serviteurs dans l'\u00e9glise. Lisez s'il est biblique qu'ils soit elu par le vote de l'\u00e9glise.","og_url":"https:\/\/moldovacrestina.md\/fr\/choix-des-pasteurs-et-diacres-par-vote-eglise\/","og_site_name":"Moldova Cre\u0219tin\u0103","article_publisher":"https:\/\/www.facebook.com\/moldovacrestina\/","article_published_time":"2012-12-20T06:51:57+00:00","article_modified_time":"2017-05-03T16:44:47+00:00","og_image":[{"width":640,"height":480,"url":"https:\/\/cdn.moldovacrestina.md\/2017\/12\/Ordinarea-pastorului-Andrie%C8%99-T.jpg","type":"image\/jpeg"}],"author":"Vasile Filat","twitter_card":"summary_large_image","twitter_creator":"@moldovacrestina","twitter_site":"@moldovacrestina","twitter_misc":{"\u00c9crit par":"Vasile Filat","Dur\u00e9e de lecture estim\u00e9e":"5 minutes"},"schema":{"@context":"https:\/\/schema.org","@graph":[{"@type":"Article","@id":"https:\/\/moldovacrestina.md\/fr\/choix-des-pasteurs-et-diacres-par-vote-eglise\/#article","isPartOf":{"@id":"https:\/\/moldovacrestina.md\/fr\/choix-des-pasteurs-et-diacres-par-vote-eglise\/"},"author":{"name":"Vasile Filat","@id":"https:\/\/moldovacrestina.md\/fr\/#\/schema\/person\/04b204bbb582cc832c3d2424f5d27dc0"},"headline":"Est-ce biblique le choix des pasteurs et diacres par le vote de l\u2019\u00e9glise?","datePublished":"2012-12-20T06:51:57+00:00","dateModified":"2017-05-03T16:44:47+00:00","mainEntityOfPage":{"@id":"https:\/\/moldovacrestina.md\/fr\/choix-des-pasteurs-et-diacres-par-vote-eglise\/"},"wordCount":918,"image":{"@id":"https:\/\/moldovacrestina.md\/fr\/choix-des-pasteurs-et-diacres-par-vote-eglise\/#primaryimage"},"thumbnailUrl":"https:\/\/moldovacrestina.md\/wp-content\/uploads\/2017\/12\/Ordinarea-pastorului-Andrie%C8%99-T.jpg","keywords":["\u00e9tablir des anciens","imposer les mains"],"articleSection":["R\u00e9ponses de la Bible"],"inLanguage":"fr-FR"},{"@type":"WebPage","@id":"https:\/\/moldovacrestina.md\/fr\/choix-des-pasteurs-et-diacres-par-vote-eglise\/","url":"https:\/\/moldovacrestina.md\/fr\/choix-des-pasteurs-et-diacres-par-vote-eglise\/","name":"La proc\u00e9dure de choix des serviteurs par vote dans l\u2019\u00e9glise","isPartOf":{"@id":"https:\/\/moldovacrestina.md\/fr\/#website"},"primaryImageOfPage":{"@id":"https:\/\/moldovacrestina.md\/fr\/choix-des-pasteurs-et-diacres-par-vote-eglise\/#primaryimage"},"image":{"@id":"https:\/\/moldovacrestina.md\/fr\/choix-des-pasteurs-et-diacres-par-vote-eglise\/#primaryimage"},"thumbnailUrl":"https:\/\/moldovacrestina.md\/wp-content\/uploads\/2017\/12\/Ordinarea-pastorului-Andrie%C8%99-T.jpg","datePublished":"2012-12-20T06:51:57+00:00","dateModified":"2017-05-03T16:44:47+00:00","author":{"@id":"https:\/\/moldovacrestina.md\/fr\/#\/schema\/person\/04b204bbb582cc832c3d2424f5d27dc0"},"description":"Lisez dans cet article sur la proc\u00e9dure de choix des serviteurs dans l'\u00e9glise. Lisez s'il est biblique qu'ils soit elu par le vote de l'\u00e9glise.","breadcrumb":{"@id":"https:\/\/moldovacrestina.md\/fr\/choix-des-pasteurs-et-diacres-par-vote-eglise\/#breadcrumb"},"inLanguage":"fr-FR","potentialAction":[{"@type":"ReadAction","target":["https:\/\/moldovacrestina.md\/fr\/choix-des-pasteurs-et-diacres-par-vote-eglise\/"]}]},{"@type":"ImageObject","inLanguage":"fr-FR","@id":"https:\/\/moldovacrestina.md\/fr\/choix-des-pasteurs-et-diacres-par-vote-eglise\/#primaryimage","url":"https:\/\/moldovacrestina.md\/wp-content\/uploads\/2017\/12\/Ordinarea-pastorului-Andrie%C8%99-T.jpg","contentUrl":"https:\/\/moldovacrestina.md\/wp-content\/uploads\/2017\/12\/Ordinarea-pastorului-Andrie%C8%99-T.jpg","width":640,"height":480},{"@type":"BreadcrumbList","@id":"https:\/\/moldovacrestina.md\/fr\/choix-des-pasteurs-et-diacres-par-vote-eglise\/#breadcrumb","itemListElement":[{"@type":"ListItem","position":1,"name":"Prima pagin\u0103","item":"https:\/\/moldovacrestina.md\/fr\/"},{"@type":"ListItem","position":2,"name":"R\u00e9ponses de la Bible","item":"https:\/\/moldovacrestina.md\/fr\/reponses-de-la-bible\/"},{"@type":"ListItem","position":3,"name":"Est-ce biblique le choix des pasteurs et diacres par le vote de l\u2019\u00e9glise?"}]},{"@type":"WebSite","@id":"https:\/\/moldovacrestina.md\/fr\/#website","url":"https:\/\/moldovacrestina.md\/fr\/","name":"Moldova Cre\u0219tin\u0103","description":"R\u0103spunsuri relevante \u0219i actuale din Biblie","potentialAction":[{"@type":"SearchAction","target":{"@type":"EntryPoint","urlTemplate":"https:\/\/moldovacrestina.md\/fr\/?s={search_term_string}"},"query-input":{"@type":"PropertyValueSpecification","valueRequired":true,"valueName":"search_term_string"}}],"inLanguage":"fr-FR"},{"@type":"Person","@id":"https:\/\/moldovacrestina.md\/fr\/#\/schema\/person\/04b204bbb582cc832c3d2424f5d27dc0","name":"Vasile Filat","image":{"@type":"ImageObject","inLanguage":"fr-FR","@id":"https:\/\/secure.gravatar.com\/avatar\/2e02d082d139dd6eb634318c9cf2c3a8281db62f24f87a134adb4f2020e77ab3?s=96&d=mm&r=g","url":"https:\/\/secure.gravatar.com\/avatar\/2e02d082d139dd6eb634318c9cf2c3a8281db62f24f87a134adb4f2020e77ab3?s=96&d=mm&r=g","contentUrl":"https:\/\/secure.gravatar.com\/avatar\/2e02d082d139dd6eb634318c9cf2c3a8281db62f24f87a134adb4f2020e77ab3?s=96&d=mm&r=g","caption":"Vasile Filat"},"description":"P\u0103storesc\u00a0Biserica Bunavestire din Chi\u0219in\u0103u, predau Cuv\u00e2ntul lui Dumnezeu la\u00a0Institutul de Studiu Biblic Inductiv din Eurasia\u00a0\u0219i conduc\u00a0Asocia\u021bia \"\u00cenv\u0103\u021b\u0103tur\u0103 din Cuv\u00e2nt - Precept Ministries\" din Moldova. \u00cempreun\u0103 cu so\u021bia mea\u00a0Anastasia, avem trei copii. Din Aprilie 2007 am oferit r\u0103spunsuri din Biblie pe acest site la \u00eentreb\u0103ri adresate de cititori. Mai mult despre mine citi\u021bi\u00a0aici.","url":"https:\/\/moldovacrestina.md\/fr\/author\/vasile-filat\/"}]}},"jetpack_featured_media_url":"https:\/\/moldovacrestina.md\/wp-content\/uploads\/2017\/12\/Ordinarea-pastorului-Andrie%C8%99-T.jpg","video_meta":false,"featured_image":"https:\/\/moldovacrestina.md\/wp-content\/uploads\/2017\/12\/Ordinarea-pastorului-Andrie%C8%99-T.jpg","wpml":{"language_code":"fr","locale":"fr_FR","text_direction":false,"display_name":"Fran\u00e7ais","native_name":"Francez\u0103","different_language":false},"jetpack-related-posts":[{"id":363051,"url":"https:\/\/moldovacrestina.md\/nu-va-strangeti-comori-pe-pamant\/","url_meta":{"origin":66346,"position":0},"title":"Nu v\u0103 str\u00e2nge\u0163i comori pe p\u0103m\u00e2nt","author":"Vasile Filat","date":"30 juin 2025","format":false,"excerpt":"Nu v\u0103 str\u00e2nge\u0163i comori pe p\u0103m\u00e2nt, unde le m\u0103n\u00e2nc\u0103 moliile \u0219i rugina \u0219i unde le sap\u0103 \u0219i le fur\u0103 ho\u0163ii; ci str\u00e2nge\u0163i-v\u0103 comori \u00een cer, unde nu le m\u0103n\u00e2nc\u0103 moliile \u0219i rugina \u0219i unde ho\u0163ii nu le sap\u0103, nici nu le fur\u0103. Pentru c\u0103 unde este comoara voastr\u0103, acolo va\u2026","rel":"","context":"<span class=\"jp-relatedposts-post-author\">Vasile Filat<\/span>","block_context":{"text":"MCTV","link":"https:\/\/moldovacrestina.md\/mctv\/"},"img":{"alt_text":"","src":"https:\/\/i0.wp.com\/cdn.moldovacrestina.md\/2025\/06\/37bfde08-jhxbg90vu-c.jpg?resize=350%2C200&ssl=1","width":350,"height":200,"srcset":"https:\/\/i0.wp.com\/cdn.moldovacrestina.md\/2025\/06\/37bfde08-jhxbg90vu-c.jpg?resize=350%2C200&ssl=1 1x, https:\/\/i0.wp.com\/cdn.moldovacrestina.md\/2025\/06\/37bfde08-jhxbg90vu-c.jpg?resize=525%2C300&ssl=1 1.5x, https:\/\/i0.wp.com\/cdn.moldovacrestina.md\/2025\/06\/37bfde08-jhxbg90vu-c.jpg?resize=700%2C400&ssl=1 2x, https:\/\/i0.wp.com\/cdn.moldovacrestina.md\/2025\/06\/37bfde08-jhxbg90vu-c.jpg?resize=1050%2C600&ssl=1 3x"},"classes":[]},{"id":362955,"url":"https:\/\/moldovacrestina.md\/de-ce-femeia-din-soroca-a-aruncat-in-fantana-bebelusul-avortat\/","url_meta":{"origin":66346,"position":1},"title":"De ce femeia din Soroca a aruncat \u00een f\u00e2nt\u0103n\u0103 bebelu\u0219ul avortat?","author":"Moldova Cre\u0219tin\u0103","date":"23 juin 2025","format":false,"excerpt":"Nu este doar o tragedie social\u0103, ci o dram\u0103 spiritual\u0103 profund\u0103. Ce se afl\u0103 \u00een spatele unui astfel de gest \u0219i ce spune Biblia despre valoarea vie\u021bii? \u0218tirea preluat\u0103 de pe canalul ProTV https:\/\/protv.md\/ \u00cenregistreaz\u0103-te acum la Summer English Academy 5-12 iulie https:\/\/bit.ly\/3TmxXvF Aplic\u0103 promo codul VasileFilat10 pentru o reducere\u2026","rel":"","context":"<span class=\"jp-relatedposts-post-author\">Moldova Cre\u0219tin\u0103<\/span>","block_context":{"text":"MCTV","link":"https:\/\/moldovacrestina.md\/mctv\/"},"img":{"alt_text":"","src":"https:\/\/i0.wp.com\/cdn.moldovacrestina.md\/2025\/06\/bc398eb7-9wldzuigdbq.jpg?resize=350%2C200&ssl=1","width":350,"height":200,"srcset":"https:\/\/i0.wp.com\/cdn.moldovacrestina.md\/2025\/06\/bc398eb7-9wldzuigdbq.jpg?resize=350%2C200&ssl=1 1x, https:\/\/i0.wp.com\/cdn.moldovacrestina.md\/2025\/06\/bc398eb7-9wldzuigdbq.jpg?resize=525%2C300&ssl=1 1.5x, https:\/\/i0.wp.com\/cdn.moldovacrestina.md\/2025\/06\/bc398eb7-9wldzuigdbq.jpg?resize=700%2C400&ssl=1 2x, https:\/\/i0.wp.com\/cdn.moldovacrestina.md\/2025\/06\/bc398eb7-9wldzuigdbq.jpg?resize=1050%2C600&ssl=1 3x"},"classes":[]},{"id":363310,"url":"https:\/\/moldovacrestina.md\/nici-la-moartea-parintilor-nu-va-oferi-mancare-cuiva\/","url_meta":{"origin":66346,"position":2},"title":"Nici la moartea p\u0103rin\u021bilor nu va oferi m\u00e2ncare cuiva\u2026","author":"Moldova Cre\u0219tin\u0103","date":"25 juillet 2025","format":false,"excerpt":"\u00ceNTREBARE: Pace, frate! Am \u0219i eu o nedumerire. M\u0103 contraziceam cu tata: \u00een caz de o \u00eenmorm\u00e2ntare, eu am zis c\u0103 nu a\u0219 da nici m\u0103car pr\u0103jituri \u0219i nici suc. Am zis doar ap\u0103, ca s\u0103 nu \u00eei fie cuiva sete. Tata mi-a zis s\u0103 vorbesc cu un predicator poc\u0103it\u2026","rel":"","context":"<span class=\"jp-relatedposts-post-author\">Moldova Cre\u0219tin\u0103<\/span>","block_context":{"text":"MCTV","link":"https:\/\/moldovacrestina.md\/mctv\/"},"img":{"alt_text":"","src":"https:\/\/i0.wp.com\/cdn.moldovacrestina.md\/2025\/07\/ba7ab153-h1zvfmsmux8.jpg?resize=350%2C200&ssl=1","width":350,"height":200,"srcset":"https:\/\/i0.wp.com\/cdn.moldovacrestina.md\/2025\/07\/ba7ab153-h1zvfmsmux8.jpg?resize=350%2C200&ssl=1 1x, https:\/\/i0.wp.com\/cdn.moldovacrestina.md\/2025\/07\/ba7ab153-h1zvfmsmux8.jpg?resize=525%2C300&ssl=1 1.5x, https:\/\/i0.wp.com\/cdn.moldovacrestina.md\/2025\/07\/ba7ab153-h1zvfmsmux8.jpg?resize=700%2C400&ssl=1 2x, https:\/\/i0.wp.com\/cdn.moldovacrestina.md\/2025\/07\/ba7ab153-h1zvfmsmux8.jpg?resize=1050%2C600&ssl=1 3x"},"classes":[]},{"id":363140,"url":"https:\/\/moldovacrestina.md\/de-ce-cartera-lui-enoh-a-fost-exclusa-din-bible\/","url_meta":{"origin":66346,"position":3},"title":"De ce cartera lui ENOH a fost exclus\u0103 din Bible?","author":"Moldova Cre\u0219tin\u0103","date":"7 juillet 2025","format":false,"excerpt":"Cartea lui Enoh a fost cunoscut\u0103 de primii cre\u0219tini, dar totu\u0219i a fost l\u0103sat\u0103 \u00een afara Scripturii. Este cartea lui Enoh inspirat\u0103 sau doar o scriere religioas\u0103 veche? Descoper\u0103 de ce nu a fost inclus\u0103 \u00een canonul biblic. \u2753Pune o \u00eentrebare: https:\/\/moldovacrestina.md\/ask-the-pastor sau la email contact@moldovacrestina.md \ud83c\udf81 Devino membru \u0219i\u2026","rel":"","context":"<span class=\"jp-relatedposts-post-author\">Moldova Cre\u0219tin\u0103<\/span>","block_context":{"text":"MCTV","link":"https:\/\/moldovacrestina.md\/mctv\/"},"img":{"alt_text":"","src":"https:\/\/i0.wp.com\/cdn.moldovacrestina.md\/2025\/07\/9bcc5a04-hfi3d3ej7qu.jpg?resize=350%2C200&ssl=1","width":350,"height":200,"srcset":"https:\/\/i0.wp.com\/cdn.moldovacrestina.md\/2025\/07\/9bcc5a04-hfi3d3ej7qu.jpg?resize=350%2C200&ssl=1 1x, https:\/\/i0.wp.com\/cdn.moldovacrestina.md\/2025\/07\/9bcc5a04-hfi3d3ej7qu.jpg?resize=525%2C300&ssl=1 1.5x, https:\/\/i0.wp.com\/cdn.moldovacrestina.md\/2025\/07\/9bcc5a04-hfi3d3ej7qu.jpg?resize=700%2C400&ssl=1 2x, https:\/\/i0.wp.com\/cdn.moldovacrestina.md\/2025\/07\/9bcc5a04-hfi3d3ej7qu.jpg?resize=1050%2C600&ssl=1 3x"},"classes":[]},{"id":364175,"url":"https:\/\/moldovacrestina.md\/este-liturghia-o-jertfa-ce-spune-biblia-pastor-vasile-filat\/","url_meta":{"origin":66346,"position":4},"title":"Este liturghia o jertf\u0103? Ce spune Biblia? | Pastor Vasile Filat","author":"Moldova Cre\u0219tin\u0103","date":"10 d\u00e9cembre 2025","format":false,"excerpt":"Ce spune Biblia despre jertfa adus\u0103 la sf\u00e2nta liturghie? Pastorul Vasile Filat explic\u0103, prin texte clare din Scriptur\u0103, dac\u0103 liturghia este o jertf\u0103 repetat\u0103 sau o comemorare a jertfei lui Hristos. Afl\u0103 ce \u00eenseamn\u0103, de fapt, Cina Domnului \u0219i ce spune Biblia despre suficien\u021ba jertfei de pe Golgota. Subiecte abordate\u2026","rel":"","context":"<span class=\"jp-relatedposts-post-author\">Moldova Cre\u0219tin\u0103<\/span>","block_context":{"text":"MCTV","link":"https:\/\/moldovacrestina.md\/mctv\/"},"img":{"alt_text":"","src":"https:\/\/i0.wp.com\/cdn.moldovacrestina.md\/2025\/12\/0f8e955d-h2mhpwxffr0.jpg?resize=350%2C200&ssl=1","width":350,"height":200,"srcset":"https:\/\/i0.wp.com\/cdn.moldovacrestina.md\/2025\/12\/0f8e955d-h2mhpwxffr0.jpg?resize=350%2C200&ssl=1 1x, https:\/\/i0.wp.com\/cdn.moldovacrestina.md\/2025\/12\/0f8e955d-h2mhpwxffr0.jpg?resize=525%2C300&ssl=1 1.5x, https:\/\/i0.wp.com\/cdn.moldovacrestina.md\/2025\/12\/0f8e955d-h2mhpwxffr0.jpg?resize=700%2C400&ssl=1 2x, https:\/\/i0.wp.com\/cdn.moldovacrestina.md\/2025\/12\/0f8e955d-h2mhpwxffr0.jpg?resize=1050%2C600&ssl=1 3x"},"classes":[]},{"id":363748,"url":"https:\/\/moldovacrestina.md\/de-ce-anume-tu-suferi-mai-mult-ca-altii\/","url_meta":{"origin":66346,"position":5},"title":"De ce anume tu suferi mai mult ca al\u021bii?","author":"Vasile Filat","date":"12 octobre 2025","format":false,"excerpt":"De ce anume tu suferi mai mult ca al\u021bii? Afl\u0103 r\u0103spunsul \u00een video de mai sus. \ud83d\udc49 Urm\u0103re\u0219te video-ul p\u00e2n\u0103 la final \u0219i afl\u0103 cum po\u021bi descoperi frumuse\u021bea \u0219i claritatea Bibliei \u00een fiecare zi! \ud83d\udcd6 Cartea care te va ajuta s\u0103 \u00eencepi:https:\/\/shop.eurasiaprecept.org\/catal... \ud83d\udccd Unde locuie\u0219ti la moment? Cau\u021bi prieteni cu\u2026","rel":"","context":"<span class=\"jp-relatedposts-post-author\">Vasile Filat<\/span>","block_context":{"text":"MCTV","link":"https:\/\/moldovacrestina.md\/mctv\/"},"img":{"alt_text":"","src":"https:\/\/i0.wp.com\/cdn.moldovacrestina.md\/2025\/10\/bc92e6f5-screenshot-2025-10-12-at-00.00.16.png?resize=350%2C200&ssl=1","width":350,"height":200,"srcset":"https:\/\/i0.wp.com\/cdn.moldovacrestina.md\/2025\/10\/bc92e6f5-screenshot-2025-10-12-at-00.00.16.png?resize=350%2C200&ssl=1 1x, https:\/\/i0.wp.com\/cdn.moldovacrestina.md\/2025\/10\/bc92e6f5-screenshot-2025-10-12-at-00.00.16.png?resize=525%2C300&ssl=1 1.5x, https:\/\/i0.wp.com\/cdn.moldovacrestina.md\/2025\/10\/bc92e6f5-screenshot-2025-10-12-at-00.00.16.png?resize=700%2C400&ssl=1 2x, https:\/\/i0.wp.com\/cdn.moldovacrestina.md\/2025\/10\/bc92e6f5-screenshot-2025-10-12-at-00.00.16.png?resize=1050%2C600&ssl=1 3x, https:\/\/i0.wp.com\/cdn.moldovacrestina.md\/2025\/10\/bc92e6f5-screenshot-2025-10-12-at-00.00.16.png?resize=1400%2C800&ssl=1 4x"},"classes":[]}],"jetpack_sharing_enabled":true,"_links":{"self":[{"href":"https:\/\/moldovacrestina.md\/fr\/wp-json\/wp\/v2\/posts\/66346","targetHints":{"allow":["GET"]}}],"collection":[{"href":"https:\/\/moldovacrestina.md\/fr\/wp-json\/wp\/v2\/posts"}],"about":[{"href":"https:\/\/moldovacrestina.md\/fr\/wp-json\/wp\/v2\/types\/post"}],"author":[{"embeddable":true,"href":"https:\/\/moldovacrestina.md\/fr\/wp-json\/wp\/v2\/users\/46"}],"replies":[{"embeddable":true,"href":"https:\/\/moldovacrestina.md\/fr\/wp-json\/wp\/v2\/comments?post=66346"}],"version-history":[{"count":0,"href":"https:\/\/moldovacrestina.md\/fr\/wp-json\/wp\/v2\/posts\/66346\/revisions"}],"wp:featuredmedia":[{"embeddable":true,"href":"https:\/\/moldovacrestina.md\/fr\/wp-json\/wp\/v2\/media\/66348"}],"wp:attachment":[{"href":"https:\/\/moldovacrestina.md\/fr\/wp-json\/wp\/v2\/media?parent=66346"}],"wp:term":[{"taxonomy":"category","embeddable":true,"href":"https:\/\/moldovacrestina.md\/fr\/wp-json\/wp\/v2\/categories?post=66346"},{"taxonomy":"post_tag","embeddable":true,"href":"https:\/\/moldovacrestina.md\/fr\/wp-json\/wp\/v2\/tags?post=66346"}],"curies":[{"name":"wp","href":"https:\/\/api.w.org\/{rel}","templated":true}]}}