{"id":64708,"date":"2012-04-04T00:34:01","date_gmt":"2012-04-03T22:34:01","guid":{"rendered":"https:\/\/moldovacrestina.md\/jesus-transfigure-visage-comme-soleil"},"modified":"2017-05-03T18:45:38","modified_gmt":"2017-05-03T16:45:38","slug":"jesus-transfigure-visage-comme-soleil","status":"publish","type":"post","link":"https:\/\/moldovacrestina.md\/fr\/jesus-transfigure-visage-comme-soleil\/","title":{"rendered":"Pourquoi J\u00e9sus a dit que quelques-uns des ap\u00f4tres ne mourront point ?"},"content":{"rendered":"<p>Question :<\/p>\n<blockquote class=\"td_quote_box td_box_center\">\n<p>Dans le texte de Matthieu 16:28 il est \u00e9crit: \u00abJe vous le dis en v\u00e9rit\u00e9, quelques-uns de ceux qui sont ici ne mourront point, qu\u2019ils n\u2019aient vu le Fils de l\u2019homme venir dans son r\u00e8gne.\u00bb Depuis\u00a0cette \u00e9poque, beaucoup de g\u00e9n\u00e9rations sont\u00a0pass\u00e9es, mais J\u00e9sus n\u2019est pas encore venu, ou bien encore, peut-\u00eatre que dans ce texte par \u201cla mort\u201d nous devons comprendre la mort \u00e9tenelle ; mais comment J\u00e9sus pouvait dire ces choses aux disciples, car Il savait que 11 d\u2019entre eux n\u2019auraient pas une mort \u00e9tenelle ?<\/p>\n<\/blockquote>\n<p>Ces mots sont les derniers du chapitres 16. Imm\u00e9diatement au d\u00e9but du chapitre 17 nous voyons la r\u00e9ponse pour votre question :<\/p>\n<blockquote class=\"td_quote_box td_box_center\">\n<p>\u00a0Six jours apr\u00e8s, J\u00e9sus prit avec lui Pierre, Jacques, et Jean, son fr\u00e8re, et il les conduisit \u00e0 l\u2019\u00e9cart sur une haute montagne. Il fut transfigur\u00e9 devant eux ; son visage resplendit comme le soleil, et ses v\u00eatements devinrent blancs comme la lumi\u00e8re. Et voici, Mo\u00efse et Elie leur apparurent, s\u2019entretenant avec lui. Pierre, prenant la parole, dit \u00e0 J\u00e9sus : Seigneur, il est bon que nous soyons ici; si tu le veux, je dresserai ici trois tentes, une pour toi, une pour Mo\u00efse, et une pour Elie. Comme il parlait encore, une nu\u00e9e lumineuse les couvrit. Et voici, une voix fit entendre de la nu\u00e9e ces paroles : Celui-ci est mon Fils bien-aim\u00e9, en qui j\u2019ai mis toute mon affection : \u00e9coutez-le ! Lorsqu\u2019ils entendirent cette voix, les disciples tomb\u00e8rent sur leur face, et furent saisis d\u2019une grande frayeur. Mais J\u00e9sus, s\u2019approchant, les toucha, et dit : Levez-vous, n\u2019ayez pas peur ! Ils lev\u00e8rent les yeux, et ne virent que J\u00e9sus seul. Comme ils descendaient de la montagne, J\u00e9sus leur donna cet ordre : Ne parlez \u00e0 personne de cette vision, jusqu\u2019\u00e0 ce que le Fils de l\u2019homme soit ressuscit\u00e9 des morts. (Matthieu 17:1-9)<\/p>\n<\/blockquote>\n<p><p><img decoding=\"async\" class=\"aligncenter size-full img-resp\" src=\"https:\/\/lh6.googleusercontent.com\/-4kji3xOOhLQ\/T2pZ2F3jXHI\/AAAAAAAAA1E\/9TVrprkF3fI\/s534\/PastedGraphic-1.jpg\" alt=\"J\u00e9sus fut transfigur\u00e9 devant les apotres\" \/><\/p>\n<p>Pierre, Jacques, et Jean sont trois des douze disciples qui ont \u00e9t\u00e9 pr\u00e9sent quand J\u00e9sus a dit que quelques-uns d\u2019entre eux ne mourraient point, qu\u2019ils n\u2019aient vu le Fils de l\u2019homme venir dans Son r\u00e8gne. Le jour suivant J\u00e9sus les a conduit sur une haute montagne ou ils ont vu J\u00e9sus venir dans Son R\u00e8gne. Voil\u00e0 quelques \u00e9lements qui sont caract\u00e9ristiques\u00a0de la pr\u00e9sence du Seigneur J\u00e9sus dans son R\u00e8gne et qui ont \u00e9t\u00e9 pr\u00e9sent\u00e9 dans la vision vue par les trois ap\u00f4tres sur la montagne :<\/p>\n<\/p>\n<ul>\n<li>Le visage de J\u00e9sus resplendit comme le soleil.<\/li>\n<li>Ses v\u00eatements devinrent blancs comme la lumi\u00e8re.<\/li>\n<li>Mo\u00efse et Elie (qui d\u00e9j\u00e0 se trouvent dans Le Reigne de J\u00e9sus) apparurent et s\u2019entretiennent avec J\u00e9sus.<\/li>\n<li>Dieu le P\u00e8re\u00a0a parl\u00e9 \u00e0 J\u00e9sus.<\/li>\n<\/ul>\n<p>Ainsi, ces trois ap\u00f4tres sont ceux dont J\u00e9sus a dit que quelques-uns pr\u00e9sents\u00a0\u00e0\u00a0ce moment ne mourraient point, qu\u2019ils n\u2019aient vu le Fils de l\u2019homme venir dans Son r\u00e8gne. Que Dieu nous b\u00e9nisse avec la foi qui sauve en vue d\u2019avoir un h\u00e9ritage dans le R\u00e8gne de Dieu.<\/p>\n<\/p>\n<p><em>L\u2019article a \u00e9t\u00e9 traduit par Irina Batin.<\/em><\/p><\/p>\n","protected":false},"excerpt":{"rendered":"<p>Question : Dans le texte de Matthieu 16:28 il est \u00e9crit: \u00abJe vous le dis en v\u00e9rit\u00e9, quelques-uns de ceux qui sont ici ne mourront point, qu\u2019ils n\u2019aient vu le Fils de l\u2019homme venir dans son r\u00e8gne.\u00bb Depuis\u00a0cette \u00e9poque, beaucoup de g\u00e9n\u00e9rations sont\u00a0pass\u00e9es, mais J\u00e9sus n\u2019est pas encore venu, ou bien encore, peut-\u00eatre que dans [&hellip;]<\/p>\n","protected":false},"author":46,"featured_media":64710,"comment_status":"closed","ping_status":"closed","sticky":false,"template":"","format":"standard","meta":{"_acf_changed":false,"inline_featured_image":false,"_monsterinsights_skip_tracking":false,"_monsterinsights_sitenote_active":false,"_monsterinsights_sitenote_note":"","_monsterinsights_sitenote_category":0,"_genesis_hide_title":false,"_genesis_hide_breadcrumbs":false,"_genesis_hide_singular_image":false,"_genesis_hide_footer_widgets":false,"_genesis_custom_body_class":"","_genesis_custom_post_class":"","_genesis_layout":"","ep_exclude_from_search":false,"_jetpack_memberships_contains_paid_content":false,"footnotes":""},"categories":[29840],"tags":[12724,12725,12726,12728,12729],"class_list":{"0":"post-64708","1":"post","2":"type-post","3":"status-publish","4":"format-standard","5":"has-post-thumbnail","7":"category-reponses-de-la-bible","8":"tag-jacques","9":"tag-jean","10":"tag-pierre","11":"tag-regne","12":"tag-trois-apotres-sur-la-montagne","13":"entry"},"acf":[],"yoast_head":"<!-- This site is optimized with the Yoast SEO Premium plugin v26.5 (Yoast SEO v27.4) - https:\/\/yoast.com\/product\/yoast-seo-premium-wordpress\/ -->\n<title>Quelles ap\u00f4tres n&#039;ont pas go\u00fbt\u00e9 la mort?<\/title>\n<meta name=\"description\" content=\"Lisez dans cette article quand les ap\u00f4tres ont vu J\u00e9sus Christ en venant dans Son R\u00e8gne et quelles ap\u00f4tres des 12 n&#039;ont pas vu la mort.\" \/>\n<meta name=\"robots\" content=\"index, follow, max-snippet:-1, max-image-preview:large, max-video-preview:-1\" \/>\n<link rel=\"canonical\" href=\"https:\/\/moldovacrestina.md\/fr\/jesus-transfigure-visage-comme-soleil\/\" \/>\n<meta property=\"og:locale\" content=\"fr_FR\" \/>\n<meta property=\"og:type\" content=\"article\" \/>\n<meta property=\"og:title\" content=\"Pourquoi J\u00e9sus a dit que quelques-uns des ap\u00f4tres ne mourront point ?\" \/>\n<meta property=\"og:description\" content=\"Lisez dans cette article quand les ap\u00f4tres ont vu J\u00e9sus Christ en venant dans Son R\u00e8gne et quelles ap\u00f4tres des 12 n&#039;ont pas vu la mort.\" \/>\n<meta property=\"og:url\" content=\"https:\/\/moldovacrestina.md\/fr\/jesus-transfigure-visage-comme-soleil\/\" \/>\n<meta property=\"og:site_name\" content=\"Moldova Cre\u0219tin\u0103\" \/>\n<meta property=\"article:publisher\" content=\"https:\/\/www.facebook.com\/moldovacrestina\/\" \/>\n<meta property=\"article:published_time\" content=\"2012-04-03T22:34:01+00:00\" \/>\n<meta property=\"article:modified_time\" content=\"2017-05-03T16:45:38+00:00\" \/>\n<meta property=\"og:image\" content=\"https:\/\/cdn.moldovacrestina.md\/2017\/12\/PastedGraphic-1.jpg\" \/>\n\t<meta property=\"og:image:width\" content=\"424\" \/>\n\t<meta property=\"og:image:height\" content=\"283\" \/>\n\t<meta property=\"og:image:type\" content=\"image\/jpeg\" \/>\n<meta name=\"author\" content=\"Vasile Filat\" \/>\n<meta name=\"twitter:card\" content=\"summary_large_image\" \/>\n<meta name=\"twitter:creator\" content=\"@moldovacrestina\" \/>\n<meta name=\"twitter:site\" content=\"@moldovacrestina\" \/>\n<meta name=\"twitter:label1\" content=\"\u00c9crit par\" \/>\n\t<meta name=\"twitter:data1\" content=\"Vasile Filat\" \/>\n\t<meta name=\"twitter:label2\" content=\"Dur\u00e9e de lecture estim\u00e9e\" \/>\n\t<meta name=\"twitter:data2\" content=\"3 minutes\" \/>\n<script type=\"application\/ld+json\" class=\"yoast-schema-graph\">{\"@context\":\"https:\\\/\\\/schema.org\",\"@graph\":[{\"@type\":\"Article\",\"@id\":\"https:\\\/\\\/moldovacrestina.md\\\/fr\\\/jesus-transfigure-visage-comme-soleil\\\/#article\",\"isPartOf\":{\"@id\":\"https:\\\/\\\/moldovacrestina.md\\\/fr\\\/jesus-transfigure-visage-comme-soleil\\\/\"},\"author\":{\"name\":\"Vasile Filat\",\"@id\":\"https:\\\/\\\/moldovacrestina.md\\\/fr\\\/#\\\/schema\\\/person\\\/04b204bbb582cc832c3d2424f5d27dc0\"},\"headline\":\"Pourquoi J\u00e9sus a dit que quelques-uns des ap\u00f4tres ne mourront point ?\",\"datePublished\":\"2012-04-03T22:34:01+00:00\",\"dateModified\":\"2017-05-03T16:45:38+00:00\",\"mainEntityOfPage\":{\"@id\":\"https:\\\/\\\/moldovacrestina.md\\\/fr\\\/jesus-transfigure-visage-comme-soleil\\\/\"},\"wordCount\":559,\"image\":{\"@id\":\"https:\\\/\\\/moldovacrestina.md\\\/fr\\\/jesus-transfigure-visage-comme-soleil\\\/#primaryimage\"},\"thumbnailUrl\":\"https:\\\/\\\/moldovacrestina.md\\\/wp-content\\\/uploads\\\/2017\\\/12\\\/PastedGraphic-1.jpg\",\"keywords\":[\"Jacques\",\"Jean\",\"Pierre\",\"R\u00e8gne\",\"trois ap\u00f4tres sur la montagne\"],\"articleSection\":[\"R\u00e9ponses de la Bible\"],\"inLanguage\":\"fr-FR\"},{\"@type\":\"WebPage\",\"@id\":\"https:\\\/\\\/moldovacrestina.md\\\/fr\\\/jesus-transfigure-visage-comme-soleil\\\/\",\"url\":\"https:\\\/\\\/moldovacrestina.md\\\/fr\\\/jesus-transfigure-visage-comme-soleil\\\/\",\"name\":\"Quelles ap\u00f4tres n'ont pas go\u00fbt\u00e9 la mort?\",\"isPartOf\":{\"@id\":\"https:\\\/\\\/moldovacrestina.md\\\/fr\\\/#website\"},\"primaryImageOfPage\":{\"@id\":\"https:\\\/\\\/moldovacrestina.md\\\/fr\\\/jesus-transfigure-visage-comme-soleil\\\/#primaryimage\"},\"image\":{\"@id\":\"https:\\\/\\\/moldovacrestina.md\\\/fr\\\/jesus-transfigure-visage-comme-soleil\\\/#primaryimage\"},\"thumbnailUrl\":\"https:\\\/\\\/moldovacrestina.md\\\/wp-content\\\/uploads\\\/2017\\\/12\\\/PastedGraphic-1.jpg\",\"datePublished\":\"2012-04-03T22:34:01+00:00\",\"dateModified\":\"2017-05-03T16:45:38+00:00\",\"author\":{\"@id\":\"https:\\\/\\\/moldovacrestina.md\\\/fr\\\/#\\\/schema\\\/person\\\/04b204bbb582cc832c3d2424f5d27dc0\"},\"description\":\"Lisez dans cette article quand les ap\u00f4tres ont vu J\u00e9sus Christ en venant dans Son R\u00e8gne et quelles ap\u00f4tres des 12 n'ont pas vu la mort.\",\"breadcrumb\":{\"@id\":\"https:\\\/\\\/moldovacrestina.md\\\/fr\\\/jesus-transfigure-visage-comme-soleil\\\/#breadcrumb\"},\"inLanguage\":\"fr-FR\",\"potentialAction\":[{\"@type\":\"ReadAction\",\"target\":[\"https:\\\/\\\/moldovacrestina.md\\\/fr\\\/jesus-transfigure-visage-comme-soleil\\\/\"]}]},{\"@type\":\"ImageObject\",\"inLanguage\":\"fr-FR\",\"@id\":\"https:\\\/\\\/moldovacrestina.md\\\/fr\\\/jesus-transfigure-visage-comme-soleil\\\/#primaryimage\",\"url\":\"https:\\\/\\\/moldovacrestina.md\\\/wp-content\\\/uploads\\\/2017\\\/12\\\/PastedGraphic-1.jpg\",\"contentUrl\":\"https:\\\/\\\/moldovacrestina.md\\\/wp-content\\\/uploads\\\/2017\\\/12\\\/PastedGraphic-1.jpg\",\"width\":424,\"height\":283},{\"@type\":\"BreadcrumbList\",\"@id\":\"https:\\\/\\\/moldovacrestina.md\\\/fr\\\/jesus-transfigure-visage-comme-soleil\\\/#breadcrumb\",\"itemListElement\":[{\"@type\":\"ListItem\",\"position\":1,\"name\":\"Prima pagin\u0103\",\"item\":\"https:\\\/\\\/moldovacrestina.md\\\/fr\\\/\"},{\"@type\":\"ListItem\",\"position\":2,\"name\":\"R\u00e9ponses de la Bible\",\"item\":\"https:\\\/\\\/moldovacrestina.md\\\/fr\\\/reponses-de-la-bible\\\/\"},{\"@type\":\"ListItem\",\"position\":3,\"name\":\"Pourquoi J\u00e9sus a dit que quelques-uns des ap\u00f4tres ne mourront point ?\"}]},{\"@type\":\"WebSite\",\"@id\":\"https:\\\/\\\/moldovacrestina.md\\\/fr\\\/#website\",\"url\":\"https:\\\/\\\/moldovacrestina.md\\\/fr\\\/\",\"name\":\"Moldova Cre\u0219tin\u0103\",\"description\":\"R\u0103spunsuri relevante \u0219i actuale din Biblie\",\"potentialAction\":[{\"@type\":\"SearchAction\",\"target\":{\"@type\":\"EntryPoint\",\"urlTemplate\":\"https:\\\/\\\/moldovacrestina.md\\\/fr\\\/?s={search_term_string}\"},\"query-input\":{\"@type\":\"PropertyValueSpecification\",\"valueRequired\":true,\"valueName\":\"search_term_string\"}}],\"inLanguage\":\"fr-FR\"},{\"@type\":\"Person\",\"@id\":\"https:\\\/\\\/moldovacrestina.md\\\/fr\\\/#\\\/schema\\\/person\\\/04b204bbb582cc832c3d2424f5d27dc0\",\"name\":\"Vasile Filat\",\"image\":{\"@type\":\"ImageObject\",\"inLanguage\":\"fr-FR\",\"@id\":\"https:\\\/\\\/secure.gravatar.com\\\/avatar\\\/2e02d082d139dd6eb634318c9cf2c3a8281db62f24f87a134adb4f2020e77ab3?s=96&d=mm&r=g\",\"url\":\"https:\\\/\\\/secure.gravatar.com\\\/avatar\\\/2e02d082d139dd6eb634318c9cf2c3a8281db62f24f87a134adb4f2020e77ab3?s=96&d=mm&r=g\",\"contentUrl\":\"https:\\\/\\\/secure.gravatar.com\\\/avatar\\\/2e02d082d139dd6eb634318c9cf2c3a8281db62f24f87a134adb4f2020e77ab3?s=96&d=mm&r=g\",\"caption\":\"Vasile Filat\"},\"description\":\"P\u0103storesc\u00a0Biserica Bunavestire din Chi\u0219in\u0103u, predau Cuv\u00e2ntul lui Dumnezeu la\u00a0Institutul de Studiu Biblic Inductiv din Eurasia\u00a0\u0219i conduc\u00a0Asocia\u021bia \\\"\u00cenv\u0103\u021b\u0103tur\u0103 din Cuv\u00e2nt - Precept Ministries\\\" din Moldova. \u00cempreun\u0103 cu so\u021bia mea\u00a0Anastasia, avem trei copii. Din Aprilie 2007 am oferit r\u0103spunsuri din Biblie pe acest site la \u00eentreb\u0103ri adresate de cititori. Mai mult despre mine citi\u021bi\u00a0aici.\",\"url\":\"https:\\\/\\\/moldovacrestina.md\\\/fr\\\/author\\\/vasile-filat\\\/\"}]}<\/script>\n<!-- \/ Yoast SEO Premium plugin. -->","yoast_head_json":{"title":"Quelles ap\u00f4tres n'ont pas go\u00fbt\u00e9 la mort?","description":"Lisez dans cette article quand les ap\u00f4tres ont vu J\u00e9sus Christ en venant dans Son R\u00e8gne et quelles ap\u00f4tres des 12 n'ont pas vu la mort.","robots":{"index":"index","follow":"follow","max-snippet":"max-snippet:-1","max-image-preview":"max-image-preview:large","max-video-preview":"max-video-preview:-1"},"canonical":"https:\/\/moldovacrestina.md\/fr\/jesus-transfigure-visage-comme-soleil\/","og_locale":"fr_FR","og_type":"article","og_title":"Pourquoi J\u00e9sus a dit que quelques-uns des ap\u00f4tres ne mourront point ?","og_description":"Lisez dans cette article quand les ap\u00f4tres ont vu J\u00e9sus Christ en venant dans Son R\u00e8gne et quelles ap\u00f4tres des 12 n'ont pas vu la mort.","og_url":"https:\/\/moldovacrestina.md\/fr\/jesus-transfigure-visage-comme-soleil\/","og_site_name":"Moldova Cre\u0219tin\u0103","article_publisher":"https:\/\/www.facebook.com\/moldovacrestina\/","article_published_time":"2012-04-03T22:34:01+00:00","article_modified_time":"2017-05-03T16:45:38+00:00","og_image":[{"width":424,"height":283,"url":"https:\/\/cdn.moldovacrestina.md\/2017\/12\/PastedGraphic-1.jpg","type":"image\/jpeg"}],"author":"Vasile Filat","twitter_card":"summary_large_image","twitter_creator":"@moldovacrestina","twitter_site":"@moldovacrestina","twitter_misc":{"\u00c9crit par":"Vasile Filat","Dur\u00e9e de lecture estim\u00e9e":"3 minutes"},"schema":{"@context":"https:\/\/schema.org","@graph":[{"@type":"Article","@id":"https:\/\/moldovacrestina.md\/fr\/jesus-transfigure-visage-comme-soleil\/#article","isPartOf":{"@id":"https:\/\/moldovacrestina.md\/fr\/jesus-transfigure-visage-comme-soleil\/"},"author":{"name":"Vasile Filat","@id":"https:\/\/moldovacrestina.md\/fr\/#\/schema\/person\/04b204bbb582cc832c3d2424f5d27dc0"},"headline":"Pourquoi J\u00e9sus a dit que quelques-uns des ap\u00f4tres ne mourront point ?","datePublished":"2012-04-03T22:34:01+00:00","dateModified":"2017-05-03T16:45:38+00:00","mainEntityOfPage":{"@id":"https:\/\/moldovacrestina.md\/fr\/jesus-transfigure-visage-comme-soleil\/"},"wordCount":559,"image":{"@id":"https:\/\/moldovacrestina.md\/fr\/jesus-transfigure-visage-comme-soleil\/#primaryimage"},"thumbnailUrl":"https:\/\/moldovacrestina.md\/wp-content\/uploads\/2017\/12\/PastedGraphic-1.jpg","keywords":["Jacques","Jean","Pierre","R\u00e8gne","trois ap\u00f4tres sur la montagne"],"articleSection":["R\u00e9ponses de la Bible"],"inLanguage":"fr-FR"},{"@type":"WebPage","@id":"https:\/\/moldovacrestina.md\/fr\/jesus-transfigure-visage-comme-soleil\/","url":"https:\/\/moldovacrestina.md\/fr\/jesus-transfigure-visage-comme-soleil\/","name":"Quelles ap\u00f4tres n'ont pas go\u00fbt\u00e9 la mort?","isPartOf":{"@id":"https:\/\/moldovacrestina.md\/fr\/#website"},"primaryImageOfPage":{"@id":"https:\/\/moldovacrestina.md\/fr\/jesus-transfigure-visage-comme-soleil\/#primaryimage"},"image":{"@id":"https:\/\/moldovacrestina.md\/fr\/jesus-transfigure-visage-comme-soleil\/#primaryimage"},"thumbnailUrl":"https:\/\/moldovacrestina.md\/wp-content\/uploads\/2017\/12\/PastedGraphic-1.jpg","datePublished":"2012-04-03T22:34:01+00:00","dateModified":"2017-05-03T16:45:38+00:00","author":{"@id":"https:\/\/moldovacrestina.md\/fr\/#\/schema\/person\/04b204bbb582cc832c3d2424f5d27dc0"},"description":"Lisez dans cette article quand les ap\u00f4tres ont vu J\u00e9sus Christ en venant dans Son R\u00e8gne et quelles ap\u00f4tres des 12 n'ont pas vu la mort.","breadcrumb":{"@id":"https:\/\/moldovacrestina.md\/fr\/jesus-transfigure-visage-comme-soleil\/#breadcrumb"},"inLanguage":"fr-FR","potentialAction":[{"@type":"ReadAction","target":["https:\/\/moldovacrestina.md\/fr\/jesus-transfigure-visage-comme-soleil\/"]}]},{"@type":"ImageObject","inLanguage":"fr-FR","@id":"https:\/\/moldovacrestina.md\/fr\/jesus-transfigure-visage-comme-soleil\/#primaryimage","url":"https:\/\/moldovacrestina.md\/wp-content\/uploads\/2017\/12\/PastedGraphic-1.jpg","contentUrl":"https:\/\/moldovacrestina.md\/wp-content\/uploads\/2017\/12\/PastedGraphic-1.jpg","width":424,"height":283},{"@type":"BreadcrumbList","@id":"https:\/\/moldovacrestina.md\/fr\/jesus-transfigure-visage-comme-soleil\/#breadcrumb","itemListElement":[{"@type":"ListItem","position":1,"name":"Prima pagin\u0103","item":"https:\/\/moldovacrestina.md\/fr\/"},{"@type":"ListItem","position":2,"name":"R\u00e9ponses de la Bible","item":"https:\/\/moldovacrestina.md\/fr\/reponses-de-la-bible\/"},{"@type":"ListItem","position":3,"name":"Pourquoi J\u00e9sus a dit que quelques-uns des ap\u00f4tres ne mourront point ?"}]},{"@type":"WebSite","@id":"https:\/\/moldovacrestina.md\/fr\/#website","url":"https:\/\/moldovacrestina.md\/fr\/","name":"Moldova Cre\u0219tin\u0103","description":"R\u0103spunsuri relevante \u0219i actuale din Biblie","potentialAction":[{"@type":"SearchAction","target":{"@type":"EntryPoint","urlTemplate":"https:\/\/moldovacrestina.md\/fr\/?s={search_term_string}"},"query-input":{"@type":"PropertyValueSpecification","valueRequired":true,"valueName":"search_term_string"}}],"inLanguage":"fr-FR"},{"@type":"Person","@id":"https:\/\/moldovacrestina.md\/fr\/#\/schema\/person\/04b204bbb582cc832c3d2424f5d27dc0","name":"Vasile Filat","image":{"@type":"ImageObject","inLanguage":"fr-FR","@id":"https:\/\/secure.gravatar.com\/avatar\/2e02d082d139dd6eb634318c9cf2c3a8281db62f24f87a134adb4f2020e77ab3?s=96&d=mm&r=g","url":"https:\/\/secure.gravatar.com\/avatar\/2e02d082d139dd6eb634318c9cf2c3a8281db62f24f87a134adb4f2020e77ab3?s=96&d=mm&r=g","contentUrl":"https:\/\/secure.gravatar.com\/avatar\/2e02d082d139dd6eb634318c9cf2c3a8281db62f24f87a134adb4f2020e77ab3?s=96&d=mm&r=g","caption":"Vasile Filat"},"description":"P\u0103storesc\u00a0Biserica Bunavestire din Chi\u0219in\u0103u, predau Cuv\u00e2ntul lui Dumnezeu la\u00a0Institutul de Studiu Biblic Inductiv din Eurasia\u00a0\u0219i conduc\u00a0Asocia\u021bia \"\u00cenv\u0103\u021b\u0103tur\u0103 din Cuv\u00e2nt - Precept Ministries\" din Moldova. \u00cempreun\u0103 cu so\u021bia mea\u00a0Anastasia, avem trei copii. Din Aprilie 2007 am oferit r\u0103spunsuri din Biblie pe acest site la \u00eentreb\u0103ri adresate de cititori. Mai mult despre mine citi\u021bi\u00a0aici.","url":"https:\/\/moldovacrestina.md\/fr\/author\/vasile-filat\/"}]}},"jetpack_featured_media_url":"https:\/\/moldovacrestina.md\/wp-content\/uploads\/2017\/12\/PastedGraphic-1.jpg","video_meta":false,"featured_image":"https:\/\/moldovacrestina.md\/wp-content\/uploads\/2017\/12\/PastedGraphic-1.jpg","wpml":{"language_code":"fr","locale":"fr_FR","text_direction":false,"display_name":"Fran\u00e7ais","native_name":"Francez\u0103","different_language":false},"jetpack-related-posts":[{"id":363755,"url":"https:\/\/moldovacrestina.md\/este-pacat-divortul-daca-ambii-soti-il-doresc-pastor-vasile-filat\/","url_meta":{"origin":64708,"position":0},"title":"Este p\u0103cat divor\u021bul dac\u0103 ambii so\u021bi \u00eel doresc? | Pastor Vasile Filat","author":"Moldova Cre\u0219tin\u0103","date":"12 octobre 2025","format":false,"excerpt":"Mul\u021bi oameni cred c\u0103 dac\u0103 ambii so\u021bi sunt de acord cu desp\u0103r\u021birea, divor\u021bul nu mai este p\u0103cat. Dar ce spune Biblia? \u00cen acest video, pastorul Vasile Filat explic\u0103, pe baza textelor din Matei 19, Maleahi 2 \u0219i Evrei 13:4, c\u0103 Dumnezeu a instituit c\u0103s\u0103toria \u0219i El singur are autoritatea de\u2026","rel":"","context":"<span class=\"jp-relatedposts-post-author\">Moldova Cre\u0219tin\u0103<\/span>","block_context":{"text":"MCTV","link":"https:\/\/moldovacrestina.md\/mctv\/"},"img":{"alt_text":"","src":"https:\/\/i0.wp.com\/cdn.moldovacrestina.md\/2025\/10\/fa6abd08-qnfeu_9zdi4.jpg?resize=350%2C200&ssl=1","width":350,"height":200,"srcset":"https:\/\/i0.wp.com\/cdn.moldovacrestina.md\/2025\/10\/fa6abd08-qnfeu_9zdi4.jpg?resize=350%2C200&ssl=1 1x, https:\/\/i0.wp.com\/cdn.moldovacrestina.md\/2025\/10\/fa6abd08-qnfeu_9zdi4.jpg?resize=525%2C300&ssl=1 1.5x, https:\/\/i0.wp.com\/cdn.moldovacrestina.md\/2025\/10\/fa6abd08-qnfeu_9zdi4.jpg?resize=700%2C400&ssl=1 2x, https:\/\/i0.wp.com\/cdn.moldovacrestina.md\/2025\/10\/fa6abd08-qnfeu_9zdi4.jpg?resize=1050%2C600&ssl=1 3x"},"classes":[]},{"id":363933,"url":"https:\/\/moldovacrestina.md\/cand-pacatul-te-reduce-la-tacere-asculta-asta-inainte-sa-renunti\/","url_meta":{"origin":64708,"position":1},"title":"C\u00e2nd p\u0103catul te reduce la t\u0103cere \u2013 ascult\u0103 asta \u00eenainte s\u0103 renun\u021bi","author":"Moldova Cre\u0219tin\u0103","date":"2 novembre 2025","format":false,"excerpt":"Ai fost cre\u0219tin, dar ai c\u0103zut \u00een p\u0103cat \u0219i ai pierdut \u00eendr\u0103zneala de a vorbi despre credin\u021b\u0103? Sim\u021bi ru\u0219ine, vinov\u0103\u021bie, team\u0103? \u00cen acest video, Pastorul Vasile Filat explic\u0103 biblic \u0219i practic ce s\u0103 faci c\u00e2nd ai p\u0103c\u0103tuit \u0219i cum s\u0103 revii la o rela\u021bie vie cu Dumnezeu \u0219i la slujire\u2026","rel":"","context":"<span class=\"jp-relatedposts-post-author\">Moldova Cre\u0219tin\u0103<\/span>","block_context":{"text":"MCTV","link":"https:\/\/moldovacrestina.md\/mctv\/"},"img":{"alt_text":"","src":"https:\/\/i0.wp.com\/cdn.moldovacrestina.md\/2025\/11\/585b12ed-hytl58awy6g.jpg?resize=350%2C200&ssl=1","width":350,"height":200,"srcset":"https:\/\/i0.wp.com\/cdn.moldovacrestina.md\/2025\/11\/585b12ed-hytl58awy6g.jpg?resize=350%2C200&ssl=1 1x, https:\/\/i0.wp.com\/cdn.moldovacrestina.md\/2025\/11\/585b12ed-hytl58awy6g.jpg?resize=525%2C300&ssl=1 1.5x, https:\/\/i0.wp.com\/cdn.moldovacrestina.md\/2025\/11\/585b12ed-hytl58awy6g.jpg?resize=700%2C400&ssl=1 2x, https:\/\/i0.wp.com\/cdn.moldovacrestina.md\/2025\/11\/585b12ed-hytl58awy6g.jpg?resize=1050%2C600&ssl=1 3x"},"classes":[]},{"id":363943,"url":"https:\/\/moldovacrestina.md\/nu-mai-zadarnici-harul-lui-dumnezeu-foloseste-ti-potentialul-deplin-in-hristos-vasile-filat\/","url_meta":{"origin":64708,"position":2},"title":"NU mai z\u0103d\u0103rnici harul lui Dumnezeu! Folose\u0219te-\u021bi poten\u021bialul deplin \u00een Hristos | Vasile Filat","author":"Moldova Cre\u0219tin\u0103","date":"3 novembre 2025","format":false,"excerpt":"Ai primit har de la Dumnezeu, dar poate c\u0103 nu \u00eel folose\u0219ti. \u00cen aceast\u0103 predic\u0103 vei \u00een\u021belege cum s\u0103-\u021bi descoperi \u0219i s\u0103-\u021bi activezi poten\u021bialul deplin \u00een Hristos. Vei vedea cum Moise \u0219i Petru au trecut de fric\u0103, ezitare \u0219i e\u0219ec pentru a valorifica harul primit \u0219i a tr\u0103i planul lui\u2026","rel":"","context":"<span class=\"jp-relatedposts-post-author\">Moldova Cre\u0219tin\u0103<\/span>","block_context":{"text":"MCTV","link":"https:\/\/moldovacrestina.md\/mctv\/"},"img":{"alt_text":"","src":"https:\/\/i0.wp.com\/cdn.moldovacrestina.md\/2025\/11\/24fdd8f4-psbs4khrvy0.jpg?resize=350%2C200&ssl=1","width":350,"height":200,"srcset":"https:\/\/i0.wp.com\/cdn.moldovacrestina.md\/2025\/11\/24fdd8f4-psbs4khrvy0.jpg?resize=350%2C200&ssl=1 1x, https:\/\/i0.wp.com\/cdn.moldovacrestina.md\/2025\/11\/24fdd8f4-psbs4khrvy0.jpg?resize=525%2C300&ssl=1 1.5x, https:\/\/i0.wp.com\/cdn.moldovacrestina.md\/2025\/11\/24fdd8f4-psbs4khrvy0.jpg?resize=700%2C400&ssl=1 2x, https:\/\/i0.wp.com\/cdn.moldovacrestina.md\/2025\/11\/24fdd8f4-psbs4khrvy0.jpg?resize=1050%2C600&ssl=1 3x"},"classes":[]},{"id":363310,"url":"https:\/\/moldovacrestina.md\/nici-la-moartea-parintilor-nu-va-oferi-mancare-cuiva\/","url_meta":{"origin":64708,"position":3},"title":"Nici la moartea p\u0103rin\u021bilor nu va oferi m\u00e2ncare cuiva\u2026","author":"Moldova Cre\u0219tin\u0103","date":"25 juillet 2025","format":false,"excerpt":"\u00ceNTREBARE: Pace, frate! Am \u0219i eu o nedumerire. M\u0103 contraziceam cu tata: \u00een caz de o \u00eenmorm\u00e2ntare, eu am zis c\u0103 nu a\u0219 da nici m\u0103car pr\u0103jituri \u0219i nici suc. Am zis doar ap\u0103, ca s\u0103 nu \u00eei fie cuiva sete. Tata mi-a zis s\u0103 vorbesc cu un predicator poc\u0103it\u2026","rel":"","context":"<span class=\"jp-relatedposts-post-author\">Moldova Cre\u0219tin\u0103<\/span>","block_context":{"text":"MCTV","link":"https:\/\/moldovacrestina.md\/mctv\/"},"img":{"alt_text":"","src":"https:\/\/i0.wp.com\/cdn.moldovacrestina.md\/2025\/07\/ba7ab153-h1zvfmsmux8.jpg?resize=350%2C200&ssl=1","width":350,"height":200,"srcset":"https:\/\/i0.wp.com\/cdn.moldovacrestina.md\/2025\/07\/ba7ab153-h1zvfmsmux8.jpg?resize=350%2C200&ssl=1 1x, https:\/\/i0.wp.com\/cdn.moldovacrestina.md\/2025\/07\/ba7ab153-h1zvfmsmux8.jpg?resize=525%2C300&ssl=1 1.5x, https:\/\/i0.wp.com\/cdn.moldovacrestina.md\/2025\/07\/ba7ab153-h1zvfmsmux8.jpg?resize=700%2C400&ssl=1 2x, https:\/\/i0.wp.com\/cdn.moldovacrestina.md\/2025\/07\/ba7ab153-h1zvfmsmux8.jpg?resize=1050%2C600&ssl=1 3x"},"classes":[]},{"id":364595,"url":"https:\/\/moldovacrestina.md\/trebuie-sa-te-botezi-din-nou-daca-ai-cazut-de-la-credinta-raspuns-biblic\/","url_meta":{"origin":64708,"position":4},"title":"Trebuie s\u0103 te botezi din nou dac\u0103 ai c\u0103zut de la credin\u021b\u0103? | R\u0103spuns biblic","author":"Moldova Cre\u0219tin\u0103","date":"30 janvier 2026","format":false,"excerpt":"\u00cen acest video r\u0103spundem la \u00eentreb\u0103ri importante pentru via\u021ba cre\u0219tin\u0103: trebuie s\u0103 te botezi din nou dac\u0103 ai c\u0103zut de la credin\u021b\u0103? Mai este valabil primul botez? Ce spune Biblia despre restaurare, poc\u0103in\u021b\u0103 \u0219i sfin\u021bire? Analiz\u0103m Scripturile pentru a \u00een\u021belege voia lui Dumnezeu \u0219i pa\u0219ii practici pentru a tr\u0103i o\u2026","rel":"","context":"<span class=\"jp-relatedposts-post-author\">Moldova Cre\u0219tin\u0103<\/span>","block_context":{"text":"MCTV","link":"https:\/\/moldovacrestina.md\/mctv\/"},"img":{"alt_text":"","src":"https:\/\/i0.wp.com\/cdn.moldovacrestina.md\/2026\/01\/d2fdc6c8-jdstkuhefm4.jpg?resize=350%2C200&ssl=1","width":350,"height":200,"srcset":"https:\/\/i0.wp.com\/cdn.moldovacrestina.md\/2026\/01\/d2fdc6c8-jdstkuhefm4.jpg?resize=350%2C200&ssl=1 1x, https:\/\/i0.wp.com\/cdn.moldovacrestina.md\/2026\/01\/d2fdc6c8-jdstkuhefm4.jpg?resize=525%2C300&ssl=1 1.5x, https:\/\/i0.wp.com\/cdn.moldovacrestina.md\/2026\/01\/d2fdc6c8-jdstkuhefm4.jpg?resize=700%2C400&ssl=1 2x, https:\/\/i0.wp.com\/cdn.moldovacrestina.md\/2026\/01\/d2fdc6c8-jdstkuhefm4.jpg?resize=1050%2C600&ssl=1 3x"},"classes":[]},{"id":362814,"url":"https:\/\/moldovacrestina.md\/cum-sa-ma-rog-pentru-fetita-mea-care-e-posedata-de-duhuri-rele\/","url_meta":{"origin":64708,"position":5},"title":"Cum s\u0103 m\u0103 rog pentru feti\u021ba mea care e posedat\u0103 de duhuri rele?","author":"Moldova Cre\u0219tin\u0103","date":"26 mai 2025","format":false,"excerpt":"R\u0103zboiul spiritual e real, dar nu e\u0219ti singur. Urmeaz\u0103 sfaturile biblice ca s\u0103 mijloce\u0219ti pentru eliberarea feti\u021bei tale. \ud83d\udcd6 \u00censcrie-te acum la grup de studiu biblic https:\/\/docs.google.com\/forms\/d\/e\/1FAIpQLSfuxidxJcEIFI2xlFaQ49z3l2Kalf1TST8sfqd6mh8aOll1Gw\/viewform?usp=sharing&ouid=116850903366721386758 \ud83c\uddec\ud83c\udde7 \u00censcrie-te acum la Summer English Academy https:\/\/efnl.online\/SummerEnglishAcademy \ud83d\udcd8 Dac\u0103 dore\u0219ti \u0219i tu s\u0103 parcurgi acest curs sau s\u0103-l predai altora, \u00eel g\u0103se\u0219ti\u2026","rel":"","context":"<span class=\"jp-relatedposts-post-author\">Moldova Cre\u0219tin\u0103<\/span>","block_context":{"text":"MCTV","link":"https:\/\/moldovacrestina.md\/mctv\/"},"img":{"alt_text":"","src":"https:\/\/i0.wp.com\/cdn.moldovacrestina.md\/2025\/05\/6c5ca5d8-dls_vos0qci.jpg?resize=350%2C200&ssl=1","width":350,"height":200,"srcset":"https:\/\/i0.wp.com\/cdn.moldovacrestina.md\/2025\/05\/6c5ca5d8-dls_vos0qci.jpg?resize=350%2C200&ssl=1 1x, https:\/\/i0.wp.com\/cdn.moldovacrestina.md\/2025\/05\/6c5ca5d8-dls_vos0qci.jpg?resize=525%2C300&ssl=1 1.5x, https:\/\/i0.wp.com\/cdn.moldovacrestina.md\/2025\/05\/6c5ca5d8-dls_vos0qci.jpg?resize=700%2C400&ssl=1 2x, https:\/\/i0.wp.com\/cdn.moldovacrestina.md\/2025\/05\/6c5ca5d8-dls_vos0qci.jpg?resize=1050%2C600&ssl=1 3x"},"classes":[]}],"jetpack_sharing_enabled":true,"_links":{"self":[{"href":"https:\/\/moldovacrestina.md\/fr\/wp-json\/wp\/v2\/posts\/64708","targetHints":{"allow":["GET"]}}],"collection":[{"href":"https:\/\/moldovacrestina.md\/fr\/wp-json\/wp\/v2\/posts"}],"about":[{"href":"https:\/\/moldovacrestina.md\/fr\/wp-json\/wp\/v2\/types\/post"}],"author":[{"embeddable":true,"href":"https:\/\/moldovacrestina.md\/fr\/wp-json\/wp\/v2\/users\/46"}],"replies":[{"embeddable":true,"href":"https:\/\/moldovacrestina.md\/fr\/wp-json\/wp\/v2\/comments?post=64708"}],"version-history":[{"count":0,"href":"https:\/\/moldovacrestina.md\/fr\/wp-json\/wp\/v2\/posts\/64708\/revisions"}],"wp:featuredmedia":[{"embeddable":true,"href":"https:\/\/moldovacrestina.md\/fr\/wp-json\/wp\/v2\/media\/64710"}],"wp:attachment":[{"href":"https:\/\/moldovacrestina.md\/fr\/wp-json\/wp\/v2\/media?parent=64708"}],"wp:term":[{"taxonomy":"category","embeddable":true,"href":"https:\/\/moldovacrestina.md\/fr\/wp-json\/wp\/v2\/categories?post=64708"},{"taxonomy":"post_tag","embeddable":true,"href":"https:\/\/moldovacrestina.md\/fr\/wp-json\/wp\/v2\/tags?post=64708"}],"curies":[{"name":"wp","href":"https:\/\/api.w.org\/{rel}","templated":true}]}}