{"id":64669,"date":"2012-04-21T12:52:22","date_gmt":"2012-04-21T10:52:22","guid":{"rendered":"https:\/\/moldovacrestina.md\/fils-de-dieu-existe-avant-son-incarnation"},"modified":"2017-05-03T18:45:31","modified_gmt":"2017-05-03T16:45:31","slug":"fils-de-dieu-existe-avant-son-incarnation","status":"publish","type":"post","link":"https:\/\/moldovacrestina.md\/fr\/fils-de-dieu-existe-avant-son-incarnation\/","title":{"rendered":"Est-ce que le Fils de Dieu a-t-il exist\u00e9 avant Son incarnation ?"},"content":{"rendered":"<p><img loading=\"lazy\" decoding=\"async\" class=\"alignnone wp-image-92617 size-full\" src=\"https:\/\/cdn.moldovacrestina.md\/2012\/04\/JesusCreator-05.jpg\" alt=\"Est-ce que le Fils de Dieu a-t-il exist\u00e9 avant Son incarnation ?\" width=\"597\" height=\"418\" \/>Question\u00a0:<\/p>\n<blockquote class=\"td_quote_box td_box_center\"><p><em>J\u2019esp\u00e8re que vous ne croyez pas que je veux vous stress\u00e9 ou me moquer de vous, car je pense que vos r\u00e9ponses sur ce cite s\u2019adresse premi\u00e8rement aux personnes qui ne connaissent pas Dieu. Pour ma part, j\u2019ai grandi dans une famille chr\u00e9tienne et je cherche toujours \u00e0 garder une relation correcte avec Dieu. Je vous adresse cette troisi\u00e8me ou quatri\u00e8me question. Avant j\u2019ai os\u00e9 vous contredire quand il me semblait que vous n\u2019avez pas argument\u00e9 correctement. Je veux comprendre les t\u00e9moins de J\u00e9hovah (une secte) et j\u2019essaye de me d\u00e9montrer la trinit\u00e9, mais j\u2019ai racont\u00e9 quelques difficult\u00e9s et je crois que la r\u00e9ponse \u00e0 ma question sera utile pour tous. De quelle naissance s\u2019agit-il dans l\u2019\u00e9pitre d\u2019H\u00e9breux\u00a0: \u00abTu es mon Fils, Je t\u2019ai engendr\u00e9 aujourd\u2019hui ?\u00bb Sur un forum, une personne cita ses affirmations : \u00abIls ont \u00e9tabli la th\u00e8se paradoxale, mais totalement non-biblique, que le Fils de Dieu existait d\u00e9j\u00e0 dans le ciel comme un personne divine individuelle et puis le Fils est n\u00e9 sur la terre. Ou est-il \u00e9crit dans la Bible\u00a0cette th\u00e8se\u00a0? Bien s\u00fbr nulle part\u00a0! [&#8230;..] On argument souvent au sujet de l\u2019envoie du Fils sur la terre, sans comprendre que le Fils ant\u00e9rieurement a \u00e9t\u00e9 la Parole, le Logos. Il n\u2019est pas \u00e9crit\u00a0: \u2019\u2019<\/em> <em>Au commencement \u00e9tait le Fils\u2026\u2019\u2019, mais \u2018\u2019<\/em> <em>Au commencement \u00e9tait la Parole\u2026 Et la parole a \u00e9t\u00e9 faite chair.\u2019\u2019 \u00bb (<\/em><a href=\"https:\/\/www.roportal.ro\/discutii\/topic\/13461-a-fost-fiul-nascut-in-cer\/\"><em>http:\/\/www.roportal.ro\/discutii\/topic\/13461-a-fost-fiul-nascut-in-cer\/<\/em><\/a><em>). <\/em><em>Donc, peut-on dire que le Fils n\u2019a pas exist\u00e9 avant son incarnation\u00a0? C\u2019est-\u00e0-dire la Parole est devenue le Fils seulement apr\u00e8s Son naissance sur terre ? Je vous remercie et que Dieu vous b\u00e9nisse\u00a0!<\/em><\/p><\/blockquote>\n<p>Il est absurde et quel audace qu\u2019une personne fasse une telle fausse d\u00e9claration conform\u00e9ment \u00e0 laquelle nulle part dans la Bible il n\u2019est pas \u00e9crire que le Seigneur J\u00e9sus Christ avait exist\u00e9 avant de prendre la chair humaine et que J\u00e9sus Christ et la Parole (le Logos) sont des personnes diff\u00e9rent. Voyons ce que la Bible nous dit.<\/p>\n<h2>Evangile d\u2019apr\u00e8s Jean 1:1-18<\/h2>\n<p>Lisez avec attention ce passage et noter le mot-cl\u00e9 \u00abla Parole\u00bb et tous ses synonymes (vous observez tr\u00e8s facile que le mot \u00abJ\u00e9sus Christ\u00bb et synonyme du mot \u00abParole\u00bb) et puis, \u00e9tabliez une liste avec toutes les v\u00e9rit\u00e9s que vous voyez sur la Paroles.<\/p>\n<blockquote class=\"td_quote_box td_box_center\"><p>Au commencement \u00e9tait la Parole, et la Parole \u00e9tait avec Dieu, et la Parole \u00e9tait Dieu. Elle \u00e9tait au commencement avec Dieu. Toutes choses ont \u00e9t\u00e9 faites par elle, et rien de ce qui a \u00e9t\u00e9 fait n\u2019a \u00e9t\u00e9 fait sans elle. En elle \u00e9tait la vie, et la vie \u00e9tait la lumi\u00e8re des hommes. La lumi\u00e8re luit dans les t\u00e9n\u00e8bres, et les t\u00e9n\u00e8bres ne l\u2019ont point re\u00e7ue. Il y eut un homme envoy\u00e9 de Dieu : son nom \u00e9tait Jean. Il vint pour servir de t\u00e9moin, pour rendre t\u00e9moignage \u00e0 la lumi\u00e8re, afin que tous crussent par lui. Il n\u2019\u00e9tait pas la lumi\u00e8re, mais il parut pour rendre t\u00e9moignage \u00e0 la lumi\u00e8re. Cette lumi\u00e8re \u00e9tait la v\u00e9ritable lumi\u00e8re, qui, en venant dans le monde, \u00e9claire tout homme. Elle \u00e9tait dans le monde, et le monde a \u00e9t\u00e9 fait par elle, et le monde ne l\u2019a point connue. Elle est venue chez les siens, et les siens ne l\u2019ont point re\u00e7ue. Mais \u00e0 tous ceux qui l\u2019ont re\u00e7ue, \u00e0 ceux qui croient en son nom, elle a donn\u00e9 le pouvoir de devenir enfants de Dieu, lesquels sont n\u00e9s, non du sang, ni de la volont\u00e9 de la chair, ni de la volont\u00e9 de l\u2019homme, mais de Dieu. Et la parole a \u00e9t\u00e9 faite chair, et elle a habit\u00e9 parmi nous, pleine de gr\u00e2ce et de v\u00e9rit\u00e9; et nous avons contempl\u00e9 sa gloire, une gloire comme la gloire du Fils unique venu du P\u00e8re. Jean lui a rendu t\u00e9moignage, et s\u2019est \u00e9cri\u00e9 : C\u2019est celui dont j\u2019ai dit : Celui qui vient apr\u00e8s moi m\u2019a pr\u00e9c\u00e9d\u00e9, car il \u00e9tait avant moi. Et nous avons tous re\u00e7u de sa pl\u00e9nitude, et gr\u00e2ce pour gr\u00e2ce; car la loi a \u00e9t\u00e9 donn\u00e9e par Mo\u00efse, la gr\u00e2ce et la v\u00e9rit\u00e9 sont venues par J\u00e9sus-Christ. Personne n\u2019a jamais vu Dieu; le Fils unique, qui est dans le sein du P\u00e8re, est celui qui l\u2019a fait conna\u00eetre. (Jean 1\u00a0:1-18)<\/p><\/blockquote>\n<p>Voila deux v\u00e9rit\u00e9s tr\u00e8s importantes que nous devons comprendre de ce texte\u00a0:<\/p>\n<ol>\n<li>La Parole et J\u00e9sus Christ sont la m\u00eame personne, et non des personnes diff\u00e9rentes. Jean-Baptiste a t\u00e9moign\u00e9 seulement de J\u00e9sus, il n\u2019a pas fait deux t\u00e9moignes s\u00e9par\u00e9es, une sur la Parole et l\u2019autre sur J\u00e9sus Christ. Cette Parole qui a fait la chair est J\u00e9sus Christ.<\/li>\n<li>La Parole, c\u2019est-\u00e0-dire J\u00e9sus Christ, a exist\u00e9 avant le monde, car toutes choses ont \u00e9t\u00e9 faites par Lui, et rien de ce qui a \u00e9t\u00e9 fait n\u2019a \u00e9t\u00e9 fait sans Lui. Il n\u2019existe aucune exception.<\/li>\n<\/ol>\n<h2>L\u2019Epitre vers les H\u00e9breux<\/h2>\n<p>M\u00eame dans ce texte Dieu dit que J\u00e9sus Christ a exist\u00e9 avant de la cr\u00e9ation du monde et qu\u2019Il est l\u2019agent de la cr\u00e9ation\u00a0:<\/p>\n<blockquote class=\"td_quote_box td_box_center\"><p>Apr\u00e8s avoir autrefois, \u00e0 plusieurs reprises et des mani\u00e8res, parl\u00e9es \u00e0 nos p\u00e8res par les proph\u00e8tes, Dieu, dans ces derniers temps, nous a parl\u00e9 par le Fils, qu\u2019il a \u00e9tabli h\u00e9ritier de toutes choses, <strong>par lequel il a aussi cr\u00e9\u00e9 le monde<\/strong>, (H\u00e9breu 1\u00a0:1-2)<\/p><\/blockquote>\n<h2>Colossiens 1:13-17<\/h2>\n<p>Dans ce texte, il est fait une claire distinction entre J\u00e9sus qui est n\u00e9 et la cr\u00e9ation, c\u2019est-\u00e0-dire, cr\u00e9ation qui a \u00e9t\u00e9 accompli par Lui.<\/p>\n<blockquote class=\"td_quote_box td_box_center\"><p>\u00ab\u00a0qui nous a d\u00e9livr\u00e9s de la puissance des t\u00e9n\u00e8bres et nous a transport\u00e9s dans le royaume du Fils de son amour, en qui nous avons la r\u00e9demption, la r\u00e9mission des p\u00e9ch\u00e9s. Il est l\u2019image du Dieu invisible, le premier-n\u00e9 de toute la cr\u00e9ation. Car en lui ont \u00e9t\u00e9 cr\u00e9\u00e9es toutes les choses qui sont dans les cieux et sur la terre, les visibles et les invisibles, tr\u00f4nes, dignit\u00e9s, dominations, autorit\u00e9s. Tout a \u00e9t\u00e9 cr\u00e9\u00e9 par lui et pour lui. Il est avant toutes choses, et toutes choses subsistent en lui.\u00a0\u00bb (Colossiens 1\u00a0:13-19)<\/p><\/blockquote>\n<p>Les Ecritures ne disent pas quand J\u00e9sus Christ est n\u00e9 et nous ne pouvons pas discerner avec notre pens\u00e9e humaine ce myst\u00e8re divin, mais nous devons le recevoir par la foi, comme il est \u00e9crit dans les Ecritures dict\u00e9es par Dieu. J\u00e9sus Christ est le premier-n\u00e9 de toute la cr\u00e9ation. Car en lui ont \u00e9t\u00e9 cr\u00e9\u00e9es toutes les choses qui sont dans les cieux et sur la terre. Il est (il n\u2019est pas apparu, mais il existait) avant tous les choses. Et comme nous voyons tr\u00e8s claire dans ce texte, il s\u2019agit d\u2019un seul J\u00e9sus Christ et pas de deux personnes comme affirme la secte les t\u00e9moins de J\u00e9hovah. Que Dieu nous garde et nous prot\u00e9ger des toutes les doctrines fausses et nous lie \u00e9troitement \u00e0 la v\u00e9rit\u00e9 de la Bible\u00a0!<\/p>\n<p><em>L\u2019article a \u00e9t\u00e9 traduit par Irina Batin.<\/em><\/p>\n","protected":false},"excerpt":{"rendered":"<p>Question\u00a0: J\u2019esp\u00e8re que vous ne croyez pas que je veux vous stress\u00e9 ou me moquer de vous, car je pense que vos r\u00e9ponses sur ce cite s\u2019adresse premi\u00e8rement aux personnes qui ne connaissent pas Dieu. Pour ma part, j\u2019ai grandi dans une famille chr\u00e9tienne et je cherche toujours \u00e0 garder une relation correcte avec Dieu. [&hellip;]<\/p>\n","protected":false},"author":46,"featured_media":92617,"comment_status":"closed","ping_status":"closed","sticky":false,"template":"","format":"standard","meta":{"_acf_changed":false,"inline_featured_image":false,"_monsterinsights_skip_tracking":false,"_monsterinsights_sitenote_active":false,"_monsterinsights_sitenote_note":"","_monsterinsights_sitenote_category":0,"_genesis_hide_title":false,"_genesis_hide_breadcrumbs":false,"_genesis_hide_singular_image":false,"_genesis_hide_footer_widgets":false,"_genesis_custom_body_class":"","_genesis_custom_post_class":"","_genesis_layout":"","ep_exclude_from_search":false,"_jetpack_memberships_contains_paid_content":false,"footnotes":""},"categories":[29840],"tags":[7860,7962,12709,12711,12712,12715],"class_list":{"0":"post-64669","1":"post","2":"type-post","3":"status-publish","4":"format-standard","5":"has-post-thumbnail","7":"category-reponses-de-la-bible","8":"tag-creation","9":"tag-jesus-christ","10":"tag-logos","11":"tag-chair-humaine","12":"tag-incarnation","13":"tag-parole","14":"entry"},"acf":[],"yoast_head":"<!-- This site is optimized with the Yoast SEO Premium plugin v26.5 (Yoast SEO v27.4) - https:\/\/yoast.com\/product\/yoast-seo-premium-wordpress\/ -->\n<title>J\u00e9sus Christ est le premier-n\u00e9 de toute la cr\u00e9ation<\/title>\n<meta name=\"description\" content=\"Les Ecritures ne disent pas quand Christ est n\u00e9 et nous ne pouvons pas discerner avec notre pens\u00e9e humaine ce myst\u00e8re divin, mais par la foi.\" \/>\n<meta name=\"robots\" content=\"index, follow, max-snippet:-1, max-image-preview:large, max-video-preview:-1\" \/>\n<link rel=\"canonical\" href=\"https:\/\/moldovacrestina.md\/fr\/fils-de-dieu-existe-avant-son-incarnation\/\" \/>\n<meta property=\"og:locale\" content=\"fr_FR\" \/>\n<meta property=\"og:type\" content=\"article\" \/>\n<meta property=\"og:title\" content=\"Est-ce que le Fils de Dieu a-t-il exist\u00e9 avant Son incarnation ?\" \/>\n<meta property=\"og:description\" content=\"Les Ecritures ne disent pas quand Christ est n\u00e9 et nous ne pouvons pas discerner avec notre pens\u00e9e humaine ce myst\u00e8re divin, mais par la foi.\" \/>\n<meta property=\"og:url\" content=\"https:\/\/moldovacrestina.md\/fr\/fils-de-dieu-existe-avant-son-incarnation\/\" \/>\n<meta property=\"og:site_name\" content=\"Moldova Cre\u0219tin\u0103\" \/>\n<meta property=\"article:publisher\" content=\"https:\/\/www.facebook.com\/moldovacrestina\/\" \/>\n<meta property=\"article:published_time\" content=\"2012-04-21T10:52:22+00:00\" \/>\n<meta property=\"article:modified_time\" content=\"2017-05-03T16:45:31+00:00\" \/>\n<meta property=\"og:image\" content=\"https:\/\/cdn.moldovacrestina.md\/2012\/04\/JesusCreator-05.jpg\" \/>\n\t<meta property=\"og:image:width\" content=\"597\" \/>\n\t<meta property=\"og:image:height\" content=\"418\" \/>\n\t<meta property=\"og:image:type\" content=\"image\/jpeg\" \/>\n<meta name=\"author\" content=\"Vasile Filat\" \/>\n<meta name=\"twitter:card\" content=\"summary_large_image\" \/>\n<meta name=\"twitter:creator\" content=\"@moldovacrestina\" \/>\n<meta name=\"twitter:site\" content=\"@moldovacrestina\" \/>\n<meta name=\"twitter:label1\" content=\"\u00c9crit par\" \/>\n\t<meta name=\"twitter:data1\" content=\"Vasile Filat\" \/>\n\t<meta name=\"twitter:label2\" content=\"Dur\u00e9e de lecture estim\u00e9e\" \/>\n\t<meta name=\"twitter:data2\" content=\"6 minutes\" \/>\n<script type=\"application\/ld+json\" class=\"yoast-schema-graph\">{\"@context\":\"https:\\\/\\\/schema.org\",\"@graph\":[{\"@type\":\"Article\",\"@id\":\"https:\\\/\\\/moldovacrestina.md\\\/fr\\\/fils-de-dieu-existe-avant-son-incarnation\\\/#article\",\"isPartOf\":{\"@id\":\"https:\\\/\\\/moldovacrestina.md\\\/fr\\\/fils-de-dieu-existe-avant-son-incarnation\\\/\"},\"author\":{\"name\":\"Vasile Filat\",\"@id\":\"https:\\\/\\\/moldovacrestina.md\\\/fr\\\/#\\\/schema\\\/person\\\/04b204bbb582cc832c3d2424f5d27dc0\"},\"headline\":\"Est-ce que le Fils de Dieu a-t-il exist\u00e9 avant Son incarnation ?\",\"datePublished\":\"2012-04-21T10:52:22+00:00\",\"dateModified\":\"2017-05-03T16:45:31+00:00\",\"mainEntityOfPage\":{\"@id\":\"https:\\\/\\\/moldovacrestina.md\\\/fr\\\/fils-de-dieu-existe-avant-son-incarnation\\\/\"},\"wordCount\":1286,\"image\":{\"@id\":\"https:\\\/\\\/moldovacrestina.md\\\/fr\\\/fils-de-dieu-existe-avant-son-incarnation\\\/#primaryimage\"},\"thumbnailUrl\":\"https:\\\/\\\/moldovacrestina.md\\\/wp-content\\\/uploads\\\/2012\\\/04\\\/JesusCreator-05.jpg\",\"keywords\":[\"creation\",\"Jesus Christ\",\"Logos\",\"chair humaine\",\"incarnation\",\"Parole\"],\"articleSection\":[\"R\u00e9ponses de la Bible\"],\"inLanguage\":\"fr-FR\"},{\"@type\":\"WebPage\",\"@id\":\"https:\\\/\\\/moldovacrestina.md\\\/fr\\\/fils-de-dieu-existe-avant-son-incarnation\\\/\",\"url\":\"https:\\\/\\\/moldovacrestina.md\\\/fr\\\/fils-de-dieu-existe-avant-son-incarnation\\\/\",\"name\":\"J\u00e9sus Christ est le premier-n\u00e9 de toute la cr\u00e9ation\",\"isPartOf\":{\"@id\":\"https:\\\/\\\/moldovacrestina.md\\\/fr\\\/#website\"},\"primaryImageOfPage\":{\"@id\":\"https:\\\/\\\/moldovacrestina.md\\\/fr\\\/fils-de-dieu-existe-avant-son-incarnation\\\/#primaryimage\"},\"image\":{\"@id\":\"https:\\\/\\\/moldovacrestina.md\\\/fr\\\/fils-de-dieu-existe-avant-son-incarnation\\\/#primaryimage\"},\"thumbnailUrl\":\"https:\\\/\\\/moldovacrestina.md\\\/wp-content\\\/uploads\\\/2012\\\/04\\\/JesusCreator-05.jpg\",\"datePublished\":\"2012-04-21T10:52:22+00:00\",\"dateModified\":\"2017-05-03T16:45:31+00:00\",\"author\":{\"@id\":\"https:\\\/\\\/moldovacrestina.md\\\/fr\\\/#\\\/schema\\\/person\\\/04b204bbb582cc832c3d2424f5d27dc0\"},\"description\":\"Les Ecritures ne disent pas quand Christ est n\u00e9 et nous ne pouvons pas discerner avec notre pens\u00e9e humaine ce myst\u00e8re divin, mais par la foi.\",\"breadcrumb\":{\"@id\":\"https:\\\/\\\/moldovacrestina.md\\\/fr\\\/fils-de-dieu-existe-avant-son-incarnation\\\/#breadcrumb\"},\"inLanguage\":\"fr-FR\",\"potentialAction\":[{\"@type\":\"ReadAction\",\"target\":[\"https:\\\/\\\/moldovacrestina.md\\\/fr\\\/fils-de-dieu-existe-avant-son-incarnation\\\/\"]}]},{\"@type\":\"ImageObject\",\"inLanguage\":\"fr-FR\",\"@id\":\"https:\\\/\\\/moldovacrestina.md\\\/fr\\\/fils-de-dieu-existe-avant-son-incarnation\\\/#primaryimage\",\"url\":\"https:\\\/\\\/moldovacrestina.md\\\/wp-content\\\/uploads\\\/2012\\\/04\\\/JesusCreator-05.jpg\",\"contentUrl\":\"https:\\\/\\\/moldovacrestina.md\\\/wp-content\\\/uploads\\\/2012\\\/04\\\/JesusCreator-05.jpg\",\"width\":597,\"height\":418},{\"@type\":\"BreadcrumbList\",\"@id\":\"https:\\\/\\\/moldovacrestina.md\\\/fr\\\/fils-de-dieu-existe-avant-son-incarnation\\\/#breadcrumb\",\"itemListElement\":[{\"@type\":\"ListItem\",\"position\":1,\"name\":\"Prima pagin\u0103\",\"item\":\"https:\\\/\\\/moldovacrestina.md\\\/fr\\\/\"},{\"@type\":\"ListItem\",\"position\":2,\"name\":\"R\u00e9ponses de la Bible\",\"item\":\"https:\\\/\\\/moldovacrestina.md\\\/fr\\\/reponses-de-la-bible\\\/\"},{\"@type\":\"ListItem\",\"position\":3,\"name\":\"Est-ce que le Fils de Dieu a-t-il exist\u00e9 avant Son incarnation ?\"}]},{\"@type\":\"WebSite\",\"@id\":\"https:\\\/\\\/moldovacrestina.md\\\/fr\\\/#website\",\"url\":\"https:\\\/\\\/moldovacrestina.md\\\/fr\\\/\",\"name\":\"Moldova Cre\u0219tin\u0103\",\"description\":\"R\u0103spunsuri relevante \u0219i actuale din Biblie\",\"potentialAction\":[{\"@type\":\"SearchAction\",\"target\":{\"@type\":\"EntryPoint\",\"urlTemplate\":\"https:\\\/\\\/moldovacrestina.md\\\/fr\\\/?s={search_term_string}\"},\"query-input\":{\"@type\":\"PropertyValueSpecification\",\"valueRequired\":true,\"valueName\":\"search_term_string\"}}],\"inLanguage\":\"fr-FR\"},{\"@type\":\"Person\",\"@id\":\"https:\\\/\\\/moldovacrestina.md\\\/fr\\\/#\\\/schema\\\/person\\\/04b204bbb582cc832c3d2424f5d27dc0\",\"name\":\"Vasile Filat\",\"image\":{\"@type\":\"ImageObject\",\"inLanguage\":\"fr-FR\",\"@id\":\"https:\\\/\\\/secure.gravatar.com\\\/avatar\\\/2e02d082d139dd6eb634318c9cf2c3a8281db62f24f87a134adb4f2020e77ab3?s=96&d=mm&r=g\",\"url\":\"https:\\\/\\\/secure.gravatar.com\\\/avatar\\\/2e02d082d139dd6eb634318c9cf2c3a8281db62f24f87a134adb4f2020e77ab3?s=96&d=mm&r=g\",\"contentUrl\":\"https:\\\/\\\/secure.gravatar.com\\\/avatar\\\/2e02d082d139dd6eb634318c9cf2c3a8281db62f24f87a134adb4f2020e77ab3?s=96&d=mm&r=g\",\"caption\":\"Vasile Filat\"},\"description\":\"P\u0103storesc\u00a0Biserica Bunavestire din Chi\u0219in\u0103u, predau Cuv\u00e2ntul lui Dumnezeu la\u00a0Institutul de Studiu Biblic Inductiv din Eurasia\u00a0\u0219i conduc\u00a0Asocia\u021bia \\\"\u00cenv\u0103\u021b\u0103tur\u0103 din Cuv\u00e2nt - Precept Ministries\\\" din Moldova. \u00cempreun\u0103 cu so\u021bia mea\u00a0Anastasia, avem trei copii. Din Aprilie 2007 am oferit r\u0103spunsuri din Biblie pe acest site la \u00eentreb\u0103ri adresate de cititori. Mai mult despre mine citi\u021bi\u00a0aici.\",\"url\":\"https:\\\/\\\/moldovacrestina.md\\\/fr\\\/author\\\/vasile-filat\\\/\"}]}<\/script>\n<!-- \/ Yoast SEO Premium plugin. -->","yoast_head_json":{"title":"J\u00e9sus Christ est le premier-n\u00e9 de toute la cr\u00e9ation","description":"Les Ecritures ne disent pas quand Christ est n\u00e9 et nous ne pouvons pas discerner avec notre pens\u00e9e humaine ce myst\u00e8re divin, mais par la foi.","robots":{"index":"index","follow":"follow","max-snippet":"max-snippet:-1","max-image-preview":"max-image-preview:large","max-video-preview":"max-video-preview:-1"},"canonical":"https:\/\/moldovacrestina.md\/fr\/fils-de-dieu-existe-avant-son-incarnation\/","og_locale":"fr_FR","og_type":"article","og_title":"Est-ce que le Fils de Dieu a-t-il exist\u00e9 avant Son incarnation ?","og_description":"Les Ecritures ne disent pas quand Christ est n\u00e9 et nous ne pouvons pas discerner avec notre pens\u00e9e humaine ce myst\u00e8re divin, mais par la foi.","og_url":"https:\/\/moldovacrestina.md\/fr\/fils-de-dieu-existe-avant-son-incarnation\/","og_site_name":"Moldova Cre\u0219tin\u0103","article_publisher":"https:\/\/www.facebook.com\/moldovacrestina\/","article_published_time":"2012-04-21T10:52:22+00:00","article_modified_time":"2017-05-03T16:45:31+00:00","og_image":[{"width":597,"height":418,"url":"https:\/\/cdn.moldovacrestina.md\/2012\/04\/JesusCreator-05.jpg","type":"image\/jpeg"}],"author":"Vasile Filat","twitter_card":"summary_large_image","twitter_creator":"@moldovacrestina","twitter_site":"@moldovacrestina","twitter_misc":{"\u00c9crit par":"Vasile Filat","Dur\u00e9e de lecture estim\u00e9e":"6 minutes"},"schema":{"@context":"https:\/\/schema.org","@graph":[{"@type":"Article","@id":"https:\/\/moldovacrestina.md\/fr\/fils-de-dieu-existe-avant-son-incarnation\/#article","isPartOf":{"@id":"https:\/\/moldovacrestina.md\/fr\/fils-de-dieu-existe-avant-son-incarnation\/"},"author":{"name":"Vasile Filat","@id":"https:\/\/moldovacrestina.md\/fr\/#\/schema\/person\/04b204bbb582cc832c3d2424f5d27dc0"},"headline":"Est-ce que le Fils de Dieu a-t-il exist\u00e9 avant Son incarnation ?","datePublished":"2012-04-21T10:52:22+00:00","dateModified":"2017-05-03T16:45:31+00:00","mainEntityOfPage":{"@id":"https:\/\/moldovacrestina.md\/fr\/fils-de-dieu-existe-avant-son-incarnation\/"},"wordCount":1286,"image":{"@id":"https:\/\/moldovacrestina.md\/fr\/fils-de-dieu-existe-avant-son-incarnation\/#primaryimage"},"thumbnailUrl":"https:\/\/moldovacrestina.md\/wp-content\/uploads\/2012\/04\/JesusCreator-05.jpg","keywords":["creation","Jesus Christ","Logos","chair humaine","incarnation","Parole"],"articleSection":["R\u00e9ponses de la Bible"],"inLanguage":"fr-FR"},{"@type":"WebPage","@id":"https:\/\/moldovacrestina.md\/fr\/fils-de-dieu-existe-avant-son-incarnation\/","url":"https:\/\/moldovacrestina.md\/fr\/fils-de-dieu-existe-avant-son-incarnation\/","name":"J\u00e9sus Christ est le premier-n\u00e9 de toute la cr\u00e9ation","isPartOf":{"@id":"https:\/\/moldovacrestina.md\/fr\/#website"},"primaryImageOfPage":{"@id":"https:\/\/moldovacrestina.md\/fr\/fils-de-dieu-existe-avant-son-incarnation\/#primaryimage"},"image":{"@id":"https:\/\/moldovacrestina.md\/fr\/fils-de-dieu-existe-avant-son-incarnation\/#primaryimage"},"thumbnailUrl":"https:\/\/moldovacrestina.md\/wp-content\/uploads\/2012\/04\/JesusCreator-05.jpg","datePublished":"2012-04-21T10:52:22+00:00","dateModified":"2017-05-03T16:45:31+00:00","author":{"@id":"https:\/\/moldovacrestina.md\/fr\/#\/schema\/person\/04b204bbb582cc832c3d2424f5d27dc0"},"description":"Les Ecritures ne disent pas quand Christ est n\u00e9 et nous ne pouvons pas discerner avec notre pens\u00e9e humaine ce myst\u00e8re divin, mais par la foi.","breadcrumb":{"@id":"https:\/\/moldovacrestina.md\/fr\/fils-de-dieu-existe-avant-son-incarnation\/#breadcrumb"},"inLanguage":"fr-FR","potentialAction":[{"@type":"ReadAction","target":["https:\/\/moldovacrestina.md\/fr\/fils-de-dieu-existe-avant-son-incarnation\/"]}]},{"@type":"ImageObject","inLanguage":"fr-FR","@id":"https:\/\/moldovacrestina.md\/fr\/fils-de-dieu-existe-avant-son-incarnation\/#primaryimage","url":"https:\/\/moldovacrestina.md\/wp-content\/uploads\/2012\/04\/JesusCreator-05.jpg","contentUrl":"https:\/\/moldovacrestina.md\/wp-content\/uploads\/2012\/04\/JesusCreator-05.jpg","width":597,"height":418},{"@type":"BreadcrumbList","@id":"https:\/\/moldovacrestina.md\/fr\/fils-de-dieu-existe-avant-son-incarnation\/#breadcrumb","itemListElement":[{"@type":"ListItem","position":1,"name":"Prima pagin\u0103","item":"https:\/\/moldovacrestina.md\/fr\/"},{"@type":"ListItem","position":2,"name":"R\u00e9ponses de la Bible","item":"https:\/\/moldovacrestina.md\/fr\/reponses-de-la-bible\/"},{"@type":"ListItem","position":3,"name":"Est-ce que le Fils de Dieu a-t-il exist\u00e9 avant Son incarnation ?"}]},{"@type":"WebSite","@id":"https:\/\/moldovacrestina.md\/fr\/#website","url":"https:\/\/moldovacrestina.md\/fr\/","name":"Moldova Cre\u0219tin\u0103","description":"R\u0103spunsuri relevante \u0219i actuale din Biblie","potentialAction":[{"@type":"SearchAction","target":{"@type":"EntryPoint","urlTemplate":"https:\/\/moldovacrestina.md\/fr\/?s={search_term_string}"},"query-input":{"@type":"PropertyValueSpecification","valueRequired":true,"valueName":"search_term_string"}}],"inLanguage":"fr-FR"},{"@type":"Person","@id":"https:\/\/moldovacrestina.md\/fr\/#\/schema\/person\/04b204bbb582cc832c3d2424f5d27dc0","name":"Vasile Filat","image":{"@type":"ImageObject","inLanguage":"fr-FR","@id":"https:\/\/secure.gravatar.com\/avatar\/2e02d082d139dd6eb634318c9cf2c3a8281db62f24f87a134adb4f2020e77ab3?s=96&d=mm&r=g","url":"https:\/\/secure.gravatar.com\/avatar\/2e02d082d139dd6eb634318c9cf2c3a8281db62f24f87a134adb4f2020e77ab3?s=96&d=mm&r=g","contentUrl":"https:\/\/secure.gravatar.com\/avatar\/2e02d082d139dd6eb634318c9cf2c3a8281db62f24f87a134adb4f2020e77ab3?s=96&d=mm&r=g","caption":"Vasile Filat"},"description":"P\u0103storesc\u00a0Biserica Bunavestire din Chi\u0219in\u0103u, predau Cuv\u00e2ntul lui Dumnezeu la\u00a0Institutul de Studiu Biblic Inductiv din Eurasia\u00a0\u0219i conduc\u00a0Asocia\u021bia \"\u00cenv\u0103\u021b\u0103tur\u0103 din Cuv\u00e2nt - Precept Ministries\" din Moldova. \u00cempreun\u0103 cu so\u021bia mea\u00a0Anastasia, avem trei copii. Din Aprilie 2007 am oferit r\u0103spunsuri din Biblie pe acest site la \u00eentreb\u0103ri adresate de cititori. Mai mult despre mine citi\u021bi\u00a0aici.","url":"https:\/\/moldovacrestina.md\/fr\/author\/vasile-filat\/"}]}},"jetpack_featured_media_url":"https:\/\/moldovacrestina.md\/wp-content\/uploads\/2012\/04\/JesusCreator-05.jpg","video_meta":false,"featured_image":"https:\/\/moldovacrestina.md\/wp-content\/uploads\/2012\/04\/JesusCreator-05.jpg","wpml":{"language_code":"fr","locale":"fr_FR","text_direction":false,"display_name":"Fran\u00e7ais","native_name":"Francez\u0103","different_language":false},"jetpack-related-posts":[{"id":363755,"url":"https:\/\/moldovacrestina.md\/este-pacat-divortul-daca-ambii-soti-il-doresc-pastor-vasile-filat\/","url_meta":{"origin":64669,"position":0},"title":"Este p\u0103cat divor\u021bul dac\u0103 ambii so\u021bi \u00eel doresc? | Pastor Vasile Filat","author":"Moldova Cre\u0219tin\u0103","date":"12 octobre 2025","format":false,"excerpt":"Mul\u021bi oameni cred c\u0103 dac\u0103 ambii so\u021bi sunt de acord cu desp\u0103r\u021birea, divor\u021bul nu mai este p\u0103cat. Dar ce spune Biblia? \u00cen acest video, pastorul Vasile Filat explic\u0103, pe baza textelor din Matei 19, Maleahi 2 \u0219i Evrei 13:4, c\u0103 Dumnezeu a instituit c\u0103s\u0103toria \u0219i El singur are autoritatea de\u2026","rel":"","context":"<span class=\"jp-relatedposts-post-author\">Moldova Cre\u0219tin\u0103<\/span>","block_context":{"text":"MCTV","link":"https:\/\/moldovacrestina.md\/mctv\/"},"img":{"alt_text":"","src":"https:\/\/i0.wp.com\/cdn.moldovacrestina.md\/2025\/10\/fa6abd08-qnfeu_9zdi4.jpg?resize=350%2C200&ssl=1","width":350,"height":200,"srcset":"https:\/\/i0.wp.com\/cdn.moldovacrestina.md\/2025\/10\/fa6abd08-qnfeu_9zdi4.jpg?resize=350%2C200&ssl=1 1x, https:\/\/i0.wp.com\/cdn.moldovacrestina.md\/2025\/10\/fa6abd08-qnfeu_9zdi4.jpg?resize=525%2C300&ssl=1 1.5x, https:\/\/i0.wp.com\/cdn.moldovacrestina.md\/2025\/10\/fa6abd08-qnfeu_9zdi4.jpg?resize=700%2C400&ssl=1 2x, https:\/\/i0.wp.com\/cdn.moldovacrestina.md\/2025\/10\/fa6abd08-qnfeu_9zdi4.jpg?resize=1050%2C600&ssl=1 3x"},"classes":[]},{"id":363933,"url":"https:\/\/moldovacrestina.md\/cand-pacatul-te-reduce-la-tacere-asculta-asta-inainte-sa-renunti\/","url_meta":{"origin":64669,"position":1},"title":"C\u00e2nd p\u0103catul te reduce la t\u0103cere \u2013 ascult\u0103 asta \u00eenainte s\u0103 renun\u021bi","author":"Moldova Cre\u0219tin\u0103","date":"2 novembre 2025","format":false,"excerpt":"Ai fost cre\u0219tin, dar ai c\u0103zut \u00een p\u0103cat \u0219i ai pierdut \u00eendr\u0103zneala de a vorbi despre credin\u021b\u0103? Sim\u021bi ru\u0219ine, vinov\u0103\u021bie, team\u0103? \u00cen acest video, Pastorul Vasile Filat explic\u0103 biblic \u0219i practic ce s\u0103 faci c\u00e2nd ai p\u0103c\u0103tuit \u0219i cum s\u0103 revii la o rela\u021bie vie cu Dumnezeu \u0219i la slujire\u2026","rel":"","context":"<span class=\"jp-relatedposts-post-author\">Moldova Cre\u0219tin\u0103<\/span>","block_context":{"text":"MCTV","link":"https:\/\/moldovacrestina.md\/mctv\/"},"img":{"alt_text":"","src":"https:\/\/i0.wp.com\/cdn.moldovacrestina.md\/2025\/11\/585b12ed-hytl58awy6g.jpg?resize=350%2C200&ssl=1","width":350,"height":200,"srcset":"https:\/\/i0.wp.com\/cdn.moldovacrestina.md\/2025\/11\/585b12ed-hytl58awy6g.jpg?resize=350%2C200&ssl=1 1x, https:\/\/i0.wp.com\/cdn.moldovacrestina.md\/2025\/11\/585b12ed-hytl58awy6g.jpg?resize=525%2C300&ssl=1 1.5x, https:\/\/i0.wp.com\/cdn.moldovacrestina.md\/2025\/11\/585b12ed-hytl58awy6g.jpg?resize=700%2C400&ssl=1 2x, https:\/\/i0.wp.com\/cdn.moldovacrestina.md\/2025\/11\/585b12ed-hytl58awy6g.jpg?resize=1050%2C600&ssl=1 3x"},"classes":[]},{"id":363943,"url":"https:\/\/moldovacrestina.md\/nu-mai-zadarnici-harul-lui-dumnezeu-foloseste-ti-potentialul-deplin-in-hristos-vasile-filat\/","url_meta":{"origin":64669,"position":2},"title":"NU mai z\u0103d\u0103rnici harul lui Dumnezeu! Folose\u0219te-\u021bi poten\u021bialul deplin \u00een Hristos | Vasile Filat","author":"Moldova Cre\u0219tin\u0103","date":"3 novembre 2025","format":false,"excerpt":"Ai primit har de la Dumnezeu, dar poate c\u0103 nu \u00eel folose\u0219ti. \u00cen aceast\u0103 predic\u0103 vei \u00een\u021belege cum s\u0103-\u021bi descoperi \u0219i s\u0103-\u021bi activezi poten\u021bialul deplin \u00een Hristos. Vei vedea cum Moise \u0219i Petru au trecut de fric\u0103, ezitare \u0219i e\u0219ec pentru a valorifica harul primit \u0219i a tr\u0103i planul lui\u2026","rel":"","context":"<span class=\"jp-relatedposts-post-author\">Moldova Cre\u0219tin\u0103<\/span>","block_context":{"text":"MCTV","link":"https:\/\/moldovacrestina.md\/mctv\/"},"img":{"alt_text":"","src":"https:\/\/i0.wp.com\/cdn.moldovacrestina.md\/2025\/11\/24fdd8f4-psbs4khrvy0.jpg?resize=350%2C200&ssl=1","width":350,"height":200,"srcset":"https:\/\/i0.wp.com\/cdn.moldovacrestina.md\/2025\/11\/24fdd8f4-psbs4khrvy0.jpg?resize=350%2C200&ssl=1 1x, https:\/\/i0.wp.com\/cdn.moldovacrestina.md\/2025\/11\/24fdd8f4-psbs4khrvy0.jpg?resize=525%2C300&ssl=1 1.5x, https:\/\/i0.wp.com\/cdn.moldovacrestina.md\/2025\/11\/24fdd8f4-psbs4khrvy0.jpg?resize=700%2C400&ssl=1 2x, https:\/\/i0.wp.com\/cdn.moldovacrestina.md\/2025\/11\/24fdd8f4-psbs4khrvy0.jpg?resize=1050%2C600&ssl=1 3x"},"classes":[]},{"id":364062,"url":"https:\/\/moldovacrestina.md\/pot-sa-ma-casatoresc-cu-un-barbat-divortat-o-discutie-live-cu-pastorul-vasile-filat\/","url_meta":{"origin":64669,"position":3},"title":"Pot s\u0103 m\u0103 c\u0103s\u0103toresc cu un b\u0103rbat divor\u021bat? | O discu\u021bie LIVE cu pastorul Vasile Filat","author":"Moldova Cre\u0219tin\u0103","date":"20 novembre 2025","format":false,"excerpt":"\u00cen acest LIVE, Vitalie Marian discut\u0103 \u00eempreun\u0103 cu pastorul Vasile Filat despre unul dintre cele mai delicate \u0219i dureroase subiecte din familiile de ast\u0103zi: divor\u021bul. De ce ajung cre\u0219tinii \u00een pragul desp\u0103r\u021birii? Ce spune Biblia despre divor\u021b \u0219i care sunt situa\u021biile \u00een care Scriptura permite sau nu permite ruptura? Cum\u2026","rel":"","context":"<span class=\"jp-relatedposts-post-author\">Moldova Cre\u0219tin\u0103<\/span>","block_context":{"text":"MCTV","link":"https:\/\/moldovacrestina.md\/mctv\/"},"img":{"alt_text":"","src":"https:\/\/i0.wp.com\/cdn.moldovacrestina.md\/2025\/11\/bf956ca7-rdsow82qb4u.jpg?resize=350%2C200&ssl=1","width":350,"height":200,"srcset":"https:\/\/i0.wp.com\/cdn.moldovacrestina.md\/2025\/11\/bf956ca7-rdsow82qb4u.jpg?resize=350%2C200&ssl=1 1x, https:\/\/i0.wp.com\/cdn.moldovacrestina.md\/2025\/11\/bf956ca7-rdsow82qb4u.jpg?resize=525%2C300&ssl=1 1.5x, https:\/\/i0.wp.com\/cdn.moldovacrestina.md\/2025\/11\/bf956ca7-rdsow82qb4u.jpg?resize=700%2C400&ssl=1 2x, https:\/\/i0.wp.com\/cdn.moldovacrestina.md\/2025\/11\/bf956ca7-rdsow82qb4u.jpg?resize=1050%2C600&ssl=1 3x"},"classes":[]},{"id":362814,"url":"https:\/\/moldovacrestina.md\/cum-sa-ma-rog-pentru-fetita-mea-care-e-posedata-de-duhuri-rele\/","url_meta":{"origin":64669,"position":4},"title":"Cum s\u0103 m\u0103 rog pentru feti\u021ba mea care e posedat\u0103 de duhuri rele?","author":"Moldova Cre\u0219tin\u0103","date":"26 mai 2025","format":false,"excerpt":"R\u0103zboiul spiritual e real, dar nu e\u0219ti singur. Urmeaz\u0103 sfaturile biblice ca s\u0103 mijloce\u0219ti pentru eliberarea feti\u021bei tale. \ud83d\udcd6 \u00censcrie-te acum la grup de studiu biblic https:\/\/docs.google.com\/forms\/d\/e\/1FAIpQLSfuxidxJcEIFI2xlFaQ49z3l2Kalf1TST8sfqd6mh8aOll1Gw\/viewform?usp=sharing&ouid=116850903366721386758 \ud83c\uddec\ud83c\udde7 \u00censcrie-te acum la Summer English Academy https:\/\/efnl.online\/SummerEnglishAcademy \ud83d\udcd8 Dac\u0103 dore\u0219ti \u0219i tu s\u0103 parcurgi acest curs sau s\u0103-l predai altora, \u00eel g\u0103se\u0219ti\u2026","rel":"","context":"<span class=\"jp-relatedposts-post-author\">Moldova Cre\u0219tin\u0103<\/span>","block_context":{"text":"MCTV","link":"https:\/\/moldovacrestina.md\/mctv\/"},"img":{"alt_text":"","src":"https:\/\/i0.wp.com\/cdn.moldovacrestina.md\/2025\/05\/6c5ca5d8-dls_vos0qci.jpg?resize=350%2C200&ssl=1","width":350,"height":200,"srcset":"https:\/\/i0.wp.com\/cdn.moldovacrestina.md\/2025\/05\/6c5ca5d8-dls_vos0qci.jpg?resize=350%2C200&ssl=1 1x, https:\/\/i0.wp.com\/cdn.moldovacrestina.md\/2025\/05\/6c5ca5d8-dls_vos0qci.jpg?resize=525%2C300&ssl=1 1.5x, https:\/\/i0.wp.com\/cdn.moldovacrestina.md\/2025\/05\/6c5ca5d8-dls_vos0qci.jpg?resize=700%2C400&ssl=1 2x, https:\/\/i0.wp.com\/cdn.moldovacrestina.md\/2025\/05\/6c5ca5d8-dls_vos0qci.jpg?resize=1050%2C600&ssl=1 3x"},"classes":[]}],"jetpack_sharing_enabled":true,"_links":{"self":[{"href":"https:\/\/moldovacrestina.md\/fr\/wp-json\/wp\/v2\/posts\/64669","targetHints":{"allow":["GET"]}}],"collection":[{"href":"https:\/\/moldovacrestina.md\/fr\/wp-json\/wp\/v2\/posts"}],"about":[{"href":"https:\/\/moldovacrestina.md\/fr\/wp-json\/wp\/v2\/types\/post"}],"author":[{"embeddable":true,"href":"https:\/\/moldovacrestina.md\/fr\/wp-json\/wp\/v2\/users\/46"}],"replies":[{"embeddable":true,"href":"https:\/\/moldovacrestina.md\/fr\/wp-json\/wp\/v2\/comments?post=64669"}],"version-history":[{"count":0,"href":"https:\/\/moldovacrestina.md\/fr\/wp-json\/wp\/v2\/posts\/64669\/revisions"}],"wp:featuredmedia":[{"embeddable":true,"href":"https:\/\/moldovacrestina.md\/fr\/wp-json\/wp\/v2\/media\/92617"}],"wp:attachment":[{"href":"https:\/\/moldovacrestina.md\/fr\/wp-json\/wp\/v2\/media?parent=64669"}],"wp:term":[{"taxonomy":"category","embeddable":true,"href":"https:\/\/moldovacrestina.md\/fr\/wp-json\/wp\/v2\/categories?post=64669"},{"taxonomy":"post_tag","embeddable":true,"href":"https:\/\/moldovacrestina.md\/fr\/wp-json\/wp\/v2\/tags?post=64669"}],"curies":[{"name":"wp","href":"https:\/\/api.w.org\/{rel}","templated":true}]}}