{"id":64126,"date":"2012-03-01T07:58:07","date_gmt":"2012-03-01T05:58:07","guid":{"rendered":"https:\/\/moldovacrestina.md\/beau-pere-saint-des-saints-lie-aux-pieds"},"modified":"2017-05-03T18:45:52","modified_gmt":"2017-05-03T16:45:52","slug":"beau-pere-saint-des-saints-lie-aux-pieds","status":"publish","type":"post","link":"https:\/\/moldovacrestina.md\/fr\/beau-pere-saint-des-saints-lie-aux-pieds\/","title":{"rendered":"Est-ce que c\u2019est vrai que le beau-p\u00e8re entrait dans le Saint des Saints li\u00e9 aux pieds ?"},"content":{"rendered":"<p><img loading=\"lazy\" decoding=\"async\" class=\"alignnone wp-image-92233 size-full\" src=\"https:\/\/cdn.moldovacrestina.md\/2012\/03\/528.jpg\" alt=\"Est-ce que c\u2019est vrai que le beau-p\u00e8re entrait dans le Saint des Saints li\u00e9 aux pieds ?\" width=\"450\" height=\"396\" \/>Question\u00a0:<\/p>\n<blockquote class=\"td_quote_box td_box_center\"><p>Beaucoup de gens utilisent l\u2019illustration du beau-p\u00e8re, quand il entrait dans le Saint des Saints li\u00e9s aux pieds avec une corde. Je n\u2019ai pas trouv\u00e9e cela dans les \u00e9critures. Est-ce que cela peut \u00eatre une invention\u00a0?<\/p><\/blockquote>\n<h2>Le beau-p\u00e8re<\/h2>\n<p>Cette information n\u2019a \u00e9t\u00e9 trouv\u00e9e dans aucune source ancienne : L\u2019Ancien Testament, le Nouveau Testament, les manuscrits de la Mer Morte, les \u00e9crits de Flavius \u200b\u200bJoseph, les apocryphes, Michna, le Talmud de Babylone, ni le Talmud de J\u00e9rusalem. Pour la premi\u00e8re fois, cette information a \u00e9t\u00e9 mentionn\u00e9e dans une \u0153uvre\u00a0h\u00e9bra\u00efque\u00a0du XIIIe si\u00e8cle (c\u2019est-\u00e0-dire apr\u00e8s plus de 1100 ans apr\u00e8s la d\u00e9molition du Temple), nomm\u00e9e Zohar, o\u00f9 il est \u00e9crit\u00a0:<\/p>\n<blockquote class=\"td_quote_box td_box_center\"><p><em>Un lingot de corde d\u2019or \u00e9tait suspendu aux pieds, probablement par peur de mourir dans le Saint des Saints, et de devoir tirer sur la corde.<\/em><\/p><\/blockquote>\n<p>Ainsi, si un tel d\u00e9tail qui retient aujourd\u2019hui beaucoup d\u2019attention n\u2019a \u00e9t\u00e9 mentionn\u00e9 dans aucune des sources anciennes, nous avons des raisons suffisantes de croire que c\u2019est une invention.<\/p>\n<p><em>L\u2019article a \u00e9t\u00e9 traduit par\u00a0<\/em><em>Diana Ta\u0219c\u0103.<\/em><\/p>\n","protected":false},"excerpt":{"rendered":"<p>Question\u00a0: Beaucoup de gens utilisent l\u2019illustration du beau-p\u00e8re, quand il entrait dans le Saint des Saints li\u00e9s aux pieds avec une corde. Je n\u2019ai pas trouv\u00e9e cela dans les \u00e9critures. Est-ce que cela peut \u00eatre une invention\u00a0? Le beau-p\u00e8re Cette information n\u2019a \u00e9t\u00e9 trouv\u00e9e dans aucune source ancienne : L\u2019Ancien Testament, le Nouveau Testament, les [&hellip;]<\/p>\n","protected":false},"author":46,"featured_media":0,"comment_status":"closed","ping_status":"closed","sticky":false,"template":"","format":"standard","meta":{"_acf_changed":false,"inline_featured_image":false,"_monsterinsights_skip_tracking":false,"_monsterinsights_sitenote_active":false,"_monsterinsights_sitenote_note":"","_monsterinsights_sitenote_category":0,"_genesis_hide_title":false,"_genesis_hide_breadcrumbs":false,"_genesis_hide_singular_image":false,"_genesis_hide_footer_widgets":false,"_genesis_custom_body_class":"","_genesis_custom_post_class":"","_genesis_layout":"","ep_exclude_from_search":false,"_jetpack_memberships_contains_paid_content":false,"footnotes":""},"categories":[29840],"tags":[12587,12588,12589,12590],"class_list":{"0":"post-64126","1":"post","2":"type-post","3":"status-publish","4":"format-standard","6":"category-reponses-de-la-bible","7":"tag-beau-pere","8":"tag-lies-aux-pieds","9":"tag-saint-des-saints","10":"tag-zohar","11":"entry"},"acf":[],"yoast_head":"<!-- This site is optimized with the Yoast SEO Premium plugin v26.5 (Yoast SEO v27.4) - https:\/\/yoast.com\/product\/yoast-seo-premium-wordpress\/ -->\n<title>Beau-p\u00e8re - dans la Saint des Saints li\u00e9s aux pieds avec une corde?<\/title>\n<meta name=\"description\" content=\"Pour la premi\u00e8re fois, cette information a \u00e9t\u00e9 mentionn\u00e9e seulement dans une \u0153uvre h\u00e9bra\u00efque du XIIIe si\u00e8cle.\" \/>\n<meta name=\"robots\" content=\"index, follow, max-snippet:-1, max-image-preview:large, max-video-preview:-1\" \/>\n<link rel=\"canonical\" href=\"https:\/\/moldovacrestina.md\/fr\/beau-pere-saint-des-saints-lie-aux-pieds\/\" \/>\n<meta property=\"og:locale\" content=\"fr_FR\" \/>\n<meta property=\"og:type\" content=\"article\" \/>\n<meta property=\"og:title\" content=\"Est-ce que c\u2019est vrai que le beau-p\u00e8re entrait dans le Saint des Saints li\u00e9 aux pieds ?\" \/>\n<meta property=\"og:description\" content=\"Pour la premi\u00e8re fois, cette information a \u00e9t\u00e9 mentionn\u00e9e seulement dans une \u0153uvre h\u00e9bra\u00efque du XIIIe si\u00e8cle.\" \/>\n<meta property=\"og:url\" content=\"https:\/\/moldovacrestina.md\/fr\/beau-pere-saint-des-saints-lie-aux-pieds\/\" \/>\n<meta property=\"og:site_name\" content=\"Moldova Cre\u0219tin\u0103\" \/>\n<meta property=\"article:publisher\" content=\"https:\/\/www.facebook.com\/moldovacrestina\/\" \/>\n<meta property=\"article:published_time\" content=\"2012-03-01T05:58:07+00:00\" \/>\n<meta property=\"article:modified_time\" content=\"2017-05-03T16:45:52+00:00\" \/>\n<meta property=\"og:image\" content=\"https:\/\/cdn.moldovacrestina.md\/2012\/03\/528.jpg\" \/>\n<meta name=\"author\" content=\"Vasile Filat\" \/>\n<meta name=\"twitter:card\" content=\"summary_large_image\" \/>\n<meta name=\"twitter:creator\" content=\"@moldovacrestina\" \/>\n<meta name=\"twitter:site\" content=\"@moldovacrestina\" \/>\n<meta name=\"twitter:label1\" content=\"\u00c9crit par\" \/>\n\t<meta name=\"twitter:data1\" content=\"Vasile Filat\" \/>\n\t<meta name=\"twitter:label2\" content=\"Dur\u00e9e de lecture estim\u00e9e\" \/>\n\t<meta name=\"twitter:data2\" content=\"1 minute\" \/>\n<script type=\"application\/ld+json\" class=\"yoast-schema-graph\">{\"@context\":\"https:\\\/\\\/schema.org\",\"@graph\":[{\"@type\":\"Article\",\"@id\":\"https:\\\/\\\/moldovacrestina.md\\\/fr\\\/beau-pere-saint-des-saints-lie-aux-pieds\\\/#article\",\"isPartOf\":{\"@id\":\"https:\\\/\\\/moldovacrestina.md\\\/fr\\\/beau-pere-saint-des-saints-lie-aux-pieds\\\/\"},\"author\":{\"name\":\"Vasile Filat\",\"@id\":\"https:\\\/\\\/moldovacrestina.md\\\/fr\\\/#\\\/schema\\\/person\\\/04b204bbb582cc832c3d2424f5d27dc0\"},\"headline\":\"Est-ce que c\u2019est vrai que le beau-p\u00e8re entrait dans le Saint des Saints li\u00e9 aux pieds ?\",\"datePublished\":\"2012-03-01T05:58:07+00:00\",\"dateModified\":\"2017-05-03T16:45:52+00:00\",\"mainEntityOfPage\":{\"@id\":\"https:\\\/\\\/moldovacrestina.md\\\/fr\\\/beau-pere-saint-des-saints-lie-aux-pieds\\\/\"},\"wordCount\":217,\"image\":{\"@id\":\"https:\\\/\\\/moldovacrestina.md\\\/fr\\\/beau-pere-saint-des-saints-lie-aux-pieds\\\/#primaryimage\"},\"thumbnailUrl\":\"https:\\\/\\\/cdn.moldovacrestina.md\\\/2012\\\/03\\\/528.jpg\",\"keywords\":[\"beau-p\u00e8re\",\"li\u00e9s aux pieds\",\"Saint des Saints\",\"Zohar\"],\"articleSection\":[\"R\u00e9ponses de la Bible\"],\"inLanguage\":\"fr-FR\"},{\"@type\":\"WebPage\",\"@id\":\"https:\\\/\\\/moldovacrestina.md\\\/fr\\\/beau-pere-saint-des-saints-lie-aux-pieds\\\/\",\"url\":\"https:\\\/\\\/moldovacrestina.md\\\/fr\\\/beau-pere-saint-des-saints-lie-aux-pieds\\\/\",\"name\":\"Beau-p\u00e8re - dans la Saint des Saints li\u00e9s aux pieds avec une corde?\",\"isPartOf\":{\"@id\":\"https:\\\/\\\/moldovacrestina.md\\\/fr\\\/#website\"},\"primaryImageOfPage\":{\"@id\":\"https:\\\/\\\/moldovacrestina.md\\\/fr\\\/beau-pere-saint-des-saints-lie-aux-pieds\\\/#primaryimage\"},\"image\":{\"@id\":\"https:\\\/\\\/moldovacrestina.md\\\/fr\\\/beau-pere-saint-des-saints-lie-aux-pieds\\\/#primaryimage\"},\"thumbnailUrl\":\"https:\\\/\\\/cdn.moldovacrestina.md\\\/2012\\\/03\\\/528.jpg\",\"datePublished\":\"2012-03-01T05:58:07+00:00\",\"dateModified\":\"2017-05-03T16:45:52+00:00\",\"author\":{\"@id\":\"https:\\\/\\\/moldovacrestina.md\\\/fr\\\/#\\\/schema\\\/person\\\/04b204bbb582cc832c3d2424f5d27dc0\"},\"description\":\"Pour la premi\u00e8re fois, cette information a \u00e9t\u00e9 mentionn\u00e9e seulement dans une \u0153uvre h\u00e9bra\u00efque du XIIIe si\u00e8cle.\",\"breadcrumb\":{\"@id\":\"https:\\\/\\\/moldovacrestina.md\\\/fr\\\/beau-pere-saint-des-saints-lie-aux-pieds\\\/#breadcrumb\"},\"inLanguage\":\"fr-FR\",\"potentialAction\":[{\"@type\":\"ReadAction\",\"target\":[\"https:\\\/\\\/moldovacrestina.md\\\/fr\\\/beau-pere-saint-des-saints-lie-aux-pieds\\\/\"]}]},{\"@type\":\"ImageObject\",\"inLanguage\":\"fr-FR\",\"@id\":\"https:\\\/\\\/moldovacrestina.md\\\/fr\\\/beau-pere-saint-des-saints-lie-aux-pieds\\\/#primaryimage\",\"url\":\"https:\\\/\\\/cdn.moldovacrestina.md\\\/2012\\\/03\\\/528.jpg\",\"contentUrl\":\"https:\\\/\\\/cdn.moldovacrestina.md\\\/2012\\\/03\\\/528.jpg\"},{\"@type\":\"BreadcrumbList\",\"@id\":\"https:\\\/\\\/moldovacrestina.md\\\/fr\\\/beau-pere-saint-des-saints-lie-aux-pieds\\\/#breadcrumb\",\"itemListElement\":[{\"@type\":\"ListItem\",\"position\":1,\"name\":\"Prima pagin\u0103\",\"item\":\"https:\\\/\\\/moldovacrestina.md\\\/fr\\\/\"},{\"@type\":\"ListItem\",\"position\":2,\"name\":\"R\u00e9ponses de la Bible\",\"item\":\"https:\\\/\\\/moldovacrestina.md\\\/fr\\\/reponses-de-la-bible\\\/\"},{\"@type\":\"ListItem\",\"position\":3,\"name\":\"Est-ce que c\u2019est vrai que le beau-p\u00e8re entrait dans le Saint des Saints li\u00e9 aux pieds ?\"}]},{\"@type\":\"WebSite\",\"@id\":\"https:\\\/\\\/moldovacrestina.md\\\/fr\\\/#website\",\"url\":\"https:\\\/\\\/moldovacrestina.md\\\/fr\\\/\",\"name\":\"Moldova Cre\u0219tin\u0103\",\"description\":\"R\u0103spunsuri relevante \u0219i actuale din Biblie\",\"potentialAction\":[{\"@type\":\"SearchAction\",\"target\":{\"@type\":\"EntryPoint\",\"urlTemplate\":\"https:\\\/\\\/moldovacrestina.md\\\/fr\\\/?s={search_term_string}\"},\"query-input\":{\"@type\":\"PropertyValueSpecification\",\"valueRequired\":true,\"valueName\":\"search_term_string\"}}],\"inLanguage\":\"fr-FR\"},{\"@type\":\"Person\",\"@id\":\"https:\\\/\\\/moldovacrestina.md\\\/fr\\\/#\\\/schema\\\/person\\\/04b204bbb582cc832c3d2424f5d27dc0\",\"name\":\"Vasile Filat\",\"image\":{\"@type\":\"ImageObject\",\"inLanguage\":\"fr-FR\",\"@id\":\"https:\\\/\\\/secure.gravatar.com\\\/avatar\\\/2e02d082d139dd6eb634318c9cf2c3a8281db62f24f87a134adb4f2020e77ab3?s=96&d=mm&r=g\",\"url\":\"https:\\\/\\\/secure.gravatar.com\\\/avatar\\\/2e02d082d139dd6eb634318c9cf2c3a8281db62f24f87a134adb4f2020e77ab3?s=96&d=mm&r=g\",\"contentUrl\":\"https:\\\/\\\/secure.gravatar.com\\\/avatar\\\/2e02d082d139dd6eb634318c9cf2c3a8281db62f24f87a134adb4f2020e77ab3?s=96&d=mm&r=g\",\"caption\":\"Vasile Filat\"},\"description\":\"P\u0103storesc\u00a0Biserica Bunavestire din Chi\u0219in\u0103u, predau Cuv\u00e2ntul lui Dumnezeu la\u00a0Institutul de Studiu Biblic Inductiv din Eurasia\u00a0\u0219i conduc\u00a0Asocia\u021bia \\\"\u00cenv\u0103\u021b\u0103tur\u0103 din Cuv\u00e2nt - Precept Ministries\\\" din Moldova. \u00cempreun\u0103 cu so\u021bia mea\u00a0Anastasia, avem trei copii. Din Aprilie 2007 am oferit r\u0103spunsuri din Biblie pe acest site la \u00eentreb\u0103ri adresate de cititori. Mai mult despre mine citi\u021bi\u00a0aici.\",\"url\":\"https:\\\/\\\/moldovacrestina.md\\\/fr\\\/author\\\/vasile-filat\\\/\"}]}<\/script>\n<!-- \/ Yoast SEO Premium plugin. -->","yoast_head_json":{"title":"Beau-p\u00e8re - dans la Saint des Saints li\u00e9s aux pieds avec une corde?","description":"Pour la premi\u00e8re fois, cette information a \u00e9t\u00e9 mentionn\u00e9e seulement dans une \u0153uvre h\u00e9bra\u00efque du XIIIe si\u00e8cle.","robots":{"index":"index","follow":"follow","max-snippet":"max-snippet:-1","max-image-preview":"max-image-preview:large","max-video-preview":"max-video-preview:-1"},"canonical":"https:\/\/moldovacrestina.md\/fr\/beau-pere-saint-des-saints-lie-aux-pieds\/","og_locale":"fr_FR","og_type":"article","og_title":"Est-ce que c\u2019est vrai que le beau-p\u00e8re entrait dans le Saint des Saints li\u00e9 aux pieds ?","og_description":"Pour la premi\u00e8re fois, cette information a \u00e9t\u00e9 mentionn\u00e9e seulement dans une \u0153uvre h\u00e9bra\u00efque du XIIIe si\u00e8cle.","og_url":"https:\/\/moldovacrestina.md\/fr\/beau-pere-saint-des-saints-lie-aux-pieds\/","og_site_name":"Moldova Cre\u0219tin\u0103","article_publisher":"https:\/\/www.facebook.com\/moldovacrestina\/","article_published_time":"2012-03-01T05:58:07+00:00","article_modified_time":"2017-05-03T16:45:52+00:00","og_image":[{"url":"https:\/\/cdn.moldovacrestina.md\/2012\/03\/528.jpg","type":"","width":"","height":""}],"author":"Vasile Filat","twitter_card":"summary_large_image","twitter_creator":"@moldovacrestina","twitter_site":"@moldovacrestina","twitter_misc":{"\u00c9crit par":"Vasile Filat","Dur\u00e9e de lecture estim\u00e9e":"1 minute"},"schema":{"@context":"https:\/\/schema.org","@graph":[{"@type":"Article","@id":"https:\/\/moldovacrestina.md\/fr\/beau-pere-saint-des-saints-lie-aux-pieds\/#article","isPartOf":{"@id":"https:\/\/moldovacrestina.md\/fr\/beau-pere-saint-des-saints-lie-aux-pieds\/"},"author":{"name":"Vasile Filat","@id":"https:\/\/moldovacrestina.md\/fr\/#\/schema\/person\/04b204bbb582cc832c3d2424f5d27dc0"},"headline":"Est-ce que c\u2019est vrai que le beau-p\u00e8re entrait dans le Saint des Saints li\u00e9 aux pieds ?","datePublished":"2012-03-01T05:58:07+00:00","dateModified":"2017-05-03T16:45:52+00:00","mainEntityOfPage":{"@id":"https:\/\/moldovacrestina.md\/fr\/beau-pere-saint-des-saints-lie-aux-pieds\/"},"wordCount":217,"image":{"@id":"https:\/\/moldovacrestina.md\/fr\/beau-pere-saint-des-saints-lie-aux-pieds\/#primaryimage"},"thumbnailUrl":"https:\/\/cdn.moldovacrestina.md\/2012\/03\/528.jpg","keywords":["beau-p\u00e8re","li\u00e9s aux pieds","Saint des Saints","Zohar"],"articleSection":["R\u00e9ponses de la Bible"],"inLanguage":"fr-FR"},{"@type":"WebPage","@id":"https:\/\/moldovacrestina.md\/fr\/beau-pere-saint-des-saints-lie-aux-pieds\/","url":"https:\/\/moldovacrestina.md\/fr\/beau-pere-saint-des-saints-lie-aux-pieds\/","name":"Beau-p\u00e8re - dans la Saint des Saints li\u00e9s aux pieds avec une corde?","isPartOf":{"@id":"https:\/\/moldovacrestina.md\/fr\/#website"},"primaryImageOfPage":{"@id":"https:\/\/moldovacrestina.md\/fr\/beau-pere-saint-des-saints-lie-aux-pieds\/#primaryimage"},"image":{"@id":"https:\/\/moldovacrestina.md\/fr\/beau-pere-saint-des-saints-lie-aux-pieds\/#primaryimage"},"thumbnailUrl":"https:\/\/cdn.moldovacrestina.md\/2012\/03\/528.jpg","datePublished":"2012-03-01T05:58:07+00:00","dateModified":"2017-05-03T16:45:52+00:00","author":{"@id":"https:\/\/moldovacrestina.md\/fr\/#\/schema\/person\/04b204bbb582cc832c3d2424f5d27dc0"},"description":"Pour la premi\u00e8re fois, cette information a \u00e9t\u00e9 mentionn\u00e9e seulement dans une \u0153uvre h\u00e9bra\u00efque du XIIIe si\u00e8cle.","breadcrumb":{"@id":"https:\/\/moldovacrestina.md\/fr\/beau-pere-saint-des-saints-lie-aux-pieds\/#breadcrumb"},"inLanguage":"fr-FR","potentialAction":[{"@type":"ReadAction","target":["https:\/\/moldovacrestina.md\/fr\/beau-pere-saint-des-saints-lie-aux-pieds\/"]}]},{"@type":"ImageObject","inLanguage":"fr-FR","@id":"https:\/\/moldovacrestina.md\/fr\/beau-pere-saint-des-saints-lie-aux-pieds\/#primaryimage","url":"https:\/\/cdn.moldovacrestina.md\/2012\/03\/528.jpg","contentUrl":"https:\/\/cdn.moldovacrestina.md\/2012\/03\/528.jpg"},{"@type":"BreadcrumbList","@id":"https:\/\/moldovacrestina.md\/fr\/beau-pere-saint-des-saints-lie-aux-pieds\/#breadcrumb","itemListElement":[{"@type":"ListItem","position":1,"name":"Prima pagin\u0103","item":"https:\/\/moldovacrestina.md\/fr\/"},{"@type":"ListItem","position":2,"name":"R\u00e9ponses de la Bible","item":"https:\/\/moldovacrestina.md\/fr\/reponses-de-la-bible\/"},{"@type":"ListItem","position":3,"name":"Est-ce que c\u2019est vrai que le beau-p\u00e8re entrait dans le Saint des Saints li\u00e9 aux pieds ?"}]},{"@type":"WebSite","@id":"https:\/\/moldovacrestina.md\/fr\/#website","url":"https:\/\/moldovacrestina.md\/fr\/","name":"Moldova Cre\u0219tin\u0103","description":"R\u0103spunsuri relevante \u0219i actuale din Biblie","potentialAction":[{"@type":"SearchAction","target":{"@type":"EntryPoint","urlTemplate":"https:\/\/moldovacrestina.md\/fr\/?s={search_term_string}"},"query-input":{"@type":"PropertyValueSpecification","valueRequired":true,"valueName":"search_term_string"}}],"inLanguage":"fr-FR"},{"@type":"Person","@id":"https:\/\/moldovacrestina.md\/fr\/#\/schema\/person\/04b204bbb582cc832c3d2424f5d27dc0","name":"Vasile Filat","image":{"@type":"ImageObject","inLanguage":"fr-FR","@id":"https:\/\/secure.gravatar.com\/avatar\/2e02d082d139dd6eb634318c9cf2c3a8281db62f24f87a134adb4f2020e77ab3?s=96&d=mm&r=g","url":"https:\/\/secure.gravatar.com\/avatar\/2e02d082d139dd6eb634318c9cf2c3a8281db62f24f87a134adb4f2020e77ab3?s=96&d=mm&r=g","contentUrl":"https:\/\/secure.gravatar.com\/avatar\/2e02d082d139dd6eb634318c9cf2c3a8281db62f24f87a134adb4f2020e77ab3?s=96&d=mm&r=g","caption":"Vasile Filat"},"description":"P\u0103storesc\u00a0Biserica Bunavestire din Chi\u0219in\u0103u, predau Cuv\u00e2ntul lui Dumnezeu la\u00a0Institutul de Studiu Biblic Inductiv din Eurasia\u00a0\u0219i conduc\u00a0Asocia\u021bia \"\u00cenv\u0103\u021b\u0103tur\u0103 din Cuv\u00e2nt - Precept Ministries\" din Moldova. \u00cempreun\u0103 cu so\u021bia mea\u00a0Anastasia, avem trei copii. Din Aprilie 2007 am oferit r\u0103spunsuri din Biblie pe acest site la \u00eentreb\u0103ri adresate de cititori. Mai mult despre mine citi\u021bi\u00a0aici.","url":"https:\/\/moldovacrestina.md\/fr\/author\/vasile-filat\/"}]}},"jetpack_featured_media_url":"","video_meta":false,"featured_image":false,"wpml":{"language_code":"fr","locale":"fr_FR","text_direction":false,"display_name":"Fran\u00e7ais","native_name":"Francez\u0103","different_language":false},"jetpack-related-posts":[{"id":365337,"url":"https:\/\/moldovacrestina.md\/cum-sa-te-bucuri-de-avere-fara-sa-cazi-in-lux-si-risipa-pastor-vasile-filat\/","url_meta":{"origin":64126,"position":0},"title":"Cum s\u0103 te bucuri de avere f\u0103r\u0103 s\u0103 cazi \u00een lux \u0219i risip\u0103? | Pastor Vasile Filat","author":"Moldova Cre\u0219tin\u0103","date":"29 avril 2026","format":false,"excerpt":"Biblia nu condamn\u0103 bog\u0103\u021bia, ci inima care se leag\u0103 de ea. \u00cen acest mesaj, Pastorul Vasile Filat explic\u0103 din Scriptur\u0103 cum \u00eei \u00eenva\u021b\u0103 Dumnezeu pe boga\u021bii veacului acestuia s\u0103 fie genero\u0219i, s\u0103 fac\u0103 bine \u0219i, \u00een acela\u0219i timp, s\u0103 se bucure de ceea ce El le-a dat \u2014 f\u0103r\u0103 a\u2026","rel":"","context":"<span class=\"jp-relatedposts-post-author\">Moldova Cre\u0219tin\u0103<\/span>","block_context":{"text":"MCTV","link":"https:\/\/moldovacrestina.md\/mctv\/"},"img":{"alt_text":"","src":"https:\/\/i0.wp.com\/cdn.moldovacrestina.md\/2026\/04\/75dfc91a-305_ass0atm.jpg?resize=350%2C200&ssl=1","width":350,"height":200,"srcset":"https:\/\/i0.wp.com\/cdn.moldovacrestina.md\/2026\/04\/75dfc91a-305_ass0atm.jpg?resize=350%2C200&ssl=1 1x, https:\/\/i0.wp.com\/cdn.moldovacrestina.md\/2026\/04\/75dfc91a-305_ass0atm.jpg?resize=525%2C300&ssl=1 1.5x, https:\/\/i0.wp.com\/cdn.moldovacrestina.md\/2026\/04\/75dfc91a-305_ass0atm.jpg?resize=700%2C400&ssl=1 2x, https:\/\/i0.wp.com\/cdn.moldovacrestina.md\/2026\/04\/75dfc91a-305_ass0atm.jpg?resize=1050%2C600&ssl=1 3x"},"classes":[]},{"id":363755,"url":"https:\/\/moldovacrestina.md\/este-pacat-divortul-daca-ambii-soti-il-doresc-pastor-vasile-filat\/","url_meta":{"origin":64126,"position":1},"title":"Este p\u0103cat divor\u021bul dac\u0103 ambii so\u021bi \u00eel doresc? | Pastor Vasile Filat","author":"Moldova Cre\u0219tin\u0103","date":"12 octobre 2025","format":false,"excerpt":"Mul\u021bi oameni cred c\u0103 dac\u0103 ambii so\u021bi sunt de acord cu desp\u0103r\u021birea, divor\u021bul nu mai este p\u0103cat. Dar ce spune Biblia? \u00cen acest video, pastorul Vasile Filat explic\u0103, pe baza textelor din Matei 19, Maleahi 2 \u0219i Evrei 13:4, c\u0103 Dumnezeu a instituit c\u0103s\u0103toria \u0219i El singur are autoritatea de\u2026","rel":"","context":"<span class=\"jp-relatedposts-post-author\">Moldova Cre\u0219tin\u0103<\/span>","block_context":{"text":"MCTV","link":"https:\/\/moldovacrestina.md\/mctv\/"},"img":{"alt_text":"","src":"https:\/\/i0.wp.com\/cdn.moldovacrestina.md\/2025\/10\/fa6abd08-qnfeu_9zdi4.jpg?resize=350%2C200&ssl=1","width":350,"height":200,"srcset":"https:\/\/i0.wp.com\/cdn.moldovacrestina.md\/2025\/10\/fa6abd08-qnfeu_9zdi4.jpg?resize=350%2C200&ssl=1 1x, https:\/\/i0.wp.com\/cdn.moldovacrestina.md\/2025\/10\/fa6abd08-qnfeu_9zdi4.jpg?resize=525%2C300&ssl=1 1.5x, https:\/\/i0.wp.com\/cdn.moldovacrestina.md\/2025\/10\/fa6abd08-qnfeu_9zdi4.jpg?resize=700%2C400&ssl=1 2x, https:\/\/i0.wp.com\/cdn.moldovacrestina.md\/2025\/10\/fa6abd08-qnfeu_9zdi4.jpg?resize=1050%2C600&ssl=1 3x"},"classes":[]},{"id":363310,"url":"https:\/\/moldovacrestina.md\/nici-la-moartea-parintilor-nu-va-oferi-mancare-cuiva\/","url_meta":{"origin":64126,"position":2},"title":"Nici la moartea p\u0103rin\u021bilor nu va oferi m\u00e2ncare cuiva\u2026","author":"Moldova Cre\u0219tin\u0103","date":"25 juillet 2025","format":false,"excerpt":"\u00ceNTREBARE: Pace, frate! Am \u0219i eu o nedumerire. M\u0103 contraziceam cu tata: \u00een caz de o \u00eenmorm\u00e2ntare, eu am zis c\u0103 nu a\u0219 da nici m\u0103car pr\u0103jituri \u0219i nici suc. Am zis doar ap\u0103, ca s\u0103 nu \u00eei fie cuiva sete. Tata mi-a zis s\u0103 vorbesc cu un predicator poc\u0103it\u2026","rel":"","context":"<span class=\"jp-relatedposts-post-author\">Moldova Cre\u0219tin\u0103<\/span>","block_context":{"text":"MCTV","link":"https:\/\/moldovacrestina.md\/mctv\/"},"img":{"alt_text":"","src":"https:\/\/i0.wp.com\/cdn.moldovacrestina.md\/2025\/07\/ba7ab153-h1zvfmsmux8.jpg?resize=350%2C200&ssl=1","width":350,"height":200,"srcset":"https:\/\/i0.wp.com\/cdn.moldovacrestina.md\/2025\/07\/ba7ab153-h1zvfmsmux8.jpg?resize=350%2C200&ssl=1 1x, https:\/\/i0.wp.com\/cdn.moldovacrestina.md\/2025\/07\/ba7ab153-h1zvfmsmux8.jpg?resize=525%2C300&ssl=1 1.5x, https:\/\/i0.wp.com\/cdn.moldovacrestina.md\/2025\/07\/ba7ab153-h1zvfmsmux8.jpg?resize=700%2C400&ssl=1 2x, https:\/\/i0.wp.com\/cdn.moldovacrestina.md\/2025\/07\/ba7ab153-h1zvfmsmux8.jpg?resize=1050%2C600&ssl=1 3x"},"classes":[]},{"id":363051,"url":"https:\/\/moldovacrestina.md\/nu-va-strangeti-comori-pe-pamant\/","url_meta":{"origin":64126,"position":3},"title":"Nu v\u0103 str\u00e2nge\u0163i comori pe p\u0103m\u00e2nt","author":"Vasile Filat","date":"30 juin 2025","format":false,"excerpt":"Nu v\u0103 str\u00e2nge\u0163i comori pe p\u0103m\u00e2nt, unde le m\u0103n\u00e2nc\u0103 moliile \u0219i rugina \u0219i unde le sap\u0103 \u0219i le fur\u0103 ho\u0163ii; ci str\u00e2nge\u0163i-v\u0103 comori \u00een cer, unde nu le m\u0103n\u00e2nc\u0103 moliile \u0219i rugina \u0219i unde ho\u0163ii nu le sap\u0103, nici nu le fur\u0103. Pentru c\u0103 unde este comoara voastr\u0103, acolo va\u2026","rel":"","context":"<span class=\"jp-relatedposts-post-author\">Vasile Filat<\/span>","block_context":{"text":"MCTV","link":"https:\/\/moldovacrestina.md\/mctv\/"},"img":{"alt_text":"","src":"https:\/\/i0.wp.com\/cdn.moldovacrestina.md\/2025\/06\/37bfde08-jhxbg90vu-c.jpg?resize=350%2C200&ssl=1","width":350,"height":200,"srcset":"https:\/\/i0.wp.com\/cdn.moldovacrestina.md\/2025\/06\/37bfde08-jhxbg90vu-c.jpg?resize=350%2C200&ssl=1 1x, https:\/\/i0.wp.com\/cdn.moldovacrestina.md\/2025\/06\/37bfde08-jhxbg90vu-c.jpg?resize=525%2C300&ssl=1 1.5x, https:\/\/i0.wp.com\/cdn.moldovacrestina.md\/2025\/06\/37bfde08-jhxbg90vu-c.jpg?resize=700%2C400&ssl=1 2x, https:\/\/i0.wp.com\/cdn.moldovacrestina.md\/2025\/06\/37bfde08-jhxbg90vu-c.jpg?resize=1050%2C600&ssl=1 3x"},"classes":[]},{"id":363933,"url":"https:\/\/moldovacrestina.md\/cand-pacatul-te-reduce-la-tacere-asculta-asta-inainte-sa-renunti\/","url_meta":{"origin":64126,"position":4},"title":"C\u00e2nd p\u0103catul te reduce la t\u0103cere \u2013 ascult\u0103 asta \u00eenainte s\u0103 renun\u021bi","author":"Moldova Cre\u0219tin\u0103","date":"2 novembre 2025","format":false,"excerpt":"Ai fost cre\u0219tin, dar ai c\u0103zut \u00een p\u0103cat \u0219i ai pierdut \u00eendr\u0103zneala de a vorbi despre credin\u021b\u0103? Sim\u021bi ru\u0219ine, vinov\u0103\u021bie, team\u0103? \u00cen acest video, Pastorul Vasile Filat explic\u0103 biblic \u0219i practic ce s\u0103 faci c\u00e2nd ai p\u0103c\u0103tuit \u0219i cum s\u0103 revii la o rela\u021bie vie cu Dumnezeu \u0219i la slujire\u2026","rel":"","context":"<span class=\"jp-relatedposts-post-author\">Moldova Cre\u0219tin\u0103<\/span>","block_context":{"text":"MCTV","link":"https:\/\/moldovacrestina.md\/mctv\/"},"img":{"alt_text":"","src":"https:\/\/i0.wp.com\/cdn.moldovacrestina.md\/2025\/11\/585b12ed-hytl58awy6g.jpg?resize=350%2C200&ssl=1","width":350,"height":200,"srcset":"https:\/\/i0.wp.com\/cdn.moldovacrestina.md\/2025\/11\/585b12ed-hytl58awy6g.jpg?resize=350%2C200&ssl=1 1x, https:\/\/i0.wp.com\/cdn.moldovacrestina.md\/2025\/11\/585b12ed-hytl58awy6g.jpg?resize=525%2C300&ssl=1 1.5x, https:\/\/i0.wp.com\/cdn.moldovacrestina.md\/2025\/11\/585b12ed-hytl58awy6g.jpg?resize=700%2C400&ssl=1 2x, https:\/\/i0.wp.com\/cdn.moldovacrestina.md\/2025\/11\/585b12ed-hytl58awy6g.jpg?resize=1050%2C600&ssl=1 3x"},"classes":[]},{"id":362955,"url":"https:\/\/moldovacrestina.md\/de-ce-femeia-din-soroca-a-aruncat-in-fantana-bebelusul-avortat\/","url_meta":{"origin":64126,"position":5},"title":"De ce femeia din Soroca a aruncat \u00een f\u00e2nt\u0103n\u0103 bebelu\u0219ul avortat?","author":"Moldova Cre\u0219tin\u0103","date":"23 juin 2025","format":false,"excerpt":"Nu este doar o tragedie social\u0103, ci o dram\u0103 spiritual\u0103 profund\u0103. Ce se afl\u0103 \u00een spatele unui astfel de gest \u0219i ce spune Biblia despre valoarea vie\u021bii? \u0218tirea preluat\u0103 de pe canalul ProTV https:\/\/protv.md\/ \u00cenregistreaz\u0103-te acum la Summer English Academy 5-12 iulie https:\/\/bit.ly\/3TmxXvF Aplic\u0103 promo codul VasileFilat10 pentru o reducere\u2026","rel":"","context":"<span class=\"jp-relatedposts-post-author\">Moldova Cre\u0219tin\u0103<\/span>","block_context":{"text":"MCTV","link":"https:\/\/moldovacrestina.md\/mctv\/"},"img":{"alt_text":"","src":"https:\/\/i0.wp.com\/cdn.moldovacrestina.md\/2025\/06\/bc398eb7-9wldzuigdbq.jpg?resize=350%2C200&ssl=1","width":350,"height":200,"srcset":"https:\/\/i0.wp.com\/cdn.moldovacrestina.md\/2025\/06\/bc398eb7-9wldzuigdbq.jpg?resize=350%2C200&ssl=1 1x, https:\/\/i0.wp.com\/cdn.moldovacrestina.md\/2025\/06\/bc398eb7-9wldzuigdbq.jpg?resize=525%2C300&ssl=1 1.5x, https:\/\/i0.wp.com\/cdn.moldovacrestina.md\/2025\/06\/bc398eb7-9wldzuigdbq.jpg?resize=700%2C400&ssl=1 2x, https:\/\/i0.wp.com\/cdn.moldovacrestina.md\/2025\/06\/bc398eb7-9wldzuigdbq.jpg?resize=1050%2C600&ssl=1 3x"},"classes":[]}],"jetpack_sharing_enabled":true,"_links":{"self":[{"href":"https:\/\/moldovacrestina.md\/fr\/wp-json\/wp\/v2\/posts\/64126","targetHints":{"allow":["GET"]}}],"collection":[{"href":"https:\/\/moldovacrestina.md\/fr\/wp-json\/wp\/v2\/posts"}],"about":[{"href":"https:\/\/moldovacrestina.md\/fr\/wp-json\/wp\/v2\/types\/post"}],"author":[{"embeddable":true,"href":"https:\/\/moldovacrestina.md\/fr\/wp-json\/wp\/v2\/users\/46"}],"replies":[{"embeddable":true,"href":"https:\/\/moldovacrestina.md\/fr\/wp-json\/wp\/v2\/comments?post=64126"}],"version-history":[{"count":0,"href":"https:\/\/moldovacrestina.md\/fr\/wp-json\/wp\/v2\/posts\/64126\/revisions"}],"wp:attachment":[{"href":"https:\/\/moldovacrestina.md\/fr\/wp-json\/wp\/v2\/media?parent=64126"}],"wp:term":[{"taxonomy":"category","embeddable":true,"href":"https:\/\/moldovacrestina.md\/fr\/wp-json\/wp\/v2\/categories?post=64126"},{"taxonomy":"post_tag","embeddable":true,"href":"https:\/\/moldovacrestina.md\/fr\/wp-json\/wp\/v2\/tags?post=64126"}],"curies":[{"name":"wp","href":"https:\/\/api.w.org\/{rel}","templated":true}]}}