{"id":64056,"date":"2012-02-14T12:17:03","date_gmt":"2012-02-14T10:17:03","guid":{"rendered":"https:\/\/moldovacrestina.md\/pourquoi-dans-la-bible-sont-ecrits-seulement-les-noms-des-filles-de-job-et-pas-ses-fils"},"modified":"2017-05-03T18:46:06","modified_gmt":"2017-05-03T16:46:06","slug":"pourquoi-dans-la-bible-sont-ecrits-seulement-les-noms-des-filles-de-job-et-pas-ses-fils","status":"publish","type":"post","link":"https:\/\/moldovacrestina.md\/fr\/pourquoi-dans-la-bible-sont-ecrits-seulement-les-noms-des-filles-de-job-et-pas-ses-fils\/","title":{"rendered":"Pourquoi dans la Bible sont \u00e9crits seulement les noms des filles de Job, et pas ses fils ?"},"content":{"rendered":"<p><em>L\u2019article a \u00e9t\u00e9 \u00e9crit par Tentiuc Alexei.<\/em><\/p>\n<p><img loading=\"lazy\" decoding=\"async\" class=\"alignnone wp-image-91965\" src=\"https:\/\/cdn.moldovacrestina.md\/2012\/02\/book-question-mark-featured-300x300.jpeg\" alt=\"Pourquoi dans la Bible sont \u00e9crits seulement les noms des filles de Job, et pas ses fils ?\" width=\"600\" height=\"600\" \/>Pour r\u00e9pondre \u00e0 cette question adress\u00e9e par un visiteur de notre site, regardons premi\u00e8rement le texte biblique o\u00f9 sont \u00e9crits les noms des filles de Job.<\/p>\n<h2><strong>Le texte biblique<\/strong><\/h2>\n<blockquote class=\"td_quote_box td_box_center\"><p><em>Pendant ses derni\u00e8res ann\u00e9es, Job re\u00e7ut de l\u2019\u00c9ternel plus de b\u00e9n\u00e9dictions qu\u2019il n\u2019en avait re\u00e7ues dans les premi\u00e8res. Il poss\u00e9da quatorze mille brebis, six mille chameaux, mille paires de b\u0153ufs, et mille \u00e2nesses. <strong>Il eut sept fils et trois filles: il donna \u00e0 la premi\u00e8re le nom de Jemima, \u00e0 la seconde celui de Ketsia, et \u00e0 la troisi\u00e8me celui de K\u00e9ren Happuc.<\/strong> Il n\u2019y avait pas dans tout le pays d\u2019aussi belles femmes que les filles de Job. Leur p\u00e8re leur accorda une part d\u2019h\u00e9ritage parmi leurs fr\u00e8res. Job v\u00e9cut apr\u00e8s cela cent quarante ans, et il vit ses fils et les fils de ses fils jusqu\u2019\u00e0 la quatri\u00e8me g\u00e9n\u00e9ration. Et Job mourut \u00e2g\u00e9 et rassasi\u00e9 de jours. (Job 42\u00a0:12 \u2013 17)<\/em><\/p><\/blockquote>\n<p>Selon ce texte, l\u2019explication de la question\u00a0: \u00ab\u00a0Pourquoi dans la Bible sont \u00e9crits seulement les noms des filles de Job, et pas ceux de ses fils\u00a0\u00bb, sera dans le verset 15, o\u00f9 l\u2019auteur \u00e9crit\u00a0:<\/p>\n<blockquote class=\"td_quote_box td_box_center\"><p><em>Il n\u2019y avait pas dans tout le pays d\u2019aussi belles femmes que les filles de Job. Leur p\u00e8re leur accorda une part d\u2019h\u00e9ritage parmi leurs fr\u00e8res.<\/em><\/p><\/blockquote>\n<p>L\u2019auteur veut attirer l\u2019attention sur deux choses mentionn\u00e9es dans le texte, qui impliquent davantage\u00a0\u00a0les filles de Job, que ses fils.<\/p>\n<ul>\n<li>Premi\u00e8rement, on dit qu\u2019il n\u2019y avait pas dans tout le pays d\u2019aussi belles femmes que les filles de Job.<\/li>\n<li>En second lieu, on dit que Job leur accorda une part d\u2019h\u00e9ritage parmi leurs fr\u00e8res. Selon l\u2019Ancien Testament, l\u2019h\u00e9ritage \u00e9tait donn\u00e9 aux fils, et pas aux filles. Les fils \u00e9taient les h\u00e9ritiers du p\u00e8re. Les filles recevaient un h\u00e9ritage seulement dans le cas o\u00f9 le p\u00e8re \u00e9tait d\u00e9c\u00e9d\u00e9 sans laisser de fils comme h\u00e9ritier (Nombres 27\u00a0:8). Dans la situation o\u00f9 une fille recevait l\u2019h\u00e9ritage de son p\u00e8re, elle n\u2019avait pas le droit de se marier, qu\u2019avec quelqu\u2019un qui \u00e9tait aussi de la tribu de son p\u00e8re. Dieu a d\u00e9cid\u00e9 cela, ainsi que l\u2019h\u00e9ritage d\u2019une tribu ne passera \u00e0 une autre (Nombres 36). C\u2019est pourquoi, l\u2019auteur a d\u00e9cid\u00e9 d\u2019accentuer l\u2019acte de Job, en regardant ses 3 filles, qui ont re\u00e7u un h\u00e9ritage parmi leurs fr\u00e8res.<\/li>\n<\/ul>\n<h2><strong>Le dictionnaire biblique<\/strong><\/h2>\n<p>J\u2019ai cherch\u00e9 ce que dit le dictionnaire biblique en ce qui concerne les 3 filles de Job. Leurs noms ont une signification int\u00e9ressante, en tenant compte qu\u2019elles sont n\u00e9es apr\u00e8s la p\u00e9riode de souffrance de Job.<\/p>\n<blockquote class=\"td_quote_box td_box_center\"><p>Jemima \u2013 signifie \u00ab\u00a0la lumi\u00e8re du jour\u00a0\u00bb, ou \u00ab\u00a0colombe\u00a0\u00bb.<\/p><\/blockquote>\n<p>Par ce nom, Job, a probablement voulu montrer que dans sa vie, apr\u00e8s l\u2019obscurit\u00e9 de la souffrance, s\u2019\u00e9leva la lumi\u00e8re du jour.<\/p>\n<p>Le nom de la deuxi\u00e8me fille \u00e9tait\u00a0:<\/p>\n<blockquote class=\"td_quote_box td_box_center\"><p>Ketsia \u2013 casse, herbe parfum\u00e9e<\/p><\/blockquote>\n<p>Ce genre d\u2019herbe est \u00e9galement mentionn\u00e9 dans Psaume 45:8 o\u00f9 il est dit\u00a0:<\/p>\n<blockquote class=\"td_quote_box td_box_center\"><p><em>La myrrhe, l\u2019alo\u00e8s et la casse parfument tous tes v\u00eatements; Dans les palais d\u2019ivoire les instruments \u00e0 cordes te r\u00e9jouissent.<\/em><\/p><\/blockquote>\n<p>Et la troisi\u00e8me fille \u00e9tait<\/p>\n<blockquote class=\"td_quote_box td_box_center\"><p>K\u00e9ren Happuc-\u00a0\u00a0signifie \u00ab\u00a0Corn d\u2019antimoine\u00a0\u00bb utilis\u00e9 par les femmes pour teindre les yeux<\/p><\/blockquote>\n<p>En regardant la signification du nom des filles de Job, nous observons qu\u2019ils sont li\u00e9s, ce qui montre que la p\u00e9riode de la souffrance de Job est finie, ou bien ils accentuent simplement leur beaut\u00e9.<\/p>\n<p>La Bible ne parle pas d\u2019elles davantage. En ce qui concerne les fils de Job, nous voyons que Dieu n\u2019a pas d\u00e9cid\u00e9 de nous donner leurs noms, probablement parce qu\u2019il n\u2019y avait rien \u00e0 noter sur eux.<\/p>\n<p><em>L\u2019article a\u00a0\u00e9t\u00e9 traduit par Diana Ta\u0219c\u0103.<\/em><\/p>\n","protected":false},"excerpt":{"rendered":"<p>L\u2019article a \u00e9t\u00e9 \u00e9crit par Tentiuc Alexei. Pour r\u00e9pondre \u00e0 cette question adress\u00e9e par un visiteur de notre site, regardons premi\u00e8rement le texte biblique o\u00f9 sont \u00e9crits les noms des filles de Job. Le texte biblique Pendant ses derni\u00e8res ann\u00e9es, Job re\u00e7ut de l\u2019\u00c9ternel plus de b\u00e9n\u00e9dictions qu\u2019il n\u2019en avait re\u00e7ues dans les premi\u00e8res. Il [&hellip;]<\/p>\n","protected":false},"author":110,"featured_media":91965,"comment_status":"closed","ping_status":"closed","sticky":false,"template":"","format":"standard","meta":{"_acf_changed":false,"inline_featured_image":false,"_monsterinsights_skip_tracking":false,"_monsterinsights_sitenote_active":false,"_monsterinsights_sitenote_note":"","_monsterinsights_sitenote_category":0,"_genesis_hide_title":false,"_genesis_hide_breadcrumbs":false,"_genesis_hide_singular_image":false,"_genesis_hide_footer_widgets":false,"_genesis_custom_body_class":"","_genesis_custom_post_class":"","_genesis_layout":"","ep_exclude_from_search":false,"_jetpack_memberships_contains_paid_content":false,"footnotes":""},"categories":[29840],"tags":[7742,12576,12577,12578,12579],"class_list":{"0":"post-64056","1":"post","2":"type-post","3":"status-publish","4":"format-standard","5":"has-post-thumbnail","7":"category-reponses-de-la-bible","8":"tag-job","9":"tag-beaute","10":"tag-belles-femmes","11":"tag-filles-de-job","12":"tag-lheritage","13":"entry"},"acf":[],"yoast_head":"<!-- This site is optimized with the Yoast SEO Premium plugin v26.5 (Yoast SEO v27.4) - https:\/\/yoast.com\/product\/yoast-seo-premium-wordpress\/ -->\n<title>Les nommes des filles et fils du Job<\/title>\n<meta name=\"description\" content=\"C&#039;est article explique pourquoi la Bible ne mentionne pas les nommes des fils du Job, mais seulement de ses filles et que veux l&#039;auteur nous montrer.\" \/>\n<meta name=\"robots\" content=\"index, follow, max-snippet:-1, max-image-preview:large, max-video-preview:-1\" \/>\n<link rel=\"canonical\" href=\"https:\/\/moldovacrestina.md\/fr\/pourquoi-dans-la-bible-sont-ecrits-seulement-les-noms-des-filles-de-job-et-pas-ses-fils\/\" \/>\n<meta property=\"og:locale\" content=\"fr_FR\" \/>\n<meta property=\"og:type\" content=\"article\" \/>\n<meta property=\"og:title\" content=\"Pourquoi dans la Bible sont \u00e9crits seulement les noms des filles de Job, et pas ses fils ?\" \/>\n<meta property=\"og:description\" content=\"C&#039;est article explique pourquoi la Bible ne mentionne pas les nommes des fils du Job, mais seulement de ses filles et que veux l&#039;auteur nous montrer.\" \/>\n<meta property=\"og:url\" content=\"https:\/\/moldovacrestina.md\/fr\/pourquoi-dans-la-bible-sont-ecrits-seulement-les-noms-des-filles-de-job-et-pas-ses-fils\/\" \/>\n<meta property=\"og:site_name\" content=\"Moldova Cre\u0219tin\u0103\" \/>\n<meta property=\"article:publisher\" content=\"https:\/\/www.facebook.com\/moldovacrestina\/\" \/>\n<meta property=\"article:published_time\" content=\"2012-02-14T10:17:03+00:00\" \/>\n<meta property=\"article:modified_time\" content=\"2017-05-03T16:46:06+00:00\" \/>\n<meta property=\"og:image\" content=\"https:\/\/cdn.moldovacrestina.md\/2012\/02\/book-question-mark-featured-300x300.jpeg\" \/>\n\t<meta property=\"og:image:width\" content=\"300\" \/>\n\t<meta property=\"og:image:height\" content=\"300\" \/>\n\t<meta property=\"og:image:type\" content=\"image\/jpeg\" \/>\n<meta name=\"author\" content=\"Alexei Tentiuc\" \/>\n<meta name=\"twitter:card\" content=\"summary_large_image\" \/>\n<meta name=\"twitter:creator\" content=\"@moldovacrestina\" \/>\n<meta name=\"twitter:site\" content=\"@moldovacrestina\" \/>\n<meta name=\"twitter:label1\" content=\"\u00c9crit par\" \/>\n\t<meta name=\"twitter:data1\" content=\"Alexei Tentiuc\" \/>\n\t<meta name=\"twitter:label2\" content=\"Dur\u00e9e de lecture estim\u00e9e\" \/>\n\t<meta name=\"twitter:data2\" content=\"3 minutes\" \/>\n<script type=\"application\/ld+json\" class=\"yoast-schema-graph\">{\"@context\":\"https:\\\/\\\/schema.org\",\"@graph\":[{\"@type\":\"Article\",\"@id\":\"https:\\\/\\\/moldovacrestina.md\\\/fr\\\/pourquoi-dans-la-bible-sont-ecrits-seulement-les-noms-des-filles-de-job-et-pas-ses-fils\\\/#article\",\"isPartOf\":{\"@id\":\"https:\\\/\\\/moldovacrestina.md\\\/fr\\\/pourquoi-dans-la-bible-sont-ecrits-seulement-les-noms-des-filles-de-job-et-pas-ses-fils\\\/\"},\"author\":{\"name\":\"Alexei Tentiuc\",\"@id\":\"https:\\\/\\\/moldovacrestina.md\\\/fr\\\/#\\\/schema\\\/person\\\/d1b9fac243da766743d57a5dd0c36935\"},\"headline\":\"Pourquoi dans la Bible sont \u00e9crits seulement les noms des filles de Job, et pas ses fils ?\",\"datePublished\":\"2012-02-14T10:17:03+00:00\",\"dateModified\":\"2017-05-03T16:46:06+00:00\",\"mainEntityOfPage\":{\"@id\":\"https:\\\/\\\/moldovacrestina.md\\\/fr\\\/pourquoi-dans-la-bible-sont-ecrits-seulement-les-noms-des-filles-de-job-et-pas-ses-fils\\\/\"},\"wordCount\":703,\"image\":{\"@id\":\"https:\\\/\\\/moldovacrestina.md\\\/fr\\\/pourquoi-dans-la-bible-sont-ecrits-seulement-les-noms-des-filles-de-job-et-pas-ses-fils\\\/#primaryimage\"},\"thumbnailUrl\":\"https:\\\/\\\/moldovacrestina.md\\\/wp-content\\\/uploads\\\/2012\\\/02\\\/book-question-mark-featured-300x300.jpeg\",\"keywords\":[\"Job\",\"beaut\u00e9\",\"belles femmes\",\"filles de Job\",\"l\u2019h\u00e9ritage\"],\"articleSection\":[\"R\u00e9ponses de la Bible\"],\"inLanguage\":\"fr-FR\"},{\"@type\":\"WebPage\",\"@id\":\"https:\\\/\\\/moldovacrestina.md\\\/fr\\\/pourquoi-dans-la-bible-sont-ecrits-seulement-les-noms-des-filles-de-job-et-pas-ses-fils\\\/\",\"url\":\"https:\\\/\\\/moldovacrestina.md\\\/fr\\\/pourquoi-dans-la-bible-sont-ecrits-seulement-les-noms-des-filles-de-job-et-pas-ses-fils\\\/\",\"name\":\"Les nommes des filles et fils du Job\",\"isPartOf\":{\"@id\":\"https:\\\/\\\/moldovacrestina.md\\\/fr\\\/#website\"},\"primaryImageOfPage\":{\"@id\":\"https:\\\/\\\/moldovacrestina.md\\\/fr\\\/pourquoi-dans-la-bible-sont-ecrits-seulement-les-noms-des-filles-de-job-et-pas-ses-fils\\\/#primaryimage\"},\"image\":{\"@id\":\"https:\\\/\\\/moldovacrestina.md\\\/fr\\\/pourquoi-dans-la-bible-sont-ecrits-seulement-les-noms-des-filles-de-job-et-pas-ses-fils\\\/#primaryimage\"},\"thumbnailUrl\":\"https:\\\/\\\/moldovacrestina.md\\\/wp-content\\\/uploads\\\/2012\\\/02\\\/book-question-mark-featured-300x300.jpeg\",\"datePublished\":\"2012-02-14T10:17:03+00:00\",\"dateModified\":\"2017-05-03T16:46:06+00:00\",\"author\":{\"@id\":\"https:\\\/\\\/moldovacrestina.md\\\/fr\\\/#\\\/schema\\\/person\\\/d1b9fac243da766743d57a5dd0c36935\"},\"description\":\"C'est article explique pourquoi la Bible ne mentionne pas les nommes des fils du Job, mais seulement de ses filles et que veux l'auteur nous montrer.\",\"breadcrumb\":{\"@id\":\"https:\\\/\\\/moldovacrestina.md\\\/fr\\\/pourquoi-dans-la-bible-sont-ecrits-seulement-les-noms-des-filles-de-job-et-pas-ses-fils\\\/#breadcrumb\"},\"inLanguage\":\"fr-FR\",\"potentialAction\":[{\"@type\":\"ReadAction\",\"target\":[\"https:\\\/\\\/moldovacrestina.md\\\/fr\\\/pourquoi-dans-la-bible-sont-ecrits-seulement-les-noms-des-filles-de-job-et-pas-ses-fils\\\/\"]}]},{\"@type\":\"ImageObject\",\"inLanguage\":\"fr-FR\",\"@id\":\"https:\\\/\\\/moldovacrestina.md\\\/fr\\\/pourquoi-dans-la-bible-sont-ecrits-seulement-les-noms-des-filles-de-job-et-pas-ses-fils\\\/#primaryimage\",\"url\":\"https:\\\/\\\/moldovacrestina.md\\\/wp-content\\\/uploads\\\/2012\\\/02\\\/book-question-mark-featured-300x300.jpeg\",\"contentUrl\":\"https:\\\/\\\/moldovacrestina.md\\\/wp-content\\\/uploads\\\/2012\\\/02\\\/book-question-mark-featured-300x300.jpeg\",\"width\":300,\"height\":300},{\"@type\":\"BreadcrumbList\",\"@id\":\"https:\\\/\\\/moldovacrestina.md\\\/fr\\\/pourquoi-dans-la-bible-sont-ecrits-seulement-les-noms-des-filles-de-job-et-pas-ses-fils\\\/#breadcrumb\",\"itemListElement\":[{\"@type\":\"ListItem\",\"position\":1,\"name\":\"Prima pagin\u0103\",\"item\":\"https:\\\/\\\/moldovacrestina.md\\\/fr\\\/\"},{\"@type\":\"ListItem\",\"position\":2,\"name\":\"R\u00e9ponses de la Bible\",\"item\":\"https:\\\/\\\/moldovacrestina.md\\\/fr\\\/reponses-de-la-bible\\\/\"},{\"@type\":\"ListItem\",\"position\":3,\"name\":\"Pourquoi dans la Bible sont \u00e9crits seulement les noms des filles de Job, et pas ses fils ?\"}]},{\"@type\":\"WebSite\",\"@id\":\"https:\\\/\\\/moldovacrestina.md\\\/fr\\\/#website\",\"url\":\"https:\\\/\\\/moldovacrestina.md\\\/fr\\\/\",\"name\":\"Moldova Cre\u0219tin\u0103\",\"description\":\"R\u0103spunsuri relevante \u0219i actuale din Biblie\",\"potentialAction\":[{\"@type\":\"SearchAction\",\"target\":{\"@type\":\"EntryPoint\",\"urlTemplate\":\"https:\\\/\\\/moldovacrestina.md\\\/fr\\\/?s={search_term_string}\"},\"query-input\":{\"@type\":\"PropertyValueSpecification\",\"valueRequired\":true,\"valueName\":\"search_term_string\"}}],\"inLanguage\":\"fr-FR\"},{\"@type\":\"Person\",\"@id\":\"https:\\\/\\\/moldovacrestina.md\\\/fr\\\/#\\\/schema\\\/person\\\/d1b9fac243da766743d57a5dd0c36935\",\"name\":\"Alexei Tentiuc\",\"image\":{\"@type\":\"ImageObject\",\"inLanguage\":\"fr-FR\",\"@id\":\"https:\\\/\\\/secure.gravatar.com\\\/avatar\\\/bbcd53f2bb72d5c1a66db34e047e3fd511a31bd04a2d9b6d29806e8cd9ed4721?s=96&d=mm&r=g\",\"url\":\"https:\\\/\\\/secure.gravatar.com\\\/avatar\\\/bbcd53f2bb72d5c1a66db34e047e3fd511a31bd04a2d9b6d29806e8cd9ed4721?s=96&d=mm&r=g\",\"contentUrl\":\"https:\\\/\\\/secure.gravatar.com\\\/avatar\\\/bbcd53f2bb72d5c1a66db34e047e3fd511a31bd04a2d9b6d29806e8cd9ed4721?s=96&d=mm&r=g\",\"caption\":\"Alexei Tentiuc\"},\"description\":\"Sunt c\u0103s\u0103torit \u0219i tat\u0103 a doi copii. M\u0103 bucur s\u0103 pot sluji lui Dumnezeu ca&nbsp;profesor &icirc;n cadrul institutului international de studii Biblice Inductive. De asemenea este o onoare &nbsp;s\u0103 slujesc \u0219i s\u0103 fac parte din&nbsp;Biserica &nbsp;\\\"Buna Vestire\\\" din Chi\u0219in\u0103u.&nbsp;\",\"url\":\"https:\\\/\\\/moldovacrestina.md\\\/fr\\\/author\\\/alexei-tentiuc\\\/\"}]}<\/script>\n<!-- \/ Yoast SEO Premium plugin. -->","yoast_head_json":{"title":"Les nommes des filles et fils du Job","description":"C'est article explique pourquoi la Bible ne mentionne pas les nommes des fils du Job, mais seulement de ses filles et que veux l'auteur nous montrer.","robots":{"index":"index","follow":"follow","max-snippet":"max-snippet:-1","max-image-preview":"max-image-preview:large","max-video-preview":"max-video-preview:-1"},"canonical":"https:\/\/moldovacrestina.md\/fr\/pourquoi-dans-la-bible-sont-ecrits-seulement-les-noms-des-filles-de-job-et-pas-ses-fils\/","og_locale":"fr_FR","og_type":"article","og_title":"Pourquoi dans la Bible sont \u00e9crits seulement les noms des filles de Job, et pas ses fils ?","og_description":"C'est article explique pourquoi la Bible ne mentionne pas les nommes des fils du Job, mais seulement de ses filles et que veux l'auteur nous montrer.","og_url":"https:\/\/moldovacrestina.md\/fr\/pourquoi-dans-la-bible-sont-ecrits-seulement-les-noms-des-filles-de-job-et-pas-ses-fils\/","og_site_name":"Moldova Cre\u0219tin\u0103","article_publisher":"https:\/\/www.facebook.com\/moldovacrestina\/","article_published_time":"2012-02-14T10:17:03+00:00","article_modified_time":"2017-05-03T16:46:06+00:00","og_image":[{"width":300,"height":300,"url":"https:\/\/cdn.moldovacrestina.md\/2012\/02\/book-question-mark-featured-300x300.jpeg","type":"image\/jpeg"}],"author":"Alexei Tentiuc","twitter_card":"summary_large_image","twitter_creator":"@moldovacrestina","twitter_site":"@moldovacrestina","twitter_misc":{"\u00c9crit par":"Alexei Tentiuc","Dur\u00e9e de lecture estim\u00e9e":"3 minutes"},"schema":{"@context":"https:\/\/schema.org","@graph":[{"@type":"Article","@id":"https:\/\/moldovacrestina.md\/fr\/pourquoi-dans-la-bible-sont-ecrits-seulement-les-noms-des-filles-de-job-et-pas-ses-fils\/#article","isPartOf":{"@id":"https:\/\/moldovacrestina.md\/fr\/pourquoi-dans-la-bible-sont-ecrits-seulement-les-noms-des-filles-de-job-et-pas-ses-fils\/"},"author":{"name":"Alexei Tentiuc","@id":"https:\/\/moldovacrestina.md\/fr\/#\/schema\/person\/d1b9fac243da766743d57a5dd0c36935"},"headline":"Pourquoi dans la Bible sont \u00e9crits seulement les noms des filles de Job, et pas ses fils ?","datePublished":"2012-02-14T10:17:03+00:00","dateModified":"2017-05-03T16:46:06+00:00","mainEntityOfPage":{"@id":"https:\/\/moldovacrestina.md\/fr\/pourquoi-dans-la-bible-sont-ecrits-seulement-les-noms-des-filles-de-job-et-pas-ses-fils\/"},"wordCount":703,"image":{"@id":"https:\/\/moldovacrestina.md\/fr\/pourquoi-dans-la-bible-sont-ecrits-seulement-les-noms-des-filles-de-job-et-pas-ses-fils\/#primaryimage"},"thumbnailUrl":"https:\/\/moldovacrestina.md\/wp-content\/uploads\/2012\/02\/book-question-mark-featured-300x300.jpeg","keywords":["Job","beaut\u00e9","belles femmes","filles de Job","l\u2019h\u00e9ritage"],"articleSection":["R\u00e9ponses de la Bible"],"inLanguage":"fr-FR"},{"@type":"WebPage","@id":"https:\/\/moldovacrestina.md\/fr\/pourquoi-dans-la-bible-sont-ecrits-seulement-les-noms-des-filles-de-job-et-pas-ses-fils\/","url":"https:\/\/moldovacrestina.md\/fr\/pourquoi-dans-la-bible-sont-ecrits-seulement-les-noms-des-filles-de-job-et-pas-ses-fils\/","name":"Les nommes des filles et fils du Job","isPartOf":{"@id":"https:\/\/moldovacrestina.md\/fr\/#website"},"primaryImageOfPage":{"@id":"https:\/\/moldovacrestina.md\/fr\/pourquoi-dans-la-bible-sont-ecrits-seulement-les-noms-des-filles-de-job-et-pas-ses-fils\/#primaryimage"},"image":{"@id":"https:\/\/moldovacrestina.md\/fr\/pourquoi-dans-la-bible-sont-ecrits-seulement-les-noms-des-filles-de-job-et-pas-ses-fils\/#primaryimage"},"thumbnailUrl":"https:\/\/moldovacrestina.md\/wp-content\/uploads\/2012\/02\/book-question-mark-featured-300x300.jpeg","datePublished":"2012-02-14T10:17:03+00:00","dateModified":"2017-05-03T16:46:06+00:00","author":{"@id":"https:\/\/moldovacrestina.md\/fr\/#\/schema\/person\/d1b9fac243da766743d57a5dd0c36935"},"description":"C'est article explique pourquoi la Bible ne mentionne pas les nommes des fils du Job, mais seulement de ses filles et que veux l'auteur nous montrer.","breadcrumb":{"@id":"https:\/\/moldovacrestina.md\/fr\/pourquoi-dans-la-bible-sont-ecrits-seulement-les-noms-des-filles-de-job-et-pas-ses-fils\/#breadcrumb"},"inLanguage":"fr-FR","potentialAction":[{"@type":"ReadAction","target":["https:\/\/moldovacrestina.md\/fr\/pourquoi-dans-la-bible-sont-ecrits-seulement-les-noms-des-filles-de-job-et-pas-ses-fils\/"]}]},{"@type":"ImageObject","inLanguage":"fr-FR","@id":"https:\/\/moldovacrestina.md\/fr\/pourquoi-dans-la-bible-sont-ecrits-seulement-les-noms-des-filles-de-job-et-pas-ses-fils\/#primaryimage","url":"https:\/\/moldovacrestina.md\/wp-content\/uploads\/2012\/02\/book-question-mark-featured-300x300.jpeg","contentUrl":"https:\/\/moldovacrestina.md\/wp-content\/uploads\/2012\/02\/book-question-mark-featured-300x300.jpeg","width":300,"height":300},{"@type":"BreadcrumbList","@id":"https:\/\/moldovacrestina.md\/fr\/pourquoi-dans-la-bible-sont-ecrits-seulement-les-noms-des-filles-de-job-et-pas-ses-fils\/#breadcrumb","itemListElement":[{"@type":"ListItem","position":1,"name":"Prima pagin\u0103","item":"https:\/\/moldovacrestina.md\/fr\/"},{"@type":"ListItem","position":2,"name":"R\u00e9ponses de la Bible","item":"https:\/\/moldovacrestina.md\/fr\/reponses-de-la-bible\/"},{"@type":"ListItem","position":3,"name":"Pourquoi dans la Bible sont \u00e9crits seulement les noms des filles de Job, et pas ses fils ?"}]},{"@type":"WebSite","@id":"https:\/\/moldovacrestina.md\/fr\/#website","url":"https:\/\/moldovacrestina.md\/fr\/","name":"Moldova Cre\u0219tin\u0103","description":"R\u0103spunsuri relevante \u0219i actuale din Biblie","potentialAction":[{"@type":"SearchAction","target":{"@type":"EntryPoint","urlTemplate":"https:\/\/moldovacrestina.md\/fr\/?s={search_term_string}"},"query-input":{"@type":"PropertyValueSpecification","valueRequired":true,"valueName":"search_term_string"}}],"inLanguage":"fr-FR"},{"@type":"Person","@id":"https:\/\/moldovacrestina.md\/fr\/#\/schema\/person\/d1b9fac243da766743d57a5dd0c36935","name":"Alexei Tentiuc","image":{"@type":"ImageObject","inLanguage":"fr-FR","@id":"https:\/\/secure.gravatar.com\/avatar\/bbcd53f2bb72d5c1a66db34e047e3fd511a31bd04a2d9b6d29806e8cd9ed4721?s=96&d=mm&r=g","url":"https:\/\/secure.gravatar.com\/avatar\/bbcd53f2bb72d5c1a66db34e047e3fd511a31bd04a2d9b6d29806e8cd9ed4721?s=96&d=mm&r=g","contentUrl":"https:\/\/secure.gravatar.com\/avatar\/bbcd53f2bb72d5c1a66db34e047e3fd511a31bd04a2d9b6d29806e8cd9ed4721?s=96&d=mm&r=g","caption":"Alexei Tentiuc"},"description":"Sunt c\u0103s\u0103torit \u0219i tat\u0103 a doi copii. M\u0103 bucur s\u0103 pot sluji lui Dumnezeu ca&nbsp;profesor &icirc;n cadrul institutului international de studii Biblice Inductive. De asemenea este o onoare &nbsp;s\u0103 slujesc \u0219i s\u0103 fac parte din&nbsp;Biserica &nbsp;\"Buna Vestire\" din Chi\u0219in\u0103u.&nbsp;","url":"https:\/\/moldovacrestina.md\/fr\/author\/alexei-tentiuc\/"}]}},"jetpack_featured_media_url":"https:\/\/moldovacrestina.md\/wp-content\/uploads\/2012\/02\/book-question-mark-featured-300x300.jpeg","video_meta":false,"featured_image":"https:\/\/moldovacrestina.md\/wp-content\/uploads\/2012\/02\/book-question-mark-featured-300x300.jpeg","wpml":{"language_code":"fr","locale":"fr_FR","text_direction":false,"display_name":"Fran\u00e7ais","native_name":"Francez\u0103","different_language":false},"jetpack-related-posts":[{"id":363755,"url":"https:\/\/moldovacrestina.md\/este-pacat-divortul-daca-ambii-soti-il-doresc-pastor-vasile-filat\/","url_meta":{"origin":64056,"position":0},"title":"Este p\u0103cat divor\u021bul dac\u0103 ambii so\u021bi \u00eel doresc? | Pastor Vasile Filat","author":"Moldova Cre\u0219tin\u0103","date":"12 octobre 2025","format":false,"excerpt":"Mul\u021bi oameni cred c\u0103 dac\u0103 ambii so\u021bi sunt de acord cu desp\u0103r\u021birea, divor\u021bul nu mai este p\u0103cat. Dar ce spune Biblia? \u00cen acest video, pastorul Vasile Filat explic\u0103, pe baza textelor din Matei 19, Maleahi 2 \u0219i Evrei 13:4, c\u0103 Dumnezeu a instituit c\u0103s\u0103toria \u0219i El singur are autoritatea de\u2026","rel":"","context":"<span class=\"jp-relatedposts-post-author\">Moldova Cre\u0219tin\u0103<\/span>","block_context":{"text":"MCTV","link":"https:\/\/moldovacrestina.md\/mctv\/"},"img":{"alt_text":"","src":"https:\/\/i0.wp.com\/cdn.moldovacrestina.md\/2025\/10\/fa6abd08-qnfeu_9zdi4.jpg?resize=350%2C200&ssl=1","width":350,"height":200,"srcset":"https:\/\/i0.wp.com\/cdn.moldovacrestina.md\/2025\/10\/fa6abd08-qnfeu_9zdi4.jpg?resize=350%2C200&ssl=1 1x, https:\/\/i0.wp.com\/cdn.moldovacrestina.md\/2025\/10\/fa6abd08-qnfeu_9zdi4.jpg?resize=525%2C300&ssl=1 1.5x, https:\/\/i0.wp.com\/cdn.moldovacrestina.md\/2025\/10\/fa6abd08-qnfeu_9zdi4.jpg?resize=700%2C400&ssl=1 2x, https:\/\/i0.wp.com\/cdn.moldovacrestina.md\/2025\/10\/fa6abd08-qnfeu_9zdi4.jpg?resize=1050%2C600&ssl=1 3x"},"classes":[]},{"id":363933,"url":"https:\/\/moldovacrestina.md\/cand-pacatul-te-reduce-la-tacere-asculta-asta-inainte-sa-renunti\/","url_meta":{"origin":64056,"position":1},"title":"C\u00e2nd p\u0103catul te reduce la t\u0103cere \u2013 ascult\u0103 asta \u00eenainte s\u0103 renun\u021bi","author":"Moldova Cre\u0219tin\u0103","date":"2 novembre 2025","format":false,"excerpt":"Ai fost cre\u0219tin, dar ai c\u0103zut \u00een p\u0103cat \u0219i ai pierdut \u00eendr\u0103zneala de a vorbi despre credin\u021b\u0103? Sim\u021bi ru\u0219ine, vinov\u0103\u021bie, team\u0103? \u00cen acest video, Pastorul Vasile Filat explic\u0103 biblic \u0219i practic ce s\u0103 faci c\u00e2nd ai p\u0103c\u0103tuit \u0219i cum s\u0103 revii la o rela\u021bie vie cu Dumnezeu \u0219i la slujire\u2026","rel":"","context":"<span class=\"jp-relatedposts-post-author\">Moldova Cre\u0219tin\u0103<\/span>","block_context":{"text":"MCTV","link":"https:\/\/moldovacrestina.md\/mctv\/"},"img":{"alt_text":"","src":"https:\/\/i0.wp.com\/cdn.moldovacrestina.md\/2025\/11\/585b12ed-hytl58awy6g.jpg?resize=350%2C200&ssl=1","width":350,"height":200,"srcset":"https:\/\/i0.wp.com\/cdn.moldovacrestina.md\/2025\/11\/585b12ed-hytl58awy6g.jpg?resize=350%2C200&ssl=1 1x, https:\/\/i0.wp.com\/cdn.moldovacrestina.md\/2025\/11\/585b12ed-hytl58awy6g.jpg?resize=525%2C300&ssl=1 1.5x, https:\/\/i0.wp.com\/cdn.moldovacrestina.md\/2025\/11\/585b12ed-hytl58awy6g.jpg?resize=700%2C400&ssl=1 2x, https:\/\/i0.wp.com\/cdn.moldovacrestina.md\/2025\/11\/585b12ed-hytl58awy6g.jpg?resize=1050%2C600&ssl=1 3x"},"classes":[]},{"id":363943,"url":"https:\/\/moldovacrestina.md\/nu-mai-zadarnici-harul-lui-dumnezeu-foloseste-ti-potentialul-deplin-in-hristos-vasile-filat\/","url_meta":{"origin":64056,"position":2},"title":"NU mai z\u0103d\u0103rnici harul lui Dumnezeu! Folose\u0219te-\u021bi poten\u021bialul deplin \u00een Hristos | Vasile Filat","author":"Moldova Cre\u0219tin\u0103","date":"3 novembre 2025","format":false,"excerpt":"Ai primit har de la Dumnezeu, dar poate c\u0103 nu \u00eel folose\u0219ti. \u00cen aceast\u0103 predic\u0103 vei \u00een\u021belege cum s\u0103-\u021bi descoperi \u0219i s\u0103-\u021bi activezi poten\u021bialul deplin \u00een Hristos. Vei vedea cum Moise \u0219i Petru au trecut de fric\u0103, ezitare \u0219i e\u0219ec pentru a valorifica harul primit \u0219i a tr\u0103i planul lui\u2026","rel":"","context":"<span class=\"jp-relatedposts-post-author\">Moldova Cre\u0219tin\u0103<\/span>","block_context":{"text":"MCTV","link":"https:\/\/moldovacrestina.md\/mctv\/"},"img":{"alt_text":"","src":"https:\/\/i0.wp.com\/cdn.moldovacrestina.md\/2025\/11\/24fdd8f4-psbs4khrvy0.jpg?resize=350%2C200&ssl=1","width":350,"height":200,"srcset":"https:\/\/i0.wp.com\/cdn.moldovacrestina.md\/2025\/11\/24fdd8f4-psbs4khrvy0.jpg?resize=350%2C200&ssl=1 1x, https:\/\/i0.wp.com\/cdn.moldovacrestina.md\/2025\/11\/24fdd8f4-psbs4khrvy0.jpg?resize=525%2C300&ssl=1 1.5x, https:\/\/i0.wp.com\/cdn.moldovacrestina.md\/2025\/11\/24fdd8f4-psbs4khrvy0.jpg?resize=700%2C400&ssl=1 2x, https:\/\/i0.wp.com\/cdn.moldovacrestina.md\/2025\/11\/24fdd8f4-psbs4khrvy0.jpg?resize=1050%2C600&ssl=1 3x"},"classes":[]},{"id":362814,"url":"https:\/\/moldovacrestina.md\/cum-sa-ma-rog-pentru-fetita-mea-care-e-posedata-de-duhuri-rele\/","url_meta":{"origin":64056,"position":3},"title":"Cum s\u0103 m\u0103 rog pentru feti\u021ba mea care e posedat\u0103 de duhuri rele?","author":"Moldova Cre\u0219tin\u0103","date":"26 mai 2025","format":false,"excerpt":"R\u0103zboiul spiritual e real, dar nu e\u0219ti singur. Urmeaz\u0103 sfaturile biblice ca s\u0103 mijloce\u0219ti pentru eliberarea feti\u021bei tale. \ud83d\udcd6 \u00censcrie-te acum la grup de studiu biblic https:\/\/docs.google.com\/forms\/d\/e\/1FAIpQLSfuxidxJcEIFI2xlFaQ49z3l2Kalf1TST8sfqd6mh8aOll1Gw\/viewform?usp=sharing&ouid=116850903366721386758 \ud83c\uddec\ud83c\udde7 \u00censcrie-te acum la Summer English Academy https:\/\/efnl.online\/SummerEnglishAcademy \ud83d\udcd8 Dac\u0103 dore\u0219ti \u0219i tu s\u0103 parcurgi acest curs sau s\u0103-l predai altora, \u00eel g\u0103se\u0219ti\u2026","rel":"","context":"<span class=\"jp-relatedposts-post-author\">Moldova Cre\u0219tin\u0103<\/span>","block_context":{"text":"MCTV","link":"https:\/\/moldovacrestina.md\/mctv\/"},"img":{"alt_text":"","src":"https:\/\/i0.wp.com\/cdn.moldovacrestina.md\/2025\/05\/6c5ca5d8-dls_vos0qci.jpg?resize=350%2C200&ssl=1","width":350,"height":200,"srcset":"https:\/\/i0.wp.com\/cdn.moldovacrestina.md\/2025\/05\/6c5ca5d8-dls_vos0qci.jpg?resize=350%2C200&ssl=1 1x, https:\/\/i0.wp.com\/cdn.moldovacrestina.md\/2025\/05\/6c5ca5d8-dls_vos0qci.jpg?resize=525%2C300&ssl=1 1.5x, https:\/\/i0.wp.com\/cdn.moldovacrestina.md\/2025\/05\/6c5ca5d8-dls_vos0qci.jpg?resize=700%2C400&ssl=1 2x, https:\/\/i0.wp.com\/cdn.moldovacrestina.md\/2025\/05\/6c5ca5d8-dls_vos0qci.jpg?resize=1050%2C600&ssl=1 3x"},"classes":[]},{"id":362355,"url":"https:\/\/moldovacrestina.md\/andrian-lascu-copilarie-rebela-credinta-in-dumnezeu-sansa-de-a-fi-parinte-campion-la-futsal\/","url_meta":{"origin":64056,"position":4},"title":"Andrian La\u0219cu: Copil\u0103rie rebel\u0103, credin\u021ba \u00een Dumnezeu, \u0219ansa de a fi p\u0103rinte, campion la futsal.","author":"Moldova Cre\u0219tin\u0103","date":"16 mars 2025","format":false,"excerpt":"Andrian La\u0219cu de\u021bine dou\u0103 titluri de campion al Rom\u00e2niei \u0219i a fost ales \u00een dou\u0103 r\u00e2nduri cel mai bun juc\u0103tor de futsal al anului \u00een Republica Moldova. Conform Federa\u021biei Moldovene\u0219ti de Fotbal el se num\u0103r\u0103 printre cei mai valoro\u0219i juc\u0103tori din Liga 1 rom\u00e2neasc\u0103 de fotbal de sal\u0103. Afla\u021bi din\u2026","rel":"","context":"<span class=\"jp-relatedposts-post-author\">Moldova Cre\u0219tin\u0103<\/span>","block_context":{"text":"MCTV","link":"https:\/\/moldovacrestina.md\/mctv\/"},"img":{"alt_text":"","src":"https:\/\/i0.wp.com\/cdn.moldovacrestina.md\/2025\/03\/a1a5e5b7-vb0e2k6ablc.jpg?resize=350%2C200&ssl=1","width":350,"height":200,"srcset":"https:\/\/i0.wp.com\/cdn.moldovacrestina.md\/2025\/03\/a1a5e5b7-vb0e2k6ablc.jpg?resize=350%2C200&ssl=1 1x, https:\/\/i0.wp.com\/cdn.moldovacrestina.md\/2025\/03\/a1a5e5b7-vb0e2k6ablc.jpg?resize=525%2C300&ssl=1 1.5x, https:\/\/i0.wp.com\/cdn.moldovacrestina.md\/2025\/03\/a1a5e5b7-vb0e2k6ablc.jpg?resize=700%2C400&ssl=1 2x, https:\/\/i0.wp.com\/cdn.moldovacrestina.md\/2025\/03\/a1a5e5b7-vb0e2k6ablc.jpg?resize=1050%2C600&ssl=1 3x"},"classes":[]}],"jetpack_sharing_enabled":true,"_links":{"self":[{"href":"https:\/\/moldovacrestina.md\/fr\/wp-json\/wp\/v2\/posts\/64056","targetHints":{"allow":["GET"]}}],"collection":[{"href":"https:\/\/moldovacrestina.md\/fr\/wp-json\/wp\/v2\/posts"}],"about":[{"href":"https:\/\/moldovacrestina.md\/fr\/wp-json\/wp\/v2\/types\/post"}],"author":[{"embeddable":true,"href":"https:\/\/moldovacrestina.md\/fr\/wp-json\/wp\/v2\/users\/110"}],"replies":[{"embeddable":true,"href":"https:\/\/moldovacrestina.md\/fr\/wp-json\/wp\/v2\/comments?post=64056"}],"version-history":[{"count":0,"href":"https:\/\/moldovacrestina.md\/fr\/wp-json\/wp\/v2\/posts\/64056\/revisions"}],"wp:featuredmedia":[{"embeddable":true,"href":"https:\/\/moldovacrestina.md\/fr\/wp-json\/wp\/v2\/media\/91965"}],"wp:attachment":[{"href":"https:\/\/moldovacrestina.md\/fr\/wp-json\/wp\/v2\/media?parent=64056"}],"wp:term":[{"taxonomy":"category","embeddable":true,"href":"https:\/\/moldovacrestina.md\/fr\/wp-json\/wp\/v2\/categories?post=64056"},{"taxonomy":"post_tag","embeddable":true,"href":"https:\/\/moldovacrestina.md\/fr\/wp-json\/wp\/v2\/tags?post=64056"}],"curies":[{"name":"wp","href":"https:\/\/api.w.org\/{rel}","templated":true}]}}