{"id":63611,"date":"2011-12-22T19:37:48","date_gmt":"2011-12-22T17:37:48","guid":{"rendered":"https:\/\/moldovacrestina.md\/verre-nouvelle-alliance"},"modified":"2017-05-03T18:46:19","modified_gmt":"2017-05-03T16:46:19","slug":"verre-nouvelle-alliance","status":"publish","type":"post","link":"https:\/\/moldovacrestina.md\/fr\/verre-nouvelle-alliance\/","title":{"rendered":"Ce verre est la nouvelle alliance"},"content":{"rendered":"<p><em>L\u2019article a \u00e9t\u00e9 \u00e9crit par Sergiu Filat<\/em><\/p>\n<p><a href=\"http:\/\/moldovacrestina.net\/french\/wp-content\/uploads\/2011\/12\/cup-and-bread1.jpg\"><img decoding=\"async\" class=\"aligncenter size-full img-resp\" title=\"Verre et paine\" src=\"http:\/\/moldovacrestina.net\/french\/wp-content\/uploads\/2011\/12\/cup-and-bread1-200x300.jpg\" alt=\"\" \/><\/a><\/p>\n<p>Question:<\/p>\n<blockquote class=\"td_quote_box td_box_center\"><p><em>Dites moi, s\u2019il vous plait, dans l\u2019Evangile d\u2019apr\u00e8s Luc 22:17-20 est-ce qu\u2019il est \u00e9crit d\u2019un m\u00eame verre ou d\u2019une coutume des juifs qu\u2019ils le pratiquent \u00e0 la c\u00e9l\u00e9bration de P\u00e2ques?<\/em><\/p><\/blockquote>\n<p>La f\u00eate de P\u00e2ques \u00e9tait proche quand L\u2019Agneau de Dieu devait \u00eatre apport\u00e9 comme sacrifice pour les p\u00e9ch\u00e9s des hommes. Avant la f\u00eate de\u00a0P\u00e2ques, le Seigneur J\u00e9sus Christ a institu\u00e9 la C\u00e8ne du Seigneur ou l\u2019Eucharistie, mot qui vient du grec et qui signifie \u201capporter de remercie\u201d.<\/p>\n<p>La f\u00eate de P\u00e2ques commence avec une pri\u00e8re de remercie et puis on serve quatre verres de vin m\u00e9lang\u00e9 avec de l\u2019eau.<\/p>\n<p>Puis, ils mangeaient des herbes am\u00e8res et ils lisaient les Psaumes 113-114, puis ils servaient le deuxi\u00e8me verre de vin tout en mangeant l\u2019agneau avec du pain azyme. Apr\u00e8s servir le troisi\u00e8me\u00a0verre ils chantaient les Psaumes 115-118. Apr\u00e8s cela, tous en ensemble, ils servaient le quatri\u00e8me.<\/p>\n<blockquote class=\"td_quote_box td_box_center\"><p>Et, ayant pris une coupe et rendu gr\u00e2ces, il dit : Prenez cette coupe, et distribuez-la entre vous; car, je vous le dis, je ne boirai plus d\u00e9sormais du fruit de la vigne, jusqu\u2019\u00e0 ce que le royaume de Dieu soit venu. Ensuite il prit du pain; et, apr\u00e8s avoir rendu gr\u00e2ces, il le rompit, et le leur donna, en disant : Ceci est mon corps, qui est donn\u00e9 pour vous; faites ceci en m\u00e9moire de moi. Il prit de m\u00eame la coupe, apr\u00e8s le souper, et la leur donna, en disant : Cette coupe est la nouvelle alliance en mon sang, qui est r\u00e9pandu pour vous. (Luc 22:17-20)<\/p><\/blockquote>\n<p>Il semble que le Seigneur J\u00e9sus\u00a0a institu\u00e9 la C\u00e8ne entre le troisi\u00e8me verre et le quatri\u00e8me. Mais n\u2019oublions pas la plus importante chose: la signification de la C\u00e8ne du Seigneur. Le Seigneur J\u00e9sus est mort pour nos p\u00e9ch\u00e9s et notre participation \u00e0 la C\u00e8ne du Seigneur prouve que nous sommes en communion avec les autres et nous annon\u00e7ons la mort du Seigneur J\u00e9sus par notre vie.<\/p>\n<p><em>L\u2019article a\u00a0\u00e9t\u00e9 traduit par Irina Batin.<\/em><\/p>\n","protected":false},"excerpt":{"rendered":"<p>L\u2019article a \u00e9t\u00e9 \u00e9crit par Sergiu Filat Question: Dites moi, s\u2019il vous plait, dans l\u2019Evangile d\u2019apr\u00e8s Luc 22:17-20 est-ce qu\u2019il est \u00e9crit d\u2019un m\u00eame verre ou d\u2019une coutume des juifs qu\u2019ils le pratiquent \u00e0 la c\u00e9l\u00e9bration de P\u00e2ques? La f\u00eate de P\u00e2ques \u00e9tait proche quand L\u2019Agneau de Dieu devait \u00eatre apport\u00e9 comme sacrifice pour les [&hellip;]<\/p>\n","protected":false},"author":66,"featured_media":0,"comment_status":"closed","ping_status":"closed","sticky":false,"template":"","format":"standard","meta":{"_acf_changed":false,"inline_featured_image":false,"_monsterinsights_skip_tracking":false,"_monsterinsights_sitenote_active":false,"_monsterinsights_sitenote_note":"","_monsterinsights_sitenote_category":0,"_genesis_hide_title":false,"_genesis_hide_breadcrumbs":false,"_genesis_hide_singular_image":false,"_genesis_hide_footer_widgets":false,"_genesis_custom_body_class":"","_genesis_custom_post_class":"","_genesis_layout":"","ep_exclude_from_search":false,"_jetpack_memberships_contains_paid_content":false,"footnotes":""},"categories":[29840],"tags":[6601,6603,7582,7583,7584,7585],"class_list":{"0":"post-63611","1":"post","2":"type-post","3":"status-publish","4":"format-standard","6":"category-reponses-de-la-bible","7":"tag-nouvelle-alliance","8":"tag-sang","9":"tag-celebration-de-paques","10":"tag-cene","11":"tag-sacrifice","12":"tag-souper","13":"entry"},"acf":[],"yoast_head":"<!-- This site is optimized with the Yoast SEO Premium plugin v26.5 (Yoast SEO v27.4) - https:\/\/yoast.com\/product\/yoast-seo-premium-wordpress\/ -->\n<title>La signification de la C\u00e8ne du Seigneur<\/title>\n<meta name=\"description\" content=\"J\u00e9sus est mort pour nos p\u00e9ch\u00e9s et notre participation \u00e0 la C\u00e8ne prouve que nous sommes en communion avec les autres et nous annon\u00e7ons la mort du J\u00e9sus par notre vie.\" \/>\n<meta name=\"robots\" content=\"index, follow, max-snippet:-1, max-image-preview:large, max-video-preview:-1\" \/>\n<link rel=\"canonical\" href=\"https:\/\/moldovacrestina.md\/fr\/verre-nouvelle-alliance\/\" \/>\n<meta property=\"og:locale\" content=\"fr_FR\" \/>\n<meta property=\"og:type\" content=\"article\" \/>\n<meta property=\"og:title\" content=\"Ce verre est la nouvelle alliance\" \/>\n<meta property=\"og:description\" content=\"J\u00e9sus est mort pour nos p\u00e9ch\u00e9s et notre participation \u00e0 la C\u00e8ne prouve que nous sommes en communion avec les autres et nous annon\u00e7ons la mort du J\u00e9sus par notre vie.\" \/>\n<meta property=\"og:url\" content=\"https:\/\/moldovacrestina.md\/fr\/verre-nouvelle-alliance\/\" \/>\n<meta property=\"og:site_name\" content=\"Moldova Cre\u0219tin\u0103\" \/>\n<meta property=\"article:publisher\" content=\"https:\/\/www.facebook.com\/moldovacrestina\/\" \/>\n<meta property=\"article:author\" content=\"https:\/\/www.facebook.com\/filatsergiu?ref=bookmarks\" \/>\n<meta property=\"article:published_time\" content=\"2011-12-22T17:37:48+00:00\" \/>\n<meta property=\"article:modified_time\" content=\"2017-05-03T16:46:19+00:00\" \/>\n<meta property=\"og:image\" content=\"http:\/\/moldovacrestina.net\/french\/wp-content\/uploads\/2011\/12\/cup-and-bread1-200x300.jpg\" \/>\n<meta name=\"author\" content=\"Sergiu Filat\u00a0\" \/>\n<meta name=\"twitter:card\" content=\"summary_large_image\" \/>\n<meta name=\"twitter:creator\" content=\"@moldovacrestina\" \/>\n<meta name=\"twitter:site\" content=\"@moldovacrestina\" \/>\n<meta name=\"twitter:label1\" content=\"\u00c9crit par\" \/>\n\t<meta name=\"twitter:data1\" content=\"Sergiu Filat\u00a0\" \/>\n\t<meta name=\"twitter:label2\" content=\"Dur\u00e9e de lecture estim\u00e9e\" \/>\n\t<meta name=\"twitter:data2\" content=\"2 minutes\" \/>\n<script type=\"application\/ld+json\" class=\"yoast-schema-graph\">{\"@context\":\"https:\\\/\\\/schema.org\",\"@graph\":[{\"@type\":\"Article\",\"@id\":\"https:\\\/\\\/moldovacrestina.md\\\/fr\\\/verre-nouvelle-alliance\\\/#article\",\"isPartOf\":{\"@id\":\"https:\\\/\\\/moldovacrestina.md\\\/fr\\\/verre-nouvelle-alliance\\\/\"},\"author\":{\"name\":\"Sergiu Filat\u00a0\",\"@id\":\"https:\\\/\\\/moldovacrestina.md\\\/fr\\\/#\\\/schema\\\/person\\\/cc26ac55ee5da9b0af1467e8340570d5\"},\"headline\":\"Ce verre est la nouvelle alliance\",\"datePublished\":\"2011-12-22T17:37:48+00:00\",\"dateModified\":\"2017-05-03T16:46:19+00:00\",\"mainEntityOfPage\":{\"@id\":\"https:\\\/\\\/moldovacrestina.md\\\/fr\\\/verre-nouvelle-alliance\\\/\"},\"wordCount\":395,\"image\":{\"@id\":\"https:\\\/\\\/moldovacrestina.md\\\/fr\\\/verre-nouvelle-alliance\\\/#primaryimage\"},\"thumbnailUrl\":\"http:\\\/\\\/moldovacrestina.net\\\/french\\\/wp-content\\\/uploads\\\/2011\\\/12\\\/cup-and-bread1-200x300.jpg\",\"keywords\":[\"Nouvelle Alliance\",\"sang\",\"c\u00e9l\u00e9bration de P\u00e2ques\",\"C\u00e8ne\",\"sacrifice\",\"souper\"],\"articleSection\":[\"R\u00e9ponses de la Bible\"],\"inLanguage\":\"fr-FR\"},{\"@type\":\"WebPage\",\"@id\":\"https:\\\/\\\/moldovacrestina.md\\\/fr\\\/verre-nouvelle-alliance\\\/\",\"url\":\"https:\\\/\\\/moldovacrestina.md\\\/fr\\\/verre-nouvelle-alliance\\\/\",\"name\":\"La signification de la C\u00e8ne du Seigneur\",\"isPartOf\":{\"@id\":\"https:\\\/\\\/moldovacrestina.md\\\/fr\\\/#website\"},\"primaryImageOfPage\":{\"@id\":\"https:\\\/\\\/moldovacrestina.md\\\/fr\\\/verre-nouvelle-alliance\\\/#primaryimage\"},\"image\":{\"@id\":\"https:\\\/\\\/moldovacrestina.md\\\/fr\\\/verre-nouvelle-alliance\\\/#primaryimage\"},\"thumbnailUrl\":\"http:\\\/\\\/moldovacrestina.net\\\/french\\\/wp-content\\\/uploads\\\/2011\\\/12\\\/cup-and-bread1-200x300.jpg\",\"datePublished\":\"2011-12-22T17:37:48+00:00\",\"dateModified\":\"2017-05-03T16:46:19+00:00\",\"author\":{\"@id\":\"https:\\\/\\\/moldovacrestina.md\\\/fr\\\/#\\\/schema\\\/person\\\/cc26ac55ee5da9b0af1467e8340570d5\"},\"description\":\"J\u00e9sus est mort pour nos p\u00e9ch\u00e9s et notre participation \u00e0 la C\u00e8ne prouve que nous sommes en communion avec les autres et nous annon\u00e7ons la mort du J\u00e9sus par notre vie.\",\"breadcrumb\":{\"@id\":\"https:\\\/\\\/moldovacrestina.md\\\/fr\\\/verre-nouvelle-alliance\\\/#breadcrumb\"},\"inLanguage\":\"fr-FR\",\"potentialAction\":[{\"@type\":\"ReadAction\",\"target\":[\"https:\\\/\\\/moldovacrestina.md\\\/fr\\\/verre-nouvelle-alliance\\\/\"]}]},{\"@type\":\"ImageObject\",\"inLanguage\":\"fr-FR\",\"@id\":\"https:\\\/\\\/moldovacrestina.md\\\/fr\\\/verre-nouvelle-alliance\\\/#primaryimage\",\"url\":\"http:\\\/\\\/moldovacrestina.net\\\/french\\\/wp-content\\\/uploads\\\/2011\\\/12\\\/cup-and-bread1-200x300.jpg\",\"contentUrl\":\"http:\\\/\\\/moldovacrestina.net\\\/french\\\/wp-content\\\/uploads\\\/2011\\\/12\\\/cup-and-bread1-200x300.jpg\"},{\"@type\":\"BreadcrumbList\",\"@id\":\"https:\\\/\\\/moldovacrestina.md\\\/fr\\\/verre-nouvelle-alliance\\\/#breadcrumb\",\"itemListElement\":[{\"@type\":\"ListItem\",\"position\":1,\"name\":\"Prima pagin\u0103\",\"item\":\"https:\\\/\\\/moldovacrestina.md\\\/fr\\\/\"},{\"@type\":\"ListItem\",\"position\":2,\"name\":\"R\u00e9ponses de la Bible\",\"item\":\"https:\\\/\\\/moldovacrestina.md\\\/fr\\\/reponses-de-la-bible\\\/\"},{\"@type\":\"ListItem\",\"position\":3,\"name\":\"Ce verre est la nouvelle alliance\"}]},{\"@type\":\"WebSite\",\"@id\":\"https:\\\/\\\/moldovacrestina.md\\\/fr\\\/#website\",\"url\":\"https:\\\/\\\/moldovacrestina.md\\\/fr\\\/\",\"name\":\"Moldova Cre\u0219tin\u0103\",\"description\":\"R\u0103spunsuri relevante \u0219i actuale din Biblie\",\"potentialAction\":[{\"@type\":\"SearchAction\",\"target\":{\"@type\":\"EntryPoint\",\"urlTemplate\":\"https:\\\/\\\/moldovacrestina.md\\\/fr\\\/?s={search_term_string}\"},\"query-input\":{\"@type\":\"PropertyValueSpecification\",\"valueRequired\":true,\"valueName\":\"search_term_string\"}}],\"inLanguage\":\"fr-FR\"},{\"@type\":\"Person\",\"@id\":\"https:\\\/\\\/moldovacrestina.md\\\/fr\\\/#\\\/schema\\\/person\\\/cc26ac55ee5da9b0af1467e8340570d5\",\"name\":\"Sergiu Filat\u00a0\",\"image\":{\"@type\":\"ImageObject\",\"inLanguage\":\"fr-FR\",\"@id\":\"https:\\\/\\\/secure.gravatar.com\\\/avatar\\\/209a6eb0617fd8011837a1055dc71e0b92fdeb0b4758c50c6944a4c894e22e3b?s=96&d=mm&r=g\",\"url\":\"https:\\\/\\\/secure.gravatar.com\\\/avatar\\\/209a6eb0617fd8011837a1055dc71e0b92fdeb0b4758c50c6944a4c894e22e3b?s=96&d=mm&r=g\",\"contentUrl\":\"https:\\\/\\\/secure.gravatar.com\\\/avatar\\\/209a6eb0617fd8011837a1055dc71e0b92fdeb0b4758c50c6944a4c894e22e3b?s=96&d=mm&r=g\",\"caption\":\"Sergiu Filat\u00a0\"},\"description\":\"M\u0103 numesc Sergiu Filat, sunt pastor \u00een cadrul bisericii \\\"Bunavestirea\\\" \u0219i \\\"Cuv\u00e2ntul Adev\u0103rului\\\", sunt c\u0103s\u0103torit \u0219i \u00eempreun\u0103 cu so\u021bia avem doi copii. \u00cempreun\u0103 slujim pe Domnul \u00een Moldova \u0219i dincolo de hotarele ei.\",\"sameAs\":[\"http:\\\/\\\/www.fiicredincios.wordpress.com\",\"https:\\\/\\\/www.facebook.com\\\/filatsergiu?ref=bookmarks\"],\"url\":\"https:\\\/\\\/moldovacrestina.md\\\/fr\\\/author\\\/sergiutkd\\\/\"}]}<\/script>\n<!-- \/ Yoast SEO Premium plugin. -->","yoast_head_json":{"title":"La signification de la C\u00e8ne du Seigneur","description":"J\u00e9sus est mort pour nos p\u00e9ch\u00e9s et notre participation \u00e0 la C\u00e8ne prouve que nous sommes en communion avec les autres et nous annon\u00e7ons la mort du J\u00e9sus par notre vie.","robots":{"index":"index","follow":"follow","max-snippet":"max-snippet:-1","max-image-preview":"max-image-preview:large","max-video-preview":"max-video-preview:-1"},"canonical":"https:\/\/moldovacrestina.md\/fr\/verre-nouvelle-alliance\/","og_locale":"fr_FR","og_type":"article","og_title":"Ce verre est la nouvelle alliance","og_description":"J\u00e9sus est mort pour nos p\u00e9ch\u00e9s et notre participation \u00e0 la C\u00e8ne prouve que nous sommes en communion avec les autres et nous annon\u00e7ons la mort du J\u00e9sus par notre vie.","og_url":"https:\/\/moldovacrestina.md\/fr\/verre-nouvelle-alliance\/","og_site_name":"Moldova Cre\u0219tin\u0103","article_publisher":"https:\/\/www.facebook.com\/moldovacrestina\/","article_author":"https:\/\/www.facebook.com\/filatsergiu?ref=bookmarks","article_published_time":"2011-12-22T17:37:48+00:00","article_modified_time":"2017-05-03T16:46:19+00:00","og_image":[{"url":"http:\/\/moldovacrestina.net\/french\/wp-content\/uploads\/2011\/12\/cup-and-bread1-200x300.jpg","type":"","width":"","height":""}],"author":"Sergiu Filat\u00a0","twitter_card":"summary_large_image","twitter_creator":"@moldovacrestina","twitter_site":"@moldovacrestina","twitter_misc":{"\u00c9crit par":"Sergiu Filat\u00a0","Dur\u00e9e de lecture estim\u00e9e":"2 minutes"},"schema":{"@context":"https:\/\/schema.org","@graph":[{"@type":"Article","@id":"https:\/\/moldovacrestina.md\/fr\/verre-nouvelle-alliance\/#article","isPartOf":{"@id":"https:\/\/moldovacrestina.md\/fr\/verre-nouvelle-alliance\/"},"author":{"name":"Sergiu Filat\u00a0","@id":"https:\/\/moldovacrestina.md\/fr\/#\/schema\/person\/cc26ac55ee5da9b0af1467e8340570d5"},"headline":"Ce verre est la nouvelle alliance","datePublished":"2011-12-22T17:37:48+00:00","dateModified":"2017-05-03T16:46:19+00:00","mainEntityOfPage":{"@id":"https:\/\/moldovacrestina.md\/fr\/verre-nouvelle-alliance\/"},"wordCount":395,"image":{"@id":"https:\/\/moldovacrestina.md\/fr\/verre-nouvelle-alliance\/#primaryimage"},"thumbnailUrl":"http:\/\/moldovacrestina.net\/french\/wp-content\/uploads\/2011\/12\/cup-and-bread1-200x300.jpg","keywords":["Nouvelle Alliance","sang","c\u00e9l\u00e9bration de P\u00e2ques","C\u00e8ne","sacrifice","souper"],"articleSection":["R\u00e9ponses de la Bible"],"inLanguage":"fr-FR"},{"@type":"WebPage","@id":"https:\/\/moldovacrestina.md\/fr\/verre-nouvelle-alliance\/","url":"https:\/\/moldovacrestina.md\/fr\/verre-nouvelle-alliance\/","name":"La signification de la C\u00e8ne du Seigneur","isPartOf":{"@id":"https:\/\/moldovacrestina.md\/fr\/#website"},"primaryImageOfPage":{"@id":"https:\/\/moldovacrestina.md\/fr\/verre-nouvelle-alliance\/#primaryimage"},"image":{"@id":"https:\/\/moldovacrestina.md\/fr\/verre-nouvelle-alliance\/#primaryimage"},"thumbnailUrl":"http:\/\/moldovacrestina.net\/french\/wp-content\/uploads\/2011\/12\/cup-and-bread1-200x300.jpg","datePublished":"2011-12-22T17:37:48+00:00","dateModified":"2017-05-03T16:46:19+00:00","author":{"@id":"https:\/\/moldovacrestina.md\/fr\/#\/schema\/person\/cc26ac55ee5da9b0af1467e8340570d5"},"description":"J\u00e9sus est mort pour nos p\u00e9ch\u00e9s et notre participation \u00e0 la C\u00e8ne prouve que nous sommes en communion avec les autres et nous annon\u00e7ons la mort du J\u00e9sus par notre vie.","breadcrumb":{"@id":"https:\/\/moldovacrestina.md\/fr\/verre-nouvelle-alliance\/#breadcrumb"},"inLanguage":"fr-FR","potentialAction":[{"@type":"ReadAction","target":["https:\/\/moldovacrestina.md\/fr\/verre-nouvelle-alliance\/"]}]},{"@type":"ImageObject","inLanguage":"fr-FR","@id":"https:\/\/moldovacrestina.md\/fr\/verre-nouvelle-alliance\/#primaryimage","url":"http:\/\/moldovacrestina.net\/french\/wp-content\/uploads\/2011\/12\/cup-and-bread1-200x300.jpg","contentUrl":"http:\/\/moldovacrestina.net\/french\/wp-content\/uploads\/2011\/12\/cup-and-bread1-200x300.jpg"},{"@type":"BreadcrumbList","@id":"https:\/\/moldovacrestina.md\/fr\/verre-nouvelle-alliance\/#breadcrumb","itemListElement":[{"@type":"ListItem","position":1,"name":"Prima pagin\u0103","item":"https:\/\/moldovacrestina.md\/fr\/"},{"@type":"ListItem","position":2,"name":"R\u00e9ponses de la Bible","item":"https:\/\/moldovacrestina.md\/fr\/reponses-de-la-bible\/"},{"@type":"ListItem","position":3,"name":"Ce verre est la nouvelle alliance"}]},{"@type":"WebSite","@id":"https:\/\/moldovacrestina.md\/fr\/#website","url":"https:\/\/moldovacrestina.md\/fr\/","name":"Moldova Cre\u0219tin\u0103","description":"R\u0103spunsuri relevante \u0219i actuale din Biblie","potentialAction":[{"@type":"SearchAction","target":{"@type":"EntryPoint","urlTemplate":"https:\/\/moldovacrestina.md\/fr\/?s={search_term_string}"},"query-input":{"@type":"PropertyValueSpecification","valueRequired":true,"valueName":"search_term_string"}}],"inLanguage":"fr-FR"},{"@type":"Person","@id":"https:\/\/moldovacrestina.md\/fr\/#\/schema\/person\/cc26ac55ee5da9b0af1467e8340570d5","name":"Sergiu Filat\u00a0","image":{"@type":"ImageObject","inLanguage":"fr-FR","@id":"https:\/\/secure.gravatar.com\/avatar\/209a6eb0617fd8011837a1055dc71e0b92fdeb0b4758c50c6944a4c894e22e3b?s=96&d=mm&r=g","url":"https:\/\/secure.gravatar.com\/avatar\/209a6eb0617fd8011837a1055dc71e0b92fdeb0b4758c50c6944a4c894e22e3b?s=96&d=mm&r=g","contentUrl":"https:\/\/secure.gravatar.com\/avatar\/209a6eb0617fd8011837a1055dc71e0b92fdeb0b4758c50c6944a4c894e22e3b?s=96&d=mm&r=g","caption":"Sergiu Filat\u00a0"},"description":"M\u0103 numesc Sergiu Filat, sunt pastor \u00een cadrul bisericii \"Bunavestirea\" \u0219i \"Cuv\u00e2ntul Adev\u0103rului\", sunt c\u0103s\u0103torit \u0219i \u00eempreun\u0103 cu so\u021bia avem doi copii. \u00cempreun\u0103 slujim pe Domnul \u00een Moldova \u0219i dincolo de hotarele ei.","sameAs":["http:\/\/www.fiicredincios.wordpress.com","https:\/\/www.facebook.com\/filatsergiu?ref=bookmarks"],"url":"https:\/\/moldovacrestina.md\/fr\/author\/sergiutkd\/"}]}},"jetpack_featured_media_url":"","video_meta":false,"featured_image":false,"wpml":{"language_code":"fr","locale":"fr_FR","text_direction":false,"display_name":"Fran\u00e7ais","native_name":"Francez\u0103","different_language":false},"jetpack-related-posts":[{"id":362955,"url":"https:\/\/moldovacrestina.md\/de-ce-femeia-din-soroca-a-aruncat-in-fantana-bebelusul-avortat\/","url_meta":{"origin":63611,"position":0},"title":"De ce femeia din Soroca a aruncat \u00een f\u00e2nt\u0103n\u0103 bebelu\u0219ul avortat?","author":"Moldova Cre\u0219tin\u0103","date":"23 juin 2025","format":false,"excerpt":"Nu este doar o tragedie social\u0103, ci o dram\u0103 spiritual\u0103 profund\u0103. Ce se afl\u0103 \u00een spatele unui astfel de gest \u0219i ce spune Biblia despre valoarea vie\u021bii? \u0218tirea preluat\u0103 de pe canalul ProTV https:\/\/protv.md\/ \u00cenregistreaz\u0103-te acum la Summer English Academy 5-12 iulie https:\/\/bit.ly\/3TmxXvF Aplic\u0103 promo codul VasileFilat10 pentru o reducere\u2026","rel":"","context":"<span class=\"jp-relatedposts-post-author\">Moldova Cre\u0219tin\u0103<\/span>","block_context":{"text":"MCTV","link":"https:\/\/moldovacrestina.md\/mctv\/"},"img":{"alt_text":"","src":"https:\/\/i0.wp.com\/cdn.moldovacrestina.md\/2025\/06\/bc398eb7-9wldzuigdbq.jpg?resize=350%2C200&ssl=1","width":350,"height":200,"srcset":"https:\/\/i0.wp.com\/cdn.moldovacrestina.md\/2025\/06\/bc398eb7-9wldzuigdbq.jpg?resize=350%2C200&ssl=1 1x, https:\/\/i0.wp.com\/cdn.moldovacrestina.md\/2025\/06\/bc398eb7-9wldzuigdbq.jpg?resize=525%2C300&ssl=1 1.5x, https:\/\/i0.wp.com\/cdn.moldovacrestina.md\/2025\/06\/bc398eb7-9wldzuigdbq.jpg?resize=700%2C400&ssl=1 2x, https:\/\/i0.wp.com\/cdn.moldovacrestina.md\/2025\/06\/bc398eb7-9wldzuigdbq.jpg?resize=1050%2C600&ssl=1 3x"},"classes":[]},{"id":365343,"url":"https:\/\/moldovacrestina.md\/esti-sufocat-la-locul-de-munca-nu-pleca-pana-nu-faci-aceasta-pastor-vasile-filat\/","url_meta":{"origin":63611,"position":1},"title":"E\u0219ti sufocat la locul de munc\u0103? Nu pleca p\u00e2n\u0103 nu faci aceasta | Pastor Vasile Filat","author":"Moldova Cre\u0219tin\u0103","date":"30 avril 2026","format":false,"excerpt":"Te sim\u021bi sufocat(\u0103) la locul de munc\u0103, e\u0219ti ap\u0103sat(\u0103) de manager \u0219i tr\u0103ie\u0219ti cu frica de \u201ece vor zice oamenii\u201d dac\u0103 demisionezi? \u00cen acest video vorbim despre cum s\u0103 iei o decizie \u00een\u021beleapt\u0103 c\u00e2nd lucrezi \u00eentr-un business de familie, cum s\u0103 pui limite clare f\u0103r\u0103 vinov\u0103\u021bie \u0219i cum s\u0103 cau\u021bi\u2026","rel":"","context":"<span class=\"jp-relatedposts-post-author\">Moldova Cre\u0219tin\u0103<\/span>","block_context":{"text":"MCTV","link":"https:\/\/moldovacrestina.md\/mctv\/"},"img":{"alt_text":"","src":"https:\/\/i0.wp.com\/cdn.moldovacrestina.md\/2026\/04\/cf31591f-fmzy1i2ztmq.jpg?resize=350%2C200&ssl=1","width":350,"height":200,"srcset":"https:\/\/i0.wp.com\/cdn.moldovacrestina.md\/2026\/04\/cf31591f-fmzy1i2ztmq.jpg?resize=350%2C200&ssl=1 1x, https:\/\/i0.wp.com\/cdn.moldovacrestina.md\/2026\/04\/cf31591f-fmzy1i2ztmq.jpg?resize=525%2C300&ssl=1 1.5x, https:\/\/i0.wp.com\/cdn.moldovacrestina.md\/2026\/04\/cf31591f-fmzy1i2ztmq.jpg?resize=700%2C400&ssl=1 2x, https:\/\/i0.wp.com\/cdn.moldovacrestina.md\/2026\/04\/cf31591f-fmzy1i2ztmq.jpg?resize=1050%2C600&ssl=1 3x"},"classes":[]},{"id":363140,"url":"https:\/\/moldovacrestina.md\/de-ce-cartera-lui-enoh-a-fost-exclusa-din-bible\/","url_meta":{"origin":63611,"position":2},"title":"De ce cartera lui ENOH a fost exclus\u0103 din Bible?","author":"Moldova Cre\u0219tin\u0103","date":"7 juillet 2025","format":false,"excerpt":"Cartea lui Enoh a fost cunoscut\u0103 de primii cre\u0219tini, dar totu\u0219i a fost l\u0103sat\u0103 \u00een afara Scripturii. Este cartea lui Enoh inspirat\u0103 sau doar o scriere religioas\u0103 veche? Descoper\u0103 de ce nu a fost inclus\u0103 \u00een canonul biblic. \u2753Pune o \u00eentrebare: https:\/\/moldovacrestina.md\/ask-the-pastor sau la email contact@moldovacrestina.md \ud83c\udf81 Devino membru \u0219i\u2026","rel":"","context":"<span class=\"jp-relatedposts-post-author\">Moldova Cre\u0219tin\u0103<\/span>","block_context":{"text":"MCTV","link":"https:\/\/moldovacrestina.md\/mctv\/"},"img":{"alt_text":"","src":"https:\/\/i0.wp.com\/cdn.moldovacrestina.md\/2025\/07\/9bcc5a04-hfi3d3ej7qu.jpg?resize=350%2C200&ssl=1","width":350,"height":200,"srcset":"https:\/\/i0.wp.com\/cdn.moldovacrestina.md\/2025\/07\/9bcc5a04-hfi3d3ej7qu.jpg?resize=350%2C200&ssl=1 1x, https:\/\/i0.wp.com\/cdn.moldovacrestina.md\/2025\/07\/9bcc5a04-hfi3d3ej7qu.jpg?resize=525%2C300&ssl=1 1.5x, https:\/\/i0.wp.com\/cdn.moldovacrestina.md\/2025\/07\/9bcc5a04-hfi3d3ej7qu.jpg?resize=700%2C400&ssl=1 2x, https:\/\/i0.wp.com\/cdn.moldovacrestina.md\/2025\/07\/9bcc5a04-hfi3d3ej7qu.jpg?resize=1050%2C600&ssl=1 3x"},"classes":[]},{"id":363755,"url":"https:\/\/moldovacrestina.md\/este-pacat-divortul-daca-ambii-soti-il-doresc-pastor-vasile-filat\/","url_meta":{"origin":63611,"position":3},"title":"Este p\u0103cat divor\u021bul dac\u0103 ambii so\u021bi \u00eel doresc? | Pastor Vasile Filat","author":"Moldova Cre\u0219tin\u0103","date":"12 octobre 2025","format":false,"excerpt":"Mul\u021bi oameni cred c\u0103 dac\u0103 ambii so\u021bi sunt de acord cu desp\u0103r\u021birea, divor\u021bul nu mai este p\u0103cat. Dar ce spune Biblia? \u00cen acest video, pastorul Vasile Filat explic\u0103, pe baza textelor din Matei 19, Maleahi 2 \u0219i Evrei 13:4, c\u0103 Dumnezeu a instituit c\u0103s\u0103toria \u0219i El singur are autoritatea de\u2026","rel":"","context":"<span class=\"jp-relatedposts-post-author\">Moldova Cre\u0219tin\u0103<\/span>","block_context":{"text":"MCTV","link":"https:\/\/moldovacrestina.md\/mctv\/"},"img":{"alt_text":"","src":"https:\/\/i0.wp.com\/cdn.moldovacrestina.md\/2025\/10\/fa6abd08-qnfeu_9zdi4.jpg?resize=350%2C200&ssl=1","width":350,"height":200,"srcset":"https:\/\/i0.wp.com\/cdn.moldovacrestina.md\/2025\/10\/fa6abd08-qnfeu_9zdi4.jpg?resize=350%2C200&ssl=1 1x, https:\/\/i0.wp.com\/cdn.moldovacrestina.md\/2025\/10\/fa6abd08-qnfeu_9zdi4.jpg?resize=525%2C300&ssl=1 1.5x, https:\/\/i0.wp.com\/cdn.moldovacrestina.md\/2025\/10\/fa6abd08-qnfeu_9zdi4.jpg?resize=700%2C400&ssl=1 2x, https:\/\/i0.wp.com\/cdn.moldovacrestina.md\/2025\/10\/fa6abd08-qnfeu_9zdi4.jpg?resize=1050%2C600&ssl=1 3x"},"classes":[]},{"id":364411,"url":"https:\/\/moldovacrestina.md\/cand-frica-de-666-distruge-credinta-cum-ajung-unii-sa-creada-orice-aud-pastor-vasile-filat\/","url_meta":{"origin":63611,"position":4},"title":"C\u00e2nd frica de 666 distruge credin\u021ba. Cum ajung unii s\u0103 cread\u0103 orice aud? | Pastor Vasile Filat","author":"Moldova Cre\u0219tin\u0103","date":"8 janvier 2026","format":false,"excerpt":"O doamn\u0103 tr\u0103ie\u0219te o fric\u0103 profund\u0103 legat\u0103 de num\u0103rul 666, botez \u0219i Sf\u00e2nta Treime. Dup\u0103 ce a fost botezat\u0103, i s-a spus c\u0103 botezul nu a fost valid. A fost botezat\u0103 din nou. Apoi i s-a spus c\u0103 Sf\u00e2nta Treime nu este biblic\u0103 \u0219i c\u0103 ar fi legat\u0103 de semnul\u2026","rel":"","context":"<span class=\"jp-relatedposts-post-author\">Moldova Cre\u0219tin\u0103<\/span>","block_context":{"text":"MCTV","link":"https:\/\/moldovacrestina.md\/mctv\/"},"img":{"alt_text":"","src":"https:\/\/i0.wp.com\/cdn.moldovacrestina.md\/2026\/01\/eb5fead2-bo_92anogg.jpg?resize=350%2C200&ssl=1","width":350,"height":200,"srcset":"https:\/\/i0.wp.com\/cdn.moldovacrestina.md\/2026\/01\/eb5fead2-bo_92anogg.jpg?resize=350%2C200&ssl=1 1x, https:\/\/i0.wp.com\/cdn.moldovacrestina.md\/2026\/01\/eb5fead2-bo_92anogg.jpg?resize=525%2C300&ssl=1 1.5x, https:\/\/i0.wp.com\/cdn.moldovacrestina.md\/2026\/01\/eb5fead2-bo_92anogg.jpg?resize=700%2C400&ssl=1 2x, https:\/\/i0.wp.com\/cdn.moldovacrestina.md\/2026\/01\/eb5fead2-bo_92anogg.jpg?resize=1050%2C600&ssl=1 3x"},"classes":[]}],"jetpack_sharing_enabled":true,"_links":{"self":[{"href":"https:\/\/moldovacrestina.md\/fr\/wp-json\/wp\/v2\/posts\/63611","targetHints":{"allow":["GET"]}}],"collection":[{"href":"https:\/\/moldovacrestina.md\/fr\/wp-json\/wp\/v2\/posts"}],"about":[{"href":"https:\/\/moldovacrestina.md\/fr\/wp-json\/wp\/v2\/types\/post"}],"author":[{"embeddable":true,"href":"https:\/\/moldovacrestina.md\/fr\/wp-json\/wp\/v2\/users\/66"}],"replies":[{"embeddable":true,"href":"https:\/\/moldovacrestina.md\/fr\/wp-json\/wp\/v2\/comments?post=63611"}],"version-history":[{"count":0,"href":"https:\/\/moldovacrestina.md\/fr\/wp-json\/wp\/v2\/posts\/63611\/revisions"}],"wp:attachment":[{"href":"https:\/\/moldovacrestina.md\/fr\/wp-json\/wp\/v2\/media?parent=63611"}],"wp:term":[{"taxonomy":"category","embeddable":true,"href":"https:\/\/moldovacrestina.md\/fr\/wp-json\/wp\/v2\/categories?post=63611"},{"taxonomy":"post_tag","embeddable":true,"href":"https:\/\/moldovacrestina.md\/fr\/wp-json\/wp\/v2\/tags?post=63611"}],"curies":[{"name":"wp","href":"https:\/\/api.w.org\/{rel}","templated":true}]}}