{"id":63313,"date":"2011-12-05T07:46:54","date_gmt":"2011-12-05T05:46:54","guid":{"rendered":"https:\/\/moldovacrestina.md\/signes-du-zodiaque-pourquoi-sont-ils-mentionnes-dans-le-livre-de-job"},"modified":"2017-05-03T18:46:25","modified_gmt":"2017-05-03T16:46:25","slug":"signes-du-zodiaque-pourquoi-sont-ils-mentionnes-dans-le-livre-de-job","status":"publish","type":"post","link":"https:\/\/moldovacrestina.md\/fr\/signes-du-zodiaque-pourquoi-sont-ils-mentionnes-dans-le-livre-de-job\/","title":{"rendered":"Signes du zodiaque &#8211; pourquoi sont-ils mentionn\u00e9s dans le livre de Job ?"},"content":{"rendered":"<p>Question:<\/p>\n<blockquote class=\"td_quote_box td_box_center\"><p><em>Comment peut un chr\u00e9tien interpr\u00e9ter le texte\u00a0Job 38:32 \u201cFais-tu para\u00eetre en leur temps les signes du zodiaque, Et conduis-tu la Grande Ourse avec ses petits ?\u201d vis-\u00e0-vis de zodiaque? Merci beaucoup! Je vous souhaite une bonne journ\u00e9e!<\/em><\/p><\/blockquote>\n<p>En fait, pour mieux comprendre, regardons dans le contexte du verset, dans le verset\u00a0qui pr\u00e9c\u00e8de et qui suit :<\/p>\n<blockquote class=\"td_quote_box td_box_center\"><p>Noues-tu les liens des Pl\u00e9iades, Ou d\u00e9taches-tu les cordages de l\u2019Orion ? Fais-tu para\u00eetre en leur temps les signes du zodiaque, Et conduis-tu la Grande Ourse avec ses petits ? Connais-tu les lois du ciel ? R\u00e8gles-tu son pouvoir sur la terre ?\u00a0(Job 38:31-33)<\/p><\/blockquote>\n<p>Les Pl\u00e9iades, l\u2019Orion et la Grande Ourse sont des constellations.<\/p>\n<p><a href=\"http:\/\/moldovacrestina.net\/french\/wp-content\/uploads\/2011\/12\/Ursa-Mare.jpg\"><img decoding=\"async\" class=\"aligncenter size-full img-resp\" title=\"La Grande Ourse\" src=\"http:\/\/moldovacrestina.net\/french\/wp-content\/uploads\/2011\/12\/Ursa-Mare.jpg\" alt=\"\" \/><\/a><\/p>\n<p>Les signes du zodiaque sont en fait des constellations qui devienne plus visible dans des certaines p\u00e9riodes. L\u2019auteur ici ne se r\u00e9f\u00e8re pas \u00e0 l\u2019horoscope, c\u2019est-\u00e0-dire \u00e0 la pratique de devinette en utilisant les signes du zodiaque, mais il se r\u00e9f\u00e8re \u00e0 ces constellations qui suives les lois \u00e9tabli par Dieu.<\/p>\n<p><em>L\u2019article a \u00e9t\u00e9 traduit par Irina Batin.<\/em><\/p>\n","protected":false},"excerpt":{"rendered":"<p>Question: Comment peut un chr\u00e9tien interpr\u00e9ter le texte\u00a0Job 38:32 \u201cFais-tu para\u00eetre en leur temps les signes du zodiaque, Et conduis-tu la Grande Ourse avec ses petits ?\u201d vis-\u00e0-vis de zodiaque? Merci beaucoup! Je vous souhaite une bonne journ\u00e9e! En fait, pour mieux comprendre, regardons dans le contexte du verset, dans le verset\u00a0qui pr\u00e9c\u00e8de et qui [&hellip;]<\/p>\n","protected":false},"author":46,"featured_media":0,"comment_status":"closed","ping_status":"closed","sticky":false,"template":"","format":"standard","meta":{"_acf_changed":false,"inline_featured_image":false,"_monsterinsights_skip_tracking":false,"_monsterinsights_sitenote_active":false,"_monsterinsights_sitenote_note":"","_monsterinsights_sitenote_category":0,"_genesis_hide_title":false,"_genesis_hide_breadcrumbs":false,"_genesis_hide_singular_image":false,"_genesis_hide_footer_widgets":false,"_genesis_custom_body_class":"","_genesis_custom_post_class":"","_genesis_layout":"","ep_exclude_from_search":false,"_jetpack_memberships_contains_paid_content":false,"footnotes":""},"categories":[29840],"tags":[7742,12348,12349],"class_list":{"0":"post-63313","1":"post","2":"type-post","3":"status-publish","4":"format-standard","6":"category-reponses-de-la-bible","7":"tag-job","8":"tag-constellations","9":"tag-zodiaque","10":"entry"},"acf":[],"yoast_head":"<!-- This site is optimized with the Yoast SEO Premium plugin v26.5 (Yoast SEO v27.4) - https:\/\/yoast.com\/product\/yoast-seo-premium-wordpress\/ -->\n<title>Signes du zodiaque - pourquoi sont-ils mentionn\u00e9s dans le livre de Job ?<\/title>\n<meta name=\"description\" content=\"Question:Comment peut un chr\u00e9tien interpr\u00e9ter le texte\u00a0Job 38:32 \u201cFais-tu para\u00eetre en leur temps les signes du zodiaque, Et conduis-tu la Grande Ourse avec ses petits\" \/>\n<meta name=\"robots\" content=\"index, follow, max-snippet:-1, max-image-preview:large, max-video-preview:-1\" \/>\n<link rel=\"canonical\" href=\"https:\/\/moldovacrestina.md\/fr\/signes-du-zodiaque-pourquoi-sont-ils-mentionnes-dans-le-livre-de-job\/\" \/>\n<meta property=\"og:locale\" content=\"fr_FR\" \/>\n<meta property=\"og:type\" content=\"article\" \/>\n<meta property=\"og:title\" content=\"Signes du zodiaque - pourquoi sont-ils mentionn\u00e9s dans le livre de Job ?\" \/>\n<meta property=\"og:description\" content=\"Question:Comment peut un chr\u00e9tien interpr\u00e9ter le texte\u00a0Job 38:32 \u201cFais-tu para\u00eetre en leur temps les signes du zodiaque, Et conduis-tu la Grande Ourse avec ses petits\" \/>\n<meta property=\"og:url\" content=\"https:\/\/moldovacrestina.md\/fr\/signes-du-zodiaque-pourquoi-sont-ils-mentionnes-dans-le-livre-de-job\/\" \/>\n<meta property=\"og:site_name\" content=\"Moldova Cre\u0219tin\u0103\" \/>\n<meta property=\"article:publisher\" content=\"https:\/\/www.facebook.com\/moldovacrestina\/\" \/>\n<meta property=\"article:published_time\" content=\"2011-12-05T05:46:54+00:00\" \/>\n<meta property=\"article:modified_time\" content=\"2017-05-03T16:46:25+00:00\" \/>\n<meta property=\"og:image\" content=\"http:\/\/moldovacrestina.net\/french\/wp-content\/uploads\/2011\/12\/Ursa-Mare.jpg\" \/>\n<meta name=\"author\" content=\"Vasile Filat\" \/>\n<meta name=\"twitter:card\" content=\"summary_large_image\" \/>\n<meta name=\"twitter:creator\" content=\"@moldovacrestina\" \/>\n<meta name=\"twitter:site\" content=\"@moldovacrestina\" \/>\n<meta name=\"twitter:label1\" content=\"\u00c9crit par\" \/>\n\t<meta name=\"twitter:data1\" content=\"Vasile Filat\" \/>\n\t<meta name=\"twitter:label2\" content=\"Dur\u00e9e de lecture estim\u00e9e\" \/>\n\t<meta name=\"twitter:data2\" content=\"1 minute\" \/>\n<script type=\"application\/ld+json\" class=\"yoast-schema-graph\">{\"@context\":\"https:\\\/\\\/schema.org\",\"@graph\":[{\"@type\":\"Article\",\"@id\":\"https:\\\/\\\/moldovacrestina.md\\\/fr\\\/signes-du-zodiaque-pourquoi-sont-ils-mentionnes-dans-le-livre-de-job\\\/#article\",\"isPartOf\":{\"@id\":\"https:\\\/\\\/moldovacrestina.md\\\/fr\\\/signes-du-zodiaque-pourquoi-sont-ils-mentionnes-dans-le-livre-de-job\\\/\"},\"author\":{\"name\":\"Vasile Filat\",\"@id\":\"https:\\\/\\\/moldovacrestina.md\\\/fr\\\/#\\\/schema\\\/person\\\/04b204bbb582cc832c3d2424f5d27dc0\"},\"headline\":\"Signes du zodiaque &#8211; pourquoi sont-ils mentionn\u00e9s dans le livre de Job ?\",\"datePublished\":\"2011-12-05T05:46:54+00:00\",\"dateModified\":\"2017-05-03T16:46:25+00:00\",\"mainEntityOfPage\":{\"@id\":\"https:\\\/\\\/moldovacrestina.md\\\/fr\\\/signes-du-zodiaque-pourquoi-sont-ils-mentionnes-dans-le-livre-de-job\\\/\"},\"wordCount\":199,\"image\":{\"@id\":\"https:\\\/\\\/moldovacrestina.md\\\/fr\\\/signes-du-zodiaque-pourquoi-sont-ils-mentionnes-dans-le-livre-de-job\\\/#primaryimage\"},\"thumbnailUrl\":\"http:\\\/\\\/moldovacrestina.net\\\/french\\\/wp-content\\\/uploads\\\/2011\\\/12\\\/Ursa-Mare.jpg\",\"keywords\":[\"Job\",\"constellations\",\"zodiaque\"],\"articleSection\":[\"R\u00e9ponses de la Bible\"],\"inLanguage\":\"fr-FR\"},{\"@type\":\"WebPage\",\"@id\":\"https:\\\/\\\/moldovacrestina.md\\\/fr\\\/signes-du-zodiaque-pourquoi-sont-ils-mentionnes-dans-le-livre-de-job\\\/\",\"url\":\"https:\\\/\\\/moldovacrestina.md\\\/fr\\\/signes-du-zodiaque-pourquoi-sont-ils-mentionnes-dans-le-livre-de-job\\\/\",\"name\":\"Signes du zodiaque - pourquoi sont-ils mentionn\u00e9s dans le livre de Job ?\",\"isPartOf\":{\"@id\":\"https:\\\/\\\/moldovacrestina.md\\\/fr\\\/#website\"},\"primaryImageOfPage\":{\"@id\":\"https:\\\/\\\/moldovacrestina.md\\\/fr\\\/signes-du-zodiaque-pourquoi-sont-ils-mentionnes-dans-le-livre-de-job\\\/#primaryimage\"},\"image\":{\"@id\":\"https:\\\/\\\/moldovacrestina.md\\\/fr\\\/signes-du-zodiaque-pourquoi-sont-ils-mentionnes-dans-le-livre-de-job\\\/#primaryimage\"},\"thumbnailUrl\":\"http:\\\/\\\/moldovacrestina.net\\\/french\\\/wp-content\\\/uploads\\\/2011\\\/12\\\/Ursa-Mare.jpg\",\"datePublished\":\"2011-12-05T05:46:54+00:00\",\"dateModified\":\"2017-05-03T16:46:25+00:00\",\"author\":{\"@id\":\"https:\\\/\\\/moldovacrestina.md\\\/fr\\\/#\\\/schema\\\/person\\\/04b204bbb582cc832c3d2424f5d27dc0\"},\"description\":\"Question:Comment peut un chr\u00e9tien interpr\u00e9ter le texte\u00a0Job 38:32 \u201cFais-tu para\u00eetre en leur temps les signes du zodiaque, Et conduis-tu la Grande Ourse avec ses petits\",\"breadcrumb\":{\"@id\":\"https:\\\/\\\/moldovacrestina.md\\\/fr\\\/signes-du-zodiaque-pourquoi-sont-ils-mentionnes-dans-le-livre-de-job\\\/#breadcrumb\"},\"inLanguage\":\"fr-FR\",\"potentialAction\":[{\"@type\":\"ReadAction\",\"target\":[\"https:\\\/\\\/moldovacrestina.md\\\/fr\\\/signes-du-zodiaque-pourquoi-sont-ils-mentionnes-dans-le-livre-de-job\\\/\"]}]},{\"@type\":\"ImageObject\",\"inLanguage\":\"fr-FR\",\"@id\":\"https:\\\/\\\/moldovacrestina.md\\\/fr\\\/signes-du-zodiaque-pourquoi-sont-ils-mentionnes-dans-le-livre-de-job\\\/#primaryimage\",\"url\":\"http:\\\/\\\/moldovacrestina.net\\\/french\\\/wp-content\\\/uploads\\\/2011\\\/12\\\/Ursa-Mare.jpg\",\"contentUrl\":\"http:\\\/\\\/moldovacrestina.net\\\/french\\\/wp-content\\\/uploads\\\/2011\\\/12\\\/Ursa-Mare.jpg\"},{\"@type\":\"BreadcrumbList\",\"@id\":\"https:\\\/\\\/moldovacrestina.md\\\/fr\\\/signes-du-zodiaque-pourquoi-sont-ils-mentionnes-dans-le-livre-de-job\\\/#breadcrumb\",\"itemListElement\":[{\"@type\":\"ListItem\",\"position\":1,\"name\":\"Prima pagin\u0103\",\"item\":\"https:\\\/\\\/moldovacrestina.md\\\/fr\\\/\"},{\"@type\":\"ListItem\",\"position\":2,\"name\":\"R\u00e9ponses de la Bible\",\"item\":\"https:\\\/\\\/moldovacrestina.md\\\/fr\\\/reponses-de-la-bible\\\/\"},{\"@type\":\"ListItem\",\"position\":3,\"name\":\"Signes du zodiaque &#8211; pourquoi sont-ils mentionn\u00e9s dans le livre de Job ?\"}]},{\"@type\":\"WebSite\",\"@id\":\"https:\\\/\\\/moldovacrestina.md\\\/fr\\\/#website\",\"url\":\"https:\\\/\\\/moldovacrestina.md\\\/fr\\\/\",\"name\":\"Moldova Cre\u0219tin\u0103\",\"description\":\"R\u0103spunsuri relevante \u0219i actuale din Biblie\",\"potentialAction\":[{\"@type\":\"SearchAction\",\"target\":{\"@type\":\"EntryPoint\",\"urlTemplate\":\"https:\\\/\\\/moldovacrestina.md\\\/fr\\\/?s={search_term_string}\"},\"query-input\":{\"@type\":\"PropertyValueSpecification\",\"valueRequired\":true,\"valueName\":\"search_term_string\"}}],\"inLanguage\":\"fr-FR\"},{\"@type\":\"Person\",\"@id\":\"https:\\\/\\\/moldovacrestina.md\\\/fr\\\/#\\\/schema\\\/person\\\/04b204bbb582cc832c3d2424f5d27dc0\",\"name\":\"Vasile Filat\",\"image\":{\"@type\":\"ImageObject\",\"inLanguage\":\"fr-FR\",\"@id\":\"https:\\\/\\\/secure.gravatar.com\\\/avatar\\\/2e02d082d139dd6eb634318c9cf2c3a8281db62f24f87a134adb4f2020e77ab3?s=96&d=mm&r=g\",\"url\":\"https:\\\/\\\/secure.gravatar.com\\\/avatar\\\/2e02d082d139dd6eb634318c9cf2c3a8281db62f24f87a134adb4f2020e77ab3?s=96&d=mm&r=g\",\"contentUrl\":\"https:\\\/\\\/secure.gravatar.com\\\/avatar\\\/2e02d082d139dd6eb634318c9cf2c3a8281db62f24f87a134adb4f2020e77ab3?s=96&d=mm&r=g\",\"caption\":\"Vasile Filat\"},\"description\":\"P\u0103storesc\u00a0Biserica Bunavestire din Chi\u0219in\u0103u, predau Cuv\u00e2ntul lui Dumnezeu la\u00a0Institutul de Studiu Biblic Inductiv din Eurasia\u00a0\u0219i conduc\u00a0Asocia\u021bia \\\"\u00cenv\u0103\u021b\u0103tur\u0103 din Cuv\u00e2nt - Precept Ministries\\\" din Moldova. \u00cempreun\u0103 cu so\u021bia mea\u00a0Anastasia, avem trei copii. Din Aprilie 2007 am oferit r\u0103spunsuri din Biblie pe acest site la \u00eentreb\u0103ri adresate de cititori. Mai mult despre mine citi\u021bi\u00a0aici.\",\"url\":\"https:\\\/\\\/moldovacrestina.md\\\/fr\\\/author\\\/vasile-filat\\\/\"}]}<\/script>\n<!-- \/ Yoast SEO Premium plugin. -->","yoast_head_json":{"title":"Signes du zodiaque - pourquoi sont-ils mentionn\u00e9s dans le livre de Job ?","description":"Question:Comment peut un chr\u00e9tien interpr\u00e9ter le texte\u00a0Job 38:32 \u201cFais-tu para\u00eetre en leur temps les signes du zodiaque, Et conduis-tu la Grande Ourse avec ses petits","robots":{"index":"index","follow":"follow","max-snippet":"max-snippet:-1","max-image-preview":"max-image-preview:large","max-video-preview":"max-video-preview:-1"},"canonical":"https:\/\/moldovacrestina.md\/fr\/signes-du-zodiaque-pourquoi-sont-ils-mentionnes-dans-le-livre-de-job\/","og_locale":"fr_FR","og_type":"article","og_title":"Signes du zodiaque - pourquoi sont-ils mentionn\u00e9s dans le livre de Job ?","og_description":"Question:Comment peut un chr\u00e9tien interpr\u00e9ter le texte\u00a0Job 38:32 \u201cFais-tu para\u00eetre en leur temps les signes du zodiaque, Et conduis-tu la Grande Ourse avec ses petits","og_url":"https:\/\/moldovacrestina.md\/fr\/signes-du-zodiaque-pourquoi-sont-ils-mentionnes-dans-le-livre-de-job\/","og_site_name":"Moldova Cre\u0219tin\u0103","article_publisher":"https:\/\/www.facebook.com\/moldovacrestina\/","article_published_time":"2011-12-05T05:46:54+00:00","article_modified_time":"2017-05-03T16:46:25+00:00","og_image":[{"url":"http:\/\/moldovacrestina.net\/french\/wp-content\/uploads\/2011\/12\/Ursa-Mare.jpg","type":"","width":"","height":""}],"author":"Vasile Filat","twitter_card":"summary_large_image","twitter_creator":"@moldovacrestina","twitter_site":"@moldovacrestina","twitter_misc":{"\u00c9crit par":"Vasile Filat","Dur\u00e9e de lecture estim\u00e9e":"1 minute"},"schema":{"@context":"https:\/\/schema.org","@graph":[{"@type":"Article","@id":"https:\/\/moldovacrestina.md\/fr\/signes-du-zodiaque-pourquoi-sont-ils-mentionnes-dans-le-livre-de-job\/#article","isPartOf":{"@id":"https:\/\/moldovacrestina.md\/fr\/signes-du-zodiaque-pourquoi-sont-ils-mentionnes-dans-le-livre-de-job\/"},"author":{"name":"Vasile Filat","@id":"https:\/\/moldovacrestina.md\/fr\/#\/schema\/person\/04b204bbb582cc832c3d2424f5d27dc0"},"headline":"Signes du zodiaque &#8211; pourquoi sont-ils mentionn\u00e9s dans le livre de Job ?","datePublished":"2011-12-05T05:46:54+00:00","dateModified":"2017-05-03T16:46:25+00:00","mainEntityOfPage":{"@id":"https:\/\/moldovacrestina.md\/fr\/signes-du-zodiaque-pourquoi-sont-ils-mentionnes-dans-le-livre-de-job\/"},"wordCount":199,"image":{"@id":"https:\/\/moldovacrestina.md\/fr\/signes-du-zodiaque-pourquoi-sont-ils-mentionnes-dans-le-livre-de-job\/#primaryimage"},"thumbnailUrl":"http:\/\/moldovacrestina.net\/french\/wp-content\/uploads\/2011\/12\/Ursa-Mare.jpg","keywords":["Job","constellations","zodiaque"],"articleSection":["R\u00e9ponses de la Bible"],"inLanguage":"fr-FR"},{"@type":"WebPage","@id":"https:\/\/moldovacrestina.md\/fr\/signes-du-zodiaque-pourquoi-sont-ils-mentionnes-dans-le-livre-de-job\/","url":"https:\/\/moldovacrestina.md\/fr\/signes-du-zodiaque-pourquoi-sont-ils-mentionnes-dans-le-livre-de-job\/","name":"Signes du zodiaque - pourquoi sont-ils mentionn\u00e9s dans le livre de Job ?","isPartOf":{"@id":"https:\/\/moldovacrestina.md\/fr\/#website"},"primaryImageOfPage":{"@id":"https:\/\/moldovacrestina.md\/fr\/signes-du-zodiaque-pourquoi-sont-ils-mentionnes-dans-le-livre-de-job\/#primaryimage"},"image":{"@id":"https:\/\/moldovacrestina.md\/fr\/signes-du-zodiaque-pourquoi-sont-ils-mentionnes-dans-le-livre-de-job\/#primaryimage"},"thumbnailUrl":"http:\/\/moldovacrestina.net\/french\/wp-content\/uploads\/2011\/12\/Ursa-Mare.jpg","datePublished":"2011-12-05T05:46:54+00:00","dateModified":"2017-05-03T16:46:25+00:00","author":{"@id":"https:\/\/moldovacrestina.md\/fr\/#\/schema\/person\/04b204bbb582cc832c3d2424f5d27dc0"},"description":"Question:Comment peut un chr\u00e9tien interpr\u00e9ter le texte\u00a0Job 38:32 \u201cFais-tu para\u00eetre en leur temps les signes du zodiaque, Et conduis-tu la Grande Ourse avec ses petits","breadcrumb":{"@id":"https:\/\/moldovacrestina.md\/fr\/signes-du-zodiaque-pourquoi-sont-ils-mentionnes-dans-le-livre-de-job\/#breadcrumb"},"inLanguage":"fr-FR","potentialAction":[{"@type":"ReadAction","target":["https:\/\/moldovacrestina.md\/fr\/signes-du-zodiaque-pourquoi-sont-ils-mentionnes-dans-le-livre-de-job\/"]}]},{"@type":"ImageObject","inLanguage":"fr-FR","@id":"https:\/\/moldovacrestina.md\/fr\/signes-du-zodiaque-pourquoi-sont-ils-mentionnes-dans-le-livre-de-job\/#primaryimage","url":"http:\/\/moldovacrestina.net\/french\/wp-content\/uploads\/2011\/12\/Ursa-Mare.jpg","contentUrl":"http:\/\/moldovacrestina.net\/french\/wp-content\/uploads\/2011\/12\/Ursa-Mare.jpg"},{"@type":"BreadcrumbList","@id":"https:\/\/moldovacrestina.md\/fr\/signes-du-zodiaque-pourquoi-sont-ils-mentionnes-dans-le-livre-de-job\/#breadcrumb","itemListElement":[{"@type":"ListItem","position":1,"name":"Prima pagin\u0103","item":"https:\/\/moldovacrestina.md\/fr\/"},{"@type":"ListItem","position":2,"name":"R\u00e9ponses de la Bible","item":"https:\/\/moldovacrestina.md\/fr\/reponses-de-la-bible\/"},{"@type":"ListItem","position":3,"name":"Signes du zodiaque &#8211; pourquoi sont-ils mentionn\u00e9s dans le livre de Job ?"}]},{"@type":"WebSite","@id":"https:\/\/moldovacrestina.md\/fr\/#website","url":"https:\/\/moldovacrestina.md\/fr\/","name":"Moldova Cre\u0219tin\u0103","description":"R\u0103spunsuri relevante \u0219i actuale din Biblie","potentialAction":[{"@type":"SearchAction","target":{"@type":"EntryPoint","urlTemplate":"https:\/\/moldovacrestina.md\/fr\/?s={search_term_string}"},"query-input":{"@type":"PropertyValueSpecification","valueRequired":true,"valueName":"search_term_string"}}],"inLanguage":"fr-FR"},{"@type":"Person","@id":"https:\/\/moldovacrestina.md\/fr\/#\/schema\/person\/04b204bbb582cc832c3d2424f5d27dc0","name":"Vasile Filat","image":{"@type":"ImageObject","inLanguage":"fr-FR","@id":"https:\/\/secure.gravatar.com\/avatar\/2e02d082d139dd6eb634318c9cf2c3a8281db62f24f87a134adb4f2020e77ab3?s=96&d=mm&r=g","url":"https:\/\/secure.gravatar.com\/avatar\/2e02d082d139dd6eb634318c9cf2c3a8281db62f24f87a134adb4f2020e77ab3?s=96&d=mm&r=g","contentUrl":"https:\/\/secure.gravatar.com\/avatar\/2e02d082d139dd6eb634318c9cf2c3a8281db62f24f87a134adb4f2020e77ab3?s=96&d=mm&r=g","caption":"Vasile Filat"},"description":"P\u0103storesc\u00a0Biserica Bunavestire din Chi\u0219in\u0103u, predau Cuv\u00e2ntul lui Dumnezeu la\u00a0Institutul de Studiu Biblic Inductiv din Eurasia\u00a0\u0219i conduc\u00a0Asocia\u021bia \"\u00cenv\u0103\u021b\u0103tur\u0103 din Cuv\u00e2nt - Precept Ministries\" din Moldova. \u00cempreun\u0103 cu so\u021bia mea\u00a0Anastasia, avem trei copii. Din Aprilie 2007 am oferit r\u0103spunsuri din Biblie pe acest site la \u00eentreb\u0103ri adresate de cititori. Mai mult despre mine citi\u021bi\u00a0aici.","url":"https:\/\/moldovacrestina.md\/fr\/author\/vasile-filat\/"}]}},"jetpack_featured_media_url":"","video_meta":false,"featured_image":false,"wpml":{"language_code":"fr","locale":"fr_FR","text_direction":false,"display_name":"Fran\u00e7ais","native_name":"Francez\u0103","different_language":false},"jetpack-related-posts":[{"id":363748,"url":"https:\/\/moldovacrestina.md\/de-ce-anume-tu-suferi-mai-mult-ca-altii\/","url_meta":{"origin":63313,"position":0},"title":"De ce anume tu suferi mai mult ca al\u021bii?","author":"Vasile Filat","date":"12 octobre 2025","format":false,"excerpt":"De ce anume tu suferi mai mult ca al\u021bii? Afl\u0103 r\u0103spunsul \u00een video de mai sus. \ud83d\udc49 Urm\u0103re\u0219te video-ul p\u00e2n\u0103 la final \u0219i afl\u0103 cum po\u021bi descoperi frumuse\u021bea \u0219i claritatea Bibliei \u00een fiecare zi! \ud83d\udcd6 Cartea care te va ajuta s\u0103 \u00eencepi:https:\/\/shop.eurasiaprecept.org\/catal... \ud83d\udccd Unde locuie\u0219ti la moment? Cau\u021bi prieteni cu\u2026","rel":"","context":"<span class=\"jp-relatedposts-post-author\">Vasile Filat<\/span>","block_context":{"text":"MCTV","link":"https:\/\/moldovacrestina.md\/mctv\/"},"img":{"alt_text":"","src":"https:\/\/i0.wp.com\/cdn.moldovacrestina.md\/2025\/10\/bc92e6f5-screenshot-2025-10-12-at-00.00.16.png?resize=350%2C200&ssl=1","width":350,"height":200,"srcset":"https:\/\/i0.wp.com\/cdn.moldovacrestina.md\/2025\/10\/bc92e6f5-screenshot-2025-10-12-at-00.00.16.png?resize=350%2C200&ssl=1 1x, https:\/\/i0.wp.com\/cdn.moldovacrestina.md\/2025\/10\/bc92e6f5-screenshot-2025-10-12-at-00.00.16.png?resize=525%2C300&ssl=1 1.5x, https:\/\/i0.wp.com\/cdn.moldovacrestina.md\/2025\/10\/bc92e6f5-screenshot-2025-10-12-at-00.00.16.png?resize=700%2C400&ssl=1 2x, https:\/\/i0.wp.com\/cdn.moldovacrestina.md\/2025\/10\/bc92e6f5-screenshot-2025-10-12-at-00.00.16.png?resize=1050%2C600&ssl=1 3x, https:\/\/i0.wp.com\/cdn.moldovacrestina.md\/2025\/10\/bc92e6f5-screenshot-2025-10-12-at-00.00.16.png?resize=1400%2C800&ssl=1 4x"},"classes":[]},{"id":362814,"url":"https:\/\/moldovacrestina.md\/cum-sa-ma-rog-pentru-fetita-mea-care-e-posedata-de-duhuri-rele\/","url_meta":{"origin":63313,"position":1},"title":"Cum s\u0103 m\u0103 rog pentru feti\u021ba mea care e posedat\u0103 de duhuri rele?","author":"Moldova Cre\u0219tin\u0103","date":"26 mai 2025","format":false,"excerpt":"R\u0103zboiul spiritual e real, dar nu e\u0219ti singur. Urmeaz\u0103 sfaturile biblice ca s\u0103 mijloce\u0219ti pentru eliberarea feti\u021bei tale. \ud83d\udcd6 \u00censcrie-te acum la grup de studiu biblic https:\/\/docs.google.com\/forms\/d\/e\/1FAIpQLSfuxidxJcEIFI2xlFaQ49z3l2Kalf1TST8sfqd6mh8aOll1Gw\/viewform?usp=sharing&ouid=116850903366721386758 \ud83c\uddec\ud83c\udde7 \u00censcrie-te acum la Summer English Academy https:\/\/efnl.online\/SummerEnglishAcademy \ud83d\udcd8 Dac\u0103 dore\u0219ti \u0219i tu s\u0103 parcurgi acest curs sau s\u0103-l predai altora, \u00eel g\u0103se\u0219ti\u2026","rel":"","context":"<span class=\"jp-relatedposts-post-author\">Moldova Cre\u0219tin\u0103<\/span>","block_context":{"text":"MCTV","link":"https:\/\/moldovacrestina.md\/mctv\/"},"img":{"alt_text":"","src":"https:\/\/i0.wp.com\/cdn.moldovacrestina.md\/2025\/05\/6c5ca5d8-dls_vos0qci.jpg?resize=350%2C200&ssl=1","width":350,"height":200,"srcset":"https:\/\/i0.wp.com\/cdn.moldovacrestina.md\/2025\/05\/6c5ca5d8-dls_vos0qci.jpg?resize=350%2C200&ssl=1 1x, https:\/\/i0.wp.com\/cdn.moldovacrestina.md\/2025\/05\/6c5ca5d8-dls_vos0qci.jpg?resize=525%2C300&ssl=1 1.5x, https:\/\/i0.wp.com\/cdn.moldovacrestina.md\/2025\/05\/6c5ca5d8-dls_vos0qci.jpg?resize=700%2C400&ssl=1 2x, https:\/\/i0.wp.com\/cdn.moldovacrestina.md\/2025\/05\/6c5ca5d8-dls_vos0qci.jpg?resize=1050%2C600&ssl=1 3x"},"classes":[]},{"id":363943,"url":"https:\/\/moldovacrestina.md\/nu-mai-zadarnici-harul-lui-dumnezeu-foloseste-ti-potentialul-deplin-in-hristos-vasile-filat\/","url_meta":{"origin":63313,"position":2},"title":"NU mai z\u0103d\u0103rnici harul lui Dumnezeu! Folose\u0219te-\u021bi poten\u021bialul deplin \u00een Hristos | Vasile Filat","author":"Moldova Cre\u0219tin\u0103","date":"3 novembre 2025","format":false,"excerpt":"Ai primit har de la Dumnezeu, dar poate c\u0103 nu \u00eel folose\u0219ti. \u00cen aceast\u0103 predic\u0103 vei \u00een\u021belege cum s\u0103-\u021bi descoperi \u0219i s\u0103-\u021bi activezi poten\u021bialul deplin \u00een Hristos. Vei vedea cum Moise \u0219i Petru au trecut de fric\u0103, ezitare \u0219i e\u0219ec pentru a valorifica harul primit \u0219i a tr\u0103i planul lui\u2026","rel":"","context":"<span class=\"jp-relatedposts-post-author\">Moldova Cre\u0219tin\u0103<\/span>","block_context":{"text":"MCTV","link":"https:\/\/moldovacrestina.md\/mctv\/"},"img":{"alt_text":"","src":"https:\/\/i0.wp.com\/cdn.moldovacrestina.md\/2025\/11\/24fdd8f4-psbs4khrvy0.jpg?resize=350%2C200&ssl=1","width":350,"height":200,"srcset":"https:\/\/i0.wp.com\/cdn.moldovacrestina.md\/2025\/11\/24fdd8f4-psbs4khrvy0.jpg?resize=350%2C200&ssl=1 1x, https:\/\/i0.wp.com\/cdn.moldovacrestina.md\/2025\/11\/24fdd8f4-psbs4khrvy0.jpg?resize=525%2C300&ssl=1 1.5x, https:\/\/i0.wp.com\/cdn.moldovacrestina.md\/2025\/11\/24fdd8f4-psbs4khrvy0.jpg?resize=700%2C400&ssl=1 2x, https:\/\/i0.wp.com\/cdn.moldovacrestina.md\/2025\/11\/24fdd8f4-psbs4khrvy0.jpg?resize=1050%2C600&ssl=1 3x"},"classes":[]},{"id":363310,"url":"https:\/\/moldovacrestina.md\/nici-la-moartea-parintilor-nu-va-oferi-mancare-cuiva\/","url_meta":{"origin":63313,"position":3},"title":"Nici la moartea p\u0103rin\u021bilor nu va oferi m\u00e2ncare cuiva\u2026","author":"Moldova Cre\u0219tin\u0103","date":"25 juillet 2025","format":false,"excerpt":"\u00ceNTREBARE: Pace, frate! Am \u0219i eu o nedumerire. M\u0103 contraziceam cu tata: \u00een caz de o \u00eenmorm\u00e2ntare, eu am zis c\u0103 nu a\u0219 da nici m\u0103car pr\u0103jituri \u0219i nici suc. Am zis doar ap\u0103, ca s\u0103 nu \u00eei fie cuiva sete. Tata mi-a zis s\u0103 vorbesc cu un predicator poc\u0103it\u2026","rel":"","context":"<span class=\"jp-relatedposts-post-author\">Moldova Cre\u0219tin\u0103<\/span>","block_context":{"text":"MCTV","link":"https:\/\/moldovacrestina.md\/mctv\/"},"img":{"alt_text":"","src":"https:\/\/i0.wp.com\/cdn.moldovacrestina.md\/2025\/07\/ba7ab153-h1zvfmsmux8.jpg?resize=350%2C200&ssl=1","width":350,"height":200,"srcset":"https:\/\/i0.wp.com\/cdn.moldovacrestina.md\/2025\/07\/ba7ab153-h1zvfmsmux8.jpg?resize=350%2C200&ssl=1 1x, https:\/\/i0.wp.com\/cdn.moldovacrestina.md\/2025\/07\/ba7ab153-h1zvfmsmux8.jpg?resize=525%2C300&ssl=1 1.5x, https:\/\/i0.wp.com\/cdn.moldovacrestina.md\/2025\/07\/ba7ab153-h1zvfmsmux8.jpg?resize=700%2C400&ssl=1 2x, https:\/\/i0.wp.com\/cdn.moldovacrestina.md\/2025\/07\/ba7ab153-h1zvfmsmux8.jpg?resize=1050%2C600&ssl=1 3x"},"classes":[]},{"id":363051,"url":"https:\/\/moldovacrestina.md\/nu-va-strangeti-comori-pe-pamant\/","url_meta":{"origin":63313,"position":4},"title":"Nu v\u0103 str\u00e2nge\u0163i comori pe p\u0103m\u00e2nt","author":"Vasile Filat","date":"30 juin 2025","format":false,"excerpt":"Nu v\u0103 str\u00e2nge\u0163i comori pe p\u0103m\u00e2nt, unde le m\u0103n\u00e2nc\u0103 moliile \u0219i rugina \u0219i unde le sap\u0103 \u0219i le fur\u0103 ho\u0163ii; ci str\u00e2nge\u0163i-v\u0103 comori \u00een cer, unde nu le m\u0103n\u00e2nc\u0103 moliile \u0219i rugina \u0219i unde ho\u0163ii nu le sap\u0103, nici nu le fur\u0103. Pentru c\u0103 unde este comoara voastr\u0103, acolo va\u2026","rel":"","context":"<span class=\"jp-relatedposts-post-author\">Vasile Filat<\/span>","block_context":{"text":"MCTV","link":"https:\/\/moldovacrestina.md\/mctv\/"},"img":{"alt_text":"","src":"https:\/\/i0.wp.com\/cdn.moldovacrestina.md\/2025\/06\/37bfde08-jhxbg90vu-c.jpg?resize=350%2C200&ssl=1","width":350,"height":200,"srcset":"https:\/\/i0.wp.com\/cdn.moldovacrestina.md\/2025\/06\/37bfde08-jhxbg90vu-c.jpg?resize=350%2C200&ssl=1 1x, https:\/\/i0.wp.com\/cdn.moldovacrestina.md\/2025\/06\/37bfde08-jhxbg90vu-c.jpg?resize=525%2C300&ssl=1 1.5x, https:\/\/i0.wp.com\/cdn.moldovacrestina.md\/2025\/06\/37bfde08-jhxbg90vu-c.jpg?resize=700%2C400&ssl=1 2x, https:\/\/i0.wp.com\/cdn.moldovacrestina.md\/2025\/06\/37bfde08-jhxbg90vu-c.jpg?resize=1050%2C600&ssl=1 3x"},"classes":[]}],"jetpack_sharing_enabled":true,"_links":{"self":[{"href":"https:\/\/moldovacrestina.md\/fr\/wp-json\/wp\/v2\/posts\/63313","targetHints":{"allow":["GET"]}}],"collection":[{"href":"https:\/\/moldovacrestina.md\/fr\/wp-json\/wp\/v2\/posts"}],"about":[{"href":"https:\/\/moldovacrestina.md\/fr\/wp-json\/wp\/v2\/types\/post"}],"author":[{"embeddable":true,"href":"https:\/\/moldovacrestina.md\/fr\/wp-json\/wp\/v2\/users\/46"}],"replies":[{"embeddable":true,"href":"https:\/\/moldovacrestina.md\/fr\/wp-json\/wp\/v2\/comments?post=63313"}],"version-history":[{"count":0,"href":"https:\/\/moldovacrestina.md\/fr\/wp-json\/wp\/v2\/posts\/63313\/revisions"}],"wp:attachment":[{"href":"https:\/\/moldovacrestina.md\/fr\/wp-json\/wp\/v2\/media?parent=63313"}],"wp:term":[{"taxonomy":"category","embeddable":true,"href":"https:\/\/moldovacrestina.md\/fr\/wp-json\/wp\/v2\/categories?post=63313"},{"taxonomy":"post_tag","embeddable":true,"href":"https:\/\/moldovacrestina.md\/fr\/wp-json\/wp\/v2\/tags?post=63313"}],"curies":[{"name":"wp","href":"https:\/\/api.w.org\/{rel}","templated":true}]}}