{"id":63199,"date":"2011-10-28T08:58:51","date_gmt":"2011-10-28T06:58:51","guid":{"rendered":"https:\/\/moldovacrestina.md\/ceux-qui-sont-sous-la-terre"},"modified":"2016-03-03T16:35:12","modified_gmt":"2016-03-03T14:35:12","slug":"ceux-qui-sont-sous-la-terre","status":"publish","type":"post","link":"https:\/\/moldovacrestina.md\/fr\/ceux-qui-sont-sous-la-terre\/","title":{"rendered":"Qui sont ceux mentionn\u00e9s dans le texte de Philippiens 2:10?"},"content":{"rendered":"<p><img loading=\"lazy\" decoding=\"async\" src=\"https:\/\/cdn.moldovacrestina.md\/2011\/10\/images-7.jpg\" alt=\"\" width=\"594\" height=\"278\" class=\"alignnone size-full wp-image-90546\" \/><\/p>\n<p style=\"text-align: justify\">\n<h6>L\u2019article est \u00e9crit par Anastasia Filat<\/h6>\n<p>Question:<\/p>\n<blockquote class=\"td_quote_box td_box_center\">\n<p><em>J\u2019ai une question concernant le verset 10 d<\/em><em>e<\/em><em> Philippiens chapitre 2: pouvez vous me dire qui <\/em><em>est concern\u00e9<\/em><em> <\/em><em>dans l<\/em><em>e verset<\/em><em> <\/em><em>?<\/em><\/p>\n<\/blockquote>\n<p>Voici le verset dans son contexte :<\/p>\n<blockquote class=\"td_quote_box td_box_center\">\n<p><em>C\u2019est pourquoi aussi Dieu l\u2019a souverainement \u00e9lev\u00e9, et lui a donn\u00e9 le nom qui est au-dessus de tout nom, afin qu\u2019au nom de J\u00e9sus tout genou fl\u00e9chisse dans les cieux, sur la terre et sous la terre, et que toute langue confesse que J\u00e9sus-Christ est Seigneur, \u00e0 la gloire de Dieu le P\u00e8re. (Philippiens 2:9-11)<\/em><\/p>\n<\/blockquote>\n<p>Qui sont ceux sous la terre? Sous la terre se trouve le s\u00e9jour des morts. Dans tous les textes bibliques, quand il est \u00e9crit que quelqu\u2019un ailles dans le s\u00e9jour des morts, on dit qu\u2019il est abaiss\u00e9 jusqu\u2019au s\u00e9jour des morts, par exemple :<\/p>\n<blockquote class=\"td_quote_box td_box_center\">\n<p><em>Et toi, Caperna\u00fcm, qui a \u00e9t\u00e9 \u00e9lev\u00e9e jusqu\u2019au ciel, <strong>tu seras abaiss\u00e9e jusqu\u2019au s\u00e9jour des morts. <\/strong>(Luc 10:15)<\/em><\/p>\n<\/blockquote>\n<p>Le fait que le s\u00e9jour des morts se trouve sous la terre se confirme aussi par le texte du livre de Nombre, qui parle de la r\u00e9volte de Kor\u00e9 :<\/p>\n<blockquote class=\"td_quote_box td_box_center\">\n<p><em>L\u2019Eternel parla \u00e0 Mo\u00efse, et dit: Parle \u00e0 l\u2019assembl\u00e9e, et dis : Retirez-vous de toutes parts loin de la demeure de Kor\u00e9, de Dathan et d\u2019Abiram. Mo\u00efse se leva, et alla vers Dathan et Abiram; et les anciens d\u2019Isra\u00ebl le suivirent. Il parla \u00e0 l\u2019assembl\u00e9e, et dit : Eloignez-vous des tentes de ces m\u00e9chants hommes, et ne touchez \u00e0 rien de ce qui leur appartient, de peur que vous ne p\u00e9rissiez en m\u00eame temps qu\u2019ils seront punis pour tous leurs p\u00e9ch\u00e9s. Ils se retir\u00e8rent de toutes parts loin de la demeure de Kor\u00e9, de Dathan et d\u2019Abiram. Dathan et Abiram sortirent, et se tinrent \u00e0 l\u2019entr\u00e9e de leurs tentes, avec leurs femmes, leurs fils et leurs petits-enfants. Mo\u00efse dit: A ceci vous conna\u00eetrez que l\u2019Eternel m\u2019a envoy\u00e9 pour faire toutes ces choses, et que je n\u2019agis pas de moi-m\u00eame. Si ces gens meurent comme tous les hommes meurent, s\u2019ils subissent le sort commun \u00e0 tous les hommes, ce n\u2019est pas l\u2019Eternel qui m\u2019a envoy\u00e9; mais si l\u2019Eternel fait une chose inou\u00efe, <strong><span style=\"text-decoration: underline\">si la terre ouvre sa bouche pour les engloutir avec tout ce qui leur appartient, et qu\u2019ils descendent vivants dans le s\u00e9jour des morts<\/span><\/strong>, vous saurez alors que ces gens ont m\u00e9pris\u00e9 l\u2019Eternel. Comme il achevait de prononcer toutes ces paroles, la terre qui \u00e9tait sous eux se fendit. <strong><span style=\"text-decoration: underline\">La terre ouvrit sa bouche, et les engloutit, eux et leurs maisons, avec tous les gens de Kor\u00e9 et tous leurs biens. Ils descendirent vivants dans le s\u00e9jour des morts<\/span><\/strong>, eux et tout ce qui leur appartenait; la terre les recouvrit, et ils disparurent au milieu de l\u2019assembl\u00e9e. (Nombres 16:23-33)<\/em><\/p>\n<\/blockquote>\n<p>Ainsi, ceux qui sont sous la terre, qui n\u2019ont pas fl\u00e9chit le genou devant le Seigneur J\u00e9sus sont ceux du s\u00e9jour des morts, qui se trouvent sous la terre.<\/p>\n<p><em>L\u2019article a \u00e9t\u00e9 traduit par Irina Batin.<\/em><\/p><\/p>\n","protected":false},"excerpt":{"rendered":"<p>L\u2019article est \u00e9crit par Anastasia Filat Question: J\u2019ai une question concernant le verset 10 de Philippiens chapitre 2: pouvez vous me dire qui est concern\u00e9 dans le verset ? Voici le verset dans son contexte : C\u2019est pourquoi aussi Dieu l\u2019a souverainement \u00e9lev\u00e9, et lui a donn\u00e9 le nom qui est au-dessus de tout nom, [&hellip;]<\/p>\n","protected":false},"author":46,"featured_media":90546,"comment_status":"closed","ping_status":"closed","sticky":false,"template":"","format":"standard","meta":{"_acf_changed":false,"inline_featured_image":false,"_monsterinsights_skip_tracking":false,"_monsterinsights_sitenote_active":false,"_monsterinsights_sitenote_note":"","_monsterinsights_sitenote_category":0,"_genesis_hide_title":false,"_genesis_hide_breadcrumbs":false,"_genesis_hide_singular_image":false,"_genesis_hide_footer_widgets":false,"_genesis_custom_body_class":"","_genesis_custom_post_class":"","_genesis_layout":"","ep_exclude_from_search":false,"_jetpack_memberships_contains_paid_content":false,"footnotes":""},"categories":[138],"tags":[12292,12293],"class_list":{"0":"post-63199","1":"post","2":"type-post","3":"status-publish","4":"format-standard","5":"has-post-thumbnail","7":"category-societe","8":"tag-le-sejour-des-morts","9":"tag-sous-la-terre","10":"entry"},"acf":[],"yoast_head":"<!-- This site is optimized with the Yoast SEO Premium plugin v26.5 (Yoast SEO v27.4) - https:\/\/yoast.com\/product\/yoast-seo-premium-wordpress\/ -->\n<title>Le s\u00e9jour des morts se trouve sous la terre<\/title>\n<meta name=\"description\" content=\"Ceux qui sont sous la terre, qui n\u2019ont pas fl\u00e9chit le genou devant le Seigneur J\u00e9sus sont ceux du s\u00e9jour des morts, qui se trouvent sous la terre.\" \/>\n<meta name=\"robots\" content=\"index, follow, max-snippet:-1, max-image-preview:large, max-video-preview:-1\" \/>\n<link rel=\"canonical\" href=\"https:\/\/moldovacrestina.md\/fr\/ceux-qui-sont-sous-la-terre\/\" \/>\n<meta property=\"og:locale\" content=\"fr_FR\" \/>\n<meta property=\"og:type\" content=\"article\" \/>\n<meta property=\"og:title\" content=\"Qui sont ceux mentionn\u00e9s dans le texte de Philippiens 2:10?\" \/>\n<meta property=\"og:description\" content=\"Ceux qui sont sous la terre, qui n\u2019ont pas fl\u00e9chit le genou devant le Seigneur J\u00e9sus sont ceux du s\u00e9jour des morts, qui se trouvent sous la terre.\" \/>\n<meta property=\"og:url\" content=\"https:\/\/moldovacrestina.md\/fr\/ceux-qui-sont-sous-la-terre\/\" \/>\n<meta property=\"og:site_name\" content=\"Moldova Cre\u0219tin\u0103\" \/>\n<meta property=\"article:publisher\" content=\"https:\/\/www.facebook.com\/moldovacrestina\/\" \/>\n<meta property=\"article:published_time\" content=\"2011-10-28T06:58:51+00:00\" \/>\n<meta property=\"article:modified_time\" content=\"2016-03-03T14:35:12+00:00\" \/>\n<meta property=\"og:image\" content=\"https:\/\/cdn.moldovacrestina.md\/2011\/10\/images-7.jpg\" \/>\n\t<meta property=\"og:image:width\" content=\"394\" \/>\n\t<meta property=\"og:image:height\" content=\"128\" \/>\n\t<meta property=\"og:image:type\" content=\"image\/jpeg\" \/>\n<meta name=\"author\" content=\"Vasile Filat\" \/>\n<meta name=\"twitter:card\" content=\"summary_large_image\" \/>\n<meta name=\"twitter:creator\" content=\"@moldovacrestina\" \/>\n<meta name=\"twitter:site\" content=\"@moldovacrestina\" \/>\n<meta name=\"twitter:label1\" content=\"\u00c9crit par\" \/>\n\t<meta name=\"twitter:data1\" content=\"Vasile Filat\" \/>\n\t<meta name=\"twitter:label2\" content=\"Dur\u00e9e de lecture estim\u00e9e\" \/>\n\t<meta name=\"twitter:data2\" content=\"3 minutes\" \/>\n<script type=\"application\/ld+json\" class=\"yoast-schema-graph\">{\"@context\":\"https:\\\/\\\/schema.org\",\"@graph\":[{\"@type\":\"Article\",\"@id\":\"https:\\\/\\\/moldovacrestina.md\\\/fr\\\/ceux-qui-sont-sous-la-terre\\\/#article\",\"isPartOf\":{\"@id\":\"https:\\\/\\\/moldovacrestina.md\\\/fr\\\/ceux-qui-sont-sous-la-terre\\\/\"},\"author\":{\"name\":\"Vasile Filat\",\"@id\":\"https:\\\/\\\/moldovacrestina.md\\\/fr\\\/#\\\/schema\\\/person\\\/04b204bbb582cc832c3d2424f5d27dc0\"},\"headline\":\"Qui sont ceux mentionn\u00e9s dans le texte de Philippiens 2:10?\",\"datePublished\":\"2011-10-28T06:58:51+00:00\",\"dateModified\":\"2016-03-03T14:35:12+00:00\",\"mainEntityOfPage\":{\"@id\":\"https:\\\/\\\/moldovacrestina.md\\\/fr\\\/ceux-qui-sont-sous-la-terre\\\/\"},\"wordCount\":552,\"image\":{\"@id\":\"https:\\\/\\\/moldovacrestina.md\\\/fr\\\/ceux-qui-sont-sous-la-terre\\\/#primaryimage\"},\"thumbnailUrl\":\"https:\\\/\\\/moldovacrestina.md\\\/wp-content\\\/uploads\\\/2011\\\/10\\\/images-7.jpg\",\"keywords\":[\"le s\u00e9jour des morts\",\"sous la terre\"],\"articleSection\":[\"Soci\u00e9t\u00e9\"],\"inLanguage\":\"fr-FR\"},{\"@type\":\"WebPage\",\"@id\":\"https:\\\/\\\/moldovacrestina.md\\\/fr\\\/ceux-qui-sont-sous-la-terre\\\/\",\"url\":\"https:\\\/\\\/moldovacrestina.md\\\/fr\\\/ceux-qui-sont-sous-la-terre\\\/\",\"name\":\"Le s\u00e9jour des morts se trouve sous la terre\",\"isPartOf\":{\"@id\":\"https:\\\/\\\/moldovacrestina.md\\\/fr\\\/#website\"},\"primaryImageOfPage\":{\"@id\":\"https:\\\/\\\/moldovacrestina.md\\\/fr\\\/ceux-qui-sont-sous-la-terre\\\/#primaryimage\"},\"image\":{\"@id\":\"https:\\\/\\\/moldovacrestina.md\\\/fr\\\/ceux-qui-sont-sous-la-terre\\\/#primaryimage\"},\"thumbnailUrl\":\"https:\\\/\\\/moldovacrestina.md\\\/wp-content\\\/uploads\\\/2011\\\/10\\\/images-7.jpg\",\"datePublished\":\"2011-10-28T06:58:51+00:00\",\"dateModified\":\"2016-03-03T14:35:12+00:00\",\"author\":{\"@id\":\"https:\\\/\\\/moldovacrestina.md\\\/fr\\\/#\\\/schema\\\/person\\\/04b204bbb582cc832c3d2424f5d27dc0\"},\"description\":\"Ceux qui sont sous la terre, qui n\u2019ont pas fl\u00e9chit le genou devant le Seigneur J\u00e9sus sont ceux du s\u00e9jour des morts, qui se trouvent sous la terre.\",\"breadcrumb\":{\"@id\":\"https:\\\/\\\/moldovacrestina.md\\\/fr\\\/ceux-qui-sont-sous-la-terre\\\/#breadcrumb\"},\"inLanguage\":\"fr-FR\",\"potentialAction\":[{\"@type\":\"ReadAction\",\"target\":[\"https:\\\/\\\/moldovacrestina.md\\\/fr\\\/ceux-qui-sont-sous-la-terre\\\/\"]}]},{\"@type\":\"ImageObject\",\"inLanguage\":\"fr-FR\",\"@id\":\"https:\\\/\\\/moldovacrestina.md\\\/fr\\\/ceux-qui-sont-sous-la-terre\\\/#primaryimage\",\"url\":\"https:\\\/\\\/moldovacrestina.md\\\/wp-content\\\/uploads\\\/2011\\\/10\\\/images-7.jpg\",\"contentUrl\":\"https:\\\/\\\/moldovacrestina.md\\\/wp-content\\\/uploads\\\/2011\\\/10\\\/images-7.jpg\",\"width\":394,\"height\":128},{\"@type\":\"BreadcrumbList\",\"@id\":\"https:\\\/\\\/moldovacrestina.md\\\/fr\\\/ceux-qui-sont-sous-la-terre\\\/#breadcrumb\",\"itemListElement\":[{\"@type\":\"ListItem\",\"position\":1,\"name\":\"Prima pagin\u0103\",\"item\":\"https:\\\/\\\/moldovacrestina.md\\\/fr\\\/\"},{\"@type\":\"ListItem\",\"position\":2,\"name\":\"Soci\u00e9t\u00e9\",\"item\":\"https:\\\/\\\/moldovacrestina.md\\\/fr\\\/\\\/societe\\\/\"},{\"@type\":\"ListItem\",\"position\":3,\"name\":\"Qui sont ceux mentionn\u00e9s dans le texte de Philippiens 2:10?\"}]},{\"@type\":\"WebSite\",\"@id\":\"https:\\\/\\\/moldovacrestina.md\\\/fr\\\/#website\",\"url\":\"https:\\\/\\\/moldovacrestina.md\\\/fr\\\/\",\"name\":\"Moldova Cre\u0219tin\u0103\",\"description\":\"R\u0103spunsuri relevante \u0219i actuale din Biblie\",\"potentialAction\":[{\"@type\":\"SearchAction\",\"target\":{\"@type\":\"EntryPoint\",\"urlTemplate\":\"https:\\\/\\\/moldovacrestina.md\\\/fr\\\/?s={search_term_string}\"},\"query-input\":{\"@type\":\"PropertyValueSpecification\",\"valueRequired\":true,\"valueName\":\"search_term_string\"}}],\"inLanguage\":\"fr-FR\"},{\"@type\":\"Person\",\"@id\":\"https:\\\/\\\/moldovacrestina.md\\\/fr\\\/#\\\/schema\\\/person\\\/04b204bbb582cc832c3d2424f5d27dc0\",\"name\":\"Vasile Filat\",\"image\":{\"@type\":\"ImageObject\",\"inLanguage\":\"fr-FR\",\"@id\":\"https:\\\/\\\/secure.gravatar.com\\\/avatar\\\/2e02d082d139dd6eb634318c9cf2c3a8281db62f24f87a134adb4f2020e77ab3?s=96&d=mm&r=g\",\"url\":\"https:\\\/\\\/secure.gravatar.com\\\/avatar\\\/2e02d082d139dd6eb634318c9cf2c3a8281db62f24f87a134adb4f2020e77ab3?s=96&d=mm&r=g\",\"contentUrl\":\"https:\\\/\\\/secure.gravatar.com\\\/avatar\\\/2e02d082d139dd6eb634318c9cf2c3a8281db62f24f87a134adb4f2020e77ab3?s=96&d=mm&r=g\",\"caption\":\"Vasile Filat\"},\"description\":\"P\u0103storesc\u00a0Biserica Bunavestire din Chi\u0219in\u0103u, predau Cuv\u00e2ntul lui Dumnezeu la\u00a0Institutul de Studiu Biblic Inductiv din Eurasia\u00a0\u0219i conduc\u00a0Asocia\u021bia \\\"\u00cenv\u0103\u021b\u0103tur\u0103 din Cuv\u00e2nt - Precept Ministries\\\" din Moldova. \u00cempreun\u0103 cu so\u021bia mea\u00a0Anastasia, avem trei copii. Din Aprilie 2007 am oferit r\u0103spunsuri din Biblie pe acest site la \u00eentreb\u0103ri adresate de cititori. Mai mult despre mine citi\u021bi\u00a0aici.\",\"url\":\"https:\\\/\\\/moldovacrestina.md\\\/fr\\\/author\\\/vasile-filat\\\/\"}]}<\/script>\n<!-- \/ Yoast SEO Premium plugin. -->","yoast_head_json":{"title":"Le s\u00e9jour des morts se trouve sous la terre","description":"Ceux qui sont sous la terre, qui n\u2019ont pas fl\u00e9chit le genou devant le Seigneur J\u00e9sus sont ceux du s\u00e9jour des morts, qui se trouvent sous la terre.","robots":{"index":"index","follow":"follow","max-snippet":"max-snippet:-1","max-image-preview":"max-image-preview:large","max-video-preview":"max-video-preview:-1"},"canonical":"https:\/\/moldovacrestina.md\/fr\/ceux-qui-sont-sous-la-terre\/","og_locale":"fr_FR","og_type":"article","og_title":"Qui sont ceux mentionn\u00e9s dans le texte de Philippiens 2:10?","og_description":"Ceux qui sont sous la terre, qui n\u2019ont pas fl\u00e9chit le genou devant le Seigneur J\u00e9sus sont ceux du s\u00e9jour des morts, qui se trouvent sous la terre.","og_url":"https:\/\/moldovacrestina.md\/fr\/ceux-qui-sont-sous-la-terre\/","og_site_name":"Moldova Cre\u0219tin\u0103","article_publisher":"https:\/\/www.facebook.com\/moldovacrestina\/","article_published_time":"2011-10-28T06:58:51+00:00","article_modified_time":"2016-03-03T14:35:12+00:00","og_image":[{"width":394,"height":128,"url":"https:\/\/cdn.moldovacrestina.md\/2011\/10\/images-7.jpg","type":"image\/jpeg"}],"author":"Vasile Filat","twitter_card":"summary_large_image","twitter_creator":"@moldovacrestina","twitter_site":"@moldovacrestina","twitter_misc":{"\u00c9crit par":"Vasile Filat","Dur\u00e9e de lecture estim\u00e9e":"3 minutes"},"schema":{"@context":"https:\/\/schema.org","@graph":[{"@type":"Article","@id":"https:\/\/moldovacrestina.md\/fr\/ceux-qui-sont-sous-la-terre\/#article","isPartOf":{"@id":"https:\/\/moldovacrestina.md\/fr\/ceux-qui-sont-sous-la-terre\/"},"author":{"name":"Vasile Filat","@id":"https:\/\/moldovacrestina.md\/fr\/#\/schema\/person\/04b204bbb582cc832c3d2424f5d27dc0"},"headline":"Qui sont ceux mentionn\u00e9s dans le texte de Philippiens 2:10?","datePublished":"2011-10-28T06:58:51+00:00","dateModified":"2016-03-03T14:35:12+00:00","mainEntityOfPage":{"@id":"https:\/\/moldovacrestina.md\/fr\/ceux-qui-sont-sous-la-terre\/"},"wordCount":552,"image":{"@id":"https:\/\/moldovacrestina.md\/fr\/ceux-qui-sont-sous-la-terre\/#primaryimage"},"thumbnailUrl":"https:\/\/moldovacrestina.md\/wp-content\/uploads\/2011\/10\/images-7.jpg","keywords":["le s\u00e9jour des morts","sous la terre"],"articleSection":["Soci\u00e9t\u00e9"],"inLanguage":"fr-FR"},{"@type":"WebPage","@id":"https:\/\/moldovacrestina.md\/fr\/ceux-qui-sont-sous-la-terre\/","url":"https:\/\/moldovacrestina.md\/fr\/ceux-qui-sont-sous-la-terre\/","name":"Le s\u00e9jour des morts se trouve sous la terre","isPartOf":{"@id":"https:\/\/moldovacrestina.md\/fr\/#website"},"primaryImageOfPage":{"@id":"https:\/\/moldovacrestina.md\/fr\/ceux-qui-sont-sous-la-terre\/#primaryimage"},"image":{"@id":"https:\/\/moldovacrestina.md\/fr\/ceux-qui-sont-sous-la-terre\/#primaryimage"},"thumbnailUrl":"https:\/\/moldovacrestina.md\/wp-content\/uploads\/2011\/10\/images-7.jpg","datePublished":"2011-10-28T06:58:51+00:00","dateModified":"2016-03-03T14:35:12+00:00","author":{"@id":"https:\/\/moldovacrestina.md\/fr\/#\/schema\/person\/04b204bbb582cc832c3d2424f5d27dc0"},"description":"Ceux qui sont sous la terre, qui n\u2019ont pas fl\u00e9chit le genou devant le Seigneur J\u00e9sus sont ceux du s\u00e9jour des morts, qui se trouvent sous la terre.","breadcrumb":{"@id":"https:\/\/moldovacrestina.md\/fr\/ceux-qui-sont-sous-la-terre\/#breadcrumb"},"inLanguage":"fr-FR","potentialAction":[{"@type":"ReadAction","target":["https:\/\/moldovacrestina.md\/fr\/ceux-qui-sont-sous-la-terre\/"]}]},{"@type":"ImageObject","inLanguage":"fr-FR","@id":"https:\/\/moldovacrestina.md\/fr\/ceux-qui-sont-sous-la-terre\/#primaryimage","url":"https:\/\/moldovacrestina.md\/wp-content\/uploads\/2011\/10\/images-7.jpg","contentUrl":"https:\/\/moldovacrestina.md\/wp-content\/uploads\/2011\/10\/images-7.jpg","width":394,"height":128},{"@type":"BreadcrumbList","@id":"https:\/\/moldovacrestina.md\/fr\/ceux-qui-sont-sous-la-terre\/#breadcrumb","itemListElement":[{"@type":"ListItem","position":1,"name":"Prima pagin\u0103","item":"https:\/\/moldovacrestina.md\/fr\/"},{"@type":"ListItem","position":2,"name":"Soci\u00e9t\u00e9","item":"https:\/\/moldovacrestina.md\/fr\/\/societe\/"},{"@type":"ListItem","position":3,"name":"Qui sont ceux mentionn\u00e9s dans le texte de Philippiens 2:10?"}]},{"@type":"WebSite","@id":"https:\/\/moldovacrestina.md\/fr\/#website","url":"https:\/\/moldovacrestina.md\/fr\/","name":"Moldova Cre\u0219tin\u0103","description":"R\u0103spunsuri relevante \u0219i actuale din Biblie","potentialAction":[{"@type":"SearchAction","target":{"@type":"EntryPoint","urlTemplate":"https:\/\/moldovacrestina.md\/fr\/?s={search_term_string}"},"query-input":{"@type":"PropertyValueSpecification","valueRequired":true,"valueName":"search_term_string"}}],"inLanguage":"fr-FR"},{"@type":"Person","@id":"https:\/\/moldovacrestina.md\/fr\/#\/schema\/person\/04b204bbb582cc832c3d2424f5d27dc0","name":"Vasile Filat","image":{"@type":"ImageObject","inLanguage":"fr-FR","@id":"https:\/\/secure.gravatar.com\/avatar\/2e02d082d139dd6eb634318c9cf2c3a8281db62f24f87a134adb4f2020e77ab3?s=96&d=mm&r=g","url":"https:\/\/secure.gravatar.com\/avatar\/2e02d082d139dd6eb634318c9cf2c3a8281db62f24f87a134adb4f2020e77ab3?s=96&d=mm&r=g","contentUrl":"https:\/\/secure.gravatar.com\/avatar\/2e02d082d139dd6eb634318c9cf2c3a8281db62f24f87a134adb4f2020e77ab3?s=96&d=mm&r=g","caption":"Vasile Filat"},"description":"P\u0103storesc\u00a0Biserica Bunavestire din Chi\u0219in\u0103u, predau Cuv\u00e2ntul lui Dumnezeu la\u00a0Institutul de Studiu Biblic Inductiv din Eurasia\u00a0\u0219i conduc\u00a0Asocia\u021bia \"\u00cenv\u0103\u021b\u0103tur\u0103 din Cuv\u00e2nt - Precept Ministries\" din Moldova. \u00cempreun\u0103 cu so\u021bia mea\u00a0Anastasia, avem trei copii. Din Aprilie 2007 am oferit r\u0103spunsuri din Biblie pe acest site la \u00eentreb\u0103ri adresate de cititori. Mai mult despre mine citi\u021bi\u00a0aici.","url":"https:\/\/moldovacrestina.md\/fr\/author\/vasile-filat\/"}]}},"jetpack_featured_media_url":"https:\/\/moldovacrestina.md\/wp-content\/uploads\/2011\/10\/images-7.jpg","video_meta":false,"featured_image":"https:\/\/moldovacrestina.md\/wp-content\/uploads\/2011\/10\/images-7.jpg","wpml":{"language_code":"fr","locale":"fr_FR","text_direction":false,"display_name":"Fran\u00e7ais","native_name":"Francez\u0103","different_language":false},"jetpack-related-posts":[{"id":363051,"url":"https:\/\/moldovacrestina.md\/nu-va-strangeti-comori-pe-pamant\/","url_meta":{"origin":63199,"position":0},"title":"Nu v\u0103 str\u00e2nge\u0163i comori pe p\u0103m\u00e2nt","author":"Vasile Filat","date":"30 juin 2025","format":false,"excerpt":"Nu v\u0103 str\u00e2nge\u0163i comori pe p\u0103m\u00e2nt, unde le m\u0103n\u00e2nc\u0103 moliile \u0219i rugina \u0219i unde le sap\u0103 \u0219i le fur\u0103 ho\u0163ii; ci str\u00e2nge\u0163i-v\u0103 comori \u00een cer, unde nu le m\u0103n\u00e2nc\u0103 moliile \u0219i rugina \u0219i unde ho\u0163ii nu le sap\u0103, nici nu le fur\u0103. Pentru c\u0103 unde este comoara voastr\u0103, acolo va\u2026","rel":"","context":"<span class=\"jp-relatedposts-post-author\">Vasile Filat<\/span>","block_context":{"text":"MCTV","link":"https:\/\/moldovacrestina.md\/mctv\/"},"img":{"alt_text":"","src":"https:\/\/i0.wp.com\/cdn.moldovacrestina.md\/2025\/06\/37bfde08-jhxbg90vu-c.jpg?resize=350%2C200&ssl=1","width":350,"height":200,"srcset":"https:\/\/i0.wp.com\/cdn.moldovacrestina.md\/2025\/06\/37bfde08-jhxbg90vu-c.jpg?resize=350%2C200&ssl=1 1x, https:\/\/i0.wp.com\/cdn.moldovacrestina.md\/2025\/06\/37bfde08-jhxbg90vu-c.jpg?resize=525%2C300&ssl=1 1.5x, https:\/\/i0.wp.com\/cdn.moldovacrestina.md\/2025\/06\/37bfde08-jhxbg90vu-c.jpg?resize=700%2C400&ssl=1 2x, https:\/\/i0.wp.com\/cdn.moldovacrestina.md\/2025\/06\/37bfde08-jhxbg90vu-c.jpg?resize=1050%2C600&ssl=1 3x"},"classes":[]},{"id":363310,"url":"https:\/\/moldovacrestina.md\/nici-la-moartea-parintilor-nu-va-oferi-mancare-cuiva\/","url_meta":{"origin":63199,"position":1},"title":"Nici la moartea p\u0103rin\u021bilor nu va oferi m\u00e2ncare cuiva\u2026","author":"Moldova Cre\u0219tin\u0103","date":"25 juillet 2025","format":false,"excerpt":"\u00ceNTREBARE: Pace, frate! Am \u0219i eu o nedumerire. M\u0103 contraziceam cu tata: \u00een caz de o \u00eenmorm\u00e2ntare, eu am zis c\u0103 nu a\u0219 da nici m\u0103car pr\u0103jituri \u0219i nici suc. Am zis doar ap\u0103, ca s\u0103 nu \u00eei fie cuiva sete. Tata mi-a zis s\u0103 vorbesc cu un predicator poc\u0103it\u2026","rel":"","context":"<span class=\"jp-relatedposts-post-author\">Moldova Cre\u0219tin\u0103<\/span>","block_context":{"text":"MCTV","link":"https:\/\/moldovacrestina.md\/mctv\/"},"img":{"alt_text":"","src":"https:\/\/i0.wp.com\/cdn.moldovacrestina.md\/2025\/07\/ba7ab153-h1zvfmsmux8.jpg?resize=350%2C200&ssl=1","width":350,"height":200,"srcset":"https:\/\/i0.wp.com\/cdn.moldovacrestina.md\/2025\/07\/ba7ab153-h1zvfmsmux8.jpg?resize=350%2C200&ssl=1 1x, https:\/\/i0.wp.com\/cdn.moldovacrestina.md\/2025\/07\/ba7ab153-h1zvfmsmux8.jpg?resize=525%2C300&ssl=1 1.5x, https:\/\/i0.wp.com\/cdn.moldovacrestina.md\/2025\/07\/ba7ab153-h1zvfmsmux8.jpg?resize=700%2C400&ssl=1 2x, https:\/\/i0.wp.com\/cdn.moldovacrestina.md\/2025\/07\/ba7ab153-h1zvfmsmux8.jpg?resize=1050%2C600&ssl=1 3x"},"classes":[]},{"id":365337,"url":"https:\/\/moldovacrestina.md\/cum-sa-te-bucuri-de-avere-fara-sa-cazi-in-lux-si-risipa-pastor-vasile-filat\/","url_meta":{"origin":63199,"position":2},"title":"Cum s\u0103 te bucuri de avere f\u0103r\u0103 s\u0103 cazi \u00een lux \u0219i risip\u0103? | Pastor Vasile Filat","author":"Moldova Cre\u0219tin\u0103","date":"29 avril 2026","format":false,"excerpt":"Biblia nu condamn\u0103 bog\u0103\u021bia, ci inima care se leag\u0103 de ea. \u00cen acest mesaj, Pastorul Vasile Filat explic\u0103 din Scriptur\u0103 cum \u00eei \u00eenva\u021b\u0103 Dumnezeu pe boga\u021bii veacului acestuia s\u0103 fie genero\u0219i, s\u0103 fac\u0103 bine \u0219i, \u00een acela\u0219i timp, s\u0103 se bucure de ceea ce El le-a dat \u2014 f\u0103r\u0103 a\u2026","rel":"","context":"<span class=\"jp-relatedposts-post-author\">Moldova Cre\u0219tin\u0103<\/span>","block_context":{"text":"MCTV","link":"https:\/\/moldovacrestina.md\/mctv\/"},"img":{"alt_text":"","src":"https:\/\/i0.wp.com\/cdn.moldovacrestina.md\/2026\/04\/75dfc91a-305_ass0atm.jpg?resize=350%2C200&ssl=1","width":350,"height":200,"srcset":"https:\/\/i0.wp.com\/cdn.moldovacrestina.md\/2026\/04\/75dfc91a-305_ass0atm.jpg?resize=350%2C200&ssl=1 1x, https:\/\/i0.wp.com\/cdn.moldovacrestina.md\/2026\/04\/75dfc91a-305_ass0atm.jpg?resize=525%2C300&ssl=1 1.5x, https:\/\/i0.wp.com\/cdn.moldovacrestina.md\/2026\/04\/75dfc91a-305_ass0atm.jpg?resize=700%2C400&ssl=1 2x, https:\/\/i0.wp.com\/cdn.moldovacrestina.md\/2026\/04\/75dfc91a-305_ass0atm.jpg?resize=1050%2C600&ssl=1 3x"},"classes":[]},{"id":102084,"url":"https:\/\/moldovacrestina.md\/ru\/video-kak-postupat-khristianinu-spor\/","url_meta":{"origin":63199,"position":3},"title":"(\u0412\u0418\u0414\u0415\u041e) \u041a\u0430\u043a \u043f\u043e\u0441\u0442\u0443\u043f\u0430\u0442\u044c \u0445\u0440\u0438\u0441\u0442\u0438\u0430\u043d\u0438\u043d\u0443-\u0441\u043f\u043e\u0440\u0442\u0441\u043c\u0435\u043d\u0443 \u0438\u043b\u0438 \u0442\u0440\u0435\u043d\u0435\u0440\u0443, \u043a\u043e\u0433\u0434\u0430 \u0441\u043e\u0440\u0435\u0432\u043d\u043e\u0432\u0430\u043d\u0438\u044f \u043f\u0440\u043e\u0445\u043e\u0434\u044f\u0442 \u0432 \u0432\u043e\u0441\u043a\u0440\u0435\u0441\u0435\u043d\u044c\u0435?","author":"Vasile Filat","date":"17 ao\u00fbt 2016","format":false,"excerpt":"\u00a0 \u041f\u0440\u043e\u0432\u0435\u0434\u0438\u0442\u0435 \u043f\u043e\u043a\u043b\u043e\u043d\u0435\u043d\u0438\u0435 \u0442\u0430\u043c \u0441 \u043a\u043e\u043c\u0430\u043d\u0434\u043e\u0439. \u041f\u043e\u0434\u0443\u043c\u0430\u0439\u0442\u0435 \u043e \u0442\u043e\u043c, \u0447\u0442\u043e\u0431\u044b \u043f\u0440\u043e\u0432\u0435\u0441\u0442\u0438 \u0441\u043b\u0443\u0436\u0435\u043d\u0438\u0435 \u0442\u0430\u043c, \u0433\u0434\u0435 \u0432\u044b \u043d\u0430\u0445\u043e\u0434\u0438\u0442\u0435\u0441\u044c \u043f\u0435\u0440\u0435\u0434 \u0441\u043e\u0440\u0435\u0432\u043d\u043e\u0432\u0430\u043d\u0438\u044f\u043c\u0438, \u043f\u0435\u0440\u0435\u0434 \u0442\u0440\u0435\u043d\u0438\u0440\u043e\u0432\u043a\u043e\u0439. \u041f\u043e\u0434\u0443\u043c\u0430\u0439\u0442\u0435 \u043e \u0442\u043e\u043c, \u0447\u0442\u043e \u0443 \u0432\u0430\u0441 \u0435\u0441\u0442\u044c \u043f\u0440\u0435\u043a\u0440\u0430\u0441\u043d\u0430\u044f \u0432\u043e\u0437\u043c\u043e\u0436\u043d\u043e\u0441\u0442\u044c \u043f\u0440\u043e\u043f\u043e\u0432\u0435\u0434\u043e\u0432\u0430\u0442\u044c \u0415\u0432\u0430\u043d\u0433\u0435\u043b\u0438\u0435. \u00a0 [fbvideo link=\"https:\/\/www.facebook.com\/pastor.vasile.filat\/videos\/1759336784345002\/\" width=\"668\" height=\"430.40\" onlyvideo=\"1\"]","rel":"","context":"<span class=\"jp-relatedposts-post-author\">Vasile Filat<\/span>","block_context":{"text":"\u041e\u0442\u0432\u0435\u0442\u044b \u0438\u0437 \u0411\u0438\u0431\u043b\u0438\u0438","link":"https:\/\/moldovacrestina.md\/ru\/otvety-iz-biblii-ru\/"},"img":{"alt_text":"","src":"","width":0,"height":0},"classes":[]},{"id":361261,"url":"https:\/\/moldovacrestina.md\/probleme-necazuri-si-ciori-care-se-tin-dupa-tine-vasile-filat\/","url_meta":{"origin":63199,"position":4},"title":"Probleme, necazuri \u0219i ciori care se \u021bin dup\u0103 tine\u2026 &#8211; Vasile Filat","author":"Vasile Filat","date":"1 novembre 2024","format":false,"excerpt":"\u00ceNTREBAREA: P\u0103rinte, de mul\u021bi ani m\u0103 confrunt numai cu necazuri \u0219i probleme. Nu doar asta, dar \u00een fiecare zi sunt \u0219i ciori care se \u021bin dup\u0103 mine \u0219i simt c\u0103 nimic nu m\u0103 mai mul\u021bume\u0219te. Vreau s\u0103 \u0219tiu care ar fi problema? Simt c\u0103 nu mai pot. Mul\u021bumesc din suflet.\u2026","rel":"","context":"<span class=\"jp-relatedposts-post-author\">Vasile Filat<\/span>","block_context":{"text":"Doctrine","link":"https:\/\/moldovacrestina.md\/doctrine\/"},"img":{"alt_text":"","src":"https:\/\/i0.wp.com\/cdn.moldovacrestina.md\/2024\/11\/56a16de6-screenshot-2024-11-01-at-09.20.42.png?resize=350%2C200&ssl=1","width":350,"height":200,"srcset":"https:\/\/i0.wp.com\/cdn.moldovacrestina.md\/2024\/11\/56a16de6-screenshot-2024-11-01-at-09.20.42.png?resize=350%2C200&ssl=1 1x, https:\/\/i0.wp.com\/cdn.moldovacrestina.md\/2024\/11\/56a16de6-screenshot-2024-11-01-at-09.20.42.png?resize=525%2C300&ssl=1 1.5x, https:\/\/i0.wp.com\/cdn.moldovacrestina.md\/2024\/11\/56a16de6-screenshot-2024-11-01-at-09.20.42.png?resize=700%2C400&ssl=1 2x, https:\/\/i0.wp.com\/cdn.moldovacrestina.md\/2024\/11\/56a16de6-screenshot-2024-11-01-at-09.20.42.png?resize=1050%2C600&ssl=1 3x, https:\/\/i0.wp.com\/cdn.moldovacrestina.md\/2024\/11\/56a16de6-screenshot-2024-11-01-at-09.20.42.png?resize=1400%2C800&ssl=1 4x"},"classes":[]}],"jetpack_sharing_enabled":true,"_links":{"self":[{"href":"https:\/\/moldovacrestina.md\/fr\/wp-json\/wp\/v2\/posts\/63199","targetHints":{"allow":["GET"]}}],"collection":[{"href":"https:\/\/moldovacrestina.md\/fr\/wp-json\/wp\/v2\/posts"}],"about":[{"href":"https:\/\/moldovacrestina.md\/fr\/wp-json\/wp\/v2\/types\/post"}],"author":[{"embeddable":true,"href":"https:\/\/moldovacrestina.md\/fr\/wp-json\/wp\/v2\/users\/46"}],"replies":[{"embeddable":true,"href":"https:\/\/moldovacrestina.md\/fr\/wp-json\/wp\/v2\/comments?post=63199"}],"version-history":[{"count":0,"href":"https:\/\/moldovacrestina.md\/fr\/wp-json\/wp\/v2\/posts\/63199\/revisions"}],"wp:featuredmedia":[{"embeddable":true,"href":"https:\/\/moldovacrestina.md\/fr\/wp-json\/wp\/v2\/media\/90546"}],"wp:attachment":[{"href":"https:\/\/moldovacrestina.md\/fr\/wp-json\/wp\/v2\/media?parent=63199"}],"wp:term":[{"taxonomy":"category","embeddable":true,"href":"https:\/\/moldovacrestina.md\/fr\/wp-json\/wp\/v2\/categories?post=63199"},{"taxonomy":"post_tag","embeddable":true,"href":"https:\/\/moldovacrestina.md\/fr\/wp-json\/wp\/v2\/tags?post=63199"}],"curies":[{"name":"wp","href":"https:\/\/api.w.org\/{rel}","templated":true}]}}