{"id":62970,"date":"2013-03-21T07:01:42","date_gmt":"2013-03-21T05:01:42","guid":{"rendered":"https:\/\/moldovacrestina.md\/bible-sur-apathie-indifference"},"modified":"2017-05-03T18:44:30","modified_gmt":"2017-05-03T16:44:30","slug":"bible-sur-apathie-indifference","status":"publish","type":"post","link":"https:\/\/moldovacrestina.md\/fr\/bible-sur-apathie-indifference\/","title":{"rendered":"Que dit la Bible sur l\u2019apathie ?"},"content":{"rendered":"<p>Question:<\/p>\n<blockquote class=\"td_quote_box td_box_center\"><p>Que dit la Bible sur l\u2019apathie donc l\u2019indiff\u00e9rence de la situation de votre futur\u00a0?<\/p><\/blockquote>\n<p><img loading=\"lazy\" decoding=\"async\" class=\"alignnone wp-image-98348 size-full\" src=\"https:\/\/cdn.moldovacrestina.md\/2013\/03\/bored-woman-612x320.jpg\" alt=\"Que dit la Bible sur l\u2019apathie ?\" width=\"612\" height=\"320\" \/>Il y a tant de jeunes apathiques de nos jours, ils sont indiff\u00e9rentes de leur future et du future en g\u00e9n\u00e9ral.<\/p>\n<p>Le dictionnaire nous donne la d\u00e9finition suivante pour le mot apathie\u00a0:<\/p>\n<blockquote class=\"td_quote_box td_box_center\"><p>APATHIE \u2013 indolence ou indiff\u00e9rence de quelqu\u2019un pouss\u00e9e jusqu\u2019\u00e0 l\u2019insensibilit\u00e9 compl\u00e8te\u00a0; nonchalance, inertie. Lenteur \u00e0 agir ou \u00e0 r\u00e9agir, passivit\u00e9, inertie d\u2019un group, de l\u2019\u00e9conomie, etc.<\/p><\/blockquote>\n<p>L\u2019apathie, ou l\u2019\u00e9tat d\u2019indiff\u00e9rence pour aucune activit\u00e9 et notamment pour le future est caract\u00e9ristique pas seulement pour les jeunes. Voyons que nous dit Dieu dans les Ecritures concernant cet \u00e9tat.<\/p>\n<h2><strong>L\u2019apathie est la s\u00e9curit\u00e9 des insens\u00e9s<\/strong><\/h2>\n<p>Dans le livre des Proverbes, l\u2019empereur Salomon d\u00e9crit les qualifications pour l\u2019apathie. Tout ce livre est adress\u00e9 aux jeunes. D\u00e8s le premier chapitre, il exhorte les jeunes \u00e0 quitter l\u2019apathie et de prendre garde \u00e0 la Parole de Dieu. Dans la deuxi\u00e8me partie du chapitre 1 du livre des Proverbes, l\u2019auteur fait usage d\u2019une personnification et nous pr\u00e9sente le cri d\u00e9sesp\u00e9r\u00e9 de la sagesse et il demande aux apathiques\u00a0d\u2019avoir de la sagesse :<\/p>\n<blockquote class=\"td_quote_box td_box_center\"><p>La sagesse crie dans les rues, Elle \u00e9l\u00e8ve sa voix dans les places : Elle crie \u00e0 l\u2019entr\u00e9e des lieux bruyants; Aux portes, dans la ville, elle fait entendre ses paroles : Jusqu\u2019\u00e0 quand, stupides, aimerez-vous la stupidit\u00e9 ? Jusqu\u2019\u00e0 quand les moqueurs se plairont-ils \u00e0 la moquerie, Et les insens\u00e9s ha\u00efront-ils la science ? Tournez-vous pour \u00e9couter mes r\u00e9primandes ! Voici, je r\u00e9pandrai sur vous mon esprit, Je vous ferai conna\u00eetre mes paroles\u2026 (Proverbes 1\u00a0:20-23)<\/p><\/blockquote>\n<p>Mais, puisque ils ne voulaient pas tenir compte, la sagesse leur met en garde contre les cons\u00e9quences qui peuvent arriver pour les apathiques\u2026<\/p>\n<blockquote class=\"td_quote_box td_box_center\"><p>Puisque j\u2019appelle et que vous r\u00e9sistez, Puisque j\u2019\u00e9tends ma main et que personne n\u2019y prend garde, Puisque vous rejetez tous mes conseils, Et que vous n\u2019aimez pas mes r\u00e9primandes, Moi aussi, je rirai quand vous serez dans le malheur, Je me moquerai quand la terreur vous saisira, Quand la terreur vous saisira comme une temp\u00eate, Et que le malheur vous enveloppera comme un tourbillon, Quand la d\u00e9tresse et l\u2019angoisse fondront sur vous. Alors ils m\u2019appelleront, Et je ne r\u00e9pondrai pas; Ils me chercheront, et ils ne me trouveront pas. (Proverbes 1\u00a0:24-28)<\/p><\/blockquote>\n<p>Puis, l\u2019auteur montre quelles sont les causes de l\u2019apathie aux jeunes \u2026<\/p>\n<blockquote class=\"td_quote_box td_box_center\"><p>Parce qu\u2019ils ont ha\u00ef la science, Et qu\u2019ils n\u2019ont pas choisi la crainte de l\u2019Eternel, Parce qu\u2019ils n\u2019ont point aim\u00e9 mes conseils, Et qu\u2019ils ont d\u00e9daign\u00e9 toutes mes r\u00e9primandes, (Proverbes 1\u00a0:29-30)<\/p><\/blockquote>\n<p>Et il continue la liste des cons\u00e9quences\u00a0 pour ceux qui insiste dans l\u2019apathie\u2026<\/p>\n<blockquote class=\"td_quote_box td_box_center\"><p>Ils se nourriront du fruit de leur voie, Et ils se rassasieront de leurs propres conseils, Car la r\u00e9sistance des stupides les tue, Et la s\u00e9curit\u00e9 des insens\u00e9s les perd; Mais celui qui m\u2019\u00e9coute reposera avec assurance, Il vivra tranquille et sans craindre aucun mal. (Proverbes 1\u00a0:31-33)<\/p><\/blockquote>\n<p>Je veux souligner encore une fois que l\u2019apathie envers toutes les choses saintes et envers le future est d\u00e9fini ici comme la r\u00e9sistance des stupides et la s\u00e9curit\u00e9 des insens\u00e9s.<\/p>\n<h2><strong>Ne soyez pas indiff\u00e9rents envers les dangers qu\u2019apporte le futur<\/strong><\/h2>\n<p>Dans le livre Esa\u00efe, le proph\u00e8te averti les hommes sur les dangers venant sur le peuple d\u2019Isra\u00ebl mais presque personne n\u2019en a tenu compte. C\u2019est pourquoi il a \u00e9crit \u00e0 un certain moment\u00a0:<\/p>\n<blockquote class=\"td_quote_box td_box_center\"><p>Femmes insouciantes, Levez-vous, \u00e9coutez ma voix ! Filles indolentes, Pr\u00eatez l\u2019oreille \u00e0 ma parole ! Dans un an et quelques jours, Vous tremblerez, indolentes; Car c\u2019en est fait de la vendange, La r\u00e9colte n\u2019arrivera pas. Soyez dans l\u2019effroi, insouciantes ! Tremblez, indolentes ! D\u00e9shabillez-vous, mettez-vous \u00e0 nu Et ceignez vos reins ! On se frappe le sein, Au souvenir de la beaut\u00e9 des champs Et de la f\u00e9condit\u00e9 des vignes. (Esa\u00efe 32:9-12)<\/p><\/blockquote>\n<p>Dans le livre du proph\u00e8te Ez\u00e9chiel, Dieu r\u00e9primaient Son peuple pour l\u2019infid\u00e9lit\u00e9 \u00e0 Dieu. Il les compare \u00e0 une femme sur laquelle il est \u00e9crit \u00ab\u00a0elle s\u2019est livr\u00e9e \u00e0 la convoitise et elle a concouru \u00e0 la m\u00e9chancet\u00e9 dans la ville de Sodome\u00a0\u00bb. Ainsi \u00a0la ville de Sodome est aussi compar\u00e9e \u00e0 une fille et \u00e0 la personnification. Le proph\u00e8te \u00e9crit\u00a0:<\/p>\n<blockquote class=\"td_quote_box td_box_center\"><p>Voici quel a \u00e9t\u00e9 le crime de Sodome, ta s\u0153ur. Elle avait de l\u2019orgueil, elle vivait dans l\u2019abondance et dans une insouciante s\u00e9curit\u00e9, elle et ses filles, et elle ne soutenait pas la main du malheureux et de l\u2019indigent. (Ez\u00e9chiel 16\u00a0:49)<\/p><\/blockquote>\n<p>Les habitants des villes Sodome et Gomorrhe ont \u00e9t\u00e9 livr\u00e9 \u00e0 la convoitise, \u00e0 la perversion et au mal inimaginable et dans le m\u00eame temps, ils croyaient que leurs actes seraient sans cons\u00e9quences. Mais les cons\u00e9quences sont venu rapidement \u2013 Dieu a d\u00e9truit ses villes par le feu venant du ciel. Beaucoup de jeunes vivent ainsi aujourd\u2019hui, dans l\u2019apathie. Ils pensent que vivre de cette fa\u00e7on indiff\u00e9rente, ils ne souffriront pas et qu\u2019il n\u2019y aura aucune cons\u00e9quence de leurs p\u00e9ch\u00e9s. Ne vous induisez pas en erreur et d\u00e9p\u00eachez-vous \u00e0 vous repentir de tous vos p\u00e9ch\u00e9s commises.<\/p>\n<h2><strong>Ne soyez pas apathique pour ton propre \u00e2me <\/strong><\/h2>\n<p>Dans l\u2019\u00e9pitre des H\u00e9breux, l\u2019auteur d\u00e8s le deuxi\u00e8me chapitre annonce\u00a0:<\/p>\n<blockquote class=\"td_quote_box td_box_center\"><p>C\u2019est pourquoi nous devons d\u2019autant plus nous attacher aux choses que nous avons entendues, de peur que nous ne soyons emport\u00e9s loin d\u2019elles. Car, si la parole annonc\u00e9e par des anges a eu son effet, et si toute transgression et toute d\u00e9sob\u00e9issance a re\u00e7u une juste r\u00e9tribution, comment \u00e9chapperons-nous en n\u00e9gligeant un si grand salut, qui, annonc\u00e9 d\u2019abord par le Seigneur, nous a \u00e9t\u00e9 confirm\u00e9 par ceux qui l\u2019ont entendu, Dieu appuyant leur t\u00e9moignage par des signes, des prodiges, et divers miracles, et par les dons du Saint-Esprit distribu\u00e9s selon sa volont\u00e9. (H\u00e9breux 2\u00a0:1-4)<\/p><\/blockquote>\n<p>Ne soyez pas apathique envers votre avenir dans l\u2019\u00e9ternit\u00e9. \u00a0Pensez bien au fait que votre \u00e2me est \u00e9ternelle et qu\u2019elle peut \u00eatre sauv\u00e9e pour une r\u00e9jouissance \u00e9ternelle dans Le Royaume de Dieu avec Sa pr\u00e9sence. Ou \u00eatre tourment\u00e9e en enfer, l\u00e0 o\u00f9 sont all\u00e9s et vont encore maintenant ceux qui rejettent le salut offert par le Seigneur J\u00e9sus Christ. Ne soyez pas n\u00e9gligent, mais d\u00e9p\u00eachez-vous d\u2019entrer dans la Nouvelle Alliance avec le Seigneur J\u00e9sus Christ pour \u00eatre sauv\u00e9\u00a0!<\/p>\n<h2><strong>Ne soyez pas un chr\u00e9tien apathique<\/strong><\/h2>\n<p>Dans la premi\u00e8re \u00e9pitre de Timoth\u00e9e, l\u2019ap\u00f4tre Paul a \u00e9crit \u00e0 son disciple les mots suivants\u00a0:<\/p>\n<blockquote class=\"td_quote_box td_box_center\"><p>Ne n\u00e9glige pas le don qui est en toi, et qui t\u2019a \u00e9t\u00e9 donn\u00e9 par proph\u00e9tie avec l\u2019imposition des mains de l\u2019assembl\u00e9e des anciens. (1 Timoth\u00e9e 4:14)<\/p><\/blockquote>\n<p>Quand un chr\u00e9tien entre dans la Nouvelle Alliance avec le Seigneur J\u00e9sus Christ et qu\u2019il nait de nouveau, il re\u00e7oit certains dons spirituels venant du Saint-Esprit pour porter du fruit. Ces dons spirituels nous les avons re\u00e7us en vue de servir l\u2019\u00e9glise du Christ, c\u2019est-\u00e0-dire \u00e0 tous les saints qui composent cette \u00e9glise. Comment utilisez-vous vos dons spirituels re\u00e7us\u00a0? Ne soyez pas n\u00e9gligeant et apathique envers ces dons spirituels re\u00e7us mais utilisez les pour servir les autres.<\/p>\n<p><em>Traduit par Irina Batin<\/em><\/p>\n<p><span style=\"clear: both\"><img decoding=\"async\" class=\"aligncenter size-full img-resp\" src=\"http:\/\/moldovacrestina.net\/french\/wp-content\/plugins\/wp-spamfree\/img\/wpsf-img.php\" alt=\"\" \/><\/span><\/p>\n","protected":false},"excerpt":{"rendered":"<p>Question: Que dit la Bible sur l\u2019apathie donc l\u2019indiff\u00e9rence de la situation de votre futur\u00a0? Il y a tant de jeunes apathiques de nos jours, ils sont indiff\u00e9rentes de leur future et du future en g\u00e9n\u00e9ral. Le dictionnaire nous donne la d\u00e9finition suivante pour le mot apathie\u00a0: APATHIE \u2013 indolence ou indiff\u00e9rence de quelqu\u2019un pouss\u00e9e [&hellip;]<\/p>\n","protected":false},"author":46,"featured_media":98348,"comment_status":"closed","ping_status":"closed","sticky":false,"template":"","format":"standard","meta":{"_acf_changed":false,"inline_featured_image":false,"_monsterinsights_skip_tracking":false,"_monsterinsights_sitenote_active":false,"_monsterinsights_sitenote_note":"","_monsterinsights_sitenote_category":0,"_genesis_hide_title":false,"_genesis_hide_breadcrumbs":false,"_genesis_hide_singular_image":false,"_genesis_hide_footer_widgets":false,"_genesis_custom_body_class":"","_genesis_custom_post_class":"","_genesis_layout":"","ep_exclude_from_search":false,"_jetpack_memberships_contains_paid_content":false,"footnotes":""},"categories":[29840],"tags":[12239,12241],"class_list":{"0":"post-62970","1":"post","2":"type-post","3":"status-publish","4":"format-standard","5":"has-post-thumbnail","7":"category-reponses-de-la-bible","8":"tag-apathie","9":"tag-indifference","10":"entry"},"acf":[],"yoast_head":"<!-- This site is optimized with the Yoast SEO Premium plugin v26.5 (Yoast SEO v27.4) - https:\/\/yoast.com\/product\/yoast-seo-premium-wordpress\/ -->\n<title>La Bible sur l\u2019apathie - qualification et cons\u00e9quences<\/title>\n<meta name=\"description\" content=\"Lisez dans l&#039;article sur l&#039;apathie et indiff\u00e9rence - qualification donn\u00e9e par la Bible et les cons\u00e9quances sur lesquelles la Bible nous signale.\" \/>\n<meta name=\"robots\" content=\"index, follow, max-snippet:-1, max-image-preview:large, max-video-preview:-1\" \/>\n<link rel=\"canonical\" href=\"https:\/\/moldovacrestina.md\/fr\/bible-sur-apathie-indifference\/\" \/>\n<meta property=\"og:locale\" content=\"fr_FR\" \/>\n<meta property=\"og:type\" content=\"article\" \/>\n<meta property=\"og:title\" content=\"Que dit la Bible sur l\u2019apathie ?\" \/>\n<meta property=\"og:description\" content=\"Lisez dans l&#039;article sur l&#039;apathie et indiff\u00e9rence - qualification donn\u00e9e par la Bible et les cons\u00e9quances sur lesquelles la Bible nous signale.\" \/>\n<meta property=\"og:url\" content=\"https:\/\/moldovacrestina.md\/fr\/bible-sur-apathie-indifference\/\" \/>\n<meta property=\"og:site_name\" content=\"Moldova Cre\u0219tin\u0103\" \/>\n<meta property=\"article:publisher\" content=\"https:\/\/www.facebook.com\/moldovacrestina\/\" \/>\n<meta property=\"article:published_time\" content=\"2013-03-21T05:01:42+00:00\" \/>\n<meta property=\"article:modified_time\" content=\"2017-05-03T16:44:30+00:00\" \/>\n<meta property=\"og:image\" content=\"https:\/\/cdn.moldovacrestina.md\/2013\/03\/bored-woman-612x320.jpg\" \/>\n\t<meta property=\"og:image:width\" content=\"612\" \/>\n\t<meta property=\"og:image:height\" content=\"320\" \/>\n\t<meta property=\"og:image:type\" content=\"image\/jpeg\" \/>\n<meta name=\"author\" content=\"Vasile Filat\" \/>\n<meta name=\"twitter:card\" content=\"summary_large_image\" \/>\n<meta name=\"twitter:creator\" content=\"@moldovacrestina\" \/>\n<meta name=\"twitter:site\" content=\"@moldovacrestina\" \/>\n<meta name=\"twitter:label1\" content=\"\u00c9crit par\" \/>\n\t<meta name=\"twitter:data1\" content=\"Vasile Filat\" \/>\n\t<meta name=\"twitter:label2\" content=\"Dur\u00e9e de lecture estim\u00e9e\" \/>\n\t<meta name=\"twitter:data2\" content=\"6 minutes\" \/>\n<script type=\"application\/ld+json\" class=\"yoast-schema-graph\">{\"@context\":\"https:\\\/\\\/schema.org\",\"@graph\":[{\"@type\":\"Article\",\"@id\":\"https:\\\/\\\/moldovacrestina.md\\\/fr\\\/bible-sur-apathie-indifference\\\/#article\",\"isPartOf\":{\"@id\":\"https:\\\/\\\/moldovacrestina.md\\\/fr\\\/bible-sur-apathie-indifference\\\/\"},\"author\":{\"name\":\"Vasile Filat\",\"@id\":\"https:\\\/\\\/moldovacrestina.md\\\/fr\\\/#\\\/schema\\\/person\\\/04b204bbb582cc832c3d2424f5d27dc0\"},\"headline\":\"Que dit la Bible sur l\u2019apathie ?\",\"datePublished\":\"2013-03-21T05:01:42+00:00\",\"dateModified\":\"2017-05-03T16:44:30+00:00\",\"mainEntityOfPage\":{\"@id\":\"https:\\\/\\\/moldovacrestina.md\\\/fr\\\/bible-sur-apathie-indifference\\\/\"},\"wordCount\":1291,\"image\":{\"@id\":\"https:\\\/\\\/moldovacrestina.md\\\/fr\\\/bible-sur-apathie-indifference\\\/#primaryimage\"},\"thumbnailUrl\":\"https:\\\/\\\/moldovacrestina.md\\\/wp-content\\\/uploads\\\/2013\\\/03\\\/bored-woman-612x320.jpg\",\"keywords\":[\"apathie\",\"indiff\u00e9rence\"],\"articleSection\":[\"R\u00e9ponses de la Bible\"],\"inLanguage\":\"fr-FR\"},{\"@type\":\"WebPage\",\"@id\":\"https:\\\/\\\/moldovacrestina.md\\\/fr\\\/bible-sur-apathie-indifference\\\/\",\"url\":\"https:\\\/\\\/moldovacrestina.md\\\/fr\\\/bible-sur-apathie-indifference\\\/\",\"name\":\"La Bible sur l\u2019apathie - qualification et cons\u00e9quences\",\"isPartOf\":{\"@id\":\"https:\\\/\\\/moldovacrestina.md\\\/fr\\\/#website\"},\"primaryImageOfPage\":{\"@id\":\"https:\\\/\\\/moldovacrestina.md\\\/fr\\\/bible-sur-apathie-indifference\\\/#primaryimage\"},\"image\":{\"@id\":\"https:\\\/\\\/moldovacrestina.md\\\/fr\\\/bible-sur-apathie-indifference\\\/#primaryimage\"},\"thumbnailUrl\":\"https:\\\/\\\/moldovacrestina.md\\\/wp-content\\\/uploads\\\/2013\\\/03\\\/bored-woman-612x320.jpg\",\"datePublished\":\"2013-03-21T05:01:42+00:00\",\"dateModified\":\"2017-05-03T16:44:30+00:00\",\"author\":{\"@id\":\"https:\\\/\\\/moldovacrestina.md\\\/fr\\\/#\\\/schema\\\/person\\\/04b204bbb582cc832c3d2424f5d27dc0\"},\"description\":\"Lisez dans l'article sur l'apathie et indiff\u00e9rence - qualification donn\u00e9e par la Bible et les cons\u00e9quances sur lesquelles la Bible nous signale.\",\"breadcrumb\":{\"@id\":\"https:\\\/\\\/moldovacrestina.md\\\/fr\\\/bible-sur-apathie-indifference\\\/#breadcrumb\"},\"inLanguage\":\"fr-FR\",\"potentialAction\":[{\"@type\":\"ReadAction\",\"target\":[\"https:\\\/\\\/moldovacrestina.md\\\/fr\\\/bible-sur-apathie-indifference\\\/\"]}]},{\"@type\":\"ImageObject\",\"inLanguage\":\"fr-FR\",\"@id\":\"https:\\\/\\\/moldovacrestina.md\\\/fr\\\/bible-sur-apathie-indifference\\\/#primaryimage\",\"url\":\"https:\\\/\\\/moldovacrestina.md\\\/wp-content\\\/uploads\\\/2013\\\/03\\\/bored-woman-612x320.jpg\",\"contentUrl\":\"https:\\\/\\\/moldovacrestina.md\\\/wp-content\\\/uploads\\\/2013\\\/03\\\/bored-woman-612x320.jpg\",\"width\":612,\"height\":320},{\"@type\":\"BreadcrumbList\",\"@id\":\"https:\\\/\\\/moldovacrestina.md\\\/fr\\\/bible-sur-apathie-indifference\\\/#breadcrumb\",\"itemListElement\":[{\"@type\":\"ListItem\",\"position\":1,\"name\":\"Prima pagin\u0103\",\"item\":\"https:\\\/\\\/moldovacrestina.md\\\/fr\\\/\"},{\"@type\":\"ListItem\",\"position\":2,\"name\":\"R\u00e9ponses de la Bible\",\"item\":\"https:\\\/\\\/moldovacrestina.md\\\/fr\\\/reponses-de-la-bible\\\/\"},{\"@type\":\"ListItem\",\"position\":3,\"name\":\"Que dit la Bible sur l\u2019apathie ?\"}]},{\"@type\":\"WebSite\",\"@id\":\"https:\\\/\\\/moldovacrestina.md\\\/fr\\\/#website\",\"url\":\"https:\\\/\\\/moldovacrestina.md\\\/fr\\\/\",\"name\":\"Moldova Cre\u0219tin\u0103\",\"description\":\"R\u0103spunsuri relevante \u0219i actuale din Biblie\",\"potentialAction\":[{\"@type\":\"SearchAction\",\"target\":{\"@type\":\"EntryPoint\",\"urlTemplate\":\"https:\\\/\\\/moldovacrestina.md\\\/fr\\\/?s={search_term_string}\"},\"query-input\":{\"@type\":\"PropertyValueSpecification\",\"valueRequired\":true,\"valueName\":\"search_term_string\"}}],\"inLanguage\":\"fr-FR\"},{\"@type\":\"Person\",\"@id\":\"https:\\\/\\\/moldovacrestina.md\\\/fr\\\/#\\\/schema\\\/person\\\/04b204bbb582cc832c3d2424f5d27dc0\",\"name\":\"Vasile Filat\",\"image\":{\"@type\":\"ImageObject\",\"inLanguage\":\"fr-FR\",\"@id\":\"https:\\\/\\\/secure.gravatar.com\\\/avatar\\\/2e02d082d139dd6eb634318c9cf2c3a8281db62f24f87a134adb4f2020e77ab3?s=96&d=mm&r=g\",\"url\":\"https:\\\/\\\/secure.gravatar.com\\\/avatar\\\/2e02d082d139dd6eb634318c9cf2c3a8281db62f24f87a134adb4f2020e77ab3?s=96&d=mm&r=g\",\"contentUrl\":\"https:\\\/\\\/secure.gravatar.com\\\/avatar\\\/2e02d082d139dd6eb634318c9cf2c3a8281db62f24f87a134adb4f2020e77ab3?s=96&d=mm&r=g\",\"caption\":\"Vasile Filat\"},\"description\":\"P\u0103storesc\u00a0Biserica Bunavestire din Chi\u0219in\u0103u, predau Cuv\u00e2ntul lui Dumnezeu la\u00a0Institutul de Studiu Biblic Inductiv din Eurasia\u00a0\u0219i conduc\u00a0Asocia\u021bia \\\"\u00cenv\u0103\u021b\u0103tur\u0103 din Cuv\u00e2nt - Precept Ministries\\\" din Moldova. \u00cempreun\u0103 cu so\u021bia mea\u00a0Anastasia, avem trei copii. Din Aprilie 2007 am oferit r\u0103spunsuri din Biblie pe acest site la \u00eentreb\u0103ri adresate de cititori. Mai mult despre mine citi\u021bi\u00a0aici.\",\"url\":\"https:\\\/\\\/moldovacrestina.md\\\/fr\\\/author\\\/vasile-filat\\\/\"}]}<\/script>\n<!-- \/ Yoast SEO Premium plugin. -->","yoast_head_json":{"title":"La Bible sur l\u2019apathie - qualification et cons\u00e9quences","description":"Lisez dans l'article sur l'apathie et indiff\u00e9rence - qualification donn\u00e9e par la Bible et les cons\u00e9quances sur lesquelles la Bible nous signale.","robots":{"index":"index","follow":"follow","max-snippet":"max-snippet:-1","max-image-preview":"max-image-preview:large","max-video-preview":"max-video-preview:-1"},"canonical":"https:\/\/moldovacrestina.md\/fr\/bible-sur-apathie-indifference\/","og_locale":"fr_FR","og_type":"article","og_title":"Que dit la Bible sur l\u2019apathie ?","og_description":"Lisez dans l'article sur l'apathie et indiff\u00e9rence - qualification donn\u00e9e par la Bible et les cons\u00e9quances sur lesquelles la Bible nous signale.","og_url":"https:\/\/moldovacrestina.md\/fr\/bible-sur-apathie-indifference\/","og_site_name":"Moldova Cre\u0219tin\u0103","article_publisher":"https:\/\/www.facebook.com\/moldovacrestina\/","article_published_time":"2013-03-21T05:01:42+00:00","article_modified_time":"2017-05-03T16:44:30+00:00","og_image":[{"width":612,"height":320,"url":"https:\/\/cdn.moldovacrestina.md\/2013\/03\/bored-woman-612x320.jpg","type":"image\/jpeg"}],"author":"Vasile Filat","twitter_card":"summary_large_image","twitter_creator":"@moldovacrestina","twitter_site":"@moldovacrestina","twitter_misc":{"\u00c9crit par":"Vasile Filat","Dur\u00e9e de lecture estim\u00e9e":"6 minutes"},"schema":{"@context":"https:\/\/schema.org","@graph":[{"@type":"Article","@id":"https:\/\/moldovacrestina.md\/fr\/bible-sur-apathie-indifference\/#article","isPartOf":{"@id":"https:\/\/moldovacrestina.md\/fr\/bible-sur-apathie-indifference\/"},"author":{"name":"Vasile Filat","@id":"https:\/\/moldovacrestina.md\/fr\/#\/schema\/person\/04b204bbb582cc832c3d2424f5d27dc0"},"headline":"Que dit la Bible sur l\u2019apathie ?","datePublished":"2013-03-21T05:01:42+00:00","dateModified":"2017-05-03T16:44:30+00:00","mainEntityOfPage":{"@id":"https:\/\/moldovacrestina.md\/fr\/bible-sur-apathie-indifference\/"},"wordCount":1291,"image":{"@id":"https:\/\/moldovacrestina.md\/fr\/bible-sur-apathie-indifference\/#primaryimage"},"thumbnailUrl":"https:\/\/moldovacrestina.md\/wp-content\/uploads\/2013\/03\/bored-woman-612x320.jpg","keywords":["apathie","indiff\u00e9rence"],"articleSection":["R\u00e9ponses de la Bible"],"inLanguage":"fr-FR"},{"@type":"WebPage","@id":"https:\/\/moldovacrestina.md\/fr\/bible-sur-apathie-indifference\/","url":"https:\/\/moldovacrestina.md\/fr\/bible-sur-apathie-indifference\/","name":"La Bible sur l\u2019apathie - qualification et cons\u00e9quences","isPartOf":{"@id":"https:\/\/moldovacrestina.md\/fr\/#website"},"primaryImageOfPage":{"@id":"https:\/\/moldovacrestina.md\/fr\/bible-sur-apathie-indifference\/#primaryimage"},"image":{"@id":"https:\/\/moldovacrestina.md\/fr\/bible-sur-apathie-indifference\/#primaryimage"},"thumbnailUrl":"https:\/\/moldovacrestina.md\/wp-content\/uploads\/2013\/03\/bored-woman-612x320.jpg","datePublished":"2013-03-21T05:01:42+00:00","dateModified":"2017-05-03T16:44:30+00:00","author":{"@id":"https:\/\/moldovacrestina.md\/fr\/#\/schema\/person\/04b204bbb582cc832c3d2424f5d27dc0"},"description":"Lisez dans l'article sur l'apathie et indiff\u00e9rence - qualification donn\u00e9e par la Bible et les cons\u00e9quances sur lesquelles la Bible nous signale.","breadcrumb":{"@id":"https:\/\/moldovacrestina.md\/fr\/bible-sur-apathie-indifference\/#breadcrumb"},"inLanguage":"fr-FR","potentialAction":[{"@type":"ReadAction","target":["https:\/\/moldovacrestina.md\/fr\/bible-sur-apathie-indifference\/"]}]},{"@type":"ImageObject","inLanguage":"fr-FR","@id":"https:\/\/moldovacrestina.md\/fr\/bible-sur-apathie-indifference\/#primaryimage","url":"https:\/\/moldovacrestina.md\/wp-content\/uploads\/2013\/03\/bored-woman-612x320.jpg","contentUrl":"https:\/\/moldovacrestina.md\/wp-content\/uploads\/2013\/03\/bored-woman-612x320.jpg","width":612,"height":320},{"@type":"BreadcrumbList","@id":"https:\/\/moldovacrestina.md\/fr\/bible-sur-apathie-indifference\/#breadcrumb","itemListElement":[{"@type":"ListItem","position":1,"name":"Prima pagin\u0103","item":"https:\/\/moldovacrestina.md\/fr\/"},{"@type":"ListItem","position":2,"name":"R\u00e9ponses de la Bible","item":"https:\/\/moldovacrestina.md\/fr\/reponses-de-la-bible\/"},{"@type":"ListItem","position":3,"name":"Que dit la Bible sur l\u2019apathie ?"}]},{"@type":"WebSite","@id":"https:\/\/moldovacrestina.md\/fr\/#website","url":"https:\/\/moldovacrestina.md\/fr\/","name":"Moldova Cre\u0219tin\u0103","description":"R\u0103spunsuri relevante \u0219i actuale din Biblie","potentialAction":[{"@type":"SearchAction","target":{"@type":"EntryPoint","urlTemplate":"https:\/\/moldovacrestina.md\/fr\/?s={search_term_string}"},"query-input":{"@type":"PropertyValueSpecification","valueRequired":true,"valueName":"search_term_string"}}],"inLanguage":"fr-FR"},{"@type":"Person","@id":"https:\/\/moldovacrestina.md\/fr\/#\/schema\/person\/04b204bbb582cc832c3d2424f5d27dc0","name":"Vasile Filat","image":{"@type":"ImageObject","inLanguage":"fr-FR","@id":"https:\/\/secure.gravatar.com\/avatar\/2e02d082d139dd6eb634318c9cf2c3a8281db62f24f87a134adb4f2020e77ab3?s=96&d=mm&r=g","url":"https:\/\/secure.gravatar.com\/avatar\/2e02d082d139dd6eb634318c9cf2c3a8281db62f24f87a134adb4f2020e77ab3?s=96&d=mm&r=g","contentUrl":"https:\/\/secure.gravatar.com\/avatar\/2e02d082d139dd6eb634318c9cf2c3a8281db62f24f87a134adb4f2020e77ab3?s=96&d=mm&r=g","caption":"Vasile Filat"},"description":"P\u0103storesc\u00a0Biserica Bunavestire din Chi\u0219in\u0103u, predau Cuv\u00e2ntul lui Dumnezeu la\u00a0Institutul de Studiu Biblic Inductiv din Eurasia\u00a0\u0219i conduc\u00a0Asocia\u021bia \"\u00cenv\u0103\u021b\u0103tur\u0103 din Cuv\u00e2nt - Precept Ministries\" din Moldova. \u00cempreun\u0103 cu so\u021bia mea\u00a0Anastasia, avem trei copii. Din Aprilie 2007 am oferit r\u0103spunsuri din Biblie pe acest site la \u00eentreb\u0103ri adresate de cititori. Mai mult despre mine citi\u021bi\u00a0aici.","url":"https:\/\/moldovacrestina.md\/fr\/author\/vasile-filat\/"}]}},"jetpack_featured_media_url":"https:\/\/moldovacrestina.md\/wp-content\/uploads\/2013\/03\/bored-woman-612x320.jpg","video_meta":false,"featured_image":"https:\/\/moldovacrestina.md\/wp-content\/uploads\/2013\/03\/bored-woman-612x320.jpg","wpml":{"language_code":"fr","locale":"fr_FR","text_direction":false,"display_name":"Fran\u00e7ais","native_name":"Francez\u0103","different_language":false},"jetpack-related-posts":[{"id":363310,"url":"https:\/\/moldovacrestina.md\/nici-la-moartea-parintilor-nu-va-oferi-mancare-cuiva\/","url_meta":{"origin":62970,"position":0},"title":"Nici la moartea p\u0103rin\u021bilor nu va oferi m\u00e2ncare cuiva\u2026","author":"Moldova Cre\u0219tin\u0103","date":"25 juillet 2025","format":false,"excerpt":"\u00ceNTREBARE: Pace, frate! Am \u0219i eu o nedumerire. M\u0103 contraziceam cu tata: \u00een caz de o \u00eenmorm\u00e2ntare, eu am zis c\u0103 nu a\u0219 da nici m\u0103car pr\u0103jituri \u0219i nici suc. Am zis doar ap\u0103, ca s\u0103 nu \u00eei fie cuiva sete. Tata mi-a zis s\u0103 vorbesc cu un predicator poc\u0103it\u2026","rel":"","context":"<span class=\"jp-relatedposts-post-author\">Moldova Cre\u0219tin\u0103<\/span>","block_context":{"text":"MCTV","link":"https:\/\/moldovacrestina.md\/mctv\/"},"img":{"alt_text":"","src":"https:\/\/i0.wp.com\/cdn.moldovacrestina.md\/2025\/07\/ba7ab153-h1zvfmsmux8.jpg?resize=350%2C200&ssl=1","width":350,"height":200,"srcset":"https:\/\/i0.wp.com\/cdn.moldovacrestina.md\/2025\/07\/ba7ab153-h1zvfmsmux8.jpg?resize=350%2C200&ssl=1 1x, https:\/\/i0.wp.com\/cdn.moldovacrestina.md\/2025\/07\/ba7ab153-h1zvfmsmux8.jpg?resize=525%2C300&ssl=1 1.5x, https:\/\/i0.wp.com\/cdn.moldovacrestina.md\/2025\/07\/ba7ab153-h1zvfmsmux8.jpg?resize=700%2C400&ssl=1 2x, https:\/\/i0.wp.com\/cdn.moldovacrestina.md\/2025\/07\/ba7ab153-h1zvfmsmux8.jpg?resize=1050%2C600&ssl=1 3x"},"classes":[]},{"id":365337,"url":"https:\/\/moldovacrestina.md\/cum-sa-te-bucuri-de-avere-fara-sa-cazi-in-lux-si-risipa-pastor-vasile-filat\/","url_meta":{"origin":62970,"position":1},"title":"Cum s\u0103 te bucuri de avere f\u0103r\u0103 s\u0103 cazi \u00een lux \u0219i risip\u0103? | Pastor Vasile Filat","author":"Moldova Cre\u0219tin\u0103","date":"29 avril 2026","format":false,"excerpt":"Biblia nu condamn\u0103 bog\u0103\u021bia, ci inima care se leag\u0103 de ea. \u00cen acest mesaj, Pastorul Vasile Filat explic\u0103 din Scriptur\u0103 cum \u00eei \u00eenva\u021b\u0103 Dumnezeu pe boga\u021bii veacului acestuia s\u0103 fie genero\u0219i, s\u0103 fac\u0103 bine \u0219i, \u00een acela\u0219i timp, s\u0103 se bucure de ceea ce El le-a dat \u2014 f\u0103r\u0103 a\u2026","rel":"","context":"<span class=\"jp-relatedposts-post-author\">Moldova Cre\u0219tin\u0103<\/span>","block_context":{"text":"MCTV","link":"https:\/\/moldovacrestina.md\/mctv\/"},"img":{"alt_text":"","src":"https:\/\/i0.wp.com\/cdn.moldovacrestina.md\/2026\/04\/75dfc91a-305_ass0atm.jpg?resize=350%2C200&ssl=1","width":350,"height":200,"srcset":"https:\/\/i0.wp.com\/cdn.moldovacrestina.md\/2026\/04\/75dfc91a-305_ass0atm.jpg?resize=350%2C200&ssl=1 1x, https:\/\/i0.wp.com\/cdn.moldovacrestina.md\/2026\/04\/75dfc91a-305_ass0atm.jpg?resize=525%2C300&ssl=1 1.5x, https:\/\/i0.wp.com\/cdn.moldovacrestina.md\/2026\/04\/75dfc91a-305_ass0atm.jpg?resize=700%2C400&ssl=1 2x, https:\/\/i0.wp.com\/cdn.moldovacrestina.md\/2026\/04\/75dfc91a-305_ass0atm.jpg?resize=1050%2C600&ssl=1 3x"},"classes":[]},{"id":365331,"url":"https:\/\/moldovacrestina.md\/lotul-moldovei-top-7-la-europenele-itf-taekwondo-3-medalii-de-aur-si-o-cupa-speciala\/","url_meta":{"origin":62970,"position":2},"title":"Lotul Moldovei, TOP 7 la Europenele ITF Taekwondo: 3 medalii de aur \u0219i o cup\u0103 special\u0103","author":"Moldova Cre\u0219tin\u0103","date":"28 avril 2026","format":false,"excerpt":"Moldova s-a clasat pe locul 7 din 31 de \u021b\u0103ri la Campionatul European de Taekwondo ITF. Lotul a c\u00e2\u0219tigat 3 medalii de aur \u0219i multiple medalii la probe individuale \u0219i pe echipe, iar Filip Petrachii a primit trofeul pentru cel mai bun senior masculin. \ud83d\udcd6 Ai nevoie de \u00eendrumare spiritual\u0103\u2026","rel":"","context":"<span class=\"jp-relatedposts-post-author\">Moldova Cre\u0219tin\u0103<\/span>","block_context":{"text":"MCTV","link":"https:\/\/moldovacrestina.md\/mctv\/"},"img":{"alt_text":"","src":"https:\/\/i0.wp.com\/cdn.moldovacrestina.md\/2026\/04\/ffb0c2a7-uu19uatk5q0.jpg?resize=350%2C200&ssl=1","width":350,"height":200,"srcset":"https:\/\/i0.wp.com\/cdn.moldovacrestina.md\/2026\/04\/ffb0c2a7-uu19uatk5q0.jpg?resize=350%2C200&ssl=1 1x, https:\/\/i0.wp.com\/cdn.moldovacrestina.md\/2026\/04\/ffb0c2a7-uu19uatk5q0.jpg?resize=525%2C300&ssl=1 1.5x, https:\/\/i0.wp.com\/cdn.moldovacrestina.md\/2026\/04\/ffb0c2a7-uu19uatk5q0.jpg?resize=700%2C400&ssl=1 2x, https:\/\/i0.wp.com\/cdn.moldovacrestina.md\/2026\/04\/ffb0c2a7-uu19uatk5q0.jpg?resize=1050%2C600&ssl=1 3x"},"classes":[]},{"id":361249,"url":"https:\/\/moldovacrestina.md\/o-bomba-a-lovit-la-50-de-metri-de-o-locuinta-din-zaporojie-ucraina\/","url_meta":{"origin":62970,"position":3},"title":"O bomb\u0103 a lovit la 50 de metri de o locuin\u021b\u0103 din Zaporojie, Ucraina.","author":"Vasile Filat","date":"31 octobre 2024","format":false,"excerpt":"O bomb\u0103 a lovit la 50 de metri de o locuin\u021b\u0103 din Zaporojie, Ucraina. Doritorii s\u0103 sus\u021bin\u0103 financiar familia Paketa o pot face, folosind una din metode: Rechizite bancare pentru transfer \u00een MDL (lei moldovene\u0219ti) Beneficiar: CULT RELIGIOS PCCRBCEB \"BUNA VESTIRE A MINTUITORULUI\" Cod IDNO: 1010620001050 Banca beneficiar\u0103: Banca Comerciala\u2026","rel":"","context":"<span class=\"jp-relatedposts-post-author\">Vasile Filat<\/span>","block_context":{"text":"MCTV","link":"https:\/\/moldovacrestina.md\/mctv\/"},"img":{"alt_text":"","src":"https:\/\/i0.wp.com\/cdn.moldovacrestina.md\/2024\/10\/29344642-xoykuhynhgm.jpg?resize=350%2C200&ssl=1","width":350,"height":200,"srcset":"https:\/\/i0.wp.com\/cdn.moldovacrestina.md\/2024\/10\/29344642-xoykuhynhgm.jpg?resize=350%2C200&ssl=1 1x, https:\/\/i0.wp.com\/cdn.moldovacrestina.md\/2024\/10\/29344642-xoykuhynhgm.jpg?resize=525%2C300&ssl=1 1.5x, https:\/\/i0.wp.com\/cdn.moldovacrestina.md\/2024\/10\/29344642-xoykuhynhgm.jpg?resize=700%2C400&ssl=1 2x, https:\/\/i0.wp.com\/cdn.moldovacrestina.md\/2024\/10\/29344642-xoykuhynhgm.jpg?resize=1050%2C600&ssl=1 3x"},"classes":[]},{"id":362355,"url":"https:\/\/moldovacrestina.md\/andrian-lascu-copilarie-rebela-credinta-in-dumnezeu-sansa-de-a-fi-parinte-campion-la-futsal\/","url_meta":{"origin":62970,"position":4},"title":"Andrian La\u0219cu: Copil\u0103rie rebel\u0103, credin\u021ba \u00een Dumnezeu, \u0219ansa de a fi p\u0103rinte, campion la futsal.","author":"Moldova Cre\u0219tin\u0103","date":"16 mars 2025","format":false,"excerpt":"Andrian La\u0219cu de\u021bine dou\u0103 titluri de campion al Rom\u00e2niei \u0219i a fost ales \u00een dou\u0103 r\u00e2nduri cel mai bun juc\u0103tor de futsal al anului \u00een Republica Moldova. Conform Federa\u021biei Moldovene\u0219ti de Fotbal el se num\u0103r\u0103 printre cei mai valoro\u0219i juc\u0103tori din Liga 1 rom\u00e2neasc\u0103 de fotbal de sal\u0103. Afla\u021bi din\u2026","rel":"","context":"<span class=\"jp-relatedposts-post-author\">Moldova Cre\u0219tin\u0103<\/span>","block_context":{"text":"MCTV","link":"https:\/\/moldovacrestina.md\/mctv\/"},"img":{"alt_text":"","src":"https:\/\/i0.wp.com\/cdn.moldovacrestina.md\/2025\/03\/a1a5e5b7-vb0e2k6ablc.jpg?resize=350%2C200&ssl=1","width":350,"height":200,"srcset":"https:\/\/i0.wp.com\/cdn.moldovacrestina.md\/2025\/03\/a1a5e5b7-vb0e2k6ablc.jpg?resize=350%2C200&ssl=1 1x, https:\/\/i0.wp.com\/cdn.moldovacrestina.md\/2025\/03\/a1a5e5b7-vb0e2k6ablc.jpg?resize=525%2C300&ssl=1 1.5x, https:\/\/i0.wp.com\/cdn.moldovacrestina.md\/2025\/03\/a1a5e5b7-vb0e2k6ablc.jpg?resize=700%2C400&ssl=1 2x, https:\/\/i0.wp.com\/cdn.moldovacrestina.md\/2025\/03\/a1a5e5b7-vb0e2k6ablc.jpg?resize=1050%2C600&ssl=1 3x"},"classes":[]}],"jetpack_sharing_enabled":true,"_links":{"self":[{"href":"https:\/\/moldovacrestina.md\/fr\/wp-json\/wp\/v2\/posts\/62970","targetHints":{"allow":["GET"]}}],"collection":[{"href":"https:\/\/moldovacrestina.md\/fr\/wp-json\/wp\/v2\/posts"}],"about":[{"href":"https:\/\/moldovacrestina.md\/fr\/wp-json\/wp\/v2\/types\/post"}],"author":[{"embeddable":true,"href":"https:\/\/moldovacrestina.md\/fr\/wp-json\/wp\/v2\/users\/46"}],"replies":[{"embeddable":true,"href":"https:\/\/moldovacrestina.md\/fr\/wp-json\/wp\/v2\/comments?post=62970"}],"version-history":[{"count":0,"href":"https:\/\/moldovacrestina.md\/fr\/wp-json\/wp\/v2\/posts\/62970\/revisions"}],"wp:featuredmedia":[{"embeddable":true,"href":"https:\/\/moldovacrestina.md\/fr\/wp-json\/wp\/v2\/media\/98348"}],"wp:attachment":[{"href":"https:\/\/moldovacrestina.md\/fr\/wp-json\/wp\/v2\/media?parent=62970"}],"wp:term":[{"taxonomy":"category","embeddable":true,"href":"https:\/\/moldovacrestina.md\/fr\/wp-json\/wp\/v2\/categories?post=62970"},{"taxonomy":"post_tag","embeddable":true,"href":"https:\/\/moldovacrestina.md\/fr\/wp-json\/wp\/v2\/tags?post=62970"}],"curies":[{"name":"wp","href":"https:\/\/api.w.org\/{rel}","templated":true}]}}