{"id":62962,"date":"2011-10-10T12:16:43","date_gmt":"2011-10-10T10:16:43","guid":{"rendered":"https:\/\/moldovacrestina.md\/est-ce-que-la-bible-est-le-livre-le-plus-ancien"},"modified":"2016-03-22T15:05:56","modified_gmt":"2016-03-22T13:05:56","slug":"est-ce-que-la-bible-est-le-livre-le-plus-ancien","status":"publish","type":"post","link":"https:\/\/moldovacrestina.md\/fr\/est-ce-que-la-bible-est-le-livre-le-plus-ancien\/","title":{"rendered":"Est-ce que la Bible est le livre le plus ancien?"},"content":{"rendered":"<p>Question:<\/p>\n<blockquote class=\"td_quote_box td_box_center\"><p><em>A<\/em><em> votre avis, est-ce que la Bible est le plus ancien livre?<\/em><\/p><\/blockquote>\n<p><img loading=\"lazy\" decoding=\"async\" class=\"alignnone wp-image-91443 size-full\" src=\"https:\/\/cdn.moldovacrestina.md\/2011\/10\/tora.jpg\" alt=\"Est-ce que la Bible est le livre le plus ancien?\" width=\"423\" height=\"280\" \/>Non, nulle part dans la Bible il n\u2019est \u00e9crit que les textes qu\u2019Elle\u00a0contient sont les plus anciens. Conform\u00e9ment \u00e0 la science historique et \u00e0 l\u2019arch\u00e9ologique, le plus ancien \u00e9crit d\u00e9couvert est le Prisa papyrus et qui remonterait \u00e0 2000 ans avant JC. Ce papyrus appartiendrait \u00e0 un pharaon qui a v\u00e9cu vers 2450 avant JC.<\/p>\n<p><em>L\u2019article a \u00e9t\u00e9 traduit par Irina Batin.<\/em><\/p>\n","protected":false},"excerpt":{"rendered":"<p>Question: A votre avis, est-ce que la Bible est le plus ancien livre? Non, nulle part dans la Bible il n\u2019est \u00e9crit que les textes qu\u2019Elle\u00a0contient sont les plus anciens. Conform\u00e9ment \u00e0 la science historique et \u00e0 l\u2019arch\u00e9ologique, le plus ancien \u00e9crit d\u00e9couvert est le Prisa papyrus et qui remonterait \u00e0 2000 ans avant JC. [&hellip;]<\/p>\n","protected":false},"author":46,"featured_media":91443,"comment_status":"closed","ping_status":"closed","sticky":false,"template":"","format":"standard","meta":{"_acf_changed":false,"inline_featured_image":false,"_monsterinsights_skip_tracking":false,"_monsterinsights_sitenote_active":false,"_monsterinsights_sitenote_note":"","_monsterinsights_sitenote_category":0,"_genesis_hide_title":false,"_genesis_hide_breadcrumbs":false,"_genesis_hide_singular_image":false,"_genesis_hide_footer_widgets":false,"_genesis_custom_body_class":"","_genesis_custom_post_class":"","_genesis_layout":"","ep_exclude_from_search":false,"_jetpack_memberships_contains_paid_content":false,"footnotes":""},"categories":[138],"tags":[9279,12237,12238],"class_list":{"0":"post-62962","1":"post","2":"type-post","3":"status-publish","4":"format-standard","5":"has-post-thumbnail","7":"category-societe","8":"tag-bible","9":"tag-le-plus-ancien-livre","10":"tag-papyrus","11":"entry"},"acf":[],"yoast_head":"<!-- This site is optimized with the Yoast SEO Premium plugin v26.5 (Yoast SEO v27.4) - https:\/\/yoast.com\/product\/yoast-seo-premium-wordpress\/ -->\n<title>Le plus ancien livre<\/title>\n<meta name=\"description\" content=\"Nulle part dans la Bible il n\u2019est \u00e9crit que les textes qu\u2019Elle contient sont les plus anciens.\" \/>\n<meta name=\"robots\" content=\"index, follow, max-snippet:-1, max-image-preview:large, max-video-preview:-1\" \/>\n<link rel=\"canonical\" href=\"https:\/\/moldovacrestina.md\/fr\/est-ce-que-la-bible-est-le-livre-le-plus-ancien\/\" \/>\n<meta property=\"og:locale\" content=\"fr_FR\" \/>\n<meta property=\"og:type\" content=\"article\" \/>\n<meta property=\"og:title\" content=\"Est-ce que la Bible est le livre le plus ancien?\" \/>\n<meta property=\"og:description\" content=\"Nulle part dans la Bible il n\u2019est \u00e9crit que les textes qu\u2019Elle contient sont les plus anciens.\" \/>\n<meta property=\"og:url\" content=\"https:\/\/moldovacrestina.md\/fr\/est-ce-que-la-bible-est-le-livre-le-plus-ancien\/\" \/>\n<meta property=\"og:site_name\" content=\"Moldova Cre\u0219tin\u0103\" \/>\n<meta property=\"article:publisher\" content=\"https:\/\/www.facebook.com\/moldovacrestina\/\" \/>\n<meta property=\"article:published_time\" content=\"2011-10-10T10:16:43+00:00\" \/>\n<meta property=\"article:modified_time\" content=\"2016-03-22T13:05:56+00:00\" \/>\n<meta property=\"og:image\" content=\"https:\/\/cdn.moldovacrestina.md\/2011\/10\/tora.jpg\" \/>\n\t<meta property=\"og:image:width\" content=\"423\" \/>\n\t<meta property=\"og:image:height\" content=\"280\" \/>\n\t<meta property=\"og:image:type\" content=\"image\/jpeg\" \/>\n<meta name=\"author\" content=\"Vasile Filat\" \/>\n<meta name=\"twitter:card\" content=\"summary_large_image\" \/>\n<meta name=\"twitter:creator\" content=\"@moldovacrestina\" \/>\n<meta name=\"twitter:site\" content=\"@moldovacrestina\" \/>\n<meta name=\"twitter:label1\" content=\"\u00c9crit par\" \/>\n\t<meta name=\"twitter:data1\" content=\"Vasile Filat\" \/>\n<script type=\"application\/ld+json\" class=\"yoast-schema-graph\">{\"@context\":\"https:\\\/\\\/schema.org\",\"@graph\":[{\"@type\":\"Article\",\"@id\":\"https:\\\/\\\/moldovacrestina.md\\\/fr\\\/est-ce-que-la-bible-est-le-livre-le-plus-ancien\\\/#article\",\"isPartOf\":{\"@id\":\"https:\\\/\\\/moldovacrestina.md\\\/fr\\\/est-ce-que-la-bible-est-le-livre-le-plus-ancien\\\/\"},\"author\":{\"name\":\"Vasile Filat\",\"@id\":\"https:\\\/\\\/moldovacrestina.md\\\/fr\\\/#\\\/schema\\\/person\\\/04b204bbb582cc832c3d2424f5d27dc0\"},\"headline\":\"Est-ce que la Bible est le livre le plus ancien?\",\"datePublished\":\"2011-10-10T10:16:43+00:00\",\"dateModified\":\"2016-03-22T13:05:56+00:00\",\"mainEntityOfPage\":{\"@id\":\"https:\\\/\\\/moldovacrestina.md\\\/fr\\\/est-ce-que-la-bible-est-le-livre-le-plus-ancien\\\/\"},\"wordCount\":88,\"image\":{\"@id\":\"https:\\\/\\\/moldovacrestina.md\\\/fr\\\/est-ce-que-la-bible-est-le-livre-le-plus-ancien\\\/#primaryimage\"},\"thumbnailUrl\":\"https:\\\/\\\/moldovacrestina.md\\\/wp-content\\\/uploads\\\/2011\\\/10\\\/tora.jpg\",\"keywords\":[\"bible\",\"le plus ancien livre\",\"papyrus\"],\"articleSection\":[\"Soci\u00e9t\u00e9\"],\"inLanguage\":\"fr-FR\"},{\"@type\":\"WebPage\",\"@id\":\"https:\\\/\\\/moldovacrestina.md\\\/fr\\\/est-ce-que-la-bible-est-le-livre-le-plus-ancien\\\/\",\"url\":\"https:\\\/\\\/moldovacrestina.md\\\/fr\\\/est-ce-que-la-bible-est-le-livre-le-plus-ancien\\\/\",\"name\":\"Le plus ancien livre\",\"isPartOf\":{\"@id\":\"https:\\\/\\\/moldovacrestina.md\\\/fr\\\/#website\"},\"primaryImageOfPage\":{\"@id\":\"https:\\\/\\\/moldovacrestina.md\\\/fr\\\/est-ce-que-la-bible-est-le-livre-le-plus-ancien\\\/#primaryimage\"},\"image\":{\"@id\":\"https:\\\/\\\/moldovacrestina.md\\\/fr\\\/est-ce-que-la-bible-est-le-livre-le-plus-ancien\\\/#primaryimage\"},\"thumbnailUrl\":\"https:\\\/\\\/moldovacrestina.md\\\/wp-content\\\/uploads\\\/2011\\\/10\\\/tora.jpg\",\"datePublished\":\"2011-10-10T10:16:43+00:00\",\"dateModified\":\"2016-03-22T13:05:56+00:00\",\"author\":{\"@id\":\"https:\\\/\\\/moldovacrestina.md\\\/fr\\\/#\\\/schema\\\/person\\\/04b204bbb582cc832c3d2424f5d27dc0\"},\"description\":\"Nulle part dans la Bible il n\u2019est \u00e9crit que les textes qu\u2019Elle contient sont les plus anciens.\",\"breadcrumb\":{\"@id\":\"https:\\\/\\\/moldovacrestina.md\\\/fr\\\/est-ce-que-la-bible-est-le-livre-le-plus-ancien\\\/#breadcrumb\"},\"inLanguage\":\"fr-FR\",\"potentialAction\":[{\"@type\":\"ReadAction\",\"target\":[\"https:\\\/\\\/moldovacrestina.md\\\/fr\\\/est-ce-que-la-bible-est-le-livre-le-plus-ancien\\\/\"]}]},{\"@type\":\"ImageObject\",\"inLanguage\":\"fr-FR\",\"@id\":\"https:\\\/\\\/moldovacrestina.md\\\/fr\\\/est-ce-que-la-bible-est-le-livre-le-plus-ancien\\\/#primaryimage\",\"url\":\"https:\\\/\\\/moldovacrestina.md\\\/wp-content\\\/uploads\\\/2011\\\/10\\\/tora.jpg\",\"contentUrl\":\"https:\\\/\\\/moldovacrestina.md\\\/wp-content\\\/uploads\\\/2011\\\/10\\\/tora.jpg\",\"width\":423,\"height\":280},{\"@type\":\"BreadcrumbList\",\"@id\":\"https:\\\/\\\/moldovacrestina.md\\\/fr\\\/est-ce-que-la-bible-est-le-livre-le-plus-ancien\\\/#breadcrumb\",\"itemListElement\":[{\"@type\":\"ListItem\",\"position\":1,\"name\":\"Prima pagin\u0103\",\"item\":\"https:\\\/\\\/moldovacrestina.md\\\/fr\\\/\"},{\"@type\":\"ListItem\",\"position\":2,\"name\":\"Soci\u00e9t\u00e9\",\"item\":\"https:\\\/\\\/moldovacrestina.md\\\/fr\\\/\\\/societe\\\/\"},{\"@type\":\"ListItem\",\"position\":3,\"name\":\"Est-ce que la Bible est le livre le plus ancien?\"}]},{\"@type\":\"WebSite\",\"@id\":\"https:\\\/\\\/moldovacrestina.md\\\/fr\\\/#website\",\"url\":\"https:\\\/\\\/moldovacrestina.md\\\/fr\\\/\",\"name\":\"Moldova Cre\u0219tin\u0103\",\"description\":\"R\u0103spunsuri relevante \u0219i actuale din Biblie\",\"potentialAction\":[{\"@type\":\"SearchAction\",\"target\":{\"@type\":\"EntryPoint\",\"urlTemplate\":\"https:\\\/\\\/moldovacrestina.md\\\/fr\\\/?s={search_term_string}\"},\"query-input\":{\"@type\":\"PropertyValueSpecification\",\"valueRequired\":true,\"valueName\":\"search_term_string\"}}],\"inLanguage\":\"fr-FR\"},{\"@type\":\"Person\",\"@id\":\"https:\\\/\\\/moldovacrestina.md\\\/fr\\\/#\\\/schema\\\/person\\\/04b204bbb582cc832c3d2424f5d27dc0\",\"name\":\"Vasile Filat\",\"image\":{\"@type\":\"ImageObject\",\"inLanguage\":\"fr-FR\",\"@id\":\"https:\\\/\\\/secure.gravatar.com\\\/avatar\\\/2e02d082d139dd6eb634318c9cf2c3a8281db62f24f87a134adb4f2020e77ab3?s=96&d=mm&r=g\",\"url\":\"https:\\\/\\\/secure.gravatar.com\\\/avatar\\\/2e02d082d139dd6eb634318c9cf2c3a8281db62f24f87a134adb4f2020e77ab3?s=96&d=mm&r=g\",\"contentUrl\":\"https:\\\/\\\/secure.gravatar.com\\\/avatar\\\/2e02d082d139dd6eb634318c9cf2c3a8281db62f24f87a134adb4f2020e77ab3?s=96&d=mm&r=g\",\"caption\":\"Vasile Filat\"},\"description\":\"P\u0103storesc\u00a0Biserica Bunavestire din Chi\u0219in\u0103u, predau Cuv\u00e2ntul lui Dumnezeu la\u00a0Institutul de Studiu Biblic Inductiv din Eurasia\u00a0\u0219i conduc\u00a0Asocia\u021bia \\\"\u00cenv\u0103\u021b\u0103tur\u0103 din Cuv\u00e2nt - Precept Ministries\\\" din Moldova. \u00cempreun\u0103 cu so\u021bia mea\u00a0Anastasia, avem trei copii. Din Aprilie 2007 am oferit r\u0103spunsuri din Biblie pe acest site la \u00eentreb\u0103ri adresate de cititori. Mai mult despre mine citi\u021bi\u00a0aici.\",\"url\":\"https:\\\/\\\/moldovacrestina.md\\\/fr\\\/author\\\/vasile-filat\\\/\"}]}<\/script>\n<!-- \/ Yoast SEO Premium plugin. -->","yoast_head_json":{"title":"Le plus ancien livre","description":"Nulle part dans la Bible il n\u2019est \u00e9crit que les textes qu\u2019Elle contient sont les plus anciens.","robots":{"index":"index","follow":"follow","max-snippet":"max-snippet:-1","max-image-preview":"max-image-preview:large","max-video-preview":"max-video-preview:-1"},"canonical":"https:\/\/moldovacrestina.md\/fr\/est-ce-que-la-bible-est-le-livre-le-plus-ancien\/","og_locale":"fr_FR","og_type":"article","og_title":"Est-ce que la Bible est le livre le plus ancien?","og_description":"Nulle part dans la Bible il n\u2019est \u00e9crit que les textes qu\u2019Elle contient sont les plus anciens.","og_url":"https:\/\/moldovacrestina.md\/fr\/est-ce-que-la-bible-est-le-livre-le-plus-ancien\/","og_site_name":"Moldova Cre\u0219tin\u0103","article_publisher":"https:\/\/www.facebook.com\/moldovacrestina\/","article_published_time":"2011-10-10T10:16:43+00:00","article_modified_time":"2016-03-22T13:05:56+00:00","og_image":[{"width":423,"height":280,"url":"https:\/\/cdn.moldovacrestina.md\/2011\/10\/tora.jpg","type":"image\/jpeg"}],"author":"Vasile Filat","twitter_card":"summary_large_image","twitter_creator":"@moldovacrestina","twitter_site":"@moldovacrestina","twitter_misc":{"\u00c9crit par":"Vasile Filat"},"schema":{"@context":"https:\/\/schema.org","@graph":[{"@type":"Article","@id":"https:\/\/moldovacrestina.md\/fr\/est-ce-que-la-bible-est-le-livre-le-plus-ancien\/#article","isPartOf":{"@id":"https:\/\/moldovacrestina.md\/fr\/est-ce-que-la-bible-est-le-livre-le-plus-ancien\/"},"author":{"name":"Vasile Filat","@id":"https:\/\/moldovacrestina.md\/fr\/#\/schema\/person\/04b204bbb582cc832c3d2424f5d27dc0"},"headline":"Est-ce que la Bible est le livre le plus ancien?","datePublished":"2011-10-10T10:16:43+00:00","dateModified":"2016-03-22T13:05:56+00:00","mainEntityOfPage":{"@id":"https:\/\/moldovacrestina.md\/fr\/est-ce-que-la-bible-est-le-livre-le-plus-ancien\/"},"wordCount":88,"image":{"@id":"https:\/\/moldovacrestina.md\/fr\/est-ce-que-la-bible-est-le-livre-le-plus-ancien\/#primaryimage"},"thumbnailUrl":"https:\/\/moldovacrestina.md\/wp-content\/uploads\/2011\/10\/tora.jpg","keywords":["bible","le plus ancien livre","papyrus"],"articleSection":["Soci\u00e9t\u00e9"],"inLanguage":"fr-FR"},{"@type":"WebPage","@id":"https:\/\/moldovacrestina.md\/fr\/est-ce-que-la-bible-est-le-livre-le-plus-ancien\/","url":"https:\/\/moldovacrestina.md\/fr\/est-ce-que-la-bible-est-le-livre-le-plus-ancien\/","name":"Le plus ancien livre","isPartOf":{"@id":"https:\/\/moldovacrestina.md\/fr\/#website"},"primaryImageOfPage":{"@id":"https:\/\/moldovacrestina.md\/fr\/est-ce-que-la-bible-est-le-livre-le-plus-ancien\/#primaryimage"},"image":{"@id":"https:\/\/moldovacrestina.md\/fr\/est-ce-que-la-bible-est-le-livre-le-plus-ancien\/#primaryimage"},"thumbnailUrl":"https:\/\/moldovacrestina.md\/wp-content\/uploads\/2011\/10\/tora.jpg","datePublished":"2011-10-10T10:16:43+00:00","dateModified":"2016-03-22T13:05:56+00:00","author":{"@id":"https:\/\/moldovacrestina.md\/fr\/#\/schema\/person\/04b204bbb582cc832c3d2424f5d27dc0"},"description":"Nulle part dans la Bible il n\u2019est \u00e9crit que les textes qu\u2019Elle contient sont les plus anciens.","breadcrumb":{"@id":"https:\/\/moldovacrestina.md\/fr\/est-ce-que-la-bible-est-le-livre-le-plus-ancien\/#breadcrumb"},"inLanguage":"fr-FR","potentialAction":[{"@type":"ReadAction","target":["https:\/\/moldovacrestina.md\/fr\/est-ce-que-la-bible-est-le-livre-le-plus-ancien\/"]}]},{"@type":"ImageObject","inLanguage":"fr-FR","@id":"https:\/\/moldovacrestina.md\/fr\/est-ce-que-la-bible-est-le-livre-le-plus-ancien\/#primaryimage","url":"https:\/\/moldovacrestina.md\/wp-content\/uploads\/2011\/10\/tora.jpg","contentUrl":"https:\/\/moldovacrestina.md\/wp-content\/uploads\/2011\/10\/tora.jpg","width":423,"height":280},{"@type":"BreadcrumbList","@id":"https:\/\/moldovacrestina.md\/fr\/est-ce-que-la-bible-est-le-livre-le-plus-ancien\/#breadcrumb","itemListElement":[{"@type":"ListItem","position":1,"name":"Prima pagin\u0103","item":"https:\/\/moldovacrestina.md\/fr\/"},{"@type":"ListItem","position":2,"name":"Soci\u00e9t\u00e9","item":"https:\/\/moldovacrestina.md\/fr\/\/societe\/"},{"@type":"ListItem","position":3,"name":"Est-ce que la Bible est le livre le plus ancien?"}]},{"@type":"WebSite","@id":"https:\/\/moldovacrestina.md\/fr\/#website","url":"https:\/\/moldovacrestina.md\/fr\/","name":"Moldova Cre\u0219tin\u0103","description":"R\u0103spunsuri relevante \u0219i actuale din Biblie","potentialAction":[{"@type":"SearchAction","target":{"@type":"EntryPoint","urlTemplate":"https:\/\/moldovacrestina.md\/fr\/?s={search_term_string}"},"query-input":{"@type":"PropertyValueSpecification","valueRequired":true,"valueName":"search_term_string"}}],"inLanguage":"fr-FR"},{"@type":"Person","@id":"https:\/\/moldovacrestina.md\/fr\/#\/schema\/person\/04b204bbb582cc832c3d2424f5d27dc0","name":"Vasile Filat","image":{"@type":"ImageObject","inLanguage":"fr-FR","@id":"https:\/\/secure.gravatar.com\/avatar\/2e02d082d139dd6eb634318c9cf2c3a8281db62f24f87a134adb4f2020e77ab3?s=96&d=mm&r=g","url":"https:\/\/secure.gravatar.com\/avatar\/2e02d082d139dd6eb634318c9cf2c3a8281db62f24f87a134adb4f2020e77ab3?s=96&d=mm&r=g","contentUrl":"https:\/\/secure.gravatar.com\/avatar\/2e02d082d139dd6eb634318c9cf2c3a8281db62f24f87a134adb4f2020e77ab3?s=96&d=mm&r=g","caption":"Vasile Filat"},"description":"P\u0103storesc\u00a0Biserica Bunavestire din Chi\u0219in\u0103u, predau Cuv\u00e2ntul lui Dumnezeu la\u00a0Institutul de Studiu Biblic Inductiv din Eurasia\u00a0\u0219i conduc\u00a0Asocia\u021bia \"\u00cenv\u0103\u021b\u0103tur\u0103 din Cuv\u00e2nt - Precept Ministries\" din Moldova. \u00cempreun\u0103 cu so\u021bia mea\u00a0Anastasia, avem trei copii. Din Aprilie 2007 am oferit r\u0103spunsuri din Biblie pe acest site la \u00eentreb\u0103ri adresate de cititori. Mai mult despre mine citi\u021bi\u00a0aici.","url":"https:\/\/moldovacrestina.md\/fr\/author\/vasile-filat\/"}]}},"jetpack_featured_media_url":"https:\/\/moldovacrestina.md\/wp-content\/uploads\/2011\/10\/tora.jpg","video_meta":false,"featured_image":"https:\/\/moldovacrestina.md\/wp-content\/uploads\/2011\/10\/tora.jpg","wpml":{"language_code":"fr","locale":"fr_FR","text_direction":false,"display_name":"Fran\u00e7ais","native_name":"Francez\u0103","different_language":false},"jetpack-related-posts":[{"id":363051,"url":"https:\/\/moldovacrestina.md\/nu-va-strangeti-comori-pe-pamant\/","url_meta":{"origin":62962,"position":0},"title":"Nu v\u0103 str\u00e2nge\u0163i comori pe p\u0103m\u00e2nt","author":"Vasile Filat","date":"30 juin 2025","format":false,"excerpt":"Nu v\u0103 str\u00e2nge\u0163i comori pe p\u0103m\u00e2nt, unde le m\u0103n\u00e2nc\u0103 moliile \u0219i rugina \u0219i unde le sap\u0103 \u0219i le fur\u0103 ho\u0163ii; ci str\u00e2nge\u0163i-v\u0103 comori \u00een cer, unde nu le m\u0103n\u00e2nc\u0103 moliile \u0219i rugina \u0219i unde ho\u0163ii nu le sap\u0103, nici nu le fur\u0103. Pentru c\u0103 unde este comoara voastr\u0103, acolo va\u2026","rel":"","context":"<span class=\"jp-relatedposts-post-author\">Vasile Filat<\/span>","block_context":{"text":"MCTV","link":"https:\/\/moldovacrestina.md\/mctv\/"},"img":{"alt_text":"","src":"https:\/\/i0.wp.com\/cdn.moldovacrestina.md\/2025\/06\/37bfde08-jhxbg90vu-c.jpg?resize=350%2C200&ssl=1","width":350,"height":200,"srcset":"https:\/\/i0.wp.com\/cdn.moldovacrestina.md\/2025\/06\/37bfde08-jhxbg90vu-c.jpg?resize=350%2C200&ssl=1 1x, https:\/\/i0.wp.com\/cdn.moldovacrestina.md\/2025\/06\/37bfde08-jhxbg90vu-c.jpg?resize=525%2C300&ssl=1 1.5x, https:\/\/i0.wp.com\/cdn.moldovacrestina.md\/2025\/06\/37bfde08-jhxbg90vu-c.jpg?resize=700%2C400&ssl=1 2x, https:\/\/i0.wp.com\/cdn.moldovacrestina.md\/2025\/06\/37bfde08-jhxbg90vu-c.jpg?resize=1050%2C600&ssl=1 3x"},"classes":[]},{"id":82481,"url":"https:\/\/moldovacrestina.md\/ru\/izuchenie-biblii-na-yazykax-originala\/","url_meta":{"origin":62962,"position":1},"title":"\u0418\u0437\u0443\u0447\u0435\u043d\u0438\u0435 \u0411\u0438\u0431\u043b\u0438\u0438 \u043d\u0430 \u044f\u0437\u044b\u043a\u0430\u0445 \u043e\u0440\u0438\u0433\u0438\u043d\u0430\u043b\u0430","author":"Vasile Filat","date":"21 mars 2009","format":false,"excerpt":"Blue Letter Bible \u2013 \u044d\u0442\u043e \u043f\u043e\u0440\u0442\u0430\u043b, \u043a\u043e\u0442\u043e\u0440\u044b\u0439 \u043f\u0440\u0435\u0434\u043b\u0430\u0433\u0430\u0435\u0442 \u0443\u043d\u0438\u043a\u0430\u043b\u044c\u043d\u044b\u0435 \u0440\u0435\u0441\u0443\u0440\u0441\u044b \u0434\u043b\u044f \u0442\u0435\u0445, \u043a\u0442\u043e \u0437\u043d\u0430\u0435\u0442 \u0410\u043d\u0433\u043b\u0438\u0439\u0441\u043a\u0438\u0439 \u044f\u0437\u044b\u043a \u0438 \u0436\u0435\u043b\u0430\u0435\u0442 \u0438\u0437\u0443\u0447\u0430\u0442\u044c \u0411\u0438\u0431\u043b\u0435\u0439\u0441\u043a\u0438\u0435 \u0442\u0435\u043a\u0441\u0442\u044b \u0432 \u043e\u0440\u0438\u0433\u0438\u043d\u0430\u043b\u0435.","rel":"","context":"<span class=\"jp-relatedposts-post-author\">Vasile Filat<\/span>","block_context":{"text":"\u0414\u043e\u043a\u0442\u0440\u0438\u043d\u044b","link":"https:\/\/moldovacrestina.md\/ru\/otvety-iz-biblii\/doktriny-ru\/"},"img":{"alt_text":"","src":"","width":0,"height":0},"classes":[]},{"id":363310,"url":"https:\/\/moldovacrestina.md\/nici-la-moartea-parintilor-nu-va-oferi-mancare-cuiva\/","url_meta":{"origin":62962,"position":2},"title":"Nici la moartea p\u0103rin\u021bilor nu va oferi m\u00e2ncare cuiva\u2026","author":"Moldova Cre\u0219tin\u0103","date":"25 juillet 2025","format":false,"excerpt":"\u00ceNTREBARE: Pace, frate! Am \u0219i eu o nedumerire. M\u0103 contraziceam cu tata: \u00een caz de o \u00eenmorm\u00e2ntare, eu am zis c\u0103 nu a\u0219 da nici m\u0103car pr\u0103jituri \u0219i nici suc. Am zis doar ap\u0103, ca s\u0103 nu \u00eei fie cuiva sete. Tata mi-a zis s\u0103 vorbesc cu un predicator poc\u0103it\u2026","rel":"","context":"<span class=\"jp-relatedposts-post-author\">Moldova Cre\u0219tin\u0103<\/span>","block_context":{"text":"MCTV","link":"https:\/\/moldovacrestina.md\/mctv\/"},"img":{"alt_text":"","src":"https:\/\/i0.wp.com\/cdn.moldovacrestina.md\/2025\/07\/ba7ab153-h1zvfmsmux8.jpg?resize=350%2C200&ssl=1","width":350,"height":200,"srcset":"https:\/\/i0.wp.com\/cdn.moldovacrestina.md\/2025\/07\/ba7ab153-h1zvfmsmux8.jpg?resize=350%2C200&ssl=1 1x, https:\/\/i0.wp.com\/cdn.moldovacrestina.md\/2025\/07\/ba7ab153-h1zvfmsmux8.jpg?resize=525%2C300&ssl=1 1.5x, https:\/\/i0.wp.com\/cdn.moldovacrestina.md\/2025\/07\/ba7ab153-h1zvfmsmux8.jpg?resize=700%2C400&ssl=1 2x, https:\/\/i0.wp.com\/cdn.moldovacrestina.md\/2025\/07\/ba7ab153-h1zvfmsmux8.jpg?resize=1050%2C600&ssl=1 3x"},"classes":[]},{"id":365337,"url":"https:\/\/moldovacrestina.md\/cum-sa-te-bucuri-de-avere-fara-sa-cazi-in-lux-si-risipa-pastor-vasile-filat\/","url_meta":{"origin":62962,"position":3},"title":"Cum s\u0103 te bucuri de avere f\u0103r\u0103 s\u0103 cazi \u00een lux \u0219i risip\u0103? | Pastor Vasile Filat","author":"Moldova Cre\u0219tin\u0103","date":"29 avril 2026","format":false,"excerpt":"Biblia nu condamn\u0103 bog\u0103\u021bia, ci inima care se leag\u0103 de ea. \u00cen acest mesaj, Pastorul Vasile Filat explic\u0103 din Scriptur\u0103 cum \u00eei \u00eenva\u021b\u0103 Dumnezeu pe boga\u021bii veacului acestuia s\u0103 fie genero\u0219i, s\u0103 fac\u0103 bine \u0219i, \u00een acela\u0219i timp, s\u0103 se bucure de ceea ce El le-a dat \u2014 f\u0103r\u0103 a\u2026","rel":"","context":"<span class=\"jp-relatedposts-post-author\">Moldova Cre\u0219tin\u0103<\/span>","block_context":{"text":"MCTV","link":"https:\/\/moldovacrestina.md\/mctv\/"},"img":{"alt_text":"","src":"https:\/\/i0.wp.com\/cdn.moldovacrestina.md\/2026\/04\/75dfc91a-305_ass0atm.jpg?resize=350%2C200&ssl=1","width":350,"height":200,"srcset":"https:\/\/i0.wp.com\/cdn.moldovacrestina.md\/2026\/04\/75dfc91a-305_ass0atm.jpg?resize=350%2C200&ssl=1 1x, https:\/\/i0.wp.com\/cdn.moldovacrestina.md\/2026\/04\/75dfc91a-305_ass0atm.jpg?resize=525%2C300&ssl=1 1.5x, https:\/\/i0.wp.com\/cdn.moldovacrestina.md\/2026\/04\/75dfc91a-305_ass0atm.jpg?resize=700%2C400&ssl=1 2x, https:\/\/i0.wp.com\/cdn.moldovacrestina.md\/2026\/04\/75dfc91a-305_ass0atm.jpg?resize=1050%2C600&ssl=1 3x"},"classes":[]},{"id":363140,"url":"https:\/\/moldovacrestina.md\/de-ce-cartera-lui-enoh-a-fost-exclusa-din-bible\/","url_meta":{"origin":62962,"position":4},"title":"De ce cartera lui ENOH a fost exclus\u0103 din Bible?","author":"Moldova Cre\u0219tin\u0103","date":"7 juillet 2025","format":false,"excerpt":"Cartea lui Enoh a fost cunoscut\u0103 de primii cre\u0219tini, dar totu\u0219i a fost l\u0103sat\u0103 \u00een afara Scripturii. Este cartea lui Enoh inspirat\u0103 sau doar o scriere religioas\u0103 veche? Descoper\u0103 de ce nu a fost inclus\u0103 \u00een canonul biblic. \u2753Pune o \u00eentrebare: https:\/\/moldovacrestina.md\/ask-the-pastor sau la email contact@moldovacrestina.md \ud83c\udf81 Devino membru \u0219i\u2026","rel":"","context":"<span class=\"jp-relatedposts-post-author\">Moldova Cre\u0219tin\u0103<\/span>","block_context":{"text":"MCTV","link":"https:\/\/moldovacrestina.md\/mctv\/"},"img":{"alt_text":"","src":"https:\/\/i0.wp.com\/cdn.moldovacrestina.md\/2025\/07\/9bcc5a04-hfi3d3ej7qu.jpg?resize=350%2C200&ssl=1","width":350,"height":200,"srcset":"https:\/\/i0.wp.com\/cdn.moldovacrestina.md\/2025\/07\/9bcc5a04-hfi3d3ej7qu.jpg?resize=350%2C200&ssl=1 1x, https:\/\/i0.wp.com\/cdn.moldovacrestina.md\/2025\/07\/9bcc5a04-hfi3d3ej7qu.jpg?resize=525%2C300&ssl=1 1.5x, https:\/\/i0.wp.com\/cdn.moldovacrestina.md\/2025\/07\/9bcc5a04-hfi3d3ej7qu.jpg?resize=700%2C400&ssl=1 2x, https:\/\/i0.wp.com\/cdn.moldovacrestina.md\/2025\/07\/9bcc5a04-hfi3d3ej7qu.jpg?resize=1050%2C600&ssl=1 3x"},"classes":[]},{"id":362955,"url":"https:\/\/moldovacrestina.md\/de-ce-femeia-din-soroca-a-aruncat-in-fantana-bebelusul-avortat\/","url_meta":{"origin":62962,"position":5},"title":"De ce femeia din Soroca a aruncat \u00een f\u00e2nt\u0103n\u0103 bebelu\u0219ul avortat?","author":"Moldova Cre\u0219tin\u0103","date":"23 juin 2025","format":false,"excerpt":"Nu este doar o tragedie social\u0103, ci o dram\u0103 spiritual\u0103 profund\u0103. Ce se afl\u0103 \u00een spatele unui astfel de gest \u0219i ce spune Biblia despre valoarea vie\u021bii? \u0218tirea preluat\u0103 de pe canalul ProTV https:\/\/protv.md\/ \u00cenregistreaz\u0103-te acum la Summer English Academy 5-12 iulie https:\/\/bit.ly\/3TmxXvF Aplic\u0103 promo codul VasileFilat10 pentru o reducere\u2026","rel":"","context":"<span class=\"jp-relatedposts-post-author\">Moldova Cre\u0219tin\u0103<\/span>","block_context":{"text":"MCTV","link":"https:\/\/moldovacrestina.md\/mctv\/"},"img":{"alt_text":"","src":"https:\/\/i0.wp.com\/cdn.moldovacrestina.md\/2025\/06\/bc398eb7-9wldzuigdbq.jpg?resize=350%2C200&ssl=1","width":350,"height":200,"srcset":"https:\/\/i0.wp.com\/cdn.moldovacrestina.md\/2025\/06\/bc398eb7-9wldzuigdbq.jpg?resize=350%2C200&ssl=1 1x, https:\/\/i0.wp.com\/cdn.moldovacrestina.md\/2025\/06\/bc398eb7-9wldzuigdbq.jpg?resize=525%2C300&ssl=1 1.5x, https:\/\/i0.wp.com\/cdn.moldovacrestina.md\/2025\/06\/bc398eb7-9wldzuigdbq.jpg?resize=700%2C400&ssl=1 2x, https:\/\/i0.wp.com\/cdn.moldovacrestina.md\/2025\/06\/bc398eb7-9wldzuigdbq.jpg?resize=1050%2C600&ssl=1 3x"},"classes":[]}],"jetpack_sharing_enabled":true,"_links":{"self":[{"href":"https:\/\/moldovacrestina.md\/fr\/wp-json\/wp\/v2\/posts\/62962","targetHints":{"allow":["GET"]}}],"collection":[{"href":"https:\/\/moldovacrestina.md\/fr\/wp-json\/wp\/v2\/posts"}],"about":[{"href":"https:\/\/moldovacrestina.md\/fr\/wp-json\/wp\/v2\/types\/post"}],"author":[{"embeddable":true,"href":"https:\/\/moldovacrestina.md\/fr\/wp-json\/wp\/v2\/users\/46"}],"replies":[{"embeddable":true,"href":"https:\/\/moldovacrestina.md\/fr\/wp-json\/wp\/v2\/comments?post=62962"}],"version-history":[{"count":0,"href":"https:\/\/moldovacrestina.md\/fr\/wp-json\/wp\/v2\/posts\/62962\/revisions"}],"wp:featuredmedia":[{"embeddable":true,"href":"https:\/\/moldovacrestina.md\/fr\/wp-json\/wp\/v2\/media\/91443"}],"wp:attachment":[{"href":"https:\/\/moldovacrestina.md\/fr\/wp-json\/wp\/v2\/media?parent=62962"}],"wp:term":[{"taxonomy":"category","embeddable":true,"href":"https:\/\/moldovacrestina.md\/fr\/wp-json\/wp\/v2\/categories?post=62962"},{"taxonomy":"post_tag","embeddable":true,"href":"https:\/\/moldovacrestina.md\/fr\/wp-json\/wp\/v2\/tags?post=62962"}],"curies":[{"name":"wp","href":"https:\/\/api.w.org\/{rel}","templated":true}]}}