{"id":62466,"date":"2011-07-13T09:57:00","date_gmt":"2011-07-13T07:57:00","guid":{"rendered":"https:\/\/moldovacrestina.md\/si-chez-une-personne-christ-ne-vit-pas-est-ce-quil-est-possible-que-viennent-dautres-esprits-matthieu-1243-45"},"modified":"2017-05-03T18:47:06","modified_gmt":"2017-05-03T16:47:06","slug":"si-chez-une-personne-christ-ne-vit-pas-est-ce-quil-est-possible-que-viennent-dautres-esprits-matthieu-1243-45","status":"publish","type":"post","link":"https:\/\/moldovacrestina.md\/fr\/si-chez-une-personne-christ-ne-vit-pas-est-ce-quil-est-possible-que-viennent-dautres-esprits-matthieu-1243-45\/","title":{"rendered":"Si chez une personne Christ ne vit pas, est-ce qu\u2019il est possible que viennent d&#8217;autres esprits? (Matthieu 12:43-45)"},"content":{"rendered":"<p><img loading=\"lazy\" decoding=\"async\" class=\"alignnone size-full wp-image-89723\" src=\"https:\/\/cdn.moldovacrestina.md\/2011\/07\/drinking-whiskey.jpg\" alt=\"\" width=\"500\" height=\"500\" \/><\/p>\n<p>Question:<\/p>\n<blockquote class=\"td_quote_box td_box_center\"><p>Je vous en prie donnez-moi une explication du passage de Matthieu 12:43-45. Je veux comprendre ce que signifie la phrase \u201cMieux vaut regagner la demeure que j\u2019ai quitt\u00e9e.\u201d Si chez une personne Christ ne vit pas, est-il possible que viennent d\u2019autres esprits ?<\/p><\/blockquote>\n<p>Avant de r\u00e9pondre il est bien que je cite enti\u00e8rement le passage biblique auquel vous avez fait r\u00e9f\u00e9rence :<\/p>\n<blockquote class=\"td_quote_box td_box_center\"><p>Lorsqu\u2019un esprit mauvais est sorti de quelqu\u2019un, il erre \u00e7\u00e0 et l\u00e0 dans des lieux d\u00e9serts, \u00e0 la recherche d\u2019un lieu de repos et il n\u2019en trouve pas. Il se dit alors: Mieux vaut regagner la demeure que j\u2019ai quitt\u00e9e. Il y retourne donc et la trouve vide, balay\u00e9e, et mise en ordre. Alors il va chercher sept autres esprits encore plus m\u00e9chants que lui et les ram\u00e8ne avec lui. Ils envahissent la demeure et s\u2019y installent. Finalement, la condition de cet homme est pire qu\u2019avant. C\u2019est exactement ce qui arrivera \u00e0 ces gens de notre temps qui sont mauvais. (Matthieu 12:43-45)<\/p><\/blockquote>\n<p>Ce texte ne dit pas que si chez un homme l\u2019esprit de Christ ne vit pas, il est in\u00e9vitable que viennent habiter l\u00e0 des esprits mauvais. Ainsi nous pouvons penser que tous les non-croyants sont poss\u00e9d\u00e9s par des esprits mauvais, mais ce n\u2019est pas vrai.<\/p>\n<p>Pour mieux comprendre ce passage il faut conna\u00eetre \u00e0 qui sont adress\u00e9es les affirmations de ce texte. Dans la premi\u00e8re partie du chapitre 12 de l\u2019Evangile de Matthieu il est rapport\u00e9 un cas o\u00f9 le Seigneur J\u00e9sus a trait\u00e9 un homme sauvage qui \u00e9tait aveugle et muet.<\/p>\n<blockquote class=\"td_quote_box td_box_center\"><p>On lui amena encore un homme qui \u00e9tait sous l\u2019emprise d\u2019un d\u00e9mon qui le rendait aveugle et muet. J\u00e9sus le gu\u00e9rit, et l\u2019homme put de nouveau parler et voir. La foule, stup\u00e9faite, disait: Cet homme n\u2019est-il pas le Fils de David? Les pharisiens, ayant appris ce qu\u2019on disait de lui, d\u00e9clar\u00e8rent: Si cet homme chasse les d\u00e9mons, c\u2019est par le pouvoir de B\u00e9elz\u00e9bul, le chef des d\u00e9mons. Mais J\u00e9sus, connaissant leurs pens\u00e9es, leur dit: Un pays d\u00e9chir\u00e9 par la guerre civile est d\u00e9vast\u00e9. Aucune ville, aucune famille divis\u00e9e ne peut subsister. Si donc Satan se met \u00e0 chasser Satan, son royaume est divis\u00e9 contre lui-m\u00eame. Comment alors ce royaume subsistera-t-il? D\u2019ailleurs, si moi je chasse les d\u00e9mons par B\u00e9elz\u00e9bul, qui donc donne \u00e0 vos disciples le pouvoir de les chasser? C\u2019est pourquoi ils seront eux-m\u00eames vos juges. Mais si c\u2019est par l\u2019Esprit de Dieu que je chasse les d\u00e9mons, alors, de toute \u00e9vidence, le royaume de Dieu est venu jusqu\u2019\u00e0 vous. Ou encore: Comment quelqu\u2019un peut-il p\u00e9n\u00e9trer dans la maison d\u2019un homme fort et s\u2019emparer de ses biens s\u2019il n\u2019a pas, tout d\u2019abord, ligot\u00e9 cet homme fort? C\u2019est alors qu\u2019il pillera sa maison. Celui qui n\u2019est pas avec moi, est contre moi, et celui qui ne se joint pas \u00e0 moi pour rassembler, disperse. C\u2019est pourquoi je vous avertis: tout p\u00e9ch\u00e9, tout blasph\u00e8me sera pardonn\u00e9 aux hommes mais pas le blasph\u00e8me contre le Saint-Esprit. Si quelqu\u2019un s\u2019oppose au Fils de l\u2019homme, il lui sera pardonn\u00e9; mais si quelqu\u2019un s\u2019oppose au Saint-Esprit, il ne recevra pas le pardon, ni dans la vie pr\u00e9sente ni dans le monde \u00e0 venir. (Matthieu 12:22-32)<\/p><\/blockquote>\n<p>Les pharisiens, m\u00eame\u00a0 s\u2019ils ont vu cette grande merveille, ils ont blasph\u00e9m\u00e9 contre le Saint Esprit, car ils ont attribu\u00e9 \u00e0 B\u00e9elz\u00e9bul, qui est le seigneur des diables, la merveille accompli par J\u00e9sus Christ. Alors J\u00e9sus les a r\u00e9primand\u00e9 et leurs a dit la gravit\u00e9 de leur p\u00e9ch\u00e9\u2026<\/p>\n<blockquote class=\"td_quote_box td_box_center\"><p>Quelques sp\u00e9cialistes de la Loi et des pharisiens intervinrent en disant: Ma\u00eetre, nous voudrions te voir faire un signe miraculeux. Il leur r\u00e9pondit: Ces gens de notre temps qui sont mauvais et infid\u00e8les \u00e0 Dieu r\u00e9clament un signe miraculeux! Un signe\u2026 il ne leur en sera pas accord\u00e9 d\u2019autre que celui du proph\u00e8te Jonas. (Matthieu 12:38-39)<\/p><\/blockquote>\n<p>Ce peuple m\u00e9chant et adult\u00e8re ce sont les pharisiens et les scribes qui m\u00eame s\u2019ils ont vu la merveille, ont attribu\u00e9 cela au seigneur des diables. C\u2019est pourquoi, le Seigneur J\u00e9sus dit que leur perspective est de devenir poss\u00e9d\u00e9s par des esprit mauvais alors m\u00eame qu\u2019ils rejettent d\u2019une mani\u00e8re m\u00e9chante le travail et le pouvoir du Saint Esprit qu\u2019ils ont vu en action.<\/p>\n<p><em>L\u2019article a \u00e9t\u00e9 traduit par Irina Batin.<\/em><\/p>\n","protected":false},"excerpt":{"rendered":"<p>Question: Je vous en prie donnez-moi une explication du passage de Matthieu 12:43-45. Je veux comprendre ce que signifie la phrase \u201cMieux vaut regagner la demeure que j\u2019ai quitt\u00e9e.\u201d Si chez une personne Christ ne vit pas, est-il possible que viennent d\u2019autres esprits ? Avant de r\u00e9pondre il est bien que je cite enti\u00e8rement le [&hellip;]<\/p>\n","protected":false},"author":46,"featured_media":89723,"comment_status":"closed","ping_status":"closed","sticky":false,"template":"","format":"standard","meta":{"_acf_changed":false,"inline_featured_image":false,"_monsterinsights_skip_tracking":false,"_monsterinsights_sitenote_active":false,"_monsterinsights_sitenote_note":"","_monsterinsights_sitenote_category":0,"_genesis_hide_title":false,"_genesis_hide_breadcrumbs":false,"_genesis_hide_singular_image":false,"_genesis_hide_footer_widgets":false,"_genesis_custom_body_class":"","_genesis_custom_post_class":"","_genesis_layout":"","ep_exclude_from_search":false,"_jetpack_memberships_contains_paid_content":false,"footnotes":""},"categories":[29840],"tags":[12071,12072,12073,12074,12075],"class_list":{"0":"post-62466","1":"post","2":"type-post","3":"status-publish","4":"format-standard","5":"has-post-thumbnail","7":"category-reponses-de-la-bible","8":"tag-blaspheme","9":"tag-dautres-esprits","10":"tag-diables","11":"tag-lesprit-de-christ","12":"tag-possedes","13":"entry"},"acf":[],"yoast_head":"<!-- This site is optimized with the Yoast SEO Premium plugin v26.5 (Yoast SEO v27.4) - https:\/\/yoast.com\/product\/yoast-seo-premium-wordpress\/ -->\n<title>Quand dans un homme viennent les mauvais esprits?<\/title>\n<meta name=\"description\" content=\"Si un homme a Le Saint Esprit il n&#039;est pas possible qu&#039;ils viennent des mauvais esprits, mai si la personne n&#039;a pas le Saint Esprit, cela dit que dans lui peuvent venir des mauvais esprits?\" \/>\n<meta name=\"robots\" content=\"index, follow, max-snippet:-1, max-image-preview:large, max-video-preview:-1\" \/>\n<link rel=\"canonical\" href=\"https:\/\/moldovacrestina.md\/fr\/si-chez-une-personne-christ-ne-vit-pas-est-ce-quil-est-possible-que-viennent-dautres-esprits-matthieu-1243-45\/\" \/>\n<meta property=\"og:locale\" content=\"fr_FR\" \/>\n<meta property=\"og:type\" content=\"article\" \/>\n<meta property=\"og:title\" content=\"Si chez une personne Christ ne vit pas, est-ce qu\u2019il est possible que viennent d&#039;autres esprits? (Matthieu 12:43-45)\" \/>\n<meta property=\"og:description\" content=\"Si un homme a Le Saint Esprit il n&#039;est pas possible qu&#039;ils viennent des mauvais esprits, mai si la personne n&#039;a pas le Saint Esprit, cela dit que dans lui peuvent venir des mauvais esprits?\" \/>\n<meta property=\"og:url\" content=\"https:\/\/moldovacrestina.md\/fr\/si-chez-une-personne-christ-ne-vit-pas-est-ce-quil-est-possible-que-viennent-dautres-esprits-matthieu-1243-45\/\" \/>\n<meta property=\"og:site_name\" content=\"Moldova Cre\u0219tin\u0103\" \/>\n<meta property=\"article:publisher\" content=\"https:\/\/www.facebook.com\/moldovacrestina\/\" \/>\n<meta property=\"article:published_time\" content=\"2011-07-13T07:57:00+00:00\" \/>\n<meta property=\"article:modified_time\" content=\"2017-05-03T16:47:06+00:00\" \/>\n<meta property=\"og:image\" content=\"https:\/\/cdn.moldovacrestina.md\/2011\/07\/drinking-whiskey.jpg\" \/>\n\t<meta property=\"og:image:width\" content=\"500\" \/>\n\t<meta property=\"og:image:height\" content=\"500\" \/>\n\t<meta property=\"og:image:type\" content=\"image\/jpeg\" \/>\n<meta name=\"author\" content=\"Vasile Filat\" \/>\n<meta name=\"twitter:card\" content=\"summary_large_image\" \/>\n<meta name=\"twitter:creator\" content=\"@moldovacrestina\" \/>\n<meta name=\"twitter:site\" content=\"@moldovacrestina\" \/>\n<meta name=\"twitter:label1\" content=\"\u00c9crit par\" \/>\n\t<meta name=\"twitter:data1\" content=\"Vasile Filat\" \/>\n\t<meta name=\"twitter:label2\" content=\"Dur\u00e9e de lecture estim\u00e9e\" \/>\n\t<meta name=\"twitter:data2\" content=\"4 minutes\" \/>\n<script type=\"application\/ld+json\" class=\"yoast-schema-graph\">{\"@context\":\"https:\\\/\\\/schema.org\",\"@graph\":[{\"@type\":\"Article\",\"@id\":\"https:\\\/\\\/moldovacrestina.md\\\/fr\\\/si-chez-une-personne-christ-ne-vit-pas-est-ce-quil-est-possible-que-viennent-dautres-esprits-matthieu-1243-45\\\/#article\",\"isPartOf\":{\"@id\":\"https:\\\/\\\/moldovacrestina.md\\\/fr\\\/si-chez-une-personne-christ-ne-vit-pas-est-ce-quil-est-possible-que-viennent-dautres-esprits-matthieu-1243-45\\\/\"},\"author\":{\"name\":\"Vasile Filat\",\"@id\":\"https:\\\/\\\/moldovacrestina.md\\\/fr\\\/#\\\/schema\\\/person\\\/04b204bbb582cc832c3d2424f5d27dc0\"},\"headline\":\"Si chez une personne Christ ne vit pas, est-ce qu\u2019il est possible que viennent d&#8217;autres esprits? (Matthieu 12:43-45)\",\"datePublished\":\"2011-07-13T07:57:00+00:00\",\"dateModified\":\"2017-05-03T16:47:06+00:00\",\"mainEntityOfPage\":{\"@id\":\"https:\\\/\\\/moldovacrestina.md\\\/fr\\\/si-chez-une-personne-christ-ne-vit-pas-est-ce-quil-est-possible-que-viennent-dautres-esprits-matthieu-1243-45\\\/\"},\"wordCount\":821,\"image\":{\"@id\":\"https:\\\/\\\/moldovacrestina.md\\\/fr\\\/si-chez-une-personne-christ-ne-vit-pas-est-ce-quil-est-possible-que-viennent-dautres-esprits-matthieu-1243-45\\\/#primaryimage\"},\"thumbnailUrl\":\"https:\\\/\\\/moldovacrestina.md\\\/wp-content\\\/uploads\\\/2011\\\/07\\\/drinking-whiskey.jpg\",\"keywords\":[\"blasph\u00e9m\u00e9\",\"dautres esprits\",\"diables\",\"lEsprit de Christ\",\"poss\u00e9d\u00e9s\"],\"articleSection\":[\"R\u00e9ponses de la Bible\"],\"inLanguage\":\"fr-FR\"},{\"@type\":\"WebPage\",\"@id\":\"https:\\\/\\\/moldovacrestina.md\\\/fr\\\/si-chez-une-personne-christ-ne-vit-pas-est-ce-quil-est-possible-que-viennent-dautres-esprits-matthieu-1243-45\\\/\",\"url\":\"https:\\\/\\\/moldovacrestina.md\\\/fr\\\/si-chez-une-personne-christ-ne-vit-pas-est-ce-quil-est-possible-que-viennent-dautres-esprits-matthieu-1243-45\\\/\",\"name\":\"Quand dans un homme viennent les mauvais esprits?\",\"isPartOf\":{\"@id\":\"https:\\\/\\\/moldovacrestina.md\\\/fr\\\/#website\"},\"primaryImageOfPage\":{\"@id\":\"https:\\\/\\\/moldovacrestina.md\\\/fr\\\/si-chez-une-personne-christ-ne-vit-pas-est-ce-quil-est-possible-que-viennent-dautres-esprits-matthieu-1243-45\\\/#primaryimage\"},\"image\":{\"@id\":\"https:\\\/\\\/moldovacrestina.md\\\/fr\\\/si-chez-une-personne-christ-ne-vit-pas-est-ce-quil-est-possible-que-viennent-dautres-esprits-matthieu-1243-45\\\/#primaryimage\"},\"thumbnailUrl\":\"https:\\\/\\\/moldovacrestina.md\\\/wp-content\\\/uploads\\\/2011\\\/07\\\/drinking-whiskey.jpg\",\"datePublished\":\"2011-07-13T07:57:00+00:00\",\"dateModified\":\"2017-05-03T16:47:06+00:00\",\"author\":{\"@id\":\"https:\\\/\\\/moldovacrestina.md\\\/fr\\\/#\\\/schema\\\/person\\\/04b204bbb582cc832c3d2424f5d27dc0\"},\"description\":\"Si un homme a Le Saint Esprit il n'est pas possible qu'ils viennent des mauvais esprits, mai si la personne n'a pas le Saint Esprit, cela dit que dans lui peuvent venir des mauvais esprits?\",\"breadcrumb\":{\"@id\":\"https:\\\/\\\/moldovacrestina.md\\\/fr\\\/si-chez-une-personne-christ-ne-vit-pas-est-ce-quil-est-possible-que-viennent-dautres-esprits-matthieu-1243-45\\\/#breadcrumb\"},\"inLanguage\":\"fr-FR\",\"potentialAction\":[{\"@type\":\"ReadAction\",\"target\":[\"https:\\\/\\\/moldovacrestina.md\\\/fr\\\/si-chez-une-personne-christ-ne-vit-pas-est-ce-quil-est-possible-que-viennent-dautres-esprits-matthieu-1243-45\\\/\"]}]},{\"@type\":\"ImageObject\",\"inLanguage\":\"fr-FR\",\"@id\":\"https:\\\/\\\/moldovacrestina.md\\\/fr\\\/si-chez-une-personne-christ-ne-vit-pas-est-ce-quil-est-possible-que-viennent-dautres-esprits-matthieu-1243-45\\\/#primaryimage\",\"url\":\"https:\\\/\\\/moldovacrestina.md\\\/wp-content\\\/uploads\\\/2011\\\/07\\\/drinking-whiskey.jpg\",\"contentUrl\":\"https:\\\/\\\/moldovacrestina.md\\\/wp-content\\\/uploads\\\/2011\\\/07\\\/drinking-whiskey.jpg\",\"width\":500,\"height\":500},{\"@type\":\"BreadcrumbList\",\"@id\":\"https:\\\/\\\/moldovacrestina.md\\\/fr\\\/si-chez-une-personne-christ-ne-vit-pas-est-ce-quil-est-possible-que-viennent-dautres-esprits-matthieu-1243-45\\\/#breadcrumb\",\"itemListElement\":[{\"@type\":\"ListItem\",\"position\":1,\"name\":\"Prima pagin\u0103\",\"item\":\"https:\\\/\\\/moldovacrestina.md\\\/fr\\\/\"},{\"@type\":\"ListItem\",\"position\":2,\"name\":\"R\u00e9ponses de la Bible\",\"item\":\"https:\\\/\\\/moldovacrestina.md\\\/fr\\\/reponses-de-la-bible\\\/\"},{\"@type\":\"ListItem\",\"position\":3,\"name\":\"Si chez une personne Christ ne vit pas, est-ce qu\u2019il est possible que viennent d&#8217;autres esprits? (Matthieu 12:43-45)\"}]},{\"@type\":\"WebSite\",\"@id\":\"https:\\\/\\\/moldovacrestina.md\\\/fr\\\/#website\",\"url\":\"https:\\\/\\\/moldovacrestina.md\\\/fr\\\/\",\"name\":\"Moldova Cre\u0219tin\u0103\",\"description\":\"R\u0103spunsuri relevante \u0219i actuale din Biblie\",\"potentialAction\":[{\"@type\":\"SearchAction\",\"target\":{\"@type\":\"EntryPoint\",\"urlTemplate\":\"https:\\\/\\\/moldovacrestina.md\\\/fr\\\/?s={search_term_string}\"},\"query-input\":{\"@type\":\"PropertyValueSpecification\",\"valueRequired\":true,\"valueName\":\"search_term_string\"}}],\"inLanguage\":\"fr-FR\"},{\"@type\":\"Person\",\"@id\":\"https:\\\/\\\/moldovacrestina.md\\\/fr\\\/#\\\/schema\\\/person\\\/04b204bbb582cc832c3d2424f5d27dc0\",\"name\":\"Vasile Filat\",\"image\":{\"@type\":\"ImageObject\",\"inLanguage\":\"fr-FR\",\"@id\":\"https:\\\/\\\/secure.gravatar.com\\\/avatar\\\/2e02d082d139dd6eb634318c9cf2c3a8281db62f24f87a134adb4f2020e77ab3?s=96&d=mm&r=g\",\"url\":\"https:\\\/\\\/secure.gravatar.com\\\/avatar\\\/2e02d082d139dd6eb634318c9cf2c3a8281db62f24f87a134adb4f2020e77ab3?s=96&d=mm&r=g\",\"contentUrl\":\"https:\\\/\\\/secure.gravatar.com\\\/avatar\\\/2e02d082d139dd6eb634318c9cf2c3a8281db62f24f87a134adb4f2020e77ab3?s=96&d=mm&r=g\",\"caption\":\"Vasile Filat\"},\"description\":\"P\u0103storesc\u00a0Biserica Bunavestire din Chi\u0219in\u0103u, predau Cuv\u00e2ntul lui Dumnezeu la\u00a0Institutul de Studiu Biblic Inductiv din Eurasia\u00a0\u0219i conduc\u00a0Asocia\u021bia \\\"\u00cenv\u0103\u021b\u0103tur\u0103 din Cuv\u00e2nt - Precept Ministries\\\" din Moldova. \u00cempreun\u0103 cu so\u021bia mea\u00a0Anastasia, avem trei copii. Din Aprilie 2007 am oferit r\u0103spunsuri din Biblie pe acest site la \u00eentreb\u0103ri adresate de cititori. Mai mult despre mine citi\u021bi\u00a0aici.\",\"url\":\"https:\\\/\\\/moldovacrestina.md\\\/fr\\\/author\\\/vasile-filat\\\/\"}]}<\/script>\n<!-- \/ Yoast SEO Premium plugin. -->","yoast_head_json":{"title":"Quand dans un homme viennent les mauvais esprits?","description":"Si un homme a Le Saint Esprit il n'est pas possible qu'ils viennent des mauvais esprits, mai si la personne n'a pas le Saint Esprit, cela dit que dans lui peuvent venir des mauvais esprits?","robots":{"index":"index","follow":"follow","max-snippet":"max-snippet:-1","max-image-preview":"max-image-preview:large","max-video-preview":"max-video-preview:-1"},"canonical":"https:\/\/moldovacrestina.md\/fr\/si-chez-une-personne-christ-ne-vit-pas-est-ce-quil-est-possible-que-viennent-dautres-esprits-matthieu-1243-45\/","og_locale":"fr_FR","og_type":"article","og_title":"Si chez une personne Christ ne vit pas, est-ce qu\u2019il est possible que viennent d'autres esprits? (Matthieu 12:43-45)","og_description":"Si un homme a Le Saint Esprit il n'est pas possible qu'ils viennent des mauvais esprits, mai si la personne n'a pas le Saint Esprit, cela dit que dans lui peuvent venir des mauvais esprits?","og_url":"https:\/\/moldovacrestina.md\/fr\/si-chez-une-personne-christ-ne-vit-pas-est-ce-quil-est-possible-que-viennent-dautres-esprits-matthieu-1243-45\/","og_site_name":"Moldova Cre\u0219tin\u0103","article_publisher":"https:\/\/www.facebook.com\/moldovacrestina\/","article_published_time":"2011-07-13T07:57:00+00:00","article_modified_time":"2017-05-03T16:47:06+00:00","og_image":[{"width":500,"height":500,"url":"https:\/\/cdn.moldovacrestina.md\/2011\/07\/drinking-whiskey.jpg","type":"image\/jpeg"}],"author":"Vasile Filat","twitter_card":"summary_large_image","twitter_creator":"@moldovacrestina","twitter_site":"@moldovacrestina","twitter_misc":{"\u00c9crit par":"Vasile Filat","Dur\u00e9e de lecture estim\u00e9e":"4 minutes"},"schema":{"@context":"https:\/\/schema.org","@graph":[{"@type":"Article","@id":"https:\/\/moldovacrestina.md\/fr\/si-chez-une-personne-christ-ne-vit-pas-est-ce-quil-est-possible-que-viennent-dautres-esprits-matthieu-1243-45\/#article","isPartOf":{"@id":"https:\/\/moldovacrestina.md\/fr\/si-chez-une-personne-christ-ne-vit-pas-est-ce-quil-est-possible-que-viennent-dautres-esprits-matthieu-1243-45\/"},"author":{"name":"Vasile Filat","@id":"https:\/\/moldovacrestina.md\/fr\/#\/schema\/person\/04b204bbb582cc832c3d2424f5d27dc0"},"headline":"Si chez une personne Christ ne vit pas, est-ce qu\u2019il est possible que viennent d&#8217;autres esprits? (Matthieu 12:43-45)","datePublished":"2011-07-13T07:57:00+00:00","dateModified":"2017-05-03T16:47:06+00:00","mainEntityOfPage":{"@id":"https:\/\/moldovacrestina.md\/fr\/si-chez-une-personne-christ-ne-vit-pas-est-ce-quil-est-possible-que-viennent-dautres-esprits-matthieu-1243-45\/"},"wordCount":821,"image":{"@id":"https:\/\/moldovacrestina.md\/fr\/si-chez-une-personne-christ-ne-vit-pas-est-ce-quil-est-possible-que-viennent-dautres-esprits-matthieu-1243-45\/#primaryimage"},"thumbnailUrl":"https:\/\/moldovacrestina.md\/wp-content\/uploads\/2011\/07\/drinking-whiskey.jpg","keywords":["blasph\u00e9m\u00e9","dautres esprits","diables","lEsprit de Christ","poss\u00e9d\u00e9s"],"articleSection":["R\u00e9ponses de la Bible"],"inLanguage":"fr-FR"},{"@type":"WebPage","@id":"https:\/\/moldovacrestina.md\/fr\/si-chez-une-personne-christ-ne-vit-pas-est-ce-quil-est-possible-que-viennent-dautres-esprits-matthieu-1243-45\/","url":"https:\/\/moldovacrestina.md\/fr\/si-chez-une-personne-christ-ne-vit-pas-est-ce-quil-est-possible-que-viennent-dautres-esprits-matthieu-1243-45\/","name":"Quand dans un homme viennent les mauvais esprits?","isPartOf":{"@id":"https:\/\/moldovacrestina.md\/fr\/#website"},"primaryImageOfPage":{"@id":"https:\/\/moldovacrestina.md\/fr\/si-chez-une-personne-christ-ne-vit-pas-est-ce-quil-est-possible-que-viennent-dautres-esprits-matthieu-1243-45\/#primaryimage"},"image":{"@id":"https:\/\/moldovacrestina.md\/fr\/si-chez-une-personne-christ-ne-vit-pas-est-ce-quil-est-possible-que-viennent-dautres-esprits-matthieu-1243-45\/#primaryimage"},"thumbnailUrl":"https:\/\/moldovacrestina.md\/wp-content\/uploads\/2011\/07\/drinking-whiskey.jpg","datePublished":"2011-07-13T07:57:00+00:00","dateModified":"2017-05-03T16:47:06+00:00","author":{"@id":"https:\/\/moldovacrestina.md\/fr\/#\/schema\/person\/04b204bbb582cc832c3d2424f5d27dc0"},"description":"Si un homme a Le Saint Esprit il n'est pas possible qu'ils viennent des mauvais esprits, mai si la personne n'a pas le Saint Esprit, cela dit que dans lui peuvent venir des mauvais esprits?","breadcrumb":{"@id":"https:\/\/moldovacrestina.md\/fr\/si-chez-une-personne-christ-ne-vit-pas-est-ce-quil-est-possible-que-viennent-dautres-esprits-matthieu-1243-45\/#breadcrumb"},"inLanguage":"fr-FR","potentialAction":[{"@type":"ReadAction","target":["https:\/\/moldovacrestina.md\/fr\/si-chez-une-personne-christ-ne-vit-pas-est-ce-quil-est-possible-que-viennent-dautres-esprits-matthieu-1243-45\/"]}]},{"@type":"ImageObject","inLanguage":"fr-FR","@id":"https:\/\/moldovacrestina.md\/fr\/si-chez-une-personne-christ-ne-vit-pas-est-ce-quil-est-possible-que-viennent-dautres-esprits-matthieu-1243-45\/#primaryimage","url":"https:\/\/moldovacrestina.md\/wp-content\/uploads\/2011\/07\/drinking-whiskey.jpg","contentUrl":"https:\/\/moldovacrestina.md\/wp-content\/uploads\/2011\/07\/drinking-whiskey.jpg","width":500,"height":500},{"@type":"BreadcrumbList","@id":"https:\/\/moldovacrestina.md\/fr\/si-chez-une-personne-christ-ne-vit-pas-est-ce-quil-est-possible-que-viennent-dautres-esprits-matthieu-1243-45\/#breadcrumb","itemListElement":[{"@type":"ListItem","position":1,"name":"Prima pagin\u0103","item":"https:\/\/moldovacrestina.md\/fr\/"},{"@type":"ListItem","position":2,"name":"R\u00e9ponses de la Bible","item":"https:\/\/moldovacrestina.md\/fr\/reponses-de-la-bible\/"},{"@type":"ListItem","position":3,"name":"Si chez une personne Christ ne vit pas, est-ce qu\u2019il est possible que viennent d&#8217;autres esprits? (Matthieu 12:43-45)"}]},{"@type":"WebSite","@id":"https:\/\/moldovacrestina.md\/fr\/#website","url":"https:\/\/moldovacrestina.md\/fr\/","name":"Moldova Cre\u0219tin\u0103","description":"R\u0103spunsuri relevante \u0219i actuale din Biblie","potentialAction":[{"@type":"SearchAction","target":{"@type":"EntryPoint","urlTemplate":"https:\/\/moldovacrestina.md\/fr\/?s={search_term_string}"},"query-input":{"@type":"PropertyValueSpecification","valueRequired":true,"valueName":"search_term_string"}}],"inLanguage":"fr-FR"},{"@type":"Person","@id":"https:\/\/moldovacrestina.md\/fr\/#\/schema\/person\/04b204bbb582cc832c3d2424f5d27dc0","name":"Vasile Filat","image":{"@type":"ImageObject","inLanguage":"fr-FR","@id":"https:\/\/secure.gravatar.com\/avatar\/2e02d082d139dd6eb634318c9cf2c3a8281db62f24f87a134adb4f2020e77ab3?s=96&d=mm&r=g","url":"https:\/\/secure.gravatar.com\/avatar\/2e02d082d139dd6eb634318c9cf2c3a8281db62f24f87a134adb4f2020e77ab3?s=96&d=mm&r=g","contentUrl":"https:\/\/secure.gravatar.com\/avatar\/2e02d082d139dd6eb634318c9cf2c3a8281db62f24f87a134adb4f2020e77ab3?s=96&d=mm&r=g","caption":"Vasile Filat"},"description":"P\u0103storesc\u00a0Biserica Bunavestire din Chi\u0219in\u0103u, predau Cuv\u00e2ntul lui Dumnezeu la\u00a0Institutul de Studiu Biblic Inductiv din Eurasia\u00a0\u0219i conduc\u00a0Asocia\u021bia \"\u00cenv\u0103\u021b\u0103tur\u0103 din Cuv\u00e2nt - Precept Ministries\" din Moldova. \u00cempreun\u0103 cu so\u021bia mea\u00a0Anastasia, avem trei copii. Din Aprilie 2007 am oferit r\u0103spunsuri din Biblie pe acest site la \u00eentreb\u0103ri adresate de cititori. Mai mult despre mine citi\u021bi\u00a0aici.","url":"https:\/\/moldovacrestina.md\/fr\/author\/vasile-filat\/"}]}},"jetpack_featured_media_url":"https:\/\/moldovacrestina.md\/wp-content\/uploads\/2011\/07\/drinking-whiskey.jpg","video_meta":false,"featured_image":"https:\/\/moldovacrestina.md\/wp-content\/uploads\/2011\/07\/drinking-whiskey.jpg","wpml":{"language_code":"fr","locale":"fr_FR","text_direction":false,"display_name":"Fran\u00e7ais","native_name":"Francez\u0103","different_language":false},"jetpack-related-posts":[{"id":363755,"url":"https:\/\/moldovacrestina.md\/este-pacat-divortul-daca-ambii-soti-il-doresc-pastor-vasile-filat\/","url_meta":{"origin":62466,"position":0},"title":"Este p\u0103cat divor\u021bul dac\u0103 ambii so\u021bi \u00eel doresc? | Pastor Vasile Filat","author":"Moldova Cre\u0219tin\u0103","date":"12 octobre 2025","format":false,"excerpt":"Mul\u021bi oameni cred c\u0103 dac\u0103 ambii so\u021bi sunt de acord cu desp\u0103r\u021birea, divor\u021bul nu mai este p\u0103cat. Dar ce spune Biblia? \u00cen acest video, pastorul Vasile Filat explic\u0103, pe baza textelor din Matei 19, Maleahi 2 \u0219i Evrei 13:4, c\u0103 Dumnezeu a instituit c\u0103s\u0103toria \u0219i El singur are autoritatea de\u2026","rel":"","context":"<span class=\"jp-relatedposts-post-author\">Moldova Cre\u0219tin\u0103<\/span>","block_context":{"text":"MCTV","link":"https:\/\/moldovacrestina.md\/mctv\/"},"img":{"alt_text":"","src":"https:\/\/i0.wp.com\/cdn.moldovacrestina.md\/2025\/10\/fa6abd08-qnfeu_9zdi4.jpg?resize=350%2C200&ssl=1","width":350,"height":200,"srcset":"https:\/\/i0.wp.com\/cdn.moldovacrestina.md\/2025\/10\/fa6abd08-qnfeu_9zdi4.jpg?resize=350%2C200&ssl=1 1x, https:\/\/i0.wp.com\/cdn.moldovacrestina.md\/2025\/10\/fa6abd08-qnfeu_9zdi4.jpg?resize=525%2C300&ssl=1 1.5x, https:\/\/i0.wp.com\/cdn.moldovacrestina.md\/2025\/10\/fa6abd08-qnfeu_9zdi4.jpg?resize=700%2C400&ssl=1 2x, https:\/\/i0.wp.com\/cdn.moldovacrestina.md\/2025\/10\/fa6abd08-qnfeu_9zdi4.jpg?resize=1050%2C600&ssl=1 3x"},"classes":[]},{"id":363933,"url":"https:\/\/moldovacrestina.md\/cand-pacatul-te-reduce-la-tacere-asculta-asta-inainte-sa-renunti\/","url_meta":{"origin":62466,"position":1},"title":"C\u00e2nd p\u0103catul te reduce la t\u0103cere \u2013 ascult\u0103 asta \u00eenainte s\u0103 renun\u021bi","author":"Moldova Cre\u0219tin\u0103","date":"2 novembre 2025","format":false,"excerpt":"Ai fost cre\u0219tin, dar ai c\u0103zut \u00een p\u0103cat \u0219i ai pierdut \u00eendr\u0103zneala de a vorbi despre credin\u021b\u0103? Sim\u021bi ru\u0219ine, vinov\u0103\u021bie, team\u0103? \u00cen acest video, Pastorul Vasile Filat explic\u0103 biblic \u0219i practic ce s\u0103 faci c\u00e2nd ai p\u0103c\u0103tuit \u0219i cum s\u0103 revii la o rela\u021bie vie cu Dumnezeu \u0219i la slujire\u2026","rel":"","context":"<span class=\"jp-relatedposts-post-author\">Moldova Cre\u0219tin\u0103<\/span>","block_context":{"text":"MCTV","link":"https:\/\/moldovacrestina.md\/mctv\/"},"img":{"alt_text":"","src":"https:\/\/i0.wp.com\/cdn.moldovacrestina.md\/2025\/11\/585b12ed-hytl58awy6g.jpg?resize=350%2C200&ssl=1","width":350,"height":200,"srcset":"https:\/\/i0.wp.com\/cdn.moldovacrestina.md\/2025\/11\/585b12ed-hytl58awy6g.jpg?resize=350%2C200&ssl=1 1x, https:\/\/i0.wp.com\/cdn.moldovacrestina.md\/2025\/11\/585b12ed-hytl58awy6g.jpg?resize=525%2C300&ssl=1 1.5x, https:\/\/i0.wp.com\/cdn.moldovacrestina.md\/2025\/11\/585b12ed-hytl58awy6g.jpg?resize=700%2C400&ssl=1 2x, https:\/\/i0.wp.com\/cdn.moldovacrestina.md\/2025\/11\/585b12ed-hytl58awy6g.jpg?resize=1050%2C600&ssl=1 3x"},"classes":[]},{"id":362929,"url":"https:\/\/moldovacrestina.md\/cu-cine-va-face-antihristul-legamant-trainic-pentru-o-saptamana-intelegerea-prorociilor\/","url_meta":{"origin":62466,"position":2},"title":"Cu cine va face Antihristul leg\u0103m\u00e2nt trainic pentru o s\u0103pt\u0103m\u00e2n\u0103? | \u00cen\u021belegerea prorociilor","author":"Moldova Cre\u0219tin\u0103","date":"18 juin 2025","format":false,"excerpt":"Daniel 9:27 vorbe\u0219te despre un leg\u0103m\u00e2nt pe care \u00eel va \u00eencheia Antihristul. \u00cen\u021belegerea acestui aspect este foarte important \u00een \u00een\u021belegerea evenimentelor profetice. Afl\u0103 cu cine \u00eel va face Antihristul \u0219i ce va declan\u0219a acest pact. \u2753Pune o \u00eentrebare: https:\/\/moldovacrestina.md\/ask-the-pastor sau la email contact@moldovacrestina.md \ud83c\udf81 Devino membru \u0219i sus\u021bine lucrarea Moldova\u2026","rel":"","context":"<span class=\"jp-relatedposts-post-author\">Moldova Cre\u0219tin\u0103<\/span>","block_context":{"text":"MCTV","link":"https:\/\/moldovacrestina.md\/mctv\/"},"img":{"alt_text":"","src":"https:\/\/i0.wp.com\/cdn.moldovacrestina.md\/2025\/06\/9cee6ac3-xqky9r1tr5u.jpg?resize=350%2C200&ssl=1","width":350,"height":200,"srcset":"https:\/\/i0.wp.com\/cdn.moldovacrestina.md\/2025\/06\/9cee6ac3-xqky9r1tr5u.jpg?resize=350%2C200&ssl=1 1x, https:\/\/i0.wp.com\/cdn.moldovacrestina.md\/2025\/06\/9cee6ac3-xqky9r1tr5u.jpg?resize=525%2C300&ssl=1 1.5x, https:\/\/i0.wp.com\/cdn.moldovacrestina.md\/2025\/06\/9cee6ac3-xqky9r1tr5u.jpg?resize=700%2C400&ssl=1 2x, https:\/\/i0.wp.com\/cdn.moldovacrestina.md\/2025\/06\/9cee6ac3-xqky9r1tr5u.jpg?resize=1050%2C600&ssl=1 3x"},"classes":[]},{"id":364715,"url":"https:\/\/moldovacrestina.md\/recastiga-respectul-in-casatorie-strategii-blande-si-putere-divina\/","url_meta":{"origin":62466,"position":3},"title":"Rec\u00e2\u0219tig\u0103 Respectul \u00een C\u0103s\u0103torie: Strategii Bl\u00e2nde \u0219i Putere Divin\u0103","author":"Vasile Filat","date":"14 f\u00e9vrier 2026","format":false,"excerpt":"Cum procedezi atunci c\u00e2nd \u00ee\u021bi cade respectul pentru partener pentru felul cum ac\u021bioneaz\u0103\/vorbe\u0219te? Cum \u00eel aju\u021bi \u0219i cum s\u0103 te p\u0103ze\u0219ti s\u0103 nu-l prive\u0219ti cu dispre\u021b care s\u0103 ajung\u0103 la iritare? Ce atitudine s\u0103 adopte \u0219i unul \u0219i cel\u0103lalt ca s\u0103 previn\u0103 o astfel de r\u0103cire \u00een rela\u021bie? \u00cenregistreaz\u0103-te https:\/\/forms.gle\/xSZ2P6kqVaEkTvQFA\u2026","rel":"","context":"<span class=\"jp-relatedposts-post-author\">Vasile Filat<\/span>","block_context":{"text":"MCTV","link":"https:\/\/moldovacrestina.md\/mctv\/"},"img":{"alt_text":"","src":"https:\/\/i0.wp.com\/cdn.moldovacrestina.md\/2026\/02\/8979e2c0-7zpu7fenta.jpg?resize=350%2C200&ssl=1","width":350,"height":200,"srcset":"https:\/\/i0.wp.com\/cdn.moldovacrestina.md\/2026\/02\/8979e2c0-7zpu7fenta.jpg?resize=350%2C200&ssl=1 1x, https:\/\/i0.wp.com\/cdn.moldovacrestina.md\/2026\/02\/8979e2c0-7zpu7fenta.jpg?resize=525%2C300&ssl=1 1.5x, https:\/\/i0.wp.com\/cdn.moldovacrestina.md\/2026\/02\/8979e2c0-7zpu7fenta.jpg?resize=700%2C400&ssl=1 2x, https:\/\/i0.wp.com\/cdn.moldovacrestina.md\/2026\/02\/8979e2c0-7zpu7fenta.jpg?resize=1050%2C600&ssl=1 3x"},"classes":[]},{"id":363943,"url":"https:\/\/moldovacrestina.md\/nu-mai-zadarnici-harul-lui-dumnezeu-foloseste-ti-potentialul-deplin-in-hristos-vasile-filat\/","url_meta":{"origin":62466,"position":4},"title":"NU mai z\u0103d\u0103rnici harul lui Dumnezeu! Folose\u0219te-\u021bi poten\u021bialul deplin \u00een Hristos | Vasile Filat","author":"Moldova Cre\u0219tin\u0103","date":"3 novembre 2025","format":false,"excerpt":"Ai primit har de la Dumnezeu, dar poate c\u0103 nu \u00eel folose\u0219ti. \u00cen aceast\u0103 predic\u0103 vei \u00een\u021belege cum s\u0103-\u021bi descoperi \u0219i s\u0103-\u021bi activezi poten\u021bialul deplin \u00een Hristos. Vei vedea cum Moise \u0219i Petru au trecut de fric\u0103, ezitare \u0219i e\u0219ec pentru a valorifica harul primit \u0219i a tr\u0103i planul lui\u2026","rel":"","context":"<span class=\"jp-relatedposts-post-author\">Moldova Cre\u0219tin\u0103<\/span>","block_context":{"text":"MCTV","link":"https:\/\/moldovacrestina.md\/mctv\/"},"img":{"alt_text":"","src":"https:\/\/i0.wp.com\/cdn.moldovacrestina.md\/2025\/11\/24fdd8f4-psbs4khrvy0.jpg?resize=350%2C200&ssl=1","width":350,"height":200,"srcset":"https:\/\/i0.wp.com\/cdn.moldovacrestina.md\/2025\/11\/24fdd8f4-psbs4khrvy0.jpg?resize=350%2C200&ssl=1 1x, https:\/\/i0.wp.com\/cdn.moldovacrestina.md\/2025\/11\/24fdd8f4-psbs4khrvy0.jpg?resize=525%2C300&ssl=1 1.5x, https:\/\/i0.wp.com\/cdn.moldovacrestina.md\/2025\/11\/24fdd8f4-psbs4khrvy0.jpg?resize=700%2C400&ssl=1 2x, https:\/\/i0.wp.com\/cdn.moldovacrestina.md\/2025\/11\/24fdd8f4-psbs4khrvy0.jpg?resize=1050%2C600&ssl=1 3x"},"classes":[]},{"id":365343,"url":"https:\/\/moldovacrestina.md\/esti-sufocat-la-locul-de-munca-nu-pleca-pana-nu-faci-aceasta-pastor-vasile-filat\/","url_meta":{"origin":62466,"position":5},"title":"E\u0219ti sufocat la locul de munc\u0103? Nu pleca p\u00e2n\u0103 nu faci aceasta | Pastor Vasile Filat","author":"Moldova Cre\u0219tin\u0103","date":"30 avril 2026","format":false,"excerpt":"Te sim\u021bi sufocat(\u0103) la locul de munc\u0103, e\u0219ti ap\u0103sat(\u0103) de manager \u0219i tr\u0103ie\u0219ti cu frica de \u201ece vor zice oamenii\u201d dac\u0103 demisionezi? \u00cen acest video vorbim despre cum s\u0103 iei o decizie \u00een\u021beleapt\u0103 c\u00e2nd lucrezi \u00eentr-un business de familie, cum s\u0103 pui limite clare f\u0103r\u0103 vinov\u0103\u021bie \u0219i cum s\u0103 cau\u021bi\u2026","rel":"","context":"<span class=\"jp-relatedposts-post-author\">Moldova Cre\u0219tin\u0103<\/span>","block_context":{"text":"MCTV","link":"https:\/\/moldovacrestina.md\/mctv\/"},"img":{"alt_text":"","src":"https:\/\/i0.wp.com\/cdn.moldovacrestina.md\/2026\/04\/cf31591f-fmzy1i2ztmq.jpg?resize=350%2C200&ssl=1","width":350,"height":200,"srcset":"https:\/\/i0.wp.com\/cdn.moldovacrestina.md\/2026\/04\/cf31591f-fmzy1i2ztmq.jpg?resize=350%2C200&ssl=1 1x, https:\/\/i0.wp.com\/cdn.moldovacrestina.md\/2026\/04\/cf31591f-fmzy1i2ztmq.jpg?resize=525%2C300&ssl=1 1.5x, https:\/\/i0.wp.com\/cdn.moldovacrestina.md\/2026\/04\/cf31591f-fmzy1i2ztmq.jpg?resize=700%2C400&ssl=1 2x, https:\/\/i0.wp.com\/cdn.moldovacrestina.md\/2026\/04\/cf31591f-fmzy1i2ztmq.jpg?resize=1050%2C600&ssl=1 3x"},"classes":[]}],"jetpack_sharing_enabled":true,"_links":{"self":[{"href":"https:\/\/moldovacrestina.md\/fr\/wp-json\/wp\/v2\/posts\/62466","targetHints":{"allow":["GET"]}}],"collection":[{"href":"https:\/\/moldovacrestina.md\/fr\/wp-json\/wp\/v2\/posts"}],"about":[{"href":"https:\/\/moldovacrestina.md\/fr\/wp-json\/wp\/v2\/types\/post"}],"author":[{"embeddable":true,"href":"https:\/\/moldovacrestina.md\/fr\/wp-json\/wp\/v2\/users\/46"}],"replies":[{"embeddable":true,"href":"https:\/\/moldovacrestina.md\/fr\/wp-json\/wp\/v2\/comments?post=62466"}],"version-history":[{"count":0,"href":"https:\/\/moldovacrestina.md\/fr\/wp-json\/wp\/v2\/posts\/62466\/revisions"}],"wp:featuredmedia":[{"embeddable":true,"href":"https:\/\/moldovacrestina.md\/fr\/wp-json\/wp\/v2\/media\/89723"}],"wp:attachment":[{"href":"https:\/\/moldovacrestina.md\/fr\/wp-json\/wp\/v2\/media?parent=62466"}],"wp:term":[{"taxonomy":"category","embeddable":true,"href":"https:\/\/moldovacrestina.md\/fr\/wp-json\/wp\/v2\/categories?post=62466"},{"taxonomy":"post_tag","embeddable":true,"href":"https:\/\/moldovacrestina.md\/fr\/wp-json\/wp\/v2\/tags?post=62466"}],"curies":[{"name":"wp","href":"https:\/\/api.w.org\/{rel}","templated":true}]}}