{"id":61958,"date":"2011-06-22T05:05:46","date_gmt":"2011-06-22T03:05:46","guid":{"rendered":"https:\/\/moldovacrestina.md\/est-il-permis-pour-les-chrtiens-daller-la-plage"},"modified":"2016-07-17T17:51:33","modified_gmt":"2016-07-17T15:51:33","slug":"est-il-permis-pour-les-chrtiens-daller-la-plage","status":"publish","type":"post","link":"https:\/\/moldovacrestina.md\/fr\/est-il-permis-pour-les-chrtiens-daller-la-plage\/","title":{"rendered":"Est-il permis pour les chr\u00e9tiens d\u2019aller \u00e0 la plage ?"},"content":{"rendered":"<p>Question :<\/p>\n<blockquote class=\"td_quote_box td_box_center\"><p><em>Je veux conna\u00eetre votre opinion sur les chr\u00e9tiens qui vont \u00e0 la plage (mer, bassin) dans les lieux publics. Cela est-il permis ou pas et quels sont les p\u00e9ch\u00e9s qui peuvent appara\u00eetre ici. Je me r\u00e9f\u00e8re pour la femme et l\u2019homme. J\u2019attends une r\u00e9ponse. Je vous remercie. Que Dieu vous b\u00e9nisse !<\/em><\/p><\/blockquote>\n<p><img loading=\"lazy\" decoding=\"async\" class=\"alignnone size-large wp-image-100474\" src=\"https:\/\/cdn.moldovacrestina.md\/2011\/06\/People_Friends__entertainment__recreation_Fun_on_the_beach_013022_-1024x768.jpg\" alt=\"\" width=\"640\" height=\"480\" \/>Toutes les personnes ont besoin d\u2019un repos de qualit\u00e9 et les chr\u00e9tiens ne font pas exception. Le bronzage est bon pour tous et consolide la sant\u00e9. Cependant il faut aller \u00e0 la plage avec un maillot de bain.<\/p>\n<p>Je suppose que la question a \u00e9t\u00e9 pos\u00e9e, puisque aujourd\u2019hui certains hommes, et sp\u00e9cialement les femmes, viennent \u00e0 la plage en maillots de bain sommaire, ou topless (les femmes) ou compl\u00e8tement nues, ce qui cause des tentations sexuelles. Ceux qui font ainsi, devraient \u00eatre conscients que ce qu\u2019ils font est une mauvaise chose parce que cela devient une pierre d\u2019achoppement pour les autres. La nudit\u00e9 ou les v\u00eatements \u00e9triqu\u00e9s et provocateurs (que certains appellent maintenant des v\u00eatements sexy) rendent les gens comme des objets de d\u00e9sir au fond d\u2019eux-m\u00eames et au-del\u00e0.<\/p>\n<p>Beaucoup de gens portent des v\u00eatements qui provoquent le d\u00e9sir, et ce tr\u00e8s souvent, et non pas seulement \u00e0 la plage. Une chr\u00e9tienne ayant la crainte de Dieu ne fera pas cela, parce qu\u2019elle entend avec s\u00e9reux les mots de l\u2019Ecriture qui disent :<\/p>\n<blockquote class=\"td_quote_box td_box_center\"><p><em>\u00ab Je veux aussi que les femmes<strong>, v\u00eatues d\u2019une mani\u00e8re d\u00e9cente, avec pudeur et modestie<\/strong>, ne se parent ni de tresses, ni d\u2019or, ni de perles, ni d\u2019habits somptueux, mais qu\u2019elles se parent de bonnes \u0153uvres, comme il convient \u00e0 des femmes qui font profession de servir Dieu. \u00bb (1 Timoth\u00e9e 2:9-10)<\/em><\/p><\/blockquote>\n<p>Le principe de s\u2019habiller d\u00e9cemment, avec pudeur et modestie, doit \u00eatre appliqu\u00e9, et m\u00eame lorsque vous allez \u00e0 la plage.<\/p>\n<p>Dans ce monde qui pr\u00e9tend \u00eatre tr\u00e8s moderne et instruit, il y a beaucoup de paganisme et des vies en conformit\u00e9 avec les passions de ce monde, mais nous, les chr\u00e9tiens, nous croyons en J\u00e9sus-Christ et par la gr\u00e2ce, nous sommes sauv\u00e9s, et aussi par la gr\u00e2ce nous vivons notre vie quotidienne. Prenons garde que\u2026<\/p>\n<blockquote class=\"td_quote_box td_box_center\"><p><em>\u00ab Car la gr\u00e2ce de Dieu, source de salut pour tous les hommes, a \u00e9t\u00e9 manifest\u00e9e. Elle nous enseigne \u00e0 renoncer \u00e0 l\u2019impi\u00e9t\u00e9 et aux convoitises mondaines, et \u00e0 vivre dans le si\u00e8cle pr\u00e9sent selon la sagesse, la justice et la pi\u00e9t\u00e9, en attendant la bienheureuse esp\u00e9rance, et la manifestation de la gloire du grand Dieu et de notre Sauveur J\u00e9sus Christ. \u00bb<\/em> (Tite 2:11-13)<\/p><\/blockquote>\n<p>En allant \u00e0 la plage, interrogez-vous s\u2019il y a quelque chose ou quelqu\u2019un qui va vous attirer vers les pa\u00efens et les passions du monde, desquelles Dieu dit que nous devons rompre avec eux. Prenez garde \u00e0 votre maillot de bain et \u00e0 votre comportement, afin de ne pas susciter des passions pour les autres.<\/p>\n<p>Si vous choisissez d\u2019aller \u00e0 la plage, \u00e9vitez les endroits o\u00f9 viennent des hommes et des femmes qui s\u2019habillent de fa\u00e7on provocante.<\/p>\n<p>Et si vous croyez qu\u2019il n\u2019est pas agr\u00e9able pour un chr\u00e9tien d\u2019aller \u00e0 la plage , n\u2019y aller pas, car cela signifierait que vous faites le contraire de votre conscience, et cela est un p\u00e9ch\u00e9, comme il est \u00e9crit :<\/p>\n<blockquote class=\"td_quote_box td_box_center\"><p><em>\u00ab Mais celui qui a des doutes au sujet de ce qu\u2019il mange est condamn\u00e9, parce qu\u2019il n\u2019agit pas par conviction. Tout ce qui n\u2019est pas le produit d\u2019une conviction est p\u00e9ch\u00e9. \u00bb<\/em> (Romains 14:23)<\/p><\/blockquote>\n<p>Dans le m\u00eame temps, je pense que ce n\u2019est pas bon d\u2019imposer votre opinion aux autres, mais continuez \u00e0 y croire pour vous \u2026<\/p>\n<blockquote class=\"td_quote_box td_box_center\"><p><em>\u00ab Cette foi que tu as, garde-la pour toi devant Dieu. Heureux celui qui ne se condamne pas lui-m\u00eame dans ce qu\u2019il approuve ! \u00bb<\/em>(Romains 14:22)<\/p><\/blockquote>\n<p>Que Dieu vous aide \u00e0 proc\u00e9der avec sagesse et \u00e9vitez d\u2019\u00eatre une cause de tr\u00e9buchements dans vos paroles et dans vos actes.<\/p>\n<p><em>L\u2019article a \u00e9t\u00e9 traduit par Diana Ta\u0219c\u0103.<\/em><\/p>\n","protected":false},"excerpt":{"rendered":"<p>Question : Je veux conna\u00eetre votre opinion sur les chr\u00e9tiens qui vont \u00e0 la plage (mer, bassin) dans les lieux publics. Cela est-il permis ou pas et quels sont les p\u00e9ch\u00e9s qui peuvent appara\u00eetre ici. Je me r\u00e9f\u00e8re pour la femme et l\u2019homme. J\u2019attends une r\u00e9ponse. Je vous remercie. Que Dieu vous b\u00e9nisse ! Toutes [&hellip;]<\/p>\n","protected":false},"author":46,"featured_media":100474,"comment_status":"closed","ping_status":"closed","sticky":false,"template":"","format":"standard","meta":{"_acf_changed":false,"inline_featured_image":false,"_monsterinsights_skip_tracking":false,"_monsterinsights_sitenote_active":false,"_monsterinsights_sitenote_note":"","_monsterinsights_sitenote_category":0,"_genesis_hide_title":false,"_genesis_hide_breadcrumbs":false,"_genesis_hide_singular_image":false,"_genesis_hide_footer_widgets":false,"_genesis_custom_body_class":"","_genesis_custom_post_class":"","_genesis_layout":"","ep_exclude_from_search":false,"_jetpack_memberships_contains_paid_content":false,"footnotes":""},"categories":[139],"tags":[11949,11950,11951,11952,11953,11954,11955],"class_list":{"0":"post-61958","1":"post","2":"type-post","3":"status-publish","4":"format-standard","5":"has-post-thumbnail","7":"category-education-fr","8":"tag-aller-a-la-plage","9":"tag-bassin","10":"tag-conscience","11":"tag-conviction","12":"tag-decente","13":"tag-maillot-de-bain","14":"tag-mer","15":"entry"},"acf":[],"yoast_head":"<!-- This site is optimized with the Yoast SEO Premium plugin v26.5 (Yoast SEO v27.4) - https:\/\/yoast.com\/product\/yoast-seo-premium-wordpress\/ -->\n<title>Chr\u00e9tiens \u00e0 la plage?<\/title>\n<meta name=\"description\" content=\"Est-ce qu&#039;il est permis pour les chr\u00e9tiens d&#039;aller \u00e0 la plage? C&#039;est une question que tienne de la conviction de chacun. Lisez l&#039;article pour savoir comment proceder.\" \/>\n<meta name=\"robots\" content=\"index, follow, max-snippet:-1, max-image-preview:large, max-video-preview:-1\" \/>\n<link rel=\"canonical\" href=\"https:\/\/moldovacrestina.md\/fr\/est-il-permis-pour-les-chrtiens-daller-la-plage\/\" \/>\n<meta property=\"og:locale\" content=\"fr_FR\" \/>\n<meta property=\"og:type\" content=\"article\" \/>\n<meta property=\"og:title\" content=\"Est-il permis pour les chr\u00e9tiens d\u2019aller \u00e0 la plage ?\" \/>\n<meta property=\"og:description\" content=\"Est-ce qu&#039;il est permis pour les chr\u00e9tiens d&#039;aller \u00e0 la plage? C&#039;est une question que tienne de la conviction de chacun. Lisez l&#039;article pour savoir comment proceder.\" \/>\n<meta property=\"og:url\" content=\"https:\/\/moldovacrestina.md\/fr\/est-il-permis-pour-les-chrtiens-daller-la-plage\/\" \/>\n<meta property=\"og:site_name\" content=\"Moldova Cre\u0219tin\u0103\" \/>\n<meta property=\"article:publisher\" content=\"https:\/\/www.facebook.com\/moldovacrestina\/\" \/>\n<meta property=\"article:published_time\" content=\"2011-06-22T03:05:46+00:00\" \/>\n<meta property=\"article:modified_time\" content=\"2016-07-17T15:51:33+00:00\" \/>\n<meta property=\"og:image\" content=\"https:\/\/cdn.moldovacrestina.md\/2011\/06\/People_Friends__entertainment__recreation_Fun_on_the_beach_013022_.jpg\" \/>\n\t<meta property=\"og:image:width\" content=\"1365\" \/>\n\t<meta property=\"og:image:height\" content=\"1024\" \/>\n\t<meta property=\"og:image:type\" content=\"image\/jpeg\" \/>\n<meta name=\"author\" content=\"Vasile Filat\" \/>\n<meta name=\"twitter:card\" content=\"summary_large_image\" \/>\n<meta name=\"twitter:creator\" content=\"@moldovacrestina\" \/>\n<meta name=\"twitter:site\" content=\"@moldovacrestina\" \/>\n<meta name=\"twitter:label1\" content=\"\u00c9crit par\" \/>\n\t<meta name=\"twitter:data1\" content=\"Vasile Filat\" \/>\n\t<meta name=\"twitter:label2\" content=\"Dur\u00e9e de lecture estim\u00e9e\" \/>\n\t<meta name=\"twitter:data2\" content=\"4 minutes\" \/>\n<script type=\"application\/ld+json\" class=\"yoast-schema-graph\">{\"@context\":\"https:\\\/\\\/schema.org\",\"@graph\":[{\"@type\":\"Article\",\"@id\":\"https:\\\/\\\/moldovacrestina.md\\\/fr\\\/est-il-permis-pour-les-chrtiens-daller-la-plage\\\/#article\",\"isPartOf\":{\"@id\":\"https:\\\/\\\/moldovacrestina.md\\\/fr\\\/est-il-permis-pour-les-chrtiens-daller-la-plage\\\/\"},\"author\":{\"name\":\"Vasile Filat\",\"@id\":\"https:\\\/\\\/moldovacrestina.md\\\/fr\\\/#\\\/schema\\\/person\\\/04b204bbb582cc832c3d2424f5d27dc0\"},\"headline\":\"Est-il permis pour les chr\u00e9tiens d\u2019aller \u00e0 la plage ?\",\"datePublished\":\"2011-06-22T03:05:46+00:00\",\"dateModified\":\"2016-07-17T15:51:33+00:00\",\"mainEntityOfPage\":{\"@id\":\"https:\\\/\\\/moldovacrestina.md\\\/fr\\\/est-il-permis-pour-les-chrtiens-daller-la-plage\\\/\"},\"wordCount\":715,\"image\":{\"@id\":\"https:\\\/\\\/moldovacrestina.md\\\/fr\\\/est-il-permis-pour-les-chrtiens-daller-la-plage\\\/#primaryimage\"},\"thumbnailUrl\":\"https:\\\/\\\/moldovacrestina.md\\\/wp-content\\\/uploads\\\/2011\\\/06\\\/People_Friends__entertainment__recreation_Fun_on_the_beach_013022_.jpg\",\"keywords\":[\"aller \u00e0 la plage\",\"bassin\",\"conscience\",\"conviction\",\"d\u00e9cente\",\"maillot de bain\",\"mer\"],\"articleSection\":[\"Education\"],\"inLanguage\":\"fr-FR\"},{\"@type\":\"WebPage\",\"@id\":\"https:\\\/\\\/moldovacrestina.md\\\/fr\\\/est-il-permis-pour-les-chrtiens-daller-la-plage\\\/\",\"url\":\"https:\\\/\\\/moldovacrestina.md\\\/fr\\\/est-il-permis-pour-les-chrtiens-daller-la-plage\\\/\",\"name\":\"Chr\u00e9tiens \u00e0 la plage?\",\"isPartOf\":{\"@id\":\"https:\\\/\\\/moldovacrestina.md\\\/fr\\\/#website\"},\"primaryImageOfPage\":{\"@id\":\"https:\\\/\\\/moldovacrestina.md\\\/fr\\\/est-il-permis-pour-les-chrtiens-daller-la-plage\\\/#primaryimage\"},\"image\":{\"@id\":\"https:\\\/\\\/moldovacrestina.md\\\/fr\\\/est-il-permis-pour-les-chrtiens-daller-la-plage\\\/#primaryimage\"},\"thumbnailUrl\":\"https:\\\/\\\/moldovacrestina.md\\\/wp-content\\\/uploads\\\/2011\\\/06\\\/People_Friends__entertainment__recreation_Fun_on_the_beach_013022_.jpg\",\"datePublished\":\"2011-06-22T03:05:46+00:00\",\"dateModified\":\"2016-07-17T15:51:33+00:00\",\"author\":{\"@id\":\"https:\\\/\\\/moldovacrestina.md\\\/fr\\\/#\\\/schema\\\/person\\\/04b204bbb582cc832c3d2424f5d27dc0\"},\"description\":\"Est-ce qu'il est permis pour les chr\u00e9tiens d'aller \u00e0 la plage? C'est une question que tienne de la conviction de chacun. Lisez l'article pour savoir comment proceder.\",\"breadcrumb\":{\"@id\":\"https:\\\/\\\/moldovacrestina.md\\\/fr\\\/est-il-permis-pour-les-chrtiens-daller-la-plage\\\/#breadcrumb\"},\"inLanguage\":\"fr-FR\",\"potentialAction\":[{\"@type\":\"ReadAction\",\"target\":[\"https:\\\/\\\/moldovacrestina.md\\\/fr\\\/est-il-permis-pour-les-chrtiens-daller-la-plage\\\/\"]}]},{\"@type\":\"ImageObject\",\"inLanguage\":\"fr-FR\",\"@id\":\"https:\\\/\\\/moldovacrestina.md\\\/fr\\\/est-il-permis-pour-les-chrtiens-daller-la-plage\\\/#primaryimage\",\"url\":\"https:\\\/\\\/moldovacrestina.md\\\/wp-content\\\/uploads\\\/2011\\\/06\\\/People_Friends__entertainment__recreation_Fun_on_the_beach_013022_.jpg\",\"contentUrl\":\"https:\\\/\\\/moldovacrestina.md\\\/wp-content\\\/uploads\\\/2011\\\/06\\\/People_Friends__entertainment__recreation_Fun_on_the_beach_013022_.jpg\",\"width\":1365,\"height\":1024},{\"@type\":\"BreadcrumbList\",\"@id\":\"https:\\\/\\\/moldovacrestina.md\\\/fr\\\/est-il-permis-pour-les-chrtiens-daller-la-plage\\\/#breadcrumb\",\"itemListElement\":[{\"@type\":\"ListItem\",\"position\":1,\"name\":\"Prima pagin\u0103\",\"item\":\"https:\\\/\\\/moldovacrestina.md\\\/fr\\\/\"},{\"@type\":\"ListItem\",\"position\":2,\"name\":\"Education\",\"item\":\"https:\\\/\\\/moldovacrestina.md\\\/fr\\\/\\\/education-fr\\\/\"},{\"@type\":\"ListItem\",\"position\":3,\"name\":\"Est-il permis pour les chr\u00e9tiens d\u2019aller \u00e0 la plage ?\"}]},{\"@type\":\"WebSite\",\"@id\":\"https:\\\/\\\/moldovacrestina.md\\\/fr\\\/#website\",\"url\":\"https:\\\/\\\/moldovacrestina.md\\\/fr\\\/\",\"name\":\"Moldova Cre\u0219tin\u0103\",\"description\":\"R\u0103spunsuri relevante \u0219i actuale din Biblie\",\"potentialAction\":[{\"@type\":\"SearchAction\",\"target\":{\"@type\":\"EntryPoint\",\"urlTemplate\":\"https:\\\/\\\/moldovacrestina.md\\\/fr\\\/?s={search_term_string}\"},\"query-input\":{\"@type\":\"PropertyValueSpecification\",\"valueRequired\":true,\"valueName\":\"search_term_string\"}}],\"inLanguage\":\"fr-FR\"},{\"@type\":\"Person\",\"@id\":\"https:\\\/\\\/moldovacrestina.md\\\/fr\\\/#\\\/schema\\\/person\\\/04b204bbb582cc832c3d2424f5d27dc0\",\"name\":\"Vasile Filat\",\"image\":{\"@type\":\"ImageObject\",\"inLanguage\":\"fr-FR\",\"@id\":\"https:\\\/\\\/secure.gravatar.com\\\/avatar\\\/2e02d082d139dd6eb634318c9cf2c3a8281db62f24f87a134adb4f2020e77ab3?s=96&d=mm&r=g\",\"url\":\"https:\\\/\\\/secure.gravatar.com\\\/avatar\\\/2e02d082d139dd6eb634318c9cf2c3a8281db62f24f87a134adb4f2020e77ab3?s=96&d=mm&r=g\",\"contentUrl\":\"https:\\\/\\\/secure.gravatar.com\\\/avatar\\\/2e02d082d139dd6eb634318c9cf2c3a8281db62f24f87a134adb4f2020e77ab3?s=96&d=mm&r=g\",\"caption\":\"Vasile Filat\"},\"description\":\"P\u0103storesc\u00a0Biserica Bunavestire din Chi\u0219in\u0103u, predau Cuv\u00e2ntul lui Dumnezeu la\u00a0Institutul de Studiu Biblic Inductiv din Eurasia\u00a0\u0219i conduc\u00a0Asocia\u021bia \\\"\u00cenv\u0103\u021b\u0103tur\u0103 din Cuv\u00e2nt - Precept Ministries\\\" din Moldova. \u00cempreun\u0103 cu so\u021bia mea\u00a0Anastasia, avem trei copii. Din Aprilie 2007 am oferit r\u0103spunsuri din Biblie pe acest site la \u00eentreb\u0103ri adresate de cititori. Mai mult despre mine citi\u021bi\u00a0aici.\",\"url\":\"https:\\\/\\\/moldovacrestina.md\\\/fr\\\/author\\\/vasile-filat\\\/\"}]}<\/script>\n<!-- \/ Yoast SEO Premium plugin. -->","yoast_head_json":{"title":"Chr\u00e9tiens \u00e0 la plage?","description":"Est-ce qu'il est permis pour les chr\u00e9tiens d'aller \u00e0 la plage? C'est une question que tienne de la conviction de chacun. Lisez l'article pour savoir comment proceder.","robots":{"index":"index","follow":"follow","max-snippet":"max-snippet:-1","max-image-preview":"max-image-preview:large","max-video-preview":"max-video-preview:-1"},"canonical":"https:\/\/moldovacrestina.md\/fr\/est-il-permis-pour-les-chrtiens-daller-la-plage\/","og_locale":"fr_FR","og_type":"article","og_title":"Est-il permis pour les chr\u00e9tiens d\u2019aller \u00e0 la plage ?","og_description":"Est-ce qu'il est permis pour les chr\u00e9tiens d'aller \u00e0 la plage? C'est une question que tienne de la conviction de chacun. Lisez l'article pour savoir comment proceder.","og_url":"https:\/\/moldovacrestina.md\/fr\/est-il-permis-pour-les-chrtiens-daller-la-plage\/","og_site_name":"Moldova Cre\u0219tin\u0103","article_publisher":"https:\/\/www.facebook.com\/moldovacrestina\/","article_published_time":"2011-06-22T03:05:46+00:00","article_modified_time":"2016-07-17T15:51:33+00:00","og_image":[{"width":1365,"height":1024,"url":"https:\/\/cdn.moldovacrestina.md\/2011\/06\/People_Friends__entertainment__recreation_Fun_on_the_beach_013022_.jpg","type":"image\/jpeg"}],"author":"Vasile Filat","twitter_card":"summary_large_image","twitter_creator":"@moldovacrestina","twitter_site":"@moldovacrestina","twitter_misc":{"\u00c9crit par":"Vasile Filat","Dur\u00e9e de lecture estim\u00e9e":"4 minutes"},"schema":{"@context":"https:\/\/schema.org","@graph":[{"@type":"Article","@id":"https:\/\/moldovacrestina.md\/fr\/est-il-permis-pour-les-chrtiens-daller-la-plage\/#article","isPartOf":{"@id":"https:\/\/moldovacrestina.md\/fr\/est-il-permis-pour-les-chrtiens-daller-la-plage\/"},"author":{"name":"Vasile Filat","@id":"https:\/\/moldovacrestina.md\/fr\/#\/schema\/person\/04b204bbb582cc832c3d2424f5d27dc0"},"headline":"Est-il permis pour les chr\u00e9tiens d\u2019aller \u00e0 la plage ?","datePublished":"2011-06-22T03:05:46+00:00","dateModified":"2016-07-17T15:51:33+00:00","mainEntityOfPage":{"@id":"https:\/\/moldovacrestina.md\/fr\/est-il-permis-pour-les-chrtiens-daller-la-plage\/"},"wordCount":715,"image":{"@id":"https:\/\/moldovacrestina.md\/fr\/est-il-permis-pour-les-chrtiens-daller-la-plage\/#primaryimage"},"thumbnailUrl":"https:\/\/moldovacrestina.md\/wp-content\/uploads\/2011\/06\/People_Friends__entertainment__recreation_Fun_on_the_beach_013022_.jpg","keywords":["aller \u00e0 la plage","bassin","conscience","conviction","d\u00e9cente","maillot de bain","mer"],"articleSection":["Education"],"inLanguage":"fr-FR"},{"@type":"WebPage","@id":"https:\/\/moldovacrestina.md\/fr\/est-il-permis-pour-les-chrtiens-daller-la-plage\/","url":"https:\/\/moldovacrestina.md\/fr\/est-il-permis-pour-les-chrtiens-daller-la-plage\/","name":"Chr\u00e9tiens \u00e0 la plage?","isPartOf":{"@id":"https:\/\/moldovacrestina.md\/fr\/#website"},"primaryImageOfPage":{"@id":"https:\/\/moldovacrestina.md\/fr\/est-il-permis-pour-les-chrtiens-daller-la-plage\/#primaryimage"},"image":{"@id":"https:\/\/moldovacrestina.md\/fr\/est-il-permis-pour-les-chrtiens-daller-la-plage\/#primaryimage"},"thumbnailUrl":"https:\/\/moldovacrestina.md\/wp-content\/uploads\/2011\/06\/People_Friends__entertainment__recreation_Fun_on_the_beach_013022_.jpg","datePublished":"2011-06-22T03:05:46+00:00","dateModified":"2016-07-17T15:51:33+00:00","author":{"@id":"https:\/\/moldovacrestina.md\/fr\/#\/schema\/person\/04b204bbb582cc832c3d2424f5d27dc0"},"description":"Est-ce qu'il est permis pour les chr\u00e9tiens d'aller \u00e0 la plage? C'est une question que tienne de la conviction de chacun. Lisez l'article pour savoir comment proceder.","breadcrumb":{"@id":"https:\/\/moldovacrestina.md\/fr\/est-il-permis-pour-les-chrtiens-daller-la-plage\/#breadcrumb"},"inLanguage":"fr-FR","potentialAction":[{"@type":"ReadAction","target":["https:\/\/moldovacrestina.md\/fr\/est-il-permis-pour-les-chrtiens-daller-la-plage\/"]}]},{"@type":"ImageObject","inLanguage":"fr-FR","@id":"https:\/\/moldovacrestina.md\/fr\/est-il-permis-pour-les-chrtiens-daller-la-plage\/#primaryimage","url":"https:\/\/moldovacrestina.md\/wp-content\/uploads\/2011\/06\/People_Friends__entertainment__recreation_Fun_on_the_beach_013022_.jpg","contentUrl":"https:\/\/moldovacrestina.md\/wp-content\/uploads\/2011\/06\/People_Friends__entertainment__recreation_Fun_on_the_beach_013022_.jpg","width":1365,"height":1024},{"@type":"BreadcrumbList","@id":"https:\/\/moldovacrestina.md\/fr\/est-il-permis-pour-les-chrtiens-daller-la-plage\/#breadcrumb","itemListElement":[{"@type":"ListItem","position":1,"name":"Prima pagin\u0103","item":"https:\/\/moldovacrestina.md\/fr\/"},{"@type":"ListItem","position":2,"name":"Education","item":"https:\/\/moldovacrestina.md\/fr\/\/education-fr\/"},{"@type":"ListItem","position":3,"name":"Est-il permis pour les chr\u00e9tiens d\u2019aller \u00e0 la plage ?"}]},{"@type":"WebSite","@id":"https:\/\/moldovacrestina.md\/fr\/#website","url":"https:\/\/moldovacrestina.md\/fr\/","name":"Moldova Cre\u0219tin\u0103","description":"R\u0103spunsuri relevante \u0219i actuale din Biblie","potentialAction":[{"@type":"SearchAction","target":{"@type":"EntryPoint","urlTemplate":"https:\/\/moldovacrestina.md\/fr\/?s={search_term_string}"},"query-input":{"@type":"PropertyValueSpecification","valueRequired":true,"valueName":"search_term_string"}}],"inLanguage":"fr-FR"},{"@type":"Person","@id":"https:\/\/moldovacrestina.md\/fr\/#\/schema\/person\/04b204bbb582cc832c3d2424f5d27dc0","name":"Vasile Filat","image":{"@type":"ImageObject","inLanguage":"fr-FR","@id":"https:\/\/secure.gravatar.com\/avatar\/2e02d082d139dd6eb634318c9cf2c3a8281db62f24f87a134adb4f2020e77ab3?s=96&d=mm&r=g","url":"https:\/\/secure.gravatar.com\/avatar\/2e02d082d139dd6eb634318c9cf2c3a8281db62f24f87a134adb4f2020e77ab3?s=96&d=mm&r=g","contentUrl":"https:\/\/secure.gravatar.com\/avatar\/2e02d082d139dd6eb634318c9cf2c3a8281db62f24f87a134adb4f2020e77ab3?s=96&d=mm&r=g","caption":"Vasile Filat"},"description":"P\u0103storesc\u00a0Biserica Bunavestire din Chi\u0219in\u0103u, predau Cuv\u00e2ntul lui Dumnezeu la\u00a0Institutul de Studiu Biblic Inductiv din Eurasia\u00a0\u0219i conduc\u00a0Asocia\u021bia \"\u00cenv\u0103\u021b\u0103tur\u0103 din Cuv\u00e2nt - Precept Ministries\" din Moldova. \u00cempreun\u0103 cu so\u021bia mea\u00a0Anastasia, avem trei copii. Din Aprilie 2007 am oferit r\u0103spunsuri din Biblie pe acest site la \u00eentreb\u0103ri adresate de cititori. Mai mult despre mine citi\u021bi\u00a0aici.","url":"https:\/\/moldovacrestina.md\/fr\/author\/vasile-filat\/"}]}},"jetpack_featured_media_url":"https:\/\/moldovacrestina.md\/wp-content\/uploads\/2011\/06\/People_Friends__entertainment__recreation_Fun_on_the_beach_013022_.jpg","video_meta":false,"featured_image":"https:\/\/moldovacrestina.md\/wp-content\/uploads\/2011\/06\/People_Friends__entertainment__recreation_Fun_on_the_beach_013022_.jpg","wpml":{"language_code":"fr","locale":"fr_FR","text_direction":false,"display_name":"Fran\u00e7ais","native_name":"Francez\u0103","different_language":false},"jetpack-related-posts":[{"id":363755,"url":"https:\/\/moldovacrestina.md\/este-pacat-divortul-daca-ambii-soti-il-doresc-pastor-vasile-filat\/","url_meta":{"origin":61958,"position":0},"title":"Este p\u0103cat divor\u021bul dac\u0103 ambii so\u021bi \u00eel doresc? | Pastor Vasile Filat","author":"Moldova Cre\u0219tin\u0103","date":"12 octobre 2025","format":false,"excerpt":"Mul\u021bi oameni cred c\u0103 dac\u0103 ambii so\u021bi sunt de acord cu desp\u0103r\u021birea, divor\u021bul nu mai este p\u0103cat. Dar ce spune Biblia? \u00cen acest video, pastorul Vasile Filat explic\u0103, pe baza textelor din Matei 19, Maleahi 2 \u0219i Evrei 13:4, c\u0103 Dumnezeu a instituit c\u0103s\u0103toria \u0219i El singur are autoritatea de\u2026","rel":"","context":"<span class=\"jp-relatedposts-post-author\">Moldova Cre\u0219tin\u0103<\/span>","block_context":{"text":"MCTV","link":"https:\/\/moldovacrestina.md\/mctv\/"},"img":{"alt_text":"","src":"https:\/\/i0.wp.com\/cdn.moldovacrestina.md\/2025\/10\/fa6abd08-qnfeu_9zdi4.jpg?resize=350%2C200&ssl=1","width":350,"height":200,"srcset":"https:\/\/i0.wp.com\/cdn.moldovacrestina.md\/2025\/10\/fa6abd08-qnfeu_9zdi4.jpg?resize=350%2C200&ssl=1 1x, https:\/\/i0.wp.com\/cdn.moldovacrestina.md\/2025\/10\/fa6abd08-qnfeu_9zdi4.jpg?resize=525%2C300&ssl=1 1.5x, https:\/\/i0.wp.com\/cdn.moldovacrestina.md\/2025\/10\/fa6abd08-qnfeu_9zdi4.jpg?resize=700%2C400&ssl=1 2x, https:\/\/i0.wp.com\/cdn.moldovacrestina.md\/2025\/10\/fa6abd08-qnfeu_9zdi4.jpg?resize=1050%2C600&ssl=1 3x"},"classes":[]},{"id":363933,"url":"https:\/\/moldovacrestina.md\/cand-pacatul-te-reduce-la-tacere-asculta-asta-inainte-sa-renunti\/","url_meta":{"origin":61958,"position":1},"title":"C\u00e2nd p\u0103catul te reduce la t\u0103cere \u2013 ascult\u0103 asta \u00eenainte s\u0103 renun\u021bi","author":"Moldova Cre\u0219tin\u0103","date":"2 novembre 2025","format":false,"excerpt":"Ai fost cre\u0219tin, dar ai c\u0103zut \u00een p\u0103cat \u0219i ai pierdut \u00eendr\u0103zneala de a vorbi despre credin\u021b\u0103? Sim\u021bi ru\u0219ine, vinov\u0103\u021bie, team\u0103? \u00cen acest video, Pastorul Vasile Filat explic\u0103 biblic \u0219i practic ce s\u0103 faci c\u00e2nd ai p\u0103c\u0103tuit \u0219i cum s\u0103 revii la o rela\u021bie vie cu Dumnezeu \u0219i la slujire\u2026","rel":"","context":"<span class=\"jp-relatedposts-post-author\">Moldova Cre\u0219tin\u0103<\/span>","block_context":{"text":"MCTV","link":"https:\/\/moldovacrestina.md\/mctv\/"},"img":{"alt_text":"","src":"https:\/\/i0.wp.com\/cdn.moldovacrestina.md\/2025\/11\/585b12ed-hytl58awy6g.jpg?resize=350%2C200&ssl=1","width":350,"height":200,"srcset":"https:\/\/i0.wp.com\/cdn.moldovacrestina.md\/2025\/11\/585b12ed-hytl58awy6g.jpg?resize=350%2C200&ssl=1 1x, https:\/\/i0.wp.com\/cdn.moldovacrestina.md\/2025\/11\/585b12ed-hytl58awy6g.jpg?resize=525%2C300&ssl=1 1.5x, https:\/\/i0.wp.com\/cdn.moldovacrestina.md\/2025\/11\/585b12ed-hytl58awy6g.jpg?resize=700%2C400&ssl=1 2x, https:\/\/i0.wp.com\/cdn.moldovacrestina.md\/2025\/11\/585b12ed-hytl58awy6g.jpg?resize=1050%2C600&ssl=1 3x"},"classes":[]},{"id":361249,"url":"https:\/\/moldovacrestina.md\/o-bomba-a-lovit-la-50-de-metri-de-o-locuinta-din-zaporojie-ucraina\/","url_meta":{"origin":61958,"position":2},"title":"O bomb\u0103 a lovit la 50 de metri de o locuin\u021b\u0103 din Zaporojie, Ucraina.","author":"Vasile Filat","date":"31 octobre 2024","format":false,"excerpt":"O bomb\u0103 a lovit la 50 de metri de o locuin\u021b\u0103 din Zaporojie, Ucraina. Doritorii s\u0103 sus\u021bin\u0103 financiar familia Paketa o pot face, folosind una din metode: Rechizite bancare pentru transfer \u00een MDL (lei moldovene\u0219ti) Beneficiar: CULT RELIGIOS PCCRBCEB \"BUNA VESTIRE A MINTUITORULUI\" Cod IDNO: 1010620001050 Banca beneficiar\u0103: Banca Comerciala\u2026","rel":"","context":"<span class=\"jp-relatedposts-post-author\">Vasile Filat<\/span>","block_context":{"text":"MCTV","link":"https:\/\/moldovacrestina.md\/mctv\/"},"img":{"alt_text":"","src":"https:\/\/i0.wp.com\/cdn.moldovacrestina.md\/2024\/10\/29344642-xoykuhynhgm.jpg?resize=350%2C200&ssl=1","width":350,"height":200,"srcset":"https:\/\/i0.wp.com\/cdn.moldovacrestina.md\/2024\/10\/29344642-xoykuhynhgm.jpg?resize=350%2C200&ssl=1 1x, https:\/\/i0.wp.com\/cdn.moldovacrestina.md\/2024\/10\/29344642-xoykuhynhgm.jpg?resize=525%2C300&ssl=1 1.5x, https:\/\/i0.wp.com\/cdn.moldovacrestina.md\/2024\/10\/29344642-xoykuhynhgm.jpg?resize=700%2C400&ssl=1 2x, https:\/\/i0.wp.com\/cdn.moldovacrestina.md\/2024\/10\/29344642-xoykuhynhgm.jpg?resize=1050%2C600&ssl=1 3x"},"classes":[]},{"id":362355,"url":"https:\/\/moldovacrestina.md\/andrian-lascu-copilarie-rebela-credinta-in-dumnezeu-sansa-de-a-fi-parinte-campion-la-futsal\/","url_meta":{"origin":61958,"position":3},"title":"Andrian La\u0219cu: Copil\u0103rie rebel\u0103, credin\u021ba \u00een Dumnezeu, \u0219ansa de a fi p\u0103rinte, campion la futsal.","author":"Moldova Cre\u0219tin\u0103","date":"16 mars 2025","format":false,"excerpt":"Andrian La\u0219cu de\u021bine dou\u0103 titluri de campion al Rom\u00e2niei \u0219i a fost ales \u00een dou\u0103 r\u00e2nduri cel mai bun juc\u0103tor de futsal al anului \u00een Republica Moldova. Conform Federa\u021biei Moldovene\u0219ti de Fotbal el se num\u0103r\u0103 printre cei mai valoro\u0219i juc\u0103tori din Liga 1 rom\u00e2neasc\u0103 de fotbal de sal\u0103. Afla\u021bi din\u2026","rel":"","context":"<span class=\"jp-relatedposts-post-author\">Moldova Cre\u0219tin\u0103<\/span>","block_context":{"text":"MCTV","link":"https:\/\/moldovacrestina.md\/mctv\/"},"img":{"alt_text":"","src":"https:\/\/i0.wp.com\/cdn.moldovacrestina.md\/2025\/03\/a1a5e5b7-vb0e2k6ablc.jpg?resize=350%2C200&ssl=1","width":350,"height":200,"srcset":"https:\/\/i0.wp.com\/cdn.moldovacrestina.md\/2025\/03\/a1a5e5b7-vb0e2k6ablc.jpg?resize=350%2C200&ssl=1 1x, https:\/\/i0.wp.com\/cdn.moldovacrestina.md\/2025\/03\/a1a5e5b7-vb0e2k6ablc.jpg?resize=525%2C300&ssl=1 1.5x, https:\/\/i0.wp.com\/cdn.moldovacrestina.md\/2025\/03\/a1a5e5b7-vb0e2k6ablc.jpg?resize=700%2C400&ssl=1 2x, https:\/\/i0.wp.com\/cdn.moldovacrestina.md\/2025\/03\/a1a5e5b7-vb0e2k6ablc.jpg?resize=1050%2C600&ssl=1 3x"},"classes":[]},{"id":365331,"url":"https:\/\/moldovacrestina.md\/lotul-moldovei-top-7-la-europenele-itf-taekwondo-3-medalii-de-aur-si-o-cupa-speciala\/","url_meta":{"origin":61958,"position":4},"title":"Lotul Moldovei, TOP 7 la Europenele ITF Taekwondo: 3 medalii de aur \u0219i o cup\u0103 special\u0103","author":"Moldova Cre\u0219tin\u0103","date":"28 avril 2026","format":false,"excerpt":"Moldova s-a clasat pe locul 7 din 31 de \u021b\u0103ri la Campionatul European de Taekwondo ITF. Lotul a c\u00e2\u0219tigat 3 medalii de aur \u0219i multiple medalii la probe individuale \u0219i pe echipe, iar Filip Petrachii a primit trofeul pentru cel mai bun senior masculin. \ud83d\udcd6 Ai nevoie de \u00eendrumare spiritual\u0103\u2026","rel":"","context":"<span class=\"jp-relatedposts-post-author\">Moldova Cre\u0219tin\u0103<\/span>","block_context":{"text":"MCTV","link":"https:\/\/moldovacrestina.md\/mctv\/"},"img":{"alt_text":"","src":"https:\/\/i0.wp.com\/cdn.moldovacrestina.md\/2026\/04\/ffb0c2a7-uu19uatk5q0.jpg?resize=350%2C200&ssl=1","width":350,"height":200,"srcset":"https:\/\/i0.wp.com\/cdn.moldovacrestina.md\/2026\/04\/ffb0c2a7-uu19uatk5q0.jpg?resize=350%2C200&ssl=1 1x, https:\/\/i0.wp.com\/cdn.moldovacrestina.md\/2026\/04\/ffb0c2a7-uu19uatk5q0.jpg?resize=525%2C300&ssl=1 1.5x, https:\/\/i0.wp.com\/cdn.moldovacrestina.md\/2026\/04\/ffb0c2a7-uu19uatk5q0.jpg?resize=700%2C400&ssl=1 2x, https:\/\/i0.wp.com\/cdn.moldovacrestina.md\/2026\/04\/ffb0c2a7-uu19uatk5q0.jpg?resize=1050%2C600&ssl=1 3x"},"classes":[]}],"jetpack_sharing_enabled":true,"_links":{"self":[{"href":"https:\/\/moldovacrestina.md\/fr\/wp-json\/wp\/v2\/posts\/61958","targetHints":{"allow":["GET"]}}],"collection":[{"href":"https:\/\/moldovacrestina.md\/fr\/wp-json\/wp\/v2\/posts"}],"about":[{"href":"https:\/\/moldovacrestina.md\/fr\/wp-json\/wp\/v2\/types\/post"}],"author":[{"embeddable":true,"href":"https:\/\/moldovacrestina.md\/fr\/wp-json\/wp\/v2\/users\/46"}],"replies":[{"embeddable":true,"href":"https:\/\/moldovacrestina.md\/fr\/wp-json\/wp\/v2\/comments?post=61958"}],"version-history":[{"count":0,"href":"https:\/\/moldovacrestina.md\/fr\/wp-json\/wp\/v2\/posts\/61958\/revisions"}],"wp:featuredmedia":[{"embeddable":true,"href":"https:\/\/moldovacrestina.md\/fr\/wp-json\/wp\/v2\/media\/100474"}],"wp:attachment":[{"href":"https:\/\/moldovacrestina.md\/fr\/wp-json\/wp\/v2\/media?parent=61958"}],"wp:term":[{"taxonomy":"category","embeddable":true,"href":"https:\/\/moldovacrestina.md\/fr\/wp-json\/wp\/v2\/categories?post=61958"},{"taxonomy":"post_tag","embeddable":true,"href":"https:\/\/moldovacrestina.md\/fr\/wp-json\/wp\/v2\/tags?post=61958"}],"curies":[{"name":"wp","href":"https:\/\/api.w.org\/{rel}","templated":true}]}}