{"id":61318,"date":"2012-02-21T17:38:54","date_gmt":"2012-02-21T15:38:54","guid":{"rendered":"https:\/\/moldovacrestina.md\/enfant-et-son-ange"},"modified":"2017-05-03T18:45:59","modified_gmt":"2017-05-03T16:45:59","slug":"enfant-et-son-ange","status":"publish","type":"post","link":"https:\/\/moldovacrestina.md\/fr\/enfant-et-son-ange\/","title":{"rendered":"Est-ce vrai que chaque enfant \u00e0 son ange?"},"content":{"rendered":"<p><img loading=\"lazy\" decoding=\"async\" class=\"alignnone wp-image-91919 size-full\" src=\"https:\/\/cdn.moldovacrestina.md\/2012\/02\/DonaGelsinger-1.jpg\" alt=\"Est-ce vrai que chaque enfant \u00e0 son ange?\" width=\"600\" height=\"617\" \/>La question de cet article se r\u00e9f\u00e8re aux anges et leur protection pour les personnes :<\/p>\n<blockquote class=\"td_quote_box td_box_center\"><p>Dans le Matthieu 18:10, on parle des anges d\u2019enfants, qui voient la face du Dieu. Quand j\u2019ai lit le texte,\u00a0 j\u2019ai compris que chaque enfant a un ange. Est-ce vrai ? Et une autre question : quand on grandi, on devient adulte et on se marier, a-t-on encore un ange ? Merci\u2026<\/p><\/blockquote>\n<p>Voyons:<\/p>\n<h2><strong>Qu\u2019est-c<\/strong><strong>e\u00a0<\/strong><strong>qu\u2019\u00e9crit dans l\u2019Evangile du Matthieu 18:10<\/strong><\/h2>\n<p>Quand les disciples ont demande \u00e0 J\u00e9sus qui est le plus grand dans le Royaume du Cieux, Il a prit un petit enfant dans ses bras et Il a dit que si ils ne deviennent comme les petits enfants, ils n\u2019entr\u00e8rent pas dans le royaume des cieux, et encore Il a dit:<\/p>\n<blockquote class=\"td_quote_box td_box_center\"><p><em>\u201cGardez-vous de m\u00e9priser un seul de ces petits; car je vous dis que leurs anges dans les cieux voient continuellement la face de mon P\u00e8re qui est dans les cieux.\u201d (Matthieu 18:10)<\/em><\/p><\/blockquote>\n<p>De ce texte, nous apprenons que les anges appartiennent \u00e0 ces enfants, et qu\u2019ils voient toujours la face du Dieu dans le ciel. Pour comprendre mieux ce sujet, nous devons connaitre\u2026<\/p>\n<h2><strong>Qui sont les anges?<\/strong><\/h2>\n<p>Dans l\u2019Epitre pour H\u00e9breux est \u00e9crit:<\/p>\n<blockquote class=\"td_quote_box td_box_center\"><p><em>\u201cEt auquel des anges a-t-il jamais dit: Assieds-toi \u00e0 ma droite, jusqu\u2019\u00e0 ce que je fasse de tes ennemis ton marchepied? Ne sont-ils pas tous des esprits au service de Dieu, envoy\u00e9s pour exercer un minist\u00e8re en faveur de ceux qui doivent h\u00e9riter du salut? \u201d (H\u00e9breux 1:13-14)<\/em><\/p><\/blockquote>\n<p>Ce texte dit que les anges sont des esprits au service de Dieu, envoy\u00e9s pour exercer un minist\u00e8re en faveur de ceux qui doivent h\u00e9riter du salut.<\/p>\n<p>Les anges prot\u00e8gent ceux qui ont peur de Dieu et se confient en Lui.<\/p>\n<p>Dans les Psaumes, il y a 2 r\u00e9f\u00e9rences qui montrent que les anges servent ceux qui ont peur de Dieu et se confient en Lui. La premi\u00e8re et dans le chapitre 34:<\/p>\n<blockquote class=\"td_quote_box td_box_center\"><p><em>\u201cL\u2019ange de l\u2019\u00c9ternel campe autour de ceux qui le craignent, Et il les arrache au danger.\u201d (Psaumes 34:7)<\/em><\/p><\/blockquote>\n<p>Et la deuxi\u00e8me est dans le Psaume 91 et se r\u00e9f\u00e8re au celui qui se confie totalement a Dieu.<\/p>\n<blockquote class=\"td_quote_box td_box_center\"><p><em>\u201cCar il ordonnera \u00e0 ses anges De te garder dans toutes tes voies; Ils te porteront sur les mains, De peur que ton pied ne heurte contre une pierre.\u201d (Psaumes 91: 11 \u2013 12)<\/em><\/p><\/blockquote>\n<p>Je ne connais pas une autre r\u00e9f\u00e9rence dans la Bible qui dira que chaque enfant \u00e0 un ange, mais je crois que la r\u00e9f\u00e9rence du Matthieu suffit ou le Seigneur J\u00e9sus a affirm\u00e9 que les anges des enfants regardent toujours la face du Dieu, dans le ciel. En ce qui concerne les adultes, il est \u00e9crits que les anges servent \u00e0 ceux qui doivent h\u00e9riter du salut, et ils ont peur de Dieu et ont toujours confiance en Lui.<\/p>\n<p>La semaine prochaine nous avons c\u00e9l\u00e9br\u00e9 l\u2019anniversaire de Jack Arthur, un homme saint, qui a c\u00e9l\u00e9br\u00e9 85 ans. Il nous a dit que jamais dans sa vie il n\u2019a jamais pens\u00e9 \u00e0 son \u00e2ge, et que plusieurs fois il a \u00e9t\u00e9 tr\u00e8s pr\u00e8s de la mort. Sept fois, il fut devant la mort. Sur les mers et comme en Afrique en tant que missionnaire, il a \u00e9chapp\u00e9 \u00e0 une attaque d\u2019un lion. Donc, tous les enfants de Dieu peuvent confesser qu\u2019ils ont eu des moments difficiles dans la vie quand ils ont \u00e9chapp\u00e9 \u00e0 des dangers incroyables.<\/p>\n<p>Gloire a Dieu qui commande \u00e0 Ses anges de nous prot\u00e9ger sur notre chemin.<\/p>\n<p><em>L\u2019article a \u00e9t\u00e9 traduit par Diana Ta\u0219ca.<\/em><\/p>\n","protected":false},"excerpt":{"rendered":"<p>La question de cet article se r\u00e9f\u00e8re aux anges et leur protection pour les personnes : Dans le Matthieu 18:10, on parle des anges d\u2019enfants, qui voient la face du Dieu. Quand j\u2019ai lit le texte,\u00a0 j\u2019ai compris que chaque enfant a un ange. Est-ce vrai ? Et une autre question : quand on grandi, [&hellip;]<\/p>\n","protected":false},"author":46,"featured_media":91919,"comment_status":"closed","ping_status":"closed","sticky":false,"template":"","format":"standard","meta":{"_acf_changed":false,"inline_featured_image":false,"_monsterinsights_skip_tracking":false,"_monsterinsights_sitenote_active":false,"_monsterinsights_sitenote_note":"","_monsterinsights_sitenote_category":0,"_genesis_hide_title":false,"_genesis_hide_breadcrumbs":false,"_genesis_hide_singular_image":false,"_genesis_hide_footer_widgets":false,"_genesis_custom_body_class":"","_genesis_custom_post_class":"","_genesis_layout":"","ep_exclude_from_search":false,"_jetpack_memberships_contains_paid_content":false,"footnotes":""},"categories":[29840],"tags":[8275,11788,11789,11790],"class_list":{"0":"post-61318","1":"post","2":"type-post","3":"status-publish","4":"format-standard","5":"has-post-thumbnail","7":"category-reponses-de-la-bible","8":"tag-enfant","9":"tag-ange","10":"tag-anges-denfants","11":"tag-esprits","12":"entry"},"acf":[],"yoast_head":"<!-- This site is optimized with the Yoast SEO Premium plugin v26.5 (Yoast SEO v27.4) - https:\/\/yoast.com\/product\/yoast-seo-premium-wordpress\/ -->\n<title>Les anges d\u2019enfants qui voient la face du Dieu<\/title>\n<meta name=\"description\" content=\"Cette article explique si chaque enfant a un ange et qui sont les anges, quelle est leur mission et \u00e0 qui ils servent.\" \/>\n<meta name=\"robots\" content=\"index, follow, max-snippet:-1, max-image-preview:large, max-video-preview:-1\" \/>\n<link rel=\"canonical\" href=\"https:\/\/moldovacrestina.md\/fr\/enfant-et-son-ange\/\" \/>\n<meta property=\"og:locale\" content=\"fr_FR\" \/>\n<meta property=\"og:type\" content=\"article\" \/>\n<meta property=\"og:title\" content=\"Est-ce vrai que chaque enfant \u00e0 son ange?\" \/>\n<meta property=\"og:description\" content=\"Cette article explique si chaque enfant a un ange et qui sont les anges, quelle est leur mission et \u00e0 qui ils servent.\" \/>\n<meta property=\"og:url\" content=\"https:\/\/moldovacrestina.md\/fr\/enfant-et-son-ange\/\" \/>\n<meta property=\"og:site_name\" content=\"Moldova Cre\u0219tin\u0103\" \/>\n<meta property=\"article:publisher\" content=\"https:\/\/www.facebook.com\/moldovacrestina\/\" \/>\n<meta property=\"article:published_time\" content=\"2012-02-21T15:38:54+00:00\" \/>\n<meta property=\"article:modified_time\" content=\"2017-05-03T16:45:59+00:00\" \/>\n<meta property=\"og:image\" content=\"https:\/\/cdn.moldovacrestina.md\/2012\/02\/DonaGelsinger-1.jpg\" \/>\n\t<meta property=\"og:image:width\" content=\"600\" \/>\n\t<meta property=\"og:image:height\" content=\"617\" \/>\n\t<meta property=\"og:image:type\" content=\"image\/jpeg\" \/>\n<meta name=\"author\" content=\"Vasile Filat\" \/>\n<meta name=\"twitter:card\" content=\"summary_large_image\" \/>\n<meta name=\"twitter:creator\" content=\"@moldovacrestina\" \/>\n<meta name=\"twitter:site\" content=\"@moldovacrestina\" \/>\n<meta name=\"twitter:label1\" content=\"\u00c9crit par\" \/>\n\t<meta name=\"twitter:data1\" content=\"Vasile Filat\" \/>\n\t<meta name=\"twitter:label2\" content=\"Dur\u00e9e de lecture estim\u00e9e\" \/>\n\t<meta name=\"twitter:data2\" content=\"3 minutes\" \/>\n<script type=\"application\/ld+json\" class=\"yoast-schema-graph\">{\"@context\":\"https:\\\/\\\/schema.org\",\"@graph\":[{\"@type\":\"Article\",\"@id\":\"https:\\\/\\\/moldovacrestina.md\\\/fr\\\/enfant-et-son-ange\\\/#article\",\"isPartOf\":{\"@id\":\"https:\\\/\\\/moldovacrestina.md\\\/fr\\\/enfant-et-son-ange\\\/\"},\"author\":{\"name\":\"Vasile Filat\",\"@id\":\"https:\\\/\\\/moldovacrestina.md\\\/fr\\\/#\\\/schema\\\/person\\\/04b204bbb582cc832c3d2424f5d27dc0\"},\"headline\":\"Est-ce vrai que chaque enfant \u00e0 son ange?\",\"datePublished\":\"2012-02-21T15:38:54+00:00\",\"dateModified\":\"2017-05-03T16:45:59+00:00\",\"mainEntityOfPage\":{\"@id\":\"https:\\\/\\\/moldovacrestina.md\\\/fr\\\/enfant-et-son-ange\\\/\"},\"wordCount\":622,\"image\":{\"@id\":\"https:\\\/\\\/moldovacrestina.md\\\/fr\\\/enfant-et-son-ange\\\/#primaryimage\"},\"thumbnailUrl\":\"https:\\\/\\\/moldovacrestina.md\\\/wp-content\\\/uploads\\\/2012\\\/02\\\/DonaGelsinger-1.jpg\",\"keywords\":[\"enfant\",\"ange\",\"anges d\u2019enfants\",\"esprits\"],\"articleSection\":[\"R\u00e9ponses de la Bible\"],\"inLanguage\":\"fr-FR\"},{\"@type\":\"WebPage\",\"@id\":\"https:\\\/\\\/moldovacrestina.md\\\/fr\\\/enfant-et-son-ange\\\/\",\"url\":\"https:\\\/\\\/moldovacrestina.md\\\/fr\\\/enfant-et-son-ange\\\/\",\"name\":\"Les anges d\u2019enfants qui voient la face du Dieu\",\"isPartOf\":{\"@id\":\"https:\\\/\\\/moldovacrestina.md\\\/fr\\\/#website\"},\"primaryImageOfPage\":{\"@id\":\"https:\\\/\\\/moldovacrestina.md\\\/fr\\\/enfant-et-son-ange\\\/#primaryimage\"},\"image\":{\"@id\":\"https:\\\/\\\/moldovacrestina.md\\\/fr\\\/enfant-et-son-ange\\\/#primaryimage\"},\"thumbnailUrl\":\"https:\\\/\\\/moldovacrestina.md\\\/wp-content\\\/uploads\\\/2012\\\/02\\\/DonaGelsinger-1.jpg\",\"datePublished\":\"2012-02-21T15:38:54+00:00\",\"dateModified\":\"2017-05-03T16:45:59+00:00\",\"author\":{\"@id\":\"https:\\\/\\\/moldovacrestina.md\\\/fr\\\/#\\\/schema\\\/person\\\/04b204bbb582cc832c3d2424f5d27dc0\"},\"description\":\"Cette article explique si chaque enfant a un ange et qui sont les anges, quelle est leur mission et \u00e0 qui ils servent.\",\"breadcrumb\":{\"@id\":\"https:\\\/\\\/moldovacrestina.md\\\/fr\\\/enfant-et-son-ange\\\/#breadcrumb\"},\"inLanguage\":\"fr-FR\",\"potentialAction\":[{\"@type\":\"ReadAction\",\"target\":[\"https:\\\/\\\/moldovacrestina.md\\\/fr\\\/enfant-et-son-ange\\\/\"]}]},{\"@type\":\"ImageObject\",\"inLanguage\":\"fr-FR\",\"@id\":\"https:\\\/\\\/moldovacrestina.md\\\/fr\\\/enfant-et-son-ange\\\/#primaryimage\",\"url\":\"https:\\\/\\\/moldovacrestina.md\\\/wp-content\\\/uploads\\\/2012\\\/02\\\/DonaGelsinger-1.jpg\",\"contentUrl\":\"https:\\\/\\\/moldovacrestina.md\\\/wp-content\\\/uploads\\\/2012\\\/02\\\/DonaGelsinger-1.jpg\",\"width\":600,\"height\":617},{\"@type\":\"BreadcrumbList\",\"@id\":\"https:\\\/\\\/moldovacrestina.md\\\/fr\\\/enfant-et-son-ange\\\/#breadcrumb\",\"itemListElement\":[{\"@type\":\"ListItem\",\"position\":1,\"name\":\"Prima pagin\u0103\",\"item\":\"https:\\\/\\\/moldovacrestina.md\\\/fr\\\/\"},{\"@type\":\"ListItem\",\"position\":2,\"name\":\"R\u00e9ponses de la Bible\",\"item\":\"https:\\\/\\\/moldovacrestina.md\\\/fr\\\/reponses-de-la-bible\\\/\"},{\"@type\":\"ListItem\",\"position\":3,\"name\":\"Est-ce vrai que chaque enfant \u00e0 son ange?\"}]},{\"@type\":\"WebSite\",\"@id\":\"https:\\\/\\\/moldovacrestina.md\\\/fr\\\/#website\",\"url\":\"https:\\\/\\\/moldovacrestina.md\\\/fr\\\/\",\"name\":\"Moldova Cre\u0219tin\u0103\",\"description\":\"R\u0103spunsuri relevante \u0219i actuale din Biblie\",\"potentialAction\":[{\"@type\":\"SearchAction\",\"target\":{\"@type\":\"EntryPoint\",\"urlTemplate\":\"https:\\\/\\\/moldovacrestina.md\\\/fr\\\/?s={search_term_string}\"},\"query-input\":{\"@type\":\"PropertyValueSpecification\",\"valueRequired\":true,\"valueName\":\"search_term_string\"}}],\"inLanguage\":\"fr-FR\"},{\"@type\":\"Person\",\"@id\":\"https:\\\/\\\/moldovacrestina.md\\\/fr\\\/#\\\/schema\\\/person\\\/04b204bbb582cc832c3d2424f5d27dc0\",\"name\":\"Vasile Filat\",\"image\":{\"@type\":\"ImageObject\",\"inLanguage\":\"fr-FR\",\"@id\":\"https:\\\/\\\/secure.gravatar.com\\\/avatar\\\/2e02d082d139dd6eb634318c9cf2c3a8281db62f24f87a134adb4f2020e77ab3?s=96&d=mm&r=g\",\"url\":\"https:\\\/\\\/secure.gravatar.com\\\/avatar\\\/2e02d082d139dd6eb634318c9cf2c3a8281db62f24f87a134adb4f2020e77ab3?s=96&d=mm&r=g\",\"contentUrl\":\"https:\\\/\\\/secure.gravatar.com\\\/avatar\\\/2e02d082d139dd6eb634318c9cf2c3a8281db62f24f87a134adb4f2020e77ab3?s=96&d=mm&r=g\",\"caption\":\"Vasile Filat\"},\"description\":\"P\u0103storesc\u00a0Biserica Bunavestire din Chi\u0219in\u0103u, predau Cuv\u00e2ntul lui Dumnezeu la\u00a0Institutul de Studiu Biblic Inductiv din Eurasia\u00a0\u0219i conduc\u00a0Asocia\u021bia \\\"\u00cenv\u0103\u021b\u0103tur\u0103 din Cuv\u00e2nt - Precept Ministries\\\" din Moldova. \u00cempreun\u0103 cu so\u021bia mea\u00a0Anastasia, avem trei copii. Din Aprilie 2007 am oferit r\u0103spunsuri din Biblie pe acest site la \u00eentreb\u0103ri adresate de cititori. Mai mult despre mine citi\u021bi\u00a0aici.\",\"url\":\"https:\\\/\\\/moldovacrestina.md\\\/fr\\\/author\\\/vasile-filat\\\/\"}]}<\/script>\n<!-- \/ Yoast SEO Premium plugin. -->","yoast_head_json":{"title":"Les anges d\u2019enfants qui voient la face du Dieu","description":"Cette article explique si chaque enfant a un ange et qui sont les anges, quelle est leur mission et \u00e0 qui ils servent.","robots":{"index":"index","follow":"follow","max-snippet":"max-snippet:-1","max-image-preview":"max-image-preview:large","max-video-preview":"max-video-preview:-1"},"canonical":"https:\/\/moldovacrestina.md\/fr\/enfant-et-son-ange\/","og_locale":"fr_FR","og_type":"article","og_title":"Est-ce vrai que chaque enfant \u00e0 son ange?","og_description":"Cette article explique si chaque enfant a un ange et qui sont les anges, quelle est leur mission et \u00e0 qui ils servent.","og_url":"https:\/\/moldovacrestina.md\/fr\/enfant-et-son-ange\/","og_site_name":"Moldova Cre\u0219tin\u0103","article_publisher":"https:\/\/www.facebook.com\/moldovacrestina\/","article_published_time":"2012-02-21T15:38:54+00:00","article_modified_time":"2017-05-03T16:45:59+00:00","og_image":[{"width":600,"height":617,"url":"https:\/\/cdn.moldovacrestina.md\/2012\/02\/DonaGelsinger-1.jpg","type":"image\/jpeg"}],"author":"Vasile Filat","twitter_card":"summary_large_image","twitter_creator":"@moldovacrestina","twitter_site":"@moldovacrestina","twitter_misc":{"\u00c9crit par":"Vasile Filat","Dur\u00e9e de lecture estim\u00e9e":"3 minutes"},"schema":{"@context":"https:\/\/schema.org","@graph":[{"@type":"Article","@id":"https:\/\/moldovacrestina.md\/fr\/enfant-et-son-ange\/#article","isPartOf":{"@id":"https:\/\/moldovacrestina.md\/fr\/enfant-et-son-ange\/"},"author":{"name":"Vasile Filat","@id":"https:\/\/moldovacrestina.md\/fr\/#\/schema\/person\/04b204bbb582cc832c3d2424f5d27dc0"},"headline":"Est-ce vrai que chaque enfant \u00e0 son ange?","datePublished":"2012-02-21T15:38:54+00:00","dateModified":"2017-05-03T16:45:59+00:00","mainEntityOfPage":{"@id":"https:\/\/moldovacrestina.md\/fr\/enfant-et-son-ange\/"},"wordCount":622,"image":{"@id":"https:\/\/moldovacrestina.md\/fr\/enfant-et-son-ange\/#primaryimage"},"thumbnailUrl":"https:\/\/moldovacrestina.md\/wp-content\/uploads\/2012\/02\/DonaGelsinger-1.jpg","keywords":["enfant","ange","anges d\u2019enfants","esprits"],"articleSection":["R\u00e9ponses de la Bible"],"inLanguage":"fr-FR"},{"@type":"WebPage","@id":"https:\/\/moldovacrestina.md\/fr\/enfant-et-son-ange\/","url":"https:\/\/moldovacrestina.md\/fr\/enfant-et-son-ange\/","name":"Les anges d\u2019enfants qui voient la face du Dieu","isPartOf":{"@id":"https:\/\/moldovacrestina.md\/fr\/#website"},"primaryImageOfPage":{"@id":"https:\/\/moldovacrestina.md\/fr\/enfant-et-son-ange\/#primaryimage"},"image":{"@id":"https:\/\/moldovacrestina.md\/fr\/enfant-et-son-ange\/#primaryimage"},"thumbnailUrl":"https:\/\/moldovacrestina.md\/wp-content\/uploads\/2012\/02\/DonaGelsinger-1.jpg","datePublished":"2012-02-21T15:38:54+00:00","dateModified":"2017-05-03T16:45:59+00:00","author":{"@id":"https:\/\/moldovacrestina.md\/fr\/#\/schema\/person\/04b204bbb582cc832c3d2424f5d27dc0"},"description":"Cette article explique si chaque enfant a un ange et qui sont les anges, quelle est leur mission et \u00e0 qui ils servent.","breadcrumb":{"@id":"https:\/\/moldovacrestina.md\/fr\/enfant-et-son-ange\/#breadcrumb"},"inLanguage":"fr-FR","potentialAction":[{"@type":"ReadAction","target":["https:\/\/moldovacrestina.md\/fr\/enfant-et-son-ange\/"]}]},{"@type":"ImageObject","inLanguage":"fr-FR","@id":"https:\/\/moldovacrestina.md\/fr\/enfant-et-son-ange\/#primaryimage","url":"https:\/\/moldovacrestina.md\/wp-content\/uploads\/2012\/02\/DonaGelsinger-1.jpg","contentUrl":"https:\/\/moldovacrestina.md\/wp-content\/uploads\/2012\/02\/DonaGelsinger-1.jpg","width":600,"height":617},{"@type":"BreadcrumbList","@id":"https:\/\/moldovacrestina.md\/fr\/enfant-et-son-ange\/#breadcrumb","itemListElement":[{"@type":"ListItem","position":1,"name":"Prima pagin\u0103","item":"https:\/\/moldovacrestina.md\/fr\/"},{"@type":"ListItem","position":2,"name":"R\u00e9ponses de la Bible","item":"https:\/\/moldovacrestina.md\/fr\/reponses-de-la-bible\/"},{"@type":"ListItem","position":3,"name":"Est-ce vrai que chaque enfant \u00e0 son ange?"}]},{"@type":"WebSite","@id":"https:\/\/moldovacrestina.md\/fr\/#website","url":"https:\/\/moldovacrestina.md\/fr\/","name":"Moldova Cre\u0219tin\u0103","description":"R\u0103spunsuri relevante \u0219i actuale din Biblie","potentialAction":[{"@type":"SearchAction","target":{"@type":"EntryPoint","urlTemplate":"https:\/\/moldovacrestina.md\/fr\/?s={search_term_string}"},"query-input":{"@type":"PropertyValueSpecification","valueRequired":true,"valueName":"search_term_string"}}],"inLanguage":"fr-FR"},{"@type":"Person","@id":"https:\/\/moldovacrestina.md\/fr\/#\/schema\/person\/04b204bbb582cc832c3d2424f5d27dc0","name":"Vasile Filat","image":{"@type":"ImageObject","inLanguage":"fr-FR","@id":"https:\/\/secure.gravatar.com\/avatar\/2e02d082d139dd6eb634318c9cf2c3a8281db62f24f87a134adb4f2020e77ab3?s=96&d=mm&r=g","url":"https:\/\/secure.gravatar.com\/avatar\/2e02d082d139dd6eb634318c9cf2c3a8281db62f24f87a134adb4f2020e77ab3?s=96&d=mm&r=g","contentUrl":"https:\/\/secure.gravatar.com\/avatar\/2e02d082d139dd6eb634318c9cf2c3a8281db62f24f87a134adb4f2020e77ab3?s=96&d=mm&r=g","caption":"Vasile Filat"},"description":"P\u0103storesc\u00a0Biserica Bunavestire din Chi\u0219in\u0103u, predau Cuv\u00e2ntul lui Dumnezeu la\u00a0Institutul de Studiu Biblic Inductiv din Eurasia\u00a0\u0219i conduc\u00a0Asocia\u021bia \"\u00cenv\u0103\u021b\u0103tur\u0103 din Cuv\u00e2nt - Precept Ministries\" din Moldova. \u00cempreun\u0103 cu so\u021bia mea\u00a0Anastasia, avem trei copii. Din Aprilie 2007 am oferit r\u0103spunsuri din Biblie pe acest site la \u00eentreb\u0103ri adresate de cititori. Mai mult despre mine citi\u021bi\u00a0aici.","url":"https:\/\/moldovacrestina.md\/fr\/author\/vasile-filat\/"}]}},"jetpack_featured_media_url":"https:\/\/moldovacrestina.md\/wp-content\/uploads\/2012\/02\/DonaGelsinger-1.jpg","video_meta":false,"featured_image":"https:\/\/moldovacrestina.md\/wp-content\/uploads\/2012\/02\/DonaGelsinger-1.jpg","wpml":{"language_code":"fr","locale":"fr_FR","text_direction":false,"display_name":"Fran\u00e7ais","native_name":"Francez\u0103","different_language":false},"jetpack-related-posts":[{"id":363755,"url":"https:\/\/moldovacrestina.md\/este-pacat-divortul-daca-ambii-soti-il-doresc-pastor-vasile-filat\/","url_meta":{"origin":61318,"position":0},"title":"Este p\u0103cat divor\u021bul dac\u0103 ambii so\u021bi \u00eel doresc? | Pastor Vasile Filat","author":"Moldova Cre\u0219tin\u0103","date":"12 octobre 2025","format":false,"excerpt":"Mul\u021bi oameni cred c\u0103 dac\u0103 ambii so\u021bi sunt de acord cu desp\u0103r\u021birea, divor\u021bul nu mai este p\u0103cat. Dar ce spune Biblia? \u00cen acest video, pastorul Vasile Filat explic\u0103, pe baza textelor din Matei 19, Maleahi 2 \u0219i Evrei 13:4, c\u0103 Dumnezeu a instituit c\u0103s\u0103toria \u0219i El singur are autoritatea de\u2026","rel":"","context":"<span class=\"jp-relatedposts-post-author\">Moldova Cre\u0219tin\u0103<\/span>","block_context":{"text":"MCTV","link":"https:\/\/moldovacrestina.md\/mctv\/"},"img":{"alt_text":"","src":"https:\/\/i0.wp.com\/cdn.moldovacrestina.md\/2025\/10\/fa6abd08-qnfeu_9zdi4.jpg?resize=350%2C200&ssl=1","width":350,"height":200,"srcset":"https:\/\/i0.wp.com\/cdn.moldovacrestina.md\/2025\/10\/fa6abd08-qnfeu_9zdi4.jpg?resize=350%2C200&ssl=1 1x, https:\/\/i0.wp.com\/cdn.moldovacrestina.md\/2025\/10\/fa6abd08-qnfeu_9zdi4.jpg?resize=525%2C300&ssl=1 1.5x, https:\/\/i0.wp.com\/cdn.moldovacrestina.md\/2025\/10\/fa6abd08-qnfeu_9zdi4.jpg?resize=700%2C400&ssl=1 2x, https:\/\/i0.wp.com\/cdn.moldovacrestina.md\/2025\/10\/fa6abd08-qnfeu_9zdi4.jpg?resize=1050%2C600&ssl=1 3x"},"classes":[]},{"id":364175,"url":"https:\/\/moldovacrestina.md\/este-liturghia-o-jertfa-ce-spune-biblia-pastor-vasile-filat\/","url_meta":{"origin":61318,"position":1},"title":"Este liturghia o jertf\u0103? Ce spune Biblia? | Pastor Vasile Filat","author":"Moldova Cre\u0219tin\u0103","date":"10 d\u00e9cembre 2025","format":false,"excerpt":"Ce spune Biblia despre jertfa adus\u0103 la sf\u00e2nta liturghie? Pastorul Vasile Filat explic\u0103, prin texte clare din Scriptur\u0103, dac\u0103 liturghia este o jertf\u0103 repetat\u0103 sau o comemorare a jertfei lui Hristos. Afl\u0103 ce \u00eenseamn\u0103, de fapt, Cina Domnului \u0219i ce spune Biblia despre suficien\u021ba jertfei de pe Golgota. Subiecte abordate\u2026","rel":"","context":"<span class=\"jp-relatedposts-post-author\">Moldova Cre\u0219tin\u0103<\/span>","block_context":{"text":"MCTV","link":"https:\/\/moldovacrestina.md\/mctv\/"},"img":{"alt_text":"","src":"https:\/\/i0.wp.com\/cdn.moldovacrestina.md\/2025\/12\/0f8e955d-h2mhpwxffr0.jpg?resize=350%2C200&ssl=1","width":350,"height":200,"srcset":"https:\/\/i0.wp.com\/cdn.moldovacrestina.md\/2025\/12\/0f8e955d-h2mhpwxffr0.jpg?resize=350%2C200&ssl=1 1x, https:\/\/i0.wp.com\/cdn.moldovacrestina.md\/2025\/12\/0f8e955d-h2mhpwxffr0.jpg?resize=525%2C300&ssl=1 1.5x, https:\/\/i0.wp.com\/cdn.moldovacrestina.md\/2025\/12\/0f8e955d-h2mhpwxffr0.jpg?resize=700%2C400&ssl=1 2x, https:\/\/i0.wp.com\/cdn.moldovacrestina.md\/2025\/12\/0f8e955d-h2mhpwxffr0.jpg?resize=1050%2C600&ssl=1 3x"},"classes":[]},{"id":363933,"url":"https:\/\/moldovacrestina.md\/cand-pacatul-te-reduce-la-tacere-asculta-asta-inainte-sa-renunti\/","url_meta":{"origin":61318,"position":2},"title":"C\u00e2nd p\u0103catul te reduce la t\u0103cere \u2013 ascult\u0103 asta \u00eenainte s\u0103 renun\u021bi","author":"Moldova Cre\u0219tin\u0103","date":"2 novembre 2025","format":false,"excerpt":"Ai fost cre\u0219tin, dar ai c\u0103zut \u00een p\u0103cat \u0219i ai pierdut \u00eendr\u0103zneala de a vorbi despre credin\u021b\u0103? Sim\u021bi ru\u0219ine, vinov\u0103\u021bie, team\u0103? \u00cen acest video, Pastorul Vasile Filat explic\u0103 biblic \u0219i practic ce s\u0103 faci c\u00e2nd ai p\u0103c\u0103tuit \u0219i cum s\u0103 revii la o rela\u021bie vie cu Dumnezeu \u0219i la slujire\u2026","rel":"","context":"<span class=\"jp-relatedposts-post-author\">Moldova Cre\u0219tin\u0103<\/span>","block_context":{"text":"MCTV","link":"https:\/\/moldovacrestina.md\/mctv\/"},"img":{"alt_text":"","src":"https:\/\/i0.wp.com\/cdn.moldovacrestina.md\/2025\/11\/585b12ed-hytl58awy6g.jpg?resize=350%2C200&ssl=1","width":350,"height":200,"srcset":"https:\/\/i0.wp.com\/cdn.moldovacrestina.md\/2025\/11\/585b12ed-hytl58awy6g.jpg?resize=350%2C200&ssl=1 1x, https:\/\/i0.wp.com\/cdn.moldovacrestina.md\/2025\/11\/585b12ed-hytl58awy6g.jpg?resize=525%2C300&ssl=1 1.5x, https:\/\/i0.wp.com\/cdn.moldovacrestina.md\/2025\/11\/585b12ed-hytl58awy6g.jpg?resize=700%2C400&ssl=1 2x, https:\/\/i0.wp.com\/cdn.moldovacrestina.md\/2025\/11\/585b12ed-hytl58awy6g.jpg?resize=1050%2C600&ssl=1 3x"},"classes":[]},{"id":361261,"url":"https:\/\/moldovacrestina.md\/probleme-necazuri-si-ciori-care-se-tin-dupa-tine-vasile-filat\/","url_meta":{"origin":61318,"position":3},"title":"Probleme, necazuri \u0219i ciori care se \u021bin dup\u0103 tine\u2026 &#8211; Vasile Filat","author":"Vasile Filat","date":"1 novembre 2024","format":false,"excerpt":"\u00ceNTREBAREA: P\u0103rinte, de mul\u021bi ani m\u0103 confrunt numai cu necazuri \u0219i probleme. Nu doar asta, dar \u00een fiecare zi sunt \u0219i ciori care se \u021bin dup\u0103 mine \u0219i simt c\u0103 nimic nu m\u0103 mai mul\u021bume\u0219te. Vreau s\u0103 \u0219tiu care ar fi problema? Simt c\u0103 nu mai pot. Mul\u021bumesc din suflet.\u2026","rel":"","context":"<span class=\"jp-relatedposts-post-author\">Vasile Filat<\/span>","block_context":{"text":"Doctrine","link":"https:\/\/moldovacrestina.md\/doctrine\/"},"img":{"alt_text":"","src":"https:\/\/i0.wp.com\/cdn.moldovacrestina.md\/2024\/11\/56a16de6-screenshot-2024-11-01-at-09.20.42.png?resize=350%2C200&ssl=1","width":350,"height":200,"srcset":"https:\/\/i0.wp.com\/cdn.moldovacrestina.md\/2024\/11\/56a16de6-screenshot-2024-11-01-at-09.20.42.png?resize=350%2C200&ssl=1 1x, https:\/\/i0.wp.com\/cdn.moldovacrestina.md\/2024\/11\/56a16de6-screenshot-2024-11-01-at-09.20.42.png?resize=525%2C300&ssl=1 1.5x, https:\/\/i0.wp.com\/cdn.moldovacrestina.md\/2024\/11\/56a16de6-screenshot-2024-11-01-at-09.20.42.png?resize=700%2C400&ssl=1 2x, https:\/\/i0.wp.com\/cdn.moldovacrestina.md\/2024\/11\/56a16de6-screenshot-2024-11-01-at-09.20.42.png?resize=1050%2C600&ssl=1 3x, https:\/\/i0.wp.com\/cdn.moldovacrestina.md\/2024\/11\/56a16de6-screenshot-2024-11-01-at-09.20.42.png?resize=1400%2C800&ssl=1 4x"},"classes":[]},{"id":363943,"url":"https:\/\/moldovacrestina.md\/nu-mai-zadarnici-harul-lui-dumnezeu-foloseste-ti-potentialul-deplin-in-hristos-vasile-filat\/","url_meta":{"origin":61318,"position":4},"title":"NU mai z\u0103d\u0103rnici harul lui Dumnezeu! Folose\u0219te-\u021bi poten\u021bialul deplin \u00een Hristos | Vasile Filat","author":"Moldova Cre\u0219tin\u0103","date":"3 novembre 2025","format":false,"excerpt":"Ai primit har de la Dumnezeu, dar poate c\u0103 nu \u00eel folose\u0219ti. \u00cen aceast\u0103 predic\u0103 vei \u00een\u021belege cum s\u0103-\u021bi descoperi \u0219i s\u0103-\u021bi activezi poten\u021bialul deplin \u00een Hristos. Vei vedea cum Moise \u0219i Petru au trecut de fric\u0103, ezitare \u0219i e\u0219ec pentru a valorifica harul primit \u0219i a tr\u0103i planul lui\u2026","rel":"","context":"<span class=\"jp-relatedposts-post-author\">Moldova Cre\u0219tin\u0103<\/span>","block_context":{"text":"MCTV","link":"https:\/\/moldovacrestina.md\/mctv\/"},"img":{"alt_text":"","src":"https:\/\/i0.wp.com\/cdn.moldovacrestina.md\/2025\/11\/24fdd8f4-psbs4khrvy0.jpg?resize=350%2C200&ssl=1","width":350,"height":200,"srcset":"https:\/\/i0.wp.com\/cdn.moldovacrestina.md\/2025\/11\/24fdd8f4-psbs4khrvy0.jpg?resize=350%2C200&ssl=1 1x, https:\/\/i0.wp.com\/cdn.moldovacrestina.md\/2025\/11\/24fdd8f4-psbs4khrvy0.jpg?resize=525%2C300&ssl=1 1.5x, https:\/\/i0.wp.com\/cdn.moldovacrestina.md\/2025\/11\/24fdd8f4-psbs4khrvy0.jpg?resize=700%2C400&ssl=1 2x, https:\/\/i0.wp.com\/cdn.moldovacrestina.md\/2025\/11\/24fdd8f4-psbs4khrvy0.jpg?resize=1050%2C600&ssl=1 3x"},"classes":[]}],"jetpack_sharing_enabled":true,"_links":{"self":[{"href":"https:\/\/moldovacrestina.md\/fr\/wp-json\/wp\/v2\/posts\/61318","targetHints":{"allow":["GET"]}}],"collection":[{"href":"https:\/\/moldovacrestina.md\/fr\/wp-json\/wp\/v2\/posts"}],"about":[{"href":"https:\/\/moldovacrestina.md\/fr\/wp-json\/wp\/v2\/types\/post"}],"author":[{"embeddable":true,"href":"https:\/\/moldovacrestina.md\/fr\/wp-json\/wp\/v2\/users\/46"}],"replies":[{"embeddable":true,"href":"https:\/\/moldovacrestina.md\/fr\/wp-json\/wp\/v2\/comments?post=61318"}],"version-history":[{"count":0,"href":"https:\/\/moldovacrestina.md\/fr\/wp-json\/wp\/v2\/posts\/61318\/revisions"}],"wp:featuredmedia":[{"embeddable":true,"href":"https:\/\/moldovacrestina.md\/fr\/wp-json\/wp\/v2\/media\/91919"}],"wp:attachment":[{"href":"https:\/\/moldovacrestina.md\/fr\/wp-json\/wp\/v2\/media?parent=61318"}],"wp:term":[{"taxonomy":"category","embeddable":true,"href":"https:\/\/moldovacrestina.md\/fr\/wp-json\/wp\/v2\/categories?post=61318"},{"taxonomy":"post_tag","embeddable":true,"href":"https:\/\/moldovacrestina.md\/fr\/wp-json\/wp\/v2\/tags?post=61318"}],"curies":[{"name":"wp","href":"https:\/\/api.w.org\/{rel}","templated":true}]}}