{"id":60666,"date":"2011-01-21T17:08:18","date_gmt":"2011-01-21T15:08:18","guid":{"rendered":"https:\/\/moldovacrestina.md\/lge-laquelle-ont-t-baptis-quelques-pres-de-lglise"},"modified":"2011-01-21T17:08:18","modified_gmt":"2011-01-21T15:08:18","slug":"lge-laquelle-ont-t-baptis-quelques-pres-de-lglise","status":"publish","type":"post","link":"https:\/\/moldovacrestina.md\/fr\/lge-laquelle-ont-t-baptis-quelques-pres-de-lglise\/","title":{"rendered":"L\u2019\u00e2ge \u00e0 laquelle ont \u00e9t\u00e9 baptis\u00e9 quelques p\u00e8res de l\u2019\u00e9glise"},"content":{"rendered":"<p style=\"text-align: justify\">\n<p>Est-ce que vous savez que le St. John Chrysostome a \u00e9t\u00e9 baptis\u00e9 \u00e0 l\u2019\u00e2ge de 25 ann\u00e9es, le St. Gr\u00e9goire de Nazianze \u2013 \u00e0 l\u2019\u00e2ge de 28 ann\u00e9es, et Basile le Grand \u00e0 26 ans?<\/p>\n<p><em>L\u2019article a \u00e9t\u00e9 traduit par Irina Batin.<\/em><\/p><\/p>\n","protected":false},"excerpt":{"rendered":"<p>Est-ce que vous savez que le St. John Chrysostome a \u00e9t\u00e9 baptis\u00e9 \u00e0 l\u2019\u00e2ge de 25 ann\u00e9es, le St. Gr\u00e9goire de Nazianze \u2013 \u00e0 l\u2019\u00e2ge de 28 ann\u00e9es, et Basile le Grand \u00e0 26 ans? L\u2019article a \u00e9t\u00e9 traduit par Irina Batin.<\/p>\n","protected":false},"author":46,"featured_media":0,"comment_status":"closed","ping_status":"closed","sticky":false,"template":"","format":"standard","meta":{"_acf_changed":false,"inline_featured_image":false,"_monsterinsights_skip_tracking":false,"_monsterinsights_sitenote_active":false,"_monsterinsights_sitenote_note":"","_monsterinsights_sitenote_category":0,"_genesis_hide_title":false,"_genesis_hide_breadcrumbs":false,"_genesis_hide_singular_image":false,"_genesis_hide_footer_widgets":false,"_genesis_custom_body_class":"","_genesis_custom_post_class":"","_genesis_layout":"","ep_exclude_from_search":false,"_jetpack_memberships_contains_paid_content":false,"footnotes":""},"categories":[138],"tags":[11622,11623,11624,11625],"class_list":{"0":"post-60666","1":"post","2":"type-post","3":"status-publish","4":"format-standard","6":"category-societe","7":"tag-age","8":"tag-basile-le-grand","9":"tag-st-gregoire-de-nazianze","10":"tag-st-john-chrysostome","11":"entry"},"acf":[],"yoast_head":"<!-- This site is optimized with the Yoast SEO Premium plugin v26.5 (Yoast SEO v27.4) - https:\/\/yoast.com\/product\/yoast-seo-premium-wordpress\/ -->\n<title>L\u2019\u00e2ge \u00e0 laquelle ont \u00e9t\u00e9 baptis\u00e9 quelques p\u00e8res de l\u2019\u00e9glise<\/title>\n<meta name=\"description\" content=\"L&#039;histoire nous montre \u00e0 quelle \u00e2ge ont \u00e9t\u00e9 baptis\u00e9s les p\u00e8res de l&#039;\u00e9glise. Dans cet article est pr\u00e9sent\u00e9 l&#039;\u00e2ge \u00e0 laquelle 3 p\u00e8res de l&#039;\u00e9glise ont \u00e9t\u00e9 baptis\u00e9.\" \/>\n<meta name=\"robots\" content=\"index, follow, max-snippet:-1, max-image-preview:large, max-video-preview:-1\" \/>\n<link rel=\"canonical\" href=\"https:\/\/moldovacrestina.md\/fr\/lge-laquelle-ont-t-baptis-quelques-pres-de-lglise\/\" \/>\n<meta property=\"og:locale\" content=\"fr_FR\" \/>\n<meta property=\"og:type\" content=\"article\" \/>\n<meta property=\"og:title\" content=\"L\u2019\u00e2ge \u00e0 laquelle ont \u00e9t\u00e9 baptis\u00e9 quelques p\u00e8res de l\u2019\u00e9glise\" \/>\n<meta property=\"og:description\" content=\"L&#039;histoire nous montre \u00e0 quelle \u00e2ge ont \u00e9t\u00e9 baptis\u00e9s les p\u00e8res de l&#039;\u00e9glise. Dans cet article est pr\u00e9sent\u00e9 l&#039;\u00e2ge \u00e0 laquelle 3 p\u00e8res de l&#039;\u00e9glise ont \u00e9t\u00e9 baptis\u00e9.\" \/>\n<meta property=\"og:url\" content=\"https:\/\/moldovacrestina.md\/fr\/lge-laquelle-ont-t-baptis-quelques-pres-de-lglise\/\" \/>\n<meta property=\"og:site_name\" content=\"Moldova Cre\u0219tin\u0103\" \/>\n<meta property=\"article:publisher\" content=\"https:\/\/www.facebook.com\/moldovacrestina\/\" \/>\n<meta property=\"article:published_time\" content=\"2011-01-21T15:08:18+00:00\" \/>\n<meta name=\"author\" content=\"Vasile Filat\" \/>\n<meta name=\"twitter:card\" content=\"summary_large_image\" \/>\n<meta name=\"twitter:creator\" content=\"@moldovacrestina\" \/>\n<meta name=\"twitter:site\" content=\"@moldovacrestina\" \/>\n<meta name=\"twitter:label1\" content=\"\u00c9crit par\" \/>\n\t<meta name=\"twitter:data1\" content=\"Vasile Filat\" \/>\n<script type=\"application\/ld+json\" class=\"yoast-schema-graph\">{\"@context\":\"https:\\\/\\\/schema.org\",\"@graph\":[{\"@type\":\"Article\",\"@id\":\"https:\\\/\\\/moldovacrestina.md\\\/fr\\\/lge-laquelle-ont-t-baptis-quelques-pres-de-lglise\\\/#article\",\"isPartOf\":{\"@id\":\"https:\\\/\\\/moldovacrestina.md\\\/fr\\\/lge-laquelle-ont-t-baptis-quelques-pres-de-lglise\\\/\"},\"author\":{\"name\":\"Vasile Filat\",\"@id\":\"https:\\\/\\\/moldovacrestina.md\\\/fr\\\/#\\\/schema\\\/person\\\/04b204bbb582cc832c3d2424f5d27dc0\"},\"headline\":\"L\u2019\u00e2ge \u00e0 laquelle ont \u00e9t\u00e9 baptis\u00e9 quelques p\u00e8res de l\u2019\u00e9glise\",\"datePublished\":\"2011-01-21T15:08:18+00:00\",\"mainEntityOfPage\":{\"@id\":\"https:\\\/\\\/moldovacrestina.md\\\/fr\\\/lge-laquelle-ont-t-baptis-quelques-pres-de-lglise\\\/\"},\"wordCount\":53,\"keywords\":[\"\u00e2ge\",\"Basile le Grand\",\"St. Gr\u00e9goire de Nazianze\",\"St. John Chrysostome\"],\"articleSection\":[\"Soci\u00e9t\u00e9\"],\"inLanguage\":\"fr-FR\"},{\"@type\":\"WebPage\",\"@id\":\"https:\\\/\\\/moldovacrestina.md\\\/fr\\\/lge-laquelle-ont-t-baptis-quelques-pres-de-lglise\\\/\",\"url\":\"https:\\\/\\\/moldovacrestina.md\\\/fr\\\/lge-laquelle-ont-t-baptis-quelques-pres-de-lglise\\\/\",\"name\":\"L\u2019\u00e2ge \u00e0 laquelle ont \u00e9t\u00e9 baptis\u00e9 quelques p\u00e8res de l\u2019\u00e9glise\",\"isPartOf\":{\"@id\":\"https:\\\/\\\/moldovacrestina.md\\\/fr\\\/#website\"},\"datePublished\":\"2011-01-21T15:08:18+00:00\",\"author\":{\"@id\":\"https:\\\/\\\/moldovacrestina.md\\\/fr\\\/#\\\/schema\\\/person\\\/04b204bbb582cc832c3d2424f5d27dc0\"},\"description\":\"L'histoire nous montre \u00e0 quelle \u00e2ge ont \u00e9t\u00e9 baptis\u00e9s les p\u00e8res de l'\u00e9glise. Dans cet article est pr\u00e9sent\u00e9 l'\u00e2ge \u00e0 laquelle 3 p\u00e8res de l'\u00e9glise ont \u00e9t\u00e9 baptis\u00e9.\",\"breadcrumb\":{\"@id\":\"https:\\\/\\\/moldovacrestina.md\\\/fr\\\/lge-laquelle-ont-t-baptis-quelques-pres-de-lglise\\\/#breadcrumb\"},\"inLanguage\":\"fr-FR\",\"potentialAction\":[{\"@type\":\"ReadAction\",\"target\":[\"https:\\\/\\\/moldovacrestina.md\\\/fr\\\/lge-laquelle-ont-t-baptis-quelques-pres-de-lglise\\\/\"]}]},{\"@type\":\"BreadcrumbList\",\"@id\":\"https:\\\/\\\/moldovacrestina.md\\\/fr\\\/lge-laquelle-ont-t-baptis-quelques-pres-de-lglise\\\/#breadcrumb\",\"itemListElement\":[{\"@type\":\"ListItem\",\"position\":1,\"name\":\"Prima pagin\u0103\",\"item\":\"https:\\\/\\\/moldovacrestina.md\\\/fr\\\/\"},{\"@type\":\"ListItem\",\"position\":2,\"name\":\"Soci\u00e9t\u00e9\",\"item\":\"https:\\\/\\\/moldovacrestina.md\\\/fr\\\/\\\/societe\\\/\"},{\"@type\":\"ListItem\",\"position\":3,\"name\":\"L\u2019\u00e2ge \u00e0 laquelle ont \u00e9t\u00e9 baptis\u00e9 quelques p\u00e8res de l\u2019\u00e9glise\"}]},{\"@type\":\"WebSite\",\"@id\":\"https:\\\/\\\/moldovacrestina.md\\\/fr\\\/#website\",\"url\":\"https:\\\/\\\/moldovacrestina.md\\\/fr\\\/\",\"name\":\"Moldova Cre\u0219tin\u0103\",\"description\":\"R\u0103spunsuri relevante \u0219i actuale din Biblie\",\"potentialAction\":[{\"@type\":\"SearchAction\",\"target\":{\"@type\":\"EntryPoint\",\"urlTemplate\":\"https:\\\/\\\/moldovacrestina.md\\\/fr\\\/?s={search_term_string}\"},\"query-input\":{\"@type\":\"PropertyValueSpecification\",\"valueRequired\":true,\"valueName\":\"search_term_string\"}}],\"inLanguage\":\"fr-FR\"},{\"@type\":\"Person\",\"@id\":\"https:\\\/\\\/moldovacrestina.md\\\/fr\\\/#\\\/schema\\\/person\\\/04b204bbb582cc832c3d2424f5d27dc0\",\"name\":\"Vasile Filat\",\"image\":{\"@type\":\"ImageObject\",\"inLanguage\":\"fr-FR\",\"@id\":\"https:\\\/\\\/secure.gravatar.com\\\/avatar\\\/2e02d082d139dd6eb634318c9cf2c3a8281db62f24f87a134adb4f2020e77ab3?s=96&d=mm&r=g\",\"url\":\"https:\\\/\\\/secure.gravatar.com\\\/avatar\\\/2e02d082d139dd6eb634318c9cf2c3a8281db62f24f87a134adb4f2020e77ab3?s=96&d=mm&r=g\",\"contentUrl\":\"https:\\\/\\\/secure.gravatar.com\\\/avatar\\\/2e02d082d139dd6eb634318c9cf2c3a8281db62f24f87a134adb4f2020e77ab3?s=96&d=mm&r=g\",\"caption\":\"Vasile Filat\"},\"description\":\"P\u0103storesc\u00a0Biserica Bunavestire din Chi\u0219in\u0103u, predau Cuv\u00e2ntul lui Dumnezeu la\u00a0Institutul de Studiu Biblic Inductiv din Eurasia\u00a0\u0219i conduc\u00a0Asocia\u021bia \\\"\u00cenv\u0103\u021b\u0103tur\u0103 din Cuv\u00e2nt - Precept Ministries\\\" din Moldova. \u00cempreun\u0103 cu so\u021bia mea\u00a0Anastasia, avem trei copii. Din Aprilie 2007 am oferit r\u0103spunsuri din Biblie pe acest site la \u00eentreb\u0103ri adresate de cititori. Mai mult despre mine citi\u021bi\u00a0aici.\",\"url\":\"https:\\\/\\\/moldovacrestina.md\\\/fr\\\/author\\\/vasile-filat\\\/\"}]}<\/script>\n<!-- \/ Yoast SEO Premium plugin. -->","yoast_head_json":{"title":"L\u2019\u00e2ge \u00e0 laquelle ont \u00e9t\u00e9 baptis\u00e9 quelques p\u00e8res de l\u2019\u00e9glise","description":"L'histoire nous montre \u00e0 quelle \u00e2ge ont \u00e9t\u00e9 baptis\u00e9s les p\u00e8res de l'\u00e9glise. Dans cet article est pr\u00e9sent\u00e9 l'\u00e2ge \u00e0 laquelle 3 p\u00e8res de l'\u00e9glise ont \u00e9t\u00e9 baptis\u00e9.","robots":{"index":"index","follow":"follow","max-snippet":"max-snippet:-1","max-image-preview":"max-image-preview:large","max-video-preview":"max-video-preview:-1"},"canonical":"https:\/\/moldovacrestina.md\/fr\/lge-laquelle-ont-t-baptis-quelques-pres-de-lglise\/","og_locale":"fr_FR","og_type":"article","og_title":"L\u2019\u00e2ge \u00e0 laquelle ont \u00e9t\u00e9 baptis\u00e9 quelques p\u00e8res de l\u2019\u00e9glise","og_description":"L'histoire nous montre \u00e0 quelle \u00e2ge ont \u00e9t\u00e9 baptis\u00e9s les p\u00e8res de l'\u00e9glise. Dans cet article est pr\u00e9sent\u00e9 l'\u00e2ge \u00e0 laquelle 3 p\u00e8res de l'\u00e9glise ont \u00e9t\u00e9 baptis\u00e9.","og_url":"https:\/\/moldovacrestina.md\/fr\/lge-laquelle-ont-t-baptis-quelques-pres-de-lglise\/","og_site_name":"Moldova Cre\u0219tin\u0103","article_publisher":"https:\/\/www.facebook.com\/moldovacrestina\/","article_published_time":"2011-01-21T15:08:18+00:00","author":"Vasile Filat","twitter_card":"summary_large_image","twitter_creator":"@moldovacrestina","twitter_site":"@moldovacrestina","twitter_misc":{"\u00c9crit par":"Vasile Filat"},"schema":{"@context":"https:\/\/schema.org","@graph":[{"@type":"Article","@id":"https:\/\/moldovacrestina.md\/fr\/lge-laquelle-ont-t-baptis-quelques-pres-de-lglise\/#article","isPartOf":{"@id":"https:\/\/moldovacrestina.md\/fr\/lge-laquelle-ont-t-baptis-quelques-pres-de-lglise\/"},"author":{"name":"Vasile Filat","@id":"https:\/\/moldovacrestina.md\/fr\/#\/schema\/person\/04b204bbb582cc832c3d2424f5d27dc0"},"headline":"L\u2019\u00e2ge \u00e0 laquelle ont \u00e9t\u00e9 baptis\u00e9 quelques p\u00e8res de l\u2019\u00e9glise","datePublished":"2011-01-21T15:08:18+00:00","mainEntityOfPage":{"@id":"https:\/\/moldovacrestina.md\/fr\/lge-laquelle-ont-t-baptis-quelques-pres-de-lglise\/"},"wordCount":53,"keywords":["\u00e2ge","Basile le Grand","St. Gr\u00e9goire de Nazianze","St. John Chrysostome"],"articleSection":["Soci\u00e9t\u00e9"],"inLanguage":"fr-FR"},{"@type":"WebPage","@id":"https:\/\/moldovacrestina.md\/fr\/lge-laquelle-ont-t-baptis-quelques-pres-de-lglise\/","url":"https:\/\/moldovacrestina.md\/fr\/lge-laquelle-ont-t-baptis-quelques-pres-de-lglise\/","name":"L\u2019\u00e2ge \u00e0 laquelle ont \u00e9t\u00e9 baptis\u00e9 quelques p\u00e8res de l\u2019\u00e9glise","isPartOf":{"@id":"https:\/\/moldovacrestina.md\/fr\/#website"},"datePublished":"2011-01-21T15:08:18+00:00","author":{"@id":"https:\/\/moldovacrestina.md\/fr\/#\/schema\/person\/04b204bbb582cc832c3d2424f5d27dc0"},"description":"L'histoire nous montre \u00e0 quelle \u00e2ge ont \u00e9t\u00e9 baptis\u00e9s les p\u00e8res de l'\u00e9glise. Dans cet article est pr\u00e9sent\u00e9 l'\u00e2ge \u00e0 laquelle 3 p\u00e8res de l'\u00e9glise ont \u00e9t\u00e9 baptis\u00e9.","breadcrumb":{"@id":"https:\/\/moldovacrestina.md\/fr\/lge-laquelle-ont-t-baptis-quelques-pres-de-lglise\/#breadcrumb"},"inLanguage":"fr-FR","potentialAction":[{"@type":"ReadAction","target":["https:\/\/moldovacrestina.md\/fr\/lge-laquelle-ont-t-baptis-quelques-pres-de-lglise\/"]}]},{"@type":"BreadcrumbList","@id":"https:\/\/moldovacrestina.md\/fr\/lge-laquelle-ont-t-baptis-quelques-pres-de-lglise\/#breadcrumb","itemListElement":[{"@type":"ListItem","position":1,"name":"Prima pagin\u0103","item":"https:\/\/moldovacrestina.md\/fr\/"},{"@type":"ListItem","position":2,"name":"Soci\u00e9t\u00e9","item":"https:\/\/moldovacrestina.md\/fr\/\/societe\/"},{"@type":"ListItem","position":3,"name":"L\u2019\u00e2ge \u00e0 laquelle ont \u00e9t\u00e9 baptis\u00e9 quelques p\u00e8res de l\u2019\u00e9glise"}]},{"@type":"WebSite","@id":"https:\/\/moldovacrestina.md\/fr\/#website","url":"https:\/\/moldovacrestina.md\/fr\/","name":"Moldova Cre\u0219tin\u0103","description":"R\u0103spunsuri relevante \u0219i actuale din Biblie","potentialAction":[{"@type":"SearchAction","target":{"@type":"EntryPoint","urlTemplate":"https:\/\/moldovacrestina.md\/fr\/?s={search_term_string}"},"query-input":{"@type":"PropertyValueSpecification","valueRequired":true,"valueName":"search_term_string"}}],"inLanguage":"fr-FR"},{"@type":"Person","@id":"https:\/\/moldovacrestina.md\/fr\/#\/schema\/person\/04b204bbb582cc832c3d2424f5d27dc0","name":"Vasile Filat","image":{"@type":"ImageObject","inLanguage":"fr-FR","@id":"https:\/\/secure.gravatar.com\/avatar\/2e02d082d139dd6eb634318c9cf2c3a8281db62f24f87a134adb4f2020e77ab3?s=96&d=mm&r=g","url":"https:\/\/secure.gravatar.com\/avatar\/2e02d082d139dd6eb634318c9cf2c3a8281db62f24f87a134adb4f2020e77ab3?s=96&d=mm&r=g","contentUrl":"https:\/\/secure.gravatar.com\/avatar\/2e02d082d139dd6eb634318c9cf2c3a8281db62f24f87a134adb4f2020e77ab3?s=96&d=mm&r=g","caption":"Vasile Filat"},"description":"P\u0103storesc\u00a0Biserica Bunavestire din Chi\u0219in\u0103u, predau Cuv\u00e2ntul lui Dumnezeu la\u00a0Institutul de Studiu Biblic Inductiv din Eurasia\u00a0\u0219i conduc\u00a0Asocia\u021bia \"\u00cenv\u0103\u021b\u0103tur\u0103 din Cuv\u00e2nt - Precept Ministries\" din Moldova. \u00cempreun\u0103 cu so\u021bia mea\u00a0Anastasia, avem trei copii. Din Aprilie 2007 am oferit r\u0103spunsuri din Biblie pe acest site la \u00eentreb\u0103ri adresate de cititori. Mai mult despre mine citi\u021bi\u00a0aici.","url":"https:\/\/moldovacrestina.md\/fr\/author\/vasile-filat\/"}]}},"jetpack_featured_media_url":"","video_meta":false,"featured_image":false,"wpml":{"language_code":"fr","locale":"fr_FR","text_direction":false,"display_name":"Fran\u00e7ais","native_name":"Francez\u0103","different_language":false},"jetpack-related-posts":[{"id":102084,"url":"https:\/\/moldovacrestina.md\/ru\/video-kak-postupat-khristianinu-spor\/","url_meta":{"origin":60666,"position":0},"title":"(\u0412\u0418\u0414\u0415\u041e) \u041a\u0430\u043a \u043f\u043e\u0441\u0442\u0443\u043f\u0430\u0442\u044c \u0445\u0440\u0438\u0441\u0442\u0438\u0430\u043d\u0438\u043d\u0443-\u0441\u043f\u043e\u0440\u0442\u0441\u043c\u0435\u043d\u0443 \u0438\u043b\u0438 \u0442\u0440\u0435\u043d\u0435\u0440\u0443, \u043a\u043e\u0433\u0434\u0430 \u0441\u043e\u0440\u0435\u0432\u043d\u043e\u0432\u0430\u043d\u0438\u044f \u043f\u0440\u043e\u0445\u043e\u0434\u044f\u0442 \u0432 \u0432\u043e\u0441\u043a\u0440\u0435\u0441\u0435\u043d\u044c\u0435?","author":"Vasile Filat","date":"17 ao\u00fbt 2016","format":false,"excerpt":"\u00a0 \u041f\u0440\u043e\u0432\u0435\u0434\u0438\u0442\u0435 \u043f\u043e\u043a\u043b\u043e\u043d\u0435\u043d\u0438\u0435 \u0442\u0430\u043c \u0441 \u043a\u043e\u043c\u0430\u043d\u0434\u043e\u0439. \u041f\u043e\u0434\u0443\u043c\u0430\u0439\u0442\u0435 \u043e \u0442\u043e\u043c, \u0447\u0442\u043e\u0431\u044b \u043f\u0440\u043e\u0432\u0435\u0441\u0442\u0438 \u0441\u043b\u0443\u0436\u0435\u043d\u0438\u0435 \u0442\u0430\u043c, \u0433\u0434\u0435 \u0432\u044b \u043d\u0430\u0445\u043e\u0434\u0438\u0442\u0435\u0441\u044c \u043f\u0435\u0440\u0435\u0434 \u0441\u043e\u0440\u0435\u0432\u043d\u043e\u0432\u0430\u043d\u0438\u044f\u043c\u0438, \u043f\u0435\u0440\u0435\u0434 \u0442\u0440\u0435\u043d\u0438\u0440\u043e\u0432\u043a\u043e\u0439. \u041f\u043e\u0434\u0443\u043c\u0430\u0439\u0442\u0435 \u043e \u0442\u043e\u043c, \u0447\u0442\u043e \u0443 \u0432\u0430\u0441 \u0435\u0441\u0442\u044c \u043f\u0440\u0435\u043a\u0440\u0430\u0441\u043d\u0430\u044f \u0432\u043e\u0437\u043c\u043e\u0436\u043d\u043e\u0441\u0442\u044c \u043f\u0440\u043e\u043f\u043e\u0432\u0435\u0434\u043e\u0432\u0430\u0442\u044c \u0415\u0432\u0430\u043d\u0433\u0435\u043b\u0438\u0435. \u00a0 [fbvideo link=\"https:\/\/www.facebook.com\/pastor.vasile.filat\/videos\/1759336784345002\/\" width=\"668\" height=\"430.40\" onlyvideo=\"1\"]","rel":"","context":"<span class=\"jp-relatedposts-post-author\">Vasile Filat<\/span>","block_context":{"text":"\u041e\u0442\u0432\u0435\u0442\u044b \u0438\u0437 \u0411\u0438\u0431\u043b\u0438\u0438","link":"https:\/\/moldovacrestina.md\/ru\/otvety-iz-biblii-ru\/"},"img":{"alt_text":"","src":"","width":0,"height":0},"classes":[]},{"id":365337,"url":"https:\/\/moldovacrestina.md\/cum-sa-te-bucuri-de-avere-fara-sa-cazi-in-lux-si-risipa-pastor-vasile-filat\/","url_meta":{"origin":60666,"position":1},"title":"Cum s\u0103 te bucuri de avere f\u0103r\u0103 s\u0103 cazi \u00een lux \u0219i risip\u0103? | Pastor Vasile Filat","author":"Moldova Cre\u0219tin\u0103","date":"29 avril 2026","format":false,"excerpt":"Biblia nu condamn\u0103 bog\u0103\u021bia, ci inima care se leag\u0103 de ea. \u00cen acest mesaj, Pastorul Vasile Filat explic\u0103 din Scriptur\u0103 cum \u00eei \u00eenva\u021b\u0103 Dumnezeu pe boga\u021bii veacului acestuia s\u0103 fie genero\u0219i, s\u0103 fac\u0103 bine \u0219i, \u00een acela\u0219i timp, s\u0103 se bucure de ceea ce El le-a dat \u2014 f\u0103r\u0103 a\u2026","rel":"","context":"<span class=\"jp-relatedposts-post-author\">Moldova Cre\u0219tin\u0103<\/span>","block_context":{"text":"MCTV","link":"https:\/\/moldovacrestina.md\/mctv\/"},"img":{"alt_text":"","src":"https:\/\/i0.wp.com\/cdn.moldovacrestina.md\/2026\/04\/75dfc91a-305_ass0atm.jpg?resize=350%2C200&ssl=1","width":350,"height":200,"srcset":"https:\/\/i0.wp.com\/cdn.moldovacrestina.md\/2026\/04\/75dfc91a-305_ass0atm.jpg?resize=350%2C200&ssl=1 1x, https:\/\/i0.wp.com\/cdn.moldovacrestina.md\/2026\/04\/75dfc91a-305_ass0atm.jpg?resize=525%2C300&ssl=1 1.5x, https:\/\/i0.wp.com\/cdn.moldovacrestina.md\/2026\/04\/75dfc91a-305_ass0atm.jpg?resize=700%2C400&ssl=1 2x, https:\/\/i0.wp.com\/cdn.moldovacrestina.md\/2026\/04\/75dfc91a-305_ass0atm.jpg?resize=1050%2C600&ssl=1 3x"},"classes":[]},{"id":361261,"url":"https:\/\/moldovacrestina.md\/probleme-necazuri-si-ciori-care-se-tin-dupa-tine-vasile-filat\/","url_meta":{"origin":60666,"position":2},"title":"Probleme, necazuri \u0219i ciori care se \u021bin dup\u0103 tine\u2026 &#8211; Vasile Filat","author":"Vasile Filat","date":"1 novembre 2024","format":false,"excerpt":"\u00ceNTREBAREA: P\u0103rinte, de mul\u021bi ani m\u0103 confrunt numai cu necazuri \u0219i probleme. Nu doar asta, dar \u00een fiecare zi sunt \u0219i ciori care se \u021bin dup\u0103 mine \u0219i simt c\u0103 nimic nu m\u0103 mai mul\u021bume\u0219te. Vreau s\u0103 \u0219tiu care ar fi problema? Simt c\u0103 nu mai pot. Mul\u021bumesc din suflet.\u2026","rel":"","context":"<span class=\"jp-relatedposts-post-author\">Vasile Filat<\/span>","block_context":{"text":"Doctrine","link":"https:\/\/moldovacrestina.md\/doctrine\/"},"img":{"alt_text":"","src":"https:\/\/i0.wp.com\/cdn.moldovacrestina.md\/2024\/11\/56a16de6-screenshot-2024-11-01-at-09.20.42.png?resize=350%2C200&ssl=1","width":350,"height":200,"srcset":"https:\/\/i0.wp.com\/cdn.moldovacrestina.md\/2024\/11\/56a16de6-screenshot-2024-11-01-at-09.20.42.png?resize=350%2C200&ssl=1 1x, https:\/\/i0.wp.com\/cdn.moldovacrestina.md\/2024\/11\/56a16de6-screenshot-2024-11-01-at-09.20.42.png?resize=525%2C300&ssl=1 1.5x, https:\/\/i0.wp.com\/cdn.moldovacrestina.md\/2024\/11\/56a16de6-screenshot-2024-11-01-at-09.20.42.png?resize=700%2C400&ssl=1 2x, https:\/\/i0.wp.com\/cdn.moldovacrestina.md\/2024\/11\/56a16de6-screenshot-2024-11-01-at-09.20.42.png?resize=1050%2C600&ssl=1 3x, https:\/\/i0.wp.com\/cdn.moldovacrestina.md\/2024\/11\/56a16de6-screenshot-2024-11-01-at-09.20.42.png?resize=1400%2C800&ssl=1 4x"},"classes":[]},{"id":363310,"url":"https:\/\/moldovacrestina.md\/nici-la-moartea-parintilor-nu-va-oferi-mancare-cuiva\/","url_meta":{"origin":60666,"position":3},"title":"Nici la moartea p\u0103rin\u021bilor nu va oferi m\u00e2ncare cuiva\u2026","author":"Moldova Cre\u0219tin\u0103","date":"25 juillet 2025","format":false,"excerpt":"\u00ceNTREBARE: Pace, frate! Am \u0219i eu o nedumerire. M\u0103 contraziceam cu tata: \u00een caz de o \u00eenmorm\u00e2ntare, eu am zis c\u0103 nu a\u0219 da nici m\u0103car pr\u0103jituri \u0219i nici suc. Am zis doar ap\u0103, ca s\u0103 nu \u00eei fie cuiva sete. Tata mi-a zis s\u0103 vorbesc cu un predicator poc\u0103it\u2026","rel":"","context":"<span class=\"jp-relatedposts-post-author\">Moldova Cre\u0219tin\u0103<\/span>","block_context":{"text":"MCTV","link":"https:\/\/moldovacrestina.md\/mctv\/"},"img":{"alt_text":"","src":"https:\/\/i0.wp.com\/cdn.moldovacrestina.md\/2025\/07\/ba7ab153-h1zvfmsmux8.jpg?resize=350%2C200&ssl=1","width":350,"height":200,"srcset":"https:\/\/i0.wp.com\/cdn.moldovacrestina.md\/2025\/07\/ba7ab153-h1zvfmsmux8.jpg?resize=350%2C200&ssl=1 1x, https:\/\/i0.wp.com\/cdn.moldovacrestina.md\/2025\/07\/ba7ab153-h1zvfmsmux8.jpg?resize=525%2C300&ssl=1 1.5x, https:\/\/i0.wp.com\/cdn.moldovacrestina.md\/2025\/07\/ba7ab153-h1zvfmsmux8.jpg?resize=700%2C400&ssl=1 2x, https:\/\/i0.wp.com\/cdn.moldovacrestina.md\/2025\/07\/ba7ab153-h1zvfmsmux8.jpg?resize=1050%2C600&ssl=1 3x"},"classes":[]},{"id":363051,"url":"https:\/\/moldovacrestina.md\/nu-va-strangeti-comori-pe-pamant\/","url_meta":{"origin":60666,"position":4},"title":"Nu v\u0103 str\u00e2nge\u0163i comori pe p\u0103m\u00e2nt","author":"Vasile Filat","date":"30 juin 2025","format":false,"excerpt":"Nu v\u0103 str\u00e2nge\u0163i comori pe p\u0103m\u00e2nt, unde le m\u0103n\u00e2nc\u0103 moliile \u0219i rugina \u0219i unde le sap\u0103 \u0219i le fur\u0103 ho\u0163ii; ci str\u00e2nge\u0163i-v\u0103 comori \u00een cer, unde nu le m\u0103n\u00e2nc\u0103 moliile \u0219i rugina \u0219i unde ho\u0163ii nu le sap\u0103, nici nu le fur\u0103. Pentru c\u0103 unde este comoara voastr\u0103, acolo va\u2026","rel":"","context":"<span class=\"jp-relatedposts-post-author\">Vasile Filat<\/span>","block_context":{"text":"MCTV","link":"https:\/\/moldovacrestina.md\/mctv\/"},"img":{"alt_text":"","src":"https:\/\/i0.wp.com\/cdn.moldovacrestina.md\/2025\/06\/37bfde08-jhxbg90vu-c.jpg?resize=350%2C200&ssl=1","width":350,"height":200,"srcset":"https:\/\/i0.wp.com\/cdn.moldovacrestina.md\/2025\/06\/37bfde08-jhxbg90vu-c.jpg?resize=350%2C200&ssl=1 1x, https:\/\/i0.wp.com\/cdn.moldovacrestina.md\/2025\/06\/37bfde08-jhxbg90vu-c.jpg?resize=525%2C300&ssl=1 1.5x, https:\/\/i0.wp.com\/cdn.moldovacrestina.md\/2025\/06\/37bfde08-jhxbg90vu-c.jpg?resize=700%2C400&ssl=1 2x, https:\/\/i0.wp.com\/cdn.moldovacrestina.md\/2025\/06\/37bfde08-jhxbg90vu-c.jpg?resize=1050%2C600&ssl=1 3x"},"classes":[]}],"jetpack_sharing_enabled":true,"_links":{"self":[{"href":"https:\/\/moldovacrestina.md\/fr\/wp-json\/wp\/v2\/posts\/60666","targetHints":{"allow":["GET"]}}],"collection":[{"href":"https:\/\/moldovacrestina.md\/fr\/wp-json\/wp\/v2\/posts"}],"about":[{"href":"https:\/\/moldovacrestina.md\/fr\/wp-json\/wp\/v2\/types\/post"}],"author":[{"embeddable":true,"href":"https:\/\/moldovacrestina.md\/fr\/wp-json\/wp\/v2\/users\/46"}],"replies":[{"embeddable":true,"href":"https:\/\/moldovacrestina.md\/fr\/wp-json\/wp\/v2\/comments?post=60666"}],"version-history":[{"count":0,"href":"https:\/\/moldovacrestina.md\/fr\/wp-json\/wp\/v2\/posts\/60666\/revisions"}],"wp:attachment":[{"href":"https:\/\/moldovacrestina.md\/fr\/wp-json\/wp\/v2\/media?parent=60666"}],"wp:term":[{"taxonomy":"category","embeddable":true,"href":"https:\/\/moldovacrestina.md\/fr\/wp-json\/wp\/v2\/categories?post=60666"},{"taxonomy":"post_tag","embeddable":true,"href":"https:\/\/moldovacrestina.md\/fr\/wp-json\/wp\/v2\/tags?post=60666"}],"curies":[{"name":"wp","href":"https:\/\/api.w.org\/{rel}","templated":true}]}}