{"id":60390,"date":"2010-12-26T17:59:34","date_gmt":"2010-12-26T15:59:34","guid":{"rendered":"https:\/\/moldovacrestina.md\/jsus-aime-les-enfants"},"modified":"2017-05-03T18:47:44","modified_gmt":"2017-05-03T16:47:44","slug":"jsus-aime-les-enfants","status":"publish","type":"post","link":"https:\/\/moldovacrestina.md\/fr\/jsus-aime-les-enfants\/","title":{"rendered":"J\u00e9sus aime les enfants"},"content":{"rendered":"<p>Post\u00e9 par Curbet Diana, 10 D\u00e9cembre 2010<\/p>\n<p><img loading=\"lazy\" decoding=\"async\" class=\"alignnone wp-image-100283 size-full\" src=\"https:\/\/cdn.moldovacrestina.md\/2010\/12\/jesus-loves-kids.jpg\" alt=\"J\u00e9sus aime les enfants\" width=\"400\" height=\"448\" \/>Voici comment la Bible rapporte un cas qui montre l\u2019attitude de J\u00e9sus envers les enfants:<\/p>\n<blockquote class=\"td_quote_box td_box_center\"><p><em>On lui amena des petits enfants, afin qu\u2019il les touch\u00e2t. Mais les disciples reprirent ceux qui les amenaient. J\u00e9sus, voyant cela, fut indign\u00e9, et leur dit: Laissez venir \u00e0 moi les petits enfants, et ne les en emp\u00eachez pas; car le royaume de Dieu est pour ceux qui leur ressemblent. Je vous le dis en v\u00e9rit\u00e9, quiconque ne recevra pas le royaume de Dieu comme un petit enfant n\u2019y entrera point. Puis il les prit dans ses bras, et les b\u00e9nit, en leur imposant les mains. (Marc 10:13-16)<\/em><\/p><\/blockquote>\n<h2><strong>J\u00e9sus-Christ a re\u00e7u et a b\u00e9ni les enfants<\/strong><\/h2>\n<p>Alors que J\u00e9sus a enseign\u00e9 les foules, certains parents ont compris l\u2019importance d\u2019amener leurs enfants \u00e0 Christ afin de les toucher, et c\u2019est pourquoi ils les ont amen\u00e9. Le fait que J\u00e9sus est \u00e9t\u00e9 attrist\u00e9 par la r\u00e9action des disciples qui avaient dit de ne pas s\u2019arr\u00eater ; cela montre que c\u2019est tr\u00e8s important pour un enfant de conna\u00eetre J\u00e9sus, et aussi cela montre que J\u00e9sus les aime, parce qu\u2019Il les a pris dans ses bras, Il les a b\u00e9nit, et a plac\u00e9 ses mains sur eux. J\u00e9sus est venu pour servir les personnes adultes et aussi enfants. Alors que \u2026<\/p>\n<h2><strong>Les disciples emp\u00eachaient les enfants de venir \u00e0 J\u00e9sus<\/strong><\/h2>\n<p>Les disciples ont repris les parents qui ont amen\u00e9 leurs enfants \u00e0 J\u00e9sus. Ils les ont arr\u00eat\u00e9, parce qu\u2019ils n\u2019on pas compris l\u2019importance qu\u2019il soit amen\u00e9 \u00e0 J\u00e9sus. Ils ont rejet\u00e9 les enfants, en pensant que seuls les adultes ont besoin d\u2019\u00eatre &#8220;touch\u00e9&#8221; par Lui, et ce n\u2019est pas seulement le contact physique. Le verbe &#8220;toucher&#8221; a ici le sens de l\u2019approche pour \u00e9pargner, pour donner la vie \u00e9ternelle.<\/p>\n<h2><strong>Les enfants- un exemple de la foi<\/strong><\/h2>\n<p>J\u00e9sus utilise les enfants pour enseigner les adultes : pour entrer dans le royaume de Dieu, pour le salut, nous devons recevoir le royaume de Dieu comme un enfant. Si nous ne faisons pas cela, nous ne pouvons pas entrer dans le royaume de Dieu, en aucune fa\u00e7on. Qu\u2019est-ce que cela signifie recevoir le royaume de Dieu comme un enfant? Tout d\u2019abord, nous voyons comment sont les enfants: ils croient tout, ils ne doutent pas de ce que nous leur disons, sans philosophie. Donc, nous ne devons pas douter de la Parole de Dieu, mais nous devons croire ce qui est \u00e9crit en Lui, parce que l\u2019\u00c9criture est inspir\u00e9e de Dieu et nous devons chercher ainsi \u00e0 nous approcher de J\u00e9sus personnellement qui nous aime, et ne veut pas que nous p\u00e9rissions. Recevez-vous la Parole de Dieu comme un enfant ou doutez-vous de ce qui est \u00e9crit en Lui?<\/p>\n<p>Que Dieu nous aide, que nous ne doutions pas de Sa parole, mais croyons en Lui et ne n\u00e9gligeons pas les enfants et le travail avec eux. Parlez leurs du Seigneur J\u00e9sus qui les aime. C\u2019est la seule fa\u00e7on d\u2019entrer dans le Royaume de Dieu.<\/p>\n<p><em>L\u2019article a \u00e9t\u00e9 traduit par Diana Ta\u0219c\u0103.<\/em><\/p>\n","protected":false},"excerpt":{"rendered":"<p>Post\u00e9 par Curbet Diana, 10 D\u00e9cembre 2010 Voici comment la Bible rapporte un cas qui montre l\u2019attitude de J\u00e9sus envers les enfants: On lui amena des petits enfants, afin qu\u2019il les touch\u00e2t. Mais les disciples reprirent ceux qui les amenaient. J\u00e9sus, voyant cela, fut indign\u00e9, et leur dit: Laissez venir \u00e0 moi les petits enfants, [&hellip;]<\/p>\n","protected":false},"author":46,"featured_media":100283,"comment_status":"closed","ping_status":"closed","sticky":false,"template":"","format":"standard","meta":{"_acf_changed":false,"inline_featured_image":false,"_monsterinsights_skip_tracking":false,"_monsterinsights_sitenote_active":false,"_monsterinsights_sitenote_note":"","_monsterinsights_sitenote_category":0,"_genesis_hide_title":false,"_genesis_hide_breadcrumbs":false,"_genesis_hide_singular_image":false,"_genesis_hide_footer_widgets":false,"_genesis_custom_body_class":"","_genesis_custom_post_class":"","_genesis_layout":"","ep_exclude_from_search":false,"_jetpack_memberships_contains_paid_content":false,"footnotes":""},"categories":[29840],"tags":[10449,11529,11530,11531],"class_list":{"0":"post-60390","1":"post","2":"type-post","3":"status-publish","4":"format-standard","5":"has-post-thumbnail","7":"category-reponses-de-la-bible","8":"tag-foi","9":"tag-aimer-les-enfants","10":"tag-disciples","11":"tag-les-enfants","12":"entry"},"acf":[],"yoast_head":"<!-- This site is optimized with the Yoast SEO Premium plugin v26.5 (Yoast SEO v27.4) - https:\/\/yoast.com\/product\/yoast-seo-premium-wordpress\/ -->\n<title>J\u00e9sus aime les enfants<\/title>\n<meta name=\"description\" content=\"Jesus Christ aime les enfants et par Son example Il nous a montr\u00e9 l&#039;importance de travailler avec eux et de leur parler du Seigneur J\u00e9sus qui les aime.\" \/>\n<meta name=\"robots\" content=\"index, follow, max-snippet:-1, max-image-preview:large, max-video-preview:-1\" \/>\n<link rel=\"canonical\" href=\"https:\/\/moldovacrestina.md\/fr\/jsus-aime-les-enfants\/\" \/>\n<meta property=\"og:locale\" content=\"fr_FR\" \/>\n<meta property=\"og:type\" content=\"article\" \/>\n<meta property=\"og:title\" content=\"J\u00e9sus aime les enfants\" \/>\n<meta property=\"og:description\" content=\"Jesus Christ aime les enfants et par Son example Il nous a montr\u00e9 l&#039;importance de travailler avec eux et de leur parler du Seigneur J\u00e9sus qui les aime.\" \/>\n<meta property=\"og:url\" content=\"https:\/\/moldovacrestina.md\/fr\/jsus-aime-les-enfants\/\" \/>\n<meta property=\"og:site_name\" content=\"Moldova Cre\u0219tin\u0103\" \/>\n<meta property=\"article:publisher\" content=\"https:\/\/www.facebook.com\/moldovacrestina\/\" \/>\n<meta property=\"article:published_time\" content=\"2010-12-26T15:59:34+00:00\" \/>\n<meta property=\"article:modified_time\" content=\"2017-05-03T16:47:44+00:00\" \/>\n<meta property=\"og:image\" content=\"https:\/\/cdn.moldovacrestina.md\/2010\/12\/jesus-loves-kids.jpg\" \/>\n\t<meta property=\"og:image:width\" content=\"400\" \/>\n\t<meta property=\"og:image:height\" content=\"448\" \/>\n\t<meta property=\"og:image:type\" content=\"image\/jpeg\" \/>\n<meta name=\"author\" content=\"Vasile Filat\" \/>\n<meta name=\"twitter:card\" content=\"summary_large_image\" \/>\n<meta name=\"twitter:creator\" content=\"@moldovacrestina\" \/>\n<meta name=\"twitter:site\" content=\"@moldovacrestina\" \/>\n<meta name=\"twitter:label1\" content=\"\u00c9crit par\" \/>\n\t<meta name=\"twitter:data1\" content=\"Vasile Filat\" \/>\n\t<meta name=\"twitter:label2\" content=\"Dur\u00e9e de lecture estim\u00e9e\" \/>\n\t<meta name=\"twitter:data2\" content=\"3 minutes\" \/>\n<script type=\"application\/ld+json\" class=\"yoast-schema-graph\">{\"@context\":\"https:\\\/\\\/schema.org\",\"@graph\":[{\"@type\":\"Article\",\"@id\":\"https:\\\/\\\/moldovacrestina.md\\\/fr\\\/jsus-aime-les-enfants\\\/#article\",\"isPartOf\":{\"@id\":\"https:\\\/\\\/moldovacrestina.md\\\/fr\\\/jsus-aime-les-enfants\\\/\"},\"author\":{\"name\":\"Vasile Filat\",\"@id\":\"https:\\\/\\\/moldovacrestina.md\\\/fr\\\/#\\\/schema\\\/person\\\/04b204bbb582cc832c3d2424f5d27dc0\"},\"headline\":\"J\u00e9sus aime les enfants\",\"datePublished\":\"2010-12-26T15:59:34+00:00\",\"dateModified\":\"2017-05-03T16:47:44+00:00\",\"mainEntityOfPage\":{\"@id\":\"https:\\\/\\\/moldovacrestina.md\\\/fr\\\/jsus-aime-les-enfants\\\/\"},\"wordCount\":555,\"image\":{\"@id\":\"https:\\\/\\\/moldovacrestina.md\\\/fr\\\/jsus-aime-les-enfants\\\/#primaryimage\"},\"thumbnailUrl\":\"https:\\\/\\\/moldovacrestina.md\\\/wp-content\\\/uploads\\\/2010\\\/12\\\/jesus-loves-kids.jpg\",\"keywords\":[\"foi\",\"aimer les enfants\",\"disciples\",\"les enfants\"],\"articleSection\":[\"R\u00e9ponses de la Bible\"],\"inLanguage\":\"fr-FR\"},{\"@type\":\"WebPage\",\"@id\":\"https:\\\/\\\/moldovacrestina.md\\\/fr\\\/jsus-aime-les-enfants\\\/\",\"url\":\"https:\\\/\\\/moldovacrestina.md\\\/fr\\\/jsus-aime-les-enfants\\\/\",\"name\":\"J\u00e9sus aime les enfants\",\"isPartOf\":{\"@id\":\"https:\\\/\\\/moldovacrestina.md\\\/fr\\\/#website\"},\"primaryImageOfPage\":{\"@id\":\"https:\\\/\\\/moldovacrestina.md\\\/fr\\\/jsus-aime-les-enfants\\\/#primaryimage\"},\"image\":{\"@id\":\"https:\\\/\\\/moldovacrestina.md\\\/fr\\\/jsus-aime-les-enfants\\\/#primaryimage\"},\"thumbnailUrl\":\"https:\\\/\\\/moldovacrestina.md\\\/wp-content\\\/uploads\\\/2010\\\/12\\\/jesus-loves-kids.jpg\",\"datePublished\":\"2010-12-26T15:59:34+00:00\",\"dateModified\":\"2017-05-03T16:47:44+00:00\",\"author\":{\"@id\":\"https:\\\/\\\/moldovacrestina.md\\\/fr\\\/#\\\/schema\\\/person\\\/04b204bbb582cc832c3d2424f5d27dc0\"},\"description\":\"Jesus Christ aime les enfants et par Son example Il nous a montr\u00e9 l'importance de travailler avec eux et de leur parler du Seigneur J\u00e9sus qui les aime.\",\"breadcrumb\":{\"@id\":\"https:\\\/\\\/moldovacrestina.md\\\/fr\\\/jsus-aime-les-enfants\\\/#breadcrumb\"},\"inLanguage\":\"fr-FR\",\"potentialAction\":[{\"@type\":\"ReadAction\",\"target\":[\"https:\\\/\\\/moldovacrestina.md\\\/fr\\\/jsus-aime-les-enfants\\\/\"]}]},{\"@type\":\"ImageObject\",\"inLanguage\":\"fr-FR\",\"@id\":\"https:\\\/\\\/moldovacrestina.md\\\/fr\\\/jsus-aime-les-enfants\\\/#primaryimage\",\"url\":\"https:\\\/\\\/moldovacrestina.md\\\/wp-content\\\/uploads\\\/2010\\\/12\\\/jesus-loves-kids.jpg\",\"contentUrl\":\"https:\\\/\\\/moldovacrestina.md\\\/wp-content\\\/uploads\\\/2010\\\/12\\\/jesus-loves-kids.jpg\",\"width\":400,\"height\":448},{\"@type\":\"BreadcrumbList\",\"@id\":\"https:\\\/\\\/moldovacrestina.md\\\/fr\\\/jsus-aime-les-enfants\\\/#breadcrumb\",\"itemListElement\":[{\"@type\":\"ListItem\",\"position\":1,\"name\":\"Prima pagin\u0103\",\"item\":\"https:\\\/\\\/moldovacrestina.md\\\/fr\\\/\"},{\"@type\":\"ListItem\",\"position\":2,\"name\":\"R\u00e9ponses de la Bible\",\"item\":\"https:\\\/\\\/moldovacrestina.md\\\/fr\\\/reponses-de-la-bible\\\/\"},{\"@type\":\"ListItem\",\"position\":3,\"name\":\"J\u00e9sus aime les enfants\"}]},{\"@type\":\"WebSite\",\"@id\":\"https:\\\/\\\/moldovacrestina.md\\\/fr\\\/#website\",\"url\":\"https:\\\/\\\/moldovacrestina.md\\\/fr\\\/\",\"name\":\"Moldova Cre\u0219tin\u0103\",\"description\":\"R\u0103spunsuri relevante \u0219i actuale din Biblie\",\"potentialAction\":[{\"@type\":\"SearchAction\",\"target\":{\"@type\":\"EntryPoint\",\"urlTemplate\":\"https:\\\/\\\/moldovacrestina.md\\\/fr\\\/?s={search_term_string}\"},\"query-input\":{\"@type\":\"PropertyValueSpecification\",\"valueRequired\":true,\"valueName\":\"search_term_string\"}}],\"inLanguage\":\"fr-FR\"},{\"@type\":\"Person\",\"@id\":\"https:\\\/\\\/moldovacrestina.md\\\/fr\\\/#\\\/schema\\\/person\\\/04b204bbb582cc832c3d2424f5d27dc0\",\"name\":\"Vasile Filat\",\"image\":{\"@type\":\"ImageObject\",\"inLanguage\":\"fr-FR\",\"@id\":\"https:\\\/\\\/secure.gravatar.com\\\/avatar\\\/2e02d082d139dd6eb634318c9cf2c3a8281db62f24f87a134adb4f2020e77ab3?s=96&d=mm&r=g\",\"url\":\"https:\\\/\\\/secure.gravatar.com\\\/avatar\\\/2e02d082d139dd6eb634318c9cf2c3a8281db62f24f87a134adb4f2020e77ab3?s=96&d=mm&r=g\",\"contentUrl\":\"https:\\\/\\\/secure.gravatar.com\\\/avatar\\\/2e02d082d139dd6eb634318c9cf2c3a8281db62f24f87a134adb4f2020e77ab3?s=96&d=mm&r=g\",\"caption\":\"Vasile Filat\"},\"description\":\"P\u0103storesc\u00a0Biserica Bunavestire din Chi\u0219in\u0103u, predau Cuv\u00e2ntul lui Dumnezeu la\u00a0Institutul de Studiu Biblic Inductiv din Eurasia\u00a0\u0219i conduc\u00a0Asocia\u021bia \\\"\u00cenv\u0103\u021b\u0103tur\u0103 din Cuv\u00e2nt - Precept Ministries\\\" din Moldova. \u00cempreun\u0103 cu so\u021bia mea\u00a0Anastasia, avem trei copii. Din Aprilie 2007 am oferit r\u0103spunsuri din Biblie pe acest site la \u00eentreb\u0103ri adresate de cititori. Mai mult despre mine citi\u021bi\u00a0aici.\",\"url\":\"https:\\\/\\\/moldovacrestina.md\\\/fr\\\/author\\\/vasile-filat\\\/\"}]}<\/script>\n<!-- \/ Yoast SEO Premium plugin. -->","yoast_head_json":{"title":"J\u00e9sus aime les enfants","description":"Jesus Christ aime les enfants et par Son example Il nous a montr\u00e9 l'importance de travailler avec eux et de leur parler du Seigneur J\u00e9sus qui les aime.","robots":{"index":"index","follow":"follow","max-snippet":"max-snippet:-1","max-image-preview":"max-image-preview:large","max-video-preview":"max-video-preview:-1"},"canonical":"https:\/\/moldovacrestina.md\/fr\/jsus-aime-les-enfants\/","og_locale":"fr_FR","og_type":"article","og_title":"J\u00e9sus aime les enfants","og_description":"Jesus Christ aime les enfants et par Son example Il nous a montr\u00e9 l'importance de travailler avec eux et de leur parler du Seigneur J\u00e9sus qui les aime.","og_url":"https:\/\/moldovacrestina.md\/fr\/jsus-aime-les-enfants\/","og_site_name":"Moldova Cre\u0219tin\u0103","article_publisher":"https:\/\/www.facebook.com\/moldovacrestina\/","article_published_time":"2010-12-26T15:59:34+00:00","article_modified_time":"2017-05-03T16:47:44+00:00","og_image":[{"width":400,"height":448,"url":"https:\/\/cdn.moldovacrestina.md\/2010\/12\/jesus-loves-kids.jpg","type":"image\/jpeg"}],"author":"Vasile Filat","twitter_card":"summary_large_image","twitter_creator":"@moldovacrestina","twitter_site":"@moldovacrestina","twitter_misc":{"\u00c9crit par":"Vasile Filat","Dur\u00e9e de lecture estim\u00e9e":"3 minutes"},"schema":{"@context":"https:\/\/schema.org","@graph":[{"@type":"Article","@id":"https:\/\/moldovacrestina.md\/fr\/jsus-aime-les-enfants\/#article","isPartOf":{"@id":"https:\/\/moldovacrestina.md\/fr\/jsus-aime-les-enfants\/"},"author":{"name":"Vasile Filat","@id":"https:\/\/moldovacrestina.md\/fr\/#\/schema\/person\/04b204bbb582cc832c3d2424f5d27dc0"},"headline":"J\u00e9sus aime les enfants","datePublished":"2010-12-26T15:59:34+00:00","dateModified":"2017-05-03T16:47:44+00:00","mainEntityOfPage":{"@id":"https:\/\/moldovacrestina.md\/fr\/jsus-aime-les-enfants\/"},"wordCount":555,"image":{"@id":"https:\/\/moldovacrestina.md\/fr\/jsus-aime-les-enfants\/#primaryimage"},"thumbnailUrl":"https:\/\/moldovacrestina.md\/wp-content\/uploads\/2010\/12\/jesus-loves-kids.jpg","keywords":["foi","aimer les enfants","disciples","les enfants"],"articleSection":["R\u00e9ponses de la Bible"],"inLanguage":"fr-FR"},{"@type":"WebPage","@id":"https:\/\/moldovacrestina.md\/fr\/jsus-aime-les-enfants\/","url":"https:\/\/moldovacrestina.md\/fr\/jsus-aime-les-enfants\/","name":"J\u00e9sus aime les enfants","isPartOf":{"@id":"https:\/\/moldovacrestina.md\/fr\/#website"},"primaryImageOfPage":{"@id":"https:\/\/moldovacrestina.md\/fr\/jsus-aime-les-enfants\/#primaryimage"},"image":{"@id":"https:\/\/moldovacrestina.md\/fr\/jsus-aime-les-enfants\/#primaryimage"},"thumbnailUrl":"https:\/\/moldovacrestina.md\/wp-content\/uploads\/2010\/12\/jesus-loves-kids.jpg","datePublished":"2010-12-26T15:59:34+00:00","dateModified":"2017-05-03T16:47:44+00:00","author":{"@id":"https:\/\/moldovacrestina.md\/fr\/#\/schema\/person\/04b204bbb582cc832c3d2424f5d27dc0"},"description":"Jesus Christ aime les enfants et par Son example Il nous a montr\u00e9 l'importance de travailler avec eux et de leur parler du Seigneur J\u00e9sus qui les aime.","breadcrumb":{"@id":"https:\/\/moldovacrestina.md\/fr\/jsus-aime-les-enfants\/#breadcrumb"},"inLanguage":"fr-FR","potentialAction":[{"@type":"ReadAction","target":["https:\/\/moldovacrestina.md\/fr\/jsus-aime-les-enfants\/"]}]},{"@type":"ImageObject","inLanguage":"fr-FR","@id":"https:\/\/moldovacrestina.md\/fr\/jsus-aime-les-enfants\/#primaryimage","url":"https:\/\/moldovacrestina.md\/wp-content\/uploads\/2010\/12\/jesus-loves-kids.jpg","contentUrl":"https:\/\/moldovacrestina.md\/wp-content\/uploads\/2010\/12\/jesus-loves-kids.jpg","width":400,"height":448},{"@type":"BreadcrumbList","@id":"https:\/\/moldovacrestina.md\/fr\/jsus-aime-les-enfants\/#breadcrumb","itemListElement":[{"@type":"ListItem","position":1,"name":"Prima pagin\u0103","item":"https:\/\/moldovacrestina.md\/fr\/"},{"@type":"ListItem","position":2,"name":"R\u00e9ponses de la Bible","item":"https:\/\/moldovacrestina.md\/fr\/reponses-de-la-bible\/"},{"@type":"ListItem","position":3,"name":"J\u00e9sus aime les enfants"}]},{"@type":"WebSite","@id":"https:\/\/moldovacrestina.md\/fr\/#website","url":"https:\/\/moldovacrestina.md\/fr\/","name":"Moldova Cre\u0219tin\u0103","description":"R\u0103spunsuri relevante \u0219i actuale din Biblie","potentialAction":[{"@type":"SearchAction","target":{"@type":"EntryPoint","urlTemplate":"https:\/\/moldovacrestina.md\/fr\/?s={search_term_string}"},"query-input":{"@type":"PropertyValueSpecification","valueRequired":true,"valueName":"search_term_string"}}],"inLanguage":"fr-FR"},{"@type":"Person","@id":"https:\/\/moldovacrestina.md\/fr\/#\/schema\/person\/04b204bbb582cc832c3d2424f5d27dc0","name":"Vasile Filat","image":{"@type":"ImageObject","inLanguage":"fr-FR","@id":"https:\/\/secure.gravatar.com\/avatar\/2e02d082d139dd6eb634318c9cf2c3a8281db62f24f87a134adb4f2020e77ab3?s=96&d=mm&r=g","url":"https:\/\/secure.gravatar.com\/avatar\/2e02d082d139dd6eb634318c9cf2c3a8281db62f24f87a134adb4f2020e77ab3?s=96&d=mm&r=g","contentUrl":"https:\/\/secure.gravatar.com\/avatar\/2e02d082d139dd6eb634318c9cf2c3a8281db62f24f87a134adb4f2020e77ab3?s=96&d=mm&r=g","caption":"Vasile Filat"},"description":"P\u0103storesc\u00a0Biserica Bunavestire din Chi\u0219in\u0103u, predau Cuv\u00e2ntul lui Dumnezeu la\u00a0Institutul de Studiu Biblic Inductiv din Eurasia\u00a0\u0219i conduc\u00a0Asocia\u021bia \"\u00cenv\u0103\u021b\u0103tur\u0103 din Cuv\u00e2nt - Precept Ministries\" din Moldova. \u00cempreun\u0103 cu so\u021bia mea\u00a0Anastasia, avem trei copii. Din Aprilie 2007 am oferit r\u0103spunsuri din Biblie pe acest site la \u00eentreb\u0103ri adresate de cititori. Mai mult despre mine citi\u021bi\u00a0aici.","url":"https:\/\/moldovacrestina.md\/fr\/author\/vasile-filat\/"}]}},"jetpack_featured_media_url":"https:\/\/moldovacrestina.md\/wp-content\/uploads\/2010\/12\/jesus-loves-kids.jpg","video_meta":false,"featured_image":"https:\/\/moldovacrestina.md\/wp-content\/uploads\/2010\/12\/jesus-loves-kids.jpg","wpml":{"language_code":"fr","locale":"fr_FR","text_direction":false,"display_name":"Fran\u00e7ais","native_name":"Francez\u0103","different_language":false},"jetpack-related-posts":[{"id":363225,"url":"https:\/\/moldovacrestina.md\/copilul-pierdut-din-step-soci-a-fost-gasit-mort-in-canalizare-sa-ne-rugam-pentru-parinti\/","url_meta":{"origin":60390,"position":0},"title":"Copilul pierdut din Step-Soci a fost g\u0103sit mort \u00een canalizare. S\u0103 ne rug\u0103m pentru p\u0103rin\u021bi.","author":"Moldova Cre\u0219tin\u0103","date":"16 juillet 2025","format":false,"excerpt":"Durere \u0219i tragedie \u00een Step-Soci. Copilul c\u0103utat cu disperare a fost g\u0103sit f\u0103r\u0103 via\u021b\u0103 \u00eentr-un canal de canalizare. O veste care ne \u00eentristeaz\u0103 profund \u0219i ne cheam\u0103 la rug\u0103ciune pentru p\u0103rin\u021bi \u0219i pentru comunitate. Copilul nu mai este printre noi, dar p\u0103rin\u021bii au nevoie de sprijin, de compasiune \u0219i de\u2026","rel":"","context":"<span class=\"jp-relatedposts-post-author\">Moldova Cre\u0219tin\u0103<\/span>","block_context":{"text":"MCTV","link":"https:\/\/moldovacrestina.md\/mctv\/"},"img":{"alt_text":"","src":"https:\/\/i0.wp.com\/cdn.moldovacrestina.md\/2025\/07\/cb5ec347-rl88d65dnlw.jpg?resize=350%2C200&ssl=1","width":350,"height":200,"srcset":"https:\/\/i0.wp.com\/cdn.moldovacrestina.md\/2025\/07\/cb5ec347-rl88d65dnlw.jpg?resize=350%2C200&ssl=1 1x, https:\/\/i0.wp.com\/cdn.moldovacrestina.md\/2025\/07\/cb5ec347-rl88d65dnlw.jpg?resize=525%2C300&ssl=1 1.5x, https:\/\/i0.wp.com\/cdn.moldovacrestina.md\/2025\/07\/cb5ec347-rl88d65dnlw.jpg?resize=700%2C400&ssl=1 2x, https:\/\/i0.wp.com\/cdn.moldovacrestina.md\/2025\/07\/cb5ec347-rl88d65dnlw.jpg?resize=1050%2C600&ssl=1 3x"},"classes":[]},{"id":365343,"url":"https:\/\/moldovacrestina.md\/esti-sufocat-la-locul-de-munca-nu-pleca-pana-nu-faci-aceasta-pastor-vasile-filat\/","url_meta":{"origin":60390,"position":1},"title":"E\u0219ti sufocat la locul de munc\u0103? Nu pleca p\u00e2n\u0103 nu faci aceasta | Pastor Vasile Filat","author":"Moldova Cre\u0219tin\u0103","date":"30 avril 2026","format":false,"excerpt":"Te sim\u021bi sufocat(\u0103) la locul de munc\u0103, e\u0219ti ap\u0103sat(\u0103) de manager \u0219i tr\u0103ie\u0219ti cu frica de \u201ece vor zice oamenii\u201d dac\u0103 demisionezi? \u00cen acest video vorbim despre cum s\u0103 iei o decizie \u00een\u021beleapt\u0103 c\u00e2nd lucrezi \u00eentr-un business de familie, cum s\u0103 pui limite clare f\u0103r\u0103 vinov\u0103\u021bie \u0219i cum s\u0103 cau\u021bi\u2026","rel":"","context":"<span class=\"jp-relatedposts-post-author\">Moldova Cre\u0219tin\u0103<\/span>","block_context":{"text":"MCTV","link":"https:\/\/moldovacrestina.md\/mctv\/"},"img":{"alt_text":"","src":"https:\/\/i0.wp.com\/cdn.moldovacrestina.md\/2026\/04\/cf31591f-fmzy1i2ztmq.jpg?resize=350%2C200&ssl=1","width":350,"height":200,"srcset":"https:\/\/i0.wp.com\/cdn.moldovacrestina.md\/2026\/04\/cf31591f-fmzy1i2ztmq.jpg?resize=350%2C200&ssl=1 1x, https:\/\/i0.wp.com\/cdn.moldovacrestina.md\/2026\/04\/cf31591f-fmzy1i2ztmq.jpg?resize=525%2C300&ssl=1 1.5x, https:\/\/i0.wp.com\/cdn.moldovacrestina.md\/2026\/04\/cf31591f-fmzy1i2ztmq.jpg?resize=700%2C400&ssl=1 2x, https:\/\/i0.wp.com\/cdn.moldovacrestina.md\/2026\/04\/cf31591f-fmzy1i2ztmq.jpg?resize=1050%2C600&ssl=1 3x"},"classes":[]},{"id":365240,"url":"https:\/\/moldovacrestina.md\/nu-e-un-eveniment-mare-e-ceva-mai-simplu-oameni\/","url_meta":{"origin":60390,"position":2},"title":"Nu e un eveniment mare. E ceva mai simplu: oameni.","author":"Moldova Cre\u0219tin\u0103","date":"17 avril 2026","format":false,"excerpt":"La c\u00e2\u021biva kilometri de Chi\u0219in\u0103u, \u00een satul Bardar, o familie porne\u0219te \u00een fiecare weekend la drum pentru o misiune simpl\u0103, dar profund\u0103: oameni \u0219i copii. Vezi cum prinde via\u021b\u0103 Clubul copiilor din Bardar \u2014 un loc sigur unde cei mici \u00eenva\u021b\u0103 lec\u021bii pentru via\u021b\u0103, despre curaj, respect, prietenie \u0219i credin\u021b\u0103.\u2026","rel":"","context":"<span class=\"jp-relatedposts-post-author\">Moldova Cre\u0219tin\u0103<\/span>","block_context":{"text":"MCTV","link":"https:\/\/moldovacrestina.md\/mctv\/"},"img":{"alt_text":"","src":"https:\/\/i0.wp.com\/cdn.moldovacrestina.md\/2026\/04\/9986b949-g-_9romql9k.jpg?resize=350%2C200&ssl=1","width":350,"height":200,"srcset":"https:\/\/i0.wp.com\/cdn.moldovacrestina.md\/2026\/04\/9986b949-g-_9romql9k.jpg?resize=350%2C200&ssl=1 1x, https:\/\/i0.wp.com\/cdn.moldovacrestina.md\/2026\/04\/9986b949-g-_9romql9k.jpg?resize=525%2C300&ssl=1 1.5x, https:\/\/i0.wp.com\/cdn.moldovacrestina.md\/2026\/04\/9986b949-g-_9romql9k.jpg?resize=700%2C400&ssl=1 2x, https:\/\/i0.wp.com\/cdn.moldovacrestina.md\/2026\/04\/9986b949-g-_9romql9k.jpg?resize=1050%2C600&ssl=1 3x"},"classes":[]},{"id":365337,"url":"https:\/\/moldovacrestina.md\/cum-sa-te-bucuri-de-avere-fara-sa-cazi-in-lux-si-risipa-pastor-vasile-filat\/","url_meta":{"origin":60390,"position":3},"title":"Cum s\u0103 te bucuri de avere f\u0103r\u0103 s\u0103 cazi \u00een lux \u0219i risip\u0103? | Pastor Vasile Filat","author":"Moldova Cre\u0219tin\u0103","date":"29 avril 2026","format":false,"excerpt":"Biblia nu condamn\u0103 bog\u0103\u021bia, ci inima care se leag\u0103 de ea. \u00cen acest mesaj, Pastorul Vasile Filat explic\u0103 din Scriptur\u0103 cum \u00eei \u00eenva\u021b\u0103 Dumnezeu pe boga\u021bii veacului acestuia s\u0103 fie genero\u0219i, s\u0103 fac\u0103 bine \u0219i, \u00een acela\u0219i timp, s\u0103 se bucure de ceea ce El le-a dat \u2014 f\u0103r\u0103 a\u2026","rel":"","context":"<span class=\"jp-relatedposts-post-author\">Moldova Cre\u0219tin\u0103<\/span>","block_context":{"text":"MCTV","link":"https:\/\/moldovacrestina.md\/mctv\/"},"img":{"alt_text":"","src":"https:\/\/i0.wp.com\/cdn.moldovacrestina.md\/2026\/04\/75dfc91a-305_ass0atm.jpg?resize=350%2C200&ssl=1","width":350,"height":200,"srcset":"https:\/\/i0.wp.com\/cdn.moldovacrestina.md\/2026\/04\/75dfc91a-305_ass0atm.jpg?resize=350%2C200&ssl=1 1x, https:\/\/i0.wp.com\/cdn.moldovacrestina.md\/2026\/04\/75dfc91a-305_ass0atm.jpg?resize=525%2C300&ssl=1 1.5x, https:\/\/i0.wp.com\/cdn.moldovacrestina.md\/2026\/04\/75dfc91a-305_ass0atm.jpg?resize=700%2C400&ssl=1 2x, https:\/\/i0.wp.com\/cdn.moldovacrestina.md\/2026\/04\/75dfc91a-305_ass0atm.jpg?resize=1050%2C600&ssl=1 3x"},"classes":[]},{"id":363310,"url":"https:\/\/moldovacrestina.md\/nici-la-moartea-parintilor-nu-va-oferi-mancare-cuiva\/","url_meta":{"origin":60390,"position":4},"title":"Nici la moartea p\u0103rin\u021bilor nu va oferi m\u00e2ncare cuiva\u2026","author":"Moldova Cre\u0219tin\u0103","date":"25 juillet 2025","format":false,"excerpt":"\u00ceNTREBARE: Pace, frate! Am \u0219i eu o nedumerire. M\u0103 contraziceam cu tata: \u00een caz de o \u00eenmorm\u00e2ntare, eu am zis c\u0103 nu a\u0219 da nici m\u0103car pr\u0103jituri \u0219i nici suc. Am zis doar ap\u0103, ca s\u0103 nu \u00eei fie cuiva sete. Tata mi-a zis s\u0103 vorbesc cu un predicator poc\u0103it\u2026","rel":"","context":"<span class=\"jp-relatedposts-post-author\">Moldova Cre\u0219tin\u0103<\/span>","block_context":{"text":"MCTV","link":"https:\/\/moldovacrestina.md\/mctv\/"},"img":{"alt_text":"","src":"https:\/\/i0.wp.com\/cdn.moldovacrestina.md\/2025\/07\/ba7ab153-h1zvfmsmux8.jpg?resize=350%2C200&ssl=1","width":350,"height":200,"srcset":"https:\/\/i0.wp.com\/cdn.moldovacrestina.md\/2025\/07\/ba7ab153-h1zvfmsmux8.jpg?resize=350%2C200&ssl=1 1x, https:\/\/i0.wp.com\/cdn.moldovacrestina.md\/2025\/07\/ba7ab153-h1zvfmsmux8.jpg?resize=525%2C300&ssl=1 1.5x, https:\/\/i0.wp.com\/cdn.moldovacrestina.md\/2025\/07\/ba7ab153-h1zvfmsmux8.jpg?resize=700%2C400&ssl=1 2x, https:\/\/i0.wp.com\/cdn.moldovacrestina.md\/2025\/07\/ba7ab153-h1zvfmsmux8.jpg?resize=1050%2C600&ssl=1 3x"},"classes":[]}],"jetpack_sharing_enabled":true,"_links":{"self":[{"href":"https:\/\/moldovacrestina.md\/fr\/wp-json\/wp\/v2\/posts\/60390","targetHints":{"allow":["GET"]}}],"collection":[{"href":"https:\/\/moldovacrestina.md\/fr\/wp-json\/wp\/v2\/posts"}],"about":[{"href":"https:\/\/moldovacrestina.md\/fr\/wp-json\/wp\/v2\/types\/post"}],"author":[{"embeddable":true,"href":"https:\/\/moldovacrestina.md\/fr\/wp-json\/wp\/v2\/users\/46"}],"replies":[{"embeddable":true,"href":"https:\/\/moldovacrestina.md\/fr\/wp-json\/wp\/v2\/comments?post=60390"}],"version-history":[{"count":0,"href":"https:\/\/moldovacrestina.md\/fr\/wp-json\/wp\/v2\/posts\/60390\/revisions"}],"wp:featuredmedia":[{"embeddable":true,"href":"https:\/\/moldovacrestina.md\/fr\/wp-json\/wp\/v2\/media\/100283"}],"wp:attachment":[{"href":"https:\/\/moldovacrestina.md\/fr\/wp-json\/wp\/v2\/media?parent=60390"}],"wp:term":[{"taxonomy":"category","embeddable":true,"href":"https:\/\/moldovacrestina.md\/fr\/wp-json\/wp\/v2\/categories?post=60390"},{"taxonomy":"post_tag","embeddable":true,"href":"https:\/\/moldovacrestina.md\/fr\/wp-json\/wp\/v2\/tags?post=60390"}],"curies":[{"name":"wp","href":"https:\/\/api.w.org\/{rel}","templated":true}]}}