{"id":60075,"date":"2011-06-18T21:11:58","date_gmt":"2011-06-18T19:11:58","guid":{"rendered":"https:\/\/moldovacrestina.md\/existent-les-extraterrestres"},"modified":"2011-06-18T21:11:58","modified_gmt":"2011-06-18T19:11:58","slug":"existent-les-extraterrestres","status":"publish","type":"post","link":"https:\/\/moldovacrestina.md\/fr\/existent-les-extraterrestres\/","title":{"rendered":"Existent les extraterrestres ?"},"content":{"rendered":"<p style=\"text-align: justify\">\n<p style=\"text-align: justify\">L\u2019article a \u00e9t\u00e9 \u00e9crit par Alexandru Curbet.<\/p>\n<blockquote class=\"td_quote_box td_box_center\">\n<p><em>Que pensez-vous des extraterrestres ? Par avance merci.<\/em><\/p>\n<\/blockquote>\n<h2 style=\"text-align: justify\"><strong><img decoding=\"async\" class=\"aligncenter size-full img-resp\" title=\"\" src=\"https:\/\/cdn.moldovacrestina.md\/2018\/01\/45763019798_ufo-sighting.jpg\" alt=\"\"  >Les gens qui croient dans l\u2019existence des extraterrestres, acceptent que la vie soit apparue sur Terre par l\u2019\u00e9volution.<\/strong><\/h2>\n<p style=\"text-align: justify\">Je m\u2019explique : l\u2019\u00e9volution implique que la vie sur Terre a \u00e9merg\u00e9 par hasard, \u00e0 partir de rien. Si la vie sur Terre est apparue par rien \u2013 il sera logiquement qu\u2019il en soit de m\u00eame pour d\u2019autres plan\u00e8tes.<br \/> La Bible dit que Dieu cr\u00e9e l\u2019homme \u2013 hommes et femmes :<\/p>\n<blockquote class=\"td_quote_box td_box_center\">\n<p><em>\u00ab Puis Dieu dit : Faisons l\u2019homme \u00e0 notre image, selon notre ressemblance, et qu\u2019il domine sur les poissons de la mer, sur les oiseaux du ciel, sur le b\u00e9tail, sur toute la terre, et sur tous les reptiles qui rampent sur la terre. Dieu cr\u00e9a l\u2019homme \u00e0 son image, il le cr\u00e9a \u00e0 l\u2019image de Dieu, il cr\u00e9a l\u2019homme et la femme. Dieu les b\u00e9nit, et Dieu leur dit : Soyez f\u00e9conds, multipliez, <strong>remplissez la terre, et l\u2019assujettissez<\/strong>; et dominez sur les poissons de la mer, sur les oiseaux du ciel, et sur tout animal qui se meut sur la terre \u00bb (Gen\u00e8se 1:26 -28)<\/em><\/p>\n<\/blockquote>\n<h2 style=\"text-align: justify\"><strong>La vie sur d\u2019autres plan\u00e8tes ne peut pas exister.<\/strong><\/h2>\n<p style=\"text-align: justify\">Parmi toutes les plan\u00e8tes du syst\u00e8me solaire \u2013 aucune plan\u00e8te n\u2019a les conditions n\u00e9cessaires pour une vie complexe. Les plan\u00e8tes terrestres (Mercure, V\u00e9nus, Mars, Pluton) et les plan\u00e8tes g\u00e9antes gazeuses (Jupiter, Saturne, Uranus, Neptune) ont des temp\u00e9ratures inf\u00e9rieures \u00e0 \u2013 140 \u00b0 C, ou trop \u00e9lev\u00e9e (+ 400 \u00ba C).<br \/> De tout notre syst\u00e8me solaire \u2013 notre plan\u00e8te est la seule habit\u00e9e par des \u00eatres intelligents.<\/p>\n<h2 style=\"text-align: justify\"><strong>La distance \u00e0 d\u2019autres syst\u00e8mes solaires est \u00e9norme.<\/strong><\/h2>\n<p style=\"text-align: justify\">Si <span style=\"text-decoration: underline\">les extraterrestres<\/span> existaient, ils devraient parcourir de vastes distances. L\u2019\u00e9toile la plus proche, Alpha \u2013 Centaure est d\u2019environ 4 ann\u00e9es-lumi\u00e8re (distance parcourue par la lumi\u00e8re en 4 ans).<br \/><em>Les extraterrestres<\/em> auraient une vitesse impressionnante de 1000 km \/ s, et les \u00e9trangers devraient parcourir cette distance en 1.200 ans. M\u00eame l\u2019hypoth\u00e8se selon laquelle ils pourraient se d\u00e9placer \u00e0 une vitesse de 10.000 km \/ s \u2013 ils atteindraient la Terre et reviendraient en une dur\u00e9e de 240 ann\u00e9es !<br \/> Demandez-vous : pourquoi un navire traverserait une distance de 37.843.200.000.000 km seulement pour \u00eatre vu puis repartir ?<\/p>\n<h2 style=\"text-align: justify\"><strong>Les conditions requises pour qu\u2019il y ait la vie sur une autre plan\u00e8te sont les suivantes :<\/strong><\/h2>\n<p style=\"text-align: justify\">&#8211; avoir de l\u2019eau<br \/> &#8211; le soleil ne doit pas \u00eatre pas trop grand (une \u00e9toile naine \u2013 tr\u00e8s rare)<br \/> &#8211; avoir un fort champ magn\u00e9tique \u2013 pour la prot\u00e9ger des radiations<br \/> &#8211; avoir une grande masse, pour que le champ magn\u00e9tique soit suffisamment grand<br \/> &#8211; \u00eatre tout \u00e0 fait proche de l\u2019\u00e9toile autour de laquelle elle tourne pour que l\u2019eau puisse \u00eatre liquide.<br \/> &#8211; avoir un satellite d\u2019une masse importante pour stabiliser l\u2019axe de basculement.<br \/> &#8211; \u00eatre plac\u00e9 dans une zone r\u00e9sidentielle de la galaxie \u2013 pas trop pr\u00e8s du noyau de la galaxie, mais pas trop loin.<br \/> &#8211; que la cro\u00fbte de la plan\u00e8te soit assez mince.<br \/> &#8211; la plan\u00e8te doit \u00eatre couverte d\u2019eau \u00e0 un rapport de 70% pour permettre la diversit\u00e9 de la vie.<br \/> &#8211; avoir \u00e0 proximit\u00e9 du gaz pour \u00eatre prot\u00e9g\u00e9 contre d\u2019\u00e9ventuelles collisions avec les organes de l\u2019espace.<br \/> &#8211; avoir une atmosph\u00e8re d\u2019azote et d\u2019oxyg\u00e8ne (transparent), qui ne permettra pas l\u2019existence de l\u2019effet de serre (comme sur V\u00e9nus).<br \/> &#8211; etc.<br \/> En concordance avec les statistiques \u2013 il n\u2019y a pas de plan\u00e8te qui r\u00e9pond \u00e0 ces conditions. C\u2019est la preuve que nous sommes tr\u00e8s rares dans l\u2019univers.<\/p>\n<p style=\"text-align: justify\"><em>L\u2019article a \u00e9t\u00e9 traduit par Diana Ta\u0219c\u0103.<\/em><\/p><\/p>\n","protected":false},"excerpt":{"rendered":"<p>L\u2019article a \u00e9t\u00e9 \u00e9crit par Alexandru Curbet. Que pensez-vous des extraterrestres ? Par avance merci. Les gens qui croient dans l\u2019existence des extraterrestres, acceptent que la vie soit apparue sur Terre par l\u2019\u00e9volution. Je m\u2019explique : l\u2019\u00e9volution implique que la vie sur Terre a \u00e9merg\u00e9 par hasard, \u00e0 partir de rien. Si la vie sur [&hellip;]<\/p>\n","protected":false},"author":46,"featured_media":60076,"comment_status":"closed","ping_status":"closed","sticky":false,"template":"","format":"standard","meta":{"_acf_changed":false,"inline_featured_image":false,"_monsterinsights_skip_tracking":false,"_monsterinsights_sitenote_active":false,"_monsterinsights_sitenote_note":"","_monsterinsights_sitenote_category":0,"_genesis_hide_title":false,"_genesis_hide_breadcrumbs":false,"_genesis_hide_singular_image":false,"_genesis_hide_footer_widgets":false,"_genesis_custom_body_class":"","_genesis_custom_post_class":"","_genesis_layout":"","ep_exclude_from_search":false,"_jetpack_memberships_contains_paid_content":false,"footnotes":""},"categories":[138],"tags":[11433,11434,11435,11436,11437],"class_list":{"0":"post-60075","1":"post","2":"type-post","3":"status-publish","4":"format-standard","5":"has-post-thumbnail","7":"category-societe","8":"tag-dautres-systemes-solaires","9":"tag-dautres-planetes","10":"tag-extraterrestres","11":"tag-lexistence-des-extraterrestres","12":"tag-terre","13":"entry"},"acf":[],"yoast_head":"<!-- This site is optimized with the Yoast SEO Premium plugin v26.5 (Yoast SEO v27.4) - https:\/\/yoast.com\/product\/yoast-seo-premium-wordpress\/ -->\n<title>Les gens croient dans l&#039;\u00e9xistance des extraterrestres<\/title>\n<meta name=\"description\" content=\"Si la vie sur Terre est apparue par rien \u2013 il sera logiquement qu\u2019il en soit de m\u00eame pour d&#039;autres plan\u00e8tes. C&#039;est pas correcte!\" \/>\n<meta name=\"robots\" content=\"index, follow, max-snippet:-1, max-image-preview:large, max-video-preview:-1\" \/>\n<link rel=\"canonical\" href=\"https:\/\/moldovacrestina.md\/fr\/existent-les-extraterrestres\/\" \/>\n<meta property=\"og:locale\" content=\"fr_FR\" \/>\n<meta property=\"og:type\" content=\"article\" \/>\n<meta property=\"og:title\" content=\"Existent les extraterrestres ?\" \/>\n<meta property=\"og:description\" content=\"Si la vie sur Terre est apparue par rien \u2013 il sera logiquement qu\u2019il en soit de m\u00eame pour d&#039;autres plan\u00e8tes. C&#039;est pas correcte!\" \/>\n<meta property=\"og:url\" content=\"https:\/\/moldovacrestina.md\/fr\/existent-les-extraterrestres\/\" \/>\n<meta property=\"og:site_name\" content=\"Moldova Cre\u0219tin\u0103\" \/>\n<meta property=\"article:publisher\" content=\"https:\/\/www.facebook.com\/moldovacrestina\/\" \/>\n<meta property=\"article:published_time\" content=\"2011-06-18T19:11:58+00:00\" \/>\n<meta property=\"og:image\" content=\"https:\/\/cdn.moldovacrestina.md\/2017\/12\/45763019798_ufo-sighting.jpg\" \/>\n\t<meta property=\"og:image:width\" content=\"510\" \/>\n\t<meta property=\"og:image:height\" content=\"287\" \/>\n\t<meta property=\"og:image:type\" content=\"image\/jpeg\" \/>\n<meta name=\"author\" content=\"Vasile Filat\" \/>\n<meta name=\"twitter:card\" content=\"summary_large_image\" \/>\n<meta name=\"twitter:creator\" content=\"@moldovacrestina\" \/>\n<meta name=\"twitter:site\" content=\"@moldovacrestina\" \/>\n<meta name=\"twitter:label1\" content=\"\u00c9crit par\" \/>\n\t<meta name=\"twitter:data1\" content=\"Vasile Filat\" \/>\n\t<meta name=\"twitter:label2\" content=\"Dur\u00e9e de lecture estim\u00e9e\" \/>\n\t<meta name=\"twitter:data2\" content=\"3 minutes\" \/>\n<script type=\"application\/ld+json\" class=\"yoast-schema-graph\">{\"@context\":\"https:\\\/\\\/schema.org\",\"@graph\":[{\"@type\":\"Article\",\"@id\":\"https:\\\/\\\/moldovacrestina.md\\\/fr\\\/existent-les-extraterrestres\\\/#article\",\"isPartOf\":{\"@id\":\"https:\\\/\\\/moldovacrestina.md\\\/fr\\\/existent-les-extraterrestres\\\/\"},\"author\":{\"name\":\"Vasile Filat\",\"@id\":\"https:\\\/\\\/moldovacrestina.md\\\/fr\\\/#\\\/schema\\\/person\\\/04b204bbb582cc832c3d2424f5d27dc0\"},\"headline\":\"Existent les extraterrestres ?\",\"datePublished\":\"2011-06-18T19:11:58+00:00\",\"mainEntityOfPage\":{\"@id\":\"https:\\\/\\\/moldovacrestina.md\\\/fr\\\/existent-les-extraterrestres\\\/\"},\"wordCount\":632,\"image\":{\"@id\":\"https:\\\/\\\/moldovacrestina.md\\\/fr\\\/existent-les-extraterrestres\\\/#primaryimage\"},\"thumbnailUrl\":\"https:\\\/\\\/moldovacrestina.md\\\/wp-content\\\/uploads\\\/2017\\\/12\\\/45763019798_ufo-sighting.jpg\",\"keywords\":[\"dautres syst\u00e8mes solaires\",\"dautres plan\u00e8tes\",\"extraterrestres\",\"lexistence des extraterrestres\",\"Terre\"],\"articleSection\":[\"Soci\u00e9t\u00e9\"],\"inLanguage\":\"fr-FR\"},{\"@type\":\"WebPage\",\"@id\":\"https:\\\/\\\/moldovacrestina.md\\\/fr\\\/existent-les-extraterrestres\\\/\",\"url\":\"https:\\\/\\\/moldovacrestina.md\\\/fr\\\/existent-les-extraterrestres\\\/\",\"name\":\"Les gens croient dans l'\u00e9xistance des extraterrestres\",\"isPartOf\":{\"@id\":\"https:\\\/\\\/moldovacrestina.md\\\/fr\\\/#website\"},\"primaryImageOfPage\":{\"@id\":\"https:\\\/\\\/moldovacrestina.md\\\/fr\\\/existent-les-extraterrestres\\\/#primaryimage\"},\"image\":{\"@id\":\"https:\\\/\\\/moldovacrestina.md\\\/fr\\\/existent-les-extraterrestres\\\/#primaryimage\"},\"thumbnailUrl\":\"https:\\\/\\\/moldovacrestina.md\\\/wp-content\\\/uploads\\\/2017\\\/12\\\/45763019798_ufo-sighting.jpg\",\"datePublished\":\"2011-06-18T19:11:58+00:00\",\"author\":{\"@id\":\"https:\\\/\\\/moldovacrestina.md\\\/fr\\\/#\\\/schema\\\/person\\\/04b204bbb582cc832c3d2424f5d27dc0\"},\"description\":\"Si la vie sur Terre est apparue par rien \u2013 il sera logiquement qu\u2019il en soit de m\u00eame pour d'autres plan\u00e8tes. C'est pas correcte!\",\"breadcrumb\":{\"@id\":\"https:\\\/\\\/moldovacrestina.md\\\/fr\\\/existent-les-extraterrestres\\\/#breadcrumb\"},\"inLanguage\":\"fr-FR\",\"potentialAction\":[{\"@type\":\"ReadAction\",\"target\":[\"https:\\\/\\\/moldovacrestina.md\\\/fr\\\/existent-les-extraterrestres\\\/\"]}]},{\"@type\":\"ImageObject\",\"inLanguage\":\"fr-FR\",\"@id\":\"https:\\\/\\\/moldovacrestina.md\\\/fr\\\/existent-les-extraterrestres\\\/#primaryimage\",\"url\":\"https:\\\/\\\/moldovacrestina.md\\\/wp-content\\\/uploads\\\/2017\\\/12\\\/45763019798_ufo-sighting.jpg\",\"contentUrl\":\"https:\\\/\\\/moldovacrestina.md\\\/wp-content\\\/uploads\\\/2017\\\/12\\\/45763019798_ufo-sighting.jpg\",\"width\":510,\"height\":287},{\"@type\":\"BreadcrumbList\",\"@id\":\"https:\\\/\\\/moldovacrestina.md\\\/fr\\\/existent-les-extraterrestres\\\/#breadcrumb\",\"itemListElement\":[{\"@type\":\"ListItem\",\"position\":1,\"name\":\"Prima pagin\u0103\",\"item\":\"https:\\\/\\\/moldovacrestina.md\\\/fr\\\/\"},{\"@type\":\"ListItem\",\"position\":2,\"name\":\"Soci\u00e9t\u00e9\",\"item\":\"https:\\\/\\\/moldovacrestina.md\\\/fr\\\/\\\/societe\\\/\"},{\"@type\":\"ListItem\",\"position\":3,\"name\":\"Existent les extraterrestres ?\"}]},{\"@type\":\"WebSite\",\"@id\":\"https:\\\/\\\/moldovacrestina.md\\\/fr\\\/#website\",\"url\":\"https:\\\/\\\/moldovacrestina.md\\\/fr\\\/\",\"name\":\"Moldova Cre\u0219tin\u0103\",\"description\":\"R\u0103spunsuri relevante \u0219i actuale din Biblie\",\"potentialAction\":[{\"@type\":\"SearchAction\",\"target\":{\"@type\":\"EntryPoint\",\"urlTemplate\":\"https:\\\/\\\/moldovacrestina.md\\\/fr\\\/?s={search_term_string}\"},\"query-input\":{\"@type\":\"PropertyValueSpecification\",\"valueRequired\":true,\"valueName\":\"search_term_string\"}}],\"inLanguage\":\"fr-FR\"},{\"@type\":\"Person\",\"@id\":\"https:\\\/\\\/moldovacrestina.md\\\/fr\\\/#\\\/schema\\\/person\\\/04b204bbb582cc832c3d2424f5d27dc0\",\"name\":\"Vasile Filat\",\"image\":{\"@type\":\"ImageObject\",\"inLanguage\":\"fr-FR\",\"@id\":\"https:\\\/\\\/secure.gravatar.com\\\/avatar\\\/2e02d082d139dd6eb634318c9cf2c3a8281db62f24f87a134adb4f2020e77ab3?s=96&d=mm&r=g\",\"url\":\"https:\\\/\\\/secure.gravatar.com\\\/avatar\\\/2e02d082d139dd6eb634318c9cf2c3a8281db62f24f87a134adb4f2020e77ab3?s=96&d=mm&r=g\",\"contentUrl\":\"https:\\\/\\\/secure.gravatar.com\\\/avatar\\\/2e02d082d139dd6eb634318c9cf2c3a8281db62f24f87a134adb4f2020e77ab3?s=96&d=mm&r=g\",\"caption\":\"Vasile Filat\"},\"description\":\"P\u0103storesc\u00a0Biserica Bunavestire din Chi\u0219in\u0103u, predau Cuv\u00e2ntul lui Dumnezeu la\u00a0Institutul de Studiu Biblic Inductiv din Eurasia\u00a0\u0219i conduc\u00a0Asocia\u021bia \\\"\u00cenv\u0103\u021b\u0103tur\u0103 din Cuv\u00e2nt - Precept Ministries\\\" din Moldova. \u00cempreun\u0103 cu so\u021bia mea\u00a0Anastasia, avem trei copii. Din Aprilie 2007 am oferit r\u0103spunsuri din Biblie pe acest site la \u00eentreb\u0103ri adresate de cititori. Mai mult despre mine citi\u021bi\u00a0aici.\",\"url\":\"https:\\\/\\\/moldovacrestina.md\\\/fr\\\/author\\\/vasile-filat\\\/\"}]}<\/script>\n<!-- \/ Yoast SEO Premium plugin. -->","yoast_head_json":{"title":"Les gens croient dans l'\u00e9xistance des extraterrestres","description":"Si la vie sur Terre est apparue par rien \u2013 il sera logiquement qu\u2019il en soit de m\u00eame pour d'autres plan\u00e8tes. C'est pas correcte!","robots":{"index":"index","follow":"follow","max-snippet":"max-snippet:-1","max-image-preview":"max-image-preview:large","max-video-preview":"max-video-preview:-1"},"canonical":"https:\/\/moldovacrestina.md\/fr\/existent-les-extraterrestres\/","og_locale":"fr_FR","og_type":"article","og_title":"Existent les extraterrestres ?","og_description":"Si la vie sur Terre est apparue par rien \u2013 il sera logiquement qu\u2019il en soit de m\u00eame pour d'autres plan\u00e8tes. C'est pas correcte!","og_url":"https:\/\/moldovacrestina.md\/fr\/existent-les-extraterrestres\/","og_site_name":"Moldova Cre\u0219tin\u0103","article_publisher":"https:\/\/www.facebook.com\/moldovacrestina\/","article_published_time":"2011-06-18T19:11:58+00:00","og_image":[{"width":510,"height":287,"url":"https:\/\/cdn.moldovacrestina.md\/2017\/12\/45763019798_ufo-sighting.jpg","type":"image\/jpeg"}],"author":"Vasile Filat","twitter_card":"summary_large_image","twitter_creator":"@moldovacrestina","twitter_site":"@moldovacrestina","twitter_misc":{"\u00c9crit par":"Vasile Filat","Dur\u00e9e de lecture estim\u00e9e":"3 minutes"},"schema":{"@context":"https:\/\/schema.org","@graph":[{"@type":"Article","@id":"https:\/\/moldovacrestina.md\/fr\/existent-les-extraterrestres\/#article","isPartOf":{"@id":"https:\/\/moldovacrestina.md\/fr\/existent-les-extraterrestres\/"},"author":{"name":"Vasile Filat","@id":"https:\/\/moldovacrestina.md\/fr\/#\/schema\/person\/04b204bbb582cc832c3d2424f5d27dc0"},"headline":"Existent les extraterrestres ?","datePublished":"2011-06-18T19:11:58+00:00","mainEntityOfPage":{"@id":"https:\/\/moldovacrestina.md\/fr\/existent-les-extraterrestres\/"},"wordCount":632,"image":{"@id":"https:\/\/moldovacrestina.md\/fr\/existent-les-extraterrestres\/#primaryimage"},"thumbnailUrl":"https:\/\/moldovacrestina.md\/wp-content\/uploads\/2017\/12\/45763019798_ufo-sighting.jpg","keywords":["dautres syst\u00e8mes solaires","dautres plan\u00e8tes","extraterrestres","lexistence des extraterrestres","Terre"],"articleSection":["Soci\u00e9t\u00e9"],"inLanguage":"fr-FR"},{"@type":"WebPage","@id":"https:\/\/moldovacrestina.md\/fr\/existent-les-extraterrestres\/","url":"https:\/\/moldovacrestina.md\/fr\/existent-les-extraterrestres\/","name":"Les gens croient dans l'\u00e9xistance des extraterrestres","isPartOf":{"@id":"https:\/\/moldovacrestina.md\/fr\/#website"},"primaryImageOfPage":{"@id":"https:\/\/moldovacrestina.md\/fr\/existent-les-extraterrestres\/#primaryimage"},"image":{"@id":"https:\/\/moldovacrestina.md\/fr\/existent-les-extraterrestres\/#primaryimage"},"thumbnailUrl":"https:\/\/moldovacrestina.md\/wp-content\/uploads\/2017\/12\/45763019798_ufo-sighting.jpg","datePublished":"2011-06-18T19:11:58+00:00","author":{"@id":"https:\/\/moldovacrestina.md\/fr\/#\/schema\/person\/04b204bbb582cc832c3d2424f5d27dc0"},"description":"Si la vie sur Terre est apparue par rien \u2013 il sera logiquement qu\u2019il en soit de m\u00eame pour d'autres plan\u00e8tes. C'est pas correcte!","breadcrumb":{"@id":"https:\/\/moldovacrestina.md\/fr\/existent-les-extraterrestres\/#breadcrumb"},"inLanguage":"fr-FR","potentialAction":[{"@type":"ReadAction","target":["https:\/\/moldovacrestina.md\/fr\/existent-les-extraterrestres\/"]}]},{"@type":"ImageObject","inLanguage":"fr-FR","@id":"https:\/\/moldovacrestina.md\/fr\/existent-les-extraterrestres\/#primaryimage","url":"https:\/\/moldovacrestina.md\/wp-content\/uploads\/2017\/12\/45763019798_ufo-sighting.jpg","contentUrl":"https:\/\/moldovacrestina.md\/wp-content\/uploads\/2017\/12\/45763019798_ufo-sighting.jpg","width":510,"height":287},{"@type":"BreadcrumbList","@id":"https:\/\/moldovacrestina.md\/fr\/existent-les-extraterrestres\/#breadcrumb","itemListElement":[{"@type":"ListItem","position":1,"name":"Prima pagin\u0103","item":"https:\/\/moldovacrestina.md\/fr\/"},{"@type":"ListItem","position":2,"name":"Soci\u00e9t\u00e9","item":"https:\/\/moldovacrestina.md\/fr\/\/societe\/"},{"@type":"ListItem","position":3,"name":"Existent les extraterrestres ?"}]},{"@type":"WebSite","@id":"https:\/\/moldovacrestina.md\/fr\/#website","url":"https:\/\/moldovacrestina.md\/fr\/","name":"Moldova Cre\u0219tin\u0103","description":"R\u0103spunsuri relevante \u0219i actuale din Biblie","potentialAction":[{"@type":"SearchAction","target":{"@type":"EntryPoint","urlTemplate":"https:\/\/moldovacrestina.md\/fr\/?s={search_term_string}"},"query-input":{"@type":"PropertyValueSpecification","valueRequired":true,"valueName":"search_term_string"}}],"inLanguage":"fr-FR"},{"@type":"Person","@id":"https:\/\/moldovacrestina.md\/fr\/#\/schema\/person\/04b204bbb582cc832c3d2424f5d27dc0","name":"Vasile Filat","image":{"@type":"ImageObject","inLanguage":"fr-FR","@id":"https:\/\/secure.gravatar.com\/avatar\/2e02d082d139dd6eb634318c9cf2c3a8281db62f24f87a134adb4f2020e77ab3?s=96&d=mm&r=g","url":"https:\/\/secure.gravatar.com\/avatar\/2e02d082d139dd6eb634318c9cf2c3a8281db62f24f87a134adb4f2020e77ab3?s=96&d=mm&r=g","contentUrl":"https:\/\/secure.gravatar.com\/avatar\/2e02d082d139dd6eb634318c9cf2c3a8281db62f24f87a134adb4f2020e77ab3?s=96&d=mm&r=g","caption":"Vasile Filat"},"description":"P\u0103storesc\u00a0Biserica Bunavestire din Chi\u0219in\u0103u, predau Cuv\u00e2ntul lui Dumnezeu la\u00a0Institutul de Studiu Biblic Inductiv din Eurasia\u00a0\u0219i conduc\u00a0Asocia\u021bia \"\u00cenv\u0103\u021b\u0103tur\u0103 din Cuv\u00e2nt - Precept Ministries\" din Moldova. \u00cempreun\u0103 cu so\u021bia mea\u00a0Anastasia, avem trei copii. Din Aprilie 2007 am oferit r\u0103spunsuri din Biblie pe acest site la \u00eentreb\u0103ri adresate de cititori. Mai mult despre mine citi\u021bi\u00a0aici.","url":"https:\/\/moldovacrestina.md\/fr\/author\/vasile-filat\/"}]}},"jetpack_featured_media_url":"https:\/\/moldovacrestina.md\/wp-content\/uploads\/2017\/12\/45763019798_ufo-sighting.jpg","video_meta":false,"featured_image":"https:\/\/moldovacrestina.md\/wp-content\/uploads\/2017\/12\/45763019798_ufo-sighting.jpg","wpml":{"language_code":"fr","locale":"fr_FR","text_direction":false,"display_name":"Fran\u00e7ais","native_name":"Francez\u0103","different_language":false},"jetpack-related-posts":[{"id":361249,"url":"https:\/\/moldovacrestina.md\/o-bomba-a-lovit-la-50-de-metri-de-o-locuinta-din-zaporojie-ucraina\/","url_meta":{"origin":60075,"position":0},"title":"O bomb\u0103 a lovit la 50 de metri de o locuin\u021b\u0103 din Zaporojie, Ucraina.","author":"Vasile Filat","date":"31 octobre 2024","format":false,"excerpt":"O bomb\u0103 a lovit la 50 de metri de o locuin\u021b\u0103 din Zaporojie, Ucraina. Doritorii s\u0103 sus\u021bin\u0103 financiar familia Paketa o pot face, folosind una din metode: Rechizite bancare pentru transfer \u00een MDL (lei moldovene\u0219ti) Beneficiar: CULT RELIGIOS PCCRBCEB \"BUNA VESTIRE A MINTUITORULUI\" Cod IDNO: 1010620001050 Banca beneficiar\u0103: Banca Comerciala\u2026","rel":"","context":"<span class=\"jp-relatedposts-post-author\">Vasile Filat<\/span>","block_context":{"text":"MCTV","link":"https:\/\/moldovacrestina.md\/mctv\/"},"img":{"alt_text":"","src":"https:\/\/i0.wp.com\/cdn.moldovacrestina.md\/2024\/10\/29344642-xoykuhynhgm.jpg?resize=350%2C200&ssl=1","width":350,"height":200,"srcset":"https:\/\/i0.wp.com\/cdn.moldovacrestina.md\/2024\/10\/29344642-xoykuhynhgm.jpg?resize=350%2C200&ssl=1 1x, https:\/\/i0.wp.com\/cdn.moldovacrestina.md\/2024\/10\/29344642-xoykuhynhgm.jpg?resize=525%2C300&ssl=1 1.5x, https:\/\/i0.wp.com\/cdn.moldovacrestina.md\/2024\/10\/29344642-xoykuhynhgm.jpg?resize=700%2C400&ssl=1 2x, https:\/\/i0.wp.com\/cdn.moldovacrestina.md\/2024\/10\/29344642-xoykuhynhgm.jpg?resize=1050%2C600&ssl=1 3x"},"classes":[]},{"id":362355,"url":"https:\/\/moldovacrestina.md\/andrian-lascu-copilarie-rebela-credinta-in-dumnezeu-sansa-de-a-fi-parinte-campion-la-futsal\/","url_meta":{"origin":60075,"position":1},"title":"Andrian La\u0219cu: Copil\u0103rie rebel\u0103, credin\u021ba \u00een Dumnezeu, \u0219ansa de a fi p\u0103rinte, campion la futsal.","author":"Moldova Cre\u0219tin\u0103","date":"16 mars 2025","format":false,"excerpt":"Andrian La\u0219cu de\u021bine dou\u0103 titluri de campion al Rom\u00e2niei \u0219i a fost ales \u00een dou\u0103 r\u00e2nduri cel mai bun juc\u0103tor de futsal al anului \u00een Republica Moldova. Conform Federa\u021biei Moldovene\u0219ti de Fotbal el se num\u0103r\u0103 printre cei mai valoro\u0219i juc\u0103tori din Liga 1 rom\u00e2neasc\u0103 de fotbal de sal\u0103. Afla\u021bi din\u2026","rel":"","context":"<span class=\"jp-relatedposts-post-author\">Moldova Cre\u0219tin\u0103<\/span>","block_context":{"text":"MCTV","link":"https:\/\/moldovacrestina.md\/mctv\/"},"img":{"alt_text":"","src":"https:\/\/i0.wp.com\/cdn.moldovacrestina.md\/2025\/03\/a1a5e5b7-vb0e2k6ablc.jpg?resize=350%2C200&ssl=1","width":350,"height":200,"srcset":"https:\/\/i0.wp.com\/cdn.moldovacrestina.md\/2025\/03\/a1a5e5b7-vb0e2k6ablc.jpg?resize=350%2C200&ssl=1 1x, https:\/\/i0.wp.com\/cdn.moldovacrestina.md\/2025\/03\/a1a5e5b7-vb0e2k6ablc.jpg?resize=525%2C300&ssl=1 1.5x, https:\/\/i0.wp.com\/cdn.moldovacrestina.md\/2025\/03\/a1a5e5b7-vb0e2k6ablc.jpg?resize=700%2C400&ssl=1 2x, https:\/\/i0.wp.com\/cdn.moldovacrestina.md\/2025\/03\/a1a5e5b7-vb0e2k6ablc.jpg?resize=1050%2C600&ssl=1 3x"},"classes":[]},{"id":365331,"url":"https:\/\/moldovacrestina.md\/lotul-moldovei-top-7-la-europenele-itf-taekwondo-3-medalii-de-aur-si-o-cupa-speciala\/","url_meta":{"origin":60075,"position":2},"title":"Lotul Moldovei, TOP 7 la Europenele ITF Taekwondo: 3 medalii de aur \u0219i o cup\u0103 special\u0103","author":"Moldova Cre\u0219tin\u0103","date":"28 avril 2026","format":false,"excerpt":"Moldova s-a clasat pe locul 7 din 31 de \u021b\u0103ri la Campionatul European de Taekwondo ITF. Lotul a c\u00e2\u0219tigat 3 medalii de aur \u0219i multiple medalii la probe individuale \u0219i pe echipe, iar Filip Petrachii a primit trofeul pentru cel mai bun senior masculin. \ud83d\udcd6 Ai nevoie de \u00eendrumare spiritual\u0103\u2026","rel":"","context":"<span class=\"jp-relatedposts-post-author\">Moldova Cre\u0219tin\u0103<\/span>","block_context":{"text":"MCTV","link":"https:\/\/moldovacrestina.md\/mctv\/"},"img":{"alt_text":"","src":"https:\/\/i0.wp.com\/cdn.moldovacrestina.md\/2026\/04\/ffb0c2a7-uu19uatk5q0.jpg?resize=350%2C200&ssl=1","width":350,"height":200,"srcset":"https:\/\/i0.wp.com\/cdn.moldovacrestina.md\/2026\/04\/ffb0c2a7-uu19uatk5q0.jpg?resize=350%2C200&ssl=1 1x, https:\/\/i0.wp.com\/cdn.moldovacrestina.md\/2026\/04\/ffb0c2a7-uu19uatk5q0.jpg?resize=525%2C300&ssl=1 1.5x, https:\/\/i0.wp.com\/cdn.moldovacrestina.md\/2026\/04\/ffb0c2a7-uu19uatk5q0.jpg?resize=700%2C400&ssl=1 2x, https:\/\/i0.wp.com\/cdn.moldovacrestina.md\/2026\/04\/ffb0c2a7-uu19uatk5q0.jpg?resize=1050%2C600&ssl=1 3x"},"classes":[]},{"id":365343,"url":"https:\/\/moldovacrestina.md\/esti-sufocat-la-locul-de-munca-nu-pleca-pana-nu-faci-aceasta-pastor-vasile-filat\/","url_meta":{"origin":60075,"position":3},"title":"E\u0219ti sufocat la locul de munc\u0103? Nu pleca p\u00e2n\u0103 nu faci aceasta | Pastor Vasile Filat","author":"Moldova Cre\u0219tin\u0103","date":"30 avril 2026","format":false,"excerpt":"Te sim\u021bi sufocat(\u0103) la locul de munc\u0103, e\u0219ti ap\u0103sat(\u0103) de manager \u0219i tr\u0103ie\u0219ti cu frica de \u201ece vor zice oamenii\u201d dac\u0103 demisionezi? \u00cen acest video vorbim despre cum s\u0103 iei o decizie \u00een\u021beleapt\u0103 c\u00e2nd lucrezi \u00eentr-un business de familie, cum s\u0103 pui limite clare f\u0103r\u0103 vinov\u0103\u021bie \u0219i cum s\u0103 cau\u021bi\u2026","rel":"","context":"<span class=\"jp-relatedposts-post-author\">Moldova Cre\u0219tin\u0103<\/span>","block_context":{"text":"MCTV","link":"https:\/\/moldovacrestina.md\/mctv\/"},"img":{"alt_text":"","src":"https:\/\/i0.wp.com\/cdn.moldovacrestina.md\/2026\/04\/cf31591f-fmzy1i2ztmq.jpg?resize=350%2C200&ssl=1","width":350,"height":200,"srcset":"https:\/\/i0.wp.com\/cdn.moldovacrestina.md\/2026\/04\/cf31591f-fmzy1i2ztmq.jpg?resize=350%2C200&ssl=1 1x, https:\/\/i0.wp.com\/cdn.moldovacrestina.md\/2026\/04\/cf31591f-fmzy1i2ztmq.jpg?resize=525%2C300&ssl=1 1.5x, https:\/\/i0.wp.com\/cdn.moldovacrestina.md\/2026\/04\/cf31591f-fmzy1i2ztmq.jpg?resize=700%2C400&ssl=1 2x, https:\/\/i0.wp.com\/cdn.moldovacrestina.md\/2026\/04\/cf31591f-fmzy1i2ztmq.jpg?resize=1050%2C600&ssl=1 3x"},"classes":[]},{"id":364595,"url":"https:\/\/moldovacrestina.md\/trebuie-sa-te-botezi-din-nou-daca-ai-cazut-de-la-credinta-raspuns-biblic\/","url_meta":{"origin":60075,"position":4},"title":"Trebuie s\u0103 te botezi din nou dac\u0103 ai c\u0103zut de la credin\u021b\u0103? | R\u0103spuns biblic","author":"Moldova Cre\u0219tin\u0103","date":"30 janvier 2026","format":false,"excerpt":"\u00cen acest video r\u0103spundem la \u00eentreb\u0103ri importante pentru via\u021ba cre\u0219tin\u0103: trebuie s\u0103 te botezi din nou dac\u0103 ai c\u0103zut de la credin\u021b\u0103? Mai este valabil primul botez? Ce spune Biblia despre restaurare, poc\u0103in\u021b\u0103 \u0219i sfin\u021bire? Analiz\u0103m Scripturile pentru a \u00een\u021belege voia lui Dumnezeu \u0219i pa\u0219ii practici pentru a tr\u0103i o\u2026","rel":"","context":"<span class=\"jp-relatedposts-post-author\">Moldova Cre\u0219tin\u0103<\/span>","block_context":{"text":"MCTV","link":"https:\/\/moldovacrestina.md\/mctv\/"},"img":{"alt_text":"","src":"https:\/\/i0.wp.com\/cdn.moldovacrestina.md\/2026\/01\/d2fdc6c8-jdstkuhefm4.jpg?resize=350%2C200&ssl=1","width":350,"height":200,"srcset":"https:\/\/i0.wp.com\/cdn.moldovacrestina.md\/2026\/01\/d2fdc6c8-jdstkuhefm4.jpg?resize=350%2C200&ssl=1 1x, https:\/\/i0.wp.com\/cdn.moldovacrestina.md\/2026\/01\/d2fdc6c8-jdstkuhefm4.jpg?resize=525%2C300&ssl=1 1.5x, https:\/\/i0.wp.com\/cdn.moldovacrestina.md\/2026\/01\/d2fdc6c8-jdstkuhefm4.jpg?resize=700%2C400&ssl=1 2x, https:\/\/i0.wp.com\/cdn.moldovacrestina.md\/2026\/01\/d2fdc6c8-jdstkuhefm4.jpg?resize=1050%2C600&ssl=1 3x"},"classes":[]}],"jetpack_sharing_enabled":true,"_links":{"self":[{"href":"https:\/\/moldovacrestina.md\/fr\/wp-json\/wp\/v2\/posts\/60075","targetHints":{"allow":["GET"]}}],"collection":[{"href":"https:\/\/moldovacrestina.md\/fr\/wp-json\/wp\/v2\/posts"}],"about":[{"href":"https:\/\/moldovacrestina.md\/fr\/wp-json\/wp\/v2\/types\/post"}],"author":[{"embeddable":true,"href":"https:\/\/moldovacrestina.md\/fr\/wp-json\/wp\/v2\/users\/46"}],"replies":[{"embeddable":true,"href":"https:\/\/moldovacrestina.md\/fr\/wp-json\/wp\/v2\/comments?post=60075"}],"version-history":[{"count":0,"href":"https:\/\/moldovacrestina.md\/fr\/wp-json\/wp\/v2\/posts\/60075\/revisions"}],"wp:featuredmedia":[{"embeddable":true,"href":"https:\/\/moldovacrestina.md\/fr\/wp-json\/wp\/v2\/media\/60076"}],"wp:attachment":[{"href":"https:\/\/moldovacrestina.md\/fr\/wp-json\/wp\/v2\/media?parent=60075"}],"wp:term":[{"taxonomy":"category","embeddable":true,"href":"https:\/\/moldovacrestina.md\/fr\/wp-json\/wp\/v2\/categories?post=60075"},{"taxonomy":"post_tag","embeddable":true,"href":"https:\/\/moldovacrestina.md\/fr\/wp-json\/wp\/v2\/tags?post=60075"}],"curies":[{"name":"wp","href":"https:\/\/api.w.org\/{rel}","templated":true}]}}