{"id":59794,"date":"2011-07-19T10:10:09","date_gmt":"2011-07-19T08:10:09","guid":{"rendered":"https:\/\/moldovacrestina.md\/cinq-raisons-pour-ne-pas-croire-dans-la-thorie-volutionniste"},"modified":"2016-07-25T10:03:54","modified_gmt":"2016-07-25T08:03:54","slug":"cinq-raisons-pour-ne-pas-croire-dans-la-thorie-volutionniste","status":"publish","type":"post","link":"https:\/\/moldovacrestina.md\/fr\/cinq-raisons-pour-ne-pas-croire-dans-la-thorie-volutionniste\/","title":{"rendered":"Cinq raisons pour ne pas croire dans la th\u00e9orie \u00e9volutionniste"},"content":{"rendered":"<p><img loading=\"lazy\" decoding=\"async\" class=\"alignnone size-full wp-image-89550\" src=\"https:\/\/cdn.moldovacrestina.md\/2011\/07\/evolution-gap-f5af84b388029ae16a86baaf4183ffb901e62c54.jpg\" alt=\"evolution-gap-f5af84b388029ae16a86baaf4183ffb901e62c54\" width=\"1000\" height=\"750\" \/><\/p>\n<p>Question:<\/p>\n<blockquote class=\"td_quote_box td_box_center\"><p>Monsieur Filat, pouvez-vous me donner cinq raisons pour lesquelles vous ne croyez pas \u00e0 l\u2019\u00e9volutionnisme?<\/p><\/blockquote>\n<p>Oui, bien s\u00fbr. Pour ne pas aller trop loin, arr\u00eatons-nous seulement sur l\u2019origine de l\u2019univers.<\/p>\n<h2>1. L\u2019\u00e9volution est d\u00e9raisonnable<\/h2>\n<p>Les mat\u00e9rialistes bl\u00e2ment les chr\u00e9tiens parce que leur foi n\u2019est pas raisonnable, mais la foi de l\u2019\u00e9volution (qui est aussi une religion) est encore plus irrationnelle. Voici une citation tir\u00e9e d\u2019un livre pour enfants :<\/p>\n<blockquote class=\"td_quote_box td_box_center\"><p>\u00abAujourd\u2019hui, les astronomes pensent qu\u2019une r\u00e9ponse est trouv\u00e9e par la th\u00e9orie du Big Bang. Selon cette th\u00e9orie, l\u2019univers a \u00e9t\u00e9 form\u00e9 \u00e0 partir d\u2019un seul point, un immense \u00e9clat initial. Si l\u2019univers est en expansion, comme les r\u00e9sultats semblent le montrer, il est juste de remonter dans le temps pour conclure que tout a commenc\u00e9 \u00e0 partir d\u2019un seul point. Mais qu\u2019est-ce qui a caus\u00e9 le Big Bang\u201d(Grandes \u00e9nigmes et myst\u00e8res, Partie 1, page 2)<\/p><\/blockquote>\n<h2>2. L\u2019\u00e9volution n\u2019est pas prouv\u00e9e<\/h2>\n<p>\u00abLes astronomes pensent qu\u2019ils ont trouv\u00e9 la r\u00e9ponse par la th\u00e9orie du Big Bang\u00bb. Ils croient, mais ne savent pas; ils n\u2019ont rien d\u00e9montr\u00e9 par des exp\u00e9riences, car c\u2019est impossible \u00e0 prouver. Personne n\u2019\u00e9tait pr\u00e9sent \u00e0 la cr\u00e9ation de l\u2019univers et personne ne dispose de preuve. Ils \u201cpensent\u201d une th\u00e9orie invent\u00e9 par eux, qui est\u00a0 fantastique. Les chr\u00e9tiens croient la v\u00e9rit\u00e9 de l\u2019Ecriture, parce que :<\/p>\n<blockquote class=\"td_quote_box td_box_center\"><p>C\u2019est par la foi que nous reconnaissons que le monde a \u00e9t\u00e9 form\u00e9 par la parole de Dieu, en sorte que ce qu\u2019on voit n\u2019a pas \u00e9t\u00e9 fait de choses visibles.( H\u00e9breux 11:3)<\/p><\/blockquote>\n<h2>3. L\u2019\u00e9volution est contraire aux lois de la physique<\/h2>\n<p>Les chr\u00e9tiens croient que toutes choses ont \u00e9t\u00e9 faites par Dieu, par des choses qui ne se voient pas, par Sa Parole. D\u2019autre part, les \u00e9volutionnistes se contredisent quand ils croient en la th\u00e9orie du Big-Bang, car les lois de la physique disent que rien ne vient de rien et\u00a0 disparaissent sans laisser de trace.<\/p>\n<h2>4. Comment est apparu la mati\u00e8re, le temps et l\u2019espace?<\/h2>\n<p>Les \u00e9volutionnistes (les ath\u00e9es) disent que la mati\u00e8re est venu de ce point, qui ensuite s\u2019est \u00e9largi apr\u00e8s le Big Bang. Mais si rien ne vient de rien, d\u2019o\u00f9 vient le point?<\/p>\n<h2>5. En combien de jours a \u00e9t\u00e9 cr\u00e9\u00e9 l\u2019univers ?<\/h2>\n<p>La Bible dit que Dieu a cr\u00e9\u00e9 le monde en six jours et le septi\u00e8me jour Il s\u2019est repos\u00e9. Les ath\u00e9es font des blagues et sont \u00e9tonn\u00e9s de voir combien les chr\u00e9tiens croient que l\u2019univers\u00a0 si grand a \u00e9t\u00e9 cr\u00e9\u00e9 en six jours seulement. Maintenant, attention! \u00c9coutez ce qu\u2019ils croient et enseignent \u00e0 leurs enfants (et si nous ne sommes pas prudents, ils inculquent des choses \u00e0 nos enfants aussi). Je cite le m\u00eame livre mentionn\u00e9 ci-dessus, \u00e0 la page suivante, page 3:<\/p>\n<blockquote class=\"td_quote_box td_box_center\"><p>Avant cette explosion (Big Bang) il n\u2019y a rien: pas de mati\u00e8re, pas d\u2019 espace, pas de temps. Il y a 15 milliards d\u2019ann\u00e9es,\u00a0 toutes les mati\u00e8res, le temps et l\u2019espace ont \u00e9t\u00e9 concentr\u00e9es dans un seul point \u00e0 une temp\u00e9rature tr\u00e8s \u00e9lev\u00e9e. La terrible explosion a caus\u00e9 l\u2019expansion de la mati\u00e8re qui a \u00e9t\u00e9 concentr\u00e9, et dans le proc\u00e8s d\u2019expansion, la temp\u00e9rature a chut\u00e9, cr\u00e9ant des particules \u00e9l\u00e9mentaires comme les neutrons, \u00e9lectrons et\u00a0 protons. Lorsque la temp\u00e9rature a abaiss\u00e9e assez, ces particules \u00e9l\u00e9mentaires ont \u00e9t\u00e9 combin\u00e9es, en formant des atomes ; Premi\u00e8rement sont apparus les atomes d\u2019hydrog\u00e8ne et d\u2019h\u00e9lium, et plus tard tous les autres \u00e9l\u00e9ments qui composent le tableau p\u00e9riodique. Selon les astronomes, ces choses se sont pass\u00e9 durant les trois \u2013 quatre premi\u00e8res minutes de l\u2019univers. (Grandes \u00e9nigmes et myst\u00e8res, Partie I, page 3)<\/p><\/blockquote>\n<p>Vous voyez? Les ath\u00e9es ne peuvent pas croire que Dieu a cr\u00e9\u00e9 le monde en six jours, mais si facilement ils croient en l\u2019histoire que l\u2019univers a commenc\u00e9 \u00e0 partir d\u2019un seul point en 3-4 minutes. N\u2019est-ce pas bizarre la religion de l\u2019ath\u00e9isme et la th\u00e9orie \u00e9volutionniste? C\u2019est pourquoi la Bible dit que:<\/p>\n<blockquote class=\"td_quote_box td_box_center\"><p>La col\u00e8re de Dieu se r\u00e9v\u00e8le du ciel contre toute impi\u00e9t\u00e9 et toute injustice des hommes qui retiennent injustement la v\u00e9rit\u00e9 captive, car ce qu\u2019on peut conna\u00eetre de Dieu est manifeste pour eux, Dieu le leur ayant fait conna\u00eetre. En effet, les perfections invisibles de Dieu, sa puissance \u00e9ternelle et sa divinit\u00e9, se voient comme \u00e0 l\u2019\u0153il, depuis la cr\u00e9ation du monde, quand on les consid\u00e8re dans ses ouvrages. Ils sont donc inexcusables, puisque ayant connu Dieu, ils ne l\u2019ont point glorifi\u00e9 comme Dieu, et ne lui ont point rendu gr\u00e2ces; mais ils se sont \u00e9gar\u00e9s dans leurs pens\u00e9es, et leur c\u0153ur sans intelligence a \u00e9t\u00e9 plong\u00e9 dans les t\u00e9n\u00e8bres. Se vantant d\u2019\u00eatre sages, ils sont devenus fous; et ils ont chang\u00e9 la gloire du Dieu incorruptible en images repr\u00e9sentant l\u2019homme corruptible, des oiseaux, des quadrup\u00e8des, et des reptiles. C\u2019est pourquoi Dieu les a livr\u00e9s \u00e0 l\u2019impuret\u00e9, selon les convoitises de leurs c\u0153urs; en sorte qu\u2019ils d\u00e9shonorent eux-m\u00eames leurs propres corps; eux qui ont chang\u00e9 la v\u00e9rit\u00e9 de Dieu en mensonge, et qui ont ador\u00e9 et servi la cr\u00e9ature au lieu du Cr\u00e9ateur, qui est b\u00e9ni \u00e9ternellement. Amen! (Romains 1:18-25)<\/p><\/blockquote>\n<p>Et encore une chose\u2026 Dans mon agenda quotidien se trouve une sage pens\u00e9e exprim\u00e9e dans une phrase pour chaque jour, cette pens\u00e9e d\u2019aujourd\u2019hui est:<\/p>\n<blockquote class=\"td_quote_box td_box_center\"><p>Les fortes convictions conqui\u00e8rent les fortes gens et ensuite les rendent\u00a0 plus forts. (Walter Bagehot)<\/p><\/blockquote>\n<p>Qu\u2019est-ce que vous choisissez de croire?<\/p>\n<p><em>L\u2019article a \u00e9t\u00e9 traduit par Diana Ta\u0219c\u0103.<\/em><\/p>\n","protected":false},"excerpt":{"rendered":"<p>Question: Monsieur Filat, pouvez-vous me donner cinq raisons pour lesquelles vous ne croyez pas \u00e0 l\u2019\u00e9volutionnisme? Oui, bien s\u00fbr. Pour ne pas aller trop loin, arr\u00eatons-nous seulement sur l\u2019origine de l\u2019univers. 1. L\u2019\u00e9volution est d\u00e9raisonnable Les mat\u00e9rialistes bl\u00e2ment les chr\u00e9tiens parce que leur foi n\u2019est pas raisonnable, mais la foi de l\u2019\u00e9volution (qui est aussi [&hellip;]<\/p>\n","protected":false},"author":46,"featured_media":89550,"comment_status":"closed","ping_status":"closed","sticky":false,"template":"","format":"standard","meta":{"_acf_changed":false,"inline_featured_image":false,"_monsterinsights_skip_tracking":false,"_monsterinsights_sitenote_active":false,"_monsterinsights_sitenote_note":"","_monsterinsights_sitenote_category":0,"_genesis_hide_title":false,"_genesis_hide_breadcrumbs":false,"_genesis_hide_singular_image":false,"_genesis_hide_footer_widgets":false,"_genesis_custom_body_class":"","_genesis_custom_post_class":"","_genesis_layout":"","ep_exclude_from_search":false,"_jetpack_memberships_contains_paid_content":false,"footnotes":""},"categories":[138],"tags":[4197,4660,5850,5851,5852],"class_list":{"0":"post-59794","1":"post","2":"type-post","3":"status-publish","4":"format-standard","5":"has-post-thumbnail","7":"category-societe","8":"tag-evolution","9":"tag-croire","10":"tag-levolutionnisme","11":"tag-lunivers","12":"tag-theorie-evolutionniste","13":"entry"},"acf":[],"yoast_head":"<!-- This site is optimized with the Yoast SEO Premium plugin v26.5 (Yoast SEO v27.4) - https:\/\/yoast.com\/product\/yoast-seo-premium-wordpress\/ -->\n<title>La th\u00e9orie d\u00e9volution et du cr\u00e9ation du monde<\/title>\n<meta name=\"description\" content=\"L\u00e9volutionnisme et une r\u00e9ligion et les hommes croient en elle sans reflechir, c&#039;est une r\u00e9ligion d\u00e9raisonnable.\" \/>\n<meta name=\"robots\" content=\"index, follow, max-snippet:-1, max-image-preview:large, max-video-preview:-1\" \/>\n<link rel=\"canonical\" href=\"https:\/\/moldovacrestina.md\/fr\/cinq-raisons-pour-ne-pas-croire-dans-la-thorie-volutionniste\/\" \/>\n<meta property=\"og:locale\" content=\"fr_FR\" \/>\n<meta property=\"og:type\" content=\"article\" \/>\n<meta property=\"og:title\" content=\"Cinq raisons pour ne pas croire dans la th\u00e9orie \u00e9volutionniste\" \/>\n<meta property=\"og:description\" content=\"L\u00e9volutionnisme et une r\u00e9ligion et les hommes croient en elle sans reflechir, c&#039;est une r\u00e9ligion d\u00e9raisonnable.\" \/>\n<meta property=\"og:url\" content=\"https:\/\/moldovacrestina.md\/fr\/cinq-raisons-pour-ne-pas-croire-dans-la-thorie-volutionniste\/\" \/>\n<meta property=\"og:site_name\" content=\"Moldova Cre\u0219tin\u0103\" \/>\n<meta property=\"article:publisher\" content=\"https:\/\/www.facebook.com\/moldovacrestina\/\" \/>\n<meta property=\"article:published_time\" content=\"2011-07-19T08:10:09+00:00\" \/>\n<meta property=\"article:modified_time\" content=\"2016-07-25T08:03:54+00:00\" \/>\n<meta property=\"og:image\" content=\"https:\/\/cdn.moldovacrestina.md\/2011\/07\/evolution-gap-f5af84b388029ae16a86baaf4183ffb901e62c54.jpg\" \/>\n\t<meta property=\"og:image:width\" content=\"1000\" \/>\n\t<meta property=\"og:image:height\" content=\"750\" \/>\n\t<meta property=\"og:image:type\" content=\"image\/jpeg\" \/>\n<meta name=\"author\" content=\"Vasile Filat\" \/>\n<meta name=\"twitter:card\" content=\"summary_large_image\" \/>\n<meta name=\"twitter:creator\" content=\"@moldovacrestina\" \/>\n<meta name=\"twitter:site\" content=\"@moldovacrestina\" \/>\n<meta name=\"twitter:label1\" content=\"\u00c9crit par\" \/>\n\t<meta name=\"twitter:data1\" content=\"Vasile Filat\" \/>\n\t<meta name=\"twitter:label2\" content=\"Dur\u00e9e de lecture estim\u00e9e\" \/>\n\t<meta name=\"twitter:data2\" content=\"5 minutes\" \/>\n<script type=\"application\/ld+json\" class=\"yoast-schema-graph\">{\"@context\":\"https:\\\/\\\/schema.org\",\"@graph\":[{\"@type\":\"Article\",\"@id\":\"https:\\\/\\\/moldovacrestina.md\\\/fr\\\/cinq-raisons-pour-ne-pas-croire-dans-la-thorie-volutionniste\\\/#article\",\"isPartOf\":{\"@id\":\"https:\\\/\\\/moldovacrestina.md\\\/fr\\\/cinq-raisons-pour-ne-pas-croire-dans-la-thorie-volutionniste\\\/\"},\"author\":{\"name\":\"Vasile Filat\",\"@id\":\"https:\\\/\\\/moldovacrestina.md\\\/fr\\\/#\\\/schema\\\/person\\\/04b204bbb582cc832c3d2424f5d27dc0\"},\"headline\":\"Cinq raisons pour ne pas croire dans la th\u00e9orie \u00e9volutionniste\",\"datePublished\":\"2011-07-19T08:10:09+00:00\",\"dateModified\":\"2016-07-25T08:03:54+00:00\",\"mainEntityOfPage\":{\"@id\":\"https:\\\/\\\/moldovacrestina.md\\\/fr\\\/cinq-raisons-pour-ne-pas-croire-dans-la-thorie-volutionniste\\\/\"},\"wordCount\":1015,\"image\":{\"@id\":\"https:\\\/\\\/moldovacrestina.md\\\/fr\\\/cinq-raisons-pour-ne-pas-croire-dans-la-thorie-volutionniste\\\/#primaryimage\"},\"thumbnailUrl\":\"https:\\\/\\\/moldovacrestina.md\\\/wp-content\\\/uploads\\\/2011\\\/07\\\/evolution-gap-f5af84b388029ae16a86baaf4183ffb901e62c54.jpg\",\"keywords\":[\"evolution\",\"croire\",\"l\u00e9volutionnisme\",\"lunivers\",\"th\u00e9orie \u00e9volutionniste\"],\"articleSection\":[\"Soci\u00e9t\u00e9\"],\"inLanguage\":\"fr-FR\"},{\"@type\":\"WebPage\",\"@id\":\"https:\\\/\\\/moldovacrestina.md\\\/fr\\\/cinq-raisons-pour-ne-pas-croire-dans-la-thorie-volutionniste\\\/\",\"url\":\"https:\\\/\\\/moldovacrestina.md\\\/fr\\\/cinq-raisons-pour-ne-pas-croire-dans-la-thorie-volutionniste\\\/\",\"name\":\"La th\u00e9orie d\u00e9volution et du cr\u00e9ation du monde\",\"isPartOf\":{\"@id\":\"https:\\\/\\\/moldovacrestina.md\\\/fr\\\/#website\"},\"primaryImageOfPage\":{\"@id\":\"https:\\\/\\\/moldovacrestina.md\\\/fr\\\/cinq-raisons-pour-ne-pas-croire-dans-la-thorie-volutionniste\\\/#primaryimage\"},\"image\":{\"@id\":\"https:\\\/\\\/moldovacrestina.md\\\/fr\\\/cinq-raisons-pour-ne-pas-croire-dans-la-thorie-volutionniste\\\/#primaryimage\"},\"thumbnailUrl\":\"https:\\\/\\\/moldovacrestina.md\\\/wp-content\\\/uploads\\\/2011\\\/07\\\/evolution-gap-f5af84b388029ae16a86baaf4183ffb901e62c54.jpg\",\"datePublished\":\"2011-07-19T08:10:09+00:00\",\"dateModified\":\"2016-07-25T08:03:54+00:00\",\"author\":{\"@id\":\"https:\\\/\\\/moldovacrestina.md\\\/fr\\\/#\\\/schema\\\/person\\\/04b204bbb582cc832c3d2424f5d27dc0\"},\"description\":\"L\u00e9volutionnisme et une r\u00e9ligion et les hommes croient en elle sans reflechir, c'est une r\u00e9ligion d\u00e9raisonnable.\",\"breadcrumb\":{\"@id\":\"https:\\\/\\\/moldovacrestina.md\\\/fr\\\/cinq-raisons-pour-ne-pas-croire-dans-la-thorie-volutionniste\\\/#breadcrumb\"},\"inLanguage\":\"fr-FR\",\"potentialAction\":[{\"@type\":\"ReadAction\",\"target\":[\"https:\\\/\\\/moldovacrestina.md\\\/fr\\\/cinq-raisons-pour-ne-pas-croire-dans-la-thorie-volutionniste\\\/\"]}]},{\"@type\":\"ImageObject\",\"inLanguage\":\"fr-FR\",\"@id\":\"https:\\\/\\\/moldovacrestina.md\\\/fr\\\/cinq-raisons-pour-ne-pas-croire-dans-la-thorie-volutionniste\\\/#primaryimage\",\"url\":\"https:\\\/\\\/moldovacrestina.md\\\/wp-content\\\/uploads\\\/2011\\\/07\\\/evolution-gap-f5af84b388029ae16a86baaf4183ffb901e62c54.jpg\",\"contentUrl\":\"https:\\\/\\\/moldovacrestina.md\\\/wp-content\\\/uploads\\\/2011\\\/07\\\/evolution-gap-f5af84b388029ae16a86baaf4183ffb901e62c54.jpg\",\"width\":1000,\"height\":750},{\"@type\":\"BreadcrumbList\",\"@id\":\"https:\\\/\\\/moldovacrestina.md\\\/fr\\\/cinq-raisons-pour-ne-pas-croire-dans-la-thorie-volutionniste\\\/#breadcrumb\",\"itemListElement\":[{\"@type\":\"ListItem\",\"position\":1,\"name\":\"Prima pagin\u0103\",\"item\":\"https:\\\/\\\/moldovacrestina.md\\\/fr\\\/\"},{\"@type\":\"ListItem\",\"position\":2,\"name\":\"Soci\u00e9t\u00e9\",\"item\":\"https:\\\/\\\/moldovacrestina.md\\\/fr\\\/\\\/societe\\\/\"},{\"@type\":\"ListItem\",\"position\":3,\"name\":\"Cinq raisons pour ne pas croire dans la th\u00e9orie \u00e9volutionniste\"}]},{\"@type\":\"WebSite\",\"@id\":\"https:\\\/\\\/moldovacrestina.md\\\/fr\\\/#website\",\"url\":\"https:\\\/\\\/moldovacrestina.md\\\/fr\\\/\",\"name\":\"Moldova Cre\u0219tin\u0103\",\"description\":\"R\u0103spunsuri relevante \u0219i actuale din Biblie\",\"potentialAction\":[{\"@type\":\"SearchAction\",\"target\":{\"@type\":\"EntryPoint\",\"urlTemplate\":\"https:\\\/\\\/moldovacrestina.md\\\/fr\\\/?s={search_term_string}\"},\"query-input\":{\"@type\":\"PropertyValueSpecification\",\"valueRequired\":true,\"valueName\":\"search_term_string\"}}],\"inLanguage\":\"fr-FR\"},{\"@type\":\"Person\",\"@id\":\"https:\\\/\\\/moldovacrestina.md\\\/fr\\\/#\\\/schema\\\/person\\\/04b204bbb582cc832c3d2424f5d27dc0\",\"name\":\"Vasile Filat\",\"image\":{\"@type\":\"ImageObject\",\"inLanguage\":\"fr-FR\",\"@id\":\"https:\\\/\\\/secure.gravatar.com\\\/avatar\\\/2e02d082d139dd6eb634318c9cf2c3a8281db62f24f87a134adb4f2020e77ab3?s=96&d=mm&r=g\",\"url\":\"https:\\\/\\\/secure.gravatar.com\\\/avatar\\\/2e02d082d139dd6eb634318c9cf2c3a8281db62f24f87a134adb4f2020e77ab3?s=96&d=mm&r=g\",\"contentUrl\":\"https:\\\/\\\/secure.gravatar.com\\\/avatar\\\/2e02d082d139dd6eb634318c9cf2c3a8281db62f24f87a134adb4f2020e77ab3?s=96&d=mm&r=g\",\"caption\":\"Vasile Filat\"},\"description\":\"P\u0103storesc\u00a0Biserica Bunavestire din Chi\u0219in\u0103u, predau Cuv\u00e2ntul lui Dumnezeu la\u00a0Institutul de Studiu Biblic Inductiv din Eurasia\u00a0\u0219i conduc\u00a0Asocia\u021bia \\\"\u00cenv\u0103\u021b\u0103tur\u0103 din Cuv\u00e2nt - Precept Ministries\\\" din Moldova. \u00cempreun\u0103 cu so\u021bia mea\u00a0Anastasia, avem trei copii. Din Aprilie 2007 am oferit r\u0103spunsuri din Biblie pe acest site la \u00eentreb\u0103ri adresate de cititori. Mai mult despre mine citi\u021bi\u00a0aici.\",\"url\":\"https:\\\/\\\/moldovacrestina.md\\\/fr\\\/author\\\/vasile-filat\\\/\"}]}<\/script>\n<!-- \/ Yoast SEO Premium plugin. -->","yoast_head_json":{"title":"La th\u00e9orie d\u00e9volution et du cr\u00e9ation du monde","description":"L\u00e9volutionnisme et une r\u00e9ligion et les hommes croient en elle sans reflechir, c'est une r\u00e9ligion d\u00e9raisonnable.","robots":{"index":"index","follow":"follow","max-snippet":"max-snippet:-1","max-image-preview":"max-image-preview:large","max-video-preview":"max-video-preview:-1"},"canonical":"https:\/\/moldovacrestina.md\/fr\/cinq-raisons-pour-ne-pas-croire-dans-la-thorie-volutionniste\/","og_locale":"fr_FR","og_type":"article","og_title":"Cinq raisons pour ne pas croire dans la th\u00e9orie \u00e9volutionniste","og_description":"L\u00e9volutionnisme et une r\u00e9ligion et les hommes croient en elle sans reflechir, c'est une r\u00e9ligion d\u00e9raisonnable.","og_url":"https:\/\/moldovacrestina.md\/fr\/cinq-raisons-pour-ne-pas-croire-dans-la-thorie-volutionniste\/","og_site_name":"Moldova Cre\u0219tin\u0103","article_publisher":"https:\/\/www.facebook.com\/moldovacrestina\/","article_published_time":"2011-07-19T08:10:09+00:00","article_modified_time":"2016-07-25T08:03:54+00:00","og_image":[{"width":1000,"height":750,"url":"https:\/\/cdn.moldovacrestina.md\/2011\/07\/evolution-gap-f5af84b388029ae16a86baaf4183ffb901e62c54.jpg","type":"image\/jpeg"}],"author":"Vasile Filat","twitter_card":"summary_large_image","twitter_creator":"@moldovacrestina","twitter_site":"@moldovacrestina","twitter_misc":{"\u00c9crit par":"Vasile Filat","Dur\u00e9e de lecture estim\u00e9e":"5 minutes"},"schema":{"@context":"https:\/\/schema.org","@graph":[{"@type":"Article","@id":"https:\/\/moldovacrestina.md\/fr\/cinq-raisons-pour-ne-pas-croire-dans-la-thorie-volutionniste\/#article","isPartOf":{"@id":"https:\/\/moldovacrestina.md\/fr\/cinq-raisons-pour-ne-pas-croire-dans-la-thorie-volutionniste\/"},"author":{"name":"Vasile Filat","@id":"https:\/\/moldovacrestina.md\/fr\/#\/schema\/person\/04b204bbb582cc832c3d2424f5d27dc0"},"headline":"Cinq raisons pour ne pas croire dans la th\u00e9orie \u00e9volutionniste","datePublished":"2011-07-19T08:10:09+00:00","dateModified":"2016-07-25T08:03:54+00:00","mainEntityOfPage":{"@id":"https:\/\/moldovacrestina.md\/fr\/cinq-raisons-pour-ne-pas-croire-dans-la-thorie-volutionniste\/"},"wordCount":1015,"image":{"@id":"https:\/\/moldovacrestina.md\/fr\/cinq-raisons-pour-ne-pas-croire-dans-la-thorie-volutionniste\/#primaryimage"},"thumbnailUrl":"https:\/\/moldovacrestina.md\/wp-content\/uploads\/2011\/07\/evolution-gap-f5af84b388029ae16a86baaf4183ffb901e62c54.jpg","keywords":["evolution","croire","l\u00e9volutionnisme","lunivers","th\u00e9orie \u00e9volutionniste"],"articleSection":["Soci\u00e9t\u00e9"],"inLanguage":"fr-FR"},{"@type":"WebPage","@id":"https:\/\/moldovacrestina.md\/fr\/cinq-raisons-pour-ne-pas-croire-dans-la-thorie-volutionniste\/","url":"https:\/\/moldovacrestina.md\/fr\/cinq-raisons-pour-ne-pas-croire-dans-la-thorie-volutionniste\/","name":"La th\u00e9orie d\u00e9volution et du cr\u00e9ation du monde","isPartOf":{"@id":"https:\/\/moldovacrestina.md\/fr\/#website"},"primaryImageOfPage":{"@id":"https:\/\/moldovacrestina.md\/fr\/cinq-raisons-pour-ne-pas-croire-dans-la-thorie-volutionniste\/#primaryimage"},"image":{"@id":"https:\/\/moldovacrestina.md\/fr\/cinq-raisons-pour-ne-pas-croire-dans-la-thorie-volutionniste\/#primaryimage"},"thumbnailUrl":"https:\/\/moldovacrestina.md\/wp-content\/uploads\/2011\/07\/evolution-gap-f5af84b388029ae16a86baaf4183ffb901e62c54.jpg","datePublished":"2011-07-19T08:10:09+00:00","dateModified":"2016-07-25T08:03:54+00:00","author":{"@id":"https:\/\/moldovacrestina.md\/fr\/#\/schema\/person\/04b204bbb582cc832c3d2424f5d27dc0"},"description":"L\u00e9volutionnisme et une r\u00e9ligion et les hommes croient en elle sans reflechir, c'est une r\u00e9ligion d\u00e9raisonnable.","breadcrumb":{"@id":"https:\/\/moldovacrestina.md\/fr\/cinq-raisons-pour-ne-pas-croire-dans-la-thorie-volutionniste\/#breadcrumb"},"inLanguage":"fr-FR","potentialAction":[{"@type":"ReadAction","target":["https:\/\/moldovacrestina.md\/fr\/cinq-raisons-pour-ne-pas-croire-dans-la-thorie-volutionniste\/"]}]},{"@type":"ImageObject","inLanguage":"fr-FR","@id":"https:\/\/moldovacrestina.md\/fr\/cinq-raisons-pour-ne-pas-croire-dans-la-thorie-volutionniste\/#primaryimage","url":"https:\/\/moldovacrestina.md\/wp-content\/uploads\/2011\/07\/evolution-gap-f5af84b388029ae16a86baaf4183ffb901e62c54.jpg","contentUrl":"https:\/\/moldovacrestina.md\/wp-content\/uploads\/2011\/07\/evolution-gap-f5af84b388029ae16a86baaf4183ffb901e62c54.jpg","width":1000,"height":750},{"@type":"BreadcrumbList","@id":"https:\/\/moldovacrestina.md\/fr\/cinq-raisons-pour-ne-pas-croire-dans-la-thorie-volutionniste\/#breadcrumb","itemListElement":[{"@type":"ListItem","position":1,"name":"Prima pagin\u0103","item":"https:\/\/moldovacrestina.md\/fr\/"},{"@type":"ListItem","position":2,"name":"Soci\u00e9t\u00e9","item":"https:\/\/moldovacrestina.md\/fr\/\/societe\/"},{"@type":"ListItem","position":3,"name":"Cinq raisons pour ne pas croire dans la th\u00e9orie \u00e9volutionniste"}]},{"@type":"WebSite","@id":"https:\/\/moldovacrestina.md\/fr\/#website","url":"https:\/\/moldovacrestina.md\/fr\/","name":"Moldova Cre\u0219tin\u0103","description":"R\u0103spunsuri relevante \u0219i actuale din Biblie","potentialAction":[{"@type":"SearchAction","target":{"@type":"EntryPoint","urlTemplate":"https:\/\/moldovacrestina.md\/fr\/?s={search_term_string}"},"query-input":{"@type":"PropertyValueSpecification","valueRequired":true,"valueName":"search_term_string"}}],"inLanguage":"fr-FR"},{"@type":"Person","@id":"https:\/\/moldovacrestina.md\/fr\/#\/schema\/person\/04b204bbb582cc832c3d2424f5d27dc0","name":"Vasile Filat","image":{"@type":"ImageObject","inLanguage":"fr-FR","@id":"https:\/\/secure.gravatar.com\/avatar\/2e02d082d139dd6eb634318c9cf2c3a8281db62f24f87a134adb4f2020e77ab3?s=96&d=mm&r=g","url":"https:\/\/secure.gravatar.com\/avatar\/2e02d082d139dd6eb634318c9cf2c3a8281db62f24f87a134adb4f2020e77ab3?s=96&d=mm&r=g","contentUrl":"https:\/\/secure.gravatar.com\/avatar\/2e02d082d139dd6eb634318c9cf2c3a8281db62f24f87a134adb4f2020e77ab3?s=96&d=mm&r=g","caption":"Vasile Filat"},"description":"P\u0103storesc\u00a0Biserica Bunavestire din Chi\u0219in\u0103u, predau Cuv\u00e2ntul lui Dumnezeu la\u00a0Institutul de Studiu Biblic Inductiv din Eurasia\u00a0\u0219i conduc\u00a0Asocia\u021bia \"\u00cenv\u0103\u021b\u0103tur\u0103 din Cuv\u00e2nt - Precept Ministries\" din Moldova. \u00cempreun\u0103 cu so\u021bia mea\u00a0Anastasia, avem trei copii. Din Aprilie 2007 am oferit r\u0103spunsuri din Biblie pe acest site la \u00eentreb\u0103ri adresate de cititori. Mai mult despre mine citi\u021bi\u00a0aici.","url":"https:\/\/moldovacrestina.md\/fr\/author\/vasile-filat\/"}]}},"jetpack_featured_media_url":"https:\/\/moldovacrestina.md\/wp-content\/uploads\/2011\/07\/evolution-gap-f5af84b388029ae16a86baaf4183ffb901e62c54.jpg","video_meta":false,"featured_image":"https:\/\/moldovacrestina.md\/wp-content\/uploads\/2011\/07\/evolution-gap-f5af84b388029ae16a86baaf4183ffb901e62c54.jpg","wpml":{"language_code":"fr","locale":"fr_FR","text_direction":false,"display_name":"Fran\u00e7ais","native_name":"Francez\u0103","different_language":false},"jetpack-related-posts":[{"id":363225,"url":"https:\/\/moldovacrestina.md\/copilul-pierdut-din-step-soci-a-fost-gasit-mort-in-canalizare-sa-ne-rugam-pentru-parinti\/","url_meta":{"origin":59794,"position":0},"title":"Copilul pierdut din Step-Soci a fost g\u0103sit mort \u00een canalizare. S\u0103 ne rug\u0103m pentru p\u0103rin\u021bi.","author":"Moldova Cre\u0219tin\u0103","date":"16 juillet 2025","format":false,"excerpt":"Durere \u0219i tragedie \u00een Step-Soci. Copilul c\u0103utat cu disperare a fost g\u0103sit f\u0103r\u0103 via\u021b\u0103 \u00eentr-un canal de canalizare. O veste care ne \u00eentristeaz\u0103 profund \u0219i ne cheam\u0103 la rug\u0103ciune pentru p\u0103rin\u021bi \u0219i pentru comunitate. Copilul nu mai este printre noi, dar p\u0103rin\u021bii au nevoie de sprijin, de compasiune \u0219i de\u2026","rel":"","context":"<span class=\"jp-relatedposts-post-author\">Moldova Cre\u0219tin\u0103<\/span>","block_context":{"text":"MCTV","link":"https:\/\/moldovacrestina.md\/mctv\/"},"img":{"alt_text":"","src":"https:\/\/i0.wp.com\/cdn.moldovacrestina.md\/2025\/07\/cb5ec347-rl88d65dnlw.jpg?resize=350%2C200&ssl=1","width":350,"height":200,"srcset":"https:\/\/i0.wp.com\/cdn.moldovacrestina.md\/2025\/07\/cb5ec347-rl88d65dnlw.jpg?resize=350%2C200&ssl=1 1x, https:\/\/i0.wp.com\/cdn.moldovacrestina.md\/2025\/07\/cb5ec347-rl88d65dnlw.jpg?resize=525%2C300&ssl=1 1.5x, https:\/\/i0.wp.com\/cdn.moldovacrestina.md\/2025\/07\/cb5ec347-rl88d65dnlw.jpg?resize=700%2C400&ssl=1 2x, https:\/\/i0.wp.com\/cdn.moldovacrestina.md\/2025\/07\/cb5ec347-rl88d65dnlw.jpg?resize=1050%2C600&ssl=1 3x"},"classes":[]},{"id":365343,"url":"https:\/\/moldovacrestina.md\/esti-sufocat-la-locul-de-munca-nu-pleca-pana-nu-faci-aceasta-pastor-vasile-filat\/","url_meta":{"origin":59794,"position":1},"title":"E\u0219ti sufocat la locul de munc\u0103? Nu pleca p\u00e2n\u0103 nu faci aceasta | Pastor Vasile Filat","author":"Moldova Cre\u0219tin\u0103","date":"30 avril 2026","format":false,"excerpt":"Te sim\u021bi sufocat(\u0103) la locul de munc\u0103, e\u0219ti ap\u0103sat(\u0103) de manager \u0219i tr\u0103ie\u0219ti cu frica de \u201ece vor zice oamenii\u201d dac\u0103 demisionezi? \u00cen acest video vorbim despre cum s\u0103 iei o decizie \u00een\u021beleapt\u0103 c\u00e2nd lucrezi \u00eentr-un business de familie, cum s\u0103 pui limite clare f\u0103r\u0103 vinov\u0103\u021bie \u0219i cum s\u0103 cau\u021bi\u2026","rel":"","context":"<span class=\"jp-relatedposts-post-author\">Moldova Cre\u0219tin\u0103<\/span>","block_context":{"text":"MCTV","link":"https:\/\/moldovacrestina.md\/mctv\/"},"img":{"alt_text":"","src":"https:\/\/i0.wp.com\/cdn.moldovacrestina.md\/2026\/04\/cf31591f-fmzy1i2ztmq.jpg?resize=350%2C200&ssl=1","width":350,"height":200,"srcset":"https:\/\/i0.wp.com\/cdn.moldovacrestina.md\/2026\/04\/cf31591f-fmzy1i2ztmq.jpg?resize=350%2C200&ssl=1 1x, https:\/\/i0.wp.com\/cdn.moldovacrestina.md\/2026\/04\/cf31591f-fmzy1i2ztmq.jpg?resize=525%2C300&ssl=1 1.5x, https:\/\/i0.wp.com\/cdn.moldovacrestina.md\/2026\/04\/cf31591f-fmzy1i2ztmq.jpg?resize=700%2C400&ssl=1 2x, https:\/\/i0.wp.com\/cdn.moldovacrestina.md\/2026\/04\/cf31591f-fmzy1i2ztmq.jpg?resize=1050%2C600&ssl=1 3x"},"classes":[]},{"id":365331,"url":"https:\/\/moldovacrestina.md\/lotul-moldovei-top-7-la-europenele-itf-taekwondo-3-medalii-de-aur-si-o-cupa-speciala\/","url_meta":{"origin":59794,"position":2},"title":"Lotul Moldovei, TOP 7 la Europenele ITF Taekwondo: 3 medalii de aur \u0219i o cup\u0103 special\u0103","author":"Moldova Cre\u0219tin\u0103","date":"28 avril 2026","format":false,"excerpt":"Moldova s-a clasat pe locul 7 din 31 de \u021b\u0103ri la Campionatul European de Taekwondo ITF. Lotul a c\u00e2\u0219tigat 3 medalii de aur \u0219i multiple medalii la probe individuale \u0219i pe echipe, iar Filip Petrachii a primit trofeul pentru cel mai bun senior masculin. \ud83d\udcd6 Ai nevoie de \u00eendrumare spiritual\u0103\u2026","rel":"","context":"<span class=\"jp-relatedposts-post-author\">Moldova Cre\u0219tin\u0103<\/span>","block_context":{"text":"MCTV","link":"https:\/\/moldovacrestina.md\/mctv\/"},"img":{"alt_text":"","src":"https:\/\/i0.wp.com\/cdn.moldovacrestina.md\/2026\/04\/ffb0c2a7-uu19uatk5q0.jpg?resize=350%2C200&ssl=1","width":350,"height":200,"srcset":"https:\/\/i0.wp.com\/cdn.moldovacrestina.md\/2026\/04\/ffb0c2a7-uu19uatk5q0.jpg?resize=350%2C200&ssl=1 1x, https:\/\/i0.wp.com\/cdn.moldovacrestina.md\/2026\/04\/ffb0c2a7-uu19uatk5q0.jpg?resize=525%2C300&ssl=1 1.5x, https:\/\/i0.wp.com\/cdn.moldovacrestina.md\/2026\/04\/ffb0c2a7-uu19uatk5q0.jpg?resize=700%2C400&ssl=1 2x, https:\/\/i0.wp.com\/cdn.moldovacrestina.md\/2026\/04\/ffb0c2a7-uu19uatk5q0.jpg?resize=1050%2C600&ssl=1 3x"},"classes":[]},{"id":364595,"url":"https:\/\/moldovacrestina.md\/trebuie-sa-te-botezi-din-nou-daca-ai-cazut-de-la-credinta-raspuns-biblic\/","url_meta":{"origin":59794,"position":3},"title":"Trebuie s\u0103 te botezi din nou dac\u0103 ai c\u0103zut de la credin\u021b\u0103? | R\u0103spuns biblic","author":"Moldova Cre\u0219tin\u0103","date":"30 janvier 2026","format":false,"excerpt":"\u00cen acest video r\u0103spundem la \u00eentreb\u0103ri importante pentru via\u021ba cre\u0219tin\u0103: trebuie s\u0103 te botezi din nou dac\u0103 ai c\u0103zut de la credin\u021b\u0103? Mai este valabil primul botez? Ce spune Biblia despre restaurare, poc\u0103in\u021b\u0103 \u0219i sfin\u021bire? Analiz\u0103m Scripturile pentru a \u00een\u021belege voia lui Dumnezeu \u0219i pa\u0219ii practici pentru a tr\u0103i o\u2026","rel":"","context":"<span class=\"jp-relatedposts-post-author\">Moldova Cre\u0219tin\u0103<\/span>","block_context":{"text":"MCTV","link":"https:\/\/moldovacrestina.md\/mctv\/"},"img":{"alt_text":"","src":"https:\/\/i0.wp.com\/cdn.moldovacrestina.md\/2026\/01\/d2fdc6c8-jdstkuhefm4.jpg?resize=350%2C200&ssl=1","width":350,"height":200,"srcset":"https:\/\/i0.wp.com\/cdn.moldovacrestina.md\/2026\/01\/d2fdc6c8-jdstkuhefm4.jpg?resize=350%2C200&ssl=1 1x, https:\/\/i0.wp.com\/cdn.moldovacrestina.md\/2026\/01\/d2fdc6c8-jdstkuhefm4.jpg?resize=525%2C300&ssl=1 1.5x, https:\/\/i0.wp.com\/cdn.moldovacrestina.md\/2026\/01\/d2fdc6c8-jdstkuhefm4.jpg?resize=700%2C400&ssl=1 2x, https:\/\/i0.wp.com\/cdn.moldovacrestina.md\/2026\/01\/d2fdc6c8-jdstkuhefm4.jpg?resize=1050%2C600&ssl=1 3x"},"classes":[]},{"id":363933,"url":"https:\/\/moldovacrestina.md\/cand-pacatul-te-reduce-la-tacere-asculta-asta-inainte-sa-renunti\/","url_meta":{"origin":59794,"position":4},"title":"C\u00e2nd p\u0103catul te reduce la t\u0103cere \u2013 ascult\u0103 asta \u00eenainte s\u0103 renun\u021bi","author":"Moldova Cre\u0219tin\u0103","date":"2 novembre 2025","format":false,"excerpt":"Ai fost cre\u0219tin, dar ai c\u0103zut \u00een p\u0103cat \u0219i ai pierdut \u00eendr\u0103zneala de a vorbi despre credin\u021b\u0103? Sim\u021bi ru\u0219ine, vinov\u0103\u021bie, team\u0103? \u00cen acest video, Pastorul Vasile Filat explic\u0103 biblic \u0219i practic ce s\u0103 faci c\u00e2nd ai p\u0103c\u0103tuit \u0219i cum s\u0103 revii la o rela\u021bie vie cu Dumnezeu \u0219i la slujire\u2026","rel":"","context":"<span class=\"jp-relatedposts-post-author\">Moldova Cre\u0219tin\u0103<\/span>","block_context":{"text":"MCTV","link":"https:\/\/moldovacrestina.md\/mctv\/"},"img":{"alt_text":"","src":"https:\/\/i0.wp.com\/cdn.moldovacrestina.md\/2025\/11\/585b12ed-hytl58awy6g.jpg?resize=350%2C200&ssl=1","width":350,"height":200,"srcset":"https:\/\/i0.wp.com\/cdn.moldovacrestina.md\/2025\/11\/585b12ed-hytl58awy6g.jpg?resize=350%2C200&ssl=1 1x, https:\/\/i0.wp.com\/cdn.moldovacrestina.md\/2025\/11\/585b12ed-hytl58awy6g.jpg?resize=525%2C300&ssl=1 1.5x, https:\/\/i0.wp.com\/cdn.moldovacrestina.md\/2025\/11\/585b12ed-hytl58awy6g.jpg?resize=700%2C400&ssl=1 2x, https:\/\/i0.wp.com\/cdn.moldovacrestina.md\/2025\/11\/585b12ed-hytl58awy6g.jpg?resize=1050%2C600&ssl=1 3x"},"classes":[]}],"jetpack_sharing_enabled":true,"_links":{"self":[{"href":"https:\/\/moldovacrestina.md\/fr\/wp-json\/wp\/v2\/posts\/59794","targetHints":{"allow":["GET"]}}],"collection":[{"href":"https:\/\/moldovacrestina.md\/fr\/wp-json\/wp\/v2\/posts"}],"about":[{"href":"https:\/\/moldovacrestina.md\/fr\/wp-json\/wp\/v2\/types\/post"}],"author":[{"embeddable":true,"href":"https:\/\/moldovacrestina.md\/fr\/wp-json\/wp\/v2\/users\/46"}],"replies":[{"embeddable":true,"href":"https:\/\/moldovacrestina.md\/fr\/wp-json\/wp\/v2\/comments?post=59794"}],"version-history":[{"count":0,"href":"https:\/\/moldovacrestina.md\/fr\/wp-json\/wp\/v2\/posts\/59794\/revisions"}],"wp:featuredmedia":[{"embeddable":true,"href":"https:\/\/moldovacrestina.md\/fr\/wp-json\/wp\/v2\/media\/89550"}],"wp:attachment":[{"href":"https:\/\/moldovacrestina.md\/fr\/wp-json\/wp\/v2\/media?parent=59794"}],"wp:term":[{"taxonomy":"category","embeddable":true,"href":"https:\/\/moldovacrestina.md\/fr\/wp-json\/wp\/v2\/categories?post=59794"},{"taxonomy":"post_tag","embeddable":true,"href":"https:\/\/moldovacrestina.md\/fr\/wp-json\/wp\/v2\/tags?post=59794"}],"curies":[{"name":"wp","href":"https:\/\/api.w.org\/{rel}","templated":true}]}}