{"id":59350,"date":"2010-09-15T07:26:00","date_gmt":"2010-09-15T05:26:00","guid":{"rendered":"https:\/\/moldovacrestina.md\/mentir-pour-couvrir-dommages"},"modified":"2016-06-25T14:20:15","modified_gmt":"2016-06-25T12:20:15","slug":"mentir-pour-couvrir-dommages","status":"publish","type":"post","link":"https:\/\/moldovacrestina.md\/fr\/mentir-pour-couvrir-dommages\/","title":{"rendered":"Est-il permis de mentir pour couvrir les dommages provoqu\u00e9?"},"content":{"rendered":"<p>Question:<\/p>\n<blockquote class=\"td_quote_box td_box_center\"><p>Dans quelles situations est-il permis de mentir? Par exemple: il y a 2 jour de quoi j\u2019ai m\u2019\u00e9nerv\u00e9 et j\u2019ai craqu\u00e9 un peu la porte de la pension, mais j\u2019ai coll\u00e9 l\u00e0 quelque chose parce que le rupture ne sera pas observ\u00e9. Si mon administrateur conna\u00eetra cela, je devrai payer, mais j\u2019ai peu d\u2019argents, seulement 160 lei per mois. Qu\u2019est-ce que je dois faire maintenant et en autres situations similaires?<\/p><\/blockquote>\n<p><img decoding=\"async\" class=\"aligncenter size-full img-resp\" title=\"\" src=\"https:\/\/cdn.moldovacrestina.md\/2018\/01\/78501116950_dnews-files-2013-03-brain-scan-knows-thinking-660-jpg.jpg\" alt=\"\"   \/>Dieu n\u2019aime pas quand tu mentis, et dans le livre Psaumes il est \u00e9crit:<\/p>\n<blockquote class=\"td_quote_box td_box_center\"><p>\u201cQui pourra monter \u00e0 la montagne de l\u2019\u00c9ternel? Qui s\u2019\u00e9l\u00e8vera jusqu\u2019\u00e0 son lieu saint? \u2013 Celui qui a les mains innocentes et le c\u0153ur pur; Celui qui ne livre pas son \u00e2me au mensonge, Et qui ne jure pas pour tromper. Il obtiendra la b\u00e9n\u00e9diction de l\u2019\u00c9ternel, La mis\u00e9ricorde du Dieu de son salut.\u201d(Psaumes 24:3-5)<\/p><\/blockquote>\n<p>Parce que tu as provoqu\u00e9 ce dommage, tu dois parler avec ton administrateur , faire des excuses et fixer la porte. Autrefois, tu dois apprendre de contr\u00f4ler tes \u00e9motions. N\u2019utilise pas le mensonge pour faire ce que est mauvais et pour couvrir les dommages, parce que cela signifie de vivre dans l\u2019obscurit\u00e9. Les chr\u00e9tiens ne font ainsi. Ils sont les enfants de la lumi\u00e8re et ils vivent dans la lumi\u00e8re. Si tu n\u2019a pas d\u2019argents pour payer, dit \u00e0 ton administrateur et offre-toi d\u2019effectuer le travail dans la pension dans le montant que tu as \u00e9t\u00e9 dans la dette.<\/p>\n<p><em>L\u2019article a \u00e9t\u00e9 traduit par Diana Ta\u0219c\u0103<\/em><\/p>\n","protected":false},"excerpt":{"rendered":"<p>Question: Dans quelles situations est-il permis de mentir? Par exemple: il y a 2 jour de quoi j\u2019ai m\u2019\u00e9nerv\u00e9 et j\u2019ai craqu\u00e9 un peu la porte de la pension, mais j\u2019ai coll\u00e9 l\u00e0 quelque chose parce que le rupture ne sera pas observ\u00e9. Si mon administrateur conna\u00eetra cela, je devrai payer, mais j\u2019ai peu d\u2019argents, [&hellip;]<\/p>\n","protected":false},"author":46,"featured_media":59351,"comment_status":"closed","ping_status":"closed","sticky":false,"template":"","format":"standard","meta":{"_acf_changed":false,"inline_featured_image":false,"_monsterinsights_skip_tracking":false,"_monsterinsights_sitenote_active":false,"_monsterinsights_sitenote_note":"","_monsterinsights_sitenote_category":0,"_genesis_hide_title":false,"_genesis_hide_breadcrumbs":false,"_genesis_hide_singular_image":false,"_genesis_hide_footer_widgets":false,"_genesis_custom_body_class":"","_genesis_custom_post_class":"","_genesis_layout":"","ep_exclude_from_search":false,"_jetpack_memberships_contains_paid_content":false,"footnotes":""},"categories":[139],"tags":[11216,11217,11218,11219,11220],"class_list":{"0":"post-59350","1":"post","2":"type-post","3":"status-publish","4":"format-standard","5":"has-post-thumbnail","7":"category-education-fr","8":"tag-coeur-pur","9":"tag-dommage","10":"tag-excuses","11":"tag-mensonge","12":"tag-mentir","13":"entry"},"acf":[],"yoast_head":"<!-- This site is optimized with the Yoast SEO Premium plugin v26.5 (Yoast SEO v27.4) - https:\/\/yoast.com\/product\/yoast-seo-premium-wordpress\/ -->\n<title>Dans quelles situations est-il permis de mentir?<\/title>\n<meta name=\"description\" content=\"N\u2019utilise pas le mensonge pour faire ce que est mauvais et pour couvrir les dommages, parce que cela signifie de vivre dans l\u2019obscurit\u00e9. Les chr\u00e9tiens ne font ainsi.\" \/>\n<meta name=\"robots\" content=\"index, follow, max-snippet:-1, max-image-preview:large, max-video-preview:-1\" \/>\n<link rel=\"canonical\" href=\"https:\/\/moldovacrestina.md\/fr\/mentir-pour-couvrir-dommages\/\" \/>\n<meta property=\"og:locale\" content=\"fr_FR\" \/>\n<meta property=\"og:type\" content=\"article\" \/>\n<meta property=\"og:title\" content=\"Est-il permis de mentir pour couvrir les dommages provoqu\u00e9?\" \/>\n<meta property=\"og:description\" content=\"N\u2019utilise pas le mensonge pour faire ce que est mauvais et pour couvrir les dommages, parce que cela signifie de vivre dans l\u2019obscurit\u00e9. Les chr\u00e9tiens ne font ainsi.\" \/>\n<meta property=\"og:url\" content=\"https:\/\/moldovacrestina.md\/fr\/mentir-pour-couvrir-dommages\/\" \/>\n<meta property=\"og:site_name\" content=\"Moldova Cre\u0219tin\u0103\" \/>\n<meta property=\"article:publisher\" content=\"https:\/\/www.facebook.com\/moldovacrestina\/\" \/>\n<meta property=\"article:published_time\" content=\"2010-09-15T05:26:00+00:00\" \/>\n<meta property=\"article:modified_time\" content=\"2016-06-25T12:20:15+00:00\" \/>\n<meta property=\"og:image\" content=\"https:\/\/cdn.moldovacrestina.md\/2017\/12\/78501116950_dnews-files-2013-03-brain-scan-knows-thinking-660-jpg.jpg\" \/>\n\t<meta property=\"og:image:width\" content=\"510\" \/>\n\t<meta property=\"og:image:height\" content=\"335\" \/>\n\t<meta property=\"og:image:type\" content=\"image\/jpeg\" \/>\n<meta name=\"author\" content=\"Vasile Filat\" \/>\n<meta name=\"twitter:card\" content=\"summary_large_image\" \/>\n<meta name=\"twitter:creator\" content=\"@moldovacrestina\" \/>\n<meta name=\"twitter:site\" content=\"@moldovacrestina\" \/>\n<meta name=\"twitter:label1\" content=\"\u00c9crit par\" \/>\n\t<meta name=\"twitter:data1\" content=\"Vasile Filat\" \/>\n\t<meta name=\"twitter:label2\" content=\"Dur\u00e9e de lecture estim\u00e9e\" \/>\n\t<meta name=\"twitter:data2\" content=\"1 minute\" \/>\n<script type=\"application\/ld+json\" class=\"yoast-schema-graph\">{\"@context\":\"https:\\\/\\\/schema.org\",\"@graph\":[{\"@type\":\"Article\",\"@id\":\"https:\\\/\\\/moldovacrestina.md\\\/fr\\\/mentir-pour-couvrir-dommages\\\/#article\",\"isPartOf\":{\"@id\":\"https:\\\/\\\/moldovacrestina.md\\\/fr\\\/mentir-pour-couvrir-dommages\\\/\"},\"author\":{\"name\":\"Vasile Filat\",\"@id\":\"https:\\\/\\\/moldovacrestina.md\\\/fr\\\/#\\\/schema\\\/person\\\/04b204bbb582cc832c3d2424f5d27dc0\"},\"headline\":\"Est-il permis de mentir pour couvrir les dommages provoqu\u00e9?\",\"datePublished\":\"2010-09-15T05:26:00+00:00\",\"dateModified\":\"2016-06-25T12:20:15+00:00\",\"mainEntityOfPage\":{\"@id\":\"https:\\\/\\\/moldovacrestina.md\\\/fr\\\/mentir-pour-couvrir-dommages\\\/\"},\"wordCount\":278,\"image\":{\"@id\":\"https:\\\/\\\/moldovacrestina.md\\\/fr\\\/mentir-pour-couvrir-dommages\\\/#primaryimage\"},\"thumbnailUrl\":\"https:\\\/\\\/moldovacrestina.md\\\/wp-content\\\/uploads\\\/2017\\\/12\\\/78501116950_dnews-files-2013-03-brain-scan-knows-thinking-660-jpg.jpg\",\"keywords\":[\"c\u0153ur pur\",\"dommage\",\"excuses\",\"mensonge\",\"mentir\"],\"articleSection\":[\"Education\"],\"inLanguage\":\"fr-FR\"},{\"@type\":\"WebPage\",\"@id\":\"https:\\\/\\\/moldovacrestina.md\\\/fr\\\/mentir-pour-couvrir-dommages\\\/\",\"url\":\"https:\\\/\\\/moldovacrestina.md\\\/fr\\\/mentir-pour-couvrir-dommages\\\/\",\"name\":\"Dans quelles situations est-il permis de mentir?\",\"isPartOf\":{\"@id\":\"https:\\\/\\\/moldovacrestina.md\\\/fr\\\/#website\"},\"primaryImageOfPage\":{\"@id\":\"https:\\\/\\\/moldovacrestina.md\\\/fr\\\/mentir-pour-couvrir-dommages\\\/#primaryimage\"},\"image\":{\"@id\":\"https:\\\/\\\/moldovacrestina.md\\\/fr\\\/mentir-pour-couvrir-dommages\\\/#primaryimage\"},\"thumbnailUrl\":\"https:\\\/\\\/moldovacrestina.md\\\/wp-content\\\/uploads\\\/2017\\\/12\\\/78501116950_dnews-files-2013-03-brain-scan-knows-thinking-660-jpg.jpg\",\"datePublished\":\"2010-09-15T05:26:00+00:00\",\"dateModified\":\"2016-06-25T12:20:15+00:00\",\"author\":{\"@id\":\"https:\\\/\\\/moldovacrestina.md\\\/fr\\\/#\\\/schema\\\/person\\\/04b204bbb582cc832c3d2424f5d27dc0\"},\"description\":\"N\u2019utilise pas le mensonge pour faire ce que est mauvais et pour couvrir les dommages, parce que cela signifie de vivre dans l\u2019obscurit\u00e9. Les chr\u00e9tiens ne font ainsi.\",\"breadcrumb\":{\"@id\":\"https:\\\/\\\/moldovacrestina.md\\\/fr\\\/mentir-pour-couvrir-dommages\\\/#breadcrumb\"},\"inLanguage\":\"fr-FR\",\"potentialAction\":[{\"@type\":\"ReadAction\",\"target\":[\"https:\\\/\\\/moldovacrestina.md\\\/fr\\\/mentir-pour-couvrir-dommages\\\/\"]}]},{\"@type\":\"ImageObject\",\"inLanguage\":\"fr-FR\",\"@id\":\"https:\\\/\\\/moldovacrestina.md\\\/fr\\\/mentir-pour-couvrir-dommages\\\/#primaryimage\",\"url\":\"https:\\\/\\\/moldovacrestina.md\\\/wp-content\\\/uploads\\\/2017\\\/12\\\/78501116950_dnews-files-2013-03-brain-scan-knows-thinking-660-jpg.jpg\",\"contentUrl\":\"https:\\\/\\\/moldovacrestina.md\\\/wp-content\\\/uploads\\\/2017\\\/12\\\/78501116950_dnews-files-2013-03-brain-scan-knows-thinking-660-jpg.jpg\",\"width\":510,\"height\":335},{\"@type\":\"BreadcrumbList\",\"@id\":\"https:\\\/\\\/moldovacrestina.md\\\/fr\\\/mentir-pour-couvrir-dommages\\\/#breadcrumb\",\"itemListElement\":[{\"@type\":\"ListItem\",\"position\":1,\"name\":\"Prima pagin\u0103\",\"item\":\"https:\\\/\\\/moldovacrestina.md\\\/fr\\\/\"},{\"@type\":\"ListItem\",\"position\":2,\"name\":\"Education\",\"item\":\"https:\\\/\\\/moldovacrestina.md\\\/fr\\\/\\\/education-fr\\\/\"},{\"@type\":\"ListItem\",\"position\":3,\"name\":\"Est-il permis de mentir pour couvrir les dommages provoqu\u00e9?\"}]},{\"@type\":\"WebSite\",\"@id\":\"https:\\\/\\\/moldovacrestina.md\\\/fr\\\/#website\",\"url\":\"https:\\\/\\\/moldovacrestina.md\\\/fr\\\/\",\"name\":\"Moldova Cre\u0219tin\u0103\",\"description\":\"R\u0103spunsuri relevante \u0219i actuale din Biblie\",\"potentialAction\":[{\"@type\":\"SearchAction\",\"target\":{\"@type\":\"EntryPoint\",\"urlTemplate\":\"https:\\\/\\\/moldovacrestina.md\\\/fr\\\/?s={search_term_string}\"},\"query-input\":{\"@type\":\"PropertyValueSpecification\",\"valueRequired\":true,\"valueName\":\"search_term_string\"}}],\"inLanguage\":\"fr-FR\"},{\"@type\":\"Person\",\"@id\":\"https:\\\/\\\/moldovacrestina.md\\\/fr\\\/#\\\/schema\\\/person\\\/04b204bbb582cc832c3d2424f5d27dc0\",\"name\":\"Vasile Filat\",\"image\":{\"@type\":\"ImageObject\",\"inLanguage\":\"fr-FR\",\"@id\":\"https:\\\/\\\/secure.gravatar.com\\\/avatar\\\/2e02d082d139dd6eb634318c9cf2c3a8281db62f24f87a134adb4f2020e77ab3?s=96&d=mm&r=g\",\"url\":\"https:\\\/\\\/secure.gravatar.com\\\/avatar\\\/2e02d082d139dd6eb634318c9cf2c3a8281db62f24f87a134adb4f2020e77ab3?s=96&d=mm&r=g\",\"contentUrl\":\"https:\\\/\\\/secure.gravatar.com\\\/avatar\\\/2e02d082d139dd6eb634318c9cf2c3a8281db62f24f87a134adb4f2020e77ab3?s=96&d=mm&r=g\",\"caption\":\"Vasile Filat\"},\"description\":\"P\u0103storesc\u00a0Biserica Bunavestire din Chi\u0219in\u0103u, predau Cuv\u00e2ntul lui Dumnezeu la\u00a0Institutul de Studiu Biblic Inductiv din Eurasia\u00a0\u0219i conduc\u00a0Asocia\u021bia \\\"\u00cenv\u0103\u021b\u0103tur\u0103 din Cuv\u00e2nt - Precept Ministries\\\" din Moldova. \u00cempreun\u0103 cu so\u021bia mea\u00a0Anastasia, avem trei copii. Din Aprilie 2007 am oferit r\u0103spunsuri din Biblie pe acest site la \u00eentreb\u0103ri adresate de cititori. Mai mult despre mine citi\u021bi\u00a0aici.\",\"url\":\"https:\\\/\\\/moldovacrestina.md\\\/fr\\\/author\\\/vasile-filat\\\/\"}]}<\/script>\n<!-- \/ Yoast SEO Premium plugin. -->","yoast_head_json":{"title":"Dans quelles situations est-il permis de mentir?","description":"N\u2019utilise pas le mensonge pour faire ce que est mauvais et pour couvrir les dommages, parce que cela signifie de vivre dans l\u2019obscurit\u00e9. Les chr\u00e9tiens ne font ainsi.","robots":{"index":"index","follow":"follow","max-snippet":"max-snippet:-1","max-image-preview":"max-image-preview:large","max-video-preview":"max-video-preview:-1"},"canonical":"https:\/\/moldovacrestina.md\/fr\/mentir-pour-couvrir-dommages\/","og_locale":"fr_FR","og_type":"article","og_title":"Est-il permis de mentir pour couvrir les dommages provoqu\u00e9?","og_description":"N\u2019utilise pas le mensonge pour faire ce que est mauvais et pour couvrir les dommages, parce que cela signifie de vivre dans l\u2019obscurit\u00e9. Les chr\u00e9tiens ne font ainsi.","og_url":"https:\/\/moldovacrestina.md\/fr\/mentir-pour-couvrir-dommages\/","og_site_name":"Moldova Cre\u0219tin\u0103","article_publisher":"https:\/\/www.facebook.com\/moldovacrestina\/","article_published_time":"2010-09-15T05:26:00+00:00","article_modified_time":"2016-06-25T12:20:15+00:00","og_image":[{"width":510,"height":335,"url":"https:\/\/cdn.moldovacrestina.md\/2017\/12\/78501116950_dnews-files-2013-03-brain-scan-knows-thinking-660-jpg.jpg","type":"image\/jpeg"}],"author":"Vasile Filat","twitter_card":"summary_large_image","twitter_creator":"@moldovacrestina","twitter_site":"@moldovacrestina","twitter_misc":{"\u00c9crit par":"Vasile Filat","Dur\u00e9e de lecture estim\u00e9e":"1 minute"},"schema":{"@context":"https:\/\/schema.org","@graph":[{"@type":"Article","@id":"https:\/\/moldovacrestina.md\/fr\/mentir-pour-couvrir-dommages\/#article","isPartOf":{"@id":"https:\/\/moldovacrestina.md\/fr\/mentir-pour-couvrir-dommages\/"},"author":{"name":"Vasile Filat","@id":"https:\/\/moldovacrestina.md\/fr\/#\/schema\/person\/04b204bbb582cc832c3d2424f5d27dc0"},"headline":"Est-il permis de mentir pour couvrir les dommages provoqu\u00e9?","datePublished":"2010-09-15T05:26:00+00:00","dateModified":"2016-06-25T12:20:15+00:00","mainEntityOfPage":{"@id":"https:\/\/moldovacrestina.md\/fr\/mentir-pour-couvrir-dommages\/"},"wordCount":278,"image":{"@id":"https:\/\/moldovacrestina.md\/fr\/mentir-pour-couvrir-dommages\/#primaryimage"},"thumbnailUrl":"https:\/\/moldovacrestina.md\/wp-content\/uploads\/2017\/12\/78501116950_dnews-files-2013-03-brain-scan-knows-thinking-660-jpg.jpg","keywords":["c\u0153ur pur","dommage","excuses","mensonge","mentir"],"articleSection":["Education"],"inLanguage":"fr-FR"},{"@type":"WebPage","@id":"https:\/\/moldovacrestina.md\/fr\/mentir-pour-couvrir-dommages\/","url":"https:\/\/moldovacrestina.md\/fr\/mentir-pour-couvrir-dommages\/","name":"Dans quelles situations est-il permis de mentir?","isPartOf":{"@id":"https:\/\/moldovacrestina.md\/fr\/#website"},"primaryImageOfPage":{"@id":"https:\/\/moldovacrestina.md\/fr\/mentir-pour-couvrir-dommages\/#primaryimage"},"image":{"@id":"https:\/\/moldovacrestina.md\/fr\/mentir-pour-couvrir-dommages\/#primaryimage"},"thumbnailUrl":"https:\/\/moldovacrestina.md\/wp-content\/uploads\/2017\/12\/78501116950_dnews-files-2013-03-brain-scan-knows-thinking-660-jpg.jpg","datePublished":"2010-09-15T05:26:00+00:00","dateModified":"2016-06-25T12:20:15+00:00","author":{"@id":"https:\/\/moldovacrestina.md\/fr\/#\/schema\/person\/04b204bbb582cc832c3d2424f5d27dc0"},"description":"N\u2019utilise pas le mensonge pour faire ce que est mauvais et pour couvrir les dommages, parce que cela signifie de vivre dans l\u2019obscurit\u00e9. Les chr\u00e9tiens ne font ainsi.","breadcrumb":{"@id":"https:\/\/moldovacrestina.md\/fr\/mentir-pour-couvrir-dommages\/#breadcrumb"},"inLanguage":"fr-FR","potentialAction":[{"@type":"ReadAction","target":["https:\/\/moldovacrestina.md\/fr\/mentir-pour-couvrir-dommages\/"]}]},{"@type":"ImageObject","inLanguage":"fr-FR","@id":"https:\/\/moldovacrestina.md\/fr\/mentir-pour-couvrir-dommages\/#primaryimage","url":"https:\/\/moldovacrestina.md\/wp-content\/uploads\/2017\/12\/78501116950_dnews-files-2013-03-brain-scan-knows-thinking-660-jpg.jpg","contentUrl":"https:\/\/moldovacrestina.md\/wp-content\/uploads\/2017\/12\/78501116950_dnews-files-2013-03-brain-scan-knows-thinking-660-jpg.jpg","width":510,"height":335},{"@type":"BreadcrumbList","@id":"https:\/\/moldovacrestina.md\/fr\/mentir-pour-couvrir-dommages\/#breadcrumb","itemListElement":[{"@type":"ListItem","position":1,"name":"Prima pagin\u0103","item":"https:\/\/moldovacrestina.md\/fr\/"},{"@type":"ListItem","position":2,"name":"Education","item":"https:\/\/moldovacrestina.md\/fr\/\/education-fr\/"},{"@type":"ListItem","position":3,"name":"Est-il permis de mentir pour couvrir les dommages provoqu\u00e9?"}]},{"@type":"WebSite","@id":"https:\/\/moldovacrestina.md\/fr\/#website","url":"https:\/\/moldovacrestina.md\/fr\/","name":"Moldova Cre\u0219tin\u0103","description":"R\u0103spunsuri relevante \u0219i actuale din Biblie","potentialAction":[{"@type":"SearchAction","target":{"@type":"EntryPoint","urlTemplate":"https:\/\/moldovacrestina.md\/fr\/?s={search_term_string}"},"query-input":{"@type":"PropertyValueSpecification","valueRequired":true,"valueName":"search_term_string"}}],"inLanguage":"fr-FR"},{"@type":"Person","@id":"https:\/\/moldovacrestina.md\/fr\/#\/schema\/person\/04b204bbb582cc832c3d2424f5d27dc0","name":"Vasile Filat","image":{"@type":"ImageObject","inLanguage":"fr-FR","@id":"https:\/\/secure.gravatar.com\/avatar\/2e02d082d139dd6eb634318c9cf2c3a8281db62f24f87a134adb4f2020e77ab3?s=96&d=mm&r=g","url":"https:\/\/secure.gravatar.com\/avatar\/2e02d082d139dd6eb634318c9cf2c3a8281db62f24f87a134adb4f2020e77ab3?s=96&d=mm&r=g","contentUrl":"https:\/\/secure.gravatar.com\/avatar\/2e02d082d139dd6eb634318c9cf2c3a8281db62f24f87a134adb4f2020e77ab3?s=96&d=mm&r=g","caption":"Vasile Filat"},"description":"P\u0103storesc\u00a0Biserica Bunavestire din Chi\u0219in\u0103u, predau Cuv\u00e2ntul lui Dumnezeu la\u00a0Institutul de Studiu Biblic Inductiv din Eurasia\u00a0\u0219i conduc\u00a0Asocia\u021bia \"\u00cenv\u0103\u021b\u0103tur\u0103 din Cuv\u00e2nt - Precept Ministries\" din Moldova. \u00cempreun\u0103 cu so\u021bia mea\u00a0Anastasia, avem trei copii. Din Aprilie 2007 am oferit r\u0103spunsuri din Biblie pe acest site la \u00eentreb\u0103ri adresate de cititori. Mai mult despre mine citi\u021bi\u00a0aici.","url":"https:\/\/moldovacrestina.md\/fr\/author\/vasile-filat\/"}]}},"jetpack_featured_media_url":"https:\/\/moldovacrestina.md\/wp-content\/uploads\/2017\/12\/78501116950_dnews-files-2013-03-brain-scan-knows-thinking-660-jpg.jpg","video_meta":false,"featured_image":"https:\/\/moldovacrestina.md\/wp-content\/uploads\/2017\/12\/78501116950_dnews-files-2013-03-brain-scan-knows-thinking-660-jpg.jpg","wpml":{"language_code":"fr","locale":"fr_FR","text_direction":false,"display_name":"Fran\u00e7ais","native_name":"Francez\u0103","different_language":false},"jetpack-related-posts":[{"id":363755,"url":"https:\/\/moldovacrestina.md\/este-pacat-divortul-daca-ambii-soti-il-doresc-pastor-vasile-filat\/","url_meta":{"origin":59350,"position":0},"title":"Este p\u0103cat divor\u021bul dac\u0103 ambii so\u021bi \u00eel doresc? | Pastor Vasile Filat","author":"Moldova Cre\u0219tin\u0103","date":"12 octobre 2025","format":false,"excerpt":"Mul\u021bi oameni cred c\u0103 dac\u0103 ambii so\u021bi sunt de acord cu desp\u0103r\u021birea, divor\u021bul nu mai este p\u0103cat. Dar ce spune Biblia? \u00cen acest video, pastorul Vasile Filat explic\u0103, pe baza textelor din Matei 19, Maleahi 2 \u0219i Evrei 13:4, c\u0103 Dumnezeu a instituit c\u0103s\u0103toria \u0219i El singur are autoritatea de\u2026","rel":"","context":"<span class=\"jp-relatedposts-post-author\">Moldova Cre\u0219tin\u0103<\/span>","block_context":{"text":"MCTV","link":"https:\/\/moldovacrestina.md\/mctv\/"},"img":{"alt_text":"","src":"https:\/\/i0.wp.com\/cdn.moldovacrestina.md\/2025\/10\/fa6abd08-qnfeu_9zdi4.jpg?resize=350%2C200&ssl=1","width":350,"height":200,"srcset":"https:\/\/i0.wp.com\/cdn.moldovacrestina.md\/2025\/10\/fa6abd08-qnfeu_9zdi4.jpg?resize=350%2C200&ssl=1 1x, https:\/\/i0.wp.com\/cdn.moldovacrestina.md\/2025\/10\/fa6abd08-qnfeu_9zdi4.jpg?resize=525%2C300&ssl=1 1.5x, https:\/\/i0.wp.com\/cdn.moldovacrestina.md\/2025\/10\/fa6abd08-qnfeu_9zdi4.jpg?resize=700%2C400&ssl=1 2x, https:\/\/i0.wp.com\/cdn.moldovacrestina.md\/2025\/10\/fa6abd08-qnfeu_9zdi4.jpg?resize=1050%2C600&ssl=1 3x"},"classes":[]},{"id":363933,"url":"https:\/\/moldovacrestina.md\/cand-pacatul-te-reduce-la-tacere-asculta-asta-inainte-sa-renunti\/","url_meta":{"origin":59350,"position":1},"title":"C\u00e2nd p\u0103catul te reduce la t\u0103cere \u2013 ascult\u0103 asta \u00eenainte s\u0103 renun\u021bi","author":"Moldova Cre\u0219tin\u0103","date":"2 novembre 2025","format":false,"excerpt":"Ai fost cre\u0219tin, dar ai c\u0103zut \u00een p\u0103cat \u0219i ai pierdut \u00eendr\u0103zneala de a vorbi despre credin\u021b\u0103? Sim\u021bi ru\u0219ine, vinov\u0103\u021bie, team\u0103? \u00cen acest video, Pastorul Vasile Filat explic\u0103 biblic \u0219i practic ce s\u0103 faci c\u00e2nd ai p\u0103c\u0103tuit \u0219i cum s\u0103 revii la o rela\u021bie vie cu Dumnezeu \u0219i la slujire\u2026","rel":"","context":"<span class=\"jp-relatedposts-post-author\">Moldova Cre\u0219tin\u0103<\/span>","block_context":{"text":"MCTV","link":"https:\/\/moldovacrestina.md\/mctv\/"},"img":{"alt_text":"","src":"https:\/\/i0.wp.com\/cdn.moldovacrestina.md\/2025\/11\/585b12ed-hytl58awy6g.jpg?resize=350%2C200&ssl=1","width":350,"height":200,"srcset":"https:\/\/i0.wp.com\/cdn.moldovacrestina.md\/2025\/11\/585b12ed-hytl58awy6g.jpg?resize=350%2C200&ssl=1 1x, https:\/\/i0.wp.com\/cdn.moldovacrestina.md\/2025\/11\/585b12ed-hytl58awy6g.jpg?resize=525%2C300&ssl=1 1.5x, https:\/\/i0.wp.com\/cdn.moldovacrestina.md\/2025\/11\/585b12ed-hytl58awy6g.jpg?resize=700%2C400&ssl=1 2x, https:\/\/i0.wp.com\/cdn.moldovacrestina.md\/2025\/11\/585b12ed-hytl58awy6g.jpg?resize=1050%2C600&ssl=1 3x"},"classes":[]},{"id":363943,"url":"https:\/\/moldovacrestina.md\/nu-mai-zadarnici-harul-lui-dumnezeu-foloseste-ti-potentialul-deplin-in-hristos-vasile-filat\/","url_meta":{"origin":59350,"position":2},"title":"NU mai z\u0103d\u0103rnici harul lui Dumnezeu! Folose\u0219te-\u021bi poten\u021bialul deplin \u00een Hristos | Vasile Filat","author":"Moldova Cre\u0219tin\u0103","date":"3 novembre 2025","format":false,"excerpt":"Ai primit har de la Dumnezeu, dar poate c\u0103 nu \u00eel folose\u0219ti. \u00cen aceast\u0103 predic\u0103 vei \u00een\u021belege cum s\u0103-\u021bi descoperi \u0219i s\u0103-\u021bi activezi poten\u021bialul deplin \u00een Hristos. Vei vedea cum Moise \u0219i Petru au trecut de fric\u0103, ezitare \u0219i e\u0219ec pentru a valorifica harul primit \u0219i a tr\u0103i planul lui\u2026","rel":"","context":"<span class=\"jp-relatedposts-post-author\">Moldova Cre\u0219tin\u0103<\/span>","block_context":{"text":"MCTV","link":"https:\/\/moldovacrestina.md\/mctv\/"},"img":{"alt_text":"","src":"https:\/\/i0.wp.com\/cdn.moldovacrestina.md\/2025\/11\/24fdd8f4-psbs4khrvy0.jpg?resize=350%2C200&ssl=1","width":350,"height":200,"srcset":"https:\/\/i0.wp.com\/cdn.moldovacrestina.md\/2025\/11\/24fdd8f4-psbs4khrvy0.jpg?resize=350%2C200&ssl=1 1x, https:\/\/i0.wp.com\/cdn.moldovacrestina.md\/2025\/11\/24fdd8f4-psbs4khrvy0.jpg?resize=525%2C300&ssl=1 1.5x, https:\/\/i0.wp.com\/cdn.moldovacrestina.md\/2025\/11\/24fdd8f4-psbs4khrvy0.jpg?resize=700%2C400&ssl=1 2x, https:\/\/i0.wp.com\/cdn.moldovacrestina.md\/2025\/11\/24fdd8f4-psbs4khrvy0.jpg?resize=1050%2C600&ssl=1 3x"},"classes":[]},{"id":362929,"url":"https:\/\/moldovacrestina.md\/cu-cine-va-face-antihristul-legamant-trainic-pentru-o-saptamana-intelegerea-prorociilor\/","url_meta":{"origin":59350,"position":3},"title":"Cu cine va face Antihristul leg\u0103m\u00e2nt trainic pentru o s\u0103pt\u0103m\u00e2n\u0103? | \u00cen\u021belegerea prorociilor","author":"Moldova Cre\u0219tin\u0103","date":"18 juin 2025","format":false,"excerpt":"Daniel 9:27 vorbe\u0219te despre un leg\u0103m\u00e2nt pe care \u00eel va \u00eencheia Antihristul. \u00cen\u021belegerea acestui aspect este foarte important \u00een \u00een\u021belegerea evenimentelor profetice. Afl\u0103 cu cine \u00eel va face Antihristul \u0219i ce va declan\u0219a acest pact. \u2753Pune o \u00eentrebare: https:\/\/moldovacrestina.md\/ask-the-pastor sau la email contact@moldovacrestina.md \ud83c\udf81 Devino membru \u0219i sus\u021bine lucrarea Moldova\u2026","rel":"","context":"<span class=\"jp-relatedposts-post-author\">Moldova Cre\u0219tin\u0103<\/span>","block_context":{"text":"MCTV","link":"https:\/\/moldovacrestina.md\/mctv\/"},"img":{"alt_text":"","src":"https:\/\/i0.wp.com\/cdn.moldovacrestina.md\/2025\/06\/9cee6ac3-xqky9r1tr5u.jpg?resize=350%2C200&ssl=1","width":350,"height":200,"srcset":"https:\/\/i0.wp.com\/cdn.moldovacrestina.md\/2025\/06\/9cee6ac3-xqky9r1tr5u.jpg?resize=350%2C200&ssl=1 1x, https:\/\/i0.wp.com\/cdn.moldovacrestina.md\/2025\/06\/9cee6ac3-xqky9r1tr5u.jpg?resize=525%2C300&ssl=1 1.5x, https:\/\/i0.wp.com\/cdn.moldovacrestina.md\/2025\/06\/9cee6ac3-xqky9r1tr5u.jpg?resize=700%2C400&ssl=1 2x, https:\/\/i0.wp.com\/cdn.moldovacrestina.md\/2025\/06\/9cee6ac3-xqky9r1tr5u.jpg?resize=1050%2C600&ssl=1 3x"},"classes":[]},{"id":362814,"url":"https:\/\/moldovacrestina.md\/cum-sa-ma-rog-pentru-fetita-mea-care-e-posedata-de-duhuri-rele\/","url_meta":{"origin":59350,"position":4},"title":"Cum s\u0103 m\u0103 rog pentru feti\u021ba mea care e posedat\u0103 de duhuri rele?","author":"Moldova Cre\u0219tin\u0103","date":"26 mai 2025","format":false,"excerpt":"R\u0103zboiul spiritual e real, dar nu e\u0219ti singur. Urmeaz\u0103 sfaturile biblice ca s\u0103 mijloce\u0219ti pentru eliberarea feti\u021bei tale. \ud83d\udcd6 \u00censcrie-te acum la grup de studiu biblic https:\/\/docs.google.com\/forms\/d\/e\/1FAIpQLSfuxidxJcEIFI2xlFaQ49z3l2Kalf1TST8sfqd6mh8aOll1Gw\/viewform?usp=sharing&ouid=116850903366721386758 \ud83c\uddec\ud83c\udde7 \u00censcrie-te acum la Summer English Academy https:\/\/efnl.online\/SummerEnglishAcademy \ud83d\udcd8 Dac\u0103 dore\u0219ti \u0219i tu s\u0103 parcurgi acest curs sau s\u0103-l predai altora, \u00eel g\u0103se\u0219ti\u2026","rel":"","context":"<span class=\"jp-relatedposts-post-author\">Moldova Cre\u0219tin\u0103<\/span>","block_context":{"text":"MCTV","link":"https:\/\/moldovacrestina.md\/mctv\/"},"img":{"alt_text":"","src":"https:\/\/i0.wp.com\/cdn.moldovacrestina.md\/2025\/05\/6c5ca5d8-dls_vos0qci.jpg?resize=350%2C200&ssl=1","width":350,"height":200,"srcset":"https:\/\/i0.wp.com\/cdn.moldovacrestina.md\/2025\/05\/6c5ca5d8-dls_vos0qci.jpg?resize=350%2C200&ssl=1 1x, https:\/\/i0.wp.com\/cdn.moldovacrestina.md\/2025\/05\/6c5ca5d8-dls_vos0qci.jpg?resize=525%2C300&ssl=1 1.5x, https:\/\/i0.wp.com\/cdn.moldovacrestina.md\/2025\/05\/6c5ca5d8-dls_vos0qci.jpg?resize=700%2C400&ssl=1 2x, https:\/\/i0.wp.com\/cdn.moldovacrestina.md\/2025\/05\/6c5ca5d8-dls_vos0qci.jpg?resize=1050%2C600&ssl=1 3x"},"classes":[]},{"id":365331,"url":"https:\/\/moldovacrestina.md\/lotul-moldovei-top-7-la-europenele-itf-taekwondo-3-medalii-de-aur-si-o-cupa-speciala\/","url_meta":{"origin":59350,"position":5},"title":"Lotul Moldovei, TOP 7 la Europenele ITF Taekwondo: 3 medalii de aur \u0219i o cup\u0103 special\u0103","author":"Moldova Cre\u0219tin\u0103","date":"28 avril 2026","format":false,"excerpt":"Moldova s-a clasat pe locul 7 din 31 de \u021b\u0103ri la Campionatul European de Taekwondo ITF. Lotul a c\u00e2\u0219tigat 3 medalii de aur \u0219i multiple medalii la probe individuale \u0219i pe echipe, iar Filip Petrachii a primit trofeul pentru cel mai bun senior masculin. \ud83d\udcd6 Ai nevoie de \u00eendrumare spiritual\u0103\u2026","rel":"","context":"<span class=\"jp-relatedposts-post-author\">Moldova Cre\u0219tin\u0103<\/span>","block_context":{"text":"MCTV","link":"https:\/\/moldovacrestina.md\/mctv\/"},"img":{"alt_text":"","src":"https:\/\/i0.wp.com\/cdn.moldovacrestina.md\/2026\/04\/ffb0c2a7-uu19uatk5q0.jpg?resize=350%2C200&ssl=1","width":350,"height":200,"srcset":"https:\/\/i0.wp.com\/cdn.moldovacrestina.md\/2026\/04\/ffb0c2a7-uu19uatk5q0.jpg?resize=350%2C200&ssl=1 1x, https:\/\/i0.wp.com\/cdn.moldovacrestina.md\/2026\/04\/ffb0c2a7-uu19uatk5q0.jpg?resize=525%2C300&ssl=1 1.5x, https:\/\/i0.wp.com\/cdn.moldovacrestina.md\/2026\/04\/ffb0c2a7-uu19uatk5q0.jpg?resize=700%2C400&ssl=1 2x, https:\/\/i0.wp.com\/cdn.moldovacrestina.md\/2026\/04\/ffb0c2a7-uu19uatk5q0.jpg?resize=1050%2C600&ssl=1 3x"},"classes":[]}],"jetpack_sharing_enabled":true,"_links":{"self":[{"href":"https:\/\/moldovacrestina.md\/fr\/wp-json\/wp\/v2\/posts\/59350","targetHints":{"allow":["GET"]}}],"collection":[{"href":"https:\/\/moldovacrestina.md\/fr\/wp-json\/wp\/v2\/posts"}],"about":[{"href":"https:\/\/moldovacrestina.md\/fr\/wp-json\/wp\/v2\/types\/post"}],"author":[{"embeddable":true,"href":"https:\/\/moldovacrestina.md\/fr\/wp-json\/wp\/v2\/users\/46"}],"replies":[{"embeddable":true,"href":"https:\/\/moldovacrestina.md\/fr\/wp-json\/wp\/v2\/comments?post=59350"}],"version-history":[{"count":0,"href":"https:\/\/moldovacrestina.md\/fr\/wp-json\/wp\/v2\/posts\/59350\/revisions"}],"wp:featuredmedia":[{"embeddable":true,"href":"https:\/\/moldovacrestina.md\/fr\/wp-json\/wp\/v2\/media\/59351"}],"wp:attachment":[{"href":"https:\/\/moldovacrestina.md\/fr\/wp-json\/wp\/v2\/media?parent=59350"}],"wp:term":[{"taxonomy":"category","embeddable":true,"href":"https:\/\/moldovacrestina.md\/fr\/wp-json\/wp\/v2\/categories?post=59350"},{"taxonomy":"post_tag","embeddable":true,"href":"https:\/\/moldovacrestina.md\/fr\/wp-json\/wp\/v2\/tags?post=59350"}],"curies":[{"name":"wp","href":"https:\/\/api.w.org\/{rel}","templated":true}]}}