{"id":59282,"date":"2010-11-18T04:34:09","date_gmt":"2010-11-18T02:34:09","guid":{"rendered":"https:\/\/moldovacrestina.md\/quelles-sont-les-chances-pour-un-mariage-entre-un-adventiste-et-une-baptiste"},"modified":"2017-05-03T18:47:48","modified_gmt":"2017-05-03T16:47:48","slug":"quelles-sont-les-chances-pour-un-mariage-entre-un-adventiste-et-une-baptiste","status":"publish","type":"post","link":"https:\/\/moldovacrestina.md\/fr\/quelles-sont-les-chances-pour-un-mariage-entre-un-adventiste-et-une-baptiste\/","title":{"rendered":"Quelles sont les chances pour un mariage entre un adventiste et une baptiste?"},"content":{"rendered":"<p style=\"text-align: justify\">\n<p><img decoding=\"async\" class=\"aligncenter size-full img-resp\" title=\"\" src=\"https:\/\/cdn.moldovacrestina.md\/2018\/01\/64215382980_Bad-marriage.jpg\" alt=\"\">Question:<\/p>\n<blockquote class=\"td_quote_box td_box_center\">\n<p><em>Je vous salue avec estime et respect Monsieur le Pasteur. J\u2019aime beaucoup ce que vous faite avec le cite <a href=\"https:\/\/moldovacrestina.md\/\">Moldova Cre\u0219tin\u0103<\/a> . Il y a quelques jours que j\u2019ai re\u00e7u l\u2019existence de ce cite par une amie. J\u2019ai une question, merci de me donner une r\u00e9ponse honn\u00eate selon votre opinion. Quelles sont les chances pour 2 jeunes, un gar\u00e7on adventiste et une fille baptiste, de se marier et fonder une famille? Le gar\u00e7on n\u2019est pas encore baptis\u00e9 mais il est convaincu que la samedi c\u2019est le vrai jour du repos et son c\u0153ur ne lui laisse pas ignorer cela. S\u2019il vous pla\u00eet donner moi une opinion et une solution. Ils s\u2019aiment, ils sont instruits, ils ont la facult\u00e9 et, humainement parlant, tout le futur leur appartienne. C\u2019est le seul probl\u00e8me. Je vous remercie par avance.<\/em><\/p>\n<\/blockquote>\n<p>Cette diff\u00e9rence d\u2019opinion est plus qu\u2019une chose qui fait partie de la cat\u00e9gorie de \u00abpoints de vue discutables\u00bb, parce qu\u2019il est question de l\u2019importance du respect du jour du repos, du Sabbat par rapport \u00e0 la\u00a0 r\u00e9demption, et il a beaucoup d\u2019implications profondes qui tiennent compte des autres aspects. C\u2019est pourquoi je vous recommande les \u00e9tapes suivantes:<\/p>\n<ol>\n<li>\n<p>Prenez un temps chacun pour \u00e9tudier ce que dit la Bible sur la journ\u00e9e du repos, repos en g\u00e9n\u00e9ral, et ce que J\u00e9sus Christ et les ap\u00f4tres ont enseigner, et comment ils se sont rapport\u00e9 au jour de Sabbat.<\/p>\n<\/li>\n<li>\n<p>Apr\u00e8s vos \u00e9tudes profondes sur ce sujet vous pourriez vous rencontrer et en discuter.<\/p>\n<\/li>\n<li>\n<p>Si vous avez une opinion identique, vous devriez vous d\u00e9cider pour devenir membres d\u2019une \u00e9glise.<\/p>\n<\/li>\n<\/ol>\n<p>Si vos opinions restent diff\u00e9rentes, je vous conseille de ne pas penser au mariage et d\u2019arr\u00eater votre relation, parce que sinon vous allez avoir beaucoup de probl\u00e8mes dans le futur. Quel t\u00e9moignage vous serez pour les hommes quand toute la vie l\u2019un de vous ira le samedi \u00e0 l\u2019\u00e9glise et l\u2019autre le dimanche. Puis, quand l\u2019un de vous donnera un enseignement biblique \u00e0 votre enfant et que l\u2019autre pr\u00e9sentera les choses d\u2019une mani\u00e8re diff\u00e9rente, qu\u2019en sera-t-il pour votre enfant ? Il peut y avoir confusion dans son esprit, et dans son c\u0153ur\u00a0 cela peut causer un ath\u00e9isme, une et r\u00e9bellion ou une confusion.<\/p>\n<p>Et encore\u2026 Si l\u2019un de vous accepte l\u2019opinion de l\u2019autre seulement par motif de mariage, cela cr\u00e9era beaucoup de probl\u00e8mes et de dissensions dans le futur mariage.<\/p>\n<p>Quelle est l\u2019opinion des lecteurs de cette cite envers cette situation ?<\/p>\n<p><em>L\u2019article a \u00e9t\u00e9 traduit par Batin Irina.<\/em><\/p><\/p>\n","protected":false},"excerpt":{"rendered":"<p>Question: Je vous salue avec estime et respect Monsieur le Pasteur. J\u2019aime beaucoup ce que vous faite avec le cite Moldova Cre\u0219tin\u0103 . Il y a quelques jours que j\u2019ai re\u00e7u l\u2019existence de ce cite par une amie. J\u2019ai une question, merci de me donner une r\u00e9ponse honn\u00eate selon votre opinion. Quelles sont les chances [&hellip;]<\/p>\n","protected":false},"author":46,"featured_media":0,"comment_status":"closed","ping_status":"closed","sticky":false,"template":"","format":"standard","meta":{"_acf_changed":false,"inline_featured_image":false,"_monsterinsights_skip_tracking":false,"_monsterinsights_sitenote_active":false,"_monsterinsights_sitenote_note":"","_monsterinsights_sitenote_category":0,"_genesis_hide_title":false,"_genesis_hide_breadcrumbs":false,"_genesis_hide_singular_image":false,"_genesis_hide_footer_widgets":false,"_genesis_custom_body_class":"","_genesis_custom_post_class":"","_genesis_layout":"","ep_exclude_from_search":false,"_jetpack_memberships_contains_paid_content":false,"footnotes":""},"categories":[29840],"tags":[8271,11186,11187,11188,11189],"class_list":{"0":"post-59282","1":"post","2":"type-post","3":"status-publish","4":"format-standard","6":"category-reponses-de-la-bible","7":"tag-mariage","8":"tag-adventistes","9":"tag-adventistes-moldova","10":"tag-baptistes","11":"tag-baptistes-orthodoxes-moldova","12":"entry"},"acf":[],"yoast_head":"<!-- This site is optimized with the Yoast SEO Premium plugin v26.5 (Yoast SEO v27.4) - https:\/\/yoast.com\/product\/yoast-seo-premium-wordpress\/ -->\n<title>Quelles sont les chances pour un mariage entre un adventiste et une baptiste?<\/title>\n<meta name=\"description\" content=\"Est-ce que un adventiste et une baptiste ont des chances de se marier? Cet article donne des conseils pratiques quoi faire dans telles situations.\" \/>\n<meta name=\"robots\" content=\"index, follow, max-snippet:-1, max-image-preview:large, max-video-preview:-1\" \/>\n<link rel=\"canonical\" href=\"https:\/\/moldovacrestina.md\/fr\/quelles-sont-les-chances-pour-un-mariage-entre-un-adventiste-et-une-baptiste\/\" \/>\n<meta property=\"og:locale\" content=\"fr_FR\" \/>\n<meta property=\"og:type\" content=\"article\" \/>\n<meta property=\"og:title\" content=\"Quelles sont les chances pour un mariage entre un adventiste et une baptiste?\" \/>\n<meta property=\"og:description\" content=\"Est-ce que un adventiste et une baptiste ont des chances de se marier? Cet article donne des conseils pratiques quoi faire dans telles situations.\" \/>\n<meta property=\"og:url\" content=\"https:\/\/moldovacrestina.md\/fr\/quelles-sont-les-chances-pour-un-mariage-entre-un-adventiste-et-une-baptiste\/\" \/>\n<meta property=\"og:site_name\" content=\"Moldova Cre\u0219tin\u0103\" \/>\n<meta property=\"article:publisher\" content=\"https:\/\/www.facebook.com\/moldovacrestina\/\" \/>\n<meta property=\"article:published_time\" content=\"2010-11-18T02:34:09+00:00\" \/>\n<meta property=\"article:modified_time\" content=\"2017-05-03T16:47:48+00:00\" \/>\n<meta property=\"og:image\" content=\"https:\/\/cdn.moldovacrestina.md\/2018\/01\/64215382980_Bad-marriage.jpg\" \/>\n<meta name=\"author\" content=\"Vasile Filat\" \/>\n<meta name=\"twitter:card\" content=\"summary_large_image\" \/>\n<meta name=\"twitter:creator\" content=\"@moldovacrestina\" \/>\n<meta name=\"twitter:site\" content=\"@moldovacrestina\" \/>\n<meta name=\"twitter:label1\" content=\"\u00c9crit par\" \/>\n\t<meta name=\"twitter:data1\" content=\"Vasile Filat\" \/>\n\t<meta name=\"twitter:label2\" content=\"Dur\u00e9e de lecture estim\u00e9e\" \/>\n\t<meta name=\"twitter:data2\" content=\"2 minutes\" \/>\n<script type=\"application\/ld+json\" class=\"yoast-schema-graph\">{\"@context\":\"https:\\\/\\\/schema.org\",\"@graph\":[{\"@type\":\"Article\",\"@id\":\"https:\\\/\\\/moldovacrestina.md\\\/fr\\\/quelles-sont-les-chances-pour-un-mariage-entre-un-adventiste-et-une-baptiste\\\/#article\",\"isPartOf\":{\"@id\":\"https:\\\/\\\/moldovacrestina.md\\\/fr\\\/quelles-sont-les-chances-pour-un-mariage-entre-un-adventiste-et-une-baptiste\\\/\"},\"author\":{\"name\":\"Vasile Filat\",\"@id\":\"https:\\\/\\\/moldovacrestina.md\\\/fr\\\/#\\\/schema\\\/person\\\/04b204bbb582cc832c3d2424f5d27dc0\"},\"headline\":\"Quelles sont les chances pour un mariage entre un adventiste et une baptiste?\",\"datePublished\":\"2010-11-18T02:34:09+00:00\",\"dateModified\":\"2017-05-03T16:47:48+00:00\",\"mainEntityOfPage\":{\"@id\":\"https:\\\/\\\/moldovacrestina.md\\\/fr\\\/quelles-sont-les-chances-pour-un-mariage-entre-un-adventiste-et-une-baptiste\\\/\"},\"wordCount\":476,\"image\":{\"@id\":\"https:\\\/\\\/moldovacrestina.md\\\/fr\\\/quelles-sont-les-chances-pour-un-mariage-entre-un-adventiste-et-une-baptiste\\\/#primaryimage\"},\"thumbnailUrl\":\"https:\\\/\\\/cdn.moldovacrestina.md\\\/2018\\\/01\\\/64215382980_Bad-marriage.jpg\",\"keywords\":[\"mariage\",\"adventistes\",\"adventistes Moldova\",\"baptistes\",\"baptistes orthodoxes Moldova\"],\"articleSection\":[\"R\u00e9ponses de la Bible\"],\"inLanguage\":\"fr-FR\"},{\"@type\":\"WebPage\",\"@id\":\"https:\\\/\\\/moldovacrestina.md\\\/fr\\\/quelles-sont-les-chances-pour-un-mariage-entre-un-adventiste-et-une-baptiste\\\/\",\"url\":\"https:\\\/\\\/moldovacrestina.md\\\/fr\\\/quelles-sont-les-chances-pour-un-mariage-entre-un-adventiste-et-une-baptiste\\\/\",\"name\":\"Quelles sont les chances pour un mariage entre un adventiste et une baptiste?\",\"isPartOf\":{\"@id\":\"https:\\\/\\\/moldovacrestina.md\\\/fr\\\/#website\"},\"primaryImageOfPage\":{\"@id\":\"https:\\\/\\\/moldovacrestina.md\\\/fr\\\/quelles-sont-les-chances-pour-un-mariage-entre-un-adventiste-et-une-baptiste\\\/#primaryimage\"},\"image\":{\"@id\":\"https:\\\/\\\/moldovacrestina.md\\\/fr\\\/quelles-sont-les-chances-pour-un-mariage-entre-un-adventiste-et-une-baptiste\\\/#primaryimage\"},\"thumbnailUrl\":\"https:\\\/\\\/cdn.moldovacrestina.md\\\/2018\\\/01\\\/64215382980_Bad-marriage.jpg\",\"datePublished\":\"2010-11-18T02:34:09+00:00\",\"dateModified\":\"2017-05-03T16:47:48+00:00\",\"author\":{\"@id\":\"https:\\\/\\\/moldovacrestina.md\\\/fr\\\/#\\\/schema\\\/person\\\/04b204bbb582cc832c3d2424f5d27dc0\"},\"description\":\"Est-ce que un adventiste et une baptiste ont des chances de se marier? Cet article donne des conseils pratiques quoi faire dans telles situations.\",\"breadcrumb\":{\"@id\":\"https:\\\/\\\/moldovacrestina.md\\\/fr\\\/quelles-sont-les-chances-pour-un-mariage-entre-un-adventiste-et-une-baptiste\\\/#breadcrumb\"},\"inLanguage\":\"fr-FR\",\"potentialAction\":[{\"@type\":\"ReadAction\",\"target\":[\"https:\\\/\\\/moldovacrestina.md\\\/fr\\\/quelles-sont-les-chances-pour-un-mariage-entre-un-adventiste-et-une-baptiste\\\/\"]}]},{\"@type\":\"ImageObject\",\"inLanguage\":\"fr-FR\",\"@id\":\"https:\\\/\\\/moldovacrestina.md\\\/fr\\\/quelles-sont-les-chances-pour-un-mariage-entre-un-adventiste-et-une-baptiste\\\/#primaryimage\",\"url\":\"https:\\\/\\\/cdn.moldovacrestina.md\\\/2018\\\/01\\\/64215382980_Bad-marriage.jpg\",\"contentUrl\":\"https:\\\/\\\/cdn.moldovacrestina.md\\\/2018\\\/01\\\/64215382980_Bad-marriage.jpg\"},{\"@type\":\"BreadcrumbList\",\"@id\":\"https:\\\/\\\/moldovacrestina.md\\\/fr\\\/quelles-sont-les-chances-pour-un-mariage-entre-un-adventiste-et-une-baptiste\\\/#breadcrumb\",\"itemListElement\":[{\"@type\":\"ListItem\",\"position\":1,\"name\":\"Prima pagin\u0103\",\"item\":\"https:\\\/\\\/moldovacrestina.md\\\/fr\\\/\"},{\"@type\":\"ListItem\",\"position\":2,\"name\":\"R\u00e9ponses de la Bible\",\"item\":\"https:\\\/\\\/moldovacrestina.md\\\/fr\\\/reponses-de-la-bible\\\/\"},{\"@type\":\"ListItem\",\"position\":3,\"name\":\"Quelles sont les chances pour un mariage entre un adventiste et une baptiste?\"}]},{\"@type\":\"WebSite\",\"@id\":\"https:\\\/\\\/moldovacrestina.md\\\/fr\\\/#website\",\"url\":\"https:\\\/\\\/moldovacrestina.md\\\/fr\\\/\",\"name\":\"Moldova Cre\u0219tin\u0103\",\"description\":\"R\u0103spunsuri relevante \u0219i actuale din Biblie\",\"potentialAction\":[{\"@type\":\"SearchAction\",\"target\":{\"@type\":\"EntryPoint\",\"urlTemplate\":\"https:\\\/\\\/moldovacrestina.md\\\/fr\\\/?s={search_term_string}\"},\"query-input\":{\"@type\":\"PropertyValueSpecification\",\"valueRequired\":true,\"valueName\":\"search_term_string\"}}],\"inLanguage\":\"fr-FR\"},{\"@type\":\"Person\",\"@id\":\"https:\\\/\\\/moldovacrestina.md\\\/fr\\\/#\\\/schema\\\/person\\\/04b204bbb582cc832c3d2424f5d27dc0\",\"name\":\"Vasile Filat\",\"image\":{\"@type\":\"ImageObject\",\"inLanguage\":\"fr-FR\",\"@id\":\"https:\\\/\\\/secure.gravatar.com\\\/avatar\\\/2e02d082d139dd6eb634318c9cf2c3a8281db62f24f87a134adb4f2020e77ab3?s=96&d=mm&r=g\",\"url\":\"https:\\\/\\\/secure.gravatar.com\\\/avatar\\\/2e02d082d139dd6eb634318c9cf2c3a8281db62f24f87a134adb4f2020e77ab3?s=96&d=mm&r=g\",\"contentUrl\":\"https:\\\/\\\/secure.gravatar.com\\\/avatar\\\/2e02d082d139dd6eb634318c9cf2c3a8281db62f24f87a134adb4f2020e77ab3?s=96&d=mm&r=g\",\"caption\":\"Vasile Filat\"},\"description\":\"P\u0103storesc\u00a0Biserica Bunavestire din Chi\u0219in\u0103u, predau Cuv\u00e2ntul lui Dumnezeu la\u00a0Institutul de Studiu Biblic Inductiv din Eurasia\u00a0\u0219i conduc\u00a0Asocia\u021bia \\\"\u00cenv\u0103\u021b\u0103tur\u0103 din Cuv\u00e2nt - Precept Ministries\\\" din Moldova. \u00cempreun\u0103 cu so\u021bia mea\u00a0Anastasia, avem trei copii. Din Aprilie 2007 am oferit r\u0103spunsuri din Biblie pe acest site la \u00eentreb\u0103ri adresate de cititori. Mai mult despre mine citi\u021bi\u00a0aici.\",\"url\":\"https:\\\/\\\/moldovacrestina.md\\\/fr\\\/author\\\/vasile-filat\\\/\"}]}<\/script>\n<!-- \/ Yoast SEO Premium plugin. -->","yoast_head_json":{"title":"Quelles sont les chances pour un mariage entre un adventiste et une baptiste?","description":"Est-ce que un adventiste et une baptiste ont des chances de se marier? Cet article donne des conseils pratiques quoi faire dans telles situations.","robots":{"index":"index","follow":"follow","max-snippet":"max-snippet:-1","max-image-preview":"max-image-preview:large","max-video-preview":"max-video-preview:-1"},"canonical":"https:\/\/moldovacrestina.md\/fr\/quelles-sont-les-chances-pour-un-mariage-entre-un-adventiste-et-une-baptiste\/","og_locale":"fr_FR","og_type":"article","og_title":"Quelles sont les chances pour un mariage entre un adventiste et une baptiste?","og_description":"Est-ce que un adventiste et une baptiste ont des chances de se marier? Cet article donne des conseils pratiques quoi faire dans telles situations.","og_url":"https:\/\/moldovacrestina.md\/fr\/quelles-sont-les-chances-pour-un-mariage-entre-un-adventiste-et-une-baptiste\/","og_site_name":"Moldova Cre\u0219tin\u0103","article_publisher":"https:\/\/www.facebook.com\/moldovacrestina\/","article_published_time":"2010-11-18T02:34:09+00:00","article_modified_time":"2017-05-03T16:47:48+00:00","og_image":[{"url":"https:\/\/cdn.moldovacrestina.md\/2018\/01\/64215382980_Bad-marriage.jpg","type":"","width":"","height":""}],"author":"Vasile Filat","twitter_card":"summary_large_image","twitter_creator":"@moldovacrestina","twitter_site":"@moldovacrestina","twitter_misc":{"\u00c9crit par":"Vasile Filat","Dur\u00e9e de lecture estim\u00e9e":"2 minutes"},"schema":{"@context":"https:\/\/schema.org","@graph":[{"@type":"Article","@id":"https:\/\/moldovacrestina.md\/fr\/quelles-sont-les-chances-pour-un-mariage-entre-un-adventiste-et-une-baptiste\/#article","isPartOf":{"@id":"https:\/\/moldovacrestina.md\/fr\/quelles-sont-les-chances-pour-un-mariage-entre-un-adventiste-et-une-baptiste\/"},"author":{"name":"Vasile Filat","@id":"https:\/\/moldovacrestina.md\/fr\/#\/schema\/person\/04b204bbb582cc832c3d2424f5d27dc0"},"headline":"Quelles sont les chances pour un mariage entre un adventiste et une baptiste?","datePublished":"2010-11-18T02:34:09+00:00","dateModified":"2017-05-03T16:47:48+00:00","mainEntityOfPage":{"@id":"https:\/\/moldovacrestina.md\/fr\/quelles-sont-les-chances-pour-un-mariage-entre-un-adventiste-et-une-baptiste\/"},"wordCount":476,"image":{"@id":"https:\/\/moldovacrestina.md\/fr\/quelles-sont-les-chances-pour-un-mariage-entre-un-adventiste-et-une-baptiste\/#primaryimage"},"thumbnailUrl":"https:\/\/cdn.moldovacrestina.md\/2018\/01\/64215382980_Bad-marriage.jpg","keywords":["mariage","adventistes","adventistes Moldova","baptistes","baptistes orthodoxes Moldova"],"articleSection":["R\u00e9ponses de la Bible"],"inLanguage":"fr-FR"},{"@type":"WebPage","@id":"https:\/\/moldovacrestina.md\/fr\/quelles-sont-les-chances-pour-un-mariage-entre-un-adventiste-et-une-baptiste\/","url":"https:\/\/moldovacrestina.md\/fr\/quelles-sont-les-chances-pour-un-mariage-entre-un-adventiste-et-une-baptiste\/","name":"Quelles sont les chances pour un mariage entre un adventiste et une baptiste?","isPartOf":{"@id":"https:\/\/moldovacrestina.md\/fr\/#website"},"primaryImageOfPage":{"@id":"https:\/\/moldovacrestina.md\/fr\/quelles-sont-les-chances-pour-un-mariage-entre-un-adventiste-et-une-baptiste\/#primaryimage"},"image":{"@id":"https:\/\/moldovacrestina.md\/fr\/quelles-sont-les-chances-pour-un-mariage-entre-un-adventiste-et-une-baptiste\/#primaryimage"},"thumbnailUrl":"https:\/\/cdn.moldovacrestina.md\/2018\/01\/64215382980_Bad-marriage.jpg","datePublished":"2010-11-18T02:34:09+00:00","dateModified":"2017-05-03T16:47:48+00:00","author":{"@id":"https:\/\/moldovacrestina.md\/fr\/#\/schema\/person\/04b204bbb582cc832c3d2424f5d27dc0"},"description":"Est-ce que un adventiste et une baptiste ont des chances de se marier? Cet article donne des conseils pratiques quoi faire dans telles situations.","breadcrumb":{"@id":"https:\/\/moldovacrestina.md\/fr\/quelles-sont-les-chances-pour-un-mariage-entre-un-adventiste-et-une-baptiste\/#breadcrumb"},"inLanguage":"fr-FR","potentialAction":[{"@type":"ReadAction","target":["https:\/\/moldovacrestina.md\/fr\/quelles-sont-les-chances-pour-un-mariage-entre-un-adventiste-et-une-baptiste\/"]}]},{"@type":"ImageObject","inLanguage":"fr-FR","@id":"https:\/\/moldovacrestina.md\/fr\/quelles-sont-les-chances-pour-un-mariage-entre-un-adventiste-et-une-baptiste\/#primaryimage","url":"https:\/\/cdn.moldovacrestina.md\/2018\/01\/64215382980_Bad-marriage.jpg","contentUrl":"https:\/\/cdn.moldovacrestina.md\/2018\/01\/64215382980_Bad-marriage.jpg"},{"@type":"BreadcrumbList","@id":"https:\/\/moldovacrestina.md\/fr\/quelles-sont-les-chances-pour-un-mariage-entre-un-adventiste-et-une-baptiste\/#breadcrumb","itemListElement":[{"@type":"ListItem","position":1,"name":"Prima pagin\u0103","item":"https:\/\/moldovacrestina.md\/fr\/"},{"@type":"ListItem","position":2,"name":"R\u00e9ponses de la Bible","item":"https:\/\/moldovacrestina.md\/fr\/reponses-de-la-bible\/"},{"@type":"ListItem","position":3,"name":"Quelles sont les chances pour un mariage entre un adventiste et une baptiste?"}]},{"@type":"WebSite","@id":"https:\/\/moldovacrestina.md\/fr\/#website","url":"https:\/\/moldovacrestina.md\/fr\/","name":"Moldova Cre\u0219tin\u0103","description":"R\u0103spunsuri relevante \u0219i actuale din Biblie","potentialAction":[{"@type":"SearchAction","target":{"@type":"EntryPoint","urlTemplate":"https:\/\/moldovacrestina.md\/fr\/?s={search_term_string}"},"query-input":{"@type":"PropertyValueSpecification","valueRequired":true,"valueName":"search_term_string"}}],"inLanguage":"fr-FR"},{"@type":"Person","@id":"https:\/\/moldovacrestina.md\/fr\/#\/schema\/person\/04b204bbb582cc832c3d2424f5d27dc0","name":"Vasile Filat","image":{"@type":"ImageObject","inLanguage":"fr-FR","@id":"https:\/\/secure.gravatar.com\/avatar\/2e02d082d139dd6eb634318c9cf2c3a8281db62f24f87a134adb4f2020e77ab3?s=96&d=mm&r=g","url":"https:\/\/secure.gravatar.com\/avatar\/2e02d082d139dd6eb634318c9cf2c3a8281db62f24f87a134adb4f2020e77ab3?s=96&d=mm&r=g","contentUrl":"https:\/\/secure.gravatar.com\/avatar\/2e02d082d139dd6eb634318c9cf2c3a8281db62f24f87a134adb4f2020e77ab3?s=96&d=mm&r=g","caption":"Vasile Filat"},"description":"P\u0103storesc\u00a0Biserica Bunavestire din Chi\u0219in\u0103u, predau Cuv\u00e2ntul lui Dumnezeu la\u00a0Institutul de Studiu Biblic Inductiv din Eurasia\u00a0\u0219i conduc\u00a0Asocia\u021bia \"\u00cenv\u0103\u021b\u0103tur\u0103 din Cuv\u00e2nt - Precept Ministries\" din Moldova. \u00cempreun\u0103 cu so\u021bia mea\u00a0Anastasia, avem trei copii. Din Aprilie 2007 am oferit r\u0103spunsuri din Biblie pe acest site la \u00eentreb\u0103ri adresate de cititori. Mai mult despre mine citi\u021bi\u00a0aici.","url":"https:\/\/moldovacrestina.md\/fr\/author\/vasile-filat\/"}]}},"jetpack_featured_media_url":"","video_meta":false,"featured_image":false,"wpml":{"language_code":"fr","locale":"fr_FR","text_direction":false,"display_name":"Fran\u00e7ais","native_name":"Francez\u0103","different_language":false},"jetpack-related-posts":[{"id":363755,"url":"https:\/\/moldovacrestina.md\/este-pacat-divortul-daca-ambii-soti-il-doresc-pastor-vasile-filat\/","url_meta":{"origin":59282,"position":0},"title":"Este p\u0103cat divor\u021bul dac\u0103 ambii so\u021bi \u00eel doresc? | Pastor Vasile Filat","author":"Moldova Cre\u0219tin\u0103","date":"12 octobre 2025","format":false,"excerpt":"Mul\u021bi oameni cred c\u0103 dac\u0103 ambii so\u021bi sunt de acord cu desp\u0103r\u021birea, divor\u021bul nu mai este p\u0103cat. Dar ce spune Biblia? \u00cen acest video, pastorul Vasile Filat explic\u0103, pe baza textelor din Matei 19, Maleahi 2 \u0219i Evrei 13:4, c\u0103 Dumnezeu a instituit c\u0103s\u0103toria \u0219i El singur are autoritatea de\u2026","rel":"","context":"<span class=\"jp-relatedposts-post-author\">Moldova Cre\u0219tin\u0103<\/span>","block_context":{"text":"MCTV","link":"https:\/\/moldovacrestina.md\/mctv\/"},"img":{"alt_text":"","src":"https:\/\/i0.wp.com\/cdn.moldovacrestina.md\/2025\/10\/fa6abd08-qnfeu_9zdi4.jpg?resize=350%2C200&ssl=1","width":350,"height":200,"srcset":"https:\/\/i0.wp.com\/cdn.moldovacrestina.md\/2025\/10\/fa6abd08-qnfeu_9zdi4.jpg?resize=350%2C200&ssl=1 1x, https:\/\/i0.wp.com\/cdn.moldovacrestina.md\/2025\/10\/fa6abd08-qnfeu_9zdi4.jpg?resize=525%2C300&ssl=1 1.5x, https:\/\/i0.wp.com\/cdn.moldovacrestina.md\/2025\/10\/fa6abd08-qnfeu_9zdi4.jpg?resize=700%2C400&ssl=1 2x, https:\/\/i0.wp.com\/cdn.moldovacrestina.md\/2025\/10\/fa6abd08-qnfeu_9zdi4.jpg?resize=1050%2C600&ssl=1 3x"},"classes":[]},{"id":363933,"url":"https:\/\/moldovacrestina.md\/cand-pacatul-te-reduce-la-tacere-asculta-asta-inainte-sa-renunti\/","url_meta":{"origin":59282,"position":1},"title":"C\u00e2nd p\u0103catul te reduce la t\u0103cere \u2013 ascult\u0103 asta \u00eenainte s\u0103 renun\u021bi","author":"Moldova Cre\u0219tin\u0103","date":"2 novembre 2025","format":false,"excerpt":"Ai fost cre\u0219tin, dar ai c\u0103zut \u00een p\u0103cat \u0219i ai pierdut \u00eendr\u0103zneala de a vorbi despre credin\u021b\u0103? Sim\u021bi ru\u0219ine, vinov\u0103\u021bie, team\u0103? \u00cen acest video, Pastorul Vasile Filat explic\u0103 biblic \u0219i practic ce s\u0103 faci c\u00e2nd ai p\u0103c\u0103tuit \u0219i cum s\u0103 revii la o rela\u021bie vie cu Dumnezeu \u0219i la slujire\u2026","rel":"","context":"<span class=\"jp-relatedposts-post-author\">Moldova Cre\u0219tin\u0103<\/span>","block_context":{"text":"MCTV","link":"https:\/\/moldovacrestina.md\/mctv\/"},"img":{"alt_text":"","src":"https:\/\/i0.wp.com\/cdn.moldovacrestina.md\/2025\/11\/585b12ed-hytl58awy6g.jpg?resize=350%2C200&ssl=1","width":350,"height":200,"srcset":"https:\/\/i0.wp.com\/cdn.moldovacrestina.md\/2025\/11\/585b12ed-hytl58awy6g.jpg?resize=350%2C200&ssl=1 1x, https:\/\/i0.wp.com\/cdn.moldovacrestina.md\/2025\/11\/585b12ed-hytl58awy6g.jpg?resize=525%2C300&ssl=1 1.5x, https:\/\/i0.wp.com\/cdn.moldovacrestina.md\/2025\/11\/585b12ed-hytl58awy6g.jpg?resize=700%2C400&ssl=1 2x, https:\/\/i0.wp.com\/cdn.moldovacrestina.md\/2025\/11\/585b12ed-hytl58awy6g.jpg?resize=1050%2C600&ssl=1 3x"},"classes":[]},{"id":362929,"url":"https:\/\/moldovacrestina.md\/cu-cine-va-face-antihristul-legamant-trainic-pentru-o-saptamana-intelegerea-prorociilor\/","url_meta":{"origin":59282,"position":2},"title":"Cu cine va face Antihristul leg\u0103m\u00e2nt trainic pentru o s\u0103pt\u0103m\u00e2n\u0103? | \u00cen\u021belegerea prorociilor","author":"Moldova Cre\u0219tin\u0103","date":"18 juin 2025","format":false,"excerpt":"Daniel 9:27 vorbe\u0219te despre un leg\u0103m\u00e2nt pe care \u00eel va \u00eencheia Antihristul. \u00cen\u021belegerea acestui aspect este foarte important \u00een \u00een\u021belegerea evenimentelor profetice. Afl\u0103 cu cine \u00eel va face Antihristul \u0219i ce va declan\u0219a acest pact. \u2753Pune o \u00eentrebare: https:\/\/moldovacrestina.md\/ask-the-pastor sau la email contact@moldovacrestina.md \ud83c\udf81 Devino membru \u0219i sus\u021bine lucrarea Moldova\u2026","rel":"","context":"<span class=\"jp-relatedposts-post-author\">Moldova Cre\u0219tin\u0103<\/span>","block_context":{"text":"MCTV","link":"https:\/\/moldovacrestina.md\/mctv\/"},"img":{"alt_text":"","src":"https:\/\/i0.wp.com\/cdn.moldovacrestina.md\/2025\/06\/9cee6ac3-xqky9r1tr5u.jpg?resize=350%2C200&ssl=1","width":350,"height":200,"srcset":"https:\/\/i0.wp.com\/cdn.moldovacrestina.md\/2025\/06\/9cee6ac3-xqky9r1tr5u.jpg?resize=350%2C200&ssl=1 1x, https:\/\/i0.wp.com\/cdn.moldovacrestina.md\/2025\/06\/9cee6ac3-xqky9r1tr5u.jpg?resize=525%2C300&ssl=1 1.5x, https:\/\/i0.wp.com\/cdn.moldovacrestina.md\/2025\/06\/9cee6ac3-xqky9r1tr5u.jpg?resize=700%2C400&ssl=1 2x, https:\/\/i0.wp.com\/cdn.moldovacrestina.md\/2025\/06\/9cee6ac3-xqky9r1tr5u.jpg?resize=1050%2C600&ssl=1 3x"},"classes":[]},{"id":364175,"url":"https:\/\/moldovacrestina.md\/este-liturghia-o-jertfa-ce-spune-biblia-pastor-vasile-filat\/","url_meta":{"origin":59282,"position":3},"title":"Este liturghia o jertf\u0103? Ce spune Biblia? | Pastor Vasile Filat","author":"Moldova Cre\u0219tin\u0103","date":"10 d\u00e9cembre 2025","format":false,"excerpt":"Ce spune Biblia despre jertfa adus\u0103 la sf\u00e2nta liturghie? Pastorul Vasile Filat explic\u0103, prin texte clare din Scriptur\u0103, dac\u0103 liturghia este o jertf\u0103 repetat\u0103 sau o comemorare a jertfei lui Hristos. Afl\u0103 ce \u00eenseamn\u0103, de fapt, Cina Domnului \u0219i ce spune Biblia despre suficien\u021ba jertfei de pe Golgota. Subiecte abordate\u2026","rel":"","context":"<span class=\"jp-relatedposts-post-author\">Moldova Cre\u0219tin\u0103<\/span>","block_context":{"text":"MCTV","link":"https:\/\/moldovacrestina.md\/mctv\/"},"img":{"alt_text":"","src":"https:\/\/i0.wp.com\/cdn.moldovacrestina.md\/2025\/12\/0f8e955d-h2mhpwxffr0.jpg?resize=350%2C200&ssl=1","width":350,"height":200,"srcset":"https:\/\/i0.wp.com\/cdn.moldovacrestina.md\/2025\/12\/0f8e955d-h2mhpwxffr0.jpg?resize=350%2C200&ssl=1 1x, https:\/\/i0.wp.com\/cdn.moldovacrestina.md\/2025\/12\/0f8e955d-h2mhpwxffr0.jpg?resize=525%2C300&ssl=1 1.5x, https:\/\/i0.wp.com\/cdn.moldovacrestina.md\/2025\/12\/0f8e955d-h2mhpwxffr0.jpg?resize=700%2C400&ssl=1 2x, https:\/\/i0.wp.com\/cdn.moldovacrestina.md\/2025\/12\/0f8e955d-h2mhpwxffr0.jpg?resize=1050%2C600&ssl=1 3x"},"classes":[]},{"id":363310,"url":"https:\/\/moldovacrestina.md\/nici-la-moartea-parintilor-nu-va-oferi-mancare-cuiva\/","url_meta":{"origin":59282,"position":4},"title":"Nici la moartea p\u0103rin\u021bilor nu va oferi m\u00e2ncare cuiva\u2026","author":"Moldova Cre\u0219tin\u0103","date":"25 juillet 2025","format":false,"excerpt":"\u00ceNTREBARE: Pace, frate! Am \u0219i eu o nedumerire. M\u0103 contraziceam cu tata: \u00een caz de o \u00eenmorm\u00e2ntare, eu am zis c\u0103 nu a\u0219 da nici m\u0103car pr\u0103jituri \u0219i nici suc. Am zis doar ap\u0103, ca s\u0103 nu \u00eei fie cuiva sete. Tata mi-a zis s\u0103 vorbesc cu un predicator poc\u0103it\u2026","rel":"","context":"<span class=\"jp-relatedposts-post-author\">Moldova Cre\u0219tin\u0103<\/span>","block_context":{"text":"MCTV","link":"https:\/\/moldovacrestina.md\/mctv\/"},"img":{"alt_text":"","src":"https:\/\/i0.wp.com\/cdn.moldovacrestina.md\/2025\/07\/ba7ab153-h1zvfmsmux8.jpg?resize=350%2C200&ssl=1","width":350,"height":200,"srcset":"https:\/\/i0.wp.com\/cdn.moldovacrestina.md\/2025\/07\/ba7ab153-h1zvfmsmux8.jpg?resize=350%2C200&ssl=1 1x, https:\/\/i0.wp.com\/cdn.moldovacrestina.md\/2025\/07\/ba7ab153-h1zvfmsmux8.jpg?resize=525%2C300&ssl=1 1.5x, https:\/\/i0.wp.com\/cdn.moldovacrestina.md\/2025\/07\/ba7ab153-h1zvfmsmux8.jpg?resize=700%2C400&ssl=1 2x, https:\/\/i0.wp.com\/cdn.moldovacrestina.md\/2025\/07\/ba7ab153-h1zvfmsmux8.jpg?resize=1050%2C600&ssl=1 3x"},"classes":[]}],"jetpack_sharing_enabled":true,"_links":{"self":[{"href":"https:\/\/moldovacrestina.md\/fr\/wp-json\/wp\/v2\/posts\/59282","targetHints":{"allow":["GET"]}}],"collection":[{"href":"https:\/\/moldovacrestina.md\/fr\/wp-json\/wp\/v2\/posts"}],"about":[{"href":"https:\/\/moldovacrestina.md\/fr\/wp-json\/wp\/v2\/types\/post"}],"author":[{"embeddable":true,"href":"https:\/\/moldovacrestina.md\/fr\/wp-json\/wp\/v2\/users\/46"}],"replies":[{"embeddable":true,"href":"https:\/\/moldovacrestina.md\/fr\/wp-json\/wp\/v2\/comments?post=59282"}],"version-history":[{"count":0,"href":"https:\/\/moldovacrestina.md\/fr\/wp-json\/wp\/v2\/posts\/59282\/revisions"}],"wp:attachment":[{"href":"https:\/\/moldovacrestina.md\/fr\/wp-json\/wp\/v2\/media?parent=59282"}],"wp:term":[{"taxonomy":"category","embeddable":true,"href":"https:\/\/moldovacrestina.md\/fr\/wp-json\/wp\/v2\/categories?post=59282"},{"taxonomy":"post_tag","embeddable":true,"href":"https:\/\/moldovacrestina.md\/fr\/wp-json\/wp\/v2\/tags?post=59282"}],"curies":[{"name":"wp","href":"https:\/\/api.w.org\/{rel}","templated":true}]}}