{"id":59091,"date":"2011-03-21T11:27:11","date_gmt":"2011-03-21T09:27:11","guid":{"rendered":"https:\/\/moldovacrestina.md\/est-il-bien-de-dire-la-vrit-quand-a-fait-mal-vos-proches"},"modified":"2016-07-12T14:21:58","modified_gmt":"2016-07-12T12:21:58","slug":"est-il-bien-de-dire-la-vrit-quand-a-fait-mal-vos-proches","status":"publish","type":"post","link":"https:\/\/moldovacrestina.md\/fr\/est-il-bien-de-dire-la-vrit-quand-a-fait-mal-vos-proches\/","title":{"rendered":"Est-il bien de dire la v\u00e9rit\u00e9 quand \u00e7a fait mal \u00e0 vos proches?"},"content":{"rendered":"<h3><img decoding=\"async\" class=\"aligncenter size-full img-resp\" title=\"\" src=\"https:\/\/cdn.moldovacrestina.md\/2018\/01\/61283839866_abortions-arent-spoken-pro-life-circles.jpg\" alt=\"\"   \/>Question :<\/h3>\n<blockquote class=\"td_quote_box td_box_center\"><p><em>On dit que la v\u00e9rit\u00e9 peut faire mal<\/em> <em>\u00e0 nos proches, et certaines personnes pr\u00e9f\u00e8rent garder le silence, garder la v\u00e9rit\u00e9 pour elles-m\u00eames afin de ne pas blesser leurs proches. Mais, \u00e0 mon avis, se cacher ou retarder la v\u00e9rit\u00e9 tout simplement est bien pire \u2026 Quel est votre commentaire sur cette question ? Je vous remercie \u00e0 l\u2019avance et que Dieu nous aide.<\/em><\/p><\/blockquote>\n<h2>La r\u00e9primande prouve la fid\u00e9lit\u00e9 \u00e0 un ami<\/h2>\n<p>Dans le livre des Proverbes de Salomon, Dieu dit :<\/p>\n<blockquote class=\"td_quote_box td_box_center\"><p><em>Mieux vaut une r\u00e9primande ouverte Qu\u2019une amiti\u00e9 cach\u00e9e. Les blessures d\u2019un ami prouvent sa fid\u00e9lit\u00e9, Mais les baisers d\u2019un ennemi sont trompeurs.<\/em> (Proverbes 27:5-6)<\/p><\/blockquote>\n<p>J\u2019ai vu beaucoup de gens qui continuent \u00e0 vivre dans la folie juste parce qu\u2019ils ne se sont pas confront\u00e9s. Il y a des femmes qui au lieu d\u2019aider leur mari, les encourage dans leur mauvais choix, peut-\u00eatre pour ne pas les bouleverser. Mais j\u2019ai vu des situations o\u00f9 les hommes n\u2019ont pas dit un mot \u00e0 leur femme, quand elles avaient besoin d\u2019une r\u00e9primande. Si nous ne r\u00e9primandons pas lorsque cela est n\u00e9cessaire, nous ressemblons plus \u00e0 un ennemi qu\u2019\u00e0 un ami.<\/p>\n<h2>L\u2019exemple du proph\u00e8te Nathan<\/h2>\n<p>Quand le roi David a p\u00e9ch\u00e9 avec Bethsab\u00e9e il a tu\u00e9 son mari Urie, le H\u00e9thien. Le proph\u00e8te Nathan est all\u00e9 aupr\u00e8s du roi, son ami, et il l\u2019a r\u00e9primand\u00e9, mais d\u2019une mani\u00e8re tr\u00e8s sage:<\/p>\n<blockquote class=\"td_quote_box td_box_center\"><p><em>L\u2019\u00c9ternel envoya Nathan vers David. Et Nathan vint \u00e0 lui, et lui dit: Il y avait dans une ville deux hommes, l\u2019un riche et l\u2019autre pauvre. Le riche avait des brebis et des b\u0153ufs en tr\u00e8s grand nombre. Le pauvre n\u2019avait rien du tout qu\u2019une petite brebis, qu\u2019il avait achet\u00e9e; il la nourrissait, et elle grandissait chez lui avec ses enfants; elle mangeait de son pain, buvait dans sa coupe, dormait sur son sein, et il la regardait comme sa fille. Un voyageur arriva chez l\u2019homme riche. Et le riche n\u2019a pas voulu toucher \u00e0 ses brebis ou \u00e0 ses b\u0153ufs, pour pr\u00e9parer un repas au voyageur qui \u00e9tait venu chez lui; il a pris la brebis du pauvre, et l\u2019a appr\u00eat\u00e9e pour l\u2019homme qui \u00e9tait venu chez lui. La col\u00e8re de David s\u2019enflamma violemment contre cet homme, et il dit \u00e0 Nathan: L\u2019\u00c9ternel est vivant! L\u2019homme qui a fait cela m\u00e9rite la mort. Et il rendra quatre brebis, pour avoir commis cette action et pour avoir \u00e9t\u00e9 sans piti\u00e9. Et Nathan dit \u00e0 David: Tu es cet homme-l\u00e0! Ainsi parle l\u2019\u00c9ternel, le Dieu d\u2019Isra\u00ebl: Je t\u2019ai oint pour roi sur Isra\u00ebl, et je t\u2019ai d\u00e9livr\u00e9 de la main de Sa\u00fcl; je t\u2019ai mis en possession de la maison de ton ma\u00eetre, j\u2019ai plac\u00e9 dans ton sein les femmes de ton ma\u00eetre, et je t\u2019ai donn\u00e9 la maison d\u2019Isra\u00ebl et de Juda. Et si cela e\u00fbt \u00e9t\u00e9 peu, j\u2019y aurais encore ajout\u00e9. Pourquoi donc as-tu m\u00e9pris\u00e9 la parole de l\u2019\u00c9ternel, en faisant ce qui est mal \u00e0 ses yeux? Tu as frapp\u00e9 de l\u2019\u00e9p\u00e9e Urie, le H\u00e9thien; tu as pris sa femme pour en faire ta femme, et lui, tu l\u2019as tu\u00e9 par l\u2019\u00e9p\u00e9e des fils d\u2019Ammon. Maintenant, l\u2019\u00e9p\u00e9e ne s\u2019\u00e9loignera jamais de ta maison, parce que tu m\u2019as m\u00e9pris\u00e9, et parce que tu as pris la femme d\u2019Urie, le H\u00e9thien, pour en faire ta femme. Ainsi parle l\u2019\u00c9ternel: Voici, je vais faire sortir de ta maison le malheur contre toi, et je vais prendre sous tes yeux tes propres femmes pour les donner \u00e0 un autre, qui couchera avec elles \u00e0 la vue de ce soleil. Car tu as agi en secret; et moi, je ferai cela en pr\u00e9sence de tout Isra\u00ebl et \u00e0 la face du soleil. David dit \u00e0 Nathan: J\u2019ai p\u00e9ch\u00e9 contre l\u2019\u00c9ternel! Et Nathan dit \u00e0 David: L\u2019\u00c9ternel pardonne ton p\u00e9ch\u00e9, tu ne mourras point. (2 Samuel 12:1-13)<\/em><\/p><\/blockquote>\n<h2>R\u00e9primandez celui qui re\u00e7oit la r\u00e9primande<\/h2>\n<p>Dans un psaume, le roi David dit :<\/p>\n<blockquote class=\"td_quote_box td_box_center\"><p><em>Que le juste me frappe, c\u2019est une faveur ; Qu\u2019il me ch\u00e2tie, c\u2019est de l\u2019huile sur ma t\u00eate : Ma t\u00eate ne se d\u00e9tournera pas\u2026. (Psaume 141:5)<\/em><\/p><\/blockquote>\n<h2>Pas tous re\u00e7oivent la r\u00e9primande<\/h2>\n<p>C\u2019est pourquoi l\u2019\u00c9criture dit :<\/p>\n<blockquote class=\"td_quote_box td_box_center\"><p><em>Ne reprends pas le moqueur, de crainte qu\u2019il ne te ha\u00efsse ; Reprends le sage, et il t\u2019aimera. (Proverbes 09:08)<\/em><\/p><\/blockquote>\n<h2>Soyez attentif quand vous r\u00e9primandez :<\/h2>\n<p>Quand Paul \u00e9crit \u00e0 Timoth\u00e9e comment se comporter avec les chr\u00e9tiens dans l\u2019Eglise qu\u2019il dirige, il dit :<\/p>\n<blockquote class=\"td_quote_box td_box_center\"><p><em>Ne r\u00e9primande pas rudement le vieillard, mais exhorte-le comme un p\u00e8re; exhorte les jeunes gens comme des fr\u00e8res (1 Timoth\u00e9e 5:1)<\/em><\/p><\/blockquote>\n<p>Donc, dites la r\u00e9primande avec sagesse, afin que les gens voient et sentent votre amour et vos soins pour eux.<\/p>\n<h2>Parlez avec gr\u00e2ce<\/h2>\n<p>Quand l\u2019Ap\u00f4tre Paul \u00e9crit aux chr\u00e9tiens de la ville de Colosses comment se comporter avec les infid\u00e8les, Paul dit ceci :<\/p>\n<blockquote class=\"td_quote_box td_box_center\"><p><em>Que votre parole soit toujours accompagn\u00e9e de gr\u00e2ce, assaisonn\u00e9e de sel, afin que vous sachiez comment il faut r\u00e9pondre \u00e0 chacun. (Colossiens 4:6)<\/em><\/p><\/blockquote>\n<p>Donc, nous devons parler de sorte que nos mots expriment toujours la gr\u00e2ce et la bienveillance, m\u00eame si nous r\u00e9primandons ou nous disons la v\u00e9rit\u00e9.<\/p>\n<h2>Parlez doucement<\/h2>\n<p>Il y a tellement de genre de personnes qui ont l\u2019habitude de r\u00e9primer tout le monde et partout, et pensent que c\u2019est une vertu. Gardez-vous de n\u2019\u00eatre pas comme eux, parce que :<\/p>\n<blockquote class=\"td_quote_box td_box_center\"><p><em>Une r\u00e9ponse douce calme la fureur, Mais une parole dure excite la col\u00e8re. La langue des sages rend la science aimable, Et la bouche des insens\u00e9s r\u00e9pand la folie. \u2013 (Proverbes 15 :1-2)<\/em><\/p><\/blockquote>\n<p>Parlez de sorte que les gens se sentent bien et veulent votre pr\u00e9sence, et ne soyez pas comme une fum\u00e9e dans les yeux de ceux qui vous voient.<\/p>\n<p><em>L\u2019article a \u00e9t\u00e9 traduit par Diana Ta\u0219c\u0103.<\/em><\/p>\n","protected":false},"excerpt":{"rendered":"<p>Question : On dit que la v\u00e9rit\u00e9 peut faire mal \u00e0 nos proches, et certaines personnes pr\u00e9f\u00e8rent garder le silence, garder la v\u00e9rit\u00e9 pour elles-m\u00eames afin de ne pas blesser leurs proches. Mais, \u00e0 mon avis, se cacher ou retarder la v\u00e9rit\u00e9 tout simplement est bien pire \u2026 Quel est votre commentaire sur cette question [&hellip;]<\/p>\n","protected":false},"author":46,"featured_media":59092,"comment_status":"closed","ping_status":"closed","sticky":false,"template":"","format":"standard","meta":{"_acf_changed":false,"inline_featured_image":false,"_monsterinsights_skip_tracking":false,"_monsterinsights_sitenote_active":false,"_monsterinsights_sitenote_note":"","_monsterinsights_sitenote_category":0,"_genesis_hide_title":false,"_genesis_hide_breadcrumbs":false,"_genesis_hide_singular_image":false,"_genesis_hide_footer_widgets":false,"_genesis_custom_body_class":"","_genesis_custom_post_class":"","_genesis_layout":"","ep_exclude_from_search":false,"_jetpack_memberships_contains_paid_content":false,"footnotes":""},"categories":[139],"tags":[11131,11132,11133],"class_list":{"0":"post-59091","1":"post","2":"type-post","3":"status-publish","4":"format-standard","5":"has-post-thumbnail","7":"category-education-fr","8":"tag-fidelite-a-un-ami","9":"tag-la-verite","10":"tag-reprimande","11":"entry"},"acf":[],"yoast_head":"<!-- This site is optimized with the Yoast SEO Premium plugin v26.5 (Yoast SEO v27.4) - https:\/\/yoast.com\/product\/yoast-seo-premium-wordpress\/ -->\n<title>Est-il bien de dire la v\u00e9rit\u00e9 quand \u00e7a fait mal \u00e0 vos proches?<\/title>\n<meta name=\"description\" content=\"On dit que la v\u00e9rit\u00e9 peut faire mal \u00e0 nos proches, et certaines personnes pr\u00e9f\u00e8rent garder le silence.Quel est votre commentaire sur cette question\" \/>\n<meta name=\"robots\" content=\"index, follow, max-snippet:-1, max-image-preview:large, max-video-preview:-1\" \/>\n<link rel=\"canonical\" href=\"https:\/\/moldovacrestina.md\/fr\/est-il-bien-de-dire-la-vrit-quand-a-fait-mal-vos-proches\/\" \/>\n<meta property=\"og:locale\" content=\"fr_FR\" \/>\n<meta property=\"og:type\" content=\"article\" \/>\n<meta property=\"og:title\" content=\"Est-il bien de dire la v\u00e9rit\u00e9 quand \u00e7a fait mal \u00e0 vos proches?\" \/>\n<meta property=\"og:description\" content=\"On dit que la v\u00e9rit\u00e9 peut faire mal \u00e0 nos proches, et certaines personnes pr\u00e9f\u00e8rent garder le silence.Quel est votre commentaire sur cette question\" \/>\n<meta property=\"og:url\" content=\"https:\/\/moldovacrestina.md\/fr\/est-il-bien-de-dire-la-vrit-quand-a-fait-mal-vos-proches\/\" \/>\n<meta property=\"og:site_name\" content=\"Moldova Cre\u0219tin\u0103\" \/>\n<meta property=\"article:publisher\" content=\"https:\/\/www.facebook.com\/moldovacrestina\/\" \/>\n<meta property=\"article:published_time\" content=\"2011-03-21T09:27:11+00:00\" \/>\n<meta property=\"article:modified_time\" content=\"2016-07-12T12:21:58+00:00\" \/>\n<meta property=\"og:image\" content=\"https:\/\/cdn.moldovacrestina.md\/2017\/12\/61283839866_abortions-arent-spoken-pro-life-circles.jpg\" \/>\n\t<meta property=\"og:image:width\" content=\"500\" \/>\n\t<meta property=\"og:image:height\" content=\"385\" \/>\n\t<meta property=\"og:image:type\" content=\"image\/jpeg\" \/>\n<meta name=\"author\" content=\"Vasile Filat\" \/>\n<meta name=\"twitter:card\" content=\"summary_large_image\" \/>\n<meta name=\"twitter:creator\" content=\"@moldovacrestina\" \/>\n<meta name=\"twitter:site\" content=\"@moldovacrestina\" \/>\n<meta name=\"twitter:label1\" content=\"\u00c9crit par\" \/>\n\t<meta name=\"twitter:data1\" content=\"Vasile Filat\" \/>\n\t<meta name=\"twitter:label2\" content=\"Dur\u00e9e de lecture estim\u00e9e\" \/>\n\t<meta name=\"twitter:data2\" content=\"5 minutes\" \/>\n<script type=\"application\/ld+json\" class=\"yoast-schema-graph\">{\"@context\":\"https:\\\/\\\/schema.org\",\"@graph\":[{\"@type\":\"Article\",\"@id\":\"https:\\\/\\\/moldovacrestina.md\\\/fr\\\/est-il-bien-de-dire-la-vrit-quand-a-fait-mal-vos-proches\\\/#article\",\"isPartOf\":{\"@id\":\"https:\\\/\\\/moldovacrestina.md\\\/fr\\\/est-il-bien-de-dire-la-vrit-quand-a-fait-mal-vos-proches\\\/\"},\"author\":{\"name\":\"Vasile Filat\",\"@id\":\"https:\\\/\\\/moldovacrestina.md\\\/fr\\\/#\\\/schema\\\/person\\\/04b204bbb582cc832c3d2424f5d27dc0\"},\"headline\":\"Est-il bien de dire la v\u00e9rit\u00e9 quand \u00e7a fait mal \u00e0 vos proches?\",\"datePublished\":\"2011-03-21T09:27:11+00:00\",\"dateModified\":\"2016-07-12T12:21:58+00:00\",\"mainEntityOfPage\":{\"@id\":\"https:\\\/\\\/moldovacrestina.md\\\/fr\\\/est-il-bien-de-dire-la-vrit-quand-a-fait-mal-vos-proches\\\/\"},\"wordCount\":1070,\"image\":{\"@id\":\"https:\\\/\\\/moldovacrestina.md\\\/fr\\\/est-il-bien-de-dire-la-vrit-quand-a-fait-mal-vos-proches\\\/#primaryimage\"},\"thumbnailUrl\":\"https:\\\/\\\/moldovacrestina.md\\\/wp-content\\\/uploads\\\/2017\\\/12\\\/61283839866_abortions-arent-spoken-pro-life-circles.jpg\",\"keywords\":[\"fid\u00e9lit\u00e9 \u00e0 un ami\",\"la v\u00e9rit\u00e9\",\"r\u00e9primande\"],\"articleSection\":[\"Education\"],\"inLanguage\":\"fr-FR\"},{\"@type\":\"WebPage\",\"@id\":\"https:\\\/\\\/moldovacrestina.md\\\/fr\\\/est-il-bien-de-dire-la-vrit-quand-a-fait-mal-vos-proches\\\/\",\"url\":\"https:\\\/\\\/moldovacrestina.md\\\/fr\\\/est-il-bien-de-dire-la-vrit-quand-a-fait-mal-vos-proches\\\/\",\"name\":\"Est-il bien de dire la v\u00e9rit\u00e9 quand \u00e7a fait mal \u00e0 vos proches?\",\"isPartOf\":{\"@id\":\"https:\\\/\\\/moldovacrestina.md\\\/fr\\\/#website\"},\"primaryImageOfPage\":{\"@id\":\"https:\\\/\\\/moldovacrestina.md\\\/fr\\\/est-il-bien-de-dire-la-vrit-quand-a-fait-mal-vos-proches\\\/#primaryimage\"},\"image\":{\"@id\":\"https:\\\/\\\/moldovacrestina.md\\\/fr\\\/est-il-bien-de-dire-la-vrit-quand-a-fait-mal-vos-proches\\\/#primaryimage\"},\"thumbnailUrl\":\"https:\\\/\\\/moldovacrestina.md\\\/wp-content\\\/uploads\\\/2017\\\/12\\\/61283839866_abortions-arent-spoken-pro-life-circles.jpg\",\"datePublished\":\"2011-03-21T09:27:11+00:00\",\"dateModified\":\"2016-07-12T12:21:58+00:00\",\"author\":{\"@id\":\"https:\\\/\\\/moldovacrestina.md\\\/fr\\\/#\\\/schema\\\/person\\\/04b204bbb582cc832c3d2424f5d27dc0\"},\"description\":\"On dit que la v\u00e9rit\u00e9 peut faire mal \u00e0 nos proches, et certaines personnes pr\u00e9f\u00e8rent garder le silence.Quel est votre commentaire sur cette question\",\"breadcrumb\":{\"@id\":\"https:\\\/\\\/moldovacrestina.md\\\/fr\\\/est-il-bien-de-dire-la-vrit-quand-a-fait-mal-vos-proches\\\/#breadcrumb\"},\"inLanguage\":\"fr-FR\",\"potentialAction\":[{\"@type\":\"ReadAction\",\"target\":[\"https:\\\/\\\/moldovacrestina.md\\\/fr\\\/est-il-bien-de-dire-la-vrit-quand-a-fait-mal-vos-proches\\\/\"]}]},{\"@type\":\"ImageObject\",\"inLanguage\":\"fr-FR\",\"@id\":\"https:\\\/\\\/moldovacrestina.md\\\/fr\\\/est-il-bien-de-dire-la-vrit-quand-a-fait-mal-vos-proches\\\/#primaryimage\",\"url\":\"https:\\\/\\\/moldovacrestina.md\\\/wp-content\\\/uploads\\\/2017\\\/12\\\/61283839866_abortions-arent-spoken-pro-life-circles.jpg\",\"contentUrl\":\"https:\\\/\\\/moldovacrestina.md\\\/wp-content\\\/uploads\\\/2017\\\/12\\\/61283839866_abortions-arent-spoken-pro-life-circles.jpg\",\"width\":500,\"height\":385},{\"@type\":\"BreadcrumbList\",\"@id\":\"https:\\\/\\\/moldovacrestina.md\\\/fr\\\/est-il-bien-de-dire-la-vrit-quand-a-fait-mal-vos-proches\\\/#breadcrumb\",\"itemListElement\":[{\"@type\":\"ListItem\",\"position\":1,\"name\":\"Prima pagin\u0103\",\"item\":\"https:\\\/\\\/moldovacrestina.md\\\/fr\\\/\"},{\"@type\":\"ListItem\",\"position\":2,\"name\":\"Education\",\"item\":\"https:\\\/\\\/moldovacrestina.md\\\/fr\\\/\\\/education-fr\\\/\"},{\"@type\":\"ListItem\",\"position\":3,\"name\":\"Est-il bien de dire la v\u00e9rit\u00e9 quand \u00e7a fait mal \u00e0 vos proches?\"}]},{\"@type\":\"WebSite\",\"@id\":\"https:\\\/\\\/moldovacrestina.md\\\/fr\\\/#website\",\"url\":\"https:\\\/\\\/moldovacrestina.md\\\/fr\\\/\",\"name\":\"Moldova Cre\u0219tin\u0103\",\"description\":\"R\u0103spunsuri relevante \u0219i actuale din Biblie\",\"potentialAction\":[{\"@type\":\"SearchAction\",\"target\":{\"@type\":\"EntryPoint\",\"urlTemplate\":\"https:\\\/\\\/moldovacrestina.md\\\/fr\\\/?s={search_term_string}\"},\"query-input\":{\"@type\":\"PropertyValueSpecification\",\"valueRequired\":true,\"valueName\":\"search_term_string\"}}],\"inLanguage\":\"fr-FR\"},{\"@type\":\"Person\",\"@id\":\"https:\\\/\\\/moldovacrestina.md\\\/fr\\\/#\\\/schema\\\/person\\\/04b204bbb582cc832c3d2424f5d27dc0\",\"name\":\"Vasile Filat\",\"image\":{\"@type\":\"ImageObject\",\"inLanguage\":\"fr-FR\",\"@id\":\"https:\\\/\\\/secure.gravatar.com\\\/avatar\\\/2e02d082d139dd6eb634318c9cf2c3a8281db62f24f87a134adb4f2020e77ab3?s=96&d=mm&r=g\",\"url\":\"https:\\\/\\\/secure.gravatar.com\\\/avatar\\\/2e02d082d139dd6eb634318c9cf2c3a8281db62f24f87a134adb4f2020e77ab3?s=96&d=mm&r=g\",\"contentUrl\":\"https:\\\/\\\/secure.gravatar.com\\\/avatar\\\/2e02d082d139dd6eb634318c9cf2c3a8281db62f24f87a134adb4f2020e77ab3?s=96&d=mm&r=g\",\"caption\":\"Vasile Filat\"},\"description\":\"P\u0103storesc\u00a0Biserica Bunavestire din Chi\u0219in\u0103u, predau Cuv\u00e2ntul lui Dumnezeu la\u00a0Institutul de Studiu Biblic Inductiv din Eurasia\u00a0\u0219i conduc\u00a0Asocia\u021bia \\\"\u00cenv\u0103\u021b\u0103tur\u0103 din Cuv\u00e2nt - Precept Ministries\\\" din Moldova. \u00cempreun\u0103 cu so\u021bia mea\u00a0Anastasia, avem trei copii. Din Aprilie 2007 am oferit r\u0103spunsuri din Biblie pe acest site la \u00eentreb\u0103ri adresate de cititori. Mai mult despre mine citi\u021bi\u00a0aici.\",\"url\":\"https:\\\/\\\/moldovacrestina.md\\\/fr\\\/author\\\/vasile-filat\\\/\"}]}<\/script>\n<!-- \/ Yoast SEO Premium plugin. -->","yoast_head_json":{"title":"Est-il bien de dire la v\u00e9rit\u00e9 quand \u00e7a fait mal \u00e0 vos proches?","description":"On dit que la v\u00e9rit\u00e9 peut faire mal \u00e0 nos proches, et certaines personnes pr\u00e9f\u00e8rent garder le silence.Quel est votre commentaire sur cette question","robots":{"index":"index","follow":"follow","max-snippet":"max-snippet:-1","max-image-preview":"max-image-preview:large","max-video-preview":"max-video-preview:-1"},"canonical":"https:\/\/moldovacrestina.md\/fr\/est-il-bien-de-dire-la-vrit-quand-a-fait-mal-vos-proches\/","og_locale":"fr_FR","og_type":"article","og_title":"Est-il bien de dire la v\u00e9rit\u00e9 quand \u00e7a fait mal \u00e0 vos proches?","og_description":"On dit que la v\u00e9rit\u00e9 peut faire mal \u00e0 nos proches, et certaines personnes pr\u00e9f\u00e8rent garder le silence.Quel est votre commentaire sur cette question","og_url":"https:\/\/moldovacrestina.md\/fr\/est-il-bien-de-dire-la-vrit-quand-a-fait-mal-vos-proches\/","og_site_name":"Moldova Cre\u0219tin\u0103","article_publisher":"https:\/\/www.facebook.com\/moldovacrestina\/","article_published_time":"2011-03-21T09:27:11+00:00","article_modified_time":"2016-07-12T12:21:58+00:00","og_image":[{"width":500,"height":385,"url":"https:\/\/cdn.moldovacrestina.md\/2017\/12\/61283839866_abortions-arent-spoken-pro-life-circles.jpg","type":"image\/jpeg"}],"author":"Vasile Filat","twitter_card":"summary_large_image","twitter_creator":"@moldovacrestina","twitter_site":"@moldovacrestina","twitter_misc":{"\u00c9crit par":"Vasile Filat","Dur\u00e9e de lecture estim\u00e9e":"5 minutes"},"schema":{"@context":"https:\/\/schema.org","@graph":[{"@type":"Article","@id":"https:\/\/moldovacrestina.md\/fr\/est-il-bien-de-dire-la-vrit-quand-a-fait-mal-vos-proches\/#article","isPartOf":{"@id":"https:\/\/moldovacrestina.md\/fr\/est-il-bien-de-dire-la-vrit-quand-a-fait-mal-vos-proches\/"},"author":{"name":"Vasile Filat","@id":"https:\/\/moldovacrestina.md\/fr\/#\/schema\/person\/04b204bbb582cc832c3d2424f5d27dc0"},"headline":"Est-il bien de dire la v\u00e9rit\u00e9 quand \u00e7a fait mal \u00e0 vos proches?","datePublished":"2011-03-21T09:27:11+00:00","dateModified":"2016-07-12T12:21:58+00:00","mainEntityOfPage":{"@id":"https:\/\/moldovacrestina.md\/fr\/est-il-bien-de-dire-la-vrit-quand-a-fait-mal-vos-proches\/"},"wordCount":1070,"image":{"@id":"https:\/\/moldovacrestina.md\/fr\/est-il-bien-de-dire-la-vrit-quand-a-fait-mal-vos-proches\/#primaryimage"},"thumbnailUrl":"https:\/\/moldovacrestina.md\/wp-content\/uploads\/2017\/12\/61283839866_abortions-arent-spoken-pro-life-circles.jpg","keywords":["fid\u00e9lit\u00e9 \u00e0 un ami","la v\u00e9rit\u00e9","r\u00e9primande"],"articleSection":["Education"],"inLanguage":"fr-FR"},{"@type":"WebPage","@id":"https:\/\/moldovacrestina.md\/fr\/est-il-bien-de-dire-la-vrit-quand-a-fait-mal-vos-proches\/","url":"https:\/\/moldovacrestina.md\/fr\/est-il-bien-de-dire-la-vrit-quand-a-fait-mal-vos-proches\/","name":"Est-il bien de dire la v\u00e9rit\u00e9 quand \u00e7a fait mal \u00e0 vos proches?","isPartOf":{"@id":"https:\/\/moldovacrestina.md\/fr\/#website"},"primaryImageOfPage":{"@id":"https:\/\/moldovacrestina.md\/fr\/est-il-bien-de-dire-la-vrit-quand-a-fait-mal-vos-proches\/#primaryimage"},"image":{"@id":"https:\/\/moldovacrestina.md\/fr\/est-il-bien-de-dire-la-vrit-quand-a-fait-mal-vos-proches\/#primaryimage"},"thumbnailUrl":"https:\/\/moldovacrestina.md\/wp-content\/uploads\/2017\/12\/61283839866_abortions-arent-spoken-pro-life-circles.jpg","datePublished":"2011-03-21T09:27:11+00:00","dateModified":"2016-07-12T12:21:58+00:00","author":{"@id":"https:\/\/moldovacrestina.md\/fr\/#\/schema\/person\/04b204bbb582cc832c3d2424f5d27dc0"},"description":"On dit que la v\u00e9rit\u00e9 peut faire mal \u00e0 nos proches, et certaines personnes pr\u00e9f\u00e8rent garder le silence.Quel est votre commentaire sur cette question","breadcrumb":{"@id":"https:\/\/moldovacrestina.md\/fr\/est-il-bien-de-dire-la-vrit-quand-a-fait-mal-vos-proches\/#breadcrumb"},"inLanguage":"fr-FR","potentialAction":[{"@type":"ReadAction","target":["https:\/\/moldovacrestina.md\/fr\/est-il-bien-de-dire-la-vrit-quand-a-fait-mal-vos-proches\/"]}]},{"@type":"ImageObject","inLanguage":"fr-FR","@id":"https:\/\/moldovacrestina.md\/fr\/est-il-bien-de-dire-la-vrit-quand-a-fait-mal-vos-proches\/#primaryimage","url":"https:\/\/moldovacrestina.md\/wp-content\/uploads\/2017\/12\/61283839866_abortions-arent-spoken-pro-life-circles.jpg","contentUrl":"https:\/\/moldovacrestina.md\/wp-content\/uploads\/2017\/12\/61283839866_abortions-arent-spoken-pro-life-circles.jpg","width":500,"height":385},{"@type":"BreadcrumbList","@id":"https:\/\/moldovacrestina.md\/fr\/est-il-bien-de-dire-la-vrit-quand-a-fait-mal-vos-proches\/#breadcrumb","itemListElement":[{"@type":"ListItem","position":1,"name":"Prima pagin\u0103","item":"https:\/\/moldovacrestina.md\/fr\/"},{"@type":"ListItem","position":2,"name":"Education","item":"https:\/\/moldovacrestina.md\/fr\/\/education-fr\/"},{"@type":"ListItem","position":3,"name":"Est-il bien de dire la v\u00e9rit\u00e9 quand \u00e7a fait mal \u00e0 vos proches?"}]},{"@type":"WebSite","@id":"https:\/\/moldovacrestina.md\/fr\/#website","url":"https:\/\/moldovacrestina.md\/fr\/","name":"Moldova Cre\u0219tin\u0103","description":"R\u0103spunsuri relevante \u0219i actuale din Biblie","potentialAction":[{"@type":"SearchAction","target":{"@type":"EntryPoint","urlTemplate":"https:\/\/moldovacrestina.md\/fr\/?s={search_term_string}"},"query-input":{"@type":"PropertyValueSpecification","valueRequired":true,"valueName":"search_term_string"}}],"inLanguage":"fr-FR"},{"@type":"Person","@id":"https:\/\/moldovacrestina.md\/fr\/#\/schema\/person\/04b204bbb582cc832c3d2424f5d27dc0","name":"Vasile Filat","image":{"@type":"ImageObject","inLanguage":"fr-FR","@id":"https:\/\/secure.gravatar.com\/avatar\/2e02d082d139dd6eb634318c9cf2c3a8281db62f24f87a134adb4f2020e77ab3?s=96&d=mm&r=g","url":"https:\/\/secure.gravatar.com\/avatar\/2e02d082d139dd6eb634318c9cf2c3a8281db62f24f87a134adb4f2020e77ab3?s=96&d=mm&r=g","contentUrl":"https:\/\/secure.gravatar.com\/avatar\/2e02d082d139dd6eb634318c9cf2c3a8281db62f24f87a134adb4f2020e77ab3?s=96&d=mm&r=g","caption":"Vasile Filat"},"description":"P\u0103storesc\u00a0Biserica Bunavestire din Chi\u0219in\u0103u, predau Cuv\u00e2ntul lui Dumnezeu la\u00a0Institutul de Studiu Biblic Inductiv din Eurasia\u00a0\u0219i conduc\u00a0Asocia\u021bia \"\u00cenv\u0103\u021b\u0103tur\u0103 din Cuv\u00e2nt - Precept Ministries\" din Moldova. \u00cempreun\u0103 cu so\u021bia mea\u00a0Anastasia, avem trei copii. Din Aprilie 2007 am oferit r\u0103spunsuri din Biblie pe acest site la \u00eentreb\u0103ri adresate de cititori. Mai mult despre mine citi\u021bi\u00a0aici.","url":"https:\/\/moldovacrestina.md\/fr\/author\/vasile-filat\/"}]}},"jetpack_featured_media_url":"https:\/\/moldovacrestina.md\/wp-content\/uploads\/2017\/12\/61283839866_abortions-arent-spoken-pro-life-circles.jpg","video_meta":false,"featured_image":"https:\/\/moldovacrestina.md\/wp-content\/uploads\/2017\/12\/61283839866_abortions-arent-spoken-pro-life-circles.jpg","wpml":{"language_code":"fr","locale":"fr_FR","text_direction":false,"display_name":"Fran\u00e7ais","native_name":"Francez\u0103","different_language":false},"jetpack-related-posts":[{"id":365240,"url":"https:\/\/moldovacrestina.md\/nu-e-un-eveniment-mare-e-ceva-mai-simplu-oameni\/","url_meta":{"origin":59091,"position":0},"title":"Nu e un eveniment mare. E ceva mai simplu: oameni.","author":"Moldova Cre\u0219tin\u0103","date":"17 avril 2026","format":false,"excerpt":"La c\u00e2\u021biva kilometri de Chi\u0219in\u0103u, \u00een satul Bardar, o familie porne\u0219te \u00een fiecare weekend la drum pentru o misiune simpl\u0103, dar profund\u0103: oameni \u0219i copii. Vezi cum prinde via\u021b\u0103 Clubul copiilor din Bardar \u2014 un loc sigur unde cei mici \u00eenva\u021b\u0103 lec\u021bii pentru via\u021b\u0103, despre curaj, respect, prietenie \u0219i credin\u021b\u0103.\u2026","rel":"","context":"<span class=\"jp-relatedposts-post-author\">Moldova Cre\u0219tin\u0103<\/span>","block_context":{"text":"MCTV","link":"https:\/\/moldovacrestina.md\/mctv\/"},"img":{"alt_text":"","src":"https:\/\/i0.wp.com\/cdn.moldovacrestina.md\/2026\/04\/9986b949-g-_9romql9k.jpg?resize=350%2C200&ssl=1","width":350,"height":200,"srcset":"https:\/\/i0.wp.com\/cdn.moldovacrestina.md\/2026\/04\/9986b949-g-_9romql9k.jpg?resize=350%2C200&ssl=1 1x, https:\/\/i0.wp.com\/cdn.moldovacrestina.md\/2026\/04\/9986b949-g-_9romql9k.jpg?resize=525%2C300&ssl=1 1.5x, https:\/\/i0.wp.com\/cdn.moldovacrestina.md\/2026\/04\/9986b949-g-_9romql9k.jpg?resize=700%2C400&ssl=1 2x, https:\/\/i0.wp.com\/cdn.moldovacrestina.md\/2026\/04\/9986b949-g-_9romql9k.jpg?resize=1050%2C600&ssl=1 3x"},"classes":[]},{"id":365343,"url":"https:\/\/moldovacrestina.md\/esti-sufocat-la-locul-de-munca-nu-pleca-pana-nu-faci-aceasta-pastor-vasile-filat\/","url_meta":{"origin":59091,"position":1},"title":"E\u0219ti sufocat la locul de munc\u0103? Nu pleca p\u00e2n\u0103 nu faci aceasta | Pastor Vasile Filat","author":"Moldova Cre\u0219tin\u0103","date":"30 avril 2026","format":false,"excerpt":"Te sim\u021bi sufocat(\u0103) la locul de munc\u0103, e\u0219ti ap\u0103sat(\u0103) de manager \u0219i tr\u0103ie\u0219ti cu frica de \u201ece vor zice oamenii\u201d dac\u0103 demisionezi? \u00cen acest video vorbim despre cum s\u0103 iei o decizie \u00een\u021beleapt\u0103 c\u00e2nd lucrezi \u00eentr-un business de familie, cum s\u0103 pui limite clare f\u0103r\u0103 vinov\u0103\u021bie \u0219i cum s\u0103 cau\u021bi\u2026","rel":"","context":"<span class=\"jp-relatedposts-post-author\">Moldova Cre\u0219tin\u0103<\/span>","block_context":{"text":"MCTV","link":"https:\/\/moldovacrestina.md\/mctv\/"},"img":{"alt_text":"","src":"https:\/\/i0.wp.com\/cdn.moldovacrestina.md\/2026\/04\/cf31591f-fmzy1i2ztmq.jpg?resize=350%2C200&ssl=1","width":350,"height":200,"srcset":"https:\/\/i0.wp.com\/cdn.moldovacrestina.md\/2026\/04\/cf31591f-fmzy1i2ztmq.jpg?resize=350%2C200&ssl=1 1x, https:\/\/i0.wp.com\/cdn.moldovacrestina.md\/2026\/04\/cf31591f-fmzy1i2ztmq.jpg?resize=525%2C300&ssl=1 1.5x, https:\/\/i0.wp.com\/cdn.moldovacrestina.md\/2026\/04\/cf31591f-fmzy1i2ztmq.jpg?resize=700%2C400&ssl=1 2x, https:\/\/i0.wp.com\/cdn.moldovacrestina.md\/2026\/04\/cf31591f-fmzy1i2ztmq.jpg?resize=1050%2C600&ssl=1 3x"},"classes":[]},{"id":364175,"url":"https:\/\/moldovacrestina.md\/este-liturghia-o-jertfa-ce-spune-biblia-pastor-vasile-filat\/","url_meta":{"origin":59091,"position":2},"title":"Este liturghia o jertf\u0103? Ce spune Biblia? | Pastor Vasile Filat","author":"Moldova Cre\u0219tin\u0103","date":"10 d\u00e9cembre 2025","format":false,"excerpt":"Ce spune Biblia despre jertfa adus\u0103 la sf\u00e2nta liturghie? Pastorul Vasile Filat explic\u0103, prin texte clare din Scriptur\u0103, dac\u0103 liturghia este o jertf\u0103 repetat\u0103 sau o comemorare a jertfei lui Hristos. Afl\u0103 ce \u00eenseamn\u0103, de fapt, Cina Domnului \u0219i ce spune Biblia despre suficien\u021ba jertfei de pe Golgota. Subiecte abordate\u2026","rel":"","context":"<span class=\"jp-relatedposts-post-author\">Moldova Cre\u0219tin\u0103<\/span>","block_context":{"text":"MCTV","link":"https:\/\/moldovacrestina.md\/mctv\/"},"img":{"alt_text":"","src":"https:\/\/i0.wp.com\/cdn.moldovacrestina.md\/2025\/12\/0f8e955d-h2mhpwxffr0.jpg?resize=350%2C200&ssl=1","width":350,"height":200,"srcset":"https:\/\/i0.wp.com\/cdn.moldovacrestina.md\/2025\/12\/0f8e955d-h2mhpwxffr0.jpg?resize=350%2C200&ssl=1 1x, https:\/\/i0.wp.com\/cdn.moldovacrestina.md\/2025\/12\/0f8e955d-h2mhpwxffr0.jpg?resize=525%2C300&ssl=1 1.5x, https:\/\/i0.wp.com\/cdn.moldovacrestina.md\/2025\/12\/0f8e955d-h2mhpwxffr0.jpg?resize=700%2C400&ssl=1 2x, https:\/\/i0.wp.com\/cdn.moldovacrestina.md\/2025\/12\/0f8e955d-h2mhpwxffr0.jpg?resize=1050%2C600&ssl=1 3x"},"classes":[]},{"id":363310,"url":"https:\/\/moldovacrestina.md\/nici-la-moartea-parintilor-nu-va-oferi-mancare-cuiva\/","url_meta":{"origin":59091,"position":3},"title":"Nici la moartea p\u0103rin\u021bilor nu va oferi m\u00e2ncare cuiva\u2026","author":"Moldova Cre\u0219tin\u0103","date":"25 juillet 2025","format":false,"excerpt":"\u00ceNTREBARE: Pace, frate! Am \u0219i eu o nedumerire. M\u0103 contraziceam cu tata: \u00een caz de o \u00eenmorm\u00e2ntare, eu am zis c\u0103 nu a\u0219 da nici m\u0103car pr\u0103jituri \u0219i nici suc. Am zis doar ap\u0103, ca s\u0103 nu \u00eei fie cuiva sete. Tata mi-a zis s\u0103 vorbesc cu un predicator poc\u0103it\u2026","rel":"","context":"<span class=\"jp-relatedposts-post-author\">Moldova Cre\u0219tin\u0103<\/span>","block_context":{"text":"MCTV","link":"https:\/\/moldovacrestina.md\/mctv\/"},"img":{"alt_text":"","src":"https:\/\/i0.wp.com\/cdn.moldovacrestina.md\/2025\/07\/ba7ab153-h1zvfmsmux8.jpg?resize=350%2C200&ssl=1","width":350,"height":200,"srcset":"https:\/\/i0.wp.com\/cdn.moldovacrestina.md\/2025\/07\/ba7ab153-h1zvfmsmux8.jpg?resize=350%2C200&ssl=1 1x, https:\/\/i0.wp.com\/cdn.moldovacrestina.md\/2025\/07\/ba7ab153-h1zvfmsmux8.jpg?resize=525%2C300&ssl=1 1.5x, https:\/\/i0.wp.com\/cdn.moldovacrestina.md\/2025\/07\/ba7ab153-h1zvfmsmux8.jpg?resize=700%2C400&ssl=1 2x, https:\/\/i0.wp.com\/cdn.moldovacrestina.md\/2025\/07\/ba7ab153-h1zvfmsmux8.jpg?resize=1050%2C600&ssl=1 3x"},"classes":[]},{"id":362355,"url":"https:\/\/moldovacrestina.md\/andrian-lascu-copilarie-rebela-credinta-in-dumnezeu-sansa-de-a-fi-parinte-campion-la-futsal\/","url_meta":{"origin":59091,"position":4},"title":"Andrian La\u0219cu: Copil\u0103rie rebel\u0103, credin\u021ba \u00een Dumnezeu, \u0219ansa de a fi p\u0103rinte, campion la futsal.","author":"Moldova Cre\u0219tin\u0103","date":"16 mars 2025","format":false,"excerpt":"Andrian La\u0219cu de\u021bine dou\u0103 titluri de campion al Rom\u00e2niei \u0219i a fost ales \u00een dou\u0103 r\u00e2nduri cel mai bun juc\u0103tor de futsal al anului \u00een Republica Moldova. Conform Federa\u021biei Moldovene\u0219ti de Fotbal el se num\u0103r\u0103 printre cei mai valoro\u0219i juc\u0103tori din Liga 1 rom\u00e2neasc\u0103 de fotbal de sal\u0103. Afla\u021bi din\u2026","rel":"","context":"<span class=\"jp-relatedposts-post-author\">Moldova Cre\u0219tin\u0103<\/span>","block_context":{"text":"MCTV","link":"https:\/\/moldovacrestina.md\/mctv\/"},"img":{"alt_text":"","src":"https:\/\/i0.wp.com\/cdn.moldovacrestina.md\/2025\/03\/a1a5e5b7-vb0e2k6ablc.jpg?resize=350%2C200&ssl=1","width":350,"height":200,"srcset":"https:\/\/i0.wp.com\/cdn.moldovacrestina.md\/2025\/03\/a1a5e5b7-vb0e2k6ablc.jpg?resize=350%2C200&ssl=1 1x, https:\/\/i0.wp.com\/cdn.moldovacrestina.md\/2025\/03\/a1a5e5b7-vb0e2k6ablc.jpg?resize=525%2C300&ssl=1 1.5x, https:\/\/i0.wp.com\/cdn.moldovacrestina.md\/2025\/03\/a1a5e5b7-vb0e2k6ablc.jpg?resize=700%2C400&ssl=1 2x, https:\/\/i0.wp.com\/cdn.moldovacrestina.md\/2025\/03\/a1a5e5b7-vb0e2k6ablc.jpg?resize=1050%2C600&ssl=1 3x"},"classes":[]}],"jetpack_sharing_enabled":true,"_links":{"self":[{"href":"https:\/\/moldovacrestina.md\/fr\/wp-json\/wp\/v2\/posts\/59091","targetHints":{"allow":["GET"]}}],"collection":[{"href":"https:\/\/moldovacrestina.md\/fr\/wp-json\/wp\/v2\/posts"}],"about":[{"href":"https:\/\/moldovacrestina.md\/fr\/wp-json\/wp\/v2\/types\/post"}],"author":[{"embeddable":true,"href":"https:\/\/moldovacrestina.md\/fr\/wp-json\/wp\/v2\/users\/46"}],"replies":[{"embeddable":true,"href":"https:\/\/moldovacrestina.md\/fr\/wp-json\/wp\/v2\/comments?post=59091"}],"version-history":[{"count":0,"href":"https:\/\/moldovacrestina.md\/fr\/wp-json\/wp\/v2\/posts\/59091\/revisions"}],"wp:featuredmedia":[{"embeddable":true,"href":"https:\/\/moldovacrestina.md\/fr\/wp-json\/wp\/v2\/media\/59092"}],"wp:attachment":[{"href":"https:\/\/moldovacrestina.md\/fr\/wp-json\/wp\/v2\/media?parent=59091"}],"wp:term":[{"taxonomy":"category","embeddable":true,"href":"https:\/\/moldovacrestina.md\/fr\/wp-json\/wp\/v2\/categories?post=59091"},{"taxonomy":"post_tag","embeddable":true,"href":"https:\/\/moldovacrestina.md\/fr\/wp-json\/wp\/v2\/tags?post=59091"}],"curies":[{"name":"wp","href":"https:\/\/api.w.org\/{rel}","templated":true}]}}