{"id":57982,"date":"2013-01-25T21:23:18","date_gmt":"2013-01-25T19:23:18","guid":{"rendered":"https:\/\/moldovacrestina.md\/bapteme-signification-conditions"},"modified":"2017-05-03T18:44:36","modified_gmt":"2017-05-03T16:44:36","slug":"bapteme-signification-conditions","status":"publish","type":"post","link":"https:\/\/moldovacrestina.md\/fr\/bapteme-signification-conditions\/","title":{"rendered":"Quel est la signification et les conditions du bapt\u00eame?"},"content":{"rendered":"<p><img loading=\"lazy\" decoding=\"async\" class=\"alignnone wp-image-98135 size-large\" src=\"https:\/\/cdn.moldovacrestina.md\/2013\/01\/12525105_1144556152251161_418329609417962859_o-1024x683.jpg\" alt=\"Quel est la signification et les conditions du bapt\u00eame?\" width=\"640\" height=\"427\" \/>Question:<\/p>\n<blockquote class=\"td_quote_box td_box_center\"><p><em>Que\u00a0signifie le bapt\u00eame\u00a0et que nous devons\u00a0savoir\u00a0avant le\u00a0bapt\u00eame\u00a0?<\/em><\/p><\/blockquote>\n<h2><strong>Que signifie le bapt\u00eame?<\/strong><\/h2>\n<h3>1.<strong>\u00a0<\/strong><strong>L\u2019engagement d\u2019une bonne conscience<\/strong><\/h3>\n<p>Dans\u00a0la premi\u00e8re \u00e9p\u00eetre de\u00a0Pierre il est \u00e9crit :<\/p>\n<blockquote class=\"td_quote_box td_box_center\"><p>Cette eau \u00e9tait une figure du bapt\u00eame, qui n\u2019est pas la purification des souillures du corps, mais<strong>\u00a0<\/strong><strong>l\u2019engagement d\u2019une bonne conscience envers Dieu<\/strong>, et qui maintenant vous sauve, vous aussi, par la r\u00e9surrection de J\u00e9sus Christ, qui est \u00e0 la droite de Dieu, depuis qu\u2019il est all\u00e9 au ciel, et que les anges, les autorit\u00e9s et les puissances, lui ont \u00e9t\u00e9 soumis. (1 Pierre 3:21-22)<\/p><\/blockquote>\n<p>Donc\u00a0le bapt\u00eame\u00a0ne nous sauve pas car\u00a0il ne purifie pas les\u00a0souillures du corps mais il est\u00a0l\u2019engagement d\u2019une bonne conscience envers Dieu et envers les personnes. Et il\u00a0certifie que notre\u00a0esprit a \u00e9t\u00e9\u00a0purifi\u00e9 par le sang\u00a0de J\u00e9sus, dans Lequel nous croyons.<\/p>\n<h3><strong>2.<\/strong><strong>\u00a0L\u2019i<\/strong><strong>dentification avec la<\/strong><strong>\u00a0<\/strong><strong>mort et la r\u00e9surrection<\/strong><strong>\u00a0<\/strong><strong>de J\u00e9sus-Christ<\/strong><\/h3>\n<p>Dans\u00a0l\u2019Ep\u00eetre pour\u00a0Romains,\u00a0l\u2019ap\u00f4tre Paul\u00a0a\u00a0\u00e9crit ceci \u00e0 propos\u00a0du bapt\u00eame :<\/p>\n<blockquote class=\"td_quote_box td_box_center\"><p>Ignorez-vous que nous tous qui avons \u00e9t\u00e9 baptis\u00e9s en J\u00e9sus Christ,<strong>\u00a0<\/strong><strong>c\u2019est en sa mort que nous avons \u00e9t\u00e9 baptis\u00e9s<\/strong>?\u00a0Nous avons donc \u00e9t\u00e9 ensevelis avec lui par le bapt\u00eame en sa mort, afin que, comme Christ est ressuscit\u00e9 des morts par la gloire du P\u00e8re, de m\u00eame nous aussi nous marchions en nouveaut\u00e9 de vie.\u00a0En effet, si<strong>\u00a0<\/strong><strong>nous sommes devenus une m\u00eame plante avec lui par la conformit\u00e9 \u00e0 sa mort, nous le serons aussi par la conformit\u00e9 \u00e0 sa r\u00e9surrection<\/strong>\u00a0(Romains 6: 3 \u2013 5)<\/p><\/blockquote>\n<p>Donc par le bapt\u00eame, nous\u00a0les chr\u00e9tiens,\u00a0nous avons identifi\u00e9s\u00a0par la foi\u00a0avec la\u00a0mort et la r\u00e9surrection\u00a0du Christ.<\/p>\n<h2>\u00a0<strong>Que<\/strong><strong>\u00a0devons-nous<\/strong><strong> connaitre<\/strong><strong>\u00a0<\/strong><strong>avant le<\/strong><strong>\u00a0<\/strong><strong>bapt\u00eame ?<\/strong><\/h2>\n<h3><strong>1.\u00a0<\/strong><strong>\u00a0<\/strong><strong>La condition<\/strong><strong>\u00a0<\/strong><strong>de base est<\/strong><strong>\u00a0<\/strong><strong>une foi de tout c\u0153ur<\/strong><\/h3>\n<p>Dans\u00a0le livre des Actes\u00a0est\u00a0racont\u00e9 comment le\u00a0Saint-Esprit a envoy\u00e9\u00a0Philippe pr\u00eacher l\u2019Evangile\u00a0\u00e0 un\u00a0eunuque \u00e9thiopien\u00a0qui a compris et\u00a0qui a re\u00e7u la Nouvelle\u00a0du Salut.<\/p>\n<blockquote class=\"td_quote_box td_box_center\"><p>Comme ils continuaient leur chemin, ils rencontr\u00e8rent de l\u2019eau. Et l\u2019eunuque dit: Voici de l\u2019eau;\u00a0<strong>qu\u2019est-ce qui emp\u00eache que je ne sois baptis\u00e9?<\/strong>\u00a0Philippe dit:\u00a0<strong>Si tu crois de tout ton c\u0153ur, cela est possible<\/strong>. L\u2019eunuque r\u00e9pondit: Je crois que J\u00e9sus Christ est le Fils de Dieu. (Actes 6: 36 \u2013 37)<\/p><\/blockquote>\n<p>On ne peut pas\u00a0\u00eatre baptis\u00e9\u00a0si l\u2019on ne\u00a0croit pas de tout c\u0153ur\u00a0en J\u00e9sus-Christ.<\/p>\n<h3><strong>2.<\/strong><strong>\u00a0<\/strong><strong>La repentance est<\/strong><strong>\u00a0<\/strong><strong>aussi une condition basique<\/strong><\/h3>\n<p>Au jour\u00a0de la Pentec\u00f4te, l\u2019ap\u00f4tre Pierre\u00a0a pr\u00each\u00e9 l\u2019Evangile \u00e0\u00a0ceux qui \u00e9taient rassembl\u00e9s\u00a0\u00e0 J\u00e9rusalem :<\/p>\n<blockquote class=\"td_quote_box td_box_center\"><p>Apr\u00e8s avoir entendu ce discours, ils eurent le c\u0153ur vivement touch\u00e9, et ils dirent \u00e0 Pierre et aux autres ap\u00f4tres: Hommes fr\u00e8res, que ferons-nous?\u00a0Pierre leur dit:\u00a0<strong>Repentez-vous<\/strong>, et que chacun de vous soit baptis\u00e9 au nom de J\u00e9sus Christ, pour le pardon de vos p\u00e9ch\u00e9s; et vous recevrez le don du Saint Esprit.\u00a0Car la promesse est pour vous, pour vos enfants, et pour tous ceux qui sont au loin, en aussi grand nombre que le Seigneur notre Dieu les appellera. (Actes 2: 37-39)<\/p><\/blockquote>\n<p>La repentance n\u2019est pas\u00a0seulement\u00a0une\u00a0douleur\u00a0pour les p\u00e9ch\u00e9s,\u00a0mais c\u2019est l\u2019entr\u00e9e\u00a0dans la Nouvelle Alliance\u00a0avec J\u00e9sus,\u00a0le n\u00e9 de nouveau\u00a0ou le bapt\u00eame\u00a0avec l\u2019Esprit Saint.\u00a0Cette transformation de\u00a0la vie humaine\u00a0est obligatoire afin qu\u2019on re\u00e7oive\u00a0le bapt\u00eame\u00a0d\u2019eau.<\/p>\n<h3><strong>3.<\/strong><strong>\u00a0<\/strong><strong>Le bapt\u00eame est<\/strong><strong>\u00a0<\/strong><strong>l\u2019ordre<\/strong><strong>\u00a0<\/strong><strong>de J\u00e9sus<\/strong><\/h3>\n<p>Certaines personnes disent\u00a0qu\u2019ils\u00a0se sont repentis\u00a0et sont entr\u00e9s en\u00a0alliance avec\u00a0J\u00e9sus mais\u00a0ils ne se pr\u00e9cipitent pas\u00a0d\u2019\u00eatre baptis\u00e9. Ces personnes\u00a0n\u2019\u00e9coutent pas les paroles de\u00a0notre Sauveur qui a dit\u00a0\u00e0 ses disciples\u00a0avant son ascension\u00a0au ciel :<\/p>\n<blockquote class=\"td_quote_box td_box_center\"><p>Puis il leur dit:\u00a0Allez par tout le monde, et pr\u00eachez la bonne nouvelle \u00e0 toute la cr\u00e9ation.\u00a0Celui qui croira et qui sera baptis\u00e9 sera sauv\u00e9, mais celui qui ne croira pas sera condamn\u00e9.\u00a0(Marc 16:15-16)<\/p><\/blockquote>\n<p>Si vous dites que\u00a0vous avez choisi d\u2019ob\u00e9ir \u00e0 J\u00e9sus\u00a0de tout c\u0153ur,\u00a0vous devez \u00eatre baptis\u00e9\u00a0et ne pas\u00a0remettre \u00e0 plus tard.\u00a0Parlez avec le\u00a0pasteur ou\u00a0le pr\u00eatre\u00a0d\u2019un l\u2019\u00e9glise\u00a0locale\u00a0et dicter lui\u00a0votre d\u00e9sir d\u2019\u00eatre\u00a0baptis\u00e9.<\/p>\n<p><em>Traduction par Diana Ta\u0219ca.<\/em><\/p>\n","protected":false},"excerpt":{"rendered":"<p>Question: Que\u00a0signifie le bapt\u00eame\u00a0et que nous devons\u00a0savoir\u00a0avant le\u00a0bapt\u00eame\u00a0? Que signifie le bapt\u00eame? 1.\u00a0L\u2019engagement d\u2019une bonne conscience Dans\u00a0la premi\u00e8re \u00e9p\u00eetre de\u00a0Pierre il est \u00e9crit : Cette eau \u00e9tait une figure du bapt\u00eame, qui n\u2019est pas la purification des souillures du corps, mais\u00a0l\u2019engagement d\u2019une bonne conscience envers Dieu, et qui maintenant vous sauve, vous aussi, par la [&hellip;]<\/p>\n","protected":false},"author":46,"featured_media":98135,"comment_status":"closed","ping_status":"closed","sticky":false,"template":"","format":"standard","meta":{"_acf_changed":false,"inline_featured_image":false,"_monsterinsights_skip_tracking":false,"_monsterinsights_sitenote_active":false,"_monsterinsights_sitenote_note":"","_monsterinsights_sitenote_category":0,"_genesis_hide_title":false,"_genesis_hide_breadcrumbs":false,"_genesis_hide_singular_image":false,"_genesis_hide_footer_widgets":false,"_genesis_custom_body_class":"","_genesis_custom_post_class":"","_genesis_layout":"","ep_exclude_from_search":false,"_jetpack_memberships_contains_paid_content":false,"footnotes":""},"categories":[29840],"tags":[10829,10830,10831],"class_list":{"0":"post-57982","1":"post","2":"type-post","3":"status-publish","4":"format-standard","5":"has-post-thumbnail","7":"category-reponses-de-la-bible","8":"tag-bapteme","9":"tag-bapteme-conditions","10":"tag-bapteme-signification","11":"entry"},"acf":[],"yoast_head":"<!-- This site is optimized with the Yoast SEO Premium plugin v26.5 (Yoast SEO v27.4) - https:\/\/yoast.com\/product\/yoast-seo-premium-wordpress\/ -->\n<title>Qu&#039;est-ce que nous devons savoir sur le bapt\u00eame<\/title>\n<meta name=\"description\" content=\"Le bapt\u00eame signifie l&#039;engagement d&#039;une bonne conscience envers Dieu et envers gens, et l&#039;identification avec la mort et la r\u00e9surrection de J\u00e9sus.\" \/>\n<meta name=\"robots\" content=\"index, follow, max-snippet:-1, max-image-preview:large, max-video-preview:-1\" \/>\n<link rel=\"canonical\" href=\"https:\/\/moldovacrestina.md\/fr\/bapteme-signification-conditions\/\" \/>\n<meta property=\"og:locale\" content=\"fr_FR\" \/>\n<meta property=\"og:type\" content=\"article\" \/>\n<meta property=\"og:title\" content=\"Quel est la signification et les conditions du bapt\u00eame?\" \/>\n<meta property=\"og:description\" content=\"Le bapt\u00eame signifie l&#039;engagement d&#039;une bonne conscience envers Dieu et envers gens, et l&#039;identification avec la mort et la r\u00e9surrection de J\u00e9sus.\" \/>\n<meta property=\"og:url\" content=\"https:\/\/moldovacrestina.md\/fr\/bapteme-signification-conditions\/\" \/>\n<meta property=\"og:site_name\" content=\"Moldova Cre\u0219tin\u0103\" \/>\n<meta property=\"article:publisher\" content=\"https:\/\/www.facebook.com\/moldovacrestina\/\" \/>\n<meta property=\"article:published_time\" content=\"2013-01-25T19:23:18+00:00\" \/>\n<meta property=\"article:modified_time\" content=\"2017-05-03T16:44:36+00:00\" \/>\n<meta property=\"og:image\" content=\"https:\/\/cdn.moldovacrestina.md\/2013\/01\/12525105_1144556152251161_418329609417962859_o.jpg\" \/>\n\t<meta property=\"og:image:width\" content=\"1234\" \/>\n\t<meta property=\"og:image:height\" content=\"823\" \/>\n\t<meta property=\"og:image:type\" content=\"image\/jpeg\" \/>\n<meta name=\"author\" content=\"Vasile Filat\" \/>\n<meta name=\"twitter:card\" content=\"summary_large_image\" \/>\n<meta name=\"twitter:creator\" content=\"@moldovacrestina\" \/>\n<meta name=\"twitter:site\" content=\"@moldovacrestina\" \/>\n<meta name=\"twitter:label1\" content=\"\u00c9crit par\" \/>\n\t<meta name=\"twitter:data1\" content=\"Vasile Filat\" \/>\n\t<meta name=\"twitter:label2\" content=\"Dur\u00e9e de lecture estim\u00e9e\" \/>\n\t<meta name=\"twitter:data2\" content=\"4 minutes\" \/>\n<script type=\"application\/ld+json\" class=\"yoast-schema-graph\">{\"@context\":\"https:\\\/\\\/schema.org\",\"@graph\":[{\"@type\":\"Article\",\"@id\":\"https:\\\/\\\/moldovacrestina.md\\\/fr\\\/bapteme-signification-conditions\\\/#article\",\"isPartOf\":{\"@id\":\"https:\\\/\\\/moldovacrestina.md\\\/fr\\\/bapteme-signification-conditions\\\/\"},\"author\":{\"name\":\"Vasile Filat\",\"@id\":\"https:\\\/\\\/moldovacrestina.md\\\/fr\\\/#\\\/schema\\\/person\\\/04b204bbb582cc832c3d2424f5d27dc0\"},\"headline\":\"Quel est la signification et les conditions du bapt\u00eame?\",\"datePublished\":\"2013-01-25T19:23:18+00:00\",\"dateModified\":\"2017-05-03T16:44:36+00:00\",\"mainEntityOfPage\":{\"@id\":\"https:\\\/\\\/moldovacrestina.md\\\/fr\\\/bapteme-signification-conditions\\\/\"},\"wordCount\":764,\"image\":{\"@id\":\"https:\\\/\\\/moldovacrestina.md\\\/fr\\\/bapteme-signification-conditions\\\/#primaryimage\"},\"thumbnailUrl\":\"https:\\\/\\\/moldovacrestina.md\\\/wp-content\\\/uploads\\\/2013\\\/01\\\/12525105_1144556152251161_418329609417962859_o.jpg\",\"keywords\":[\"bapt\u00eame\",\"bapt\u00eame conditions\",\"bapt\u00eame signification\"],\"articleSection\":[\"R\u00e9ponses de la Bible\"],\"inLanguage\":\"fr-FR\"},{\"@type\":\"WebPage\",\"@id\":\"https:\\\/\\\/moldovacrestina.md\\\/fr\\\/bapteme-signification-conditions\\\/\",\"url\":\"https:\\\/\\\/moldovacrestina.md\\\/fr\\\/bapteme-signification-conditions\\\/\",\"name\":\"Qu'est-ce que nous devons savoir sur le bapt\u00eame\",\"isPartOf\":{\"@id\":\"https:\\\/\\\/moldovacrestina.md\\\/fr\\\/#website\"},\"primaryImageOfPage\":{\"@id\":\"https:\\\/\\\/moldovacrestina.md\\\/fr\\\/bapteme-signification-conditions\\\/#primaryimage\"},\"image\":{\"@id\":\"https:\\\/\\\/moldovacrestina.md\\\/fr\\\/bapteme-signification-conditions\\\/#primaryimage\"},\"thumbnailUrl\":\"https:\\\/\\\/moldovacrestina.md\\\/wp-content\\\/uploads\\\/2013\\\/01\\\/12525105_1144556152251161_418329609417962859_o.jpg\",\"datePublished\":\"2013-01-25T19:23:18+00:00\",\"dateModified\":\"2017-05-03T16:44:36+00:00\",\"author\":{\"@id\":\"https:\\\/\\\/moldovacrestina.md\\\/fr\\\/#\\\/schema\\\/person\\\/04b204bbb582cc832c3d2424f5d27dc0\"},\"description\":\"Le bapt\u00eame signifie l'engagement d'une bonne conscience envers Dieu et envers gens, et l'identification avec la mort et la r\u00e9surrection de J\u00e9sus.\",\"breadcrumb\":{\"@id\":\"https:\\\/\\\/moldovacrestina.md\\\/fr\\\/bapteme-signification-conditions\\\/#breadcrumb\"},\"inLanguage\":\"fr-FR\",\"potentialAction\":[{\"@type\":\"ReadAction\",\"target\":[\"https:\\\/\\\/moldovacrestina.md\\\/fr\\\/bapteme-signification-conditions\\\/\"]}]},{\"@type\":\"ImageObject\",\"inLanguage\":\"fr-FR\",\"@id\":\"https:\\\/\\\/moldovacrestina.md\\\/fr\\\/bapteme-signification-conditions\\\/#primaryimage\",\"url\":\"https:\\\/\\\/moldovacrestina.md\\\/wp-content\\\/uploads\\\/2013\\\/01\\\/12525105_1144556152251161_418329609417962859_o.jpg\",\"contentUrl\":\"https:\\\/\\\/moldovacrestina.md\\\/wp-content\\\/uploads\\\/2013\\\/01\\\/12525105_1144556152251161_418329609417962859_o.jpg\",\"width\":1234,\"height\":823},{\"@type\":\"BreadcrumbList\",\"@id\":\"https:\\\/\\\/moldovacrestina.md\\\/fr\\\/bapteme-signification-conditions\\\/#breadcrumb\",\"itemListElement\":[{\"@type\":\"ListItem\",\"position\":1,\"name\":\"Prima pagin\u0103\",\"item\":\"https:\\\/\\\/moldovacrestina.md\\\/fr\\\/\"},{\"@type\":\"ListItem\",\"position\":2,\"name\":\"R\u00e9ponses de la Bible\",\"item\":\"https:\\\/\\\/moldovacrestina.md\\\/fr\\\/reponses-de-la-bible\\\/\"},{\"@type\":\"ListItem\",\"position\":3,\"name\":\"Quel est la signification et les conditions du bapt\u00eame?\"}]},{\"@type\":\"WebSite\",\"@id\":\"https:\\\/\\\/moldovacrestina.md\\\/fr\\\/#website\",\"url\":\"https:\\\/\\\/moldovacrestina.md\\\/fr\\\/\",\"name\":\"Moldova Cre\u0219tin\u0103\",\"description\":\"R\u0103spunsuri relevante \u0219i actuale din Biblie\",\"potentialAction\":[{\"@type\":\"SearchAction\",\"target\":{\"@type\":\"EntryPoint\",\"urlTemplate\":\"https:\\\/\\\/moldovacrestina.md\\\/fr\\\/?s={search_term_string}\"},\"query-input\":{\"@type\":\"PropertyValueSpecification\",\"valueRequired\":true,\"valueName\":\"search_term_string\"}}],\"inLanguage\":\"fr-FR\"},{\"@type\":\"Person\",\"@id\":\"https:\\\/\\\/moldovacrestina.md\\\/fr\\\/#\\\/schema\\\/person\\\/04b204bbb582cc832c3d2424f5d27dc0\",\"name\":\"Vasile Filat\",\"image\":{\"@type\":\"ImageObject\",\"inLanguage\":\"fr-FR\",\"@id\":\"https:\\\/\\\/secure.gravatar.com\\\/avatar\\\/2e02d082d139dd6eb634318c9cf2c3a8281db62f24f87a134adb4f2020e77ab3?s=96&d=mm&r=g\",\"url\":\"https:\\\/\\\/secure.gravatar.com\\\/avatar\\\/2e02d082d139dd6eb634318c9cf2c3a8281db62f24f87a134adb4f2020e77ab3?s=96&d=mm&r=g\",\"contentUrl\":\"https:\\\/\\\/secure.gravatar.com\\\/avatar\\\/2e02d082d139dd6eb634318c9cf2c3a8281db62f24f87a134adb4f2020e77ab3?s=96&d=mm&r=g\",\"caption\":\"Vasile Filat\"},\"description\":\"P\u0103storesc\u00a0Biserica Bunavestire din Chi\u0219in\u0103u, predau Cuv\u00e2ntul lui Dumnezeu la\u00a0Institutul de Studiu Biblic Inductiv din Eurasia\u00a0\u0219i conduc\u00a0Asocia\u021bia \\\"\u00cenv\u0103\u021b\u0103tur\u0103 din Cuv\u00e2nt - Precept Ministries\\\" din Moldova. \u00cempreun\u0103 cu so\u021bia mea\u00a0Anastasia, avem trei copii. Din Aprilie 2007 am oferit r\u0103spunsuri din Biblie pe acest site la \u00eentreb\u0103ri adresate de cititori. Mai mult despre mine citi\u021bi\u00a0aici.\",\"url\":\"https:\\\/\\\/moldovacrestina.md\\\/fr\\\/author\\\/vasile-filat\\\/\"}]}<\/script>\n<!-- \/ Yoast SEO Premium plugin. -->","yoast_head_json":{"title":"Qu'est-ce que nous devons savoir sur le bapt\u00eame","description":"Le bapt\u00eame signifie l'engagement d'une bonne conscience envers Dieu et envers gens, et l'identification avec la mort et la r\u00e9surrection de J\u00e9sus.","robots":{"index":"index","follow":"follow","max-snippet":"max-snippet:-1","max-image-preview":"max-image-preview:large","max-video-preview":"max-video-preview:-1"},"canonical":"https:\/\/moldovacrestina.md\/fr\/bapteme-signification-conditions\/","og_locale":"fr_FR","og_type":"article","og_title":"Quel est la signification et les conditions du bapt\u00eame?","og_description":"Le bapt\u00eame signifie l'engagement d'une bonne conscience envers Dieu et envers gens, et l'identification avec la mort et la r\u00e9surrection de J\u00e9sus.","og_url":"https:\/\/moldovacrestina.md\/fr\/bapteme-signification-conditions\/","og_site_name":"Moldova Cre\u0219tin\u0103","article_publisher":"https:\/\/www.facebook.com\/moldovacrestina\/","article_published_time":"2013-01-25T19:23:18+00:00","article_modified_time":"2017-05-03T16:44:36+00:00","og_image":[{"width":1234,"height":823,"url":"https:\/\/cdn.moldovacrestina.md\/2013\/01\/12525105_1144556152251161_418329609417962859_o.jpg","type":"image\/jpeg"}],"author":"Vasile Filat","twitter_card":"summary_large_image","twitter_creator":"@moldovacrestina","twitter_site":"@moldovacrestina","twitter_misc":{"\u00c9crit par":"Vasile Filat","Dur\u00e9e de lecture estim\u00e9e":"4 minutes"},"schema":{"@context":"https:\/\/schema.org","@graph":[{"@type":"Article","@id":"https:\/\/moldovacrestina.md\/fr\/bapteme-signification-conditions\/#article","isPartOf":{"@id":"https:\/\/moldovacrestina.md\/fr\/bapteme-signification-conditions\/"},"author":{"name":"Vasile Filat","@id":"https:\/\/moldovacrestina.md\/fr\/#\/schema\/person\/04b204bbb582cc832c3d2424f5d27dc0"},"headline":"Quel est la signification et les conditions du bapt\u00eame?","datePublished":"2013-01-25T19:23:18+00:00","dateModified":"2017-05-03T16:44:36+00:00","mainEntityOfPage":{"@id":"https:\/\/moldovacrestina.md\/fr\/bapteme-signification-conditions\/"},"wordCount":764,"image":{"@id":"https:\/\/moldovacrestina.md\/fr\/bapteme-signification-conditions\/#primaryimage"},"thumbnailUrl":"https:\/\/moldovacrestina.md\/wp-content\/uploads\/2013\/01\/12525105_1144556152251161_418329609417962859_o.jpg","keywords":["bapt\u00eame","bapt\u00eame conditions","bapt\u00eame signification"],"articleSection":["R\u00e9ponses de la Bible"],"inLanguage":"fr-FR"},{"@type":"WebPage","@id":"https:\/\/moldovacrestina.md\/fr\/bapteme-signification-conditions\/","url":"https:\/\/moldovacrestina.md\/fr\/bapteme-signification-conditions\/","name":"Qu'est-ce que nous devons savoir sur le bapt\u00eame","isPartOf":{"@id":"https:\/\/moldovacrestina.md\/fr\/#website"},"primaryImageOfPage":{"@id":"https:\/\/moldovacrestina.md\/fr\/bapteme-signification-conditions\/#primaryimage"},"image":{"@id":"https:\/\/moldovacrestina.md\/fr\/bapteme-signification-conditions\/#primaryimage"},"thumbnailUrl":"https:\/\/moldovacrestina.md\/wp-content\/uploads\/2013\/01\/12525105_1144556152251161_418329609417962859_o.jpg","datePublished":"2013-01-25T19:23:18+00:00","dateModified":"2017-05-03T16:44:36+00:00","author":{"@id":"https:\/\/moldovacrestina.md\/fr\/#\/schema\/person\/04b204bbb582cc832c3d2424f5d27dc0"},"description":"Le bapt\u00eame signifie l'engagement d'une bonne conscience envers Dieu et envers gens, et l'identification avec la mort et la r\u00e9surrection de J\u00e9sus.","breadcrumb":{"@id":"https:\/\/moldovacrestina.md\/fr\/bapteme-signification-conditions\/#breadcrumb"},"inLanguage":"fr-FR","potentialAction":[{"@type":"ReadAction","target":["https:\/\/moldovacrestina.md\/fr\/bapteme-signification-conditions\/"]}]},{"@type":"ImageObject","inLanguage":"fr-FR","@id":"https:\/\/moldovacrestina.md\/fr\/bapteme-signification-conditions\/#primaryimage","url":"https:\/\/moldovacrestina.md\/wp-content\/uploads\/2013\/01\/12525105_1144556152251161_418329609417962859_o.jpg","contentUrl":"https:\/\/moldovacrestina.md\/wp-content\/uploads\/2013\/01\/12525105_1144556152251161_418329609417962859_o.jpg","width":1234,"height":823},{"@type":"BreadcrumbList","@id":"https:\/\/moldovacrestina.md\/fr\/bapteme-signification-conditions\/#breadcrumb","itemListElement":[{"@type":"ListItem","position":1,"name":"Prima pagin\u0103","item":"https:\/\/moldovacrestina.md\/fr\/"},{"@type":"ListItem","position":2,"name":"R\u00e9ponses de la Bible","item":"https:\/\/moldovacrestina.md\/fr\/reponses-de-la-bible\/"},{"@type":"ListItem","position":3,"name":"Quel est la signification et les conditions du bapt\u00eame?"}]},{"@type":"WebSite","@id":"https:\/\/moldovacrestina.md\/fr\/#website","url":"https:\/\/moldovacrestina.md\/fr\/","name":"Moldova Cre\u0219tin\u0103","description":"R\u0103spunsuri relevante \u0219i actuale din Biblie","potentialAction":[{"@type":"SearchAction","target":{"@type":"EntryPoint","urlTemplate":"https:\/\/moldovacrestina.md\/fr\/?s={search_term_string}"},"query-input":{"@type":"PropertyValueSpecification","valueRequired":true,"valueName":"search_term_string"}}],"inLanguage":"fr-FR"},{"@type":"Person","@id":"https:\/\/moldovacrestina.md\/fr\/#\/schema\/person\/04b204bbb582cc832c3d2424f5d27dc0","name":"Vasile Filat","image":{"@type":"ImageObject","inLanguage":"fr-FR","@id":"https:\/\/secure.gravatar.com\/avatar\/2e02d082d139dd6eb634318c9cf2c3a8281db62f24f87a134adb4f2020e77ab3?s=96&d=mm&r=g","url":"https:\/\/secure.gravatar.com\/avatar\/2e02d082d139dd6eb634318c9cf2c3a8281db62f24f87a134adb4f2020e77ab3?s=96&d=mm&r=g","contentUrl":"https:\/\/secure.gravatar.com\/avatar\/2e02d082d139dd6eb634318c9cf2c3a8281db62f24f87a134adb4f2020e77ab3?s=96&d=mm&r=g","caption":"Vasile Filat"},"description":"P\u0103storesc\u00a0Biserica Bunavestire din Chi\u0219in\u0103u, predau Cuv\u00e2ntul lui Dumnezeu la\u00a0Institutul de Studiu Biblic Inductiv din Eurasia\u00a0\u0219i conduc\u00a0Asocia\u021bia \"\u00cenv\u0103\u021b\u0103tur\u0103 din Cuv\u00e2nt - Precept Ministries\" din Moldova. \u00cempreun\u0103 cu so\u021bia mea\u00a0Anastasia, avem trei copii. Din Aprilie 2007 am oferit r\u0103spunsuri din Biblie pe acest site la \u00eentreb\u0103ri adresate de cititori. Mai mult despre mine citi\u021bi\u00a0aici.","url":"https:\/\/moldovacrestina.md\/fr\/author\/vasile-filat\/"}]}},"jetpack_featured_media_url":"https:\/\/moldovacrestina.md\/wp-content\/uploads\/2013\/01\/12525105_1144556152251161_418329609417962859_o.jpg","video_meta":false,"featured_image":"https:\/\/moldovacrestina.md\/wp-content\/uploads\/2013\/01\/12525105_1144556152251161_418329609417962859_o.jpg","wpml":{"language_code":"fr","locale":"fr_FR","text_direction":false,"display_name":"Fran\u00e7ais","native_name":"Francez\u0103","different_language":false},"jetpack-related-posts":[{"id":363310,"url":"https:\/\/moldovacrestina.md\/nici-la-moartea-parintilor-nu-va-oferi-mancare-cuiva\/","url_meta":{"origin":57982,"position":0},"title":"Nici la moartea p\u0103rin\u021bilor nu va oferi m\u00e2ncare cuiva\u2026","author":"Moldova Cre\u0219tin\u0103","date":"25 juillet 2025","format":false,"excerpt":"\u00ceNTREBARE: Pace, frate! Am \u0219i eu o nedumerire. M\u0103 contraziceam cu tata: \u00een caz de o \u00eenmorm\u00e2ntare, eu am zis c\u0103 nu a\u0219 da nici m\u0103car pr\u0103jituri \u0219i nici suc. Am zis doar ap\u0103, ca s\u0103 nu \u00eei fie cuiva sete. Tata mi-a zis s\u0103 vorbesc cu un predicator poc\u0103it\u2026","rel":"","context":"<span class=\"jp-relatedposts-post-author\">Moldova Cre\u0219tin\u0103<\/span>","block_context":{"text":"MCTV","link":"https:\/\/moldovacrestina.md\/mctv\/"},"img":{"alt_text":"","src":"https:\/\/i0.wp.com\/cdn.moldovacrestina.md\/2025\/07\/ba7ab153-h1zvfmsmux8.jpg?resize=350%2C200&ssl=1","width":350,"height":200,"srcset":"https:\/\/i0.wp.com\/cdn.moldovacrestina.md\/2025\/07\/ba7ab153-h1zvfmsmux8.jpg?resize=350%2C200&ssl=1 1x, https:\/\/i0.wp.com\/cdn.moldovacrestina.md\/2025\/07\/ba7ab153-h1zvfmsmux8.jpg?resize=525%2C300&ssl=1 1.5x, https:\/\/i0.wp.com\/cdn.moldovacrestina.md\/2025\/07\/ba7ab153-h1zvfmsmux8.jpg?resize=700%2C400&ssl=1 2x, https:\/\/i0.wp.com\/cdn.moldovacrestina.md\/2025\/07\/ba7ab153-h1zvfmsmux8.jpg?resize=1050%2C600&ssl=1 3x"},"classes":[]},{"id":363051,"url":"https:\/\/moldovacrestina.md\/nu-va-strangeti-comori-pe-pamant\/","url_meta":{"origin":57982,"position":1},"title":"Nu v\u0103 str\u00e2nge\u0163i comori pe p\u0103m\u00e2nt","author":"Vasile Filat","date":"30 juin 2025","format":false,"excerpt":"Nu v\u0103 str\u00e2nge\u0163i comori pe p\u0103m\u00e2nt, unde le m\u0103n\u00e2nc\u0103 moliile \u0219i rugina \u0219i unde le sap\u0103 \u0219i le fur\u0103 ho\u0163ii; ci str\u00e2nge\u0163i-v\u0103 comori \u00een cer, unde nu le m\u0103n\u00e2nc\u0103 moliile \u0219i rugina \u0219i unde ho\u0163ii nu le sap\u0103, nici nu le fur\u0103. Pentru c\u0103 unde este comoara voastr\u0103, acolo va\u2026","rel":"","context":"<span class=\"jp-relatedposts-post-author\">Vasile Filat<\/span>","block_context":{"text":"MCTV","link":"https:\/\/moldovacrestina.md\/mctv\/"},"img":{"alt_text":"","src":"https:\/\/i0.wp.com\/cdn.moldovacrestina.md\/2025\/06\/37bfde08-jhxbg90vu-c.jpg?resize=350%2C200&ssl=1","width":350,"height":200,"srcset":"https:\/\/i0.wp.com\/cdn.moldovacrestina.md\/2025\/06\/37bfde08-jhxbg90vu-c.jpg?resize=350%2C200&ssl=1 1x, https:\/\/i0.wp.com\/cdn.moldovacrestina.md\/2025\/06\/37bfde08-jhxbg90vu-c.jpg?resize=525%2C300&ssl=1 1.5x, https:\/\/i0.wp.com\/cdn.moldovacrestina.md\/2025\/06\/37bfde08-jhxbg90vu-c.jpg?resize=700%2C400&ssl=1 2x, https:\/\/i0.wp.com\/cdn.moldovacrestina.md\/2025\/06\/37bfde08-jhxbg90vu-c.jpg?resize=1050%2C600&ssl=1 3x"},"classes":[]},{"id":363768,"url":"https:\/\/moldovacrestina.md\/clarificari-cu-privire-la-video-de-la-conflictele-dintr-o-biserica-si-predicile-mele\/","url_meta":{"origin":57982,"position":2},"title":"Clarific\u0103ri cu privire la video de la  conflictele dintr-o biseric\u0103 \u0219i predicile mele","author":"Moldova Cre\u0219tin\u0103","date":"13 octobre 2025","format":false,"excerpt":"y-live","rel":"","context":"<span class=\"jp-relatedposts-post-author\">Moldova Cre\u0219tin\u0103<\/span>","block_context":{"text":"MCTV","link":"https:\/\/moldovacrestina.md\/mctv\/"},"img":{"alt_text":"","src":"https:\/\/i0.wp.com\/cdn.moldovacrestina.md\/2025\/10\/0383a360-3eytttxdsw4.jpg?resize=350%2C200&ssl=1","width":350,"height":200},"classes":[]},{"id":365337,"url":"https:\/\/moldovacrestina.md\/cum-sa-te-bucuri-de-avere-fara-sa-cazi-in-lux-si-risipa-pastor-vasile-filat\/","url_meta":{"origin":57982,"position":3},"title":"Cum s\u0103 te bucuri de avere f\u0103r\u0103 s\u0103 cazi \u00een lux \u0219i risip\u0103? | Pastor Vasile Filat","author":"Moldova Cre\u0219tin\u0103","date":"29 avril 2026","format":false,"excerpt":"Biblia nu condamn\u0103 bog\u0103\u021bia, ci inima care se leag\u0103 de ea. \u00cen acest mesaj, Pastorul Vasile Filat explic\u0103 din Scriptur\u0103 cum \u00eei \u00eenva\u021b\u0103 Dumnezeu pe boga\u021bii veacului acestuia s\u0103 fie genero\u0219i, s\u0103 fac\u0103 bine \u0219i, \u00een acela\u0219i timp, s\u0103 se bucure de ceea ce El le-a dat \u2014 f\u0103r\u0103 a\u2026","rel":"","context":"<span class=\"jp-relatedposts-post-author\">Moldova Cre\u0219tin\u0103<\/span>","block_context":{"text":"MCTV","link":"https:\/\/moldovacrestina.md\/mctv\/"},"img":{"alt_text":"","src":"https:\/\/i0.wp.com\/cdn.moldovacrestina.md\/2026\/04\/75dfc91a-305_ass0atm.jpg?resize=350%2C200&ssl=1","width":350,"height":200,"srcset":"https:\/\/i0.wp.com\/cdn.moldovacrestina.md\/2026\/04\/75dfc91a-305_ass0atm.jpg?resize=350%2C200&ssl=1 1x, https:\/\/i0.wp.com\/cdn.moldovacrestina.md\/2026\/04\/75dfc91a-305_ass0atm.jpg?resize=525%2C300&ssl=1 1.5x, https:\/\/i0.wp.com\/cdn.moldovacrestina.md\/2026\/04\/75dfc91a-305_ass0atm.jpg?resize=700%2C400&ssl=1 2x, https:\/\/i0.wp.com\/cdn.moldovacrestina.md\/2026\/04\/75dfc91a-305_ass0atm.jpg?resize=1050%2C600&ssl=1 3x"},"classes":[]},{"id":363761,"url":"https:\/\/moldovacrestina.md\/rezultate-frumoase-la-campionatul-mondial-de-taekwondo-din-jesolo-italia\/","url_meta":{"origin":57982,"position":4},"title":"Rezultate frumoase la Campionatul Mondial de Taekwondo din Jesolo, Italia","author":"Vasile Filat","date":"13 octobre 2025","format":false,"excerpt":"","rel":"","context":"<span class=\"jp-relatedposts-post-author\">Vasile Filat<\/span>","block_context":{"text":"MCTV","link":"https:\/\/moldovacrestina.md\/mctv\/"},"img":{"alt_text":"","src":"https:\/\/i0.wp.com\/cdn.moldovacrestina.md\/2025\/10\/6d55d806-screenshot-2025-10-13-at-06.45.03.png?resize=350%2C200&ssl=1","width":350,"height":200,"srcset":"https:\/\/i0.wp.com\/cdn.moldovacrestina.md\/2025\/10\/6d55d806-screenshot-2025-10-13-at-06.45.03.png?resize=350%2C200&ssl=1 1x, https:\/\/i0.wp.com\/cdn.moldovacrestina.md\/2025\/10\/6d55d806-screenshot-2025-10-13-at-06.45.03.png?resize=525%2C300&ssl=1 1.5x, https:\/\/i0.wp.com\/cdn.moldovacrestina.md\/2025\/10\/6d55d806-screenshot-2025-10-13-at-06.45.03.png?resize=700%2C400&ssl=1 2x, https:\/\/i0.wp.com\/cdn.moldovacrestina.md\/2025\/10\/6d55d806-screenshot-2025-10-13-at-06.45.03.png?resize=1050%2C600&ssl=1 3x, https:\/\/i0.wp.com\/cdn.moldovacrestina.md\/2025\/10\/6d55d806-screenshot-2025-10-13-at-06.45.03.png?resize=1400%2C800&ssl=1 4x"},"classes":[]},{"id":362355,"url":"https:\/\/moldovacrestina.md\/andrian-lascu-copilarie-rebela-credinta-in-dumnezeu-sansa-de-a-fi-parinte-campion-la-futsal\/","url_meta":{"origin":57982,"position":5},"title":"Andrian La\u0219cu: Copil\u0103rie rebel\u0103, credin\u021ba \u00een Dumnezeu, \u0219ansa de a fi p\u0103rinte, campion la futsal.","author":"Moldova Cre\u0219tin\u0103","date":"16 mars 2025","format":false,"excerpt":"Andrian La\u0219cu de\u021bine dou\u0103 titluri de campion al Rom\u00e2niei \u0219i a fost ales \u00een dou\u0103 r\u00e2nduri cel mai bun juc\u0103tor de futsal al anului \u00een Republica Moldova. Conform Federa\u021biei Moldovene\u0219ti de Fotbal el se num\u0103r\u0103 printre cei mai valoro\u0219i juc\u0103tori din Liga 1 rom\u00e2neasc\u0103 de fotbal de sal\u0103. Afla\u021bi din\u2026","rel":"","context":"<span class=\"jp-relatedposts-post-author\">Moldova Cre\u0219tin\u0103<\/span>","block_context":{"text":"MCTV","link":"https:\/\/moldovacrestina.md\/mctv\/"},"img":{"alt_text":"","src":"https:\/\/i0.wp.com\/cdn.moldovacrestina.md\/2025\/03\/a1a5e5b7-vb0e2k6ablc.jpg?resize=350%2C200&ssl=1","width":350,"height":200,"srcset":"https:\/\/i0.wp.com\/cdn.moldovacrestina.md\/2025\/03\/a1a5e5b7-vb0e2k6ablc.jpg?resize=350%2C200&ssl=1 1x, https:\/\/i0.wp.com\/cdn.moldovacrestina.md\/2025\/03\/a1a5e5b7-vb0e2k6ablc.jpg?resize=525%2C300&ssl=1 1.5x, https:\/\/i0.wp.com\/cdn.moldovacrestina.md\/2025\/03\/a1a5e5b7-vb0e2k6ablc.jpg?resize=700%2C400&ssl=1 2x, https:\/\/i0.wp.com\/cdn.moldovacrestina.md\/2025\/03\/a1a5e5b7-vb0e2k6ablc.jpg?resize=1050%2C600&ssl=1 3x"},"classes":[]}],"jetpack_sharing_enabled":true,"_links":{"self":[{"href":"https:\/\/moldovacrestina.md\/fr\/wp-json\/wp\/v2\/posts\/57982","targetHints":{"allow":["GET"]}}],"collection":[{"href":"https:\/\/moldovacrestina.md\/fr\/wp-json\/wp\/v2\/posts"}],"about":[{"href":"https:\/\/moldovacrestina.md\/fr\/wp-json\/wp\/v2\/types\/post"}],"author":[{"embeddable":true,"href":"https:\/\/moldovacrestina.md\/fr\/wp-json\/wp\/v2\/users\/46"}],"replies":[{"embeddable":true,"href":"https:\/\/moldovacrestina.md\/fr\/wp-json\/wp\/v2\/comments?post=57982"}],"version-history":[{"count":0,"href":"https:\/\/moldovacrestina.md\/fr\/wp-json\/wp\/v2\/posts\/57982\/revisions"}],"wp:featuredmedia":[{"embeddable":true,"href":"https:\/\/moldovacrestina.md\/fr\/wp-json\/wp\/v2\/media\/98135"}],"wp:attachment":[{"href":"https:\/\/moldovacrestina.md\/fr\/wp-json\/wp\/v2\/media?parent=57982"}],"wp:term":[{"taxonomy":"category","embeddable":true,"href":"https:\/\/moldovacrestina.md\/fr\/wp-json\/wp\/v2\/categories?post=57982"},{"taxonomy":"post_tag","embeddable":true,"href":"https:\/\/moldovacrestina.md\/fr\/wp-json\/wp\/v2\/tags?post=57982"}],"curies":[{"name":"wp","href":"https:\/\/api.w.org\/{rel}","templated":true}]}}