{"id":55105,"date":"2014-06-25T20:33:11","date_gmt":"2014-06-25T18:33:11","guid":{"rendered":"https:\/\/moldovacrestina.md\/la-signification-de-la-pentec%c3%b4te"},"modified":"2017-05-03T18:44:06","modified_gmt":"2017-05-03T16:44:06","slug":"la-signification-de-la-pentecote","status":"publish","type":"post","link":"https:\/\/moldovacrestina.md\/fr\/la-signification-de-la-pentecote\/","title":{"rendered":"La signification de la Petec\u00f4te"},"content":{"rendered":"<blockquote><p>\u00a0<em>Pourriez-vous r\u00e9pondre \u00e0 cette question, SVP? : Qu&#8217;est-ce que \u00e7a veut dire la Pentec\u00f4te et \u00e0 quoi consiste cette f\u00eate? Je cherche une explication et je n&#8217;arrive pas \u00e0 comprendre d\u00e9finitivement\u2026 Merci beaucoup!<\/em><\/p><\/blockquote>\n<p><a href=\"https:\/\/cdn.moldovacrestina.md\/2014\/06\/maxresdefault.jpg\" rel=\"attachment wp-att-110172\"><img loading=\"lazy\" decoding=\"async\" src=\"https:\/\/cdn.moldovacrestina.md\/2014\/06\/maxresdefault.jpg\" alt=\"maxresdefault\" width=\"1280\" height=\"720\" class=\"alignnone size-full wp-image-110172\" \/><\/a><br \/>\nLa f\u00eate de la Pentec\u00f4te est connue comme une c\u00e9l\u00e9bration chr\u00e9tienne qui survient le cinquanti\u00e8me jour apr\u00e8s P\u00e2ques. Ce jour, \u00a0toute la communaut\u00e9 chr\u00e9tienne\u00a0mondiale c\u00e9l\u00e8bre la venue du Saint-Esprit et la naissance de l&#8217;\u00c9glise.\u00a0\u00a0Nous trouvons\u00a0dans le livre des Actes des ap\u00f4tres, au chapitre deux\u00a0une description de cet \u00e9v\u00e9nement. Afin de mieux comprendre qu\u2019est-ce que c&#8217;est pass\u00e9 durant cette journ\u00e9e, j&#8217;aimerais qu&#8217;on voie qu\u2019est-ce que\u00a0le Seigneur J\u00e9sus a dit par rapport \u00e0 cet \u00e9v\u00e9nement avant qu&#8217;il\u00a0s&#8217;\u00e9l\u00e8ve au ciel.<\/p>\n<h2>L&#8217;annonce de la venue du Saint-Esprit<\/h2>\n<p>40 jours apr\u00e8s Sa r\u00e9surrection, le Seigneur J\u00e9sus \u00e9tait avec Ses disciples et leur a parl\u00e9 du bapt\u00eame avec le Saint-Esprit :<\/p>\n<p><em>\u00ab Un jour qu&#8217;il prenait un repas avec eux, il leur donna cet ordre\u00a0: \u00ab\u00a0Ne vous \u00e9loignez pas de J\u00e9rusalem, mais attendez ce que le P\u00e8re a promis, le don que je vous ai annonc\u00e9. <\/em><em>Car Jean a baptis\u00e9 avec de l&#8217;eau, mais vous, dans peu de jours, vous serez baptis\u00e9s avec le Saint-Esprit.\u00a0\u00bb \u00bb (Actes des Ap\u00f4tres 1:4-5)<\/em><\/p>\n<p>Ensuite, Il leur a expliqu\u00e9 comment va se manifester la pr\u00e9sence du Saint-Esprit dans leurs vies :<\/p>\n<p><em>\u00ab Mais vous recevrez une force quand le Saint-Esprit descendra sur vous. Vous serez alors mes t\u00e9moins \u00e0 J\u00e9rusalem, dans toute la Jud\u00e9e et la Samarie, et jusqu&#8217;au bout du monde.\u00a0\u00bb Apr\u00e8s ces mots, J\u00e9sus s&#8217;\u00e9leva vers le ciel pendant que tous le regardaient\u00a0; puis un nuage le cacha \u00e0 leurs yeux. \u00bb\u00a0(Actes des Ap\u00f4tres 1:8-9)<\/em><\/p>\n<h2>La venue du Saint-Esprit durant le jour de la Pentec\u00f4te<\/h2>\n<p>L&#8217;\u00e9v\u00e9nement de la venue du Saint-Esprit est d\u00e9crit dans le deuxi\u00e8me chapitre des Actes des ap\u00f4tres. Ceci a eu lieu \u00ab dans peu des jours\u00bb apr\u00e8s que J\u00e9sus monte au ciel, et notamment, apr\u00e8s dix jours.<\/p>\n<p><em>\u00abQuand le jour de la Pentec\u00f4te arriva, les croyants \u00e9taient r\u00e9unis tous ensemble au m\u00eame endroit. <\/em><em>Tout \u00e0 coup, un bruit vint du ciel, comme si un vent violent se mettait \u00e0 souffler, et il remplit toute la maison o\u00f9 ils \u00e9taient assis. Ils virent alors appara\u00eetre des langues pareilles \u00e0 des flammes de feu\u00a0; elles se s\u00e9par\u00e8rent et elles se pos\u00e8rent une \u00e0 une sur chacun d&#8217;eux. <\/em><em>Ils furent tous remplis du Saint-Esprit et se mirent \u00e0 parler en d&#8217;autres langues, selon ce que l&#8217;Esprit leur donnait d&#8217;exprimer.\u00bb\u00a0<\/em>\u00a0\u00a0<em>(Actes des Ap\u00f4tres 2:1-4)<\/em><\/p>\n<p>On remarque ici que la venue du Saint-Esprit a co\u00efncid\u00e9 avec le jour de la Pentec\u00f4te, une f\u00eate juive \u00e9tablie par Dieu apr\u00e8s la lib\u00e9ration du peuple d&#8217;Isra\u00ebl de l&#8217;esclavage \u00e9gyptien. J&#8217;aimerais mentionner que d&#8217;apr\u00e8s la Loi\u00a0livr\u00e9 par Dieu\u00a0\u00e0 Mo\u00efse, tous les hommes d&#8217;Isra\u00ebl devaient c\u00e9l\u00e9brer cette f\u00eate \u00e0 J\u00e9rusalem. Dans Actes 2:5 il est \u00e9crit qu&#8217;\u00e0 J\u00e9rusalem vivaient des Juifs pieux (qui\u00a0ob\u00e9issaient Dieu) venus de tous les pays du monde (o\u00f9 les avaient dispers\u00e9 Dieu \u00e0 cause de\u00a0la d\u00e9sob\u00e9issance de leurs parents). \u00a0Leur \u00e9tonnement \u00e9tait que chacun d&#8217;entre eux, peu importe du pays o\u00f9 il\u00a0\u00e9tait n\u00e9, entendait les ap\u00f4tres parler dans leurs diverses langues \u00abdes grandes \u0153uvres de Dieu\u00a0!\u00a0\u00bb<\/p>\n<h2>Comment explique l\u2019ap\u00f4tre Pierre ce qui s\u2019est pass\u00e9 lors de la Pentec\u00f4te.<\/h2>\n<p>(Actes des Ap\u00f4tres 2:14-36)<\/p>\n<p>1. Ceux qui parlent en langues ont re\u00e7u \u00abce que le P\u00e8re a promis, le don que\u00a0le Seigneur J\u00e9sus leur\u00a0a annonc\u00e9 \u00bb et nous le trouvons \u00e9crit dans Actes 1:4-5 ainsi que dans l&#8217;\u00c9vangile de Jean 14:16-17, 15:26; 16:7-14 et dans beaucoup d&#8217;autres textes).<\/p>\n<p><em>\u00ab Mais maintenant se r\u00e9alise ce que le proph\u00e8te Jo\u00ebl a annonc\u00e9\u00a0:\u00a0<\/em><em>\u201cVoici ce qui arrivera dans les derniers jours, dit Dieu\u00a0: <\/em><em>Je r\u00e9pandrai de mon Esprit sur tout \u00eatre humain\u00a0; vos fils et vos filles deviendront proph\u00e8tes, je parlerai par des visions \u00e0 vos jeunes gens et par des r\u00eaves \u00e0 vos vieillards.\u00a0<\/em><em>Oui, je r\u00e9pandrai de mon Esprit sur mes serviteurs et mes servantes en ces jours-l\u00e0, <\/em><em>et ils seront proph\u00e8tes.\u00a0<\/em><em>Je susciterai des ph\u00e9nom\u00e8nes extraordinaires en haut dans le ciel <\/em><em>et des signes miraculeux en bas sur la terre\u00a0: Il y aura du sang, du feu et des nuages de fum\u00e9e,\u00a0<\/em><em>le soleil deviendra obscur et la lune rouge comme du sang, <\/em><em>avant que vienne le jour du Seigneur, ce jour grand et glorieux.\u00a0Alors, quiconque fera appel au Seigneur sera sauv\u00e9.\u201d\u00a0\u00bb<\/em> (Actes des ap\u00f4tres 2:16-21; Jo\u00ebl 2:28-32)<\/p>\n<p>2. Ensuite, l&#8217;ap\u00f4tre Pierre d\u00e9montre \u00e0 partir des \u00c9critures que J\u00e9sus de Nazareth est le Christ attendu dans le monde\u00a0et que la venue du Saint-Esprit promis a \u00e9t\u00e9 possible seulement apr\u00e8s que J\u00e9sus monte au ciel :<\/p>\n<p><em>\u00abDieu a relev\u00e9 de la mort ce J\u00e9sus dont je parle et nous en sommes tous t\u00e9moins. Il a \u00e9t\u00e9 \u00e9lev\u00e9 \u00e0 la droite de Dieu et il a re\u00e7u du P\u00e8re le Saint-Esprit qui avait \u00e9t\u00e9 promis\u00a0; il l&#8217;a r\u00e9pandu sur nous, et c&#8217;est ce que vous voyez et entendez maintenant.\u00bb<\/em> (Actes des ap\u00f4tres 2:32-33)<\/p>\n<p>Nous voyons ceci et \u00e0 partir des paroles du Seigneur J\u00e9sus prononc\u00e9s beaucoup de temps avant Sa crucifixion :<\/p>\n<p><em>\u00ab Celui qui croit en moi, des fleuves d&#8217;eau vive jailliront de son c\u0153ur\u201d, comme dit l&#8217;\u00c9criture.\u00a0\u00bb J\u00e9sus parlait de l&#8217;Esprit de Dieu que ceux qui croyaient en lui allaient recevoir. A ce moment-l\u00e0, l&#8217;Esprit n&#8217;avait pas encore \u00e9t\u00e9 donn\u00e9, parce que J\u00e9sus n&#8217;avait pas encore \u00e9t\u00e9 \u00e9lev\u00e9 \u00e0 la gloire. \u00bb<\/em> (Jean 7: 38-39)<\/p>\n<p>Dans la soir\u00e9e o\u00f9\u00a0il a \u00e9t\u00e9 vendu, le Seigneur J\u00e9sus apr\u00e8s avoir dit \u00e0 ses disciples que l&#8217;un d&#8217;entre eux le vendra, leur montre pourquoi il est important pour lui d&#8217;aller au P\u00e8re:<\/p>\n<p><em>\u00ab Mais la tristesse a rempli votre c\u0153ur parce que je vous ai parl\u00e9 ainsi. Cependant, je vous dis la v\u00e9rit\u00e9\u00a0: il est pr\u00e9f\u00e9rable pour vous que je parte\u00a0; en effet, si je ne pars pas, celui qui doit vous venir en aide ne viendra pas \u00e0 vous. Mais si je pars, je vous l&#8217;enverrai. \u00bb (Jean 16: 6-7)<\/em><\/p>\n<h2>La naissance de l&#8217;\u00c9glise<\/h2>\n<p>Dans les versets Actes 2:37-47 on voit l&#8217;effet qu&#8217;ils\u00a0ont eues les paroles de l&#8217;ap\u00f4tre Pierre sur les gens. Les auditeurs furent profond\u00e9ment boulevers\u00e9s par ces paroles et ils ont demand\u00e9 comment pouvaient-ils \u00eatre sauv\u00e9s. Nous avons vu dans les textes pr\u00e9c\u00e9dents que le Saint-Esprit est donn\u00e9 \u00e0 ceux qui croient en Seigneur J\u00e9sus, mais vous pouvez vous imaginer que la plupart de ceux pr\u00e9sents \u00e0 la c\u00e9l\u00e9bration \u00e9taient ceux qui, il y a 50 jours, lors de la c\u00e9l\u00e9bration de P\u00e2ques, criaient fort \u00abCrucifiez-le\u00bb. Qu\u2019est-ce qu\u2019ils pouvaient faire maintenant? Voici la solution que donne l&#8217;ap\u00f4tre Pierre:<\/p>\n<p><em>\u00ab Pierre leur r\u00e9pondit\u00a0: \u00ab\u00a0Changez de comportement et que chacun de vous se fasse baptiser au nom de J\u00e9sus-Christ, pour que vos p\u00e9ch\u00e9s vous soient pardonn\u00e9s. Vous recevrez alors le don de Dieu, le Saint-Esprit. Car la promesse de Dieu a \u00e9t\u00e9 faite pour vous et vos enfants, ainsi que pour tous ceux qui vivent au loin, tous ceux que le Seigneur notre Dieu appellera.\u00a0\u00bb\u00a0Pierre leur adressait encore beaucoup d&#8217;autres paroles pour les convaincre et les encourager, et il disait\u00a0: \u00ab\u00a0Acceptez le salut pour n&#8217;avoir pas le sort de ces gens perdus\u00a0!\u00a0\u00bb <\/em><em>Un grand nombre d&#8217;entre eux accept\u00e8rent les paroles de Pierre et furent baptis\u00e9s. Ce jour-l\u00e0, environ trois mille personnes s&#8217;ajout\u00e8rent au groupe des croyants. \u00bb<\/em> (Actes des ap\u00f4tres 2: 38-41)<\/p>\n<h2>La c\u00e9l\u00e9bration de la Pentec\u00f4te chez les juifs<\/h2>\n<p>Comme nous avons d\u00e9j\u00e0 mentionn\u00e9, la venue du Saint-Esprit a co\u00efncid\u00e9 \u00a0avec la c\u00e9l\u00e9bration de la Pentec\u00f4te. La c\u00e9l\u00e9bration de la Pentec\u00f4te r\u00e9sumait le cycle des c\u00e9l\u00e9brations de printemps. (Les juifs avaient une s\u00e9rie de f\u00eates au printemps et une s\u00e9rie de f\u00eates \u00e0 l&#8217;automne respectivement.) Toutes les c\u00e9l\u00e9brations du peuple juif portaient une ombre de la mission que le Seigneur J\u00e9sus aurait \u00e0 faire. La capturation et la crucifixion du Seigneur J\u00e9sus a co\u00efncid\u00e9 avec le commencement de la c\u00e9l\u00e9bration de Paques. C&#8217;\u00e9tait la c\u00e9l\u00e9bration quand les juifs c\u00e9l\u00e9braient la lib\u00e9ration de l&#8217;esclavage \u00e9gyptien (Luke 22:1-23) &#8211; par Sa mort nous avons \u00e9t\u00e9 aussi lib\u00e9r\u00e9s de l\u2019esclavage du p\u00e9ch\u00e9 (Romains 6:6). Sa r\u00e9surrection a co\u00efncid\u00e9 avec la c\u00e9l\u00e9bration des premi\u00e8res moissons, qui \u00e9tait c\u00e9l\u00e9br\u00e9e le premier jour de la semaine suivante\u00a0le commencement de la moisson. Le Seigneur J\u00e9sus est les pr\u00e9mices (les premi\u00e8res moissons)\u00a0de ceux qui se sont endormis, c\u2019est-\u00e0-dire de ceux qui se sont r\u00e9veill\u00e9s d&#8217;entre les morts dans un corps nouveau, imp\u00e9rissable. (1 Corinthiens 15:20). La venue du Saint-Esprit et la naissance de l&#8217;\u00e9glise a co\u00efncid\u00e9 avec la c\u00e9l\u00e9bration de la Pentec\u00f4te quand on c\u00e9l\u00e9brait la moisson printani\u00e8re. Vous pouvez lire comment on c\u00e9l\u00e9brait cette f\u00eate dans L\u00e9vitique 23:15-22.<\/p>\n<p><span style=\"font-family: Calibri;font-size: medium\">\u00a0<\/span><\/p>\n","protected":false},"excerpt":{"rendered":"<p>\u00a0Pourriez-vous r\u00e9pondre \u00e0 cette question, SVP? : Qu&#8217;est-ce que \u00e7a veut dire la Pentec\u00f4te et \u00e0 quoi consiste cette f\u00eate? Je cherche une explication et je n&#8217;arrive pas \u00e0 comprendre d\u00e9finitivement\u2026 Merci beaucoup! La f\u00eate de la Pentec\u00f4te est connue comme une c\u00e9l\u00e9bration chr\u00e9tienne qui survient le cinquanti\u00e8me jour apr\u00e8s P\u00e2ques. Ce jour, \u00a0toute la [&hellip;]<\/p>\n","protected":false},"author":55,"featured_media":110172,"comment_status":"closed","ping_status":"closed","sticky":false,"template":"","format":"standard","meta":{"_acf_changed":false,"inline_featured_image":false,"_monsterinsights_skip_tracking":false,"_monsterinsights_sitenote_active":false,"_monsterinsights_sitenote_note":"","_monsterinsights_sitenote_category":0,"_genesis_hide_title":false,"_genesis_hide_breadcrumbs":false,"_genesis_hide_singular_image":false,"_genesis_hide_footer_widgets":false,"_genesis_custom_body_class":"","_genesis_custom_post_class":"","_genesis_layout":"","ep_exclude_from_search":false,"_jetpack_memberships_contains_paid_content":false,"footnotes":""},"categories":[29840],"tags":[7962,9319,9320],"class_list":{"0":"post-55105","1":"post","2":"type-post","3":"status-publish","4":"format-standard","5":"has-post-thumbnail","7":"category-reponses-de-la-bible","8":"tag-jesus-christ","9":"tag-eglise","10":"tag-pentecote","11":"entry"},"acf":[],"yoast_head":"<!-- This site is optimized with the Yoast SEO Premium plugin v26.5 (Yoast SEO v27.4) - https:\/\/yoast.com\/product\/yoast-seo-premium-wordpress\/ -->\n<title>Qu&#039;est-ce que signifie la f\u00eate de la Pentec\u00f4te?<\/title>\n<meta name=\"description\" content=\"Quelle est la liaison entre la venue du Saint-Esprit et la f\u00eate de la Pentec\u00f4te?\" \/>\n<meta name=\"robots\" content=\"index, follow, max-snippet:-1, max-image-preview:large, max-video-preview:-1\" \/>\n<link rel=\"canonical\" href=\"https:\/\/moldovacrestina.md\/fr\/la-signification-de-la-pentecote\/\" \/>\n<meta property=\"og:locale\" content=\"fr_FR\" \/>\n<meta property=\"og:type\" content=\"article\" \/>\n<meta property=\"og:title\" content=\"La signification de la Petec\u00f4te\" \/>\n<meta property=\"og:description\" content=\"Quelle est la liaison entre la venue du Saint-Esprit et la f\u00eate de la Pentec\u00f4te?\" \/>\n<meta property=\"og:url\" content=\"https:\/\/moldovacrestina.md\/fr\/la-signification-de-la-pentecote\/\" \/>\n<meta property=\"og:site_name\" content=\"Moldova Cre\u0219tin\u0103\" \/>\n<meta property=\"article:publisher\" content=\"https:\/\/www.facebook.com\/moldovacrestina\/\" \/>\n<meta property=\"article:published_time\" content=\"2014-06-25T18:33:11+00:00\" \/>\n<meta property=\"article:modified_time\" content=\"2017-05-03T16:44:06+00:00\" \/>\n<meta property=\"og:image\" content=\"https:\/\/cdn.moldovacrestina.md\/2014\/06\/maxresdefault.jpg\" \/>\n\t<meta property=\"og:image:width\" content=\"1280\" \/>\n\t<meta property=\"og:image:height\" content=\"720\" \/>\n\t<meta property=\"og:image:type\" content=\"image\/jpeg\" \/>\n<meta name=\"author\" content=\"Anastasia Filat\" \/>\n<meta name=\"twitter:card\" content=\"summary_large_image\" \/>\n<meta name=\"twitter:creator\" content=\"@moldovacrestina\" \/>\n<meta name=\"twitter:site\" content=\"@moldovacrestina\" \/>\n<meta name=\"twitter:label1\" content=\"\u00c9crit par\" \/>\n\t<meta name=\"twitter:data1\" content=\"Anastasia Filat\" \/>\n\t<meta name=\"twitter:label2\" content=\"Dur\u00e9e de lecture estim\u00e9e\" \/>\n\t<meta name=\"twitter:data2\" content=\"8 minutes\" \/>\n<script type=\"application\/ld+json\" class=\"yoast-schema-graph\">{\"@context\":\"https:\\\/\\\/schema.org\",\"@graph\":[{\"@type\":\"Article\",\"@id\":\"https:\\\/\\\/moldovacrestina.md\\\/fr\\\/la-signification-de-la-pentecote\\\/#article\",\"isPartOf\":{\"@id\":\"https:\\\/\\\/moldovacrestina.md\\\/fr\\\/la-signification-de-la-pentecote\\\/\"},\"author\":{\"name\":\"Anastasia Filat\",\"@id\":\"https:\\\/\\\/moldovacrestina.md\\\/fr\\\/#\\\/schema\\\/person\\\/2ee75aca099062ac8880ffa7575a4aeb\"},\"headline\":\"La signification de la Petec\u00f4te\",\"datePublished\":\"2014-06-25T18:33:11+00:00\",\"dateModified\":\"2017-05-03T16:44:06+00:00\",\"mainEntityOfPage\":{\"@id\":\"https:\\\/\\\/moldovacrestina.md\\\/fr\\\/la-signification-de-la-pentecote\\\/\"},\"wordCount\":1637,\"image\":{\"@id\":\"https:\\\/\\\/moldovacrestina.md\\\/fr\\\/la-signification-de-la-pentecote\\\/#primaryimage\"},\"thumbnailUrl\":\"https:\\\/\\\/moldovacrestina.md\\\/wp-content\\\/uploads\\\/2014\\\/06\\\/maxresdefault.jpg\",\"keywords\":[\"Jesus Christ\",\"\u00e9glise\",\"pentec\u00f4te\"],\"articleSection\":[\"R\u00e9ponses de la Bible\"],\"inLanguage\":\"fr-FR\"},{\"@type\":\"WebPage\",\"@id\":\"https:\\\/\\\/moldovacrestina.md\\\/fr\\\/la-signification-de-la-pentecote\\\/\",\"url\":\"https:\\\/\\\/moldovacrestina.md\\\/fr\\\/la-signification-de-la-pentecote\\\/\",\"name\":\"Qu'est-ce que signifie la f\u00eate de la Pentec\u00f4te?\",\"isPartOf\":{\"@id\":\"https:\\\/\\\/moldovacrestina.md\\\/fr\\\/#website\"},\"primaryImageOfPage\":{\"@id\":\"https:\\\/\\\/moldovacrestina.md\\\/fr\\\/la-signification-de-la-pentecote\\\/#primaryimage\"},\"image\":{\"@id\":\"https:\\\/\\\/moldovacrestina.md\\\/fr\\\/la-signification-de-la-pentecote\\\/#primaryimage\"},\"thumbnailUrl\":\"https:\\\/\\\/moldovacrestina.md\\\/wp-content\\\/uploads\\\/2014\\\/06\\\/maxresdefault.jpg\",\"datePublished\":\"2014-06-25T18:33:11+00:00\",\"dateModified\":\"2017-05-03T16:44:06+00:00\",\"author\":{\"@id\":\"https:\\\/\\\/moldovacrestina.md\\\/fr\\\/#\\\/schema\\\/person\\\/2ee75aca099062ac8880ffa7575a4aeb\"},\"description\":\"Quelle est la liaison entre la venue du Saint-Esprit et la f\u00eate de la Pentec\u00f4te?\",\"breadcrumb\":{\"@id\":\"https:\\\/\\\/moldovacrestina.md\\\/fr\\\/la-signification-de-la-pentecote\\\/#breadcrumb\"},\"inLanguage\":\"fr-FR\",\"potentialAction\":[{\"@type\":\"ReadAction\",\"target\":[\"https:\\\/\\\/moldovacrestina.md\\\/fr\\\/la-signification-de-la-pentecote\\\/\"]}]},{\"@type\":\"ImageObject\",\"inLanguage\":\"fr-FR\",\"@id\":\"https:\\\/\\\/moldovacrestina.md\\\/fr\\\/la-signification-de-la-pentecote\\\/#primaryimage\",\"url\":\"https:\\\/\\\/moldovacrestina.md\\\/wp-content\\\/uploads\\\/2014\\\/06\\\/maxresdefault.jpg\",\"contentUrl\":\"https:\\\/\\\/moldovacrestina.md\\\/wp-content\\\/uploads\\\/2014\\\/06\\\/maxresdefault.jpg\",\"width\":1280,\"height\":720},{\"@type\":\"BreadcrumbList\",\"@id\":\"https:\\\/\\\/moldovacrestina.md\\\/fr\\\/la-signification-de-la-pentecote\\\/#breadcrumb\",\"itemListElement\":[{\"@type\":\"ListItem\",\"position\":1,\"name\":\"Prima pagin\u0103\",\"item\":\"https:\\\/\\\/moldovacrestina.md\\\/fr\\\/\"},{\"@type\":\"ListItem\",\"position\":2,\"name\":\"Doctrine\",\"item\":\"https:\\\/\\\/moldovacrestina.md\\\/doctrine\\\/\"},{\"@type\":\"ListItem\",\"position\":3,\"name\":\"La signification de la Petec\u00f4te\"}]},{\"@type\":\"WebSite\",\"@id\":\"https:\\\/\\\/moldovacrestina.md\\\/fr\\\/#website\",\"url\":\"https:\\\/\\\/moldovacrestina.md\\\/fr\\\/\",\"name\":\"Moldova Cre\u0219tin\u0103\",\"description\":\"R\u0103spunsuri relevante \u0219i actuale din Biblie\",\"potentialAction\":[{\"@type\":\"SearchAction\",\"target\":{\"@type\":\"EntryPoint\",\"urlTemplate\":\"https:\\\/\\\/moldovacrestina.md\\\/fr\\\/?s={search_term_string}\"},\"query-input\":{\"@type\":\"PropertyValueSpecification\",\"valueRequired\":true,\"valueName\":\"search_term_string\"}}],\"inLanguage\":\"fr-FR\"},{\"@type\":\"Person\",\"@id\":\"https:\\\/\\\/moldovacrestina.md\\\/fr\\\/#\\\/schema\\\/person\\\/2ee75aca099062ac8880ffa7575a4aeb\",\"name\":\"Anastasia Filat\",\"image\":{\"@type\":\"ImageObject\",\"inLanguage\":\"fr-FR\",\"@id\":\"https:\\\/\\\/secure.gravatar.com\\\/avatar\\\/50c6c7c3ea8d39be8e58ea9617c8e1b8f9be234289757ef7156664ff8e090478?s=96&d=mm&r=g\",\"url\":\"https:\\\/\\\/secure.gravatar.com\\\/avatar\\\/50c6c7c3ea8d39be8e58ea9617c8e1b8f9be234289757ef7156664ff8e090478?s=96&d=mm&r=g\",\"contentUrl\":\"https:\\\/\\\/secure.gravatar.com\\\/avatar\\\/50c6c7c3ea8d39be8e58ea9617c8e1b8f9be234289757ef7156664ff8e090478?s=96&d=mm&r=g\",\"caption\":\"Anastasia Filat\"},\"description\":\"Sunt mam\u0103 a 3 copii \u0219i profesoar\u0103 \u00een cadrul Institutului de Studii Biblice Inductive din Moldova. De asemenea, \u00eel ajut pe so\u021bul meu, Vasile Filat, \u00een p\u0103storirea Bisericii \\\"Buna Vestire\\\" din Chi\u0219in\u0103u.\",\"url\":\"https:\\\/\\\/moldovacrestina.md\\\/fr\\\/author\\\/filat-nastica\\\/\"}]}<\/script>\n<!-- \/ Yoast SEO Premium plugin. -->","yoast_head_json":{"title":"Qu'est-ce que signifie la f\u00eate de la Pentec\u00f4te?","description":"Quelle est la liaison entre la venue du Saint-Esprit et la f\u00eate de la Pentec\u00f4te?","robots":{"index":"index","follow":"follow","max-snippet":"max-snippet:-1","max-image-preview":"max-image-preview:large","max-video-preview":"max-video-preview:-1"},"canonical":"https:\/\/moldovacrestina.md\/fr\/la-signification-de-la-pentecote\/","og_locale":"fr_FR","og_type":"article","og_title":"La signification de la Petec\u00f4te","og_description":"Quelle est la liaison entre la venue du Saint-Esprit et la f\u00eate de la Pentec\u00f4te?","og_url":"https:\/\/moldovacrestina.md\/fr\/la-signification-de-la-pentecote\/","og_site_name":"Moldova Cre\u0219tin\u0103","article_publisher":"https:\/\/www.facebook.com\/moldovacrestina\/","article_published_time":"2014-06-25T18:33:11+00:00","article_modified_time":"2017-05-03T16:44:06+00:00","og_image":[{"width":1280,"height":720,"url":"https:\/\/cdn.moldovacrestina.md\/2014\/06\/maxresdefault.jpg","type":"image\/jpeg"}],"author":"Anastasia Filat","twitter_card":"summary_large_image","twitter_creator":"@moldovacrestina","twitter_site":"@moldovacrestina","twitter_misc":{"\u00c9crit par":"Anastasia Filat","Dur\u00e9e de lecture estim\u00e9e":"8 minutes"},"schema":{"@context":"https:\/\/schema.org","@graph":[{"@type":"Article","@id":"https:\/\/moldovacrestina.md\/fr\/la-signification-de-la-pentecote\/#article","isPartOf":{"@id":"https:\/\/moldovacrestina.md\/fr\/la-signification-de-la-pentecote\/"},"author":{"name":"Anastasia Filat","@id":"https:\/\/moldovacrestina.md\/fr\/#\/schema\/person\/2ee75aca099062ac8880ffa7575a4aeb"},"headline":"La signification de la Petec\u00f4te","datePublished":"2014-06-25T18:33:11+00:00","dateModified":"2017-05-03T16:44:06+00:00","mainEntityOfPage":{"@id":"https:\/\/moldovacrestina.md\/fr\/la-signification-de-la-pentecote\/"},"wordCount":1637,"image":{"@id":"https:\/\/moldovacrestina.md\/fr\/la-signification-de-la-pentecote\/#primaryimage"},"thumbnailUrl":"https:\/\/moldovacrestina.md\/wp-content\/uploads\/2014\/06\/maxresdefault.jpg","keywords":["Jesus Christ","\u00e9glise","pentec\u00f4te"],"articleSection":["R\u00e9ponses de la Bible"],"inLanguage":"fr-FR"},{"@type":"WebPage","@id":"https:\/\/moldovacrestina.md\/fr\/la-signification-de-la-pentecote\/","url":"https:\/\/moldovacrestina.md\/fr\/la-signification-de-la-pentecote\/","name":"Qu'est-ce que signifie la f\u00eate de la Pentec\u00f4te?","isPartOf":{"@id":"https:\/\/moldovacrestina.md\/fr\/#website"},"primaryImageOfPage":{"@id":"https:\/\/moldovacrestina.md\/fr\/la-signification-de-la-pentecote\/#primaryimage"},"image":{"@id":"https:\/\/moldovacrestina.md\/fr\/la-signification-de-la-pentecote\/#primaryimage"},"thumbnailUrl":"https:\/\/moldovacrestina.md\/wp-content\/uploads\/2014\/06\/maxresdefault.jpg","datePublished":"2014-06-25T18:33:11+00:00","dateModified":"2017-05-03T16:44:06+00:00","author":{"@id":"https:\/\/moldovacrestina.md\/fr\/#\/schema\/person\/2ee75aca099062ac8880ffa7575a4aeb"},"description":"Quelle est la liaison entre la venue du Saint-Esprit et la f\u00eate de la Pentec\u00f4te?","breadcrumb":{"@id":"https:\/\/moldovacrestina.md\/fr\/la-signification-de-la-pentecote\/#breadcrumb"},"inLanguage":"fr-FR","potentialAction":[{"@type":"ReadAction","target":["https:\/\/moldovacrestina.md\/fr\/la-signification-de-la-pentecote\/"]}]},{"@type":"ImageObject","inLanguage":"fr-FR","@id":"https:\/\/moldovacrestina.md\/fr\/la-signification-de-la-pentecote\/#primaryimage","url":"https:\/\/moldovacrestina.md\/wp-content\/uploads\/2014\/06\/maxresdefault.jpg","contentUrl":"https:\/\/moldovacrestina.md\/wp-content\/uploads\/2014\/06\/maxresdefault.jpg","width":1280,"height":720},{"@type":"BreadcrumbList","@id":"https:\/\/moldovacrestina.md\/fr\/la-signification-de-la-pentecote\/#breadcrumb","itemListElement":[{"@type":"ListItem","position":1,"name":"Prima pagin\u0103","item":"https:\/\/moldovacrestina.md\/fr\/"},{"@type":"ListItem","position":2,"name":"Doctrine","item":"https:\/\/moldovacrestina.md\/doctrine\/"},{"@type":"ListItem","position":3,"name":"La signification de la Petec\u00f4te"}]},{"@type":"WebSite","@id":"https:\/\/moldovacrestina.md\/fr\/#website","url":"https:\/\/moldovacrestina.md\/fr\/","name":"Moldova Cre\u0219tin\u0103","description":"R\u0103spunsuri relevante \u0219i actuale din Biblie","potentialAction":[{"@type":"SearchAction","target":{"@type":"EntryPoint","urlTemplate":"https:\/\/moldovacrestina.md\/fr\/?s={search_term_string}"},"query-input":{"@type":"PropertyValueSpecification","valueRequired":true,"valueName":"search_term_string"}}],"inLanguage":"fr-FR"},{"@type":"Person","@id":"https:\/\/moldovacrestina.md\/fr\/#\/schema\/person\/2ee75aca099062ac8880ffa7575a4aeb","name":"Anastasia Filat","image":{"@type":"ImageObject","inLanguage":"fr-FR","@id":"https:\/\/secure.gravatar.com\/avatar\/50c6c7c3ea8d39be8e58ea9617c8e1b8f9be234289757ef7156664ff8e090478?s=96&d=mm&r=g","url":"https:\/\/secure.gravatar.com\/avatar\/50c6c7c3ea8d39be8e58ea9617c8e1b8f9be234289757ef7156664ff8e090478?s=96&d=mm&r=g","contentUrl":"https:\/\/secure.gravatar.com\/avatar\/50c6c7c3ea8d39be8e58ea9617c8e1b8f9be234289757ef7156664ff8e090478?s=96&d=mm&r=g","caption":"Anastasia Filat"},"description":"Sunt mam\u0103 a 3 copii \u0219i profesoar\u0103 \u00een cadrul Institutului de Studii Biblice Inductive din Moldova. De asemenea, \u00eel ajut pe so\u021bul meu, Vasile Filat, \u00een p\u0103storirea Bisericii \"Buna Vestire\" din Chi\u0219in\u0103u.","url":"https:\/\/moldovacrestina.md\/fr\/author\/filat-nastica\/"}]}},"jetpack_featured_media_url":"https:\/\/moldovacrestina.md\/wp-content\/uploads\/2014\/06\/maxresdefault.jpg","video_meta":false,"featured_image":"https:\/\/moldovacrestina.md\/wp-content\/uploads\/2014\/06\/maxresdefault.jpg","wpml":{"language_code":"fr","locale":"fr_FR","text_direction":false,"display_name":"Fran\u00e7ais","native_name":"Francez\u0103","different_language":false},"jetpack-related-posts":[{"id":362955,"url":"https:\/\/moldovacrestina.md\/de-ce-femeia-din-soroca-a-aruncat-in-fantana-bebelusul-avortat\/","url_meta":{"origin":55105,"position":0},"title":"De ce femeia din Soroca a aruncat \u00een f\u00e2nt\u0103n\u0103 bebelu\u0219ul avortat?","author":"Moldova Cre\u0219tin\u0103","date":"23 juin 2025","format":false,"excerpt":"Nu este doar o tragedie social\u0103, ci o dram\u0103 spiritual\u0103 profund\u0103. Ce se afl\u0103 \u00een spatele unui astfel de gest \u0219i ce spune Biblia despre valoarea vie\u021bii? \u0218tirea preluat\u0103 de pe canalul ProTV https:\/\/protv.md\/ \u00cenregistreaz\u0103-te acum la Summer English Academy 5-12 iulie https:\/\/bit.ly\/3TmxXvF Aplic\u0103 promo codul VasileFilat10 pentru o reducere\u2026","rel":"","context":"<span class=\"jp-relatedposts-post-author\">Moldova Cre\u0219tin\u0103<\/span>","block_context":{"text":"MCTV","link":"https:\/\/moldovacrestina.md\/mctv\/"},"img":{"alt_text":"","src":"https:\/\/i0.wp.com\/cdn.moldovacrestina.md\/2025\/06\/bc398eb7-9wldzuigdbq.jpg?resize=350%2C200&ssl=1","width":350,"height":200,"srcset":"https:\/\/i0.wp.com\/cdn.moldovacrestina.md\/2025\/06\/bc398eb7-9wldzuigdbq.jpg?resize=350%2C200&ssl=1 1x, https:\/\/i0.wp.com\/cdn.moldovacrestina.md\/2025\/06\/bc398eb7-9wldzuigdbq.jpg?resize=525%2C300&ssl=1 1.5x, https:\/\/i0.wp.com\/cdn.moldovacrestina.md\/2025\/06\/bc398eb7-9wldzuigdbq.jpg?resize=700%2C400&ssl=1 2x, https:\/\/i0.wp.com\/cdn.moldovacrestina.md\/2025\/06\/bc398eb7-9wldzuigdbq.jpg?resize=1050%2C600&ssl=1 3x"},"classes":[]},{"id":363140,"url":"https:\/\/moldovacrestina.md\/de-ce-cartera-lui-enoh-a-fost-exclusa-din-bible\/","url_meta":{"origin":55105,"position":1},"title":"De ce cartera lui ENOH a fost exclus\u0103 din Bible?","author":"Moldova Cre\u0219tin\u0103","date":"7 juillet 2025","format":false,"excerpt":"Cartea lui Enoh a fost cunoscut\u0103 de primii cre\u0219tini, dar totu\u0219i a fost l\u0103sat\u0103 \u00een afara Scripturii. Este cartea lui Enoh inspirat\u0103 sau doar o scriere religioas\u0103 veche? Descoper\u0103 de ce nu a fost inclus\u0103 \u00een canonul biblic. \u2753Pune o \u00eentrebare: https:\/\/moldovacrestina.md\/ask-the-pastor sau la email contact@moldovacrestina.md \ud83c\udf81 Devino membru \u0219i\u2026","rel":"","context":"<span class=\"jp-relatedposts-post-author\">Moldova Cre\u0219tin\u0103<\/span>","block_context":{"text":"MCTV","link":"https:\/\/moldovacrestina.md\/mctv\/"},"img":{"alt_text":"","src":"https:\/\/i0.wp.com\/cdn.moldovacrestina.md\/2025\/07\/9bcc5a04-hfi3d3ej7qu.jpg?resize=350%2C200&ssl=1","width":350,"height":200,"srcset":"https:\/\/i0.wp.com\/cdn.moldovacrestina.md\/2025\/07\/9bcc5a04-hfi3d3ej7qu.jpg?resize=350%2C200&ssl=1 1x, https:\/\/i0.wp.com\/cdn.moldovacrestina.md\/2025\/07\/9bcc5a04-hfi3d3ej7qu.jpg?resize=525%2C300&ssl=1 1.5x, https:\/\/i0.wp.com\/cdn.moldovacrestina.md\/2025\/07\/9bcc5a04-hfi3d3ej7qu.jpg?resize=700%2C400&ssl=1 2x, https:\/\/i0.wp.com\/cdn.moldovacrestina.md\/2025\/07\/9bcc5a04-hfi3d3ej7qu.jpg?resize=1050%2C600&ssl=1 3x"},"classes":[]},{"id":364835,"url":"https:\/\/moldovacrestina.md\/in-vizita-la-biserica-harul-minneapolis-marturii-lectii-si-lucrare-crestina\/","url_meta":{"origin":55105,"position":2},"title":"\u00cen vizit\u0103 la Biserica Harul (Minneapolis): m\u0103rturii, lec\u021bii \u0219i lucrare cre\u0219tin\u0103","author":"Vasile Filat","date":"24 f\u00e9vrier 2026","format":false,"excerpt":"Biserica Harul Minneapolis, MN: c\u0103l\u0103torie, lucrarea bisericii \u0219i seminarul biblic. \u00cen acest video povestesc despre vizita mea la Biserica Harul din Minneapolis (Minnesota), despre slujirea pe care o fac \u0219i despre seminarul biblic care a avut loc acolo. Vei vedea: - ce fel de lucrare desf\u0103\u0219oar\u0103 Biserica Harul \u00een comunitate\u2026","rel":"","context":"<span class=\"jp-relatedposts-post-author\">Vasile Filat<\/span>","block_context":{"text":"MCTV","link":"https:\/\/moldovacrestina.md\/mctv\/"},"img":{"alt_text":"","src":"https:\/\/i0.wp.com\/cdn.moldovacrestina.md\/2026\/02\/1fa89c3f-iko3y0unokw.jpg?resize=350%2C200&ssl=1","width":350,"height":200,"srcset":"https:\/\/i0.wp.com\/cdn.moldovacrestina.md\/2026\/02\/1fa89c3f-iko3y0unokw.jpg?resize=350%2C200&ssl=1 1x, https:\/\/i0.wp.com\/cdn.moldovacrestina.md\/2026\/02\/1fa89c3f-iko3y0unokw.jpg?resize=525%2C300&ssl=1 1.5x, https:\/\/i0.wp.com\/cdn.moldovacrestina.md\/2026\/02\/1fa89c3f-iko3y0unokw.jpg?resize=700%2C400&ssl=1 2x, https:\/\/i0.wp.com\/cdn.moldovacrestina.md\/2026\/02\/1fa89c3f-iko3y0unokw.jpg?resize=1050%2C600&ssl=1 3x"},"classes":[]},{"id":362361,"url":"https:\/\/moldovacrestina.md\/eradicarea-idolatriei-cum-sa-te-raportezi-la-cei-cazuti-in-idolatrie-si-erezie\/","url_meta":{"origin":55105,"position":3},"title":"ERADICAREA IDOLATRIEI &#8211; Cum s\u0103 te raportezi la cei c\u0103zu\u021bi \u00een idolatrie \u0219i erezie?","author":"Moldova Cre\u0219tin\u0103","date":"17 mars 2025","format":false,"excerpt":"Idolatria \u0219i erezia duc oamenii departe de Dumnezeu. \u00cen Vechiul Testament astfel de oameni trebuiau uci\u0219i cu pietre. Vezi ce atitudine ar trebui s\u0103 ai fa\u021b\u0103 de cei care s-au ab\u0103tut de la credin\u021b\u0103, potrivit cu Noul Testament. \u2753Pune o \u00eentrebare: https:\/\/moldovacrestina.md\/ask-the-pastor sau la email contact@moldovacrestina.md \ud83c\udf81 Devino membru \u0219i\u2026","rel":"","context":"<span class=\"jp-relatedposts-post-author\">Moldova Cre\u0219tin\u0103<\/span>","block_context":{"text":"MCTV","link":"https:\/\/moldovacrestina.md\/mctv\/"},"img":{"alt_text":"","src":"https:\/\/i0.wp.com\/cdn.moldovacrestina.md\/2025\/03\/a188cffc-wnxf15vkphg.jpg?resize=350%2C200&ssl=1","width":350,"height":200,"srcset":"https:\/\/i0.wp.com\/cdn.moldovacrestina.md\/2025\/03\/a188cffc-wnxf15vkphg.jpg?resize=350%2C200&ssl=1 1x, https:\/\/i0.wp.com\/cdn.moldovacrestina.md\/2025\/03\/a188cffc-wnxf15vkphg.jpg?resize=525%2C300&ssl=1 1.5x, https:\/\/i0.wp.com\/cdn.moldovacrestina.md\/2025\/03\/a188cffc-wnxf15vkphg.jpg?resize=700%2C400&ssl=1 2x, https:\/\/i0.wp.com\/cdn.moldovacrestina.md\/2025\/03\/a188cffc-wnxf15vkphg.jpg?resize=1050%2C600&ssl=1 3x"},"classes":[]},{"id":363755,"url":"https:\/\/moldovacrestina.md\/este-pacat-divortul-daca-ambii-soti-il-doresc-pastor-vasile-filat\/","url_meta":{"origin":55105,"position":4},"title":"Este p\u0103cat divor\u021bul dac\u0103 ambii so\u021bi \u00eel doresc? | Pastor Vasile Filat","author":"Moldova Cre\u0219tin\u0103","date":"12 octobre 2025","format":false,"excerpt":"Mul\u021bi oameni cred c\u0103 dac\u0103 ambii so\u021bi sunt de acord cu desp\u0103r\u021birea, divor\u021bul nu mai este p\u0103cat. Dar ce spune Biblia? \u00cen acest video, pastorul Vasile Filat explic\u0103, pe baza textelor din Matei 19, Maleahi 2 \u0219i Evrei 13:4, c\u0103 Dumnezeu a instituit c\u0103s\u0103toria \u0219i El singur are autoritatea de\u2026","rel":"","context":"<span class=\"jp-relatedposts-post-author\">Moldova Cre\u0219tin\u0103<\/span>","block_context":{"text":"MCTV","link":"https:\/\/moldovacrestina.md\/mctv\/"},"img":{"alt_text":"","src":"https:\/\/i0.wp.com\/cdn.moldovacrestina.md\/2025\/10\/fa6abd08-qnfeu_9zdi4.jpg?resize=350%2C200&ssl=1","width":350,"height":200,"srcset":"https:\/\/i0.wp.com\/cdn.moldovacrestina.md\/2025\/10\/fa6abd08-qnfeu_9zdi4.jpg?resize=350%2C200&ssl=1 1x, https:\/\/i0.wp.com\/cdn.moldovacrestina.md\/2025\/10\/fa6abd08-qnfeu_9zdi4.jpg?resize=525%2C300&ssl=1 1.5x, https:\/\/i0.wp.com\/cdn.moldovacrestina.md\/2025\/10\/fa6abd08-qnfeu_9zdi4.jpg?resize=700%2C400&ssl=1 2x, https:\/\/i0.wp.com\/cdn.moldovacrestina.md\/2025\/10\/fa6abd08-qnfeu_9zdi4.jpg?resize=1050%2C600&ssl=1 3x"},"classes":[]}],"jetpack_sharing_enabled":true,"_links":{"self":[{"href":"https:\/\/moldovacrestina.md\/fr\/wp-json\/wp\/v2\/posts\/55105","targetHints":{"allow":["GET"]}}],"collection":[{"href":"https:\/\/moldovacrestina.md\/fr\/wp-json\/wp\/v2\/posts"}],"about":[{"href":"https:\/\/moldovacrestina.md\/fr\/wp-json\/wp\/v2\/types\/post"}],"author":[{"embeddable":true,"href":"https:\/\/moldovacrestina.md\/fr\/wp-json\/wp\/v2\/users\/55"}],"replies":[{"embeddable":true,"href":"https:\/\/moldovacrestina.md\/fr\/wp-json\/wp\/v2\/comments?post=55105"}],"version-history":[{"count":0,"href":"https:\/\/moldovacrestina.md\/fr\/wp-json\/wp\/v2\/posts\/55105\/revisions"}],"wp:featuredmedia":[{"embeddable":true,"href":"https:\/\/moldovacrestina.md\/fr\/wp-json\/wp\/v2\/media\/110172"}],"wp:attachment":[{"href":"https:\/\/moldovacrestina.md\/fr\/wp-json\/wp\/v2\/media?parent=55105"}],"wp:term":[{"taxonomy":"category","embeddable":true,"href":"https:\/\/moldovacrestina.md\/fr\/wp-json\/wp\/v2\/categories?post=55105"},{"taxonomy":"post_tag","embeddable":true,"href":"https:\/\/moldovacrestina.md\/fr\/wp-json\/wp\/v2\/tags?post=55105"}],"curies":[{"name":"wp","href":"https:\/\/api.w.org\/{rel}","templated":true}]}}