{"id":53806,"date":"2011-09-13T13:33:15","date_gmt":"2011-09-13T11:33:15","guid":{"rendered":"https:\/\/moldovacrestina.md\/jesus-christ-%e2%80%93-dieu-incarne"},"modified":"2017-05-03T18:46:45","modified_gmt":"2017-05-03T16:46:45","slug":"jesus-christ-dieu-incarne","status":"publish","type":"post","link":"https:\/\/moldovacrestina.md\/fr\/jesus-christ-dieu-incarne\/","title":{"rendered":"J\u00e9sus Christ \u2013 Dieu incarn\u00e9"},"content":{"rendered":"<p style=\"text-align: justify\">\n<p>Il y a beaucoup de discutions sur la personne de Seigneur J\u00e9sus. Certains croient qu\u2019Il est un proph\u00e8te, autres pensent qu\u2019Il a \u00e9t\u00e9 un homme sp\u00e9cial, un leader fort. L\u2019Evangile d\u2019apr\u00e8s John nous pr\u00e9sente J\u00e9sus comme le Fils de Dieu et comme le Fils de l\u2019homme. Le but de l\u2019\u00e9vang\u00e9liste John en \u00e9crivant, cette Evangile, est d\u2019\u00e9crit dans le chapitre 20 les versets 30 et 31:<\/p>\n<blockquote class=\"td_quote_box td_box_center\">\n<p><em>J\u00e9sus a fait encore, en pr\u00e9sence de ses disciples, beaucoup d\u2019autres miracles, qui ne sont pas \u00e9crits dans ce livre. Mais ces choses ont \u00e9t\u00e9 \u00e9crites afin que vous croyiez que J\u00e9sus est le Christ, le Fils de Dieu, et qu\u2019en croyant vous ayez la vie en son nom.<\/em><\/p>\n<\/blockquote>\n<p>Voyons maintenant comment le premier chapitre de l\u2019Evangile d\u2019apr\u00e8s John nous pr\u00e9sente J\u00e9sus comme le Fils de Dieu et comme le Christ, c\u2019est-\u00e0-dire, Celui que Dieu a promis aux proph\u00e8tes dans les Saintes Ecritures.<\/p>\n<h2><strong>J\u00e9sus Christ \u2013 le Fils de Dieu<\/strong><\/h2>\n<p>Dans les premi\u00e8res 18 premiers versets du chapitre 1 de l\u2019Evangile d\u2019apr\u00e8s John, l\u2019auteur parle de la Parole de Dieu en le pr\u00e9sentant comme: Dieu <em>(Jean 1:1-2), <\/em>au commencement <em>(au commencement de la cr\u00e9ation Il \u00e9tait ou existait d\u00e9j\u00e0) (Jean 1:1), <\/em>cr\u00e9ateur <em>(Jean 1:3, 10), <\/em>la vie des hommes <em>(Jean 1:4), <\/em>sauveur <em>(Jean 1:12-13). <\/em>Au verset 14 il est \u00e9crit que:<\/p>\n<blockquote class=\"td_quote_box td_box_center\">\n<p><em>Et la parole a \u00e9t\u00e9 faite chair, et elle a habit\u00e9 parmi nous, pleine de gr\u00e2ce et de v\u00e9rit\u00e9; et nous avons contempl\u00e9 sa gloire, une gloire comme la gloire du Fils unique venu du P\u00e8re.<\/em><\/p>\n<\/blockquote>\n<p>Donc, la Parole qui est Dieu, cr\u00e9ateur et sauveur\u00a0\u00ab\u00a0a \u00e9t\u00e9 faite chair\u00a0\u00bb. Attention \u00e0 l\u2019expression \u201c<em><strong>et elle a habit\u00e9 parmi nous, pleine de gr\u00e2ce et de v\u00e9rit\u00e9<\/strong><\/em>\u201d, parce que dans le verset Jean 1:17 il est \u00e9crit:<\/p>\n<blockquote class=\"td_quote_box td_box_center\">\n<p><em>Car la loi a \u00e9t\u00e9 donn\u00e9e par Mo\u00efse, la gr\u00e2ce et la v\u00e9rit\u00e9 sont venues par J\u00e9sus Christ.<\/em><\/p>\n<\/blockquote>\n<p>Cela nous montre que la Parole, de laquelle parle le texte ci-dessus, et qui \u00ab\u00a0a \u00e9t\u00e9 faite chair\u00a0\u00bb est le Seigneur J\u00e9sus Christ.<\/p>\n<p>Dans ce chapitre nous avons le t\u00e9moignage du Jean-Baptiste sur le Seigneur J\u00e9sus. Il t\u00e9moigne du Seigneur J\u00e9sus qu\u2019il ne Le connaissait pas mais pour cette raison il a \u00e9t\u00e9 envoy\u00e9 pour baptiser avec eau pour que le Fils de Dieu soit connu par Isra\u00ebl. Dieu lui a donn\u00e9 un signe par lequel il pourrait reconnaitre J\u00e9sus:<\/p>\n<blockquote class=\"td_quote_box td_box_center\">\n<p><em>Je ne le connaissais pas, mais celui qui m\u2019a envoy\u00e9 baptiser d\u2019eau, celui-l\u00e0 m\u2019a dit: Celui sur qui tu verras l\u2019Esprit descendre et s\u2019arr\u00eater, c\u2019est celui qui baptise du Saint-Esprit. (Jean 1:33)<\/em><\/p>\n<\/blockquote>\n<p>Dans le verset suivant Jean t\u00e9moigne et dit:<\/p>\n<blockquote class=\"td_quote_box td_box_center\">\n<p><em>Et j\u2019ai vu, et j\u2019ai rendu t\u00e9moignage qu\u2019il est le Fils de Dieu. (Jean 1:34)<\/em><\/p>\n<\/blockquote>\n<p>Dans les versets 15, 27 et 30 Jean-Baptiste t\u00e9moigne sur J\u00e9sus qu\u2019Il vient apr\u00e8s lui, mais qui est avant lui, parce qu\u2019Il l\u2019a pr\u00e9c\u00e9d\u00e9. Par cette affirmation Jean-Baptiste montre l\u2019existence pr\u00e9alable de J\u00e9sus Christ: comme, m\u00eame si le Seigneur J\u00e9sus est n\u00e9 apr\u00e8s John et a commenc\u00e9 son minist\u00e8re, cependant Il existait avant que Jean-Baptiste a \u00e9t\u00e9 con\u00e7u, comme nous avons vu dans le premier verset du chapitre 1 \u201cAu commencement \u00e9tait la Parole\u201d, c\u2019est-\u00e0-dire au commencement de la cr\u00e9ation, et J\u00e9sus est m\u00eame le cr\u00e9ateur, car il est \u00e9crit:<\/p>\n<blockquote class=\"td_quote_box td_box_center\">\n<p><em>Toutes choses ont \u00e9t\u00e9 faites par elle, et rien de ce qui a \u00e9t\u00e9 fait n\u2019a \u00e9t\u00e9 fait sans elle. (Jean 1:3)<\/em><\/p>\n<\/blockquote>\n<p>Dans le verset 23 Jean-Baptiste t\u00e9moigne de soi-m\u00eame et dit qu\u2019il est:<\/p>\n<blockquote class=\"td_quote_box td_box_center\">\n<p><em>Moi, dit-il, je suis la voix de celui qui crie dans le d\u00e9sert : Aplanissez le chemin du Seigneur, comme a dit Esa\u00efe, le proph\u00e8te.<\/em><\/p>\n<\/blockquote>\n<p>Il montre par cela que J\u00e9sus, qui vient apr\u00e8s lui, est le Seigneur, c\u2019est-\u00e0-dire Dieu. Nous voyons plus loin que Jean-Baptiste dirige les disciples \u00e0 J\u00e9sus, en t\u00e9moignant que J\u00e9sus est <strong>\u201cL\u2019Agneau de Dieu, qui \u00f4te le p\u00e9ch\u00e9 du monde\u201d <\/strong><em>(Jean 1:26, 29).<\/em><\/p>\n<h2><strong>J\u00e9sus Christ \u2013 le Fils de l\u2019Homme<\/strong><\/h2>\n<p>Dans le verset 51 du ce chapitre le Seigneur J\u00e9sus se pr\u00e9sente comme \u00e9tant le Fils de l\u2019Homme. Par cela il montre que J\u00e9sus est non seulement le Fils de Dieu, mais le Fils de l\u2019Homme, c\u2019est-\u00e0-dire, il est Dieu incarn\u00e9, comme nous avons vu dans le verset 14 du ce chapitre. Du verset 45 nous apprenons qu\u2019Il est J\u00e9sus du Nazareth, le fils de Joseph.<\/p>\n<p>Voyons qu\u2019est-ce qu\u2019il est \u00e9crit dans les Ecritures de la famille et le lieu ou le Christ serait n\u00e9 (Messie, c\u2019est-\u00e0-dire Celui qui a \u00e9t\u00e9 promis). Dans l\u2019Ancien Testament le mot \u201cMessie\u201d se trouve une seule fois dans le texte Daniel 9:25. Mais, par contre, l\u2019Ancien Testament fait r\u00e9f\u00e9rence fr\u00e9quemment \u00e0 une post\u00e9rit\u00e9 (en roumaine \u2013 graine, semence) que, conform\u00e9ment au texte <em>Galates 3:16, <\/em>est le Christ. La premi\u00e8re r\u00e9f\u00e9rence \u00e0 la post\u00e9rit\u00e9 promis nous le voyons dans le texte <em>Gen\u00e8se 3:15, <\/em>dans lequel il est parl\u00e9 de la post\u00e9rit\u00e9 de la femme qui \u00e9crasera la t\u00eate du serpent. Puis, au <em>Gen\u00e8se 22:16-18 <\/em>nous voyons que Dieu promet \u00e0 l\u2019Abraham que <strong>\u201cToutes les nations de la terre seront b\u00e9nies en ta post\u00e9rit\u00e9\u201d.<\/strong><\/p>\n<p>Abraham a eu plusieurs fils, mais Dieu sp\u00e9cifie en <em>Gen\u00e8se 17:19, 21:12<\/em> que la post\u00e9rit\u00e9 viendra du Joseph, le fils n\u00e9 par la promesse \u00e0 Sara. Isaac \u00e0 son tour a eu deux fils, mais les Ecritures nous montrent sp\u00e9cifiquement que la post\u00e9rit\u00e9 viendra par James <em>(Gen\u00e8se 28:10-14). <\/em>James a eu 12 fils, mais <em>Gen\u00e8se 49:10 <\/em>sp\u00e9cifie que le Messie viendra de Juda. Des milliers de familles sont venues de Juda, mais dans <em>Isa\u00efe 11:1-2, <\/em>il est sp\u00e9cifi\u00e9 que Celui promis viendra du Jesse Bethl\u00e9em, qui \u00e0 son tour a eu 8 fils. Dans <em>2 Samuel 7:8-16 <\/em>nous voyons que Celui promis par Dieu viendra de la maison de David, le plus jeune fils de Jesse. Dans <em>Matthieu 1:18-25<\/em><em>, <\/em>les versets racontent la naissance de Seigneur J\u00e9sus. Au verset 20, nous voyons que Joseph, le Seigneur J\u00e9sus est n\u00e9 dans sa maison, est \u201cle fils de David\u201d (c\u2019est-\u00e0-dire de la maison David). Nous voyons que notre Seigneur J\u00e9sus Christ provient d\u2019une famille ou les Ecritures avaient annonc\u00e9 la naissance du Promis. Aussi, dans <em>Matthieu 1:18-25, <\/em>nous voyons que la naissance du Seigneur J\u00e9sus accompli la proph\u00e9tie d\u2019<em>Esa\u00efe 7:14, <\/em>qui dit:<\/p>\n<blockquote class=\"td_quote_box td_box_center\">\n<p><em>C\u2019est pourquoi le Seigneur lui-m\u00eame vous donnera un signe: Voici, la vierge sera enceinte; elle enfantera un fils, et lui donnera le nom d\u2019Emmanuel (Dieu avec nous).<\/em><\/p>\n<\/blockquote>\n<p>Par cela nous voyons encore une fois que, dans la personne du Seigneur J\u00e9sus que Dieu est avec nous. Conform\u00e9ment au verset <em>Mich\u00e9e 5:2<\/em>\u00a0Celui qui a \u00e9t\u00e9 promis devait \u00eatre n\u00e9 dans le Bethl\u00e9em de Juda. M\u00eame si J\u00e9sus a grandi \u00e0 Nazareth, la ville ou Sa m\u00e8re vivait avant son mariage <em>(Luc 1:26-27), <\/em>pourtant Il est n\u00e9 \u00e0 Bethl\u00e9em de Juda, cette chose est racont\u00e9 dans l\u2019Evangile d\u2019apr\u00e8s Luc 2:1-7.<\/p>\n<p><strong>Conclusion<\/strong><\/p>\n<p>Le Seigneur J\u00e9sus est Dieu incarn\u00e9 et, en ce qui concerne le corps, Il est n\u00e9 de la post\u00e9rit\u00e9 de David, comme pr\u00e9dit dans les Ecritures, et Il est n\u00e9 dans le Bethl\u00e9em de Juda, aussi, comme pr\u00e9dit.<\/p>\n<p>Au texte du <em>Romains 1:3-4<\/em>\u00a0 l\u2019ap\u00f4tre Paul \u00e9crit dans l\u2019Evangile de Dieu:<\/p>\n<blockquote class=\"td_quote_box td_box_center\">\n<p><em>\u201cet qui concerne son Fils n\u00e9 de la post\u00e9rit\u00e9 de David, selon la chair, et d\u00e9clar\u00e9 Fils de Dieu avec puissance, selon l\u2019Esprit de saintet\u00e9, par sa r\u00e9surrection d\u2019entre les morts, J\u00e9sus-Christ notre Seigneur\u201d<\/em><\/p>\n<\/blockquote>\n<p>C\u2019est pourquoi, mes amis, nous voyons que les connaissances sont tr\u00e8s importantes, que nous avons appris en proclament l\u2019Evangile! En effet, la divinit\u00e9 du Seigneur J\u00e9sus doit \u00eatre le message de base quand nous pr\u00eacherons l\u2019Evangile, parce que seulement\u00a0en croyant que J\u00e9sus est le Fils de\u00a0Dieu et le Christ qui peut nous sauver. Et je vais vous aider que la croyance (par la d\u00e9finition du mot utilis\u00e9 en grec)\u00a0implique la connaissance des quelques v\u00e9rit\u00e9s, la reconnaissance de ce que tu connais et la confiance totale dans les choses que tu connais. Donc, nous voyons pourquoi il est tr\u00e8s important d\u2019\u00e9tudier la Bible.<\/p>\n<p>Que Dieu nous aide de pers\u00e9v\u00e9rer dans l\u2019\u00e9tude de la Bible et de transmettre aux autres aussi les v\u00e9rit\u00e9s qui peuvent donner vie aux hommes qui les re\u00e7oivent.<\/p>\n<p><em>L\u2019article a \u00e9t\u00e9 traduit par Irina Batin.<\/em><\/p><\/p>\n","protected":false},"excerpt":{"rendered":"<p>Il y a beaucoup de discutions sur la personne de Seigneur J\u00e9sus. Certains croient qu\u2019Il est un proph\u00e8te, autres pensent qu\u2019Il a \u00e9t\u00e9 un homme sp\u00e9cial, un leader fort. L\u2019Evangile d\u2019apr\u00e8s John nous pr\u00e9sente J\u00e9sus comme le Fils de Dieu et comme le Fils de l\u2019homme. Le but de l\u2019\u00e9vang\u00e9liste John en \u00e9crivant, cette Evangile, [&hellip;]<\/p>\n","protected":false},"author":46,"featured_media":331483,"comment_status":"closed","ping_status":"closed","sticky":false,"template":"","format":"standard","meta":{"_acf_changed":false,"inline_featured_image":false,"_monsterinsights_skip_tracking":false,"_monsterinsights_sitenote_active":false,"_monsterinsights_sitenote_note":"","_monsterinsights_sitenote_category":0,"_genesis_hide_title":false,"_genesis_hide_breadcrumbs":false,"_genesis_hide_singular_image":false,"_genesis_hide_footer_widgets":false,"_genesis_custom_body_class":"","_genesis_custom_post_class":"","_genesis_layout":"","ep_exclude_from_search":false,"_jetpack_memberships_contains_paid_content":false,"footnotes":""},"categories":[29840],"tags":[9005,9006,9007,9008,9009],"class_list":{"0":"post-53806","1":"post","2":"type-post","3":"status-publish","4":"format-standard","5":"has-post-thumbnail","7":"category-reponses-de-la-bible","8":"tag-christ","9":"tag-dieu-incarne","10":"tag-fils-de-dieu","11":"tag-fils-de-lhomme","12":"tag-jesus","13":"entry"},"acf":[],"yoast_head":"<!-- This site is optimized with the Yoast SEO Premium plugin v26.5 (Yoast SEO v27.4) - https:\/\/yoast.com\/product\/yoast-seo-premium-wordpress\/ -->\n<title>J\u00e9sus Christ \u2013 le Fils de Dieu et le Fils de l&#039;homme<\/title>\n<meta name=\"description\" content=\"La divinit\u00e9 de J\u00e9sus doit \u00eatre le message de base quand nous pr\u00eacherons l\u2019Evangile, car seulement en croyant que J\u00e9sus est le Fils de Dieu et le Christ nous pouvons \u00eatre sauver.\" \/>\n<meta name=\"robots\" content=\"index, follow, max-snippet:-1, max-image-preview:large, max-video-preview:-1\" \/>\n<link rel=\"canonical\" href=\"https:\/\/moldovacrestina.md\/fr\/jesus-christ-dieu-incarne\/\" \/>\n<meta property=\"og:locale\" content=\"fr_FR\" \/>\n<meta property=\"og:type\" content=\"article\" \/>\n<meta property=\"og:title\" content=\"J\u00e9sus Christ \u2013 Dieu incarn\u00e9\" \/>\n<meta property=\"og:description\" content=\"La divinit\u00e9 de J\u00e9sus doit \u00eatre le message de base quand nous pr\u00eacherons l\u2019Evangile, car seulement en croyant que J\u00e9sus est le Fils de Dieu et le Christ nous pouvons \u00eatre sauver.\" \/>\n<meta property=\"og:url\" content=\"https:\/\/moldovacrestina.md\/fr\/jesus-christ-dieu-incarne\/\" \/>\n<meta property=\"og:site_name\" content=\"Moldova Cre\u0219tin\u0103\" \/>\n<meta property=\"article:publisher\" content=\"https:\/\/www.facebook.com\/moldovacrestina\/\" \/>\n<meta property=\"article:published_time\" content=\"2011-09-13T11:33:15+00:00\" \/>\n<meta property=\"article:modified_time\" content=\"2017-05-03T16:46:45+00:00\" \/>\n<meta property=\"og:image\" content=\"https:\/\/cdn.moldovacrestina.md\/2008\/09\/af722f4a-zb-20190220-002.jpeg\" \/>\n\t<meta property=\"og:image:width\" content=\"615\" \/>\n\t<meta property=\"og:image:height\" content=\"346\" \/>\n\t<meta property=\"og:image:type\" content=\"image\/jpeg\" \/>\n<meta name=\"author\" content=\"Vasile Filat\" \/>\n<meta name=\"twitter:card\" content=\"summary_large_image\" \/>\n<meta name=\"twitter:creator\" content=\"@moldovacrestina\" \/>\n<meta name=\"twitter:site\" content=\"@moldovacrestina\" \/>\n<meta name=\"twitter:label1\" content=\"\u00c9crit par\" \/>\n\t<meta name=\"twitter:data1\" content=\"Vasile Filat\" \/>\n\t<meta name=\"twitter:label2\" content=\"Dur\u00e9e de lecture estim\u00e9e\" \/>\n\t<meta name=\"twitter:data2\" content=\"8 minutes\" \/>\n<script type=\"application\/ld+json\" class=\"yoast-schema-graph\">{\"@context\":\"https:\\\/\\\/schema.org\",\"@graph\":[{\"@type\":\"Article\",\"@id\":\"https:\\\/\\\/moldovacrestina.md\\\/fr\\\/jesus-christ-dieu-incarne\\\/#article\",\"isPartOf\":{\"@id\":\"https:\\\/\\\/moldovacrestina.md\\\/fr\\\/jesus-christ-dieu-incarne\\\/\"},\"author\":{\"name\":\"Vasile Filat\",\"@id\":\"https:\\\/\\\/moldovacrestina.md\\\/fr\\\/#\\\/schema\\\/person\\\/04b204bbb582cc832c3d2424f5d27dc0\"},\"headline\":\"J\u00e9sus Christ \u2013 Dieu incarn\u00e9\",\"datePublished\":\"2011-09-13T11:33:15+00:00\",\"dateModified\":\"2017-05-03T16:46:45+00:00\",\"mainEntityOfPage\":{\"@id\":\"https:\\\/\\\/moldovacrestina.md\\\/fr\\\/jesus-christ-dieu-incarne\\\/\"},\"wordCount\":1508,\"image\":{\"@id\":\"https:\\\/\\\/moldovacrestina.md\\\/fr\\\/jesus-christ-dieu-incarne\\\/#primaryimage\"},\"thumbnailUrl\":\"https:\\\/\\\/moldovacrestina.md\\\/wp-content\\\/uploads\\\/2008\\\/09\\\/af722f4a-zb-20190220-002.jpeg\",\"keywords\":[\"Christ\",\"Dieu incarn\u00e9\",\"Fils de Dieu\",\"Fils de lhomme\",\"J\u00e9sus\"],\"articleSection\":[\"R\u00e9ponses de la Bible\"],\"inLanguage\":\"fr-FR\"},{\"@type\":\"WebPage\",\"@id\":\"https:\\\/\\\/moldovacrestina.md\\\/fr\\\/jesus-christ-dieu-incarne\\\/\",\"url\":\"https:\\\/\\\/moldovacrestina.md\\\/fr\\\/jesus-christ-dieu-incarne\\\/\",\"name\":\"J\u00e9sus Christ \u2013 le Fils de Dieu et le Fils de l'homme\",\"isPartOf\":{\"@id\":\"https:\\\/\\\/moldovacrestina.md\\\/fr\\\/#website\"},\"primaryImageOfPage\":{\"@id\":\"https:\\\/\\\/moldovacrestina.md\\\/fr\\\/jesus-christ-dieu-incarne\\\/#primaryimage\"},\"image\":{\"@id\":\"https:\\\/\\\/moldovacrestina.md\\\/fr\\\/jesus-christ-dieu-incarne\\\/#primaryimage\"},\"thumbnailUrl\":\"https:\\\/\\\/moldovacrestina.md\\\/wp-content\\\/uploads\\\/2008\\\/09\\\/af722f4a-zb-20190220-002.jpeg\",\"datePublished\":\"2011-09-13T11:33:15+00:00\",\"dateModified\":\"2017-05-03T16:46:45+00:00\",\"author\":{\"@id\":\"https:\\\/\\\/moldovacrestina.md\\\/fr\\\/#\\\/schema\\\/person\\\/04b204bbb582cc832c3d2424f5d27dc0\"},\"description\":\"La divinit\u00e9 de J\u00e9sus doit \u00eatre le message de base quand nous pr\u00eacherons l\u2019Evangile, car seulement en croyant que J\u00e9sus est le Fils de Dieu et le Christ nous pouvons \u00eatre sauver.\",\"breadcrumb\":{\"@id\":\"https:\\\/\\\/moldovacrestina.md\\\/fr\\\/jesus-christ-dieu-incarne\\\/#breadcrumb\"},\"inLanguage\":\"fr-FR\",\"potentialAction\":[{\"@type\":\"ReadAction\",\"target\":[\"https:\\\/\\\/moldovacrestina.md\\\/fr\\\/jesus-christ-dieu-incarne\\\/\"]}]},{\"@type\":\"ImageObject\",\"inLanguage\":\"fr-FR\",\"@id\":\"https:\\\/\\\/moldovacrestina.md\\\/fr\\\/jesus-christ-dieu-incarne\\\/#primaryimage\",\"url\":\"https:\\\/\\\/moldovacrestina.md\\\/wp-content\\\/uploads\\\/2008\\\/09\\\/af722f4a-zb-20190220-002.jpeg\",\"contentUrl\":\"https:\\\/\\\/moldovacrestina.md\\\/wp-content\\\/uploads\\\/2008\\\/09\\\/af722f4a-zb-20190220-002.jpeg\",\"width\":615,\"height\":346},{\"@type\":\"BreadcrumbList\",\"@id\":\"https:\\\/\\\/moldovacrestina.md\\\/fr\\\/jesus-christ-dieu-incarne\\\/#breadcrumb\",\"itemListElement\":[{\"@type\":\"ListItem\",\"position\":1,\"name\":\"Prima pagin\u0103\",\"item\":\"https:\\\/\\\/moldovacrestina.md\\\/fr\\\/\"},{\"@type\":\"ListItem\",\"position\":2,\"name\":\"R\u00e9ponses de la Bible\",\"item\":\"https:\\\/\\\/moldovacrestina.md\\\/fr\\\/reponses-de-la-bible\\\/\"},{\"@type\":\"ListItem\",\"position\":3,\"name\":\"J\u00e9sus Christ \u2013 Dieu incarn\u00e9\"}]},{\"@type\":\"WebSite\",\"@id\":\"https:\\\/\\\/moldovacrestina.md\\\/fr\\\/#website\",\"url\":\"https:\\\/\\\/moldovacrestina.md\\\/fr\\\/\",\"name\":\"Moldova Cre\u0219tin\u0103\",\"description\":\"R\u0103spunsuri relevante \u0219i actuale din Biblie\",\"potentialAction\":[{\"@type\":\"SearchAction\",\"target\":{\"@type\":\"EntryPoint\",\"urlTemplate\":\"https:\\\/\\\/moldovacrestina.md\\\/fr\\\/?s={search_term_string}\"},\"query-input\":{\"@type\":\"PropertyValueSpecification\",\"valueRequired\":true,\"valueName\":\"search_term_string\"}}],\"inLanguage\":\"fr-FR\"},{\"@type\":\"Person\",\"@id\":\"https:\\\/\\\/moldovacrestina.md\\\/fr\\\/#\\\/schema\\\/person\\\/04b204bbb582cc832c3d2424f5d27dc0\",\"name\":\"Vasile Filat\",\"image\":{\"@type\":\"ImageObject\",\"inLanguage\":\"fr-FR\",\"@id\":\"https:\\\/\\\/secure.gravatar.com\\\/avatar\\\/2e02d082d139dd6eb634318c9cf2c3a8281db62f24f87a134adb4f2020e77ab3?s=96&d=mm&r=g\",\"url\":\"https:\\\/\\\/secure.gravatar.com\\\/avatar\\\/2e02d082d139dd6eb634318c9cf2c3a8281db62f24f87a134adb4f2020e77ab3?s=96&d=mm&r=g\",\"contentUrl\":\"https:\\\/\\\/secure.gravatar.com\\\/avatar\\\/2e02d082d139dd6eb634318c9cf2c3a8281db62f24f87a134adb4f2020e77ab3?s=96&d=mm&r=g\",\"caption\":\"Vasile Filat\"},\"description\":\"P\u0103storesc\u00a0Biserica Bunavestire din Chi\u0219in\u0103u, predau Cuv\u00e2ntul lui Dumnezeu la\u00a0Institutul de Studiu Biblic Inductiv din Eurasia\u00a0\u0219i conduc\u00a0Asocia\u021bia \\\"\u00cenv\u0103\u021b\u0103tur\u0103 din Cuv\u00e2nt - Precept Ministries\\\" din Moldova. \u00cempreun\u0103 cu so\u021bia mea\u00a0Anastasia, avem trei copii. Din Aprilie 2007 am oferit r\u0103spunsuri din Biblie pe acest site la \u00eentreb\u0103ri adresate de cititori. Mai mult despre mine citi\u021bi\u00a0aici.\",\"url\":\"https:\\\/\\\/moldovacrestina.md\\\/fr\\\/author\\\/vasile-filat\\\/\"}]}<\/script>\n<!-- \/ Yoast SEO Premium plugin. -->","yoast_head_json":{"title":"J\u00e9sus Christ \u2013 le Fils de Dieu et le Fils de l'homme","description":"La divinit\u00e9 de J\u00e9sus doit \u00eatre le message de base quand nous pr\u00eacherons l\u2019Evangile, car seulement en croyant que J\u00e9sus est le Fils de Dieu et le Christ nous pouvons \u00eatre sauver.","robots":{"index":"index","follow":"follow","max-snippet":"max-snippet:-1","max-image-preview":"max-image-preview:large","max-video-preview":"max-video-preview:-1"},"canonical":"https:\/\/moldovacrestina.md\/fr\/jesus-christ-dieu-incarne\/","og_locale":"fr_FR","og_type":"article","og_title":"J\u00e9sus Christ \u2013 Dieu incarn\u00e9","og_description":"La divinit\u00e9 de J\u00e9sus doit \u00eatre le message de base quand nous pr\u00eacherons l\u2019Evangile, car seulement en croyant que J\u00e9sus est le Fils de Dieu et le Christ nous pouvons \u00eatre sauver.","og_url":"https:\/\/moldovacrestina.md\/fr\/jesus-christ-dieu-incarne\/","og_site_name":"Moldova Cre\u0219tin\u0103","article_publisher":"https:\/\/www.facebook.com\/moldovacrestina\/","article_published_time":"2011-09-13T11:33:15+00:00","article_modified_time":"2017-05-03T16:46:45+00:00","og_image":[{"width":615,"height":346,"url":"https:\/\/cdn.moldovacrestina.md\/2008\/09\/af722f4a-zb-20190220-002.jpeg","type":"image\/jpeg"}],"author":"Vasile Filat","twitter_card":"summary_large_image","twitter_creator":"@moldovacrestina","twitter_site":"@moldovacrestina","twitter_misc":{"\u00c9crit par":"Vasile Filat","Dur\u00e9e de lecture estim\u00e9e":"8 minutes"},"schema":{"@context":"https:\/\/schema.org","@graph":[{"@type":"Article","@id":"https:\/\/moldovacrestina.md\/fr\/jesus-christ-dieu-incarne\/#article","isPartOf":{"@id":"https:\/\/moldovacrestina.md\/fr\/jesus-christ-dieu-incarne\/"},"author":{"name":"Vasile Filat","@id":"https:\/\/moldovacrestina.md\/fr\/#\/schema\/person\/04b204bbb582cc832c3d2424f5d27dc0"},"headline":"J\u00e9sus Christ \u2013 Dieu incarn\u00e9","datePublished":"2011-09-13T11:33:15+00:00","dateModified":"2017-05-03T16:46:45+00:00","mainEntityOfPage":{"@id":"https:\/\/moldovacrestina.md\/fr\/jesus-christ-dieu-incarne\/"},"wordCount":1508,"image":{"@id":"https:\/\/moldovacrestina.md\/fr\/jesus-christ-dieu-incarne\/#primaryimage"},"thumbnailUrl":"https:\/\/moldovacrestina.md\/wp-content\/uploads\/2008\/09\/af722f4a-zb-20190220-002.jpeg","keywords":["Christ","Dieu incarn\u00e9","Fils de Dieu","Fils de lhomme","J\u00e9sus"],"articleSection":["R\u00e9ponses de la Bible"],"inLanguage":"fr-FR"},{"@type":"WebPage","@id":"https:\/\/moldovacrestina.md\/fr\/jesus-christ-dieu-incarne\/","url":"https:\/\/moldovacrestina.md\/fr\/jesus-christ-dieu-incarne\/","name":"J\u00e9sus Christ \u2013 le Fils de Dieu et le Fils de l'homme","isPartOf":{"@id":"https:\/\/moldovacrestina.md\/fr\/#website"},"primaryImageOfPage":{"@id":"https:\/\/moldovacrestina.md\/fr\/jesus-christ-dieu-incarne\/#primaryimage"},"image":{"@id":"https:\/\/moldovacrestina.md\/fr\/jesus-christ-dieu-incarne\/#primaryimage"},"thumbnailUrl":"https:\/\/moldovacrestina.md\/wp-content\/uploads\/2008\/09\/af722f4a-zb-20190220-002.jpeg","datePublished":"2011-09-13T11:33:15+00:00","dateModified":"2017-05-03T16:46:45+00:00","author":{"@id":"https:\/\/moldovacrestina.md\/fr\/#\/schema\/person\/04b204bbb582cc832c3d2424f5d27dc0"},"description":"La divinit\u00e9 de J\u00e9sus doit \u00eatre le message de base quand nous pr\u00eacherons l\u2019Evangile, car seulement en croyant que J\u00e9sus est le Fils de Dieu et le Christ nous pouvons \u00eatre sauver.","breadcrumb":{"@id":"https:\/\/moldovacrestina.md\/fr\/jesus-christ-dieu-incarne\/#breadcrumb"},"inLanguage":"fr-FR","potentialAction":[{"@type":"ReadAction","target":["https:\/\/moldovacrestina.md\/fr\/jesus-christ-dieu-incarne\/"]}]},{"@type":"ImageObject","inLanguage":"fr-FR","@id":"https:\/\/moldovacrestina.md\/fr\/jesus-christ-dieu-incarne\/#primaryimage","url":"https:\/\/moldovacrestina.md\/wp-content\/uploads\/2008\/09\/af722f4a-zb-20190220-002.jpeg","contentUrl":"https:\/\/moldovacrestina.md\/wp-content\/uploads\/2008\/09\/af722f4a-zb-20190220-002.jpeg","width":615,"height":346},{"@type":"BreadcrumbList","@id":"https:\/\/moldovacrestina.md\/fr\/jesus-christ-dieu-incarne\/#breadcrumb","itemListElement":[{"@type":"ListItem","position":1,"name":"Prima pagin\u0103","item":"https:\/\/moldovacrestina.md\/fr\/"},{"@type":"ListItem","position":2,"name":"R\u00e9ponses de la Bible","item":"https:\/\/moldovacrestina.md\/fr\/reponses-de-la-bible\/"},{"@type":"ListItem","position":3,"name":"J\u00e9sus Christ \u2013 Dieu incarn\u00e9"}]},{"@type":"WebSite","@id":"https:\/\/moldovacrestina.md\/fr\/#website","url":"https:\/\/moldovacrestina.md\/fr\/","name":"Moldova Cre\u0219tin\u0103","description":"R\u0103spunsuri relevante \u0219i actuale din Biblie","potentialAction":[{"@type":"SearchAction","target":{"@type":"EntryPoint","urlTemplate":"https:\/\/moldovacrestina.md\/fr\/?s={search_term_string}"},"query-input":{"@type":"PropertyValueSpecification","valueRequired":true,"valueName":"search_term_string"}}],"inLanguage":"fr-FR"},{"@type":"Person","@id":"https:\/\/moldovacrestina.md\/fr\/#\/schema\/person\/04b204bbb582cc832c3d2424f5d27dc0","name":"Vasile Filat","image":{"@type":"ImageObject","inLanguage":"fr-FR","@id":"https:\/\/secure.gravatar.com\/avatar\/2e02d082d139dd6eb634318c9cf2c3a8281db62f24f87a134adb4f2020e77ab3?s=96&d=mm&r=g","url":"https:\/\/secure.gravatar.com\/avatar\/2e02d082d139dd6eb634318c9cf2c3a8281db62f24f87a134adb4f2020e77ab3?s=96&d=mm&r=g","contentUrl":"https:\/\/secure.gravatar.com\/avatar\/2e02d082d139dd6eb634318c9cf2c3a8281db62f24f87a134adb4f2020e77ab3?s=96&d=mm&r=g","caption":"Vasile Filat"},"description":"P\u0103storesc\u00a0Biserica Bunavestire din Chi\u0219in\u0103u, predau Cuv\u00e2ntul lui Dumnezeu la\u00a0Institutul de Studiu Biblic Inductiv din Eurasia\u00a0\u0219i conduc\u00a0Asocia\u021bia \"\u00cenv\u0103\u021b\u0103tur\u0103 din Cuv\u00e2nt - Precept Ministries\" din Moldova. \u00cempreun\u0103 cu so\u021bia mea\u00a0Anastasia, avem trei copii. Din Aprilie 2007 am oferit r\u0103spunsuri din Biblie pe acest site la \u00eentreb\u0103ri adresate de cititori. Mai mult despre mine citi\u021bi\u00a0aici.","url":"https:\/\/moldovacrestina.md\/fr\/author\/vasile-filat\/"}]}},"jetpack_featured_media_url":"https:\/\/moldovacrestina.md\/wp-content\/uploads\/2008\/09\/af722f4a-zb-20190220-002.jpeg","video_meta":false,"featured_image":"https:\/\/moldovacrestina.md\/wp-content\/uploads\/2008\/09\/af722f4a-zb-20190220-002.jpeg","wpml":{"language_code":"fr","locale":"fr_FR","text_direction":false,"display_name":"Fran\u00e7ais","native_name":"Francez\u0103","different_language":false},"jetpack-related-posts":[{"id":361261,"url":"https:\/\/moldovacrestina.md\/probleme-necazuri-si-ciori-care-se-tin-dupa-tine-vasile-filat\/","url_meta":{"origin":53806,"position":0},"title":"Probleme, necazuri \u0219i ciori care se \u021bin dup\u0103 tine\u2026 &#8211; Vasile Filat","author":"Vasile Filat","date":"1 novembre 2024","format":false,"excerpt":"\u00ceNTREBAREA: P\u0103rinte, de mul\u021bi ani m\u0103 confrunt numai cu necazuri \u0219i probleme. Nu doar asta, dar \u00een fiecare zi sunt \u0219i ciori care se \u021bin dup\u0103 mine \u0219i simt c\u0103 nimic nu m\u0103 mai mul\u021bume\u0219te. Vreau s\u0103 \u0219tiu care ar fi problema? Simt c\u0103 nu mai pot. Mul\u021bumesc din suflet.\u2026","rel":"","context":"<span class=\"jp-relatedposts-post-author\">Vasile Filat<\/span>","block_context":{"text":"Doctrine","link":"https:\/\/moldovacrestina.md\/doctrine\/"},"img":{"alt_text":"","src":"https:\/\/i0.wp.com\/cdn.moldovacrestina.md\/2024\/11\/56a16de6-screenshot-2024-11-01-at-09.20.42.png?resize=350%2C200&ssl=1","width":350,"height":200,"srcset":"https:\/\/i0.wp.com\/cdn.moldovacrestina.md\/2024\/11\/56a16de6-screenshot-2024-11-01-at-09.20.42.png?resize=350%2C200&ssl=1 1x, https:\/\/i0.wp.com\/cdn.moldovacrestina.md\/2024\/11\/56a16de6-screenshot-2024-11-01-at-09.20.42.png?resize=525%2C300&ssl=1 1.5x, https:\/\/i0.wp.com\/cdn.moldovacrestina.md\/2024\/11\/56a16de6-screenshot-2024-11-01-at-09.20.42.png?resize=700%2C400&ssl=1 2x, https:\/\/i0.wp.com\/cdn.moldovacrestina.md\/2024\/11\/56a16de6-screenshot-2024-11-01-at-09.20.42.png?resize=1050%2C600&ssl=1 3x, https:\/\/i0.wp.com\/cdn.moldovacrestina.md\/2024\/11\/56a16de6-screenshot-2024-11-01-at-09.20.42.png?resize=1400%2C800&ssl=1 4x"},"classes":[]},{"id":363310,"url":"https:\/\/moldovacrestina.md\/nici-la-moartea-parintilor-nu-va-oferi-mancare-cuiva\/","url_meta":{"origin":53806,"position":1},"title":"Nici la moartea p\u0103rin\u021bilor nu va oferi m\u00e2ncare cuiva\u2026","author":"Moldova Cre\u0219tin\u0103","date":"25 juillet 2025","format":false,"excerpt":"\u00ceNTREBARE: Pace, frate! Am \u0219i eu o nedumerire. M\u0103 contraziceam cu tata: \u00een caz de o \u00eenmorm\u00e2ntare, eu am zis c\u0103 nu a\u0219 da nici m\u0103car pr\u0103jituri \u0219i nici suc. Am zis doar ap\u0103, ca s\u0103 nu \u00eei fie cuiva sete. Tata mi-a zis s\u0103 vorbesc cu un predicator poc\u0103it\u2026","rel":"","context":"<span class=\"jp-relatedposts-post-author\">Moldova Cre\u0219tin\u0103<\/span>","block_context":{"text":"MCTV","link":"https:\/\/moldovacrestina.md\/mctv\/"},"img":{"alt_text":"","src":"https:\/\/i0.wp.com\/cdn.moldovacrestina.md\/2025\/07\/ba7ab153-h1zvfmsmux8.jpg?resize=350%2C200&ssl=1","width":350,"height":200,"srcset":"https:\/\/i0.wp.com\/cdn.moldovacrestina.md\/2025\/07\/ba7ab153-h1zvfmsmux8.jpg?resize=350%2C200&ssl=1 1x, https:\/\/i0.wp.com\/cdn.moldovacrestina.md\/2025\/07\/ba7ab153-h1zvfmsmux8.jpg?resize=525%2C300&ssl=1 1.5x, https:\/\/i0.wp.com\/cdn.moldovacrestina.md\/2025\/07\/ba7ab153-h1zvfmsmux8.jpg?resize=700%2C400&ssl=1 2x, https:\/\/i0.wp.com\/cdn.moldovacrestina.md\/2025\/07\/ba7ab153-h1zvfmsmux8.jpg?resize=1050%2C600&ssl=1 3x"},"classes":[]},{"id":365337,"url":"https:\/\/moldovacrestina.md\/cum-sa-te-bucuri-de-avere-fara-sa-cazi-in-lux-si-risipa-pastor-vasile-filat\/","url_meta":{"origin":53806,"position":2},"title":"Cum s\u0103 te bucuri de avere f\u0103r\u0103 s\u0103 cazi \u00een lux \u0219i risip\u0103? | Pastor Vasile Filat","author":"Moldova Cre\u0219tin\u0103","date":"29 avril 2026","format":false,"excerpt":"Biblia nu condamn\u0103 bog\u0103\u021bia, ci inima care se leag\u0103 de ea. \u00cen acest mesaj, Pastorul Vasile Filat explic\u0103 din Scriptur\u0103 cum \u00eei \u00eenva\u021b\u0103 Dumnezeu pe boga\u021bii veacului acestuia s\u0103 fie genero\u0219i, s\u0103 fac\u0103 bine \u0219i, \u00een acela\u0219i timp, s\u0103 se bucure de ceea ce El le-a dat \u2014 f\u0103r\u0103 a\u2026","rel":"","context":"<span class=\"jp-relatedposts-post-author\">Moldova Cre\u0219tin\u0103<\/span>","block_context":{"text":"MCTV","link":"https:\/\/moldovacrestina.md\/mctv\/"},"img":{"alt_text":"","src":"https:\/\/i0.wp.com\/cdn.moldovacrestina.md\/2026\/04\/75dfc91a-305_ass0atm.jpg?resize=350%2C200&ssl=1","width":350,"height":200,"srcset":"https:\/\/i0.wp.com\/cdn.moldovacrestina.md\/2026\/04\/75dfc91a-305_ass0atm.jpg?resize=350%2C200&ssl=1 1x, https:\/\/i0.wp.com\/cdn.moldovacrestina.md\/2026\/04\/75dfc91a-305_ass0atm.jpg?resize=525%2C300&ssl=1 1.5x, https:\/\/i0.wp.com\/cdn.moldovacrestina.md\/2026\/04\/75dfc91a-305_ass0atm.jpg?resize=700%2C400&ssl=1 2x, https:\/\/i0.wp.com\/cdn.moldovacrestina.md\/2026\/04\/75dfc91a-305_ass0atm.jpg?resize=1050%2C600&ssl=1 3x"},"classes":[]},{"id":363051,"url":"https:\/\/moldovacrestina.md\/nu-va-strangeti-comori-pe-pamant\/","url_meta":{"origin":53806,"position":3},"title":"Nu v\u0103 str\u00e2nge\u0163i comori pe p\u0103m\u00e2nt","author":"Vasile Filat","date":"30 juin 2025","format":false,"excerpt":"Nu v\u0103 str\u00e2nge\u0163i comori pe p\u0103m\u00e2nt, unde le m\u0103n\u00e2nc\u0103 moliile \u0219i rugina \u0219i unde le sap\u0103 \u0219i le fur\u0103 ho\u0163ii; ci str\u00e2nge\u0163i-v\u0103 comori \u00een cer, unde nu le m\u0103n\u00e2nc\u0103 moliile \u0219i rugina \u0219i unde ho\u0163ii nu le sap\u0103, nici nu le fur\u0103. Pentru c\u0103 unde este comoara voastr\u0103, acolo va\u2026","rel":"","context":"<span class=\"jp-relatedposts-post-author\">Vasile Filat<\/span>","block_context":{"text":"MCTV","link":"https:\/\/moldovacrestina.md\/mctv\/"},"img":{"alt_text":"","src":"https:\/\/i0.wp.com\/cdn.moldovacrestina.md\/2025\/06\/37bfde08-jhxbg90vu-c.jpg?resize=350%2C200&ssl=1","width":350,"height":200,"srcset":"https:\/\/i0.wp.com\/cdn.moldovacrestina.md\/2025\/06\/37bfde08-jhxbg90vu-c.jpg?resize=350%2C200&ssl=1 1x, https:\/\/i0.wp.com\/cdn.moldovacrestina.md\/2025\/06\/37bfde08-jhxbg90vu-c.jpg?resize=525%2C300&ssl=1 1.5x, https:\/\/i0.wp.com\/cdn.moldovacrestina.md\/2025\/06\/37bfde08-jhxbg90vu-c.jpg?resize=700%2C400&ssl=1 2x, https:\/\/i0.wp.com\/cdn.moldovacrestina.md\/2025\/06\/37bfde08-jhxbg90vu-c.jpg?resize=1050%2C600&ssl=1 3x"},"classes":[]},{"id":365343,"url":"https:\/\/moldovacrestina.md\/esti-sufocat-la-locul-de-munca-nu-pleca-pana-nu-faci-aceasta-pastor-vasile-filat\/","url_meta":{"origin":53806,"position":4},"title":"E\u0219ti sufocat la locul de munc\u0103? Nu pleca p\u00e2n\u0103 nu faci aceasta | Pastor Vasile Filat","author":"Moldova Cre\u0219tin\u0103","date":"30 avril 2026","format":false,"excerpt":"Te sim\u021bi sufocat(\u0103) la locul de munc\u0103, e\u0219ti ap\u0103sat(\u0103) de manager \u0219i tr\u0103ie\u0219ti cu frica de \u201ece vor zice oamenii\u201d dac\u0103 demisionezi? \u00cen acest video vorbim despre cum s\u0103 iei o decizie \u00een\u021beleapt\u0103 c\u00e2nd lucrezi \u00eentr-un business de familie, cum s\u0103 pui limite clare f\u0103r\u0103 vinov\u0103\u021bie \u0219i cum s\u0103 cau\u021bi\u2026","rel":"","context":"<span class=\"jp-relatedposts-post-author\">Moldova Cre\u0219tin\u0103<\/span>","block_context":{"text":"MCTV","link":"https:\/\/moldovacrestina.md\/mctv\/"},"img":{"alt_text":"","src":"https:\/\/i0.wp.com\/cdn.moldovacrestina.md\/2026\/04\/cf31591f-fmzy1i2ztmq.jpg?resize=350%2C200&ssl=1","width":350,"height":200,"srcset":"https:\/\/i0.wp.com\/cdn.moldovacrestina.md\/2026\/04\/cf31591f-fmzy1i2ztmq.jpg?resize=350%2C200&ssl=1 1x, https:\/\/i0.wp.com\/cdn.moldovacrestina.md\/2026\/04\/cf31591f-fmzy1i2ztmq.jpg?resize=525%2C300&ssl=1 1.5x, https:\/\/i0.wp.com\/cdn.moldovacrestina.md\/2026\/04\/cf31591f-fmzy1i2ztmq.jpg?resize=700%2C400&ssl=1 2x, https:\/\/i0.wp.com\/cdn.moldovacrestina.md\/2026\/04\/cf31591f-fmzy1i2ztmq.jpg?resize=1050%2C600&ssl=1 3x"},"classes":[]}],"jetpack_sharing_enabled":true,"_links":{"self":[{"href":"https:\/\/moldovacrestina.md\/fr\/wp-json\/wp\/v2\/posts\/53806","targetHints":{"allow":["GET"]}}],"collection":[{"href":"https:\/\/moldovacrestina.md\/fr\/wp-json\/wp\/v2\/posts"}],"about":[{"href":"https:\/\/moldovacrestina.md\/fr\/wp-json\/wp\/v2\/types\/post"}],"author":[{"embeddable":true,"href":"https:\/\/moldovacrestina.md\/fr\/wp-json\/wp\/v2\/users\/46"}],"replies":[{"embeddable":true,"href":"https:\/\/moldovacrestina.md\/fr\/wp-json\/wp\/v2\/comments?post=53806"}],"version-history":[{"count":0,"href":"https:\/\/moldovacrestina.md\/fr\/wp-json\/wp\/v2\/posts\/53806\/revisions"}],"wp:featuredmedia":[{"embeddable":true,"href":"https:\/\/moldovacrestina.md\/fr\/wp-json\/wp\/v2\/media\/331483"}],"wp:attachment":[{"href":"https:\/\/moldovacrestina.md\/fr\/wp-json\/wp\/v2\/media?parent=53806"}],"wp:term":[{"taxonomy":"category","embeddable":true,"href":"https:\/\/moldovacrestina.md\/fr\/wp-json\/wp\/v2\/categories?post=53806"},{"taxonomy":"post_tag","embeddable":true,"href":"https:\/\/moldovacrestina.md\/fr\/wp-json\/wp\/v2\/tags?post=53806"}],"curies":[{"name":"wp","href":"https:\/\/api.w.org\/{rel}","templated":true}]}}