{"id":89963,"date":"2019-02-25T20:44:24","date_gmt":"2019-02-25T18:44:24","guid":{"rendered":"https:\/\/moldovacrestina.md\/?p=89963"},"modified":"2022-11-14T17:13:01","modified_gmt":"2022-11-14T15:13:01","slug":"que-es-y-que-no-es-la-abstinencia","status":"publish","type":"post","link":"https:\/\/moldovacrestina.md\/es\/que-es-y-que-no-es-la-abstinencia\/","title":{"rendered":"\u00bfQu\u00e9 es y lo que no es la abstinencia?"},"content":{"rendered":"<p>Hace dos d\u00edas, publiqu\u00e9 un art\u00edculo en el que expres\u00e9 mi opini\u00f3n sobre las escuelas de verano organizadas por unas organizaciones que han capacitado a m\u00e1s de 1.000 j\u00f3venes del pa\u00eds, para que \u00e9stos, a su vez,\u00a0 les vayan contando a sus amigos o compa\u00f1eros sobre los peligros del VIH \/ SIDA.<\/p>\n<p>Al leer el art\u00edculo del portal www.allmoldova.com, no estaba seguro de que si los organizadores de estas formaciones entienden por la definici\u00f3n \u00ab<em>relaciones sexuales prematuras<\/em>\u00bb. Hoy he le\u00eddo sobre este evento tambi\u00e9n en el portal http:\/\/demcom.info.md, donde un estudiante que particip\u00f3 en la formaci\u00f3n entendi\u00f3 sobre la abstinencia, o en otras palabras,\u00a0 se\u00f1alaban sobre\u00a0 la abstinencia lo siguiente:<\/p>\n<blockquote class=\"td_quote_box td_box_center\"><p>Chico de 13 a\u00f1os de edad: \u00abLa mejor manera de no infectarse con VIH es la abstinencia. Deber\u00e1n abstenerse hasta que conozcan a su pareja mejor, hasta que lleguen a cierta edad en la cual piensen que est\u00e9n preparados para mantener relaciones sexuales\u00bb. (Leer el art\u00edculo completo)<\/p><\/blockquote>\n<p>Como pueden observar, el chico no dice nada sobre el matrimonio. Para \u00e9l, tener actividad sexual significa tener relaciones con alguien que todav\u00eda no conoces o cuando alguien piensa que est\u00e1 o no est\u00e1 preparado para tener relaciones sexuales. \u00a1Qu\u00e9 gran desenga\u00f1o! Toda relaci\u00f3n sexual fuera del matrimonio es inmoral y ser\u00e1 castigada por\u00a0 Dios, que as\u00ed Lo dice a trav\u00e9s de su palabra que:<\/p>\n<p style=\"text-align: center\"><em>&#8220;Honroso sea en todos el matrimonio, y el lecho sin mancilla; pero a los fornicarios y a los ad\u00falteros los juzgar\u00e1 Dios. (Hebreos 13:4 (RVR95))&#8221;<\/em><\/p>\n<p>Por ello, s\u00f3lo quiero se\u00f1alar la diferencia entre la fornicaci\u00f3n y el adulterio. Fornicaci\u00f3n es toda relaci\u00f3n sexual entre dos personas cuando ninguna de las dos no ha contra\u00eddo matrimonio. Adulterio es toda relaci\u00f3n sexual en la cual al menos una de ellas est\u00e1 casada. Todos los solteros que practican relaciones sexuales antes del matrimonio son culpables de fornicaci\u00f3n y tendr\u00e1n sus consecuencias por su pecado. Por ello, una de las consecuencias que puede a ver es, el VIH \/ SIDA. Y que no piense nadie que es tan listo y astuto para poder sustraerse del castigo de Dios. \u00c9l es el Todopoderoso, y dice:<\/p>\n<p style=\"text-align: center\">&#8220;<em>\u00bfY por qu\u00e9, hijo m\u00edo, andar\u00e1s ciego con la mujer ajena, Y abrazar\u00e1s el seno de la extra\u00f1a? Porque los caminos del hombre est\u00e1n ante los ojos de Jehov\u00e1, Y \u00e9l considera todas sus veredas. Prender\u00e1n al imp\u00edo sus propias iniquidades, Y retenido ser\u00e1 con las cuerdas de su pecado. El morir\u00e1 por falta de correcci\u00f3n (abstinencia), Y errar\u00e1 por lo inmenso de su locura. (Proverbios 5:20-23 (RVR95))<\/em>&#8220;.<\/p>\n<p>\u00a1No te dejes enga\u00f1ar por aquellos, que vienen a darte una definici\u00f3n incorrecta de la abstinencia y una \u00abeducaci\u00f3n sexual\u00bb inmoral!<\/p>\n","protected":false},"excerpt":{"rendered":"<p>Hace dos d\u00edas, publiqu\u00e9 un art\u00edculo en el que expres\u00e9 mi opini\u00f3n sobre las escuelas de verano organizadas por unas organizaciones que han capacitado a m\u00e1s de 1.000 j\u00f3venes del pa\u00eds, para que \u00e9stos, a su vez,\u00a0 les vayan contando a sus amigos o compa\u00f1eros sobre los peligros del VIH \/ SIDA. Al leer el [&hellip;]<\/p>\n","protected":false},"author":94,"featured_media":339102,"comment_status":"open","ping_status":"open","sticky":false,"template":"","format":"standard","meta":{"_acf_changed":false,"inline_featured_image":false,"_monsterinsights_skip_tracking":false,"_monsterinsights_sitenote_active":false,"_monsterinsights_sitenote_note":"","_monsterinsights_sitenote_category":0,"_genesis_hide_title":false,"_genesis_hide_breadcrumbs":false,"_genesis_hide_singular_image":false,"_genesis_hide_footer_widgets":false,"_genesis_custom_body_class":"","_genesis_custom_post_class":"","_genesis_layout":"","ep_exclude_from_search":false,"_jetpack_memberships_contains_paid_content":false,"footnotes":""},"categories":[29341],"tags":[29348,29349,29350,29351,29352,29353],"class_list":{"0":"post-89963","1":"post","2":"type-post","3":"status-publish","4":"format-standard","5":"has-post-thumbnail","7":"category-respuestas-de-la-palabra","8":"tag-sida-es-2","9":"tag-matrimonio-es-2","10":"tag-abstinencia-es-2","11":"tag-actividad-sexual-es-2","12":"tag-vih-es-2","13":"tag-educacion-sexual-es-2","14":"entry"},"acf":[],"yoast_head":"<!-- This site is optimized with the Yoast SEO Premium plugin v26.5 (Yoast SEO v27.4) - https:\/\/yoast.com\/product\/yoast-seo-premium-wordpress\/ -->\n<title>\u00bfQu\u00e9 es y qu\u00e9 no es la abstinencia?<\/title>\n<meta name=\"robots\" content=\"index, follow, max-snippet:-1, max-image-preview:large, max-video-preview:-1\" \/>\n<link rel=\"canonical\" href=\"https:\/\/moldovacrestina.md\/es\/que-es-y-que-no-es-la-abstinencia\/\" \/>\n<meta property=\"og:locale\" content=\"es_ES\" \/>\n<meta property=\"og:type\" content=\"article\" \/>\n<meta property=\"og:title\" content=\"\u00bfQu\u00e9 es y lo que no es la abstinencia?\" \/>\n<meta property=\"og:description\" content=\"Hace dos d\u00edas, publiqu\u00e9 un art\u00edculo en el que expres\u00e9 mi opini\u00f3n sobre las escuelas de verano organizadas por unas organizaciones que han capacitado a m\u00e1s de 1.000 j\u00f3venes del pa\u00eds, para que \u00e9stos, a su vez,\u00a0 les vayan contando a sus amigos o compa\u00f1eros sobre los peligros del VIH \/ SIDA. Al leer el [&hellip;]\" \/>\n<meta property=\"og:url\" content=\"https:\/\/moldovacrestina.md\/es\/que-es-y-que-no-es-la-abstinencia\/\" \/>\n<meta property=\"og:site_name\" content=\"Moldova Cre\u0219tin\u0103\" \/>\n<meta property=\"article:publisher\" content=\"https:\/\/www.facebook.com\/moldovacrestina\/\" \/>\n<meta property=\"article:published_time\" content=\"2019-02-25T18:44:24+00:00\" \/>\n<meta property=\"article:modified_time\" content=\"2022-11-14T15:13:01+00:00\" \/>\n<meta property=\"og:image\" content=\"https:\/\/cdn.moldovacrestina.md\/2019\/02\/9fbbba71-168440762.jpeg\" \/>\n\t<meta property=\"og:image:width\" content=\"1500\" \/>\n\t<meta property=\"og:image:height\" content=\"1120\" \/>\n\t<meta property=\"og:image:type\" content=\"image\/jpeg\" \/>\n<meta name=\"author\" content=\"Devora Serdtseva\" \/>\n<meta name=\"twitter:card\" content=\"summary_large_image\" \/>\n<meta name=\"twitter:creator\" content=\"@moldovacrestina\" \/>\n<meta name=\"twitter:site\" content=\"@moldovacrestina\" \/>\n<meta name=\"twitter:label1\" content=\"Escrito por\" \/>\n\t<meta name=\"twitter:data1\" content=\"[Spanish] Devora Serdtseva\" \/>\n\t<meta name=\"twitter:label2\" content=\"Tiempo de lectura\" \/>\n\t<meta name=\"twitter:data2\" content=\"2 minutos\" \/>\n<script type=\"application\/ld+json\" class=\"yoast-schema-graph\">{\"@context\":\"https:\\\/\\\/schema.org\",\"@graph\":[{\"@type\":\"Article\",\"@id\":\"https:\\\/\\\/moldovacrestina.md\\\/es\\\/que-es-y-que-no-es-la-abstinencia\\\/#article\",\"isPartOf\":{\"@id\":\"https:\\\/\\\/moldovacrestina.md\\\/es\\\/que-es-y-que-no-es-la-abstinencia\\\/\"},\"author\":{\"name\":\"Devora Serdtseva\",\"@id\":\"https:\\\/\\\/moldovacrestina.md\\\/es\\\/#\\\/schema\\\/person\\\/9cb6da1bf2ee938cc6044bb6f6048c26\"},\"headline\":\"\u00bfQu\u00e9 es y lo que no es la abstinencia?\",\"datePublished\":\"2019-02-25T18:44:24+00:00\",\"dateModified\":\"2022-11-14T15:13:01+00:00\",\"mainEntityOfPage\":{\"@id\":\"https:\\\/\\\/moldovacrestina.md\\\/es\\\/que-es-y-que-no-es-la-abstinencia\\\/\"},\"wordCount\":492,\"commentCount\":0,\"image\":{\"@id\":\"https:\\\/\\\/moldovacrestina.md\\\/es\\\/que-es-y-que-no-es-la-abstinencia\\\/#primaryimage\"},\"thumbnailUrl\":\"https:\\\/\\\/cdn.moldovacrestina.md\\\/2019\\\/02\\\/9fbbba71-168440762.jpeg\",\"keywords\":[\"SIDA\",\"Matrimonio\",\"abstinencia\",\"actividad sexual\",\"VIH\",\"educacion sexual\"],\"articleSection\":[\"Respuestas de la Palabra\"],\"inLanguage\":\"es\",\"potentialAction\":[{\"@type\":\"CommentAction\",\"name\":\"Comment\",\"target\":[\"https:\\\/\\\/moldovacrestina.md\\\/es\\\/que-es-y-que-no-es-la-abstinencia\\\/#respond\"]}]},{\"@type\":\"WebPage\",\"@id\":\"https:\\\/\\\/moldovacrestina.md\\\/es\\\/que-es-y-que-no-es-la-abstinencia\\\/\",\"url\":\"https:\\\/\\\/moldovacrestina.md\\\/es\\\/que-es-y-que-no-es-la-abstinencia\\\/\",\"name\":\"\u00bfQu\u00e9 es y qu\u00e9 no es la abstinencia?\",\"isPartOf\":{\"@id\":\"https:\\\/\\\/moldovacrestina.md\\\/es\\\/#website\"},\"primaryImageOfPage\":{\"@id\":\"https:\\\/\\\/moldovacrestina.md\\\/es\\\/que-es-y-que-no-es-la-abstinencia\\\/#primaryimage\"},\"image\":{\"@id\":\"https:\\\/\\\/moldovacrestina.md\\\/es\\\/que-es-y-que-no-es-la-abstinencia\\\/#primaryimage\"},\"thumbnailUrl\":\"https:\\\/\\\/cdn.moldovacrestina.md\\\/2019\\\/02\\\/9fbbba71-168440762.jpeg\",\"datePublished\":\"2019-02-25T18:44:24+00:00\",\"dateModified\":\"2022-11-14T15:13:01+00:00\",\"author\":{\"@id\":\"https:\\\/\\\/moldovacrestina.md\\\/es\\\/#\\\/schema\\\/person\\\/9cb6da1bf2ee938cc6044bb6f6048c26\"},\"breadcrumb\":{\"@id\":\"https:\\\/\\\/moldovacrestina.md\\\/es\\\/que-es-y-que-no-es-la-abstinencia\\\/#breadcrumb\"},\"inLanguage\":\"es\",\"potentialAction\":[{\"@type\":\"ReadAction\",\"target\":[\"https:\\\/\\\/moldovacrestina.md\\\/es\\\/que-es-y-que-no-es-la-abstinencia\\\/\"]}]},{\"@type\":\"ImageObject\",\"inLanguage\":\"es\",\"@id\":\"https:\\\/\\\/moldovacrestina.md\\\/es\\\/que-es-y-que-no-es-la-abstinencia\\\/#primaryimage\",\"url\":\"https:\\\/\\\/cdn.moldovacrestina.md\\\/2019\\\/02\\\/9fbbba71-168440762.jpeg\",\"contentUrl\":\"https:\\\/\\\/cdn.moldovacrestina.md\\\/2019\\\/02\\\/9fbbba71-168440762.jpeg\",\"width\":1500,\"height\":1120},{\"@type\":\"BreadcrumbList\",\"@id\":\"https:\\\/\\\/moldovacrestina.md\\\/es\\\/que-es-y-que-no-es-la-abstinencia\\\/#breadcrumb\",\"itemListElement\":[{\"@type\":\"ListItem\",\"position\":1,\"name\":\"Prima pagin\u0103\",\"item\":\"https:\\\/\\\/moldovacrestina.md\\\/es\\\/\"},{\"@type\":\"ListItem\",\"position\":2,\"name\":\"Respuestas de la Palabra\",\"item\":\"https:\\\/\\\/moldovacrestina.md\\\/es\\\/respuestas-de-la-palabra\\\/\"},{\"@type\":\"ListItem\",\"position\":3,\"name\":\"\u00bfQu\u00e9 es y lo que no es la abstinencia?\"}]},{\"@type\":\"WebSite\",\"@id\":\"https:\\\/\\\/moldovacrestina.md\\\/es\\\/#website\",\"url\":\"https:\\\/\\\/moldovacrestina.md\\\/es\\\/\",\"name\":\"Moldova Cre\u0219tin\u0103\",\"description\":\"R\u0103spunsuri relevante \u0219i actuale din Biblie\",\"potentialAction\":[{\"@type\":\"SearchAction\",\"target\":{\"@type\":\"EntryPoint\",\"urlTemplate\":\"https:\\\/\\\/moldovacrestina.md\\\/es\\\/?s={search_term_string}\"},\"query-input\":{\"@type\":\"PropertyValueSpecification\",\"valueRequired\":true,\"valueName\":\"search_term_string\"}}],\"inLanguage\":\"es\"},{\"@type\":\"Person\",\"@id\":\"https:\\\/\\\/moldovacrestina.md\\\/es\\\/#\\\/schema\\\/person\\\/9cb6da1bf2ee938cc6044bb6f6048c26\",\"name\":\"Devora Serdtseva\",\"image\":{\"@type\":\"ImageObject\",\"inLanguage\":\"es\",\"@id\":\"https:\\\/\\\/secure.gravatar.com\\\/avatar\\\/64429c21d13b1a479fdc378282dcfa0187c37e9d0d1b5dda18291a146b2f7cc6?s=96&d=mm&r=g\",\"url\":\"https:\\\/\\\/secure.gravatar.com\\\/avatar\\\/64429c21d13b1a479fdc378282dcfa0187c37e9d0d1b5dda18291a146b2f7cc6?s=96&d=mm&r=g\",\"contentUrl\":\"https:\\\/\\\/secure.gravatar.com\\\/avatar\\\/64429c21d13b1a479fdc378282dcfa0187c37e9d0d1b5dda18291a146b2f7cc6?s=96&d=mm&r=g\",\"caption\":\"Devora Serdtseva\"},\"url\":\"https:\\\/\\\/moldovacrestina.md\\\/es\\\/author\\\/ayangulnur452\\\/\"}]}<\/script>\n<!-- \/ Yoast SEO Premium plugin. -->","yoast_head_json":{"title":"\u00bfQu\u00e9 es y qu\u00e9 no es la abstinencia?","robots":{"index":"index","follow":"follow","max-snippet":"max-snippet:-1","max-image-preview":"max-image-preview:large","max-video-preview":"max-video-preview:-1"},"canonical":"https:\/\/moldovacrestina.md\/es\/que-es-y-que-no-es-la-abstinencia\/","og_locale":"es_ES","og_type":"article","og_title":"\u00bfQu\u00e9 es y lo que no es la abstinencia?","og_description":"Hace dos d\u00edas, publiqu\u00e9 un art\u00edculo en el que expres\u00e9 mi opini\u00f3n sobre las escuelas de verano organizadas por unas organizaciones que han capacitado a m\u00e1s de 1.000 j\u00f3venes del pa\u00eds, para que \u00e9stos, a su vez,\u00a0 les vayan contando a sus amigos o compa\u00f1eros sobre los peligros del VIH \/ SIDA. Al leer el [&hellip;]","og_url":"https:\/\/moldovacrestina.md\/es\/que-es-y-que-no-es-la-abstinencia\/","og_site_name":"Moldova Cre\u0219tin\u0103","article_publisher":"https:\/\/www.facebook.com\/moldovacrestina\/","article_published_time":"2019-02-25T18:44:24+00:00","article_modified_time":"2022-11-14T15:13:01+00:00","og_image":[{"width":1500,"height":1120,"url":"https:\/\/cdn.moldovacrestina.md\/2019\/02\/9fbbba71-168440762.jpeg","type":"image\/jpeg"}],"author":"Devora Serdtseva","twitter_card":"summary_large_image","twitter_creator":"@moldovacrestina","twitter_site":"@moldovacrestina","twitter_misc":{"Escrito por":"[Spanish] Devora Serdtseva","Tiempo de lectura":"2 minutos"},"schema":{"@context":"https:\/\/schema.org","@graph":[{"@type":"Article","@id":"https:\/\/moldovacrestina.md\/es\/que-es-y-que-no-es-la-abstinencia\/#article","isPartOf":{"@id":"https:\/\/moldovacrestina.md\/es\/que-es-y-que-no-es-la-abstinencia\/"},"author":{"name":"Devora Serdtseva","@id":"https:\/\/moldovacrestina.md\/es\/#\/schema\/person\/9cb6da1bf2ee938cc6044bb6f6048c26"},"headline":"\u00bfQu\u00e9 es y lo que no es la abstinencia?","datePublished":"2019-02-25T18:44:24+00:00","dateModified":"2022-11-14T15:13:01+00:00","mainEntityOfPage":{"@id":"https:\/\/moldovacrestina.md\/es\/que-es-y-que-no-es-la-abstinencia\/"},"wordCount":492,"commentCount":0,"image":{"@id":"https:\/\/moldovacrestina.md\/es\/que-es-y-que-no-es-la-abstinencia\/#primaryimage"},"thumbnailUrl":"https:\/\/cdn.moldovacrestina.md\/2019\/02\/9fbbba71-168440762.jpeg","keywords":["SIDA","Matrimonio","abstinencia","actividad sexual","VIH","educacion sexual"],"articleSection":["Respuestas de la Palabra"],"inLanguage":"es","potentialAction":[{"@type":"CommentAction","name":"Comment","target":["https:\/\/moldovacrestina.md\/es\/que-es-y-que-no-es-la-abstinencia\/#respond"]}]},{"@type":"WebPage","@id":"https:\/\/moldovacrestina.md\/es\/que-es-y-que-no-es-la-abstinencia\/","url":"https:\/\/moldovacrestina.md\/es\/que-es-y-que-no-es-la-abstinencia\/","name":"\u00bfQu\u00e9 es y qu\u00e9 no es la abstinencia?","isPartOf":{"@id":"https:\/\/moldovacrestina.md\/es\/#website"},"primaryImageOfPage":{"@id":"https:\/\/moldovacrestina.md\/es\/que-es-y-que-no-es-la-abstinencia\/#primaryimage"},"image":{"@id":"https:\/\/moldovacrestina.md\/es\/que-es-y-que-no-es-la-abstinencia\/#primaryimage"},"thumbnailUrl":"https:\/\/cdn.moldovacrestina.md\/2019\/02\/9fbbba71-168440762.jpeg","datePublished":"2019-02-25T18:44:24+00:00","dateModified":"2022-11-14T15:13:01+00:00","author":{"@id":"https:\/\/moldovacrestina.md\/es\/#\/schema\/person\/9cb6da1bf2ee938cc6044bb6f6048c26"},"breadcrumb":{"@id":"https:\/\/moldovacrestina.md\/es\/que-es-y-que-no-es-la-abstinencia\/#breadcrumb"},"inLanguage":"es","potentialAction":[{"@type":"ReadAction","target":["https:\/\/moldovacrestina.md\/es\/que-es-y-que-no-es-la-abstinencia\/"]}]},{"@type":"ImageObject","inLanguage":"es","@id":"https:\/\/moldovacrestina.md\/es\/que-es-y-que-no-es-la-abstinencia\/#primaryimage","url":"https:\/\/cdn.moldovacrestina.md\/2019\/02\/9fbbba71-168440762.jpeg","contentUrl":"https:\/\/cdn.moldovacrestina.md\/2019\/02\/9fbbba71-168440762.jpeg","width":1500,"height":1120},{"@type":"BreadcrumbList","@id":"https:\/\/moldovacrestina.md\/es\/que-es-y-que-no-es-la-abstinencia\/#breadcrumb","itemListElement":[{"@type":"ListItem","position":1,"name":"Prima pagin\u0103","item":"https:\/\/moldovacrestina.md\/es\/"},{"@type":"ListItem","position":2,"name":"Respuestas de la Palabra","item":"https:\/\/moldovacrestina.md\/es\/respuestas-de-la-palabra\/"},{"@type":"ListItem","position":3,"name":"\u00bfQu\u00e9 es y lo que no es la abstinencia?"}]},{"@type":"WebSite","@id":"https:\/\/moldovacrestina.md\/es\/#website","url":"https:\/\/moldovacrestina.md\/es\/","name":"Moldova Cre\u0219tin\u0103","description":"R\u0103spunsuri relevante \u0219i actuale din Biblie","potentialAction":[{"@type":"SearchAction","target":{"@type":"EntryPoint","urlTemplate":"https:\/\/moldovacrestina.md\/es\/?s={search_term_string}"},"query-input":{"@type":"PropertyValueSpecification","valueRequired":true,"valueName":"search_term_string"}}],"inLanguage":"es"},{"@type":"Person","@id":"https:\/\/moldovacrestina.md\/es\/#\/schema\/person\/9cb6da1bf2ee938cc6044bb6f6048c26","name":"Devora Serdtseva","image":{"@type":"ImageObject","inLanguage":"es","@id":"https:\/\/secure.gravatar.com\/avatar\/64429c21d13b1a479fdc378282dcfa0187c37e9d0d1b5dda18291a146b2f7cc6?s=96&d=mm&r=g","url":"https:\/\/secure.gravatar.com\/avatar\/64429c21d13b1a479fdc378282dcfa0187c37e9d0d1b5dda18291a146b2f7cc6?s=96&d=mm&r=g","contentUrl":"https:\/\/secure.gravatar.com\/avatar\/64429c21d13b1a479fdc378282dcfa0187c37e9d0d1b5dda18291a146b2f7cc6?s=96&d=mm&r=g","caption":"Devora Serdtseva"},"url":"https:\/\/moldovacrestina.md\/es\/author\/ayangulnur452\/"}]}},"jetpack_featured_media_url":"https:\/\/cdn.moldovacrestina.md\/2019\/02\/9fbbba71-168440762.jpeg","video_meta":false,"featured_image":"https:\/\/cdn.moldovacrestina.md\/2019\/02\/9fbbba71-168440762.jpeg","wpml":{"language_code":"es","locale":"es_ES","text_direction":false,"display_name":"Espa\u00f1ol","native_name":"Spaniol\u0103","different_language":false},"jetpack-related-posts":[{"id":363755,"url":"https:\/\/moldovacrestina.md\/este-pacat-divortul-daca-ambii-soti-il-doresc-pastor-vasile-filat\/","url_meta":{"origin":89963,"position":0},"title":"Este p\u0103cat divor\u021bul dac\u0103 ambii so\u021bi \u00eel doresc? | Pastor Vasile Filat","author":"[Spanish] Vitalie Marian","date":"12 de octubre de 2025","format":false,"excerpt":"Mul\u021bi oameni cred c\u0103 dac\u0103 ambii so\u021bi sunt de acord cu desp\u0103r\u021birea, divor\u021bul nu mai este p\u0103cat. Dar ce spune Biblia? \u00cen acest video, pastorul Vasile Filat explic\u0103, pe baza textelor din Matei 19, Maleahi 2 \u0219i Evrei 13:4, c\u0103 Dumnezeu a instituit c\u0103s\u0103toria \u0219i El singur are autoritatea de\u2026","rel":"","context":"<span class=\"jp-relatedposts-post-author\">[Spanish] Vitalie Marian<\/span>","block_context":{"text":"MCTV","link":"https:\/\/moldovacrestina.md\/mctv\/"},"img":{"alt_text":"","src":"https:\/\/i0.wp.com\/cdn.moldovacrestina.md\/2025\/10\/fa6abd08-qnfeu_9zdi4.jpg?resize=350%2C200&ssl=1","width":350,"height":200,"srcset":"https:\/\/i0.wp.com\/cdn.moldovacrestina.md\/2025\/10\/fa6abd08-qnfeu_9zdi4.jpg?resize=350%2C200&ssl=1 1x, https:\/\/i0.wp.com\/cdn.moldovacrestina.md\/2025\/10\/fa6abd08-qnfeu_9zdi4.jpg?resize=525%2C300&ssl=1 1.5x, https:\/\/i0.wp.com\/cdn.moldovacrestina.md\/2025\/10\/fa6abd08-qnfeu_9zdi4.jpg?resize=700%2C400&ssl=1 2x, https:\/\/i0.wp.com\/cdn.moldovacrestina.md\/2025\/10\/fa6abd08-qnfeu_9zdi4.jpg?resize=1050%2C600&ssl=1 3x"},"classes":[]},{"id":362355,"url":"https:\/\/moldovacrestina.md\/andrian-lascu-copilarie-rebela-credinta-in-dumnezeu-sansa-de-a-fi-parinte-campion-la-futsal\/","url_meta":{"origin":89963,"position":1},"title":"Andrian La\u0219cu: Copil\u0103rie rebel\u0103, credin\u021ba \u00een Dumnezeu, \u0219ansa de a fi p\u0103rinte, campion la futsal.","author":"[Spanish] Vitalie Marian","date":"16 de marzo de 2025","format":false,"excerpt":"Andrian La\u0219cu de\u021bine dou\u0103 titluri de campion al Rom\u00e2niei \u0219i a fost ales \u00een dou\u0103 r\u00e2nduri cel mai bun juc\u0103tor de futsal al anului \u00een Republica Moldova. Conform Federa\u021biei Moldovene\u0219ti de Fotbal el se num\u0103r\u0103 printre cei mai valoro\u0219i juc\u0103tori din Liga 1 rom\u00e2neasc\u0103 de fotbal de sal\u0103. Afla\u021bi din\u2026","rel":"","context":"<span class=\"jp-relatedposts-post-author\">[Spanish] Vitalie Marian<\/span>","block_context":{"text":"MCTV","link":"https:\/\/moldovacrestina.md\/mctv\/"},"img":{"alt_text":"","src":"https:\/\/i0.wp.com\/cdn.moldovacrestina.md\/2025\/03\/a1a5e5b7-vb0e2k6ablc.jpg?resize=350%2C200&ssl=1","width":350,"height":200,"srcset":"https:\/\/i0.wp.com\/cdn.moldovacrestina.md\/2025\/03\/a1a5e5b7-vb0e2k6ablc.jpg?resize=350%2C200&ssl=1 1x, https:\/\/i0.wp.com\/cdn.moldovacrestina.md\/2025\/03\/a1a5e5b7-vb0e2k6ablc.jpg?resize=525%2C300&ssl=1 1.5x, https:\/\/i0.wp.com\/cdn.moldovacrestina.md\/2025\/03\/a1a5e5b7-vb0e2k6ablc.jpg?resize=700%2C400&ssl=1 2x, https:\/\/i0.wp.com\/cdn.moldovacrestina.md\/2025\/03\/a1a5e5b7-vb0e2k6ablc.jpg?resize=1050%2C600&ssl=1 3x"},"classes":[]},{"id":365343,"url":"https:\/\/moldovacrestina.md\/esti-sufocat-la-locul-de-munca-nu-pleca-pana-nu-faci-aceasta-pastor-vasile-filat\/","url_meta":{"origin":89963,"position":2},"title":"E\u0219ti sufocat la locul de munc\u0103? Nu pleca p\u00e2n\u0103 nu faci aceasta | Pastor Vasile Filat","author":"[Spanish] Vitalie Marian","date":"30 de abril de 2026","format":false,"excerpt":"Te sim\u021bi sufocat(\u0103) la locul de munc\u0103, e\u0219ti ap\u0103sat(\u0103) de manager \u0219i tr\u0103ie\u0219ti cu frica de \u201ece vor zice oamenii\u201d dac\u0103 demisionezi? \u00cen acest video vorbim despre cum s\u0103 iei o decizie \u00een\u021beleapt\u0103 c\u00e2nd lucrezi \u00eentr-un business de familie, cum s\u0103 pui limite clare f\u0103r\u0103 vinov\u0103\u021bie \u0219i cum s\u0103 cau\u021bi\u2026","rel":"","context":"<span class=\"jp-relatedposts-post-author\">[Spanish] Vitalie Marian<\/span>","block_context":{"text":"MCTV","link":"https:\/\/moldovacrestina.md\/mctv\/"},"img":{"alt_text":"","src":"https:\/\/i0.wp.com\/cdn.moldovacrestina.md\/2026\/04\/cf31591f-fmzy1i2ztmq.jpg?resize=350%2C200&ssl=1","width":350,"height":200,"srcset":"https:\/\/i0.wp.com\/cdn.moldovacrestina.md\/2026\/04\/cf31591f-fmzy1i2ztmq.jpg?resize=350%2C200&ssl=1 1x, https:\/\/i0.wp.com\/cdn.moldovacrestina.md\/2026\/04\/cf31591f-fmzy1i2ztmq.jpg?resize=525%2C300&ssl=1 1.5x, https:\/\/i0.wp.com\/cdn.moldovacrestina.md\/2026\/04\/cf31591f-fmzy1i2ztmq.jpg?resize=700%2C400&ssl=1 2x, https:\/\/i0.wp.com\/cdn.moldovacrestina.md\/2026\/04\/cf31591f-fmzy1i2ztmq.jpg?resize=1050%2C600&ssl=1 3x"},"classes":[]},{"id":363973,"url":"https:\/\/moldovacrestina.md\/de-ce-dumnezeu-a-dus-pe-israel-in-egipt-pentru-430-ani-intelegerea-prorociilor\/","url_meta":{"origin":89963,"position":3},"title":"De ce Dumnezeu a dus pe Israel \u00een Egipt pentru 430 ani? | \u00cen\u021belegerea prorociilor","author":"[Spanish] Vitalie Marian","date":"7 de noviembre de 2025","format":false,"excerpt":"De ce a dus Dumnezeu poporul Israel \u00een Egipt timp de 430 de ani? A fost o pedeaps\u0103? O consecin\u021b\u0103 a p\u0103catului? Sau parte din planul Lui? \u00cen acest video descoperi: - r\u0103spunsul biblic din Geneza - ce promisiune a f\u0103cut Dumnezeu lui Avraam privind Egiptul, Dumnezeu nu \u00eent\u00e2rzie. El\u2026","rel":"","context":"<span class=\"jp-relatedposts-post-author\">[Spanish] Vitalie Marian<\/span>","block_context":{"text":"MCTV","link":"https:\/\/moldovacrestina.md\/mctv\/"},"img":{"alt_text":"","src":"https:\/\/i0.wp.com\/cdn.moldovacrestina.md\/2025\/11\/3b265097-qkww9kab3ym.jpg?resize=350%2C200&ssl=1","width":350,"height":200,"srcset":"https:\/\/i0.wp.com\/cdn.moldovacrestina.md\/2025\/11\/3b265097-qkww9kab3ym.jpg?resize=350%2C200&ssl=1 1x, https:\/\/i0.wp.com\/cdn.moldovacrestina.md\/2025\/11\/3b265097-qkww9kab3ym.jpg?resize=525%2C300&ssl=1 1.5x, https:\/\/i0.wp.com\/cdn.moldovacrestina.md\/2025\/11\/3b265097-qkww9kab3ym.jpg?resize=700%2C400&ssl=1 2x, https:\/\/i0.wp.com\/cdn.moldovacrestina.md\/2025\/11\/3b265097-qkww9kab3ym.jpg?resize=1050%2C600&ssl=1 3x"},"classes":[]},{"id":365240,"url":"https:\/\/moldovacrestina.md\/nu-e-un-eveniment-mare-e-ceva-mai-simplu-oameni\/","url_meta":{"origin":89963,"position":4},"title":"Nu e un eveniment mare. E ceva mai simplu: oameni.","author":"[Spanish] Vitalie Marian","date":"17 de abril de 2026","format":false,"excerpt":"La c\u00e2\u021biva kilometri de Chi\u0219in\u0103u, \u00een satul Bardar, o familie porne\u0219te \u00een fiecare weekend la drum pentru o misiune simpl\u0103, dar profund\u0103: oameni \u0219i copii. Vezi cum prinde via\u021b\u0103 Clubul copiilor din Bardar \u2014 un loc sigur unde cei mici \u00eenva\u021b\u0103 lec\u021bii pentru via\u021b\u0103, despre curaj, respect, prietenie \u0219i credin\u021b\u0103.\u2026","rel":"","context":"<span class=\"jp-relatedposts-post-author\">[Spanish] Vitalie Marian<\/span>","block_context":{"text":"MCTV","link":"https:\/\/moldovacrestina.md\/mctv\/"},"img":{"alt_text":"","src":"https:\/\/i0.wp.com\/cdn.moldovacrestina.md\/2026\/04\/9986b949-g-_9romql9k.jpg?resize=350%2C200&ssl=1","width":350,"height":200,"srcset":"https:\/\/i0.wp.com\/cdn.moldovacrestina.md\/2026\/04\/9986b949-g-_9romql9k.jpg?resize=350%2C200&ssl=1 1x, https:\/\/i0.wp.com\/cdn.moldovacrestina.md\/2026\/04\/9986b949-g-_9romql9k.jpg?resize=525%2C300&ssl=1 1.5x, https:\/\/i0.wp.com\/cdn.moldovacrestina.md\/2026\/04\/9986b949-g-_9romql9k.jpg?resize=700%2C400&ssl=1 2x, https:\/\/i0.wp.com\/cdn.moldovacrestina.md\/2026\/04\/9986b949-g-_9romql9k.jpg?resize=1050%2C600&ssl=1 3x"},"classes":[]}],"jetpack_sharing_enabled":true,"_links":{"self":[{"href":"https:\/\/moldovacrestina.md\/es\/wp-json\/wp\/v2\/posts\/89963","targetHints":{"allow":["GET"]}}],"collection":[{"href":"https:\/\/moldovacrestina.md\/es\/wp-json\/wp\/v2\/posts"}],"about":[{"href":"https:\/\/moldovacrestina.md\/es\/wp-json\/wp\/v2\/types\/post"}],"author":[{"embeddable":true,"href":"https:\/\/moldovacrestina.md\/es\/wp-json\/wp\/v2\/users\/94"}],"replies":[{"embeddable":true,"href":"https:\/\/moldovacrestina.md\/es\/wp-json\/wp\/v2\/comments?post=89963"}],"version-history":[{"count":0,"href":"https:\/\/moldovacrestina.md\/es\/wp-json\/wp\/v2\/posts\/89963\/revisions"}],"wp:featuredmedia":[{"embeddable":true,"href":"https:\/\/moldovacrestina.md\/es\/wp-json\/wp\/v2\/media\/339102"}],"wp:attachment":[{"href":"https:\/\/moldovacrestina.md\/es\/wp-json\/wp\/v2\/media?parent=89963"}],"wp:term":[{"taxonomy":"category","embeddable":true,"href":"https:\/\/moldovacrestina.md\/es\/wp-json\/wp\/v2\/categories?post=89963"},{"taxonomy":"post_tag","embeddable":true,"href":"https:\/\/moldovacrestina.md\/es\/wp-json\/wp\/v2\/tags?post=89963"}],"curies":[{"name":"wp","href":"https:\/\/api.w.org\/{rel}","templated":true}]}}