{"id":81473,"date":"2012-02-17T06:00:37","date_gmt":"2012-02-17T04:00:37","guid":{"rendered":"https:\/\/moldovacrestina.md\/donde-se-encontraba-el-jardin-del-eden"},"modified":"2017-05-03T18:02:34","modified_gmt":"2017-05-03T16:02:34","slug":"donde-se-encontraba-el-jardin-del-eden","status":"publish","type":"post","link":"https:\/\/moldovacrestina.md\/es\/donde-se-encontraba-el-jardin-del-eden\/","title":{"rendered":"\u00bf Donde se encontraba el Jard\u00edn del Ed\u00e8n ?"},"content":{"rendered":"<p>Pregunta:<\/p>\n<blockquote class=\"td_quote_box td_box_center\"><p><em>\u201cEn estos dias estaba\u00a0 viendo un documental sobre \u00a0las maravillas\u00a0 de la naturaleza\u00a0 y ah\u00ed se dicia que la vida que aparicio en la tierra o \u00a0Ed\u00e9n\u00a0 es Kenia lo que nosotros conocemos hoy, que est\u00e1 en algun lugar en el Serengeti en Kenia. \u00a0\u00bfCreen que se puede determinar el sitio del jard\u00edn del Ed\u00e9n con la base de lo que est\u00e1 escrito en el G\u00e9nesis? Gracias por su ayuda.\u201d<\/em><\/p><\/blockquote>\n<p>Si, el G\u00e9nesis tiene una descripci\u00f3n detallada del lugar donde el jardin del Ed\u00e9n estaba situado.<\/p>\n<blockquote class=\"td_quote_box td_box_center\"><p>Y Dios el\u00a0Se\u00f1or\u00a0form\u00f3 al hombredel polvo de la tierra, y sopl\u00f3 en su nariz h\u00e1lito de vida, y el hombre se convirti\u00f3 en un ser viviente.<br \/>\nDios el\u00a0Se\u00f1or\u00a0plant\u00f3 un jard\u00edn al oriente del Ed\u00e9n, y all\u00ed puso al hombre que hab\u00eda formado.Dios el\u00a0Se\u00f1or\u00a0hizo que creciera toda clase de \u00e1rboles hermosos, los cuales daban frutos buenos y apetecibles. En medio del jard\u00edn hizo crecer el \u00e1rbol de la vida y tambi\u00e9n era el \u00e1rbol del conocimiento del bien y del mal.<br \/>\nDel Ed\u00e9n nac\u00eda un r\u00edo que regaba el jard\u00edn, y que desde all\u00ed se divid\u00eda en cuatro r\u00edos menores.\u00a0El primero se llamaba Pis\u00f3n, y recorr\u00eda toda la regi\u00f3n de Javil\u00e1, donde hab\u00eda oro.\u00a0El oro de esa regi\u00f3n era fino, y tambi\u00e9n hab\u00eda all\u00ed resina muy buena y piedra de \u00f3nice.\u00a0El segundo se llamaba Guij\u00f3n, que recorr\u00eda toda la regi\u00f3n de Cus.\u00a0El tercero se llamaba Tigris, que corr\u00eda al este de Asiria. El cuarto era el \u00c9ufrates.<br \/>\nDios el\u00a0Se\u00f1or\u00a0tom\u00f3 al hombre y lo puso en el jard\u00edn del Ed\u00e9n para que lo cultivara y lo cuidara,\u00a0y le dio este mandato: Puedes comer de todos los \u00e1rboles del jard\u00edn,\u00a0pero del \u00e1rbol del conocimiento del bien y del mal no deber\u00e1s comer. El d\u00eda que de \u00e9l comas, ciertamente morir\u00e1s. (G\u00e9nesis 2:7-17) (NVI)<\/p><\/blockquote>\n<p>Aqu\u00ed est\u00e1n los detalles que puedes aprender sobre el Jard\u00edn del Ed\u00e9n:<\/p>\n<ol>\n<li>\u00a0 Fue plantado por Dios\u00a0 (en el Ed\u00e9n)<\/li>\n<li>\u00a0Se encuentra en el Oriente<\/li>\n<li>\u00a0Un r\u00edo se divide en cuatro ramas<\/li>\n<\/ol>\n<ul>\n<li>Pis\u00f3n<\/li>\n<li>Guij\u00f3n<\/li>\n<li>Tigris<\/li>\n<li>Eufrates<img decoding=\"async\" class=\"aligncenter size-full img-resp\" src=\"https:\/\/upload.wikimedia.org\/wikipedia\/commons\/thumb\/2\/2f\/Bassin_Tigre_Euphrate.jpg\/558px-Bassin_Tigre_Euphrate.jpg\" alt=\"\" \/><\/li>\n<\/ul>\n<p>Hoy, dos de los cuatro r\u00edos ya no existen o han cambiado el nombre (Pis\u00f3n y Guij\u00f3n).En realidad, hay un r\u00edo llamado Guij\u00f3n, que pasa a trav\u00e9s de Jerusal\u00e9n, pero probablemente fue llamado con otro nombre despu\u00e9s que los hebreos entraron en la Tierra Prometida. Algunas personas creen que el r\u00edo Pis\u00f3n es realmente lo que llamamos hoy el r\u00edo Danubio , lo que por supuesto no es cierto. Hay otros que tienen una teoria de que el r\u00edo Guij\u00f3n es en realidad el r\u00edo Al- Qurna en Irak y que el Pis\u00f3n corresponde con la sistema fluvial Hafar Al \u2013Batin (qu\u00e9 tambien se conoce como el r\u00edo Kuwait) .<\/p>\n<p>Si se analiza las Escrituras y el mapa, nos damos cuenta de que el jard\u00edn del Ed\u00e9n estaba situado entre los r\u00edos Tigris y Eufrates .Probablemente el Jard\u00edn del Ed\u00e9n\u00a0 estaba\u00a0 situada en un lugar donde hoy es Irak, Ir\u00e1n o Turquia.<\/p>\n<p><em>Traducido por Tatiana Cioconari<\/em><\/p>\n","protected":false},"excerpt":{"rendered":"<p>Pregunta: \u201cEn estos dias estaba\u00a0 viendo un documental sobre \u00a0las maravillas\u00a0 de la naturaleza\u00a0 y ah\u00ed se dicia que la vida que aparicio en la tierra o \u00a0Ed\u00e9n\u00a0 es Kenia lo que nosotros conocemos hoy, que est\u00e1 en algun lugar en el Serengeti en Kenia. \u00a0\u00bfCreen que se puede determinar el sitio del jard\u00edn del [&hellip;]<\/p>\n","protected":false},"author":46,"featured_media":0,"comment_status":"closed","ping_status":"closed","sticky":false,"template":"","format":"standard","meta":{"_acf_changed":false,"inline_featured_image":false,"_monsterinsights_skip_tracking":false,"_monsterinsights_sitenote_active":false,"_monsterinsights_sitenote_note":"","_monsterinsights_sitenote_category":0,"_genesis_hide_title":false,"_genesis_hide_breadcrumbs":false,"_genesis_hide_singular_image":false,"_genesis_hide_footer_widgets":false,"_genesis_custom_body_class":"","_genesis_custom_post_class":"","_genesis_layout":"","ep_exclude_from_search":false,"_jetpack_memberships_contains_paid_content":false,"footnotes":""},"categories":[29341],"tags":[12512,15495,19615,19616,19617,19618],"class_list":{"0":"post-81473","1":"post","2":"type-post","3":"status-publish","4":"format-standard","6":"category-respuestas-de-la-palabra","7":"tag-iran","8":"tag-irak","9":"tag-eufrates","10":"tag-jardin-del-eden","11":"tag-rio","12":"tag-turquia","13":"entry"},"acf":[],"yoast_head":"<!-- This site is optimized with the Yoast SEO Premium plugin v26.5 (Yoast SEO v27.4) - https:\/\/yoast.com\/product\/yoast-seo-premium-wordpress\/ -->\n<title>\u00bfDonde se localiza el Jard\u00edn del Ed\u00e9n?<\/title>\n<meta name=\"description\" content=\"Vamos a ver en que pa\u00edses o tierras se dice ahora donde se encontraba el Jard\u00edn del Ed\u00e9n\" \/>\n<meta name=\"robots\" content=\"index, follow, max-snippet:-1, max-image-preview:large, max-video-preview:-1\" \/>\n<link rel=\"canonical\" href=\"https:\/\/moldovacrestina.md\/es\/donde-se-encontraba-el-jardin-del-eden\/\" \/>\n<meta property=\"og:locale\" content=\"es_ES\" \/>\n<meta property=\"og:type\" content=\"article\" \/>\n<meta property=\"og:title\" content=\"\u00bf Donde se encontraba el Jard\u00edn del Ed\u00e8n ?\" \/>\n<meta property=\"og:description\" content=\"Vamos a ver en que pa\u00edses o tierras se dice ahora donde se encontraba el Jard\u00edn del Ed\u00e9n\" \/>\n<meta property=\"og:url\" content=\"https:\/\/moldovacrestina.md\/es\/donde-se-encontraba-el-jardin-del-eden\/\" \/>\n<meta property=\"og:site_name\" content=\"Moldova Cre\u0219tin\u0103\" \/>\n<meta property=\"article:publisher\" content=\"https:\/\/www.facebook.com\/moldovacrestina\/\" \/>\n<meta property=\"article:published_time\" content=\"2012-02-17T04:00:37+00:00\" \/>\n<meta property=\"article:modified_time\" content=\"2017-05-03T16:02:34+00:00\" \/>\n<meta property=\"og:image\" content=\"https:\/\/upload.wikimedia.org\/wikipedia\/commons\/thumb\/2\/2f\/Bassin_Tigre_Euphrate.jpg\/558px-Bassin_Tigre_Euphrate.jpg\" \/>\n<meta name=\"author\" content=\"Vasile Filat\" \/>\n<meta name=\"twitter:card\" content=\"summary_large_image\" \/>\n<meta name=\"twitter:creator\" content=\"@moldovacrestina\" \/>\n<meta name=\"twitter:site\" content=\"@moldovacrestina\" \/>\n<meta name=\"twitter:label1\" content=\"Escrito por\" \/>\n\t<meta name=\"twitter:data1\" content=\"Vasile Filat\" \/>\n\t<meta name=\"twitter:label2\" content=\"Tiempo de lectura\" \/>\n\t<meta name=\"twitter:data2\" content=\"3 minutos\" \/>\n<script type=\"application\/ld+json\" class=\"yoast-schema-graph\">{\"@context\":\"https:\\\/\\\/schema.org\",\"@graph\":[{\"@type\":\"Article\",\"@id\":\"https:\\\/\\\/moldovacrestina.md\\\/es\\\/donde-se-encontraba-el-jardin-del-eden\\\/#article\",\"isPartOf\":{\"@id\":\"https:\\\/\\\/moldovacrestina.md\\\/es\\\/donde-se-encontraba-el-jardin-del-eden\\\/\"},\"author\":{\"name\":\"Vasile Filat\",\"@id\":\"https:\\\/\\\/moldovacrestina.md\\\/es\\\/#\\\/schema\\\/person\\\/04b204bbb582cc832c3d2424f5d27dc0\"},\"headline\":\"\u00bf Donde se encontraba el Jard\u00edn del Ed\u00e8n ?\",\"datePublished\":\"2012-02-17T04:00:37+00:00\",\"dateModified\":\"2017-05-03T16:02:34+00:00\",\"mainEntityOfPage\":{\"@id\":\"https:\\\/\\\/moldovacrestina.md\\\/es\\\/donde-se-encontraba-el-jardin-del-eden\\\/\"},\"wordCount\":581,\"image\":{\"@id\":\"https:\\\/\\\/moldovacrestina.md\\\/es\\\/donde-se-encontraba-el-jardin-del-eden\\\/#primaryimage\"},\"thumbnailUrl\":\"https:\\\/\\\/upload.wikimedia.org\\\/wikipedia\\\/commons\\\/thumb\\\/2\\\/2f\\\/Bassin_Tigre_Euphrate.jpg\\\/558px-Bassin_Tigre_Euphrate.jpg\",\"keywords\":[\"iran\",\"Irak\",\"Eufrates\",\"Jard\u00edn del Ed\u00e9n\",\"r\u00edo\",\"Turquia\"],\"articleSection\":[\"Respuestas de la Palabra\"],\"inLanguage\":\"es\"},{\"@type\":\"WebPage\",\"@id\":\"https:\\\/\\\/moldovacrestina.md\\\/es\\\/donde-se-encontraba-el-jardin-del-eden\\\/\",\"url\":\"https:\\\/\\\/moldovacrestina.md\\\/es\\\/donde-se-encontraba-el-jardin-del-eden\\\/\",\"name\":\"\u00bfDonde se localiza el Jard\u00edn del Ed\u00e9n?\",\"isPartOf\":{\"@id\":\"https:\\\/\\\/moldovacrestina.md\\\/es\\\/#website\"},\"primaryImageOfPage\":{\"@id\":\"https:\\\/\\\/moldovacrestina.md\\\/es\\\/donde-se-encontraba-el-jardin-del-eden\\\/#primaryimage\"},\"image\":{\"@id\":\"https:\\\/\\\/moldovacrestina.md\\\/es\\\/donde-se-encontraba-el-jardin-del-eden\\\/#primaryimage\"},\"thumbnailUrl\":\"https:\\\/\\\/upload.wikimedia.org\\\/wikipedia\\\/commons\\\/thumb\\\/2\\\/2f\\\/Bassin_Tigre_Euphrate.jpg\\\/558px-Bassin_Tigre_Euphrate.jpg\",\"datePublished\":\"2012-02-17T04:00:37+00:00\",\"dateModified\":\"2017-05-03T16:02:34+00:00\",\"author\":{\"@id\":\"https:\\\/\\\/moldovacrestina.md\\\/es\\\/#\\\/schema\\\/person\\\/04b204bbb582cc832c3d2424f5d27dc0\"},\"description\":\"Vamos a ver en que pa\u00edses o tierras se dice ahora donde se encontraba el Jard\u00edn del Ed\u00e9n\",\"breadcrumb\":{\"@id\":\"https:\\\/\\\/moldovacrestina.md\\\/es\\\/donde-se-encontraba-el-jardin-del-eden\\\/#breadcrumb\"},\"inLanguage\":\"es\",\"potentialAction\":[{\"@type\":\"ReadAction\",\"target\":[\"https:\\\/\\\/moldovacrestina.md\\\/es\\\/donde-se-encontraba-el-jardin-del-eden\\\/\"]}]},{\"@type\":\"ImageObject\",\"inLanguage\":\"es\",\"@id\":\"https:\\\/\\\/moldovacrestina.md\\\/es\\\/donde-se-encontraba-el-jardin-del-eden\\\/#primaryimage\",\"url\":\"https:\\\/\\\/upload.wikimedia.org\\\/wikipedia\\\/commons\\\/thumb\\\/2\\\/2f\\\/Bassin_Tigre_Euphrate.jpg\\\/558px-Bassin_Tigre_Euphrate.jpg\",\"contentUrl\":\"https:\\\/\\\/upload.wikimedia.org\\\/wikipedia\\\/commons\\\/thumb\\\/2\\\/2f\\\/Bassin_Tigre_Euphrate.jpg\\\/558px-Bassin_Tigre_Euphrate.jpg\"},{\"@type\":\"BreadcrumbList\",\"@id\":\"https:\\\/\\\/moldovacrestina.md\\\/es\\\/donde-se-encontraba-el-jardin-del-eden\\\/#breadcrumb\",\"itemListElement\":[{\"@type\":\"ListItem\",\"position\":1,\"name\":\"Prima pagin\u0103\",\"item\":\"https:\\\/\\\/moldovacrestina.md\\\/es\\\/\"},{\"@type\":\"ListItem\",\"position\":2,\"name\":\"Respuestas de la Palabra\",\"item\":\"https:\\\/\\\/moldovacrestina.md\\\/es\\\/respuestas-de-la-palabra\\\/\"},{\"@type\":\"ListItem\",\"position\":3,\"name\":\"\u00bf Donde se encontraba el Jard\u00edn del Ed\u00e8n ?\"}]},{\"@type\":\"WebSite\",\"@id\":\"https:\\\/\\\/moldovacrestina.md\\\/es\\\/#website\",\"url\":\"https:\\\/\\\/moldovacrestina.md\\\/es\\\/\",\"name\":\"Moldova Cre\u0219tin\u0103\",\"description\":\"R\u0103spunsuri relevante \u0219i actuale din Biblie\",\"potentialAction\":[{\"@type\":\"SearchAction\",\"target\":{\"@type\":\"EntryPoint\",\"urlTemplate\":\"https:\\\/\\\/moldovacrestina.md\\\/es\\\/?s={search_term_string}\"},\"query-input\":{\"@type\":\"PropertyValueSpecification\",\"valueRequired\":true,\"valueName\":\"search_term_string\"}}],\"inLanguage\":\"es\"},{\"@type\":\"Person\",\"@id\":\"https:\\\/\\\/moldovacrestina.md\\\/es\\\/#\\\/schema\\\/person\\\/04b204bbb582cc832c3d2424f5d27dc0\",\"name\":\"Vasile Filat\",\"image\":{\"@type\":\"ImageObject\",\"inLanguage\":\"es\",\"@id\":\"https:\\\/\\\/secure.gravatar.com\\\/avatar\\\/2e02d082d139dd6eb634318c9cf2c3a8281db62f24f87a134adb4f2020e77ab3?s=96&d=mm&r=g\",\"url\":\"https:\\\/\\\/secure.gravatar.com\\\/avatar\\\/2e02d082d139dd6eb634318c9cf2c3a8281db62f24f87a134adb4f2020e77ab3?s=96&d=mm&r=g\",\"contentUrl\":\"https:\\\/\\\/secure.gravatar.com\\\/avatar\\\/2e02d082d139dd6eb634318c9cf2c3a8281db62f24f87a134adb4f2020e77ab3?s=96&d=mm&r=g\",\"caption\":\"Vasile Filat\"},\"description\":\"P\u0103storesc\u00a0Biserica Bunavestire din Chi\u0219in\u0103u, predau Cuv\u00e2ntul lui Dumnezeu la\u00a0Institutul de Studiu Biblic Inductiv din Eurasia\u00a0\u0219i conduc\u00a0Asocia\u021bia \\\"\u00cenv\u0103\u021b\u0103tur\u0103 din Cuv\u00e2nt - Precept Ministries\\\" din Moldova. \u00cempreun\u0103 cu so\u021bia mea\u00a0Anastasia, avem trei copii. Din Aprilie 2007 am oferit r\u0103spunsuri din Biblie pe acest site la \u00eentreb\u0103ri adresate de cititori. Mai mult despre mine citi\u021bi\u00a0aici.\",\"url\":\"https:\\\/\\\/moldovacrestina.md\\\/es\\\/author\\\/vasile-filat\\\/\"}]}<\/script>\n<!-- \/ Yoast SEO Premium plugin. -->","yoast_head_json":{"title":"\u00bfDonde se localiza el Jard\u00edn del Ed\u00e9n?","description":"Vamos a ver en que pa\u00edses o tierras se dice ahora donde se encontraba el Jard\u00edn del Ed\u00e9n","robots":{"index":"index","follow":"follow","max-snippet":"max-snippet:-1","max-image-preview":"max-image-preview:large","max-video-preview":"max-video-preview:-1"},"canonical":"https:\/\/moldovacrestina.md\/es\/donde-se-encontraba-el-jardin-del-eden\/","og_locale":"es_ES","og_type":"article","og_title":"\u00bf Donde se encontraba el Jard\u00edn del Ed\u00e8n ?","og_description":"Vamos a ver en que pa\u00edses o tierras se dice ahora donde se encontraba el Jard\u00edn del Ed\u00e9n","og_url":"https:\/\/moldovacrestina.md\/es\/donde-se-encontraba-el-jardin-del-eden\/","og_site_name":"Moldova Cre\u0219tin\u0103","article_publisher":"https:\/\/www.facebook.com\/moldovacrestina\/","article_published_time":"2012-02-17T04:00:37+00:00","article_modified_time":"2017-05-03T16:02:34+00:00","og_image":[{"url":"https:\/\/upload.wikimedia.org\/wikipedia\/commons\/thumb\/2\/2f\/Bassin_Tigre_Euphrate.jpg\/558px-Bassin_Tigre_Euphrate.jpg","type":"","width":"","height":""}],"author":"Vasile Filat","twitter_card":"summary_large_image","twitter_creator":"@moldovacrestina","twitter_site":"@moldovacrestina","twitter_misc":{"Escrito por":"Vasile Filat","Tiempo de lectura":"3 minutos"},"schema":{"@context":"https:\/\/schema.org","@graph":[{"@type":"Article","@id":"https:\/\/moldovacrestina.md\/es\/donde-se-encontraba-el-jardin-del-eden\/#article","isPartOf":{"@id":"https:\/\/moldovacrestina.md\/es\/donde-se-encontraba-el-jardin-del-eden\/"},"author":{"name":"Vasile Filat","@id":"https:\/\/moldovacrestina.md\/es\/#\/schema\/person\/04b204bbb582cc832c3d2424f5d27dc0"},"headline":"\u00bf Donde se encontraba el Jard\u00edn del Ed\u00e8n ?","datePublished":"2012-02-17T04:00:37+00:00","dateModified":"2017-05-03T16:02:34+00:00","mainEntityOfPage":{"@id":"https:\/\/moldovacrestina.md\/es\/donde-se-encontraba-el-jardin-del-eden\/"},"wordCount":581,"image":{"@id":"https:\/\/moldovacrestina.md\/es\/donde-se-encontraba-el-jardin-del-eden\/#primaryimage"},"thumbnailUrl":"https:\/\/upload.wikimedia.org\/wikipedia\/commons\/thumb\/2\/2f\/Bassin_Tigre_Euphrate.jpg\/558px-Bassin_Tigre_Euphrate.jpg","keywords":["iran","Irak","Eufrates","Jard\u00edn del Ed\u00e9n","r\u00edo","Turquia"],"articleSection":["Respuestas de la Palabra"],"inLanguage":"es"},{"@type":"WebPage","@id":"https:\/\/moldovacrestina.md\/es\/donde-se-encontraba-el-jardin-del-eden\/","url":"https:\/\/moldovacrestina.md\/es\/donde-se-encontraba-el-jardin-del-eden\/","name":"\u00bfDonde se localiza el Jard\u00edn del Ed\u00e9n?","isPartOf":{"@id":"https:\/\/moldovacrestina.md\/es\/#website"},"primaryImageOfPage":{"@id":"https:\/\/moldovacrestina.md\/es\/donde-se-encontraba-el-jardin-del-eden\/#primaryimage"},"image":{"@id":"https:\/\/moldovacrestina.md\/es\/donde-se-encontraba-el-jardin-del-eden\/#primaryimage"},"thumbnailUrl":"https:\/\/upload.wikimedia.org\/wikipedia\/commons\/thumb\/2\/2f\/Bassin_Tigre_Euphrate.jpg\/558px-Bassin_Tigre_Euphrate.jpg","datePublished":"2012-02-17T04:00:37+00:00","dateModified":"2017-05-03T16:02:34+00:00","author":{"@id":"https:\/\/moldovacrestina.md\/es\/#\/schema\/person\/04b204bbb582cc832c3d2424f5d27dc0"},"description":"Vamos a ver en que pa\u00edses o tierras se dice ahora donde se encontraba el Jard\u00edn del Ed\u00e9n","breadcrumb":{"@id":"https:\/\/moldovacrestina.md\/es\/donde-se-encontraba-el-jardin-del-eden\/#breadcrumb"},"inLanguage":"es","potentialAction":[{"@type":"ReadAction","target":["https:\/\/moldovacrestina.md\/es\/donde-se-encontraba-el-jardin-del-eden\/"]}]},{"@type":"ImageObject","inLanguage":"es","@id":"https:\/\/moldovacrestina.md\/es\/donde-se-encontraba-el-jardin-del-eden\/#primaryimage","url":"https:\/\/upload.wikimedia.org\/wikipedia\/commons\/thumb\/2\/2f\/Bassin_Tigre_Euphrate.jpg\/558px-Bassin_Tigre_Euphrate.jpg","contentUrl":"https:\/\/upload.wikimedia.org\/wikipedia\/commons\/thumb\/2\/2f\/Bassin_Tigre_Euphrate.jpg\/558px-Bassin_Tigre_Euphrate.jpg"},{"@type":"BreadcrumbList","@id":"https:\/\/moldovacrestina.md\/es\/donde-se-encontraba-el-jardin-del-eden\/#breadcrumb","itemListElement":[{"@type":"ListItem","position":1,"name":"Prima pagin\u0103","item":"https:\/\/moldovacrestina.md\/es\/"},{"@type":"ListItem","position":2,"name":"Respuestas de la Palabra","item":"https:\/\/moldovacrestina.md\/es\/respuestas-de-la-palabra\/"},{"@type":"ListItem","position":3,"name":"\u00bf Donde se encontraba el Jard\u00edn del Ed\u00e8n ?"}]},{"@type":"WebSite","@id":"https:\/\/moldovacrestina.md\/es\/#website","url":"https:\/\/moldovacrestina.md\/es\/","name":"Moldova Cre\u0219tin\u0103","description":"R\u0103spunsuri relevante \u0219i actuale din Biblie","potentialAction":[{"@type":"SearchAction","target":{"@type":"EntryPoint","urlTemplate":"https:\/\/moldovacrestina.md\/es\/?s={search_term_string}"},"query-input":{"@type":"PropertyValueSpecification","valueRequired":true,"valueName":"search_term_string"}}],"inLanguage":"es"},{"@type":"Person","@id":"https:\/\/moldovacrestina.md\/es\/#\/schema\/person\/04b204bbb582cc832c3d2424f5d27dc0","name":"Vasile Filat","image":{"@type":"ImageObject","inLanguage":"es","@id":"https:\/\/secure.gravatar.com\/avatar\/2e02d082d139dd6eb634318c9cf2c3a8281db62f24f87a134adb4f2020e77ab3?s=96&d=mm&r=g","url":"https:\/\/secure.gravatar.com\/avatar\/2e02d082d139dd6eb634318c9cf2c3a8281db62f24f87a134adb4f2020e77ab3?s=96&d=mm&r=g","contentUrl":"https:\/\/secure.gravatar.com\/avatar\/2e02d082d139dd6eb634318c9cf2c3a8281db62f24f87a134adb4f2020e77ab3?s=96&d=mm&r=g","caption":"Vasile Filat"},"description":"P\u0103storesc\u00a0Biserica Bunavestire din Chi\u0219in\u0103u, predau Cuv\u00e2ntul lui Dumnezeu la\u00a0Institutul de Studiu Biblic Inductiv din Eurasia\u00a0\u0219i conduc\u00a0Asocia\u021bia \"\u00cenv\u0103\u021b\u0103tur\u0103 din Cuv\u00e2nt - Precept Ministries\" din Moldova. \u00cempreun\u0103 cu so\u021bia mea\u00a0Anastasia, avem trei copii. Din Aprilie 2007 am oferit r\u0103spunsuri din Biblie pe acest site la \u00eentreb\u0103ri adresate de cititori. Mai mult despre mine citi\u021bi\u00a0aici.","url":"https:\/\/moldovacrestina.md\/es\/author\/vasile-filat\/"}]}},"jetpack_featured_media_url":"","video_meta":false,"featured_image":false,"wpml":{"language_code":"es","locale":"es_ES","text_direction":false,"display_name":"Espa\u00f1ol","native_name":"Spaniol\u0103","different_language":false},"jetpack-related-posts":[{"id":362355,"url":"https:\/\/moldovacrestina.md\/andrian-lascu-copilarie-rebela-credinta-in-dumnezeu-sansa-de-a-fi-parinte-campion-la-futsal\/","url_meta":{"origin":81473,"position":0},"title":"Andrian La\u0219cu: Copil\u0103rie rebel\u0103, credin\u021ba \u00een Dumnezeu, \u0219ansa de a fi p\u0103rinte, campion la futsal.","author":"[Spanish] Vitalie Marian","date":"16 de marzo de 2025","format":false,"excerpt":"Andrian La\u0219cu de\u021bine dou\u0103 titluri de campion al Rom\u00e2niei \u0219i a fost ales \u00een dou\u0103 r\u00e2nduri cel mai bun juc\u0103tor de futsal al anului \u00een Republica Moldova. Conform Federa\u021biei Moldovene\u0219ti de Fotbal el se num\u0103r\u0103 printre cei mai valoro\u0219i juc\u0103tori din Liga 1 rom\u00e2neasc\u0103 de fotbal de sal\u0103. Afla\u021bi din\u2026","rel":"","context":"<span class=\"jp-relatedposts-post-author\">[Spanish] Vitalie Marian<\/span>","block_context":{"text":"MCTV","link":"https:\/\/moldovacrestina.md\/mctv\/"},"img":{"alt_text":"","src":"https:\/\/i0.wp.com\/cdn.moldovacrestina.md\/2025\/03\/a1a5e5b7-vb0e2k6ablc.jpg?resize=350%2C200&ssl=1","width":350,"height":200,"srcset":"https:\/\/i0.wp.com\/cdn.moldovacrestina.md\/2025\/03\/a1a5e5b7-vb0e2k6ablc.jpg?resize=350%2C200&ssl=1 1x, https:\/\/i0.wp.com\/cdn.moldovacrestina.md\/2025\/03\/a1a5e5b7-vb0e2k6ablc.jpg?resize=525%2C300&ssl=1 1.5x, https:\/\/i0.wp.com\/cdn.moldovacrestina.md\/2025\/03\/a1a5e5b7-vb0e2k6ablc.jpg?resize=700%2C400&ssl=1 2x, https:\/\/i0.wp.com\/cdn.moldovacrestina.md\/2025\/03\/a1a5e5b7-vb0e2k6ablc.jpg?resize=1050%2C600&ssl=1 3x"},"classes":[]},{"id":365337,"url":"https:\/\/moldovacrestina.md\/cum-sa-te-bucuri-de-avere-fara-sa-cazi-in-lux-si-risipa-pastor-vasile-filat\/","url_meta":{"origin":81473,"position":1},"title":"Cum s\u0103 te bucuri de avere f\u0103r\u0103 s\u0103 cazi \u00een lux \u0219i risip\u0103? | Pastor Vasile Filat","author":"[Spanish] Vitalie Marian","date":"29 de abril de 2026","format":false,"excerpt":"Biblia nu condamn\u0103 bog\u0103\u021bia, ci inima care se leag\u0103 de ea. \u00cen acest mesaj, Pastorul Vasile Filat explic\u0103 din Scriptur\u0103 cum \u00eei \u00eenva\u021b\u0103 Dumnezeu pe boga\u021bii veacului acestuia s\u0103 fie genero\u0219i, s\u0103 fac\u0103 bine \u0219i, \u00een acela\u0219i timp, s\u0103 se bucure de ceea ce El le-a dat \u2014 f\u0103r\u0103 a\u2026","rel":"","context":"<span class=\"jp-relatedposts-post-author\">[Spanish] Vitalie Marian<\/span>","block_context":{"text":"MCTV","link":"https:\/\/moldovacrestina.md\/mctv\/"},"img":{"alt_text":"","src":"https:\/\/i0.wp.com\/cdn.moldovacrestina.md\/2026\/04\/75dfc91a-305_ass0atm.jpg?resize=350%2C200&ssl=1","width":350,"height":200,"srcset":"https:\/\/i0.wp.com\/cdn.moldovacrestina.md\/2026\/04\/75dfc91a-305_ass0atm.jpg?resize=350%2C200&ssl=1 1x, https:\/\/i0.wp.com\/cdn.moldovacrestina.md\/2026\/04\/75dfc91a-305_ass0atm.jpg?resize=525%2C300&ssl=1 1.5x, https:\/\/i0.wp.com\/cdn.moldovacrestina.md\/2026\/04\/75dfc91a-305_ass0atm.jpg?resize=700%2C400&ssl=1 2x, https:\/\/i0.wp.com\/cdn.moldovacrestina.md\/2026\/04\/75dfc91a-305_ass0atm.jpg?resize=1050%2C600&ssl=1 3x"},"classes":[]},{"id":363755,"url":"https:\/\/moldovacrestina.md\/este-pacat-divortul-daca-ambii-soti-il-doresc-pastor-vasile-filat\/","url_meta":{"origin":81473,"position":2},"title":"Este p\u0103cat divor\u021bul dac\u0103 ambii so\u021bi \u00eel doresc? | Pastor Vasile Filat","author":"[Spanish] Vitalie Marian","date":"12 de octubre de 2025","format":false,"excerpt":"Mul\u021bi oameni cred c\u0103 dac\u0103 ambii so\u021bi sunt de acord cu desp\u0103r\u021birea, divor\u021bul nu mai este p\u0103cat. Dar ce spune Biblia? \u00cen acest video, pastorul Vasile Filat explic\u0103, pe baza textelor din Matei 19, Maleahi 2 \u0219i Evrei 13:4, c\u0103 Dumnezeu a instituit c\u0103s\u0103toria \u0219i El singur are autoritatea de\u2026","rel":"","context":"<span class=\"jp-relatedposts-post-author\">[Spanish] Vitalie Marian<\/span>","block_context":{"text":"MCTV","link":"https:\/\/moldovacrestina.md\/mctv\/"},"img":{"alt_text":"","src":"https:\/\/i0.wp.com\/cdn.moldovacrestina.md\/2025\/10\/fa6abd08-qnfeu_9zdi4.jpg?resize=350%2C200&ssl=1","width":350,"height":200,"srcset":"https:\/\/i0.wp.com\/cdn.moldovacrestina.md\/2025\/10\/fa6abd08-qnfeu_9zdi4.jpg?resize=350%2C200&ssl=1 1x, https:\/\/i0.wp.com\/cdn.moldovacrestina.md\/2025\/10\/fa6abd08-qnfeu_9zdi4.jpg?resize=525%2C300&ssl=1 1.5x, https:\/\/i0.wp.com\/cdn.moldovacrestina.md\/2025\/10\/fa6abd08-qnfeu_9zdi4.jpg?resize=700%2C400&ssl=1 2x, https:\/\/i0.wp.com\/cdn.moldovacrestina.md\/2025\/10\/fa6abd08-qnfeu_9zdi4.jpg?resize=1050%2C600&ssl=1 3x"},"classes":[]},{"id":363973,"url":"https:\/\/moldovacrestina.md\/de-ce-dumnezeu-a-dus-pe-israel-in-egipt-pentru-430-ani-intelegerea-prorociilor\/","url_meta":{"origin":81473,"position":3},"title":"De ce Dumnezeu a dus pe Israel \u00een Egipt pentru 430 ani? | \u00cen\u021belegerea prorociilor","author":"[Spanish] Vitalie Marian","date":"7 de noviembre de 2025","format":false,"excerpt":"De ce a dus Dumnezeu poporul Israel \u00een Egipt timp de 430 de ani? A fost o pedeaps\u0103? O consecin\u021b\u0103 a p\u0103catului? Sau parte din planul Lui? \u00cen acest video descoperi: - r\u0103spunsul biblic din Geneza - ce promisiune a f\u0103cut Dumnezeu lui Avraam privind Egiptul, Dumnezeu nu \u00eent\u00e2rzie. El\u2026","rel":"","context":"<span class=\"jp-relatedposts-post-author\">[Spanish] Vitalie Marian<\/span>","block_context":{"text":"MCTV","link":"https:\/\/moldovacrestina.md\/mctv\/"},"img":{"alt_text":"","src":"https:\/\/i0.wp.com\/cdn.moldovacrestina.md\/2025\/11\/3b265097-qkww9kab3ym.jpg?resize=350%2C200&ssl=1","width":350,"height":200,"srcset":"https:\/\/i0.wp.com\/cdn.moldovacrestina.md\/2025\/11\/3b265097-qkww9kab3ym.jpg?resize=350%2C200&ssl=1 1x, https:\/\/i0.wp.com\/cdn.moldovacrestina.md\/2025\/11\/3b265097-qkww9kab3ym.jpg?resize=525%2C300&ssl=1 1.5x, https:\/\/i0.wp.com\/cdn.moldovacrestina.md\/2025\/11\/3b265097-qkww9kab3ym.jpg?resize=700%2C400&ssl=1 2x, https:\/\/i0.wp.com\/cdn.moldovacrestina.md\/2025\/11\/3b265097-qkww9kab3ym.jpg?resize=1050%2C600&ssl=1 3x"},"classes":[]},{"id":362844,"url":"https:\/\/moldovacrestina.md\/in-zadar-te-rogi-daca-nu-spui-lucrurile-pe-nume\/","url_meta":{"origin":81473,"position":4},"title":"\u00cen zadar te rogi dac\u0103 nu spui lucrurile pe nume?","author":"[Spanish] Vitalie Marian","date":"29 de mayo de 2025","format":false,"excerpt":"Rug\u0103ciunea puternic\u0103 este rug\u0103ciunea sincer\u0103. Dac\u0103 vrei r\u0103spuns de la Dumnezeu, vorbe\u0219te direct \u0219i deschis cu El. Cursul \u201dDoamne, \u00eenva\u021b\u0103-m\u0103 s\u0103 rog\u201d https:\/\/shop.eurasiaprecept.org\/catalog\/doamne-invata-ma-sa-ma-rog \u2753Pune o \u00eentrebare: https:\/\/moldovacrestina.md\/ask-the-pastor sau la email contact@moldovacrestina.md \ud83c\udf81 Devino membru \u0219i sus\u021bine lucrarea Moldova Cre\u0219tin\u0103: https:\/\/www.youtube.com\/@Moldova_Crestina\/join \ud83d\udecdCupon special: moldovacrestina15 \u2014 15% reducere la toate manualele disponibile\u2026","rel":"","context":"<span class=\"jp-relatedposts-post-author\">[Spanish] Vitalie Marian<\/span>","block_context":{"text":"MCTV","link":"https:\/\/moldovacrestina.md\/mctv\/"},"img":{"alt_text":"","src":"https:\/\/i0.wp.com\/cdn.moldovacrestina.md\/2025\/05\/288fda95-8v0k3ysiufq.jpg?resize=350%2C200&ssl=1","width":350,"height":200,"srcset":"https:\/\/i0.wp.com\/cdn.moldovacrestina.md\/2025\/05\/288fda95-8v0k3ysiufq.jpg?resize=350%2C200&ssl=1 1x, https:\/\/i0.wp.com\/cdn.moldovacrestina.md\/2025\/05\/288fda95-8v0k3ysiufq.jpg?resize=525%2C300&ssl=1 1.5x, https:\/\/i0.wp.com\/cdn.moldovacrestina.md\/2025\/05\/288fda95-8v0k3ysiufq.jpg?resize=700%2C400&ssl=1 2x, https:\/\/i0.wp.com\/cdn.moldovacrestina.md\/2025\/05\/288fda95-8v0k3ysiufq.jpg?resize=1050%2C600&ssl=1 3x"},"classes":[]}],"jetpack_sharing_enabled":true,"_links":{"self":[{"href":"https:\/\/moldovacrestina.md\/es\/wp-json\/wp\/v2\/posts\/81473","targetHints":{"allow":["GET"]}}],"collection":[{"href":"https:\/\/moldovacrestina.md\/es\/wp-json\/wp\/v2\/posts"}],"about":[{"href":"https:\/\/moldovacrestina.md\/es\/wp-json\/wp\/v2\/types\/post"}],"author":[{"embeddable":true,"href":"https:\/\/moldovacrestina.md\/es\/wp-json\/wp\/v2\/users\/46"}],"replies":[{"embeddable":true,"href":"https:\/\/moldovacrestina.md\/es\/wp-json\/wp\/v2\/comments?post=81473"}],"version-history":[{"count":0,"href":"https:\/\/moldovacrestina.md\/es\/wp-json\/wp\/v2\/posts\/81473\/revisions"}],"wp:attachment":[{"href":"https:\/\/moldovacrestina.md\/es\/wp-json\/wp\/v2\/media?parent=81473"}],"wp:term":[{"taxonomy":"category","embeddable":true,"href":"https:\/\/moldovacrestina.md\/es\/wp-json\/wp\/v2\/categories?post=81473"},{"taxonomy":"post_tag","embeddable":true,"href":"https:\/\/moldovacrestina.md\/es\/wp-json\/wp\/v2\/tags?post=81473"}],"curies":[{"name":"wp","href":"https:\/\/api.w.org\/{rel}","templated":true}]}}