{"id":63104,"date":"2014-06-24T15:31:05","date_gmt":"2014-06-24T13:31:05","guid":{"rendered":"https:\/\/moldovacrestina.md\/exclusi%c3%b3n-iglesia-no-cree-trinidad"},"modified":"2017-05-03T18:02:16","modified_gmt":"2017-05-03T16:02:16","slug":"exclusion-iglesia-no-cree-trinidad","status":"publish","type":"post","link":"https:\/\/moldovacrestina.md\/es\/exclusion-iglesia-no-cree-trinidad\/","title":{"rendered":"\u00bfEs el rechazo de la ense\u00f1anza sobre la Santisima Trinidad raz\u00f3n para la excomuni\u00f3n de la Iglesia?"},"content":{"rendered":"<p style=\"text-align: justify\">\n<p>Pregunta:<\/p>\n<p><em>Si ya no creo en la Trinidad y en el infierno eterno, \u00bfes \u00e9sta una raz\u00f3n para que sea excluido de la iglesia bautista de la cual formo parte? \u00bfSe puede hablar del respecto de nuestras opiniones diferentes o hay alguna regla general expl\u00edcita seg\u00fan la cual deber\u00eda ser expulsado? \u00bfO debo solamente no influenciar tambi\u00e9n a los dem\u00e1s&#8230;? En mi lugar, \u00bfconsiderar\u00eda necesario decir tambi\u00e9n a otras personas que lo que ellas creen est\u00e1 mal o deber\u00eda callarme?<\/em><\/p>\n<p>\u00a0<img decoding=\"async\" class=\"aligncenter size-full img-resp\" title=\"T\u0103g\u0103duirea \u00eenv\u0103\u021b\u0103turii despre Sf\u00e2nta Treime este motiv pentru excomunicare din Biseric\u0103\" src=\"https:\/\/cdn.moldovacrestina.md\/2014\/06\/holy_trinity.jpg\" alt=\"\"><\/p>\n<p>S\u00ed, es correcto y deber\u00eda Usted ser excomulgado de la iglesia, porque rechaza a Dios Mismo, que se descubre como ser \u00fanico en tres personas. Es verdad que la expresi\u00f3n \u00abtrinidad\u00bb o <a href=\"https:\/\/moldovacrestina.md\/doctrina-despre-sfanta-treime-este-biblica\/\">\u00abSant\u00edsima Trinidad\u00bb<\/a> no est\u00e1 mencionada en la Biblia, pero \u00e9sta es una verdad muy importante y bien presentada en las p\u00e1ginas de las Sagradas Escrituras. \u00a0Un santo de los d\u00edas de anta\u00f1o dijo que si alguien trata de entender finalmente con su mente limitada la ense\u00f1anza sobre la Sant\u00edsima Trinidad est\u00e1 en peligro de perder su raz\u00f3n, pero si niega dicha ense\u00f1anza perder\u00e1 su salvaci\u00f3n. Por ello, recibe y cree en La Palabra de Dios tal como est\u00e1 escrita para que tengas vida eterna y no caigas en la perdici\u00f3n eterna.\u00a0<\/p>\n<p>\u00a0En la Iglesia de Cristo se respectan las opiniones diferentes, pero no acerca de las doctrinas b\u00e1sicas del cristianismo, porque el rechazo de dichas doctrinas es herej\u00eda y la herej\u00eda no puede ser tolerada por la Iglesia, porque \u00abun poco de levadura leuda toda la masa\u00bb. \u00a0<\/p>\n<p>\u00a0No les debes hablar a los otros de tus dudas o conclusiones incorrectas a las cuales has llegado, sino que debes estudiar Las Sagradas Escrituras y creer en La Palabra de Dios tal como est\u00e1 escrita para que te salves y no caigas en la perdici\u00f3n eterna.\u00a0 Que Dios te d\u00e9 fe sana y te guarde de cualquier ca\u00edda.\u00a0<\/p><\/p>\n","protected":false},"excerpt":{"rendered":"<p>Pregunta: Si ya no creo en la Trinidad y en el infierno eterno, \u00bfes \u00e9sta una raz\u00f3n para que sea excluido de la iglesia bautista de la cual formo parte? \u00bfSe puede hablar del respecto de nuestras opiniones diferentes o hay alguna regla general expl\u00edcita seg\u00fan la cual deber\u00eda ser expulsado? \u00bfO debo solamente no [&hellip;]<\/p>\n","protected":false},"author":46,"featured_media":107514,"comment_status":"closed","ping_status":"closed","sticky":false,"template":"","format":"standard","meta":{"_acf_changed":false,"inline_featured_image":false,"_monsterinsights_skip_tracking":false,"_monsterinsights_sitenote_active":false,"_monsterinsights_sitenote_note":"","_monsterinsights_sitenote_category":0,"_genesis_hide_title":false,"_genesis_hide_breadcrumbs":false,"_genesis_hide_singular_image":false,"_genesis_hide_footer_widgets":false,"_genesis_custom_body_class":"","_genesis_custom_post_class":"","_genesis_layout":"","ep_exclude_from_search":false,"_jetpack_memberships_contains_paid_content":false,"footnotes":""},"categories":[29341],"tags":[7338,7339,7340,7341,7342],"class_list":{"0":"post-63104","1":"post","2":"type-post","3":"status-publish","4":"format-standard","5":"has-post-thumbnail","7":"category-respuestas-de-la-palabra","8":"tag-rechazo-santisima-trinidad","9":"tag-santisima-trinidad","10":"tag-excomunion-de-la-iglesia","11":"tag-exclusion-de-la-iglesia","12":"tag-razones-eexclusion-iglesia","13":"entry"},"acf":[],"yoast_head":"<!-- This site is optimized with the Yoast SEO Premium plugin v26.5 (Yoast SEO v27.4) - https:\/\/yoast.com\/product\/yoast-seo-premium-wordpress\/ -->\n<title>\u00bfIncredulidad en la Sant\u00edsima Trinidad es una raz\u00f3n para la excomuni\u00f3n de la iglesia?<\/title>\n<meta name=\"description\" content=\"Si un miembro de la iglesia empieza rechazar la doctrina de la Sant\u00edsima Trinidad, \u00bfel debe ser excomulgado de la Iglesia?\" \/>\n<meta name=\"robots\" content=\"index, follow, max-snippet:-1, max-image-preview:large, max-video-preview:-1\" \/>\n<link rel=\"canonical\" href=\"https:\/\/moldovacrestina.md\/es\/exclusion-iglesia-no-cree-trinidad\/\" \/>\n<meta property=\"og:locale\" content=\"es_ES\" \/>\n<meta property=\"og:type\" content=\"article\" \/>\n<meta property=\"og:title\" content=\"\u00bfEs el rechazo de la ense\u00f1anza sobre la Santisima Trinidad raz\u00f3n para la excomuni\u00f3n de la Iglesia?\" \/>\n<meta property=\"og:description\" content=\"Si un miembro de la iglesia empieza rechazar la doctrina de la Sant\u00edsima Trinidad, \u00bfel debe ser excomulgado de la Iglesia?\" \/>\n<meta property=\"og:url\" content=\"https:\/\/moldovacrestina.md\/es\/exclusion-iglesia-no-cree-trinidad\/\" \/>\n<meta property=\"og:site_name\" content=\"Moldova Cre\u0219tin\u0103\" \/>\n<meta property=\"article:publisher\" content=\"https:\/\/www.facebook.com\/moldovacrestina\/\" \/>\n<meta property=\"article:published_time\" content=\"2014-06-24T13:31:05+00:00\" \/>\n<meta property=\"article:modified_time\" content=\"2017-05-03T16:02:16+00:00\" \/>\n<meta property=\"og:image\" content=\"https:\/\/cdn.moldovacrestina.md\/2016\/10\/holy_trinity.jpg\" \/>\n\t<meta property=\"og:image:width\" content=\"600\" \/>\n\t<meta property=\"og:image:height\" content=\"627\" \/>\n\t<meta property=\"og:image:type\" content=\"image\/jpeg\" \/>\n<meta name=\"author\" content=\"Vasile Filat\" \/>\n<meta name=\"twitter:card\" content=\"summary_large_image\" \/>\n<meta name=\"twitter:creator\" content=\"@moldovacrestina\" \/>\n<meta name=\"twitter:site\" content=\"@moldovacrestina\" \/>\n<meta name=\"twitter:label1\" content=\"Escrito por\" \/>\n\t<meta name=\"twitter:data1\" content=\"Vasile Filat\" \/>\n\t<meta name=\"twitter:label2\" content=\"Tiempo de lectura\" \/>\n\t<meta name=\"twitter:data2\" content=\"2 minutos\" \/>\n<script type=\"application\/ld+json\" class=\"yoast-schema-graph\">{\"@context\":\"https:\\\/\\\/schema.org\",\"@graph\":[{\"@type\":\"Article\",\"@id\":\"https:\\\/\\\/moldovacrestina.md\\\/es\\\/exclusion-iglesia-no-cree-trinidad\\\/#article\",\"isPartOf\":{\"@id\":\"https:\\\/\\\/moldovacrestina.md\\\/es\\\/exclusion-iglesia-no-cree-trinidad\\\/\"},\"author\":{\"name\":\"Vasile Filat\",\"@id\":\"https:\\\/\\\/moldovacrestina.md\\\/es\\\/#\\\/schema\\\/person\\\/04b204bbb582cc832c3d2424f5d27dc0\"},\"headline\":\"\u00bfEs el rechazo de la ense\u00f1anza sobre la Santisima Trinidad raz\u00f3n para la excomuni\u00f3n de la Iglesia?\",\"datePublished\":\"2014-06-24T13:31:05+00:00\",\"dateModified\":\"2017-05-03T16:02:16+00:00\",\"mainEntityOfPage\":{\"@id\":\"https:\\\/\\\/moldovacrestina.md\\\/es\\\/exclusion-iglesia-no-cree-trinidad\\\/\"},\"wordCount\":354,\"image\":{\"@id\":\"https:\\\/\\\/moldovacrestina.md\\\/es\\\/exclusion-iglesia-no-cree-trinidad\\\/#primaryimage\"},\"thumbnailUrl\":\"https:\\\/\\\/moldovacrestina.md\\\/wp-content\\\/uploads\\\/2016\\\/10\\\/holy_trinity.jpg\",\"keywords\":[\"rechazo Sant\u00edsima Trinidad\",\"Sant\u00edsima Trinidad\",\"excomuni\u00f3n de la Iglesia\",\"exclusi\u00f3n de la Iglesia\",\"razones eexclusi\u00f3n iglesia\"],\"articleSection\":[\"Respuestas de la Palabra\"],\"inLanguage\":\"es\"},{\"@type\":\"WebPage\",\"@id\":\"https:\\\/\\\/moldovacrestina.md\\\/es\\\/exclusion-iglesia-no-cree-trinidad\\\/\",\"url\":\"https:\\\/\\\/moldovacrestina.md\\\/es\\\/exclusion-iglesia-no-cree-trinidad\\\/\",\"name\":\"\u00bfIncredulidad en la Sant\u00edsima Trinidad es una raz\u00f3n para la excomuni\u00f3n de la iglesia?\",\"isPartOf\":{\"@id\":\"https:\\\/\\\/moldovacrestina.md\\\/es\\\/#website\"},\"primaryImageOfPage\":{\"@id\":\"https:\\\/\\\/moldovacrestina.md\\\/es\\\/exclusion-iglesia-no-cree-trinidad\\\/#primaryimage\"},\"image\":{\"@id\":\"https:\\\/\\\/moldovacrestina.md\\\/es\\\/exclusion-iglesia-no-cree-trinidad\\\/#primaryimage\"},\"thumbnailUrl\":\"https:\\\/\\\/moldovacrestina.md\\\/wp-content\\\/uploads\\\/2016\\\/10\\\/holy_trinity.jpg\",\"datePublished\":\"2014-06-24T13:31:05+00:00\",\"dateModified\":\"2017-05-03T16:02:16+00:00\",\"author\":{\"@id\":\"https:\\\/\\\/moldovacrestina.md\\\/es\\\/#\\\/schema\\\/person\\\/04b204bbb582cc832c3d2424f5d27dc0\"},\"description\":\"Si un miembro de la iglesia empieza rechazar la doctrina de la Sant\u00edsima Trinidad, \u00bfel debe ser excomulgado de la Iglesia?\",\"breadcrumb\":{\"@id\":\"https:\\\/\\\/moldovacrestina.md\\\/es\\\/exclusion-iglesia-no-cree-trinidad\\\/#breadcrumb\"},\"inLanguage\":\"es\",\"potentialAction\":[{\"@type\":\"ReadAction\",\"target\":[\"https:\\\/\\\/moldovacrestina.md\\\/es\\\/exclusion-iglesia-no-cree-trinidad\\\/\"]}]},{\"@type\":\"ImageObject\",\"inLanguage\":\"es\",\"@id\":\"https:\\\/\\\/moldovacrestina.md\\\/es\\\/exclusion-iglesia-no-cree-trinidad\\\/#primaryimage\",\"url\":\"https:\\\/\\\/moldovacrestina.md\\\/wp-content\\\/uploads\\\/2016\\\/10\\\/holy_trinity.jpg\",\"contentUrl\":\"https:\\\/\\\/moldovacrestina.md\\\/wp-content\\\/uploads\\\/2016\\\/10\\\/holy_trinity.jpg\",\"width\":600,\"height\":627},{\"@type\":\"BreadcrumbList\",\"@id\":\"https:\\\/\\\/moldovacrestina.md\\\/es\\\/exclusion-iglesia-no-cree-trinidad\\\/#breadcrumb\",\"itemListElement\":[{\"@type\":\"ListItem\",\"position\":1,\"name\":\"Prima pagin\u0103\",\"item\":\"https:\\\/\\\/moldovacrestina.md\\\/es\\\/\"},{\"@type\":\"ListItem\",\"position\":2,\"name\":\"Respuestas de la Palabra\",\"item\":\"https:\\\/\\\/moldovacrestina.md\\\/es\\\/respuestas-de-la-palabra\\\/\"},{\"@type\":\"ListItem\",\"position\":3,\"name\":\"\u00bfEs el rechazo de la ense\u00f1anza sobre la Santisima Trinidad raz\u00f3n para la excomuni\u00f3n de la Iglesia?\"}]},{\"@type\":\"WebSite\",\"@id\":\"https:\\\/\\\/moldovacrestina.md\\\/es\\\/#website\",\"url\":\"https:\\\/\\\/moldovacrestina.md\\\/es\\\/\",\"name\":\"Moldova Cre\u0219tin\u0103\",\"description\":\"R\u0103spunsuri relevante \u0219i actuale din Biblie\",\"potentialAction\":[{\"@type\":\"SearchAction\",\"target\":{\"@type\":\"EntryPoint\",\"urlTemplate\":\"https:\\\/\\\/moldovacrestina.md\\\/es\\\/?s={search_term_string}\"},\"query-input\":{\"@type\":\"PropertyValueSpecification\",\"valueRequired\":true,\"valueName\":\"search_term_string\"}}],\"inLanguage\":\"es\"},{\"@type\":\"Person\",\"@id\":\"https:\\\/\\\/moldovacrestina.md\\\/es\\\/#\\\/schema\\\/person\\\/04b204bbb582cc832c3d2424f5d27dc0\",\"name\":\"Vasile Filat\",\"image\":{\"@type\":\"ImageObject\",\"inLanguage\":\"es\",\"@id\":\"https:\\\/\\\/secure.gravatar.com\\\/avatar\\\/2e02d082d139dd6eb634318c9cf2c3a8281db62f24f87a134adb4f2020e77ab3?s=96&d=mm&r=g\",\"url\":\"https:\\\/\\\/secure.gravatar.com\\\/avatar\\\/2e02d082d139dd6eb634318c9cf2c3a8281db62f24f87a134adb4f2020e77ab3?s=96&d=mm&r=g\",\"contentUrl\":\"https:\\\/\\\/secure.gravatar.com\\\/avatar\\\/2e02d082d139dd6eb634318c9cf2c3a8281db62f24f87a134adb4f2020e77ab3?s=96&d=mm&r=g\",\"caption\":\"Vasile Filat\"},\"description\":\"P\u0103storesc\u00a0Biserica Bunavestire din Chi\u0219in\u0103u, predau Cuv\u00e2ntul lui Dumnezeu la\u00a0Institutul de Studiu Biblic Inductiv din Eurasia\u00a0\u0219i conduc\u00a0Asocia\u021bia \\\"\u00cenv\u0103\u021b\u0103tur\u0103 din Cuv\u00e2nt - Precept Ministries\\\" din Moldova. \u00cempreun\u0103 cu so\u021bia mea\u00a0Anastasia, avem trei copii. Din Aprilie 2007 am oferit r\u0103spunsuri din Biblie pe acest site la \u00eentreb\u0103ri adresate de cititori. Mai mult despre mine citi\u021bi\u00a0aici.\",\"url\":\"https:\\\/\\\/moldovacrestina.md\\\/es\\\/author\\\/vasile-filat\\\/\"}]}<\/script>\n<!-- \/ Yoast SEO Premium plugin. -->","yoast_head_json":{"title":"\u00bfIncredulidad en la Sant\u00edsima Trinidad es una raz\u00f3n para la excomuni\u00f3n de la iglesia?","description":"Si un miembro de la iglesia empieza rechazar la doctrina de la Sant\u00edsima Trinidad, \u00bfel debe ser excomulgado de la Iglesia?","robots":{"index":"index","follow":"follow","max-snippet":"max-snippet:-1","max-image-preview":"max-image-preview:large","max-video-preview":"max-video-preview:-1"},"canonical":"https:\/\/moldovacrestina.md\/es\/exclusion-iglesia-no-cree-trinidad\/","og_locale":"es_ES","og_type":"article","og_title":"\u00bfEs el rechazo de la ense\u00f1anza sobre la Santisima Trinidad raz\u00f3n para la excomuni\u00f3n de la Iglesia?","og_description":"Si un miembro de la iglesia empieza rechazar la doctrina de la Sant\u00edsima Trinidad, \u00bfel debe ser excomulgado de la Iglesia?","og_url":"https:\/\/moldovacrestina.md\/es\/exclusion-iglesia-no-cree-trinidad\/","og_site_name":"Moldova Cre\u0219tin\u0103","article_publisher":"https:\/\/www.facebook.com\/moldovacrestina\/","article_published_time":"2014-06-24T13:31:05+00:00","article_modified_time":"2017-05-03T16:02:16+00:00","og_image":[{"width":600,"height":627,"url":"https:\/\/cdn.moldovacrestina.md\/2016\/10\/holy_trinity.jpg","type":"image\/jpeg"}],"author":"Vasile Filat","twitter_card":"summary_large_image","twitter_creator":"@moldovacrestina","twitter_site":"@moldovacrestina","twitter_misc":{"Escrito por":"Vasile Filat","Tiempo de lectura":"2 minutos"},"schema":{"@context":"https:\/\/schema.org","@graph":[{"@type":"Article","@id":"https:\/\/moldovacrestina.md\/es\/exclusion-iglesia-no-cree-trinidad\/#article","isPartOf":{"@id":"https:\/\/moldovacrestina.md\/es\/exclusion-iglesia-no-cree-trinidad\/"},"author":{"name":"Vasile Filat","@id":"https:\/\/moldovacrestina.md\/es\/#\/schema\/person\/04b204bbb582cc832c3d2424f5d27dc0"},"headline":"\u00bfEs el rechazo de la ense\u00f1anza sobre la Santisima Trinidad raz\u00f3n para la excomuni\u00f3n de la Iglesia?","datePublished":"2014-06-24T13:31:05+00:00","dateModified":"2017-05-03T16:02:16+00:00","mainEntityOfPage":{"@id":"https:\/\/moldovacrestina.md\/es\/exclusion-iglesia-no-cree-trinidad\/"},"wordCount":354,"image":{"@id":"https:\/\/moldovacrestina.md\/es\/exclusion-iglesia-no-cree-trinidad\/#primaryimage"},"thumbnailUrl":"https:\/\/moldovacrestina.md\/wp-content\/uploads\/2016\/10\/holy_trinity.jpg","keywords":["rechazo Sant\u00edsima Trinidad","Sant\u00edsima Trinidad","excomuni\u00f3n de la Iglesia","exclusi\u00f3n de la Iglesia","razones eexclusi\u00f3n iglesia"],"articleSection":["Respuestas de la Palabra"],"inLanguage":"es"},{"@type":"WebPage","@id":"https:\/\/moldovacrestina.md\/es\/exclusion-iglesia-no-cree-trinidad\/","url":"https:\/\/moldovacrestina.md\/es\/exclusion-iglesia-no-cree-trinidad\/","name":"\u00bfIncredulidad en la Sant\u00edsima Trinidad es una raz\u00f3n para la excomuni\u00f3n de la iglesia?","isPartOf":{"@id":"https:\/\/moldovacrestina.md\/es\/#website"},"primaryImageOfPage":{"@id":"https:\/\/moldovacrestina.md\/es\/exclusion-iglesia-no-cree-trinidad\/#primaryimage"},"image":{"@id":"https:\/\/moldovacrestina.md\/es\/exclusion-iglesia-no-cree-trinidad\/#primaryimage"},"thumbnailUrl":"https:\/\/moldovacrestina.md\/wp-content\/uploads\/2016\/10\/holy_trinity.jpg","datePublished":"2014-06-24T13:31:05+00:00","dateModified":"2017-05-03T16:02:16+00:00","author":{"@id":"https:\/\/moldovacrestina.md\/es\/#\/schema\/person\/04b204bbb582cc832c3d2424f5d27dc0"},"description":"Si un miembro de la iglesia empieza rechazar la doctrina de la Sant\u00edsima Trinidad, \u00bfel debe ser excomulgado de la Iglesia?","breadcrumb":{"@id":"https:\/\/moldovacrestina.md\/es\/exclusion-iglesia-no-cree-trinidad\/#breadcrumb"},"inLanguage":"es","potentialAction":[{"@type":"ReadAction","target":["https:\/\/moldovacrestina.md\/es\/exclusion-iglesia-no-cree-trinidad\/"]}]},{"@type":"ImageObject","inLanguage":"es","@id":"https:\/\/moldovacrestina.md\/es\/exclusion-iglesia-no-cree-trinidad\/#primaryimage","url":"https:\/\/moldovacrestina.md\/wp-content\/uploads\/2016\/10\/holy_trinity.jpg","contentUrl":"https:\/\/moldovacrestina.md\/wp-content\/uploads\/2016\/10\/holy_trinity.jpg","width":600,"height":627},{"@type":"BreadcrumbList","@id":"https:\/\/moldovacrestina.md\/es\/exclusion-iglesia-no-cree-trinidad\/#breadcrumb","itemListElement":[{"@type":"ListItem","position":1,"name":"Prima pagin\u0103","item":"https:\/\/moldovacrestina.md\/es\/"},{"@type":"ListItem","position":2,"name":"Respuestas de la Palabra","item":"https:\/\/moldovacrestina.md\/es\/respuestas-de-la-palabra\/"},{"@type":"ListItem","position":3,"name":"\u00bfEs el rechazo de la ense\u00f1anza sobre la Santisima Trinidad raz\u00f3n para la excomuni\u00f3n de la Iglesia?"}]},{"@type":"WebSite","@id":"https:\/\/moldovacrestina.md\/es\/#website","url":"https:\/\/moldovacrestina.md\/es\/","name":"Moldova Cre\u0219tin\u0103","description":"R\u0103spunsuri relevante \u0219i actuale din Biblie","potentialAction":[{"@type":"SearchAction","target":{"@type":"EntryPoint","urlTemplate":"https:\/\/moldovacrestina.md\/es\/?s={search_term_string}"},"query-input":{"@type":"PropertyValueSpecification","valueRequired":true,"valueName":"search_term_string"}}],"inLanguage":"es"},{"@type":"Person","@id":"https:\/\/moldovacrestina.md\/es\/#\/schema\/person\/04b204bbb582cc832c3d2424f5d27dc0","name":"Vasile Filat","image":{"@type":"ImageObject","inLanguage":"es","@id":"https:\/\/secure.gravatar.com\/avatar\/2e02d082d139dd6eb634318c9cf2c3a8281db62f24f87a134adb4f2020e77ab3?s=96&d=mm&r=g","url":"https:\/\/secure.gravatar.com\/avatar\/2e02d082d139dd6eb634318c9cf2c3a8281db62f24f87a134adb4f2020e77ab3?s=96&d=mm&r=g","contentUrl":"https:\/\/secure.gravatar.com\/avatar\/2e02d082d139dd6eb634318c9cf2c3a8281db62f24f87a134adb4f2020e77ab3?s=96&d=mm&r=g","caption":"Vasile Filat"},"description":"P\u0103storesc\u00a0Biserica Bunavestire din Chi\u0219in\u0103u, predau Cuv\u00e2ntul lui Dumnezeu la\u00a0Institutul de Studiu Biblic Inductiv din Eurasia\u00a0\u0219i conduc\u00a0Asocia\u021bia \"\u00cenv\u0103\u021b\u0103tur\u0103 din Cuv\u00e2nt - Precept Ministries\" din Moldova. \u00cempreun\u0103 cu so\u021bia mea\u00a0Anastasia, avem trei copii. Din Aprilie 2007 am oferit r\u0103spunsuri din Biblie pe acest site la \u00eentreb\u0103ri adresate de cititori. Mai mult despre mine citi\u021bi\u00a0aici.","url":"https:\/\/moldovacrestina.md\/es\/author\/vasile-filat\/"}]}},"jetpack_featured_media_url":"https:\/\/moldovacrestina.md\/wp-content\/uploads\/2016\/10\/holy_trinity.jpg","video_meta":false,"featured_image":"https:\/\/moldovacrestina.md\/wp-content\/uploads\/2016\/10\/holy_trinity.jpg","wpml":{"language_code":"es","locale":"es_ES","text_direction":false,"display_name":"Espa\u00f1ol","native_name":"Spaniol\u0103","different_language":false},"jetpack-related-posts":[{"id":363768,"url":"https:\/\/moldovacrestina.md\/clarificari-cu-privire-la-video-de-la-conflictele-dintr-o-biserica-si-predicile-mele\/","url_meta":{"origin":63104,"position":0},"title":"Clarific\u0103ri cu privire la video de la  conflictele dintr-o biseric\u0103 \u0219i predicile mele","author":"[Spanish] Vitalie Marian","date":"13 de octubre de 2025","format":false,"excerpt":"y-live","rel":"","context":"<span class=\"jp-relatedposts-post-author\">[Spanish] Vitalie Marian<\/span>","block_context":{"text":"MCTV","link":"https:\/\/moldovacrestina.md\/mctv\/"},"img":{"alt_text":"","src":"https:\/\/i0.wp.com\/cdn.moldovacrestina.md\/2025\/10\/0383a360-3eytttxdsw4.jpg?resize=350%2C200&ssl=1","width":350,"height":200},"classes":[]},{"id":362355,"url":"https:\/\/moldovacrestina.md\/andrian-lascu-copilarie-rebela-credinta-in-dumnezeu-sansa-de-a-fi-parinte-campion-la-futsal\/","url_meta":{"origin":63104,"position":1},"title":"Andrian La\u0219cu: Copil\u0103rie rebel\u0103, credin\u021ba \u00een Dumnezeu, \u0219ansa de a fi p\u0103rinte, campion la futsal.","author":"[Spanish] Vitalie Marian","date":"16 de marzo de 2025","format":false,"excerpt":"Andrian La\u0219cu de\u021bine dou\u0103 titluri de campion al Rom\u00e2niei \u0219i a fost ales \u00een dou\u0103 r\u00e2nduri cel mai bun juc\u0103tor de futsal al anului \u00een Republica Moldova. Conform Federa\u021biei Moldovene\u0219ti de Fotbal el se num\u0103r\u0103 printre cei mai valoro\u0219i juc\u0103tori din Liga 1 rom\u00e2neasc\u0103 de fotbal de sal\u0103. Afla\u021bi din\u2026","rel":"","context":"<span class=\"jp-relatedposts-post-author\">[Spanish] Vitalie Marian<\/span>","block_context":{"text":"MCTV","link":"https:\/\/moldovacrestina.md\/mctv\/"},"img":{"alt_text":"","src":"https:\/\/i0.wp.com\/cdn.moldovacrestina.md\/2025\/03\/a1a5e5b7-vb0e2k6ablc.jpg?resize=350%2C200&ssl=1","width":350,"height":200,"srcset":"https:\/\/i0.wp.com\/cdn.moldovacrestina.md\/2025\/03\/a1a5e5b7-vb0e2k6ablc.jpg?resize=350%2C200&ssl=1 1x, https:\/\/i0.wp.com\/cdn.moldovacrestina.md\/2025\/03\/a1a5e5b7-vb0e2k6ablc.jpg?resize=525%2C300&ssl=1 1.5x, https:\/\/i0.wp.com\/cdn.moldovacrestina.md\/2025\/03\/a1a5e5b7-vb0e2k6ablc.jpg?resize=700%2C400&ssl=1 2x, https:\/\/i0.wp.com\/cdn.moldovacrestina.md\/2025\/03\/a1a5e5b7-vb0e2k6ablc.jpg?resize=1050%2C600&ssl=1 3x"},"classes":[]},{"id":365331,"url":"https:\/\/moldovacrestina.md\/lotul-moldovei-top-7-la-europenele-itf-taekwondo-3-medalii-de-aur-si-o-cupa-speciala\/","url_meta":{"origin":63104,"position":2},"title":"Lotul Moldovei, TOP 7 la Europenele ITF Taekwondo: 3 medalii de aur \u0219i o cup\u0103 special\u0103","author":"[Spanish] Vitalie Marian","date":"28 de abril de 2026","format":false,"excerpt":"Moldova s-a clasat pe locul 7 din 31 de \u021b\u0103ri la Campionatul European de Taekwondo ITF. Lotul a c\u00e2\u0219tigat 3 medalii de aur \u0219i multiple medalii la probe individuale \u0219i pe echipe, iar Filip Petrachii a primit trofeul pentru cel mai bun senior masculin. \ud83d\udcd6 Ai nevoie de \u00eendrumare spiritual\u0103\u2026","rel":"","context":"<span class=\"jp-relatedposts-post-author\">[Spanish] Vitalie Marian<\/span>","block_context":{"text":"MCTV","link":"https:\/\/moldovacrestina.md\/mctv\/"},"img":{"alt_text":"","src":"https:\/\/i0.wp.com\/cdn.moldovacrestina.md\/2026\/04\/ffb0c2a7-uu19uatk5q0.jpg?resize=350%2C200&ssl=1","width":350,"height":200,"srcset":"https:\/\/i0.wp.com\/cdn.moldovacrestina.md\/2026\/04\/ffb0c2a7-uu19uatk5q0.jpg?resize=350%2C200&ssl=1 1x, https:\/\/i0.wp.com\/cdn.moldovacrestina.md\/2026\/04\/ffb0c2a7-uu19uatk5q0.jpg?resize=525%2C300&ssl=1 1.5x, https:\/\/i0.wp.com\/cdn.moldovacrestina.md\/2026\/04\/ffb0c2a7-uu19uatk5q0.jpg?resize=700%2C400&ssl=1 2x, https:\/\/i0.wp.com\/cdn.moldovacrestina.md\/2026\/04\/ffb0c2a7-uu19uatk5q0.jpg?resize=1050%2C600&ssl=1 3x"},"classes":[]},{"id":362955,"url":"https:\/\/moldovacrestina.md\/de-ce-femeia-din-soroca-a-aruncat-in-fantana-bebelusul-avortat\/","url_meta":{"origin":63104,"position":3},"title":"De ce femeia din Soroca a aruncat \u00een f\u00e2nt\u0103n\u0103 bebelu\u0219ul avortat?","author":"[Spanish] Vitalie Marian","date":"23 de junio de 2025","format":false,"excerpt":"Nu este doar o tragedie social\u0103, ci o dram\u0103 spiritual\u0103 profund\u0103. Ce se afl\u0103 \u00een spatele unui astfel de gest \u0219i ce spune Biblia despre valoarea vie\u021bii? \u0218tirea preluat\u0103 de pe canalul ProTV https:\/\/protv.md\/ \u00cenregistreaz\u0103-te acum la Summer English Academy 5-12 iulie https:\/\/bit.ly\/3TmxXvF Aplic\u0103 promo codul VasileFilat10 pentru o reducere\u2026","rel":"","context":"<span class=\"jp-relatedposts-post-author\">[Spanish] Vitalie Marian<\/span>","block_context":{"text":"MCTV","link":"https:\/\/moldovacrestina.md\/mctv\/"},"img":{"alt_text":"","src":"https:\/\/i0.wp.com\/cdn.moldovacrestina.md\/2025\/06\/bc398eb7-9wldzuigdbq.jpg?resize=350%2C200&ssl=1","width":350,"height":200,"srcset":"https:\/\/i0.wp.com\/cdn.moldovacrestina.md\/2025\/06\/bc398eb7-9wldzuigdbq.jpg?resize=350%2C200&ssl=1 1x, https:\/\/i0.wp.com\/cdn.moldovacrestina.md\/2025\/06\/bc398eb7-9wldzuigdbq.jpg?resize=525%2C300&ssl=1 1.5x, https:\/\/i0.wp.com\/cdn.moldovacrestina.md\/2025\/06\/bc398eb7-9wldzuigdbq.jpg?resize=700%2C400&ssl=1 2x, https:\/\/i0.wp.com\/cdn.moldovacrestina.md\/2025\/06\/bc398eb7-9wldzuigdbq.jpg?resize=1050%2C600&ssl=1 3x"},"classes":[]},{"id":363755,"url":"https:\/\/moldovacrestina.md\/este-pacat-divortul-daca-ambii-soti-il-doresc-pastor-vasile-filat\/","url_meta":{"origin":63104,"position":4},"title":"Este p\u0103cat divor\u021bul dac\u0103 ambii so\u021bi \u00eel doresc? | Pastor Vasile Filat","author":"[Spanish] Vitalie Marian","date":"12 de octubre de 2025","format":false,"excerpt":"Mul\u021bi oameni cred c\u0103 dac\u0103 ambii so\u021bi sunt de acord cu desp\u0103r\u021birea, divor\u021bul nu mai este p\u0103cat. Dar ce spune Biblia? \u00cen acest video, pastorul Vasile Filat explic\u0103, pe baza textelor din Matei 19, Maleahi 2 \u0219i Evrei 13:4, c\u0103 Dumnezeu a instituit c\u0103s\u0103toria \u0219i El singur are autoritatea de\u2026","rel":"","context":"<span class=\"jp-relatedposts-post-author\">[Spanish] Vitalie Marian<\/span>","block_context":{"text":"MCTV","link":"https:\/\/moldovacrestina.md\/mctv\/"},"img":{"alt_text":"","src":"https:\/\/i0.wp.com\/cdn.moldovacrestina.md\/2025\/10\/fa6abd08-qnfeu_9zdi4.jpg?resize=350%2C200&ssl=1","width":350,"height":200,"srcset":"https:\/\/i0.wp.com\/cdn.moldovacrestina.md\/2025\/10\/fa6abd08-qnfeu_9zdi4.jpg?resize=350%2C200&ssl=1 1x, https:\/\/i0.wp.com\/cdn.moldovacrestina.md\/2025\/10\/fa6abd08-qnfeu_9zdi4.jpg?resize=525%2C300&ssl=1 1.5x, https:\/\/i0.wp.com\/cdn.moldovacrestina.md\/2025\/10\/fa6abd08-qnfeu_9zdi4.jpg?resize=700%2C400&ssl=1 2x, https:\/\/i0.wp.com\/cdn.moldovacrestina.md\/2025\/10\/fa6abd08-qnfeu_9zdi4.jpg?resize=1050%2C600&ssl=1 3x"},"classes":[]}],"jetpack_sharing_enabled":true,"_links":{"self":[{"href":"https:\/\/moldovacrestina.md\/es\/wp-json\/wp\/v2\/posts\/63104","targetHints":{"allow":["GET"]}}],"collection":[{"href":"https:\/\/moldovacrestina.md\/es\/wp-json\/wp\/v2\/posts"}],"about":[{"href":"https:\/\/moldovacrestina.md\/es\/wp-json\/wp\/v2\/types\/post"}],"author":[{"embeddable":true,"href":"https:\/\/moldovacrestina.md\/es\/wp-json\/wp\/v2\/users\/46"}],"replies":[{"embeddable":true,"href":"https:\/\/moldovacrestina.md\/es\/wp-json\/wp\/v2\/comments?post=63104"}],"version-history":[{"count":0,"href":"https:\/\/moldovacrestina.md\/es\/wp-json\/wp\/v2\/posts\/63104\/revisions"}],"wp:featuredmedia":[{"embeddable":true,"href":"https:\/\/moldovacrestina.md\/es\/wp-json\/wp\/v2\/media\/107514"}],"wp:attachment":[{"href":"https:\/\/moldovacrestina.md\/es\/wp-json\/wp\/v2\/media?parent=63104"}],"wp:term":[{"taxonomy":"category","embeddable":true,"href":"https:\/\/moldovacrestina.md\/es\/wp-json\/wp\/v2\/categories?post=63104"},{"taxonomy":"post_tag","embeddable":true,"href":"https:\/\/moldovacrestina.md\/es\/wp-json\/wp\/v2\/tags?post=63104"}],"curies":[{"name":"wp","href":"https:\/\/api.w.org\/{rel}","templated":true}]}}