{"id":54239,"date":"2015-05-24T01:02:49","date_gmt":"2015-05-23T23:02:49","guid":{"rendered":"https:\/\/moldovacrestina.md\/liberacion-maldiciones-brujos"},"modified":"2017-05-03T18:04:40","modified_gmt":"2017-05-03T16:04:40","slug":"liberacion-maldiciones-brujos","status":"publish","type":"post","link":"https:\/\/moldovacrestina.md\/es\/liberacion-maldiciones-brujos\/","title":{"rendered":"\u00bfC\u00f3mo librarse de las maldiciones de los hechiceros?"},"content":{"rendered":"<p><img loading=\"lazy\" decoding=\"async\" class=\"alignnone size-full wp-image-90507\" src=\"https:\/\/cdn.moldovacrestina.md\/2015\/05\/l.jpg\" alt=\"\" width=\"509\" height=\"339\" \/><\/p>\n<p>He recibido la siguiente pregunta, que contestar\u00e9 en este art\u00edculo:<\/p>\n<blockquote class=\"td_quote_box td_box_center\"><p><em>Mi pregunta est\u00e1 relacionada con las personas que se ocupan con el ocultismo, brujer\u00edas, maldiciones. Tengo un familiar muy cercano a mi familia, que se ocupa con estas cosas desde hace muchos a\u00f1os, por envidia y pienso, por codicia y mi familia se enter\u00f3 por varias fuentes que muchos de esos males deseados son contra nosotros (impedir mi matrimonio, que a mis padres no les vaya bien en el trabajo) y no quiero cometer un pecado diciendo que creo en ello, pero, simplemente he notado que desde hace tiempo las cosas no tienen un curso normal, como de costumbre, y me da miedo. Y a otros hechiceros \u00abque deshacen\u00bb no ir\u00e1 nadie de mi familia porque saben que es un pecado grande, por lo tanto me gustar\u00eda saber c\u00f3mo luchar en concreto, adem\u00e1s de oraci\u00f3n y ayuno. \u00bfQu\u00e9 otra cosa debo hacer y cu\u00e1nto puede durar el mal causado por estas personas, cuanto en el tiempo (a\u00f1os, meses, d\u00edas)? Sabiendo que esta situaci\u00f3n dura desde hace 3-4 a\u00f1os, algunas veces desespero. Si mis padres no son cristianos y yo s\u00ed, \u00bfc\u00f3mo puedo parar el mal que viene hacia mi familia? <\/em><\/p><\/blockquote>\n<p><strong>\u00a0<\/strong><\/p>\n<h2>El poder malvado de los hechiceros es una realidad<\/h2>\n<p>No importa si la gente cree en ello o no, es una realidad que los brujos act\u00faan con el poder de Satan\u00e1s y pueden causar mucho mal. Por eso, Dios dice en la Biblia lo siguiente:<\/p>\n<blockquote class=\"td_quote_box td_box_center\"><p>No sea hallado en ti quien haga pasar a su hijo o a su hija por el fuego, ni quien practique adivinaci\u00f3n, ni agorero, ni sort\u00edlego, ni hechicero, ni encantador, ni adivino, ni mago, ni quien consulte a los muertos.\u00a0 Porque es abominaci\u00f3n para con Dios cualquiera que hace estas cosas, y por estas abominaciones, tu Dios echa estas naciones de delante de ti.\u00a0 Perfecto ser\u00e1s delante de tu Dios. (Deuteronomio 18:10-13)<\/p><\/blockquote>\n<p>Donde la gente se aleja de Dios, estos pecados asquerosos aumentan y nosotros debemos reconocer que tenemos hechiceros y hechiceras en nuestro pa\u00eds, que hacen mucho mal a la gente. Durante mi infancia, vi muchas vidas y familias destruidas por hechizos y m\u00e1s de una vez vi ranas venir con las piernas atadas con un hilo rojo, o cosas que nos hab\u00edan tirado en el corral: pelo con cuernos de animal, u otros objetos. En el art\u00edculo en el que habl\u00e9 de la muerte de mi madre cont\u00e9 m\u00e1s cosas sobre la manera en que nuestra familia fue atacada por los hechizos de los que hac\u00edan la voluntad de Satan\u00e1s. Por lo tanto no me tiene que convencer alguien sobre el poder de los hechiceros y sus maquinaciones malvadas.<\/p>\n<p><strong>\u00a0<\/strong><\/p>\n<h2>Los hechizos y maldiciones no tienen poder sobre los hijos de Dios<\/h2>\n<p>Cuando el pueblo de Israel se encontraba de camino a Cana\u00e1n y lleg\u00f3 a los l\u00edmites de Moab, Balaac, el emperador de los moabitas env\u00edo a sus mensajeros llamar al hechicero Balaam, para que \u00e9ste maldiga a los hijos de Israel y haga hechizos contra ellos. A prop\u00f3sito, es conocido el hecho de que Hitler y los nazis recurrieron a hechiceros de este tipo para iniciar los planes diab\u00f3licos que ten\u00edan. Dios le dijo al hechicero Balaam no irse con los mensajeros y \u00e9l no se fue la primera vez, pero luego, al ser invitado de nuevo, deseando la fortuna prometida por Balaac, el hechicero Balaam insisti\u00f3 y Dios le dej\u00f3 ir, lo que le causo verg\u00fcenza y desgracias.\u00a0 Llegando a Moab, intent\u00f3 tres veces maldecir a Israel, pero tres veces Dios le hizo bendecir. Todos los detalles est\u00e1n descritos en los cap\u00edtulos 22-24 del libro N\u00fameros. En el primer intento de maldecir a Israel, Balaam dijo:<\/p>\n<blockquote class=\"td_quote_box td_box_center\"><p>\u00bfPor qu\u00e9 maldecir\u00e9 yo al que Dios no maldijo? \u00bfY por qu\u00e9 he de execrar al que Dios no ha execrado?\u00a0 (N\u00fameros 23:8)<\/p><\/blockquote>\n<p>En el segundo intento de maldecirlo, Dios puso en la boca de Balaam estas palabras:<\/p>\n<p>Porque contra Jacob no hay ag\u00fcero, Ni adivinaci\u00f3n contra Israel. (N\u00fameros 23:23)<\/p>\n<p>Toda persona que haya hecho un pacto con Dios por fe en Jes\u00fas y nacimiento de nuevo, pasa a ser hijo de Dios, tal como lo dice el Evangelio de Juan:<\/p>\n<blockquote class=\"td_quote_box td_box_center\"><p>(Jes\u00fas) A lo suyo vino, y los suyos no le recibieron.\u00a0 Mas a todos los que le recibieron, a los que creen en su nombre, les dio potestad de ser hechos hijos de Dios;\u00a0 los cuales no son engendrados de sangre, ni de voluntad de carne, ni de voluntad de var\u00f3n, sino de Dios.\u00a0 (Juan 1:11-13)<\/p><\/blockquote>\n<p>Porque somos hijos de Dios, somos bendecidos por Dios. \u00c9l no maldice y no deja a nadie maldecirnos. A lo mejor alguien te hechiz\u00f3 para que no te puedas casar. Que sepas que dichos hechizos pudieron tener efecto hasta el momento en que hiciste un pacto con Jes\u00fas. Ahora ya no tienen poder porque t\u00fa eres bendecida por Dios. Si no te has casado a\u00fan, es para tu bien, tal como dec\u00eda Dios cuando dice:<\/p>\n<blockquote class=\"td_quote_box td_box_center\"><p>Y sabemos que a los que aman a Dios, todas las cosas les ayudan a bien, esto es, a los que conforme a su prop\u00f3sito son llamados.\u00a0 (Romanos 8:28)<\/p><\/blockquote>\n<p><strong>\u00a0<\/strong><\/p>\n<h2>\u00bfCu\u00e1nto dura el mal causado por los hechizos?<\/h2>\n<p>Mucho. La Biblia dice que dura hasta que llegue la liberaci\u00f3n que puede dar solamente Dios. Cuando tra\u00edan a Jes\u00fas a gente pose\u00edda por esp\u00edritus malos, dichos esp\u00edritus o diablos no quer\u00edan nunca salir de la persona y s\u00f3lo a la orden de Jes\u00fas le dejaban en paz. Lo mismo pasa con las maldiciones, que no son otra cosa que maquinaciones diab\u00f3licas con la implicaci\u00f3n del poder del diablo. Estas duran hasta que la persona venga a pedir liberaci\u00f3n a Jes\u00fas y s\u00f3lo el Salvador puede dar una liberaci\u00f3n total.<\/p>\n<p><strong>\u00a0<\/strong><\/p>\n<h2>\u00bfC\u00f3mo ayudar a las personas que se encuentran bajo maldiciones de los hechiceros?<\/h2>\n<p>Cuando Pablo le cont\u00f3 al Emperador Agripa sobre el encuentro que tuvo con Jes\u00fas y la manera en que volvi\u00f3 a Dios, \u00e9l dec\u00eda que Jes\u00fas le hab\u00eda dicho:<\/p>\n<blockquote class=\"td_quote_box td_box_center\"><p>\u00ablibr\u00e1ndote de tu pueblo, y de los gentiles, a quienes ahora te env\u00edo, para que abras sus ojos, para que se conviertan de las tinieblas a la luz, y de la potestad de Satan\u00e1s a Dios; para que reciban, por la fe que es en m\u00ed, perd\u00f3n de pecados y herencia entre los santificados.\u00bb (Hechos 26:17-18)<\/p><\/blockquote>\n<p>Toda persona que se encuentra bajo las maldiciones de los hechiceros se encuentra bajo el poder de Satan\u00e1s. Para librarse de este poder, debe primero abrir los ojos de su mente y coraz\u00f3n e intentar conocer y comprender el mensaje del Evangelio de Jes\u00fas, tal como est\u00e1 escrito en las p\u00e1ginas de las Santas Escrituras. Luego, al entender c\u00f3mo puede ser librado, debe escoger volver de la oscuridad a la luz y del poder de Satan\u00e1s al poder de Dios. De este modo, recibir\u00e1, por su fe en Jes\u00fas, el perd\u00f3n por sus pecados y la herencia de los santificados. Este es el arrepentimiento. Es lo que pasa al nacer de nuevo. No existe otra alternativa para la gente u otra posibilidad de librarse de las maldiciones bajo las cuales se encuentran. Los que van a ver a otros hechiceros que les prometen librarles del hechizo s\u00f3lo empeoran su estado y les ir\u00e1 peor. Nosotros podemos hablar a nuestros familiares y exhortarles recibir el mensaje del Evangelio, pero es su decisi\u00f3n.<\/p>\n<p>Muchos a\u00f1os atr\u00e1s me enter\u00e9 que un familiar echaba las cartas y hac\u00eda otros tipos de hechizos. En seguida iba a confrontarla con la verdad de las Santas Escrituras. \u00bfY qu\u00e9 piensan? Me dijo que no hace nada malo, que de este modo puede mantener a su familia etc. La advert\u00ed y le dije que iban a llegar consecuencias graves para toda la familia. No quiero dar detalles sobre las consecuencias que les golpearon, pero son muy, muy graves y todos est\u00e1n muy mal.\u00a0 Y yo les habl\u00e9 entonces de volver hacia Jes\u00fas de todo coraz\u00f3n y ellos no lo tomaron en cuenta. De hecho, ahora tampoco es tarde, basta con que lo comprendan y quieran volver de la oscuridad a la luz y del poder de Satan\u00e1s al poder de Dios.<\/p>\n<p>\u00bfQu\u00e9 har\u00e1s t\u00fa? Si est\u00e1s bajo las maldiciones de los hechiceros, corre hacia Jes\u00fas, haz un pacto con \u00c9l, d\u00e9jaLe tu vida entera y el Salvador te liberar\u00e1 y te llenar\u00e1 de la paz, alegr\u00eda y felicidad que s\u00f3lo \u00c9l puede dar. Diles a tus familiares que se encuentran bajo estas maldiciones que no se queden en la oscuridad, sino que vuelvan a Jes\u00fas, que es la Luz del mundo.<\/p>\n<p>El presente art\u00edculo ha sido traducido a los siguientes idiomas:<\/p>\n","protected":false},"excerpt":{"rendered":"<p>He recibido la siguiente pregunta, que contestar\u00e9 en este art\u00edculo: Mi pregunta est\u00e1 relacionada con las personas que se ocupan con el ocultismo, brujer\u00edas, maldiciones. Tengo un familiar muy cercano a mi familia, que se ocupa con estas cosas desde hace muchos a\u00f1os, por envidia y pienso, por codicia y mi familia se enter\u00f3 por [&hellip;]<\/p>\n","protected":false},"author":46,"featured_media":90507,"comment_status":"closed","ping_status":"closed","sticky":false,"template":"","format":"standard","meta":{"_acf_changed":false,"inline_featured_image":false,"_monsterinsights_skip_tracking":false,"_monsterinsights_sitenote_active":false,"_monsterinsights_sitenote_note":"","_monsterinsights_sitenote_category":0,"_genesis_hide_title":false,"_genesis_hide_breadcrumbs":false,"_genesis_hide_singular_image":false,"_genesis_hide_footer_widgets":false,"_genesis_custom_body_class":"","_genesis_custom_post_class":"","_genesis_layout":"","ep_exclude_from_search":false,"_jetpack_memberships_contains_paid_content":false,"footnotes":""},"categories":[29341],"tags":[2032,2033,2034,2035,2036,2037],"class_list":{"0":"post-54239","1":"post","2":"type-post","3":"status-publish","4":"format-standard","5":"has-post-thumbnail","7":"category-respuestas-de-la-palabra","8":"tag-maldiciones-hechizos","9":"tag-las-maldiciones","10":"tag-libros-de-brujeria","11":"tag-sobre-la-magia-y-la-brujeria","12":"tag-sobre-la-brujeria","13":"tag-adivinar-brujeria","14":"entry"},"acf":[],"yoast_head":"<!-- This site is optimized with the Yoast SEO Premium plugin v26.5 (Yoast SEO v27.4) - https:\/\/yoast.com\/product\/yoast-seo-premium-wordpress\/ -->\n<title>\u00bfC\u00f3mo librarse de las maldiciones de los hechiceros?<\/title>\n<meta name=\"description\" content=\"Un art\u00edculo sobre los efectos de las maldiciones y sobre todo c\u00f3mo librarse de ellas.\" \/>\n<meta name=\"robots\" content=\"index, follow, max-snippet:-1, max-image-preview:large, max-video-preview:-1\" \/>\n<link rel=\"canonical\" href=\"https:\/\/moldovacrestina.md\/es\/liberacion-maldiciones-brujos\/\" \/>\n<meta property=\"og:locale\" content=\"es_ES\" \/>\n<meta property=\"og:type\" content=\"article\" \/>\n<meta property=\"og:title\" content=\"\u00bfC\u00f3mo librarse de las maldiciones de los hechiceros?\" \/>\n<meta property=\"og:description\" content=\"Un art\u00edculo sobre los efectos de las maldiciones y sobre todo c\u00f3mo librarse de ellas.\" \/>\n<meta property=\"og:url\" content=\"https:\/\/moldovacrestina.md\/es\/liberacion-maldiciones-brujos\/\" \/>\n<meta property=\"og:site_name\" content=\"Moldova Cre\u0219tin\u0103\" \/>\n<meta property=\"article:publisher\" content=\"https:\/\/www.facebook.com\/moldovacrestina\/\" \/>\n<meta property=\"article:published_time\" content=\"2015-05-23T23:02:49+00:00\" \/>\n<meta property=\"article:modified_time\" content=\"2017-05-03T16:04:40+00:00\" \/>\n<meta property=\"og:image\" content=\"https:\/\/cdn.moldovacrestina.md\/2015\/05\/l.jpg\" \/>\n\t<meta property=\"og:image:width\" content=\"509\" \/>\n\t<meta property=\"og:image:height\" content=\"339\" \/>\n\t<meta property=\"og:image:type\" content=\"image\/jpeg\" \/>\n<meta name=\"author\" content=\"Vasile Filat\" \/>\n<meta name=\"twitter:card\" content=\"summary_large_image\" \/>\n<meta name=\"twitter:creator\" content=\"@moldovacrestina\" \/>\n<meta name=\"twitter:site\" content=\"@moldovacrestina\" \/>\n<meta name=\"twitter:label1\" content=\"Escrito por\" \/>\n\t<meta name=\"twitter:data1\" content=\"Vasile Filat\" \/>\n\t<meta name=\"twitter:label2\" content=\"Tiempo de lectura\" \/>\n\t<meta name=\"twitter:data2\" content=\"8 minutos\" \/>\n<script type=\"application\/ld+json\" class=\"yoast-schema-graph\">{\"@context\":\"https:\\\/\\\/schema.org\",\"@graph\":[{\"@type\":\"Article\",\"@id\":\"https:\\\/\\\/moldovacrestina.md\\\/es\\\/liberacion-maldiciones-brujos\\\/#article\",\"isPartOf\":{\"@id\":\"https:\\\/\\\/moldovacrestina.md\\\/es\\\/liberacion-maldiciones-brujos\\\/\"},\"author\":{\"name\":\"Vasile Filat\",\"@id\":\"https:\\\/\\\/moldovacrestina.md\\\/es\\\/#\\\/schema\\\/person\\\/04b204bbb582cc832c3d2424f5d27dc0\"},\"headline\":\"\u00bfC\u00f3mo librarse de las maldiciones de los hechiceros?\",\"datePublished\":\"2015-05-23T23:02:49+00:00\",\"dateModified\":\"2017-05-03T16:04:40+00:00\",\"mainEntityOfPage\":{\"@id\":\"https:\\\/\\\/moldovacrestina.md\\\/es\\\/liberacion-maldiciones-brujos\\\/\"},\"wordCount\":1538,\"image\":{\"@id\":\"https:\\\/\\\/moldovacrestina.md\\\/es\\\/liberacion-maldiciones-brujos\\\/#primaryimage\"},\"thumbnailUrl\":\"https:\\\/\\\/moldovacrestina.md\\\/wp-content\\\/uploads\\\/2015\\\/05\\\/l.jpg\",\"keywords\":[\"maldiciones hechizos\",\"las maldiciones\",\"libros de brujer\u00eda\",\"sobre la magia y la brujer\u00eda\",\"sobre la brujer\u00eda\",\"adivinar brujer\u00eda\"],\"articleSection\":[\"Respuestas de la Palabra\"],\"inLanguage\":\"es\"},{\"@type\":\"WebPage\",\"@id\":\"https:\\\/\\\/moldovacrestina.md\\\/es\\\/liberacion-maldiciones-brujos\\\/\",\"url\":\"https:\\\/\\\/moldovacrestina.md\\\/es\\\/liberacion-maldiciones-brujos\\\/\",\"name\":\"\u00bfC\u00f3mo librarse de las maldiciones de los hechiceros?\",\"isPartOf\":{\"@id\":\"https:\\\/\\\/moldovacrestina.md\\\/es\\\/#website\"},\"primaryImageOfPage\":{\"@id\":\"https:\\\/\\\/moldovacrestina.md\\\/es\\\/liberacion-maldiciones-brujos\\\/#primaryimage\"},\"image\":{\"@id\":\"https:\\\/\\\/moldovacrestina.md\\\/es\\\/liberacion-maldiciones-brujos\\\/#primaryimage\"},\"thumbnailUrl\":\"https:\\\/\\\/moldovacrestina.md\\\/wp-content\\\/uploads\\\/2015\\\/05\\\/l.jpg\",\"datePublished\":\"2015-05-23T23:02:49+00:00\",\"dateModified\":\"2017-05-03T16:04:40+00:00\",\"author\":{\"@id\":\"https:\\\/\\\/moldovacrestina.md\\\/es\\\/#\\\/schema\\\/person\\\/04b204bbb582cc832c3d2424f5d27dc0\"},\"description\":\"Un art\u00edculo sobre los efectos de las maldiciones y sobre todo c\u00f3mo librarse de ellas.\",\"breadcrumb\":{\"@id\":\"https:\\\/\\\/moldovacrestina.md\\\/es\\\/liberacion-maldiciones-brujos\\\/#breadcrumb\"},\"inLanguage\":\"es\",\"potentialAction\":[{\"@type\":\"ReadAction\",\"target\":[\"https:\\\/\\\/moldovacrestina.md\\\/es\\\/liberacion-maldiciones-brujos\\\/\"]}]},{\"@type\":\"ImageObject\",\"inLanguage\":\"es\",\"@id\":\"https:\\\/\\\/moldovacrestina.md\\\/es\\\/liberacion-maldiciones-brujos\\\/#primaryimage\",\"url\":\"https:\\\/\\\/moldovacrestina.md\\\/wp-content\\\/uploads\\\/2015\\\/05\\\/l.jpg\",\"contentUrl\":\"https:\\\/\\\/moldovacrestina.md\\\/wp-content\\\/uploads\\\/2015\\\/05\\\/l.jpg\",\"width\":509,\"height\":339},{\"@type\":\"BreadcrumbList\",\"@id\":\"https:\\\/\\\/moldovacrestina.md\\\/es\\\/liberacion-maldiciones-brujos\\\/#breadcrumb\",\"itemListElement\":[{\"@type\":\"ListItem\",\"position\":1,\"name\":\"Prima pagin\u0103\",\"item\":\"https:\\\/\\\/moldovacrestina.md\\\/es\\\/\"},{\"@type\":\"ListItem\",\"position\":2,\"name\":\"Educatie\",\"item\":\"https:\\\/\\\/moldovacrestina.md\\\/es\\\/\\\/educatie-es\\\/\"},{\"@type\":\"ListItem\",\"position\":3,\"name\":\"\u00bfC\u00f3mo librarse de las maldiciones de los hechiceros?\"}]},{\"@type\":\"WebSite\",\"@id\":\"https:\\\/\\\/moldovacrestina.md\\\/es\\\/#website\",\"url\":\"https:\\\/\\\/moldovacrestina.md\\\/es\\\/\",\"name\":\"Moldova Cre\u0219tin\u0103\",\"description\":\"R\u0103spunsuri relevante \u0219i actuale din Biblie\",\"potentialAction\":[{\"@type\":\"SearchAction\",\"target\":{\"@type\":\"EntryPoint\",\"urlTemplate\":\"https:\\\/\\\/moldovacrestina.md\\\/es\\\/?s={search_term_string}\"},\"query-input\":{\"@type\":\"PropertyValueSpecification\",\"valueRequired\":true,\"valueName\":\"search_term_string\"}}],\"inLanguage\":\"es\"},{\"@type\":\"Person\",\"@id\":\"https:\\\/\\\/moldovacrestina.md\\\/es\\\/#\\\/schema\\\/person\\\/04b204bbb582cc832c3d2424f5d27dc0\",\"name\":\"Vasile Filat\",\"image\":{\"@type\":\"ImageObject\",\"inLanguage\":\"es\",\"@id\":\"https:\\\/\\\/secure.gravatar.com\\\/avatar\\\/2e02d082d139dd6eb634318c9cf2c3a8281db62f24f87a134adb4f2020e77ab3?s=96&d=mm&r=g\",\"url\":\"https:\\\/\\\/secure.gravatar.com\\\/avatar\\\/2e02d082d139dd6eb634318c9cf2c3a8281db62f24f87a134adb4f2020e77ab3?s=96&d=mm&r=g\",\"contentUrl\":\"https:\\\/\\\/secure.gravatar.com\\\/avatar\\\/2e02d082d139dd6eb634318c9cf2c3a8281db62f24f87a134adb4f2020e77ab3?s=96&d=mm&r=g\",\"caption\":\"Vasile Filat\"},\"description\":\"P\u0103storesc\u00a0Biserica Bunavestire din Chi\u0219in\u0103u, predau Cuv\u00e2ntul lui Dumnezeu la\u00a0Institutul de Studiu Biblic Inductiv din Eurasia\u00a0\u0219i conduc\u00a0Asocia\u021bia \\\"\u00cenv\u0103\u021b\u0103tur\u0103 din Cuv\u00e2nt - Precept Ministries\\\" din Moldova. \u00cempreun\u0103 cu so\u021bia mea\u00a0Anastasia, avem trei copii. Din Aprilie 2007 am oferit r\u0103spunsuri din Biblie pe acest site la \u00eentreb\u0103ri adresate de cititori. Mai mult despre mine citi\u021bi\u00a0aici.\",\"url\":\"https:\\\/\\\/moldovacrestina.md\\\/es\\\/author\\\/vasile-filat\\\/\"}]}<\/script>\n<!-- \/ Yoast SEO Premium plugin. -->","yoast_head_json":{"title":"\u00bfC\u00f3mo librarse de las maldiciones de los hechiceros?","description":"Un art\u00edculo sobre los efectos de las maldiciones y sobre todo c\u00f3mo librarse de ellas.","robots":{"index":"index","follow":"follow","max-snippet":"max-snippet:-1","max-image-preview":"max-image-preview:large","max-video-preview":"max-video-preview:-1"},"canonical":"https:\/\/moldovacrestina.md\/es\/liberacion-maldiciones-brujos\/","og_locale":"es_ES","og_type":"article","og_title":"\u00bfC\u00f3mo librarse de las maldiciones de los hechiceros?","og_description":"Un art\u00edculo sobre los efectos de las maldiciones y sobre todo c\u00f3mo librarse de ellas.","og_url":"https:\/\/moldovacrestina.md\/es\/liberacion-maldiciones-brujos\/","og_site_name":"Moldova Cre\u0219tin\u0103","article_publisher":"https:\/\/www.facebook.com\/moldovacrestina\/","article_published_time":"2015-05-23T23:02:49+00:00","article_modified_time":"2017-05-03T16:04:40+00:00","og_image":[{"width":509,"height":339,"url":"https:\/\/cdn.moldovacrestina.md\/2015\/05\/l.jpg","type":"image\/jpeg"}],"author":"Vasile Filat","twitter_card":"summary_large_image","twitter_creator":"@moldovacrestina","twitter_site":"@moldovacrestina","twitter_misc":{"Escrito por":"Vasile Filat","Tiempo de lectura":"8 minutos"},"schema":{"@context":"https:\/\/schema.org","@graph":[{"@type":"Article","@id":"https:\/\/moldovacrestina.md\/es\/liberacion-maldiciones-brujos\/#article","isPartOf":{"@id":"https:\/\/moldovacrestina.md\/es\/liberacion-maldiciones-brujos\/"},"author":{"name":"Vasile Filat","@id":"https:\/\/moldovacrestina.md\/es\/#\/schema\/person\/04b204bbb582cc832c3d2424f5d27dc0"},"headline":"\u00bfC\u00f3mo librarse de las maldiciones de los hechiceros?","datePublished":"2015-05-23T23:02:49+00:00","dateModified":"2017-05-03T16:04:40+00:00","mainEntityOfPage":{"@id":"https:\/\/moldovacrestina.md\/es\/liberacion-maldiciones-brujos\/"},"wordCount":1538,"image":{"@id":"https:\/\/moldovacrestina.md\/es\/liberacion-maldiciones-brujos\/#primaryimage"},"thumbnailUrl":"https:\/\/moldovacrestina.md\/wp-content\/uploads\/2015\/05\/l.jpg","keywords":["maldiciones hechizos","las maldiciones","libros de brujer\u00eda","sobre la magia y la brujer\u00eda","sobre la brujer\u00eda","adivinar brujer\u00eda"],"articleSection":["Respuestas de la Palabra"],"inLanguage":"es"},{"@type":"WebPage","@id":"https:\/\/moldovacrestina.md\/es\/liberacion-maldiciones-brujos\/","url":"https:\/\/moldovacrestina.md\/es\/liberacion-maldiciones-brujos\/","name":"\u00bfC\u00f3mo librarse de las maldiciones de los hechiceros?","isPartOf":{"@id":"https:\/\/moldovacrestina.md\/es\/#website"},"primaryImageOfPage":{"@id":"https:\/\/moldovacrestina.md\/es\/liberacion-maldiciones-brujos\/#primaryimage"},"image":{"@id":"https:\/\/moldovacrestina.md\/es\/liberacion-maldiciones-brujos\/#primaryimage"},"thumbnailUrl":"https:\/\/moldovacrestina.md\/wp-content\/uploads\/2015\/05\/l.jpg","datePublished":"2015-05-23T23:02:49+00:00","dateModified":"2017-05-03T16:04:40+00:00","author":{"@id":"https:\/\/moldovacrestina.md\/es\/#\/schema\/person\/04b204bbb582cc832c3d2424f5d27dc0"},"description":"Un art\u00edculo sobre los efectos de las maldiciones y sobre todo c\u00f3mo librarse de ellas.","breadcrumb":{"@id":"https:\/\/moldovacrestina.md\/es\/liberacion-maldiciones-brujos\/#breadcrumb"},"inLanguage":"es","potentialAction":[{"@type":"ReadAction","target":["https:\/\/moldovacrestina.md\/es\/liberacion-maldiciones-brujos\/"]}]},{"@type":"ImageObject","inLanguage":"es","@id":"https:\/\/moldovacrestina.md\/es\/liberacion-maldiciones-brujos\/#primaryimage","url":"https:\/\/moldovacrestina.md\/wp-content\/uploads\/2015\/05\/l.jpg","contentUrl":"https:\/\/moldovacrestina.md\/wp-content\/uploads\/2015\/05\/l.jpg","width":509,"height":339},{"@type":"BreadcrumbList","@id":"https:\/\/moldovacrestina.md\/es\/liberacion-maldiciones-brujos\/#breadcrumb","itemListElement":[{"@type":"ListItem","position":1,"name":"Prima pagin\u0103","item":"https:\/\/moldovacrestina.md\/es\/"},{"@type":"ListItem","position":2,"name":"Educatie","item":"https:\/\/moldovacrestina.md\/es\/\/educatie-es\/"},{"@type":"ListItem","position":3,"name":"\u00bfC\u00f3mo librarse de las maldiciones de los hechiceros?"}]},{"@type":"WebSite","@id":"https:\/\/moldovacrestina.md\/es\/#website","url":"https:\/\/moldovacrestina.md\/es\/","name":"Moldova Cre\u0219tin\u0103","description":"R\u0103spunsuri relevante \u0219i actuale din Biblie","potentialAction":[{"@type":"SearchAction","target":{"@type":"EntryPoint","urlTemplate":"https:\/\/moldovacrestina.md\/es\/?s={search_term_string}"},"query-input":{"@type":"PropertyValueSpecification","valueRequired":true,"valueName":"search_term_string"}}],"inLanguage":"es"},{"@type":"Person","@id":"https:\/\/moldovacrestina.md\/es\/#\/schema\/person\/04b204bbb582cc832c3d2424f5d27dc0","name":"Vasile Filat","image":{"@type":"ImageObject","inLanguage":"es","@id":"https:\/\/secure.gravatar.com\/avatar\/2e02d082d139dd6eb634318c9cf2c3a8281db62f24f87a134adb4f2020e77ab3?s=96&d=mm&r=g","url":"https:\/\/secure.gravatar.com\/avatar\/2e02d082d139dd6eb634318c9cf2c3a8281db62f24f87a134adb4f2020e77ab3?s=96&d=mm&r=g","contentUrl":"https:\/\/secure.gravatar.com\/avatar\/2e02d082d139dd6eb634318c9cf2c3a8281db62f24f87a134adb4f2020e77ab3?s=96&d=mm&r=g","caption":"Vasile Filat"},"description":"P\u0103storesc\u00a0Biserica Bunavestire din Chi\u0219in\u0103u, predau Cuv\u00e2ntul lui Dumnezeu la\u00a0Institutul de Studiu Biblic Inductiv din Eurasia\u00a0\u0219i conduc\u00a0Asocia\u021bia \"\u00cenv\u0103\u021b\u0103tur\u0103 din Cuv\u00e2nt - Precept Ministries\" din Moldova. \u00cempreun\u0103 cu so\u021bia mea\u00a0Anastasia, avem trei copii. Din Aprilie 2007 am oferit r\u0103spunsuri din Biblie pe acest site la \u00eentreb\u0103ri adresate de cititori. Mai mult despre mine citi\u021bi\u00a0aici.","url":"https:\/\/moldovacrestina.md\/es\/author\/vasile-filat\/"}]}},"jetpack_featured_media_url":"https:\/\/moldovacrestina.md\/wp-content\/uploads\/2015\/05\/l.jpg","video_meta":false,"featured_image":"https:\/\/moldovacrestina.md\/wp-content\/uploads\/2015\/05\/l.jpg","wpml":{"language_code":"es","locale":"es_ES","text_direction":false,"display_name":"Espa\u00f1ol","native_name":"Spaniol\u0103","different_language":false},"jetpack-related-posts":[{"id":363768,"url":"https:\/\/moldovacrestina.md\/clarificari-cu-privire-la-video-de-la-conflictele-dintr-o-biserica-si-predicile-mele\/","url_meta":{"origin":54239,"position":0},"title":"Clarific\u0103ri cu privire la video de la  conflictele dintr-o biseric\u0103 \u0219i predicile mele","author":"[Spanish] Vitalie Marian","date":"13 de octubre de 2025","format":false,"excerpt":"y-live","rel":"","context":"<span class=\"jp-relatedposts-post-author\">[Spanish] Vitalie Marian<\/span>","block_context":{"text":"MCTV","link":"https:\/\/moldovacrestina.md\/mctv\/"},"img":{"alt_text":"","src":"https:\/\/i0.wp.com\/cdn.moldovacrestina.md\/2025\/10\/0383a360-3eytttxdsw4.jpg?resize=350%2C200&ssl=1","width":350,"height":200},"classes":[]},{"id":365240,"url":"https:\/\/moldovacrestina.md\/nu-e-un-eveniment-mare-e-ceva-mai-simplu-oameni\/","url_meta":{"origin":54239,"position":1},"title":"Nu e un eveniment mare. E ceva mai simplu: oameni.","author":"[Spanish] Vitalie Marian","date":"17 de abril de 2026","format":false,"excerpt":"La c\u00e2\u021biva kilometri de Chi\u0219in\u0103u, \u00een satul Bardar, o familie porne\u0219te \u00een fiecare weekend la drum pentru o misiune simpl\u0103, dar profund\u0103: oameni \u0219i copii. Vezi cum prinde via\u021b\u0103 Clubul copiilor din Bardar \u2014 un loc sigur unde cei mici \u00eenva\u021b\u0103 lec\u021bii pentru via\u021b\u0103, despre curaj, respect, prietenie \u0219i credin\u021b\u0103.\u2026","rel":"","context":"<span class=\"jp-relatedposts-post-author\">[Spanish] Vitalie Marian<\/span>","block_context":{"text":"MCTV","link":"https:\/\/moldovacrestina.md\/mctv\/"},"img":{"alt_text":"","src":"https:\/\/i0.wp.com\/cdn.moldovacrestina.md\/2026\/04\/9986b949-g-_9romql9k.jpg?resize=350%2C200&ssl=1","width":350,"height":200,"srcset":"https:\/\/i0.wp.com\/cdn.moldovacrestina.md\/2026\/04\/9986b949-g-_9romql9k.jpg?resize=350%2C200&ssl=1 1x, https:\/\/i0.wp.com\/cdn.moldovacrestina.md\/2026\/04\/9986b949-g-_9romql9k.jpg?resize=525%2C300&ssl=1 1.5x, https:\/\/i0.wp.com\/cdn.moldovacrestina.md\/2026\/04\/9986b949-g-_9romql9k.jpg?resize=700%2C400&ssl=1 2x, https:\/\/i0.wp.com\/cdn.moldovacrestina.md\/2026\/04\/9986b949-g-_9romql9k.jpg?resize=1050%2C600&ssl=1 3x"},"classes":[]},{"id":362355,"url":"https:\/\/moldovacrestina.md\/andrian-lascu-copilarie-rebela-credinta-in-dumnezeu-sansa-de-a-fi-parinte-campion-la-futsal\/","url_meta":{"origin":54239,"position":2},"title":"Andrian La\u0219cu: Copil\u0103rie rebel\u0103, credin\u021ba \u00een Dumnezeu, \u0219ansa de a fi p\u0103rinte, campion la futsal.","author":"[Spanish] Vitalie Marian","date":"16 de marzo de 2025","format":false,"excerpt":"Andrian La\u0219cu de\u021bine dou\u0103 titluri de campion al Rom\u00e2niei \u0219i a fost ales \u00een dou\u0103 r\u00e2nduri cel mai bun juc\u0103tor de futsal al anului \u00een Republica Moldova. Conform Federa\u021biei Moldovene\u0219ti de Fotbal el se num\u0103r\u0103 printre cei mai valoro\u0219i juc\u0103tori din Liga 1 rom\u00e2neasc\u0103 de fotbal de sal\u0103. Afla\u021bi din\u2026","rel":"","context":"<span class=\"jp-relatedposts-post-author\">[Spanish] Vitalie Marian<\/span>","block_context":{"text":"MCTV","link":"https:\/\/moldovacrestina.md\/mctv\/"},"img":{"alt_text":"","src":"https:\/\/i0.wp.com\/cdn.moldovacrestina.md\/2025\/03\/a1a5e5b7-vb0e2k6ablc.jpg?resize=350%2C200&ssl=1","width":350,"height":200,"srcset":"https:\/\/i0.wp.com\/cdn.moldovacrestina.md\/2025\/03\/a1a5e5b7-vb0e2k6ablc.jpg?resize=350%2C200&ssl=1 1x, https:\/\/i0.wp.com\/cdn.moldovacrestina.md\/2025\/03\/a1a5e5b7-vb0e2k6ablc.jpg?resize=525%2C300&ssl=1 1.5x, https:\/\/i0.wp.com\/cdn.moldovacrestina.md\/2025\/03\/a1a5e5b7-vb0e2k6ablc.jpg?resize=700%2C400&ssl=1 2x, https:\/\/i0.wp.com\/cdn.moldovacrestina.md\/2025\/03\/a1a5e5b7-vb0e2k6ablc.jpg?resize=1050%2C600&ssl=1 3x"},"classes":[]},{"id":363755,"url":"https:\/\/moldovacrestina.md\/este-pacat-divortul-daca-ambii-soti-il-doresc-pastor-vasile-filat\/","url_meta":{"origin":54239,"position":3},"title":"Este p\u0103cat divor\u021bul dac\u0103 ambii so\u021bi \u00eel doresc? | Pastor Vasile Filat","author":"[Spanish] Vitalie Marian","date":"12 de octubre de 2025","format":false,"excerpt":"Mul\u021bi oameni cred c\u0103 dac\u0103 ambii so\u021bi sunt de acord cu desp\u0103r\u021birea, divor\u021bul nu mai este p\u0103cat. Dar ce spune Biblia? \u00cen acest video, pastorul Vasile Filat explic\u0103, pe baza textelor din Matei 19, Maleahi 2 \u0219i Evrei 13:4, c\u0103 Dumnezeu a instituit c\u0103s\u0103toria \u0219i El singur are autoritatea de\u2026","rel":"","context":"<span class=\"jp-relatedposts-post-author\">[Spanish] Vitalie Marian<\/span>","block_context":{"text":"MCTV","link":"https:\/\/moldovacrestina.md\/mctv\/"},"img":{"alt_text":"","src":"https:\/\/i0.wp.com\/cdn.moldovacrestina.md\/2025\/10\/fa6abd08-qnfeu_9zdi4.jpg?resize=350%2C200&ssl=1","width":350,"height":200,"srcset":"https:\/\/i0.wp.com\/cdn.moldovacrestina.md\/2025\/10\/fa6abd08-qnfeu_9zdi4.jpg?resize=350%2C200&ssl=1 1x, https:\/\/i0.wp.com\/cdn.moldovacrestina.md\/2025\/10\/fa6abd08-qnfeu_9zdi4.jpg?resize=525%2C300&ssl=1 1.5x, https:\/\/i0.wp.com\/cdn.moldovacrestina.md\/2025\/10\/fa6abd08-qnfeu_9zdi4.jpg?resize=700%2C400&ssl=1 2x, https:\/\/i0.wp.com\/cdn.moldovacrestina.md\/2025\/10\/fa6abd08-qnfeu_9zdi4.jpg?resize=1050%2C600&ssl=1 3x"},"classes":[]},{"id":363310,"url":"https:\/\/moldovacrestina.md\/nici-la-moartea-parintilor-nu-va-oferi-mancare-cuiva\/","url_meta":{"origin":54239,"position":4},"title":"Nici la moartea p\u0103rin\u021bilor nu va oferi m\u00e2ncare cuiva\u2026","author":"[Spanish] Vitalie Marian","date":"25 de julio de 2025","format":false,"excerpt":"\u00ceNTREBARE: Pace, frate! Am \u0219i eu o nedumerire. M\u0103 contraziceam cu tata: \u00een caz de o \u00eenmorm\u00e2ntare, eu am zis c\u0103 nu a\u0219 da nici m\u0103car pr\u0103jituri \u0219i nici suc. Am zis doar ap\u0103, ca s\u0103 nu \u00eei fie cuiva sete. Tata mi-a zis s\u0103 vorbesc cu un predicator poc\u0103it\u2026","rel":"","context":"<span class=\"jp-relatedposts-post-author\">[Spanish] Vitalie Marian<\/span>","block_context":{"text":"MCTV","link":"https:\/\/moldovacrestina.md\/mctv\/"},"img":{"alt_text":"","src":"https:\/\/i0.wp.com\/cdn.moldovacrestina.md\/2025\/07\/ba7ab153-h1zvfmsmux8.jpg?resize=350%2C200&ssl=1","width":350,"height":200,"srcset":"https:\/\/i0.wp.com\/cdn.moldovacrestina.md\/2025\/07\/ba7ab153-h1zvfmsmux8.jpg?resize=350%2C200&ssl=1 1x, https:\/\/i0.wp.com\/cdn.moldovacrestina.md\/2025\/07\/ba7ab153-h1zvfmsmux8.jpg?resize=525%2C300&ssl=1 1.5x, https:\/\/i0.wp.com\/cdn.moldovacrestina.md\/2025\/07\/ba7ab153-h1zvfmsmux8.jpg?resize=700%2C400&ssl=1 2x, https:\/\/i0.wp.com\/cdn.moldovacrestina.md\/2025\/07\/ba7ab153-h1zvfmsmux8.jpg?resize=1050%2C600&ssl=1 3x"},"classes":[]}],"jetpack_sharing_enabled":true,"_links":{"self":[{"href":"https:\/\/moldovacrestina.md\/es\/wp-json\/wp\/v2\/posts\/54239","targetHints":{"allow":["GET"]}}],"collection":[{"href":"https:\/\/moldovacrestina.md\/es\/wp-json\/wp\/v2\/posts"}],"about":[{"href":"https:\/\/moldovacrestina.md\/es\/wp-json\/wp\/v2\/types\/post"}],"author":[{"embeddable":true,"href":"https:\/\/moldovacrestina.md\/es\/wp-json\/wp\/v2\/users\/46"}],"replies":[{"embeddable":true,"href":"https:\/\/moldovacrestina.md\/es\/wp-json\/wp\/v2\/comments?post=54239"}],"version-history":[{"count":0,"href":"https:\/\/moldovacrestina.md\/es\/wp-json\/wp\/v2\/posts\/54239\/revisions"}],"wp:featuredmedia":[{"embeddable":true,"href":"https:\/\/moldovacrestina.md\/es\/wp-json\/wp\/v2\/media\/90507"}],"wp:attachment":[{"href":"https:\/\/moldovacrestina.md\/es\/wp-json\/wp\/v2\/media?parent=54239"}],"wp:term":[{"taxonomy":"category","embeddable":true,"href":"https:\/\/moldovacrestina.md\/es\/wp-json\/wp\/v2\/categories?post=54239"},{"taxonomy":"post_tag","embeddable":true,"href":"https:\/\/moldovacrestina.md\/es\/wp-json\/wp\/v2\/tags?post=54239"}],"curies":[{"name":"wp","href":"https:\/\/api.w.org\/{rel}","templated":true}]}}