{"id":91685,"date":"2016-03-30T12:52:31","date_gmt":"2016-03-30T10:52:31","guid":{"rendered":"https:\/\/moldovacrestina.md\/en\/?p=91685"},"modified":"2017-05-27T08:59:45","modified_gmt":"2017-05-27T06:59:45","slug":"were-two-kamikaze-brussels-airport-true-muslims","status":"publish","type":"post","link":"https:\/\/moldovacrestina.md\/en\/were-two-kamikaze-brussels-airport-true-muslims\/","title":{"rendered":"Were the two kamikaze from Brussels airport true Muslims?"},"content":{"rendered":"<blockquote>\n<p>Question:<\/p>\n<p><i>Tell me please, were the two terrorists from Brussels airport true Muslims? Many Muslim friends tell me that the terrorists are not true Muslims.<\/i><\/p>\n<\/blockquote>\n<p><img loading=\"lazy\" decoding=\"async\" class=\"alignnone wp-image-91592 size-full\" src=\"https:\/\/cdn.moldovacrestina.md\/2016\/03\/brussels_suspects_3599181b_01674500.jpg\" alt=\"Were that tow kamikaze from Brussels airport the true muslim ? \" width=\"620\" height=\"387\" \/><\/p>\n<\/p>\n<p>George Bush, one of the former presidents of the United States of America said that<\/p>\n<blockquote>\n<p>&#8220;Not all Muslims are terrorists, but all terrorists are Muslims&#8221;<\/p>\n<\/blockquote>\n<p>What happened in Brussels shook the whole world. Terrorists enjoy and celebrate but Europe is &#8220;shaken&#8221;. Whenever another disaster happens, the Islamic community makes public statements saying that attackers were not true Muslims, Islam is not a religion of war but of peace.<\/p>\n<\/p>\n<p>Thus they did on September 11th, 2011; thus they did on November 13th, 2015 in Paris, and the same way they do it now. It is an evil&#8217;s tactic to lie and bring misunderstanding\u00a0into the world. Yes, not all Muslims are\u00a0savagely and terrorists, I agree with this. Someone said of all muslims who live in the whole world that between 15-25% are radicals, and the rest are not. However, this percentage of 15-25% would be 300 million people. This would compare to the population of the\u00a0whole USA. Can you imagine: an entire country of 300 million of radical people are\u00a0spread across\u00a0the whole world? That is kind of dangerous to represent this people&#8230;<\/p>\n<\/p>\n<p>One time, I spoke\u00a0with a refugee Afghani in the United States. And when we started to talk about faith, he told me, &#8221;Christianity is a religion left behind and\u00a0needs an update; and Islam is an update that Christianity needed. Islam is the last revelation, the most extraordinary; and when people follow Islam teachings, they acquire blessings and prosperity of God.&#8221; If I didn\u2019t know where he was from and what the situation is in\u00a0the\u00a0muslim countries in the Middle East, maybe I would try to believe that man. But I asked him, &#8220;Tell me, if Christianity is a religion left behind and needs an update, and Islam is the form of religion that\u00a0brings just blessings, then why did you run from your country who proclaims to be 99.9% Muslim? And you\u00a0come to\u00a0a country that\u00a0is more developed, with Christian values, is left behind and untrue in your opinion? Then again, why do you run from a country who has at its base Sharia and &#8220;religion updating&#8221; and came to\u00a0a country that\u00a0has at its base Bible values (at least it has in the past).&#8221; The Muslim man was lost for a minute because maybe he never thought of it this way, and then he just told me, &#8220;God is over all the earth, and I can live wherever I want!&#8221;\u00a0It is exactly so\u00a0with most refugees who come to\u00a0Europe today. It is interesting that Muslim countries with\u00a0very good economy refuse to accept them, and the refugees also\u00a0do not want to go there but move\u00a0to\u00a0European countries who at least nominally\u00a0declare that they are Christian.<\/p>\n<\/p>\n<p>Mohamed in one of Hadith said, &#8220;If you are weak and can\u2019t cut the hand of your enemy, kiss it; and when you will be strong, you will cut it&#8221;. In other words, as long as you are weak, claim to be obedient; and when you become strong, you can do what you want. The radicals from Europe are minority today, but how much terror they have done! Try to imagine: one day, they become majority&#8230;and I don\u2019t know how the muslims declaring they are peaceful today will behave then if tomorrow they become to be majority. Were those two\u00a0kamikaze Muslims? Yes! According to Qur\u2019an teachings, the jihadists are the closest of Qur\u2019an teachings. I recommend you to read the book &#8220;Islam and Terrorism&#8221; by Mark Gabriel, a\u00a0former Muslim, and you will find the proofs about this topic.<\/p>\n<\/p>\n<p>Qur\u2019an calls Muslims by saying that:<\/p>\n<blockquote>\n<p><small>&#8230;That is because those who disbelieve follow falsehood, and those who believe follow the truth from their Lord. Thus does Allah present to the people their comparisons.<\/small><small>So when you meet those who disbelieve [in battle], strike [their] necks until, when you have inflicted slaughter upon them, then secure their bonds, and either [confer] favor afterwards or ransom [them] until the war lays down its burdens. That [is the command]. And if Allah had willed, He could have taken vengeance upon them [Himself], but [He ordered armed struggle] to test some of you by means of others. And those who are killed in the cause of Allah &#8211; never will He waste their deeds.<\/small><small>He will guide them and amend their condition\u00a0<\/small><small>And admit them to Paradise, which He has made known to them.\u00a0(Surah 47:3-6) Sahih International<\/small><\/p>\n<\/blockquote>\n<p>When\u00a0terrorists give their lives to take another, they are taught that they &#8220;are killing in the cause of Allah&#8221;, and their reward will be<\/p>\n<blockquote><p><small>&#8220;&#8230;admit them to Paradise, which He has made known to them&#8221;.<\/small><\/p><\/blockquote>\n<p>No Muslim, as godly as can be, is not sure that when\u00a0he will die, he will go to heaven except that who dies in &#8220;the name of Allah&#8221;. That\u2019s why Qur\u2019an says:<\/p>\n<blockquote><p><small>And never think of those who have been killed in the cause of Allah as dead. Rather, they are alive with their Lord, receiving provision,<\/small><small>Rejoicing in what Allah has bestowed upon them of His bounty, and they receive good tidings about those [to be martyred] after them who have not yet joined them &#8211; that there will be no fear concerning them, nor will they grieve. (Surah 3:169-170) Sahih International<\/small><\/p><\/blockquote>\n<p>May God bring comfort to\u00a0mourning families who suffer after that attack at\u00a0Belgian airport. I pray that church would\u00a0wake up and go with gospel to refugees who live in Europe. Not just to go with Gospel of peace but give them a chance to make peace with God and save their souls from hell.<\/p>\n<\/p>\n<p>In\u00a0the end, I want to specify\u00a0an important thing: I don\u2019t hate Muslims. Contrary, I pray for them that God makes them free of sin. I motivate the church to not fall into the trap of haters toward\u00a0them, but to show them the love of God, to go to them with many courage to share Christ who has died and rose from the death for every sinner including Muslims. We are called to have the mind of Jesus Christ, to give our lives and not take others as terrorists do, but to save the souls for the eternal life. May God help us in that.<\/p>\n","protected":false},"excerpt":{"rendered":"<p>Question: Tell me please, were the two terrorists from Brussels airport true Muslims? Many Muslim friends tell me that the terrorists are not true Muslims. George Bush, one of the former presidents of the United States of America said that &#8220;Not all Muslims are terrorists, but all terrorists are Muslims&#8221; What happened in Brussels shook [&hellip;]<\/p>\n","protected":false},"author":110,"featured_media":104222,"comment_status":"closed","ping_status":"closed","sticky":false,"template":"","format":"standard","meta":{"_acf_changed":false,"inline_featured_image":false,"_monsterinsights_skip_tracking":false,"_monsterinsights_sitenote_active":false,"_monsterinsights_sitenote_note":"","_monsterinsights_sitenote_category":0,"_genesis_hide_title":false,"_genesis_hide_breadcrumbs":false,"_genesis_hide_singular_image":false,"_genesis_hide_footer_widgets":false,"_genesis_custom_body_class":"","_genesis_custom_post_class":"","_genesis_layout":"","ep_exclude_from_search":false,"_jetpack_memberships_contains_paid_content":false,"footnotes":""},"categories":[126],"tags":[10322,25281,2328,10385,25282,3154,10399,25283,7795,10525,7859,11030,7955,14105,7961,18580,7962,19072,7969,19709,8284,19712,8328,19720,8639,19724,9005,19880,9243,19906,9279,19920,9805,25280],"class_list":{"0":"post-91685","1":"post","2":"type-post","3":"status-publish","4":"format-standard","5":"has-post-thumbnail","7":"category-answer-from-the-bible","8":"tag-christian","9":"tag-paris","10":"tag-christianity","11":"tag-evil","12":"tag-belgium","13":"tag-mourn","14":"tag-death","15":"tag-muhamad","16":"tag-gospel","17":"tag-peace","18":"tag-god","19":"tag-america","20":"tag-heaven","21":"tag-sharia","22":"tag-believe","23":"tag-ny","24":"tag-jesus-christ","25":"tag-ami","26":"tag-church","27":"tag-war","28":"tag-jihad","29":"tag-lie","30":"tag-islam","31":"tag-blessing","32":"tag-sin","33":"tag-usa","34":"tag-christ","35":"tag-cross","36":"tag-religion","37":"tag-danger","38":"tag-bible","39":"tag-muslim","40":"tag-anger","41":"tag-november-13-2015","42":"entry"},"acf":[],"yoast_head":"<!-- This site is optimized with the Yoast SEO Premium plugin v26.5 (Yoast SEO v27.4) - https:\/\/yoast.com\/product\/yoast-seo-premium-wordpress\/ -->\n<title>Were the two kamikaze in Brussels airport true Muslims?<\/title>\n<meta name=\"description\" content=\"Who are true Muslims, and what do they believe? Find out answers to these questions, which also answer whether the two kamikaze were true Muslims.\" \/>\n<meta name=\"robots\" content=\"index, follow, max-snippet:-1, max-image-preview:large, max-video-preview:-1\" \/>\n<link rel=\"canonical\" href=\"https:\/\/moldovacrestina.md\/en\/were-two-kamikaze-brussels-airport-true-muslims\/\" \/>\n<meta property=\"og:locale\" content=\"en_US\" \/>\n<meta property=\"og:type\" content=\"article\" \/>\n<meta property=\"og:title\" content=\"Were the two kamikaze from Brussels airport true Muslims?\" \/>\n<meta property=\"og:description\" content=\"Who are true Muslims, and what do they believe? Find out answers to these questions, which also answer whether the two kamikaze were true Muslims.\" \/>\n<meta property=\"og:url\" content=\"https:\/\/moldovacrestina.md\/en\/were-two-kamikaze-brussels-airport-true-muslims\/\" \/>\n<meta property=\"og:site_name\" content=\"Moldova Cre\u0219tin\u0103\" \/>\n<meta property=\"article:publisher\" content=\"https:\/\/www.facebook.com\/moldovacrestina\/\" \/>\n<meta property=\"article:published_time\" content=\"2016-03-30T10:52:31+00:00\" \/>\n<meta property=\"article:modified_time\" content=\"2017-05-27T06:59:45+00:00\" \/>\n<meta property=\"og:image\" content=\"https:\/\/cdn.moldovacrestina.md\/2016\/03\/brussels_suspects.jpg\" \/>\n\t<meta property=\"og:image:width\" content=\"620\" \/>\n\t<meta property=\"og:image:height\" content=\"387\" \/>\n\t<meta property=\"og:image:type\" content=\"image\/jpeg\" \/>\n<meta name=\"author\" content=\"Alexei Tentiuc\" \/>\n<meta name=\"twitter:card\" content=\"summary_large_image\" \/>\n<meta name=\"twitter:creator\" content=\"@moldovacrestina\" \/>\n<meta name=\"twitter:site\" content=\"@moldovacrestina\" \/>\n<meta name=\"twitter:label1\" content=\"Written by\" \/>\n\t<meta name=\"twitter:data1\" content=\"Alexei Tentiuc\" \/>\n\t<meta name=\"twitter:label2\" content=\"Est. reading time\" \/>\n\t<meta name=\"twitter:data2\" content=\"5 minutes\" \/>\n<script type=\"application\/ld+json\" class=\"yoast-schema-graph\">{\"@context\":\"https:\\\/\\\/schema.org\",\"@graph\":[{\"@type\":\"Article\",\"@id\":\"https:\\\/\\\/moldovacrestina.md\\\/en\\\/were-two-kamikaze-brussels-airport-true-muslims\\\/#article\",\"isPartOf\":{\"@id\":\"https:\\\/\\\/moldovacrestina.md\\\/en\\\/were-two-kamikaze-brussels-airport-true-muslims\\\/\"},\"author\":{\"name\":\"Alexei Tentiuc\",\"@id\":\"https:\\\/\\\/moldovacrestina.md\\\/en\\\/#\\\/schema\\\/person\\\/d1b9fac243da766743d57a5dd0c36935\"},\"headline\":\"Were the two kamikaze from Brussels airport true Muslims?\",\"datePublished\":\"2016-03-30T10:52:31+00:00\",\"dateModified\":\"2017-05-27T06:59:45+00:00\",\"mainEntityOfPage\":{\"@id\":\"https:\\\/\\\/moldovacrestina.md\\\/en\\\/were-two-kamikaze-brussels-airport-true-muslims\\\/\"},\"wordCount\":1089,\"image\":{\"@id\":\"https:\\\/\\\/moldovacrestina.md\\\/en\\\/were-two-kamikaze-brussels-airport-true-muslims\\\/#primaryimage\"},\"thumbnailUrl\":\"https:\\\/\\\/moldovacrestina.md\\\/wp-content\\\/uploads\\\/2016\\\/03\\\/brussels_suspects.jpg\",\"keywords\":[\"Christian\",\"Paris\",\"Christianity\",\"evil\",\"Belgium\",\"mourn\",\"death\",\"Muhamad\",\"Gospel\",\"peace\",\"God\",\"America\",\"heaven\",\"sharia\",\"believe\",\"NY\",\"Jesus Christ\",\"AMI\",\"Church\",\"war\",\"jihad\",\"lie\",\"islam\",\"blessing\",\"sin\",\"USA\",\"Christ\",\"cross\",\"religion\",\"danger\",\"bible\",\"Muslim\",\"anger\",\"November 13 2015\"],\"articleSection\":[\"Answers from the Bible\"],\"inLanguage\":\"en-US\"},{\"@type\":\"WebPage\",\"@id\":\"https:\\\/\\\/moldovacrestina.md\\\/en\\\/were-two-kamikaze-brussels-airport-true-muslims\\\/\",\"url\":\"https:\\\/\\\/moldovacrestina.md\\\/en\\\/were-two-kamikaze-brussels-airport-true-muslims\\\/\",\"name\":\"Were the two kamikaze in Brussels airport true Muslims?\",\"isPartOf\":{\"@id\":\"https:\\\/\\\/moldovacrestina.md\\\/en\\\/#website\"},\"primaryImageOfPage\":{\"@id\":\"https:\\\/\\\/moldovacrestina.md\\\/en\\\/were-two-kamikaze-brussels-airport-true-muslims\\\/#primaryimage\"},\"image\":{\"@id\":\"https:\\\/\\\/moldovacrestina.md\\\/en\\\/were-two-kamikaze-brussels-airport-true-muslims\\\/#primaryimage\"},\"thumbnailUrl\":\"https:\\\/\\\/moldovacrestina.md\\\/wp-content\\\/uploads\\\/2016\\\/03\\\/brussels_suspects.jpg\",\"datePublished\":\"2016-03-30T10:52:31+00:00\",\"dateModified\":\"2017-05-27T06:59:45+00:00\",\"author\":{\"@id\":\"https:\\\/\\\/moldovacrestina.md\\\/en\\\/#\\\/schema\\\/person\\\/d1b9fac243da766743d57a5dd0c36935\"},\"description\":\"Who are true Muslims, and what do they believe? Find out answers to these questions, which also answer whether the two kamikaze were true Muslims.\",\"breadcrumb\":{\"@id\":\"https:\\\/\\\/moldovacrestina.md\\\/en\\\/were-two-kamikaze-brussels-airport-true-muslims\\\/#breadcrumb\"},\"inLanguage\":\"en-US\",\"potentialAction\":[{\"@type\":\"ReadAction\",\"target\":[\"https:\\\/\\\/moldovacrestina.md\\\/en\\\/were-two-kamikaze-brussels-airport-true-muslims\\\/\"]}]},{\"@type\":\"ImageObject\",\"inLanguage\":\"en-US\",\"@id\":\"https:\\\/\\\/moldovacrestina.md\\\/en\\\/were-two-kamikaze-brussels-airport-true-muslims\\\/#primaryimage\",\"url\":\"https:\\\/\\\/moldovacrestina.md\\\/wp-content\\\/uploads\\\/2016\\\/03\\\/brussels_suspects.jpg\",\"contentUrl\":\"https:\\\/\\\/moldovacrestina.md\\\/wp-content\\\/uploads\\\/2016\\\/03\\\/brussels_suspects.jpg\",\"width\":620,\"height\":387,\"caption\":\"suspects in Belgium\"},{\"@type\":\"BreadcrumbList\",\"@id\":\"https:\\\/\\\/moldovacrestina.md\\\/en\\\/were-two-kamikaze-brussels-airport-true-muslims\\\/#breadcrumb\",\"itemListElement\":[{\"@type\":\"ListItem\",\"position\":1,\"name\":\"Prima pagin\u0103\",\"item\":\"https:\\\/\\\/moldovacrestina.md\\\/en\\\/\"},{\"@type\":\"ListItem\",\"position\":2,\"name\":\"Answers from the Bible\",\"item\":\"https:\\\/\\\/moldovacrestina.md\\\/en\\\/answer-from-the-bible\\\/\"},{\"@type\":\"ListItem\",\"position\":3,\"name\":\"Were the two kamikaze from Brussels airport true Muslims?\"}]},{\"@type\":\"WebSite\",\"@id\":\"https:\\\/\\\/moldovacrestina.md\\\/en\\\/#website\",\"url\":\"https:\\\/\\\/moldovacrestina.md\\\/en\\\/\",\"name\":\"Moldova Cre\u0219tin\u0103\",\"description\":\"R\u0103spunsuri relevante \u0219i actuale din Biblie\",\"potentialAction\":[{\"@type\":\"SearchAction\",\"target\":{\"@type\":\"EntryPoint\",\"urlTemplate\":\"https:\\\/\\\/moldovacrestina.md\\\/en\\\/?s={search_term_string}\"},\"query-input\":{\"@type\":\"PropertyValueSpecification\",\"valueRequired\":true,\"valueName\":\"search_term_string\"}}],\"inLanguage\":\"en-US\"},{\"@type\":\"Person\",\"@id\":\"https:\\\/\\\/moldovacrestina.md\\\/en\\\/#\\\/schema\\\/person\\\/d1b9fac243da766743d57a5dd0c36935\",\"name\":\"Alexei Tentiuc\",\"image\":{\"@type\":\"ImageObject\",\"inLanguage\":\"en-US\",\"@id\":\"https:\\\/\\\/secure.gravatar.com\\\/avatar\\\/bbcd53f2bb72d5c1a66db34e047e3fd511a31bd04a2d9b6d29806e8cd9ed4721?s=96&d=mm&r=g\",\"url\":\"https:\\\/\\\/secure.gravatar.com\\\/avatar\\\/bbcd53f2bb72d5c1a66db34e047e3fd511a31bd04a2d9b6d29806e8cd9ed4721?s=96&d=mm&r=g\",\"contentUrl\":\"https:\\\/\\\/secure.gravatar.com\\\/avatar\\\/bbcd53f2bb72d5c1a66db34e047e3fd511a31bd04a2d9b6d29806e8cd9ed4721?s=96&d=mm&r=g\",\"caption\":\"Alexei Tentiuc\"},\"description\":\"Sunt c\u0103s\u0103torit \u0219i tat\u0103 a doi copii. M\u0103 bucur s\u0103 pot sluji lui Dumnezeu ca&nbsp;profesor &icirc;n cadrul institutului international de studii Biblice Inductive. De asemenea este o onoare &nbsp;s\u0103 slujesc \u0219i s\u0103 fac parte din&nbsp;Biserica &nbsp;\\\"Buna Vestire\\\" din Chi\u0219in\u0103u.&nbsp;\",\"url\":\"https:\\\/\\\/moldovacrestina.md\\\/en\\\/author\\\/alexei-tentiuc\\\/\"}]}<\/script>\n<!-- \/ Yoast SEO Premium plugin. -->","yoast_head_json":{"title":"Were the two kamikaze in Brussels airport true Muslims?","description":"Who are true Muslims, and what do they believe? Find out answers to these questions, which also answer whether the two kamikaze were true Muslims.","robots":{"index":"index","follow":"follow","max-snippet":"max-snippet:-1","max-image-preview":"max-image-preview:large","max-video-preview":"max-video-preview:-1"},"canonical":"https:\/\/moldovacrestina.md\/en\/were-two-kamikaze-brussels-airport-true-muslims\/","og_locale":"en_US","og_type":"article","og_title":"Were the two kamikaze from Brussels airport true Muslims?","og_description":"Who are true Muslims, and what do they believe? Find out answers to these questions, which also answer whether the two kamikaze were true Muslims.","og_url":"https:\/\/moldovacrestina.md\/en\/were-two-kamikaze-brussels-airport-true-muslims\/","og_site_name":"Moldova Cre\u0219tin\u0103","article_publisher":"https:\/\/www.facebook.com\/moldovacrestina\/","article_published_time":"2016-03-30T10:52:31+00:00","article_modified_time":"2017-05-27T06:59:45+00:00","og_image":[{"width":620,"height":387,"url":"https:\/\/cdn.moldovacrestina.md\/2016\/03\/brussels_suspects.jpg","type":"image\/jpeg"}],"author":"Alexei Tentiuc","twitter_card":"summary_large_image","twitter_creator":"@moldovacrestina","twitter_site":"@moldovacrestina","twitter_misc":{"Written by":"Alexei Tentiuc","Est. reading time":"5 minutes"},"schema":{"@context":"https:\/\/schema.org","@graph":[{"@type":"Article","@id":"https:\/\/moldovacrestina.md\/en\/were-two-kamikaze-brussels-airport-true-muslims\/#article","isPartOf":{"@id":"https:\/\/moldovacrestina.md\/en\/were-two-kamikaze-brussels-airport-true-muslims\/"},"author":{"name":"Alexei Tentiuc","@id":"https:\/\/moldovacrestina.md\/en\/#\/schema\/person\/d1b9fac243da766743d57a5dd0c36935"},"headline":"Were the two kamikaze from Brussels airport true Muslims?","datePublished":"2016-03-30T10:52:31+00:00","dateModified":"2017-05-27T06:59:45+00:00","mainEntityOfPage":{"@id":"https:\/\/moldovacrestina.md\/en\/were-two-kamikaze-brussels-airport-true-muslims\/"},"wordCount":1089,"image":{"@id":"https:\/\/moldovacrestina.md\/en\/were-two-kamikaze-brussels-airport-true-muslims\/#primaryimage"},"thumbnailUrl":"https:\/\/moldovacrestina.md\/wp-content\/uploads\/2016\/03\/brussels_suspects.jpg","keywords":["Christian","Paris","Christianity","evil","Belgium","mourn","death","Muhamad","Gospel","peace","God","America","heaven","sharia","believe","NY","Jesus Christ","AMI","Church","war","jihad","lie","islam","blessing","sin","USA","Christ","cross","religion","danger","bible","Muslim","anger","November 13 2015"],"articleSection":["Answers from the Bible"],"inLanguage":"en-US"},{"@type":"WebPage","@id":"https:\/\/moldovacrestina.md\/en\/were-two-kamikaze-brussels-airport-true-muslims\/","url":"https:\/\/moldovacrestina.md\/en\/were-two-kamikaze-brussels-airport-true-muslims\/","name":"Were the two kamikaze in Brussels airport true Muslims?","isPartOf":{"@id":"https:\/\/moldovacrestina.md\/en\/#website"},"primaryImageOfPage":{"@id":"https:\/\/moldovacrestina.md\/en\/were-two-kamikaze-brussels-airport-true-muslims\/#primaryimage"},"image":{"@id":"https:\/\/moldovacrestina.md\/en\/were-two-kamikaze-brussels-airport-true-muslims\/#primaryimage"},"thumbnailUrl":"https:\/\/moldovacrestina.md\/wp-content\/uploads\/2016\/03\/brussels_suspects.jpg","datePublished":"2016-03-30T10:52:31+00:00","dateModified":"2017-05-27T06:59:45+00:00","author":{"@id":"https:\/\/moldovacrestina.md\/en\/#\/schema\/person\/d1b9fac243da766743d57a5dd0c36935"},"description":"Who are true Muslims, and what do they believe? Find out answers to these questions, which also answer whether the two kamikaze were true Muslims.","breadcrumb":{"@id":"https:\/\/moldovacrestina.md\/en\/were-two-kamikaze-brussels-airport-true-muslims\/#breadcrumb"},"inLanguage":"en-US","potentialAction":[{"@type":"ReadAction","target":["https:\/\/moldovacrestina.md\/en\/were-two-kamikaze-brussels-airport-true-muslims\/"]}]},{"@type":"ImageObject","inLanguage":"en-US","@id":"https:\/\/moldovacrestina.md\/en\/were-two-kamikaze-brussels-airport-true-muslims\/#primaryimage","url":"https:\/\/moldovacrestina.md\/wp-content\/uploads\/2016\/03\/brussels_suspects.jpg","contentUrl":"https:\/\/moldovacrestina.md\/wp-content\/uploads\/2016\/03\/brussels_suspects.jpg","width":620,"height":387,"caption":"suspects in Belgium"},{"@type":"BreadcrumbList","@id":"https:\/\/moldovacrestina.md\/en\/were-two-kamikaze-brussels-airport-true-muslims\/#breadcrumb","itemListElement":[{"@type":"ListItem","position":1,"name":"Prima pagin\u0103","item":"https:\/\/moldovacrestina.md\/en\/"},{"@type":"ListItem","position":2,"name":"Answers from the Bible","item":"https:\/\/moldovacrestina.md\/en\/answer-from-the-bible\/"},{"@type":"ListItem","position":3,"name":"Were the two kamikaze from Brussels airport true Muslims?"}]},{"@type":"WebSite","@id":"https:\/\/moldovacrestina.md\/en\/#website","url":"https:\/\/moldovacrestina.md\/en\/","name":"Moldova Cre\u0219tin\u0103","description":"R\u0103spunsuri relevante \u0219i actuale din Biblie","potentialAction":[{"@type":"SearchAction","target":{"@type":"EntryPoint","urlTemplate":"https:\/\/moldovacrestina.md\/en\/?s={search_term_string}"},"query-input":{"@type":"PropertyValueSpecification","valueRequired":true,"valueName":"search_term_string"}}],"inLanguage":"en-US"},{"@type":"Person","@id":"https:\/\/moldovacrestina.md\/en\/#\/schema\/person\/d1b9fac243da766743d57a5dd0c36935","name":"Alexei Tentiuc","image":{"@type":"ImageObject","inLanguage":"en-US","@id":"https:\/\/secure.gravatar.com\/avatar\/bbcd53f2bb72d5c1a66db34e047e3fd511a31bd04a2d9b6d29806e8cd9ed4721?s=96&d=mm&r=g","url":"https:\/\/secure.gravatar.com\/avatar\/bbcd53f2bb72d5c1a66db34e047e3fd511a31bd04a2d9b6d29806e8cd9ed4721?s=96&d=mm&r=g","contentUrl":"https:\/\/secure.gravatar.com\/avatar\/bbcd53f2bb72d5c1a66db34e047e3fd511a31bd04a2d9b6d29806e8cd9ed4721?s=96&d=mm&r=g","caption":"Alexei Tentiuc"},"description":"Sunt c\u0103s\u0103torit \u0219i tat\u0103 a doi copii. M\u0103 bucur s\u0103 pot sluji lui Dumnezeu ca&nbsp;profesor &icirc;n cadrul institutului international de studii Biblice Inductive. De asemenea este o onoare &nbsp;s\u0103 slujesc \u0219i s\u0103 fac parte din&nbsp;Biserica &nbsp;\"Buna Vestire\" din Chi\u0219in\u0103u.&nbsp;","url":"https:\/\/moldovacrestina.md\/en\/author\/alexei-tentiuc\/"}]}},"jetpack_featured_media_url":"https:\/\/moldovacrestina.md\/wp-content\/uploads\/2016\/03\/brussels_suspects.jpg","video_meta":false,"featured_image":"https:\/\/moldovacrestina.md\/wp-content\/uploads\/2016\/03\/brussels_suspects.jpg","wpml":{"language_code":"en","locale":"en_US","text_direction":false,"display_name":"English","native_name":"Englez\u0103","different_language":false},"jetpack-related-posts":[{"id":83594,"url":"https:\/\/moldovacrestina.md\/ru\/hto-znachit-zlosloviti-za-hrista\/","url_meta":{"origin":91685,"position":0},"title":"\u041d\u0430 \u0447\u0442\u043e \u0441\u0441\u044b\u043b\u0430\u0435\u0442\u0441\u044f \u0418\u0438\u0441\u0443\u0441 \u0425\u0440\u0438\u0441\u0442\u043e\u0441, \u0433\u043e\u0432\u043e\u0440\u044f \u201c\u043d\u0435\u043f\u0440\u0430\u0432\u0435\u0434\u043d\u043e \u0437\u043b\u043e\u0441\u043b\u043e\u0432\u0438\u0442\u044c \u0437\u0430 \u041c\u0435\u043d\u044f\u201d?","author":"Vasile Filat","date":"September 8, 2010","format":false,"excerpt":"\u0412\u043e\u043f\u0440\u043e\u0441: \u0421\u0435\u0433\u043e\u0434\u043d\u044f \u0432\u043e \u0432\u0440\u0435\u043c\u044f \u043e\u0431\u0435\u0434\u0435\u043d\u043d\u043e\u0433\u043e \u043f\u0435\u0440\u0435\u0440\u044b\u0432\u0430 \u044f \u0441\u043b\u0443\u0448\u0430\u043b \u043e \u0431\u043b\u0430\u0436\u0435\u043d\u0441\u0442\u0432\u0430\u0445, \u0441\u043a\u0430\u0437\u0430\u043d\u043d\u044b\u0445 \u0418\u0438\u0441\u0443\u0441\u043e\u043c \u0425\u0440\u0438\u0441\u0442\u043e\u043c \u0432 \u041d\u0430\u0433\u043e\u0440\u043d\u043e\u0439 \u041f\u0440\u043e\u043f\u043e\u0432\u0435\u0434\u0438, \u0438 \u0443 \u043c\u0435\u043d\u044f \u0435\u0441\u0442\u044c \u043d\u0435\u0434\u043e\u043f\u043e\u043d\u0438\u043c\u0430\u043d\u0438\u0435 \u043f\u043e \u044d\u0442\u043e\u043c\u0443 \u043f\u043e\u0432\u043e\u0434\u0443. \u042f \u043f\u043e\u043d\u0438\u043c\u0430\u044e, \u0447\u0442\u043e \u0425\u0440\u0438\u0441\u0442\u043e\u0441 \u0441\u043a\u0430\u0437\u0430\u043b \u0443\u0447\u0435\u043d\u0438\u043a\u0430\u043c, \u0447\u0442\u043e \u043e\u043d\u0438 \u0431\u0443\u0434\u0443\u0442 \u0441\u0442\u0440\u0430\u0434\u0430\u0442\u044c \u043f\u043e \u043f\u0440\u0438\u0447\u0438\u043d\u0435 \u043f\u0440\u043e\u043f\u043e\u0432\u0435\u0434\u0438 \u0421\u043b\u043e\u0432\u0430 \u0438\u043b\u0438 \u0441\u043e \u0441\u0442\u043e\u0440\u043e\u043d\u044b \u043d\u0435\u0432\u0435\u0440\u0443\u044e\u0449\u0438\u0445, \u043d\u043e \u044f \u043d\u0435 \u043f\u043e\u043d\u0438\u043c\u0430\u044e \u0432\u044b\u0440\u0430\u0436\u0435\u043d\u0438\u044f \u201c\u043d\u0435\u043f\u0440\u0430\u0432\u0435\u0434\u043d\u043e \u0437\u043b\u043e\u0441\u043b\u043e\u0432\u0438\u0442\u044c \u0437\u0430\u2026","rel":"","context":"<span class=\"jp-relatedposts-post-author\">Vasile Filat<\/span>","block_context":{"text":"\u0414\u043e\u043a\u0442\u0440\u0438\u043d\u044b","link":"https:\/\/moldovacrestina.md\/ru\/otvety-iz-biblii\/doktriny-ru\/"},"img":{"alt_text":"","src":"","width":0,"height":0},"classes":[]},{"id":84641,"url":"https:\/\/moldovacrestina.md\/ru\/test-homofobia\/","url_meta":{"origin":91685,"position":1},"title":"\u0421\u0434\u0435\u043b\u0430\u0442\u044c \u0442\u0435\u0441\u0442, \u0447\u0442\u043e\u0431\u044b \u0443\u0437\u043d\u0430\u0442\u044c, \u044f\u0432\u043b\u044f\u0435\u0448\u044c\u0441\u044f \u043b\u0438 \u0442\u044b \u0413\u041e\u041c\u041e\u0424\u041e\u0411\u041e\u041c?","author":"Vasile Filat","date":"January 14, 2011","format":false,"excerpt":"\u041f\u043e\u0441\u043a\u043e\u043b\u044c\u043a\u0443 \u044f \u043c\u043d\u043e\u0433\u043e \u0440\u0430\u0437 \u0434\u0435\u043b\u0430\u043b \u0437\u0430\u044f\u0432\u043b\u0435\u043d\u0438\u044f \u043f\u043e \u043f\u043e\u0432\u043e\u0434\u0443 \u043d\u0430\u0441\u0438\u043b\u0438\u044f, \u043d\u0430 \u043a\u043e\u0442\u043e\u0440\u043e\u043c \u043d\u0430\u0441\u0442\u0430\u0438\u0432\u0430\u0435\u0442 \u043e\u0440\u0433\u0430\u043d\u0438\u0437\u0430\u0446\u0438\u044f \u0433\u043e\u043c\u043e\u0441\u0435\u043a\u0441\u0443\u0430\u043b\u0438\u0441\u0442\u043e\u0432 \u0438\u0437 \u041c\u043e\u043b\u0434\u043e\u0432\u044b \u0438 \u0434\u0440\u0443\u0433\u0438\u0435 \u043e\u0440\u0433\u0430\u043d\u0438\u0437\u0430\u0446\u0438\u0438, \u043a\u043e\u0442\u043e\u0440\u044b\u0435 \u043f\u0440\u043e\u043f\u0430\u0433\u0430\u043d\u0434\u0438\u0440\u0443\u044e\u0442\u00a0 \u0442\u0430\u043a \u043d\u0430\u0437\u044b\u0432\u0430\u0435\u043c\u044b\u0435 \u201c\u043f\u0440\u0430\u0432\u0430 \u0441\u0435\u043a\u0441\u0443\u0430\u043b\u044c\u043d\u044b\u0445 \u043c\u0435\u043d\u044c\u0448\u0438\u043d\u0441\u0442\u0432\u201d, \u043c\u0435\u043d\u044f \u0447\u0430\u0441\u0442\u043e \u0441\u0442\u0430\u043b\u0438 \u043d\u0430\u0437\u044b\u0432\u0430\u0442\u044c \u201c\u0433\u043e\u043c\u043e\u0444\u043e\u0431\u201d, \u0442\u043e\u0447\u043d\u043e \u0442\u0430\u043a\u0436\u0435, \u043a\u0430\u043a \u043e\u043d\u0438 \u043d\u0430\u0437\u044b\u0432\u0430\u044e\u0442 \u043b\u044e\u0431\u043e\u0433\u043e, \u043a\u0442\u043e \u043d\u0435 \u0440\u0430\u0437\u0434\u0435\u043b\u044f\u0435\u0442 \u0438\u0445 \u043c\u043d\u0435\u043d\u0438\u044f. \u0421\u0435\u0433\u043e\u0434\u043d\u044f \u044f \u043f\u043e\u043b\u0443\u0447\u0438\u043b \u043f\u043e email \u043f\u0440\u0438\u0433\u043b\u0430\u0448\u0435\u043d\u0438\u0435 \u0441\u0434\u0435\u043b\u0430\u0442\u044c \u0442\u0435\u0441\u0442,\u2026","rel":"","context":"<span class=\"jp-relatedposts-post-author\">Vasile Filat<\/span>","block_context":{"text":"\u041e\u0431\u0449\u0435\u0441\u0442\u0432\u043e","link":"https:\/\/moldovacrestina.md\/ru\/otvety-iz-biblii\/obshhestvo\/"},"img":{"alt_text":"","src":"https:\/\/i0.wp.com\/americansfortruth.com\/uploads\/2011\/01\/Homophobia_Quiz-300x148.png?resize=350%2C200","width":350,"height":200},"classes":[]},{"id":81843,"url":"https:\/\/moldovacrestina.md\/ru\/dyavolskaya-strategiya-po-razrusheniyu-nacii-s-pomoshhyu-amoralnosti\/","url_meta":{"origin":91685,"position":2},"title":"\u0414\u044c\u044f\u0432\u043e\u043b\u044c\u0441\u043a\u0430\u044f \u0441\u0442\u0440\u0430\u0442\u0435\u0433\u0438\u044f \u043f\u043e \u0440\u0430\u0437\u0440\u0443\u0448\u0435\u043d\u0438\u044e \u043d\u0430\u0446\u0438\u0438 \u0441 \u043f\u043e\u043c\u043e\u0449\u044c\u044e \u0430\u043c\u043e\u0440\u0430\u043b\u044c\u043d\u043e\u0441\u0442\u0438","author":"Vasile Filat","date":"July 27, 2008","format":false,"excerpt":"\u0412 \u043d\u043e\u044f\u0431\u0440\u0435 1987 \u0433\u043e\u0434\u0430 \u0436\u0443\u0440\u043d\u0430\u043b \u00abGuide Magazine\u00bb \u043e\u043f\u0443\u0431\u043b\u0438\u043a\u043e\u0432\u0430\u043b \u0441\u0442\u0430\u0442\u044c\u044e \u201eThe Overhauling of Straight America\u201d (\u0420\u0435\u0441\u0442\u0440\u0443\u043a\u0442\u0443\u0440\u0438\u0437\u0430\u0446\u0438\u044f\u00a0 \u043a\u043e\u043d\u0441\u0435\u0440\u0432\u0430\u0442\u0438\u0432\u043d\u043e\u0439 \u0410\u043c\u0435\u0440\u0438\u043a\u0438) \u0432 \u043a\u043e\u0442\u043e\u0440\u043e\u043c \u0433\u043e\u043c\u043e\u0441\u0435\u043a\u0441\u0443\u0430\u043b\u0438\u0441\u0442\u044b Marshall Kirk \u0438 Erastes Pill \u0434\u0430\u044e\u0442 \u0434\u0440\u0443\u0433\u0438\u043c \u0441\u043e\u0434\u043e\u043c\u0438\u0442\u0430\u043c \u0441\u043f\u0435\u0446\u0438\u0430\u043b\u044c\u043d\u044b\u0435 \u0438\u043d\u0441\u0442\u0440\u0443\u043a\u0446\u0438\u0438 \u0434\u043b\u044f \u043f\u0440\u043e\u043f\u0430\u0433\u0430\u043d\u0434\u044b, \u043e\u0431\u043c\u0430\u043d\u0430 \u0438 \u043c\u0430\u043d\u0438\u043f\u0443\u043b\u0438\u0440\u043e\u0432\u0430\u043d\u0438\u044f \u0430\u043c\u0435\u0440\u0438\u043a\u0430\u043d\u0441\u043a\u0438\u043c \u043e\u0431\u0449\u0435\u0441\u0442\u0432\u043e\u043c, \u0447\u0442\u043e\u0431\u044b \u0432 \u0440\u0435\u0437\u0443\u043b\u044c\u0442\u0430\u0442\u0435 \u0431\u044b\u043b\u0438 \u0432\u0432\u0435\u0434\u0435\u043d\u0430 \u043f\u0440\u0430\u043a\u0442\u0438\u043a\u0430 \u0433\u043e\u043c\u043e\u0441\u0435\u043a\u0441\u0443\u0430\u043b\u0438\u0437\u043c\u0430. \u0422\u0430\u043a\u0438\u043c \u043e\u0431\u0440\u0430\u0437\u043e\u043c, \u0430\u0432\u0442\u043e\u0440\u044b \u043f\u043e\u043a\u0430\u0437\u0430\u043b\u0438 \u0441\u0442\u0440\u0430\u0442\u0435\u0433\u0438\u044e \u0438\u2026","rel":"","context":"<span class=\"jp-relatedposts-post-author\">Vasile Filat<\/span>","block_context":{"text":"\u041e\u0431\u0449\u0435\u0441\u0442\u0432\u043e","link":"https:\/\/moldovacrestina.md\/ru\/otvety-iz-biblii\/obshhestvo\/"},"img":{"alt_text":"","src":"","width":0,"height":0},"classes":[]},{"id":75485,"url":"https:\/\/moldovacrestina.md\/ru\/na-skolko-biblejskoe-otnoshenie-u-pas\/","url_meta":{"origin":91685,"position":3},"title":"\u041d\u0430 \u0441\u043a\u043e\u043b\u044c\u043a\u043e \u0431\u0438\u0431\u043b\u0435\u0439\u0441\u043a\u043e\u0435 \u043e\u0442\u043d\u043e\u0448\u0435\u043d\u0438\u0435 \u0443 \u043f\u0430\u0441\u0442\u043e\u0440\u0430 \u0411\u0440\u0430\u0439\u0430\u043d\u0430 \u0425\u044c\u044e\u0441\u0442\u043e\u043d\u0430 \u0438\u0437 Hillsong Church \u043a \u0433\u043e\u043c\u043e\u0441\u0435\u043a\u0441\u0443\u0430\u043b\u0438\u0437\u043c\u0443?","author":"Vasile Filat","date":"August 6, 2015","format":false,"excerpt":"\u041d\u043e\u0432\u043e\u0441\u0442\u044c \u043e \u0434\u0432\u0443\u0445 \u043b\u0438\u0434\u0435\u0440\u0430\u0445 \u0446\u0435\u0440\u043a\u043e\u0432\u043d\u043e\u0433\u043e \u0445\u043e\u0440\u0430 Hillsong \u0438\u0437 \u0433\u043e\u0440\u043e\u0434\u0430 \u041d\u044c\u044e \u0419\u043e\u0440\u043a\u0430, \u043a\u043e\u0442\u043e\u0440\u044b\u0435 \u043e\u0431\u044a\u044f\u0432\u0438\u043b\u0438 \u0441\u0435\u0431\u044f \u0433\u043e\u043c\u043e\u0441\u0435\u043a\u0441\u0443\u0430\u043b\u0438\u0441\u0442\u0430\u043c\u0438 \u0438 \u043e \u0442\u043e\u043c, \u0447\u0442\u043e \u043e\u043d\u0438 \u043f\u043b\u0430\u043d\u0438\u0440\u0443\u044e\u0442 \u043f\u043e\u0436\u0435\u043d\u0438\u0442\u044c\u0441\u044f \u0432 \u0441\u043b\u0435\u0434\u0443\u044e\u0449\u0435\u043c \u0433\u043e\u0434\u0443 \u043e\u0433\u043e\u0440\u0447\u0438\u043b\u0430 \u0432\u0441\u0435\u0445 \u0445\u0440\u0438\u0441\u0442\u0438\u0430\u043d. \u0417\u0430\u044f\u0432\u043b\u0435\u043d\u0438\u0435 \u043f\u0430\u0441\u0442\u043e\u0440\u0430 \u0438\u0437 \u0425\u0438\u043b\u0441\u043e\u043d\u0433 \u0434\u043e\u0431\u0430\u0432\u0438\u043b\u0438 \u043e\u0433\u043e\u0440\u0447\u0435\u043d\u0438\u044f. \u00a0Hillsong Church\u00a0\u044f\u0432\u043b\u044f\u0435\u0442\u0441\u044f \u043f\u044f\u0442\u0438\u0434\u0435\u0441\u044f\u0442\u043d\u0438\u0447\u0435\u0441\u043a\u043e\u0439 \u043c\u0435\u0433\u0430\u0446\u0435\u0440\u043a\u043e\u0432\u044c\u044e, \u0434\u0435\u0439\u0441\u0442\u0432\u0443\u044e\u0449\u0435\u0439 \u0432 15 \u0441\u0442\u0440\u0430\u043d\u0430\u0445 \u043c\u0438\u0440\u0430 \u0438 \u0435\u0436\u0435\u043d\u0435\u0434\u0435\u043b\u044c\u043d\u043e \u0441\u043e\u0431\u0438\u0440\u0430\u0435\u0442 \u0431\u043e\u043b\u0435\u0435 100.000 \u043b\u044e\u0434\u0435\u0439. \u041c\u043d\u0435\u2026","rel":"","context":"<span class=\"jp-relatedposts-post-author\">Vasile Filat<\/span>","block_context":{"text":"\u0411\u043b\u043e\u0433\u043e\u0441\u0444\u0435\u0440\u0430","link":"https:\/\/moldovacrestina.md\/ru\/vospitanie-ru\/blogosfera-ru\/"},"img":{"alt_text":"","src":"https:\/\/i0.wp.com\/moldovacrestina.md\/wp-content\/uploads\/2017\/12\/14027864951_pastor-brian-houston-hillsong.png?resize=350%2C200&ssl=1","width":350,"height":200},"classes":[]},{"id":112659,"url":"https:\/\/moldovacrestina.md\/ru\/kogda-opravdanie-nechestivogo-yavlyaet\/","url_meta":{"origin":91685,"position":4},"title":"\u041a\u043e\u0433\u0434\u0430 \u043e\u043f\u0440\u0430\u0432\u0434\u0430\u043d\u0438\u0435 \u043d\u0435\u0447\u0435\u0441\u0442\u0438\u0432\u043e\u0433\u043e \u044f\u0432\u043b\u044f\u0435\u0442\u0441\u044f \u043c\u0435\u0440\u0437\u043e\u0441\u0442\u044c\u044e \u043f\u0435\u0440\u0435\u0434 \u0411\u043e\u0433\u043e\u043c? (\u041f\u0440\u0438\u0442\u0447\u0438 17:15)","author":"Vasile Filat","date":"January 16, 2017","format":false,"excerpt":"\u0412\u0441\u0435 \u043c\u044b \u0436\u0435\u043b\u0430\u0435\u043c \u043f\u0440\u043e\u0449\u0435\u043d\u0438\u044f \u043e\u0442 \u0411\u043e\u0433\u0430, \u0438 \u0411\u043e\u0433 \u0443\u0447\u0438\u0442 \u043d\u0430\u0441 \u043f\u0440\u043e\u0449\u0430\u0442\u044c \u0442\u0435\u0445, \u043a\u0442\u043e \u0441\u0434\u0435\u043b\u0430\u043b\u0441\u044f \u0432\u0438\u043d\u043e\u0432\u0430\u0442\u044b\u043c \u043f\u0435\u0440\u0435\u0434 \u043d\u0430\u043c\u0438. \u0412\u0441\u0451-\u0442\u0430\u043a\u0438, \u0441\u0443\u0449\u0435\u0441\u0442\u0432\u0443\u0435\u0442 \u0441\u0442\u0438\u0445 \u0438\u0437 \u0411\u0438\u0431\u043b\u0438\u0438, \u0432 \u043a\u043e\u0442\u043e\u0440\u043e\u043c \u043d\u0430\u043f\u0438\u0441\u0430\u043d\u043e, \u0447\u0442\u043e \u043e\u043f\u0440\u0430\u0432\u0434\u044b\u0432\u0430\u0442\u044c \u0438\u043b\u0438\u00a0\u043f\u0440\u043e\u0449\u0430\u0442\u044c \u043d\u0435\u0447\u0435\u0441\u0442\u0438\u0432\u043e\u0433\u043e\u00a0- \u044d\u0442\u043e \u043c\u0435\u0440\u0437\u043e\u0441\u0442\u044c \u043f\u0435\u0440\u0435\u0434 \u0411\u043e\u0433\u043e\u043c. \u0422\u0430\u043a\u0438\u0435 \u0441\u0438\u0442\u0443\u0430\u0446\u0438\u0438 \u0438\u043c\u0435\u044e\u0442\u0441\u044f \u0432 \u0432\u0438\u0434\u0443 \u0432 \u0441\u043b\u0435\u0434\u0443\u044e\u0449\u0435\u043c \u0432\u043e\u043f\u0440\u043e\u0441\u0435, \u043a\u043e\u0442\u043e\u0440\u044b\u0439 \u0431\u044b\u043b \u0437\u0430\u0434\u0430\u043d \u043c\u043d\u0435: \u041c\u0438\u0440 \u0432\u0430\u043c, \u043f\u0430\u0441\u0442\u043e\u0440 \u0412\u0430\u0441\u0438\u043b\u0438\u0439. \u042f\u2026","rel":"","context":"<span class=\"jp-relatedposts-post-author\">Vasile Filat<\/span>","block_context":{"text":"\u041e\u0442\u0432\u0435\u0442\u044b \u0438\u0437 \u0411\u0438\u0431\u043b\u0438\u0438","link":"https:\/\/moldovacrestina.md\/ru\/otvety-iz-biblii\/"},"img":{"alt_text":"","src":"https:\/\/i0.wp.com\/moldovacrestina.md\/wp-content\/uploads\/2017\/01\/o-forgiveness-facebook-1024x512-2.jpg?resize=350%2C200&ssl=1","width":350,"height":200,"srcset":"https:\/\/i0.wp.com\/moldovacrestina.md\/wp-content\/uploads\/2017\/01\/o-forgiveness-facebook-1024x512-2.jpg?resize=350%2C200&ssl=1 1x, https:\/\/i0.wp.com\/moldovacrestina.md\/wp-content\/uploads\/2017\/01\/o-forgiveness-facebook-1024x512-2.jpg?resize=525%2C300&ssl=1 1.5x, https:\/\/i0.wp.com\/moldovacrestina.md\/wp-content\/uploads\/2017\/01\/o-forgiveness-facebook-1024x512-2.jpg?resize=700%2C400&ssl=1 2x"},"classes":[]},{"id":362407,"url":"https:\/\/moldovacrestina.md\/nepoata-ta-de-13-ani-are-relatii-cu-barbati-adulti-ce-sa-faci\/","url_meta":{"origin":91685,"position":5},"title":"Nepoata ta de 13 ani are rela\u021bii cu b\u0103rba\u021bi adul\u021bi &#8211; Ce s\u0103 faci?","author":"Moldova Cre\u0219tin\u0103","date":"March 22, 2025","format":false,"excerpt":"Cum reac\u021bionezi c\u00e2nd afli c\u0103 nepoata minor\u0103 are rela\u021bii cu adul\u021bi? Afl\u0103 ce m\u0103suri urgente trebuie luate pentru a o proteja \u0219i a o \u00eendruma spre bine. Cum po\u021bi fi n\u0103scut din nou? https:\/\/youtu.be\/I_qgnpjehSg \u2753Pune o \u00eentrebare: https:\/\/moldovacrestina.md\/ask-the-pastor sau la email contact@moldovacrestina.md \ud83c\udf81 Devino membru \u0219i sus\u021bine lucrarea Moldova Cre\u0219tin\u0103:\u2026","rel":"","context":"<span class=\"jp-relatedposts-post-author\">Moldova Cre\u0219tin\u0103<\/span>","block_context":{"text":"MCTV","link":"https:\/\/moldovacrestina.md\/mctv\/"},"img":{"alt_text":"","src":"https:\/\/i0.wp.com\/cdn.moldovacrestina.md\/2025\/03\/cb473a64-exf0gxngt0w.jpg?resize=350%2C200&ssl=1","width":350,"height":200,"srcset":"https:\/\/i0.wp.com\/cdn.moldovacrestina.md\/2025\/03\/cb473a64-exf0gxngt0w.jpg?resize=350%2C200&ssl=1 1x, https:\/\/i0.wp.com\/cdn.moldovacrestina.md\/2025\/03\/cb473a64-exf0gxngt0w.jpg?resize=525%2C300&ssl=1 1.5x, https:\/\/i0.wp.com\/cdn.moldovacrestina.md\/2025\/03\/cb473a64-exf0gxngt0w.jpg?resize=700%2C400&ssl=1 2x, https:\/\/i0.wp.com\/cdn.moldovacrestina.md\/2025\/03\/cb473a64-exf0gxngt0w.jpg?resize=1050%2C600&ssl=1 3x"},"classes":[]}],"jetpack_sharing_enabled":true,"_links":{"self":[{"href":"https:\/\/moldovacrestina.md\/en\/wp-json\/wp\/v2\/posts\/91685","targetHints":{"allow":["GET"]}}],"collection":[{"href":"https:\/\/moldovacrestina.md\/en\/wp-json\/wp\/v2\/posts"}],"about":[{"href":"https:\/\/moldovacrestina.md\/en\/wp-json\/wp\/v2\/types\/post"}],"author":[{"embeddable":true,"href":"https:\/\/moldovacrestina.md\/en\/wp-json\/wp\/v2\/users\/110"}],"replies":[{"embeddable":true,"href":"https:\/\/moldovacrestina.md\/en\/wp-json\/wp\/v2\/comments?post=91685"}],"version-history":[{"count":0,"href":"https:\/\/moldovacrestina.md\/en\/wp-json\/wp\/v2\/posts\/91685\/revisions"}],"wp:featuredmedia":[{"embeddable":true,"href":"https:\/\/moldovacrestina.md\/en\/wp-json\/wp\/v2\/media\/104222"}],"wp:attachment":[{"href":"https:\/\/moldovacrestina.md\/en\/wp-json\/wp\/v2\/media?parent=91685"}],"wp:term":[{"taxonomy":"category","embeddable":true,"href":"https:\/\/moldovacrestina.md\/en\/wp-json\/wp\/v2\/categories?post=91685"},{"taxonomy":"post_tag","embeddable":true,"href":"https:\/\/moldovacrestina.md\/en\/wp-json\/wp\/v2\/tags?post=91685"}],"curies":[{"name":"wp","href":"https:\/\/api.w.org\/{rel}","templated":true}]}}