{"id":84079,"date":"2015-06-09T10:21:32","date_gmt":"2015-06-09T08:21:32","guid":{"rendered":"https:\/\/moldovacrestina.md\/american-teachers-at-english-for-a-new-life-camp-july-15-to-25-2015"},"modified":"2015-06-09T10:21:32","modified_gmt":"2015-06-09T08:21:32","slug":"american-teachers-at-english-for-a-new-life-camp-july-15-to-25-2015","status":"publish","type":"post","link":"https:\/\/moldovacrestina.md\/en\/american-teachers-at-english-for-a-new-life-camp-july-15-to-25-2015\/","title":{"rendered":"American teachers at English For a New Life Camp (July 15 to 25, 2015)"},"content":{"rendered":"<p style=\"text-align: justify\">\n<p>Dear EFNL Camp,<\/p>\n<p>I would like to take some time to introduce myself and our team who are coming to the EFNL Camp, Moldova. My name is Michael Maslov and with my wife Alena, we have been pastoring the youth of our church Living Stones Community Church for 2 years now.<\/p>\n<p><img decoding=\"async\" class=\"aligncenter size-full img-resp\" src=\"https:\/\/cdn.moldovacrestina.md\/2017\/12\/11187800_1003535036326245_6841047272909342224_o.jpg\" alt=\"\"  ><\/p>\n<p>For about six months we have been preparing physically, spiritually, and financially to come and spend time with you all. Now, with only one month left, we are anxious and excited to come.<\/p>\n<p><img decoding=\"async\" class=\"aligncenter size-full img-resp\" src=\"https:\/\/cdn.moldovacrestina.md\/2017\/12\/10649768_983365448356362_8781643096449050747_n.jpg\" alt=\"\"  ><\/p>\n<p>\u00a0<\/p>\n<p>Last year, only one of our girls from youth came; this year, we will have a group of seven. So, if you still did not make the decision of coming to camp, make that decision now to come! We want to meet you, we want to talk to you, we want to have fellowship and get to know you better; after all, this is an English camp and I am sure of it, your English will be better\u2026<\/p>\n<p><img decoding=\"async\" class=\"aligncenter size-full img-resp\" src=\"https:\/\/cdn.moldovacrestina.md\/2017\/12\/10553463_977404255605990_8165688735369063532_n.jpg\" alt=\"\"  ><\/p>\n<p>\u00a0<\/p>\n<p>Our team that\u2019s coming to the camp are a lot like you, high school and middle schoolers, 14-18 years old. We will have a lot in common but live on opposite sides of the world; what a great way to meet new people, and at the same time, study God\u2019s Word together and grow closer to Him.<\/p>\n<p><img decoding=\"async\" class=\"aligncenter size-full img-resp\" src=\"https:\/\/cdn.moldovacrestina.md\/2017\/12\/11280615_660584517407024_327831816_n.jpg\" alt=\"\"  ><\/p>\n<p>We, the youth at Living Stone Community Church, are coming to EFNL camp and can\u2019t wait to meet you and hang out with you. God bless and hope to see you there.<\/p>\n<p><img decoding=\"async\" class=\"aligncenter size-full img-resp\" src=\"https:\/\/cdn.moldovacrestina.md\/2017\/12\/10628174_904699062876510_5638660169312802449_n.jpg\" alt=\"\"  ><\/p>\n<p><a href=\"https:\/\/www.facebook.com\/events\/450199468454380\/\">English for a New Life Camp 2015<\/a> will take place in Moldova from July 15 to 25 in Slobozia-Dusca camp. Contact us at: +37369966779. You can register online <a href=\"https:\/\/docs.google.com\/forms\/d\/e\/1FAIpQLSfPeFCPe9_cbJGofDhloem6EPVm1sA3AFCn3hob7J8HHqRwvA\/viewform\">here<\/a>.<\/p><\/p>\n","protected":false},"excerpt":{"rendered":"<p>Dear EFNL Camp, I would like to take some time to introduce myself and our team who are coming to the EFNL Camp, Moldova. My name is Michael Maslov and with my wife Alena, we have been pastoring the youth of our church Living Stones Community Church for 2 years now. For about six months [&hellip;]<\/p>\n","protected":false},"author":46,"featured_media":84081,"comment_status":"closed","ping_status":"closed","sticky":false,"template":"","format":"standard","meta":{"_acf_changed":false,"inline_featured_image":false,"_monsterinsights_skip_tracking":false,"_monsterinsights_sitenote_active":false,"_monsterinsights_sitenote_note":"","_monsterinsights_sitenote_category":0,"_genesis_hide_title":false,"_genesis_hide_breadcrumbs":false,"_genesis_hide_singular_image":false,"_genesis_hide_footer_widgets":false,"_genesis_custom_body_class":"","_genesis_custom_post_class":"","_genesis_layout":"","ep_exclude_from_search":false,"_jetpack_memberships_contains_paid_content":false,"footnotes":""},"categories":[134],"tags":[9955,10207,10208,20675,20676,20677],"class_list":{"0":"post-84079","1":"post","2":"type-post","3":"status-publish","4":"format-standard","5":"has-post-thumbnail","7":"category-blogosphere","8":"tag-english-for-a-new-life","9":"tag-english-camp","10":"tag-english-camp-moldova","11":"tag-efnl-2015","12":"tag-efnl-moldova","13":"tag-learn-english-in-moldova","14":"entry"},"acf":[],"yoast_head":"<!-- This site is optimized with the Yoast SEO Premium plugin v26.5 (Yoast SEO v27.4) - https:\/\/yoast.com\/product\/yoast-seo-premium-wordpress\/ -->\n<title>Meet some of the EFNL Camp leaders 2015!<\/title>\n<meta name=\"description\" content=\"Here are some English for a New Life Camp leaders from USA who will teach at English For a New Life from July 15 to 25, 2015\" \/>\n<meta name=\"robots\" content=\"index, follow, max-snippet:-1, max-image-preview:large, max-video-preview:-1\" \/>\n<link rel=\"canonical\" href=\"https:\/\/moldovacrestina.md\/en\/american-teachers-at-english-for-a-new-life-camp-july-15-to-25-2015\/\" \/>\n<meta property=\"og:locale\" content=\"en_US\" \/>\n<meta property=\"og:type\" content=\"article\" \/>\n<meta property=\"og:title\" content=\"American teachers at English For a New Life Camp (July 15 to 25, 2015)\" \/>\n<meta property=\"og:description\" content=\"Here are some English for a New Life Camp leaders from USA who will teach at English For a New Life from July 15 to 25, 2015\" \/>\n<meta property=\"og:url\" content=\"https:\/\/moldovacrestina.md\/en\/american-teachers-at-english-for-a-new-life-camp-july-15-to-25-2015\/\" \/>\n<meta property=\"og:site_name\" content=\"Moldova Cre\u0219tin\u0103\" \/>\n<meta property=\"article:publisher\" content=\"https:\/\/www.facebook.com\/moldovacrestina\/\" \/>\n<meta property=\"article:published_time\" content=\"2015-06-09T08:21:32+00:00\" \/>\n<meta property=\"og:image\" content=\"https:\/\/cdn.moldovacrestina.md\/2017\/12\/11187800_1003535036326245_6841047272909342224_o.jpg\" \/>\n\t<meta property=\"og:image:width\" content=\"2048\" \/>\n\t<meta property=\"og:image:height\" content=\"1365\" \/>\n\t<meta property=\"og:image:type\" content=\"image\/jpeg\" \/>\n<meta name=\"author\" content=\"Vasile Filat\" \/>\n<meta name=\"twitter:card\" content=\"summary_large_image\" \/>\n<meta name=\"twitter:creator\" content=\"@moldovacrestina\" \/>\n<meta name=\"twitter:site\" content=\"@moldovacrestina\" \/>\n<meta name=\"twitter:label1\" content=\"Written by\" \/>\n\t<meta name=\"twitter:data1\" content=\"Vasile Filat\" \/>\n\t<meta name=\"twitter:label2\" content=\"Est. reading time\" \/>\n\t<meta name=\"twitter:data2\" content=\"1 minute\" \/>\n<script type=\"application\/ld+json\" class=\"yoast-schema-graph\">{\"@context\":\"https:\\\/\\\/schema.org\",\"@graph\":[{\"@type\":\"Article\",\"@id\":\"https:\\\/\\\/moldovacrestina.md\\\/en\\\/american-teachers-at-english-for-a-new-life-camp-july-15-to-25-2015\\\/#article\",\"isPartOf\":{\"@id\":\"https:\\\/\\\/moldovacrestina.md\\\/en\\\/american-teachers-at-english-for-a-new-life-camp-july-15-to-25-2015\\\/\"},\"author\":{\"name\":\"Vasile Filat\",\"@id\":\"https:\\\/\\\/moldovacrestina.md\\\/en\\\/#\\\/schema\\\/person\\\/04b204bbb582cc832c3d2424f5d27dc0\"},\"headline\":\"American teachers at English For a New Life Camp (July 15 to 25, 2015)\",\"datePublished\":\"2015-06-09T08:21:32+00:00\",\"mainEntityOfPage\":{\"@id\":\"https:\\\/\\\/moldovacrestina.md\\\/en\\\/american-teachers-at-english-for-a-new-life-camp-july-15-to-25-2015\\\/\"},\"wordCount\":289,\"image\":{\"@id\":\"https:\\\/\\\/moldovacrestina.md\\\/en\\\/american-teachers-at-english-for-a-new-life-camp-july-15-to-25-2015\\\/#primaryimage\"},\"thumbnailUrl\":\"https:\\\/\\\/moldovacrestina.md\\\/wp-content\\\/uploads\\\/2017\\\/12\\\/11187800_1003535036326245_6841047272909342224_o.jpg\",\"keywords\":[\"english for a new life\",\"english camp\",\"english camp moldova\",\"efnl 2015\",\"efnl moldova\",\"learn english in moldova\"],\"articleSection\":[\"Blogosphere\"],\"inLanguage\":\"en-US\"},{\"@type\":\"WebPage\",\"@id\":\"https:\\\/\\\/moldovacrestina.md\\\/en\\\/american-teachers-at-english-for-a-new-life-camp-july-15-to-25-2015\\\/\",\"url\":\"https:\\\/\\\/moldovacrestina.md\\\/en\\\/american-teachers-at-english-for-a-new-life-camp-july-15-to-25-2015\\\/\",\"name\":\"Meet some of the EFNL Camp leaders 2015!\",\"isPartOf\":{\"@id\":\"https:\\\/\\\/moldovacrestina.md\\\/en\\\/#website\"},\"primaryImageOfPage\":{\"@id\":\"https:\\\/\\\/moldovacrestina.md\\\/en\\\/american-teachers-at-english-for-a-new-life-camp-july-15-to-25-2015\\\/#primaryimage\"},\"image\":{\"@id\":\"https:\\\/\\\/moldovacrestina.md\\\/en\\\/american-teachers-at-english-for-a-new-life-camp-july-15-to-25-2015\\\/#primaryimage\"},\"thumbnailUrl\":\"https:\\\/\\\/moldovacrestina.md\\\/wp-content\\\/uploads\\\/2017\\\/12\\\/11187800_1003535036326245_6841047272909342224_o.jpg\",\"datePublished\":\"2015-06-09T08:21:32+00:00\",\"author\":{\"@id\":\"https:\\\/\\\/moldovacrestina.md\\\/en\\\/#\\\/schema\\\/person\\\/04b204bbb582cc832c3d2424f5d27dc0\"},\"description\":\"Here are some English for a New Life Camp leaders from USA who will teach at English For a New Life from July 15 to 25, 2015\",\"breadcrumb\":{\"@id\":\"https:\\\/\\\/moldovacrestina.md\\\/en\\\/american-teachers-at-english-for-a-new-life-camp-july-15-to-25-2015\\\/#breadcrumb\"},\"inLanguage\":\"en-US\",\"potentialAction\":[{\"@type\":\"ReadAction\",\"target\":[\"https:\\\/\\\/moldovacrestina.md\\\/en\\\/american-teachers-at-english-for-a-new-life-camp-july-15-to-25-2015\\\/\"]}]},{\"@type\":\"ImageObject\",\"inLanguage\":\"en-US\",\"@id\":\"https:\\\/\\\/moldovacrestina.md\\\/en\\\/american-teachers-at-english-for-a-new-life-camp-july-15-to-25-2015\\\/#primaryimage\",\"url\":\"https:\\\/\\\/moldovacrestina.md\\\/wp-content\\\/uploads\\\/2017\\\/12\\\/11187800_1003535036326245_6841047272909342224_o.jpg\",\"contentUrl\":\"https:\\\/\\\/moldovacrestina.md\\\/wp-content\\\/uploads\\\/2017\\\/12\\\/11187800_1003535036326245_6841047272909342224_o.jpg\",\"width\":2048,\"height\":1365},{\"@type\":\"BreadcrumbList\",\"@id\":\"https:\\\/\\\/moldovacrestina.md\\\/en\\\/american-teachers-at-english-for-a-new-life-camp-july-15-to-25-2015\\\/#breadcrumb\",\"itemListElement\":[{\"@type\":\"ListItem\",\"position\":1,\"name\":\"Prima pagin\u0103\",\"item\":\"https:\\\/\\\/moldovacrestina.md\\\/en\\\/\"},{\"@type\":\"ListItem\",\"position\":2,\"name\":\"Education\",\"item\":\"https:\\\/\\\/moldovacrestina.md\\\/en\\\/education-en\\\/\"},{\"@type\":\"ListItem\",\"position\":3,\"name\":\"Blogosphere\",\"item\":\"https:\\\/\\\/moldovacrestina.md\\\/en\\\/education-en\\\/blogosphere\\\/\"},{\"@type\":\"ListItem\",\"position\":4,\"name\":\"American teachers at English For a New Life Camp (July 15 to 25, 2015)\"}]},{\"@type\":\"WebSite\",\"@id\":\"https:\\\/\\\/moldovacrestina.md\\\/en\\\/#website\",\"url\":\"https:\\\/\\\/moldovacrestina.md\\\/en\\\/\",\"name\":\"Moldova Cre\u0219tin\u0103\",\"description\":\"R\u0103spunsuri relevante \u0219i actuale din Biblie\",\"potentialAction\":[{\"@type\":\"SearchAction\",\"target\":{\"@type\":\"EntryPoint\",\"urlTemplate\":\"https:\\\/\\\/moldovacrestina.md\\\/en\\\/?s={search_term_string}\"},\"query-input\":{\"@type\":\"PropertyValueSpecification\",\"valueRequired\":true,\"valueName\":\"search_term_string\"}}],\"inLanguage\":\"en-US\"},{\"@type\":\"Person\",\"@id\":\"https:\\\/\\\/moldovacrestina.md\\\/en\\\/#\\\/schema\\\/person\\\/04b204bbb582cc832c3d2424f5d27dc0\",\"name\":\"Vasile Filat\",\"image\":{\"@type\":\"ImageObject\",\"inLanguage\":\"en-US\",\"@id\":\"https:\\\/\\\/secure.gravatar.com\\\/avatar\\\/2e02d082d139dd6eb634318c9cf2c3a8281db62f24f87a134adb4f2020e77ab3?s=96&d=mm&r=g\",\"url\":\"https:\\\/\\\/secure.gravatar.com\\\/avatar\\\/2e02d082d139dd6eb634318c9cf2c3a8281db62f24f87a134adb4f2020e77ab3?s=96&d=mm&r=g\",\"contentUrl\":\"https:\\\/\\\/secure.gravatar.com\\\/avatar\\\/2e02d082d139dd6eb634318c9cf2c3a8281db62f24f87a134adb4f2020e77ab3?s=96&d=mm&r=g\",\"caption\":\"Vasile Filat\"},\"description\":\"P\u0103storesc\u00a0Biserica Bunavestire din Chi\u0219in\u0103u, predau Cuv\u00e2ntul lui Dumnezeu la\u00a0Institutul de Studiu Biblic Inductiv din Eurasia\u00a0\u0219i conduc\u00a0Asocia\u021bia \\\"\u00cenv\u0103\u021b\u0103tur\u0103 din Cuv\u00e2nt - Precept Ministries\\\" din Moldova. \u00cempreun\u0103 cu so\u021bia mea\u00a0Anastasia, avem trei copii. Din Aprilie 2007 am oferit r\u0103spunsuri din Biblie pe acest site la \u00eentreb\u0103ri adresate de cititori. Mai mult despre mine citi\u021bi\u00a0aici.\",\"url\":\"https:\\\/\\\/moldovacrestina.md\\\/en\\\/author\\\/vasile-filat\\\/\"}]}<\/script>\n<!-- \/ Yoast SEO Premium plugin. -->","yoast_head_json":{"title":"Meet some of the EFNL Camp leaders 2015!","description":"Here are some English for a New Life Camp leaders from USA who will teach at English For a New Life from July 15 to 25, 2015","robots":{"index":"index","follow":"follow","max-snippet":"max-snippet:-1","max-image-preview":"max-image-preview:large","max-video-preview":"max-video-preview:-1"},"canonical":"https:\/\/moldovacrestina.md\/en\/american-teachers-at-english-for-a-new-life-camp-july-15-to-25-2015\/","og_locale":"en_US","og_type":"article","og_title":"American teachers at English For a New Life Camp (July 15 to 25, 2015)","og_description":"Here are some English for a New Life Camp leaders from USA who will teach at English For a New Life from July 15 to 25, 2015","og_url":"https:\/\/moldovacrestina.md\/en\/american-teachers-at-english-for-a-new-life-camp-july-15-to-25-2015\/","og_site_name":"Moldova Cre\u0219tin\u0103","article_publisher":"https:\/\/www.facebook.com\/moldovacrestina\/","article_published_time":"2015-06-09T08:21:32+00:00","og_image":[{"width":2048,"height":1365,"url":"https:\/\/cdn.moldovacrestina.md\/2017\/12\/11187800_1003535036326245_6841047272909342224_o.jpg","type":"image\/jpeg"}],"author":"Vasile Filat","twitter_card":"summary_large_image","twitter_creator":"@moldovacrestina","twitter_site":"@moldovacrestina","twitter_misc":{"Written by":"Vasile Filat","Est. reading time":"1 minute"},"schema":{"@context":"https:\/\/schema.org","@graph":[{"@type":"Article","@id":"https:\/\/moldovacrestina.md\/en\/american-teachers-at-english-for-a-new-life-camp-july-15-to-25-2015\/#article","isPartOf":{"@id":"https:\/\/moldovacrestina.md\/en\/american-teachers-at-english-for-a-new-life-camp-july-15-to-25-2015\/"},"author":{"name":"Vasile Filat","@id":"https:\/\/moldovacrestina.md\/en\/#\/schema\/person\/04b204bbb582cc832c3d2424f5d27dc0"},"headline":"American teachers at English For a New Life Camp (July 15 to 25, 2015)","datePublished":"2015-06-09T08:21:32+00:00","mainEntityOfPage":{"@id":"https:\/\/moldovacrestina.md\/en\/american-teachers-at-english-for-a-new-life-camp-july-15-to-25-2015\/"},"wordCount":289,"image":{"@id":"https:\/\/moldovacrestina.md\/en\/american-teachers-at-english-for-a-new-life-camp-july-15-to-25-2015\/#primaryimage"},"thumbnailUrl":"https:\/\/moldovacrestina.md\/wp-content\/uploads\/2017\/12\/11187800_1003535036326245_6841047272909342224_o.jpg","keywords":["english for a new life","english camp","english camp moldova","efnl 2015","efnl moldova","learn english in moldova"],"articleSection":["Blogosphere"],"inLanguage":"en-US"},{"@type":"WebPage","@id":"https:\/\/moldovacrestina.md\/en\/american-teachers-at-english-for-a-new-life-camp-july-15-to-25-2015\/","url":"https:\/\/moldovacrestina.md\/en\/american-teachers-at-english-for-a-new-life-camp-july-15-to-25-2015\/","name":"Meet some of the EFNL Camp leaders 2015!","isPartOf":{"@id":"https:\/\/moldovacrestina.md\/en\/#website"},"primaryImageOfPage":{"@id":"https:\/\/moldovacrestina.md\/en\/american-teachers-at-english-for-a-new-life-camp-july-15-to-25-2015\/#primaryimage"},"image":{"@id":"https:\/\/moldovacrestina.md\/en\/american-teachers-at-english-for-a-new-life-camp-july-15-to-25-2015\/#primaryimage"},"thumbnailUrl":"https:\/\/moldovacrestina.md\/wp-content\/uploads\/2017\/12\/11187800_1003535036326245_6841047272909342224_o.jpg","datePublished":"2015-06-09T08:21:32+00:00","author":{"@id":"https:\/\/moldovacrestina.md\/en\/#\/schema\/person\/04b204bbb582cc832c3d2424f5d27dc0"},"description":"Here are some English for a New Life Camp leaders from USA who will teach at English For a New Life from July 15 to 25, 2015","breadcrumb":{"@id":"https:\/\/moldovacrestina.md\/en\/american-teachers-at-english-for-a-new-life-camp-july-15-to-25-2015\/#breadcrumb"},"inLanguage":"en-US","potentialAction":[{"@type":"ReadAction","target":["https:\/\/moldovacrestina.md\/en\/american-teachers-at-english-for-a-new-life-camp-july-15-to-25-2015\/"]}]},{"@type":"ImageObject","inLanguage":"en-US","@id":"https:\/\/moldovacrestina.md\/en\/american-teachers-at-english-for-a-new-life-camp-july-15-to-25-2015\/#primaryimage","url":"https:\/\/moldovacrestina.md\/wp-content\/uploads\/2017\/12\/11187800_1003535036326245_6841047272909342224_o.jpg","contentUrl":"https:\/\/moldovacrestina.md\/wp-content\/uploads\/2017\/12\/11187800_1003535036326245_6841047272909342224_o.jpg","width":2048,"height":1365},{"@type":"BreadcrumbList","@id":"https:\/\/moldovacrestina.md\/en\/american-teachers-at-english-for-a-new-life-camp-july-15-to-25-2015\/#breadcrumb","itemListElement":[{"@type":"ListItem","position":1,"name":"Prima pagin\u0103","item":"https:\/\/moldovacrestina.md\/en\/"},{"@type":"ListItem","position":2,"name":"Education","item":"https:\/\/moldovacrestina.md\/en\/education-en\/"},{"@type":"ListItem","position":3,"name":"Blogosphere","item":"https:\/\/moldovacrestina.md\/en\/education-en\/blogosphere\/"},{"@type":"ListItem","position":4,"name":"American teachers at English For a New Life Camp (July 15 to 25, 2015)"}]},{"@type":"WebSite","@id":"https:\/\/moldovacrestina.md\/en\/#website","url":"https:\/\/moldovacrestina.md\/en\/","name":"Moldova Cre\u0219tin\u0103","description":"R\u0103spunsuri relevante \u0219i actuale din Biblie","potentialAction":[{"@type":"SearchAction","target":{"@type":"EntryPoint","urlTemplate":"https:\/\/moldovacrestina.md\/en\/?s={search_term_string}"},"query-input":{"@type":"PropertyValueSpecification","valueRequired":true,"valueName":"search_term_string"}}],"inLanguage":"en-US"},{"@type":"Person","@id":"https:\/\/moldovacrestina.md\/en\/#\/schema\/person\/04b204bbb582cc832c3d2424f5d27dc0","name":"Vasile Filat","image":{"@type":"ImageObject","inLanguage":"en-US","@id":"https:\/\/secure.gravatar.com\/avatar\/2e02d082d139dd6eb634318c9cf2c3a8281db62f24f87a134adb4f2020e77ab3?s=96&d=mm&r=g","url":"https:\/\/secure.gravatar.com\/avatar\/2e02d082d139dd6eb634318c9cf2c3a8281db62f24f87a134adb4f2020e77ab3?s=96&d=mm&r=g","contentUrl":"https:\/\/secure.gravatar.com\/avatar\/2e02d082d139dd6eb634318c9cf2c3a8281db62f24f87a134adb4f2020e77ab3?s=96&d=mm&r=g","caption":"Vasile Filat"},"description":"P\u0103storesc\u00a0Biserica Bunavestire din Chi\u0219in\u0103u, predau Cuv\u00e2ntul lui Dumnezeu la\u00a0Institutul de Studiu Biblic Inductiv din Eurasia\u00a0\u0219i conduc\u00a0Asocia\u021bia \"\u00cenv\u0103\u021b\u0103tur\u0103 din Cuv\u00e2nt - Precept Ministries\" din Moldova. \u00cempreun\u0103 cu so\u021bia mea\u00a0Anastasia, avem trei copii. Din Aprilie 2007 am oferit r\u0103spunsuri din Biblie pe acest site la \u00eentreb\u0103ri adresate de cititori. Mai mult despre mine citi\u021bi\u00a0aici.","url":"https:\/\/moldovacrestina.md\/en\/author\/vasile-filat\/"}]}},"jetpack_featured_media_url":"https:\/\/moldovacrestina.md\/wp-content\/uploads\/2017\/12\/11187800_1003535036326245_6841047272909342224_o.jpg","video_meta":false,"featured_image":"https:\/\/moldovacrestina.md\/wp-content\/uploads\/2017\/12\/11187800_1003535036326245_6841047272909342224_o.jpg","wpml":{"language_code":"en","locale":"en_US","text_direction":false,"display_name":"English","native_name":"Englez\u0103","different_language":false},"jetpack-related-posts":[{"id":138182,"url":"https:\/\/moldovacrestina.md\/ru\/video-chto-mozhet-probudit-rebyat-v-lagere\/","url_meta":{"origin":84079,"position":0},"title":"(VIDEO) \u0427\u0442\u043e \u043c\u043e\u0436\u0435\u0442 \u043f\u0440\u043e\u0431\u0443\u0434\u0438\u0442\u044c \u0440\u0435\u0431\u044f\u0442 \u0432 5:50 \u0443\u0442\u0440\u0430 \u043d\u0430 \u043b\u0435\u0442\u043d\u0438\u0445 \u043a\u0430\u043d\u0438\u043a\u0443\u043b\u0430\u0445 \u043b\u0430\u0433\u0435\u0440\u0435?","author":"Svetlana Sinyaya","date":"July 25, 2017","format":false,"excerpt":"\u0413\u0435\u043e\u0440\u0433\u0438\u0439 \u0438 \u041d\u0438\u043a\u0443 \u043e\u0442\u0434\u044b\u0445\u0430\u044e\u0442 \u0432 \u043b\u0430\u0433\u0435\u0440\u0435 English For a New Life. \u041c\u044b \u0441 \u043d\u0438\u043c\u0438 \u043f\u043e\u0437\u043d\u0430\u043a\u043e\u043c\u0438\u043b\u0438\u0441\u044c \u0440\u0430\u043d\u043e \u0443\u0442\u0440\u043e\u043c, \u0442\u043e\u0447\u043d\u0435\u0435 \u0432 5:50! \u0427\u0442\u043e \u043c\u043e\u0436\u0435\u0442 \u0432\u0437\u0431\u043e\u0434\u0440\u0438\u0442\u044c \u0440\u0435\u0431\u044f\u0442 \u0432 \u0442\u0430\u043a\u0443\u044e \u0440\u0430\u043d\u044c, \u0434\u0430 \u0435\u0449\u0451 \u0438 \u043b\u0435\u0442\u043e\u043c? \u0421\u043c\u043e\u0442\u0440\u0438\u0442\u0435 \u0432 \u0432\u0438\u0434\u0435\u043e! [fbvideo link=\"https:\/\/www.facebook.com\/svetlana.sinyaya\/videos\/10154554288951780\/\" width=\"500\" height=\"400\" onlyvideo=\"1\"]","rel":"","context":"<span class=\"jp-relatedposts-post-author\">Svetlana Sinyaya<\/span>","block_context":{"text":"\u0411\u0435\u0437 \u043a\u0430\u0442\u0435\u0433\u043e\u0440\u0438\u0438","link":"https:\/\/moldovacrestina.md\/ru\/bez-kategorii\/"},"img":{"alt_text":"","src":"","width":0,"height":0},"classes":[]},{"id":159016,"url":"https:\/\/moldovacrestina.md\/ru\/podgotovka-efnl-kids\/","url_meta":{"origin":84079,"position":1},"title":"\u041f\u043e\u0434\u0433\u043e\u0442\u043e\u0432\u043a\u0430 \u0434\u043b\u044f \u043f\u0440\u0435\u043f\u043e\u0434\u0430\u0432\u0430\u043d\u0438\u044f \u0443\u0447\u0435\u0431\u043d\u0438\u043a\u0430 ENGLISH FOR A NEW LIFE for KIDS","author":"Irina Panainte","date":"December 22, 2017","format":false,"excerpt":"EFNL \u0440\u0430\u0437\u0440\u0430\u0431\u043e\u0442\u0430\u043b \u0443\u0447\u0435\u0431\u043d\u0438\u043a \u0430\u043d\u0433\u043b\u0438\u0439\u0441\u043a\u043e\u0433\u043e \u0434\u043b\u044f \u0434\u0435\u0442\u0435\u0439 \u0410\u0441\u0441\u043e\u0446\u0438\u0430\u0446\u0438\u044f\u00a0ENGLISH FOR A NEW LIFE\u00a0\u0437\u0430\u0432\u0435\u0440\u0448\u0438\u043b\u0430 \u0440\u0430\u0431\u043e\u0442\u0443 \u043d\u0430\u0434 \u0443\u0447\u0435\u0431\u043d\u0438\u043a\u043e\u043c \u0430\u043d\u0433\u043b\u0438\u0439\u0441\u043a\u043e\u0433\u043e \u0434\u043b\u044f \u0434\u0435\u0442\u0435\u0439. \u0423\u0447\u0435\u0431\u043d\u0438\u043a \u043d\u0430\u0437\u044b\u0432\u0430\u0435\u0442\u0441\u044f ENGLISH FOR A NEW LIFE for KIDS, \u0438 \u043e\u043d \u0443\u0436\u0435 \u0431\u044b\u043b \u043e\u043f\u0440\u043e\u0431\u043e\u0432\u0430\u043d \u0432 \u043f\u0440\u0435\u043f\u043e\u0434\u0430\u0432\u0430\u043d\u0438\u0438. \u0415\u0433\u043e \u043c\u043e\u0436\u043d\u043e \u043f\u0440\u043e\u0445\u043e\u0434\u0438\u0442\u044c \u0432 \u0442\u0435\u0447\u0435\u043d\u0438\u0438 \u0443\u0447\u0435\u0431\u043d\u043e\u0433\u043e \u0433\u043e\u0434\u0430. \u041e\u043d \u0441\u043e\u0434\u0435\u0440\u0436\u0438\u0442 8 \u0440\u0430\u0437\u0434\u0435\u043b\u043e\u0432 \u0438 \u0432\u0441\u0435\u0433\u043e 64 \u0443\u0440\u043e\u043a\u0430, \u0441 \u043f\u043e\u0432\u0442\u043e\u0440\u0435\u043d\u0438\u0435\u043c\u2026","rel":"","context":"<span class=\"jp-relatedposts-post-author\">Irina Panainte<\/span>","block_context":{"text":"\u041d\u043e\u0432\u043e\u0441\u0442\u0438","link":"https:\/\/moldovacrestina.md\/ru\/novosti\/"},"img":{"alt_text":"","src":"https:\/\/i0.wp.com\/moldovacrestina.md\/wp-content\/uploads\/2017\/12\/pregatire-pentru-predarea-manualului-english-new-life-kids-sesiune-engleza-pentru-copii.jpg?resize=350%2C200&ssl=1","width":350,"height":200,"srcset":"https:\/\/i0.wp.com\/moldovacrestina.md\/wp-content\/uploads\/2017\/12\/pregatire-pentru-predarea-manualului-english-new-life-kids-sesiune-engleza-pentru-copii.jpg?resize=350%2C200&ssl=1 1x, https:\/\/i0.wp.com\/moldovacrestina.md\/wp-content\/uploads\/2017\/12\/pregatire-pentru-predarea-manualului-english-new-life-kids-sesiune-engleza-pentru-copii.jpg?resize=525%2C300&ssl=1 1.5x, https:\/\/i0.wp.com\/moldovacrestina.md\/wp-content\/uploads\/2017\/12\/pregatire-pentru-predarea-manualului-english-new-life-kids-sesiune-engleza-pentru-copii.jpg?resize=700%2C400&ssl=1 2x"},"classes":[]},{"id":250510,"url":"https:\/\/moldovacrestina.md\/ru\/anglijskij-lager-efnl-v-moldove\/","url_meta":{"origin":84079,"position":2},"title":"\u0410\u043d\u0433\u043b\u0438\u0439\u0441\u043a\u0438\u0439 \u043b\u0430\u0433\u0435\u0440\u044c EFNL \u0432 \u041c\u043e\u043b\u0434\u043e\u0432\u0435","author":"Moldova Cre\u0219tin\u0103 TV","date":"August 17, 2019","format":false,"excerpt":"\u0421\u043e 2 \u043f\u043e 11 \u0430\u0432\u0433\u0443\u0441\u0442\u0430 \u0432 \u041c\u043e\u043b\u0434\u043e\u0432\u0435 \u043f\u0440\u043e\u0448\u043b\u0430 \u0432\u0442\u043e\u0440\u0430\u044f \u0441\u043c\u0435\u043d\u0430 \u0430\u043d\u0433\u043b\u0438\u0439\u0441\u043a\u043e\u0433\u043e \u043b\u0430\u0433\u0435\u0440\u044f EFNL. \u041b\u0430\u0433\u0435\u0440\u044c \u043e\u0431\u044a\u0435\u0434\u0438\u043d\u0438\u043b 300 \u0434\u0435\u0442\u0435\u0439 \u0438 \u0432\u0437\u0440\u043e\u0441\u043b\u044b\u0445, \u043a\u043e\u0442\u043e\u0440\u044b\u0435 \u043f\u043e\u0433\u0440\u0443\u0437\u0438\u043b\u0438\u0441\u044c \u0432 \u0438\u043d\u0442\u0435\u043d\u0441\u0438\u0432\u043d\u043e\u0435 \u0438\u0437\u0443\u0447\u0435\u043d\u0438\u0435 \u0430\u043d\u0433\u043b\u0438\u0439\u0441\u043a\u043e\u0433\u043e. \u041b\u0430\u0433\u0435\u0440\u044c \u043e\u0440\u0433\u0430\u043d\u0438\u0437\u043e\u0432\u0430\u043d \u0445\u0440\u0438\u0441\u0442\u0438\u0430\u043d\u0441\u043a\u043e\u0439 \u0430\u0441\u0441\u043e\u0446\u0438\u0430\u0446\u0438\u0435\u0439 \"\u0410\u043d\u0433\u043b\u0438\u0439\u0441\u043a\u0438\u0439 \u0434\u043b\u044f \u043d\u043e\u0432\u043e\u0439 \u0436\u0438\u0437\u043d\u0438\" \u0438 \u0446\u0435\u043b\u044c\u044e \u0435\u0433\u043e \u044f\u0432\u043b\u044f\u0435\u0442\u0441\u044f \u043f\u0435\u0440\u0435\u0434\u0430\u0447\u0430 \u0431\u0438\u0431\u043b\u0435\u0439\u0441\u043a\u0438\u0445 \u0438\u0441\u0442\u0438\u043d \u043e \u0411\u043e\u0433\u0435 \u0438 \u0441\u043f\u0430\u0441\u0435\u043d\u0438\u0438 \u0447\u0435\u0440\u0435\u0437 \u0418\u0438\u0441\u0443\u0441\u0430 \u0425\u0440\u0438\u0441\u0442\u0430. \u0415\u0441\u043b\u0438 \u0432\u044b \u0445\u043e\u0442\u0438\u0442\u0435\u2026","rel":"","context":"<span class=\"jp-relatedposts-post-author\">Moldova Cre\u0219tin\u0103 TV<\/span>","block_context":{"text":"\u0411\u0435\u0437 \u043a\u0430\u0442\u0435\u0433\u043e\u0440\u0438\u0438","link":"https:\/\/moldovacrestina.md\/ru\/bez-kategorii\/"},"img":{"alt_text":"","src":"https:\/\/i0.wp.com\/cdn.moldovacrestina.md\/2019\/08\/6200ef39-bi0jtsohrrw.jpg?resize=350%2C200&ssl=1","width":350,"height":200},"classes":[]},{"id":328135,"url":"https:\/\/moldovacrestina.md\/ru\/vybor-lagerya-rebjonok\/","url_meta":{"origin":84079,"position":3},"title":"\u041f\u043e \u043a\u0430\u043a\u0438\u043c \u043a\u0440\u0438\u0442\u0435\u0440\u0438\u044f\u043c \u0441\u0442\u043e\u0438\u0442 \u0432\u044b\u0431\u0438\u0440\u0430\u0442\u044c \u043b\u0430\u0433\u0435\u0440\u044c \u0434\u043b\u044f \u0440\u0435\u0431\u0451\u043d\u043a\u0430?","author":"Oxana Tentiuc","date":"July 8, 2021","format":false,"excerpt":"\u0413\u043b\u0443\u0431\u043e\u043a\u043e\u0435 \u0438\u0437\u0443\u0447\u0435\u043d\u0438\u0435 \u0411\u0438\u0431\u043b\u0438\u0438 \u0414\u043b\u044f \u043c\u0435\u043d\u044f \u0421\u043b\u043e\u0432\u043e \u0411\u043e\u0436\u044c\u0435 \u2014 \u044d\u0442\u043e \u0430\u0432\u0442\u043e\u0440\u0438\u0442\u0435\u0442. \u041e\u043d\u043e \u043f\u043e\u043b\u0435\u0437\u043d\u043e \u00ab\u0434\u043b\u044f \u043d\u0430\u0443\u0447\u0435\u043d\u0438\u044f, \u0434\u043b\u044f \u043e\u0431\u043b\u0438\u0447\u0435\u043d\u0438\u044f, \u0434\u043b\u044f \u0438\u0441\u043f\u0440\u0430\u0432\u043b\u0435\u043d\u0438\u044f, \u0434\u043b\u044f \u043d\u0430\u0441\u0442\u0430\u0432\u043b\u0435\u043d\u0438\u044f \u0432 \u043f\u0440\u0430\u0432\u0435\u0434\u043d\u043e\u0441\u0442\u0438, \u0434\u0430 \u0431\u0443\u0434\u0435\u0442 \u0441\u043e\u0432\u0435\u0440\u0448\u0435\u043d \u0411\u043e\u0436\u0438\u0439 \u0447\u0435\u043b\u043e\u0432\u0435\u043a, \u043a\u043e \u0432\u0441\u044f\u043a\u043e\u043c\u0443 \u0434\u043e\u0431\u0440\u043e\u043c\u0443 \u0434\u0435\u043b\u0443 \u043f\u0440\u0438\u0433\u043e\u0442\u043e\u0432\u043b\u0435\u043d\u00bb. (2 \u0422\u0438\u043c\u043e\u0444\u0435\u044e 3:16-17) \u042f \u043d\u0435 \u0440\u0430\u0437 \u0432\u0438\u0434\u0435\u043b\u0430, \u043a\u0430\u043a \u041f\u0438\u0441\u0430\u043d\u0438\u0435 \u043a\u0430\u0441\u0430\u0435\u0442\u0441\u044f \u0434\u0435\u0442\u0441\u043a\u0438\u0445 \u0441\u0435\u0440\u0434\u0435\u0446 \u0438 \u043c\u0435\u043d\u044f\u0435\u0442 \u0438\u0445, \u043f\u043e\u043c\u043e\u0433\u0430\u0435\u0442 \u0434\u0435\u0442\u044f\u043c \u0441\u043b\u0443\u0448\u0430\u0442\u044c\u0441\u044f\u2026","rel":"","context":"<span class=\"jp-relatedposts-post-author\">Oxana Tentiuc<\/span>","block_context":{"text":"\u0411\u043b\u043e\u0433\u043e\u0441\u0444\u0435\u0440\u0430","link":"https:\/\/moldovacrestina.md\/ru\/vospitanie-ru\/blogosfera-ru\/"},"img":{"alt_text":"","src":"https:\/\/i0.wp.com\/moldovacrestina.md\/wp-content\/uploads\/2017\/07\/moldovacrestina.md-criterii-dupa-care-sa-alegi-o-tabara-pentru-copilul-tau-13726818_861441180629006_1128703789004749084_n.jpg?resize=350%2C200&ssl=1","width":350,"height":200,"srcset":"https:\/\/i0.wp.com\/moldovacrestina.md\/wp-content\/uploads\/2017\/07\/moldovacrestina.md-criterii-dupa-care-sa-alegi-o-tabara-pentru-copilul-tau-13726818_861441180629006_1128703789004749084_n.jpg?resize=350%2C200&ssl=1 1x, https:\/\/i0.wp.com\/moldovacrestina.md\/wp-content\/uploads\/2017\/07\/moldovacrestina.md-criterii-dupa-care-sa-alegi-o-tabara-pentru-copilul-tau-13726818_861441180629006_1128703789004749084_n.jpg?resize=525%2C300&ssl=1 1.5x, https:\/\/i0.wp.com\/moldovacrestina.md\/wp-content\/uploads\/2017\/07\/moldovacrestina.md-criterii-dupa-care-sa-alegi-o-tabara-pentru-copilul-tau-13726818_861441180629006_1128703789004749084_n.jpg?resize=700%2C400&ssl=1 2x"},"classes":[]},{"id":121215,"url":"https:\/\/moldovacrestina.md\/ru\/anons-budet-organizovan-lager-english-for-a-new-life-2017\/","url_meta":{"origin":84079,"position":4},"title":"\u0410\u041d\u041e\u041d\u0421: \u0411\u0443\u0434\u0435\u0442 \u043e\u0440\u0433\u0430\u043d\u0438\u0437\u043e\u0432\u0430\u043d \u043b\u0430\u0433\u0435\u0440\u044c ENGLISH FOR A NEW LIFE 2017","author":"Elena Suman","date":"March 2, 2017","format":false,"excerpt":"\u0412 \u043f\u0435\u0440\u0438\u043e\u0434 19-29 \u0438\u044e\u043b\u044f 2017 \u043f\u0440\u043e\u0439\u0434\u0451\u0442\u00a0\u043b\u0430\u0433\u0435\u0440\u044c \"English For a New Life\" 2017. \u041c\u0435\u0440\u043e\u043f\u0440\u0438\u044f\u0442\u0438\u0435 \u0431\u0443\u0434\u0435\u0442 \u043f\u0440\u043e\u0445\u043e\u0434\u0438\u0442\u044c \u043d\u0430 \u0431\u0430\u0437\u0435 \"\u0414\u0440\u0443\u0436\u0431\u0430\" (\"Prietenia\"), \u0432 \u0441\u0435\u043b\u0435 \u041a\u043e\u0448\u043d\u0438\u0446\u0430, \u0414\u0443\u0431\u044d\u0441\u0430\u0440\u0441\u043a\u043e\u0433\u043e \u0440\u0430\u0439\u043e\u043d\u0430. \u0412 \u043b\u0430\u0433\u0435\u0440\u044c \u043c\u043e\u0433\u0443\u0442 \u043f\u0440\u0438\u0435\u0445\u0430\u0442\u044c \u043b\u044e\u0434\u0438 \u0441 \u043b\u044e\u0431\u044b\u043c \u0443\u0440\u043e\u0432\u043d\u0435\u043c \u0437\u043d\u0430\u043d\u0438\u044f \u0430\u043d\u0433\u043b\u0438\u0439\u0441\u043a\u043e\u0433\u043e \u044f\u0437\u044b\u043a\u0430. \u0421\u0442\u0443\u0434\u0435\u043d\u0442\u044b \u043d\u0430\u0447\u0438\u043d\u0430\u044e\u0449\u0435\u0433\u043e \u0438 \u0441\u0440\u0435\u0434\u043d\u0435\u0433\u043e \u0443\u0440\u043e\u0432\u043d\u0435\u0439 \u0431\u0443\u0434\u0443\u0442 \u0438\u0437\u0443\u0447\u0430\u0442\u044c \u0430\u043d\u0433\u043b\u0438\u0439\u0441\u043a\u0438\u0439 \u043f\u043e \u0443\u0447\u0435\u0431\u043d\u0438\u043a\u0443 \"English For a New Life\"\u2026","rel":"","context":"<span class=\"jp-relatedposts-post-author\">Elena Suman<\/span>","block_context":{"text":"\u041d\u043e\u0432\u043e\u0441\u0442\u0438","link":"https:\/\/moldovacrestina.md\/ru\/novosti\/"},"img":{"alt_text":"","src":"https:\/\/i0.wp.com\/moldovacrestina.md\/wp-content\/uploads\/2017\/03\/jpg-1024x576-1.jpg?resize=350%2C200&ssl=1","width":350,"height":200,"srcset":"https:\/\/i0.wp.com\/moldovacrestina.md\/wp-content\/uploads\/2017\/03\/jpg-1024x576-1.jpg?resize=350%2C200&ssl=1 1x, https:\/\/i0.wp.com\/moldovacrestina.md\/wp-content\/uploads\/2017\/03\/jpg-1024x576-1.jpg?resize=525%2C300&ssl=1 1.5x, https:\/\/i0.wp.com\/moldovacrestina.md\/wp-content\/uploads\/2017\/03\/jpg-1024x576-1.jpg?resize=700%2C400&ssl=1 2x"},"classes":[]},{"id":83594,"url":"https:\/\/moldovacrestina.md\/ru\/hto-znachit-zlosloviti-za-hrista\/","url_meta":{"origin":84079,"position":5},"title":"\u041d\u0430 \u0447\u0442\u043e \u0441\u0441\u044b\u043b\u0430\u0435\u0442\u0441\u044f \u0418\u0438\u0441\u0443\u0441 \u0425\u0440\u0438\u0441\u0442\u043e\u0441, \u0433\u043e\u0432\u043e\u0440\u044f \u201c\u043d\u0435\u043f\u0440\u0430\u0432\u0435\u0434\u043d\u043e \u0437\u043b\u043e\u0441\u043b\u043e\u0432\u0438\u0442\u044c \u0437\u0430 \u041c\u0435\u043d\u044f\u201d?","author":"Vasile Filat","date":"September 8, 2010","format":false,"excerpt":"\u0412\u043e\u043f\u0440\u043e\u0441: \u0421\u0435\u0433\u043e\u0434\u043d\u044f \u0432\u043e \u0432\u0440\u0435\u043c\u044f \u043e\u0431\u0435\u0434\u0435\u043d\u043d\u043e\u0433\u043e \u043f\u0435\u0440\u0435\u0440\u044b\u0432\u0430 \u044f \u0441\u043b\u0443\u0448\u0430\u043b \u043e \u0431\u043b\u0430\u0436\u0435\u043d\u0441\u0442\u0432\u0430\u0445, \u0441\u043a\u0430\u0437\u0430\u043d\u043d\u044b\u0445 \u0418\u0438\u0441\u0443\u0441\u043e\u043c \u0425\u0440\u0438\u0441\u0442\u043e\u043c \u0432 \u041d\u0430\u0433\u043e\u0440\u043d\u043e\u0439 \u041f\u0440\u043e\u043f\u043e\u0432\u0435\u0434\u0438, \u0438 \u0443 \u043c\u0435\u043d\u044f \u0435\u0441\u0442\u044c \u043d\u0435\u0434\u043e\u043f\u043e\u043d\u0438\u043c\u0430\u043d\u0438\u0435 \u043f\u043e \u044d\u0442\u043e\u043c\u0443 \u043f\u043e\u0432\u043e\u0434\u0443. \u042f \u043f\u043e\u043d\u0438\u043c\u0430\u044e, \u0447\u0442\u043e \u0425\u0440\u0438\u0441\u0442\u043e\u0441 \u0441\u043a\u0430\u0437\u0430\u043b \u0443\u0447\u0435\u043d\u0438\u043a\u0430\u043c, \u0447\u0442\u043e \u043e\u043d\u0438 \u0431\u0443\u0434\u0443\u0442 \u0441\u0442\u0440\u0430\u0434\u0430\u0442\u044c \u043f\u043e \u043f\u0440\u0438\u0447\u0438\u043d\u0435 \u043f\u0440\u043e\u043f\u043e\u0432\u0435\u0434\u0438 \u0421\u043b\u043e\u0432\u0430 \u0438\u043b\u0438 \u0441\u043e \u0441\u0442\u043e\u0440\u043e\u043d\u044b \u043d\u0435\u0432\u0435\u0440\u0443\u044e\u0449\u0438\u0445, \u043d\u043e \u044f \u043d\u0435 \u043f\u043e\u043d\u0438\u043c\u0430\u044e \u0432\u044b\u0440\u0430\u0436\u0435\u043d\u0438\u044f \u201c\u043d\u0435\u043f\u0440\u0430\u0432\u0435\u0434\u043d\u043e \u0437\u043b\u043e\u0441\u043b\u043e\u0432\u0438\u0442\u044c \u0437\u0430\u2026","rel":"","context":"<span class=\"jp-relatedposts-post-author\">Vasile Filat<\/span>","block_context":{"text":"\u0414\u043e\u043a\u0442\u0440\u0438\u043d\u044b","link":"https:\/\/moldovacrestina.md\/ru\/otvety-iz-biblii\/doktriny-ru\/"},"img":{"alt_text":"","src":"","width":0,"height":0},"classes":[]}],"jetpack_sharing_enabled":true,"_links":{"self":[{"href":"https:\/\/moldovacrestina.md\/en\/wp-json\/wp\/v2\/posts\/84079","targetHints":{"allow":["GET"]}}],"collection":[{"href":"https:\/\/moldovacrestina.md\/en\/wp-json\/wp\/v2\/posts"}],"about":[{"href":"https:\/\/moldovacrestina.md\/en\/wp-json\/wp\/v2\/types\/post"}],"author":[{"embeddable":true,"href":"https:\/\/moldovacrestina.md\/en\/wp-json\/wp\/v2\/users\/46"}],"replies":[{"embeddable":true,"href":"https:\/\/moldovacrestina.md\/en\/wp-json\/wp\/v2\/comments?post=84079"}],"version-history":[{"count":0,"href":"https:\/\/moldovacrestina.md\/en\/wp-json\/wp\/v2\/posts\/84079\/revisions"}],"wp:featuredmedia":[{"embeddable":true,"href":"https:\/\/moldovacrestina.md\/en\/wp-json\/wp\/v2\/media\/84081"}],"wp:attachment":[{"href":"https:\/\/moldovacrestina.md\/en\/wp-json\/wp\/v2\/media?parent=84079"}],"wp:term":[{"taxonomy":"category","embeddable":true,"href":"https:\/\/moldovacrestina.md\/en\/wp-json\/wp\/v2\/categories?post=84079"},{"taxonomy":"post_tag","embeddable":true,"href":"https:\/\/moldovacrestina.md\/en\/wp-json\/wp\/v2\/tags?post=84079"}],"curies":[{"name":"wp","href":"https:\/\/api.w.org\/{rel}","templated":true}]}}