{"id":83992,"date":"2013-07-20T00:16:46","date_gmt":"2013-07-19T22:16:46","guid":{"rendered":"https:\/\/moldovacrestina.md\/opening-english-camp-in-vatici-orhi-moldova"},"modified":"2013-07-20T00:16:46","modified_gmt":"2013-07-19T22:16:46","slug":"opening-english-camp-in-vatici-orhi-moldova","status":"publish","type":"post","link":"https:\/\/moldovacrestina.md\/en\/opening-english-camp-in-vatici-orhi-moldova\/","title":{"rendered":"Opening English Camp in Vatici, Orhi, Moldova"},"content":{"rendered":"<p style=\"text-align: justify\">\n<p><span><\/span><\/p>\n<p><span>English camp &#8216;English For a New Life&#8217; started on 18th of July. So many new faces! And all the students want to learn to speak English, study the Bible, and just enjoy each other&#8217;s company. Perhaps they can teach us English in ten days!<\/span><\/p><\/p>\n","protected":false},"excerpt":{"rendered":"<p>English camp &#8216;English For a New Life&#8217; started on 18th of July. So many new faces! And all the students want to learn to speak English, study the Bible, and just enjoy each other&#8217;s company. Perhaps they can teach us English in ten days!<\/p>\n","protected":false},"author":93,"featured_media":0,"comment_status":"closed","ping_status":"closed","sticky":false,"template":"","format":"standard","meta":{"_acf_changed":false,"inline_featured_image":false,"_monsterinsights_skip_tracking":false,"_monsterinsights_sitenote_active":false,"_monsterinsights_sitenote_note":"","_monsterinsights_sitenote_category":0,"_genesis_hide_title":false,"_genesis_hide_breadcrumbs":false,"_genesis_hide_singular_image":false,"_genesis_hide_footer_widgets":false,"_genesis_custom_body_class":"","_genesis_custom_post_class":"","_genesis_layout":"","ep_exclude_from_search":false,"_jetpack_memberships_contains_paid_content":false,"footnotes":""},"categories":[134],"tags":[9279,18580,329,9504,18950,1101,9668,19257,2524,9683,19788,4151,9726,20667,7796,9847,7934,9922,8074,9955,8075,9961,8482,10083,8737,10207,8834,10427,8845,10619,8864,10723,9155,10844,9182,12964],"class_list":{"0":"post-83992","1":"post","2":"type-post","3":"status-publish","4":"format-standard","6":"category-blogosphere","7":"tag-bible","8":"tag-ny","9":"tag-da","10":"tag-mol","11":"tag-i","12":"tag-co","13":"tag-ta","14":"tag-study","15":"tag-mo","16":"tag-do","17":"tag-joy","18":"tag-st","19":"tag-j","20":"tag-study-the-bible","21":"tag-man","22":"tag-r","23":"tag-moldova","24":"tag-o","25":"tag-camp","26":"tag-english-for-a-new-life","27":"tag-english","28":"tag-tea","29":"tag-om","30":"tag-ca","31":"tag-stud","32":"tag-english-camp","33":"tag-te","34":"tag-l","35":"tag-p","36":"tag-le","37":"tag-fa","38":"tag-b","39":"tag-student","40":"tag-the","41":"tag-t","42":"tag-vatici","43":"entry"},"acf":[],"yoast_head":"<!-- This site is optimized with the Yoast SEO Premium plugin v26.5 (Yoast SEO v27.4) - https:\/\/yoast.com\/product\/yoast-seo-premium-wordpress\/ -->\n<title>Opening English Camp in Vatici, Orhi, Moldova &#8226; Moldova Cre\u0219tin\u0103<\/title>\n<meta name=\"robots\" content=\"index, follow, max-snippet:-1, max-image-preview:large, max-video-preview:-1\" \/>\n<link rel=\"canonical\" href=\"https:\/\/moldovacrestina.md\/en\/opening-english-camp-in-vatici-orhi-moldova\/\" \/>\n<meta property=\"og:locale\" content=\"en_US\" \/>\n<meta property=\"og:type\" content=\"article\" \/>\n<meta property=\"og:title\" content=\"Opening English Camp in Vatici, Orhi, Moldova\" \/>\n<meta property=\"og:description\" content=\"English camp &#8216;English For a New Life&#8217; started on 18th of July. So many new faces! And all the students want to learn to speak English, study the Bible, and just enjoy each other&#8217;s company. Perhaps they can teach us English in ten days!\" \/>\n<meta property=\"og:url\" content=\"https:\/\/moldovacrestina.md\/en\/opening-english-camp-in-vatici-orhi-moldova\/\" \/>\n<meta property=\"og:site_name\" content=\"Moldova Cre\u0219tin\u0103\" \/>\n<meta property=\"article:publisher\" content=\"https:\/\/www.facebook.com\/moldovacrestina\/\" \/>\n<meta property=\"article:published_time\" content=\"2013-07-19T22:16:46+00:00\" \/>\n<meta name=\"author\" content=\"Samer Aboalway\" \/>\n<meta name=\"twitter:card\" content=\"summary_large_image\" \/>\n<meta name=\"twitter:creator\" content=\"@moldovacrestina\" \/>\n<meta name=\"twitter:site\" content=\"@moldovacrestina\" \/>\n<meta name=\"twitter:label1\" content=\"Written by\" \/>\n\t<meta name=\"twitter:data1\" content=\"Samer Aboalway\" \/>\n<script type=\"application\/ld+json\" class=\"yoast-schema-graph\">{\"@context\":\"https:\\\/\\\/schema.org\",\"@graph\":[{\"@type\":\"Article\",\"@id\":\"https:\\\/\\\/moldovacrestina.md\\\/en\\\/opening-english-camp-in-vatici-orhi-moldova\\\/#article\",\"isPartOf\":{\"@id\":\"https:\\\/\\\/moldovacrestina.md\\\/en\\\/opening-english-camp-in-vatici-orhi-moldova\\\/\"},\"author\":{\"name\":\"Samer Aboalway\",\"@id\":\"https:\\\/\\\/moldovacrestina.md\\\/en\\\/#\\\/schema\\\/person\\\/16bdda135558745d365c467a269bd1a4\"},\"headline\":\"Opening English Camp in Vatici, Orhi, Moldova\",\"datePublished\":\"2013-07-19T22:16:46+00:00\",\"mainEntityOfPage\":{\"@id\":\"https:\\\/\\\/moldovacrestina.md\\\/en\\\/opening-english-camp-in-vatici-orhi-moldova\\\/\"},\"wordCount\":52,\"keywords\":[\"bible\",\"NY\",\"da\",\"mol\",\"I\",\"co\",\"ta\",\"study\",\"mo\",\"Do\",\"joy\",\"st\",\"j\",\"study the Bible\",\"Man\",\"r\",\"moldova\",\"o\",\"Camp\",\"english for a new life\",\"English\",\"tea\",\"om\",\"ca\",\"Stud\",\"english camp\",\"Te\",\"l\",\"P\",\"le\",\"Fa\",\"b\",\"student\",\"the\",\"t\",\"Vatici\"],\"articleSection\":[\"Blogosphere\"],\"inLanguage\":\"en-US\"},{\"@type\":\"WebPage\",\"@id\":\"https:\\\/\\\/moldovacrestina.md\\\/en\\\/opening-english-camp-in-vatici-orhi-moldova\\\/\",\"url\":\"https:\\\/\\\/moldovacrestina.md\\\/en\\\/opening-english-camp-in-vatici-orhi-moldova\\\/\",\"name\":\"Opening English Camp in Vatici, Orhi, Moldova &#8226; Moldova Cre\u0219tin\u0103\",\"isPartOf\":{\"@id\":\"https:\\\/\\\/moldovacrestina.md\\\/en\\\/#website\"},\"datePublished\":\"2013-07-19T22:16:46+00:00\",\"author\":{\"@id\":\"https:\\\/\\\/moldovacrestina.md\\\/en\\\/#\\\/schema\\\/person\\\/16bdda135558745d365c467a269bd1a4\"},\"breadcrumb\":{\"@id\":\"https:\\\/\\\/moldovacrestina.md\\\/en\\\/opening-english-camp-in-vatici-orhi-moldova\\\/#breadcrumb\"},\"inLanguage\":\"en-US\",\"potentialAction\":[{\"@type\":\"ReadAction\",\"target\":[\"https:\\\/\\\/moldovacrestina.md\\\/en\\\/opening-english-camp-in-vatici-orhi-moldova\\\/\"]}]},{\"@type\":\"BreadcrumbList\",\"@id\":\"https:\\\/\\\/moldovacrestina.md\\\/en\\\/opening-english-camp-in-vatici-orhi-moldova\\\/#breadcrumb\",\"itemListElement\":[{\"@type\":\"ListItem\",\"position\":1,\"name\":\"Prima pagin\u0103\",\"item\":\"https:\\\/\\\/moldovacrestina.md\\\/en\\\/\"},{\"@type\":\"ListItem\",\"position\":2,\"name\":\"Education\",\"item\":\"https:\\\/\\\/moldovacrestina.md\\\/en\\\/education-en\\\/\"},{\"@type\":\"ListItem\",\"position\":3,\"name\":\"Blogosphere\",\"item\":\"https:\\\/\\\/moldovacrestina.md\\\/en\\\/education-en\\\/blogosphere\\\/\"},{\"@type\":\"ListItem\",\"position\":4,\"name\":\"Opening English Camp in Vatici, Orhi, Moldova\"}]},{\"@type\":\"WebSite\",\"@id\":\"https:\\\/\\\/moldovacrestina.md\\\/en\\\/#website\",\"url\":\"https:\\\/\\\/moldovacrestina.md\\\/en\\\/\",\"name\":\"Moldova Cre\u0219tin\u0103\",\"description\":\"R\u0103spunsuri relevante \u0219i actuale din Biblie\",\"potentialAction\":[{\"@type\":\"SearchAction\",\"target\":{\"@type\":\"EntryPoint\",\"urlTemplate\":\"https:\\\/\\\/moldovacrestina.md\\\/en\\\/?s={search_term_string}\"},\"query-input\":{\"@type\":\"PropertyValueSpecification\",\"valueRequired\":true,\"valueName\":\"search_term_string\"}}],\"inLanguage\":\"en-US\"},{\"@type\":\"Person\",\"@id\":\"https:\\\/\\\/moldovacrestina.md\\\/en\\\/#\\\/schema\\\/person\\\/16bdda135558745d365c467a269bd1a4\",\"name\":\"Samer Aboalway\",\"image\":{\"@type\":\"ImageObject\",\"inLanguage\":\"en-US\",\"@id\":\"https:\\\/\\\/secure.gravatar.com\\\/avatar\\\/2a40c2fca0d767c7f19d54139b7530f1c101b0ea493534fa6be2e9588ccc1bf5?s=96&d=mm&r=g\",\"url\":\"https:\\\/\\\/secure.gravatar.com\\\/avatar\\\/2a40c2fca0d767c7f19d54139b7530f1c101b0ea493534fa6be2e9588ccc1bf5?s=96&d=mm&r=g\",\"contentUrl\":\"https:\\\/\\\/secure.gravatar.com\\\/avatar\\\/2a40c2fca0d767c7f19d54139b7530f1c101b0ea493534fa6be2e9588ccc1bf5?s=96&d=mm&r=g\",\"caption\":\"Samer Aboalway\"},\"url\":\"https:\\\/\\\/moldovacrestina.md\\\/en\\\/author\\\/samer4j9sus\\\/\"}]}<\/script>\n<!-- \/ Yoast SEO Premium plugin. -->","yoast_head_json":{"title":"Opening English Camp in Vatici, Orhi, Moldova &#8226; Moldova Cre\u0219tin\u0103","robots":{"index":"index","follow":"follow","max-snippet":"max-snippet:-1","max-image-preview":"max-image-preview:large","max-video-preview":"max-video-preview:-1"},"canonical":"https:\/\/moldovacrestina.md\/en\/opening-english-camp-in-vatici-orhi-moldova\/","og_locale":"en_US","og_type":"article","og_title":"Opening English Camp in Vatici, Orhi, Moldova","og_description":"English camp &#8216;English For a New Life&#8217; started on 18th of July. So many new faces! And all the students want to learn to speak English, study the Bible, and just enjoy each other&#8217;s company. Perhaps they can teach us English in ten days!","og_url":"https:\/\/moldovacrestina.md\/en\/opening-english-camp-in-vatici-orhi-moldova\/","og_site_name":"Moldova Cre\u0219tin\u0103","article_publisher":"https:\/\/www.facebook.com\/moldovacrestina\/","article_published_time":"2013-07-19T22:16:46+00:00","author":"Samer Aboalway","twitter_card":"summary_large_image","twitter_creator":"@moldovacrestina","twitter_site":"@moldovacrestina","twitter_misc":{"Written by":"Samer Aboalway"},"schema":{"@context":"https:\/\/schema.org","@graph":[{"@type":"Article","@id":"https:\/\/moldovacrestina.md\/en\/opening-english-camp-in-vatici-orhi-moldova\/#article","isPartOf":{"@id":"https:\/\/moldovacrestina.md\/en\/opening-english-camp-in-vatici-orhi-moldova\/"},"author":{"name":"Samer Aboalway","@id":"https:\/\/moldovacrestina.md\/en\/#\/schema\/person\/16bdda135558745d365c467a269bd1a4"},"headline":"Opening English Camp in Vatici, Orhi, Moldova","datePublished":"2013-07-19T22:16:46+00:00","mainEntityOfPage":{"@id":"https:\/\/moldovacrestina.md\/en\/opening-english-camp-in-vatici-orhi-moldova\/"},"wordCount":52,"keywords":["bible","NY","da","mol","I","co","ta","study","mo","Do","joy","st","j","study the Bible","Man","r","moldova","o","Camp","english for a new life","English","tea","om","ca","Stud","english camp","Te","l","P","le","Fa","b","student","the","t","Vatici"],"articleSection":["Blogosphere"],"inLanguage":"en-US"},{"@type":"WebPage","@id":"https:\/\/moldovacrestina.md\/en\/opening-english-camp-in-vatici-orhi-moldova\/","url":"https:\/\/moldovacrestina.md\/en\/opening-english-camp-in-vatici-orhi-moldova\/","name":"Opening English Camp in Vatici, Orhi, Moldova &#8226; Moldova Cre\u0219tin\u0103","isPartOf":{"@id":"https:\/\/moldovacrestina.md\/en\/#website"},"datePublished":"2013-07-19T22:16:46+00:00","author":{"@id":"https:\/\/moldovacrestina.md\/en\/#\/schema\/person\/16bdda135558745d365c467a269bd1a4"},"breadcrumb":{"@id":"https:\/\/moldovacrestina.md\/en\/opening-english-camp-in-vatici-orhi-moldova\/#breadcrumb"},"inLanguage":"en-US","potentialAction":[{"@type":"ReadAction","target":["https:\/\/moldovacrestina.md\/en\/opening-english-camp-in-vatici-orhi-moldova\/"]}]},{"@type":"BreadcrumbList","@id":"https:\/\/moldovacrestina.md\/en\/opening-english-camp-in-vatici-orhi-moldova\/#breadcrumb","itemListElement":[{"@type":"ListItem","position":1,"name":"Prima pagin\u0103","item":"https:\/\/moldovacrestina.md\/en\/"},{"@type":"ListItem","position":2,"name":"Education","item":"https:\/\/moldovacrestina.md\/en\/education-en\/"},{"@type":"ListItem","position":3,"name":"Blogosphere","item":"https:\/\/moldovacrestina.md\/en\/education-en\/blogosphere\/"},{"@type":"ListItem","position":4,"name":"Opening English Camp in Vatici, Orhi, Moldova"}]},{"@type":"WebSite","@id":"https:\/\/moldovacrestina.md\/en\/#website","url":"https:\/\/moldovacrestina.md\/en\/","name":"Moldova Cre\u0219tin\u0103","description":"R\u0103spunsuri relevante \u0219i actuale din Biblie","potentialAction":[{"@type":"SearchAction","target":{"@type":"EntryPoint","urlTemplate":"https:\/\/moldovacrestina.md\/en\/?s={search_term_string}"},"query-input":{"@type":"PropertyValueSpecification","valueRequired":true,"valueName":"search_term_string"}}],"inLanguage":"en-US"},{"@type":"Person","@id":"https:\/\/moldovacrestina.md\/en\/#\/schema\/person\/16bdda135558745d365c467a269bd1a4","name":"Samer Aboalway","image":{"@type":"ImageObject","inLanguage":"en-US","@id":"https:\/\/secure.gravatar.com\/avatar\/2a40c2fca0d767c7f19d54139b7530f1c101b0ea493534fa6be2e9588ccc1bf5?s=96&d=mm&r=g","url":"https:\/\/secure.gravatar.com\/avatar\/2a40c2fca0d767c7f19d54139b7530f1c101b0ea493534fa6be2e9588ccc1bf5?s=96&d=mm&r=g","contentUrl":"https:\/\/secure.gravatar.com\/avatar\/2a40c2fca0d767c7f19d54139b7530f1c101b0ea493534fa6be2e9588ccc1bf5?s=96&d=mm&r=g","caption":"Samer Aboalway"},"url":"https:\/\/moldovacrestina.md\/en\/author\/samer4j9sus\/"}]}},"jetpack_featured_media_url":"","video_meta":false,"featured_image":false,"wpml":{"language_code":"en","locale":"en_US","text_direction":false,"display_name":"English","native_name":"Englez\u0103","different_language":false},"jetpack-related-posts":[{"id":138182,"url":"https:\/\/moldovacrestina.md\/ru\/video-chto-mozhet-probudit-rebyat-v-lagere\/","url_meta":{"origin":83992,"position":0},"title":"(VIDEO) \u0427\u0442\u043e \u043c\u043e\u0436\u0435\u0442 \u043f\u0440\u043e\u0431\u0443\u0434\u0438\u0442\u044c \u0440\u0435\u0431\u044f\u0442 \u0432 5:50 \u0443\u0442\u0440\u0430 \u043d\u0430 \u043b\u0435\u0442\u043d\u0438\u0445 \u043a\u0430\u043d\u0438\u043a\u0443\u043b\u0430\u0445 \u043b\u0430\u0433\u0435\u0440\u0435?","author":"Svetlana Sinyaya","date":"July 25, 2017","format":false,"excerpt":"\u0413\u0435\u043e\u0440\u0433\u0438\u0439 \u0438 \u041d\u0438\u043a\u0443 \u043e\u0442\u0434\u044b\u0445\u0430\u044e\u0442 \u0432 \u043b\u0430\u0433\u0435\u0440\u0435 English For a New Life. \u041c\u044b \u0441 \u043d\u0438\u043c\u0438 \u043f\u043e\u0437\u043d\u0430\u043a\u043e\u043c\u0438\u043b\u0438\u0441\u044c \u0440\u0430\u043d\u043e \u0443\u0442\u0440\u043e\u043c, \u0442\u043e\u0447\u043d\u0435\u0435 \u0432 5:50! \u0427\u0442\u043e \u043c\u043e\u0436\u0435\u0442 \u0432\u0437\u0431\u043e\u0434\u0440\u0438\u0442\u044c \u0440\u0435\u0431\u044f\u0442 \u0432 \u0442\u0430\u043a\u0443\u044e \u0440\u0430\u043d\u044c, \u0434\u0430 \u0435\u0449\u0451 \u0438 \u043b\u0435\u0442\u043e\u043c? \u0421\u043c\u043e\u0442\u0440\u0438\u0442\u0435 \u0432 \u0432\u0438\u0434\u0435\u043e! [fbvideo link=\"https:\/\/www.facebook.com\/svetlana.sinyaya\/videos\/10154554288951780\/\" width=\"500\" height=\"400\" onlyvideo=\"1\"]","rel":"","context":"<span class=\"jp-relatedposts-post-author\">Svetlana Sinyaya<\/span>","block_context":{"text":"\u0411\u0435\u0437 \u043a\u0430\u0442\u0435\u0433\u043e\u0440\u0438\u0438","link":"https:\/\/moldovacrestina.md\/ru\/bez-kategorii\/"},"img":{"alt_text":"","src":"","width":0,"height":0},"classes":[]},{"id":121215,"url":"https:\/\/moldovacrestina.md\/ru\/anons-budet-organizovan-lager-english-for-a-new-life-2017\/","url_meta":{"origin":83992,"position":1},"title":"\u0410\u041d\u041e\u041d\u0421: \u0411\u0443\u0434\u0435\u0442 \u043e\u0440\u0433\u0430\u043d\u0438\u0437\u043e\u0432\u0430\u043d \u043b\u0430\u0433\u0435\u0440\u044c ENGLISH FOR A NEW LIFE 2017","author":"Elena Suman","date":"March 2, 2017","format":false,"excerpt":"\u0412 \u043f\u0435\u0440\u0438\u043e\u0434 19-29 \u0438\u044e\u043b\u044f 2017 \u043f\u0440\u043e\u0439\u0434\u0451\u0442\u00a0\u043b\u0430\u0433\u0435\u0440\u044c \"English For a New Life\" 2017. \u041c\u0435\u0440\u043e\u043f\u0440\u0438\u044f\u0442\u0438\u0435 \u0431\u0443\u0434\u0435\u0442 \u043f\u0440\u043e\u0445\u043e\u0434\u0438\u0442\u044c \u043d\u0430 \u0431\u0430\u0437\u0435 \"\u0414\u0440\u0443\u0436\u0431\u0430\" (\"Prietenia\"), \u0432 \u0441\u0435\u043b\u0435 \u041a\u043e\u0448\u043d\u0438\u0446\u0430, \u0414\u0443\u0431\u044d\u0441\u0430\u0440\u0441\u043a\u043e\u0433\u043e \u0440\u0430\u0439\u043e\u043d\u0430. \u0412 \u043b\u0430\u0433\u0435\u0440\u044c \u043c\u043e\u0433\u0443\u0442 \u043f\u0440\u0438\u0435\u0445\u0430\u0442\u044c \u043b\u044e\u0434\u0438 \u0441 \u043b\u044e\u0431\u044b\u043c \u0443\u0440\u043e\u0432\u043d\u0435\u043c \u0437\u043d\u0430\u043d\u0438\u044f \u0430\u043d\u0433\u043b\u0438\u0439\u0441\u043a\u043e\u0433\u043e \u044f\u0437\u044b\u043a\u0430. \u0421\u0442\u0443\u0434\u0435\u043d\u0442\u044b \u043d\u0430\u0447\u0438\u043d\u0430\u044e\u0449\u0435\u0433\u043e \u0438 \u0441\u0440\u0435\u0434\u043d\u0435\u0433\u043e \u0443\u0440\u043e\u0432\u043d\u0435\u0439 \u0431\u0443\u0434\u0443\u0442 \u0438\u0437\u0443\u0447\u0430\u0442\u044c \u0430\u043d\u0433\u043b\u0438\u0439\u0441\u043a\u0438\u0439 \u043f\u043e \u0443\u0447\u0435\u0431\u043d\u0438\u043a\u0443 \"English For a New Life\"\u2026","rel":"","context":"<span class=\"jp-relatedposts-post-author\">Elena Suman<\/span>","block_context":{"text":"\u041d\u043e\u0432\u043e\u0441\u0442\u0438","link":"https:\/\/moldovacrestina.md\/ru\/novosti\/"},"img":{"alt_text":"","src":"https:\/\/i0.wp.com\/moldovacrestina.md\/wp-content\/uploads\/2017\/03\/jpg-1024x576-1.jpg?resize=350%2C200&ssl=1","width":350,"height":200,"srcset":"https:\/\/i0.wp.com\/moldovacrestina.md\/wp-content\/uploads\/2017\/03\/jpg-1024x576-1.jpg?resize=350%2C200&ssl=1 1x, https:\/\/i0.wp.com\/moldovacrestina.md\/wp-content\/uploads\/2017\/03\/jpg-1024x576-1.jpg?resize=525%2C300&ssl=1 1.5x, https:\/\/i0.wp.com\/moldovacrestina.md\/wp-content\/uploads\/2017\/03\/jpg-1024x576-1.jpg?resize=700%2C400&ssl=1 2x"},"classes":[]},{"id":159016,"url":"https:\/\/moldovacrestina.md\/ru\/podgotovka-efnl-kids\/","url_meta":{"origin":83992,"position":2},"title":"\u041f\u043e\u0434\u0433\u043e\u0442\u043e\u0432\u043a\u0430 \u0434\u043b\u044f \u043f\u0440\u0435\u043f\u043e\u0434\u0430\u0432\u0430\u043d\u0438\u044f \u0443\u0447\u0435\u0431\u043d\u0438\u043a\u0430 ENGLISH FOR A NEW LIFE for KIDS","author":"Irina Panainte","date":"December 22, 2017","format":false,"excerpt":"EFNL \u0440\u0430\u0437\u0440\u0430\u0431\u043e\u0442\u0430\u043b \u0443\u0447\u0435\u0431\u043d\u0438\u043a \u0430\u043d\u0433\u043b\u0438\u0439\u0441\u043a\u043e\u0433\u043e \u0434\u043b\u044f \u0434\u0435\u0442\u0435\u0439 \u0410\u0441\u0441\u043e\u0446\u0438\u0430\u0446\u0438\u044f\u00a0ENGLISH FOR A NEW LIFE\u00a0\u0437\u0430\u0432\u0435\u0440\u0448\u0438\u043b\u0430 \u0440\u0430\u0431\u043e\u0442\u0443 \u043d\u0430\u0434 \u0443\u0447\u0435\u0431\u043d\u0438\u043a\u043e\u043c \u0430\u043d\u0433\u043b\u0438\u0439\u0441\u043a\u043e\u0433\u043e \u0434\u043b\u044f \u0434\u0435\u0442\u0435\u0439. \u0423\u0447\u0435\u0431\u043d\u0438\u043a \u043d\u0430\u0437\u044b\u0432\u0430\u0435\u0442\u0441\u044f ENGLISH FOR A NEW LIFE for KIDS, \u0438 \u043e\u043d \u0443\u0436\u0435 \u0431\u044b\u043b \u043e\u043f\u0440\u043e\u0431\u043e\u0432\u0430\u043d \u0432 \u043f\u0440\u0435\u043f\u043e\u0434\u0430\u0432\u0430\u043d\u0438\u0438. \u0415\u0433\u043e \u043c\u043e\u0436\u043d\u043e \u043f\u0440\u043e\u0445\u043e\u0434\u0438\u0442\u044c \u0432 \u0442\u0435\u0447\u0435\u043d\u0438\u0438 \u0443\u0447\u0435\u0431\u043d\u043e\u0433\u043e \u0433\u043e\u0434\u0430. \u041e\u043d \u0441\u043e\u0434\u0435\u0440\u0436\u0438\u0442 8 \u0440\u0430\u0437\u0434\u0435\u043b\u043e\u0432 \u0438 \u0432\u0441\u0435\u0433\u043e 64 \u0443\u0440\u043e\u043a\u0430, \u0441 \u043f\u043e\u0432\u0442\u043e\u0440\u0435\u043d\u0438\u0435\u043c\u2026","rel":"","context":"<span class=\"jp-relatedposts-post-author\">Irina Panainte<\/span>","block_context":{"text":"\u041d\u043e\u0432\u043e\u0441\u0442\u0438","link":"https:\/\/moldovacrestina.md\/ru\/novosti\/"},"img":{"alt_text":"","src":"https:\/\/i0.wp.com\/moldovacrestina.md\/wp-content\/uploads\/2017\/12\/pregatire-pentru-predarea-manualului-english-new-life-kids-sesiune-engleza-pentru-copii.jpg?resize=350%2C200&ssl=1","width":350,"height":200,"srcset":"https:\/\/i0.wp.com\/moldovacrestina.md\/wp-content\/uploads\/2017\/12\/pregatire-pentru-predarea-manualului-english-new-life-kids-sesiune-engleza-pentru-copii.jpg?resize=350%2C200&ssl=1 1x, https:\/\/i0.wp.com\/moldovacrestina.md\/wp-content\/uploads\/2017\/12\/pregatire-pentru-predarea-manualului-english-new-life-kids-sesiune-engleza-pentru-copii.jpg?resize=525%2C300&ssl=1 1.5x, https:\/\/i0.wp.com\/moldovacrestina.md\/wp-content\/uploads\/2017\/12\/pregatire-pentru-predarea-manualului-english-new-life-kids-sesiune-engleza-pentru-copii.jpg?resize=700%2C400&ssl=1 2x"},"classes":[]},{"id":328135,"url":"https:\/\/moldovacrestina.md\/ru\/vybor-lagerya-rebjonok\/","url_meta":{"origin":83992,"position":3},"title":"\u041f\u043e \u043a\u0430\u043a\u0438\u043c \u043a\u0440\u0438\u0442\u0435\u0440\u0438\u044f\u043c \u0441\u0442\u043e\u0438\u0442 \u0432\u044b\u0431\u0438\u0440\u0430\u0442\u044c \u043b\u0430\u0433\u0435\u0440\u044c \u0434\u043b\u044f \u0440\u0435\u0431\u0451\u043d\u043a\u0430?","author":"Oxana Tentiuc","date":"July 8, 2021","format":false,"excerpt":"\u0413\u043b\u0443\u0431\u043e\u043a\u043e\u0435 \u0438\u0437\u0443\u0447\u0435\u043d\u0438\u0435 \u0411\u0438\u0431\u043b\u0438\u0438 \u0414\u043b\u044f \u043c\u0435\u043d\u044f \u0421\u043b\u043e\u0432\u043e \u0411\u043e\u0436\u044c\u0435 \u2014 \u044d\u0442\u043e \u0430\u0432\u0442\u043e\u0440\u0438\u0442\u0435\u0442. \u041e\u043d\u043e \u043f\u043e\u043b\u0435\u0437\u043d\u043e \u00ab\u0434\u043b\u044f \u043d\u0430\u0443\u0447\u0435\u043d\u0438\u044f, \u0434\u043b\u044f \u043e\u0431\u043b\u0438\u0447\u0435\u043d\u0438\u044f, \u0434\u043b\u044f \u0438\u0441\u043f\u0440\u0430\u0432\u043b\u0435\u043d\u0438\u044f, \u0434\u043b\u044f \u043d\u0430\u0441\u0442\u0430\u0432\u043b\u0435\u043d\u0438\u044f \u0432 \u043f\u0440\u0430\u0432\u0435\u0434\u043d\u043e\u0441\u0442\u0438, \u0434\u0430 \u0431\u0443\u0434\u0435\u0442 \u0441\u043e\u0432\u0435\u0440\u0448\u0435\u043d \u0411\u043e\u0436\u0438\u0439 \u0447\u0435\u043b\u043e\u0432\u0435\u043a, \u043a\u043e \u0432\u0441\u044f\u043a\u043e\u043c\u0443 \u0434\u043e\u0431\u0440\u043e\u043c\u0443 \u0434\u0435\u043b\u0443 \u043f\u0440\u0438\u0433\u043e\u0442\u043e\u0432\u043b\u0435\u043d\u00bb. (2 \u0422\u0438\u043c\u043e\u0444\u0435\u044e 3:16-17) \u042f \u043d\u0435 \u0440\u0430\u0437 \u0432\u0438\u0434\u0435\u043b\u0430, \u043a\u0430\u043a \u041f\u0438\u0441\u0430\u043d\u0438\u0435 \u043a\u0430\u0441\u0430\u0435\u0442\u0441\u044f \u0434\u0435\u0442\u0441\u043a\u0438\u0445 \u0441\u0435\u0440\u0434\u0435\u0446 \u0438 \u043c\u0435\u043d\u044f\u0435\u0442 \u0438\u0445, \u043f\u043e\u043c\u043e\u0433\u0430\u0435\u0442 \u0434\u0435\u0442\u044f\u043c \u0441\u043b\u0443\u0448\u0430\u0442\u044c\u0441\u044f\u2026","rel":"","context":"<span class=\"jp-relatedposts-post-author\">Oxana Tentiuc<\/span>","block_context":{"text":"\u0411\u043b\u043e\u0433\u043e\u0441\u0444\u0435\u0440\u0430","link":"https:\/\/moldovacrestina.md\/ru\/vospitanie-ru\/blogosfera-ru\/"},"img":{"alt_text":"","src":"https:\/\/i0.wp.com\/moldovacrestina.md\/wp-content\/uploads\/2017\/07\/moldovacrestina.md-criterii-dupa-care-sa-alegi-o-tabara-pentru-copilul-tau-13726818_861441180629006_1128703789004749084_n.jpg?resize=350%2C200&ssl=1","width":350,"height":200,"srcset":"https:\/\/i0.wp.com\/moldovacrestina.md\/wp-content\/uploads\/2017\/07\/moldovacrestina.md-criterii-dupa-care-sa-alegi-o-tabara-pentru-copilul-tau-13726818_861441180629006_1128703789004749084_n.jpg?resize=350%2C200&ssl=1 1x, https:\/\/i0.wp.com\/moldovacrestina.md\/wp-content\/uploads\/2017\/07\/moldovacrestina.md-criterii-dupa-care-sa-alegi-o-tabara-pentru-copilul-tau-13726818_861441180629006_1128703789004749084_n.jpg?resize=525%2C300&ssl=1 1.5x, https:\/\/i0.wp.com\/moldovacrestina.md\/wp-content\/uploads\/2017\/07\/moldovacrestina.md-criterii-dupa-care-sa-alegi-o-tabara-pentru-copilul-tau-13726818_861441180629006_1128703789004749084_n.jpg?resize=700%2C400&ssl=1 2x"},"classes":[]},{"id":362955,"url":"https:\/\/moldovacrestina.md\/de-ce-femeia-din-soroca-a-aruncat-in-fantana-bebelusul-avortat\/","url_meta":{"origin":83992,"position":4},"title":"De ce femeia din Soroca a aruncat \u00een f\u00e2nt\u0103n\u0103 bebelu\u0219ul avortat?","author":"Moldova Cre\u0219tin\u0103","date":"June 23, 2025","format":false,"excerpt":"Nu este doar o tragedie social\u0103, ci o dram\u0103 spiritual\u0103 profund\u0103. Ce se afl\u0103 \u00een spatele unui astfel de gest \u0219i ce spune Biblia despre valoarea vie\u021bii? \u0218tirea preluat\u0103 de pe canalul ProTV https:\/\/protv.md\/ \u00cenregistreaz\u0103-te acum la Summer English Academy 5-12 iulie https:\/\/bit.ly\/3TmxXvF Aplic\u0103 promo codul VasileFilat10 pentru o reducere\u2026","rel":"","context":"<span class=\"jp-relatedposts-post-author\">Moldova Cre\u0219tin\u0103<\/span>","block_context":{"text":"MCTV","link":"https:\/\/moldovacrestina.md\/mctv\/"},"img":{"alt_text":"","src":"https:\/\/i0.wp.com\/cdn.moldovacrestina.md\/2025\/06\/bc398eb7-9wldzuigdbq.jpg?resize=350%2C200&ssl=1","width":350,"height":200,"srcset":"https:\/\/i0.wp.com\/cdn.moldovacrestina.md\/2025\/06\/bc398eb7-9wldzuigdbq.jpg?resize=350%2C200&ssl=1 1x, https:\/\/i0.wp.com\/cdn.moldovacrestina.md\/2025\/06\/bc398eb7-9wldzuigdbq.jpg?resize=525%2C300&ssl=1 1.5x, https:\/\/i0.wp.com\/cdn.moldovacrestina.md\/2025\/06\/bc398eb7-9wldzuigdbq.jpg?resize=700%2C400&ssl=1 2x, https:\/\/i0.wp.com\/cdn.moldovacrestina.md\/2025\/06\/bc398eb7-9wldzuigdbq.jpg?resize=1050%2C600&ssl=1 3x"},"classes":[]},{"id":363006,"url":"https:\/\/moldovacrestina.md\/raspund-la-acuzatiile-gandestebiblic\/","url_meta":{"origin":83992,"position":5},"title":"R\u0103spund la acuza\u021biile @GandesteBiblic","author":"Moldova Cre\u0219tin\u0103","date":"June 26, 2025","format":false,"excerpt":"R\u0103spund la acuza\u021biile @GandesteBiblic \u2753Pune o \u00eentrebare: https:\/\/moldovacrestina.md\/ask-the-pastor sau la email contact@moldovacrestina.md \ud83c\udf81 Devino membru \u0219i sus\u021bine lucrarea Moldova Cre\u0219tin\u0103: https:\/\/www.youtube.com\/@Moldova_Crestina\/join \ud83d\udecdCupon special: moldovacrestina15 \u2014 15% reducere la toate manualele disponibile pe site-ul https:\/\/shop.eurasiaprecept.org\u201d \ud83c\uddec\ud83c\udde7 \u00censcrie-te acum la Summer English Academy https:\/\/efnl.online\/SummerEnglishAcademy - Contactele noastre - \u260e\ufe0f Linia de ajutor\u2026","rel":"","context":"<span class=\"jp-relatedposts-post-author\">Moldova Cre\u0219tin\u0103<\/span>","block_context":{"text":"MCTV","link":"https:\/\/moldovacrestina.md\/mctv\/"},"img":{"alt_text":"","src":"https:\/\/i0.wp.com\/cdn.moldovacrestina.md\/2025\/06\/91aa3893-vbrtl2xlkdw.jpg?resize=350%2C200&ssl=1","width":350,"height":200,"srcset":"https:\/\/i0.wp.com\/cdn.moldovacrestina.md\/2025\/06\/91aa3893-vbrtl2xlkdw.jpg?resize=350%2C200&ssl=1 1x, https:\/\/i0.wp.com\/cdn.moldovacrestina.md\/2025\/06\/91aa3893-vbrtl2xlkdw.jpg?resize=525%2C300&ssl=1 1.5x, https:\/\/i0.wp.com\/cdn.moldovacrestina.md\/2025\/06\/91aa3893-vbrtl2xlkdw.jpg?resize=700%2C400&ssl=1 2x, https:\/\/i0.wp.com\/cdn.moldovacrestina.md\/2025\/06\/91aa3893-vbrtl2xlkdw.jpg?resize=1050%2C600&ssl=1 3x"},"classes":[]}],"jetpack_sharing_enabled":true,"_links":{"self":[{"href":"https:\/\/moldovacrestina.md\/en\/wp-json\/wp\/v2\/posts\/83992","targetHints":{"allow":["GET"]}}],"collection":[{"href":"https:\/\/moldovacrestina.md\/en\/wp-json\/wp\/v2\/posts"}],"about":[{"href":"https:\/\/moldovacrestina.md\/en\/wp-json\/wp\/v2\/types\/post"}],"author":[{"embeddable":true,"href":"https:\/\/moldovacrestina.md\/en\/wp-json\/wp\/v2\/users\/93"}],"replies":[{"embeddable":true,"href":"https:\/\/moldovacrestina.md\/en\/wp-json\/wp\/v2\/comments?post=83992"}],"version-history":[{"count":0,"href":"https:\/\/moldovacrestina.md\/en\/wp-json\/wp\/v2\/posts\/83992\/revisions"}],"wp:attachment":[{"href":"https:\/\/moldovacrestina.md\/en\/wp-json\/wp\/v2\/media?parent=83992"}],"wp:term":[{"taxonomy":"category","embeddable":true,"href":"https:\/\/moldovacrestina.md\/en\/wp-json\/wp\/v2\/categories?post=83992"},{"taxonomy":"post_tag","embeddable":true,"href":"https:\/\/moldovacrestina.md\/en\/wp-json\/wp\/v2\/tags?post=83992"}],"curies":[{"name":"wp","href":"https:\/\/api.w.org\/{rel}","templated":true}]}}