{"id":82490,"date":"2011-07-02T20:27:48","date_gmt":"2011-07-02T18:27:48","guid":{"rendered":"https:\/\/moldovacrestina.md\/is-barack-obama-a-christian-or-a-muslim"},"modified":"2017-05-27T09:00:42","modified_gmt":"2017-05-27T07:00:42","slug":"is-barack-obama-a-christian-or-a-muslim","status":"publish","type":"post","link":"https:\/\/moldovacrestina.md\/en\/is-barack-obama-a-christian-or-a-muslim\/","title":{"rendered":"Is Barack Obama a Christian or a Muslim?"},"content":{"rendered":"<p style=\"text-align: justify\">\n<p>What religion does President of United States, Barack Obama, promote? Watch this video and write your opinion:<\/p><\/p>\n","protected":false},"excerpt":{"rendered":"<p>What religion does President of United States, Barack Obama, promote? Watch this video and write your opinion:<\/p>\n","protected":false},"author":46,"featured_media":0,"comment_status":"closed","ping_status":"closed","sticky":false,"template":"","format":"standard","meta":{"_acf_changed":false,"inline_featured_image":false,"_monsterinsights_skip_tracking":false,"_monsterinsights_sitenote_active":false,"_monsterinsights_sitenote_note":"","_monsterinsights_sitenote_category":0,"_genesis_hide_title":false,"_genesis_hide_breadcrumbs":false,"_genesis_hide_singular_image":false,"_genesis_hide_footer_widgets":false,"_genesis_custom_body_class":"","_genesis_custom_post_class":"","_genesis_layout":"","ep_exclude_from_search":false,"_jetpack_memberships_contains_paid_content":false,"footnotes":""},"categories":[126],"tags":[7995,8328,12018,13714],"class_list":{"0":"post-82490","1":"post","2":"type-post","3":"status-publish","4":"format-standard","6":"category-answer-from-the-bible","7":"tag-politics","8":"tag-islam","9":"tag-barack-obama","10":"tag-obama","11":"entry"},"acf":[],"yoast_head":"<!-- This site is optimized with the Yoast SEO Premium plugin v26.5 (Yoast SEO v27.4) - https:\/\/yoast.com\/product\/yoast-seo-premium-wordpress\/ -->\n<title>Obama says he is a Muslim<\/title>\n<meta name=\"description\" content=\"Watch the video where the President of Unted States, Barack Obama, says he is a Muslim\" \/>\n<meta name=\"robots\" content=\"index, follow, max-snippet:-1, max-image-preview:large, max-video-preview:-1\" \/>\n<link rel=\"canonical\" href=\"https:\/\/moldovacrestina.md\/en\/is-barack-obama-a-christian-or-a-muslim\/\" \/>\n<meta property=\"og:locale\" content=\"en_US\" \/>\n<meta property=\"og:type\" content=\"article\" \/>\n<meta property=\"og:title\" content=\"Is Barack Obama a Christian or a Muslim?\" \/>\n<meta property=\"og:description\" content=\"Watch the video where the President of Unted States, Barack Obama, says he is a Muslim\" \/>\n<meta property=\"og:url\" content=\"https:\/\/moldovacrestina.md\/en\/is-barack-obama-a-christian-or-a-muslim\/\" \/>\n<meta property=\"og:site_name\" content=\"Moldova Cre\u0219tin\u0103\" \/>\n<meta property=\"article:publisher\" content=\"https:\/\/www.facebook.com\/moldovacrestina\/\" \/>\n<meta property=\"article:published_time\" content=\"2011-07-02T18:27:48+00:00\" \/>\n<meta property=\"article:modified_time\" content=\"2017-05-27T07:00:42+00:00\" \/>\n<meta name=\"author\" content=\"Vasile Filat\" \/>\n<meta name=\"twitter:card\" content=\"summary_large_image\" \/>\n<meta name=\"twitter:creator\" content=\"@moldovacrestina\" \/>\n<meta name=\"twitter:site\" content=\"@moldovacrestina\" \/>\n<meta name=\"twitter:label1\" content=\"Written by\" \/>\n\t<meta name=\"twitter:data1\" content=\"Vasile Filat\" \/>\n<script type=\"application\/ld+json\" class=\"yoast-schema-graph\">{\"@context\":\"https:\\\/\\\/schema.org\",\"@graph\":[{\"@type\":\"Article\",\"@id\":\"https:\\\/\\\/moldovacrestina.md\\\/en\\\/is-barack-obama-a-christian-or-a-muslim\\\/#article\",\"isPartOf\":{\"@id\":\"https:\\\/\\\/moldovacrestina.md\\\/en\\\/is-barack-obama-a-christian-or-a-muslim\\\/\"},\"author\":{\"name\":\"Vasile Filat\",\"@id\":\"https:\\\/\\\/moldovacrestina.md\\\/en\\\/#\\\/schema\\\/person\\\/04b204bbb582cc832c3d2424f5d27dc0\"},\"headline\":\"Is Barack Obama a Christian or a Muslim?\",\"datePublished\":\"2011-07-02T18:27:48+00:00\",\"dateModified\":\"2017-05-27T07:00:42+00:00\",\"mainEntityOfPage\":{\"@id\":\"https:\\\/\\\/moldovacrestina.md\\\/en\\\/is-barack-obama-a-christian-or-a-muslim\\\/\"},\"wordCount\":25,\"keywords\":[\"Politics\",\"islam\",\"Barack Obama\",\"obama\"],\"articleSection\":[\"Answers from the Bible\"],\"inLanguage\":\"en-US\"},{\"@type\":\"WebPage\",\"@id\":\"https:\\\/\\\/moldovacrestina.md\\\/en\\\/is-barack-obama-a-christian-or-a-muslim\\\/\",\"url\":\"https:\\\/\\\/moldovacrestina.md\\\/en\\\/is-barack-obama-a-christian-or-a-muslim\\\/\",\"name\":\"Obama says he is a Muslim\",\"isPartOf\":{\"@id\":\"https:\\\/\\\/moldovacrestina.md\\\/en\\\/#website\"},\"datePublished\":\"2011-07-02T18:27:48+00:00\",\"dateModified\":\"2017-05-27T07:00:42+00:00\",\"author\":{\"@id\":\"https:\\\/\\\/moldovacrestina.md\\\/en\\\/#\\\/schema\\\/person\\\/04b204bbb582cc832c3d2424f5d27dc0\"},\"description\":\"Watch the video where the President of Unted States, Barack Obama, says he is a Muslim\",\"breadcrumb\":{\"@id\":\"https:\\\/\\\/moldovacrestina.md\\\/en\\\/is-barack-obama-a-christian-or-a-muslim\\\/#breadcrumb\"},\"inLanguage\":\"en-US\",\"potentialAction\":[{\"@type\":\"ReadAction\",\"target\":[\"https:\\\/\\\/moldovacrestina.md\\\/en\\\/is-barack-obama-a-christian-or-a-muslim\\\/\"]}]},{\"@type\":\"BreadcrumbList\",\"@id\":\"https:\\\/\\\/moldovacrestina.md\\\/en\\\/is-barack-obama-a-christian-or-a-muslim\\\/#breadcrumb\",\"itemListElement\":[{\"@type\":\"ListItem\",\"position\":1,\"name\":\"Prima pagin\u0103\",\"item\":\"https:\\\/\\\/moldovacrestina.md\\\/en\\\/\"},{\"@type\":\"ListItem\",\"position\":2,\"name\":\"Answers from the Bible\",\"item\":\"https:\\\/\\\/moldovacrestina.md\\\/en\\\/answer-from-the-bible\\\/\"},{\"@type\":\"ListItem\",\"position\":3,\"name\":\"Is Barack Obama a Christian or a Muslim?\"}]},{\"@type\":\"WebSite\",\"@id\":\"https:\\\/\\\/moldovacrestina.md\\\/en\\\/#website\",\"url\":\"https:\\\/\\\/moldovacrestina.md\\\/en\\\/\",\"name\":\"Moldova Cre\u0219tin\u0103\",\"description\":\"R\u0103spunsuri relevante \u0219i actuale din Biblie\",\"potentialAction\":[{\"@type\":\"SearchAction\",\"target\":{\"@type\":\"EntryPoint\",\"urlTemplate\":\"https:\\\/\\\/moldovacrestina.md\\\/en\\\/?s={search_term_string}\"},\"query-input\":{\"@type\":\"PropertyValueSpecification\",\"valueRequired\":true,\"valueName\":\"search_term_string\"}}],\"inLanguage\":\"en-US\"},{\"@type\":\"Person\",\"@id\":\"https:\\\/\\\/moldovacrestina.md\\\/en\\\/#\\\/schema\\\/person\\\/04b204bbb582cc832c3d2424f5d27dc0\",\"name\":\"Vasile Filat\",\"image\":{\"@type\":\"ImageObject\",\"inLanguage\":\"en-US\",\"@id\":\"https:\\\/\\\/secure.gravatar.com\\\/avatar\\\/2e02d082d139dd6eb634318c9cf2c3a8281db62f24f87a134adb4f2020e77ab3?s=96&d=mm&r=g\",\"url\":\"https:\\\/\\\/secure.gravatar.com\\\/avatar\\\/2e02d082d139dd6eb634318c9cf2c3a8281db62f24f87a134adb4f2020e77ab3?s=96&d=mm&r=g\",\"contentUrl\":\"https:\\\/\\\/secure.gravatar.com\\\/avatar\\\/2e02d082d139dd6eb634318c9cf2c3a8281db62f24f87a134adb4f2020e77ab3?s=96&d=mm&r=g\",\"caption\":\"Vasile Filat\"},\"description\":\"P\u0103storesc\u00a0Biserica Bunavestire din Chi\u0219in\u0103u, predau Cuv\u00e2ntul lui Dumnezeu la\u00a0Institutul de Studiu Biblic Inductiv din Eurasia\u00a0\u0219i conduc\u00a0Asocia\u021bia \\\"\u00cenv\u0103\u021b\u0103tur\u0103 din Cuv\u00e2nt - Precept Ministries\\\" din Moldova. \u00cempreun\u0103 cu so\u021bia mea\u00a0Anastasia, avem trei copii. Din Aprilie 2007 am oferit r\u0103spunsuri din Biblie pe acest site la \u00eentreb\u0103ri adresate de cititori. Mai mult despre mine citi\u021bi\u00a0aici.\",\"url\":\"https:\\\/\\\/moldovacrestina.md\\\/en\\\/author\\\/vasile-filat\\\/\"}]}<\/script>\n<!-- \/ Yoast SEO Premium plugin. -->","yoast_head_json":{"title":"Obama says he is a Muslim","description":"Watch the video where the President of Unted States, Barack Obama, says he is a Muslim","robots":{"index":"index","follow":"follow","max-snippet":"max-snippet:-1","max-image-preview":"max-image-preview:large","max-video-preview":"max-video-preview:-1"},"canonical":"https:\/\/moldovacrestina.md\/en\/is-barack-obama-a-christian-or-a-muslim\/","og_locale":"en_US","og_type":"article","og_title":"Is Barack Obama a Christian or a Muslim?","og_description":"Watch the video where the President of Unted States, Barack Obama, says he is a Muslim","og_url":"https:\/\/moldovacrestina.md\/en\/is-barack-obama-a-christian-or-a-muslim\/","og_site_name":"Moldova Cre\u0219tin\u0103","article_publisher":"https:\/\/www.facebook.com\/moldovacrestina\/","article_published_time":"2011-07-02T18:27:48+00:00","article_modified_time":"2017-05-27T07:00:42+00:00","author":"Vasile Filat","twitter_card":"summary_large_image","twitter_creator":"@moldovacrestina","twitter_site":"@moldovacrestina","twitter_misc":{"Written by":"Vasile Filat"},"schema":{"@context":"https:\/\/schema.org","@graph":[{"@type":"Article","@id":"https:\/\/moldovacrestina.md\/en\/is-barack-obama-a-christian-or-a-muslim\/#article","isPartOf":{"@id":"https:\/\/moldovacrestina.md\/en\/is-barack-obama-a-christian-or-a-muslim\/"},"author":{"name":"Vasile Filat","@id":"https:\/\/moldovacrestina.md\/en\/#\/schema\/person\/04b204bbb582cc832c3d2424f5d27dc0"},"headline":"Is Barack Obama a Christian or a Muslim?","datePublished":"2011-07-02T18:27:48+00:00","dateModified":"2017-05-27T07:00:42+00:00","mainEntityOfPage":{"@id":"https:\/\/moldovacrestina.md\/en\/is-barack-obama-a-christian-or-a-muslim\/"},"wordCount":25,"keywords":["Politics","islam","Barack Obama","obama"],"articleSection":["Answers from the Bible"],"inLanguage":"en-US"},{"@type":"WebPage","@id":"https:\/\/moldovacrestina.md\/en\/is-barack-obama-a-christian-or-a-muslim\/","url":"https:\/\/moldovacrestina.md\/en\/is-barack-obama-a-christian-or-a-muslim\/","name":"Obama says he is a Muslim","isPartOf":{"@id":"https:\/\/moldovacrestina.md\/en\/#website"},"datePublished":"2011-07-02T18:27:48+00:00","dateModified":"2017-05-27T07:00:42+00:00","author":{"@id":"https:\/\/moldovacrestina.md\/en\/#\/schema\/person\/04b204bbb582cc832c3d2424f5d27dc0"},"description":"Watch the video where the President of Unted States, Barack Obama, says he is a Muslim","breadcrumb":{"@id":"https:\/\/moldovacrestina.md\/en\/is-barack-obama-a-christian-or-a-muslim\/#breadcrumb"},"inLanguage":"en-US","potentialAction":[{"@type":"ReadAction","target":["https:\/\/moldovacrestina.md\/en\/is-barack-obama-a-christian-or-a-muslim\/"]}]},{"@type":"BreadcrumbList","@id":"https:\/\/moldovacrestina.md\/en\/is-barack-obama-a-christian-or-a-muslim\/#breadcrumb","itemListElement":[{"@type":"ListItem","position":1,"name":"Prima pagin\u0103","item":"https:\/\/moldovacrestina.md\/en\/"},{"@type":"ListItem","position":2,"name":"Answers from the Bible","item":"https:\/\/moldovacrestina.md\/en\/answer-from-the-bible\/"},{"@type":"ListItem","position":3,"name":"Is Barack Obama a Christian or a Muslim?"}]},{"@type":"WebSite","@id":"https:\/\/moldovacrestina.md\/en\/#website","url":"https:\/\/moldovacrestina.md\/en\/","name":"Moldova Cre\u0219tin\u0103","description":"R\u0103spunsuri relevante \u0219i actuale din Biblie","potentialAction":[{"@type":"SearchAction","target":{"@type":"EntryPoint","urlTemplate":"https:\/\/moldovacrestina.md\/en\/?s={search_term_string}"},"query-input":{"@type":"PropertyValueSpecification","valueRequired":true,"valueName":"search_term_string"}}],"inLanguage":"en-US"},{"@type":"Person","@id":"https:\/\/moldovacrestina.md\/en\/#\/schema\/person\/04b204bbb582cc832c3d2424f5d27dc0","name":"Vasile Filat","image":{"@type":"ImageObject","inLanguage":"en-US","@id":"https:\/\/secure.gravatar.com\/avatar\/2e02d082d139dd6eb634318c9cf2c3a8281db62f24f87a134adb4f2020e77ab3?s=96&d=mm&r=g","url":"https:\/\/secure.gravatar.com\/avatar\/2e02d082d139dd6eb634318c9cf2c3a8281db62f24f87a134adb4f2020e77ab3?s=96&d=mm&r=g","contentUrl":"https:\/\/secure.gravatar.com\/avatar\/2e02d082d139dd6eb634318c9cf2c3a8281db62f24f87a134adb4f2020e77ab3?s=96&d=mm&r=g","caption":"Vasile Filat"},"description":"P\u0103storesc\u00a0Biserica Bunavestire din Chi\u0219in\u0103u, predau Cuv\u00e2ntul lui Dumnezeu la\u00a0Institutul de Studiu Biblic Inductiv din Eurasia\u00a0\u0219i conduc\u00a0Asocia\u021bia \"\u00cenv\u0103\u021b\u0103tur\u0103 din Cuv\u00e2nt - Precept Ministries\" din Moldova. \u00cempreun\u0103 cu so\u021bia mea\u00a0Anastasia, avem trei copii. Din Aprilie 2007 am oferit r\u0103spunsuri din Biblie pe acest site la \u00eentreb\u0103ri adresate de cititori. Mai mult despre mine citi\u021bi\u00a0aici.","url":"https:\/\/moldovacrestina.md\/en\/author\/vasile-filat\/"}]}},"jetpack_featured_media_url":"","video_meta":false,"featured_image":false,"wpml":{"language_code":"en","locale":"en_US","text_direction":false,"display_name":"English","native_name":"Englez\u0103","different_language":false},"jetpack-related-posts":[{"id":363115,"url":"https:\/\/moldovacrestina.md\/cine-si-a-batut-parintii-a-savarsit-un-pacat-groaznic\/","url_meta":{"origin":82490,"position":0},"title":"Cine \u0219i-a b\u0103tut p\u0103rin\u021bii a s\u0103v\u00e2r\u0219it un p\u0103cat groaznic.","author":"Vasile Filat","date":"July 3, 2025","format":false,"excerpt":"Cine \u0219i-a b\u0103tut p\u0103rin\u021bii a s\u0103v\u00e2r\u0219it un p\u0103cat groaznic. Procur\u0103 manualul \u201cCinste\u0219te p\u0103rin\u021bii\u201d https:\/\/shop.eurasiaprecept.org\/catalog\/cinsteste-parintii Pentru \u00eentreb\u0103ri \u0219i mai mult\u0103 informa\u021bie, scrie\u021bi la: contact@moldovacrestina.md Ajutorul t\u0103u conteaz\u0103 (Filipeni 4:15-17) https:\/\/www.paypal.me\/VasileFilat URM\u0102RE\u0218TE PE SOCIAL MEDIA: Facebook https:\/\/www.facebook.com\/vasile.filat Instagram https:\/\/www.instagram.com\/pastor.vasile.filat\/ Telegram https:\/\/t.me\/raspunsuribiblice Odnoklassniki https:\/\/ok.ru\/profile\/194080974456 vKontakte https:\/\/vk.com\/vasile.filat TikTok @vasilefilat6 #vasilefilatmisiune #p\u0103rin\u021bi #copii #iube\u0219te\u021bip\u0103rin\u021bi #mama\u2026","rel":"","context":"<span class=\"jp-relatedposts-post-author\">Vasile Filat<\/span>","block_context":{"text":"MCTV","link":"https:\/\/moldovacrestina.md\/mctv\/"},"img":{"alt_text":"","src":"https:\/\/i0.wp.com\/cdn.moldovacrestina.md\/2025\/07\/04c6a452-zhr2rcvqomk.jpg?resize=350%2C200&ssl=1","width":350,"height":200,"srcset":"https:\/\/i0.wp.com\/cdn.moldovacrestina.md\/2025\/07\/04c6a452-zhr2rcvqomk.jpg?resize=350%2C200&ssl=1 1x, https:\/\/i0.wp.com\/cdn.moldovacrestina.md\/2025\/07\/04c6a452-zhr2rcvqomk.jpg?resize=525%2C300&ssl=1 1.5x, https:\/\/i0.wp.com\/cdn.moldovacrestina.md\/2025\/07\/04c6a452-zhr2rcvqomk.jpg?resize=700%2C400&ssl=1 2x, https:\/\/i0.wp.com\/cdn.moldovacrestina.md\/2025\/07\/04c6a452-zhr2rcvqomk.jpg?resize=1050%2C600&ssl=1 3x"},"classes":[]},{"id":362654,"url":"https:\/\/moldovacrestina.md\/papa-francisc-a-murit-ce-a-lasat-in-urma-ce-urmeaza-pentru-sufletul-lui\/","url_meta":{"origin":82490,"position":1},"title":"Papa Francisc a murit. Ce a l\u0103sat \u00een urm\u0103? Ce urmeaz\u0103 pentru sufletul lui?","author":"Moldova Cre\u0219tin\u0103","date":"April 21, 2025","format":false,"excerpt":"\ud83d\udecdCupon special: moldovacrestina15 \u2014 15% reducere la toate manualele disponibile pe site-ul https:\/\/shop.eurasiaprecept.org\u201d \u2753Pune\u021bi o \u00eentrebare: <a href=\"https:\/\/bit.ly\/3fN2se7\" target=\"_blank\" rel=\"nofollow\">https:\/\/bit.ly\/3fN2se7 \u271d\ufe0f\ufe0f Vrei s\u0103 devii ucenicul lui Hristos? https:\/\/bit.ly\/3EcX4KO \ud83d\udcda Studiaz\u0103 Biblia online cu Vasile Filat https:\/\/bit.ly\/3OjfLA1 sau alege-\u021bi un alt grup de studiu https:\/\/bit.ly\/3UqHbpJ \ud83c\udf81 Doneaz\u0103 https:\/\/bit.ly\/3NQJdx5 - Contactele noastre\u2026","rel":"","context":"<span class=\"jp-relatedposts-post-author\">Moldova Cre\u0219tin\u0103<\/span>","block_context":{"text":"MCTV","link":"https:\/\/moldovacrestina.md\/mctv\/"},"img":{"alt_text":"","src":"https:\/\/i0.wp.com\/cdn.moldovacrestina.md\/2025\/04\/8c1cc41d-ous_lr5g3sk.jpg?resize=350%2C200&ssl=1","width":350,"height":200,"srcset":"https:\/\/i0.wp.com\/cdn.moldovacrestina.md\/2025\/04\/8c1cc41d-ous_lr5g3sk.jpg?resize=350%2C200&ssl=1 1x, https:\/\/i0.wp.com\/cdn.moldovacrestina.md\/2025\/04\/8c1cc41d-ous_lr5g3sk.jpg?resize=525%2C300&ssl=1 1.5x, https:\/\/i0.wp.com\/cdn.moldovacrestina.md\/2025\/04\/8c1cc41d-ous_lr5g3sk.jpg?resize=700%2C400&ssl=1 2x, https:\/\/i0.wp.com\/cdn.moldovacrestina.md\/2025\/04\/8c1cc41d-ous_lr5g3sk.jpg?resize=1050%2C600&ssl=1 3x"},"classes":[]},{"id":121215,"url":"https:\/\/moldovacrestina.md\/ru\/anons-budet-organizovan-lager-english-for-a-new-life-2017\/","url_meta":{"origin":82490,"position":2},"title":"\u0410\u041d\u041e\u041d\u0421: \u0411\u0443\u0434\u0435\u0442 \u043e\u0440\u0433\u0430\u043d\u0438\u0437\u043e\u0432\u0430\u043d \u043b\u0430\u0433\u0435\u0440\u044c ENGLISH FOR A NEW LIFE 2017","author":"Elena Suman","date":"March 2, 2017","format":false,"excerpt":"\u0412 \u043f\u0435\u0440\u0438\u043e\u0434 19-29 \u0438\u044e\u043b\u044f 2017 \u043f\u0440\u043e\u0439\u0434\u0451\u0442\u00a0\u043b\u0430\u0433\u0435\u0440\u044c \"English For a New Life\" 2017. \u041c\u0435\u0440\u043e\u043f\u0440\u0438\u044f\u0442\u0438\u0435 \u0431\u0443\u0434\u0435\u0442 \u043f\u0440\u043e\u0445\u043e\u0434\u0438\u0442\u044c \u043d\u0430 \u0431\u0430\u0437\u0435 \"\u0414\u0440\u0443\u0436\u0431\u0430\" (\"Prietenia\"), \u0432 \u0441\u0435\u043b\u0435 \u041a\u043e\u0448\u043d\u0438\u0446\u0430, \u0414\u0443\u0431\u044d\u0441\u0430\u0440\u0441\u043a\u043e\u0433\u043e \u0440\u0430\u0439\u043e\u043d\u0430. \u0412 \u043b\u0430\u0433\u0435\u0440\u044c \u043c\u043e\u0433\u0443\u0442 \u043f\u0440\u0438\u0435\u0445\u0430\u0442\u044c \u043b\u044e\u0434\u0438 \u0441 \u043b\u044e\u0431\u044b\u043c \u0443\u0440\u043e\u0432\u043d\u0435\u043c \u0437\u043d\u0430\u043d\u0438\u044f \u0430\u043d\u0433\u043b\u0438\u0439\u0441\u043a\u043e\u0433\u043e \u044f\u0437\u044b\u043a\u0430. \u0421\u0442\u0443\u0434\u0435\u043d\u0442\u044b \u043d\u0430\u0447\u0438\u043d\u0430\u044e\u0449\u0435\u0433\u043e \u0438 \u0441\u0440\u0435\u0434\u043d\u0435\u0433\u043e \u0443\u0440\u043e\u0432\u043d\u0435\u0439 \u0431\u0443\u0434\u0443\u0442 \u0438\u0437\u0443\u0447\u0430\u0442\u044c \u0430\u043d\u0433\u043b\u0438\u0439\u0441\u043a\u0438\u0439 \u043f\u043e \u0443\u0447\u0435\u0431\u043d\u0438\u043a\u0443 \"English For a New Life\"\u2026","rel":"","context":"<span class=\"jp-relatedposts-post-author\">Elena Suman<\/span>","block_context":{"text":"\u041d\u043e\u0432\u043e\u0441\u0442\u0438","link":"https:\/\/moldovacrestina.md\/ru\/novosti\/"},"img":{"alt_text":"","src":"https:\/\/i0.wp.com\/moldovacrestina.md\/wp-content\/uploads\/2017\/03\/jpg-1024x576-1.jpg?resize=350%2C200&ssl=1","width":350,"height":200,"srcset":"https:\/\/i0.wp.com\/moldovacrestina.md\/wp-content\/uploads\/2017\/03\/jpg-1024x576-1.jpg?resize=350%2C200&ssl=1 1x, https:\/\/i0.wp.com\/moldovacrestina.md\/wp-content\/uploads\/2017\/03\/jpg-1024x576-1.jpg?resize=525%2C300&ssl=1 1.5x, https:\/\/i0.wp.com\/moldovacrestina.md\/wp-content\/uploads\/2017\/03\/jpg-1024x576-1.jpg?resize=700%2C400&ssl=1 2x"},"classes":[]},{"id":363140,"url":"https:\/\/moldovacrestina.md\/de-ce-cartera-lui-enoh-a-fost-exclusa-din-bible\/","url_meta":{"origin":82490,"position":3},"title":"De ce cartera lui ENOH a fost exclus\u0103 din Bible?","author":"Moldova Cre\u0219tin\u0103","date":"July 7, 2025","format":false,"excerpt":"Cartea lui Enoh a fost cunoscut\u0103 de primii cre\u0219tini, dar totu\u0219i a fost l\u0103sat\u0103 \u00een afara Scripturii. Este cartea lui Enoh inspirat\u0103 sau doar o scriere religioas\u0103 veche? Descoper\u0103 de ce nu a fost inclus\u0103 \u00een canonul biblic. \u2753Pune o \u00eentrebare: https:\/\/moldovacrestina.md\/ask-the-pastor sau la email contact@moldovacrestina.md \ud83c\udf81 Devino membru \u0219i\u2026","rel":"","context":"<span class=\"jp-relatedposts-post-author\">Moldova Cre\u0219tin\u0103<\/span>","block_context":{"text":"MCTV","link":"https:\/\/moldovacrestina.md\/mctv\/"},"img":{"alt_text":"","src":"https:\/\/i0.wp.com\/cdn.moldovacrestina.md\/2025\/07\/9bcc5a04-hfi3d3ej7qu.jpg?resize=350%2C200&ssl=1","width":350,"height":200,"srcset":"https:\/\/i0.wp.com\/cdn.moldovacrestina.md\/2025\/07\/9bcc5a04-hfi3d3ej7qu.jpg?resize=350%2C200&ssl=1 1x, https:\/\/i0.wp.com\/cdn.moldovacrestina.md\/2025\/07\/9bcc5a04-hfi3d3ej7qu.jpg?resize=525%2C300&ssl=1 1.5x, https:\/\/i0.wp.com\/cdn.moldovacrestina.md\/2025\/07\/9bcc5a04-hfi3d3ej7qu.jpg?resize=700%2C400&ssl=1 2x, https:\/\/i0.wp.com\/cdn.moldovacrestina.md\/2025\/07\/9bcc5a04-hfi3d3ej7qu.jpg?resize=1050%2C600&ssl=1 3x"},"classes":[]},{"id":361249,"url":"https:\/\/moldovacrestina.md\/o-bomba-a-lovit-la-50-de-metri-de-o-locuinta-din-zaporojie-ucraina\/","url_meta":{"origin":82490,"position":4},"title":"O bomb\u0103 a lovit la 50 de metri de o locuin\u021b\u0103 din Zaporojie, Ucraina.","author":"Vasile Filat","date":"October 31, 2024","format":false,"excerpt":"O bomb\u0103 a lovit la 50 de metri de o locuin\u021b\u0103 din Zaporojie, Ucraina. Doritorii s\u0103 sus\u021bin\u0103 financiar familia Paketa o pot face, folosind una din metode: Rechizite bancare pentru transfer \u00een MDL (lei moldovene\u0219ti) Beneficiar: CULT RELIGIOS PCCRBCEB \"BUNA VESTIRE A MINTUITORULUI\" Cod IDNO: 1010620001050 Banca beneficiar\u0103: Banca Comerciala\u2026","rel":"","context":"<span class=\"jp-relatedposts-post-author\">Vasile Filat<\/span>","block_context":{"text":"MCTV","link":"https:\/\/moldovacrestina.md\/mctv\/"},"img":{"alt_text":"","src":"https:\/\/i0.wp.com\/cdn.moldovacrestina.md\/2024\/10\/29344642-xoykuhynhgm.jpg?resize=350%2C200&ssl=1","width":350,"height":200,"srcset":"https:\/\/i0.wp.com\/cdn.moldovacrestina.md\/2024\/10\/29344642-xoykuhynhgm.jpg?resize=350%2C200&ssl=1 1x, https:\/\/i0.wp.com\/cdn.moldovacrestina.md\/2024\/10\/29344642-xoykuhynhgm.jpg?resize=525%2C300&ssl=1 1.5x, https:\/\/i0.wp.com\/cdn.moldovacrestina.md\/2024\/10\/29344642-xoykuhynhgm.jpg?resize=700%2C400&ssl=1 2x, https:\/\/i0.wp.com\/cdn.moldovacrestina.md\/2024\/10\/29344642-xoykuhynhgm.jpg?resize=1050%2C600&ssl=1 3x"},"classes":[]}],"jetpack_sharing_enabled":true,"_links":{"self":[{"href":"https:\/\/moldovacrestina.md\/en\/wp-json\/wp\/v2\/posts\/82490","targetHints":{"allow":["GET"]}}],"collection":[{"href":"https:\/\/moldovacrestina.md\/en\/wp-json\/wp\/v2\/posts"}],"about":[{"href":"https:\/\/moldovacrestina.md\/en\/wp-json\/wp\/v2\/types\/post"}],"author":[{"embeddable":true,"href":"https:\/\/moldovacrestina.md\/en\/wp-json\/wp\/v2\/users\/46"}],"replies":[{"embeddable":true,"href":"https:\/\/moldovacrestina.md\/en\/wp-json\/wp\/v2\/comments?post=82490"}],"version-history":[{"count":0,"href":"https:\/\/moldovacrestina.md\/en\/wp-json\/wp\/v2\/posts\/82490\/revisions"}],"wp:attachment":[{"href":"https:\/\/moldovacrestina.md\/en\/wp-json\/wp\/v2\/media?parent=82490"}],"wp:term":[{"taxonomy":"category","embeddable":true,"href":"https:\/\/moldovacrestina.md\/en\/wp-json\/wp\/v2\/categories?post=82490"},{"taxonomy":"post_tag","embeddable":true,"href":"https:\/\/moldovacrestina.md\/en\/wp-json\/wp\/v2\/tags?post=82490"}],"curies":[{"name":"wp","href":"https:\/\/api.w.org\/{rel}","templated":true}]}}