{"id":80955,"date":"2009-04-09T19:42:20","date_gmt":"2009-04-09T17:42:20","guid":{"rendered":"https:\/\/moldovacrestina.md\/10-aprilie-zi-nationala-de-post-si-rugaciune"},"modified":"2017-05-27T09:02:40","modified_gmt":"2017-05-27T07:02:40","slug":"10-aprilie-zi-nationala-de-post-si-rugaciune","status":"publish","type":"post","link":"https:\/\/moldovacrestina.md\/en\/10-aprilie-zi-nationala-de-post-si-rugaciune\/","title":{"rendered":"Fast and Pray for Moldova on April 10th"},"content":{"rendered":"<p style=\"text-align: justify\">\n<p>Today, April 9th in the morning, we had a meeting with the pastors from Chisinau where decided to announce for tomorrow, April 10th a Fasting and Prayer Day for the Security of Moldova, as our nation is going through hart political times, after the events of April 7th. <\/p>\n<p>We call to all people from Moldova and to all those who love Moldova or have someone who is dear in Moldova to join us tomorrow in this fasting. <\/p>\n<p>Pray that God will reveal the REAL criminals who put in fire the buildings of Presidency and Parliament. Pray that all the evidences will be found so that this people can be stopped. <\/p>\n<p>Pray that God will stop the evil people from their evil and craftful ways and pray that our nation will have discernment to look for and believe the truth and not the lies. <\/p>\n<p>According to your possibilities, we recommend you not to eat or drink during all the day tomorrow. In order to be heard in heaven, please, repent of your sins and bring in order your relations with God and with all the people. <\/p>\n<p>May God hear our cry and have mercy on our nation. <\/p><\/p>\n","protected":false},"excerpt":{"rendered":"<p>Today, April 9th in the morning, we had a meeting with the pastors from Chisinau where decided to announce for tomorrow, April 10th a Fasting and Prayer Day for the Security of Moldova, as our nation is going through hart political times, after the events of April 7th. We call to all people from Moldova [&hellip;]<\/p>\n","protected":false},"author":46,"featured_media":0,"comment_status":"closed","ping_status":"closed","sticky":false,"template":"","format":"standard","meta":{"_acf_changed":false,"inline_featured_image":false,"_monsterinsights_skip_tracking":false,"_monsterinsights_sitenote_active":false,"_monsterinsights_sitenote_note":"","_monsterinsights_sitenote_category":0,"_genesis_hide_title":false,"_genesis_hide_breadcrumbs":false,"_genesis_hide_singular_image":false,"_genesis_hide_footer_widgets":false,"_genesis_custom_body_class":"","_genesis_custom_post_class":"","_genesis_layout":"","ep_exclude_from_search":false,"_jetpack_memberships_contains_paid_content":false,"footnotes":""},"categories":[126],"tags":[7934,7995,9633,9634,17359,19413,19416,19418,19421,19422],"class_list":{"0":"post-80955","1":"post","2":"type-post","3":"status-publish","4":"format-standard","6":"category-answer-from-the-bible","7":"tag-moldova","8":"tag-politics","9":"tag-protests","10":"tag-protests-in-moldova","11":"tag-fasting","12":"tag-church-in-moldova","13":"tag-fasting-and-praying","14":"tag-fasting-for-moldova","15":"tag-praing-for-moldova","16":"tag-praying","17":"entry"},"acf":[],"yoast_head":"<!-- This site is optimized with the Yoast SEO Premium plugin v26.5 (Yoast SEO v27.4) - https:\/\/yoast.com\/product\/yoast-seo-premium-wordpress\/ -->\n<title>Fast and Pray for Moldova on April 10th &#8226; Moldova Cre\u0219tin\u0103<\/title>\n<meta name=\"description\" content=\"Today, April 9th in the morning, we had a meeting with the pastors from Chisinau where decided to announce for tomorrow, April 10th a Fasting and\" \/>\n<meta name=\"robots\" content=\"index, follow, max-snippet:-1, max-image-preview:large, max-video-preview:-1\" \/>\n<link rel=\"canonical\" href=\"https:\/\/moldovacrestina.md\/en\/10-aprilie-zi-nationala-de-post-si-rugaciune\/\" \/>\n<meta property=\"og:locale\" content=\"en_US\" \/>\n<meta property=\"og:type\" content=\"article\" \/>\n<meta property=\"og:title\" content=\"Fast and Pray for Moldova on April 10th\" \/>\n<meta property=\"og:description\" content=\"Today, April 9th in the morning, we had a meeting with the pastors from Chisinau where decided to announce for tomorrow, April 10th a Fasting and\" \/>\n<meta property=\"og:url\" content=\"https:\/\/moldovacrestina.md\/en\/10-aprilie-zi-nationala-de-post-si-rugaciune\/\" \/>\n<meta property=\"og:site_name\" content=\"Moldova Cre\u0219tin\u0103\" \/>\n<meta property=\"article:publisher\" content=\"https:\/\/www.facebook.com\/moldovacrestina\/\" \/>\n<meta property=\"article:published_time\" content=\"2009-04-09T17:42:20+00:00\" \/>\n<meta property=\"article:modified_time\" content=\"2017-05-27T07:02:40+00:00\" \/>\n<meta name=\"author\" content=\"Vasile Filat\" \/>\n<meta name=\"twitter:card\" content=\"summary_large_image\" \/>\n<meta name=\"twitter:creator\" content=\"@moldovacrestina\" \/>\n<meta name=\"twitter:site\" content=\"@moldovacrestina\" \/>\n<meta name=\"twitter:label1\" content=\"Written by\" \/>\n\t<meta name=\"twitter:data1\" content=\"Vasile Filat\" \/>\n\t<meta name=\"twitter:label2\" content=\"Est. reading time\" \/>\n\t<meta name=\"twitter:data2\" content=\"1 minute\" \/>\n<script type=\"application\/ld+json\" class=\"yoast-schema-graph\">{\"@context\":\"https:\\\/\\\/schema.org\",\"@graph\":[{\"@type\":\"Article\",\"@id\":\"https:\\\/\\\/moldovacrestina.md\\\/en\\\/10-aprilie-zi-nationala-de-post-si-rugaciune\\\/#article\",\"isPartOf\":{\"@id\":\"https:\\\/\\\/moldovacrestina.md\\\/en\\\/10-aprilie-zi-nationala-de-post-si-rugaciune\\\/\"},\"author\":{\"name\":\"Vasile Filat\",\"@id\":\"https:\\\/\\\/moldovacrestina.md\\\/en\\\/#\\\/schema\\\/person\\\/04b204bbb582cc832c3d2424f5d27dc0\"},\"headline\":\"Fast and Pray for Moldova on April 10th\",\"datePublished\":\"2009-04-09T17:42:20+00:00\",\"dateModified\":\"2017-05-27T07:02:40+00:00\",\"mainEntityOfPage\":{\"@id\":\"https:\\\/\\\/moldovacrestina.md\\\/en\\\/10-aprilie-zi-nationala-de-post-si-rugaciune\\\/\"},\"wordCount\":204,\"keywords\":[\"moldova\",\"Politics\",\"protests\",\"protests in Moldova\",\"fasting\",\"church in moldova\",\"fasting and praying\",\"fasting for moldova\",\"praing for moldova\",\"praying\"],\"articleSection\":[\"Answers from the Bible\"],\"inLanguage\":\"en-US\"},{\"@type\":\"WebPage\",\"@id\":\"https:\\\/\\\/moldovacrestina.md\\\/en\\\/10-aprilie-zi-nationala-de-post-si-rugaciune\\\/\",\"url\":\"https:\\\/\\\/moldovacrestina.md\\\/en\\\/10-aprilie-zi-nationala-de-post-si-rugaciune\\\/\",\"name\":\"Fast and Pray for Moldova on April 10th &#8226; Moldova Cre\u0219tin\u0103\",\"isPartOf\":{\"@id\":\"https:\\\/\\\/moldovacrestina.md\\\/en\\\/#website\"},\"datePublished\":\"2009-04-09T17:42:20+00:00\",\"dateModified\":\"2017-05-27T07:02:40+00:00\",\"author\":{\"@id\":\"https:\\\/\\\/moldovacrestina.md\\\/en\\\/#\\\/schema\\\/person\\\/04b204bbb582cc832c3d2424f5d27dc0\"},\"description\":\"Today, April 9th in the morning, we had a meeting with the pastors from Chisinau where decided to announce for tomorrow, April 10th a Fasting and\",\"breadcrumb\":{\"@id\":\"https:\\\/\\\/moldovacrestina.md\\\/en\\\/10-aprilie-zi-nationala-de-post-si-rugaciune\\\/#breadcrumb\"},\"inLanguage\":\"en-US\",\"potentialAction\":[{\"@type\":\"ReadAction\",\"target\":[\"https:\\\/\\\/moldovacrestina.md\\\/en\\\/10-aprilie-zi-nationala-de-post-si-rugaciune\\\/\"]}]},{\"@type\":\"BreadcrumbList\",\"@id\":\"https:\\\/\\\/moldovacrestina.md\\\/en\\\/10-aprilie-zi-nationala-de-post-si-rugaciune\\\/#breadcrumb\",\"itemListElement\":[{\"@type\":\"ListItem\",\"position\":1,\"name\":\"Prima pagin\u0103\",\"item\":\"https:\\\/\\\/moldovacrestina.md\\\/en\\\/\"},{\"@type\":\"ListItem\",\"position\":2,\"name\":\"Answers from the Bible\",\"item\":\"https:\\\/\\\/moldovacrestina.md\\\/en\\\/answer-from-the-bible\\\/\"},{\"@type\":\"ListItem\",\"position\":3,\"name\":\"Fast and Pray for Moldova on April 10th\"}]},{\"@type\":\"WebSite\",\"@id\":\"https:\\\/\\\/moldovacrestina.md\\\/en\\\/#website\",\"url\":\"https:\\\/\\\/moldovacrestina.md\\\/en\\\/\",\"name\":\"Moldova Cre\u0219tin\u0103\",\"description\":\"R\u0103spunsuri relevante \u0219i actuale din Biblie\",\"potentialAction\":[{\"@type\":\"SearchAction\",\"target\":{\"@type\":\"EntryPoint\",\"urlTemplate\":\"https:\\\/\\\/moldovacrestina.md\\\/en\\\/?s={search_term_string}\"},\"query-input\":{\"@type\":\"PropertyValueSpecification\",\"valueRequired\":true,\"valueName\":\"search_term_string\"}}],\"inLanguage\":\"en-US\"},{\"@type\":\"Person\",\"@id\":\"https:\\\/\\\/moldovacrestina.md\\\/en\\\/#\\\/schema\\\/person\\\/04b204bbb582cc832c3d2424f5d27dc0\",\"name\":\"Vasile Filat\",\"image\":{\"@type\":\"ImageObject\",\"inLanguage\":\"en-US\",\"@id\":\"https:\\\/\\\/secure.gravatar.com\\\/avatar\\\/2e02d082d139dd6eb634318c9cf2c3a8281db62f24f87a134adb4f2020e77ab3?s=96&d=mm&r=g\",\"url\":\"https:\\\/\\\/secure.gravatar.com\\\/avatar\\\/2e02d082d139dd6eb634318c9cf2c3a8281db62f24f87a134adb4f2020e77ab3?s=96&d=mm&r=g\",\"contentUrl\":\"https:\\\/\\\/secure.gravatar.com\\\/avatar\\\/2e02d082d139dd6eb634318c9cf2c3a8281db62f24f87a134adb4f2020e77ab3?s=96&d=mm&r=g\",\"caption\":\"Vasile Filat\"},\"description\":\"P\u0103storesc\u00a0Biserica Bunavestire din Chi\u0219in\u0103u, predau Cuv\u00e2ntul lui Dumnezeu la\u00a0Institutul de Studiu Biblic Inductiv din Eurasia\u00a0\u0219i conduc\u00a0Asocia\u021bia \\\"\u00cenv\u0103\u021b\u0103tur\u0103 din Cuv\u00e2nt - Precept Ministries\\\" din Moldova. \u00cempreun\u0103 cu so\u021bia mea\u00a0Anastasia, avem trei copii. Din Aprilie 2007 am oferit r\u0103spunsuri din Biblie pe acest site la \u00eentreb\u0103ri adresate de cititori. Mai mult despre mine citi\u021bi\u00a0aici.\",\"url\":\"https:\\\/\\\/moldovacrestina.md\\\/en\\\/author\\\/vasile-filat\\\/\"}]}<\/script>\n<!-- \/ Yoast SEO Premium plugin. -->","yoast_head_json":{"title":"Fast and Pray for Moldova on April 10th &#8226; Moldova Cre\u0219tin\u0103","description":"Today, April 9th in the morning, we had a meeting with the pastors from Chisinau where decided to announce for tomorrow, April 10th a Fasting and","robots":{"index":"index","follow":"follow","max-snippet":"max-snippet:-1","max-image-preview":"max-image-preview:large","max-video-preview":"max-video-preview:-1"},"canonical":"https:\/\/moldovacrestina.md\/en\/10-aprilie-zi-nationala-de-post-si-rugaciune\/","og_locale":"en_US","og_type":"article","og_title":"Fast and Pray for Moldova on April 10th","og_description":"Today, April 9th in the morning, we had a meeting with the pastors from Chisinau where decided to announce for tomorrow, April 10th a Fasting and","og_url":"https:\/\/moldovacrestina.md\/en\/10-aprilie-zi-nationala-de-post-si-rugaciune\/","og_site_name":"Moldova Cre\u0219tin\u0103","article_publisher":"https:\/\/www.facebook.com\/moldovacrestina\/","article_published_time":"2009-04-09T17:42:20+00:00","article_modified_time":"2017-05-27T07:02:40+00:00","author":"Vasile Filat","twitter_card":"summary_large_image","twitter_creator":"@moldovacrestina","twitter_site":"@moldovacrestina","twitter_misc":{"Written by":"Vasile Filat","Est. reading time":"1 minute"},"schema":{"@context":"https:\/\/schema.org","@graph":[{"@type":"Article","@id":"https:\/\/moldovacrestina.md\/en\/10-aprilie-zi-nationala-de-post-si-rugaciune\/#article","isPartOf":{"@id":"https:\/\/moldovacrestina.md\/en\/10-aprilie-zi-nationala-de-post-si-rugaciune\/"},"author":{"name":"Vasile Filat","@id":"https:\/\/moldovacrestina.md\/en\/#\/schema\/person\/04b204bbb582cc832c3d2424f5d27dc0"},"headline":"Fast and Pray for Moldova on April 10th","datePublished":"2009-04-09T17:42:20+00:00","dateModified":"2017-05-27T07:02:40+00:00","mainEntityOfPage":{"@id":"https:\/\/moldovacrestina.md\/en\/10-aprilie-zi-nationala-de-post-si-rugaciune\/"},"wordCount":204,"keywords":["moldova","Politics","protests","protests in Moldova","fasting","church in moldova","fasting and praying","fasting for moldova","praing for moldova","praying"],"articleSection":["Answers from the Bible"],"inLanguage":"en-US"},{"@type":"WebPage","@id":"https:\/\/moldovacrestina.md\/en\/10-aprilie-zi-nationala-de-post-si-rugaciune\/","url":"https:\/\/moldovacrestina.md\/en\/10-aprilie-zi-nationala-de-post-si-rugaciune\/","name":"Fast and Pray for Moldova on April 10th &#8226; Moldova Cre\u0219tin\u0103","isPartOf":{"@id":"https:\/\/moldovacrestina.md\/en\/#website"},"datePublished":"2009-04-09T17:42:20+00:00","dateModified":"2017-05-27T07:02:40+00:00","author":{"@id":"https:\/\/moldovacrestina.md\/en\/#\/schema\/person\/04b204bbb582cc832c3d2424f5d27dc0"},"description":"Today, April 9th in the morning, we had a meeting with the pastors from Chisinau where decided to announce for tomorrow, April 10th a Fasting and","breadcrumb":{"@id":"https:\/\/moldovacrestina.md\/en\/10-aprilie-zi-nationala-de-post-si-rugaciune\/#breadcrumb"},"inLanguage":"en-US","potentialAction":[{"@type":"ReadAction","target":["https:\/\/moldovacrestina.md\/en\/10-aprilie-zi-nationala-de-post-si-rugaciune\/"]}]},{"@type":"BreadcrumbList","@id":"https:\/\/moldovacrestina.md\/en\/10-aprilie-zi-nationala-de-post-si-rugaciune\/#breadcrumb","itemListElement":[{"@type":"ListItem","position":1,"name":"Prima pagin\u0103","item":"https:\/\/moldovacrestina.md\/en\/"},{"@type":"ListItem","position":2,"name":"Answers from the Bible","item":"https:\/\/moldovacrestina.md\/en\/answer-from-the-bible\/"},{"@type":"ListItem","position":3,"name":"Fast and Pray for Moldova on April 10th"}]},{"@type":"WebSite","@id":"https:\/\/moldovacrestina.md\/en\/#website","url":"https:\/\/moldovacrestina.md\/en\/","name":"Moldova Cre\u0219tin\u0103","description":"R\u0103spunsuri relevante \u0219i actuale din Biblie","potentialAction":[{"@type":"SearchAction","target":{"@type":"EntryPoint","urlTemplate":"https:\/\/moldovacrestina.md\/en\/?s={search_term_string}"},"query-input":{"@type":"PropertyValueSpecification","valueRequired":true,"valueName":"search_term_string"}}],"inLanguage":"en-US"},{"@type":"Person","@id":"https:\/\/moldovacrestina.md\/en\/#\/schema\/person\/04b204bbb582cc832c3d2424f5d27dc0","name":"Vasile Filat","image":{"@type":"ImageObject","inLanguage":"en-US","@id":"https:\/\/secure.gravatar.com\/avatar\/2e02d082d139dd6eb634318c9cf2c3a8281db62f24f87a134adb4f2020e77ab3?s=96&d=mm&r=g","url":"https:\/\/secure.gravatar.com\/avatar\/2e02d082d139dd6eb634318c9cf2c3a8281db62f24f87a134adb4f2020e77ab3?s=96&d=mm&r=g","contentUrl":"https:\/\/secure.gravatar.com\/avatar\/2e02d082d139dd6eb634318c9cf2c3a8281db62f24f87a134adb4f2020e77ab3?s=96&d=mm&r=g","caption":"Vasile Filat"},"description":"P\u0103storesc\u00a0Biserica Bunavestire din Chi\u0219in\u0103u, predau Cuv\u00e2ntul lui Dumnezeu la\u00a0Institutul de Studiu Biblic Inductiv din Eurasia\u00a0\u0219i conduc\u00a0Asocia\u021bia \"\u00cenv\u0103\u021b\u0103tur\u0103 din Cuv\u00e2nt - Precept Ministries\" din Moldova. \u00cempreun\u0103 cu so\u021bia mea\u00a0Anastasia, avem trei copii. Din Aprilie 2007 am oferit r\u0103spunsuri din Biblie pe acest site la \u00eentreb\u0103ri adresate de cititori. Mai mult despre mine citi\u021bi\u00a0aici.","url":"https:\/\/moldovacrestina.md\/en\/author\/vasile-filat\/"}]}},"jetpack_featured_media_url":"","video_meta":false,"featured_image":false,"wpml":{"language_code":"en","locale":"en_US","text_direction":false,"display_name":"English","native_name":"Englez\u0103","different_language":false},"jetpack-related-posts":[{"id":83594,"url":"https:\/\/moldovacrestina.md\/ru\/hto-znachit-zlosloviti-za-hrista\/","url_meta":{"origin":80955,"position":0},"title":"\u041d\u0430 \u0447\u0442\u043e \u0441\u0441\u044b\u043b\u0430\u0435\u0442\u0441\u044f \u0418\u0438\u0441\u0443\u0441 \u0425\u0440\u0438\u0441\u0442\u043e\u0441, \u0433\u043e\u0432\u043e\u0440\u044f \u201c\u043d\u0435\u043f\u0440\u0430\u0432\u0435\u0434\u043d\u043e \u0437\u043b\u043e\u0441\u043b\u043e\u0432\u0438\u0442\u044c \u0437\u0430 \u041c\u0435\u043d\u044f\u201d?","author":"Vasile Filat","date":"September 8, 2010","format":false,"excerpt":"\u0412\u043e\u043f\u0440\u043e\u0441: \u0421\u0435\u0433\u043e\u0434\u043d\u044f \u0432\u043e \u0432\u0440\u0435\u043c\u044f \u043e\u0431\u0435\u0434\u0435\u043d\u043d\u043e\u0433\u043e \u043f\u0435\u0440\u0435\u0440\u044b\u0432\u0430 \u044f \u0441\u043b\u0443\u0448\u0430\u043b \u043e \u0431\u043b\u0430\u0436\u0435\u043d\u0441\u0442\u0432\u0430\u0445, \u0441\u043a\u0430\u0437\u0430\u043d\u043d\u044b\u0445 \u0418\u0438\u0441\u0443\u0441\u043e\u043c \u0425\u0440\u0438\u0441\u0442\u043e\u043c \u0432 \u041d\u0430\u0433\u043e\u0440\u043d\u043e\u0439 \u041f\u0440\u043e\u043f\u043e\u0432\u0435\u0434\u0438, \u0438 \u0443 \u043c\u0435\u043d\u044f \u0435\u0441\u0442\u044c \u043d\u0435\u0434\u043e\u043f\u043e\u043d\u0438\u043c\u0430\u043d\u0438\u0435 \u043f\u043e \u044d\u0442\u043e\u043c\u0443 \u043f\u043e\u0432\u043e\u0434\u0443. \u042f \u043f\u043e\u043d\u0438\u043c\u0430\u044e, \u0447\u0442\u043e \u0425\u0440\u0438\u0441\u0442\u043e\u0441 \u0441\u043a\u0430\u0437\u0430\u043b \u0443\u0447\u0435\u043d\u0438\u043a\u0430\u043c, \u0447\u0442\u043e \u043e\u043d\u0438 \u0431\u0443\u0434\u0443\u0442 \u0441\u0442\u0440\u0430\u0434\u0430\u0442\u044c \u043f\u043e \u043f\u0440\u0438\u0447\u0438\u043d\u0435 \u043f\u0440\u043e\u043f\u043e\u0432\u0435\u0434\u0438 \u0421\u043b\u043e\u0432\u0430 \u0438\u043b\u0438 \u0441\u043e \u0441\u0442\u043e\u0440\u043e\u043d\u044b \u043d\u0435\u0432\u0435\u0440\u0443\u044e\u0449\u0438\u0445, \u043d\u043e \u044f \u043d\u0435 \u043f\u043e\u043d\u0438\u043c\u0430\u044e \u0432\u044b\u0440\u0430\u0436\u0435\u043d\u0438\u044f \u201c\u043d\u0435\u043f\u0440\u0430\u0432\u0435\u0434\u043d\u043e \u0437\u043b\u043e\u0441\u043b\u043e\u0432\u0438\u0442\u044c \u0437\u0430\u2026","rel":"","context":"<span class=\"jp-relatedposts-post-author\">Vasile Filat<\/span>","block_context":{"text":"\u0414\u043e\u043a\u0442\u0440\u0438\u043d\u044b","link":"https:\/\/moldovacrestina.md\/ru\/otvety-iz-biblii\/doktriny-ru\/"},"img":{"alt_text":"","src":"","width":0,"height":0},"classes":[]},{"id":84641,"url":"https:\/\/moldovacrestina.md\/ru\/test-homofobia\/","url_meta":{"origin":80955,"position":1},"title":"\u0421\u0434\u0435\u043b\u0430\u0442\u044c \u0442\u0435\u0441\u0442, \u0447\u0442\u043e\u0431\u044b \u0443\u0437\u043d\u0430\u0442\u044c, \u044f\u0432\u043b\u044f\u0435\u0448\u044c\u0441\u044f \u043b\u0438 \u0442\u044b \u0413\u041e\u041c\u041e\u0424\u041e\u0411\u041e\u041c?","author":"Vasile Filat","date":"January 14, 2011","format":false,"excerpt":"\u041f\u043e\u0441\u043a\u043e\u043b\u044c\u043a\u0443 \u044f \u043c\u043d\u043e\u0433\u043e \u0440\u0430\u0437 \u0434\u0435\u043b\u0430\u043b \u0437\u0430\u044f\u0432\u043b\u0435\u043d\u0438\u044f \u043f\u043e \u043f\u043e\u0432\u043e\u0434\u0443 \u043d\u0430\u0441\u0438\u043b\u0438\u044f, \u043d\u0430 \u043a\u043e\u0442\u043e\u0440\u043e\u043c \u043d\u0430\u0441\u0442\u0430\u0438\u0432\u0430\u0435\u0442 \u043e\u0440\u0433\u0430\u043d\u0438\u0437\u0430\u0446\u0438\u044f \u0433\u043e\u043c\u043e\u0441\u0435\u043a\u0441\u0443\u0430\u043b\u0438\u0441\u0442\u043e\u0432 \u0438\u0437 \u041c\u043e\u043b\u0434\u043e\u0432\u044b \u0438 \u0434\u0440\u0443\u0433\u0438\u0435 \u043e\u0440\u0433\u0430\u043d\u0438\u0437\u0430\u0446\u0438\u0438, \u043a\u043e\u0442\u043e\u0440\u044b\u0435 \u043f\u0440\u043e\u043f\u0430\u0433\u0430\u043d\u0434\u0438\u0440\u0443\u044e\u0442\u00a0 \u0442\u0430\u043a \u043d\u0430\u0437\u044b\u0432\u0430\u0435\u043c\u044b\u0435 \u201c\u043f\u0440\u0430\u0432\u0430 \u0441\u0435\u043a\u0441\u0443\u0430\u043b\u044c\u043d\u044b\u0445 \u043c\u0435\u043d\u044c\u0448\u0438\u043d\u0441\u0442\u0432\u201d, \u043c\u0435\u043d\u044f \u0447\u0430\u0441\u0442\u043e \u0441\u0442\u0430\u043b\u0438 \u043d\u0430\u0437\u044b\u0432\u0430\u0442\u044c \u201c\u0433\u043e\u043c\u043e\u0444\u043e\u0431\u201d, \u0442\u043e\u0447\u043d\u043e \u0442\u0430\u043a\u0436\u0435, \u043a\u0430\u043a \u043e\u043d\u0438 \u043d\u0430\u0437\u044b\u0432\u0430\u044e\u0442 \u043b\u044e\u0431\u043e\u0433\u043e, \u043a\u0442\u043e \u043d\u0435 \u0440\u0430\u0437\u0434\u0435\u043b\u044f\u0435\u0442 \u0438\u0445 \u043c\u043d\u0435\u043d\u0438\u044f. \u0421\u0435\u0433\u043e\u0434\u043d\u044f \u044f \u043f\u043e\u043b\u0443\u0447\u0438\u043b \u043f\u043e email \u043f\u0440\u0438\u0433\u043b\u0430\u0448\u0435\u043d\u0438\u0435 \u0441\u0434\u0435\u043b\u0430\u0442\u044c \u0442\u0435\u0441\u0442,\u2026","rel":"","context":"<span class=\"jp-relatedposts-post-author\">Vasile Filat<\/span>","block_context":{"text":"\u041e\u0431\u0449\u0435\u0441\u0442\u0432\u043e","link":"https:\/\/moldovacrestina.md\/ru\/otvety-iz-biblii\/obshhestvo\/"},"img":{"alt_text":"","src":"https:\/\/i0.wp.com\/americansfortruth.com\/uploads\/2011\/01\/Homophobia_Quiz-300x148.png?resize=350%2C200","width":350,"height":200},"classes":[]},{"id":123833,"url":"https:\/\/moldovacrestina.md\/ru\/s-dnyom-rozhdeniya-moldova-crestina-gleote-vlog\/","url_meta":{"origin":80955,"position":2},"title":"\u0421 \u0414\u041d\u0401\u041c \u0420\u041e\u0416\u0414\u0415\u041d\u0418\u042f MOLDOVA CRE\u0218TIN\u0102 | Gleot\u00e9 VLOG","author":"\u0410\u043d\u0434\u0440\u0435\u0435\u0432 \u042d\u0434\u0443\u0430\u0440\u0434","date":"April 26, 2017","format":"video","excerpt":"\u0414\u0440\u0443\u0437\u044c\u044f! \u0412\u043e\u0442 \u0438 \u043d\u043e\u0432\u044b\u0439 \u0432\u0438\u0434\u0435\u043e-\u0431\u043b\u043e\u0433! 22 \u0430\u043f\u0440\u0435\u043b\u044f Moldova Cre\u0219tin\u0103\u00a0\u0438\u0441\u043f\u043e\u043b\u043d\u0438\u043b\u043e\u0441\u044c 10 \u043b\u0435\u0442!\u00a0\ud83c\udf82 \u041d\u0435 \u0441\u0442\u0435\u0441\u043d\u044f\u0439\u0442\u0435\u0441\u044c! \u041f\u0440\u0438\u0441\u043e\u0435\u0434\u0438\u043d\u044f\u0439\u0442\u0435\u0441\u044c \u043a \u043f\u0440\u0430\u0437\u0434\u043d\u0438\u043a\u0443! \u0414\u043b\u044f \u043c\u0435\u043d\u044f \u043e\u0433\u0440\u043e\u043c\u043d\u043e\u0435 \u0431\u043b\u0430\u0433\u043e\u0441\u043b\u043e\u0432\u0435\u043d\u0438\u0435 \u0438 \u043f\u0440\u0438\u0432\u0438\u043b\u0435\u0433\u0438\u044f \u0431\u044b\u0442\u044c \u0447\u0430\u0441\u0442\u044c\u044e \u044d\u0442\u043e\u0439 \u043a\u043e\u043c\u0430\u043d\u0434\u044b! \u041f\u0443\u0441\u0442\u044c \u0413\u043e\u0441\u043f\u043e\u0434\u044c \u0443\u043c\u043d\u043e\u0436\u0438\u0442 \u044d\u0442\u043e \u0441\u043b\u0443\u0436\u0435\u043d\u0438\u0435 \u0438 \u043f\u043e\u043c\u043e\u0436\u0435\u0442 \u043f\u0440\u0438\u043d\u0435\u0441\u0442\u0438 \u0435\u0449\u0451 \u0431\u043e\u043b\u044c\u0448\u0435 \u043f\u043b\u043e\u0434\u043e\u0432 \u0432\u043e \u0441\u043b\u0430\u0432\u0443 \u0413\u043e\u0441\u043f\u043e\u0434\u0430 \u043d\u0430\u0448\u0435\u0433\u043e \u0418\u0438\u0441\u0443\u0441\u0430 \u0425\u0440\u0438\u0441\u0442\u0430! \u0411\u043e\u043b\u044c\u0448\u043e\u0435 \u0441\u043f\u0430\u0441\u0438\u0431\u043e \u0432\u0441\u0435\u043c \u043c\u043e\u0438\u043c \u043d\u0430\u0441\u0442\u0430\u0432\u043d\u0438\u043a\u0430\u043c \u0438 \u0434\u0440\u0443\u0437\u044c\u044f\u043c\u2026","rel":"","context":"<span class=\"jp-relatedposts-post-author\">\u0410\u043d\u0434\u0440\u0435\u0435\u0432 \u042d\u0434\u0443\u0430\u0440\u0434<\/span>","block_context":{"text":"\u0411\u043b\u043e\u0433\u043e\u0441\u0444\u0435\u0440\u0430","link":"https:\/\/moldovacrestina.md\/ru\/vospitanie-ru\/blogosfera-ru\/"},"img":{"alt_text":"","src":"https:\/\/i0.wp.com\/moldovacrestina.md\/wp-content\/uploads\/2017\/04\/moldovacrestina.md---1.jpg?resize=350%2C200&ssl=1","width":350,"height":200,"srcset":"https:\/\/i0.wp.com\/moldovacrestina.md\/wp-content\/uploads\/2017\/04\/moldovacrestina.md---1.jpg?resize=350%2C200&ssl=1 1x, https:\/\/i0.wp.com\/moldovacrestina.md\/wp-content\/uploads\/2017\/04\/moldovacrestina.md---1.jpg?resize=525%2C300&ssl=1 1.5x, https:\/\/i0.wp.com\/moldovacrestina.md\/wp-content\/uploads\/2017\/04\/moldovacrestina.md---1.jpg?resize=700%2C400&ssl=1 2x, https:\/\/i0.wp.com\/moldovacrestina.md\/wp-content\/uploads\/2017\/04\/moldovacrestina.md---1.jpg?resize=1050%2C600&ssl=1 3x"},"classes":[]},{"id":244526,"url":"https:\/\/moldovacrestina.md\/ru\/s-dnjom-rozhdenija-moldova-crestina-gleote-vlog\/","url_meta":{"origin":80955,"position":3},"title":"\u0421 \u0414\u041d\u0401\u041c \u0420\u041e\u0416\u0414\u0415\u041d\u0418\u042f MOLDOVA CRE\u0218TIN\u0102","author":"Moldova Cre\u0219tin\u0103","date":"April 24, 2017","format":false,"excerpt":"\u041d\u0435 \u0437\u0430\u0431\u0443\u0434\u044c\u0442\u0435 \u043f\u043e\u0434\u0435\u043b\u0438\u0442\u044c\u0441\u044f \u044d\u0442\u0438\u043c \u0440\u043e\u043b\u0438\u043a\u043e\u043c! :) 22 \u0430\u043f\u0440\u0435\u043b\u044f \u044d\u0442\u043e\u0433\u043e \u0433\u043e\u0434\u0430 \u0445\u0440\u0438\u0441\u0442\u0438\u0430\u043d\u0441\u043a\u043e\u043c\u0443 \u0438\u043d\u0444\u043e\u0440\u043c\u0430\u0446\u0438\u043e\u043d\u043d\u043e\u043c\u0443 \u043f\u043e\u0440\u0442\u0430\u043b\u0443 \"Moldova Cre\u0219tin\u0103\" \u0438\u0441\u043f\u043e\u043b\u043d\u0438\u043b\u043e\u0441\u044c 10 \u043b\u0435\u0442! \u0414\u043b\u044f \u043c\u0435\u043d\u044f \u043e\u0433\u0440\u043e\u043c\u043d\u043e\u0435 \u0431\u043b\u0430\u0433\u043e\u0441\u043b\u043e\u0432\u0435\u043d\u0438\u0435 \u0438 \u043f\u0440\u0438\u0432\u0438\u043b\u0435\u0433\u0438\u044f \u0431\u044b\u0442\u044c \u0447\u0430\u0441\u0442\u044c\u044e \u044d\u0442\u043e\u0439 \u043a\u043e\u043c\u0430\u043d\u0434\u044b! \u041f\u0443\u0441\u0442\u044c \u0413\u043e\u0441\u043f\u043e\u0434\u044c \u0443\u043c\u043d\u043e\u0436\u0438\u0442 \u044d\u0442\u043e \u0441\u043b\u0443\u0436\u0435\u043d\u0438\u0435 \u0438 \u043f\u043e\u043c\u043e\u0436\u0435\u0442 \u043f\u0440\u0438\u043d\u0435\u0441\u0442\u0438 \u0435\u0449\u0451 \u0431\u043e\u043b\u044c\u0448\u0435 \u043f\u043b\u043e\u0434\u043e\u0432 \u0432\u043e \u0441\u043b\u0430\u0432\u0443 \u0413\u043e\u0441\u043f\u043e\u0434\u0430 \u043d\u0430\u0448\u0435\u0433\u043e \u0418\u0438\u0441\u0443\u0441\u0430 \u0425\u0440\u0438\u0441\u0442\u0430! \u0411\u043e\u043b\u044c\u0448\u043e\u0435 \u0441\u043f\u0430\u0441\u0438\u0431\u043e \u0432\u0441\u0435\u043c \u043c\u043e\u0438\u043c \u043d\u0430\u0441\u0442\u0430\u0432\u043d\u0438\u043a\u0430\u043c\u2026","rel":"","context":"<span class=\"jp-relatedposts-post-author\">Moldova Cre\u0219tin\u0103<\/span>","block_context":{"text":"Gleot\u00e9 VLOG","link":"https:\/\/moldovacrestina.md\/ru\/gleote-vlog\/"},"img":{"alt_text":"","src":"https:\/\/i0.wp.com\/cdn.moldovacrestina.md\/2019\/02\/85e2877e-smbnqiesa1c.jpg?resize=350%2C200&ssl=1","width":350,"height":200,"srcset":"https:\/\/i0.wp.com\/cdn.moldovacrestina.md\/2019\/02\/85e2877e-smbnqiesa1c.jpg?resize=350%2C200&ssl=1 1x, https:\/\/i0.wp.com\/cdn.moldovacrestina.md\/2019\/02\/85e2877e-smbnqiesa1c.jpg?resize=525%2C300&ssl=1 1.5x, https:\/\/i0.wp.com\/cdn.moldovacrestina.md\/2019\/02\/85e2877e-smbnqiesa1c.jpg?resize=700%2C400&ssl=1 2x, https:\/\/i0.wp.com\/cdn.moldovacrestina.md\/2019\/02\/85e2877e-smbnqiesa1c.jpg?resize=1050%2C600&ssl=1 3x"},"classes":[]},{"id":244533,"url":"https:\/\/moldovacrestina.md\/ru\/molodjozhka-way-gleote-vlog\/","url_meta":{"origin":80955,"position":4},"title":"\u041c\u041e\u041b\u041e\u0414\u0401\u0416\u041a\u0410 WAY","author":"Moldova Cre\u0219tin\u0103","date":"May 11, 2018","format":false,"excerpt":"Come to \"WAY\" meetings every Friday, 18:00 https:\/\/goo.gl\/9kAnn6 \u0414\u0430\u0432\u0430\u0439\u0442\u0435 \u043d\u0438\u043a\u043e\u0433\u0434\u0430 \u043d\u0435 \u0441\u0442\u044b\u0434\u0438\u0442\u044c\u0441\u044f \u0438\u043c\u0435\u043d\u0438 \u0425\u0440\u0438\u0441\u0442\u0430! \u041e\u0431 \u044d\u0442\u043e\u043c \u043d\u043e\u0432\u043e\u0435 \u0432\u0438\u0434\u0435\u043e. \u041d\u0435 \u043f\u043e\u0441\u0442\u044b\u0434\u0438\u0442\u0435\u0441\u044c \u043f\u043e\u0434\u0435\u043b\u0438\u0442\u044c\u0441\u044f \u0440\u043e\u043b\u0438\u043a\u043e\u043c:) Gleot\u00e9 - \u0411\u043e\u0433 \u041b\u044e\u0431\u0438\u0442 \u041a\u0430\u0436\u0434\u043e\u0433\u043e \u043d\u0430 \u0417\u0435\u043c\u043b\u0435 ! God Loves Everyone On The Earth ! \u041f\u0420\u0418\u0425\u041e\u0414\u0418 \u041d\u0410 \u041c\u041e\u041b\u041e\u0414\u0415\u0416\u041a\u0423: https:\/\/www.facebook.com\/livingyouth.md\/ \u041f\u041e\u041b\u0423\u0427\u0418 \u041e\u0422\u0412\u0415\u0422 \u0418\u0417 \u0411\u0418\u0411\u041b\u0418\u0418: https:\/\/moldovacrestina.md \u0414\u0423\u0425\u041e\u0412\u041d\u0410\u042f \u0411\u0415\u0421\u0415\u0414\u041a\u0410: http:\/\/duhovnayabesedka.blogspot.com","rel":"","context":"<span class=\"jp-relatedposts-post-author\">Moldova Cre\u0219tin\u0103<\/span>","block_context":{"text":"Gleot\u00e9 VLOG","link":"https:\/\/moldovacrestina.md\/ru\/gleote-vlog\/"},"img":{"alt_text":"","src":"https:\/\/i0.wp.com\/cdn.moldovacrestina.md\/2019\/02\/c9f55163-myv9lwsy-4o.jpg?resize=350%2C200&ssl=1","width":350,"height":200,"srcset":"https:\/\/i0.wp.com\/cdn.moldovacrestina.md\/2019\/02\/c9f55163-myv9lwsy-4o.jpg?resize=350%2C200&ssl=1 1x, https:\/\/i0.wp.com\/cdn.moldovacrestina.md\/2019\/02\/c9f55163-myv9lwsy-4o.jpg?resize=525%2C300&ssl=1 1.5x, https:\/\/i0.wp.com\/cdn.moldovacrestina.md\/2019\/02\/c9f55163-myv9lwsy-4o.jpg?resize=700%2C400&ssl=1 2x, https:\/\/i0.wp.com\/cdn.moldovacrestina.md\/2019\/02\/c9f55163-myv9lwsy-4o.jpg?resize=1050%2C600&ssl=1 3x"},"classes":[]},{"id":362642,"url":"https:\/\/moldovacrestina.md\/patru-probleme-rezolvate-in-joia-patimilor\/","url_meta":{"origin":80955,"position":5},"title":"Patru probleme rezolvate \u00een Joia Patimilor","author":"Moldova Cre\u0219tin\u0103","date":"April 18, 2025","format":false,"excerpt":"\u00cen Joia Patimilor, Domnul Isus a rezolvat patru dintre cele mai grele probleme ale omenirii. Descoper\u0103 cum aceast\u0103 zi \u00ee\u021bi poate schimba via\u021ba! \u2753Pune o \u00eentrebare: https:\/\/moldovacrestina.md\/ask-the-pastor sau la email contact@moldovacrestina.md \ud83c\udf81 Devino membru \u0219i sus\u021bine lucrarea Moldova Cre\u0219tin\u0103: https:\/\/www.youtube.com\/@Moldova_Crestina\/join \ud83d\udecdCupon special: moldovacrestina15 \u2014 15% reducere la toate manualele disponibile\u2026","rel":"","context":"<span class=\"jp-relatedposts-post-author\">Moldova Cre\u0219tin\u0103<\/span>","block_context":{"text":"MCTV","link":"https:\/\/moldovacrestina.md\/mctv\/"},"img":{"alt_text":"","src":"https:\/\/i0.wp.com\/cdn.moldovacrestina.md\/2025\/04\/2ca5e4b3-0wdqmagza4w.jpg?resize=350%2C200&ssl=1","width":350,"height":200,"srcset":"https:\/\/i0.wp.com\/cdn.moldovacrestina.md\/2025\/04\/2ca5e4b3-0wdqmagza4w.jpg?resize=350%2C200&ssl=1 1x, https:\/\/i0.wp.com\/cdn.moldovacrestina.md\/2025\/04\/2ca5e4b3-0wdqmagza4w.jpg?resize=525%2C300&ssl=1 1.5x, https:\/\/i0.wp.com\/cdn.moldovacrestina.md\/2025\/04\/2ca5e4b3-0wdqmagza4w.jpg?resize=700%2C400&ssl=1 2x, https:\/\/i0.wp.com\/cdn.moldovacrestina.md\/2025\/04\/2ca5e4b3-0wdqmagza4w.jpg?resize=1050%2C600&ssl=1 3x"},"classes":[]}],"jetpack_sharing_enabled":true,"_links":{"self":[{"href":"https:\/\/moldovacrestina.md\/en\/wp-json\/wp\/v2\/posts\/80955","targetHints":{"allow":["GET"]}}],"collection":[{"href":"https:\/\/moldovacrestina.md\/en\/wp-json\/wp\/v2\/posts"}],"about":[{"href":"https:\/\/moldovacrestina.md\/en\/wp-json\/wp\/v2\/types\/post"}],"author":[{"embeddable":true,"href":"https:\/\/moldovacrestina.md\/en\/wp-json\/wp\/v2\/users\/46"}],"replies":[{"embeddable":true,"href":"https:\/\/moldovacrestina.md\/en\/wp-json\/wp\/v2\/comments?post=80955"}],"version-history":[{"count":0,"href":"https:\/\/moldovacrestina.md\/en\/wp-json\/wp\/v2\/posts\/80955\/revisions"}],"wp:attachment":[{"href":"https:\/\/moldovacrestina.md\/en\/wp-json\/wp\/v2\/media?parent=80955"}],"wp:term":[{"taxonomy":"category","embeddable":true,"href":"https:\/\/moldovacrestina.md\/en\/wp-json\/wp\/v2\/categories?post=80955"},{"taxonomy":"post_tag","embeddable":true,"href":"https:\/\/moldovacrestina.md\/en\/wp-json\/wp\/v2\/tags?post=80955"}],"curies":[{"name":"wp","href":"https:\/\/api.w.org\/{rel}","templated":true}]}}