{"id":80202,"date":"2007-07-13T11:18:41","date_gmt":"2007-07-13T09:18:41","guid":{"rendered":"https:\/\/moldovacrestina.md\/let-us-learn-common-sense"},"modified":"2017-05-27T09:04:10","modified_gmt":"2017-05-27T07:04:10","slug":"let-us-learn-common-sense","status":"publish","type":"post","link":"https:\/\/moldovacrestina.md\/en\/let-us-learn-common-sense\/","title":{"rendered":"Let us learn &#8220;Common Sense&#8221;"},"content":{"rendered":"<p style=\"text-align: justify\">\n<p style=\"text-align: justify\"><img decoding=\"async\" class=\"aligncenter size-full img-resp\" src=\"http:\/\/i.ytimg.com\/vi\/Ebyrt_fFoW0\/maxresdefault.jpg\" alt=\"DSCF1262\">Over the past 10 days I attended an English camp in Moldova. There were about 180 participants at this camp, mostly adolescents, youth, and young adults, who came to study English intensively, practicing their communication skills with native English speakers. Every evening we heard messages from the Word of God, by our dear leader Vasile Filat on \u201eCommon Sense\/Good sense\u201d . We learned many important things about \u201eCommon sense\u201d, what is means to have it, how it is manifested, what the lack of it looks like, etc. We studied from Solomon\u2019s proverbs, Solomon being the wisest man who ever lived, with the exception of the Lord Jesus Christ. As we were studying the lessons on \u201eCommon Sense\u201d I saw how young people were literally being changed before my very eyes. Many of the young people came with a lack of \u201eCommon Sense\u201d, or home training as we would say, but by the end of the camp their attitudes had changed. The wise Solomon had this to say, \u201eThe proverbs of Solomon the son of David, king of Israel:To know wisdom and instruction, To discern the sayings of understanding,To receive instruction in wise behavior, Righteousness, justice and equity;To give prudence to the naive, To the youth knowledge and discretion,A wise man will hear and increase in learning, And a man of understanding will acquire wise counsel,To understand a proverb and a figure, The words of the wise and their riddles.The fear of the LORD is the beginning of knowledge; Fools despise wisdom and instruction.\u201d<\/p>\n<h2 style=\"text-align: justify\">1. <strong>A person with common sense seeks to know wisdom<\/strong> (to know as a personal friend).<\/h2>\n<p style=\"text-align: justify\">He does not believe that he is already too wise to learn something new. Many people are like this in our day and time, believing that they know it all so they have no desire to learn from others. Here is a prime example of lack of common sense, when children think that they are smarter than their parents (children are taught to think this way through popular culture, especially in their schools).<\/p>\n<h2 style=\"text-align: justify\">2. <strong>A person with common sense has discernment <\/strong>(he knows how to distinguish between good and bad) because he is a close friend with wisdom (wisdom is found in the Bible).<\/h2>\n<p style=\"text-align: justify\">First of all, he knows that there is a difference between good and bad (he is not deceived by the lie of relativism). As white and black exist and are easily distinguished, so are good and bad. He knows the difference. Many people in our post-modern world have no idea that there is a difference between good and bad. They believe (because they were taught that way) that immorality is something normal and if you believe otherwise, like that immorality is evil and morality is good, then you are stuck in the past. They do not realize that those who promote and practice immorality (being so modern) are actually destroying their lives and the lives of others.<\/p>\n<h2 style=\"text-align: justify\">3. <strong>A person with common sense chooses what is good (right). <\/strong><\/h2>\n<p style=\"text-align: justify\">It is one thing to know what is good but choosing to do goodis a totally different thing. Many what to do what is good but they cannot do it. The Bible tells us that only those who have been born again can know what is good and choose to do it. The Apostle Paul confirmed this when he said that he knew what was right and wanted to do what was right but ended up doing what was wrong. This happened in his life up until he met the Lord Jesus Christ, repented, and was born again. After this event he began to do what was right.<\/p>\n<h2 style=\"text-align: justify\">4. <strong>A person with common sense fears the Lord. <\/strong><\/h2>\n<p style=\"text-align: justify\">Fear, used in this passage, does not mean that he is afraid of the Lord and does not want Him to punish him, but it means reverence or respect toward God. He shows his respect to God by being obedient to His Word. A lack of common sense can be seen by those who think that they are wiser than God and do not need to listen to Him. They think that the Bible is old fashioned and has no use in our days. When I speak to young people this is the mind-set that they have about God and the Bible. I always ask them where they get their opinions from and all of them say that they learned it from somewhere, be it their parents, be it their teachers or friends, and especially from the mass media. If you do not respect the Lord then you are lacking common sense, you neither have wisdom nor discernment, or a future. You need to respect the Lord, beginning today, repent of your pride, come to the Lord for forgiveness, and begin to study His Word.<\/p><\/p>\n","protected":false},"excerpt":{"rendered":"<p>Over the past 10 days I attended an English camp in Moldova. There were about 180 participants at this camp, mostly adolescents, youth, and young adults, who came to study English intensively, practicing their communication skills with native English speakers. Every evening we heard messages from the Word of God, by our dear leader Vasile [&hellip;]<\/p>\n","protected":false},"author":46,"featured_media":80206,"comment_status":"closed","ping_status":"closed","sticky":false,"template":"","format":"standard","meta":{"_acf_changed":false,"inline_featured_image":false,"_monsterinsights_skip_tracking":false,"_monsterinsights_sitenote_active":false,"_monsterinsights_sitenote_note":"","_monsterinsights_sitenote_category":0,"_genesis_hide_title":false,"_genesis_hide_breadcrumbs":false,"_genesis_hide_singular_image":false,"_genesis_hide_footer_widgets":false,"_genesis_custom_body_class":"","_genesis_custom_post_class":"","_genesis_layout":"","ep_exclude_from_search":false,"_jetpack_memberships_contains_paid_content":false,"footnotes":""},"categories":[126],"tags":[7737,7782,7796,7797,7798,7934,7977,8021,8074,8075,8076],"class_list":{"0":"post-80202","1":"post","2":"type-post","3":"status-publish","4":"format-standard","5":"has-post-thumbnail","7":"category-answer-from-the-bible","8":"tag-children","9":"tag-youth","10":"tag-man","11":"tag-men","12":"tag-people","13":"tag-moldova","14":"tag-world","15":"tag-school","16":"tag-camp","17":"tag-english","18":"tag-teachers","19":"entry"},"acf":[],"yoast_head":"<!-- This site is optimized with the Yoast SEO Premium plugin v26.5 (Yoast SEO v27.4) - https:\/\/yoast.com\/product\/yoast-seo-premium-wordpress\/ -->\n<title>Let us learn &quot;Common Sense&quot;<\/title>\n<meta name=\"description\" content=\"Over the past 10 days I attended an English camp in Moldova. There were about 180 participants at this camp, mostly adolescents, youth, and young adults, who came to study English intensively,\" \/>\n<meta name=\"robots\" content=\"index, follow, max-snippet:-1, max-image-preview:large, max-video-preview:-1\" \/>\n<link rel=\"canonical\" href=\"https:\/\/moldovacrestina.md\/en\/let-us-learn-common-sense\/\" \/>\n<meta property=\"og:locale\" content=\"en_US\" \/>\n<meta property=\"og:type\" content=\"article\" \/>\n<meta property=\"og:title\" content=\"Let us learn &quot;Common Sense&quot;\" \/>\n<meta property=\"og:description\" content=\"Over the past 10 days I attended an English camp in Moldova. There were about 180 participants at this camp, mostly adolescents, youth, and young adults, who came to study English intensively,\" \/>\n<meta property=\"og:url\" content=\"https:\/\/moldovacrestina.md\/en\/let-us-learn-common-sense\/\" \/>\n<meta property=\"og:site_name\" content=\"Moldova Cre\u0219tin\u0103\" \/>\n<meta property=\"article:publisher\" content=\"https:\/\/www.facebook.com\/moldovacrestina\/\" \/>\n<meta property=\"article:published_time\" content=\"2007-07-13T09:18:41+00:00\" \/>\n<meta property=\"article:modified_time\" content=\"2017-05-27T07:04:10+00:00\" \/>\n<meta property=\"og:image\" content=\"https:\/\/cdn.moldovacrestina.md\/2017\/12\/maxresdefault.jpg\" \/>\n\t<meta property=\"og:image:width\" content=\"1280\" \/>\n\t<meta property=\"og:image:height\" content=\"720\" \/>\n\t<meta property=\"og:image:type\" content=\"image\/jpeg\" \/>\n<meta name=\"author\" content=\"Vasile Filat\" \/>\n<meta name=\"twitter:card\" content=\"summary_large_image\" \/>\n<meta name=\"twitter:creator\" content=\"@moldovacrestina\" \/>\n<meta name=\"twitter:site\" content=\"@moldovacrestina\" \/>\n<meta name=\"twitter:label1\" content=\"Written by\" \/>\n\t<meta name=\"twitter:data1\" content=\"Vasile Filat\" \/>\n\t<meta name=\"twitter:label2\" content=\"Est. reading time\" \/>\n\t<meta name=\"twitter:data2\" content=\"4 minutes\" \/>\n<script type=\"application\/ld+json\" class=\"yoast-schema-graph\">{\"@context\":\"https:\\\/\\\/schema.org\",\"@graph\":[{\"@type\":\"Article\",\"@id\":\"https:\\\/\\\/moldovacrestina.md\\\/en\\\/let-us-learn-common-sense\\\/#article\",\"isPartOf\":{\"@id\":\"https:\\\/\\\/moldovacrestina.md\\\/en\\\/let-us-learn-common-sense\\\/\"},\"author\":{\"name\":\"Vasile Filat\",\"@id\":\"https:\\\/\\\/moldovacrestina.md\\\/en\\\/#\\\/schema\\\/person\\\/04b204bbb582cc832c3d2424f5d27dc0\"},\"headline\":\"Let us learn &#8220;Common Sense&#8221;\",\"datePublished\":\"2007-07-13T09:18:41+00:00\",\"dateModified\":\"2017-05-27T07:04:10+00:00\",\"mainEntityOfPage\":{\"@id\":\"https:\\\/\\\/moldovacrestina.md\\\/en\\\/let-us-learn-common-sense\\\/\"},\"wordCount\":809,\"image\":{\"@id\":\"https:\\\/\\\/moldovacrestina.md\\\/en\\\/let-us-learn-common-sense\\\/#primaryimage\"},\"thumbnailUrl\":\"https:\\\/\\\/moldovacrestina.md\\\/wp-content\\\/uploads\\\/2017\\\/12\\\/maxresdefault.jpg\",\"keywords\":[\"Children\",\"Youth\",\"Man\",\"Men\",\"People\",\"moldova\",\"World\",\"School\",\"Camp\",\"English\",\"Teachers\"],\"articleSection\":[\"Answers from the Bible\"],\"inLanguage\":\"en-US\"},{\"@type\":\"WebPage\",\"@id\":\"https:\\\/\\\/moldovacrestina.md\\\/en\\\/let-us-learn-common-sense\\\/\",\"url\":\"https:\\\/\\\/moldovacrestina.md\\\/en\\\/let-us-learn-common-sense\\\/\",\"name\":\"Let us learn \\\"Common Sense\\\"\",\"isPartOf\":{\"@id\":\"https:\\\/\\\/moldovacrestina.md\\\/en\\\/#website\"},\"primaryImageOfPage\":{\"@id\":\"https:\\\/\\\/moldovacrestina.md\\\/en\\\/let-us-learn-common-sense\\\/#primaryimage\"},\"image\":{\"@id\":\"https:\\\/\\\/moldovacrestina.md\\\/en\\\/let-us-learn-common-sense\\\/#primaryimage\"},\"thumbnailUrl\":\"https:\\\/\\\/moldovacrestina.md\\\/wp-content\\\/uploads\\\/2017\\\/12\\\/maxresdefault.jpg\",\"datePublished\":\"2007-07-13T09:18:41+00:00\",\"dateModified\":\"2017-05-27T07:04:10+00:00\",\"author\":{\"@id\":\"https:\\\/\\\/moldovacrestina.md\\\/en\\\/#\\\/schema\\\/person\\\/04b204bbb582cc832c3d2424f5d27dc0\"},\"description\":\"Over the past 10 days I attended an English camp in Moldova. There were about 180 participants at this camp, mostly adolescents, youth, and young adults, who came to study English intensively,\",\"breadcrumb\":{\"@id\":\"https:\\\/\\\/moldovacrestina.md\\\/en\\\/let-us-learn-common-sense\\\/#breadcrumb\"},\"inLanguage\":\"en-US\",\"potentialAction\":[{\"@type\":\"ReadAction\",\"target\":[\"https:\\\/\\\/moldovacrestina.md\\\/en\\\/let-us-learn-common-sense\\\/\"]}]},{\"@type\":\"ImageObject\",\"inLanguage\":\"en-US\",\"@id\":\"https:\\\/\\\/moldovacrestina.md\\\/en\\\/let-us-learn-common-sense\\\/#primaryimage\",\"url\":\"https:\\\/\\\/moldovacrestina.md\\\/wp-content\\\/uploads\\\/2017\\\/12\\\/maxresdefault.jpg\",\"contentUrl\":\"https:\\\/\\\/moldovacrestina.md\\\/wp-content\\\/uploads\\\/2017\\\/12\\\/maxresdefault.jpg\",\"width\":1280,\"height\":720},{\"@type\":\"BreadcrumbList\",\"@id\":\"https:\\\/\\\/moldovacrestina.md\\\/en\\\/let-us-learn-common-sense\\\/#breadcrumb\",\"itemListElement\":[{\"@type\":\"ListItem\",\"position\":1,\"name\":\"Prima pagin\u0103\",\"item\":\"https:\\\/\\\/moldovacrestina.md\\\/en\\\/\"},{\"@type\":\"ListItem\",\"position\":2,\"name\":\"Answers from the Bible\",\"item\":\"https:\\\/\\\/moldovacrestina.md\\\/en\\\/answer-from-the-bible\\\/\"},{\"@type\":\"ListItem\",\"position\":3,\"name\":\"Let us learn &#8222;Common Sense&#8221;\"}]},{\"@type\":\"WebSite\",\"@id\":\"https:\\\/\\\/moldovacrestina.md\\\/en\\\/#website\",\"url\":\"https:\\\/\\\/moldovacrestina.md\\\/en\\\/\",\"name\":\"Moldova Cre\u0219tin\u0103\",\"description\":\"R\u0103spunsuri relevante \u0219i actuale din Biblie\",\"potentialAction\":[{\"@type\":\"SearchAction\",\"target\":{\"@type\":\"EntryPoint\",\"urlTemplate\":\"https:\\\/\\\/moldovacrestina.md\\\/en\\\/?s={search_term_string}\"},\"query-input\":{\"@type\":\"PropertyValueSpecification\",\"valueRequired\":true,\"valueName\":\"search_term_string\"}}],\"inLanguage\":\"en-US\"},{\"@type\":\"Person\",\"@id\":\"https:\\\/\\\/moldovacrestina.md\\\/en\\\/#\\\/schema\\\/person\\\/04b204bbb582cc832c3d2424f5d27dc0\",\"name\":\"Vasile Filat\",\"image\":{\"@type\":\"ImageObject\",\"inLanguage\":\"en-US\",\"@id\":\"https:\\\/\\\/secure.gravatar.com\\\/avatar\\\/2e02d082d139dd6eb634318c9cf2c3a8281db62f24f87a134adb4f2020e77ab3?s=96&d=mm&r=g\",\"url\":\"https:\\\/\\\/secure.gravatar.com\\\/avatar\\\/2e02d082d139dd6eb634318c9cf2c3a8281db62f24f87a134adb4f2020e77ab3?s=96&d=mm&r=g\",\"contentUrl\":\"https:\\\/\\\/secure.gravatar.com\\\/avatar\\\/2e02d082d139dd6eb634318c9cf2c3a8281db62f24f87a134adb4f2020e77ab3?s=96&d=mm&r=g\",\"caption\":\"Vasile Filat\"},\"description\":\"P\u0103storesc\u00a0Biserica Bunavestire din Chi\u0219in\u0103u, predau Cuv\u00e2ntul lui Dumnezeu la\u00a0Institutul de Studiu Biblic Inductiv din Eurasia\u00a0\u0219i conduc\u00a0Asocia\u021bia \\\"\u00cenv\u0103\u021b\u0103tur\u0103 din Cuv\u00e2nt - Precept Ministries\\\" din Moldova. \u00cempreun\u0103 cu so\u021bia mea\u00a0Anastasia, avem trei copii. Din Aprilie 2007 am oferit r\u0103spunsuri din Biblie pe acest site la \u00eentreb\u0103ri adresate de cititori. Mai mult despre mine citi\u021bi\u00a0aici.\",\"url\":\"https:\\\/\\\/moldovacrestina.md\\\/en\\\/author\\\/vasile-filat\\\/\"}]}<\/script>\n<!-- \/ Yoast SEO Premium plugin. -->","yoast_head_json":{"title":"Let us learn \"Common Sense\"","description":"Over the past 10 days I attended an English camp in Moldova. There were about 180 participants at this camp, mostly adolescents, youth, and young adults, who came to study English intensively,","robots":{"index":"index","follow":"follow","max-snippet":"max-snippet:-1","max-image-preview":"max-image-preview:large","max-video-preview":"max-video-preview:-1"},"canonical":"https:\/\/moldovacrestina.md\/en\/let-us-learn-common-sense\/","og_locale":"en_US","og_type":"article","og_title":"Let us learn \"Common Sense\"","og_description":"Over the past 10 days I attended an English camp in Moldova. There were about 180 participants at this camp, mostly adolescents, youth, and young adults, who came to study English intensively,","og_url":"https:\/\/moldovacrestina.md\/en\/let-us-learn-common-sense\/","og_site_name":"Moldova Cre\u0219tin\u0103","article_publisher":"https:\/\/www.facebook.com\/moldovacrestina\/","article_published_time":"2007-07-13T09:18:41+00:00","article_modified_time":"2017-05-27T07:04:10+00:00","og_image":[{"width":1280,"height":720,"url":"https:\/\/cdn.moldovacrestina.md\/2017\/12\/maxresdefault.jpg","type":"image\/jpeg"}],"author":"Vasile Filat","twitter_card":"summary_large_image","twitter_creator":"@moldovacrestina","twitter_site":"@moldovacrestina","twitter_misc":{"Written by":"Vasile Filat","Est. reading time":"4 minutes"},"schema":{"@context":"https:\/\/schema.org","@graph":[{"@type":"Article","@id":"https:\/\/moldovacrestina.md\/en\/let-us-learn-common-sense\/#article","isPartOf":{"@id":"https:\/\/moldovacrestina.md\/en\/let-us-learn-common-sense\/"},"author":{"name":"Vasile Filat","@id":"https:\/\/moldovacrestina.md\/en\/#\/schema\/person\/04b204bbb582cc832c3d2424f5d27dc0"},"headline":"Let us learn &#8220;Common Sense&#8221;","datePublished":"2007-07-13T09:18:41+00:00","dateModified":"2017-05-27T07:04:10+00:00","mainEntityOfPage":{"@id":"https:\/\/moldovacrestina.md\/en\/let-us-learn-common-sense\/"},"wordCount":809,"image":{"@id":"https:\/\/moldovacrestina.md\/en\/let-us-learn-common-sense\/#primaryimage"},"thumbnailUrl":"https:\/\/moldovacrestina.md\/wp-content\/uploads\/2017\/12\/maxresdefault.jpg","keywords":["Children","Youth","Man","Men","People","moldova","World","School","Camp","English","Teachers"],"articleSection":["Answers from the Bible"],"inLanguage":"en-US"},{"@type":"WebPage","@id":"https:\/\/moldovacrestina.md\/en\/let-us-learn-common-sense\/","url":"https:\/\/moldovacrestina.md\/en\/let-us-learn-common-sense\/","name":"Let us learn \"Common Sense\"","isPartOf":{"@id":"https:\/\/moldovacrestina.md\/en\/#website"},"primaryImageOfPage":{"@id":"https:\/\/moldovacrestina.md\/en\/let-us-learn-common-sense\/#primaryimage"},"image":{"@id":"https:\/\/moldovacrestina.md\/en\/let-us-learn-common-sense\/#primaryimage"},"thumbnailUrl":"https:\/\/moldovacrestina.md\/wp-content\/uploads\/2017\/12\/maxresdefault.jpg","datePublished":"2007-07-13T09:18:41+00:00","dateModified":"2017-05-27T07:04:10+00:00","author":{"@id":"https:\/\/moldovacrestina.md\/en\/#\/schema\/person\/04b204bbb582cc832c3d2424f5d27dc0"},"description":"Over the past 10 days I attended an English camp in Moldova. There were about 180 participants at this camp, mostly adolescents, youth, and young adults, who came to study English intensively,","breadcrumb":{"@id":"https:\/\/moldovacrestina.md\/en\/let-us-learn-common-sense\/#breadcrumb"},"inLanguage":"en-US","potentialAction":[{"@type":"ReadAction","target":["https:\/\/moldovacrestina.md\/en\/let-us-learn-common-sense\/"]}]},{"@type":"ImageObject","inLanguage":"en-US","@id":"https:\/\/moldovacrestina.md\/en\/let-us-learn-common-sense\/#primaryimage","url":"https:\/\/moldovacrestina.md\/wp-content\/uploads\/2017\/12\/maxresdefault.jpg","contentUrl":"https:\/\/moldovacrestina.md\/wp-content\/uploads\/2017\/12\/maxresdefault.jpg","width":1280,"height":720},{"@type":"BreadcrumbList","@id":"https:\/\/moldovacrestina.md\/en\/let-us-learn-common-sense\/#breadcrumb","itemListElement":[{"@type":"ListItem","position":1,"name":"Prima pagin\u0103","item":"https:\/\/moldovacrestina.md\/en\/"},{"@type":"ListItem","position":2,"name":"Answers from the Bible","item":"https:\/\/moldovacrestina.md\/en\/answer-from-the-bible\/"},{"@type":"ListItem","position":3,"name":"Let us learn &#8222;Common Sense&#8221;"}]},{"@type":"WebSite","@id":"https:\/\/moldovacrestina.md\/en\/#website","url":"https:\/\/moldovacrestina.md\/en\/","name":"Moldova Cre\u0219tin\u0103","description":"R\u0103spunsuri relevante \u0219i actuale din Biblie","potentialAction":[{"@type":"SearchAction","target":{"@type":"EntryPoint","urlTemplate":"https:\/\/moldovacrestina.md\/en\/?s={search_term_string}"},"query-input":{"@type":"PropertyValueSpecification","valueRequired":true,"valueName":"search_term_string"}}],"inLanguage":"en-US"},{"@type":"Person","@id":"https:\/\/moldovacrestina.md\/en\/#\/schema\/person\/04b204bbb582cc832c3d2424f5d27dc0","name":"Vasile Filat","image":{"@type":"ImageObject","inLanguage":"en-US","@id":"https:\/\/secure.gravatar.com\/avatar\/2e02d082d139dd6eb634318c9cf2c3a8281db62f24f87a134adb4f2020e77ab3?s=96&d=mm&r=g","url":"https:\/\/secure.gravatar.com\/avatar\/2e02d082d139dd6eb634318c9cf2c3a8281db62f24f87a134adb4f2020e77ab3?s=96&d=mm&r=g","contentUrl":"https:\/\/secure.gravatar.com\/avatar\/2e02d082d139dd6eb634318c9cf2c3a8281db62f24f87a134adb4f2020e77ab3?s=96&d=mm&r=g","caption":"Vasile Filat"},"description":"P\u0103storesc\u00a0Biserica Bunavestire din Chi\u0219in\u0103u, predau Cuv\u00e2ntul lui Dumnezeu la\u00a0Institutul de Studiu Biblic Inductiv din Eurasia\u00a0\u0219i conduc\u00a0Asocia\u021bia \"\u00cenv\u0103\u021b\u0103tur\u0103 din Cuv\u00e2nt - Precept Ministries\" din Moldova. \u00cempreun\u0103 cu so\u021bia mea\u00a0Anastasia, avem trei copii. Din Aprilie 2007 am oferit r\u0103spunsuri din Biblie pe acest site la \u00eentreb\u0103ri adresate de cititori. Mai mult despre mine citi\u021bi\u00a0aici.","url":"https:\/\/moldovacrestina.md\/en\/author\/vasile-filat\/"}]}},"jetpack_featured_media_url":"https:\/\/moldovacrestina.md\/wp-content\/uploads\/2017\/12\/maxresdefault.jpg","video_meta":false,"featured_image":"https:\/\/moldovacrestina.md\/wp-content\/uploads\/2017\/12\/maxresdefault.jpg","wpml":{"language_code":"en","locale":"en_US","text_direction":false,"display_name":"English","native_name":"Englez\u0103","different_language":false},"jetpack-related-posts":[{"id":83594,"url":"https:\/\/moldovacrestina.md\/ru\/hto-znachit-zlosloviti-za-hrista\/","url_meta":{"origin":80202,"position":0},"title":"\u041d\u0430 \u0447\u0442\u043e \u0441\u0441\u044b\u043b\u0430\u0435\u0442\u0441\u044f \u0418\u0438\u0441\u0443\u0441 \u0425\u0440\u0438\u0441\u0442\u043e\u0441, \u0433\u043e\u0432\u043e\u0440\u044f \u201c\u043d\u0435\u043f\u0440\u0430\u0432\u0435\u0434\u043d\u043e \u0437\u043b\u043e\u0441\u043b\u043e\u0432\u0438\u0442\u044c \u0437\u0430 \u041c\u0435\u043d\u044f\u201d?","author":"Vasile Filat","date":"September 8, 2010","format":false,"excerpt":"\u0412\u043e\u043f\u0440\u043e\u0441: \u0421\u0435\u0433\u043e\u0434\u043d\u044f \u0432\u043e \u0432\u0440\u0435\u043c\u044f \u043e\u0431\u0435\u0434\u0435\u043d\u043d\u043e\u0433\u043e \u043f\u0435\u0440\u0435\u0440\u044b\u0432\u0430 \u044f \u0441\u043b\u0443\u0448\u0430\u043b \u043e \u0431\u043b\u0430\u0436\u0435\u043d\u0441\u0442\u0432\u0430\u0445, \u0441\u043a\u0430\u0437\u0430\u043d\u043d\u044b\u0445 \u0418\u0438\u0441\u0443\u0441\u043e\u043c \u0425\u0440\u0438\u0441\u0442\u043e\u043c \u0432 \u041d\u0430\u0433\u043e\u0440\u043d\u043e\u0439 \u041f\u0440\u043e\u043f\u043e\u0432\u0435\u0434\u0438, \u0438 \u0443 \u043c\u0435\u043d\u044f \u0435\u0441\u0442\u044c \u043d\u0435\u0434\u043e\u043f\u043e\u043d\u0438\u043c\u0430\u043d\u0438\u0435 \u043f\u043e \u044d\u0442\u043e\u043c\u0443 \u043f\u043e\u0432\u043e\u0434\u0443. \u042f \u043f\u043e\u043d\u0438\u043c\u0430\u044e, \u0447\u0442\u043e \u0425\u0440\u0438\u0441\u0442\u043e\u0441 \u0441\u043a\u0430\u0437\u0430\u043b \u0443\u0447\u0435\u043d\u0438\u043a\u0430\u043c, \u0447\u0442\u043e \u043e\u043d\u0438 \u0431\u0443\u0434\u0443\u0442 \u0441\u0442\u0440\u0430\u0434\u0430\u0442\u044c \u043f\u043e \u043f\u0440\u0438\u0447\u0438\u043d\u0435 \u043f\u0440\u043e\u043f\u043e\u0432\u0435\u0434\u0438 \u0421\u043b\u043e\u0432\u0430 \u0438\u043b\u0438 \u0441\u043e \u0441\u0442\u043e\u0440\u043e\u043d\u044b \u043d\u0435\u0432\u0435\u0440\u0443\u044e\u0449\u0438\u0445, \u043d\u043e \u044f \u043d\u0435 \u043f\u043e\u043d\u0438\u043c\u0430\u044e \u0432\u044b\u0440\u0430\u0436\u0435\u043d\u0438\u044f \u201c\u043d\u0435\u043f\u0440\u0430\u0432\u0435\u0434\u043d\u043e \u0437\u043b\u043e\u0441\u043b\u043e\u0432\u0438\u0442\u044c \u0437\u0430\u2026","rel":"","context":"<span class=\"jp-relatedposts-post-author\">Vasile Filat<\/span>","block_context":{"text":"\u0414\u043e\u043a\u0442\u0440\u0438\u043d\u044b","link":"https:\/\/moldovacrestina.md\/ru\/otvety-iz-biblii\/doktriny-ru\/"},"img":{"alt_text":"","src":"","width":0,"height":0},"classes":[]},{"id":362955,"url":"https:\/\/moldovacrestina.md\/de-ce-femeia-din-soroca-a-aruncat-in-fantana-bebelusul-avortat\/","url_meta":{"origin":80202,"position":1},"title":"De ce femeia din Soroca a aruncat \u00een f\u00e2nt\u0103n\u0103 bebelu\u0219ul avortat?","author":"Moldova Cre\u0219tin\u0103","date":"June 23, 2025","format":false,"excerpt":"Nu este doar o tragedie social\u0103, ci o dram\u0103 spiritual\u0103 profund\u0103. Ce se afl\u0103 \u00een spatele unui astfel de gest \u0219i ce spune Biblia despre valoarea vie\u021bii? \u0218tirea preluat\u0103 de pe canalul ProTV https:\/\/protv.md\/ \u00cenregistreaz\u0103-te acum la Summer English Academy 5-12 iulie https:\/\/bit.ly\/3TmxXvF Aplic\u0103 promo codul VasileFilat10 pentru o reducere\u2026","rel":"","context":"<span class=\"jp-relatedposts-post-author\">Moldova Cre\u0219tin\u0103<\/span>","block_context":{"text":"MCTV","link":"https:\/\/moldovacrestina.md\/mctv\/"},"img":{"alt_text":"","src":"https:\/\/i0.wp.com\/cdn.moldovacrestina.md\/2025\/06\/bc398eb7-9wldzuigdbq.jpg?resize=350%2C200&ssl=1","width":350,"height":200,"srcset":"https:\/\/i0.wp.com\/cdn.moldovacrestina.md\/2025\/06\/bc398eb7-9wldzuigdbq.jpg?resize=350%2C200&ssl=1 1x, https:\/\/i0.wp.com\/cdn.moldovacrestina.md\/2025\/06\/bc398eb7-9wldzuigdbq.jpg?resize=525%2C300&ssl=1 1.5x, https:\/\/i0.wp.com\/cdn.moldovacrestina.md\/2025\/06\/bc398eb7-9wldzuigdbq.jpg?resize=700%2C400&ssl=1 2x, https:\/\/i0.wp.com\/cdn.moldovacrestina.md\/2025\/06\/bc398eb7-9wldzuigdbq.jpg?resize=1050%2C600&ssl=1 3x"},"classes":[]},{"id":363006,"url":"https:\/\/moldovacrestina.md\/raspund-la-acuzatiile-gandestebiblic\/","url_meta":{"origin":80202,"position":2},"title":"R\u0103spund la acuza\u021biile @GandesteBiblic","author":"Moldova Cre\u0219tin\u0103","date":"June 26, 2025","format":false,"excerpt":"R\u0103spund la acuza\u021biile @GandesteBiblic \u2753Pune o \u00eentrebare: https:\/\/moldovacrestina.md\/ask-the-pastor sau la email contact@moldovacrestina.md \ud83c\udf81 Devino membru \u0219i sus\u021bine lucrarea Moldova Cre\u0219tin\u0103: https:\/\/www.youtube.com\/@Moldova_Crestina\/join \ud83d\udecdCupon special: moldovacrestina15 \u2014 15% reducere la toate manualele disponibile pe site-ul https:\/\/shop.eurasiaprecept.org\u201d \ud83c\uddec\ud83c\udde7 \u00censcrie-te acum la Summer English Academy https:\/\/efnl.online\/SummerEnglishAcademy - Contactele noastre - \u260e\ufe0f Linia de ajutor\u2026","rel":"","context":"<span class=\"jp-relatedposts-post-author\">Moldova Cre\u0219tin\u0103<\/span>","block_context":{"text":"MCTV","link":"https:\/\/moldovacrestina.md\/mctv\/"},"img":{"alt_text":"","src":"https:\/\/i0.wp.com\/cdn.moldovacrestina.md\/2025\/06\/91aa3893-vbrtl2xlkdw.jpg?resize=350%2C200&ssl=1","width":350,"height":200,"srcset":"https:\/\/i0.wp.com\/cdn.moldovacrestina.md\/2025\/06\/91aa3893-vbrtl2xlkdw.jpg?resize=350%2C200&ssl=1 1x, https:\/\/i0.wp.com\/cdn.moldovacrestina.md\/2025\/06\/91aa3893-vbrtl2xlkdw.jpg?resize=525%2C300&ssl=1 1.5x, https:\/\/i0.wp.com\/cdn.moldovacrestina.md\/2025\/06\/91aa3893-vbrtl2xlkdw.jpg?resize=700%2C400&ssl=1 2x, https:\/\/i0.wp.com\/cdn.moldovacrestina.md\/2025\/06\/91aa3893-vbrtl2xlkdw.jpg?resize=1050%2C600&ssl=1 3x"},"classes":[]},{"id":363109,"url":"https:\/\/moldovacrestina.md\/care-este-diferenta-dintre-crestini-dupa-evanghelie-si-baptisti\/","url_meta":{"origin":80202,"position":3},"title":"Care este diferen\u021ba dintre cre\u0219tini dup\u0103 evanghelie \u0219i bapti\u0219ti?","author":"Moldova Cre\u0219tin\u0103","date":"July 2, 2025","format":false,"excerpt":"Cre\u0219tinii dup\u0103 Evanghelie \u0219i bapti\u0219tii au multe \u00een comun, dar \u0219i anumite diferen\u021be. \ud83d\udecdCupon special: moldovacrestina15 \u2014 15% reducere la toate manualele disponibile pe site-ul https:\/\/shop.eurasiaprecept.org\u201d \u2753Pune o \u00eentrebare: https:\/\/moldovacrestina.md\/ask-the-pastor sau la email contact@moldovacrestina.md \ud83c\udf81 Devino membru \u0219i sus\u021bine lucrarea Moldova Cre\u0219tin\u0103: https:\/\/www.youtube.com\/@Moldova_Crestina\/join \ud83c\uddec\ud83c\udde7 \u00censcrie-te acum la Summer English Academy\u2026","rel":"","context":"<span class=\"jp-relatedposts-post-author\">Moldova Cre\u0219tin\u0103<\/span>","block_context":{"text":"MCTV","link":"https:\/\/moldovacrestina.md\/mctv\/"},"img":{"alt_text":"","src":"https:\/\/i0.wp.com\/cdn.moldovacrestina.md\/2025\/07\/87aabe70-uvrcctgsosy.jpg?resize=350%2C200&ssl=1","width":350,"height":200,"srcset":"https:\/\/i0.wp.com\/cdn.moldovacrestina.md\/2025\/07\/87aabe70-uvrcctgsosy.jpg?resize=350%2C200&ssl=1 1x, https:\/\/i0.wp.com\/cdn.moldovacrestina.md\/2025\/07\/87aabe70-uvrcctgsosy.jpg?resize=525%2C300&ssl=1 1.5x, https:\/\/i0.wp.com\/cdn.moldovacrestina.md\/2025\/07\/87aabe70-uvrcctgsosy.jpg?resize=700%2C400&ssl=1 2x, https:\/\/i0.wp.com\/cdn.moldovacrestina.md\/2025\/07\/87aabe70-uvrcctgsosy.jpg?resize=1050%2C600&ssl=1 3x"},"classes":[]},{"id":362893,"url":"https:\/\/moldovacrestina.md\/cum-sa-supravietuiesti-emotional-cu-un-sot-care-terorizeaza-psihologic\/","url_meta":{"origin":80202,"position":4},"title":"Cum s\u0103 supravie\u021buie\u0219ti emo\u021bional cu un so\u021b care terorizeaz\u0103 psihologic?","author":"Moldova Cre\u0219tin\u0103","date":"June 14, 2025","format":false,"excerpt":"Cum s\u0103 supravie\u021buie\u0219ti emo\u021bional cu un so\u021b care terorizeaz\u0103 psihologic? \u2753Pune o \u00eentrebare: https:\/\/moldovacrestina.md\/ask-the-pastor sau la email contact@moldovacrestina.md \ud83c\udf81 Devino membru \u0219i sus\u021bine lucrarea Moldova Cre\u0219tin\u0103: https:\/\/www.youtube.com\/@Moldova_Crestina\/join \ud83d\udecdCupon special: moldovacrestina15 \u2014 15% reducere la toate manualele disponibile pe site-ul https:\/\/shop.eurasiaprecept.org\u201d \ud83c\uddec\ud83c\udde7 \u00censcrie-te acum la Summer English Academy https:\/\/efnl.online\/SummerEnglishAcademy - Contactele\u2026","rel":"","context":"<span class=\"jp-relatedposts-post-author\">Moldova Cre\u0219tin\u0103<\/span>","block_context":{"text":"MCTV","link":"https:\/\/moldovacrestina.md\/mctv\/"},"img":{"alt_text":"","src":"https:\/\/i0.wp.com\/cdn.moldovacrestina.md\/2025\/06\/9d721e33-hwkue1mekws.jpg?resize=350%2C200&ssl=1","width":350,"height":200,"srcset":"https:\/\/i0.wp.com\/cdn.moldovacrestina.md\/2025\/06\/9d721e33-hwkue1mekws.jpg?resize=350%2C200&ssl=1 1x, https:\/\/i0.wp.com\/cdn.moldovacrestina.md\/2025\/06\/9d721e33-hwkue1mekws.jpg?resize=525%2C300&ssl=1 1.5x, https:\/\/i0.wp.com\/cdn.moldovacrestina.md\/2025\/06\/9d721e33-hwkue1mekws.jpg?resize=700%2C400&ssl=1 2x, https:\/\/i0.wp.com\/cdn.moldovacrestina.md\/2025\/06\/9d721e33-hwkue1mekws.jpg?resize=1050%2C600&ssl=1 3x"},"classes":[]},{"id":363090,"url":"https:\/\/moldovacrestina.md\/cine-sunt-cei-doi-martori-din-apocalipsa-11-intelegerea-prorociilor\/","url_meta":{"origin":80202,"position":5},"title":"Cine sunt cei doi martori din Apocalipsa 11? | \u00cen\u021belegerea prorociilor","author":"Moldova Cre\u0219tin\u0103","date":"July 1, 2025","format":false,"excerpt":"Cei doi martori vor cutremura lumea cu puterea lor. Dar cine sunt ei cu adev\u0103rat \u0219i de ce apar \u00een vremurile sf\u00e2r\u0219itului? Descoper\u0103 ce vor face, cum vor fi proteja\u021bi \u0219i ce rol au \u00een planul lui Dumnezeu. \u2753Pune o \u00eentrebare: https:\/\/moldovacrestina.md\/ask-the-pastor sau la email contact@moldovacrestina.md \ud83c\udf81 Devino membru \u0219i\u2026","rel":"","context":"<span class=\"jp-relatedposts-post-author\">Moldova Cre\u0219tin\u0103<\/span>","block_context":{"text":"MCTV","link":"https:\/\/moldovacrestina.md\/mctv\/"},"img":{"alt_text":"","src":"https:\/\/i0.wp.com\/cdn.moldovacrestina.md\/2025\/07\/7c3f7c6e-bcjthwrzkqk.jpg?resize=350%2C200&ssl=1","width":350,"height":200,"srcset":"https:\/\/i0.wp.com\/cdn.moldovacrestina.md\/2025\/07\/7c3f7c6e-bcjthwrzkqk.jpg?resize=350%2C200&ssl=1 1x, https:\/\/i0.wp.com\/cdn.moldovacrestina.md\/2025\/07\/7c3f7c6e-bcjthwrzkqk.jpg?resize=525%2C300&ssl=1 1.5x, https:\/\/i0.wp.com\/cdn.moldovacrestina.md\/2025\/07\/7c3f7c6e-bcjthwrzkqk.jpg?resize=700%2C400&ssl=1 2x, https:\/\/i0.wp.com\/cdn.moldovacrestina.md\/2025\/07\/7c3f7c6e-bcjthwrzkqk.jpg?resize=1050%2C600&ssl=1 3x"},"classes":[]}],"jetpack_sharing_enabled":true,"_links":{"self":[{"href":"https:\/\/moldovacrestina.md\/en\/wp-json\/wp\/v2\/posts\/80202","targetHints":{"allow":["GET"]}}],"collection":[{"href":"https:\/\/moldovacrestina.md\/en\/wp-json\/wp\/v2\/posts"}],"about":[{"href":"https:\/\/moldovacrestina.md\/en\/wp-json\/wp\/v2\/types\/post"}],"author":[{"embeddable":true,"href":"https:\/\/moldovacrestina.md\/en\/wp-json\/wp\/v2\/users\/46"}],"replies":[{"embeddable":true,"href":"https:\/\/moldovacrestina.md\/en\/wp-json\/wp\/v2\/comments?post=80202"}],"version-history":[{"count":0,"href":"https:\/\/moldovacrestina.md\/en\/wp-json\/wp\/v2\/posts\/80202\/revisions"}],"wp:featuredmedia":[{"embeddable":true,"href":"https:\/\/moldovacrestina.md\/en\/wp-json\/wp\/v2\/media\/80206"}],"wp:attachment":[{"href":"https:\/\/moldovacrestina.md\/en\/wp-json\/wp\/v2\/media?parent=80202"}],"wp:term":[{"taxonomy":"category","embeddable":true,"href":"https:\/\/moldovacrestina.md\/en\/wp-json\/wp\/v2\/categories?post=80202"},{"taxonomy":"post_tag","embeddable":true,"href":"https:\/\/moldovacrestina.md\/en\/wp-json\/wp\/v2\/tags?post=80202"}],"curies":[{"name":"wp","href":"https:\/\/api.w.org\/{rel}","templated":true}]}}