{"id":63936,"date":"2012-01-25T06:41:53","date_gmt":"2012-01-25T04:41:53","guid":{"rendered":"https:\/\/moldovacrestina.md\/schimbarile-climatice-in-lumina-scripturii"},"modified":"2016-04-21T16:01:43","modified_gmt":"2016-04-21T14:01:43","slug":"schimbarile-climatice-in-lumina-scripturii","status":"publish","type":"post","link":"https:\/\/moldovacrestina.md\/en\/schimbarile-climatice-in-lumina-scripturii\/","title":{"rendered":"Schimb\u0103rile climatice \u00een lumina Scripturii"},"content":{"rendered":"<p style=\"text-align: justify\">\n<blockquote class=\"td_quote_box td_box_center\">\n<p><span style=\"color: #800000\">\u201eBun\u0103 ziua. A\u0219 dori s\u0103 comenta\u021bi schimbarea ciudata a climei pe glob pe ultimii 10-15 ani. De exemplu, cind eram copil era clar ca exist\u0103 4 anotimpuri, azi \u00eensa s\u00eentem la mijlocul iernii \u0219i nici urma de z\u0103pad\u0103 \u00een \u021bar\u0103 afar\u0103 de zonele de munte. Unii o pun pe seama sf\u00e2r\u0219itului lumii, asemenea schimb\u0103ri urmate de cataclisme fiind descrise si \u00een Apocalipsa. De\u0219i \u0219tim bine c\u0103 unele evenimente importante \u00eenca nu au avut loc, ca de exemplu rezidirea templului \u00eenchin\u0103rii din Ierusalim. V\u0103 mul\u021bumesc \u00eenc\u0103 o dat\u0103 \u0219i Doamne ajuta!\u201d<\/span><\/p>\n<\/blockquote>\n<p>Cred c\u0103 v\u0103 referi\u021bi la<a href=\"https:\/\/ro.wikipedia.org\/wiki\/%C3%8Enc%C4%83lzirea_global%C4%83\"> \u00eenc\u0103lzirea global\u0103 <\/a>care duce la schimb\u0103rile din natur\u0103.<br \/><img decoding=\"async\" class=\"aligncenter size-full img-resp\" src=\"http:\/\/www.onlinearts.ro\/\" alt=\"\"  ><\/p>\n<h2>Despre \u00eenc\u0103lzirea global\u0103<\/h2>\n<p>Observa\u021biile meteorolige au devenit regulate din secolul 19, deci abia de maxim 200 ani. Astfel putem afla ce temperaturi au fost \u00een fiecare an, \u00een fiecare zi de 200 de ani, nu mai mult. Unele determin\u0103ri ale temperaturilor se pot face indirect \u2013 de exemplu dup\u0103 inelele copacilor. \u00cenc\u0103lzirea global\u0103 afirm\u0103 c\u0103 temperatura medie a suprafe\u021bei p\u0103m\u00e2ntului \u0219i a oceanelor este \u00eentr-o cre\u0219tere, \u00een ultimii 100 de ani a crescut cu 0,74 grade. Cauza acestui fenomen par s\u0103 fie gazele cu efect de ser\u0103, \u00een special bioxidul de carbon.<br \/>\nUnii afirm\u0103 \u00eens\u0103 c\u0103<a href=\"http:\/\/www.romaniantimes.org\/resources\/179._Incalzirea_globala.pdf\"> \u00eenc\u0103lzirea global\u0103 este un mit<\/a> \u0219i o afacere care are ca scop \u00eembog\u0103\u021birea. Iat\u0103 c\u00e2teva argumente \u2013 c\u00e2nd a descoperit Groenlanda,<a href=\"https:\/\/en.wikipedia.org\/wiki\/Erik_the_Red\"> Erik Torvaldsson, supranumit Erik cel Ro\u0219u<\/a>, g\u0103se\u0219te la sudul insulei por\u021biuni de c\u00e2mpie care, \u00een anotimpul cald, sunt \u00eenverzite, motiv pentru care nume\u0219te p\u0103m\u00e2ntul respectiv<a href=\"https:\/\/en.wikipedia.org\/wiki\/Greenland\"> Groenlanda<\/a> (\u201c\u021aara Verde\u201d).<br \/>\nClimatologul Phil Jones a recunoscut c\u0103<a href=\"http:\/\/adevarul.ro\/news\/societate\/video-Incalzirea-globala-mit-picioare-scurte-1_50abc2ed7c42d5a6637fdbc3\/index.html\"> dup\u0103 1995 nu s-au \u00eenregistrat cre\u015fteri semnificative<\/a> ale temperaturii \u015fi c\u0103 se poate ca vremea s\u0103 fi fost mai cald\u0103 \u00een Evul Mediu.<\/p>\n<h2>Ce spune Scriptura?<\/h2>\n<p>Biblia afirm\u0103 c\u0103 Creatorul lumii \u00eengrije\u0219te de omenire d\u00e2nd precipita\u021bii la vreme astfel \u00eenc\u00e2t oamenii s\u0103 nu duc\u0103 lips\u0103 de road\u0103.<\/p>\n<blockquote class=\"td_quote_box td_box_center\">\n<p><span style=\"color: #800000\">\u201e\u0162ara pe care o ve\u0163i st\u0103p\u00e2ni este o \u0163ar\u0103 cu mun\u0163i \u015fi v\u0103i, care se adap\u0103 din ploaia cerului; este o \u0163ar\u0103 de care \u00eengrije\u015fte Domnul Dumnezeul t\u0103u \u015fi asupra c\u0103reia Domnul Dumnezeul t\u0103u are ne\u00eencetat ochii, de la \u00eenceputul p\u00e2n\u0103 la sf\u00e2r\u015fitul anului. <strong>Dac\u0103 ve\u0163i asculta de poruncile mele pe care vi le dau ast\u0103zi, dac\u0103 ve\u0163i iubi pe Domnul Dumnezeul vostru \u015fi dac\u0103-I ve\u0163i sluji din toat\u0103 inima voastr\u0103 \u015fi din tot sufletul vostru, El va da \u0163\u0103rii voastre ploaie la vreme, ploaie timpurie \u015fi ploaie t\u00e2rzie<\/strong>, \u015fi-\u0163i vei str\u00e2nge gr\u00e2ul, mustul \u015fi untdelemnul; de asemenea, va da iarb\u0103 \u00een c\u00e2mpiile tale pentru vite, \u015fi vei m\u00e2nca \u015fi te vei s\u0103tura. Vede\u0163i s\u0103 nu vi se am\u0103geasc\u0103 inima \u015fi s\u0103 v\u0103 abate\u0163i, ca s\u0103 sluji\u0163i altor dumnezei \u015fi s\u0103 v\u0103 \u00eenchina\u0163i \u00eenaintea lor. C\u0103ci atunci Domnul S-ar aprinde de m\u00e2nie \u00eempotriva voastr\u0103;<strong> ar \u00eenchide cerurile \u015fi n-ar mai fi ploaie; p\u0103m\u00e2ntul nu \u015fi-ar mai da roadele<\/strong> \u015fi a\u0163i pieri cur\u00e2nd din \u0163ara aceea bun\u0103 pe care v-o d\u0103 Domnul.\u201d (Deuteronom 11:11-17)<\/span><\/p>\n<\/blockquote>\n<p>\u00cen cartea Deuteronom Moise prezint\u0103 binecuv\u00e2nt\u0103rile de care va avea partea \u021bara dac\u0103 vor asculta de poruncile lui Dumnezeu \u0219i blestemele \u00een cazul \u00een care vor \u00eenc\u0103lca poruncile lui Dumnezeu. Iat\u0103\u00a0 unele blesteme:<\/p>\n<blockquote class=\"td_quote_box td_box_center\">\n<p><span style=\"color: #800000\">\u201eDar dac\u0103 nu vei asculta de glasul Domnului Dumnezeului t\u0103u, dac\u0103 nu vei p\u0103zi \u015fi nu vei \u00eemplini toate poruncile Lui \u015fi toate legile Lui, pe care \u0163i le dau ast\u0103zi, iat\u0103 toate blestemele care vor veni peste tine \u015fi de care vei avea parte. <strong>Vei fi blestemat \u00een cetate \u015fi vei fi blestemat pe c\u00e2mp.<\/strong><\/span><br \/><span style=\"color: #800000\"><strong> Cerul deasupra capului t\u0103u va fi de aram\u0103, \u015fi p\u0103m\u00e2ntul sub tine va fi de fier. Domnul va trimite \u0163\u0103rii tale, \u00een loc de ploaie, praf \u015fi pulbere<\/strong> care vor c\u0103dea din cer peste tine p\u00e2n\u0103 vei fi nimicit.\u201d (Deuteronom 28:15-16,23-24)<\/span><\/p>\n<\/blockquote>\n<p>Lipsa precipita\u021biilor este o consecin\u021b\u0103 a neascult\u0103rii de Dumnezeu. Oamenii s-au obi\u0219nuit s\u0103 cread\u0103 c\u0103 toate consecin\u021bele negative au o cauz\u0103, \u00eens\u0103 \u00een cazul lipsei precipita\u021biilor (sau abunden\u021ba lor) dau vina pe industrializarea global\u0103, \u00eenc\u0103lzirea global\u0103 sau poluare. \u00cens\u0103 Dumnezeu care a creat aceast\u0103 planet\u0103, atmosfera \u0219i oceanele, tot El spune \u00een Cuv\u00e2ntul S\u0103u c\u0103 lipsa precipita\u021biilor este cauzat\u0103 de starea de p\u0103cat a oamenilor din acea \u021bar\u0103.<br \/>\nTot mai mult se aude despre inunda\u021bii \u0219i secet\u0103 care afecteaz\u0103 multe \u021b\u0103ri, chiar R.Moldova a avut parte de o toamn\u0103 secetoas\u0103 \u00een 2011,<a href=\"http:\/\/www.ziare.com\/articole\/inundatii+romania\"> \u00een Rom\u00e2nia c\u00e2\u021biva ani \u00een urm\u0103 au fost foarte multe inunda\u021bii<\/a> \u2013 s\u0103 fie de vin\u0103 doar industrializarea? \u00cen Europa se promoveaz\u0103 tot mai mult legi care afecteaz\u0103 grav moralitatea na\u021biunilor, se promoveaz\u0103 legi imorale, televiziunile sunt pline de imoralitate, chiar \u0219i Guvernul nostru a fost prin \u00een aceast\u0103 curs\u0103 promov\u00e2nd Legea Antidiscriminare.<\/p>\n<h2><strong>\u00cenc\u0103lzirea global\u0103 face parte din cataclismele descrise \u00een Apocalipsa?<\/strong><\/h2>\n<p>Evenimentele descrise \u00een Apocalipsa sunt doar pentru un timp scurt \u2013 pe c\u00e2nd \u00eenc\u0103lzirea global\u0103 se presupune c\u0103 ar avea loc de zeci de ani. Pentru detalii v\u0103 invit s\u0103 v\u0103 \u00eenscrie\u021bi \u00eentr-un grup de studiu \u00een care se pred\u0103 studiu Apocalipsa. \u00cen acest studiu ve\u021bi afla mai mult despre evenimentele care vor fi la sf\u00e2r\u0219itul viacului.<\/p><\/p>\n","protected":false},"excerpt":{"rendered":"<p>\u201eBun\u0103 ziua. A\u0219 dori s\u0103 comenta\u021bi schimbarea ciudata a climei pe glob pe ultimii 10-15 ani. De exemplu, cind eram copil era clar ca exist\u0103 4 anotimpuri, azi \u00eensa s\u00eentem la mijlocul iernii \u0219i nici urma de z\u0103pad\u0103 \u00een \u021bar\u0103 afar\u0103 de zonele de munte. Unii o pun pe seama sf\u00e2r\u0219itului lumii, asemenea schimb\u0103ri urmate [&hellip;]<\/p>\n","protected":false},"author":47,"featured_media":95012,"comment_status":"closed","ping_status":"closed","sticky":false,"template":"","format":"standard","meta":{"_acf_changed":false,"inline_featured_image":false,"_monsterinsights_skip_tracking":false,"_monsterinsights_sitenote_active":false,"_monsterinsights_sitenote_note":"","_monsterinsights_sitenote_category":0,"_genesis_hide_title":false,"_genesis_hide_breadcrumbs":false,"_genesis_hide_singular_image":false,"_genesis_hide_footer_widgets":false,"_genesis_custom_body_class":"","_genesis_custom_post_class":"","_genesis_layout":"","ep_exclude_from_search":false,"_jetpack_memberships_contains_paid_content":false,"footnotes":""},"categories":[7764],"tags":[8651,12543,12544,12545,12546,12547],"class_list":{"0":"post-63936","1":"post","2":"type-post","3":"status-publish","4":"format-standard","5":"has-post-thumbnail","7":"category-doctrine","8":"tag-apocalipsa","9":"tag-bioxid-de-carbon","10":"tag-cataclisme","11":"tag-clima","12":"tag-incalzire-globala","13":"tag-schimbarea-climei","14":"entry"},"acf":[],"yoast_head":"<!-- This site is optimized with the Yoast SEO Premium plugin v26.5 (Yoast SEO v27.4) - https:\/\/yoast.com\/product\/yoast-seo-premium-wordpress\/ -->\n<title>Schimb\u0103rile climatice \u00een lumina Scripturii<\/title>\n<meta name=\"description\" content=\"\u00cenc\u0103lzirea global\u0103 poate fi interpretat\u0103 ca fiind unul din evenimentele ce fac parte din cataclismele descrise \u00een Apocalipsa, s\u0103 fie a\u0219a? De ce are loc o schimbare dramatic\u0103 a climei? Care sunt cauzele?\" \/>\n<meta name=\"robots\" content=\"index, follow, max-snippet:-1, max-image-preview:large, max-video-preview:-1\" \/>\n<link rel=\"canonical\" href=\"https:\/\/moldovacrestina.md\/en\/schimbarile-climatice-in-lumina-scripturii\/\" \/>\n<meta property=\"og:locale\" content=\"en_US\" \/>\n<meta property=\"og:type\" content=\"article\" \/>\n<meta property=\"og:title\" content=\"Schimb\u0103rile climatice \u00een lumina Scripturii\" \/>\n<meta property=\"og:description\" content=\"\u00cenc\u0103lzirea global\u0103 poate fi interpretat\u0103 ca fiind unul din evenimentele ce fac parte din cataclismele descrise \u00een Apocalipsa, s\u0103 fie a\u0219a? De ce are loc o schimbare dramatic\u0103 a climei? Care sunt cauzele?\" \/>\n<meta property=\"og:url\" content=\"https:\/\/moldovacrestina.md\/en\/schimbarile-climatice-in-lumina-scripturii\/\" \/>\n<meta property=\"og:site_name\" content=\"Moldova Cre\u0219tin\u0103\" \/>\n<meta property=\"article:publisher\" content=\"https:\/\/www.facebook.com\/moldovacrestina\/\" \/>\n<meta property=\"article:published_time\" content=\"2012-01-25T04:41:53+00:00\" \/>\n<meta property=\"article:modified_time\" content=\"2016-04-21T14:01:43+00:00\" \/>\n<meta property=\"og:image\" content=\"https:\/\/moldovacrestina.md\/wp-content\/uploads\/2016\/04\/iarna-in-sat.jpg\" \/>\n\t<meta property=\"og:image:width\" content=\"1\" \/>\n\t<meta property=\"og:image:height\" content=\"1\" \/>\n\t<meta property=\"og:image:type\" content=\"image\/jpeg\" \/>\n<meta name=\"author\" content=\"Alexandru Curbet\" \/>\n<meta name=\"twitter:card\" content=\"summary_large_image\" \/>\n<meta name=\"twitter:creator\" content=\"@moldovacrestina\" \/>\n<meta name=\"twitter:site\" content=\"@moldovacrestina\" \/>\n<meta name=\"twitter:label1\" content=\"Written by\" \/>\n\t<meta name=\"twitter:data1\" content=\"Alexandru Curbet\" \/>\n\t<meta name=\"twitter:label2\" content=\"Est. reading time\" \/>\n\t<meta name=\"twitter:data2\" content=\"5 minutes\" \/>\n<script type=\"application\/ld+json\" class=\"yoast-schema-graph\">{\"@context\":\"https:\\\/\\\/schema.org\",\"@graph\":[{\"@type\":\"Article\",\"@id\":\"https:\\\/\\\/moldovacrestina.md\\\/en\\\/schimbarile-climatice-in-lumina-scripturii\\\/#article\",\"isPartOf\":{\"@id\":\"https:\\\/\\\/moldovacrestina.md\\\/en\\\/schimbarile-climatice-in-lumina-scripturii\\\/\"},\"author\":{\"name\":\"Alexandru Curbet\",\"@id\":\"https:\\\/\\\/moldovacrestina.md\\\/en\\\/#\\\/schema\\\/person\\\/e95e5ada135ea1636755fd9e32250514\"},\"headline\":\"Schimb\u0103rile climatice \u00een lumina Scripturii\",\"datePublished\":\"2012-01-25T04:41:53+00:00\",\"dateModified\":\"2016-04-21T14:01:43+00:00\",\"mainEntityOfPage\":{\"@id\":\"https:\\\/\\\/moldovacrestina.md\\\/en\\\/schimbarile-climatice-in-lumina-scripturii\\\/\"},\"wordCount\":920,\"image\":{\"@id\":\"https:\\\/\\\/moldovacrestina.md\\\/en\\\/schimbarile-climatice-in-lumina-scripturii\\\/#primaryimage\"},\"thumbnailUrl\":\"https:\\\/\\\/moldovacrestina.md\\\/wp-content\\\/uploads\\\/2016\\\/04\\\/iarna-in-sat.jpg\",\"keywords\":[\"apocalipsa.\",\"bioxid de carbon\",\"cataclisme\",\"clima\",\"\u00eenc\u0103lzire global\u0103\",\"schimbarea climei\"],\"articleSection\":[\"Doctrine\"],\"inLanguage\":\"en-US\"},{\"@type\":\"WebPage\",\"@id\":\"https:\\\/\\\/moldovacrestina.md\\\/en\\\/schimbarile-climatice-in-lumina-scripturii\\\/\",\"url\":\"https:\\\/\\\/moldovacrestina.md\\\/en\\\/schimbarile-climatice-in-lumina-scripturii\\\/\",\"name\":\"Schimb\u0103rile climatice \u00een lumina Scripturii\",\"isPartOf\":{\"@id\":\"https:\\\/\\\/moldovacrestina.md\\\/en\\\/#website\"},\"primaryImageOfPage\":{\"@id\":\"https:\\\/\\\/moldovacrestina.md\\\/en\\\/schimbarile-climatice-in-lumina-scripturii\\\/#primaryimage\"},\"image\":{\"@id\":\"https:\\\/\\\/moldovacrestina.md\\\/en\\\/schimbarile-climatice-in-lumina-scripturii\\\/#primaryimage\"},\"thumbnailUrl\":\"https:\\\/\\\/moldovacrestina.md\\\/wp-content\\\/uploads\\\/2016\\\/04\\\/iarna-in-sat.jpg\",\"datePublished\":\"2012-01-25T04:41:53+00:00\",\"dateModified\":\"2016-04-21T14:01:43+00:00\",\"author\":{\"@id\":\"https:\\\/\\\/moldovacrestina.md\\\/en\\\/#\\\/schema\\\/person\\\/e95e5ada135ea1636755fd9e32250514\"},\"description\":\"\u00cenc\u0103lzirea global\u0103 poate fi interpretat\u0103 ca fiind unul din evenimentele ce fac parte din cataclismele descrise \u00een Apocalipsa, s\u0103 fie a\u0219a? De ce are loc o schimbare dramatic\u0103 a climei? Care sunt cauzele?\",\"breadcrumb\":{\"@id\":\"https:\\\/\\\/moldovacrestina.md\\\/en\\\/schimbarile-climatice-in-lumina-scripturii\\\/#breadcrumb\"},\"inLanguage\":\"en-US\",\"potentialAction\":[{\"@type\":\"ReadAction\",\"target\":[\"https:\\\/\\\/moldovacrestina.md\\\/en\\\/schimbarile-climatice-in-lumina-scripturii\\\/\"]}]},{\"@type\":\"ImageObject\",\"inLanguage\":\"en-US\",\"@id\":\"https:\\\/\\\/moldovacrestina.md\\\/en\\\/schimbarile-climatice-in-lumina-scripturii\\\/#primaryimage\",\"url\":\"https:\\\/\\\/moldovacrestina.md\\\/wp-content\\\/uploads\\\/2016\\\/04\\\/iarna-in-sat.jpg\",\"contentUrl\":\"https:\\\/\\\/moldovacrestina.md\\\/wp-content\\\/uploads\\\/2016\\\/04\\\/iarna-in-sat.jpg\"},{\"@type\":\"BreadcrumbList\",\"@id\":\"https:\\\/\\\/moldovacrestina.md\\\/en\\\/schimbarile-climatice-in-lumina-scripturii\\\/#breadcrumb\",\"itemListElement\":[{\"@type\":\"ListItem\",\"position\":1,\"name\":\"Prima pagin\u0103\",\"item\":\"https:\\\/\\\/moldovacrestina.md\\\/en\\\/\"},{\"@type\":\"ListItem\",\"position\":2,\"name\":\"Doctrine\",\"item\":\"https:\\\/\\\/moldovacrestina.md\\\/en\\\/doctrine-en\\\/\"},{\"@type\":\"ListItem\",\"position\":3,\"name\":\"Schimb\u0103rile climatice \u00een lumina Scripturii\"}]},{\"@type\":\"WebSite\",\"@id\":\"https:\\\/\\\/moldovacrestina.md\\\/en\\\/#website\",\"url\":\"https:\\\/\\\/moldovacrestina.md\\\/en\\\/\",\"name\":\"Moldova Cre\u0219tin\u0103\",\"description\":\"R\u0103spunsuri relevante \u0219i actuale din Biblie\",\"potentialAction\":[{\"@type\":\"SearchAction\",\"target\":{\"@type\":\"EntryPoint\",\"urlTemplate\":\"https:\\\/\\\/moldovacrestina.md\\\/en\\\/?s={search_term_string}\"},\"query-input\":{\"@type\":\"PropertyValueSpecification\",\"valueRequired\":true,\"valueName\":\"search_term_string\"}}],\"inLanguage\":\"en-US\"},{\"@type\":\"Person\",\"@id\":\"https:\\\/\\\/moldovacrestina.md\\\/en\\\/#\\\/schema\\\/person\\\/e95e5ada135ea1636755fd9e32250514\",\"name\":\"Alexandru Curbet\",\"image\":{\"@type\":\"ImageObject\",\"inLanguage\":\"en-US\",\"@id\":\"https:\\\/\\\/secure.gravatar.com\\\/avatar\\\/bc34d4b84654e25ddd50769e56d7b2b37a6248c3bae20d6dcf6072c60d9ebc73?s=96&d=mm&r=g\",\"url\":\"https:\\\/\\\/secure.gravatar.com\\\/avatar\\\/bc34d4b84654e25ddd50769e56d7b2b37a6248c3bae20d6dcf6072c60d9ebc73?s=96&d=mm&r=g\",\"contentUrl\":\"https:\\\/\\\/secure.gravatar.com\\\/avatar\\\/bc34d4b84654e25ddd50769e56d7b2b37a6248c3bae20d6dcf6072c60d9ebc73?s=96&d=mm&r=g\",\"caption\":\"Alexandru Curbet\"},\"description\":\"Sunt profesor de fizic\u0103, blogger \u0219i sportiv.\",\"url\":\"https:\\\/\\\/moldovacrestina.md\\\/en\\\/author\\\/alexandrucurbet\\\/\"}]}<\/script>\n<!-- \/ Yoast SEO Premium plugin. -->","yoast_head_json":{"title":"Schimb\u0103rile climatice \u00een lumina Scripturii","description":"\u00cenc\u0103lzirea global\u0103 poate fi interpretat\u0103 ca fiind unul din evenimentele ce fac parte din cataclismele descrise \u00een Apocalipsa, s\u0103 fie a\u0219a? De ce are loc o schimbare dramatic\u0103 a climei? Care sunt cauzele?","robots":{"index":"index","follow":"follow","max-snippet":"max-snippet:-1","max-image-preview":"max-image-preview:large","max-video-preview":"max-video-preview:-1"},"canonical":"https:\/\/moldovacrestina.md\/en\/schimbarile-climatice-in-lumina-scripturii\/","og_locale":"en_US","og_type":"article","og_title":"Schimb\u0103rile climatice \u00een lumina Scripturii","og_description":"\u00cenc\u0103lzirea global\u0103 poate fi interpretat\u0103 ca fiind unul din evenimentele ce fac parte din cataclismele descrise \u00een Apocalipsa, s\u0103 fie a\u0219a? De ce are loc o schimbare dramatic\u0103 a climei? Care sunt cauzele?","og_url":"https:\/\/moldovacrestina.md\/en\/schimbarile-climatice-in-lumina-scripturii\/","og_site_name":"Moldova Cre\u0219tin\u0103","article_publisher":"https:\/\/www.facebook.com\/moldovacrestina\/","article_published_time":"2012-01-25T04:41:53+00:00","article_modified_time":"2016-04-21T14:01:43+00:00","og_image":[{"url":"https:\/\/moldovacrestina.md\/wp-content\/uploads\/2016\/04\/iarna-in-sat.jpg","width":1,"height":1,"type":"image\/jpeg"}],"author":"Alexandru Curbet","twitter_card":"summary_large_image","twitter_creator":"@moldovacrestina","twitter_site":"@moldovacrestina","twitter_misc":{"Written by":"Alexandru Curbet","Est. reading time":"5 minutes"},"schema":{"@context":"https:\/\/schema.org","@graph":[{"@type":"Article","@id":"https:\/\/moldovacrestina.md\/en\/schimbarile-climatice-in-lumina-scripturii\/#article","isPartOf":{"@id":"https:\/\/moldovacrestina.md\/en\/schimbarile-climatice-in-lumina-scripturii\/"},"author":{"name":"Alexandru Curbet","@id":"https:\/\/moldovacrestina.md\/en\/#\/schema\/person\/e95e5ada135ea1636755fd9e32250514"},"headline":"Schimb\u0103rile climatice \u00een lumina Scripturii","datePublished":"2012-01-25T04:41:53+00:00","dateModified":"2016-04-21T14:01:43+00:00","mainEntityOfPage":{"@id":"https:\/\/moldovacrestina.md\/en\/schimbarile-climatice-in-lumina-scripturii\/"},"wordCount":920,"image":{"@id":"https:\/\/moldovacrestina.md\/en\/schimbarile-climatice-in-lumina-scripturii\/#primaryimage"},"thumbnailUrl":"https:\/\/moldovacrestina.md\/wp-content\/uploads\/2016\/04\/iarna-in-sat.jpg","keywords":["apocalipsa.","bioxid de carbon","cataclisme","clima","\u00eenc\u0103lzire global\u0103","schimbarea climei"],"articleSection":["Doctrine"],"inLanguage":"en-US"},{"@type":"WebPage","@id":"https:\/\/moldovacrestina.md\/en\/schimbarile-climatice-in-lumina-scripturii\/","url":"https:\/\/moldovacrestina.md\/en\/schimbarile-climatice-in-lumina-scripturii\/","name":"Schimb\u0103rile climatice \u00een lumina Scripturii","isPartOf":{"@id":"https:\/\/moldovacrestina.md\/en\/#website"},"primaryImageOfPage":{"@id":"https:\/\/moldovacrestina.md\/en\/schimbarile-climatice-in-lumina-scripturii\/#primaryimage"},"image":{"@id":"https:\/\/moldovacrestina.md\/en\/schimbarile-climatice-in-lumina-scripturii\/#primaryimage"},"thumbnailUrl":"https:\/\/moldovacrestina.md\/wp-content\/uploads\/2016\/04\/iarna-in-sat.jpg","datePublished":"2012-01-25T04:41:53+00:00","dateModified":"2016-04-21T14:01:43+00:00","author":{"@id":"https:\/\/moldovacrestina.md\/en\/#\/schema\/person\/e95e5ada135ea1636755fd9e32250514"},"description":"\u00cenc\u0103lzirea global\u0103 poate fi interpretat\u0103 ca fiind unul din evenimentele ce fac parte din cataclismele descrise \u00een Apocalipsa, s\u0103 fie a\u0219a? De ce are loc o schimbare dramatic\u0103 a climei? Care sunt cauzele?","breadcrumb":{"@id":"https:\/\/moldovacrestina.md\/en\/schimbarile-climatice-in-lumina-scripturii\/#breadcrumb"},"inLanguage":"en-US","potentialAction":[{"@type":"ReadAction","target":["https:\/\/moldovacrestina.md\/en\/schimbarile-climatice-in-lumina-scripturii\/"]}]},{"@type":"ImageObject","inLanguage":"en-US","@id":"https:\/\/moldovacrestina.md\/en\/schimbarile-climatice-in-lumina-scripturii\/#primaryimage","url":"https:\/\/moldovacrestina.md\/wp-content\/uploads\/2016\/04\/iarna-in-sat.jpg","contentUrl":"https:\/\/moldovacrestina.md\/wp-content\/uploads\/2016\/04\/iarna-in-sat.jpg"},{"@type":"BreadcrumbList","@id":"https:\/\/moldovacrestina.md\/en\/schimbarile-climatice-in-lumina-scripturii\/#breadcrumb","itemListElement":[{"@type":"ListItem","position":1,"name":"Prima pagin\u0103","item":"https:\/\/moldovacrestina.md\/en\/"},{"@type":"ListItem","position":2,"name":"Doctrine","item":"https:\/\/moldovacrestina.md\/en\/doctrine-en\/"},{"@type":"ListItem","position":3,"name":"Schimb\u0103rile climatice \u00een lumina Scripturii"}]},{"@type":"WebSite","@id":"https:\/\/moldovacrestina.md\/en\/#website","url":"https:\/\/moldovacrestina.md\/en\/","name":"Moldova Cre\u0219tin\u0103","description":"R\u0103spunsuri relevante \u0219i actuale din Biblie","potentialAction":[{"@type":"SearchAction","target":{"@type":"EntryPoint","urlTemplate":"https:\/\/moldovacrestina.md\/en\/?s={search_term_string}"},"query-input":{"@type":"PropertyValueSpecification","valueRequired":true,"valueName":"search_term_string"}}],"inLanguage":"en-US"},{"@type":"Person","@id":"https:\/\/moldovacrestina.md\/en\/#\/schema\/person\/e95e5ada135ea1636755fd9e32250514","name":"Alexandru Curbet","image":{"@type":"ImageObject","inLanguage":"en-US","@id":"https:\/\/secure.gravatar.com\/avatar\/bc34d4b84654e25ddd50769e56d7b2b37a6248c3bae20d6dcf6072c60d9ebc73?s=96&d=mm&r=g","url":"https:\/\/secure.gravatar.com\/avatar\/bc34d4b84654e25ddd50769e56d7b2b37a6248c3bae20d6dcf6072c60d9ebc73?s=96&d=mm&r=g","contentUrl":"https:\/\/secure.gravatar.com\/avatar\/bc34d4b84654e25ddd50769e56d7b2b37a6248c3bae20d6dcf6072c60d9ebc73?s=96&d=mm&r=g","caption":"Alexandru Curbet"},"description":"Sunt profesor de fizic\u0103, blogger \u0219i sportiv.","url":"https:\/\/moldovacrestina.md\/en\/author\/alexandrucurbet\/"}]}},"jetpack_featured_media_url":"https:\/\/moldovacrestina.md\/wp-content\/uploads\/2016\/04\/iarna-in-sat.jpg","video_meta":false,"featured_image":"https:\/\/moldovacrestina.md\/wp-content\/uploads\/2016\/04\/iarna-in-sat.jpg","wpml":{"language_code":"en","locale":"en_US","text_direction":false,"display_name":"English","native_name":"Englez\u0103","different_language":false},"jetpack-related-posts":[{"id":363943,"url":"https:\/\/moldovacrestina.md\/nu-mai-zadarnici-harul-lui-dumnezeu-foloseste-ti-potentialul-deplin-in-hristos-vasile-filat\/","url_meta":{"origin":63936,"position":0},"title":"NU mai z\u0103d\u0103rnici harul lui Dumnezeu! Folose\u0219te-\u021bi poten\u021bialul deplin \u00een Hristos | Vasile Filat","author":"Moldova Cre\u0219tin\u0103","date":"November 3, 2025","format":false,"excerpt":"Ai primit har de la Dumnezeu, dar poate c\u0103 nu \u00eel folose\u0219ti. \u00cen aceast\u0103 predic\u0103 vei \u00een\u021belege cum s\u0103-\u021bi descoperi \u0219i s\u0103-\u021bi activezi poten\u021bialul deplin \u00een Hristos. Vei vedea cum Moise \u0219i Petru au trecut de fric\u0103, ezitare \u0219i e\u0219ec pentru a valorifica harul primit \u0219i a tr\u0103i planul lui\u2026","rel":"","context":"<span class=\"jp-relatedposts-post-author\">Moldova Cre\u0219tin\u0103<\/span>","block_context":{"text":"MCTV","link":"https:\/\/moldovacrestina.md\/mctv\/"},"img":{"alt_text":"","src":"https:\/\/i0.wp.com\/cdn.moldovacrestina.md\/2025\/11\/24fdd8f4-psbs4khrvy0.jpg?resize=350%2C200&ssl=1","width":350,"height":200,"srcset":"https:\/\/i0.wp.com\/cdn.moldovacrestina.md\/2025\/11\/24fdd8f4-psbs4khrvy0.jpg?resize=350%2C200&ssl=1 1x, https:\/\/i0.wp.com\/cdn.moldovacrestina.md\/2025\/11\/24fdd8f4-psbs4khrvy0.jpg?resize=525%2C300&ssl=1 1.5x, https:\/\/i0.wp.com\/cdn.moldovacrestina.md\/2025\/11\/24fdd8f4-psbs4khrvy0.jpg?resize=700%2C400&ssl=1 2x, https:\/\/i0.wp.com\/cdn.moldovacrestina.md\/2025\/11\/24fdd8f4-psbs4khrvy0.jpg?resize=1050%2C600&ssl=1 3x"},"classes":[]},{"id":364411,"url":"https:\/\/moldovacrestina.md\/cand-frica-de-666-distruge-credinta-cum-ajung-unii-sa-creada-orice-aud-pastor-vasile-filat\/","url_meta":{"origin":63936,"position":1},"title":"C\u00e2nd frica de 666 distruge credin\u021ba. Cum ajung unii s\u0103 cread\u0103 orice aud? | Pastor Vasile Filat","author":"Moldova Cre\u0219tin\u0103","date":"January 8, 2026","format":false,"excerpt":"O doamn\u0103 tr\u0103ie\u0219te o fric\u0103 profund\u0103 legat\u0103 de num\u0103rul 666, botez \u0219i Sf\u00e2nta Treime. Dup\u0103 ce a fost botezat\u0103, i s-a spus c\u0103 botezul nu a fost valid. A fost botezat\u0103 din nou. Apoi i s-a spus c\u0103 Sf\u00e2nta Treime nu este biblic\u0103 \u0219i c\u0103 ar fi legat\u0103 de semnul\u2026","rel":"","context":"<span class=\"jp-relatedposts-post-author\">Moldova Cre\u0219tin\u0103<\/span>","block_context":{"text":"MCTV","link":"https:\/\/moldovacrestina.md\/mctv\/"},"img":{"alt_text":"","src":"https:\/\/i0.wp.com\/cdn.moldovacrestina.md\/2026\/01\/eb5fead2-bo_92anogg.jpg?resize=350%2C200&ssl=1","width":350,"height":200,"srcset":"https:\/\/i0.wp.com\/cdn.moldovacrestina.md\/2026\/01\/eb5fead2-bo_92anogg.jpg?resize=350%2C200&ssl=1 1x, https:\/\/i0.wp.com\/cdn.moldovacrestina.md\/2026\/01\/eb5fead2-bo_92anogg.jpg?resize=525%2C300&ssl=1 1.5x, https:\/\/i0.wp.com\/cdn.moldovacrestina.md\/2026\/01\/eb5fead2-bo_92anogg.jpg?resize=700%2C400&ssl=1 2x, https:\/\/i0.wp.com\/cdn.moldovacrestina.md\/2026\/01\/eb5fead2-bo_92anogg.jpg?resize=1050%2C600&ssl=1 3x"},"classes":[]},{"id":363310,"url":"https:\/\/moldovacrestina.md\/nici-la-moartea-parintilor-nu-va-oferi-mancare-cuiva\/","url_meta":{"origin":63936,"position":2},"title":"Nici la moartea p\u0103rin\u021bilor nu va oferi m\u00e2ncare cuiva\u2026","author":"Moldova Cre\u0219tin\u0103","date":"July 25, 2025","format":false,"excerpt":"\u00ceNTREBARE: Pace, frate! Am \u0219i eu o nedumerire. M\u0103 contraziceam cu tata: \u00een caz de o \u00eenmorm\u00e2ntare, eu am zis c\u0103 nu a\u0219 da nici m\u0103car pr\u0103jituri \u0219i nici suc. Am zis doar ap\u0103, ca s\u0103 nu \u00eei fie cuiva sete. Tata mi-a zis s\u0103 vorbesc cu un predicator poc\u0103it\u2026","rel":"","context":"<span class=\"jp-relatedposts-post-author\">Moldova Cre\u0219tin\u0103<\/span>","block_context":{"text":"MCTV","link":"https:\/\/moldovacrestina.md\/mctv\/"},"img":{"alt_text":"","src":"https:\/\/i0.wp.com\/cdn.moldovacrestina.md\/2025\/07\/ba7ab153-h1zvfmsmux8.jpg?resize=350%2C200&ssl=1","width":350,"height":200,"srcset":"https:\/\/i0.wp.com\/cdn.moldovacrestina.md\/2025\/07\/ba7ab153-h1zvfmsmux8.jpg?resize=350%2C200&ssl=1 1x, https:\/\/i0.wp.com\/cdn.moldovacrestina.md\/2025\/07\/ba7ab153-h1zvfmsmux8.jpg?resize=525%2C300&ssl=1 1.5x, https:\/\/i0.wp.com\/cdn.moldovacrestina.md\/2025\/07\/ba7ab153-h1zvfmsmux8.jpg?resize=700%2C400&ssl=1 2x, https:\/\/i0.wp.com\/cdn.moldovacrestina.md\/2025\/07\/ba7ab153-h1zvfmsmux8.jpg?resize=1050%2C600&ssl=1 3x"},"classes":[]},{"id":363748,"url":"https:\/\/moldovacrestina.md\/de-ce-anume-tu-suferi-mai-mult-ca-altii\/","url_meta":{"origin":63936,"position":3},"title":"De ce anume tu suferi mai mult ca al\u021bii?","author":"Vasile Filat","date":"October 12, 2025","format":false,"excerpt":"De ce anume tu suferi mai mult ca al\u021bii? Afl\u0103 r\u0103spunsul \u00een video de mai sus. \ud83d\udc49 Urm\u0103re\u0219te video-ul p\u00e2n\u0103 la final \u0219i afl\u0103 cum po\u021bi descoperi frumuse\u021bea \u0219i claritatea Bibliei \u00een fiecare zi! \ud83d\udcd6 Cartea care te va ajuta s\u0103 \u00eencepi:https:\/\/shop.eurasiaprecept.org\/catal... \ud83d\udccd Unde locuie\u0219ti la moment? Cau\u021bi prieteni cu\u2026","rel":"","context":"<span class=\"jp-relatedposts-post-author\">Vasile Filat<\/span>","block_context":{"text":"MCTV","link":"https:\/\/moldovacrestina.md\/mctv\/"},"img":{"alt_text":"","src":"https:\/\/i0.wp.com\/cdn.moldovacrestina.md\/2025\/10\/bc92e6f5-screenshot-2025-10-12-at-00.00.16.png?resize=350%2C200&ssl=1","width":350,"height":200,"srcset":"https:\/\/i0.wp.com\/cdn.moldovacrestina.md\/2025\/10\/bc92e6f5-screenshot-2025-10-12-at-00.00.16.png?resize=350%2C200&ssl=1 1x, https:\/\/i0.wp.com\/cdn.moldovacrestina.md\/2025\/10\/bc92e6f5-screenshot-2025-10-12-at-00.00.16.png?resize=525%2C300&ssl=1 1.5x, https:\/\/i0.wp.com\/cdn.moldovacrestina.md\/2025\/10\/bc92e6f5-screenshot-2025-10-12-at-00.00.16.png?resize=700%2C400&ssl=1 2x, https:\/\/i0.wp.com\/cdn.moldovacrestina.md\/2025\/10\/bc92e6f5-screenshot-2025-10-12-at-00.00.16.png?resize=1050%2C600&ssl=1 3x, https:\/\/i0.wp.com\/cdn.moldovacrestina.md\/2025\/10\/bc92e6f5-screenshot-2025-10-12-at-00.00.16.png?resize=1400%2C800&ssl=1 4x"},"classes":[]},{"id":363755,"url":"https:\/\/moldovacrestina.md\/este-pacat-divortul-daca-ambii-soti-il-doresc-pastor-vasile-filat\/","url_meta":{"origin":63936,"position":4},"title":"Este p\u0103cat divor\u021bul dac\u0103 ambii so\u021bi \u00eel doresc? | Pastor Vasile Filat","author":"Moldova Cre\u0219tin\u0103","date":"October 12, 2025","format":false,"excerpt":"Mul\u021bi oameni cred c\u0103 dac\u0103 ambii so\u021bi sunt de acord cu desp\u0103r\u021birea, divor\u021bul nu mai este p\u0103cat. Dar ce spune Biblia? \u00cen acest video, pastorul Vasile Filat explic\u0103, pe baza textelor din Matei 19, Maleahi 2 \u0219i Evrei 13:4, c\u0103 Dumnezeu a instituit c\u0103s\u0103toria \u0219i El singur are autoritatea de\u2026","rel":"","context":"<span class=\"jp-relatedposts-post-author\">Moldova Cre\u0219tin\u0103<\/span>","block_context":{"text":"MCTV","link":"https:\/\/moldovacrestina.md\/mctv\/"},"img":{"alt_text":"","src":"https:\/\/i0.wp.com\/cdn.moldovacrestina.md\/2025\/10\/fa6abd08-qnfeu_9zdi4.jpg?resize=350%2C200&ssl=1","width":350,"height":200,"srcset":"https:\/\/i0.wp.com\/cdn.moldovacrestina.md\/2025\/10\/fa6abd08-qnfeu_9zdi4.jpg?resize=350%2C200&ssl=1 1x, https:\/\/i0.wp.com\/cdn.moldovacrestina.md\/2025\/10\/fa6abd08-qnfeu_9zdi4.jpg?resize=525%2C300&ssl=1 1.5x, https:\/\/i0.wp.com\/cdn.moldovacrestina.md\/2025\/10\/fa6abd08-qnfeu_9zdi4.jpg?resize=700%2C400&ssl=1 2x, https:\/\/i0.wp.com\/cdn.moldovacrestina.md\/2025\/10\/fa6abd08-qnfeu_9zdi4.jpg?resize=1050%2C600&ssl=1 3x"},"classes":[]}],"jetpack_sharing_enabled":true,"_links":{"self":[{"href":"https:\/\/moldovacrestina.md\/en\/wp-json\/wp\/v2\/posts\/63936","targetHints":{"allow":["GET"]}}],"collection":[{"href":"https:\/\/moldovacrestina.md\/en\/wp-json\/wp\/v2\/posts"}],"about":[{"href":"https:\/\/moldovacrestina.md\/en\/wp-json\/wp\/v2\/types\/post"}],"author":[{"embeddable":true,"href":"https:\/\/moldovacrestina.md\/en\/wp-json\/wp\/v2\/users\/47"}],"replies":[{"embeddable":true,"href":"https:\/\/moldovacrestina.md\/en\/wp-json\/wp\/v2\/comments?post=63936"}],"version-history":[{"count":0,"href":"https:\/\/moldovacrestina.md\/en\/wp-json\/wp\/v2\/posts\/63936\/revisions"}],"wp:featuredmedia":[{"embeddable":true,"href":"https:\/\/moldovacrestina.md\/en\/wp-json\/wp\/v2\/media\/95012"}],"wp:attachment":[{"href":"https:\/\/moldovacrestina.md\/en\/wp-json\/wp\/v2\/media?parent=63936"}],"wp:term":[{"taxonomy":"category","embeddable":true,"href":"https:\/\/moldovacrestina.md\/en\/wp-json\/wp\/v2\/categories?post=63936"},{"taxonomy":"post_tag","embeddable":true,"href":"https:\/\/moldovacrestina.md\/en\/wp-json\/wp\/v2\/tags?post=63936"}],"curies":[{"name":"wp","href":"https:\/\/api.w.org\/{rel}","templated":true}]}}