{"id":63697,"date":"2011-12-27T06:00:30","date_gmt":"2011-12-27T04:00:30","guid":{"rendered":"https:\/\/moldovacrestina.md\/purtare-cu-cel-exclus-din-biserica"},"modified":"2016-04-21T16:00:44","modified_gmt":"2016-04-21T14:00:44","slug":"purtare-cu-cel-exclus-din-biserica","status":"publish","type":"post","link":"https:\/\/moldovacrestina.md\/en\/purtare-cu-cel-exclus-din-biserica\/","title":{"rendered":"Cum s\u0103 se poarte cre\u0219tina cu b\u0103iatul care a fost excomunicat?"},"content":{"rendered":"<p style=\"text-align: justify\">\n<p>\u00centrebare:<\/p>\n<blockquote class=\"td_quote_box td_box_center\">\n<p><em>Doresc s\u0103 aflu p\u0103rerea dumneavoastr\u0103 la o \u00eentrebare care m\u0103 fr\u0103m\u00e2nt\u0103 ca \u00a0\u0219i cre\u0219tin\u0103. \u00centrebarea mea este urm\u0103toarea. Cum pot \u00een\u021belege voia lui Dumnezeu care spune c\u0103 nu trebuie s\u0103 m\u0103 \u00eent\u00e2lnesc cu b\u0103ie\u021bi din lume \u00een cazul c\u00e2nd b\u0103iatul s-a dep\u0103rtat de biseric\u0103? Cum s\u0103 comunic\u0103m cu astfel de b\u0103ie\u021bi? De acum de 5 ani m\u0103 rog pentru acest om ca s\u0103-l m\u00e2ntuiasc\u0103 Dumnezeu \u0219i s\u0103-l \u00eentoarc\u0103 \u00een Biseric\u0103. Dar, p\u00e2n\u0103 ce nu v\u0103d rezultate. Cum s\u0103 procedez, spune\u021bi, v\u0103 rog?<\/em><\/p>\n<\/blockquote>\n<p>Orice fat\u0103 cre\u0219tin\u0103 trebuie s\u0103 fie foarte atent\u0103 \u00een rela\u021biile ei cu b\u0103ie\u021bii \u0219i s\u0103 nu dea nici un prilej ca s\u0103 fie vorbit\u0103 te r\u0103u \u00eenv\u0103\u021b\u0103tura Domnului Isus Hristos pe care o urmeaz\u0103. De aceea, nu trebuie s\u0103 mearg\u0103 \u0219i s\u0103 stea la <a href=\"https:\/\/moldovacrestina.md\/intalniri-casatorie-partea-1\/\">\u00eent\u00e2lniri<\/a>. Acum, da, a\u0219a este, nici o fat\u0103 cre\u0219tin\u0103, nu trebuie nici m\u0103car s\u0103 admit\u0103 \u00een mintea ei c\u0103 se poate vreo dat\u0103 c\u0103s\u0103tori cu un b\u0103iat necredincios pentru c\u0103 acest lucru este categoric interzis de Domnul nostru. Cre\u0219tinul se poate <a href=\"https:\/\/moldovacrestina.md\/credinciosul-se-poate-casatori-doar-ntru-domnul\/\">c\u0103s\u0103tori doar \u00eentru Domnul<\/a>. \u00a0C\u00e2t prive\u0219te b\u0103iatul care spui c\u0103 a fost membru de biseric\u0103 \u0219i a c\u0103zut din credin\u021b\u0103, cu el nu trebuie s\u0103 comunici nici \u00eentr-un fel. Dac\u0103 el a c\u0103zut din credin\u021b\u0103, atunci Biserica trebuia s\u0103-i aplice disciplina conform Sfintelor Scripturi \u0219i el trebuia s\u0103 fie <a href=\"https:\/\/moldovacrestina.md\/a-da-pe-mana-satanei-explicatie\/\">dat pe m\u00e2na Satane<\/a>i. Aceasta \u00eenseamn\u0103 c\u0103 nu trebuie nici tu \u0219i nici un alt cre\u0219tin din Biseric\u0103 s\u0103 comunice cu el. Nu trebuie s\u0103 ave\u021bi nici un fel de comunicare. A fost un caz similar \u00een biserica din Corint, c\u00e2nd un b\u0103rbat, pretins cre\u0219tin, a ajuns s\u0103 tr\u0103iasc\u0103 \u00een incest cu mama lui vitreg\u0103. Atunci, Pavel \u00eempreun\u0103 cu ceilal\u021bi cre\u0219tini ai Bisericii din Corint l-au judecat \u0219i l-au dat pe m\u00e2na Satanei. Iat\u0103 cum le-a scris Apostolul Pavel s\u0103 se poarte cu el \u00een continuare:<\/p>\n<blockquote class=\"td_quote_box td_box_center\">\n<p>Nu v\u0103 l\u0103uda\u0163i bine. Nu \u015fti\u0163i c\u0103 pu\u0163in aluat dospe\u015fte toat\u0103 pl\u0103m\u0103deala? M\u0103tura\u0163i aluatul cel vechi, ca s\u0103 fi\u0163i o pl\u0103m\u0103deal\u0103 nou\u0103, cum \u015fi sunte\u0163i, f\u0103r\u0103 aluat; c\u0103ci Hristos, Pa\u015ftile nostru, a fost jertfit. S\u0103 pr\u0103znuim, dar, praznicul nu cu un aluat vechi, nici cu un aluat de r\u0103utate \u015fi viclenie, ci cu azimele cur\u0103\u0163iei \u015fi adev\u0103rului. V-am scris \u00een epistola mea s\u0103 n-ave\u0163i nicio leg\u0103tur\u0103 cu curvarii. \u00cens\u0103 n-am \u00een\u0163eles cu curvarii lumii acesteia, sau cu cei lacomi de bani, sau cu cei hr\u0103p\u0103re\u0163i, sau cu cei ce se \u00eenchin\u0103 la idoli, fiindc\u0103 atunci ar trebui s\u0103 ie\u015fi\u0163i din lume. Ci v-am scris s\u0103 n-ave\u0163i niciun fel de leg\u0103turi cu vreunul care, m\u0103car c\u0103 \u00ee\u015fi zice \u201efrate\u201d, totu\u015fi este curvar, sau lacom de bani, sau \u00eenchin\u0103tor la idoli, sau def\u0103im\u0103tor, sau be\u0163iv, sau hr\u0103p\u0103re\u0163; cu un astfel de om nu trebuie nici s\u0103 m\u00e2nca\u0163i. \u00cen adev\u0103r, ce am eu s\u0103 judec pe cei de afar\u0103? Nu este datoria voastr\u0103 s\u0103 judeca\u0163i pe cei din\u0103untru? C\u00e2t despre cei de afar\u0103, \u00eei judec\u0103 Dumnezeu. Da\u0163i afar\u0103, dar, din mijlocul vostru pe r\u0103ul acela. (1 Corinteni 5:6-13)<\/p>\n<\/blockquote>\n<p>Ai fric\u0103 de Dumnezeu \u0219i p\u0103ze\u0219te hot\u0103r\u00e2rea Bisericii care l-a excomunicat pe acest t\u00e2n\u0103r \u0219i s\u0103 nu ai nici un fel de comunicare cu el p\u00e2n\u0103 c\u00e2nd nu va dori el singur s\u0103 se \u00eentoarc\u0103 la Dumnezeu \u0219i s\u0103 se <a href=\"https:\/\/moldovacrestina.md\/ce-este-pocainta\/\">poc\u0103iasc\u0103<\/a> pentru p\u0103catele lui.<\/p><\/p>\n","protected":false},"excerpt":{"rendered":"<p>\u00centrebare: Doresc s\u0103 aflu p\u0103rerea dumneavoastr\u0103 la o \u00eentrebare care m\u0103 fr\u0103m\u00e2nt\u0103 ca \u00a0\u0219i cre\u0219tin\u0103. \u00centrebarea mea este urm\u0103toarea. Cum pot \u00een\u021belege voia lui Dumnezeu care spune c\u0103 nu trebuie s\u0103 m\u0103 \u00eent\u00e2lnesc cu b\u0103ie\u021bi din lume \u00een cazul c\u00e2nd b\u0103iatul s-a dep\u0103rtat de biseric\u0103? Cum s\u0103 comunic\u0103m cu astfel de b\u0103ie\u021bi? De acum de [&hellip;]<\/p>\n","protected":false},"author":46,"featured_media":0,"comment_status":"closed","ping_status":"closed","sticky":false,"template":"","format":"standard","meta":{"_acf_changed":false,"inline_featured_image":false,"_monsterinsights_skip_tracking":false,"_monsterinsights_sitenote_active":false,"_monsterinsights_sitenote_note":"","_monsterinsights_sitenote_category":0,"_genesis_hide_title":false,"_genesis_hide_breadcrumbs":false,"_genesis_hide_singular_image":false,"_genesis_hide_footer_widgets":false,"_genesis_custom_body_class":"","_genesis_custom_post_class":"","_genesis_layout":"","ep_exclude_from_search":false,"_jetpack_memberships_contains_paid_content":false,"footnotes":""},"categories":[7764],"tags":[7640,7641,7642,7816,8150,12096],"class_list":{"0":"post-63697","1":"post","2":"type-post","3":"status-publish","4":"format-standard","6":"category-doctrine","7":"tag-disciplina","8":"tag-fata-crestina","9":"tag-baiat-exlus-din-biserica","10":"tag-intalniri","11":"tag-biserica","12":"tag-excomunicare","13":"entry"},"acf":[],"yoast_head":"<!-- This site is optimized with the Yoast SEO Premium plugin v26.5 (Yoast SEO v27.4) - https:\/\/yoast.com\/product\/yoast-seo-premium-wordpress\/ -->\n<title>Cum s\u0103 te por\u021bi cu b\u0103iatul exlus din biseric\u0103?<\/title>\n<meta name=\"description\" content=\"E\u0219ti fat\u0103 \u0219i \u00eentre\u021bii leg\u0103tura cu un b\u0103iat care este exclus? Te rogi pentru el s\u0103 se poc\u0103iasc\u0103? Ce s\u0103 faci dac\u0103 el nu arat\u0103 schimbare,cum s\u0103 te por\u021bi?\" \/>\n<meta name=\"robots\" content=\"index, follow, max-snippet:-1, max-image-preview:large, max-video-preview:-1\" \/>\n<link rel=\"canonical\" href=\"https:\/\/moldovacrestina.md\/en\/purtare-cu-cel-exclus-din-biserica\/\" \/>\n<meta property=\"og:locale\" content=\"en_US\" \/>\n<meta property=\"og:type\" content=\"article\" \/>\n<meta property=\"og:title\" content=\"Cum s\u0103 se poarte cre\u0219tina cu b\u0103iatul care a fost excomunicat?\" \/>\n<meta property=\"og:description\" content=\"E\u0219ti fat\u0103 \u0219i \u00eentre\u021bii leg\u0103tura cu un b\u0103iat care este exclus? Te rogi pentru el s\u0103 se poc\u0103iasc\u0103? Ce s\u0103 faci dac\u0103 el nu arat\u0103 schimbare,cum s\u0103 te por\u021bi?\" \/>\n<meta property=\"og:url\" content=\"https:\/\/moldovacrestina.md\/en\/purtare-cu-cel-exclus-din-biserica\/\" \/>\n<meta property=\"og:site_name\" content=\"Moldova Cre\u0219tin\u0103\" \/>\n<meta property=\"article:publisher\" content=\"https:\/\/www.facebook.com\/moldovacrestina\/\" \/>\n<meta property=\"article:published_time\" content=\"2011-12-27T04:00:30+00:00\" \/>\n<meta property=\"article:modified_time\" content=\"2016-04-21T14:00:44+00:00\" \/>\n<meta name=\"author\" content=\"Vasile Filat\" \/>\n<meta name=\"twitter:card\" content=\"summary_large_image\" \/>\n<meta name=\"twitter:creator\" content=\"@moldovacrestina\" \/>\n<meta name=\"twitter:site\" content=\"@moldovacrestina\" \/>\n<meta name=\"twitter:label1\" content=\"Written by\" \/>\n\t<meta name=\"twitter:data1\" content=\"Vasile Filat\" \/>\n\t<meta name=\"twitter:label2\" content=\"Est. reading time\" \/>\n\t<meta name=\"twitter:data2\" content=\"3 minutes\" \/>\n<script type=\"application\/ld+json\" class=\"yoast-schema-graph\">{\"@context\":\"https:\\\/\\\/schema.org\",\"@graph\":[{\"@type\":\"Article\",\"@id\":\"https:\\\/\\\/moldovacrestina.md\\\/en\\\/purtare-cu-cel-exclus-din-biserica\\\/#article\",\"isPartOf\":{\"@id\":\"https:\\\/\\\/moldovacrestina.md\\\/en\\\/purtare-cu-cel-exclus-din-biserica\\\/\"},\"author\":{\"name\":\"Vasile Filat\",\"@id\":\"https:\\\/\\\/moldovacrestina.md\\\/en\\\/#\\\/schema\\\/person\\\/04b204bbb582cc832c3d2424f5d27dc0\"},\"headline\":\"Cum s\u0103 se poarte cre\u0219tina cu b\u0103iatul care a fost excomunicat?\",\"datePublished\":\"2011-12-27T04:00:30+00:00\",\"dateModified\":\"2016-04-21T14:00:44+00:00\",\"mainEntityOfPage\":{\"@id\":\"https:\\\/\\\/moldovacrestina.md\\\/en\\\/purtare-cu-cel-exclus-din-biserica\\\/\"},\"wordCount\":652,\"keywords\":[\"disciplin\u0103\",\"fat\u0103 cre\u0219tin\u0103\",\"b\u0103iat exlus din biseric\u0103\",\"\u00cent\u00e2lniri\",\"Biseric\u0103\",\"excomunicare\"],\"articleSection\":[\"Doctrine\"],\"inLanguage\":\"en-US\"},{\"@type\":\"WebPage\",\"@id\":\"https:\\\/\\\/moldovacrestina.md\\\/en\\\/purtare-cu-cel-exclus-din-biserica\\\/\",\"url\":\"https:\\\/\\\/moldovacrestina.md\\\/en\\\/purtare-cu-cel-exclus-din-biserica\\\/\",\"name\":\"Cum s\u0103 te por\u021bi cu b\u0103iatul exlus din biseric\u0103?\",\"isPartOf\":{\"@id\":\"https:\\\/\\\/moldovacrestina.md\\\/en\\\/#website\"},\"datePublished\":\"2011-12-27T04:00:30+00:00\",\"dateModified\":\"2016-04-21T14:00:44+00:00\",\"author\":{\"@id\":\"https:\\\/\\\/moldovacrestina.md\\\/en\\\/#\\\/schema\\\/person\\\/04b204bbb582cc832c3d2424f5d27dc0\"},\"description\":\"E\u0219ti fat\u0103 \u0219i \u00eentre\u021bii leg\u0103tura cu un b\u0103iat care este exclus? Te rogi pentru el s\u0103 se poc\u0103iasc\u0103? Ce s\u0103 faci dac\u0103 el nu arat\u0103 schimbare,cum s\u0103 te por\u021bi?\",\"breadcrumb\":{\"@id\":\"https:\\\/\\\/moldovacrestina.md\\\/en\\\/purtare-cu-cel-exclus-din-biserica\\\/#breadcrumb\"},\"inLanguage\":\"en-US\",\"potentialAction\":[{\"@type\":\"ReadAction\",\"target\":[\"https:\\\/\\\/moldovacrestina.md\\\/en\\\/purtare-cu-cel-exclus-din-biserica\\\/\"]}]},{\"@type\":\"BreadcrumbList\",\"@id\":\"https:\\\/\\\/moldovacrestina.md\\\/en\\\/purtare-cu-cel-exclus-din-biserica\\\/#breadcrumb\",\"itemListElement\":[{\"@type\":\"ListItem\",\"position\":1,\"name\":\"Prima pagin\u0103\",\"item\":\"https:\\\/\\\/moldovacrestina.md\\\/en\\\/\"},{\"@type\":\"ListItem\",\"position\":2,\"name\":\"Doctrine\",\"item\":\"https:\\\/\\\/moldovacrestina.md\\\/en\\\/doctrine-en\\\/\"},{\"@type\":\"ListItem\",\"position\":3,\"name\":\"Cum s\u0103 se poarte cre\u0219tina cu b\u0103iatul care a fost excomunicat?\"}]},{\"@type\":\"WebSite\",\"@id\":\"https:\\\/\\\/moldovacrestina.md\\\/en\\\/#website\",\"url\":\"https:\\\/\\\/moldovacrestina.md\\\/en\\\/\",\"name\":\"Moldova Cre\u0219tin\u0103\",\"description\":\"R\u0103spunsuri relevante \u0219i actuale din Biblie\",\"potentialAction\":[{\"@type\":\"SearchAction\",\"target\":{\"@type\":\"EntryPoint\",\"urlTemplate\":\"https:\\\/\\\/moldovacrestina.md\\\/en\\\/?s={search_term_string}\"},\"query-input\":{\"@type\":\"PropertyValueSpecification\",\"valueRequired\":true,\"valueName\":\"search_term_string\"}}],\"inLanguage\":\"en-US\"},{\"@type\":\"Person\",\"@id\":\"https:\\\/\\\/moldovacrestina.md\\\/en\\\/#\\\/schema\\\/person\\\/04b204bbb582cc832c3d2424f5d27dc0\",\"name\":\"Vasile Filat\",\"image\":{\"@type\":\"ImageObject\",\"inLanguage\":\"en-US\",\"@id\":\"https:\\\/\\\/secure.gravatar.com\\\/avatar\\\/2e02d082d139dd6eb634318c9cf2c3a8281db62f24f87a134adb4f2020e77ab3?s=96&d=mm&r=g\",\"url\":\"https:\\\/\\\/secure.gravatar.com\\\/avatar\\\/2e02d082d139dd6eb634318c9cf2c3a8281db62f24f87a134adb4f2020e77ab3?s=96&d=mm&r=g\",\"contentUrl\":\"https:\\\/\\\/secure.gravatar.com\\\/avatar\\\/2e02d082d139dd6eb634318c9cf2c3a8281db62f24f87a134adb4f2020e77ab3?s=96&d=mm&r=g\",\"caption\":\"Vasile Filat\"},\"description\":\"P\u0103storesc\u00a0Biserica Bunavestire din Chi\u0219in\u0103u, predau Cuv\u00e2ntul lui Dumnezeu la\u00a0Institutul de Studiu Biblic Inductiv din Eurasia\u00a0\u0219i conduc\u00a0Asocia\u021bia \\\"\u00cenv\u0103\u021b\u0103tur\u0103 din Cuv\u00e2nt - Precept Ministries\\\" din Moldova. \u00cempreun\u0103 cu so\u021bia mea\u00a0Anastasia, avem trei copii. Din Aprilie 2007 am oferit r\u0103spunsuri din Biblie pe acest site la \u00eentreb\u0103ri adresate de cititori. Mai mult despre mine citi\u021bi\u00a0aici.\",\"url\":\"https:\\\/\\\/moldovacrestina.md\\\/en\\\/author\\\/vasile-filat\\\/\"}]}<\/script>\n<!-- \/ Yoast SEO Premium plugin. -->","yoast_head_json":{"title":"Cum s\u0103 te por\u021bi cu b\u0103iatul exlus din biseric\u0103?","description":"E\u0219ti fat\u0103 \u0219i \u00eentre\u021bii leg\u0103tura cu un b\u0103iat care este exclus? Te rogi pentru el s\u0103 se poc\u0103iasc\u0103? Ce s\u0103 faci dac\u0103 el nu arat\u0103 schimbare,cum s\u0103 te por\u021bi?","robots":{"index":"index","follow":"follow","max-snippet":"max-snippet:-1","max-image-preview":"max-image-preview:large","max-video-preview":"max-video-preview:-1"},"canonical":"https:\/\/moldovacrestina.md\/en\/purtare-cu-cel-exclus-din-biserica\/","og_locale":"en_US","og_type":"article","og_title":"Cum s\u0103 se poarte cre\u0219tina cu b\u0103iatul care a fost excomunicat?","og_description":"E\u0219ti fat\u0103 \u0219i \u00eentre\u021bii leg\u0103tura cu un b\u0103iat care este exclus? Te rogi pentru el s\u0103 se poc\u0103iasc\u0103? Ce s\u0103 faci dac\u0103 el nu arat\u0103 schimbare,cum s\u0103 te por\u021bi?","og_url":"https:\/\/moldovacrestina.md\/en\/purtare-cu-cel-exclus-din-biserica\/","og_site_name":"Moldova Cre\u0219tin\u0103","article_publisher":"https:\/\/www.facebook.com\/moldovacrestina\/","article_published_time":"2011-12-27T04:00:30+00:00","article_modified_time":"2016-04-21T14:00:44+00:00","author":"Vasile Filat","twitter_card":"summary_large_image","twitter_creator":"@moldovacrestina","twitter_site":"@moldovacrestina","twitter_misc":{"Written by":"Vasile Filat","Est. reading time":"3 minutes"},"schema":{"@context":"https:\/\/schema.org","@graph":[{"@type":"Article","@id":"https:\/\/moldovacrestina.md\/en\/purtare-cu-cel-exclus-din-biserica\/#article","isPartOf":{"@id":"https:\/\/moldovacrestina.md\/en\/purtare-cu-cel-exclus-din-biserica\/"},"author":{"name":"Vasile Filat","@id":"https:\/\/moldovacrestina.md\/en\/#\/schema\/person\/04b204bbb582cc832c3d2424f5d27dc0"},"headline":"Cum s\u0103 se poarte cre\u0219tina cu b\u0103iatul care a fost excomunicat?","datePublished":"2011-12-27T04:00:30+00:00","dateModified":"2016-04-21T14:00:44+00:00","mainEntityOfPage":{"@id":"https:\/\/moldovacrestina.md\/en\/purtare-cu-cel-exclus-din-biserica\/"},"wordCount":652,"keywords":["disciplin\u0103","fat\u0103 cre\u0219tin\u0103","b\u0103iat exlus din biseric\u0103","\u00cent\u00e2lniri","Biseric\u0103","excomunicare"],"articleSection":["Doctrine"],"inLanguage":"en-US"},{"@type":"WebPage","@id":"https:\/\/moldovacrestina.md\/en\/purtare-cu-cel-exclus-din-biserica\/","url":"https:\/\/moldovacrestina.md\/en\/purtare-cu-cel-exclus-din-biserica\/","name":"Cum s\u0103 te por\u021bi cu b\u0103iatul exlus din biseric\u0103?","isPartOf":{"@id":"https:\/\/moldovacrestina.md\/en\/#website"},"datePublished":"2011-12-27T04:00:30+00:00","dateModified":"2016-04-21T14:00:44+00:00","author":{"@id":"https:\/\/moldovacrestina.md\/en\/#\/schema\/person\/04b204bbb582cc832c3d2424f5d27dc0"},"description":"E\u0219ti fat\u0103 \u0219i \u00eentre\u021bii leg\u0103tura cu un b\u0103iat care este exclus? Te rogi pentru el s\u0103 se poc\u0103iasc\u0103? Ce s\u0103 faci dac\u0103 el nu arat\u0103 schimbare,cum s\u0103 te por\u021bi?","breadcrumb":{"@id":"https:\/\/moldovacrestina.md\/en\/purtare-cu-cel-exclus-din-biserica\/#breadcrumb"},"inLanguage":"en-US","potentialAction":[{"@type":"ReadAction","target":["https:\/\/moldovacrestina.md\/en\/purtare-cu-cel-exclus-din-biserica\/"]}]},{"@type":"BreadcrumbList","@id":"https:\/\/moldovacrestina.md\/en\/purtare-cu-cel-exclus-din-biserica\/#breadcrumb","itemListElement":[{"@type":"ListItem","position":1,"name":"Prima pagin\u0103","item":"https:\/\/moldovacrestina.md\/en\/"},{"@type":"ListItem","position":2,"name":"Doctrine","item":"https:\/\/moldovacrestina.md\/en\/doctrine-en\/"},{"@type":"ListItem","position":3,"name":"Cum s\u0103 se poarte cre\u0219tina cu b\u0103iatul care a fost excomunicat?"}]},{"@type":"WebSite","@id":"https:\/\/moldovacrestina.md\/en\/#website","url":"https:\/\/moldovacrestina.md\/en\/","name":"Moldova Cre\u0219tin\u0103","description":"R\u0103spunsuri relevante \u0219i actuale din Biblie","potentialAction":[{"@type":"SearchAction","target":{"@type":"EntryPoint","urlTemplate":"https:\/\/moldovacrestina.md\/en\/?s={search_term_string}"},"query-input":{"@type":"PropertyValueSpecification","valueRequired":true,"valueName":"search_term_string"}}],"inLanguage":"en-US"},{"@type":"Person","@id":"https:\/\/moldovacrestina.md\/en\/#\/schema\/person\/04b204bbb582cc832c3d2424f5d27dc0","name":"Vasile Filat","image":{"@type":"ImageObject","inLanguage":"en-US","@id":"https:\/\/secure.gravatar.com\/avatar\/2e02d082d139dd6eb634318c9cf2c3a8281db62f24f87a134adb4f2020e77ab3?s=96&d=mm&r=g","url":"https:\/\/secure.gravatar.com\/avatar\/2e02d082d139dd6eb634318c9cf2c3a8281db62f24f87a134adb4f2020e77ab3?s=96&d=mm&r=g","contentUrl":"https:\/\/secure.gravatar.com\/avatar\/2e02d082d139dd6eb634318c9cf2c3a8281db62f24f87a134adb4f2020e77ab3?s=96&d=mm&r=g","caption":"Vasile Filat"},"description":"P\u0103storesc\u00a0Biserica Bunavestire din Chi\u0219in\u0103u, predau Cuv\u00e2ntul lui Dumnezeu la\u00a0Institutul de Studiu Biblic Inductiv din Eurasia\u00a0\u0219i conduc\u00a0Asocia\u021bia \"\u00cenv\u0103\u021b\u0103tur\u0103 din Cuv\u00e2nt - Precept Ministries\" din Moldova. \u00cempreun\u0103 cu so\u021bia mea\u00a0Anastasia, avem trei copii. Din Aprilie 2007 am oferit r\u0103spunsuri din Biblie pe acest site la \u00eentreb\u0103ri adresate de cititori. Mai mult despre mine citi\u021bi\u00a0aici.","url":"https:\/\/moldovacrestina.md\/en\/author\/vasile-filat\/"}]}},"jetpack_featured_media_url":"","video_meta":false,"featured_image":false,"wpml":{"language_code":"en","locale":"en_US","text_direction":false,"display_name":"English","native_name":"Englez\u0103","different_language":false},"jetpack-related-posts":[{"id":363310,"url":"https:\/\/moldovacrestina.md\/nici-la-moartea-parintilor-nu-va-oferi-mancare-cuiva\/","url_meta":{"origin":63697,"position":0},"title":"Nici la moartea p\u0103rin\u021bilor nu va oferi m\u00e2ncare cuiva\u2026","author":"Moldova Cre\u0219tin\u0103","date":"July 25, 2025","format":false,"excerpt":"\u00ceNTREBARE: Pace, frate! Am \u0219i eu o nedumerire. M\u0103 contraziceam cu tata: \u00een caz de o \u00eenmorm\u00e2ntare, eu am zis c\u0103 nu a\u0219 da nici m\u0103car pr\u0103jituri \u0219i nici suc. Am zis doar ap\u0103, ca s\u0103 nu \u00eei fie cuiva sete. Tata mi-a zis s\u0103 vorbesc cu un predicator poc\u0103it\u2026","rel":"","context":"<span class=\"jp-relatedposts-post-author\">Moldova Cre\u0219tin\u0103<\/span>","block_context":{"text":"MCTV","link":"https:\/\/moldovacrestina.md\/mctv\/"},"img":{"alt_text":"","src":"https:\/\/i0.wp.com\/cdn.moldovacrestina.md\/2025\/07\/ba7ab153-h1zvfmsmux8.jpg?resize=350%2C200&ssl=1","width":350,"height":200,"srcset":"https:\/\/i0.wp.com\/cdn.moldovacrestina.md\/2025\/07\/ba7ab153-h1zvfmsmux8.jpg?resize=350%2C200&ssl=1 1x, https:\/\/i0.wp.com\/cdn.moldovacrestina.md\/2025\/07\/ba7ab153-h1zvfmsmux8.jpg?resize=525%2C300&ssl=1 1.5x, https:\/\/i0.wp.com\/cdn.moldovacrestina.md\/2025\/07\/ba7ab153-h1zvfmsmux8.jpg?resize=700%2C400&ssl=1 2x, https:\/\/i0.wp.com\/cdn.moldovacrestina.md\/2025\/07\/ba7ab153-h1zvfmsmux8.jpg?resize=1050%2C600&ssl=1 3x"},"classes":[]},{"id":362814,"url":"https:\/\/moldovacrestina.md\/cum-sa-ma-rog-pentru-fetita-mea-care-e-posedata-de-duhuri-rele\/","url_meta":{"origin":63697,"position":1},"title":"Cum s\u0103 m\u0103 rog pentru feti\u021ba mea care e posedat\u0103 de duhuri rele?","author":"Moldova Cre\u0219tin\u0103","date":"May 26, 2025","format":false,"excerpt":"R\u0103zboiul spiritual e real, dar nu e\u0219ti singur. Urmeaz\u0103 sfaturile biblice ca s\u0103 mijloce\u0219ti pentru eliberarea feti\u021bei tale. \ud83d\udcd6 \u00censcrie-te acum la grup de studiu biblic https:\/\/docs.google.com\/forms\/d\/e\/1FAIpQLSfuxidxJcEIFI2xlFaQ49z3l2Kalf1TST8sfqd6mh8aOll1Gw\/viewform?usp=sharing&ouid=116850903366721386758 \ud83c\uddec\ud83c\udde7 \u00censcrie-te acum la Summer English Academy https:\/\/efnl.online\/SummerEnglishAcademy \ud83d\udcd8 Dac\u0103 dore\u0219ti \u0219i tu s\u0103 parcurgi acest curs sau s\u0103-l predai altora, \u00eel g\u0103se\u0219ti\u2026","rel":"","context":"<span class=\"jp-relatedposts-post-author\">Moldova Cre\u0219tin\u0103<\/span>","block_context":{"text":"MCTV","link":"https:\/\/moldovacrestina.md\/mctv\/"},"img":{"alt_text":"","src":"https:\/\/i0.wp.com\/cdn.moldovacrestina.md\/2025\/05\/6c5ca5d8-dls_vos0qci.jpg?resize=350%2C200&ssl=1","width":350,"height":200,"srcset":"https:\/\/i0.wp.com\/cdn.moldovacrestina.md\/2025\/05\/6c5ca5d8-dls_vos0qci.jpg?resize=350%2C200&ssl=1 1x, https:\/\/i0.wp.com\/cdn.moldovacrestina.md\/2025\/05\/6c5ca5d8-dls_vos0qci.jpg?resize=525%2C300&ssl=1 1.5x, https:\/\/i0.wp.com\/cdn.moldovacrestina.md\/2025\/05\/6c5ca5d8-dls_vos0qci.jpg?resize=700%2C400&ssl=1 2x, https:\/\/i0.wp.com\/cdn.moldovacrestina.md\/2025\/05\/6c5ca5d8-dls_vos0qci.jpg?resize=1050%2C600&ssl=1 3x"},"classes":[]},{"id":363515,"url":"https:\/\/moldovacrestina.md\/ce-inseamna-sa-nu-te-impotrivesti-raului-predica-din-matei-5-38-48-pastor-vasile-filat\/","url_meta":{"origin":63697,"position":2},"title":"Ce \u00eenseamn\u0103 s\u0103 nu te \u00eempotrive\u0219ti r\u0103ului | Predica din Matei 5:38-48 | Pastor Vasile Filat","author":"Moldova Cre\u0219tin\u0103","date":"September 8, 2025","format":false,"excerpt":"Ce a vrut, de fapt, Domnul Isus s\u0103 ne \u00eenve\u021be atunci c\u00e2nd a spus: \u201eDac\u0103 te love\u0219te cineva peste obrazul drept, \u00eentoarce-i \u0219i pe cel\u0103lalt\u201d? Oare trebuie s\u0103 \u00eencuraj\u0103m r\u0103ul, s\u0103-i l\u0103s\u0103m pe cei nedrep\u021bi s\u0103 fac\u0103 ce vor, f\u0103r\u0103 limite? Cum mai putem tr\u0103i \u00eentr-o societate unde r\u0103ul nu\u2026","rel":"","context":"<span class=\"jp-relatedposts-post-author\">Moldova Cre\u0219tin\u0103<\/span>","block_context":{"text":"MCTV","link":"https:\/\/moldovacrestina.md\/mctv\/"},"img":{"alt_text":"","src":"https:\/\/i0.wp.com\/cdn.moldovacrestina.md\/2025\/09\/26e179e4-w6qnyms5oiw.jpg?resize=350%2C200&ssl=1","width":350,"height":200,"srcset":"https:\/\/i0.wp.com\/cdn.moldovacrestina.md\/2025\/09\/26e179e4-w6qnyms5oiw.jpg?resize=350%2C200&ssl=1 1x, https:\/\/i0.wp.com\/cdn.moldovacrestina.md\/2025\/09\/26e179e4-w6qnyms5oiw.jpg?resize=525%2C300&ssl=1 1.5x, https:\/\/i0.wp.com\/cdn.moldovacrestina.md\/2025\/09\/26e179e4-w6qnyms5oiw.jpg?resize=700%2C400&ssl=1 2x, https:\/\/i0.wp.com\/cdn.moldovacrestina.md\/2025\/09\/26e179e4-w6qnyms5oiw.jpg?resize=1050%2C600&ssl=1 3x"},"classes":[]},{"id":364411,"url":"https:\/\/moldovacrestina.md\/cand-frica-de-666-distruge-credinta-cum-ajung-unii-sa-creada-orice-aud-pastor-vasile-filat\/","url_meta":{"origin":63697,"position":3},"title":"C\u00e2nd frica de 666 distruge credin\u021ba. Cum ajung unii s\u0103 cread\u0103 orice aud? | Pastor Vasile Filat","author":"Moldova Cre\u0219tin\u0103","date":"January 8, 2026","format":false,"excerpt":"O doamn\u0103 tr\u0103ie\u0219te o fric\u0103 profund\u0103 legat\u0103 de num\u0103rul 666, botez \u0219i Sf\u00e2nta Treime. Dup\u0103 ce a fost botezat\u0103, i s-a spus c\u0103 botezul nu a fost valid. A fost botezat\u0103 din nou. Apoi i s-a spus c\u0103 Sf\u00e2nta Treime nu este biblic\u0103 \u0219i c\u0103 ar fi legat\u0103 de semnul\u2026","rel":"","context":"<span class=\"jp-relatedposts-post-author\">Moldova Cre\u0219tin\u0103<\/span>","block_context":{"text":"MCTV","link":"https:\/\/moldovacrestina.md\/mctv\/"},"img":{"alt_text":"","src":"https:\/\/i0.wp.com\/cdn.moldovacrestina.md\/2026\/01\/eb5fead2-bo_92anogg.jpg?resize=350%2C200&ssl=1","width":350,"height":200,"srcset":"https:\/\/i0.wp.com\/cdn.moldovacrestina.md\/2026\/01\/eb5fead2-bo_92anogg.jpg?resize=350%2C200&ssl=1 1x, https:\/\/i0.wp.com\/cdn.moldovacrestina.md\/2026\/01\/eb5fead2-bo_92anogg.jpg?resize=525%2C300&ssl=1 1.5x, https:\/\/i0.wp.com\/cdn.moldovacrestina.md\/2026\/01\/eb5fead2-bo_92anogg.jpg?resize=700%2C400&ssl=1 2x, https:\/\/i0.wp.com\/cdn.moldovacrestina.md\/2026\/01\/eb5fead2-bo_92anogg.jpg?resize=1050%2C600&ssl=1 3x"},"classes":[]},{"id":363943,"url":"https:\/\/moldovacrestina.md\/nu-mai-zadarnici-harul-lui-dumnezeu-foloseste-ti-potentialul-deplin-in-hristos-vasile-filat\/","url_meta":{"origin":63697,"position":4},"title":"NU mai z\u0103d\u0103rnici harul lui Dumnezeu! Folose\u0219te-\u021bi poten\u021bialul deplin \u00een Hristos | Vasile Filat","author":"Moldova Cre\u0219tin\u0103","date":"November 3, 2025","format":false,"excerpt":"Ai primit har de la Dumnezeu, dar poate c\u0103 nu \u00eel folose\u0219ti. \u00cen aceast\u0103 predic\u0103 vei \u00een\u021belege cum s\u0103-\u021bi descoperi \u0219i s\u0103-\u021bi activezi poten\u021bialul deplin \u00een Hristos. Vei vedea cum Moise \u0219i Petru au trecut de fric\u0103, ezitare \u0219i e\u0219ec pentru a valorifica harul primit \u0219i a tr\u0103i planul lui\u2026","rel":"","context":"<span class=\"jp-relatedposts-post-author\">Moldova Cre\u0219tin\u0103<\/span>","block_context":{"text":"MCTV","link":"https:\/\/moldovacrestina.md\/mctv\/"},"img":{"alt_text":"","src":"https:\/\/i0.wp.com\/cdn.moldovacrestina.md\/2025\/11\/24fdd8f4-psbs4khrvy0.jpg?resize=350%2C200&ssl=1","width":350,"height":200,"srcset":"https:\/\/i0.wp.com\/cdn.moldovacrestina.md\/2025\/11\/24fdd8f4-psbs4khrvy0.jpg?resize=350%2C200&ssl=1 1x, https:\/\/i0.wp.com\/cdn.moldovacrestina.md\/2025\/11\/24fdd8f4-psbs4khrvy0.jpg?resize=525%2C300&ssl=1 1.5x, https:\/\/i0.wp.com\/cdn.moldovacrestina.md\/2025\/11\/24fdd8f4-psbs4khrvy0.jpg?resize=700%2C400&ssl=1 2x, https:\/\/i0.wp.com\/cdn.moldovacrestina.md\/2025\/11\/24fdd8f4-psbs4khrvy0.jpg?resize=1050%2C600&ssl=1 3x"},"classes":[]}],"jetpack_sharing_enabled":true,"_links":{"self":[{"href":"https:\/\/moldovacrestina.md\/en\/wp-json\/wp\/v2\/posts\/63697","targetHints":{"allow":["GET"]}}],"collection":[{"href":"https:\/\/moldovacrestina.md\/en\/wp-json\/wp\/v2\/posts"}],"about":[{"href":"https:\/\/moldovacrestina.md\/en\/wp-json\/wp\/v2\/types\/post"}],"author":[{"embeddable":true,"href":"https:\/\/moldovacrestina.md\/en\/wp-json\/wp\/v2\/users\/46"}],"replies":[{"embeddable":true,"href":"https:\/\/moldovacrestina.md\/en\/wp-json\/wp\/v2\/comments?post=63697"}],"version-history":[{"count":0,"href":"https:\/\/moldovacrestina.md\/en\/wp-json\/wp\/v2\/posts\/63697\/revisions"}],"wp:attachment":[{"href":"https:\/\/moldovacrestina.md\/en\/wp-json\/wp\/v2\/media?parent=63697"}],"wp:term":[{"taxonomy":"category","embeddable":true,"href":"https:\/\/moldovacrestina.md\/en\/wp-json\/wp\/v2\/categories?post=63697"},{"taxonomy":"post_tag","embeddable":true,"href":"https:\/\/moldovacrestina.md\/en\/wp-json\/wp\/v2\/tags?post=63697"}],"curies":[{"name":"wp","href":"https:\/\/api.w.org\/{rel}","templated":true}]}}