{"id":63558,"date":"2011-11-30T04:00:00","date_gmt":"2011-11-30T02:00:00","guid":{"rendered":"https:\/\/moldovacrestina.md\/de-ce-oleg-brega-a-atacat-privesc-eu-in-judecata"},"modified":"2016-04-21T16:05:22","modified_gmt":"2016-04-21T14:05:22","slug":"de-ce-oleg-brega-a-atacat-privesc-eu-in-judecata","status":"publish","type":"post","link":"https:\/\/moldovacrestina.md\/en\/de-ce-oleg-brega-a-atacat-privesc-eu-in-judecata\/","title":{"rendered":"ATAC LA LIBERTATEA DE EXPRIMARE: De ce cred c\u0103 a atacat Oleg Brega platforma Privesc.eu?"},"content":{"rendered":"<p style=\"text-align: justify\">\n<p><img decoding=\"async\" src=\"http:\/\/curaj.tv\/wp-content\/uploads\/2010\/09\/inamicul_public.jpg\" alt=\"\" align=\"left\" class=\"aligncenter size-full img-resp\" > Am r\u0103mas ad\u00e2nc indignat s\u0103 v\u0103d cum Oleg Brega a atacat \u00een judecat\u0103 platforma Privesc.eu. S\u0103 nu m\u0103 \u00een\u0163elege\u0163i gre\u015fit. Condamn orice fel de instigare la ur\u0103 sau comentarii indecente plasate pe Internet. Dar, oare nu este Oleg Brega cel care a plasat \u015fi plaseaz\u0103 astfel de comentarii? Oare nu s-a declarat el \u201cinamic public\u201d \u015fi \u00een mod deschis submineaz\u0103 valorile na\u0163ionale?<\/p>\n<p>Fiind invitat odat\u0103 pentru o dezbatere televizat\u0103 am f\u0103cut descoperirea c\u0103 urma s\u0103 discut tocmai cu Oleg Brega. Doar a ap\u0103rut la u\u015f\u0103 \u00eenainte ca s\u0103 \u00eentr\u0103m \u00een emisiune \u015fi de odat\u0103 a \u015fi \u00eenceput s\u0103 arunce ofense la adresa mea \u015fi a tuturor preo\u0163ilor. A trebui s\u0103-i amintesc c\u0103 mai \u00eent\u00e2i oamenii se salut\u0103 unii pe al\u0163ii, indiferent de felul cum g\u00e2ndesc sau ce opinii au \u015fi apoi \u00eencep s\u0103 abordeze aceste opinii \u015fi o fac \u00een mod civilizat.<\/p>\n<p>\u00cempreun\u0103 cu GenderDoc-M, Oleg Brega de mult timp urm\u0103re\u015fte s\u0103 reduc\u0103 la t\u0103cere pe oricine este de alt\u0103 opinie, mai ales atunci c\u00e2nd aceasta \u0163ine de subiectul <a href=\"https:\/\/moldovacrestina.md\/dumnezeu-condamna-homosexualitatea\/\" target=\"_blank\">homosexualit\u0103\u0163ii<\/a>. Pentru ei exist\u0103 doar dou\u0103 opinii: a lor \u015fi gre\u015fite. Doar c\u0103 p\u00e2n\u0103 acum au f\u0103cut lucrul acesta destul de subtil \u015fi pu\u0163ini erau cei care \u00ee\u015fi d\u0103deau seama, pe c\u00e2nd acum au dat la iveal\u0103 adev\u0103ratele lor inten\u0163ii \u2013 s\u0103 lipseasc\u0103 de libertatea de exprimare pe oricine nu accept\u0103 modul deviant homosexual de via\u0163\u0103.<\/p>\n<p>Cu excep\u0163ia reprezentan\u0163ilor de la Amnesty International (care fac parte din aceea\u015fi echip\u0103 cu GenderDoc-M \u015fi de multe ori urm\u0103resc acelea\u015fi obiective), to\u0163i <a href=\"http:\/\/www.publika.md\/concluzii-in-dosarul-brega-vs-privesc-eu--oleg-brega-nu-a-actionat-corect--actiunile-acestuia-se-califica-drept-atac-la-libertatea-de-exprimare_585841.html\" target=\"_blank\">participan\u0163ii la emisiunea de la PublikaTV<\/a> au realizat c\u0103 prin ac\u0163ionarea platformei <a href=\"https:\/\/www.privesc.eu\/\" target=\"_blank\">Privesc.eu<\/a> \u00een judecat\u0103, Oleg Brega (\u015fi toat\u0103 echipa care se proclam\u0103 \u201csocietate civil\u0103\u201d) au atacat \u00een mod obraznic dreptul la libertatea de exprimare.<\/p>\n<p>Cum am spus, o caracteristic\u0103 a oamenilor prin\u015fi \u00een p\u0103catul homosexualit\u0103\u0163ii este c\u0103 nu tolereaz\u0103 nicicum o alt\u0103 opinie. C\u00e2nd a venit doctorul Paul Cameron la Chi\u015fin\u0103u, au f\u0103cut un mare \u015fi foarte agresiv scandal \u00een fa\u0163a locului unde urma s\u0103 aib\u0103 loc o \u00eentrunire cu participarea doctorului \u015fi au scandat multe lucruri ofensatoare la adresa lui pentru c\u0103 ei nu tolereaz\u0103 o alt\u0103 opinie.\u00a0<\/p>\n<p>Dar, ne \u00eentreb\u0103m de ce au procedat astfel Oleg \u015fi echipa autoproclamat\u0103 \u201csocietate civil\u0103\u201d? Ei, care toat\u0103 ziua scandeaz\u0103 \u015fi fac proteste prin care cer libertate la opinie\u2026\u00a0 Pentru c\u0103 \u00een felul acesta vor s\u0103 gr\u0103beasc\u0103 adoptarea legii anti-discriminare care va cuprinde \u015fi sintagma \u201corientare sexual\u0103\u201d \u015fi a\u015fa s\u0103 aib\u0103 la m\u00e2n\u0103 toate p\u00e2rghiile legii pentru a reduce la t\u0103cere complet\u0103 pe oricine va fi de o alt\u0103 p\u0103rere. Atunci vom vedea noi ce \u00eenseamn\u0103 h\u0103r\u0163uiri, c\u00e2nd va \u00eencepe s\u0103 fie tras \u00een judecat\u0103 nu doar cine are o alt\u0103 p\u0103rere, ci oricine nu va m\u0103rturisi \u201ccrezul\u201d lor a\u015fa cum o vor ei. C\u00e2nd a fost la Moldova, Juristul Alexa Spac, la \u00eent\u00e2lnirea cu juri\u015ftii ne-a \u00eemp\u0103rt\u0103\u015fit multe exemple de dictatur\u0103 homosexual\u0103 din \u0163ara lui \u00een acest sens. Este important s\u0103 lu\u0103m bine seama \u015fi s\u0103 realiz\u0103m pericolul.<\/p>\n<p>C\u00e2nd vine un pericol, de obicei, tendin\u0163a omului este s\u0103 cread\u0103 \u00een mod gre\u015fit c\u0103 nu-l va afecta pe el. S-a \u00eent\u00e2mplat odat\u0103 c\u0103 \u00een timpul pr\u0103bu\u015firii unui avion to\u0163i care erau \u00een el \u0163ipau, strigau, se rugau, fiecare ce apuca \u015fi doar unul singur sta lini\u015ftit cu centura prins\u0103. Vecinul l-a \u00eentrebat: <br \/>&#8211; Cum de stai a\u015fa lini\u015ftit? Nu realizezi c\u0103 ne pr\u0103bu\u015fim? <br \/>&#8211; Este al t\u0103u avionul?, a \u00eentrebat \u00eenapoi cel ce sta lini\u015ftit pe scaunul s\u0103u\u2026 <br \/>&#8211; Nu. <br \/>&#8211; Atunci de ce-\u0163i faci a\u015fa griji pentru avion? <br \/>Cam a\u015fa este \u015fi r\u0103spunsul majorit\u0103\u0163ii cet\u0103\u0163enilor la atacurile tot mai dese ale persoanelor care nu doar c\u0103 sunt prinse \u00een homosexualitate, dar o mai \u015fi promoveaz\u0103. Oamenii cred c\u0103 dac\u0103 nu-i afecteaz\u0103 pe ei personal, nici nu trebuie s\u0103 se deranjeze pentru c\u0103 oricum nu-i va afecta. S\u0103 nu cread\u0103 nimeni astfel \u015fi s\u0103 nu se lase prin\u015fi \u00een aceast\u0103 curs\u0103.<\/p>\n<p>Una din strategiile GenderDoc-M este s\u0103 atrag\u0103 de partea lor jurnali\u015fti prin seminare, conferin\u0163e \u015fi felurite premii ca reprezentan\u0163ii mas-media s\u0103 se converteasc\u0103 la acceptarea homosexualit\u0103\u0163ii ca \u015fi normalitate \u015fi apoi s\u0103 o promoveze activ prin pres\u0103. Acum, cred c\u0103 le-a cr\u0103pat r\u0103bdarea v\u0103z\u00e2nd c\u0103 nu chiar to\u0163i jurnali\u015ftii se prind la aceasta \u015fi\u00a0 au hot\u0103r\u00e2t s\u0103 mearg\u0103 pe alt\u0103 cale \u2013 pe cea a intimid\u0103rii presei.\u00a0 Iat\u0103 o caracteristic\u0103 a dictaturii pe fa\u0163\u0103. Nici acum nu mai credem c\u0103 se urm\u0103re\u015fte instaurarea unei dictaturi homosexuale? M\u0103 rog ca to\u0163i jurnali\u015ftii s\u0103 realizeze acum seriozitatea acestui incident \u015fi s\u0103 \u00eenceap\u0103 a prezenta societ\u0103\u0163ii pericolul propagandei homosexuale (care se face cu scopul instaur\u0103rii dictaturii homosexuale) \u015fi poate \u00een felul acesta \u00eei vor convinge \u015fi pe politicieni s\u0103 se gr\u0103beasc\u0103 a aproba c\u00e2t mai cur\u00e2nd o lege care s\u0103 interzic\u0103 propaganda homosexual\u0103 (cum a fost adoptat\u0103 \u00een Sanct-Petersburg) \u015fi s\u0103 nu fie adoptat\u0103 sub presiunile unor for\u0163e din Europa legea (pretins\u0103 anti-discriminare) care s\u0103 includ\u0103 sintagma \u201corientare sexual\u0103\u201d.<\/p>\n<p>Este important pentru fiecare jurnalist s\u0103 realizeze acum c\u0103 este important s\u0103 ac\u0163ioneze \u015fi s\u0103 nu se lase intimidat. Trebuie s\u0103 prezinte adev\u0103ratele inten\u0163ii \u015fi s\u0103 apere dreptul lor personal \u015fi al tuturor cet\u0103\u0163enilor la libera exprimare.<\/p><\/p>\n","protected":false},"excerpt":{"rendered":"<p>Am r\u0103mas ad\u00e2nc indignat s\u0103 v\u0103d cum Oleg Brega a atacat \u00een judecat\u0103 platforma Privesc.eu. S\u0103 nu m\u0103 \u00een\u0163elege\u0163i gre\u015fit. Condamn orice fel de instigare la ur\u0103 sau comentarii indecente plasate pe Internet. Dar, oare nu este Oleg Brega cel care a plasat \u015fi plaseaz\u0103 astfel de comentarii? Oare nu s-a declarat el \u201cinamic public\u201d [&hellip;]<\/p>\n","protected":false},"author":46,"featured_media":0,"comment_status":"closed","ping_status":"closed","sticky":false,"template":"","format":"standard","meta":{"_acf_changed":false,"inline_featured_image":false,"_monsterinsights_skip_tracking":false,"_monsterinsights_sitenote_active":false,"_monsterinsights_sitenote_note":"","_monsterinsights_sitenote_category":0,"_genesis_hide_title":false,"_genesis_hide_breadcrumbs":false,"_genesis_hide_singular_image":false,"_genesis_hide_footer_widgets":false,"_genesis_custom_body_class":"","_genesis_custom_post_class":"","_genesis_layout":"","ep_exclude_from_search":false,"_jetpack_memberships_contains_paid_content":false,"footnotes":""},"categories":[],"tags":[6616,6617,7540,7541,7779,8972],"class_list":{"0":"post-63558","1":"post","2":"type-post","3":"status-publish","4":"format-standard","6":"tag-mass-media","7":"tag-pressa","8":"tag-libertatea-exprimarii","9":"tag-libertatea-opiniei","10":"tag-homosexualitate","11":"tag-genderdoc-m","12":"entry"},"acf":[],"yoast_head":"<!-- This site is optimized with the Yoast SEO Premium plugin v26.5 (Yoast SEO v27.4) - https:\/\/yoast.com\/product\/yoast-seo-premium-wordpress\/ -->\n<title>De ce homosexualii atac\u0103 cre\u0219tinii?<\/title>\n<meta name=\"description\" content=\"Afl\u0103 din acest articol motivul adev\u0103rat pentru care lupt\u0103 homosexualii \u0219i de ce vor ca opinia public\u0103 s\u0103 nu existe?!\" \/>\n<meta name=\"robots\" content=\"index, follow, max-snippet:-1, max-image-preview:large, max-video-preview:-1\" \/>\n<link rel=\"canonical\" href=\"https:\/\/moldovacrestina.md\/en\/de-ce-oleg-brega-a-atacat-privesc-eu-in-judecata\/\" \/>\n<meta property=\"og:locale\" content=\"en_US\" \/>\n<meta property=\"og:type\" content=\"article\" \/>\n<meta property=\"og:title\" content=\"ATAC LA LIBERTATEA DE EXPRIMARE: De ce cred c\u0103 a atacat Oleg Brega platforma Privesc.eu?\" \/>\n<meta property=\"og:description\" content=\"Afl\u0103 din acest articol motivul adev\u0103rat pentru care lupt\u0103 homosexualii \u0219i de ce vor ca opinia public\u0103 s\u0103 nu existe?!\" \/>\n<meta property=\"og:url\" content=\"https:\/\/moldovacrestina.md\/en\/de-ce-oleg-brega-a-atacat-privesc-eu-in-judecata\/\" \/>\n<meta property=\"og:site_name\" content=\"Moldova Cre\u0219tin\u0103\" \/>\n<meta property=\"article:publisher\" content=\"https:\/\/www.facebook.com\/moldovacrestina\/\" \/>\n<meta property=\"article:published_time\" content=\"2011-11-30T02:00:00+00:00\" \/>\n<meta property=\"article:modified_time\" content=\"2016-04-21T14:05:22+00:00\" \/>\n<meta property=\"og:image\" content=\"http:\/\/curaj.tv\/wp-content\/uploads\/2010\/09\/inamicul_public.jpg\" \/>\n<meta name=\"author\" content=\"Vasile Filat\" \/>\n<meta name=\"twitter:card\" content=\"summary_large_image\" \/>\n<meta name=\"twitter:creator\" content=\"@moldovacrestina\" \/>\n<meta name=\"twitter:site\" content=\"@moldovacrestina\" \/>\n<meta name=\"twitter:label1\" content=\"Written by\" \/>\n\t<meta name=\"twitter:data1\" content=\"Vasile Filat\" \/>\n\t<meta name=\"twitter:label2\" content=\"Est. reading time\" \/>\n\t<meta name=\"twitter:data2\" content=\"5 minutes\" \/>\n<script type=\"application\/ld+json\" class=\"yoast-schema-graph\">{\"@context\":\"https:\\\/\\\/schema.org\",\"@graph\":[{\"@type\":\"Article\",\"@id\":\"https:\\\/\\\/moldovacrestina.md\\\/en\\\/de-ce-oleg-brega-a-atacat-privesc-eu-in-judecata\\\/#article\",\"isPartOf\":{\"@id\":\"https:\\\/\\\/moldovacrestina.md\\\/en\\\/de-ce-oleg-brega-a-atacat-privesc-eu-in-judecata\\\/\"},\"author\":{\"name\":\"Vasile Filat\",\"@id\":\"https:\\\/\\\/moldovacrestina.md\\\/en\\\/#\\\/schema\\\/person\\\/04b204bbb582cc832c3d2424f5d27dc0\"},\"headline\":\"ATAC LA LIBERTATEA DE EXPRIMARE: De ce cred c\u0103 a atacat Oleg Brega platforma Privesc.eu?\",\"datePublished\":\"2011-11-30T02:00:00+00:00\",\"dateModified\":\"2016-04-21T14:05:22+00:00\",\"mainEntityOfPage\":{\"@id\":\"https:\\\/\\\/moldovacrestina.md\\\/en\\\/de-ce-oleg-brega-a-atacat-privesc-eu-in-judecata\\\/\"},\"wordCount\":970,\"image\":{\"@id\":\"https:\\\/\\\/moldovacrestina.md\\\/en\\\/de-ce-oleg-brega-a-atacat-privesc-eu-in-judecata\\\/#primaryimage\"},\"thumbnailUrl\":\"http:\\\/\\\/curaj.tv\\\/wp-content\\\/uploads\\\/2010\\\/09\\\/inamicul_public.jpg\",\"keywords\":[\"mass-media\",\"pressa\",\"libertatea exprim\u0103rii\",\"libertatea opiniei\",\"homosexualitate\",\"GenderDoc-M\"],\"inLanguage\":\"en-US\"},{\"@type\":\"WebPage\",\"@id\":\"https:\\\/\\\/moldovacrestina.md\\\/en\\\/de-ce-oleg-brega-a-atacat-privesc-eu-in-judecata\\\/\",\"url\":\"https:\\\/\\\/moldovacrestina.md\\\/en\\\/de-ce-oleg-brega-a-atacat-privesc-eu-in-judecata\\\/\",\"name\":\"De ce homosexualii atac\u0103 cre\u0219tinii?\",\"isPartOf\":{\"@id\":\"https:\\\/\\\/moldovacrestina.md\\\/en\\\/#website\"},\"primaryImageOfPage\":{\"@id\":\"https:\\\/\\\/moldovacrestina.md\\\/en\\\/de-ce-oleg-brega-a-atacat-privesc-eu-in-judecata\\\/#primaryimage\"},\"image\":{\"@id\":\"https:\\\/\\\/moldovacrestina.md\\\/en\\\/de-ce-oleg-brega-a-atacat-privesc-eu-in-judecata\\\/#primaryimage\"},\"thumbnailUrl\":\"http:\\\/\\\/curaj.tv\\\/wp-content\\\/uploads\\\/2010\\\/09\\\/inamicul_public.jpg\",\"datePublished\":\"2011-11-30T02:00:00+00:00\",\"dateModified\":\"2016-04-21T14:05:22+00:00\",\"author\":{\"@id\":\"https:\\\/\\\/moldovacrestina.md\\\/en\\\/#\\\/schema\\\/person\\\/04b204bbb582cc832c3d2424f5d27dc0\"},\"description\":\"Afl\u0103 din acest articol motivul adev\u0103rat pentru care lupt\u0103 homosexualii \u0219i de ce vor ca opinia public\u0103 s\u0103 nu existe?!\",\"breadcrumb\":{\"@id\":\"https:\\\/\\\/moldovacrestina.md\\\/en\\\/de-ce-oleg-brega-a-atacat-privesc-eu-in-judecata\\\/#breadcrumb\"},\"inLanguage\":\"en-US\",\"potentialAction\":[{\"@type\":\"ReadAction\",\"target\":[\"https:\\\/\\\/moldovacrestina.md\\\/en\\\/de-ce-oleg-brega-a-atacat-privesc-eu-in-judecata\\\/\"]}]},{\"@type\":\"ImageObject\",\"inLanguage\":\"en-US\",\"@id\":\"https:\\\/\\\/moldovacrestina.md\\\/en\\\/de-ce-oleg-brega-a-atacat-privesc-eu-in-judecata\\\/#primaryimage\",\"url\":\"http:\\\/\\\/curaj.tv\\\/wp-content\\\/uploads\\\/2010\\\/09\\\/inamicul_public.jpg\",\"contentUrl\":\"http:\\\/\\\/curaj.tv\\\/wp-content\\\/uploads\\\/2010\\\/09\\\/inamicul_public.jpg\"},{\"@type\":\"BreadcrumbList\",\"@id\":\"https:\\\/\\\/moldovacrestina.md\\\/en\\\/de-ce-oleg-brega-a-atacat-privesc-eu-in-judecata\\\/#breadcrumb\",\"itemListElement\":[{\"@type\":\"ListItem\",\"position\":1,\"name\":\"Prima pagin\u0103\",\"item\":\"https:\\\/\\\/moldovacrestina.md\\\/en\\\/\"},{\"@type\":\"ListItem\",\"position\":2,\"name\":\"ATAC LA LIBERTATEA DE EXPRIMARE: De ce cred c\u0103 a atacat Oleg Brega platforma Privesc.eu?\"}]},{\"@type\":\"WebSite\",\"@id\":\"https:\\\/\\\/moldovacrestina.md\\\/en\\\/#website\",\"url\":\"https:\\\/\\\/moldovacrestina.md\\\/en\\\/\",\"name\":\"Moldova Cre\u0219tin\u0103\",\"description\":\"R\u0103spunsuri relevante \u0219i actuale din Biblie\",\"potentialAction\":[{\"@type\":\"SearchAction\",\"target\":{\"@type\":\"EntryPoint\",\"urlTemplate\":\"https:\\\/\\\/moldovacrestina.md\\\/en\\\/?s={search_term_string}\"},\"query-input\":{\"@type\":\"PropertyValueSpecification\",\"valueRequired\":true,\"valueName\":\"search_term_string\"}}],\"inLanguage\":\"en-US\"},{\"@type\":\"Person\",\"@id\":\"https:\\\/\\\/moldovacrestina.md\\\/en\\\/#\\\/schema\\\/person\\\/04b204bbb582cc832c3d2424f5d27dc0\",\"name\":\"Vasile Filat\",\"image\":{\"@type\":\"ImageObject\",\"inLanguage\":\"en-US\",\"@id\":\"https:\\\/\\\/secure.gravatar.com\\\/avatar\\\/2e02d082d139dd6eb634318c9cf2c3a8281db62f24f87a134adb4f2020e77ab3?s=96&d=mm&r=g\",\"url\":\"https:\\\/\\\/secure.gravatar.com\\\/avatar\\\/2e02d082d139dd6eb634318c9cf2c3a8281db62f24f87a134adb4f2020e77ab3?s=96&d=mm&r=g\",\"contentUrl\":\"https:\\\/\\\/secure.gravatar.com\\\/avatar\\\/2e02d082d139dd6eb634318c9cf2c3a8281db62f24f87a134adb4f2020e77ab3?s=96&d=mm&r=g\",\"caption\":\"Vasile Filat\"},\"description\":\"P\u0103storesc\u00a0Biserica Bunavestire din Chi\u0219in\u0103u, predau Cuv\u00e2ntul lui Dumnezeu la\u00a0Institutul de Studiu Biblic Inductiv din Eurasia\u00a0\u0219i conduc\u00a0Asocia\u021bia \\\"\u00cenv\u0103\u021b\u0103tur\u0103 din Cuv\u00e2nt - Precept Ministries\\\" din Moldova. \u00cempreun\u0103 cu so\u021bia mea\u00a0Anastasia, avem trei copii. Din Aprilie 2007 am oferit r\u0103spunsuri din Biblie pe acest site la \u00eentreb\u0103ri adresate de cititori. Mai mult despre mine citi\u021bi\u00a0aici.\",\"url\":\"https:\\\/\\\/moldovacrestina.md\\\/en\\\/author\\\/vasile-filat\\\/\"}]}<\/script>\n<!-- \/ Yoast SEO Premium plugin. -->","yoast_head_json":{"title":"De ce homosexualii atac\u0103 cre\u0219tinii?","description":"Afl\u0103 din acest articol motivul adev\u0103rat pentru care lupt\u0103 homosexualii \u0219i de ce vor ca opinia public\u0103 s\u0103 nu existe?!","robots":{"index":"index","follow":"follow","max-snippet":"max-snippet:-1","max-image-preview":"max-image-preview:large","max-video-preview":"max-video-preview:-1"},"canonical":"https:\/\/moldovacrestina.md\/en\/de-ce-oleg-brega-a-atacat-privesc-eu-in-judecata\/","og_locale":"en_US","og_type":"article","og_title":"ATAC LA LIBERTATEA DE EXPRIMARE: De ce cred c\u0103 a atacat Oleg Brega platforma Privesc.eu?","og_description":"Afl\u0103 din acest articol motivul adev\u0103rat pentru care lupt\u0103 homosexualii \u0219i de ce vor ca opinia public\u0103 s\u0103 nu existe?!","og_url":"https:\/\/moldovacrestina.md\/en\/de-ce-oleg-brega-a-atacat-privesc-eu-in-judecata\/","og_site_name":"Moldova Cre\u0219tin\u0103","article_publisher":"https:\/\/www.facebook.com\/moldovacrestina\/","article_published_time":"2011-11-30T02:00:00+00:00","article_modified_time":"2016-04-21T14:05:22+00:00","og_image":[{"url":"http:\/\/curaj.tv\/wp-content\/uploads\/2010\/09\/inamicul_public.jpg","type":"","width":"","height":""}],"author":"Vasile Filat","twitter_card":"summary_large_image","twitter_creator":"@moldovacrestina","twitter_site":"@moldovacrestina","twitter_misc":{"Written by":"Vasile Filat","Est. reading time":"5 minutes"},"schema":{"@context":"https:\/\/schema.org","@graph":[{"@type":"Article","@id":"https:\/\/moldovacrestina.md\/en\/de-ce-oleg-brega-a-atacat-privesc-eu-in-judecata\/#article","isPartOf":{"@id":"https:\/\/moldovacrestina.md\/en\/de-ce-oleg-brega-a-atacat-privesc-eu-in-judecata\/"},"author":{"name":"Vasile Filat","@id":"https:\/\/moldovacrestina.md\/en\/#\/schema\/person\/04b204bbb582cc832c3d2424f5d27dc0"},"headline":"ATAC LA LIBERTATEA DE EXPRIMARE: De ce cred c\u0103 a atacat Oleg Brega platforma Privesc.eu?","datePublished":"2011-11-30T02:00:00+00:00","dateModified":"2016-04-21T14:05:22+00:00","mainEntityOfPage":{"@id":"https:\/\/moldovacrestina.md\/en\/de-ce-oleg-brega-a-atacat-privesc-eu-in-judecata\/"},"wordCount":970,"image":{"@id":"https:\/\/moldovacrestina.md\/en\/de-ce-oleg-brega-a-atacat-privesc-eu-in-judecata\/#primaryimage"},"thumbnailUrl":"http:\/\/curaj.tv\/wp-content\/uploads\/2010\/09\/inamicul_public.jpg","keywords":["mass-media","pressa","libertatea exprim\u0103rii","libertatea opiniei","homosexualitate","GenderDoc-M"],"inLanguage":"en-US"},{"@type":"WebPage","@id":"https:\/\/moldovacrestina.md\/en\/de-ce-oleg-brega-a-atacat-privesc-eu-in-judecata\/","url":"https:\/\/moldovacrestina.md\/en\/de-ce-oleg-brega-a-atacat-privesc-eu-in-judecata\/","name":"De ce homosexualii atac\u0103 cre\u0219tinii?","isPartOf":{"@id":"https:\/\/moldovacrestina.md\/en\/#website"},"primaryImageOfPage":{"@id":"https:\/\/moldovacrestina.md\/en\/de-ce-oleg-brega-a-atacat-privesc-eu-in-judecata\/#primaryimage"},"image":{"@id":"https:\/\/moldovacrestina.md\/en\/de-ce-oleg-brega-a-atacat-privesc-eu-in-judecata\/#primaryimage"},"thumbnailUrl":"http:\/\/curaj.tv\/wp-content\/uploads\/2010\/09\/inamicul_public.jpg","datePublished":"2011-11-30T02:00:00+00:00","dateModified":"2016-04-21T14:05:22+00:00","author":{"@id":"https:\/\/moldovacrestina.md\/en\/#\/schema\/person\/04b204bbb582cc832c3d2424f5d27dc0"},"description":"Afl\u0103 din acest articol motivul adev\u0103rat pentru care lupt\u0103 homosexualii \u0219i de ce vor ca opinia public\u0103 s\u0103 nu existe?!","breadcrumb":{"@id":"https:\/\/moldovacrestina.md\/en\/de-ce-oleg-brega-a-atacat-privesc-eu-in-judecata\/#breadcrumb"},"inLanguage":"en-US","potentialAction":[{"@type":"ReadAction","target":["https:\/\/moldovacrestina.md\/en\/de-ce-oleg-brega-a-atacat-privesc-eu-in-judecata\/"]}]},{"@type":"ImageObject","inLanguage":"en-US","@id":"https:\/\/moldovacrestina.md\/en\/de-ce-oleg-brega-a-atacat-privesc-eu-in-judecata\/#primaryimage","url":"http:\/\/curaj.tv\/wp-content\/uploads\/2010\/09\/inamicul_public.jpg","contentUrl":"http:\/\/curaj.tv\/wp-content\/uploads\/2010\/09\/inamicul_public.jpg"},{"@type":"BreadcrumbList","@id":"https:\/\/moldovacrestina.md\/en\/de-ce-oleg-brega-a-atacat-privesc-eu-in-judecata\/#breadcrumb","itemListElement":[{"@type":"ListItem","position":1,"name":"Prima pagin\u0103","item":"https:\/\/moldovacrestina.md\/en\/"},{"@type":"ListItem","position":2,"name":"ATAC LA LIBERTATEA DE EXPRIMARE: De ce cred c\u0103 a atacat Oleg Brega platforma Privesc.eu?"}]},{"@type":"WebSite","@id":"https:\/\/moldovacrestina.md\/en\/#website","url":"https:\/\/moldovacrestina.md\/en\/","name":"Moldova Cre\u0219tin\u0103","description":"R\u0103spunsuri relevante \u0219i actuale din Biblie","potentialAction":[{"@type":"SearchAction","target":{"@type":"EntryPoint","urlTemplate":"https:\/\/moldovacrestina.md\/en\/?s={search_term_string}"},"query-input":{"@type":"PropertyValueSpecification","valueRequired":true,"valueName":"search_term_string"}}],"inLanguage":"en-US"},{"@type":"Person","@id":"https:\/\/moldovacrestina.md\/en\/#\/schema\/person\/04b204bbb582cc832c3d2424f5d27dc0","name":"Vasile Filat","image":{"@type":"ImageObject","inLanguage":"en-US","@id":"https:\/\/secure.gravatar.com\/avatar\/2e02d082d139dd6eb634318c9cf2c3a8281db62f24f87a134adb4f2020e77ab3?s=96&d=mm&r=g","url":"https:\/\/secure.gravatar.com\/avatar\/2e02d082d139dd6eb634318c9cf2c3a8281db62f24f87a134adb4f2020e77ab3?s=96&d=mm&r=g","contentUrl":"https:\/\/secure.gravatar.com\/avatar\/2e02d082d139dd6eb634318c9cf2c3a8281db62f24f87a134adb4f2020e77ab3?s=96&d=mm&r=g","caption":"Vasile Filat"},"description":"P\u0103storesc\u00a0Biserica Bunavestire din Chi\u0219in\u0103u, predau Cuv\u00e2ntul lui Dumnezeu la\u00a0Institutul de Studiu Biblic Inductiv din Eurasia\u00a0\u0219i conduc\u00a0Asocia\u021bia \"\u00cenv\u0103\u021b\u0103tur\u0103 din Cuv\u00e2nt - Precept Ministries\" din Moldova. \u00cempreun\u0103 cu so\u021bia mea\u00a0Anastasia, avem trei copii. Din Aprilie 2007 am oferit r\u0103spunsuri din Biblie pe acest site la \u00eentreb\u0103ri adresate de cititori. Mai mult despre mine citi\u021bi\u00a0aici.","url":"https:\/\/moldovacrestina.md\/en\/author\/vasile-filat\/"}]}},"jetpack_featured_media_url":"","video_meta":false,"featured_image":false,"wpml":{"language_code":"en","locale":"en_US","text_direction":false,"display_name":"English","native_name":"Englez\u0103","different_language":false},"jetpack-related-posts":[{"id":364411,"url":"https:\/\/moldovacrestina.md\/cand-frica-de-666-distruge-credinta-cum-ajung-unii-sa-creada-orice-aud-pastor-vasile-filat\/","url_meta":{"origin":63558,"position":0},"title":"C\u00e2nd frica de 666 distruge credin\u021ba. Cum ajung unii s\u0103 cread\u0103 orice aud? | Pastor Vasile Filat","author":"Moldova Cre\u0219tin\u0103","date":"January 8, 2026","format":false,"excerpt":"O doamn\u0103 tr\u0103ie\u0219te o fric\u0103 profund\u0103 legat\u0103 de num\u0103rul 666, botez \u0219i Sf\u00e2nta Treime. Dup\u0103 ce a fost botezat\u0103, i s-a spus c\u0103 botezul nu a fost valid. A fost botezat\u0103 din nou. Apoi i s-a spus c\u0103 Sf\u00e2nta Treime nu este biblic\u0103 \u0219i c\u0103 ar fi legat\u0103 de semnul\u2026","rel":"","context":"<span class=\"jp-relatedposts-post-author\">Moldova Cre\u0219tin\u0103<\/span>","block_context":{"text":"MCTV","link":"https:\/\/moldovacrestina.md\/mctv\/"},"img":{"alt_text":"","src":"https:\/\/i0.wp.com\/cdn.moldovacrestina.md\/2026\/01\/eb5fead2-bo_92anogg.jpg?resize=350%2C200&ssl=1","width":350,"height":200,"srcset":"https:\/\/i0.wp.com\/cdn.moldovacrestina.md\/2026\/01\/eb5fead2-bo_92anogg.jpg?resize=350%2C200&ssl=1 1x, https:\/\/i0.wp.com\/cdn.moldovacrestina.md\/2026\/01\/eb5fead2-bo_92anogg.jpg?resize=525%2C300&ssl=1 1.5x, https:\/\/i0.wp.com\/cdn.moldovacrestina.md\/2026\/01\/eb5fead2-bo_92anogg.jpg?resize=700%2C400&ssl=1 2x, https:\/\/i0.wp.com\/cdn.moldovacrestina.md\/2026\/01\/eb5fead2-bo_92anogg.jpg?resize=1050%2C600&ssl=1 3x"},"classes":[]},{"id":363310,"url":"https:\/\/moldovacrestina.md\/nici-la-moartea-parintilor-nu-va-oferi-mancare-cuiva\/","url_meta":{"origin":63558,"position":1},"title":"Nici la moartea p\u0103rin\u021bilor nu va oferi m\u00e2ncare cuiva\u2026","author":"Moldova Cre\u0219tin\u0103","date":"July 25, 2025","format":false,"excerpt":"\u00ceNTREBARE: Pace, frate! Am \u0219i eu o nedumerire. M\u0103 contraziceam cu tata: \u00een caz de o \u00eenmorm\u00e2ntare, eu am zis c\u0103 nu a\u0219 da nici m\u0103car pr\u0103jituri \u0219i nici suc. Am zis doar ap\u0103, ca s\u0103 nu \u00eei fie cuiva sete. Tata mi-a zis s\u0103 vorbesc cu un predicator poc\u0103it\u2026","rel":"","context":"<span class=\"jp-relatedposts-post-author\">Moldova Cre\u0219tin\u0103<\/span>","block_context":{"text":"MCTV","link":"https:\/\/moldovacrestina.md\/mctv\/"},"img":{"alt_text":"","src":"https:\/\/i0.wp.com\/cdn.moldovacrestina.md\/2025\/07\/ba7ab153-h1zvfmsmux8.jpg?resize=350%2C200&ssl=1","width":350,"height":200,"srcset":"https:\/\/i0.wp.com\/cdn.moldovacrestina.md\/2025\/07\/ba7ab153-h1zvfmsmux8.jpg?resize=350%2C200&ssl=1 1x, https:\/\/i0.wp.com\/cdn.moldovacrestina.md\/2025\/07\/ba7ab153-h1zvfmsmux8.jpg?resize=525%2C300&ssl=1 1.5x, https:\/\/i0.wp.com\/cdn.moldovacrestina.md\/2025\/07\/ba7ab153-h1zvfmsmux8.jpg?resize=700%2C400&ssl=1 2x, https:\/\/i0.wp.com\/cdn.moldovacrestina.md\/2025\/07\/ba7ab153-h1zvfmsmux8.jpg?resize=1050%2C600&ssl=1 3x"},"classes":[]},{"id":363943,"url":"https:\/\/moldovacrestina.md\/nu-mai-zadarnici-harul-lui-dumnezeu-foloseste-ti-potentialul-deplin-in-hristos-vasile-filat\/","url_meta":{"origin":63558,"position":2},"title":"NU mai z\u0103d\u0103rnici harul lui Dumnezeu! Folose\u0219te-\u021bi poten\u021bialul deplin \u00een Hristos | Vasile Filat","author":"Moldova Cre\u0219tin\u0103","date":"November 3, 2025","format":false,"excerpt":"Ai primit har de la Dumnezeu, dar poate c\u0103 nu \u00eel folose\u0219ti. \u00cen aceast\u0103 predic\u0103 vei \u00een\u021belege cum s\u0103-\u021bi descoperi \u0219i s\u0103-\u021bi activezi poten\u021bialul deplin \u00een Hristos. Vei vedea cum Moise \u0219i Petru au trecut de fric\u0103, ezitare \u0219i e\u0219ec pentru a valorifica harul primit \u0219i a tr\u0103i planul lui\u2026","rel":"","context":"<span class=\"jp-relatedposts-post-author\">Moldova Cre\u0219tin\u0103<\/span>","block_context":{"text":"MCTV","link":"https:\/\/moldovacrestina.md\/mctv\/"},"img":{"alt_text":"","src":"https:\/\/i0.wp.com\/cdn.moldovacrestina.md\/2025\/11\/24fdd8f4-psbs4khrvy0.jpg?resize=350%2C200&ssl=1","width":350,"height":200,"srcset":"https:\/\/i0.wp.com\/cdn.moldovacrestina.md\/2025\/11\/24fdd8f4-psbs4khrvy0.jpg?resize=350%2C200&ssl=1 1x, https:\/\/i0.wp.com\/cdn.moldovacrestina.md\/2025\/11\/24fdd8f4-psbs4khrvy0.jpg?resize=525%2C300&ssl=1 1.5x, https:\/\/i0.wp.com\/cdn.moldovacrestina.md\/2025\/11\/24fdd8f4-psbs4khrvy0.jpg?resize=700%2C400&ssl=1 2x, https:\/\/i0.wp.com\/cdn.moldovacrestina.md\/2025\/11\/24fdd8f4-psbs4khrvy0.jpg?resize=1050%2C600&ssl=1 3x"},"classes":[]},{"id":363755,"url":"https:\/\/moldovacrestina.md\/este-pacat-divortul-daca-ambii-soti-il-doresc-pastor-vasile-filat\/","url_meta":{"origin":63558,"position":3},"title":"Este p\u0103cat divor\u021bul dac\u0103 ambii so\u021bi \u00eel doresc? | Pastor Vasile Filat","author":"Moldova Cre\u0219tin\u0103","date":"October 12, 2025","format":false,"excerpt":"Mul\u021bi oameni cred c\u0103 dac\u0103 ambii so\u021bi sunt de acord cu desp\u0103r\u021birea, divor\u021bul nu mai este p\u0103cat. Dar ce spune Biblia? \u00cen acest video, pastorul Vasile Filat explic\u0103, pe baza textelor din Matei 19, Maleahi 2 \u0219i Evrei 13:4, c\u0103 Dumnezeu a instituit c\u0103s\u0103toria \u0219i El singur are autoritatea de\u2026","rel":"","context":"<span class=\"jp-relatedposts-post-author\">Moldova Cre\u0219tin\u0103<\/span>","block_context":{"text":"MCTV","link":"https:\/\/moldovacrestina.md\/mctv\/"},"img":{"alt_text":"","src":"https:\/\/i0.wp.com\/cdn.moldovacrestina.md\/2025\/10\/fa6abd08-qnfeu_9zdi4.jpg?resize=350%2C200&ssl=1","width":350,"height":200,"srcset":"https:\/\/i0.wp.com\/cdn.moldovacrestina.md\/2025\/10\/fa6abd08-qnfeu_9zdi4.jpg?resize=350%2C200&ssl=1 1x, https:\/\/i0.wp.com\/cdn.moldovacrestina.md\/2025\/10\/fa6abd08-qnfeu_9zdi4.jpg?resize=525%2C300&ssl=1 1.5x, https:\/\/i0.wp.com\/cdn.moldovacrestina.md\/2025\/10\/fa6abd08-qnfeu_9zdi4.jpg?resize=700%2C400&ssl=1 2x, https:\/\/i0.wp.com\/cdn.moldovacrestina.md\/2025\/10\/fa6abd08-qnfeu_9zdi4.jpg?resize=1050%2C600&ssl=1 3x"},"classes":[]},{"id":363515,"url":"https:\/\/moldovacrestina.md\/ce-inseamna-sa-nu-te-impotrivesti-raului-predica-din-matei-5-38-48-pastor-vasile-filat\/","url_meta":{"origin":63558,"position":4},"title":"Ce \u00eenseamn\u0103 s\u0103 nu te \u00eempotrive\u0219ti r\u0103ului | Predica din Matei 5:38-48 | Pastor Vasile Filat","author":"Moldova Cre\u0219tin\u0103","date":"September 8, 2025","format":false,"excerpt":"Ce a vrut, de fapt, Domnul Isus s\u0103 ne \u00eenve\u021be atunci c\u00e2nd a spus: \u201eDac\u0103 te love\u0219te cineva peste obrazul drept, \u00eentoarce-i \u0219i pe cel\u0103lalt\u201d? Oare trebuie s\u0103 \u00eencuraj\u0103m r\u0103ul, s\u0103-i l\u0103s\u0103m pe cei nedrep\u021bi s\u0103 fac\u0103 ce vor, f\u0103r\u0103 limite? Cum mai putem tr\u0103i \u00eentr-o societate unde r\u0103ul nu\u2026","rel":"","context":"<span class=\"jp-relatedposts-post-author\">Moldova Cre\u0219tin\u0103<\/span>","block_context":{"text":"MCTV","link":"https:\/\/moldovacrestina.md\/mctv\/"},"img":{"alt_text":"","src":"https:\/\/i0.wp.com\/cdn.moldovacrestina.md\/2025\/09\/26e179e4-w6qnyms5oiw.jpg?resize=350%2C200&ssl=1","width":350,"height":200,"srcset":"https:\/\/i0.wp.com\/cdn.moldovacrestina.md\/2025\/09\/26e179e4-w6qnyms5oiw.jpg?resize=350%2C200&ssl=1 1x, https:\/\/i0.wp.com\/cdn.moldovacrestina.md\/2025\/09\/26e179e4-w6qnyms5oiw.jpg?resize=525%2C300&ssl=1 1.5x, https:\/\/i0.wp.com\/cdn.moldovacrestina.md\/2025\/09\/26e179e4-w6qnyms5oiw.jpg?resize=700%2C400&ssl=1 2x, https:\/\/i0.wp.com\/cdn.moldovacrestina.md\/2025\/09\/26e179e4-w6qnyms5oiw.jpg?resize=1050%2C600&ssl=1 3x"},"classes":[]}],"jetpack_sharing_enabled":true,"_links":{"self":[{"href":"https:\/\/moldovacrestina.md\/en\/wp-json\/wp\/v2\/posts\/63558","targetHints":{"allow":["GET"]}}],"collection":[{"href":"https:\/\/moldovacrestina.md\/en\/wp-json\/wp\/v2\/posts"}],"about":[{"href":"https:\/\/moldovacrestina.md\/en\/wp-json\/wp\/v2\/types\/post"}],"author":[{"embeddable":true,"href":"https:\/\/moldovacrestina.md\/en\/wp-json\/wp\/v2\/users\/46"}],"replies":[{"embeddable":true,"href":"https:\/\/moldovacrestina.md\/en\/wp-json\/wp\/v2\/comments?post=63558"}],"version-history":[{"count":0,"href":"https:\/\/moldovacrestina.md\/en\/wp-json\/wp\/v2\/posts\/63558\/revisions"}],"wp:attachment":[{"href":"https:\/\/moldovacrestina.md\/en\/wp-json\/wp\/v2\/media?parent=63558"}],"wp:term":[{"taxonomy":"category","embeddable":true,"href":"https:\/\/moldovacrestina.md\/en\/wp-json\/wp\/v2\/categories?post=63558"},{"taxonomy":"post_tag","embeddable":true,"href":"https:\/\/moldovacrestina.md\/en\/wp-json\/wp\/v2\/tags?post=63558"}],"curies":[{"name":"wp","href":"https:\/\/api.w.org\/{rel}","templated":true}]}}