{"id":57887,"date":"2010-01-22T17:57:30","date_gmt":"2010-01-22T15:57:30","guid":{"rendered":"https:\/\/moldovacrestina.md\/if-gos-is-acorporal-how-was-man-created-in-his-image-and-according-to-his-likeness"},"modified":"2017-05-27T08:42:01","modified_gmt":"2017-05-27T06:42:01","slug":"if-gos-is-acorporal-how-was-man-created-in-his-image-and-according-to-his-likeness","status":"publish","type":"post","link":"https:\/\/moldovacrestina.md\/en\/if-gos-is-acorporal-how-was-man-created-in-his-image-and-according-to-his-likeness\/","title":{"rendered":"If God is acorporal how was man created in His image and according to His likeness?"},"content":{"rendered":"<p><img loading=\"lazy\" decoding=\"async\" class=\"alignnone wp-image-107463 size-large\" src=\"https:\/\/cdn.moldovacrestina.md\/2010\/01\/maxresdefault-1-1024x552.jpg\" width=\"640\" height=\"345\" \/><\/p>\n<p>It seems that this question\u00a0has\u00a0roused much discussion over the centuries and today people also insist to\u00a0know the answer and turn to philosophical reasonings. If we\u00a0want answers about the nature of God, we must turn to His Word, that\u00a0is written in the Bible and where God does not tell us more, let us\u00a0not get over what is written.<\/p>\n<h2><strong>Is God really acorporal? <\/strong><\/h2>\n<p>We do not find this expression in the Bible. I suppose that those who have concluded thus refer to the words of the Lord Jesus when He was speaking with the Samaritan woman\u00a0and said to her:<\/p>\n<blockquote class=\"td_quote_box td_box_center\"><p><span class=\"google-src-text\" style=\"direction: ltr;text-align: left\"><strong>God is spirit,<\/strong> and those who worship Him must worship in spirit and truth.<\/span> (John 4:24)(NASB)<\/p><\/blockquote>\n<p>But this profound truth\u00a0does not exclude\u00a0another one\u00a0as\u00a0important as this one given in the same Gospel of John that begins with this description of the\u00a0Lord\u00a0Jesus:<\/p>\n<blockquote class=\"td_quote_box td_box_center\"><p><span class=\"google-src-text\" style=\"direction: ltr;text-align: left\">In the beginning was the Word, and the Word was with God, and <strong>the Word was God. <\/strong>He was in the beginning with God.\u00a0All things came into being through Him, and apart from Him nothing came into being that has come into being. <\/span>(John 1:1-3)(NASB)<\/p><\/blockquote>\n<p>Who created man? Who created you? God created man and all other things through Jesus Christ. The Savior is called here the Word that\u00a0was in the beginning, that was with God, that was God and that\u00a0is the Creator, because all things came into being through\u00a0Him, without exception.<\/p>\n<p>Then, it is written about this Word, which is God:<\/p>\n<blockquote class=\"td_quote_box td_box_center\"><p><span class=\"google-src-text\" style=\"direction: ltr;text-align: left\">And <strong>the Word became flesh, <\/strong>and dwelt among us, and we saw His glory, glory as of the only begotten from the Father, full of grace and truth.\u00a0John testified about Him and cried out, saying, \u201cThis was He of whom I said, \u2018He who comes after me has a higher rank than I, for He existed before me.\u2019\u201d\u00a0For of His fullness we have all received, and grace upon grace.\u00a0For the Law was given through Moses; grace and truth were realized through Jesus Christ. <\/span>(John 1:14-17)(NASB)<\/p><\/blockquote>\n<p>So, according to these verses we can not say that God is\u00a0acorporal, because He was made flesh in the person of Lord Jesus and dwelt among us full of grace and truth.<\/p>\n<h2><strong>In Him all the fullness of Deity dwells in bodily form<\/strong><\/h2>\n<p>When Christians\u00a0from the city of Colosse\u00a0became concerned too much about philosophy and began questioning the nature of Lord Jesus, the Apostle Paul wrote:<\/p>\n<blockquote class=\"td_quote_box td_box_center\"><p>See to it that no one takes you captive through philosophy and empty deception, according to the tradition of men, according to the elementary principles of the world, rather than according to Christ.\u00a0For <strong>in Him all the fullness of Deity dwells in bodily form.<\/strong> (Colossians 2:8-9)(NASB)<\/p><\/blockquote>\n<p>So, in Christ Jesus dwells\u00a0in bodily form all the fullness of God.<\/p>\n<h2><strong>What does it mean\u00a0\u201din the\u00a0image and likeness of God\u201d? <\/strong><\/h2>\n<p>In the first chapter of the Book of Genesis it is written:<\/p>\n<blockquote class=\"td_quote_box td_box_center\"><p>Then God said, \u201cLet Us make man <strong>in Our image, according to Our likeness;<\/strong> and let them rule over the fish of the sea and over the birds of the sky and over the cattle and over all the earth, and over every creeping thing that creeps on the earth.\u201d\u00a0<strong>God created man in His own image, in the image of God He created him;<\/strong> male and female He created them. (Genesis 1:26-27)(NASB)<\/p><\/blockquote>\n<p>When referring to the value of human life, God refers to the fact that a man has\u00a0His own image:<\/p>\n<blockquote class=\"td_quote_box td_box_center\"><p><span class=\"google-src-text\" style=\"direction: ltr;text-align: left\">Whoever sheds man\u2019s blood,\u00a0by man his blood shall be shed,\u00a0for <strong>in the image of God\u00a0He made man.<\/strong><\/span> (Genesis 9:6)()NASB)<\/p><\/blockquote>\n<p>The passage\u00a0from the\u00a0Epistle to Ephesians tells us that the phrase \u201cimage of God\u201d refers primarily to the spiritual aspect of man:<\/p>\n<blockquote class=\"td_quote_box td_box_center\"><p>But you did not learn Christ in this way,\u00a0if indeed you have heard Him and have been taught in Him, just as truth is in Jesus,\u00a0that, in reference to your former manner of life, you lay aside the old self, which is being corrupted in accordance with the lusts of deceit,\u00a0and that <strong>you be renewed in the spirit of your mind<\/strong>,\u00a0and put on <strong>the new self, which in the likeness of God has been created in righteousness and holiness of the truth<\/strong>. (Ephesians 4:20-24)(NASB)<\/p><\/blockquote>\n<p>God help us to live well every day and through a holy and righteous life, lived according to the truth of the Holy Scriptures, to reflect the image of the One according to whose likeness we were created.<\/p>\n<p><em>Translated by Felicia Rotaru<\/em><\/p>\n","protected":false},"excerpt":{"rendered":"<p>It seems that this question\u00a0has\u00a0roused much discussion over the centuries and today people also insist to\u00a0know the answer and turn to philosophical reasonings. If we\u00a0want answers about the nature of God, we must turn to His Word, that\u00a0is written in the Bible and where God does not tell us more, let us\u00a0not get over what [&hellip;]<\/p>\n","protected":false},"author":46,"featured_media":107463,"comment_status":"closed","ping_status":"closed","sticky":false,"template":"","format":"standard","meta":{"_acf_changed":false,"inline_featured_image":false,"_monsterinsights_skip_tracking":false,"_monsterinsights_sitenote_active":false,"_monsterinsights_sitenote_note":"","_monsterinsights_sitenote_category":0,"_genesis_hide_title":false,"_genesis_hide_breadcrumbs":false,"_genesis_hide_singular_image":false,"_genesis_hide_footer_widgets":false,"_genesis_custom_body_class":"","_genesis_custom_post_class":"","_genesis_layout":"","ep_exclude_from_search":false,"_jetpack_memberships_contains_paid_content":false,"footnotes":""},"categories":[126],"tags":[11281,2224,11439,6800,12511,7795,14439,7796,14448,7859,16438,7860,17499,7962,19439,7977,20252,8655,26480,8673,26481,9097,9178,9789,10349,10405],"class_list":{"0":"post-57887","1":"post","2":"type-post","3":"status-publish","4":"format-standard","5":"has-post-thumbnail","7":"category-answer-from-the-bible","8":"tag-the-lord-jesus","9":"tag-word","10":"tag-human","11":"tag-creat","12":"tag-genesis","13":"tag-gospel","14":"tag-accordance","15":"tag-man","16":"tag-import","17":"tag-god","18":"tag-flesh","19":"tag-creation","20":"tag-image-of-god","21":"tag-jesus-christ","22":"tag-who","23":"tag-world","24":"tag-john","25":"tag-creator","26":"tag-creation-of-man","27":"tag-earth","28":"tag-acorporal","29":"tag-woman","30":"tag-spiritual","31":"tag-christians","32":"tag-today","33":"tag-corrupt","34":"entry"},"acf":[],"yoast_head":"<!-- This site is optimized with the Yoast SEO Premium plugin v26.5 (Yoast SEO v27.4) - https:\/\/yoast.com\/product\/yoast-seo-premium-wordpress\/ -->\n<title>If God is acorporal how was man created in His image and according to His likeness?<\/title>\n<meta name=\"description\" content=\"It seems that this question\u00a0has\u00a0roused much discussion over the centuries and today people also insist to\u00a0know the answer and turn to philosophical reasonings. If we\u00a0want answers\" \/>\n<meta name=\"robots\" content=\"index, follow, max-snippet:-1, max-image-preview:large, max-video-preview:-1\" \/>\n<link rel=\"canonical\" href=\"https:\/\/moldovacrestina.md\/en\/if-gos-is-acorporal-how-was-man-created-in-his-image-and-according-to-his-likeness\/\" \/>\n<meta property=\"og:locale\" content=\"en_US\" \/>\n<meta property=\"og:type\" content=\"article\" \/>\n<meta property=\"og:title\" content=\"If God is acorporal how was man created in His image and according to His likeness?\" \/>\n<meta property=\"og:description\" content=\"It seems that this question\u00a0has\u00a0roused much discussion over the centuries and today people also insist to\u00a0know the answer and turn to philosophical reasonings. If we\u00a0want answers\" \/>\n<meta property=\"og:url\" content=\"https:\/\/moldovacrestina.md\/en\/if-gos-is-acorporal-how-was-man-created-in-his-image-and-according-to-his-likeness\/\" \/>\n<meta property=\"og:site_name\" content=\"Moldova Cre\u0219tin\u0103\" \/>\n<meta property=\"article:publisher\" content=\"https:\/\/www.facebook.com\/moldovacrestina\/\" \/>\n<meta property=\"article:published_time\" content=\"2010-01-22T15:57:30+00:00\" \/>\n<meta property=\"article:modified_time\" content=\"2017-05-27T06:42:01+00:00\" \/>\n<meta property=\"og:image\" content=\"https:\/\/cdn.moldovacrestina.md\/2010\/01\/maxresdefault-1.jpg\" \/>\n\t<meta property=\"og:image:width\" content=\"1146\" \/>\n\t<meta property=\"og:image:height\" content=\"618\" \/>\n\t<meta property=\"og:image:type\" content=\"image\/jpeg\" \/>\n<meta name=\"author\" content=\"Vasile Filat\" \/>\n<meta name=\"twitter:card\" content=\"summary_large_image\" \/>\n<meta name=\"twitter:creator\" content=\"@moldovacrestina\" \/>\n<meta name=\"twitter:site\" content=\"@moldovacrestina\" \/>\n<meta name=\"twitter:label1\" content=\"Written by\" \/>\n\t<meta name=\"twitter:data1\" content=\"Vasile Filat\" \/>\n\t<meta name=\"twitter:label2\" content=\"Est. reading time\" \/>\n\t<meta name=\"twitter:data2\" content=\"4 minutes\" \/>\n<script type=\"application\/ld+json\" class=\"yoast-schema-graph\">{\"@context\":\"https:\\\/\\\/schema.org\",\"@graph\":[{\"@type\":\"Article\",\"@id\":\"https:\\\/\\\/moldovacrestina.md\\\/en\\\/if-gos-is-acorporal-how-was-man-created-in-his-image-and-according-to-his-likeness\\\/#article\",\"isPartOf\":{\"@id\":\"https:\\\/\\\/moldovacrestina.md\\\/en\\\/if-gos-is-acorporal-how-was-man-created-in-his-image-and-according-to-his-likeness\\\/\"},\"author\":{\"name\":\"Vasile Filat\",\"@id\":\"https:\\\/\\\/moldovacrestina.md\\\/en\\\/#\\\/schema\\\/person\\\/04b204bbb582cc832c3d2424f5d27dc0\"},\"headline\":\"If God is acorporal how was man created in His image and according to His likeness?\",\"datePublished\":\"2010-01-22T15:57:30+00:00\",\"dateModified\":\"2017-05-27T06:42:01+00:00\",\"mainEntityOfPage\":{\"@id\":\"https:\\\/\\\/moldovacrestina.md\\\/en\\\/if-gos-is-acorporal-how-was-man-created-in-his-image-and-according-to-his-likeness\\\/\"},\"wordCount\":786,\"image\":{\"@id\":\"https:\\\/\\\/moldovacrestina.md\\\/en\\\/if-gos-is-acorporal-how-was-man-created-in-his-image-and-according-to-his-likeness\\\/#primaryimage\"},\"thumbnailUrl\":\"https:\\\/\\\/moldovacrestina.md\\\/wp-content\\\/uploads\\\/2010\\\/01\\\/maxresdefault-1.jpg\",\"keywords\":[\"the lord jesus\",\"word\",\"Human\",\"creat\",\"Genesis\",\"Gospel\",\"Accordance\",\"Man\",\"import\",\"God\",\"flesh\",\"creation\",\"image of God\",\"Jesus Christ\",\"who\",\"World\",\"John\",\"creator\",\"creation of man\",\"earth\",\"acorporal\",\"Woman\",\"spiritual\",\"Christians\",\"today\",\"corrupt\"],\"articleSection\":[\"Answers from the Bible\"],\"inLanguage\":\"en-US\"},{\"@type\":\"WebPage\",\"@id\":\"https:\\\/\\\/moldovacrestina.md\\\/en\\\/if-gos-is-acorporal-how-was-man-created-in-his-image-and-according-to-his-likeness\\\/\",\"url\":\"https:\\\/\\\/moldovacrestina.md\\\/en\\\/if-gos-is-acorporal-how-was-man-created-in-his-image-and-according-to-his-likeness\\\/\",\"name\":\"If God is acorporal how was man created in His image and according to His likeness?\",\"isPartOf\":{\"@id\":\"https:\\\/\\\/moldovacrestina.md\\\/en\\\/#website\"},\"primaryImageOfPage\":{\"@id\":\"https:\\\/\\\/moldovacrestina.md\\\/en\\\/if-gos-is-acorporal-how-was-man-created-in-his-image-and-according-to-his-likeness\\\/#primaryimage\"},\"image\":{\"@id\":\"https:\\\/\\\/moldovacrestina.md\\\/en\\\/if-gos-is-acorporal-how-was-man-created-in-his-image-and-according-to-his-likeness\\\/#primaryimage\"},\"thumbnailUrl\":\"https:\\\/\\\/moldovacrestina.md\\\/wp-content\\\/uploads\\\/2010\\\/01\\\/maxresdefault-1.jpg\",\"datePublished\":\"2010-01-22T15:57:30+00:00\",\"dateModified\":\"2017-05-27T06:42:01+00:00\",\"author\":{\"@id\":\"https:\\\/\\\/moldovacrestina.md\\\/en\\\/#\\\/schema\\\/person\\\/04b204bbb582cc832c3d2424f5d27dc0\"},\"description\":\"It seems that this question\u00a0has\u00a0roused much discussion over the centuries and today people also insist to\u00a0know the answer and turn to philosophical reasonings. If we\u00a0want answers\",\"breadcrumb\":{\"@id\":\"https:\\\/\\\/moldovacrestina.md\\\/en\\\/if-gos-is-acorporal-how-was-man-created-in-his-image-and-according-to-his-likeness\\\/#breadcrumb\"},\"inLanguage\":\"en-US\",\"potentialAction\":[{\"@type\":\"ReadAction\",\"target\":[\"https:\\\/\\\/moldovacrestina.md\\\/en\\\/if-gos-is-acorporal-how-was-man-created-in-his-image-and-according-to-his-likeness\\\/\"]}]},{\"@type\":\"ImageObject\",\"inLanguage\":\"en-US\",\"@id\":\"https:\\\/\\\/moldovacrestina.md\\\/en\\\/if-gos-is-acorporal-how-was-man-created-in-his-image-and-according-to-his-likeness\\\/#primaryimage\",\"url\":\"https:\\\/\\\/moldovacrestina.md\\\/wp-content\\\/uploads\\\/2010\\\/01\\\/maxresdefault-1.jpg\",\"contentUrl\":\"https:\\\/\\\/moldovacrestina.md\\\/wp-content\\\/uploads\\\/2010\\\/01\\\/maxresdefault-1.jpg\",\"width\":1146,\"height\":618},{\"@type\":\"BreadcrumbList\",\"@id\":\"https:\\\/\\\/moldovacrestina.md\\\/en\\\/if-gos-is-acorporal-how-was-man-created-in-his-image-and-according-to-his-likeness\\\/#breadcrumb\",\"itemListElement\":[{\"@type\":\"ListItem\",\"position\":1,\"name\":\"Prima pagin\u0103\",\"item\":\"https:\\\/\\\/moldovacrestina.md\\\/en\\\/\"},{\"@type\":\"ListItem\",\"position\":2,\"name\":\"Answers from the Bible\",\"item\":\"https:\\\/\\\/moldovacrestina.md\\\/en\\\/answer-from-the-bible\\\/\"},{\"@type\":\"ListItem\",\"position\":3,\"name\":\"If God is acorporal how was man created in His image and according to His likeness?\"}]},{\"@type\":\"WebSite\",\"@id\":\"https:\\\/\\\/moldovacrestina.md\\\/en\\\/#website\",\"url\":\"https:\\\/\\\/moldovacrestina.md\\\/en\\\/\",\"name\":\"Moldova Cre\u0219tin\u0103\",\"description\":\"R\u0103spunsuri relevante \u0219i actuale din Biblie\",\"potentialAction\":[{\"@type\":\"SearchAction\",\"target\":{\"@type\":\"EntryPoint\",\"urlTemplate\":\"https:\\\/\\\/moldovacrestina.md\\\/en\\\/?s={search_term_string}\"},\"query-input\":{\"@type\":\"PropertyValueSpecification\",\"valueRequired\":true,\"valueName\":\"search_term_string\"}}],\"inLanguage\":\"en-US\"},{\"@type\":\"Person\",\"@id\":\"https:\\\/\\\/moldovacrestina.md\\\/en\\\/#\\\/schema\\\/person\\\/04b204bbb582cc832c3d2424f5d27dc0\",\"name\":\"Vasile Filat\",\"image\":{\"@type\":\"ImageObject\",\"inLanguage\":\"en-US\",\"@id\":\"https:\\\/\\\/secure.gravatar.com\\\/avatar\\\/2e02d082d139dd6eb634318c9cf2c3a8281db62f24f87a134adb4f2020e77ab3?s=96&d=mm&r=g\",\"url\":\"https:\\\/\\\/secure.gravatar.com\\\/avatar\\\/2e02d082d139dd6eb634318c9cf2c3a8281db62f24f87a134adb4f2020e77ab3?s=96&d=mm&r=g\",\"contentUrl\":\"https:\\\/\\\/secure.gravatar.com\\\/avatar\\\/2e02d082d139dd6eb634318c9cf2c3a8281db62f24f87a134adb4f2020e77ab3?s=96&d=mm&r=g\",\"caption\":\"Vasile Filat\"},\"description\":\"P\u0103storesc\u00a0Biserica Bunavestire din Chi\u0219in\u0103u, predau Cuv\u00e2ntul lui Dumnezeu la\u00a0Institutul de Studiu Biblic Inductiv din Eurasia\u00a0\u0219i conduc\u00a0Asocia\u021bia \\\"\u00cenv\u0103\u021b\u0103tur\u0103 din Cuv\u00e2nt - Precept Ministries\\\" din Moldova. \u00cempreun\u0103 cu so\u021bia mea\u00a0Anastasia, avem trei copii. Din Aprilie 2007 am oferit r\u0103spunsuri din Biblie pe acest site la \u00eentreb\u0103ri adresate de cititori. Mai mult despre mine citi\u021bi\u00a0aici.\",\"url\":\"https:\\\/\\\/moldovacrestina.md\\\/en\\\/author\\\/vasile-filat\\\/\"}]}<\/script>\n<!-- \/ Yoast SEO Premium plugin. -->","yoast_head_json":{"title":"If God is acorporal how was man created in His image and according to His likeness?","description":"It seems that this question\u00a0has\u00a0roused much discussion over the centuries and today people also insist to\u00a0know the answer and turn to philosophical reasonings. If we\u00a0want answers","robots":{"index":"index","follow":"follow","max-snippet":"max-snippet:-1","max-image-preview":"max-image-preview:large","max-video-preview":"max-video-preview:-1"},"canonical":"https:\/\/moldovacrestina.md\/en\/if-gos-is-acorporal-how-was-man-created-in-his-image-and-according-to-his-likeness\/","og_locale":"en_US","og_type":"article","og_title":"If God is acorporal how was man created in His image and according to His likeness?","og_description":"It seems that this question\u00a0has\u00a0roused much discussion over the centuries and today people also insist to\u00a0know the answer and turn to philosophical reasonings. If we\u00a0want answers","og_url":"https:\/\/moldovacrestina.md\/en\/if-gos-is-acorporal-how-was-man-created-in-his-image-and-according-to-his-likeness\/","og_site_name":"Moldova Cre\u0219tin\u0103","article_publisher":"https:\/\/www.facebook.com\/moldovacrestina\/","article_published_time":"2010-01-22T15:57:30+00:00","article_modified_time":"2017-05-27T06:42:01+00:00","og_image":[{"width":1146,"height":618,"url":"https:\/\/cdn.moldovacrestina.md\/2010\/01\/maxresdefault-1.jpg","type":"image\/jpeg"}],"author":"Vasile Filat","twitter_card":"summary_large_image","twitter_creator":"@moldovacrestina","twitter_site":"@moldovacrestina","twitter_misc":{"Written by":"Vasile Filat","Est. reading time":"4 minutes"},"schema":{"@context":"https:\/\/schema.org","@graph":[{"@type":"Article","@id":"https:\/\/moldovacrestina.md\/en\/if-gos-is-acorporal-how-was-man-created-in-his-image-and-according-to-his-likeness\/#article","isPartOf":{"@id":"https:\/\/moldovacrestina.md\/en\/if-gos-is-acorporal-how-was-man-created-in-his-image-and-according-to-his-likeness\/"},"author":{"name":"Vasile Filat","@id":"https:\/\/moldovacrestina.md\/en\/#\/schema\/person\/04b204bbb582cc832c3d2424f5d27dc0"},"headline":"If God is acorporal how was man created in His image and according to His likeness?","datePublished":"2010-01-22T15:57:30+00:00","dateModified":"2017-05-27T06:42:01+00:00","mainEntityOfPage":{"@id":"https:\/\/moldovacrestina.md\/en\/if-gos-is-acorporal-how-was-man-created-in-his-image-and-according-to-his-likeness\/"},"wordCount":786,"image":{"@id":"https:\/\/moldovacrestina.md\/en\/if-gos-is-acorporal-how-was-man-created-in-his-image-and-according-to-his-likeness\/#primaryimage"},"thumbnailUrl":"https:\/\/moldovacrestina.md\/wp-content\/uploads\/2010\/01\/maxresdefault-1.jpg","keywords":["the lord jesus","word","Human","creat","Genesis","Gospel","Accordance","Man","import","God","flesh","creation","image of God","Jesus Christ","who","World","John","creator","creation of man","earth","acorporal","Woman","spiritual","Christians","today","corrupt"],"articleSection":["Answers from the Bible"],"inLanguage":"en-US"},{"@type":"WebPage","@id":"https:\/\/moldovacrestina.md\/en\/if-gos-is-acorporal-how-was-man-created-in-his-image-and-according-to-his-likeness\/","url":"https:\/\/moldovacrestina.md\/en\/if-gos-is-acorporal-how-was-man-created-in-his-image-and-according-to-his-likeness\/","name":"If God is acorporal how was man created in His image and according to His likeness?","isPartOf":{"@id":"https:\/\/moldovacrestina.md\/en\/#website"},"primaryImageOfPage":{"@id":"https:\/\/moldovacrestina.md\/en\/if-gos-is-acorporal-how-was-man-created-in-his-image-and-according-to-his-likeness\/#primaryimage"},"image":{"@id":"https:\/\/moldovacrestina.md\/en\/if-gos-is-acorporal-how-was-man-created-in-his-image-and-according-to-his-likeness\/#primaryimage"},"thumbnailUrl":"https:\/\/moldovacrestina.md\/wp-content\/uploads\/2010\/01\/maxresdefault-1.jpg","datePublished":"2010-01-22T15:57:30+00:00","dateModified":"2017-05-27T06:42:01+00:00","author":{"@id":"https:\/\/moldovacrestina.md\/en\/#\/schema\/person\/04b204bbb582cc832c3d2424f5d27dc0"},"description":"It seems that this question\u00a0has\u00a0roused much discussion over the centuries and today people also insist to\u00a0know the answer and turn to philosophical reasonings. If we\u00a0want answers","breadcrumb":{"@id":"https:\/\/moldovacrestina.md\/en\/if-gos-is-acorporal-how-was-man-created-in-his-image-and-according-to-his-likeness\/#breadcrumb"},"inLanguage":"en-US","potentialAction":[{"@type":"ReadAction","target":["https:\/\/moldovacrestina.md\/en\/if-gos-is-acorporal-how-was-man-created-in-his-image-and-according-to-his-likeness\/"]}]},{"@type":"ImageObject","inLanguage":"en-US","@id":"https:\/\/moldovacrestina.md\/en\/if-gos-is-acorporal-how-was-man-created-in-his-image-and-according-to-his-likeness\/#primaryimage","url":"https:\/\/moldovacrestina.md\/wp-content\/uploads\/2010\/01\/maxresdefault-1.jpg","contentUrl":"https:\/\/moldovacrestina.md\/wp-content\/uploads\/2010\/01\/maxresdefault-1.jpg","width":1146,"height":618},{"@type":"BreadcrumbList","@id":"https:\/\/moldovacrestina.md\/en\/if-gos-is-acorporal-how-was-man-created-in-his-image-and-according-to-his-likeness\/#breadcrumb","itemListElement":[{"@type":"ListItem","position":1,"name":"Prima pagin\u0103","item":"https:\/\/moldovacrestina.md\/en\/"},{"@type":"ListItem","position":2,"name":"Answers from the Bible","item":"https:\/\/moldovacrestina.md\/en\/answer-from-the-bible\/"},{"@type":"ListItem","position":3,"name":"If God is acorporal how was man created in His image and according to His likeness?"}]},{"@type":"WebSite","@id":"https:\/\/moldovacrestina.md\/en\/#website","url":"https:\/\/moldovacrestina.md\/en\/","name":"Moldova Cre\u0219tin\u0103","description":"R\u0103spunsuri relevante \u0219i actuale din Biblie","potentialAction":[{"@type":"SearchAction","target":{"@type":"EntryPoint","urlTemplate":"https:\/\/moldovacrestina.md\/en\/?s={search_term_string}"},"query-input":{"@type":"PropertyValueSpecification","valueRequired":true,"valueName":"search_term_string"}}],"inLanguage":"en-US"},{"@type":"Person","@id":"https:\/\/moldovacrestina.md\/en\/#\/schema\/person\/04b204bbb582cc832c3d2424f5d27dc0","name":"Vasile Filat","image":{"@type":"ImageObject","inLanguage":"en-US","@id":"https:\/\/secure.gravatar.com\/avatar\/2e02d082d139dd6eb634318c9cf2c3a8281db62f24f87a134adb4f2020e77ab3?s=96&d=mm&r=g","url":"https:\/\/secure.gravatar.com\/avatar\/2e02d082d139dd6eb634318c9cf2c3a8281db62f24f87a134adb4f2020e77ab3?s=96&d=mm&r=g","contentUrl":"https:\/\/secure.gravatar.com\/avatar\/2e02d082d139dd6eb634318c9cf2c3a8281db62f24f87a134adb4f2020e77ab3?s=96&d=mm&r=g","caption":"Vasile Filat"},"description":"P\u0103storesc\u00a0Biserica Bunavestire din Chi\u0219in\u0103u, predau Cuv\u00e2ntul lui Dumnezeu la\u00a0Institutul de Studiu Biblic Inductiv din Eurasia\u00a0\u0219i conduc\u00a0Asocia\u021bia \"\u00cenv\u0103\u021b\u0103tur\u0103 din Cuv\u00e2nt - Precept Ministries\" din Moldova. \u00cempreun\u0103 cu so\u021bia mea\u00a0Anastasia, avem trei copii. Din Aprilie 2007 am oferit r\u0103spunsuri din Biblie pe acest site la \u00eentreb\u0103ri adresate de cititori. Mai mult despre mine citi\u021bi\u00a0aici.","url":"https:\/\/moldovacrestina.md\/en\/author\/vasile-filat\/"}]}},"jetpack_featured_media_url":"https:\/\/moldovacrestina.md\/wp-content\/uploads\/2010\/01\/maxresdefault-1.jpg","video_meta":false,"featured_image":"https:\/\/moldovacrestina.md\/wp-content\/uploads\/2010\/01\/maxresdefault-1.jpg","wpml":{"language_code":"en","locale":"en_US","text_direction":false,"display_name":"English","native_name":"Englez\u0103","different_language":false},"jetpack-related-posts":[{"id":84641,"url":"https:\/\/moldovacrestina.md\/ru\/test-homofobia\/","url_meta":{"origin":57887,"position":0},"title":"\u0421\u0434\u0435\u043b\u0430\u0442\u044c \u0442\u0435\u0441\u0442, \u0447\u0442\u043e\u0431\u044b \u0443\u0437\u043d\u0430\u0442\u044c, \u044f\u0432\u043b\u044f\u0435\u0448\u044c\u0441\u044f \u043b\u0438 \u0442\u044b \u0413\u041e\u041c\u041e\u0424\u041e\u0411\u041e\u041c?","author":"Vasile Filat","date":"January 14, 2011","format":false,"excerpt":"\u041f\u043e\u0441\u043a\u043e\u043b\u044c\u043a\u0443 \u044f \u043c\u043d\u043e\u0433\u043e \u0440\u0430\u0437 \u0434\u0435\u043b\u0430\u043b \u0437\u0430\u044f\u0432\u043b\u0435\u043d\u0438\u044f \u043f\u043e \u043f\u043e\u0432\u043e\u0434\u0443 \u043d\u0430\u0441\u0438\u043b\u0438\u044f, \u043d\u0430 \u043a\u043e\u0442\u043e\u0440\u043e\u043c \u043d\u0430\u0441\u0442\u0430\u0438\u0432\u0430\u0435\u0442 \u043e\u0440\u0433\u0430\u043d\u0438\u0437\u0430\u0446\u0438\u044f \u0433\u043e\u043c\u043e\u0441\u0435\u043a\u0441\u0443\u0430\u043b\u0438\u0441\u0442\u043e\u0432 \u0438\u0437 \u041c\u043e\u043b\u0434\u043e\u0432\u044b \u0438 \u0434\u0440\u0443\u0433\u0438\u0435 \u043e\u0440\u0433\u0430\u043d\u0438\u0437\u0430\u0446\u0438\u0438, \u043a\u043e\u0442\u043e\u0440\u044b\u0435 \u043f\u0440\u043e\u043f\u0430\u0433\u0430\u043d\u0434\u0438\u0440\u0443\u044e\u0442\u00a0 \u0442\u0430\u043a \u043d\u0430\u0437\u044b\u0432\u0430\u0435\u043c\u044b\u0435 \u201c\u043f\u0440\u0430\u0432\u0430 \u0441\u0435\u043a\u0441\u0443\u0430\u043b\u044c\u043d\u044b\u0445 \u043c\u0435\u043d\u044c\u0448\u0438\u043d\u0441\u0442\u0432\u201d, \u043c\u0435\u043d\u044f \u0447\u0430\u0441\u0442\u043e \u0441\u0442\u0430\u043b\u0438 \u043d\u0430\u0437\u044b\u0432\u0430\u0442\u044c \u201c\u0433\u043e\u043c\u043e\u0444\u043e\u0431\u201d, \u0442\u043e\u0447\u043d\u043e \u0442\u0430\u043a\u0436\u0435, \u043a\u0430\u043a \u043e\u043d\u0438 \u043d\u0430\u0437\u044b\u0432\u0430\u044e\u0442 \u043b\u044e\u0431\u043e\u0433\u043e, \u043a\u0442\u043e \u043d\u0435 \u0440\u0430\u0437\u0434\u0435\u043b\u044f\u0435\u0442 \u0438\u0445 \u043c\u043d\u0435\u043d\u0438\u044f. \u0421\u0435\u0433\u043e\u0434\u043d\u044f \u044f \u043f\u043e\u043b\u0443\u0447\u0438\u043b \u043f\u043e email \u043f\u0440\u0438\u0433\u043b\u0430\u0448\u0435\u043d\u0438\u0435 \u0441\u0434\u0435\u043b\u0430\u0442\u044c \u0442\u0435\u0441\u0442,\u2026","rel":"","context":"<span class=\"jp-relatedposts-post-author\">Vasile Filat<\/span>","block_context":{"text":"\u041e\u0431\u0449\u0435\u0441\u0442\u0432\u043e","link":"https:\/\/moldovacrestina.md\/ru\/otvety-iz-biblii\/obshhestvo\/"},"img":{"alt_text":"","src":"https:\/\/i0.wp.com\/americansfortruth.com\/uploads\/2011\/01\/Homophobia_Quiz-300x148.png?resize=350%2C200","width":350,"height":200},"classes":[]},{"id":83594,"url":"https:\/\/moldovacrestina.md\/ru\/hto-znachit-zlosloviti-za-hrista\/","url_meta":{"origin":57887,"position":1},"title":"\u041d\u0430 \u0447\u0442\u043e \u0441\u0441\u044b\u043b\u0430\u0435\u0442\u0441\u044f \u0418\u0438\u0441\u0443\u0441 \u0425\u0440\u0438\u0441\u0442\u043e\u0441, \u0433\u043e\u0432\u043e\u0440\u044f \u201c\u043d\u0435\u043f\u0440\u0430\u0432\u0435\u0434\u043d\u043e \u0437\u043b\u043e\u0441\u043b\u043e\u0432\u0438\u0442\u044c \u0437\u0430 \u041c\u0435\u043d\u044f\u201d?","author":"Vasile Filat","date":"September 8, 2010","format":false,"excerpt":"\u0412\u043e\u043f\u0440\u043e\u0441: \u0421\u0435\u0433\u043e\u0434\u043d\u044f \u0432\u043e \u0432\u0440\u0435\u043c\u044f \u043e\u0431\u0435\u0434\u0435\u043d\u043d\u043e\u0433\u043e \u043f\u0435\u0440\u0435\u0440\u044b\u0432\u0430 \u044f \u0441\u043b\u0443\u0448\u0430\u043b \u043e \u0431\u043b\u0430\u0436\u0435\u043d\u0441\u0442\u0432\u0430\u0445, \u0441\u043a\u0430\u0437\u0430\u043d\u043d\u044b\u0445 \u0418\u0438\u0441\u0443\u0441\u043e\u043c \u0425\u0440\u0438\u0441\u0442\u043e\u043c \u0432 \u041d\u0430\u0433\u043e\u0440\u043d\u043e\u0439 \u041f\u0440\u043e\u043f\u043e\u0432\u0435\u0434\u0438, \u0438 \u0443 \u043c\u0435\u043d\u044f \u0435\u0441\u0442\u044c \u043d\u0435\u0434\u043e\u043f\u043e\u043d\u0438\u043c\u0430\u043d\u0438\u0435 \u043f\u043e \u044d\u0442\u043e\u043c\u0443 \u043f\u043e\u0432\u043e\u0434\u0443. \u042f \u043f\u043e\u043d\u0438\u043c\u0430\u044e, \u0447\u0442\u043e \u0425\u0440\u0438\u0441\u0442\u043e\u0441 \u0441\u043a\u0430\u0437\u0430\u043b \u0443\u0447\u0435\u043d\u0438\u043a\u0430\u043c, \u0447\u0442\u043e \u043e\u043d\u0438 \u0431\u0443\u0434\u0443\u0442 \u0441\u0442\u0440\u0430\u0434\u0430\u0442\u044c \u043f\u043e \u043f\u0440\u0438\u0447\u0438\u043d\u0435 \u043f\u0440\u043e\u043f\u043e\u0432\u0435\u0434\u0438 \u0421\u043b\u043e\u0432\u0430 \u0438\u043b\u0438 \u0441\u043e \u0441\u0442\u043e\u0440\u043e\u043d\u044b \u043d\u0435\u0432\u0435\u0440\u0443\u044e\u0449\u0438\u0445, \u043d\u043e \u044f \u043d\u0435 \u043f\u043e\u043d\u0438\u043c\u0430\u044e \u0432\u044b\u0440\u0430\u0436\u0435\u043d\u0438\u044f \u201c\u043d\u0435\u043f\u0440\u0430\u0432\u0435\u0434\u043d\u043e \u0437\u043b\u043e\u0441\u043b\u043e\u0432\u0438\u0442\u044c \u0437\u0430\u2026","rel":"","context":"<span class=\"jp-relatedposts-post-author\">Vasile Filat<\/span>","block_context":{"text":"\u0414\u043e\u043a\u0442\u0440\u0438\u043d\u044b","link":"https:\/\/moldovacrestina.md\/ru\/otvety-iz-biblii\/doktriny-ru\/"},"img":{"alt_text":"","src":"","width":0,"height":0},"classes":[]},{"id":244533,"url":"https:\/\/moldovacrestina.md\/ru\/molodjozhka-way-gleote-vlog\/","url_meta":{"origin":57887,"position":2},"title":"\u041c\u041e\u041b\u041e\u0414\u0401\u0416\u041a\u0410 WAY","author":"Moldova Cre\u0219tin\u0103","date":"May 11, 2018","format":false,"excerpt":"Come to \"WAY\" meetings every Friday, 18:00 https:\/\/goo.gl\/9kAnn6 \u0414\u0430\u0432\u0430\u0439\u0442\u0435 \u043d\u0438\u043a\u043e\u0433\u0434\u0430 \u043d\u0435 \u0441\u0442\u044b\u0434\u0438\u0442\u044c\u0441\u044f \u0438\u043c\u0435\u043d\u0438 \u0425\u0440\u0438\u0441\u0442\u0430! \u041e\u0431 \u044d\u0442\u043e\u043c \u043d\u043e\u0432\u043e\u0435 \u0432\u0438\u0434\u0435\u043e. \u041d\u0435 \u043f\u043e\u0441\u0442\u044b\u0434\u0438\u0442\u0435\u0441\u044c \u043f\u043e\u0434\u0435\u043b\u0438\u0442\u044c\u0441\u044f \u0440\u043e\u043b\u0438\u043a\u043e\u043c:) Gleot\u00e9 - \u0411\u043e\u0433 \u041b\u044e\u0431\u0438\u0442 \u041a\u0430\u0436\u0434\u043e\u0433\u043e \u043d\u0430 \u0417\u0435\u043c\u043b\u0435 ! God Loves Everyone On The Earth ! \u041f\u0420\u0418\u0425\u041e\u0414\u0418 \u041d\u0410 \u041c\u041e\u041b\u041e\u0414\u0415\u0416\u041a\u0423: https:\/\/www.facebook.com\/livingyouth.md\/ \u041f\u041e\u041b\u0423\u0427\u0418 \u041e\u0422\u0412\u0415\u0422 \u0418\u0417 \u0411\u0418\u0411\u041b\u0418\u0418: https:\/\/moldovacrestina.md \u0414\u0423\u0425\u041e\u0412\u041d\u0410\u042f \u0411\u0415\u0421\u0415\u0414\u041a\u0410: http:\/\/duhovnayabesedka.blogspot.com","rel":"","context":"<span class=\"jp-relatedposts-post-author\">Moldova Cre\u0219tin\u0103<\/span>","block_context":{"text":"Gleot\u00e9 VLOG","link":"https:\/\/moldovacrestina.md\/ru\/gleote-vlog\/"},"img":{"alt_text":"","src":"https:\/\/i0.wp.com\/cdn.moldovacrestina.md\/2019\/02\/c9f55163-myv9lwsy-4o.jpg?resize=350%2C200&ssl=1","width":350,"height":200,"srcset":"https:\/\/i0.wp.com\/cdn.moldovacrestina.md\/2019\/02\/c9f55163-myv9lwsy-4o.jpg?resize=350%2C200&ssl=1 1x, https:\/\/i0.wp.com\/cdn.moldovacrestina.md\/2019\/02\/c9f55163-myv9lwsy-4o.jpg?resize=525%2C300&ssl=1 1.5x, https:\/\/i0.wp.com\/cdn.moldovacrestina.md\/2019\/02\/c9f55163-myv9lwsy-4o.jpg?resize=700%2C400&ssl=1 2x, https:\/\/i0.wp.com\/cdn.moldovacrestina.md\/2019\/02\/c9f55163-myv9lwsy-4o.jpg?resize=1050%2C600&ssl=1 3x"},"classes":[]},{"id":112659,"url":"https:\/\/moldovacrestina.md\/ru\/kogda-opravdanie-nechestivogo-yavlyaet\/","url_meta":{"origin":57887,"position":3},"title":"\u041a\u043e\u0433\u0434\u0430 \u043e\u043f\u0440\u0430\u0432\u0434\u0430\u043d\u0438\u0435 \u043d\u0435\u0447\u0435\u0441\u0442\u0438\u0432\u043e\u0433\u043e \u044f\u0432\u043b\u044f\u0435\u0442\u0441\u044f \u043c\u0435\u0440\u0437\u043e\u0441\u0442\u044c\u044e \u043f\u0435\u0440\u0435\u0434 \u0411\u043e\u0433\u043e\u043c? (\u041f\u0440\u0438\u0442\u0447\u0438 17:15)","author":"Vasile Filat","date":"January 16, 2017","format":false,"excerpt":"\u0412\u0441\u0435 \u043c\u044b \u0436\u0435\u043b\u0430\u0435\u043c \u043f\u0440\u043e\u0449\u0435\u043d\u0438\u044f \u043e\u0442 \u0411\u043e\u0433\u0430, \u0438 \u0411\u043e\u0433 \u0443\u0447\u0438\u0442 \u043d\u0430\u0441 \u043f\u0440\u043e\u0449\u0430\u0442\u044c \u0442\u0435\u0445, \u043a\u0442\u043e \u0441\u0434\u0435\u043b\u0430\u043b\u0441\u044f \u0432\u0438\u043d\u043e\u0432\u0430\u0442\u044b\u043c \u043f\u0435\u0440\u0435\u0434 \u043d\u0430\u043c\u0438. \u0412\u0441\u0451-\u0442\u0430\u043a\u0438, \u0441\u0443\u0449\u0435\u0441\u0442\u0432\u0443\u0435\u0442 \u0441\u0442\u0438\u0445 \u0438\u0437 \u0411\u0438\u0431\u043b\u0438\u0438, \u0432 \u043a\u043e\u0442\u043e\u0440\u043e\u043c \u043d\u0430\u043f\u0438\u0441\u0430\u043d\u043e, \u0447\u0442\u043e \u043e\u043f\u0440\u0430\u0432\u0434\u044b\u0432\u0430\u0442\u044c \u0438\u043b\u0438\u00a0\u043f\u0440\u043e\u0449\u0430\u0442\u044c \u043d\u0435\u0447\u0435\u0441\u0442\u0438\u0432\u043e\u0433\u043e\u00a0- \u044d\u0442\u043e \u043c\u0435\u0440\u0437\u043e\u0441\u0442\u044c \u043f\u0435\u0440\u0435\u0434 \u0411\u043e\u0433\u043e\u043c. \u0422\u0430\u043a\u0438\u0435 \u0441\u0438\u0442\u0443\u0430\u0446\u0438\u0438 \u0438\u043c\u0435\u044e\u0442\u0441\u044f \u0432 \u0432\u0438\u0434\u0443 \u0432 \u0441\u043b\u0435\u0434\u0443\u044e\u0449\u0435\u043c \u0432\u043e\u043f\u0440\u043e\u0441\u0435, \u043a\u043e\u0442\u043e\u0440\u044b\u0439 \u0431\u044b\u043b \u0437\u0430\u0434\u0430\u043d \u043c\u043d\u0435: \u041c\u0438\u0440 \u0432\u0430\u043c, \u043f\u0430\u0441\u0442\u043e\u0440 \u0412\u0430\u0441\u0438\u043b\u0438\u0439. \u042f\u2026","rel":"","context":"<span class=\"jp-relatedposts-post-author\">Vasile Filat<\/span>","block_context":{"text":"\u041e\u0442\u0432\u0435\u0442\u044b \u0438\u0437 \u0411\u0438\u0431\u043b\u0438\u0438","link":"https:\/\/moldovacrestina.md\/ru\/otvety-iz-biblii\/"},"img":{"alt_text":"","src":"https:\/\/i0.wp.com\/moldovacrestina.md\/wp-content\/uploads\/2017\/01\/o-forgiveness-facebook-1024x512-2.jpg?resize=350%2C200&ssl=1","width":350,"height":200,"srcset":"https:\/\/i0.wp.com\/moldovacrestina.md\/wp-content\/uploads\/2017\/01\/o-forgiveness-facebook-1024x512-2.jpg?resize=350%2C200&ssl=1 1x, https:\/\/i0.wp.com\/moldovacrestina.md\/wp-content\/uploads\/2017\/01\/o-forgiveness-facebook-1024x512-2.jpg?resize=525%2C300&ssl=1 1.5x, https:\/\/i0.wp.com\/moldovacrestina.md\/wp-content\/uploads\/2017\/01\/o-forgiveness-facebook-1024x512-2.jpg?resize=700%2C400&ssl=1 2x"},"classes":[]},{"id":86012,"url":"https:\/\/moldovacrestina.md\/en\/doris-van-stone-devochka-kotoryiu-nikto-ne-liubil\/","url_meta":{"origin":57887,"position":4},"title":"\u0414\u043e\u0440\u0438\u0441 \u0412\u0430\u043d \u0421\u0442\u043e\u0443\u043d &ndash; \u0434\u0435\u0432\u043e\u0447\u043a\u0430 \u043a\u043e\u0442\u043e\u0440\u0443\u044e \u043d\u0438\u043a\u0442\u043e \u043d\u0435 \u043b\u044e\u0431\u0438\u043b","author":"Vasile Filat","date":"February 23, 2012","format":false,"excerpt":"\u0412\u0447\u0435\u0440\u0430 \u0432\u0435\u0447\u0435\u0440\u043e\u043c \u0443 \u043c\u0435\u043d\u044f \u0431\u044b\u043b\u0430 \u0431\u043b\u0430\u0433\u043e\u0441\u043b\u043e\u0432\u0435\u043d\u043d\u0430\u044f \u0432\u0441\u0442\u0440\u0435\u0447\u0430 \u0441\u00a0 \u0414\u043e\u0440\u0438\u0441 \u0412\u0430\u043d \u0421\u0442\u043e\u0443\u043d, \u0430\u0432\u0442\u043e\u0440\u043e\u043c \u0445\u043e\u0440\u043e\u0448\u043e \u0438\u0437\u0432\u0435\u0441\u0442\u043d\u043e\u0439 \u043a\u043d\u0438\u0433\u0438 \u201c\u0414\u043e\u0440\u0438, \u0434\u0435\u0432\u043e\u0447\u043a\u0430 \u043a\u043e\u0442\u043e\u0440\u0443\u044e \u043d\u0438\u043a\u0442\u043e \u043d\u0435 \u043b\u044e\u0431\u0438\u043b\u201d \u0438 \u0434\u0432\u0443\u0445 \u0434\u0440\u0443\u0433\u0438\u0445 \u043a\u043d\u0438\u0433 \"No Place To Cry: The Hurt and Healing of Sexual Abuse\" \u0438 \"The secrets of the heart\". \u0412 \u0432\u043e\u0437\u0440\u0430\u0441\u0442\u0435 90 \u043b\u0435\u0442 \u0441\u0435\u0441\u0442\u0440\u0430 \u0414\u043e\u0440\u0438\u0441 \u043f\u043e\u043b\u043d\u0430 \u0436\u0438\u0437\u043d\u0438,\u2026","rel":"","context":"<span class=\"jp-relatedposts-post-author\">Vasile Filat<\/span>","block_context":{"text":"\u041e\u0431\u0449\u0435\u0441\u0442\u0432\u043e","link":"https:\/\/moldovacrestina.md\/ru\/otvety-iz-biblii\/obshhestvo\/"},"img":{"alt_text":"","src":"","width":0,"height":0},"classes":[]},{"id":86577,"url":"https:\/\/moldovacrestina.md\/ru\/papirus-jena-iisysa\/","url_meta":{"origin":57887,"position":5},"title":"\u0427\u0442\u043e \u0432\u044b \u0434\u0443\u043c\u0430\u0435\u0442\u0435 \u043e \u043f\u0430\u043f\u0438\u0440\u0443\u0441\u0435, \u0432 \u043a\u043e\u0442\u043e\u0440\u043e\u043c \u0418\u0438\u0441\u0443\u0441 \u0433\u043e\u0432\u043e\u0440\u0438\u0442, \u0447\u0442\u043e \u0443 \u043d\u0435\u0433\u043e \u0435\u0441\u0442\u044c \u0436\u0435\u043d\u0430?","author":"Vasile Filat","date":"September 22, 2012","format":false,"excerpt":"\u0412\u043e\u043f\u0440\u043e\u0441: \u0427\u0442\u043e \u0432\u044b \u0434\u0443\u043c\u0430\u0435\u0442\u0435 \u043e \u043d\u0435\u0434\u0430\u0432\u043d\u0435\u043c \u043e\u0442\u043a\u0440\u044b\u0442\u0438\u0438 \u043f\u0430\u043f\u0438\u0440\u0443\u0441\u0430, \u0432 \u043a\u043e\u0442\u043e\u0440\u043e\u043c \u0418\u0438\u0441\u0443\u0441 \u0433\u043e\u0432\u043e\u0440\u0438\u0442, \u0447\u0442\u043e \u0443 \u043d\u0435\u0433\u043e \u0435\u0441\u0442\u044c \u0436\u0435\u043d\u0430? \u0412\u043e\u0442 \u0441\u0441\u044b\u043b\u043a\u0430: http:\/\/www.nytimes.com\/2012\/09\/19\/us\/historian-says-piece-of-papyrus-refers-to-jesus-wife.html?hp&pagewanted=all&_r=0 \u042f \u0432\u043d\u0438\u043c\u0430\u0442\u0435\u043b\u044c\u043d\u043e \u043f\u0440\u043e\u0447\u0438\u0442\u0430\u043b \u044d\u0442\u0443 \u043d\u043e\u0432\u043e\u0441\u0442\u044c. \u042f \u043f\u043e\u043b\u043d\u043e\u0441\u0442\u044c\u044e \u0441\u043e\u0433\u043b\u0430\u0441\u0435\u043d \u0441 \u0432\u044b\u0432\u043e\u0434\u043e\u043c \u0441\u043f\u0435\u0446\u0438\u0430\u043b\u0438\u0441\u0442\u0430 \u043f\u043e \u0438\u0441\u0442\u043e\u0440\u0438\u0438 \u0440\u0430\u043d\u043d\u0435\u0433\u043e \u0445\u0440\u0438\u0441\u0442\u0438\u0430\u043d\u0441\u0442\u0432\u0430 Karen L. King, \u043a\u043e\u0442\u043e\u0440\u0430\u044f \u043e\u0431\u043d\u0430\u0440\u0443\u0436\u0438\u043b\u0430 \u0432 \u043f\u0430\u043f\u0438\u0440\u0443\u0441\u0435 \u0432\u043e\u043f\u0440\u043e\u0441. \u00a0 \u0414\u043e\u043a\u0442\u043e\u0440\u00a0 King \u043f\u043e\u0434\u0447\u0435\u0440\u043a\u0438\u0432\u0430\u0435\u0442, \u0447\u0442\u043e \u044d\u0442\u043e\u0442 \u0444\u0440\u0430\u0433\u043c\u0435\u043d\u0442\u2026","rel":"","context":"<span class=\"jp-relatedposts-post-author\">Vasile Filat<\/span>","block_context":{"text":"\u041e\u0431\u0449\u0435\u0441\u0442\u0432\u043e","link":"https:\/\/moldovacrestina.md\/ru\/otvety-iz-biblii\/obshhestvo\/"},"img":{"alt_text":"","src":"","width":0,"height":0},"classes":[]}],"jetpack_sharing_enabled":true,"_links":{"self":[{"href":"https:\/\/moldovacrestina.md\/en\/wp-json\/wp\/v2\/posts\/57887","targetHints":{"allow":["GET"]}}],"collection":[{"href":"https:\/\/moldovacrestina.md\/en\/wp-json\/wp\/v2\/posts"}],"about":[{"href":"https:\/\/moldovacrestina.md\/en\/wp-json\/wp\/v2\/types\/post"}],"author":[{"embeddable":true,"href":"https:\/\/moldovacrestina.md\/en\/wp-json\/wp\/v2\/users\/46"}],"replies":[{"embeddable":true,"href":"https:\/\/moldovacrestina.md\/en\/wp-json\/wp\/v2\/comments?post=57887"}],"version-history":[{"count":0,"href":"https:\/\/moldovacrestina.md\/en\/wp-json\/wp\/v2\/posts\/57887\/revisions"}],"wp:featuredmedia":[{"embeddable":true,"href":"https:\/\/moldovacrestina.md\/en\/wp-json\/wp\/v2\/media\/107463"}],"wp:attachment":[{"href":"https:\/\/moldovacrestina.md\/en\/wp-json\/wp\/v2\/media?parent=57887"}],"wp:term":[{"taxonomy":"category","embeddable":true,"href":"https:\/\/moldovacrestina.md\/en\/wp-json\/wp\/v2\/categories?post=57887"},{"taxonomy":"post_tag","embeddable":true,"href":"https:\/\/moldovacrestina.md\/en\/wp-json\/wp\/v2\/tags?post=57887"}],"curies":[{"name":"wp","href":"https:\/\/api.w.org\/{rel}","templated":true}]}}