{"id":56654,"date":"2009-08-10T06:00:00","date_gmt":"2009-08-10T04:00:00","guid":{"rendered":"https:\/\/moldovacrestina.md\/cand-sora-se-casatoreste-cu-necredincios"},"modified":"2016-05-07T06:25:18","modified_gmt":"2016-05-07T04:25:18","slug":"cand-sora-se-casatoreste-cu-necredincios","status":"publish","type":"post","link":"https:\/\/moldovacrestina.md\/en\/cand-sora-se-casatoreste-cu-necredincios\/","title":{"rendered":"Cum s\u0103 convingi pe sora ta cre\u015ftin\u0103 s\u0103 nu accepte c\u0103s\u0103toria cu b\u0103rbat necredincios?"},"content":{"rendered":"<p>\u00centrebare :<\/p>\n<blockquote class=\"td_quote_box td_box_center\"><p><em>Sora mea a \u00eemplinit 22 de ani, sluje\u015fte \u00een biseric\u0103, dar prietene\u015fte cu un b\u0103iat necredincios. El parc\u0103 este un b\u0103iat bun, \u00een sens c\u0103 nu bea, nu fumeaz\u0103 \u015fi, dup\u0103 criteriile lumii acesteia, este un t\u00e2n\u0103r exemplar. Din discu\u0163ia cu sora mi-am dat seama c\u0103 ea \u00een\u0163elege c\u0103 este mai bine s\u0103 prieteneasc\u0103 cu un cre\u015ftin, dar problema este c\u0103 nu \u015ftie unde poate g\u0103si un astfel de b\u0103iat? Acum aceasta este o mare problem\u0103 \u00een multe biserici pentru c\u0103 sunt mai multe fete dar nu sunt b\u0103ie\u0163i credincio\u015fi. Multe fete se c\u0103s\u0103toresc cu b\u0103rba\u0163i necredincio\u015fi dar eu nu doresc ca sora mea s\u0103 procedeze la fel. Am discutat cu ea \u015fi parc\u0103 \u00een\u0163elege totul, dar mi-a r\u0103spuns : \u201e\u015ei c\u00e2t pot s\u0103 a\u015ftept eu p\u00e2n\u0103 m\u0103 voi c\u0103s\u0103tori ? Unde s\u0103 g\u0103sesc un b\u0103rbat credincios ?\u201d M\u0103 tem c\u0103 prietenul acesta o va cere \u00een c\u0103s\u0103torie \u015fi ea va accepta. Cum o pot convinge s\u0103 nu fac\u0103 aceasta ? <\/em><\/p><\/blockquote>\n<h2><img loading=\"lazy\" decoding=\"async\" class=\"alignnone wp-image-92972 size-large\" src=\"https:\/\/cdn.moldovacrestina.md\/2009\/08\/iStock_000016649662_Medium-1024x682.jpg\" alt=\"Cum s\u0103 convingi pe sora ta cre\u015ftin\u0103 s\u0103 nu accepte c\u0103s\u0103toria cu b\u0103rbat necredincios?\" width=\"640\" height=\"426\" \/>\u00cent\u00e2lnirile nu sunt bune<\/h2>\n<p>Este trist \u00een general c\u0103 sora Dvs. a acceptat \u00eent\u00e2lnirile, pentru c\u0103 aceasta nu este biblic \u015fi cu privire la aceasta am scris anterior \u00een articolele <a href=\"https:\/\/moldovacrestina.md\/nunta-la-baptisti\/\">\u00cent\u00e2lnirile \u015fi c\u0103s\u0103toria reu\u015fit\u0103 partea (partea I<\/a> si <a href=\"https:\/\/moldovacrestina.md\/casatorie-copii-bunicile-surori\/\">partea II<\/a>).<\/p>\n<h2>S\u0103 \u00eenve\u0163e din experien\u0163a altora<\/h2>\n<p>Este bine pentru sora Dvs. s\u0103 se uite \u015fi la felul cum \u015fi-au dus c\u0103s\u0103toria femeile care au ales s\u0103 se c\u0103s\u0103toreasc\u0103 cu necredincio\u015fi.<\/p>\n<p>Cu dou\u0103 zile \u00een urm\u0103 am discutat cu o doamn\u0103, care fiind \u00eenc\u0103 adolescent\u0103 a ales s\u0103 \u00eencheie leg\u0103m\u00e2nt cu Domnul Isus, dar cu doi ani \u00een urm\u0103, a f\u0103cut cuno\u015ftin\u0163\u0103 cu un b\u0103rbat necredincios \u015fi acceptat s\u0103 se c\u0103s\u0103toreasc\u0103 cu el. C\u00e2nd am auzit aceasta, am mers \u015fi i-am spus c\u0103 ea calc\u0103 <a href=\"https:\/\/moldovacrestina.md\/cina-domnului-sfanta-impartasanie-este-o-judecata-1-corinteni-1127-32\/\">leg\u0103m\u00e2ntul \u015fi consecin\u0163ele vor veni foarte repede \u00een via\u0163a ei<\/a>, a\u015fa cum spune Scriptura. Ea atunci mi-a spus c\u0103 va fi fericit\u0103 pentru c\u0103 mirele ei era un om bun. I-am spus c\u0103 prin c\u0103s\u0103toria cu el \u00eel va nenoroci, pentru c\u0103 consecin\u0163ele c\u0103lc\u0103rii leg\u0103m\u00e2ntului din partea ei vor afecta toat\u0103 familia lor. Acum, dup\u0103 doi ani, a venit \u015fi s-a poc\u0103it aleg\u00e2nd s\u0103-i fie credincioas\u0103 Domnului de acum \u00eenainte. Mi-a spus c\u0103 a\u015fa cum spune Scriptura, de la c\u0103s\u0103torie p\u00e2n\u0103 acum neputin\u0163a a domnit \u00een familia lor \u015fi orice n-au \u00eencercat s\u0103 fac\u0103 nu le-a mers. Mai mult, a ajuns \u015fi la <a href=\"https:\/\/moldovacrestina.md\/cina-domnului-sfanta-impartasanie-este-o-judecata-1-corinteni-1127-32\/\">a doua treapt\u0103<\/a> despre care spune Scriptura \u015fi s-a \u00eemboln\u0103vit grav dup\u0103 na\u015fterea copilului. C\u00e2nd am \u00eengenunchiat ca s\u0103-\u015fi cear\u0103 iertare de la Dumnezeu, a pl\u00e2ns mult \u015fi amar pentru alegerea gre\u015fit\u0103 pe care a f\u0103cut-o cu doi ani \u00een urm\u0103. Ne rug\u0103m acum \u015fi pentru poc\u0103in\u0163a so\u0163ului ei, dar faptul c\u0103 ea a ales s\u0103 se c\u0103s\u0103toreasc\u0103 fiind cre\u015ftin\u0103 a fost un exemplu r\u0103u \u015fi o mare piedic\u0103 \u00een calea poc\u0103in\u0163ei lui.<\/p>\n<h2>Studia\u0163i Cuv\u00e2ntul lui Dumnezeu<\/h2>\n<p>Faptul c\u0103 sunt mai multe fete care au ales s\u0103 se c\u0103s\u0103toreasc\u0103 cu b\u0103rba\u0163i necredincio\u015fi arat\u0103 c\u0103 ceva nu a fost comunicat p\u00e2n\u0103 la urm\u0103 \u00een biseric\u0103, sau n-a fost comunicat suficient. Eu a\u015f \u00eendemna p\u0103storii din aceste biserici s\u0103 fac\u0103 un ciclu de predici \u00een care s\u0103 abordeze pe larg \u015fi profund aceast\u0103 problem\u0103 p\u00e2n\u0103 vor fi siguri c\u0103 fetele \u00een\u0163eleg c\u00e2t de grav\u0103 este alegerea s\u0103 se c\u0103s\u0103toreasc\u0103 cu b\u0103rba\u0163i necredincio\u015fi.<\/p>\n<p>De asemenea, v\u0103 sf\u0103tuiesc s\u0103 face\u0163i cu toat\u0103 biserica cursul de studiu biblic <a href=\"https:\/\/doinitabejenaru.wordpress.com\/2009\/02\/20\/casatorie-fara-regrete\/\">C\u0103s\u0103torie f\u0103r\u0103 Regrete<\/a> care va arunca mult\u0103 lumin\u0103 asupra acestei \u015fi altor aspecte ale vie\u0163ii de c\u0103s\u0103torie \u015fi astfel s\u0103 fie protejate \u015fi fetele \u015fi b\u0103ie\u0163ii de la alegeri gre\u015fite. Dac\u0103 n-a\u0163i studiat \u00eenc\u0103 acest curs, v\u0103 sf\u0103tuiesc s\u0103 o face\u0163i c\u00e2t mai cur\u00e2nd.<\/p>\n<h2>Biserica trebuie s\u0103 aplice disciplina<\/h2>\n<p>Femeile care au ales s\u0103 se c\u0103s\u0103toreasc\u0103 cu b\u0103rba\u0163i necredincio\u015fi <a href=\"https:\/\/moldovacrestina.md\/a-da-pe-mana-satanei-explicatie\/\">trebuie s\u0103 fie date afar\u0103 din biseric\u0103<\/a>, a\u015fa cum spune Scriptura, pentru c\u0103 au \u00eenc\u0103lcat leg\u0103m\u00e2ntul sf\u00e2nt pe care l-au \u00eencheiat cu Domnul Isus. Presupun c\u0103 disciplina aceasta se aplic\u0103 \u00een biserica Dvs., dar \u00een caz c\u0103 nu, trebuie insistat la aplicarea ei ca toate celelalte fete s\u0103 vad\u0103 \u015fi s\u0103 se team\u0103 s\u0103 fac\u0103 o astfel de alegere rea.<\/p>\n<h2>Nu \u00eenceta\u0163i s\u0103-i vorbi\u0163i sorei<\/h2>\n<p>Chiar dac\u0103 sora Dvs. nu vrea acum s\u0103 asculte, nu \u00eenceta\u0163i s\u0103-i vorbi\u0163i. C\u00e2t timp \u00eenc\u0103 n-a luat aceast\u0103 hot\u0103r\u00e2re, nu \u00eenceta\u0163i s\u0103-i vorbi\u0163i. Dac\u0103 nu vrea s\u0103 asculte, poate aranja\u0163i cumva s\u0103 vad\u0103 \u015fi s\u0103 asculte m\u0103rturia femeilor care au f\u0103cut aceast\u0103 alegere \u015fi acum suport\u0103 consecin\u0163ele.<\/p>\n<p>Pe acest portal au fost publicate mai multe articole la acest subiect. Poate s\u0103 le c\u0103uta\u0163i, s\u0103 le tip\u0103ri\u0163i pe toate \u015fi s\u0103 le da\u0163i sorei Dvs. s\u0103 citeasc\u0103 ca astfel s\u0103 realizeze c\u00e2t de grave vor fi urm\u0103rile acestei alegeri.<\/p>\n","protected":false},"excerpt":{"rendered":"<p>\u00centrebare : Sora mea a \u00eemplinit 22 de ani, sluje\u015fte \u00een biseric\u0103, dar prietene\u015fte cu un b\u0103iat necredincios. El parc\u0103 este un b\u0103iat bun, \u00een sens c\u0103 nu bea, nu fumeaz\u0103 \u015fi, dup\u0103 criteriile lumii acesteia, este un t\u00e2n\u0103r exemplar. Din discu\u0163ia cu sora mi-am dat seama c\u0103 ea \u00een\u0163elege c\u0103 este mai bine s\u0103 [&hellip;]<\/p>\n","protected":false},"author":46,"featured_media":92972,"comment_status":"closed","ping_status":"closed","sticky":false,"template":"","format":"standard","meta":{"_acf_changed":false,"inline_featured_image":false,"_monsterinsights_skip_tracking":false,"_monsterinsights_sitenote_active":false,"_monsterinsights_sitenote_note":"","_monsterinsights_sitenote_category":0,"_genesis_hide_title":false,"_genesis_hide_breadcrumbs":false,"_genesis_hide_singular_image":false,"_genesis_hide_footer_widgets":false,"_genesis_custom_body_class":"","_genesis_custom_post_class":"","_genesis_layout":"","ep_exclude_from_search":false,"_jetpack_memberships_contains_paid_content":false,"footnotes":""},"categories":[],"tags":[3516,4024,4025,7814,8150,8763,9329,10073],"class_list":{"0":"post-56654","1":"post","2":"type-post","3":"status-publish","4":"format-standard","5":"has-post-thumbnail","7":"tag-casatorie-cu-necredincios","8":"tag-calcarea-legamantului","9":"tag-casatorie-credincios-necredincios","10":"tag-casatorie","11":"tag-biserica","12":"tag-cina-domnului","13":"tag-casatorie-crestina","14":"tag-casatorie-cu-pagan","15":"entry"},"acf":[],"yoast_head":"<!-- This site is optimized with the Yoast SEO Premium plugin v26.5 (Yoast SEO v27.4) - https:\/\/yoast.com\/product\/yoast-seo-premium-wordpress\/ -->\n<title>Cum s\u0103 convingi o cre\u015ftin\u0103 s\u0103 nu se c\u0103s\u0103toreasc\u0103 cu un necre\u0219tin?<\/title>\n<meta name=\"description\" content=\"Cum s\u0103 faci ca o fat\u0103 cre\u0219tin\u0103 \u00eendr\u0103gostit\u0103 \u00een b\u0103iat necre\u0219tin\u0103 s\u0103 con\u0219tientizeze gravitatea \u0219i s\u0103 nu accepte c\u0103s\u0103toria cu acesta? Vezi c\u00eeteva sfaturi aici.\" \/>\n<meta name=\"robots\" content=\"index, follow, max-snippet:-1, max-image-preview:large, max-video-preview:-1\" \/>\n<link rel=\"canonical\" href=\"https:\/\/moldovacrestina.md\/en\/cand-sora-se-casatoreste-cu-necredincios\/\" \/>\n<meta property=\"og:locale\" content=\"en_US\" \/>\n<meta property=\"og:type\" content=\"article\" \/>\n<meta property=\"og:title\" content=\"Cum s\u0103 convingi pe sora ta cre\u015ftin\u0103 s\u0103 nu accepte c\u0103s\u0103toria cu b\u0103rbat necredincios?\" \/>\n<meta property=\"og:description\" content=\"Cum s\u0103 faci ca o fat\u0103 cre\u0219tin\u0103 \u00eendr\u0103gostit\u0103 \u00een b\u0103iat necre\u0219tin\u0103 s\u0103 con\u0219tientizeze gravitatea \u0219i s\u0103 nu accepte c\u0103s\u0103toria cu acesta? Vezi c\u00eeteva sfaturi aici.\" \/>\n<meta property=\"og:url\" content=\"https:\/\/moldovacrestina.md\/en\/cand-sora-se-casatoreste-cu-necredincios\/\" \/>\n<meta property=\"og:site_name\" content=\"Moldova Cre\u0219tin\u0103\" \/>\n<meta property=\"article:publisher\" content=\"https:\/\/www.facebook.com\/moldovacrestina\/\" \/>\n<meta property=\"article:published_time\" content=\"2009-08-10T04:00:00+00:00\" \/>\n<meta property=\"article:modified_time\" content=\"2016-05-07T04:25:18+00:00\" \/>\n<meta property=\"og:image\" content=\"https:\/\/cdn.moldovacrestina.md\/2009\/08\/iStock_000016649662_Medium.jpg\" \/>\n\t<meta property=\"og:image:width\" content=\"1537\" \/>\n\t<meta property=\"og:image:height\" content=\"1024\" \/>\n\t<meta property=\"og:image:type\" content=\"image\/jpeg\" \/>\n<meta name=\"author\" content=\"Vasile Filat\" \/>\n<meta name=\"twitter:card\" content=\"summary_large_image\" \/>\n<meta name=\"twitter:creator\" content=\"@moldovacrestina\" \/>\n<meta name=\"twitter:site\" content=\"@moldovacrestina\" \/>\n<meta name=\"twitter:label1\" content=\"Written by\" \/>\n\t<meta name=\"twitter:data1\" content=\"Vasile Filat\" \/>\n\t<meta name=\"twitter:label2\" content=\"Est. reading time\" \/>\n\t<meta name=\"twitter:data2\" content=\"5 minutes\" \/>\n<script type=\"application\/ld+json\" class=\"yoast-schema-graph\">{\"@context\":\"https:\\\/\\\/schema.org\",\"@graph\":[{\"@type\":\"Article\",\"@id\":\"https:\\\/\\\/moldovacrestina.md\\\/en\\\/cand-sora-se-casatoreste-cu-necredincios\\\/#article\",\"isPartOf\":{\"@id\":\"https:\\\/\\\/moldovacrestina.md\\\/en\\\/cand-sora-se-casatoreste-cu-necredincios\\\/\"},\"author\":{\"name\":\"Vasile Filat\",\"@id\":\"https:\\\/\\\/moldovacrestina.md\\\/en\\\/#\\\/schema\\\/person\\\/04b204bbb582cc832c3d2424f5d27dc0\"},\"headline\":\"Cum s\u0103 convingi pe sora ta cre\u015ftin\u0103 s\u0103 nu accepte c\u0103s\u0103toria cu b\u0103rbat necredincios?\",\"datePublished\":\"2009-08-10T04:00:00+00:00\",\"dateModified\":\"2016-05-07T04:25:18+00:00\",\"mainEntityOfPage\":{\"@id\":\"https:\\\/\\\/moldovacrestina.md\\\/en\\\/cand-sora-se-casatoreste-cu-necredincios\\\/\"},\"wordCount\":932,\"image\":{\"@id\":\"https:\\\/\\\/moldovacrestina.md\\\/en\\\/cand-sora-se-casatoreste-cu-necredincios\\\/#primaryimage\"},\"thumbnailUrl\":\"https:\\\/\\\/moldovacrestina.md\\\/wp-content\\\/uploads\\\/2009\\\/08\\\/iStock_000016649662_Medium.jpg\",\"keywords\":[\"casatorie cu necredincios\",\"calcarea legamantului\",\"casatorie credincios-necredincios\",\"C\u0103s\u0103torie\",\"Biseric\u0103\",\"cina Domnului\",\"c\u0103s\u0103torie crestin\u0103\",\"casatorie cu pagan\"],\"inLanguage\":\"en-US\"},{\"@type\":\"WebPage\",\"@id\":\"https:\\\/\\\/moldovacrestina.md\\\/en\\\/cand-sora-se-casatoreste-cu-necredincios\\\/\",\"url\":\"https:\\\/\\\/moldovacrestina.md\\\/en\\\/cand-sora-se-casatoreste-cu-necredincios\\\/\",\"name\":\"Cum s\u0103 convingi o cre\u015ftin\u0103 s\u0103 nu se c\u0103s\u0103toreasc\u0103 cu un necre\u0219tin?\",\"isPartOf\":{\"@id\":\"https:\\\/\\\/moldovacrestina.md\\\/en\\\/#website\"},\"primaryImageOfPage\":{\"@id\":\"https:\\\/\\\/moldovacrestina.md\\\/en\\\/cand-sora-se-casatoreste-cu-necredincios\\\/#primaryimage\"},\"image\":{\"@id\":\"https:\\\/\\\/moldovacrestina.md\\\/en\\\/cand-sora-se-casatoreste-cu-necredincios\\\/#primaryimage\"},\"thumbnailUrl\":\"https:\\\/\\\/moldovacrestina.md\\\/wp-content\\\/uploads\\\/2009\\\/08\\\/iStock_000016649662_Medium.jpg\",\"datePublished\":\"2009-08-10T04:00:00+00:00\",\"dateModified\":\"2016-05-07T04:25:18+00:00\",\"author\":{\"@id\":\"https:\\\/\\\/moldovacrestina.md\\\/en\\\/#\\\/schema\\\/person\\\/04b204bbb582cc832c3d2424f5d27dc0\"},\"description\":\"Cum s\u0103 faci ca o fat\u0103 cre\u0219tin\u0103 \u00eendr\u0103gostit\u0103 \u00een b\u0103iat necre\u0219tin\u0103 s\u0103 con\u0219tientizeze gravitatea \u0219i s\u0103 nu accepte c\u0103s\u0103toria cu acesta? Vezi c\u00eeteva sfaturi aici.\",\"breadcrumb\":{\"@id\":\"https:\\\/\\\/moldovacrestina.md\\\/en\\\/cand-sora-se-casatoreste-cu-necredincios\\\/#breadcrumb\"},\"inLanguage\":\"en-US\",\"potentialAction\":[{\"@type\":\"ReadAction\",\"target\":[\"https:\\\/\\\/moldovacrestina.md\\\/en\\\/cand-sora-se-casatoreste-cu-necredincios\\\/\"]}]},{\"@type\":\"ImageObject\",\"inLanguage\":\"en-US\",\"@id\":\"https:\\\/\\\/moldovacrestina.md\\\/en\\\/cand-sora-se-casatoreste-cu-necredincios\\\/#primaryimage\",\"url\":\"https:\\\/\\\/moldovacrestina.md\\\/wp-content\\\/uploads\\\/2009\\\/08\\\/iStock_000016649662_Medium.jpg\",\"contentUrl\":\"https:\\\/\\\/moldovacrestina.md\\\/wp-content\\\/uploads\\\/2009\\\/08\\\/iStock_000016649662_Medium.jpg\",\"width\":1537,\"height\":1024},{\"@type\":\"BreadcrumbList\",\"@id\":\"https:\\\/\\\/moldovacrestina.md\\\/en\\\/cand-sora-se-casatoreste-cu-necredincios\\\/#breadcrumb\",\"itemListElement\":[{\"@type\":\"ListItem\",\"position\":1,\"name\":\"Prima pagin\u0103\",\"item\":\"https:\\\/\\\/moldovacrestina.md\\\/en\\\/\"},{\"@type\":\"ListItem\",\"position\":2,\"name\":\"Cum s\u0103 convingi pe sora ta cre\u015ftin\u0103 s\u0103 nu accepte c\u0103s\u0103toria cu b\u0103rbat necredincios?\"}]},{\"@type\":\"WebSite\",\"@id\":\"https:\\\/\\\/moldovacrestina.md\\\/en\\\/#website\",\"url\":\"https:\\\/\\\/moldovacrestina.md\\\/en\\\/\",\"name\":\"Moldova Cre\u0219tin\u0103\",\"description\":\"R\u0103spunsuri relevante \u0219i actuale din Biblie\",\"potentialAction\":[{\"@type\":\"SearchAction\",\"target\":{\"@type\":\"EntryPoint\",\"urlTemplate\":\"https:\\\/\\\/moldovacrestina.md\\\/en\\\/?s={search_term_string}\"},\"query-input\":{\"@type\":\"PropertyValueSpecification\",\"valueRequired\":true,\"valueName\":\"search_term_string\"}}],\"inLanguage\":\"en-US\"},{\"@type\":\"Person\",\"@id\":\"https:\\\/\\\/moldovacrestina.md\\\/en\\\/#\\\/schema\\\/person\\\/04b204bbb582cc832c3d2424f5d27dc0\",\"name\":\"Vasile Filat\",\"image\":{\"@type\":\"ImageObject\",\"inLanguage\":\"en-US\",\"@id\":\"https:\\\/\\\/secure.gravatar.com\\\/avatar\\\/2e02d082d139dd6eb634318c9cf2c3a8281db62f24f87a134adb4f2020e77ab3?s=96&d=mm&r=g\",\"url\":\"https:\\\/\\\/secure.gravatar.com\\\/avatar\\\/2e02d082d139dd6eb634318c9cf2c3a8281db62f24f87a134adb4f2020e77ab3?s=96&d=mm&r=g\",\"contentUrl\":\"https:\\\/\\\/secure.gravatar.com\\\/avatar\\\/2e02d082d139dd6eb634318c9cf2c3a8281db62f24f87a134adb4f2020e77ab3?s=96&d=mm&r=g\",\"caption\":\"Vasile Filat\"},\"description\":\"P\u0103storesc\u00a0Biserica Bunavestire din Chi\u0219in\u0103u, predau Cuv\u00e2ntul lui Dumnezeu la\u00a0Institutul de Studiu Biblic Inductiv din Eurasia\u00a0\u0219i conduc\u00a0Asocia\u021bia \\\"\u00cenv\u0103\u021b\u0103tur\u0103 din Cuv\u00e2nt - Precept Ministries\\\" din Moldova. \u00cempreun\u0103 cu so\u021bia mea\u00a0Anastasia, avem trei copii. Din Aprilie 2007 am oferit r\u0103spunsuri din Biblie pe acest site la \u00eentreb\u0103ri adresate de cititori. Mai mult despre mine citi\u021bi\u00a0aici.\",\"url\":\"https:\\\/\\\/moldovacrestina.md\\\/en\\\/author\\\/vasile-filat\\\/\"}]}<\/script>\n<!-- \/ Yoast SEO Premium plugin. -->","yoast_head_json":{"title":"Cum s\u0103 convingi o cre\u015ftin\u0103 s\u0103 nu se c\u0103s\u0103toreasc\u0103 cu un necre\u0219tin?","description":"Cum s\u0103 faci ca o fat\u0103 cre\u0219tin\u0103 \u00eendr\u0103gostit\u0103 \u00een b\u0103iat necre\u0219tin\u0103 s\u0103 con\u0219tientizeze gravitatea \u0219i s\u0103 nu accepte c\u0103s\u0103toria cu acesta? Vezi c\u00eeteva sfaturi aici.","robots":{"index":"index","follow":"follow","max-snippet":"max-snippet:-1","max-image-preview":"max-image-preview:large","max-video-preview":"max-video-preview:-1"},"canonical":"https:\/\/moldovacrestina.md\/en\/cand-sora-se-casatoreste-cu-necredincios\/","og_locale":"en_US","og_type":"article","og_title":"Cum s\u0103 convingi pe sora ta cre\u015ftin\u0103 s\u0103 nu accepte c\u0103s\u0103toria cu b\u0103rbat necredincios?","og_description":"Cum s\u0103 faci ca o fat\u0103 cre\u0219tin\u0103 \u00eendr\u0103gostit\u0103 \u00een b\u0103iat necre\u0219tin\u0103 s\u0103 con\u0219tientizeze gravitatea \u0219i s\u0103 nu accepte c\u0103s\u0103toria cu acesta? Vezi c\u00eeteva sfaturi aici.","og_url":"https:\/\/moldovacrestina.md\/en\/cand-sora-se-casatoreste-cu-necredincios\/","og_site_name":"Moldova Cre\u0219tin\u0103","article_publisher":"https:\/\/www.facebook.com\/moldovacrestina\/","article_published_time":"2009-08-10T04:00:00+00:00","article_modified_time":"2016-05-07T04:25:18+00:00","og_image":[{"width":1537,"height":1024,"url":"https:\/\/cdn.moldovacrestina.md\/2009\/08\/iStock_000016649662_Medium.jpg","type":"image\/jpeg"}],"author":"Vasile Filat","twitter_card":"summary_large_image","twitter_creator":"@moldovacrestina","twitter_site":"@moldovacrestina","twitter_misc":{"Written by":"Vasile Filat","Est. reading time":"5 minutes"},"schema":{"@context":"https:\/\/schema.org","@graph":[{"@type":"Article","@id":"https:\/\/moldovacrestina.md\/en\/cand-sora-se-casatoreste-cu-necredincios\/#article","isPartOf":{"@id":"https:\/\/moldovacrestina.md\/en\/cand-sora-se-casatoreste-cu-necredincios\/"},"author":{"name":"Vasile Filat","@id":"https:\/\/moldovacrestina.md\/en\/#\/schema\/person\/04b204bbb582cc832c3d2424f5d27dc0"},"headline":"Cum s\u0103 convingi pe sora ta cre\u015ftin\u0103 s\u0103 nu accepte c\u0103s\u0103toria cu b\u0103rbat necredincios?","datePublished":"2009-08-10T04:00:00+00:00","dateModified":"2016-05-07T04:25:18+00:00","mainEntityOfPage":{"@id":"https:\/\/moldovacrestina.md\/en\/cand-sora-se-casatoreste-cu-necredincios\/"},"wordCount":932,"image":{"@id":"https:\/\/moldovacrestina.md\/en\/cand-sora-se-casatoreste-cu-necredincios\/#primaryimage"},"thumbnailUrl":"https:\/\/moldovacrestina.md\/wp-content\/uploads\/2009\/08\/iStock_000016649662_Medium.jpg","keywords":["casatorie cu necredincios","calcarea legamantului","casatorie credincios-necredincios","C\u0103s\u0103torie","Biseric\u0103","cina Domnului","c\u0103s\u0103torie crestin\u0103","casatorie cu pagan"],"inLanguage":"en-US"},{"@type":"WebPage","@id":"https:\/\/moldovacrestina.md\/en\/cand-sora-se-casatoreste-cu-necredincios\/","url":"https:\/\/moldovacrestina.md\/en\/cand-sora-se-casatoreste-cu-necredincios\/","name":"Cum s\u0103 convingi o cre\u015ftin\u0103 s\u0103 nu se c\u0103s\u0103toreasc\u0103 cu un necre\u0219tin?","isPartOf":{"@id":"https:\/\/moldovacrestina.md\/en\/#website"},"primaryImageOfPage":{"@id":"https:\/\/moldovacrestina.md\/en\/cand-sora-se-casatoreste-cu-necredincios\/#primaryimage"},"image":{"@id":"https:\/\/moldovacrestina.md\/en\/cand-sora-se-casatoreste-cu-necredincios\/#primaryimage"},"thumbnailUrl":"https:\/\/moldovacrestina.md\/wp-content\/uploads\/2009\/08\/iStock_000016649662_Medium.jpg","datePublished":"2009-08-10T04:00:00+00:00","dateModified":"2016-05-07T04:25:18+00:00","author":{"@id":"https:\/\/moldovacrestina.md\/en\/#\/schema\/person\/04b204bbb582cc832c3d2424f5d27dc0"},"description":"Cum s\u0103 faci ca o fat\u0103 cre\u0219tin\u0103 \u00eendr\u0103gostit\u0103 \u00een b\u0103iat necre\u0219tin\u0103 s\u0103 con\u0219tientizeze gravitatea \u0219i s\u0103 nu accepte c\u0103s\u0103toria cu acesta? Vezi c\u00eeteva sfaturi aici.","breadcrumb":{"@id":"https:\/\/moldovacrestina.md\/en\/cand-sora-se-casatoreste-cu-necredincios\/#breadcrumb"},"inLanguage":"en-US","potentialAction":[{"@type":"ReadAction","target":["https:\/\/moldovacrestina.md\/en\/cand-sora-se-casatoreste-cu-necredincios\/"]}]},{"@type":"ImageObject","inLanguage":"en-US","@id":"https:\/\/moldovacrestina.md\/en\/cand-sora-se-casatoreste-cu-necredincios\/#primaryimage","url":"https:\/\/moldovacrestina.md\/wp-content\/uploads\/2009\/08\/iStock_000016649662_Medium.jpg","contentUrl":"https:\/\/moldovacrestina.md\/wp-content\/uploads\/2009\/08\/iStock_000016649662_Medium.jpg","width":1537,"height":1024},{"@type":"BreadcrumbList","@id":"https:\/\/moldovacrestina.md\/en\/cand-sora-se-casatoreste-cu-necredincios\/#breadcrumb","itemListElement":[{"@type":"ListItem","position":1,"name":"Prima pagin\u0103","item":"https:\/\/moldovacrestina.md\/en\/"},{"@type":"ListItem","position":2,"name":"Cum s\u0103 convingi pe sora ta cre\u015ftin\u0103 s\u0103 nu accepte c\u0103s\u0103toria cu b\u0103rbat necredincios?"}]},{"@type":"WebSite","@id":"https:\/\/moldovacrestina.md\/en\/#website","url":"https:\/\/moldovacrestina.md\/en\/","name":"Moldova Cre\u0219tin\u0103","description":"R\u0103spunsuri relevante \u0219i actuale din Biblie","potentialAction":[{"@type":"SearchAction","target":{"@type":"EntryPoint","urlTemplate":"https:\/\/moldovacrestina.md\/en\/?s={search_term_string}"},"query-input":{"@type":"PropertyValueSpecification","valueRequired":true,"valueName":"search_term_string"}}],"inLanguage":"en-US"},{"@type":"Person","@id":"https:\/\/moldovacrestina.md\/en\/#\/schema\/person\/04b204bbb582cc832c3d2424f5d27dc0","name":"Vasile Filat","image":{"@type":"ImageObject","inLanguage":"en-US","@id":"https:\/\/secure.gravatar.com\/avatar\/2e02d082d139dd6eb634318c9cf2c3a8281db62f24f87a134adb4f2020e77ab3?s=96&d=mm&r=g","url":"https:\/\/secure.gravatar.com\/avatar\/2e02d082d139dd6eb634318c9cf2c3a8281db62f24f87a134adb4f2020e77ab3?s=96&d=mm&r=g","contentUrl":"https:\/\/secure.gravatar.com\/avatar\/2e02d082d139dd6eb634318c9cf2c3a8281db62f24f87a134adb4f2020e77ab3?s=96&d=mm&r=g","caption":"Vasile Filat"},"description":"P\u0103storesc\u00a0Biserica Bunavestire din Chi\u0219in\u0103u, predau Cuv\u00e2ntul lui Dumnezeu la\u00a0Institutul de Studiu Biblic Inductiv din Eurasia\u00a0\u0219i conduc\u00a0Asocia\u021bia \"\u00cenv\u0103\u021b\u0103tur\u0103 din Cuv\u00e2nt - Precept Ministries\" din Moldova. \u00cempreun\u0103 cu so\u021bia mea\u00a0Anastasia, avem trei copii. Din Aprilie 2007 am oferit r\u0103spunsuri din Biblie pe acest site la \u00eentreb\u0103ri adresate de cititori. Mai mult despre mine citi\u021bi\u00a0aici.","url":"https:\/\/moldovacrestina.md\/en\/author\/vasile-filat\/"}]}},"jetpack_featured_media_url":"https:\/\/moldovacrestina.md\/wp-content\/uploads\/2009\/08\/iStock_000016649662_Medium.jpg","video_meta":false,"featured_image":"https:\/\/moldovacrestina.md\/wp-content\/uploads\/2009\/08\/iStock_000016649662_Medium.jpg","wpml":{"language_code":"en","locale":"en_US","text_direction":false,"display_name":"English","native_name":"Englez\u0103","different_language":false},"jetpack-related-posts":[{"id":363755,"url":"https:\/\/moldovacrestina.md\/este-pacat-divortul-daca-ambii-soti-il-doresc-pastor-vasile-filat\/","url_meta":{"origin":56654,"position":0},"title":"Este p\u0103cat divor\u021bul dac\u0103 ambii so\u021bi \u00eel doresc? | Pastor Vasile Filat","author":"Moldova Cre\u0219tin\u0103","date":"October 12, 2025","format":false,"excerpt":"Mul\u021bi oameni cred c\u0103 dac\u0103 ambii so\u021bi sunt de acord cu desp\u0103r\u021birea, divor\u021bul nu mai este p\u0103cat. Dar ce spune Biblia? \u00cen acest video, pastorul Vasile Filat explic\u0103, pe baza textelor din Matei 19, Maleahi 2 \u0219i Evrei 13:4, c\u0103 Dumnezeu a instituit c\u0103s\u0103toria \u0219i El singur are autoritatea de\u2026","rel":"","context":"<span class=\"jp-relatedposts-post-author\">Moldova Cre\u0219tin\u0103<\/span>","block_context":{"text":"MCTV","link":"https:\/\/moldovacrestina.md\/mctv\/"},"img":{"alt_text":"","src":"https:\/\/i0.wp.com\/cdn.moldovacrestina.md\/2025\/10\/fa6abd08-qnfeu_9zdi4.jpg?resize=350%2C200&ssl=1","width":350,"height":200,"srcset":"https:\/\/i0.wp.com\/cdn.moldovacrestina.md\/2025\/10\/fa6abd08-qnfeu_9zdi4.jpg?resize=350%2C200&ssl=1 1x, https:\/\/i0.wp.com\/cdn.moldovacrestina.md\/2025\/10\/fa6abd08-qnfeu_9zdi4.jpg?resize=525%2C300&ssl=1 1.5x, https:\/\/i0.wp.com\/cdn.moldovacrestina.md\/2025\/10\/fa6abd08-qnfeu_9zdi4.jpg?resize=700%2C400&ssl=1 2x, https:\/\/i0.wp.com\/cdn.moldovacrestina.md\/2025\/10\/fa6abd08-qnfeu_9zdi4.jpg?resize=1050%2C600&ssl=1 3x"},"classes":[]},{"id":363999,"url":"https:\/\/moldovacrestina.md\/ar-mai-exista-pastori-daca-nimeni-nu-ar-mai-dona-bani-pastor-vasile-filat\/","url_meta":{"origin":56654,"position":1},"title":"Ar mai exista pastori dac\u0103 nimeni nu ar mai dona bani? | Pastor Vasile Filat","author":"Moldova Cre\u0219tin\u0103","date":"November 11, 2025","format":false,"excerpt":"Mul\u021bi cred c\u0103 pastorii \u0219i preo\u021bii slujesc doar pentru bani. \u00centrebarea este: \u201eOare ar mai exista pastori sau preo\u021bi dac\u0103 nimeni nu ar dona nici un ban?\u201d \u00cen acest video vei afla: - ce spune Biblia despre sus\u021binerea material\u0103 a celor care predic\u0103, - de ce Dumnezeu a r\u00e2nduit ca\u2026","rel":"","context":"<span class=\"jp-relatedposts-post-author\">Moldova Cre\u0219tin\u0103<\/span>","block_context":{"text":"MCTV","link":"https:\/\/moldovacrestina.md\/mctv\/"},"img":{"alt_text":"","src":"https:\/\/i0.wp.com\/cdn.moldovacrestina.md\/2025\/11\/56bdfef1-ktvxu5hzxbu.jpg?resize=350%2C200&ssl=1","width":350,"height":200,"srcset":"https:\/\/i0.wp.com\/cdn.moldovacrestina.md\/2025\/11\/56bdfef1-ktvxu5hzxbu.jpg?resize=350%2C200&ssl=1 1x, https:\/\/i0.wp.com\/cdn.moldovacrestina.md\/2025\/11\/56bdfef1-ktvxu5hzxbu.jpg?resize=525%2C300&ssl=1 1.5x, https:\/\/i0.wp.com\/cdn.moldovacrestina.md\/2025\/11\/56bdfef1-ktvxu5hzxbu.jpg?resize=700%2C400&ssl=1 2x, https:\/\/i0.wp.com\/cdn.moldovacrestina.md\/2025\/11\/56bdfef1-ktvxu5hzxbu.jpg?resize=1050%2C600&ssl=1 3x"},"classes":[]},{"id":363310,"url":"https:\/\/moldovacrestina.md\/nici-la-moartea-parintilor-nu-va-oferi-mancare-cuiva\/","url_meta":{"origin":56654,"position":2},"title":"Nici la moartea p\u0103rin\u021bilor nu va oferi m\u00e2ncare cuiva\u2026","author":"Moldova Cre\u0219tin\u0103","date":"July 25, 2025","format":false,"excerpt":"\u00ceNTREBARE: Pace, frate! Am \u0219i eu o nedumerire. M\u0103 contraziceam cu tata: \u00een caz de o \u00eenmorm\u00e2ntare, eu am zis c\u0103 nu a\u0219 da nici m\u0103car pr\u0103jituri \u0219i nici suc. Am zis doar ap\u0103, ca s\u0103 nu \u00eei fie cuiva sete. Tata mi-a zis s\u0103 vorbesc cu un predicator poc\u0103it\u2026","rel":"","context":"<span class=\"jp-relatedposts-post-author\">Moldova Cre\u0219tin\u0103<\/span>","block_context":{"text":"MCTV","link":"https:\/\/moldovacrestina.md\/mctv\/"},"img":{"alt_text":"","src":"https:\/\/i0.wp.com\/cdn.moldovacrestina.md\/2025\/07\/ba7ab153-h1zvfmsmux8.jpg?resize=350%2C200&ssl=1","width":350,"height":200,"srcset":"https:\/\/i0.wp.com\/cdn.moldovacrestina.md\/2025\/07\/ba7ab153-h1zvfmsmux8.jpg?resize=350%2C200&ssl=1 1x, https:\/\/i0.wp.com\/cdn.moldovacrestina.md\/2025\/07\/ba7ab153-h1zvfmsmux8.jpg?resize=525%2C300&ssl=1 1.5x, https:\/\/i0.wp.com\/cdn.moldovacrestina.md\/2025\/07\/ba7ab153-h1zvfmsmux8.jpg?resize=700%2C400&ssl=1 2x, https:\/\/i0.wp.com\/cdn.moldovacrestina.md\/2025\/07\/ba7ab153-h1zvfmsmux8.jpg?resize=1050%2C600&ssl=1 3x"},"classes":[]},{"id":361261,"url":"https:\/\/moldovacrestina.md\/probleme-necazuri-si-ciori-care-se-tin-dupa-tine-vasile-filat\/","url_meta":{"origin":56654,"position":3},"title":"Probleme, necazuri \u0219i ciori care se \u021bin dup\u0103 tine\u2026 &#8211; Vasile Filat","author":"Vasile Filat","date":"November 1, 2024","format":false,"excerpt":"\u00ceNTREBAREA: P\u0103rinte, de mul\u021bi ani m\u0103 confrunt numai cu necazuri \u0219i probleme. Nu doar asta, dar \u00een fiecare zi sunt \u0219i ciori care se \u021bin dup\u0103 mine \u0219i simt c\u0103 nimic nu m\u0103 mai mul\u021bume\u0219te. Vreau s\u0103 \u0219tiu care ar fi problema? Simt c\u0103 nu mai pot. Mul\u021bumesc din suflet.\u2026","rel":"","context":"<span class=\"jp-relatedposts-post-author\">Vasile Filat<\/span>","block_context":{"text":"Doctrine","link":"https:\/\/moldovacrestina.md\/doctrine\/"},"img":{"alt_text":"","src":"https:\/\/i0.wp.com\/cdn.moldovacrestina.md\/2024\/11\/56a16de6-screenshot-2024-11-01-at-09.20.42.png?resize=350%2C200&ssl=1","width":350,"height":200,"srcset":"https:\/\/i0.wp.com\/cdn.moldovacrestina.md\/2024\/11\/56a16de6-screenshot-2024-11-01-at-09.20.42.png?resize=350%2C200&ssl=1 1x, https:\/\/i0.wp.com\/cdn.moldovacrestina.md\/2024\/11\/56a16de6-screenshot-2024-11-01-at-09.20.42.png?resize=525%2C300&ssl=1 1.5x, https:\/\/i0.wp.com\/cdn.moldovacrestina.md\/2024\/11\/56a16de6-screenshot-2024-11-01-at-09.20.42.png?resize=700%2C400&ssl=1 2x, https:\/\/i0.wp.com\/cdn.moldovacrestina.md\/2024\/11\/56a16de6-screenshot-2024-11-01-at-09.20.42.png?resize=1050%2C600&ssl=1 3x, https:\/\/i0.wp.com\/cdn.moldovacrestina.md\/2024\/11\/56a16de6-screenshot-2024-11-01-at-09.20.42.png?resize=1400%2C800&ssl=1 4x"},"classes":[]},{"id":363262,"url":"https:\/\/moldovacrestina.md\/cum-sa-te-porti-cu-cei-care-cer-iertare-dar-nu-se-indreapta\/","url_meta":{"origin":56654,"position":4},"title":"Cum s\u0103 te por\u021bi cu cei care cer iertare dar nu se \u00eendreapt\u0103?","author":"Moldova Cre\u0219tin\u0103","date":"July 21, 2025","format":false,"excerpt":"Cum s\u0103 tratezi situa\u021bia c\u00e2nd cineva cere iertare dar nu \u00ee\u0219i schimb\u0103 comportamentul? Pastorul Vasile Filat r\u0103spunde unei \u00eentreb\u0103ri venite din partea unor fra\u021bi aflate \u00eentr-o situa\u021bie dificil\u0103, \u00een care mai mul\u021bi fra\u021bi au cerut iertare, dar nu au \u00eendreptat lucrurile \u0219i \u00ee\u0219i continu\u0103 planurile neschimbate. Este aceasta o iertare\u2026","rel":"","context":"<span class=\"jp-relatedposts-post-author\">Moldova Cre\u0219tin\u0103<\/span>","block_context":{"text":"MCTV","link":"https:\/\/moldovacrestina.md\/mctv\/"},"img":{"alt_text":"","src":"https:\/\/i0.wp.com\/cdn.moldovacrestina.md\/2025\/07\/b60ada38-tvwt8ywsin8.jpg?resize=350%2C200&ssl=1","width":350,"height":200,"srcset":"https:\/\/i0.wp.com\/cdn.moldovacrestina.md\/2025\/07\/b60ada38-tvwt8ywsin8.jpg?resize=350%2C200&ssl=1 1x, https:\/\/i0.wp.com\/cdn.moldovacrestina.md\/2025\/07\/b60ada38-tvwt8ywsin8.jpg?resize=525%2C300&ssl=1 1.5x, https:\/\/i0.wp.com\/cdn.moldovacrestina.md\/2025\/07\/b60ada38-tvwt8ywsin8.jpg?resize=700%2C400&ssl=1 2x, https:\/\/i0.wp.com\/cdn.moldovacrestina.md\/2025\/07\/b60ada38-tvwt8ywsin8.jpg?resize=1050%2C600&ssl=1 3x"},"classes":[]}],"jetpack_sharing_enabled":true,"_links":{"self":[{"href":"https:\/\/moldovacrestina.md\/en\/wp-json\/wp\/v2\/posts\/56654","targetHints":{"allow":["GET"]}}],"collection":[{"href":"https:\/\/moldovacrestina.md\/en\/wp-json\/wp\/v2\/posts"}],"about":[{"href":"https:\/\/moldovacrestina.md\/en\/wp-json\/wp\/v2\/types\/post"}],"author":[{"embeddable":true,"href":"https:\/\/moldovacrestina.md\/en\/wp-json\/wp\/v2\/users\/46"}],"replies":[{"embeddable":true,"href":"https:\/\/moldovacrestina.md\/en\/wp-json\/wp\/v2\/comments?post=56654"}],"version-history":[{"count":0,"href":"https:\/\/moldovacrestina.md\/en\/wp-json\/wp\/v2\/posts\/56654\/revisions"}],"wp:featuredmedia":[{"embeddable":true,"href":"https:\/\/moldovacrestina.md\/en\/wp-json\/wp\/v2\/media\/92972"}],"wp:attachment":[{"href":"https:\/\/moldovacrestina.md\/en\/wp-json\/wp\/v2\/media?parent=56654"}],"wp:term":[{"taxonomy":"category","embeddable":true,"href":"https:\/\/moldovacrestina.md\/en\/wp-json\/wp\/v2\/categories?post=56654"},{"taxonomy":"post_tag","embeddable":true,"href":"https:\/\/moldovacrestina.md\/en\/wp-json\/wp\/v2\/tags?post=56654"}],"curies":[{"name":"wp","href":"https:\/\/api.w.org\/{rel}","templated":true}]}}